{"id":9515,"date":"2026-03-17T06:46:05","date_gmt":"2026-03-17T11:46:05","guid":{"rendered":"https:\/\/ardigitalnoticias.com\/?p=9515"},"modified":"2026-03-17T06:46:07","modified_gmt":"2026-03-17T11:46:07","slug":"avanza-la-modernizacion-del-alumbrado-publico-en-garzon","status":"publish","type":"post","link":"https:\/\/ardigitalnoticias.com\/index.php\/2026\/03\/17\/avanza-la-modernizacion-del-alumbrado-publico-en-garzon\/","title":{"rendered":"AVANZA LA MODERNIZACI\u00d3N DEL ALUMBRADO P\u00daBLICO EN GARZ\u00d3N"},"content":{"rendered":"\n<p>La empresa Empugar E.S.P. contin\u00faa con el proceso de socializaci\u00f3n y entrega de la modernizaci\u00f3n del alumbrado p\u00fablico en Garz\u00f3n, un proyecto que busca mejorar la iluminaci\u00f3n en diferentes sectores del municipio.<\/p>\n\n\n\n<p><strong>POR: ANDR\u00c9S RODR\u00cdGUEZ. <\/strong><\/p>\n\n\n<div class=\"wp-block-image\">\n<figure class=\"aligncenter size-large\"><img loading=\"lazy\" decoding=\"async\" width=\"1024\" height=\"683\" src=\"https:\/\/ardigitalnoticias.com\/wp-content\/uploads\/2026\/03\/IMG-20260316-WA1399-1024x683.jpg\" alt=\"\" class=\"wp-image-9525\" srcset=\"https:\/\/ardigitalnoticias.com\/wp-content\/uploads\/2026\/03\/IMG-20260316-WA1399-1024x683.jpg 1024w, https:\/\/ardigitalnoticias.com\/wp-content\/uploads\/2026\/03\/IMG-20260316-WA1399-600x400.jpg 600w, https:\/\/ardigitalnoticias.com\/wp-content\/uploads\/2026\/03\/IMG-20260316-WA1399-300x200.jpg 300w, https:\/\/ardigitalnoticias.com\/wp-content\/uploads\/2026\/03\/IMG-20260316-WA1399-768x512.jpg 768w, https:\/\/ardigitalnoticias.com\/wp-content\/uploads\/2026\/03\/IMG-20260316-WA1399-630x420.jpg 630w, https:\/\/ardigitalnoticias.com\/wp-content\/uploads\/2026\/03\/IMG-20260316-WA1399-150x100.jpg 150w, https:\/\/ardigitalnoticias.com\/wp-content\/uploads\/2026\/03\/IMG-20260316-WA1399-696x464.jpg 696w, https:\/\/ardigitalnoticias.com\/wp-content\/uploads\/2026\/03\/IMG-20260316-WA1399-1068x712.jpg 1068w, https:\/\/ardigitalnoticias.com\/wp-content\/uploads\/2026\/03\/IMG-20260316-WA1399.jpg 1500w\" sizes=\"auto, (max-width: 1024px) 100vw, 1024px\" \/><\/figure>\n<\/div>\n\n\n<p>En esta nueva etapa, las labores se desarrollan en barrios y sectores como Rodrigo Lara, Santa Teresa, Juan Pablo II, Agust\u00edn Sierra, Limonar, San Vicente, El Rosario, Las Am\u00e9ricas, Las Vegas, Fundadores, 5 de Noviembre, Villa Garz\u00f3n y zonas aleda\u00f1as.<\/p>\n\n\n\n<figure class=\"wp-block-gallery has-nested-images columns-default is-cropped wp-block-gallery-1 is-layout-flex wp-block-gallery-is-layout-flex\">\n<figure class=\"wp-block-image size-large\"><img loading=\"lazy\" decoding=\"async\" width=\"1024\" height=\"683\" data-id=\"9526\" src=\"https:\/\/ardigitalnoticias.com\/wp-content\/uploads\/2026\/03\/IMG-20260316-WA1398-1024x683.jpg\" alt=\"\" class=\"wp-image-9526\" srcset=\"https:\/\/ardigitalnoticias.com\/wp-content\/uploads\/2026\/03\/IMG-20260316-WA1398-1024x683.jpg 1024w, https:\/\/ardigitalnoticias.com\/wp-content\/uploads\/2026\/03\/IMG-20260316-WA1398-600x400.jpg 600w, https:\/\/ardigitalnoticias.com\/wp-content\/uploads\/2026\/03\/IMG-20260316-WA1398-300x200.jpg 300w, https:\/\/ardigitalnoticias.com\/wp-content\/uploads\/2026\/03\/IMG-20260316-WA1398-768x512.jpg 768w, https:\/\/ardigitalnoticias.com\/wp-content\/uploads\/2026\/03\/IMG-20260316-WA1398-630x420.jpg 630w, https:\/\/ardigitalnoticias.com\/wp-content\/uploads\/2026\/03\/IMG-20260316-WA1398-150x100.jpg 150w, https:\/\/ardigitalnoticias.com\/wp-content\/uploads\/2026\/03\/IMG-20260316-WA1398-696x464.jpg 696w, https:\/\/ardigitalnoticias.com\/wp-content\/uploads\/2026\/03\/IMG-20260316-WA1398-1068x712.jpg 1068w, https:\/\/ardigitalnoticias.com\/wp-content\/uploads\/2026\/03\/IMG-20260316-WA1398.jpg 1500w\" sizes=\"auto, (max-width: 1024px) 100vw, 1024px\" \/><\/figure>\n\n\n\n<figure class=\"wp-block-image size-large\"><img loading=\"lazy\" decoding=\"async\" width=\"683\" height=\"1024\" data-id=\"9528\" src=\"https:\/\/ardigitalnoticias.com\/wp-content\/uploads\/2026\/03\/IMG-20260316-WA1396-683x1024.jpg\" alt=\"\" class=\"wp-image-9528\" srcset=\"https:\/\/ardigitalnoticias.com\/wp-content\/uploads\/2026\/03\/IMG-20260316-WA1396-683x1024.jpg 683w, https:\/\/ardigitalnoticias.com\/wp-content\/uploads\/2026\/03\/IMG-20260316-WA1396-400x600.jpg 400w, https:\/\/ardigitalnoticias.com\/wp-content\/uploads\/2026\/03\/IMG-20260316-WA1396-200x300.jpg 200w, https:\/\/ardigitalnoticias.com\/wp-content\/uploads\/2026\/03\/IMG-20260316-WA1396-768x1152.jpg 768w, https:\/\/ardigitalnoticias.com\/wp-content\/uploads\/2026\/03\/IMG-20260316-WA1396-280x420.jpg 280w, https:\/\/ardigitalnoticias.com\/wp-content\/uploads\/2026\/03\/IMG-20260316-WA1396-150x225.jpg 150w, https:\/\/ardigitalnoticias.com\/wp-content\/uploads\/2026\/03\/IMG-20260316-WA1396-300x450.jpg 300w, https:\/\/ardigitalnoticias.com\/wp-content\/uploads\/2026\/03\/IMG-20260316-WA1396-696x1044.jpg 696w, https:\/\/ardigitalnoticias.com\/wp-content\/uploads\/2026\/03\/IMG-20260316-WA1396.jpg 1000w\" sizes=\"auto, (max-width: 683px) 100vw, 683px\" \/><\/figure>\n\n\n\n<figure class=\"wp-block-image size-large\"><img loading=\"lazy\" decoding=\"async\" width=\"1024\" height=\"683\" data-id=\"9527\" src=\"https:\/\/ardigitalnoticias.com\/wp-content\/uploads\/2026\/03\/IMG-20260316-WA1397-1024x683.jpg\" alt=\"\" class=\"wp-image-9527\" srcset=\"https:\/\/ardigitalnoticias.com\/wp-content\/uploads\/2026\/03\/IMG-20260316-WA1397-1024x683.jpg 1024w, https:\/\/ardigitalnoticias.com\/wp-content\/uploads\/2026\/03\/IMG-20260316-WA1397-600x400.jpg 600w, https:\/\/ardigitalnoticias.com\/wp-content\/uploads\/2026\/03\/IMG-20260316-WA1397-300x200.jpg 300w, https:\/\/ardigitalnoticias.com\/wp-content\/uploads\/2026\/03\/IMG-20260316-WA1397-768x512.jpg 768w, https:\/\/ardigitalnoticias.com\/wp-content\/uploads\/2026\/03\/IMG-20260316-WA1397-630x420.jpg 630w, https:\/\/ardigitalnoticias.com\/wp-content\/uploads\/2026\/03\/IMG-20260316-WA1397-150x100.jpg 150w, https:\/\/ardigitalnoticias.com\/wp-content\/uploads\/2026\/03\/IMG-20260316-WA1397-696x464.jpg 696w, https:\/\/ardigitalnoticias.com\/wp-content\/uploads\/2026\/03\/IMG-20260316-WA1397-1068x712.jpg 1068w, https:\/\/ardigitalnoticias.com\/wp-content\/uploads\/2026\/03\/IMG-20260316-WA1397.jpg 1500w\" sizes=\"auto, (max-width: 1024px) 100vw, 1024px\" \/><\/figure>\n<\/figure>\n\n\n\n<p>El proyecto tiene como objetivo lograr la iluminaci\u00f3n del 100 % del alumbrado p\u00fablico en Garz\u00f3n, lo que contempla el cambio de luminarias tradicionales a tecnolog\u00eda LED, adem\u00e1s de la instalaci\u00f3n de nuevos puntos de luz para mejorar la visibilidad y seguridad en los espacios p\u00fablicos.<\/p>\n\n\n\n<figure class=\"wp-block-gallery has-nested-images columns-default is-cropped wp-block-gallery-2 is-layout-flex wp-block-gallery-is-layout-flex\">\n<figure class=\"wp-block-image size-large\"><img loading=\"lazy\" decoding=\"async\" width=\"1024\" height=\"683\" data-id=\"9520\" src=\"https:\/\/ardigitalnoticias.com\/wp-content\/uploads\/2026\/03\/IMG-20260316-WA1403-1024x683.jpg\" alt=\"\" class=\"wp-image-9520\" srcset=\"https:\/\/ardigitalnoticias.com\/wp-content\/uploads\/2026\/03\/IMG-20260316-WA1403-1024x683.jpg 1024w, https:\/\/ardigitalnoticias.com\/wp-content\/uploads\/2026\/03\/IMG-20260316-WA1403-600x400.jpg 600w, https:\/\/ardigitalnoticias.com\/wp-content\/uploads\/2026\/03\/IMG-20260316-WA1403-300x200.jpg 300w, https:\/\/ardigitalnoticias.com\/wp-content\/uploads\/2026\/03\/IMG-20260316-WA1403-768x512.jpg 768w, https:\/\/ardigitalnoticias.com\/wp-content\/uploads\/2026\/03\/IMG-20260316-WA1403-630x420.jpg 630w, https:\/\/ardigitalnoticias.com\/wp-content\/uploads\/2026\/03\/IMG-20260316-WA1403-150x100.jpg 150w, https:\/\/ardigitalnoticias.com\/wp-content\/uploads\/2026\/03\/IMG-20260316-WA1403-696x464.jpg 696w, https:\/\/ardigitalnoticias.com\/wp-content\/uploads\/2026\/03\/IMG-20260316-WA1403-1068x712.jpg 1068w, https:\/\/ardigitalnoticias.com\/wp-content\/uploads\/2026\/03\/IMG-20260316-WA1403.jpg 1500w\" sizes=\"auto, (max-width: 1024px) 100vw, 1024px\" \/><\/figure>\n\n\n\n<figure class=\"wp-block-image size-large\"><img loading=\"lazy\" decoding=\"async\" width=\"1024\" height=\"683\" data-id=\"9521\" src=\"https:\/\/ardigitalnoticias.com\/wp-content\/uploads\/2026\/03\/IMG-20260316-WA1402-1024x683.jpg\" alt=\"\" class=\"wp-image-9521\" srcset=\"https:\/\/ardigitalnoticias.com\/wp-content\/uploads\/2026\/03\/IMG-20260316-WA1402-1024x683.jpg 1024w, https:\/\/ardigitalnoticias.com\/wp-content\/uploads\/2026\/03\/IMG-20260316-WA1402-600x400.jpg 600w, https:\/\/ardigitalnoticias.com\/wp-content\/uploads\/2026\/03\/IMG-20260316-WA1402-300x200.jpg 300w, https:\/\/ardigitalnoticias.com\/wp-content\/uploads\/2026\/03\/IMG-20260316-WA1402-768x512.jpg 768w, https:\/\/ardigitalnoticias.com\/wp-content\/uploads\/2026\/03\/IMG-20260316-WA1402-630x420.jpg 630w, https:\/\/ardigitalnoticias.com\/wp-content\/uploads\/2026\/03\/IMG-20260316-WA1402-150x100.jpg 150w, https:\/\/ardigitalnoticias.com\/wp-content\/uploads\/2026\/03\/IMG-20260316-WA1402-696x464.jpg 696w, https:\/\/ardigitalnoticias.com\/wp-content\/uploads\/2026\/03\/IMG-20260316-WA1402-1068x712.jpg 1068w, https:\/\/ardigitalnoticias.com\/wp-content\/uploads\/2026\/03\/IMG-20260316-WA1402.jpg 1500w\" sizes=\"auto, (max-width: 1024px) 100vw, 1024px\" \/><\/figure>\n\n\n\n<figure class=\"wp-block-image size-large\"><img loading=\"lazy\" decoding=\"async\" width=\"1024\" height=\"683\" data-id=\"9519\" src=\"https:\/\/ardigitalnoticias.com\/wp-content\/uploads\/2026\/03\/IMG-20260316-WA1404-1024x683.jpg\" alt=\"\" class=\"wp-image-9519\" srcset=\"https:\/\/ardigitalnoticias.com\/wp-content\/uploads\/2026\/03\/IMG-20260316-WA1404-1024x683.jpg 1024w, https:\/\/ardigitalnoticias.com\/wp-content\/uploads\/2026\/03\/IMG-20260316-WA1404-600x400.jpg 600w, https:\/\/ardigitalnoticias.com\/wp-content\/uploads\/2026\/03\/IMG-20260316-WA1404-300x200.jpg 300w, https:\/\/ardigitalnoticias.com\/wp-content\/uploads\/2026\/03\/IMG-20260316-WA1404-768x512.jpg 768w, https:\/\/ardigitalnoticias.com\/wp-content\/uploads\/2026\/03\/IMG-20260316-WA1404-630x420.jpg 630w, https:\/\/ardigitalnoticias.com\/wp-content\/uploads\/2026\/03\/IMG-20260316-WA1404-150x100.jpg 150w, https:\/\/ardigitalnoticias.com\/wp-content\/uploads\/2026\/03\/IMG-20260316-WA1404-696x464.jpg 696w, https:\/\/ardigitalnoticias.com\/wp-content\/uploads\/2026\/03\/IMG-20260316-WA1404-1068x712.jpg 1068w, https:\/\/ardigitalnoticias.com\/wp-content\/uploads\/2026\/03\/IMG-20260316-WA1404.jpg 1500w\" sizes=\"auto, (max-width: 1024px) 100vw, 1024px\" \/><\/figure>\n<\/figure>\n\n\n\n<p>Empugar E.S.P. avanza con estos trabajos en sectores comprendidos entre la calle 11 y la transversal 21. Seg\u00fan indic\u00f3 el alcalde de Garz\u00f3n, Francisco Calder\u00f3n Feriz, el proceso se est\u00e1 ejecutando a gran velocidad.\u201cHemos instalado en un t\u00e9rmino de 18 d\u00edas 550 luminarias que anteriormente se instalaban en un a\u00f1o\u201d, manifest\u00f3 el mandatario.<\/p>\n\n\n\n<figure class=\"wp-block-audio aligncenter\"><audio controls src=\"https:\/\/ardigitalnoticias.com\/wp-content\/uploads\/2026\/03\/alcalde_1_1_1.wav\"><\/audio><\/figure>\n\n\n\n<p>Las obras avanzan en tiempo r\u00e9cord con el prop\u00f3sito de garantizar una mejor iluminaci\u00f3n para la comunidad. Por su parte, Yuly Paola Gonz\u00e1lez Elizalde, gerente de Empugar, asegur\u00f3 que el compromiso es completar el proceso en los pr\u00f3ximos meses.<\/p>\n\n\n\n<figure class=\"wp-block-audio\"><audio controls src=\"https:\/\/ardigitalnoticias.com\/wp-content\/uploads\/2026\/03\/gerente-1_1.wav\"><\/audio><\/figure>\n\n\n\n<p>\u201cEstamos en esa fase donde ya estamos haciendo las instalaciones, no solo en la parte urbana sino tambi\u00e9n rural. Decirles que Empugar tiene el compromiso de que al finalizar mayo est\u00e9 un 100 % modernizado el sistema de alumbrado p\u00fablico\u201d, afirm\u00f3.<\/p>\n\n\n\n<figure class=\"wp-block-gallery has-nested-images columns-default is-cropped wp-block-gallery-3 is-layout-flex wp-block-gallery-is-layout-flex\">\n<figure class=\"wp-block-image size-large\"><img loading=\"lazy\" decoding=\"async\" width=\"1024\" height=\"683\" data-id=\"9517\" src=\"https:\/\/ardigitalnoticias.com\/wp-content\/uploads\/2026\/03\/IMG-20260316-WA1406-1024x683.jpg\" alt=\"\" class=\"wp-image-9517\" srcset=\"https:\/\/ardigitalnoticias.com\/wp-content\/uploads\/2026\/03\/IMG-20260316-WA1406-1024x683.jpg 1024w, https:\/\/ardigitalnoticias.com\/wp-content\/uploads\/2026\/03\/IMG-20260316-WA1406-600x400.jpg 600w, https:\/\/ardigitalnoticias.com\/wp-content\/uploads\/2026\/03\/IMG-20260316-WA1406-300x200.jpg 300w, https:\/\/ardigitalnoticias.com\/wp-content\/uploads\/2026\/03\/IMG-20260316-WA1406-768x512.jpg 768w, https:\/\/ardigitalnoticias.com\/wp-content\/uploads\/2026\/03\/IMG-20260316-WA1406-630x420.jpg 630w, https:\/\/ardigitalnoticias.com\/wp-content\/uploads\/2026\/03\/IMG-20260316-WA1406-150x100.jpg 150w, https:\/\/ardigitalnoticias.com\/wp-content\/uploads\/2026\/03\/IMG-20260316-WA1406-696x464.jpg 696w, https:\/\/ardigitalnoticias.com\/wp-content\/uploads\/2026\/03\/IMG-20260316-WA1406-1068x712.jpg 1068w, https:\/\/ardigitalnoticias.com\/wp-content\/uploads\/2026\/03\/IMG-20260316-WA1406.jpg 1500w\" sizes=\"auto, (max-width: 1024px) 100vw, 1024px\" \/><\/figure>\n\n\n\n<figure class=\"wp-block-image size-large\"><img loading=\"lazy\" decoding=\"async\" width=\"1024\" height=\"683\" data-id=\"9520\" src=\"https:\/\/ardigitalnoticias.com\/wp-content\/uploads\/2026\/03\/IMG-20260316-WA1403-1024x683.jpg\" alt=\"\" class=\"wp-image-9520\" srcset=\"https:\/\/ardigitalnoticias.com\/wp-content\/uploads\/2026\/03\/IMG-20260316-WA1403-1024x683.jpg 1024w, https:\/\/ardigitalnoticias.com\/wp-content\/uploads\/2026\/03\/IMG-20260316-WA1403-600x400.jpg 600w, https:\/\/ardigitalnoticias.com\/wp-content\/uploads\/2026\/03\/IMG-20260316-WA1403-300x200.jpg 300w, https:\/\/ardigitalnoticias.com\/wp-content\/uploads\/2026\/03\/IMG-20260316-WA1403-768x512.jpg 768w, https:\/\/ardigitalnoticias.com\/wp-content\/uploads\/2026\/03\/IMG-20260316-WA1403-630x420.jpg 630w, https:\/\/ardigitalnoticias.com\/wp-content\/uploads\/2026\/03\/IMG-20260316-WA1403-150x100.jpg 150w, https:\/\/ardigitalnoticias.com\/wp-content\/uploads\/2026\/03\/IMG-20260316-WA1403-696x464.jpg 696w, https:\/\/ardigitalnoticias.com\/wp-content\/uploads\/2026\/03\/IMG-20260316-WA1403-1068x712.jpg 1068w, https:\/\/ardigitalnoticias.com\/wp-content\/uploads\/2026\/03\/IMG-20260316-WA1403.jpg 1500w\" sizes=\"auto, (max-width: 1024px) 100vw, 1024px\" \/><\/figure>\n\n\n\n<figure class=\"wp-block-image size-large\"><img loading=\"lazy\" decoding=\"async\" width=\"1024\" height=\"683\" data-id=\"9523\" src=\"https:\/\/ardigitalnoticias.com\/wp-content\/uploads\/2026\/03\/IMG-20260316-WA1401-1024x683.jpg\" alt=\"\" class=\"wp-image-9523\" srcset=\"https:\/\/ardigitalnoticias.com\/wp-content\/uploads\/2026\/03\/IMG-20260316-WA1401-1024x683.jpg 1024w, https:\/\/ardigitalnoticias.com\/wp-content\/uploads\/2026\/03\/IMG-20260316-WA1401-600x400.jpg 600w, https:\/\/ardigitalnoticias.com\/wp-content\/uploads\/2026\/03\/IMG-20260316-WA1401-300x200.jpg 300w, https:\/\/ardigitalnoticias.com\/wp-content\/uploads\/2026\/03\/IMG-20260316-WA1401-768x512.jpg 768w, https:\/\/ardigitalnoticias.com\/wp-content\/uploads\/2026\/03\/IMG-20260316-WA1401-630x420.jpg 630w, https:\/\/ardigitalnoticias.com\/wp-content\/uploads\/2026\/03\/IMG-20260316-WA1401-150x100.jpg 150w, https:\/\/ardigitalnoticias.com\/wp-content\/uploads\/2026\/03\/IMG-20260316-WA1401-696x464.jpg 696w, https:\/\/ardigitalnoticias.com\/wp-content\/uploads\/2026\/03\/IMG-20260316-WA1401-1068x712.jpg 1068w, https:\/\/ardigitalnoticias.com\/wp-content\/uploads\/2026\/03\/IMG-20260316-WA1401.jpg 1500w\" sizes=\"auto, (max-width: 1024px) 100vw, 1024px\" \/><\/figure>\n<\/figure>\n","protected":false},"excerpt":{"rendered":"<p>La empresa Empugar E.S.P. contin\u00faa con el proceso de socializaci\u00f3n y entrega de la modernizaci\u00f3n del alumbrado p\u00fablico en Garz\u00f3n, un proyecto que busca mejorar la iluminaci\u00f3n en diferentes sectores del municipio. POR: ANDR\u00c9S RODR\u00cdGUEZ. En esta nueva etapa, las labores se desarrollan en barrios y sectores como Rodrigo Lara, Santa Teresa, Juan Pablo II, [&hellip;]<\/p>\n","protected":false},"author":2,"featured_media":9516,"comment_status":"open","ping_status":"open","sticky":false,"template":"","format":"standard","meta":{"_acf_changed":false,"_joinchat":[],"footnotes":""},"categories":[1,25,21,19],"tags":[],"class_list":{"0":"post-9515","1":"post","2":"type-post","3":"status-publish","4":"format-standard","5":"has-post-thumbnail","7":"category-actualidad","8":"category-centro","9":"category-locales","10":"category-regional"},"acf":[],"yoast_head":"<!-- This site is optimized with the Yoast SEO plugin v27.5 - https:\/\/yoast.com\/product\/yoast-seo-wordpress\/ -->\n<title>AVANZA LA MODERNIZACI\u00d3N DEL ALUMBRADO P\u00daBLICO EN GARZ\u00d3N - AR Digital Noticias<\/title>\n<meta name=\"robots\" content=\"index, follow, max-snippet:-1, max-image-preview:large, max-video-preview:-1\" \/>\n<link rel=\"canonical\" href=\"https:\/\/ardigitalnoticias.com\/index.php\/2026\/03\/17\/avanza-la-modernizacion-del-alumbrado-publico-en-garzon\/\" \/>\n<meta property=\"og:locale\" content=\"es_ES\" \/>\n<meta property=\"og:type\" content=\"article\" \/>\n<meta property=\"og:title\" content=\"AVANZA LA MODERNIZACI\u00d3N DEL ALUMBRADO P\u00daBLICO EN GARZ\u00d3N - AR Digital Noticias\" \/>\n<meta property=\"og:description\" content=\"La empresa Empugar E.S.P. contin\u00faa con el proceso de socializaci\u00f3n y entrega de la modernizaci\u00f3n del alumbrado p\u00fablico en Garz\u00f3n, un proyecto que busca mejorar la iluminaci\u00f3n en diferentes sectores del municipio. POR: ANDR\u00c9S RODR\u00cdGUEZ. En esta nueva etapa, las labores se desarrollan en barrios y sectores como Rodrigo Lara, Santa Teresa, Juan Pablo II, [&hellip;]\" \/>\n<meta property=\"og:url\" content=\"https:\/\/ardigitalnoticias.com\/index.php\/2026\/03\/17\/avanza-la-modernizacion-del-alumbrado-publico-en-garzon\/\" \/>\n<meta property=\"og:site_name\" content=\"AR Digital Noticias\" \/>\n<meta property=\"article:published_time\" content=\"2026-03-17T11:46:05+00:00\" \/>\n<meta property=\"article:modified_time\" content=\"2026-03-17T11:46:07+00:00\" \/>\n<meta property=\"og:image\" content=\"https:\/\/ardigitalnoticias.com\/wp-content\/uploads\/2026\/03\/Photo_1773745836302.png\" \/>\n\t<meta property=\"og:image:width\" content=\"1366\" \/>\n\t<meta property=\"og:image:height\" content=\"768\" \/>\n\t<meta property=\"og:image:type\" content=\"image\/png\" \/>\n<meta name=\"author\" content=\"AR Digital Noticias\" \/>\n<meta name=\"twitter:card\" content=\"summary_large_image\" \/>\n<meta name=\"twitter:label1\" content=\"Escrito por\" \/>\n\t<meta name=\"twitter:data1\" content=\"AR Digital Noticias\" \/>\n\t<meta name=\"twitter:label2\" content=\"Tiempo de lectura\" \/>\n\t<meta name=\"twitter:data2\" content=\"4 minutos\" \/>\n<script type=\"application\/ld+json\" class=\"yoast-schema-graph\">{\"@context\":\"https:\\\/\\\/schema.org\",\"@graph\":[{\"@type\":\"Article\",\"@id\":\"https:\\\/\\\/ardigitalnoticias.com\\\/index.php\\\/2026\\\/03\\\/17\\\/avanza-la-modernizacion-del-alumbrado-publico-en-garzon\\\/#article\",\"isPartOf\":{\"@id\":\"https:\\\/\\\/ardigitalnoticias.com\\\/index.php\\\/2026\\\/03\\\/17\\\/avanza-la-modernizacion-del-alumbrado-publico-en-garzon\\\/\"},\"author\":{\"name\":\"AR Digital Noticias\",\"@id\":\"https:\\\/\\\/ardigitalnoticias.com\\\/#\\\/schema\\\/person\\\/3f1b0a96e890d8cba89a76c7558a147c\"},\"headline\":\"AVANZA LA MODERNIZACI\u00d3N DEL ALUMBRADO P\u00daBLICO EN GARZ\u00d3N\",\"datePublished\":\"2026-03-17T11:46:05+00:00\",\"dateModified\":\"2026-03-17T11:46:07+00:00\",\"mainEntityOfPage\":{\"@id\":\"https:\\\/\\\/ardigitalnoticias.com\\\/index.php\\\/2026\\\/03\\\/17\\\/avanza-la-modernizacion-del-alumbrado-publico-en-garzon\\\/\"},\"wordCount\":293,\"commentCount\":0,\"publisher\":{\"@id\":\"https:\\\/\\\/ardigitalnoticias.com\\\/#organization\"},\"image\":{\"@id\":\"https:\\\/\\\/ardigitalnoticias.com\\\/index.php\\\/2026\\\/03\\\/17\\\/avanza-la-modernizacion-del-alumbrado-publico-en-garzon\\\/#primaryimage\"},\"thumbnailUrl\":\"https:\\\/\\\/ardigitalnoticias.com\\\/wp-content\\\/uploads\\\/2026\\\/03\\\/Photo_1773745836302.png\",\"articleSection\":[\"Actualidad\",\"Centro\",\"Garz\u00f3n\",\"Regional\"],\"inLanguage\":\"es\",\"potentialAction\":[{\"@type\":\"CommentAction\",\"name\":\"Comment\",\"target\":[\"https:\\\/\\\/ardigitalnoticias.com\\\/index.php\\\/2026\\\/03\\\/17\\\/avanza-la-modernizacion-del-alumbrado-publico-en-garzon\\\/#respond\"]}]},{\"@type\":\"WebPage\",\"@id\":\"https:\\\/\\\/ardigitalnoticias.com\\\/index.php\\\/2026\\\/03\\\/17\\\/avanza-la-modernizacion-del-alumbrado-publico-en-garzon\\\/\",\"url\":\"https:\\\/\\\/ardigitalnoticias.com\\\/index.php\\\/2026\\\/03\\\/17\\\/avanza-la-modernizacion-del-alumbrado-publico-en-garzon\\\/\",\"name\":\"AVANZA LA MODERNIZACI\u00d3N DEL ALUMBRADO P\u00daBLICO EN GARZ\u00d3N - AR Digital Noticias\",\"isPartOf\":{\"@id\":\"https:\\\/\\\/ardigitalnoticias.com\\\/#website\"},\"primaryImageOfPage\":{\"@id\":\"https:\\\/\\\/ardigitalnoticias.com\\\/index.php\\\/2026\\\/03\\\/17\\\/avanza-la-modernizacion-del-alumbrado-publico-en-garzon\\\/#primaryimage\"},\"image\":{\"@id\":\"https:\\\/\\\/ardigitalnoticias.com\\\/index.php\\\/2026\\\/03\\\/17\\\/avanza-la-modernizacion-del-alumbrado-publico-en-garzon\\\/#primaryimage\"},\"thumbnailUrl\":\"https:\\\/\\\/ardigitalnoticias.com\\\/wp-content\\\/uploads\\\/2026\\\/03\\\/Photo_1773745836302.png\",\"datePublished\":\"2026-03-17T11:46:05+00:00\",\"dateModified\":\"2026-03-17T11:46:07+00:00\",\"breadcrumb\":{\"@id\":\"https:\\\/\\\/ardigitalnoticias.com\\\/index.php\\\/2026\\\/03\\\/17\\\/avanza-la-modernizacion-del-alumbrado-publico-en-garzon\\\/#breadcrumb\"},\"inLanguage\":\"es\",\"potentialAction\":[{\"@type\":\"ReadAction\",\"target\":[\"https:\\\/\\\/ardigitalnoticias.com\\\/index.php\\\/2026\\\/03\\\/17\\\/avanza-la-modernizacion-del-alumbrado-publico-en-garzon\\\/\"]}]},{\"@type\":\"ImageObject\",\"inLanguage\":\"es\",\"@id\":\"https:\\\/\\\/ardigitalnoticias.com\\\/index.php\\\/2026\\\/03\\\/17\\\/avanza-la-modernizacion-del-alumbrado-publico-en-garzon\\\/#primaryimage\",\"url\":\"https:\\\/\\\/ardigitalnoticias.com\\\/wp-content\\\/uploads\\\/2026\\\/03\\\/Photo_1773745836302.png\",\"contentUrl\":\"https:\\\/\\\/ardigitalnoticias.com\\\/wp-content\\\/uploads\\\/2026\\\/03\\\/Photo_1773745836302.png\",\"width\":1366,\"height\":768},{\"@type\":\"BreadcrumbList\",\"@id\":\"https:\\\/\\\/ardigitalnoticias.com\\\/index.php\\\/2026\\\/03\\\/17\\\/avanza-la-modernizacion-del-alumbrado-publico-en-garzon\\\/#breadcrumb\",\"itemListElement\":[{\"@type\":\"ListItem\",\"position\":1,\"name\":\"Portada\",\"item\":\"https:\\\/\\\/ardigitalnoticias.com\\\/\"},{\"@type\":\"ListItem\",\"position\":2,\"name\":\"AVANZA LA MODERNIZACI\u00d3N DEL ALUMBRADO P\u00daBLICO EN GARZ\u00d3N\"}]},{\"@type\":\"WebSite\",\"@id\":\"https:\\\/\\\/ardigitalnoticias.com\\\/#website\",\"url\":\"https:\\\/\\\/ardigitalnoticias.com\\\/\",\"name\":\"AR Digital Noticias\",\"description\":\"\",\"publisher\":{\"@id\":\"https:\\\/\\\/ardigitalnoticias.com\\\/#organization\"},\"potentialAction\":[{\"@type\":\"SearchAction\",\"target\":{\"@type\":\"EntryPoint\",\"urlTemplate\":\"https:\\\/\\\/ardigitalnoticias.com\\\/?s={search_term_string}\"},\"query-input\":{\"@type\":\"PropertyValueSpecification\",\"valueRequired\":true,\"valueName\":\"search_term_string\"}}],\"inLanguage\":\"es\"},{\"@type\":\"Organization\",\"@id\":\"https:\\\/\\\/ardigitalnoticias.com\\\/#organization\",\"name\":\"AR Digital Noticias\",\"url\":\"https:\\\/\\\/ardigitalnoticias.com\\\/\",\"logo\":{\"@type\":\"ImageObject\",\"inLanguage\":\"es\",\"@id\":\"https:\\\/\\\/ardigitalnoticias.com\\\/#\\\/schema\\\/logo\\\/image\\\/\",\"url\":\"https:\\\/\\\/ardigitalnoticias.com\\\/wp-content\\\/uploads\\\/2023\\\/11\\\/cropped-cropped-cropped-cropped-AR-Digital-Noticias-1.png\",\"contentUrl\":\"https:\\\/\\\/ardigitalnoticias.com\\\/wp-content\\\/uploads\\\/2023\\\/11\\\/cropped-cropped-cropped-cropped-AR-Digital-Noticias-1.png\",\"width\":972,\"height\":306,\"caption\":\"AR Digital Noticias\"},\"image\":{\"@id\":\"https:\\\/\\\/ardigitalnoticias.com\\\/#\\\/schema\\\/logo\\\/image\\\/\"}},{\"@type\":\"Person\",\"@id\":\"https:\\\/\\\/ardigitalnoticias.com\\\/#\\\/schema\\\/person\\\/3f1b0a96e890d8cba89a76c7558a147c\",\"name\":\"AR Digital Noticias\",\"image\":{\"@type\":\"ImageObject\",\"inLanguage\":\"es\",\"@id\":\"https:\\\/\\\/secure.gravatar.com\\\/avatar\\\/55d1acd2f9cac74c99f42fcb5090c2f994204a6f6c571cf4c3001ae692cb9b34?s=96&d=mm&r=g\",\"url\":\"https:\\\/\\\/secure.gravatar.com\\\/avatar\\\/55d1acd2f9cac74c99f42fcb5090c2f994204a6f6c571cf4c3001ae692cb9b34?s=96&d=mm&r=g\",\"contentUrl\":\"https:\\\/\\\/secure.gravatar.com\\\/avatar\\\/55d1acd2f9cac74c99f42fcb5090c2f994204a6f6c571cf4c3001ae692cb9b34?s=96&d=mm&r=g\",\"caption\":\"AR Digital Noticias\"},\"sameAs\":[\"http:\\\/\\\/ardigitalnoticias.com\"],\"url\":\"https:\\\/\\\/ardigitalnoticias.com\\\/index.php\\\/author\\\/editorial\\\/\"}]}<\/script>\n<!-- \/ Yoast SEO plugin. -->","yoast_head_json":{"title":"AVANZA LA MODERNIZACI\u00d3N DEL ALUMBRADO P\u00daBLICO EN GARZ\u00d3N - AR Digital Noticias","robots":{"index":"index","follow":"follow","max-snippet":"max-snippet:-1","max-image-preview":"max-image-preview:large","max-video-preview":"max-video-preview:-1"},"canonical":"https:\/\/ardigitalnoticias.com\/index.php\/2026\/03\/17\/avanza-la-modernizacion-del-alumbrado-publico-en-garzon\/","og_locale":"es_ES","og_type":"article","og_title":"AVANZA LA MODERNIZACI\u00d3N DEL ALUMBRADO P\u00daBLICO EN GARZ\u00d3N - AR Digital Noticias","og_description":"La empresa Empugar E.S.P. contin\u00faa con el proceso de socializaci\u00f3n y entrega de la modernizaci\u00f3n del alumbrado p\u00fablico en Garz\u00f3n, un proyecto que busca mejorar la iluminaci\u00f3n en diferentes sectores del municipio. POR: ANDR\u00c9S RODR\u00cdGUEZ. En esta nueva etapa, las labores se desarrollan en barrios y sectores como Rodrigo Lara, Santa Teresa, Juan Pablo II, [&hellip;]","og_url":"https:\/\/ardigitalnoticias.com\/index.php\/2026\/03\/17\/avanza-la-modernizacion-del-alumbrado-publico-en-garzon\/","og_site_name":"AR Digital Noticias","article_published_time":"2026-03-17T11:46:05+00:00","article_modified_time":"2026-03-17T11:46:07+00:00","og_image":[{"width":1366,"height":768,"url":"https:\/\/ardigitalnoticias.com\/wp-content\/uploads\/2026\/03\/Photo_1773745836302.png","type":"image\/png"}],"author":"AR Digital Noticias","twitter_card":"summary_large_image","twitter_misc":{"Escrito por":"AR Digital Noticias","Tiempo de lectura":"4 minutos"},"schema":{"@context":"https:\/\/schema.org","@graph":[{"@type":"Article","@id":"https:\/\/ardigitalnoticias.com\/index.php\/2026\/03\/17\/avanza-la-modernizacion-del-alumbrado-publico-en-garzon\/#article","isPartOf":{"@id":"https:\/\/ardigitalnoticias.com\/index.php\/2026\/03\/17\/avanza-la-modernizacion-del-alumbrado-publico-en-garzon\/"},"author":{"name":"AR Digital Noticias","@id":"https:\/\/ardigitalnoticias.com\/#\/schema\/person\/3f1b0a96e890d8cba89a76c7558a147c"},"headline":"AVANZA LA MODERNIZACI\u00d3N DEL ALUMBRADO P\u00daBLICO EN GARZ\u00d3N","datePublished":"2026-03-17T11:46:05+00:00","dateModified":"2026-03-17T11:46:07+00:00","mainEntityOfPage":{"@id":"https:\/\/ardigitalnoticias.com\/index.php\/2026\/03\/17\/avanza-la-modernizacion-del-alumbrado-publico-en-garzon\/"},"wordCount":293,"commentCount":0,"publisher":{"@id":"https:\/\/ardigitalnoticias.com\/#organization"},"image":{"@id":"https:\/\/ardigitalnoticias.com\/index.php\/2026\/03\/17\/avanza-la-modernizacion-del-alumbrado-publico-en-garzon\/#primaryimage"},"thumbnailUrl":"https:\/\/ardigitalnoticias.com\/wp-content\/uploads\/2026\/03\/Photo_1773745836302.png","articleSection":["Actualidad","Centro","Garz\u00f3n","Regional"],"inLanguage":"es","potentialAction":[{"@type":"CommentAction","name":"Comment","target":["https:\/\/ardigitalnoticias.com\/index.php\/2026\/03\/17\/avanza-la-modernizacion-del-alumbrado-publico-en-garzon\/#respond"]}]},{"@type":"WebPage","@id":"https:\/\/ardigitalnoticias.com\/index.php\/2026\/03\/17\/avanza-la-modernizacion-del-alumbrado-publico-en-garzon\/","url":"https:\/\/ardigitalnoticias.com\/index.php\/2026\/03\/17\/avanza-la-modernizacion-del-alumbrado-publico-en-garzon\/","name":"AVANZA LA MODERNIZACI\u00d3N DEL ALUMBRADO P\u00daBLICO EN GARZ\u00d3N - AR Digital Noticias","isPartOf":{"@id":"https:\/\/ardigitalnoticias.com\/#website"},"primaryImageOfPage":{"@id":"https:\/\/ardigitalnoticias.com\/index.php\/2026\/03\/17\/avanza-la-modernizacion-del-alumbrado-publico-en-garzon\/#primaryimage"},"image":{"@id":"https:\/\/ardigitalnoticias.com\/index.php\/2026\/03\/17\/avanza-la-modernizacion-del-alumbrado-publico-en-garzon\/#primaryimage"},"thumbnailUrl":"https:\/\/ardigitalnoticias.com\/wp-content\/uploads\/2026\/03\/Photo_1773745836302.png","datePublished":"2026-03-17T11:46:05+00:00","dateModified":"2026-03-17T11:46:07+00:00","breadcrumb":{"@id":"https:\/\/ardigitalnoticias.com\/index.php\/2026\/03\/17\/avanza-la-modernizacion-del-alumbrado-publico-en-garzon\/#breadcrumb"},"inLanguage":"es","potentialAction":[{"@type":"ReadAction","target":["https:\/\/ardigitalnoticias.com\/index.php\/2026\/03\/17\/avanza-la-modernizacion-del-alumbrado-publico-en-garzon\/"]}]},{"@type":"ImageObject","inLanguage":"es","@id":"https:\/\/ardigitalnoticias.com\/index.php\/2026\/03\/17\/avanza-la-modernizacion-del-alumbrado-publico-en-garzon\/#primaryimage","url":"https:\/\/ardigitalnoticias.com\/wp-content\/uploads\/2026\/03\/Photo_1773745836302.png","contentUrl":"https:\/\/ardigitalnoticias.com\/wp-content\/uploads\/2026\/03\/Photo_1773745836302.png","width":1366,"height":768},{"@type":"BreadcrumbList","@id":"https:\/\/ardigitalnoticias.com\/index.php\/2026\/03\/17\/avanza-la-modernizacion-del-alumbrado-publico-en-garzon\/#breadcrumb","itemListElement":[{"@type":"ListItem","position":1,"name":"Portada","item":"https:\/\/ardigitalnoticias.com\/"},{"@type":"ListItem","position":2,"name":"AVANZA LA MODERNIZACI\u00d3N DEL ALUMBRADO P\u00daBLICO EN GARZ\u00d3N"}]},{"@type":"WebSite","@id":"https:\/\/ardigitalnoticias.com\/#website","url":"https:\/\/ardigitalnoticias.com\/","name":"AR Digital Noticias","description":"","publisher":{"@id":"https:\/\/ardigitalnoticias.com\/#organization"},"potentialAction":[{"@type":"SearchAction","target":{"@type":"EntryPoint","urlTemplate":"https:\/\/ardigitalnoticias.com\/?s={search_term_string}"},"query-input":{"@type":"PropertyValueSpecification","valueRequired":true,"valueName":"search_term_string"}}],"inLanguage":"es"},{"@type":"Organization","@id":"https:\/\/ardigitalnoticias.com\/#organization","name":"AR Digital Noticias","url":"https:\/\/ardigitalnoticias.com\/","logo":{"@type":"ImageObject","inLanguage":"es","@id":"https:\/\/ardigitalnoticias.com\/#\/schema\/logo\/image\/","url":"https:\/\/ardigitalnoticias.com\/wp-content\/uploads\/2023\/11\/cropped-cropped-cropped-cropped-AR-Digital-Noticias-1.png","contentUrl":"https:\/\/ardigitalnoticias.com\/wp-content\/uploads\/2023\/11\/cropped-cropped-cropped-cropped-AR-Digital-Noticias-1.png","width":972,"height":306,"caption":"AR Digital Noticias"},"image":{"@id":"https:\/\/ardigitalnoticias.com\/#\/schema\/logo\/image\/"}},{"@type":"Person","@id":"https:\/\/ardigitalnoticias.com\/#\/schema\/person\/3f1b0a96e890d8cba89a76c7558a147c","name":"AR Digital Noticias","image":{"@type":"ImageObject","inLanguage":"es","@id":"https:\/\/secure.gravatar.com\/avatar\/55d1acd2f9cac74c99f42fcb5090c2f994204a6f6c571cf4c3001ae692cb9b34?s=96&d=mm&r=g","url":"https:\/\/secure.gravatar.com\/avatar\/55d1acd2f9cac74c99f42fcb5090c2f994204a6f6c571cf4c3001ae692cb9b34?s=96&d=mm&r=g","contentUrl":"https:\/\/secure.gravatar.com\/avatar\/55d1acd2f9cac74c99f42fcb5090c2f994204a6f6c571cf4c3001ae692cb9b34?s=96&d=mm&r=g","caption":"AR Digital Noticias"},"sameAs":["http:\/\/ardigitalnoticias.com"],"url":"https:\/\/ardigitalnoticias.com\/index.php\/author\/editorial\/"}]}},"_links":{"self":[{"href":"https:\/\/ardigitalnoticias.com\/index.php\/wp-json\/wp\/v2\/posts\/9515","targetHints":{"allow":["GET"]}}],"collection":[{"href":"https:\/\/ardigitalnoticias.com\/index.php\/wp-json\/wp\/v2\/posts"}],"about":[{"href":"https:\/\/ardigitalnoticias.com\/index.php\/wp-json\/wp\/v2\/types\/post"}],"author":[{"embeddable":true,"href":"https:\/\/ardigitalnoticias.com\/index.php\/wp-json\/wp\/v2\/users\/2"}],"replies":[{"embeddable":true,"href":"https:\/\/ardigitalnoticias.com\/index.php\/wp-json\/wp\/v2\/comments?post=9515"}],"version-history":[{"count":1,"href":"https:\/\/ardigitalnoticias.com\/index.php\/wp-json\/wp\/v2\/posts\/9515\/revisions"}],"predecessor-version":[{"id":9531,"href":"https:\/\/ardigitalnoticias.com\/index.php\/wp-json\/wp\/v2\/posts\/9515\/revisions\/9531"}],"wp:featuredmedia":[{"embeddable":true,"href":"https:\/\/ardigitalnoticias.com\/index.php\/wp-json\/wp\/v2\/media\/9516"}],"wp:attachment":[{"href":"https:\/\/ardigitalnoticias.com\/index.php\/wp-json\/wp\/v2\/media?parent=9515"}],"wp:term":[{"taxonomy":"category","embeddable":true,"href":"https:\/\/ardigitalnoticias.com\/index.php\/wp-json\/wp\/v2\/categories?post=9515"},{"taxonomy":"post_tag","embeddable":true,"href":"https:\/\/ardigitalnoticias.com\/index.php\/wp-json\/wp\/v2\/tags?post=9515"}],"curies":[{"name":"wp","href":"https:\/\/api.w.org\/{rel}","templated":true}]}}