{"id":9484,"date":"2026-03-03T14:58:20","date_gmt":"2026-03-03T19:58:20","guid":{"rendered":"https:\/\/ardigitalnoticias.com\/?p=9484"},"modified":"2026-03-03T14:58:22","modified_gmt":"2026-03-03T19:58:22","slug":"fallecio-vigilante-que-habia-resultado-herido-en-ataque-en-la-carrera-5-de-neiva","status":"publish","type":"post","link":"https:\/\/ardigitalnoticias.com\/index.php\/2026\/03\/03\/fallecio-vigilante-que-habia-resultado-herido-en-ataque-en-la-carrera-5-de-neiva\/","title":{"rendered":"FALLECI\u00d3 VIGILANTE QUE HAB\u00cdA RESULTADO HERIDO EN ATAQUE EN LA CARRERA 5 DE NEIVA"},"content":{"rendered":"\n<p>Tras varias semanas en estado cr\u00edtico, muri\u00f3 uno de los trabajadores de seguridad que hab\u00eda sido atacado en la zona rosa de Neiva a comienzos de febrero.<\/p>\n\n\n\n<p><strong>POR: ANDR\u00c9S RODR\u00cdGUEZ. <\/strong><\/p>\n\n\n\n<p>Las autoridades mantienen abiertas las investigaciones.<\/p>\n\n\n\n<p>En las \u00faltimas horas se confirm\u00f3 el fallecimiento de Brayan Andr\u00e9s G\u00f3mez Cabrera, de 30 a\u00f1os, uno de los tres vigilantes que fueron agredidos el pasado 8 de febrero en establecimientos nocturnos de la carrera 5 de Neiva.<\/p>\n\n\n\n<p>De acuerdo con la informaci\u00f3n conocida, los trabajadores se encontraban cumpliendo funciones de seguridad cuando fueron atacados por un hombre que se movilizaba en motocicleta. Luego del hecho, los tres fueron trasladados de inmediato a un centro asistencial para recibir atenci\u00f3n m\u00e9dica.<\/p>\n\n\n\n<p>Brayan Andr\u00e9s present\u00f3 una lesi\u00f3n de alta complejidad en el cuello, lo que oblig\u00f3 a su ingreso a la Unidad de Cuidados Intensivos, donde permaneci\u00f3 bajo manejo especializado, con acompa\u00f1amiento del equipo de neurocirug\u00eda.Hacia las 6:00 de la ma\u00f1ana de este martes se confirm\u00f3 su fallecimiento, luego de que no superara un procedimiento m\u00e9dico.<\/p>\n\n\n\n<p>Familiares, amigos y compa\u00f1eros de trabajo han expresado su profundo dolor por la p\u00e9rdida. Entre tanto, las autoridades contin\u00faan adelantando las investigaciones para esclarecer plenamente lo ocurrido y dar con el responsable.<\/p>\n","protected":false},"excerpt":{"rendered":"<p>Tras varias semanas en estado cr\u00edtico, muri\u00f3 uno de los trabajadores de seguridad que hab\u00eda sido atacado en la zona rosa de Neiva a comienzos de febrero. POR: ANDR\u00c9S RODR\u00cdGUEZ. Las autoridades mantienen abiertas las investigaciones. En las \u00faltimas horas se confirm\u00f3 el fallecimiento de Brayan Andr\u00e9s G\u00f3mez Cabrera, de 30 a\u00f1os, uno de los [&hellip;]<\/p>\n","protected":false},"author":2,"featured_media":9485,"comment_status":"open","ping_status":"open","sticky":false,"template":"","format":"standard","meta":{"_acf_changed":false,"_joinchat":[],"footnotes":""},"categories":[1,20,26,19],"tags":[],"class_list":{"0":"post-9484","1":"post","2":"type-post","3":"status-publish","4":"format-standard","5":"has-post-thumbnail","7":"category-actualidad","8":"category-judicial","9":"category-norte","10":"category-regional"},"acf":[],"yoast_head":"<!-- This site is optimized with the Yoast SEO plugin v27.5 - https:\/\/yoast.com\/product\/yoast-seo-wordpress\/ -->\n<title>FALLECI\u00d3 VIGILANTE QUE HAB\u00cdA RESULTADO HERIDO EN ATAQUE EN LA CARRERA 5 DE NEIVA - AR Digital Noticias<\/title>\n<meta name=\"robots\" content=\"index, follow, max-snippet:-1, max-image-preview:large, max-video-preview:-1\" \/>\n<link rel=\"canonical\" href=\"https:\/\/ardigitalnoticias.com\/index.php\/2026\/03\/03\/fallecio-vigilante-que-habia-resultado-herido-en-ataque-en-la-carrera-5-de-neiva\/\" \/>\n<meta property=\"og:locale\" content=\"es_ES\" \/>\n<meta property=\"og:type\" content=\"article\" \/>\n<meta property=\"og:title\" content=\"FALLECI\u00d3 VIGILANTE QUE HAB\u00cdA RESULTADO HERIDO EN ATAQUE EN LA CARRERA 5 DE NEIVA - AR Digital Noticias\" \/>\n<meta property=\"og:description\" content=\"Tras varias semanas en estado cr\u00edtico, muri\u00f3 uno de los trabajadores de seguridad que hab\u00eda sido atacado en la zona rosa de Neiva a comienzos de febrero. POR: ANDR\u00c9S RODR\u00cdGUEZ. Las autoridades mantienen abiertas las investigaciones. En las \u00faltimas horas se confirm\u00f3 el fallecimiento de Brayan Andr\u00e9s G\u00f3mez Cabrera, de 30 a\u00f1os, uno de los [&hellip;]\" \/>\n<meta property=\"og:url\" content=\"https:\/\/ardigitalnoticias.com\/index.php\/2026\/03\/03\/fallecio-vigilante-que-habia-resultado-herido-en-ataque-en-la-carrera-5-de-neiva\/\" \/>\n<meta property=\"og:site_name\" content=\"AR Digital Noticias\" \/>\n<meta property=\"article:published_time\" content=\"2026-03-03T19:58:20+00:00\" \/>\n<meta property=\"article:modified_time\" content=\"2026-03-03T19:58:22+00:00\" \/>\n<meta property=\"og:image\" content=\"https:\/\/ardigitalnoticias.com\/wp-content\/uploads\/2026\/03\/Photo_1772567846311.png\" \/>\n\t<meta property=\"og:image:width\" content=\"1366\" \/>\n\t<meta property=\"og:image:height\" content=\"768\" \/>\n\t<meta property=\"og:image:type\" content=\"image\/png\" \/>\n<meta name=\"author\" content=\"AR Digital Noticias\" \/>\n<meta name=\"twitter:card\" content=\"summary_large_image\" \/>\n<meta name=\"twitter:label1\" content=\"Escrito por\" \/>\n\t<meta name=\"twitter:data1\" content=\"AR Digital Noticias\" \/>\n\t<meta name=\"twitter:label2\" content=\"Tiempo de lectura\" \/>\n\t<meta name=\"twitter:data2\" content=\"2 minutos\" \/>\n<script type=\"application\/ld+json\" class=\"yoast-schema-graph\">{\"@context\":\"https:\\\/\\\/schema.org\",\"@graph\":[{\"@type\":\"Article\",\"@id\":\"https:\\\/\\\/ardigitalnoticias.com\\\/index.php\\\/2026\\\/03\\\/03\\\/fallecio-vigilante-que-habia-resultado-herido-en-ataque-en-la-carrera-5-de-neiva\\\/#article\",\"isPartOf\":{\"@id\":\"https:\\\/\\\/ardigitalnoticias.com\\\/index.php\\\/2026\\\/03\\\/03\\\/fallecio-vigilante-que-habia-resultado-herido-en-ataque-en-la-carrera-5-de-neiva\\\/\"},\"author\":{\"name\":\"AR Digital Noticias\",\"@id\":\"https:\\\/\\\/ardigitalnoticias.com\\\/#\\\/schema\\\/person\\\/3f1b0a96e890d8cba89a76c7558a147c\"},\"headline\":\"FALLECI\u00d3 VIGILANTE QUE HAB\u00cdA RESULTADO HERIDO EN ATAQUE EN LA CARRERA 5 DE NEIVA\",\"datePublished\":\"2026-03-03T19:58:20+00:00\",\"dateModified\":\"2026-03-03T19:58:22+00:00\",\"mainEntityOfPage\":{\"@id\":\"https:\\\/\\\/ardigitalnoticias.com\\\/index.php\\\/2026\\\/03\\\/03\\\/fallecio-vigilante-que-habia-resultado-herido-en-ataque-en-la-carrera-5-de-neiva\\\/\"},\"wordCount\":232,\"commentCount\":0,\"publisher\":{\"@id\":\"https:\\\/\\\/ardigitalnoticias.com\\\/#organization\"},\"image\":{\"@id\":\"https:\\\/\\\/ardigitalnoticias.com\\\/index.php\\\/2026\\\/03\\\/03\\\/fallecio-vigilante-que-habia-resultado-herido-en-ataque-en-la-carrera-5-de-neiva\\\/#primaryimage\"},\"thumbnailUrl\":\"https:\\\/\\\/ardigitalnoticias.com\\\/wp-content\\\/uploads\\\/2026\\\/03\\\/Photo_1772567846311.png\",\"articleSection\":[\"Actualidad\",\"Judicial\",\"Norte\",\"Regional\"],\"inLanguage\":\"es\",\"potentialAction\":[{\"@type\":\"CommentAction\",\"name\":\"Comment\",\"target\":[\"https:\\\/\\\/ardigitalnoticias.com\\\/index.php\\\/2026\\\/03\\\/03\\\/fallecio-vigilante-que-habia-resultado-herido-en-ataque-en-la-carrera-5-de-neiva\\\/#respond\"]}]},{\"@type\":\"WebPage\",\"@id\":\"https:\\\/\\\/ardigitalnoticias.com\\\/index.php\\\/2026\\\/03\\\/03\\\/fallecio-vigilante-que-habia-resultado-herido-en-ataque-en-la-carrera-5-de-neiva\\\/\",\"url\":\"https:\\\/\\\/ardigitalnoticias.com\\\/index.php\\\/2026\\\/03\\\/03\\\/fallecio-vigilante-que-habia-resultado-herido-en-ataque-en-la-carrera-5-de-neiva\\\/\",\"name\":\"FALLECI\u00d3 VIGILANTE QUE HAB\u00cdA RESULTADO HERIDO EN ATAQUE EN LA CARRERA 5 DE NEIVA - AR Digital Noticias\",\"isPartOf\":{\"@id\":\"https:\\\/\\\/ardigitalnoticias.com\\\/#website\"},\"primaryImageOfPage\":{\"@id\":\"https:\\\/\\\/ardigitalnoticias.com\\\/index.php\\\/2026\\\/03\\\/03\\\/fallecio-vigilante-que-habia-resultado-herido-en-ataque-en-la-carrera-5-de-neiva\\\/#primaryimage\"},\"image\":{\"@id\":\"https:\\\/\\\/ardigitalnoticias.com\\\/index.php\\\/2026\\\/03\\\/03\\\/fallecio-vigilante-que-habia-resultado-herido-en-ataque-en-la-carrera-5-de-neiva\\\/#primaryimage\"},\"thumbnailUrl\":\"https:\\\/\\\/ardigitalnoticias.com\\\/wp-content\\\/uploads\\\/2026\\\/03\\\/Photo_1772567846311.png\",\"datePublished\":\"2026-03-03T19:58:20+00:00\",\"dateModified\":\"2026-03-03T19:58:22+00:00\",\"breadcrumb\":{\"@id\":\"https:\\\/\\\/ardigitalnoticias.com\\\/index.php\\\/2026\\\/03\\\/03\\\/fallecio-vigilante-que-habia-resultado-herido-en-ataque-en-la-carrera-5-de-neiva\\\/#breadcrumb\"},\"inLanguage\":\"es\",\"potentialAction\":[{\"@type\":\"ReadAction\",\"target\":[\"https:\\\/\\\/ardigitalnoticias.com\\\/index.php\\\/2026\\\/03\\\/03\\\/fallecio-vigilante-que-habia-resultado-herido-en-ataque-en-la-carrera-5-de-neiva\\\/\"]}]},{\"@type\":\"ImageObject\",\"inLanguage\":\"es\",\"@id\":\"https:\\\/\\\/ardigitalnoticias.com\\\/index.php\\\/2026\\\/03\\\/03\\\/fallecio-vigilante-que-habia-resultado-herido-en-ataque-en-la-carrera-5-de-neiva\\\/#primaryimage\",\"url\":\"https:\\\/\\\/ardigitalnoticias.com\\\/wp-content\\\/uploads\\\/2026\\\/03\\\/Photo_1772567846311.png\",\"contentUrl\":\"https:\\\/\\\/ardigitalnoticias.com\\\/wp-content\\\/uploads\\\/2026\\\/03\\\/Photo_1772567846311.png\",\"width\":1366,\"height\":768},{\"@type\":\"BreadcrumbList\",\"@id\":\"https:\\\/\\\/ardigitalnoticias.com\\\/index.php\\\/2026\\\/03\\\/03\\\/fallecio-vigilante-que-habia-resultado-herido-en-ataque-en-la-carrera-5-de-neiva\\\/#breadcrumb\",\"itemListElement\":[{\"@type\":\"ListItem\",\"position\":1,\"name\":\"Portada\",\"item\":\"https:\\\/\\\/ardigitalnoticias.com\\\/\"},{\"@type\":\"ListItem\",\"position\":2,\"name\":\"FALLECI\u00d3 VIGILANTE QUE HAB\u00cdA RESULTADO HERIDO EN ATAQUE EN LA CARRERA 5 DE NEIVA\"}]},{\"@type\":\"WebSite\",\"@id\":\"https:\\\/\\\/ardigitalnoticias.com\\\/#website\",\"url\":\"https:\\\/\\\/ardigitalnoticias.com\\\/\",\"name\":\"AR Digital Noticias\",\"description\":\"\",\"publisher\":{\"@id\":\"https:\\\/\\\/ardigitalnoticias.com\\\/#organization\"},\"potentialAction\":[{\"@type\":\"SearchAction\",\"target\":{\"@type\":\"EntryPoint\",\"urlTemplate\":\"https:\\\/\\\/ardigitalnoticias.com\\\/?s={search_term_string}\"},\"query-input\":{\"@type\":\"PropertyValueSpecification\",\"valueRequired\":true,\"valueName\":\"search_term_string\"}}],\"inLanguage\":\"es\"},{\"@type\":\"Organization\",\"@id\":\"https:\\\/\\\/ardigitalnoticias.com\\\/#organization\",\"name\":\"AR Digital Noticias\",\"url\":\"https:\\\/\\\/ardigitalnoticias.com\\\/\",\"logo\":{\"@type\":\"ImageObject\",\"inLanguage\":\"es\",\"@id\":\"https:\\\/\\\/ardigitalnoticias.com\\\/#\\\/schema\\\/logo\\\/image\\\/\",\"url\":\"https:\\\/\\\/ardigitalnoticias.com\\\/wp-content\\\/uploads\\\/2023\\\/11\\\/cropped-cropped-cropped-cropped-AR-Digital-Noticias-1.png\",\"contentUrl\":\"https:\\\/\\\/ardigitalnoticias.com\\\/wp-content\\\/uploads\\\/2023\\\/11\\\/cropped-cropped-cropped-cropped-AR-Digital-Noticias-1.png\",\"width\":972,\"height\":306,\"caption\":\"AR Digital Noticias\"},\"image\":{\"@id\":\"https:\\\/\\\/ardigitalnoticias.com\\\/#\\\/schema\\\/logo\\\/image\\\/\"}},{\"@type\":\"Person\",\"@id\":\"https:\\\/\\\/ardigitalnoticias.com\\\/#\\\/schema\\\/person\\\/3f1b0a96e890d8cba89a76c7558a147c\",\"name\":\"AR Digital Noticias\",\"image\":{\"@type\":\"ImageObject\",\"inLanguage\":\"es\",\"@id\":\"https:\\\/\\\/secure.gravatar.com\\\/avatar\\\/55d1acd2f9cac74c99f42fcb5090c2f994204a6f6c571cf4c3001ae692cb9b34?s=96&d=mm&r=g\",\"url\":\"https:\\\/\\\/secure.gravatar.com\\\/avatar\\\/55d1acd2f9cac74c99f42fcb5090c2f994204a6f6c571cf4c3001ae692cb9b34?s=96&d=mm&r=g\",\"contentUrl\":\"https:\\\/\\\/secure.gravatar.com\\\/avatar\\\/55d1acd2f9cac74c99f42fcb5090c2f994204a6f6c571cf4c3001ae692cb9b34?s=96&d=mm&r=g\",\"caption\":\"AR Digital Noticias\"},\"sameAs\":[\"http:\\\/\\\/ardigitalnoticias.com\"],\"url\":\"https:\\\/\\\/ardigitalnoticias.com\\\/index.php\\\/author\\\/editorial\\\/\"}]}<\/script>\n<!-- \/ Yoast SEO plugin. -->","yoast_head_json":{"title":"FALLECI\u00d3 VIGILANTE QUE HAB\u00cdA RESULTADO HERIDO EN ATAQUE EN LA CARRERA 5 DE NEIVA - AR Digital Noticias","robots":{"index":"index","follow":"follow","max-snippet":"max-snippet:-1","max-image-preview":"max-image-preview:large","max-video-preview":"max-video-preview:-1"},"canonical":"https:\/\/ardigitalnoticias.com\/index.php\/2026\/03\/03\/fallecio-vigilante-que-habia-resultado-herido-en-ataque-en-la-carrera-5-de-neiva\/","og_locale":"es_ES","og_type":"article","og_title":"FALLECI\u00d3 VIGILANTE QUE HAB\u00cdA RESULTADO HERIDO EN ATAQUE EN LA CARRERA 5 DE NEIVA - AR Digital Noticias","og_description":"Tras varias semanas en estado cr\u00edtico, muri\u00f3 uno de los trabajadores de seguridad que hab\u00eda sido atacado en la zona rosa de Neiva a comienzos de febrero. POR: ANDR\u00c9S RODR\u00cdGUEZ. Las autoridades mantienen abiertas las investigaciones. En las \u00faltimas horas se confirm\u00f3 el fallecimiento de Brayan Andr\u00e9s G\u00f3mez Cabrera, de 30 a\u00f1os, uno de los [&hellip;]","og_url":"https:\/\/ardigitalnoticias.com\/index.php\/2026\/03\/03\/fallecio-vigilante-que-habia-resultado-herido-en-ataque-en-la-carrera-5-de-neiva\/","og_site_name":"AR Digital Noticias","article_published_time":"2026-03-03T19:58:20+00:00","article_modified_time":"2026-03-03T19:58:22+00:00","og_image":[{"width":1366,"height":768,"url":"https:\/\/ardigitalnoticias.com\/wp-content\/uploads\/2026\/03\/Photo_1772567846311.png","type":"image\/png"}],"author":"AR Digital Noticias","twitter_card":"summary_large_image","twitter_misc":{"Escrito por":"AR Digital Noticias","Tiempo de lectura":"2 minutos"},"schema":{"@context":"https:\/\/schema.org","@graph":[{"@type":"Article","@id":"https:\/\/ardigitalnoticias.com\/index.php\/2026\/03\/03\/fallecio-vigilante-que-habia-resultado-herido-en-ataque-en-la-carrera-5-de-neiva\/#article","isPartOf":{"@id":"https:\/\/ardigitalnoticias.com\/index.php\/2026\/03\/03\/fallecio-vigilante-que-habia-resultado-herido-en-ataque-en-la-carrera-5-de-neiva\/"},"author":{"name":"AR Digital Noticias","@id":"https:\/\/ardigitalnoticias.com\/#\/schema\/person\/3f1b0a96e890d8cba89a76c7558a147c"},"headline":"FALLECI\u00d3 VIGILANTE QUE HAB\u00cdA RESULTADO HERIDO EN ATAQUE EN LA CARRERA 5 DE NEIVA","datePublished":"2026-03-03T19:58:20+00:00","dateModified":"2026-03-03T19:58:22+00:00","mainEntityOfPage":{"@id":"https:\/\/ardigitalnoticias.com\/index.php\/2026\/03\/03\/fallecio-vigilante-que-habia-resultado-herido-en-ataque-en-la-carrera-5-de-neiva\/"},"wordCount":232,"commentCount":0,"publisher":{"@id":"https:\/\/ardigitalnoticias.com\/#organization"},"image":{"@id":"https:\/\/ardigitalnoticias.com\/index.php\/2026\/03\/03\/fallecio-vigilante-que-habia-resultado-herido-en-ataque-en-la-carrera-5-de-neiva\/#primaryimage"},"thumbnailUrl":"https:\/\/ardigitalnoticias.com\/wp-content\/uploads\/2026\/03\/Photo_1772567846311.png","articleSection":["Actualidad","Judicial","Norte","Regional"],"inLanguage":"es","potentialAction":[{"@type":"CommentAction","name":"Comment","target":["https:\/\/ardigitalnoticias.com\/index.php\/2026\/03\/03\/fallecio-vigilante-que-habia-resultado-herido-en-ataque-en-la-carrera-5-de-neiva\/#respond"]}]},{"@type":"WebPage","@id":"https:\/\/ardigitalnoticias.com\/index.php\/2026\/03\/03\/fallecio-vigilante-que-habia-resultado-herido-en-ataque-en-la-carrera-5-de-neiva\/","url":"https:\/\/ardigitalnoticias.com\/index.php\/2026\/03\/03\/fallecio-vigilante-que-habia-resultado-herido-en-ataque-en-la-carrera-5-de-neiva\/","name":"FALLECI\u00d3 VIGILANTE QUE HAB\u00cdA RESULTADO HERIDO EN ATAQUE EN LA CARRERA 5 DE NEIVA - AR Digital Noticias","isPartOf":{"@id":"https:\/\/ardigitalnoticias.com\/#website"},"primaryImageOfPage":{"@id":"https:\/\/ardigitalnoticias.com\/index.php\/2026\/03\/03\/fallecio-vigilante-que-habia-resultado-herido-en-ataque-en-la-carrera-5-de-neiva\/#primaryimage"},"image":{"@id":"https:\/\/ardigitalnoticias.com\/index.php\/2026\/03\/03\/fallecio-vigilante-que-habia-resultado-herido-en-ataque-en-la-carrera-5-de-neiva\/#primaryimage"},"thumbnailUrl":"https:\/\/ardigitalnoticias.com\/wp-content\/uploads\/2026\/03\/Photo_1772567846311.png","datePublished":"2026-03-03T19:58:20+00:00","dateModified":"2026-03-03T19:58:22+00:00","breadcrumb":{"@id":"https:\/\/ardigitalnoticias.com\/index.php\/2026\/03\/03\/fallecio-vigilante-que-habia-resultado-herido-en-ataque-en-la-carrera-5-de-neiva\/#breadcrumb"},"inLanguage":"es","potentialAction":[{"@type":"ReadAction","target":["https:\/\/ardigitalnoticias.com\/index.php\/2026\/03\/03\/fallecio-vigilante-que-habia-resultado-herido-en-ataque-en-la-carrera-5-de-neiva\/"]}]},{"@type":"ImageObject","inLanguage":"es","@id":"https:\/\/ardigitalnoticias.com\/index.php\/2026\/03\/03\/fallecio-vigilante-que-habia-resultado-herido-en-ataque-en-la-carrera-5-de-neiva\/#primaryimage","url":"https:\/\/ardigitalnoticias.com\/wp-content\/uploads\/2026\/03\/Photo_1772567846311.png","contentUrl":"https:\/\/ardigitalnoticias.com\/wp-content\/uploads\/2026\/03\/Photo_1772567846311.png","width":1366,"height":768},{"@type":"BreadcrumbList","@id":"https:\/\/ardigitalnoticias.com\/index.php\/2026\/03\/03\/fallecio-vigilante-que-habia-resultado-herido-en-ataque-en-la-carrera-5-de-neiva\/#breadcrumb","itemListElement":[{"@type":"ListItem","position":1,"name":"Portada","item":"https:\/\/ardigitalnoticias.com\/"},{"@type":"ListItem","position":2,"name":"FALLECI\u00d3 VIGILANTE QUE HAB\u00cdA RESULTADO HERIDO EN ATAQUE EN LA CARRERA 5 DE NEIVA"}]},{"@type":"WebSite","@id":"https:\/\/ardigitalnoticias.com\/#website","url":"https:\/\/ardigitalnoticias.com\/","name":"AR Digital Noticias","description":"","publisher":{"@id":"https:\/\/ardigitalnoticias.com\/#organization"},"potentialAction":[{"@type":"SearchAction","target":{"@type":"EntryPoint","urlTemplate":"https:\/\/ardigitalnoticias.com\/?s={search_term_string}"},"query-input":{"@type":"PropertyValueSpecification","valueRequired":true,"valueName":"search_term_string"}}],"inLanguage":"es"},{"@type":"Organization","@id":"https:\/\/ardigitalnoticias.com\/#organization","name":"AR Digital Noticias","url":"https:\/\/ardigitalnoticias.com\/","logo":{"@type":"ImageObject","inLanguage":"es","@id":"https:\/\/ardigitalnoticias.com\/#\/schema\/logo\/image\/","url":"https:\/\/ardigitalnoticias.com\/wp-content\/uploads\/2023\/11\/cropped-cropped-cropped-cropped-AR-Digital-Noticias-1.png","contentUrl":"https:\/\/ardigitalnoticias.com\/wp-content\/uploads\/2023\/11\/cropped-cropped-cropped-cropped-AR-Digital-Noticias-1.png","width":972,"height":306,"caption":"AR Digital Noticias"},"image":{"@id":"https:\/\/ardigitalnoticias.com\/#\/schema\/logo\/image\/"}},{"@type":"Person","@id":"https:\/\/ardigitalnoticias.com\/#\/schema\/person\/3f1b0a96e890d8cba89a76c7558a147c","name":"AR Digital Noticias","image":{"@type":"ImageObject","inLanguage":"es","@id":"https:\/\/secure.gravatar.com\/avatar\/55d1acd2f9cac74c99f42fcb5090c2f994204a6f6c571cf4c3001ae692cb9b34?s=96&d=mm&r=g","url":"https:\/\/secure.gravatar.com\/avatar\/55d1acd2f9cac74c99f42fcb5090c2f994204a6f6c571cf4c3001ae692cb9b34?s=96&d=mm&r=g","contentUrl":"https:\/\/secure.gravatar.com\/avatar\/55d1acd2f9cac74c99f42fcb5090c2f994204a6f6c571cf4c3001ae692cb9b34?s=96&d=mm&r=g","caption":"AR Digital Noticias"},"sameAs":["http:\/\/ardigitalnoticias.com"],"url":"https:\/\/ardigitalnoticias.com\/index.php\/author\/editorial\/"}]}},"_links":{"self":[{"href":"https:\/\/ardigitalnoticias.com\/index.php\/wp-json\/wp\/v2\/posts\/9484","targetHints":{"allow":["GET"]}}],"collection":[{"href":"https:\/\/ardigitalnoticias.com\/index.php\/wp-json\/wp\/v2\/posts"}],"about":[{"href":"https:\/\/ardigitalnoticias.com\/index.php\/wp-json\/wp\/v2\/types\/post"}],"author":[{"embeddable":true,"href":"https:\/\/ardigitalnoticias.com\/index.php\/wp-json\/wp\/v2\/users\/2"}],"replies":[{"embeddable":true,"href":"https:\/\/ardigitalnoticias.com\/index.php\/wp-json\/wp\/v2\/comments?post=9484"}],"version-history":[{"count":1,"href":"https:\/\/ardigitalnoticias.com\/index.php\/wp-json\/wp\/v2\/posts\/9484\/revisions"}],"predecessor-version":[{"id":9486,"href":"https:\/\/ardigitalnoticias.com\/index.php\/wp-json\/wp\/v2\/posts\/9484\/revisions\/9486"}],"wp:featuredmedia":[{"embeddable":true,"href":"https:\/\/ardigitalnoticias.com\/index.php\/wp-json\/wp\/v2\/media\/9485"}],"wp:attachment":[{"href":"https:\/\/ardigitalnoticias.com\/index.php\/wp-json\/wp\/v2\/media?parent=9484"}],"wp:term":[{"taxonomy":"category","embeddable":true,"href":"https:\/\/ardigitalnoticias.com\/index.php\/wp-json\/wp\/v2\/categories?post=9484"},{"taxonomy":"post_tag","embeddable":true,"href":"https:\/\/ardigitalnoticias.com\/index.php\/wp-json\/wp\/v2\/tags?post=9484"}],"curies":[{"name":"wp","href":"https:\/\/api.w.org\/{rel}","templated":true}]}}