{"id":9183,"date":"2026-01-21T13:47:15","date_gmt":"2026-01-21T18:47:15","guid":{"rendered":"https:\/\/ardigitalnoticias.com\/?p=9183"},"modified":"2026-01-21T14:02:17","modified_gmt":"2026-01-21T19:02:17","slug":"maria-lucia-villalba-no-hay-inhabilidad-si-puede-aspirar-al-senado","status":"publish","type":"post","link":"https:\/\/ardigitalnoticias.com\/index.php\/2026\/01\/21\/maria-lucia-villalba-no-hay-inhabilidad-si-puede-aspirar-al-senado\/","title":{"rendered":"Mar\u00eda Luc\u00eda Villalba: no hay inhabilidad, s\u00ed puede aspirar al Senado"},"content":{"rendered":"\n<p class=\"justificado\">En tiempos de campa\u00f1a, los rumores corren m\u00e1s r\u00e1pido que las normas. Uno de los m\u00e1s repetidos por estos d\u00edas dice, en resumen, lo siguiente: \u201cMar\u00eda Luc\u00eda Villalba no puede aspirar al Senado porque es hija del Gobernador del Huila, Rodrigo Villalba Mosquera; si llega a ser elegida, le quitan la curul por inhabilidad\u201d. Suena contundente, pero jur\u00eddicamente es equivocado.<\/p>\n\n\n\n<p class=\"justificado\">En Colombia, las inhabilidades no se presumen ni se \u201cdeducen\u201d por intuici\u00f3n. Son restricciones estrictas, taxativas, de interpretaci\u00f3n limitada. La regla es clara: cualquier ciudadano puede elegir y ser elegido, salvo que exista una causal expresa y plenamente configurada. En el caso que se comenta, el an\u00e1lisis serio no se resuelve con el parentesco; se resuelve con el punto que casi nunca explican quienes difunden el rumor: la circunscripci\u00f3n electoral y el alcance territorial de la autoridad del familiar.<\/p>\n\n\n\n<p class=\"justificado\">La norma que se invoca es el numeral 5 del art\u00edculo 179 de la Constituci\u00f3n: no podr\u00e1n ser congresistas \u201cquienes tengan v\u00ednculos (\u2026) de parentesco (\u2026) con funcionarios que ejerzan autoridad civil o pol\u00edtica\u201d. Hasta ah\u00ed, muchos se detienen y concluyen: \u201ces hija del gobernador, entonces est\u00e1 inhabilitada\u201d. Sin embargo, el mismo art\u00edculo 179 trae dos incisos finales que son decisivos: primero, que esa inhabilidad \u201cse refiere a situaciones que tengan lugar en la circunscripci\u00f3n en la cual deba efectuarse la respectiva elecci\u00f3n\u201d; segundo, que \u201cla circunscripci\u00f3n nacional coincide con cada una de las territoriales, excepto para la inhabilidad consignada en el numeral 5\u00ba\u201d.<\/p>\n\n\n\n<p class=\"justificado\">Esa \u00faltima frase \u201cexcepto para la inhabilidad del numeral 5\u201d es la que desmonta el rumor cuando se trata de Senado. \u00bfPor qu\u00e9? Porque el Senado se elige en circunscripci\u00f3n nacional. En t\u00e9rminos simples: el tarjet\u00f3n del Senado no es \u201cpor Huila\u201d, es por toda Colombia. En cambio, un gobernador ejerce autoridad pol\u00edtica y civil en el \u00e1mbito departamental, no en todo el territorio nacional. Esa diferencia territorial no es un detalle: es el coraz\u00f3n de la discusi\u00f3n.<\/p>\n\n\n\n<p class=\"justificado\">La interpretaci\u00f3n no es nueva, tampoco es caprichosa. El Consejo de Estado m\u00e1xima autoridad contenciosa en materia electoral ha explicado que, para la inhabilidad del art\u00edculo 179.5 aplicada a senadores, no funciona la \u201ccoincidencia\u201d entre circunscripci\u00f3n nacional y territorial. En una decisi\u00f3n de p\u00e9rdida de investidura, al estudiar el caso de un senador cuyo pariente era gobernador, la corporaci\u00f3n precis\u00f3 que para el numeral 5 \u201cno existe coincidencia entre la circunscripci\u00f3n nacional con las territoriales\u201d, por lo que \u201cno se cumple el requisito de la territorialidad necesario para que se configure la causal\u201d, dado que esa \u201cexpresa excepci\u00f3n constitucional\u201d opera justamente para senadores. En el mismo an\u00e1lisis, la Sala remarca la diferencia entre ser elegido senador (circunscripci\u00f3n nacional) y el cargo de gobernador (autoridad en un \u00e1mbito territorial).<\/p>\n\n\n\n<p class=\"justificado\">Dicho de manera directa, para que una candidatura al Senado quede inhabilitada por el numeral 5, el familiar con autoridad tendr\u00eda que ejercer autoridad civil o pol\u00edtica en el mismo \u00e1mbito de la elecci\u00f3n, es decir, con alcance nacional. Esto no lo digo como opini\u00f3n personal: es exactamente el entendimiento jur\u00eddico reiterado en conceptos oficiales que recogen jurisprudencia y explican el punto en lenguaje did\u00e1ctico. Funci\u00f3n P\u00fablica, al desarrollar el alcance territorial del art\u00edculo 179, se\u00f1ala que, trat\u00e1ndose de aspirantes al Senado, la inhabilidad del numeral 5 solo se configurar\u00eda si el funcionario ejerce autoridad civil o pol\u00edtica \u201cen todo el territorio de la circunscripci\u00f3n nacional\u201d, no en una circunscripci\u00f3n territorial.<\/p>\n\n\n\n<p class=\"justificado\">Con esto se aclara una confusi\u00f3n frecuente: s\u00ed, el parentesco \u201ccabe\u201d dentro de los grados mencionados (padre e hija es parentesco en primer grado de consanguinidad, incluido dentro del \u201chasta tercer grado\u201d que menciona la norma). Pero el parentesco por s\u00ed solo no completa la inhabilidad. Falta un elemento imprescindible: que la autoridad del funcionario se ejerza en la misma circunscripci\u00f3n donde se realiza la elecci\u00f3n. Para C\u00e1mara de Representantes por Huila, el debate ser\u00eda distinto, porque all\u00ed la circunscripci\u00f3n es territorial y la autoridad departamental puede coincidir con esa circunscripci\u00f3n. Para Senado, NO.<\/p>\n\n\n\n<p class=\"justificado\">Ahora bien, algunos replican: \u201cpero el gobernador influye en el Huila, y el Huila tambi\u00e9n vota Senado; entonces s\u00ed hay inhabilidad\u201d. Ese argumento parece l\u00f3gico a simple vista, pero choca contra la decisi\u00f3n del Constituyente: precisamente por ese tipo de razonamientos, el art\u00edculo 179 estableci\u00f3 una regla especial y una excepci\u00f3n expresa para el numeral 5. En otras palabras, la Constituci\u00f3n ya anticip\u00f3 el debate y defini\u00f3 que, para esta causal, no se presume coincidencia entre lo nacional y lo territorial.<\/p>\n\n\n\n<p class=\"justificado\">Tambi\u00e9n se confunde la inhabilidad con un juicio moral sobre \u201cdinast\u00edas\u201d o \u201cclanes\u201d. La discusi\u00f3n \u00e9tica y pol\u00edtica puede existir, claro, pero no es lo mismo que una causal jur\u00eddica de inhabilidad. En derecho electoral, la sanci\u00f3n no se impone por percepciones; se impone cuando concurren todos los elementos que la norma exige, de forma comprobable. Y en el caso del Senado, ese elemento territorial para el numeral 5 no se completa con el hecho de que el gobernador tenga poder departamental.<\/p>\n\n\n\n<p class=\"justificado\">Vamos al punto que m\u00e1s le inquieta a la gente: \u201c\u00bfY si la eligen, puede perder la investidura por ser hija del gobernador?\u201d. La p\u00e9rdida de investidura procede, entre otros motivos, por violaci\u00f3n del r\u00e9gimen de inhabilidades. Eso implica que, si no existe inhabilidad configurada, no hay base para que prospere una demanda por ese concepto. En la decisi\u00f3n del Consejo de Estado que cit\u00e9, el debate se da justamente en sede de p\u00e9rdida de investidura y la Sala explica la estructura de la causal, insistiendo en el requisito territorial para el numeral 5 cuando se trata de senadores.<\/p>\n\n\n\n<p class=\"justificado\">En consecuencia, afirmar que \u201cle van a quitar la curul\u201d por ese solo parentesco es una exageraci\u00f3n sin sustento jur\u00eddico. Podr\u00e1n presentarse demandas en Colombia se demanda casi todo, pero una demanda no es una condena. Lo que decide es el derecho aplicable y la jurisprudencia; en ese est\u00e1ndar, el rumor no se sostiene.<\/p>\n\n\n\n<p class=\"justificado\">Hay una \u00faltima precisi\u00f3n \u00fatil para la conversaci\u00f3n p\u00fablica: que algo \u201cno est\u00e9 prohibido\u201d no significa que sea incuestionable pol\u00edticamente; significa que el debate debe darse donde corresponde. Si a alguien le preocupa la concentraci\u00f3n de poder familiar, el escenario leg\u00edtimo es el voto informado, el escrutinio ciudadano, la veedur\u00eda, la exigencia de transparencia, la discusi\u00f3n sobre reformas. Lo que no es leg\u00edtimo es desinformar a la gente con supuestas inhabilidades que la Constituci\u00f3n, en su propio texto, condiciona de manera clara.<\/p>\n\n\n\n<p class=\"justificado\">Por eso, si usted escucha nuevamente el rumor, aqu\u00ed tiene una respuesta comprensible para cualquier ciudadano: Mar\u00eda Luc\u00eda Villalba no est\u00e1 inhabilitada para aspirar al Senado por el hecho de ser hija del Gobernador del Huila, porque el Senado se elige en circunscripci\u00f3n nacional, el gobernador ejerce autoridad departamental, y para la inhabilidad del art\u00edculo 179.5 la Constituci\u00f3n ordena que no se asimile lo nacional con lo territorial.<\/p>\n\n\n\n<p class=\"justificado\">El llamado, entonces, es simple: discutamos con argumentos, no con cadenas. En democracia, la verdad jur\u00eddica tambi\u00e9n es una forma de protecci\u00f3n ciudadana. Si la conversaci\u00f3n p\u00fablica se construye sobre rumores, perdemos todos; si se construye sobre reglas claras, gana el elector, gana la transparencia, gana el pa\u00eds.<\/p>\n\n\n\n<p>\u2014<\/p>\n\n\n\n<p><strong><em>Por: Mar\u00eda Fernanda Plazas Bravo \u2013 X: @mafeplazasbravo<br><\/em><\/strong><strong><em>Ingeniera en Recursos H\u00eddricos y Gesti\u00f3n Ambiental<br><\/em><\/strong><strong><em>Especialista en Marketing Pol\u00edtico \u2013 Comunicaci\u00f3n de Gobierno<\/em><\/strong><\/p>\n","protected":false},"excerpt":{"rendered":"<p>En tiempos de campa\u00f1a, los rumores corren m\u00e1s r\u00e1pido que las normas. Uno de los m\u00e1s repetidos por estos d\u00edas dice, en resumen, lo siguiente: \u201cMar\u00eda Luc\u00eda Villalba no puede aspirar al Senado porque es hija del Gobernador del Huila, Rodrigo Villalba Mosquera; si llega a ser elegida, le quitan la curul por inhabilidad\u201d. Suena [&hellip;]<\/p>\n","protected":false},"author":4,"featured_media":8403,"comment_status":"open","ping_status":"open","sticky":false,"template":"","format":"standard","meta":{"_acf_changed":false,"_joinchat":[],"footnotes":""},"categories":[23],"tags":[],"class_list":{"0":"post-9183","1":"post","2":"type-post","3":"status-publish","4":"format-standard","5":"has-post-thumbnail","7":"category-opinion"},"acf":[],"yoast_head":"<!-- This site is optimized with the Yoast SEO plugin v27.4 - https:\/\/yoast.com\/product\/yoast-seo-wordpress\/ -->\n<title>Mar\u00eda Luc\u00eda Villalba: no hay inhabilidad, s\u00ed puede aspirar al Senado - AR Digital Noticias<\/title>\n<meta name=\"robots\" content=\"index, follow, max-snippet:-1, max-image-preview:large, max-video-preview:-1\" \/>\n<link rel=\"canonical\" href=\"https:\/\/ardigitalnoticias.com\/index.php\/2026\/01\/21\/maria-lucia-villalba-no-hay-inhabilidad-si-puede-aspirar-al-senado\/\" \/>\n<meta property=\"og:locale\" content=\"es_ES\" \/>\n<meta property=\"og:type\" content=\"article\" \/>\n<meta property=\"og:title\" content=\"Mar\u00eda Luc\u00eda Villalba: no hay inhabilidad, s\u00ed puede aspirar al Senado - AR Digital Noticias\" \/>\n<meta property=\"og:description\" content=\"En tiempos de campa\u00f1a, los rumores corren m\u00e1s r\u00e1pido que las normas. Uno de los m\u00e1s repetidos por estos d\u00edas dice, en resumen, lo siguiente: \u201cMar\u00eda Luc\u00eda Villalba no puede aspirar al Senado porque es hija del Gobernador del Huila, Rodrigo Villalba Mosquera; si llega a ser elegida, le quitan la curul por inhabilidad\u201d. Suena [&hellip;]\" \/>\n<meta property=\"og:url\" content=\"https:\/\/ardigitalnoticias.com\/index.php\/2026\/01\/21\/maria-lucia-villalba-no-hay-inhabilidad-si-puede-aspirar-al-senado\/\" \/>\n<meta property=\"og:site_name\" content=\"AR Digital Noticias\" \/>\n<meta property=\"article:published_time\" content=\"2026-01-21T18:47:15+00:00\" \/>\n<meta property=\"article:modified_time\" content=\"2026-01-21T19:02:17+00:00\" \/>\n<meta property=\"og:image\" content=\"https:\/\/ardigitalnoticias.com\/wp-content\/uploads\/2025\/08\/Imagen-columnas-AR-2025.png\" \/>\n\t<meta property=\"og:image:width\" content=\"1200\" \/>\n\t<meta property=\"og:image:height\" content=\"628\" \/>\n\t<meta property=\"og:image:type\" content=\"image\/png\" \/>\n<meta name=\"author\" content=\"Maria Fernanda Plazas\" \/>\n<meta name=\"twitter:card\" content=\"summary_large_image\" \/>\n<meta name=\"twitter:label1\" content=\"Escrito por\" \/>\n\t<meta name=\"twitter:data1\" content=\"Maria Fernanda Plazas\" \/>\n\t<meta name=\"twitter:label2\" content=\"Tiempo de lectura\" \/>\n\t<meta name=\"twitter:data2\" content=\"6 minutos\" \/>\n<script type=\"application\/ld+json\" class=\"yoast-schema-graph\">{\"@context\":\"https:\\\/\\\/schema.org\",\"@graph\":[{\"@type\":\"Article\",\"@id\":\"https:\\\/\\\/ardigitalnoticias.com\\\/index.php\\\/2026\\\/01\\\/21\\\/maria-lucia-villalba-no-hay-inhabilidad-si-puede-aspirar-al-senado\\\/#article\",\"isPartOf\":{\"@id\":\"https:\\\/\\\/ardigitalnoticias.com\\\/index.php\\\/2026\\\/01\\\/21\\\/maria-lucia-villalba-no-hay-inhabilidad-si-puede-aspirar-al-senado\\\/\"},\"author\":{\"name\":\"Maria Fernanda Plazas\",\"@id\":\"https:\\\/\\\/ardigitalnoticias.com\\\/#\\\/schema\\\/person\\\/bd9b5d500ae5be02629fed9405f36096\"},\"headline\":\"Mar\u00eda Luc\u00eda Villalba: no hay inhabilidad, s\u00ed puede aspirar al Senado\",\"datePublished\":\"2026-01-21T18:47:15+00:00\",\"dateModified\":\"2026-01-21T19:02:17+00:00\",\"mainEntityOfPage\":{\"@id\":\"https:\\\/\\\/ardigitalnoticias.com\\\/index.php\\\/2026\\\/01\\\/21\\\/maria-lucia-villalba-no-hay-inhabilidad-si-puede-aspirar-al-senado\\\/\"},\"wordCount\":1293,\"commentCount\":0,\"publisher\":{\"@id\":\"https:\\\/\\\/ardigitalnoticias.com\\\/#organization\"},\"image\":{\"@id\":\"https:\\\/\\\/ardigitalnoticias.com\\\/index.php\\\/2026\\\/01\\\/21\\\/maria-lucia-villalba-no-hay-inhabilidad-si-puede-aspirar-al-senado\\\/#primaryimage\"},\"thumbnailUrl\":\"https:\\\/\\\/ardigitalnoticias.com\\\/wp-content\\\/uploads\\\/2025\\\/08\\\/Imagen-columnas-AR-2025.png\",\"articleSection\":[\"Opini\u00f3n\"],\"inLanguage\":\"es\",\"potentialAction\":[{\"@type\":\"CommentAction\",\"name\":\"Comment\",\"target\":[\"https:\\\/\\\/ardigitalnoticias.com\\\/index.php\\\/2026\\\/01\\\/21\\\/maria-lucia-villalba-no-hay-inhabilidad-si-puede-aspirar-al-senado\\\/#respond\"]}]},{\"@type\":\"WebPage\",\"@id\":\"https:\\\/\\\/ardigitalnoticias.com\\\/index.php\\\/2026\\\/01\\\/21\\\/maria-lucia-villalba-no-hay-inhabilidad-si-puede-aspirar-al-senado\\\/\",\"url\":\"https:\\\/\\\/ardigitalnoticias.com\\\/index.php\\\/2026\\\/01\\\/21\\\/maria-lucia-villalba-no-hay-inhabilidad-si-puede-aspirar-al-senado\\\/\",\"name\":\"Mar\u00eda Luc\u00eda Villalba: no hay inhabilidad, s\u00ed puede aspirar al Senado - AR Digital Noticias\",\"isPartOf\":{\"@id\":\"https:\\\/\\\/ardigitalnoticias.com\\\/#website\"},\"primaryImageOfPage\":{\"@id\":\"https:\\\/\\\/ardigitalnoticias.com\\\/index.php\\\/2026\\\/01\\\/21\\\/maria-lucia-villalba-no-hay-inhabilidad-si-puede-aspirar-al-senado\\\/#primaryimage\"},\"image\":{\"@id\":\"https:\\\/\\\/ardigitalnoticias.com\\\/index.php\\\/2026\\\/01\\\/21\\\/maria-lucia-villalba-no-hay-inhabilidad-si-puede-aspirar-al-senado\\\/#primaryimage\"},\"thumbnailUrl\":\"https:\\\/\\\/ardigitalnoticias.com\\\/wp-content\\\/uploads\\\/2025\\\/08\\\/Imagen-columnas-AR-2025.png\",\"datePublished\":\"2026-01-21T18:47:15+00:00\",\"dateModified\":\"2026-01-21T19:02:17+00:00\",\"breadcrumb\":{\"@id\":\"https:\\\/\\\/ardigitalnoticias.com\\\/index.php\\\/2026\\\/01\\\/21\\\/maria-lucia-villalba-no-hay-inhabilidad-si-puede-aspirar-al-senado\\\/#breadcrumb\"},\"inLanguage\":\"es\",\"potentialAction\":[{\"@type\":\"ReadAction\",\"target\":[\"https:\\\/\\\/ardigitalnoticias.com\\\/index.php\\\/2026\\\/01\\\/21\\\/maria-lucia-villalba-no-hay-inhabilidad-si-puede-aspirar-al-senado\\\/\"]}]},{\"@type\":\"ImageObject\",\"inLanguage\":\"es\",\"@id\":\"https:\\\/\\\/ardigitalnoticias.com\\\/index.php\\\/2026\\\/01\\\/21\\\/maria-lucia-villalba-no-hay-inhabilidad-si-puede-aspirar-al-senado\\\/#primaryimage\",\"url\":\"https:\\\/\\\/ardigitalnoticias.com\\\/wp-content\\\/uploads\\\/2025\\\/08\\\/Imagen-columnas-AR-2025.png\",\"contentUrl\":\"https:\\\/\\\/ardigitalnoticias.com\\\/wp-content\\\/uploads\\\/2025\\\/08\\\/Imagen-columnas-AR-2025.png\",\"width\":1200,\"height\":628},{\"@type\":\"BreadcrumbList\",\"@id\":\"https:\\\/\\\/ardigitalnoticias.com\\\/index.php\\\/2026\\\/01\\\/21\\\/maria-lucia-villalba-no-hay-inhabilidad-si-puede-aspirar-al-senado\\\/#breadcrumb\",\"itemListElement\":[{\"@type\":\"ListItem\",\"position\":1,\"name\":\"Portada\",\"item\":\"https:\\\/\\\/ardigitalnoticias.com\\\/\"},{\"@type\":\"ListItem\",\"position\":2,\"name\":\"Mar\u00eda Luc\u00eda Villalba: no hay inhabilidad, s\u00ed puede aspirar al Senado\"}]},{\"@type\":\"WebSite\",\"@id\":\"https:\\\/\\\/ardigitalnoticias.com\\\/#website\",\"url\":\"https:\\\/\\\/ardigitalnoticias.com\\\/\",\"name\":\"AR Digital Noticias\",\"description\":\"\",\"publisher\":{\"@id\":\"https:\\\/\\\/ardigitalnoticias.com\\\/#organization\"},\"potentialAction\":[{\"@type\":\"SearchAction\",\"target\":{\"@type\":\"EntryPoint\",\"urlTemplate\":\"https:\\\/\\\/ardigitalnoticias.com\\\/?s={search_term_string}\"},\"query-input\":{\"@type\":\"PropertyValueSpecification\",\"valueRequired\":true,\"valueName\":\"search_term_string\"}}],\"inLanguage\":\"es\"},{\"@type\":\"Organization\",\"@id\":\"https:\\\/\\\/ardigitalnoticias.com\\\/#organization\",\"name\":\"AR Digital Noticias\",\"url\":\"https:\\\/\\\/ardigitalnoticias.com\\\/\",\"logo\":{\"@type\":\"ImageObject\",\"inLanguage\":\"es\",\"@id\":\"https:\\\/\\\/ardigitalnoticias.com\\\/#\\\/schema\\\/logo\\\/image\\\/\",\"url\":\"https:\\\/\\\/ardigitalnoticias.com\\\/wp-content\\\/uploads\\\/2023\\\/11\\\/cropped-cropped-cropped-cropped-AR-Digital-Noticias-1.png\",\"contentUrl\":\"https:\\\/\\\/ardigitalnoticias.com\\\/wp-content\\\/uploads\\\/2023\\\/11\\\/cropped-cropped-cropped-cropped-AR-Digital-Noticias-1.png\",\"width\":972,\"height\":306,\"caption\":\"AR Digital Noticias\"},\"image\":{\"@id\":\"https:\\\/\\\/ardigitalnoticias.com\\\/#\\\/schema\\\/logo\\\/image\\\/\"}},{\"@type\":\"Person\",\"@id\":\"https:\\\/\\\/ardigitalnoticias.com\\\/#\\\/schema\\\/person\\\/bd9b5d500ae5be02629fed9405f36096\",\"name\":\"Maria Fernanda Plazas\",\"image\":{\"@type\":\"ImageObject\",\"inLanguage\":\"es\",\"@id\":\"https:\\\/\\\/secure.gravatar.com\\\/avatar\\\/81c8593451217fdebec74457e5eb1f961f6a0a3aef1265cac852a8a78a05b5b9?s=96&d=mm&r=g\",\"url\":\"https:\\\/\\\/secure.gravatar.com\\\/avatar\\\/81c8593451217fdebec74457e5eb1f961f6a0a3aef1265cac852a8a78a05b5b9?s=96&d=mm&r=g\",\"contentUrl\":\"https:\\\/\\\/secure.gravatar.com\\\/avatar\\\/81c8593451217fdebec74457e5eb1f961f6a0a3aef1265cac852a8a78a05b5b9?s=96&d=mm&r=g\",\"caption\":\"Maria Fernanda Plazas\"},\"url\":\"https:\\\/\\\/ardigitalnoticias.com\\\/index.php\\\/author\\\/maria-fernanda-plazas\\\/\"}]}<\/script>\n<!-- \/ Yoast SEO plugin. -->","yoast_head_json":{"title":"Mar\u00eda Luc\u00eda Villalba: no hay inhabilidad, s\u00ed puede aspirar al Senado - AR Digital Noticias","robots":{"index":"index","follow":"follow","max-snippet":"max-snippet:-1","max-image-preview":"max-image-preview:large","max-video-preview":"max-video-preview:-1"},"canonical":"https:\/\/ardigitalnoticias.com\/index.php\/2026\/01\/21\/maria-lucia-villalba-no-hay-inhabilidad-si-puede-aspirar-al-senado\/","og_locale":"es_ES","og_type":"article","og_title":"Mar\u00eda Luc\u00eda Villalba: no hay inhabilidad, s\u00ed puede aspirar al Senado - AR Digital Noticias","og_description":"En tiempos de campa\u00f1a, los rumores corren m\u00e1s r\u00e1pido que las normas. Uno de los m\u00e1s repetidos por estos d\u00edas dice, en resumen, lo siguiente: \u201cMar\u00eda Luc\u00eda Villalba no puede aspirar al Senado porque es hija del Gobernador del Huila, Rodrigo Villalba Mosquera; si llega a ser elegida, le quitan la curul por inhabilidad\u201d. Suena [&hellip;]","og_url":"https:\/\/ardigitalnoticias.com\/index.php\/2026\/01\/21\/maria-lucia-villalba-no-hay-inhabilidad-si-puede-aspirar-al-senado\/","og_site_name":"AR Digital Noticias","article_published_time":"2026-01-21T18:47:15+00:00","article_modified_time":"2026-01-21T19:02:17+00:00","og_image":[{"width":1200,"height":628,"url":"https:\/\/ardigitalnoticias.com\/wp-content\/uploads\/2025\/08\/Imagen-columnas-AR-2025.png","type":"image\/png"}],"author":"Maria Fernanda Plazas","twitter_card":"summary_large_image","twitter_misc":{"Escrito por":"Maria Fernanda Plazas","Tiempo de lectura":"6 minutos"},"schema":{"@context":"https:\/\/schema.org","@graph":[{"@type":"Article","@id":"https:\/\/ardigitalnoticias.com\/index.php\/2026\/01\/21\/maria-lucia-villalba-no-hay-inhabilidad-si-puede-aspirar-al-senado\/#article","isPartOf":{"@id":"https:\/\/ardigitalnoticias.com\/index.php\/2026\/01\/21\/maria-lucia-villalba-no-hay-inhabilidad-si-puede-aspirar-al-senado\/"},"author":{"name":"Maria Fernanda Plazas","@id":"https:\/\/ardigitalnoticias.com\/#\/schema\/person\/bd9b5d500ae5be02629fed9405f36096"},"headline":"Mar\u00eda Luc\u00eda Villalba: no hay inhabilidad, s\u00ed puede aspirar al Senado","datePublished":"2026-01-21T18:47:15+00:00","dateModified":"2026-01-21T19:02:17+00:00","mainEntityOfPage":{"@id":"https:\/\/ardigitalnoticias.com\/index.php\/2026\/01\/21\/maria-lucia-villalba-no-hay-inhabilidad-si-puede-aspirar-al-senado\/"},"wordCount":1293,"commentCount":0,"publisher":{"@id":"https:\/\/ardigitalnoticias.com\/#organization"},"image":{"@id":"https:\/\/ardigitalnoticias.com\/index.php\/2026\/01\/21\/maria-lucia-villalba-no-hay-inhabilidad-si-puede-aspirar-al-senado\/#primaryimage"},"thumbnailUrl":"https:\/\/ardigitalnoticias.com\/wp-content\/uploads\/2025\/08\/Imagen-columnas-AR-2025.png","articleSection":["Opini\u00f3n"],"inLanguage":"es","potentialAction":[{"@type":"CommentAction","name":"Comment","target":["https:\/\/ardigitalnoticias.com\/index.php\/2026\/01\/21\/maria-lucia-villalba-no-hay-inhabilidad-si-puede-aspirar-al-senado\/#respond"]}]},{"@type":"WebPage","@id":"https:\/\/ardigitalnoticias.com\/index.php\/2026\/01\/21\/maria-lucia-villalba-no-hay-inhabilidad-si-puede-aspirar-al-senado\/","url":"https:\/\/ardigitalnoticias.com\/index.php\/2026\/01\/21\/maria-lucia-villalba-no-hay-inhabilidad-si-puede-aspirar-al-senado\/","name":"Mar\u00eda Luc\u00eda Villalba: no hay inhabilidad, s\u00ed puede aspirar al Senado - AR Digital Noticias","isPartOf":{"@id":"https:\/\/ardigitalnoticias.com\/#website"},"primaryImageOfPage":{"@id":"https:\/\/ardigitalnoticias.com\/index.php\/2026\/01\/21\/maria-lucia-villalba-no-hay-inhabilidad-si-puede-aspirar-al-senado\/#primaryimage"},"image":{"@id":"https:\/\/ardigitalnoticias.com\/index.php\/2026\/01\/21\/maria-lucia-villalba-no-hay-inhabilidad-si-puede-aspirar-al-senado\/#primaryimage"},"thumbnailUrl":"https:\/\/ardigitalnoticias.com\/wp-content\/uploads\/2025\/08\/Imagen-columnas-AR-2025.png","datePublished":"2026-01-21T18:47:15+00:00","dateModified":"2026-01-21T19:02:17+00:00","breadcrumb":{"@id":"https:\/\/ardigitalnoticias.com\/index.php\/2026\/01\/21\/maria-lucia-villalba-no-hay-inhabilidad-si-puede-aspirar-al-senado\/#breadcrumb"},"inLanguage":"es","potentialAction":[{"@type":"ReadAction","target":["https:\/\/ardigitalnoticias.com\/index.php\/2026\/01\/21\/maria-lucia-villalba-no-hay-inhabilidad-si-puede-aspirar-al-senado\/"]}]},{"@type":"ImageObject","inLanguage":"es","@id":"https:\/\/ardigitalnoticias.com\/index.php\/2026\/01\/21\/maria-lucia-villalba-no-hay-inhabilidad-si-puede-aspirar-al-senado\/#primaryimage","url":"https:\/\/ardigitalnoticias.com\/wp-content\/uploads\/2025\/08\/Imagen-columnas-AR-2025.png","contentUrl":"https:\/\/ardigitalnoticias.com\/wp-content\/uploads\/2025\/08\/Imagen-columnas-AR-2025.png","width":1200,"height":628},{"@type":"BreadcrumbList","@id":"https:\/\/ardigitalnoticias.com\/index.php\/2026\/01\/21\/maria-lucia-villalba-no-hay-inhabilidad-si-puede-aspirar-al-senado\/#breadcrumb","itemListElement":[{"@type":"ListItem","position":1,"name":"Portada","item":"https:\/\/ardigitalnoticias.com\/"},{"@type":"ListItem","position":2,"name":"Mar\u00eda Luc\u00eda Villalba: no hay inhabilidad, s\u00ed puede aspirar al Senado"}]},{"@type":"WebSite","@id":"https:\/\/ardigitalnoticias.com\/#website","url":"https:\/\/ardigitalnoticias.com\/","name":"AR Digital Noticias","description":"","publisher":{"@id":"https:\/\/ardigitalnoticias.com\/#organization"},"potentialAction":[{"@type":"SearchAction","target":{"@type":"EntryPoint","urlTemplate":"https:\/\/ardigitalnoticias.com\/?s={search_term_string}"},"query-input":{"@type":"PropertyValueSpecification","valueRequired":true,"valueName":"search_term_string"}}],"inLanguage":"es"},{"@type":"Organization","@id":"https:\/\/ardigitalnoticias.com\/#organization","name":"AR Digital Noticias","url":"https:\/\/ardigitalnoticias.com\/","logo":{"@type":"ImageObject","inLanguage":"es","@id":"https:\/\/ardigitalnoticias.com\/#\/schema\/logo\/image\/","url":"https:\/\/ardigitalnoticias.com\/wp-content\/uploads\/2023\/11\/cropped-cropped-cropped-cropped-AR-Digital-Noticias-1.png","contentUrl":"https:\/\/ardigitalnoticias.com\/wp-content\/uploads\/2023\/11\/cropped-cropped-cropped-cropped-AR-Digital-Noticias-1.png","width":972,"height":306,"caption":"AR Digital Noticias"},"image":{"@id":"https:\/\/ardigitalnoticias.com\/#\/schema\/logo\/image\/"}},{"@type":"Person","@id":"https:\/\/ardigitalnoticias.com\/#\/schema\/person\/bd9b5d500ae5be02629fed9405f36096","name":"Maria Fernanda Plazas","image":{"@type":"ImageObject","inLanguage":"es","@id":"https:\/\/secure.gravatar.com\/avatar\/81c8593451217fdebec74457e5eb1f961f6a0a3aef1265cac852a8a78a05b5b9?s=96&d=mm&r=g","url":"https:\/\/secure.gravatar.com\/avatar\/81c8593451217fdebec74457e5eb1f961f6a0a3aef1265cac852a8a78a05b5b9?s=96&d=mm&r=g","contentUrl":"https:\/\/secure.gravatar.com\/avatar\/81c8593451217fdebec74457e5eb1f961f6a0a3aef1265cac852a8a78a05b5b9?s=96&d=mm&r=g","caption":"Maria Fernanda Plazas"},"url":"https:\/\/ardigitalnoticias.com\/index.php\/author\/maria-fernanda-plazas\/"}]}},"_links":{"self":[{"href":"https:\/\/ardigitalnoticias.com\/index.php\/wp-json\/wp\/v2\/posts\/9183","targetHints":{"allow":["GET"]}}],"collection":[{"href":"https:\/\/ardigitalnoticias.com\/index.php\/wp-json\/wp\/v2\/posts"}],"about":[{"href":"https:\/\/ardigitalnoticias.com\/index.php\/wp-json\/wp\/v2\/types\/post"}],"author":[{"embeddable":true,"href":"https:\/\/ardigitalnoticias.com\/index.php\/wp-json\/wp\/v2\/users\/4"}],"replies":[{"embeddable":true,"href":"https:\/\/ardigitalnoticias.com\/index.php\/wp-json\/wp\/v2\/comments?post=9183"}],"version-history":[{"count":1,"href":"https:\/\/ardigitalnoticias.com\/index.php\/wp-json\/wp\/v2\/posts\/9183\/revisions"}],"predecessor-version":[{"id":9184,"href":"https:\/\/ardigitalnoticias.com\/index.php\/wp-json\/wp\/v2\/posts\/9183\/revisions\/9184"}],"wp:featuredmedia":[{"embeddable":true,"href":"https:\/\/ardigitalnoticias.com\/index.php\/wp-json\/wp\/v2\/media\/8403"}],"wp:attachment":[{"href":"https:\/\/ardigitalnoticias.com\/index.php\/wp-json\/wp\/v2\/media?parent=9183"}],"wp:term":[{"taxonomy":"category","embeddable":true,"href":"https:\/\/ardigitalnoticias.com\/index.php\/wp-json\/wp\/v2\/categories?post=9183"},{"taxonomy":"post_tag","embeddable":true,"href":"https:\/\/ardigitalnoticias.com\/index.php\/wp-json\/wp\/v2\/tags?post=9183"}],"curies":[{"name":"wp","href":"https:\/\/api.w.org\/{rel}","templated":true}]}}