{"id":9170,"date":"2026-01-21T07:47:17","date_gmt":"2026-01-21T12:47:17","guid":{"rendered":"https:\/\/ardigitalnoticias.com\/?p=9170"},"modified":"2026-01-21T09:22:04","modified_gmt":"2026-01-21T14:22:04","slug":"fallecio-subdirector-de-la-carcel-de-neiva-tras-ataque-sicarial","status":"publish","type":"post","link":"https:\/\/ardigitalnoticias.com\/index.php\/2026\/01\/21\/fallecio-subdirector-de-la-carcel-de-neiva-tras-ataque-sicarial\/","title":{"rendered":"FALLECI\u00d3 SUBDIRECTOR DE LA C\u00c1RCEL DE NEIVA TRAS ATAQUE SICARIAL"},"content":{"rendered":"\n<p>Luego de permanecer ocho d\u00edas en la Unidad de Cuidados Intensivos del Hospital Universitario de Neiva, en la madrugada de este mi\u00e9rcoles 21 de enero, falleci\u00f3 Renato Solano Osorio, subdirector de la c\u00e1rcel de Neiva, quien hab\u00eda resultado gravemente herido en un ataque sicarial en d\u00edas pasados.<\/p>\n\n\n\n<p><strong>POR: ANDR\u00c9S RODR\u00cdGUEZ. <\/strong><\/p>\n\n\n<div class=\"wp-block-image\">\n<figure class=\"aligncenter size-full\"><img loading=\"lazy\" decoding=\"async\" width=\"520\" height=\"528\" src=\"https:\/\/ardigitalnoticias.com\/wp-content\/uploads\/2026\/01\/FB_IMG_1768998856854.jpg\" alt=\"\" class=\"wp-image-9173\" srcset=\"https:\/\/ardigitalnoticias.com\/wp-content\/uploads\/2026\/01\/FB_IMG_1768998856854.jpg 520w, https:\/\/ardigitalnoticias.com\/wp-content\/uploads\/2026\/01\/FB_IMG_1768998856854-295x300.jpg 295w, https:\/\/ardigitalnoticias.com\/wp-content\/uploads\/2026\/01\/FB_IMG_1768998856854-414x420.jpg 414w, https:\/\/ardigitalnoticias.com\/wp-content\/uploads\/2026\/01\/FB_IMG_1768998856854-150x152.jpg 150w, https:\/\/ardigitalnoticias.com\/wp-content\/uploads\/2026\/01\/FB_IMG_1768998856854-300x305.jpg 300w\" sizes=\"auto, (max-width: 520px) 100vw, 520px\" \/><figcaption class=\"wp-element-caption\"><strong>Renato Solano Osorio Q.E.P..D.<\/strong><\/figcaption><\/figure>\n<\/div>\n\n\n<p>El atentado ocurri\u00f3 cuando Solano se movilizaba junto al director del centro penitenciario, Edgare Rodr\u00edguez. En el mismo hecho perdi\u00f3 la vida Ismael Rodr\u00edguez Pulgar\u00edn, hijo del director del penal, situaci\u00f3n que gener\u00f3 profunda conmoci\u00f3n en el sector penitenciario y en la comunidad huilense.<\/p>\n\n\n\n<p>De acuerdo con el parte m\u00e9dico, Solano recibi\u00f3 dos impactos de arma de fuego que comprometieron al menos tres \u00f3rganos vitales, por lo que su estado de salud fue cr\u00edtico desde su ingreso al centro asistencial.<\/p>\n\n\n\n<p>Las autoridades contin\u00faan con las investigaciones para esclarecer los m\u00f3viles del ataque y dar con los responsables. Entre tanto, organismos de seguridad reforzaron las medidas de protecci\u00f3n para funcionarios del INPEC, mientras avanzan las indagaciones judiciales.<\/p>\n","protected":false},"excerpt":{"rendered":"<p>Luego de permanecer ocho d\u00edas en la Unidad de Cuidados Intensivos del Hospital Universitario de Neiva, en la madrugada de este mi\u00e9rcoles 21 de enero, falleci\u00f3 Renato Solano Osorio, subdirector de la c\u00e1rcel de Neiva, quien hab\u00eda resultado gravemente herido en un ataque sicarial en d\u00edas pasados. POR: ANDR\u00c9S RODR\u00cdGUEZ. El atentado ocurri\u00f3 cuando Solano [&hellip;]<\/p>\n","protected":false},"author":2,"featured_media":9171,"comment_status":"open","ping_status":"open","sticky":false,"template":"","format":"standard","meta":{"_acf_changed":false,"_joinchat":[],"footnotes":""},"categories":[1,20,26,19],"tags":[],"class_list":{"0":"post-9170","1":"post","2":"type-post","3":"status-publish","4":"format-standard","5":"has-post-thumbnail","7":"category-actualidad","8":"category-judicial","9":"category-norte","10":"category-regional"},"acf":[],"yoast_head":"<!-- This site is optimized with the Yoast SEO plugin v27.4 - https:\/\/yoast.com\/product\/yoast-seo-wordpress\/ -->\n<title>FALLECI\u00d3 SUBDIRECTOR DE LA C\u00c1RCEL DE NEIVA TRAS ATAQUE SICARIAL - AR Digital Noticias<\/title>\n<meta name=\"robots\" content=\"index, follow, max-snippet:-1, max-image-preview:large, max-video-preview:-1\" \/>\n<link rel=\"canonical\" href=\"https:\/\/ardigitalnoticias.com\/index.php\/2026\/01\/21\/fallecio-subdirector-de-la-carcel-de-neiva-tras-ataque-sicarial\/\" \/>\n<meta property=\"og:locale\" content=\"es_ES\" \/>\n<meta property=\"og:type\" content=\"article\" \/>\n<meta property=\"og:title\" content=\"FALLECI\u00d3 SUBDIRECTOR DE LA C\u00c1RCEL DE NEIVA TRAS ATAQUE SICARIAL - AR Digital Noticias\" \/>\n<meta property=\"og:description\" content=\"Luego de permanecer ocho d\u00edas en la Unidad de Cuidados Intensivos del Hospital Universitario de Neiva, en la madrugada de este mi\u00e9rcoles 21 de enero, falleci\u00f3 Renato Solano Osorio, subdirector de la c\u00e1rcel de Neiva, quien hab\u00eda resultado gravemente herido en un ataque sicarial en d\u00edas pasados. POR: ANDR\u00c9S RODR\u00cdGUEZ. El atentado ocurri\u00f3 cuando Solano [&hellip;]\" \/>\n<meta property=\"og:url\" content=\"https:\/\/ardigitalnoticias.com\/index.php\/2026\/01\/21\/fallecio-subdirector-de-la-carcel-de-neiva-tras-ataque-sicarial\/\" \/>\n<meta property=\"og:site_name\" content=\"AR Digital Noticias\" \/>\n<meta property=\"article:published_time\" content=\"2026-01-21T12:47:17+00:00\" \/>\n<meta property=\"article:modified_time\" content=\"2026-01-21T14:22:04+00:00\" \/>\n<meta property=\"og:image\" content=\"https:\/\/ardigitalnoticias.com\/wp-content\/uploads\/2026\/01\/Photo_1768999339177.png\" \/>\n\t<meta property=\"og:image:width\" content=\"1366\" \/>\n\t<meta property=\"og:image:height\" content=\"768\" \/>\n\t<meta property=\"og:image:type\" content=\"image\/png\" \/>\n<meta name=\"author\" content=\"AR Digital Noticias\" \/>\n<meta name=\"twitter:card\" content=\"summary_large_image\" \/>\n<meta name=\"twitter:label1\" content=\"Escrito por\" \/>\n\t<meta name=\"twitter:data1\" content=\"AR Digital Noticias\" \/>\n\t<meta name=\"twitter:label2\" content=\"Tiempo de lectura\" \/>\n\t<meta name=\"twitter:data2\" content=\"2 minutos\" \/>\n<script type=\"application\/ld+json\" class=\"yoast-schema-graph\">{\"@context\":\"https:\\\/\\\/schema.org\",\"@graph\":[{\"@type\":\"Article\",\"@id\":\"https:\\\/\\\/ardigitalnoticias.com\\\/index.php\\\/2026\\\/01\\\/21\\\/fallecio-subdirector-de-la-carcel-de-neiva-tras-ataque-sicarial\\\/#article\",\"isPartOf\":{\"@id\":\"https:\\\/\\\/ardigitalnoticias.com\\\/index.php\\\/2026\\\/01\\\/21\\\/fallecio-subdirector-de-la-carcel-de-neiva-tras-ataque-sicarial\\\/\"},\"author\":{\"name\":\"AR Digital Noticias\",\"@id\":\"https:\\\/\\\/ardigitalnoticias.com\\\/#\\\/schema\\\/person\\\/3f1b0a96e890d8cba89a76c7558a147c\"},\"headline\":\"FALLECI\u00d3 SUBDIRECTOR DE LA C\u00c1RCEL DE NEIVA TRAS ATAQUE SICARIAL\",\"datePublished\":\"2026-01-21T12:47:17+00:00\",\"dateModified\":\"2026-01-21T14:22:04+00:00\",\"mainEntityOfPage\":{\"@id\":\"https:\\\/\\\/ardigitalnoticias.com\\\/index.php\\\/2026\\\/01\\\/21\\\/fallecio-subdirector-de-la-carcel-de-neiva-tras-ataque-sicarial\\\/\"},\"wordCount\":200,\"commentCount\":0,\"publisher\":{\"@id\":\"https:\\\/\\\/ardigitalnoticias.com\\\/#organization\"},\"image\":{\"@id\":\"https:\\\/\\\/ardigitalnoticias.com\\\/index.php\\\/2026\\\/01\\\/21\\\/fallecio-subdirector-de-la-carcel-de-neiva-tras-ataque-sicarial\\\/#primaryimage\"},\"thumbnailUrl\":\"https:\\\/\\\/ardigitalnoticias.com\\\/wp-content\\\/uploads\\\/2026\\\/01\\\/Photo_1768999339177.png\",\"articleSection\":[\"Actualidad\",\"Judicial\",\"Norte\",\"Regional\"],\"inLanguage\":\"es\",\"potentialAction\":[{\"@type\":\"CommentAction\",\"name\":\"Comment\",\"target\":[\"https:\\\/\\\/ardigitalnoticias.com\\\/index.php\\\/2026\\\/01\\\/21\\\/fallecio-subdirector-de-la-carcel-de-neiva-tras-ataque-sicarial\\\/#respond\"]}]},{\"@type\":\"WebPage\",\"@id\":\"https:\\\/\\\/ardigitalnoticias.com\\\/index.php\\\/2026\\\/01\\\/21\\\/fallecio-subdirector-de-la-carcel-de-neiva-tras-ataque-sicarial\\\/\",\"url\":\"https:\\\/\\\/ardigitalnoticias.com\\\/index.php\\\/2026\\\/01\\\/21\\\/fallecio-subdirector-de-la-carcel-de-neiva-tras-ataque-sicarial\\\/\",\"name\":\"FALLECI\u00d3 SUBDIRECTOR DE LA C\u00c1RCEL DE NEIVA TRAS ATAQUE SICARIAL - AR Digital Noticias\",\"isPartOf\":{\"@id\":\"https:\\\/\\\/ardigitalnoticias.com\\\/#website\"},\"primaryImageOfPage\":{\"@id\":\"https:\\\/\\\/ardigitalnoticias.com\\\/index.php\\\/2026\\\/01\\\/21\\\/fallecio-subdirector-de-la-carcel-de-neiva-tras-ataque-sicarial\\\/#primaryimage\"},\"image\":{\"@id\":\"https:\\\/\\\/ardigitalnoticias.com\\\/index.php\\\/2026\\\/01\\\/21\\\/fallecio-subdirector-de-la-carcel-de-neiva-tras-ataque-sicarial\\\/#primaryimage\"},\"thumbnailUrl\":\"https:\\\/\\\/ardigitalnoticias.com\\\/wp-content\\\/uploads\\\/2026\\\/01\\\/Photo_1768999339177.png\",\"datePublished\":\"2026-01-21T12:47:17+00:00\",\"dateModified\":\"2026-01-21T14:22:04+00:00\",\"breadcrumb\":{\"@id\":\"https:\\\/\\\/ardigitalnoticias.com\\\/index.php\\\/2026\\\/01\\\/21\\\/fallecio-subdirector-de-la-carcel-de-neiva-tras-ataque-sicarial\\\/#breadcrumb\"},\"inLanguage\":\"es\",\"potentialAction\":[{\"@type\":\"ReadAction\",\"target\":[\"https:\\\/\\\/ardigitalnoticias.com\\\/index.php\\\/2026\\\/01\\\/21\\\/fallecio-subdirector-de-la-carcel-de-neiva-tras-ataque-sicarial\\\/\"]}]},{\"@type\":\"ImageObject\",\"inLanguage\":\"es\",\"@id\":\"https:\\\/\\\/ardigitalnoticias.com\\\/index.php\\\/2026\\\/01\\\/21\\\/fallecio-subdirector-de-la-carcel-de-neiva-tras-ataque-sicarial\\\/#primaryimage\",\"url\":\"https:\\\/\\\/ardigitalnoticias.com\\\/wp-content\\\/uploads\\\/2026\\\/01\\\/Photo_1768999339177.png\",\"contentUrl\":\"https:\\\/\\\/ardigitalnoticias.com\\\/wp-content\\\/uploads\\\/2026\\\/01\\\/Photo_1768999339177.png\",\"width\":1366,\"height\":768},{\"@type\":\"BreadcrumbList\",\"@id\":\"https:\\\/\\\/ardigitalnoticias.com\\\/index.php\\\/2026\\\/01\\\/21\\\/fallecio-subdirector-de-la-carcel-de-neiva-tras-ataque-sicarial\\\/#breadcrumb\",\"itemListElement\":[{\"@type\":\"ListItem\",\"position\":1,\"name\":\"Portada\",\"item\":\"https:\\\/\\\/ardigitalnoticias.com\\\/\"},{\"@type\":\"ListItem\",\"position\":2,\"name\":\"FALLECI\u00d3 SUBDIRECTOR DE LA C\u00c1RCEL DE NEIVA TRAS ATAQUE SICARIAL\"}]},{\"@type\":\"WebSite\",\"@id\":\"https:\\\/\\\/ardigitalnoticias.com\\\/#website\",\"url\":\"https:\\\/\\\/ardigitalnoticias.com\\\/\",\"name\":\"AR Digital Noticias\",\"description\":\"\",\"publisher\":{\"@id\":\"https:\\\/\\\/ardigitalnoticias.com\\\/#organization\"},\"potentialAction\":[{\"@type\":\"SearchAction\",\"target\":{\"@type\":\"EntryPoint\",\"urlTemplate\":\"https:\\\/\\\/ardigitalnoticias.com\\\/?s={search_term_string}\"},\"query-input\":{\"@type\":\"PropertyValueSpecification\",\"valueRequired\":true,\"valueName\":\"search_term_string\"}}],\"inLanguage\":\"es\"},{\"@type\":\"Organization\",\"@id\":\"https:\\\/\\\/ardigitalnoticias.com\\\/#organization\",\"name\":\"AR Digital Noticias\",\"url\":\"https:\\\/\\\/ardigitalnoticias.com\\\/\",\"logo\":{\"@type\":\"ImageObject\",\"inLanguage\":\"es\",\"@id\":\"https:\\\/\\\/ardigitalnoticias.com\\\/#\\\/schema\\\/logo\\\/image\\\/\",\"url\":\"https:\\\/\\\/ardigitalnoticias.com\\\/wp-content\\\/uploads\\\/2023\\\/11\\\/cropped-cropped-cropped-cropped-AR-Digital-Noticias-1.png\",\"contentUrl\":\"https:\\\/\\\/ardigitalnoticias.com\\\/wp-content\\\/uploads\\\/2023\\\/11\\\/cropped-cropped-cropped-cropped-AR-Digital-Noticias-1.png\",\"width\":972,\"height\":306,\"caption\":\"AR Digital Noticias\"},\"image\":{\"@id\":\"https:\\\/\\\/ardigitalnoticias.com\\\/#\\\/schema\\\/logo\\\/image\\\/\"}},{\"@type\":\"Person\",\"@id\":\"https:\\\/\\\/ardigitalnoticias.com\\\/#\\\/schema\\\/person\\\/3f1b0a96e890d8cba89a76c7558a147c\",\"name\":\"AR Digital Noticias\",\"image\":{\"@type\":\"ImageObject\",\"inLanguage\":\"es\",\"@id\":\"https:\\\/\\\/secure.gravatar.com\\\/avatar\\\/55d1acd2f9cac74c99f42fcb5090c2f994204a6f6c571cf4c3001ae692cb9b34?s=96&d=mm&r=g\",\"url\":\"https:\\\/\\\/secure.gravatar.com\\\/avatar\\\/55d1acd2f9cac74c99f42fcb5090c2f994204a6f6c571cf4c3001ae692cb9b34?s=96&d=mm&r=g\",\"contentUrl\":\"https:\\\/\\\/secure.gravatar.com\\\/avatar\\\/55d1acd2f9cac74c99f42fcb5090c2f994204a6f6c571cf4c3001ae692cb9b34?s=96&d=mm&r=g\",\"caption\":\"AR Digital Noticias\"},\"sameAs\":[\"http:\\\/\\\/ardigitalnoticias.com\"],\"url\":\"https:\\\/\\\/ardigitalnoticias.com\\\/index.php\\\/author\\\/editorial\\\/\"}]}<\/script>\n<!-- \/ Yoast SEO plugin. -->","yoast_head_json":{"title":"FALLECI\u00d3 SUBDIRECTOR DE LA C\u00c1RCEL DE NEIVA TRAS ATAQUE SICARIAL - AR Digital Noticias","robots":{"index":"index","follow":"follow","max-snippet":"max-snippet:-1","max-image-preview":"max-image-preview:large","max-video-preview":"max-video-preview:-1"},"canonical":"https:\/\/ardigitalnoticias.com\/index.php\/2026\/01\/21\/fallecio-subdirector-de-la-carcel-de-neiva-tras-ataque-sicarial\/","og_locale":"es_ES","og_type":"article","og_title":"FALLECI\u00d3 SUBDIRECTOR DE LA C\u00c1RCEL DE NEIVA TRAS ATAQUE SICARIAL - AR Digital Noticias","og_description":"Luego de permanecer ocho d\u00edas en la Unidad de Cuidados Intensivos del Hospital Universitario de Neiva, en la madrugada de este mi\u00e9rcoles 21 de enero, falleci\u00f3 Renato Solano Osorio, subdirector de la c\u00e1rcel de Neiva, quien hab\u00eda resultado gravemente herido en un ataque sicarial en d\u00edas pasados. POR: ANDR\u00c9S RODR\u00cdGUEZ. El atentado ocurri\u00f3 cuando Solano [&hellip;]","og_url":"https:\/\/ardigitalnoticias.com\/index.php\/2026\/01\/21\/fallecio-subdirector-de-la-carcel-de-neiva-tras-ataque-sicarial\/","og_site_name":"AR Digital Noticias","article_published_time":"2026-01-21T12:47:17+00:00","article_modified_time":"2026-01-21T14:22:04+00:00","og_image":[{"width":1366,"height":768,"url":"https:\/\/ardigitalnoticias.com\/wp-content\/uploads\/2026\/01\/Photo_1768999339177.png","type":"image\/png"}],"author":"AR Digital Noticias","twitter_card":"summary_large_image","twitter_misc":{"Escrito por":"AR Digital Noticias","Tiempo de lectura":"2 minutos"},"schema":{"@context":"https:\/\/schema.org","@graph":[{"@type":"Article","@id":"https:\/\/ardigitalnoticias.com\/index.php\/2026\/01\/21\/fallecio-subdirector-de-la-carcel-de-neiva-tras-ataque-sicarial\/#article","isPartOf":{"@id":"https:\/\/ardigitalnoticias.com\/index.php\/2026\/01\/21\/fallecio-subdirector-de-la-carcel-de-neiva-tras-ataque-sicarial\/"},"author":{"name":"AR Digital Noticias","@id":"https:\/\/ardigitalnoticias.com\/#\/schema\/person\/3f1b0a96e890d8cba89a76c7558a147c"},"headline":"FALLECI\u00d3 SUBDIRECTOR DE LA C\u00c1RCEL DE NEIVA TRAS ATAQUE SICARIAL","datePublished":"2026-01-21T12:47:17+00:00","dateModified":"2026-01-21T14:22:04+00:00","mainEntityOfPage":{"@id":"https:\/\/ardigitalnoticias.com\/index.php\/2026\/01\/21\/fallecio-subdirector-de-la-carcel-de-neiva-tras-ataque-sicarial\/"},"wordCount":200,"commentCount":0,"publisher":{"@id":"https:\/\/ardigitalnoticias.com\/#organization"},"image":{"@id":"https:\/\/ardigitalnoticias.com\/index.php\/2026\/01\/21\/fallecio-subdirector-de-la-carcel-de-neiva-tras-ataque-sicarial\/#primaryimage"},"thumbnailUrl":"https:\/\/ardigitalnoticias.com\/wp-content\/uploads\/2026\/01\/Photo_1768999339177.png","articleSection":["Actualidad","Judicial","Norte","Regional"],"inLanguage":"es","potentialAction":[{"@type":"CommentAction","name":"Comment","target":["https:\/\/ardigitalnoticias.com\/index.php\/2026\/01\/21\/fallecio-subdirector-de-la-carcel-de-neiva-tras-ataque-sicarial\/#respond"]}]},{"@type":"WebPage","@id":"https:\/\/ardigitalnoticias.com\/index.php\/2026\/01\/21\/fallecio-subdirector-de-la-carcel-de-neiva-tras-ataque-sicarial\/","url":"https:\/\/ardigitalnoticias.com\/index.php\/2026\/01\/21\/fallecio-subdirector-de-la-carcel-de-neiva-tras-ataque-sicarial\/","name":"FALLECI\u00d3 SUBDIRECTOR DE LA C\u00c1RCEL DE NEIVA TRAS ATAQUE SICARIAL - AR Digital Noticias","isPartOf":{"@id":"https:\/\/ardigitalnoticias.com\/#website"},"primaryImageOfPage":{"@id":"https:\/\/ardigitalnoticias.com\/index.php\/2026\/01\/21\/fallecio-subdirector-de-la-carcel-de-neiva-tras-ataque-sicarial\/#primaryimage"},"image":{"@id":"https:\/\/ardigitalnoticias.com\/index.php\/2026\/01\/21\/fallecio-subdirector-de-la-carcel-de-neiva-tras-ataque-sicarial\/#primaryimage"},"thumbnailUrl":"https:\/\/ardigitalnoticias.com\/wp-content\/uploads\/2026\/01\/Photo_1768999339177.png","datePublished":"2026-01-21T12:47:17+00:00","dateModified":"2026-01-21T14:22:04+00:00","breadcrumb":{"@id":"https:\/\/ardigitalnoticias.com\/index.php\/2026\/01\/21\/fallecio-subdirector-de-la-carcel-de-neiva-tras-ataque-sicarial\/#breadcrumb"},"inLanguage":"es","potentialAction":[{"@type":"ReadAction","target":["https:\/\/ardigitalnoticias.com\/index.php\/2026\/01\/21\/fallecio-subdirector-de-la-carcel-de-neiva-tras-ataque-sicarial\/"]}]},{"@type":"ImageObject","inLanguage":"es","@id":"https:\/\/ardigitalnoticias.com\/index.php\/2026\/01\/21\/fallecio-subdirector-de-la-carcel-de-neiva-tras-ataque-sicarial\/#primaryimage","url":"https:\/\/ardigitalnoticias.com\/wp-content\/uploads\/2026\/01\/Photo_1768999339177.png","contentUrl":"https:\/\/ardigitalnoticias.com\/wp-content\/uploads\/2026\/01\/Photo_1768999339177.png","width":1366,"height":768},{"@type":"BreadcrumbList","@id":"https:\/\/ardigitalnoticias.com\/index.php\/2026\/01\/21\/fallecio-subdirector-de-la-carcel-de-neiva-tras-ataque-sicarial\/#breadcrumb","itemListElement":[{"@type":"ListItem","position":1,"name":"Portada","item":"https:\/\/ardigitalnoticias.com\/"},{"@type":"ListItem","position":2,"name":"FALLECI\u00d3 SUBDIRECTOR DE LA C\u00c1RCEL DE NEIVA TRAS ATAQUE SICARIAL"}]},{"@type":"WebSite","@id":"https:\/\/ardigitalnoticias.com\/#website","url":"https:\/\/ardigitalnoticias.com\/","name":"AR Digital Noticias","description":"","publisher":{"@id":"https:\/\/ardigitalnoticias.com\/#organization"},"potentialAction":[{"@type":"SearchAction","target":{"@type":"EntryPoint","urlTemplate":"https:\/\/ardigitalnoticias.com\/?s={search_term_string}"},"query-input":{"@type":"PropertyValueSpecification","valueRequired":true,"valueName":"search_term_string"}}],"inLanguage":"es"},{"@type":"Organization","@id":"https:\/\/ardigitalnoticias.com\/#organization","name":"AR Digital Noticias","url":"https:\/\/ardigitalnoticias.com\/","logo":{"@type":"ImageObject","inLanguage":"es","@id":"https:\/\/ardigitalnoticias.com\/#\/schema\/logo\/image\/","url":"https:\/\/ardigitalnoticias.com\/wp-content\/uploads\/2023\/11\/cropped-cropped-cropped-cropped-AR-Digital-Noticias-1.png","contentUrl":"https:\/\/ardigitalnoticias.com\/wp-content\/uploads\/2023\/11\/cropped-cropped-cropped-cropped-AR-Digital-Noticias-1.png","width":972,"height":306,"caption":"AR Digital Noticias"},"image":{"@id":"https:\/\/ardigitalnoticias.com\/#\/schema\/logo\/image\/"}},{"@type":"Person","@id":"https:\/\/ardigitalnoticias.com\/#\/schema\/person\/3f1b0a96e890d8cba89a76c7558a147c","name":"AR Digital Noticias","image":{"@type":"ImageObject","inLanguage":"es","@id":"https:\/\/secure.gravatar.com\/avatar\/55d1acd2f9cac74c99f42fcb5090c2f994204a6f6c571cf4c3001ae692cb9b34?s=96&d=mm&r=g","url":"https:\/\/secure.gravatar.com\/avatar\/55d1acd2f9cac74c99f42fcb5090c2f994204a6f6c571cf4c3001ae692cb9b34?s=96&d=mm&r=g","contentUrl":"https:\/\/secure.gravatar.com\/avatar\/55d1acd2f9cac74c99f42fcb5090c2f994204a6f6c571cf4c3001ae692cb9b34?s=96&d=mm&r=g","caption":"AR Digital Noticias"},"sameAs":["http:\/\/ardigitalnoticias.com"],"url":"https:\/\/ardigitalnoticias.com\/index.php\/author\/editorial\/"}]}},"_links":{"self":[{"href":"https:\/\/ardigitalnoticias.com\/index.php\/wp-json\/wp\/v2\/posts\/9170","targetHints":{"allow":["GET"]}}],"collection":[{"href":"https:\/\/ardigitalnoticias.com\/index.php\/wp-json\/wp\/v2\/posts"}],"about":[{"href":"https:\/\/ardigitalnoticias.com\/index.php\/wp-json\/wp\/v2\/types\/post"}],"author":[{"embeddable":true,"href":"https:\/\/ardigitalnoticias.com\/index.php\/wp-json\/wp\/v2\/users\/2"}],"replies":[{"embeddable":true,"href":"https:\/\/ardigitalnoticias.com\/index.php\/wp-json\/wp\/v2\/comments?post=9170"}],"version-history":[{"count":2,"href":"https:\/\/ardigitalnoticias.com\/index.php\/wp-json\/wp\/v2\/posts\/9170\/revisions"}],"predecessor-version":[{"id":9175,"href":"https:\/\/ardigitalnoticias.com\/index.php\/wp-json\/wp\/v2\/posts\/9170\/revisions\/9175"}],"wp:featuredmedia":[{"embeddable":true,"href":"https:\/\/ardigitalnoticias.com\/index.php\/wp-json\/wp\/v2\/media\/9171"}],"wp:attachment":[{"href":"https:\/\/ardigitalnoticias.com\/index.php\/wp-json\/wp\/v2\/media?parent=9170"}],"wp:term":[{"taxonomy":"category","embeddable":true,"href":"https:\/\/ardigitalnoticias.com\/index.php\/wp-json\/wp\/v2\/categories?post=9170"},{"taxonomy":"post_tag","embeddable":true,"href":"https:\/\/ardigitalnoticias.com\/index.php\/wp-json\/wp\/v2\/tags?post=9170"}],"curies":[{"name":"wp","href":"https:\/\/api.w.org\/{rel}","templated":true}]}}