{"id":9166,"date":"2026-01-20T23:26:50","date_gmt":"2026-01-21T04:26:50","guid":{"rendered":"https:\/\/ardigitalnoticias.com\/?p=9166"},"modified":"2026-01-20T23:26:52","modified_gmt":"2026-01-21T04:26:52","slug":"bienes-entregados-por-las-farc-generan-alertas-en-la-justicia-transicional","status":"publish","type":"post","link":"https:\/\/ardigitalnoticias.com\/index.php\/2026\/01\/20\/bienes-entregados-por-las-farc-generan-alertas-en-la-justicia-transicional\/","title":{"rendered":"BIENES ENTREGADOS POR LAS FARC GENERAN ALERTAS EN LA JUSTICIA TRANSICIONAL"},"content":{"rendered":"\n<p>Los bienes entregados por las extintas FARC al Estado no estar\u00edan cumpliendo con lo pactado en el Acuerdo de Paz, situaci\u00f3n que pone en entredicho la efectividad de la justicia transicional y los compromisos de reparaci\u00f3n a las v\u00edctimas.<\/p>\n\n\n\n<p><strong>POR: ANDR\u00c9S RODR\u00cdGUEZ. <\/strong><\/p>\n\n\n\n<p>Actualmente, el patrimonio est\u00e1 bajo administraci\u00f3n de la Sociedad de Activos Especiales (SAE), mientras que la Unidad para la Atenci\u00f3n y Reparaci\u00f3n Integral a las V\u00edctimas (UARIV) figura como beneficiaria. Este esquema ha generado incertidumbre frente al cumplimiento de los principios de verdad, justicia, reparaci\u00f3n y no repetici\u00f3n.<\/p>\n\n\n<div class=\"wp-block-image\">\n<figure class=\"aligncenter size-large\"><img loading=\"lazy\" decoding=\"async\" width=\"1024\" height=\"636\" src=\"https:\/\/ardigitalnoticias.com\/wp-content\/uploads\/2026\/01\/Photo_1768969372682-1024x636.jpg\" alt=\"\" class=\"wp-image-9167\" srcset=\"https:\/\/ardigitalnoticias.com\/wp-content\/uploads\/2026\/01\/Photo_1768969372682-1024x636.jpg 1024w, https:\/\/ardigitalnoticias.com\/wp-content\/uploads\/2026\/01\/Photo_1768969372682-600x373.jpg 600w, https:\/\/ardigitalnoticias.com\/wp-content\/uploads\/2026\/01\/Photo_1768969372682-300x186.jpg 300w, https:\/\/ardigitalnoticias.com\/wp-content\/uploads\/2026\/01\/Photo_1768969372682-768x477.jpg 768w, https:\/\/ardigitalnoticias.com\/wp-content\/uploads\/2026\/01\/Photo_1768969372682-676x420.jpg 676w, https:\/\/ardigitalnoticias.com\/wp-content\/uploads\/2026\/01\/Photo_1768969372682-150x93.jpg 150w, https:\/\/ardigitalnoticias.com\/wp-content\/uploads\/2026\/01\/Photo_1768969372682-696x432.jpg 696w, https:\/\/ardigitalnoticias.com\/wp-content\/uploads\/2026\/01\/Photo_1768969372682-1068x663.jpg 1068w, https:\/\/ardigitalnoticias.com\/wp-content\/uploads\/2026\/01\/Photo_1768969372682.jpg 1206w\" sizes=\"auto, (max-width: 1024px) 100vw, 1024px\" \/><\/figure>\n<\/div>\n\n\n<p>Organismos y sectores sociales advierten que las falencias en la entrega y administraci\u00f3n de estos bienes podr\u00edan afectar directamente los derechos de las v\u00edctimas y debilitar la confianza en el proceso de paz.<\/p>\n","protected":false},"excerpt":{"rendered":"<p>Los bienes entregados por las extintas FARC al Estado no estar\u00edan cumpliendo con lo pactado en el Acuerdo de Paz, situaci\u00f3n que pone en entredicho la efectividad de la justicia transicional y los compromisos de reparaci\u00f3n a las v\u00edctimas. POR: ANDR\u00c9S RODR\u00cdGUEZ. Actualmente, el patrimonio est\u00e1 bajo administraci\u00f3n de la Sociedad de Activos Especiales (SAE), [&hellip;]<\/p>\n","protected":false},"author":2,"featured_media":9168,"comment_status":"open","ping_status":"open","sticky":false,"template":"","format":"standard","meta":{"_acf_changed":false,"_joinchat":[],"footnotes":""},"categories":[1,20,19],"tags":[],"class_list":{"0":"post-9166","1":"post","2":"type-post","3":"status-publish","4":"format-standard","5":"has-post-thumbnail","7":"category-actualidad","8":"category-judicial","9":"category-regional"},"acf":[],"yoast_head":"<!-- This site is optimized with the Yoast SEO plugin v27.5 - https:\/\/yoast.com\/product\/yoast-seo-wordpress\/ -->\n<title>BIENES ENTREGADOS POR LAS FARC GENERAN ALERTAS EN LA JUSTICIA TRANSICIONAL - AR Digital Noticias<\/title>\n<meta name=\"robots\" content=\"index, follow, max-snippet:-1, max-image-preview:large, max-video-preview:-1\" \/>\n<link rel=\"canonical\" href=\"https:\/\/ardigitalnoticias.com\/index.php\/2026\/01\/20\/bienes-entregados-por-las-farc-generan-alertas-en-la-justicia-transicional\/\" \/>\n<meta property=\"og:locale\" content=\"es_ES\" \/>\n<meta property=\"og:type\" content=\"article\" \/>\n<meta property=\"og:title\" content=\"BIENES ENTREGADOS POR LAS FARC GENERAN ALERTAS EN LA JUSTICIA TRANSICIONAL - AR Digital Noticias\" \/>\n<meta property=\"og:description\" content=\"Los bienes entregados por las extintas FARC al Estado no estar\u00edan cumpliendo con lo pactado en el Acuerdo de Paz, situaci\u00f3n que pone en entredicho la efectividad de la justicia transicional y los compromisos de reparaci\u00f3n a las v\u00edctimas. POR: ANDR\u00c9S RODR\u00cdGUEZ. Actualmente, el patrimonio est\u00e1 bajo administraci\u00f3n de la Sociedad de Activos Especiales (SAE), [&hellip;]\" \/>\n<meta property=\"og:url\" content=\"https:\/\/ardigitalnoticias.com\/index.php\/2026\/01\/20\/bienes-entregados-por-las-farc-generan-alertas-en-la-justicia-transicional\/\" \/>\n<meta property=\"og:site_name\" content=\"AR Digital Noticias\" \/>\n<meta property=\"article:published_time\" content=\"2026-01-21T04:26:50+00:00\" \/>\n<meta property=\"article:modified_time\" content=\"2026-01-21T04:26:52+00:00\" \/>\n<meta property=\"og:image\" content=\"https:\/\/ardigitalnoticias.com\/wp-content\/uploads\/2026\/01\/Photo_1768969371463.png\" \/>\n\t<meta property=\"og:image:width\" content=\"1366\" \/>\n\t<meta property=\"og:image:height\" content=\"768\" \/>\n\t<meta property=\"og:image:type\" content=\"image\/png\" \/>\n<meta name=\"author\" content=\"AR Digital Noticias\" \/>\n<meta name=\"twitter:card\" content=\"summary_large_image\" \/>\n<meta name=\"twitter:label1\" content=\"Escrito por\" \/>\n\t<meta name=\"twitter:data1\" content=\"AR Digital Noticias\" \/>\n\t<meta name=\"twitter:label2\" content=\"Tiempo de lectura\" \/>\n\t<meta name=\"twitter:data2\" content=\"1 minuto\" \/>\n<script type=\"application\/ld+json\" class=\"yoast-schema-graph\">{\"@context\":\"https:\\\/\\\/schema.org\",\"@graph\":[{\"@type\":\"Article\",\"@id\":\"https:\\\/\\\/ardigitalnoticias.com\\\/index.php\\\/2026\\\/01\\\/20\\\/bienes-entregados-por-las-farc-generan-alertas-en-la-justicia-transicional\\\/#article\",\"isPartOf\":{\"@id\":\"https:\\\/\\\/ardigitalnoticias.com\\\/index.php\\\/2026\\\/01\\\/20\\\/bienes-entregados-por-las-farc-generan-alertas-en-la-justicia-transicional\\\/\"},\"author\":{\"name\":\"AR Digital Noticias\",\"@id\":\"https:\\\/\\\/ardigitalnoticias.com\\\/#\\\/schema\\\/person\\\/3f1b0a96e890d8cba89a76c7558a147c\"},\"headline\":\"BIENES ENTREGADOS POR LAS FARC GENERAN ALERTAS EN LA JUSTICIA TRANSICIONAL\",\"datePublished\":\"2026-01-21T04:26:50+00:00\",\"dateModified\":\"2026-01-21T04:26:52+00:00\",\"mainEntityOfPage\":{\"@id\":\"https:\\\/\\\/ardigitalnoticias.com\\\/index.php\\\/2026\\\/01\\\/20\\\/bienes-entregados-por-las-farc-generan-alertas-en-la-justicia-transicional\\\/\"},\"wordCount\":149,\"commentCount\":0,\"publisher\":{\"@id\":\"https:\\\/\\\/ardigitalnoticias.com\\\/#organization\"},\"image\":{\"@id\":\"https:\\\/\\\/ardigitalnoticias.com\\\/index.php\\\/2026\\\/01\\\/20\\\/bienes-entregados-por-las-farc-generan-alertas-en-la-justicia-transicional\\\/#primaryimage\"},\"thumbnailUrl\":\"https:\\\/\\\/ardigitalnoticias.com\\\/wp-content\\\/uploads\\\/2026\\\/01\\\/Photo_1768969371463.png\",\"articleSection\":[\"Actualidad\",\"Judicial\",\"Regional\"],\"inLanguage\":\"es\",\"potentialAction\":[{\"@type\":\"CommentAction\",\"name\":\"Comment\",\"target\":[\"https:\\\/\\\/ardigitalnoticias.com\\\/index.php\\\/2026\\\/01\\\/20\\\/bienes-entregados-por-las-farc-generan-alertas-en-la-justicia-transicional\\\/#respond\"]}]},{\"@type\":\"WebPage\",\"@id\":\"https:\\\/\\\/ardigitalnoticias.com\\\/index.php\\\/2026\\\/01\\\/20\\\/bienes-entregados-por-las-farc-generan-alertas-en-la-justicia-transicional\\\/\",\"url\":\"https:\\\/\\\/ardigitalnoticias.com\\\/index.php\\\/2026\\\/01\\\/20\\\/bienes-entregados-por-las-farc-generan-alertas-en-la-justicia-transicional\\\/\",\"name\":\"BIENES ENTREGADOS POR LAS FARC GENERAN ALERTAS EN LA JUSTICIA TRANSICIONAL - AR Digital Noticias\",\"isPartOf\":{\"@id\":\"https:\\\/\\\/ardigitalnoticias.com\\\/#website\"},\"primaryImageOfPage\":{\"@id\":\"https:\\\/\\\/ardigitalnoticias.com\\\/index.php\\\/2026\\\/01\\\/20\\\/bienes-entregados-por-las-farc-generan-alertas-en-la-justicia-transicional\\\/#primaryimage\"},\"image\":{\"@id\":\"https:\\\/\\\/ardigitalnoticias.com\\\/index.php\\\/2026\\\/01\\\/20\\\/bienes-entregados-por-las-farc-generan-alertas-en-la-justicia-transicional\\\/#primaryimage\"},\"thumbnailUrl\":\"https:\\\/\\\/ardigitalnoticias.com\\\/wp-content\\\/uploads\\\/2026\\\/01\\\/Photo_1768969371463.png\",\"datePublished\":\"2026-01-21T04:26:50+00:00\",\"dateModified\":\"2026-01-21T04:26:52+00:00\",\"breadcrumb\":{\"@id\":\"https:\\\/\\\/ardigitalnoticias.com\\\/index.php\\\/2026\\\/01\\\/20\\\/bienes-entregados-por-las-farc-generan-alertas-en-la-justicia-transicional\\\/#breadcrumb\"},\"inLanguage\":\"es\",\"potentialAction\":[{\"@type\":\"ReadAction\",\"target\":[\"https:\\\/\\\/ardigitalnoticias.com\\\/index.php\\\/2026\\\/01\\\/20\\\/bienes-entregados-por-las-farc-generan-alertas-en-la-justicia-transicional\\\/\"]}]},{\"@type\":\"ImageObject\",\"inLanguage\":\"es\",\"@id\":\"https:\\\/\\\/ardigitalnoticias.com\\\/index.php\\\/2026\\\/01\\\/20\\\/bienes-entregados-por-las-farc-generan-alertas-en-la-justicia-transicional\\\/#primaryimage\",\"url\":\"https:\\\/\\\/ardigitalnoticias.com\\\/wp-content\\\/uploads\\\/2026\\\/01\\\/Photo_1768969371463.png\",\"contentUrl\":\"https:\\\/\\\/ardigitalnoticias.com\\\/wp-content\\\/uploads\\\/2026\\\/01\\\/Photo_1768969371463.png\",\"width\":1366,\"height\":768},{\"@type\":\"BreadcrumbList\",\"@id\":\"https:\\\/\\\/ardigitalnoticias.com\\\/index.php\\\/2026\\\/01\\\/20\\\/bienes-entregados-por-las-farc-generan-alertas-en-la-justicia-transicional\\\/#breadcrumb\",\"itemListElement\":[{\"@type\":\"ListItem\",\"position\":1,\"name\":\"Portada\",\"item\":\"https:\\\/\\\/ardigitalnoticias.com\\\/\"},{\"@type\":\"ListItem\",\"position\":2,\"name\":\"BIENES ENTREGADOS POR LAS FARC GENERAN ALERTAS EN LA JUSTICIA TRANSICIONAL\"}]},{\"@type\":\"WebSite\",\"@id\":\"https:\\\/\\\/ardigitalnoticias.com\\\/#website\",\"url\":\"https:\\\/\\\/ardigitalnoticias.com\\\/\",\"name\":\"AR Digital Noticias\",\"description\":\"\",\"publisher\":{\"@id\":\"https:\\\/\\\/ardigitalnoticias.com\\\/#organization\"},\"potentialAction\":[{\"@type\":\"SearchAction\",\"target\":{\"@type\":\"EntryPoint\",\"urlTemplate\":\"https:\\\/\\\/ardigitalnoticias.com\\\/?s={search_term_string}\"},\"query-input\":{\"@type\":\"PropertyValueSpecification\",\"valueRequired\":true,\"valueName\":\"search_term_string\"}}],\"inLanguage\":\"es\"},{\"@type\":\"Organization\",\"@id\":\"https:\\\/\\\/ardigitalnoticias.com\\\/#organization\",\"name\":\"AR Digital Noticias\",\"url\":\"https:\\\/\\\/ardigitalnoticias.com\\\/\",\"logo\":{\"@type\":\"ImageObject\",\"inLanguage\":\"es\",\"@id\":\"https:\\\/\\\/ardigitalnoticias.com\\\/#\\\/schema\\\/logo\\\/image\\\/\",\"url\":\"https:\\\/\\\/ardigitalnoticias.com\\\/wp-content\\\/uploads\\\/2023\\\/11\\\/cropped-cropped-cropped-cropped-AR-Digital-Noticias-1.png\",\"contentUrl\":\"https:\\\/\\\/ardigitalnoticias.com\\\/wp-content\\\/uploads\\\/2023\\\/11\\\/cropped-cropped-cropped-cropped-AR-Digital-Noticias-1.png\",\"width\":972,\"height\":306,\"caption\":\"AR Digital Noticias\"},\"image\":{\"@id\":\"https:\\\/\\\/ardigitalnoticias.com\\\/#\\\/schema\\\/logo\\\/image\\\/\"}},{\"@type\":\"Person\",\"@id\":\"https:\\\/\\\/ardigitalnoticias.com\\\/#\\\/schema\\\/person\\\/3f1b0a96e890d8cba89a76c7558a147c\",\"name\":\"AR Digital Noticias\",\"image\":{\"@type\":\"ImageObject\",\"inLanguage\":\"es\",\"@id\":\"https:\\\/\\\/secure.gravatar.com\\\/avatar\\\/55d1acd2f9cac74c99f42fcb5090c2f994204a6f6c571cf4c3001ae692cb9b34?s=96&d=mm&r=g\",\"url\":\"https:\\\/\\\/secure.gravatar.com\\\/avatar\\\/55d1acd2f9cac74c99f42fcb5090c2f994204a6f6c571cf4c3001ae692cb9b34?s=96&d=mm&r=g\",\"contentUrl\":\"https:\\\/\\\/secure.gravatar.com\\\/avatar\\\/55d1acd2f9cac74c99f42fcb5090c2f994204a6f6c571cf4c3001ae692cb9b34?s=96&d=mm&r=g\",\"caption\":\"AR Digital Noticias\"},\"sameAs\":[\"http:\\\/\\\/ardigitalnoticias.com\"],\"url\":\"https:\\\/\\\/ardigitalnoticias.com\\\/index.php\\\/author\\\/editorial\\\/\"}]}<\/script>\n<!-- \/ Yoast SEO plugin. -->","yoast_head_json":{"title":"BIENES ENTREGADOS POR LAS FARC GENERAN ALERTAS EN LA JUSTICIA TRANSICIONAL - AR Digital Noticias","robots":{"index":"index","follow":"follow","max-snippet":"max-snippet:-1","max-image-preview":"max-image-preview:large","max-video-preview":"max-video-preview:-1"},"canonical":"https:\/\/ardigitalnoticias.com\/index.php\/2026\/01\/20\/bienes-entregados-por-las-farc-generan-alertas-en-la-justicia-transicional\/","og_locale":"es_ES","og_type":"article","og_title":"BIENES ENTREGADOS POR LAS FARC GENERAN ALERTAS EN LA JUSTICIA TRANSICIONAL - AR Digital Noticias","og_description":"Los bienes entregados por las extintas FARC al Estado no estar\u00edan cumpliendo con lo pactado en el Acuerdo de Paz, situaci\u00f3n que pone en entredicho la efectividad de la justicia transicional y los compromisos de reparaci\u00f3n a las v\u00edctimas. POR: ANDR\u00c9S RODR\u00cdGUEZ. Actualmente, el patrimonio est\u00e1 bajo administraci\u00f3n de la Sociedad de Activos Especiales (SAE), [&hellip;]","og_url":"https:\/\/ardigitalnoticias.com\/index.php\/2026\/01\/20\/bienes-entregados-por-las-farc-generan-alertas-en-la-justicia-transicional\/","og_site_name":"AR Digital Noticias","article_published_time":"2026-01-21T04:26:50+00:00","article_modified_time":"2026-01-21T04:26:52+00:00","og_image":[{"width":1366,"height":768,"url":"https:\/\/ardigitalnoticias.com\/wp-content\/uploads\/2026\/01\/Photo_1768969371463.png","type":"image\/png"}],"author":"AR Digital Noticias","twitter_card":"summary_large_image","twitter_misc":{"Escrito por":"AR Digital Noticias","Tiempo de lectura":"1 minuto"},"schema":{"@context":"https:\/\/schema.org","@graph":[{"@type":"Article","@id":"https:\/\/ardigitalnoticias.com\/index.php\/2026\/01\/20\/bienes-entregados-por-las-farc-generan-alertas-en-la-justicia-transicional\/#article","isPartOf":{"@id":"https:\/\/ardigitalnoticias.com\/index.php\/2026\/01\/20\/bienes-entregados-por-las-farc-generan-alertas-en-la-justicia-transicional\/"},"author":{"name":"AR Digital Noticias","@id":"https:\/\/ardigitalnoticias.com\/#\/schema\/person\/3f1b0a96e890d8cba89a76c7558a147c"},"headline":"BIENES ENTREGADOS POR LAS FARC GENERAN ALERTAS EN LA JUSTICIA TRANSICIONAL","datePublished":"2026-01-21T04:26:50+00:00","dateModified":"2026-01-21T04:26:52+00:00","mainEntityOfPage":{"@id":"https:\/\/ardigitalnoticias.com\/index.php\/2026\/01\/20\/bienes-entregados-por-las-farc-generan-alertas-en-la-justicia-transicional\/"},"wordCount":149,"commentCount":0,"publisher":{"@id":"https:\/\/ardigitalnoticias.com\/#organization"},"image":{"@id":"https:\/\/ardigitalnoticias.com\/index.php\/2026\/01\/20\/bienes-entregados-por-las-farc-generan-alertas-en-la-justicia-transicional\/#primaryimage"},"thumbnailUrl":"https:\/\/ardigitalnoticias.com\/wp-content\/uploads\/2026\/01\/Photo_1768969371463.png","articleSection":["Actualidad","Judicial","Regional"],"inLanguage":"es","potentialAction":[{"@type":"CommentAction","name":"Comment","target":["https:\/\/ardigitalnoticias.com\/index.php\/2026\/01\/20\/bienes-entregados-por-las-farc-generan-alertas-en-la-justicia-transicional\/#respond"]}]},{"@type":"WebPage","@id":"https:\/\/ardigitalnoticias.com\/index.php\/2026\/01\/20\/bienes-entregados-por-las-farc-generan-alertas-en-la-justicia-transicional\/","url":"https:\/\/ardigitalnoticias.com\/index.php\/2026\/01\/20\/bienes-entregados-por-las-farc-generan-alertas-en-la-justicia-transicional\/","name":"BIENES ENTREGADOS POR LAS FARC GENERAN ALERTAS EN LA JUSTICIA TRANSICIONAL - AR Digital Noticias","isPartOf":{"@id":"https:\/\/ardigitalnoticias.com\/#website"},"primaryImageOfPage":{"@id":"https:\/\/ardigitalnoticias.com\/index.php\/2026\/01\/20\/bienes-entregados-por-las-farc-generan-alertas-en-la-justicia-transicional\/#primaryimage"},"image":{"@id":"https:\/\/ardigitalnoticias.com\/index.php\/2026\/01\/20\/bienes-entregados-por-las-farc-generan-alertas-en-la-justicia-transicional\/#primaryimage"},"thumbnailUrl":"https:\/\/ardigitalnoticias.com\/wp-content\/uploads\/2026\/01\/Photo_1768969371463.png","datePublished":"2026-01-21T04:26:50+00:00","dateModified":"2026-01-21T04:26:52+00:00","breadcrumb":{"@id":"https:\/\/ardigitalnoticias.com\/index.php\/2026\/01\/20\/bienes-entregados-por-las-farc-generan-alertas-en-la-justicia-transicional\/#breadcrumb"},"inLanguage":"es","potentialAction":[{"@type":"ReadAction","target":["https:\/\/ardigitalnoticias.com\/index.php\/2026\/01\/20\/bienes-entregados-por-las-farc-generan-alertas-en-la-justicia-transicional\/"]}]},{"@type":"ImageObject","inLanguage":"es","@id":"https:\/\/ardigitalnoticias.com\/index.php\/2026\/01\/20\/bienes-entregados-por-las-farc-generan-alertas-en-la-justicia-transicional\/#primaryimage","url":"https:\/\/ardigitalnoticias.com\/wp-content\/uploads\/2026\/01\/Photo_1768969371463.png","contentUrl":"https:\/\/ardigitalnoticias.com\/wp-content\/uploads\/2026\/01\/Photo_1768969371463.png","width":1366,"height":768},{"@type":"BreadcrumbList","@id":"https:\/\/ardigitalnoticias.com\/index.php\/2026\/01\/20\/bienes-entregados-por-las-farc-generan-alertas-en-la-justicia-transicional\/#breadcrumb","itemListElement":[{"@type":"ListItem","position":1,"name":"Portada","item":"https:\/\/ardigitalnoticias.com\/"},{"@type":"ListItem","position":2,"name":"BIENES ENTREGADOS POR LAS FARC GENERAN ALERTAS EN LA JUSTICIA TRANSICIONAL"}]},{"@type":"WebSite","@id":"https:\/\/ardigitalnoticias.com\/#website","url":"https:\/\/ardigitalnoticias.com\/","name":"AR Digital Noticias","description":"","publisher":{"@id":"https:\/\/ardigitalnoticias.com\/#organization"},"potentialAction":[{"@type":"SearchAction","target":{"@type":"EntryPoint","urlTemplate":"https:\/\/ardigitalnoticias.com\/?s={search_term_string}"},"query-input":{"@type":"PropertyValueSpecification","valueRequired":true,"valueName":"search_term_string"}}],"inLanguage":"es"},{"@type":"Organization","@id":"https:\/\/ardigitalnoticias.com\/#organization","name":"AR Digital Noticias","url":"https:\/\/ardigitalnoticias.com\/","logo":{"@type":"ImageObject","inLanguage":"es","@id":"https:\/\/ardigitalnoticias.com\/#\/schema\/logo\/image\/","url":"https:\/\/ardigitalnoticias.com\/wp-content\/uploads\/2023\/11\/cropped-cropped-cropped-cropped-AR-Digital-Noticias-1.png","contentUrl":"https:\/\/ardigitalnoticias.com\/wp-content\/uploads\/2023\/11\/cropped-cropped-cropped-cropped-AR-Digital-Noticias-1.png","width":972,"height":306,"caption":"AR Digital Noticias"},"image":{"@id":"https:\/\/ardigitalnoticias.com\/#\/schema\/logo\/image\/"}},{"@type":"Person","@id":"https:\/\/ardigitalnoticias.com\/#\/schema\/person\/3f1b0a96e890d8cba89a76c7558a147c","name":"AR Digital Noticias","image":{"@type":"ImageObject","inLanguage":"es","@id":"https:\/\/secure.gravatar.com\/avatar\/55d1acd2f9cac74c99f42fcb5090c2f994204a6f6c571cf4c3001ae692cb9b34?s=96&d=mm&r=g","url":"https:\/\/secure.gravatar.com\/avatar\/55d1acd2f9cac74c99f42fcb5090c2f994204a6f6c571cf4c3001ae692cb9b34?s=96&d=mm&r=g","contentUrl":"https:\/\/secure.gravatar.com\/avatar\/55d1acd2f9cac74c99f42fcb5090c2f994204a6f6c571cf4c3001ae692cb9b34?s=96&d=mm&r=g","caption":"AR Digital Noticias"},"sameAs":["http:\/\/ardigitalnoticias.com"],"url":"https:\/\/ardigitalnoticias.com\/index.php\/author\/editorial\/"}]}},"_links":{"self":[{"href":"https:\/\/ardigitalnoticias.com\/index.php\/wp-json\/wp\/v2\/posts\/9166","targetHints":{"allow":["GET"]}}],"collection":[{"href":"https:\/\/ardigitalnoticias.com\/index.php\/wp-json\/wp\/v2\/posts"}],"about":[{"href":"https:\/\/ardigitalnoticias.com\/index.php\/wp-json\/wp\/v2\/types\/post"}],"author":[{"embeddable":true,"href":"https:\/\/ardigitalnoticias.com\/index.php\/wp-json\/wp\/v2\/users\/2"}],"replies":[{"embeddable":true,"href":"https:\/\/ardigitalnoticias.com\/index.php\/wp-json\/wp\/v2\/comments?post=9166"}],"version-history":[{"count":1,"href":"https:\/\/ardigitalnoticias.com\/index.php\/wp-json\/wp\/v2\/posts\/9166\/revisions"}],"predecessor-version":[{"id":9169,"href":"https:\/\/ardigitalnoticias.com\/index.php\/wp-json\/wp\/v2\/posts\/9166\/revisions\/9169"}],"wp:featuredmedia":[{"embeddable":true,"href":"https:\/\/ardigitalnoticias.com\/index.php\/wp-json\/wp\/v2\/media\/9168"}],"wp:attachment":[{"href":"https:\/\/ardigitalnoticias.com\/index.php\/wp-json\/wp\/v2\/media?parent=9166"}],"wp:term":[{"taxonomy":"category","embeddable":true,"href":"https:\/\/ardigitalnoticias.com\/index.php\/wp-json\/wp\/v2\/categories?post=9166"},{"taxonomy":"post_tag","embeddable":true,"href":"https:\/\/ardigitalnoticias.com\/index.php\/wp-json\/wp\/v2\/tags?post=9166"}],"curies":[{"name":"wp","href":"https:\/\/api.w.org\/{rel}","templated":true}]}}