{"id":9133,"date":"2026-01-19T07:26:48","date_gmt":"2026-01-19T12:26:48","guid":{"rendered":"https:\/\/ardigitalnoticias.com\/?p=9133"},"modified":"2026-01-19T07:26:50","modified_gmt":"2026-01-19T12:26:50","slug":"presunto-responsable-de-feminicidio-es-buscado-por-las-autoridades-en-garzon","status":"publish","type":"post","link":"https:\/\/ardigitalnoticias.com\/index.php\/2026\/01\/19\/presunto-responsable-de-feminicidio-es-buscado-por-las-autoridades-en-garzon\/","title":{"rendered":"PRESUNTO RESPONSABLE DE FEMINICIDIO ES BUSCADO POR LAS AUTORIDADES EN GARZ\u00d3N"},"content":{"rendered":"\n<p>Las autoridades judiciales avanzan en la investigaci\u00f3n por la muerte de Angie Carolina Rivera Garibello, de 28 a\u00f1os, registrada en el municipio de Garz\u00f3n, en el centro del departamento del Huila.<\/p>\n\n\n\n<p><strong>POR: ANDR\u00c9S RODR\u00cdGUEZ. <\/strong><\/p>\n\n\n\n<figure class=\"wp-block-image size-large\"><img loading=\"lazy\" decoding=\"async\" width=\"1000\" height=\"1024\" src=\"https:\/\/ardigitalnoticias.com\/wp-content\/uploads\/2026\/01\/retouch_2026011308522662-1000x1024.jpg\" alt=\"\" class=\"wp-image-9139\" srcset=\"https:\/\/ardigitalnoticias.com\/wp-content\/uploads\/2026\/01\/retouch_2026011308522662-1000x1024.jpg 1000w, https:\/\/ardigitalnoticias.com\/wp-content\/uploads\/2026\/01\/retouch_2026011308522662-586x600.jpg 586w, https:\/\/ardigitalnoticias.com\/wp-content\/uploads\/2026\/01\/retouch_2026011308522662-293x300.jpg 293w, https:\/\/ardigitalnoticias.com\/wp-content\/uploads\/2026\/01\/retouch_2026011308522662-768x786.jpg 768w, https:\/\/ardigitalnoticias.com\/wp-content\/uploads\/2026\/01\/retouch_2026011308522662-410x420.jpg 410w, https:\/\/ardigitalnoticias.com\/wp-content\/uploads\/2026\/01\/retouch_2026011308522662-150x154.jpg 150w, https:\/\/ardigitalnoticias.com\/wp-content\/uploads\/2026\/01\/retouch_2026011308522662-300x307.jpg 300w, https:\/\/ardigitalnoticias.com\/wp-content\/uploads\/2026\/01\/retouch_2026011308522662-696x713.jpg 696w, https:\/\/ardigitalnoticias.com\/wp-content\/uploads\/2026\/01\/retouch_2026011308522662-1068x1093.jpg 1068w, https:\/\/ardigitalnoticias.com\/wp-content\/uploads\/2026\/01\/retouch_2026011308522662.jpg 1430w\" sizes=\"auto, (max-width: 1000px) 100vw, 1000px\" \/><figcaption class=\"wp-element-caption\"><strong>Angie Carolina Rivera Garibello Q.E.P.D.<\/strong><\/figcaption><\/figure>\n\n\n\n<p>El caso es abordado bajo los protocolos de violencia basada en g\u00e9nero, mientras contin\u00faa la b\u00fasqueda del presunto responsable, quien se encuentra pr\u00f3fugo.<\/p>\n\n\n\n<p>La joven fue hallada sin vida en la Avenida Circunvalar del municipio, horas despu\u00e9s de haber salido de su vivienda. De acuerdo con informaci\u00f3n preliminar, que a\u00fan se encuentra en proceso de verificaci\u00f3n, Angie Carolina habr\u00eda salido la noche anterior en una motocicleta en compa\u00f1\u00eda de su pareja sentimental, quien es se\u00f1alado como principal sospechoso y habr\u00eda huido tras los hechos.<\/p>\n\n\n<div class=\"wp-block-image\">\n<figure class=\"aligncenter size-large\"><img loading=\"lazy\" decoding=\"async\" width=\"635\" height=\"1024\" src=\"https:\/\/ardigitalnoticias.com\/wp-content\/uploads\/2026\/01\/Screenshot_20260119_065232_Facebook-635x1024.png\" alt=\"\" class=\"wp-image-9137\" srcset=\"https:\/\/ardigitalnoticias.com\/wp-content\/uploads\/2026\/01\/Screenshot_20260119_065232_Facebook-635x1024.png 635w, https:\/\/ardigitalnoticias.com\/wp-content\/uploads\/2026\/01\/Screenshot_20260119_065232_Facebook-372x600.png 372w, https:\/\/ardigitalnoticias.com\/wp-content\/uploads\/2026\/01\/Screenshot_20260119_065232_Facebook-186x300.png 186w, https:\/\/ardigitalnoticias.com\/wp-content\/uploads\/2026\/01\/Screenshot_20260119_065232_Facebook-768x1239.png 768w, https:\/\/ardigitalnoticias.com\/wp-content\/uploads\/2026\/01\/Screenshot_20260119_065232_Facebook-952x1536.png 952w, https:\/\/ardigitalnoticias.com\/wp-content\/uploads\/2026\/01\/Screenshot_20260119_065232_Facebook-1269x2048.png 1269w, https:\/\/ardigitalnoticias.com\/wp-content\/uploads\/2026\/01\/Screenshot_20260119_065232_Facebook-260x420.png 260w, https:\/\/ardigitalnoticias.com\/wp-content\/uploads\/2026\/01\/Screenshot_20260119_065232_Facebook-150x242.png 150w, https:\/\/ardigitalnoticias.com\/wp-content\/uploads\/2026\/01\/Screenshot_20260119_065232_Facebook-300x484.png 300w, https:\/\/ardigitalnoticias.com\/wp-content\/uploads\/2026\/01\/Screenshot_20260119_065232_Facebook-696x1123.png 696w, https:\/\/ardigitalnoticias.com\/wp-content\/uploads\/2026\/01\/Screenshot_20260119_065232_Facebook-1068x1723.png 1068w, https:\/\/ardigitalnoticias.com\/wp-content\/uploads\/2026\/01\/Screenshot_20260119_065232_Facebook.png 1278w\" sizes=\"auto, (max-width: 635px) 100vw, 635px\" \/><figcaption class=\"wp-element-caption\"><strong>Andr\u00e9s Mart\u00ednez, presunto agresor <\/strong><\/figcaption><\/figure>\n<\/div>\n\n\n<p>En el lugar se adelantaron labores t\u00e9cnicas, recolecci\u00f3n de pruebas, an\u00e1lisis de c\u00e1maras de seguridad y entrevistas a personas cercanas, con el fin de esclarecer plenamente lo ocurrido.<\/p>\n\n\n\n<p>Angie Carolina era madre de tres menores de edad y resid\u00eda en el barrio Los Comuneros. Su fallecimiento ha generado profunda consternaci\u00f3n entre familiares, vecinos y organizaciones sociales, que exigen justicia y celeridad en el proceso investigativo.<\/p>\n\n\n\n<p>Seg\u00fan informaci\u00f3n aportada por allegados a la v\u00edctima, el presunto agresor habr\u00eda tomado rumbo hacia el occidente del Huila, espec\u00edficamente al municipio de La Plata, dato que ya fue puesto en conocimiento de la Polic\u00eda Nacional y la Fiscal\u00eda General de la Naci\u00f3n para orientar las labores de localizaci\u00f3n.Hasta el momento no se reportan capturas. <\/p>\n\n\n\n<p>Las autoridades reiteraron el llamado a la ciudadan\u00eda para que cualquier informaci\u00f3n relevante sea suministrada \u00fanicamente a los canales oficiales, evitando especulaciones o se\u00f1alamientos sin confirmar, con el objetivo de garantizar un proceso judicial adecuado y justicia para la v\u00edctima y su familia.<\/p>\n\n\n\n<figure class=\"wp-block-image size-large\"><img loading=\"lazy\" decoding=\"async\" width=\"576\" height=\"1024\" src=\"https:\/\/ardigitalnoticias.com\/wp-content\/uploads\/2026\/01\/Screenshot_20260113_090118_Facebook-576x1024.png\" alt=\"\" class=\"wp-image-9138\" srcset=\"https:\/\/ardigitalnoticias.com\/wp-content\/uploads\/2026\/01\/Screenshot_20260113_090118_Facebook-576x1024.png 576w, https:\/\/ardigitalnoticias.com\/wp-content\/uploads\/2026\/01\/Screenshot_20260113_090118_Facebook-338x600.png 338w, https:\/\/ardigitalnoticias.com\/wp-content\/uploads\/2026\/01\/Screenshot_20260113_090118_Facebook-169x300.png 169w, https:\/\/ardigitalnoticias.com\/wp-content\/uploads\/2026\/01\/Screenshot_20260113_090118_Facebook-768x1365.png 768w, https:\/\/ardigitalnoticias.com\/wp-content\/uploads\/2026\/01\/Screenshot_20260113_090118_Facebook-864x1536.png 864w, https:\/\/ardigitalnoticias.com\/wp-content\/uploads\/2026\/01\/Screenshot_20260113_090118_Facebook-1152x2048.png 1152w, https:\/\/ardigitalnoticias.com\/wp-content\/uploads\/2026\/01\/Screenshot_20260113_090118_Facebook-236x420.png 236w, https:\/\/ardigitalnoticias.com\/wp-content\/uploads\/2026\/01\/Screenshot_20260113_090118_Facebook-150x267.png 150w, https:\/\/ardigitalnoticias.com\/wp-content\/uploads\/2026\/01\/Screenshot_20260113_090118_Facebook-300x533.png 300w, https:\/\/ardigitalnoticias.com\/wp-content\/uploads\/2026\/01\/Screenshot_20260113_090118_Facebook-696x1237.png 696w, https:\/\/ardigitalnoticias.com\/wp-content\/uploads\/2026\/01\/Screenshot_20260113_090118_Facebook-1068x1899.png 1068w, https:\/\/ardigitalnoticias.com\/wp-content\/uploads\/2026\/01\/Screenshot_20260113_090118_Facebook.png 1439w\" sizes=\"auto, (max-width: 576px) 100vw, 576px\" \/><\/figure>\n","protected":false},"excerpt":{"rendered":"<p>Las autoridades judiciales avanzan en la investigaci\u00f3n por la muerte de Angie Carolina Rivera Garibello, de 28 a\u00f1os, registrada en el municipio de Garz\u00f3n, en el centro del departamento del Huila. POR: ANDR\u00c9S RODR\u00cdGUEZ. El caso es abordado bajo los protocolos de violencia basada en g\u00e9nero, mientras contin\u00faa la b\u00fasqueda del presunto responsable, quien se [&hellip;]<\/p>\n","protected":false},"author":2,"featured_media":9134,"comment_status":"open","ping_status":"open","sticky":false,"template":"","format":"standard","meta":{"_acf_changed":false,"_joinchat":[],"footnotes":""},"categories":[25,21,20,19],"tags":[],"class_list":{"0":"post-9133","1":"post","2":"type-post","3":"status-publish","4":"format-standard","5":"has-post-thumbnail","7":"category-centro","8":"category-locales","9":"category-judicial","10":"category-regional"},"acf":[],"yoast_head":"<!-- This site is optimized with the Yoast SEO plugin v27.5 - https:\/\/yoast.com\/product\/yoast-seo-wordpress\/ -->\n<title>PRESUNTO RESPONSABLE DE FEMINICIDIO ES BUSCADO POR LAS AUTORIDADES EN GARZ\u00d3N - AR Digital Noticias<\/title>\n<meta name=\"robots\" content=\"index, follow, max-snippet:-1, max-image-preview:large, max-video-preview:-1\" \/>\n<link rel=\"canonical\" href=\"https:\/\/ardigitalnoticias.com\/index.php\/2026\/01\/19\/presunto-responsable-de-feminicidio-es-buscado-por-las-autoridades-en-garzon\/\" \/>\n<meta property=\"og:locale\" content=\"es_ES\" \/>\n<meta property=\"og:type\" content=\"article\" \/>\n<meta property=\"og:title\" content=\"PRESUNTO RESPONSABLE DE FEMINICIDIO ES BUSCADO POR LAS AUTORIDADES EN GARZ\u00d3N - AR Digital Noticias\" \/>\n<meta property=\"og:description\" content=\"Las autoridades judiciales avanzan en la investigaci\u00f3n por la muerte de Angie Carolina Rivera Garibello, de 28 a\u00f1os, registrada en el municipio de Garz\u00f3n, en el centro del departamento del Huila. POR: ANDR\u00c9S RODR\u00cdGUEZ. El caso es abordado bajo los protocolos de violencia basada en g\u00e9nero, mientras contin\u00faa la b\u00fasqueda del presunto responsable, quien se [&hellip;]\" \/>\n<meta property=\"og:url\" content=\"https:\/\/ardigitalnoticias.com\/index.php\/2026\/01\/19\/presunto-responsable-de-feminicidio-es-buscado-por-las-autoridades-en-garzon\/\" \/>\n<meta property=\"og:site_name\" content=\"AR Digital Noticias\" \/>\n<meta property=\"article:published_time\" content=\"2026-01-19T12:26:48+00:00\" \/>\n<meta property=\"article:modified_time\" content=\"2026-01-19T12:26:50+00:00\" \/>\n<meta property=\"og:image\" content=\"https:\/\/ardigitalnoticias.com\/wp-content\/uploads\/2026\/01\/Photo_1768824762864.png\" \/>\n\t<meta property=\"og:image:width\" content=\"1366\" \/>\n\t<meta property=\"og:image:height\" content=\"768\" \/>\n\t<meta property=\"og:image:type\" content=\"image\/png\" \/>\n<meta name=\"author\" content=\"AR Digital Noticias\" \/>\n<meta name=\"twitter:card\" content=\"summary_large_image\" \/>\n<meta name=\"twitter:label1\" content=\"Escrito por\" \/>\n\t<meta name=\"twitter:data1\" content=\"AR Digital Noticias\" \/>\n\t<meta name=\"twitter:label2\" content=\"Tiempo de lectura\" \/>\n\t<meta name=\"twitter:data2\" content=\"3 minutos\" \/>\n<script type=\"application\/ld+json\" class=\"yoast-schema-graph\">{\"@context\":\"https:\\\/\\\/schema.org\",\"@graph\":[{\"@type\":\"Article\",\"@id\":\"https:\\\/\\\/ardigitalnoticias.com\\\/index.php\\\/2026\\\/01\\\/19\\\/presunto-responsable-de-feminicidio-es-buscado-por-las-autoridades-en-garzon\\\/#article\",\"isPartOf\":{\"@id\":\"https:\\\/\\\/ardigitalnoticias.com\\\/index.php\\\/2026\\\/01\\\/19\\\/presunto-responsable-de-feminicidio-es-buscado-por-las-autoridades-en-garzon\\\/\"},\"author\":{\"name\":\"AR Digital Noticias\",\"@id\":\"https:\\\/\\\/ardigitalnoticias.com\\\/#\\\/schema\\\/person\\\/3f1b0a96e890d8cba89a76c7558a147c\"},\"headline\":\"PRESUNTO RESPONSABLE DE FEMINICIDIO ES BUSCADO POR LAS AUTORIDADES EN GARZ\u00d3N\",\"datePublished\":\"2026-01-19T12:26:48+00:00\",\"dateModified\":\"2026-01-19T12:26:50+00:00\",\"mainEntityOfPage\":{\"@id\":\"https:\\\/\\\/ardigitalnoticias.com\\\/index.php\\\/2026\\\/01\\\/19\\\/presunto-responsable-de-feminicidio-es-buscado-por-las-autoridades-en-garzon\\\/\"},\"wordCount\":343,\"commentCount\":0,\"publisher\":{\"@id\":\"https:\\\/\\\/ardigitalnoticias.com\\\/#organization\"},\"image\":{\"@id\":\"https:\\\/\\\/ardigitalnoticias.com\\\/index.php\\\/2026\\\/01\\\/19\\\/presunto-responsable-de-feminicidio-es-buscado-por-las-autoridades-en-garzon\\\/#primaryimage\"},\"thumbnailUrl\":\"https:\\\/\\\/ardigitalnoticias.com\\\/wp-content\\\/uploads\\\/2026\\\/01\\\/Photo_1768824762864.png\",\"articleSection\":[\"Centro\",\"Garz\u00f3n\",\"Judicial\",\"Regional\"],\"inLanguage\":\"es\",\"potentialAction\":[{\"@type\":\"CommentAction\",\"name\":\"Comment\",\"target\":[\"https:\\\/\\\/ardigitalnoticias.com\\\/index.php\\\/2026\\\/01\\\/19\\\/presunto-responsable-de-feminicidio-es-buscado-por-las-autoridades-en-garzon\\\/#respond\"]}]},{\"@type\":\"WebPage\",\"@id\":\"https:\\\/\\\/ardigitalnoticias.com\\\/index.php\\\/2026\\\/01\\\/19\\\/presunto-responsable-de-feminicidio-es-buscado-por-las-autoridades-en-garzon\\\/\",\"url\":\"https:\\\/\\\/ardigitalnoticias.com\\\/index.php\\\/2026\\\/01\\\/19\\\/presunto-responsable-de-feminicidio-es-buscado-por-las-autoridades-en-garzon\\\/\",\"name\":\"PRESUNTO RESPONSABLE DE FEMINICIDIO ES BUSCADO POR LAS AUTORIDADES EN GARZ\u00d3N - AR Digital Noticias\",\"isPartOf\":{\"@id\":\"https:\\\/\\\/ardigitalnoticias.com\\\/#website\"},\"primaryImageOfPage\":{\"@id\":\"https:\\\/\\\/ardigitalnoticias.com\\\/index.php\\\/2026\\\/01\\\/19\\\/presunto-responsable-de-feminicidio-es-buscado-por-las-autoridades-en-garzon\\\/#primaryimage\"},\"image\":{\"@id\":\"https:\\\/\\\/ardigitalnoticias.com\\\/index.php\\\/2026\\\/01\\\/19\\\/presunto-responsable-de-feminicidio-es-buscado-por-las-autoridades-en-garzon\\\/#primaryimage\"},\"thumbnailUrl\":\"https:\\\/\\\/ardigitalnoticias.com\\\/wp-content\\\/uploads\\\/2026\\\/01\\\/Photo_1768824762864.png\",\"datePublished\":\"2026-01-19T12:26:48+00:00\",\"dateModified\":\"2026-01-19T12:26:50+00:00\",\"breadcrumb\":{\"@id\":\"https:\\\/\\\/ardigitalnoticias.com\\\/index.php\\\/2026\\\/01\\\/19\\\/presunto-responsable-de-feminicidio-es-buscado-por-las-autoridades-en-garzon\\\/#breadcrumb\"},\"inLanguage\":\"es\",\"potentialAction\":[{\"@type\":\"ReadAction\",\"target\":[\"https:\\\/\\\/ardigitalnoticias.com\\\/index.php\\\/2026\\\/01\\\/19\\\/presunto-responsable-de-feminicidio-es-buscado-por-las-autoridades-en-garzon\\\/\"]}]},{\"@type\":\"ImageObject\",\"inLanguage\":\"es\",\"@id\":\"https:\\\/\\\/ardigitalnoticias.com\\\/index.php\\\/2026\\\/01\\\/19\\\/presunto-responsable-de-feminicidio-es-buscado-por-las-autoridades-en-garzon\\\/#primaryimage\",\"url\":\"https:\\\/\\\/ardigitalnoticias.com\\\/wp-content\\\/uploads\\\/2026\\\/01\\\/Photo_1768824762864.png\",\"contentUrl\":\"https:\\\/\\\/ardigitalnoticias.com\\\/wp-content\\\/uploads\\\/2026\\\/01\\\/Photo_1768824762864.png\",\"width\":1366,\"height\":768},{\"@type\":\"BreadcrumbList\",\"@id\":\"https:\\\/\\\/ardigitalnoticias.com\\\/index.php\\\/2026\\\/01\\\/19\\\/presunto-responsable-de-feminicidio-es-buscado-por-las-autoridades-en-garzon\\\/#breadcrumb\",\"itemListElement\":[{\"@type\":\"ListItem\",\"position\":1,\"name\":\"Portada\",\"item\":\"https:\\\/\\\/ardigitalnoticias.com\\\/\"},{\"@type\":\"ListItem\",\"position\":2,\"name\":\"PRESUNTO RESPONSABLE DE FEMINICIDIO ES BUSCADO POR LAS AUTORIDADES EN GARZ\u00d3N\"}]},{\"@type\":\"WebSite\",\"@id\":\"https:\\\/\\\/ardigitalnoticias.com\\\/#website\",\"url\":\"https:\\\/\\\/ardigitalnoticias.com\\\/\",\"name\":\"AR Digital Noticias\",\"description\":\"\",\"publisher\":{\"@id\":\"https:\\\/\\\/ardigitalnoticias.com\\\/#organization\"},\"potentialAction\":[{\"@type\":\"SearchAction\",\"target\":{\"@type\":\"EntryPoint\",\"urlTemplate\":\"https:\\\/\\\/ardigitalnoticias.com\\\/?s={search_term_string}\"},\"query-input\":{\"@type\":\"PropertyValueSpecification\",\"valueRequired\":true,\"valueName\":\"search_term_string\"}}],\"inLanguage\":\"es\"},{\"@type\":\"Organization\",\"@id\":\"https:\\\/\\\/ardigitalnoticias.com\\\/#organization\",\"name\":\"AR Digital Noticias\",\"url\":\"https:\\\/\\\/ardigitalnoticias.com\\\/\",\"logo\":{\"@type\":\"ImageObject\",\"inLanguage\":\"es\",\"@id\":\"https:\\\/\\\/ardigitalnoticias.com\\\/#\\\/schema\\\/logo\\\/image\\\/\",\"url\":\"https:\\\/\\\/ardigitalnoticias.com\\\/wp-content\\\/uploads\\\/2023\\\/11\\\/cropped-cropped-cropped-cropped-AR-Digital-Noticias-1.png\",\"contentUrl\":\"https:\\\/\\\/ardigitalnoticias.com\\\/wp-content\\\/uploads\\\/2023\\\/11\\\/cropped-cropped-cropped-cropped-AR-Digital-Noticias-1.png\",\"width\":972,\"height\":306,\"caption\":\"AR Digital Noticias\"},\"image\":{\"@id\":\"https:\\\/\\\/ardigitalnoticias.com\\\/#\\\/schema\\\/logo\\\/image\\\/\"}},{\"@type\":\"Person\",\"@id\":\"https:\\\/\\\/ardigitalnoticias.com\\\/#\\\/schema\\\/person\\\/3f1b0a96e890d8cba89a76c7558a147c\",\"name\":\"AR Digital Noticias\",\"image\":{\"@type\":\"ImageObject\",\"inLanguage\":\"es\",\"@id\":\"https:\\\/\\\/secure.gravatar.com\\\/avatar\\\/55d1acd2f9cac74c99f42fcb5090c2f994204a6f6c571cf4c3001ae692cb9b34?s=96&d=mm&r=g\",\"url\":\"https:\\\/\\\/secure.gravatar.com\\\/avatar\\\/55d1acd2f9cac74c99f42fcb5090c2f994204a6f6c571cf4c3001ae692cb9b34?s=96&d=mm&r=g\",\"contentUrl\":\"https:\\\/\\\/secure.gravatar.com\\\/avatar\\\/55d1acd2f9cac74c99f42fcb5090c2f994204a6f6c571cf4c3001ae692cb9b34?s=96&d=mm&r=g\",\"caption\":\"AR Digital Noticias\"},\"sameAs\":[\"http:\\\/\\\/ardigitalnoticias.com\"],\"url\":\"https:\\\/\\\/ardigitalnoticias.com\\\/index.php\\\/author\\\/editorial\\\/\"}]}<\/script>\n<!-- \/ Yoast SEO plugin. -->","yoast_head_json":{"title":"PRESUNTO RESPONSABLE DE FEMINICIDIO ES BUSCADO POR LAS AUTORIDADES EN GARZ\u00d3N - AR Digital Noticias","robots":{"index":"index","follow":"follow","max-snippet":"max-snippet:-1","max-image-preview":"max-image-preview:large","max-video-preview":"max-video-preview:-1"},"canonical":"https:\/\/ardigitalnoticias.com\/index.php\/2026\/01\/19\/presunto-responsable-de-feminicidio-es-buscado-por-las-autoridades-en-garzon\/","og_locale":"es_ES","og_type":"article","og_title":"PRESUNTO RESPONSABLE DE FEMINICIDIO ES BUSCADO POR LAS AUTORIDADES EN GARZ\u00d3N - AR Digital Noticias","og_description":"Las autoridades judiciales avanzan en la investigaci\u00f3n por la muerte de Angie Carolina Rivera Garibello, de 28 a\u00f1os, registrada en el municipio de Garz\u00f3n, en el centro del departamento del Huila. POR: ANDR\u00c9S RODR\u00cdGUEZ. El caso es abordado bajo los protocolos de violencia basada en g\u00e9nero, mientras contin\u00faa la b\u00fasqueda del presunto responsable, quien se [&hellip;]","og_url":"https:\/\/ardigitalnoticias.com\/index.php\/2026\/01\/19\/presunto-responsable-de-feminicidio-es-buscado-por-las-autoridades-en-garzon\/","og_site_name":"AR Digital Noticias","article_published_time":"2026-01-19T12:26:48+00:00","article_modified_time":"2026-01-19T12:26:50+00:00","og_image":[{"width":1366,"height":768,"url":"https:\/\/ardigitalnoticias.com\/wp-content\/uploads\/2026\/01\/Photo_1768824762864.png","type":"image\/png"}],"author":"AR Digital Noticias","twitter_card":"summary_large_image","twitter_misc":{"Escrito por":"AR Digital Noticias","Tiempo de lectura":"3 minutos"},"schema":{"@context":"https:\/\/schema.org","@graph":[{"@type":"Article","@id":"https:\/\/ardigitalnoticias.com\/index.php\/2026\/01\/19\/presunto-responsable-de-feminicidio-es-buscado-por-las-autoridades-en-garzon\/#article","isPartOf":{"@id":"https:\/\/ardigitalnoticias.com\/index.php\/2026\/01\/19\/presunto-responsable-de-feminicidio-es-buscado-por-las-autoridades-en-garzon\/"},"author":{"name":"AR Digital Noticias","@id":"https:\/\/ardigitalnoticias.com\/#\/schema\/person\/3f1b0a96e890d8cba89a76c7558a147c"},"headline":"PRESUNTO RESPONSABLE DE FEMINICIDIO ES BUSCADO POR LAS AUTORIDADES EN GARZ\u00d3N","datePublished":"2026-01-19T12:26:48+00:00","dateModified":"2026-01-19T12:26:50+00:00","mainEntityOfPage":{"@id":"https:\/\/ardigitalnoticias.com\/index.php\/2026\/01\/19\/presunto-responsable-de-feminicidio-es-buscado-por-las-autoridades-en-garzon\/"},"wordCount":343,"commentCount":0,"publisher":{"@id":"https:\/\/ardigitalnoticias.com\/#organization"},"image":{"@id":"https:\/\/ardigitalnoticias.com\/index.php\/2026\/01\/19\/presunto-responsable-de-feminicidio-es-buscado-por-las-autoridades-en-garzon\/#primaryimage"},"thumbnailUrl":"https:\/\/ardigitalnoticias.com\/wp-content\/uploads\/2026\/01\/Photo_1768824762864.png","articleSection":["Centro","Garz\u00f3n","Judicial","Regional"],"inLanguage":"es","potentialAction":[{"@type":"CommentAction","name":"Comment","target":["https:\/\/ardigitalnoticias.com\/index.php\/2026\/01\/19\/presunto-responsable-de-feminicidio-es-buscado-por-las-autoridades-en-garzon\/#respond"]}]},{"@type":"WebPage","@id":"https:\/\/ardigitalnoticias.com\/index.php\/2026\/01\/19\/presunto-responsable-de-feminicidio-es-buscado-por-las-autoridades-en-garzon\/","url":"https:\/\/ardigitalnoticias.com\/index.php\/2026\/01\/19\/presunto-responsable-de-feminicidio-es-buscado-por-las-autoridades-en-garzon\/","name":"PRESUNTO RESPONSABLE DE FEMINICIDIO ES BUSCADO POR LAS AUTORIDADES EN GARZ\u00d3N - AR Digital Noticias","isPartOf":{"@id":"https:\/\/ardigitalnoticias.com\/#website"},"primaryImageOfPage":{"@id":"https:\/\/ardigitalnoticias.com\/index.php\/2026\/01\/19\/presunto-responsable-de-feminicidio-es-buscado-por-las-autoridades-en-garzon\/#primaryimage"},"image":{"@id":"https:\/\/ardigitalnoticias.com\/index.php\/2026\/01\/19\/presunto-responsable-de-feminicidio-es-buscado-por-las-autoridades-en-garzon\/#primaryimage"},"thumbnailUrl":"https:\/\/ardigitalnoticias.com\/wp-content\/uploads\/2026\/01\/Photo_1768824762864.png","datePublished":"2026-01-19T12:26:48+00:00","dateModified":"2026-01-19T12:26:50+00:00","breadcrumb":{"@id":"https:\/\/ardigitalnoticias.com\/index.php\/2026\/01\/19\/presunto-responsable-de-feminicidio-es-buscado-por-las-autoridades-en-garzon\/#breadcrumb"},"inLanguage":"es","potentialAction":[{"@type":"ReadAction","target":["https:\/\/ardigitalnoticias.com\/index.php\/2026\/01\/19\/presunto-responsable-de-feminicidio-es-buscado-por-las-autoridades-en-garzon\/"]}]},{"@type":"ImageObject","inLanguage":"es","@id":"https:\/\/ardigitalnoticias.com\/index.php\/2026\/01\/19\/presunto-responsable-de-feminicidio-es-buscado-por-las-autoridades-en-garzon\/#primaryimage","url":"https:\/\/ardigitalnoticias.com\/wp-content\/uploads\/2026\/01\/Photo_1768824762864.png","contentUrl":"https:\/\/ardigitalnoticias.com\/wp-content\/uploads\/2026\/01\/Photo_1768824762864.png","width":1366,"height":768},{"@type":"BreadcrumbList","@id":"https:\/\/ardigitalnoticias.com\/index.php\/2026\/01\/19\/presunto-responsable-de-feminicidio-es-buscado-por-las-autoridades-en-garzon\/#breadcrumb","itemListElement":[{"@type":"ListItem","position":1,"name":"Portada","item":"https:\/\/ardigitalnoticias.com\/"},{"@type":"ListItem","position":2,"name":"PRESUNTO RESPONSABLE DE FEMINICIDIO ES BUSCADO POR LAS AUTORIDADES EN GARZ\u00d3N"}]},{"@type":"WebSite","@id":"https:\/\/ardigitalnoticias.com\/#website","url":"https:\/\/ardigitalnoticias.com\/","name":"AR Digital Noticias","description":"","publisher":{"@id":"https:\/\/ardigitalnoticias.com\/#organization"},"potentialAction":[{"@type":"SearchAction","target":{"@type":"EntryPoint","urlTemplate":"https:\/\/ardigitalnoticias.com\/?s={search_term_string}"},"query-input":{"@type":"PropertyValueSpecification","valueRequired":true,"valueName":"search_term_string"}}],"inLanguage":"es"},{"@type":"Organization","@id":"https:\/\/ardigitalnoticias.com\/#organization","name":"AR Digital Noticias","url":"https:\/\/ardigitalnoticias.com\/","logo":{"@type":"ImageObject","inLanguage":"es","@id":"https:\/\/ardigitalnoticias.com\/#\/schema\/logo\/image\/","url":"https:\/\/ardigitalnoticias.com\/wp-content\/uploads\/2023\/11\/cropped-cropped-cropped-cropped-AR-Digital-Noticias-1.png","contentUrl":"https:\/\/ardigitalnoticias.com\/wp-content\/uploads\/2023\/11\/cropped-cropped-cropped-cropped-AR-Digital-Noticias-1.png","width":972,"height":306,"caption":"AR Digital Noticias"},"image":{"@id":"https:\/\/ardigitalnoticias.com\/#\/schema\/logo\/image\/"}},{"@type":"Person","@id":"https:\/\/ardigitalnoticias.com\/#\/schema\/person\/3f1b0a96e890d8cba89a76c7558a147c","name":"AR Digital Noticias","image":{"@type":"ImageObject","inLanguage":"es","@id":"https:\/\/secure.gravatar.com\/avatar\/55d1acd2f9cac74c99f42fcb5090c2f994204a6f6c571cf4c3001ae692cb9b34?s=96&d=mm&r=g","url":"https:\/\/secure.gravatar.com\/avatar\/55d1acd2f9cac74c99f42fcb5090c2f994204a6f6c571cf4c3001ae692cb9b34?s=96&d=mm&r=g","contentUrl":"https:\/\/secure.gravatar.com\/avatar\/55d1acd2f9cac74c99f42fcb5090c2f994204a6f6c571cf4c3001ae692cb9b34?s=96&d=mm&r=g","caption":"AR Digital Noticias"},"sameAs":["http:\/\/ardigitalnoticias.com"],"url":"https:\/\/ardigitalnoticias.com\/index.php\/author\/editorial\/"}]}},"_links":{"self":[{"href":"https:\/\/ardigitalnoticias.com\/index.php\/wp-json\/wp\/v2\/posts\/9133","targetHints":{"allow":["GET"]}}],"collection":[{"href":"https:\/\/ardigitalnoticias.com\/index.php\/wp-json\/wp\/v2\/posts"}],"about":[{"href":"https:\/\/ardigitalnoticias.com\/index.php\/wp-json\/wp\/v2\/types\/post"}],"author":[{"embeddable":true,"href":"https:\/\/ardigitalnoticias.com\/index.php\/wp-json\/wp\/v2\/users\/2"}],"replies":[{"embeddable":true,"href":"https:\/\/ardigitalnoticias.com\/index.php\/wp-json\/wp\/v2\/comments?post=9133"}],"version-history":[{"count":1,"href":"https:\/\/ardigitalnoticias.com\/index.php\/wp-json\/wp\/v2\/posts\/9133\/revisions"}],"predecessor-version":[{"id":9140,"href":"https:\/\/ardigitalnoticias.com\/index.php\/wp-json\/wp\/v2\/posts\/9133\/revisions\/9140"}],"wp:featuredmedia":[{"embeddable":true,"href":"https:\/\/ardigitalnoticias.com\/index.php\/wp-json\/wp\/v2\/media\/9134"}],"wp:attachment":[{"href":"https:\/\/ardigitalnoticias.com\/index.php\/wp-json\/wp\/v2\/media?parent=9133"}],"wp:term":[{"taxonomy":"category","embeddable":true,"href":"https:\/\/ardigitalnoticias.com\/index.php\/wp-json\/wp\/v2\/categories?post=9133"},{"taxonomy":"post_tag","embeddable":true,"href":"https:\/\/ardigitalnoticias.com\/index.php\/wp-json\/wp\/v2\/tags?post=9133"}],"curies":[{"name":"wp","href":"https:\/\/api.w.org\/{rel}","templated":true}]}}