{"id":8979,"date":"2025-12-04T08:11:56","date_gmt":"2025-12-04T13:11:56","guid":{"rendered":"https:\/\/ardigitalnoticias.com\/?p=8979"},"modified":"2025-12-04T08:11:57","modified_gmt":"2025-12-04T13:11:57","slug":"definida-la-lista-liberal-del-huila-a-la-camara","status":"publish","type":"post","link":"https:\/\/ardigitalnoticias.com\/index.php\/2025\/12\/04\/definida-la-lista-liberal-del-huila-a-la-camara\/","title":{"rendered":"DEFINIDA LA LISTA LIBERAL DEL HUILA A LA C\u00c1MARA"},"content":{"rendered":"\n<p>El Partido Liberal confirm\u00f3 la conformaci\u00f3n de su lista a la C\u00e1mara por el Huila, considerada una de las m\u00e1s competitivas de la contienda.<\/p>\n\n\n\n<p><strong>POR: ANDR\u00c9S RODR\u00cdGUEZ<\/strong><\/p>\n\n\n\n<p>La colectividad apuesta por un equipo diverso, con experiencia pol\u00edtica y presencia territorial, con la expectativa de asegurar dos curules y disputar un tercer esca\u00f1o en marzo.<\/p>\n\n\n\n<p>La lista ser\u00e1 encabezada por Flora Perdomo, actual representante a la C\u00e1mara, quien busca renovar su credencial respaldada en su trayectoria legislativa y en la gesti\u00f3n de iniciativas sociales, con \u00e9nfasis en equidad y bienestar para el departamento.<\/p>\n\n\n<div class=\"wp-block-image\">\n<figure class=\"aligncenter size-large\"><img loading=\"lazy\" decoding=\"async\" width=\"645\" height=\"1024\" src=\"https:\/\/ardigitalnoticias.com\/wp-content\/uploads\/2025\/12\/FB_IMG_1764644893179-645x1024.jpg\" alt=\"\" class=\"wp-image-8981\" srcset=\"https:\/\/ardigitalnoticias.com\/wp-content\/uploads\/2025\/12\/FB_IMG_1764644893179-645x1024.jpg 645w, https:\/\/ardigitalnoticias.com\/wp-content\/uploads\/2025\/12\/FB_IMG_1764644893179-378x600.jpg 378w, https:\/\/ardigitalnoticias.com\/wp-content\/uploads\/2025\/12\/FB_IMG_1764644893179-189x300.jpg 189w, https:\/\/ardigitalnoticias.com\/wp-content\/uploads\/2025\/12\/FB_IMG_1764644893179-768x1220.jpg 768w, https:\/\/ardigitalnoticias.com\/wp-content\/uploads\/2025\/12\/FB_IMG_1764644893179-264x420.jpg 264w, https:\/\/ardigitalnoticias.com\/wp-content\/uploads\/2025\/12\/FB_IMG_1764644893179-150x238.jpg 150w, https:\/\/ardigitalnoticias.com\/wp-content\/uploads\/2025\/12\/FB_IMG_1764644893179-300x476.jpg 300w, https:\/\/ardigitalnoticias.com\/wp-content\/uploads\/2025\/12\/FB_IMG_1764644893179-696x1105.jpg 696w, https:\/\/ardigitalnoticias.com\/wp-content\/uploads\/2025\/12\/FB_IMG_1764644893179.jpg 806w\" sizes=\"auto, (max-width: 645px) 100vw, 645px\" \/><figcaption class=\"wp-element-caption\"><strong>Flora Perdomo<\/strong><\/figcaption><\/figure>\n<\/div>\n\n\n<p>En el segundo rengl\u00f3n estar\u00e1 Franky Vega, excandidato a la Alcald\u00eda de Pitalito, reconocido por su liderazgo en el sur del Huila y por promover propuestas orientadas al desarrollo local, la transparencia y el fortalecimiento institucional.<\/p>\n\n\n<div class=\"wp-block-image\">\n<figure class=\"aligncenter size-full\"><img loading=\"lazy\" decoding=\"async\" width=\"697\" height=\"963\" src=\"https:\/\/ardigitalnoticias.com\/wp-content\/uploads\/2025\/12\/FB_IMG_1764644729546.jpg\" alt=\"\" class=\"wp-image-8983\" srcset=\"https:\/\/ardigitalnoticias.com\/wp-content\/uploads\/2025\/12\/FB_IMG_1764644729546.jpg 697w, https:\/\/ardigitalnoticias.com\/wp-content\/uploads\/2025\/12\/FB_IMG_1764644729546-434x600.jpg 434w, https:\/\/ardigitalnoticias.com\/wp-content\/uploads\/2025\/12\/FB_IMG_1764644729546-217x300.jpg 217w, https:\/\/ardigitalnoticias.com\/wp-content\/uploads\/2025\/12\/FB_IMG_1764644729546-304x420.jpg 304w, https:\/\/ardigitalnoticias.com\/wp-content\/uploads\/2025\/12\/FB_IMG_1764644729546-150x207.jpg 150w, https:\/\/ardigitalnoticias.com\/wp-content\/uploads\/2025\/12\/FB_IMG_1764644729546-300x414.jpg 300w\" sizes=\"auto, (max-width: 697px) 100vw, 697px\" \/><figcaption class=\"wp-element-caption\"><strong>Franky Vega<\/strong><\/figcaption><\/figure>\n<\/div>\n\n\n<p>Tambi\u00e9n integra la lista Mireya Bravo, l\u00edder conservadora y figura pol\u00edtica del occidente huilense. Su llegada representa un respaldo territorial clave y una apuesta del liberalismo por abrir espacios a otros sectores con trabajo comunitario.<\/p>\n\n\n<div class=\"wp-block-image\">\n<figure class=\"aligncenter size-large\"><img loading=\"lazy\" decoding=\"async\" width=\"939\" height=\"1024\" src=\"https:\/\/ardigitalnoticias.com\/wp-content\/uploads\/2025\/12\/FB_IMG_1764644731367-939x1024.jpg\" alt=\"\" class=\"wp-image-8982\" srcset=\"https:\/\/ardigitalnoticias.com\/wp-content\/uploads\/2025\/12\/FB_IMG_1764644731367-939x1024.jpg 939w, https:\/\/ardigitalnoticias.com\/wp-content\/uploads\/2025\/12\/FB_IMG_1764644731367-550x600.jpg 550w, https:\/\/ardigitalnoticias.com\/wp-content\/uploads\/2025\/12\/FB_IMG_1764644731367-275x300.jpg 275w, https:\/\/ardigitalnoticias.com\/wp-content\/uploads\/2025\/12\/FB_IMG_1764644731367-768x838.jpg 768w, https:\/\/ardigitalnoticias.com\/wp-content\/uploads\/2025\/12\/FB_IMG_1764644731367-385x420.jpg 385w, https:\/\/ardigitalnoticias.com\/wp-content\/uploads\/2025\/12\/FB_IMG_1764644731367-150x164.jpg 150w, https:\/\/ardigitalnoticias.com\/wp-content\/uploads\/2025\/12\/FB_IMG_1764644731367-300x327.jpg 300w, https:\/\/ardigitalnoticias.com\/wp-content\/uploads\/2025\/12\/FB_IMG_1764644731367-696x759.jpg 696w, https:\/\/ardigitalnoticias.com\/wp-content\/uploads\/2025\/12\/FB_IMG_1764644731367.jpg 1066w\" sizes=\"auto, (max-width: 939px) 100vw, 939px\" \/><figcaption class=\"wp-element-caption\"><strong>Mireya Bravo<\/strong><\/figcaption><\/figure>\n<\/div>\n\n\n<p>Completa la n\u00f3mina Rodrigo Amaya Culma, exdiputado con trayectoria en la gesti\u00f3n p\u00fablica y en proyectos sociales en diferentes municipios. Su presencia aporta estructura pol\u00edtica y conocimiento del territorio.<\/p>\n\n\n<div class=\"wp-block-image\">\n<figure class=\"aligncenter size-large\"><img loading=\"lazy\" decoding=\"async\" width=\"683\" height=\"1024\" src=\"https:\/\/ardigitalnoticias.com\/wp-content\/uploads\/2025\/12\/FB_IMG_1764644727215-683x1024.jpg\" alt=\"\" class=\"wp-image-8984\" srcset=\"https:\/\/ardigitalnoticias.com\/wp-content\/uploads\/2025\/12\/FB_IMG_1764644727215-683x1024.jpg 683w, https:\/\/ardigitalnoticias.com\/wp-content\/uploads\/2025\/12\/FB_IMG_1764644727215-400x600.jpg 400w, https:\/\/ardigitalnoticias.com\/wp-content\/uploads\/2025\/12\/FB_IMG_1764644727215-200x300.jpg 200w, https:\/\/ardigitalnoticias.com\/wp-content\/uploads\/2025\/12\/FB_IMG_1764644727215-768x1152.jpg 768w, https:\/\/ardigitalnoticias.com\/wp-content\/uploads\/2025\/12\/FB_IMG_1764644727215-1024x1536.jpg 1024w, https:\/\/ardigitalnoticias.com\/wp-content\/uploads\/2025\/12\/FB_IMG_1764644727215-280x420.jpg 280w, https:\/\/ardigitalnoticias.com\/wp-content\/uploads\/2025\/12\/FB_IMG_1764644727215-150x225.jpg 150w, https:\/\/ardigitalnoticias.com\/wp-content\/uploads\/2025\/12\/FB_IMG_1764644727215-300x450.jpg 300w, https:\/\/ardigitalnoticias.com\/wp-content\/uploads\/2025\/12\/FB_IMG_1764644727215-696x1044.jpg 696w, https:\/\/ardigitalnoticias.com\/wp-content\/uploads\/2025\/12\/FB_IMG_1764644727215-1068x1602.jpg 1068w, https:\/\/ardigitalnoticias.com\/wp-content\/uploads\/2025\/12\/FB_IMG_1764644727215.jpg 1365w\" sizes=\"auto, (max-width: 683px) 100vw, 683px\" \/><figcaption class=\"wp-element-caption\"><strong>Rodrigo Amaya Culma<\/strong><\/figcaption><\/figure>\n<\/div>\n\n\n<p>Con esta definici\u00f3n, el liberalismo huilense se presenta con una propuesta s\u00f3lida y plural, conformada por liderazgos con experiencia y arraigo regional.<\/p>\n\n\n<div class=\"wp-block-image\">\n<figure class=\"aligncenter size-full\"><img loading=\"lazy\" decoding=\"async\" width=\"225\" height=\"225\" src=\"https:\/\/ardigitalnoticias.com\/wp-content\/uploads\/2025\/12\/FB_IMG_1764644723271.jpg\" alt=\"\" class=\"wp-image-8986\" srcset=\"https:\/\/ardigitalnoticias.com\/wp-content\/uploads\/2025\/12\/FB_IMG_1764644723271.jpg 225w, https:\/\/ardigitalnoticias.com\/wp-content\/uploads\/2025\/12\/FB_IMG_1764644723271-150x150.jpg 150w\" sizes=\"auto, (max-width: 225px) 100vw, 225px\" \/><\/figure>\n<\/div>","protected":false},"excerpt":{"rendered":"<p>El Partido Liberal confirm\u00f3 la conformaci\u00f3n de su lista a la C\u00e1mara por el Huila, considerada una de las m\u00e1s competitivas de la contienda. POR: ANDR\u00c9S RODR\u00cdGUEZ La colectividad apuesta por un equipo diverso, con experiencia pol\u00edtica y presencia territorial, con la expectativa de asegurar dos curules y disputar un tercer esca\u00f1o en marzo. La [&hellip;]<\/p>\n","protected":false},"author":2,"featured_media":8980,"comment_status":"open","ping_status":"open","sticky":false,"template":"","format":"standard","meta":{"_acf_changed":false,"_joinchat":[],"footnotes":""},"categories":[1,24,19],"tags":[],"class_list":{"0":"post-8979","1":"post","2":"type-post","3":"status-publish","4":"format-standard","5":"has-post-thumbnail","7":"category-actualidad","8":"category-politica","9":"category-regional"},"acf":[],"yoast_head":"<!-- This site is optimized with the Yoast SEO plugin v27.5 - https:\/\/yoast.com\/product\/yoast-seo-wordpress\/ -->\n<title>DEFINIDA LA LISTA LIBERAL DEL HUILA A LA C\u00c1MARA - AR Digital Noticias<\/title>\n<meta name=\"robots\" content=\"index, follow, max-snippet:-1, max-image-preview:large, max-video-preview:-1\" \/>\n<link rel=\"canonical\" href=\"https:\/\/ardigitalnoticias.com\/index.php\/2025\/12\/04\/definida-la-lista-liberal-del-huila-a-la-camara\/\" \/>\n<meta property=\"og:locale\" content=\"es_ES\" \/>\n<meta property=\"og:type\" content=\"article\" \/>\n<meta property=\"og:title\" content=\"DEFINIDA LA LISTA LIBERAL DEL HUILA A LA C\u00c1MARA - AR Digital Noticias\" \/>\n<meta property=\"og:description\" content=\"El Partido Liberal confirm\u00f3 la conformaci\u00f3n de su lista a la C\u00e1mara por el Huila, considerada una de las m\u00e1s competitivas de la contienda. POR: ANDR\u00c9S RODR\u00cdGUEZ La colectividad apuesta por un equipo diverso, con experiencia pol\u00edtica y presencia territorial, con la expectativa de asegurar dos curules y disputar un tercer esca\u00f1o en marzo. La [&hellip;]\" \/>\n<meta property=\"og:url\" content=\"https:\/\/ardigitalnoticias.com\/index.php\/2025\/12\/04\/definida-la-lista-liberal-del-huila-a-la-camara\/\" \/>\n<meta property=\"og:site_name\" content=\"AR Digital Noticias\" \/>\n<meta property=\"article:published_time\" content=\"2025-12-04T13:11:56+00:00\" \/>\n<meta property=\"article:modified_time\" content=\"2025-12-04T13:11:57+00:00\" \/>\n<meta property=\"og:image\" content=\"https:\/\/ardigitalnoticias.com\/wp-content\/uploads\/2025\/12\/Photo_1764853371803.png\" \/>\n\t<meta property=\"og:image:width\" content=\"1366\" \/>\n\t<meta property=\"og:image:height\" content=\"768\" \/>\n\t<meta property=\"og:image:type\" content=\"image\/png\" \/>\n<meta name=\"author\" content=\"AR Digital Noticias\" \/>\n<meta name=\"twitter:card\" content=\"summary_large_image\" \/>\n<meta name=\"twitter:label1\" content=\"Escrito por\" \/>\n\t<meta name=\"twitter:data1\" content=\"AR Digital Noticias\" \/>\n\t<meta name=\"twitter:label2\" content=\"Tiempo de lectura\" \/>\n\t<meta name=\"twitter:data2\" content=\"3 minutos\" \/>\n<script type=\"application\/ld+json\" class=\"yoast-schema-graph\">{\"@context\":\"https:\\\/\\\/schema.org\",\"@graph\":[{\"@type\":\"Article\",\"@id\":\"https:\\\/\\\/ardigitalnoticias.com\\\/index.php\\\/2025\\\/12\\\/04\\\/definida-la-lista-liberal-del-huila-a-la-camara\\\/#article\",\"isPartOf\":{\"@id\":\"https:\\\/\\\/ardigitalnoticias.com\\\/index.php\\\/2025\\\/12\\\/04\\\/definida-la-lista-liberal-del-huila-a-la-camara\\\/\"},\"author\":{\"name\":\"AR Digital Noticias\",\"@id\":\"https:\\\/\\\/ardigitalnoticias.com\\\/#\\\/schema\\\/person\\\/3f1b0a96e890d8cba89a76c7558a147c\"},\"headline\":\"DEFINIDA LA LISTA LIBERAL DEL HUILA A LA C\u00c1MARA\",\"datePublished\":\"2025-12-04T13:11:56+00:00\",\"dateModified\":\"2025-12-04T13:11:57+00:00\",\"mainEntityOfPage\":{\"@id\":\"https:\\\/\\\/ardigitalnoticias.com\\\/index.php\\\/2025\\\/12\\\/04\\\/definida-la-lista-liberal-del-huila-a-la-camara\\\/\"},\"wordCount\":253,\"commentCount\":0,\"publisher\":{\"@id\":\"https:\\\/\\\/ardigitalnoticias.com\\\/#organization\"},\"image\":{\"@id\":\"https:\\\/\\\/ardigitalnoticias.com\\\/index.php\\\/2025\\\/12\\\/04\\\/definida-la-lista-liberal-del-huila-a-la-camara\\\/#primaryimage\"},\"thumbnailUrl\":\"https:\\\/\\\/ardigitalnoticias.com\\\/wp-content\\\/uploads\\\/2025\\\/12\\\/Photo_1764853371803.png\",\"articleSection\":[\"Actualidad\",\"Pol\u00edtica\",\"Regional\"],\"inLanguage\":\"es\",\"potentialAction\":[{\"@type\":\"CommentAction\",\"name\":\"Comment\",\"target\":[\"https:\\\/\\\/ardigitalnoticias.com\\\/index.php\\\/2025\\\/12\\\/04\\\/definida-la-lista-liberal-del-huila-a-la-camara\\\/#respond\"]}]},{\"@type\":\"WebPage\",\"@id\":\"https:\\\/\\\/ardigitalnoticias.com\\\/index.php\\\/2025\\\/12\\\/04\\\/definida-la-lista-liberal-del-huila-a-la-camara\\\/\",\"url\":\"https:\\\/\\\/ardigitalnoticias.com\\\/index.php\\\/2025\\\/12\\\/04\\\/definida-la-lista-liberal-del-huila-a-la-camara\\\/\",\"name\":\"DEFINIDA LA LISTA LIBERAL DEL HUILA A LA C\u00c1MARA - AR Digital Noticias\",\"isPartOf\":{\"@id\":\"https:\\\/\\\/ardigitalnoticias.com\\\/#website\"},\"primaryImageOfPage\":{\"@id\":\"https:\\\/\\\/ardigitalnoticias.com\\\/index.php\\\/2025\\\/12\\\/04\\\/definida-la-lista-liberal-del-huila-a-la-camara\\\/#primaryimage\"},\"image\":{\"@id\":\"https:\\\/\\\/ardigitalnoticias.com\\\/index.php\\\/2025\\\/12\\\/04\\\/definida-la-lista-liberal-del-huila-a-la-camara\\\/#primaryimage\"},\"thumbnailUrl\":\"https:\\\/\\\/ardigitalnoticias.com\\\/wp-content\\\/uploads\\\/2025\\\/12\\\/Photo_1764853371803.png\",\"datePublished\":\"2025-12-04T13:11:56+00:00\",\"dateModified\":\"2025-12-04T13:11:57+00:00\",\"breadcrumb\":{\"@id\":\"https:\\\/\\\/ardigitalnoticias.com\\\/index.php\\\/2025\\\/12\\\/04\\\/definida-la-lista-liberal-del-huila-a-la-camara\\\/#breadcrumb\"},\"inLanguage\":\"es\",\"potentialAction\":[{\"@type\":\"ReadAction\",\"target\":[\"https:\\\/\\\/ardigitalnoticias.com\\\/index.php\\\/2025\\\/12\\\/04\\\/definida-la-lista-liberal-del-huila-a-la-camara\\\/\"]}]},{\"@type\":\"ImageObject\",\"inLanguage\":\"es\",\"@id\":\"https:\\\/\\\/ardigitalnoticias.com\\\/index.php\\\/2025\\\/12\\\/04\\\/definida-la-lista-liberal-del-huila-a-la-camara\\\/#primaryimage\",\"url\":\"https:\\\/\\\/ardigitalnoticias.com\\\/wp-content\\\/uploads\\\/2025\\\/12\\\/Photo_1764853371803.png\",\"contentUrl\":\"https:\\\/\\\/ardigitalnoticias.com\\\/wp-content\\\/uploads\\\/2025\\\/12\\\/Photo_1764853371803.png\",\"width\":1366,\"height\":768},{\"@type\":\"BreadcrumbList\",\"@id\":\"https:\\\/\\\/ardigitalnoticias.com\\\/index.php\\\/2025\\\/12\\\/04\\\/definida-la-lista-liberal-del-huila-a-la-camara\\\/#breadcrumb\",\"itemListElement\":[{\"@type\":\"ListItem\",\"position\":1,\"name\":\"Portada\",\"item\":\"https:\\\/\\\/ardigitalnoticias.com\\\/\"},{\"@type\":\"ListItem\",\"position\":2,\"name\":\"DEFINIDA LA LISTA LIBERAL DEL HUILA A LA C\u00c1MARA\"}]},{\"@type\":\"WebSite\",\"@id\":\"https:\\\/\\\/ardigitalnoticias.com\\\/#website\",\"url\":\"https:\\\/\\\/ardigitalnoticias.com\\\/\",\"name\":\"AR Digital Noticias\",\"description\":\"\",\"publisher\":{\"@id\":\"https:\\\/\\\/ardigitalnoticias.com\\\/#organization\"},\"potentialAction\":[{\"@type\":\"SearchAction\",\"target\":{\"@type\":\"EntryPoint\",\"urlTemplate\":\"https:\\\/\\\/ardigitalnoticias.com\\\/?s={search_term_string}\"},\"query-input\":{\"@type\":\"PropertyValueSpecification\",\"valueRequired\":true,\"valueName\":\"search_term_string\"}}],\"inLanguage\":\"es\"},{\"@type\":\"Organization\",\"@id\":\"https:\\\/\\\/ardigitalnoticias.com\\\/#organization\",\"name\":\"AR Digital Noticias\",\"url\":\"https:\\\/\\\/ardigitalnoticias.com\\\/\",\"logo\":{\"@type\":\"ImageObject\",\"inLanguage\":\"es\",\"@id\":\"https:\\\/\\\/ardigitalnoticias.com\\\/#\\\/schema\\\/logo\\\/image\\\/\",\"url\":\"https:\\\/\\\/ardigitalnoticias.com\\\/wp-content\\\/uploads\\\/2023\\\/11\\\/cropped-cropped-cropped-cropped-AR-Digital-Noticias-1.png\",\"contentUrl\":\"https:\\\/\\\/ardigitalnoticias.com\\\/wp-content\\\/uploads\\\/2023\\\/11\\\/cropped-cropped-cropped-cropped-AR-Digital-Noticias-1.png\",\"width\":972,\"height\":306,\"caption\":\"AR Digital Noticias\"},\"image\":{\"@id\":\"https:\\\/\\\/ardigitalnoticias.com\\\/#\\\/schema\\\/logo\\\/image\\\/\"}},{\"@type\":\"Person\",\"@id\":\"https:\\\/\\\/ardigitalnoticias.com\\\/#\\\/schema\\\/person\\\/3f1b0a96e890d8cba89a76c7558a147c\",\"name\":\"AR Digital Noticias\",\"image\":{\"@type\":\"ImageObject\",\"inLanguage\":\"es\",\"@id\":\"https:\\\/\\\/secure.gravatar.com\\\/avatar\\\/55d1acd2f9cac74c99f42fcb5090c2f994204a6f6c571cf4c3001ae692cb9b34?s=96&d=mm&r=g\",\"url\":\"https:\\\/\\\/secure.gravatar.com\\\/avatar\\\/55d1acd2f9cac74c99f42fcb5090c2f994204a6f6c571cf4c3001ae692cb9b34?s=96&d=mm&r=g\",\"contentUrl\":\"https:\\\/\\\/secure.gravatar.com\\\/avatar\\\/55d1acd2f9cac74c99f42fcb5090c2f994204a6f6c571cf4c3001ae692cb9b34?s=96&d=mm&r=g\",\"caption\":\"AR Digital Noticias\"},\"sameAs\":[\"http:\\\/\\\/ardigitalnoticias.com\"],\"url\":\"https:\\\/\\\/ardigitalnoticias.com\\\/index.php\\\/author\\\/editorial\\\/\"}]}<\/script>\n<!-- \/ Yoast SEO plugin. -->","yoast_head_json":{"title":"DEFINIDA LA LISTA LIBERAL DEL HUILA A LA C\u00c1MARA - AR Digital Noticias","robots":{"index":"index","follow":"follow","max-snippet":"max-snippet:-1","max-image-preview":"max-image-preview:large","max-video-preview":"max-video-preview:-1"},"canonical":"https:\/\/ardigitalnoticias.com\/index.php\/2025\/12\/04\/definida-la-lista-liberal-del-huila-a-la-camara\/","og_locale":"es_ES","og_type":"article","og_title":"DEFINIDA LA LISTA LIBERAL DEL HUILA A LA C\u00c1MARA - AR Digital Noticias","og_description":"El Partido Liberal confirm\u00f3 la conformaci\u00f3n de su lista a la C\u00e1mara por el Huila, considerada una de las m\u00e1s competitivas de la contienda. POR: ANDR\u00c9S RODR\u00cdGUEZ La colectividad apuesta por un equipo diverso, con experiencia pol\u00edtica y presencia territorial, con la expectativa de asegurar dos curules y disputar un tercer esca\u00f1o en marzo. La [&hellip;]","og_url":"https:\/\/ardigitalnoticias.com\/index.php\/2025\/12\/04\/definida-la-lista-liberal-del-huila-a-la-camara\/","og_site_name":"AR Digital Noticias","article_published_time":"2025-12-04T13:11:56+00:00","article_modified_time":"2025-12-04T13:11:57+00:00","og_image":[{"width":1366,"height":768,"url":"https:\/\/ardigitalnoticias.com\/wp-content\/uploads\/2025\/12\/Photo_1764853371803.png","type":"image\/png"}],"author":"AR Digital Noticias","twitter_card":"summary_large_image","twitter_misc":{"Escrito por":"AR Digital Noticias","Tiempo de lectura":"3 minutos"},"schema":{"@context":"https:\/\/schema.org","@graph":[{"@type":"Article","@id":"https:\/\/ardigitalnoticias.com\/index.php\/2025\/12\/04\/definida-la-lista-liberal-del-huila-a-la-camara\/#article","isPartOf":{"@id":"https:\/\/ardigitalnoticias.com\/index.php\/2025\/12\/04\/definida-la-lista-liberal-del-huila-a-la-camara\/"},"author":{"name":"AR Digital Noticias","@id":"https:\/\/ardigitalnoticias.com\/#\/schema\/person\/3f1b0a96e890d8cba89a76c7558a147c"},"headline":"DEFINIDA LA LISTA LIBERAL DEL HUILA A LA C\u00c1MARA","datePublished":"2025-12-04T13:11:56+00:00","dateModified":"2025-12-04T13:11:57+00:00","mainEntityOfPage":{"@id":"https:\/\/ardigitalnoticias.com\/index.php\/2025\/12\/04\/definida-la-lista-liberal-del-huila-a-la-camara\/"},"wordCount":253,"commentCount":0,"publisher":{"@id":"https:\/\/ardigitalnoticias.com\/#organization"},"image":{"@id":"https:\/\/ardigitalnoticias.com\/index.php\/2025\/12\/04\/definida-la-lista-liberal-del-huila-a-la-camara\/#primaryimage"},"thumbnailUrl":"https:\/\/ardigitalnoticias.com\/wp-content\/uploads\/2025\/12\/Photo_1764853371803.png","articleSection":["Actualidad","Pol\u00edtica","Regional"],"inLanguage":"es","potentialAction":[{"@type":"CommentAction","name":"Comment","target":["https:\/\/ardigitalnoticias.com\/index.php\/2025\/12\/04\/definida-la-lista-liberal-del-huila-a-la-camara\/#respond"]}]},{"@type":"WebPage","@id":"https:\/\/ardigitalnoticias.com\/index.php\/2025\/12\/04\/definida-la-lista-liberal-del-huila-a-la-camara\/","url":"https:\/\/ardigitalnoticias.com\/index.php\/2025\/12\/04\/definida-la-lista-liberal-del-huila-a-la-camara\/","name":"DEFINIDA LA LISTA LIBERAL DEL HUILA A LA C\u00c1MARA - AR Digital Noticias","isPartOf":{"@id":"https:\/\/ardigitalnoticias.com\/#website"},"primaryImageOfPage":{"@id":"https:\/\/ardigitalnoticias.com\/index.php\/2025\/12\/04\/definida-la-lista-liberal-del-huila-a-la-camara\/#primaryimage"},"image":{"@id":"https:\/\/ardigitalnoticias.com\/index.php\/2025\/12\/04\/definida-la-lista-liberal-del-huila-a-la-camara\/#primaryimage"},"thumbnailUrl":"https:\/\/ardigitalnoticias.com\/wp-content\/uploads\/2025\/12\/Photo_1764853371803.png","datePublished":"2025-12-04T13:11:56+00:00","dateModified":"2025-12-04T13:11:57+00:00","breadcrumb":{"@id":"https:\/\/ardigitalnoticias.com\/index.php\/2025\/12\/04\/definida-la-lista-liberal-del-huila-a-la-camara\/#breadcrumb"},"inLanguage":"es","potentialAction":[{"@type":"ReadAction","target":["https:\/\/ardigitalnoticias.com\/index.php\/2025\/12\/04\/definida-la-lista-liberal-del-huila-a-la-camara\/"]}]},{"@type":"ImageObject","inLanguage":"es","@id":"https:\/\/ardigitalnoticias.com\/index.php\/2025\/12\/04\/definida-la-lista-liberal-del-huila-a-la-camara\/#primaryimage","url":"https:\/\/ardigitalnoticias.com\/wp-content\/uploads\/2025\/12\/Photo_1764853371803.png","contentUrl":"https:\/\/ardigitalnoticias.com\/wp-content\/uploads\/2025\/12\/Photo_1764853371803.png","width":1366,"height":768},{"@type":"BreadcrumbList","@id":"https:\/\/ardigitalnoticias.com\/index.php\/2025\/12\/04\/definida-la-lista-liberal-del-huila-a-la-camara\/#breadcrumb","itemListElement":[{"@type":"ListItem","position":1,"name":"Portada","item":"https:\/\/ardigitalnoticias.com\/"},{"@type":"ListItem","position":2,"name":"DEFINIDA LA LISTA LIBERAL DEL HUILA A LA C\u00c1MARA"}]},{"@type":"WebSite","@id":"https:\/\/ardigitalnoticias.com\/#website","url":"https:\/\/ardigitalnoticias.com\/","name":"AR Digital Noticias","description":"","publisher":{"@id":"https:\/\/ardigitalnoticias.com\/#organization"},"potentialAction":[{"@type":"SearchAction","target":{"@type":"EntryPoint","urlTemplate":"https:\/\/ardigitalnoticias.com\/?s={search_term_string}"},"query-input":{"@type":"PropertyValueSpecification","valueRequired":true,"valueName":"search_term_string"}}],"inLanguage":"es"},{"@type":"Organization","@id":"https:\/\/ardigitalnoticias.com\/#organization","name":"AR Digital Noticias","url":"https:\/\/ardigitalnoticias.com\/","logo":{"@type":"ImageObject","inLanguage":"es","@id":"https:\/\/ardigitalnoticias.com\/#\/schema\/logo\/image\/","url":"https:\/\/ardigitalnoticias.com\/wp-content\/uploads\/2023\/11\/cropped-cropped-cropped-cropped-AR-Digital-Noticias-1.png","contentUrl":"https:\/\/ardigitalnoticias.com\/wp-content\/uploads\/2023\/11\/cropped-cropped-cropped-cropped-AR-Digital-Noticias-1.png","width":972,"height":306,"caption":"AR Digital Noticias"},"image":{"@id":"https:\/\/ardigitalnoticias.com\/#\/schema\/logo\/image\/"}},{"@type":"Person","@id":"https:\/\/ardigitalnoticias.com\/#\/schema\/person\/3f1b0a96e890d8cba89a76c7558a147c","name":"AR Digital Noticias","image":{"@type":"ImageObject","inLanguage":"es","@id":"https:\/\/secure.gravatar.com\/avatar\/55d1acd2f9cac74c99f42fcb5090c2f994204a6f6c571cf4c3001ae692cb9b34?s=96&d=mm&r=g","url":"https:\/\/secure.gravatar.com\/avatar\/55d1acd2f9cac74c99f42fcb5090c2f994204a6f6c571cf4c3001ae692cb9b34?s=96&d=mm&r=g","contentUrl":"https:\/\/secure.gravatar.com\/avatar\/55d1acd2f9cac74c99f42fcb5090c2f994204a6f6c571cf4c3001ae692cb9b34?s=96&d=mm&r=g","caption":"AR Digital Noticias"},"sameAs":["http:\/\/ardigitalnoticias.com"],"url":"https:\/\/ardigitalnoticias.com\/index.php\/author\/editorial\/"}]}},"_links":{"self":[{"href":"https:\/\/ardigitalnoticias.com\/index.php\/wp-json\/wp\/v2\/posts\/8979","targetHints":{"allow":["GET"]}}],"collection":[{"href":"https:\/\/ardigitalnoticias.com\/index.php\/wp-json\/wp\/v2\/posts"}],"about":[{"href":"https:\/\/ardigitalnoticias.com\/index.php\/wp-json\/wp\/v2\/types\/post"}],"author":[{"embeddable":true,"href":"https:\/\/ardigitalnoticias.com\/index.php\/wp-json\/wp\/v2\/users\/2"}],"replies":[{"embeddable":true,"href":"https:\/\/ardigitalnoticias.com\/index.php\/wp-json\/wp\/v2\/comments?post=8979"}],"version-history":[{"count":1,"href":"https:\/\/ardigitalnoticias.com\/index.php\/wp-json\/wp\/v2\/posts\/8979\/revisions"}],"predecessor-version":[{"id":8987,"href":"https:\/\/ardigitalnoticias.com\/index.php\/wp-json\/wp\/v2\/posts\/8979\/revisions\/8987"}],"wp:featuredmedia":[{"embeddable":true,"href":"https:\/\/ardigitalnoticias.com\/index.php\/wp-json\/wp\/v2\/media\/8980"}],"wp:attachment":[{"href":"https:\/\/ardigitalnoticias.com\/index.php\/wp-json\/wp\/v2\/media?parent=8979"}],"wp:term":[{"taxonomy":"category","embeddable":true,"href":"https:\/\/ardigitalnoticias.com\/index.php\/wp-json\/wp\/v2\/categories?post=8979"},{"taxonomy":"post_tag","embeddable":true,"href":"https:\/\/ardigitalnoticias.com\/index.php\/wp-json\/wp\/v2\/tags?post=8979"}],"curies":[{"name":"wp","href":"https:\/\/api.w.org\/{rel}","templated":true}]}}