{"id":8887,"date":"2025-11-23T10:13:13","date_gmt":"2025-11-23T15:13:13","guid":{"rendered":"https:\/\/ardigitalnoticias.com\/?p=8887"},"modified":"2025-11-23T10:13:15","modified_gmt":"2025-11-23T15:13:15","slug":"cambio-radical-ajusta-su-lista-a-la-camara-de-representantes-y-define-su-rumbo-electoral","status":"publish","type":"post","link":"https:\/\/ardigitalnoticias.com\/index.php\/2025\/11\/23\/cambio-radical-ajusta-su-lista-a-la-camara-de-representantes-y-define-su-rumbo-electoral\/","title":{"rendered":"CAMBIO RADICAL AJUSTA SU LISTA A LA C\u00c1MARA DE REPRESENTANTES Y DEFINE SU RUMBO ELECTORAL"},"content":{"rendered":"\n<p>En medio de un ambiente pol\u00edtico movido, Cambio Radical termin\u00f3 de ajustar la lista que presentar\u00e1 en las elecciones de marzo.<\/p>\n\n\n\n<p><strong>POR: ANDR\u00c9S RODR\u00cdGUEZ. <\/strong><\/p>\n\n\n\n<p>Dirigentes del partido confirmaron que los nombres ya fueron definidos y que la inscripci\u00f3n ante la Registradur\u00eda se formalizar\u00e1 en los pr\u00f3ximos d\u00edas, consolidando as\u00ed su presencia en el escenario nacional.<\/p>\n\n\n\n<p>La colectividad incluy\u00f3 como cuota femenina a Silvia Alexandra Casta\u00f1eda, reconocida lideresa de Palermo con trayectoria en la Electrificadora del Huila y pasado pol\u00edtico cercano al conservatismo. Aunque no existe certeza sobre su caudal electoral, dentro del partido se valora su presencia como una incorporaci\u00f3n que puede dinamizar la campa\u00f1a.<\/p>\n\n\n<div class=\"wp-block-image\">\n<figure class=\"aligncenter size-full\"><img loading=\"lazy\" decoding=\"async\" width=\"426\" height=\"426\" src=\"https:\/\/ardigitalnoticias.com\/wp-content\/uploads\/2025\/11\/FB_IMG_1763904086378.jpg\" alt=\"\" class=\"wp-image-8889\" srcset=\"https:\/\/ardigitalnoticias.com\/wp-content\/uploads\/2025\/11\/FB_IMG_1763904086378.jpg 426w, https:\/\/ardigitalnoticias.com\/wp-content\/uploads\/2025\/11\/FB_IMG_1763904086378-300x300.jpg 300w, https:\/\/ardigitalnoticias.com\/wp-content\/uploads\/2025\/11\/FB_IMG_1763904086378-420x420.jpg 420w, https:\/\/ardigitalnoticias.com\/wp-content\/uploads\/2025\/11\/FB_IMG_1763904086378-150x150.jpg 150w\" sizes=\"auto, (max-width: 426px) 100vw, 426px\" \/><figcaption class=\"wp-element-caption\"><strong>Silvia Alexandra Casta\u00f1eda<\/strong><\/figcaption><\/figure>\n<\/div>\n\n\n<p>El regreso de Am\u00edn Losada tambi\u00e9n marca un punto importante para Cambio Radical. El exconcejal de Neiva, que en su aspiraci\u00f3n a la Alcald\u00eda alcanz\u00f3 cerca de 10 mil votos, vuelve al ruedo con la intenci\u00f3n de consolidar nuevamente un apoyo significativo, aunque su fuerza actual a\u00fan es incierta.<\/p>\n\n\n<div class=\"wp-block-image\">\n<figure class=\"aligncenter size-full\"><img loading=\"lazy\" decoding=\"async\" width=\"960\" height=\"959\" src=\"https:\/\/ardigitalnoticias.com\/wp-content\/uploads\/2025\/11\/FB_IMG_1763903780836.jpg\" alt=\"\" class=\"wp-image-8890\" srcset=\"https:\/\/ardigitalnoticias.com\/wp-content\/uploads\/2025\/11\/FB_IMG_1763903780836.jpg 960w, https:\/\/ardigitalnoticias.com\/wp-content\/uploads\/2025\/11\/FB_IMG_1763903780836-600x600.jpg 600w, https:\/\/ardigitalnoticias.com\/wp-content\/uploads\/2025\/11\/FB_IMG_1763903780836-300x300.jpg 300w, https:\/\/ardigitalnoticias.com\/wp-content\/uploads\/2025\/11\/FB_IMG_1763903780836-768x767.jpg 768w, https:\/\/ardigitalnoticias.com\/wp-content\/uploads\/2025\/11\/FB_IMG_1763903780836-420x420.jpg 420w, https:\/\/ardigitalnoticias.com\/wp-content\/uploads\/2025\/11\/FB_IMG_1763903780836-150x150.jpg 150w, https:\/\/ardigitalnoticias.com\/wp-content\/uploads\/2025\/11\/FB_IMG_1763903780836-696x695.jpg 696w\" sizes=\"auto, (max-width: 960px) 100vw, 960px\" \/><figcaption class=\"wp-element-caption\"><strong>Am\u00edn Losada<\/strong><\/figcaption><\/figure>\n<\/div>\n\n\n<p>Otro de los nombres clave es el del exalcalde de Pitalito, Edgar Mu\u00f1oz, quien tras explorar diferentes colectividades termin\u00f3 optando por Cambio Radical. Su capital pol\u00edtico ha variado en los \u00faltimos a\u00f1os y enfrenta un escenario competitivo, especialmente por la aspiraci\u00f3n de Franky Vega, que podr\u00eda reducir su margen de respaldo.<\/p>\n\n\n\n<figure class=\"wp-block-image size-large\"><img loading=\"lazy\" decoding=\"async\" width=\"819\" height=\"1024\" src=\"https:\/\/ardigitalnoticias.com\/wp-content\/uploads\/2025\/11\/FB_IMG_1763903357186-819x1024.jpg\" alt=\"\" class=\"wp-image-8891\" srcset=\"https:\/\/ardigitalnoticias.com\/wp-content\/uploads\/2025\/11\/FB_IMG_1763903357186-819x1024.jpg 819w, https:\/\/ardigitalnoticias.com\/wp-content\/uploads\/2025\/11\/FB_IMG_1763903357186-480x600.jpg 480w, https:\/\/ardigitalnoticias.com\/wp-content\/uploads\/2025\/11\/FB_IMG_1763903357186-240x300.jpg 240w, https:\/\/ardigitalnoticias.com\/wp-content\/uploads\/2025\/11\/FB_IMG_1763903357186-768x960.jpg 768w, https:\/\/ardigitalnoticias.com\/wp-content\/uploads\/2025\/11\/FB_IMG_1763903357186-1229x1536.jpg 1229w, https:\/\/ardigitalnoticias.com\/wp-content\/uploads\/2025\/11\/FB_IMG_1763903357186-336x420.jpg 336w, https:\/\/ardigitalnoticias.com\/wp-content\/uploads\/2025\/11\/FB_IMG_1763903357186-150x188.jpg 150w, https:\/\/ardigitalnoticias.com\/wp-content\/uploads\/2025\/11\/FB_IMG_1763903357186-300x375.jpg 300w, https:\/\/ardigitalnoticias.com\/wp-content\/uploads\/2025\/11\/FB_IMG_1763903357186-696x870.jpg 696w, https:\/\/ardigitalnoticias.com\/wp-content\/uploads\/2025\/11\/FB_IMG_1763903357186-1068x1335.jpg 1068w, https:\/\/ardigitalnoticias.com\/wp-content\/uploads\/2025\/11\/FB_IMG_1763903357186.jpg 1638w\" sizes=\"auto, (max-width: 819px) 100vw, 819px\" \/><figcaption class=\"wp-element-caption\"><strong>Edgar Mu\u00f1oz,<\/strong><\/figcaption><\/figure>\n\n\n\n<p>La lista ser\u00e1 encabezada por Julio C\u00e9sar Triana, quien buscar\u00e1 mantener la credencial obtenida hace cuatro a\u00f1os. Su votaci\u00f3n hist\u00f3rica \u2014superior a los 32 mil sufragios\u2014 y su postura cr\u00edtica frente al Gobierno lo convierten en el mayor referente electoral dentro del partido, adem\u00e1s del respaldo institucional que conserva en entidades como la Registradur\u00eda, la Contralor\u00eda y la Procuradur\u00eda.<\/p>\n\n\n<div class=\"wp-block-image\">\n<figure class=\"aligncenter size-full\"><img loading=\"lazy\" decoding=\"async\" width=\"857\" height=\"857\" src=\"https:\/\/ardigitalnoticias.com\/wp-content\/uploads\/2025\/11\/FB_IMG_1763903596473.jpg\" alt=\"\" class=\"wp-image-8892\" srcset=\"https:\/\/ardigitalnoticias.com\/wp-content\/uploads\/2025\/11\/FB_IMG_1763903596473.jpg 857w, https:\/\/ardigitalnoticias.com\/wp-content\/uploads\/2025\/11\/FB_IMG_1763903596473-600x600.jpg 600w, https:\/\/ardigitalnoticias.com\/wp-content\/uploads\/2025\/11\/FB_IMG_1763903596473-300x300.jpg 300w, https:\/\/ardigitalnoticias.com\/wp-content\/uploads\/2025\/11\/FB_IMG_1763903596473-768x768.jpg 768w, https:\/\/ardigitalnoticias.com\/wp-content\/uploads\/2025\/11\/FB_IMG_1763903596473-420x420.jpg 420w, https:\/\/ardigitalnoticias.com\/wp-content\/uploads\/2025\/11\/FB_IMG_1763903596473-150x150.jpg 150w, https:\/\/ardigitalnoticias.com\/wp-content\/uploads\/2025\/11\/FB_IMG_1763903596473-696x696.jpg 696w\" sizes=\"auto, (max-width: 857px) 100vw, 857px\" \/><figcaption class=\"wp-element-caption\"><strong>Julio C\u00e9sar Triana,<\/strong><\/figcaption><\/figure>\n<\/div>\n\n\n<p>Aunque Cambio Radical ha manifestado su intenci\u00f3n de retener las dos curules alcanzadas en el pasado, algunas voces internas reconocen que el panorama es m\u00e1s complejo y que la colectividad tendr\u00e1 que redoblar esfuerzos para sostener su posici\u00f3n en el Congreso.<\/p>\n","protected":false},"excerpt":{"rendered":"<p>En medio de un ambiente pol\u00edtico movido, Cambio Radical termin\u00f3 de ajustar la lista que presentar\u00e1 en las elecciones de marzo. POR: ANDR\u00c9S RODR\u00cdGUEZ. Dirigentes del partido confirmaron que los nombres ya fueron definidos y que la inscripci\u00f3n ante la Registradur\u00eda se formalizar\u00e1 en los pr\u00f3ximos d\u00edas, consolidando as\u00ed su presencia en el escenario nacional. [&hellip;]<\/p>\n","protected":false},"author":2,"featured_media":8888,"comment_status":"open","ping_status":"open","sticky":false,"template":"","format":"standard","meta":{"_acf_changed":false,"_joinchat":[],"footnotes":""},"categories":[1,24,19],"tags":[],"class_list":{"0":"post-8887","1":"post","2":"type-post","3":"status-publish","4":"format-standard","5":"has-post-thumbnail","7":"category-actualidad","8":"category-politica","9":"category-regional"},"acf":[],"yoast_head":"<!-- This site is optimized with the Yoast SEO plugin v27.5 - https:\/\/yoast.com\/product\/yoast-seo-wordpress\/ -->\n<title>CAMBIO RADICAL AJUSTA SU LISTA A LA C\u00c1MARA DE REPRESENTANTES Y DEFINE SU RUMBO ELECTORAL - AR Digital Noticias<\/title>\n<meta name=\"robots\" content=\"index, follow, max-snippet:-1, max-image-preview:large, max-video-preview:-1\" \/>\n<link rel=\"canonical\" href=\"https:\/\/ardigitalnoticias.com\/index.php\/2025\/11\/23\/cambio-radical-ajusta-su-lista-a-la-camara-de-representantes-y-define-su-rumbo-electoral\/\" \/>\n<meta property=\"og:locale\" content=\"es_ES\" \/>\n<meta property=\"og:type\" content=\"article\" \/>\n<meta property=\"og:title\" content=\"CAMBIO RADICAL AJUSTA SU LISTA A LA C\u00c1MARA DE REPRESENTANTES Y DEFINE SU RUMBO ELECTORAL - AR Digital Noticias\" \/>\n<meta property=\"og:description\" content=\"En medio de un ambiente pol\u00edtico movido, Cambio Radical termin\u00f3 de ajustar la lista que presentar\u00e1 en las elecciones de marzo. POR: ANDR\u00c9S RODR\u00cdGUEZ. Dirigentes del partido confirmaron que los nombres ya fueron definidos y que la inscripci\u00f3n ante la Registradur\u00eda se formalizar\u00e1 en los pr\u00f3ximos d\u00edas, consolidando as\u00ed su presencia en el escenario nacional. [&hellip;]\" \/>\n<meta property=\"og:url\" content=\"https:\/\/ardigitalnoticias.com\/index.php\/2025\/11\/23\/cambio-radical-ajusta-su-lista-a-la-camara-de-representantes-y-define-su-rumbo-electoral\/\" \/>\n<meta property=\"og:site_name\" content=\"AR Digital Noticias\" \/>\n<meta property=\"article:published_time\" content=\"2025-11-23T15:13:13+00:00\" \/>\n<meta property=\"article:modified_time\" content=\"2025-11-23T15:13:15+00:00\" \/>\n<meta property=\"og:image\" content=\"https:\/\/ardigitalnoticias.com\/wp-content\/uploads\/2025\/11\/Yellow-Modern-Car-Racing-News-Headline-Instagram-Post-Sitio-web_20251123_100421_0000.png\" \/>\n\t<meta property=\"og:image:width\" content=\"1366\" \/>\n\t<meta property=\"og:image:height\" content=\"768\" \/>\n\t<meta property=\"og:image:type\" content=\"image\/png\" \/>\n<meta name=\"author\" content=\"AR Digital Noticias\" \/>\n<meta name=\"twitter:card\" content=\"summary_large_image\" \/>\n<meta name=\"twitter:label1\" content=\"Escrito por\" \/>\n\t<meta name=\"twitter:data1\" content=\"AR Digital Noticias\" \/>\n\t<meta name=\"twitter:label2\" content=\"Tiempo de lectura\" \/>\n\t<meta name=\"twitter:data2\" content=\"3 minutos\" \/>\n<script type=\"application\/ld+json\" class=\"yoast-schema-graph\">{\"@context\":\"https:\\\/\\\/schema.org\",\"@graph\":[{\"@type\":\"Article\",\"@id\":\"https:\\\/\\\/ardigitalnoticias.com\\\/index.php\\\/2025\\\/11\\\/23\\\/cambio-radical-ajusta-su-lista-a-la-camara-de-representantes-y-define-su-rumbo-electoral\\\/#article\",\"isPartOf\":{\"@id\":\"https:\\\/\\\/ardigitalnoticias.com\\\/index.php\\\/2025\\\/11\\\/23\\\/cambio-radical-ajusta-su-lista-a-la-camara-de-representantes-y-define-su-rumbo-electoral\\\/\"},\"author\":{\"name\":\"AR Digital Noticias\",\"@id\":\"https:\\\/\\\/ardigitalnoticias.com\\\/#\\\/schema\\\/person\\\/3f1b0a96e890d8cba89a76c7558a147c\"},\"headline\":\"CAMBIO RADICAL AJUSTA SU LISTA A LA C\u00c1MARA DE REPRESENTANTES Y DEFINE SU RUMBO ELECTORAL\",\"datePublished\":\"2025-11-23T15:13:13+00:00\",\"dateModified\":\"2025-11-23T15:13:15+00:00\",\"mainEntityOfPage\":{\"@id\":\"https:\\\/\\\/ardigitalnoticias.com\\\/index.php\\\/2025\\\/11\\\/23\\\/cambio-radical-ajusta-su-lista-a-la-camara-de-representantes-y-define-su-rumbo-electoral\\\/\"},\"wordCount\":367,\"commentCount\":0,\"publisher\":{\"@id\":\"https:\\\/\\\/ardigitalnoticias.com\\\/#organization\"},\"image\":{\"@id\":\"https:\\\/\\\/ardigitalnoticias.com\\\/index.php\\\/2025\\\/11\\\/23\\\/cambio-radical-ajusta-su-lista-a-la-camara-de-representantes-y-define-su-rumbo-electoral\\\/#primaryimage\"},\"thumbnailUrl\":\"https:\\\/\\\/ardigitalnoticias.com\\\/wp-content\\\/uploads\\\/2025\\\/11\\\/Yellow-Modern-Car-Racing-News-Headline-Instagram-Post-Sitio-web_20251123_100421_0000.png\",\"articleSection\":[\"Actualidad\",\"Pol\u00edtica\",\"Regional\"],\"inLanguage\":\"es\",\"potentialAction\":[{\"@type\":\"CommentAction\",\"name\":\"Comment\",\"target\":[\"https:\\\/\\\/ardigitalnoticias.com\\\/index.php\\\/2025\\\/11\\\/23\\\/cambio-radical-ajusta-su-lista-a-la-camara-de-representantes-y-define-su-rumbo-electoral\\\/#respond\"]}]},{\"@type\":\"WebPage\",\"@id\":\"https:\\\/\\\/ardigitalnoticias.com\\\/index.php\\\/2025\\\/11\\\/23\\\/cambio-radical-ajusta-su-lista-a-la-camara-de-representantes-y-define-su-rumbo-electoral\\\/\",\"url\":\"https:\\\/\\\/ardigitalnoticias.com\\\/index.php\\\/2025\\\/11\\\/23\\\/cambio-radical-ajusta-su-lista-a-la-camara-de-representantes-y-define-su-rumbo-electoral\\\/\",\"name\":\"CAMBIO RADICAL AJUSTA SU LISTA A LA C\u00c1MARA DE REPRESENTANTES Y DEFINE SU RUMBO ELECTORAL - AR Digital Noticias\",\"isPartOf\":{\"@id\":\"https:\\\/\\\/ardigitalnoticias.com\\\/#website\"},\"primaryImageOfPage\":{\"@id\":\"https:\\\/\\\/ardigitalnoticias.com\\\/index.php\\\/2025\\\/11\\\/23\\\/cambio-radical-ajusta-su-lista-a-la-camara-de-representantes-y-define-su-rumbo-electoral\\\/#primaryimage\"},\"image\":{\"@id\":\"https:\\\/\\\/ardigitalnoticias.com\\\/index.php\\\/2025\\\/11\\\/23\\\/cambio-radical-ajusta-su-lista-a-la-camara-de-representantes-y-define-su-rumbo-electoral\\\/#primaryimage\"},\"thumbnailUrl\":\"https:\\\/\\\/ardigitalnoticias.com\\\/wp-content\\\/uploads\\\/2025\\\/11\\\/Yellow-Modern-Car-Racing-News-Headline-Instagram-Post-Sitio-web_20251123_100421_0000.png\",\"datePublished\":\"2025-11-23T15:13:13+00:00\",\"dateModified\":\"2025-11-23T15:13:15+00:00\",\"breadcrumb\":{\"@id\":\"https:\\\/\\\/ardigitalnoticias.com\\\/index.php\\\/2025\\\/11\\\/23\\\/cambio-radical-ajusta-su-lista-a-la-camara-de-representantes-y-define-su-rumbo-electoral\\\/#breadcrumb\"},\"inLanguage\":\"es\",\"potentialAction\":[{\"@type\":\"ReadAction\",\"target\":[\"https:\\\/\\\/ardigitalnoticias.com\\\/index.php\\\/2025\\\/11\\\/23\\\/cambio-radical-ajusta-su-lista-a-la-camara-de-representantes-y-define-su-rumbo-electoral\\\/\"]}]},{\"@type\":\"ImageObject\",\"inLanguage\":\"es\",\"@id\":\"https:\\\/\\\/ardigitalnoticias.com\\\/index.php\\\/2025\\\/11\\\/23\\\/cambio-radical-ajusta-su-lista-a-la-camara-de-representantes-y-define-su-rumbo-electoral\\\/#primaryimage\",\"url\":\"https:\\\/\\\/ardigitalnoticias.com\\\/wp-content\\\/uploads\\\/2025\\\/11\\\/Yellow-Modern-Car-Racing-News-Headline-Instagram-Post-Sitio-web_20251123_100421_0000.png\",\"contentUrl\":\"https:\\\/\\\/ardigitalnoticias.com\\\/wp-content\\\/uploads\\\/2025\\\/11\\\/Yellow-Modern-Car-Racing-News-Headline-Instagram-Post-Sitio-web_20251123_100421_0000.png\",\"width\":1366,\"height\":768},{\"@type\":\"BreadcrumbList\",\"@id\":\"https:\\\/\\\/ardigitalnoticias.com\\\/index.php\\\/2025\\\/11\\\/23\\\/cambio-radical-ajusta-su-lista-a-la-camara-de-representantes-y-define-su-rumbo-electoral\\\/#breadcrumb\",\"itemListElement\":[{\"@type\":\"ListItem\",\"position\":1,\"name\":\"Portada\",\"item\":\"https:\\\/\\\/ardigitalnoticias.com\\\/\"},{\"@type\":\"ListItem\",\"position\":2,\"name\":\"CAMBIO RADICAL AJUSTA SU LISTA A LA C\u00c1MARA DE REPRESENTANTES Y DEFINE SU RUMBO ELECTORAL\"}]},{\"@type\":\"WebSite\",\"@id\":\"https:\\\/\\\/ardigitalnoticias.com\\\/#website\",\"url\":\"https:\\\/\\\/ardigitalnoticias.com\\\/\",\"name\":\"AR Digital Noticias\",\"description\":\"\",\"publisher\":{\"@id\":\"https:\\\/\\\/ardigitalnoticias.com\\\/#organization\"},\"potentialAction\":[{\"@type\":\"SearchAction\",\"target\":{\"@type\":\"EntryPoint\",\"urlTemplate\":\"https:\\\/\\\/ardigitalnoticias.com\\\/?s={search_term_string}\"},\"query-input\":{\"@type\":\"PropertyValueSpecification\",\"valueRequired\":true,\"valueName\":\"search_term_string\"}}],\"inLanguage\":\"es\"},{\"@type\":\"Organization\",\"@id\":\"https:\\\/\\\/ardigitalnoticias.com\\\/#organization\",\"name\":\"AR Digital Noticias\",\"url\":\"https:\\\/\\\/ardigitalnoticias.com\\\/\",\"logo\":{\"@type\":\"ImageObject\",\"inLanguage\":\"es\",\"@id\":\"https:\\\/\\\/ardigitalnoticias.com\\\/#\\\/schema\\\/logo\\\/image\\\/\",\"url\":\"https:\\\/\\\/ardigitalnoticias.com\\\/wp-content\\\/uploads\\\/2023\\\/11\\\/cropped-cropped-cropped-cropped-AR-Digital-Noticias-1.png\",\"contentUrl\":\"https:\\\/\\\/ardigitalnoticias.com\\\/wp-content\\\/uploads\\\/2023\\\/11\\\/cropped-cropped-cropped-cropped-AR-Digital-Noticias-1.png\",\"width\":972,\"height\":306,\"caption\":\"AR Digital Noticias\"},\"image\":{\"@id\":\"https:\\\/\\\/ardigitalnoticias.com\\\/#\\\/schema\\\/logo\\\/image\\\/\"}},{\"@type\":\"Person\",\"@id\":\"https:\\\/\\\/ardigitalnoticias.com\\\/#\\\/schema\\\/person\\\/3f1b0a96e890d8cba89a76c7558a147c\",\"name\":\"AR Digital Noticias\",\"image\":{\"@type\":\"ImageObject\",\"inLanguage\":\"es\",\"@id\":\"https:\\\/\\\/secure.gravatar.com\\\/avatar\\\/55d1acd2f9cac74c99f42fcb5090c2f994204a6f6c571cf4c3001ae692cb9b34?s=96&d=mm&r=g\",\"url\":\"https:\\\/\\\/secure.gravatar.com\\\/avatar\\\/55d1acd2f9cac74c99f42fcb5090c2f994204a6f6c571cf4c3001ae692cb9b34?s=96&d=mm&r=g\",\"contentUrl\":\"https:\\\/\\\/secure.gravatar.com\\\/avatar\\\/55d1acd2f9cac74c99f42fcb5090c2f994204a6f6c571cf4c3001ae692cb9b34?s=96&d=mm&r=g\",\"caption\":\"AR Digital Noticias\"},\"sameAs\":[\"http:\\\/\\\/ardigitalnoticias.com\"],\"url\":\"https:\\\/\\\/ardigitalnoticias.com\\\/index.php\\\/author\\\/editorial\\\/\"}]}<\/script>\n<!-- \/ Yoast SEO plugin. -->","yoast_head_json":{"title":"CAMBIO RADICAL AJUSTA SU LISTA A LA C\u00c1MARA DE REPRESENTANTES Y DEFINE SU RUMBO ELECTORAL - AR Digital Noticias","robots":{"index":"index","follow":"follow","max-snippet":"max-snippet:-1","max-image-preview":"max-image-preview:large","max-video-preview":"max-video-preview:-1"},"canonical":"https:\/\/ardigitalnoticias.com\/index.php\/2025\/11\/23\/cambio-radical-ajusta-su-lista-a-la-camara-de-representantes-y-define-su-rumbo-electoral\/","og_locale":"es_ES","og_type":"article","og_title":"CAMBIO RADICAL AJUSTA SU LISTA A LA C\u00c1MARA DE REPRESENTANTES Y DEFINE SU RUMBO ELECTORAL - AR Digital Noticias","og_description":"En medio de un ambiente pol\u00edtico movido, Cambio Radical termin\u00f3 de ajustar la lista que presentar\u00e1 en las elecciones de marzo. POR: ANDR\u00c9S RODR\u00cdGUEZ. Dirigentes del partido confirmaron que los nombres ya fueron definidos y que la inscripci\u00f3n ante la Registradur\u00eda se formalizar\u00e1 en los pr\u00f3ximos d\u00edas, consolidando as\u00ed su presencia en el escenario nacional. [&hellip;]","og_url":"https:\/\/ardigitalnoticias.com\/index.php\/2025\/11\/23\/cambio-radical-ajusta-su-lista-a-la-camara-de-representantes-y-define-su-rumbo-electoral\/","og_site_name":"AR Digital Noticias","article_published_time":"2025-11-23T15:13:13+00:00","article_modified_time":"2025-11-23T15:13:15+00:00","og_image":[{"width":1366,"height":768,"url":"https:\/\/ardigitalnoticias.com\/wp-content\/uploads\/2025\/11\/Yellow-Modern-Car-Racing-News-Headline-Instagram-Post-Sitio-web_20251123_100421_0000.png","type":"image\/png"}],"author":"AR Digital Noticias","twitter_card":"summary_large_image","twitter_misc":{"Escrito por":"AR Digital Noticias","Tiempo de lectura":"3 minutos"},"schema":{"@context":"https:\/\/schema.org","@graph":[{"@type":"Article","@id":"https:\/\/ardigitalnoticias.com\/index.php\/2025\/11\/23\/cambio-radical-ajusta-su-lista-a-la-camara-de-representantes-y-define-su-rumbo-electoral\/#article","isPartOf":{"@id":"https:\/\/ardigitalnoticias.com\/index.php\/2025\/11\/23\/cambio-radical-ajusta-su-lista-a-la-camara-de-representantes-y-define-su-rumbo-electoral\/"},"author":{"name":"AR Digital Noticias","@id":"https:\/\/ardigitalnoticias.com\/#\/schema\/person\/3f1b0a96e890d8cba89a76c7558a147c"},"headline":"CAMBIO RADICAL AJUSTA SU LISTA A LA C\u00c1MARA DE REPRESENTANTES Y DEFINE SU RUMBO ELECTORAL","datePublished":"2025-11-23T15:13:13+00:00","dateModified":"2025-11-23T15:13:15+00:00","mainEntityOfPage":{"@id":"https:\/\/ardigitalnoticias.com\/index.php\/2025\/11\/23\/cambio-radical-ajusta-su-lista-a-la-camara-de-representantes-y-define-su-rumbo-electoral\/"},"wordCount":367,"commentCount":0,"publisher":{"@id":"https:\/\/ardigitalnoticias.com\/#organization"},"image":{"@id":"https:\/\/ardigitalnoticias.com\/index.php\/2025\/11\/23\/cambio-radical-ajusta-su-lista-a-la-camara-de-representantes-y-define-su-rumbo-electoral\/#primaryimage"},"thumbnailUrl":"https:\/\/ardigitalnoticias.com\/wp-content\/uploads\/2025\/11\/Yellow-Modern-Car-Racing-News-Headline-Instagram-Post-Sitio-web_20251123_100421_0000.png","articleSection":["Actualidad","Pol\u00edtica","Regional"],"inLanguage":"es","potentialAction":[{"@type":"CommentAction","name":"Comment","target":["https:\/\/ardigitalnoticias.com\/index.php\/2025\/11\/23\/cambio-radical-ajusta-su-lista-a-la-camara-de-representantes-y-define-su-rumbo-electoral\/#respond"]}]},{"@type":"WebPage","@id":"https:\/\/ardigitalnoticias.com\/index.php\/2025\/11\/23\/cambio-radical-ajusta-su-lista-a-la-camara-de-representantes-y-define-su-rumbo-electoral\/","url":"https:\/\/ardigitalnoticias.com\/index.php\/2025\/11\/23\/cambio-radical-ajusta-su-lista-a-la-camara-de-representantes-y-define-su-rumbo-electoral\/","name":"CAMBIO RADICAL AJUSTA SU LISTA A LA C\u00c1MARA DE REPRESENTANTES Y DEFINE SU RUMBO ELECTORAL - AR Digital Noticias","isPartOf":{"@id":"https:\/\/ardigitalnoticias.com\/#website"},"primaryImageOfPage":{"@id":"https:\/\/ardigitalnoticias.com\/index.php\/2025\/11\/23\/cambio-radical-ajusta-su-lista-a-la-camara-de-representantes-y-define-su-rumbo-electoral\/#primaryimage"},"image":{"@id":"https:\/\/ardigitalnoticias.com\/index.php\/2025\/11\/23\/cambio-radical-ajusta-su-lista-a-la-camara-de-representantes-y-define-su-rumbo-electoral\/#primaryimage"},"thumbnailUrl":"https:\/\/ardigitalnoticias.com\/wp-content\/uploads\/2025\/11\/Yellow-Modern-Car-Racing-News-Headline-Instagram-Post-Sitio-web_20251123_100421_0000.png","datePublished":"2025-11-23T15:13:13+00:00","dateModified":"2025-11-23T15:13:15+00:00","breadcrumb":{"@id":"https:\/\/ardigitalnoticias.com\/index.php\/2025\/11\/23\/cambio-radical-ajusta-su-lista-a-la-camara-de-representantes-y-define-su-rumbo-electoral\/#breadcrumb"},"inLanguage":"es","potentialAction":[{"@type":"ReadAction","target":["https:\/\/ardigitalnoticias.com\/index.php\/2025\/11\/23\/cambio-radical-ajusta-su-lista-a-la-camara-de-representantes-y-define-su-rumbo-electoral\/"]}]},{"@type":"ImageObject","inLanguage":"es","@id":"https:\/\/ardigitalnoticias.com\/index.php\/2025\/11\/23\/cambio-radical-ajusta-su-lista-a-la-camara-de-representantes-y-define-su-rumbo-electoral\/#primaryimage","url":"https:\/\/ardigitalnoticias.com\/wp-content\/uploads\/2025\/11\/Yellow-Modern-Car-Racing-News-Headline-Instagram-Post-Sitio-web_20251123_100421_0000.png","contentUrl":"https:\/\/ardigitalnoticias.com\/wp-content\/uploads\/2025\/11\/Yellow-Modern-Car-Racing-News-Headline-Instagram-Post-Sitio-web_20251123_100421_0000.png","width":1366,"height":768},{"@type":"BreadcrumbList","@id":"https:\/\/ardigitalnoticias.com\/index.php\/2025\/11\/23\/cambio-radical-ajusta-su-lista-a-la-camara-de-representantes-y-define-su-rumbo-electoral\/#breadcrumb","itemListElement":[{"@type":"ListItem","position":1,"name":"Portada","item":"https:\/\/ardigitalnoticias.com\/"},{"@type":"ListItem","position":2,"name":"CAMBIO RADICAL AJUSTA SU LISTA A LA C\u00c1MARA DE REPRESENTANTES Y DEFINE SU RUMBO ELECTORAL"}]},{"@type":"WebSite","@id":"https:\/\/ardigitalnoticias.com\/#website","url":"https:\/\/ardigitalnoticias.com\/","name":"AR Digital Noticias","description":"","publisher":{"@id":"https:\/\/ardigitalnoticias.com\/#organization"},"potentialAction":[{"@type":"SearchAction","target":{"@type":"EntryPoint","urlTemplate":"https:\/\/ardigitalnoticias.com\/?s={search_term_string}"},"query-input":{"@type":"PropertyValueSpecification","valueRequired":true,"valueName":"search_term_string"}}],"inLanguage":"es"},{"@type":"Organization","@id":"https:\/\/ardigitalnoticias.com\/#organization","name":"AR Digital Noticias","url":"https:\/\/ardigitalnoticias.com\/","logo":{"@type":"ImageObject","inLanguage":"es","@id":"https:\/\/ardigitalnoticias.com\/#\/schema\/logo\/image\/","url":"https:\/\/ardigitalnoticias.com\/wp-content\/uploads\/2023\/11\/cropped-cropped-cropped-cropped-AR-Digital-Noticias-1.png","contentUrl":"https:\/\/ardigitalnoticias.com\/wp-content\/uploads\/2023\/11\/cropped-cropped-cropped-cropped-AR-Digital-Noticias-1.png","width":972,"height":306,"caption":"AR Digital Noticias"},"image":{"@id":"https:\/\/ardigitalnoticias.com\/#\/schema\/logo\/image\/"}},{"@type":"Person","@id":"https:\/\/ardigitalnoticias.com\/#\/schema\/person\/3f1b0a96e890d8cba89a76c7558a147c","name":"AR Digital Noticias","image":{"@type":"ImageObject","inLanguage":"es","@id":"https:\/\/secure.gravatar.com\/avatar\/55d1acd2f9cac74c99f42fcb5090c2f994204a6f6c571cf4c3001ae692cb9b34?s=96&d=mm&r=g","url":"https:\/\/secure.gravatar.com\/avatar\/55d1acd2f9cac74c99f42fcb5090c2f994204a6f6c571cf4c3001ae692cb9b34?s=96&d=mm&r=g","contentUrl":"https:\/\/secure.gravatar.com\/avatar\/55d1acd2f9cac74c99f42fcb5090c2f994204a6f6c571cf4c3001ae692cb9b34?s=96&d=mm&r=g","caption":"AR Digital Noticias"},"sameAs":["http:\/\/ardigitalnoticias.com"],"url":"https:\/\/ardigitalnoticias.com\/index.php\/author\/editorial\/"}]}},"_links":{"self":[{"href":"https:\/\/ardigitalnoticias.com\/index.php\/wp-json\/wp\/v2\/posts\/8887","targetHints":{"allow":["GET"]}}],"collection":[{"href":"https:\/\/ardigitalnoticias.com\/index.php\/wp-json\/wp\/v2\/posts"}],"about":[{"href":"https:\/\/ardigitalnoticias.com\/index.php\/wp-json\/wp\/v2\/types\/post"}],"author":[{"embeddable":true,"href":"https:\/\/ardigitalnoticias.com\/index.php\/wp-json\/wp\/v2\/users\/2"}],"replies":[{"embeddable":true,"href":"https:\/\/ardigitalnoticias.com\/index.php\/wp-json\/wp\/v2\/comments?post=8887"}],"version-history":[{"count":1,"href":"https:\/\/ardigitalnoticias.com\/index.php\/wp-json\/wp\/v2\/posts\/8887\/revisions"}],"predecessor-version":[{"id":8893,"href":"https:\/\/ardigitalnoticias.com\/index.php\/wp-json\/wp\/v2\/posts\/8887\/revisions\/8893"}],"wp:featuredmedia":[{"embeddable":true,"href":"https:\/\/ardigitalnoticias.com\/index.php\/wp-json\/wp\/v2\/media\/8888"}],"wp:attachment":[{"href":"https:\/\/ardigitalnoticias.com\/index.php\/wp-json\/wp\/v2\/media?parent=8887"}],"wp:term":[{"taxonomy":"category","embeddable":true,"href":"https:\/\/ardigitalnoticias.com\/index.php\/wp-json\/wp\/v2\/categories?post=8887"},{"taxonomy":"post_tag","embeddable":true,"href":"https:\/\/ardigitalnoticias.com\/index.php\/wp-json\/wp\/v2\/tags?post=8887"}],"curies":[{"name":"wp","href":"https:\/\/api.w.org\/{rel}","templated":true}]}}