{"id":8401,"date":"2025-08-27T21:25:01","date_gmt":"2025-08-28T02:25:01","guid":{"rendered":"https:\/\/ardigitalnoticias.com\/?p=8401"},"modified":"2025-08-27T21:38:58","modified_gmt":"2025-08-28T02:38:58","slug":"huila-grande-en-la-acuicultura-que-inspira-futuro","status":"publish","type":"post","link":"https:\/\/ardigitalnoticias.com\/index.php\/2025\/08\/27\/huila-grande-en-la-acuicultura-que-inspira-futuro\/","title":{"rendered":"Huila Grande en la acuicultura que inspira futuro"},"content":{"rendered":"\n<p class=\"justificado\">Del 28 al 30 de agosto, el Huila volver\u00e1 a ocupar un lugar privilegiado en la conversaci\u00f3n nacional con la Tercera Feria Internacional Acu\u00edcola, un evento que promete mucho m\u00e1s que negocios: ser\u00e1 un espacio para descubrir c\u00f3mo la acuicultura puede transformar vidas, territorios y proyecciones de pa\u00eds.<\/p>\n\n\n\n<p class=\"justificado\">Organizada por la Gobernaci\u00f3n del Huila, COOPISHUILA y Fomcultura, la feria busca impulsar la comercializaci\u00f3n, la innovaci\u00f3n y el consumo de pescado en Colombia, pero tambi\u00e9n dejar un mensaje claro: la regi\u00f3n tiene el talento y la capacidad para liderar el sector a nivel nacional e internacional.<\/p>\n\n\n\n<p class=\"justificado\">El Huila produce 80.000 toneladas de pescado al a\u00f1o, casi el 40% de la producci\u00f3n nacional, generando $1,1 billones y m\u00e1s de 65.000 empleos directos e indirectos. M\u00e1s all\u00e1 de los n\u00fameros, lo impresionante es lo que significan: oportunidades para familias rurales, empleos que permiten sue\u00f1os, y un sector que conecta tradici\u00f3n, innovaci\u00f3n y futuro. Esta feria ser\u00e1 la vitrina perfecta para mostrar que la acuicultura no es solo un negocio, sino un motor de desarrollo que impacta positivamente en la econom\u00eda y en la vida de las personas.<\/p>\n\n\n\n<p class=\"justificado\">Lo atractivo de la feria no est\u00e1 solo en la cantidad de peces producidos, sino en la riqueza de experiencias que reunir\u00e1: M\u00e9xico como pa\u00eds invitado, una agenda acad\u00e9mica con expertos internacionales, ruedas de negocios, una muestra empresarial, concurso gastron\u00f3mico y programaci\u00f3n cultural. Todos estos elementos muestran que la acuicultura no es solo ciencia o producci\u00f3n, sino tambi\u00e9n cultura, gastronom\u00eda, innovaci\u00f3n y oportunidad. La feria ser\u00e1 un espacio para aprender, inspirarse y construir conexiones que van m\u00e1s all\u00e1 de lo comercial.<\/p>\n\n\n\n<p class=\"justificado\">La tilapia del Huila ya no es un producto local, es una marca de calidad reconocida, cada kilo que sale hacia Estados Unidos, Canad\u00e1 o Europa lleva consigo la historia de quienes lo producen, de quienes trabajan con pasi\u00f3n para mantener los est\u00e1ndares m\u00e1s altos de inocuidad y sostenibilidad. Y es esa combinaci\u00f3n de profesionalismo, visi\u00f3n y compromiso la que permite proyectar al Huila como un hub acu\u00edcola regional, capaz de competir en mercados internacionales y de atraer inversi\u00f3n que multiplica el impacto en la econom\u00eda local.<\/p>\n\n\n\n<p class=\"justificado\">Pero lo m\u00e1s valioso de la feria no son los negocios ni las cifras: son las oportunidades que genera para la gente. J\u00f3venes que encuentran en la acuicultura una opci\u00f3n de futuro, familias que ven crecer sus ingresos, comunidades que se conectan con un sector que respeta el medio ambiente y valora el talento humano. La innovaci\u00f3n tambi\u00e9n estar\u00e1 presente, con tecnolog\u00edas que permiten alimentar mejor a los peces, controlar la calidad del agua y optimizar recursos, siempre pensando en producir m\u00e1s y mejor sin comprometer la sostenibilidad.<\/p>\n\n\n\n<p class=\"justificado\">La Tercera Feria Internacional Acu\u00edcola es, en esencia, una invitaci\u00f3n a mirar la acuicultura como un ejemplo de c\u00f3mo se pueden combinar desarrollo econ\u00f3mico, innovaci\u00f3n y cuidado ambiental. Es una oportunidad para que los huilenses y Colombia entero vean que un sector productivo puede inspirar orgullo, ofrecer empleo, abrir mercados y proyectar al pa\u00eds en el escenario internacional.<\/p>\n\n\n\n<p class=\"justificado\">Del 28 al 30 de agosto, en el Centro de Convenciones Jos\u00e9 Eustasio Rivera, Neiva ser\u00e1 m\u00e1s que un punto geogr\u00e1fico: ser\u00e1 un centro de ideas, experiencias y oportunidades. La feria mostrar\u00e1 que la acuicultura del Huila no es solo producci\u00f3n, es visi\u00f3n, creatividad y liderazgo. Y si algo queda claro, es que esta regi\u00f3n tiene todo para seguir sorprendiendo y mostrando que el agua, bien manejada, puede ser fuente de progreso y de futuro para Colombia.<\/p>\n\n\n\n<p>\u2014<\/p>\n\n\n\n<p><strong><em>Por: Mar\u00eda Fernanda Plazas Bravo \u2013 X: @mafeplazasbravo<br><\/em><\/strong><strong><em>Ingeniera en Recursos H\u00eddricos y Gesti\u00f3n Ambiental<br><\/em><\/strong><strong><em>Especialista en Marketing Pol\u00edtico \u2013 Comunicaci\u00f3n de Gobierno<br><\/em><\/strong><strong><em>Universidad Externado de Colombia<\/em><\/strong><\/p>\n","protected":false},"excerpt":{"rendered":"<p>Del 28 al 30 de agosto, el Huila volver\u00e1 a ocupar un lugar privilegiado en la conversaci\u00f3n nacional con la Tercera Feria Internacional Acu\u00edcola, un evento que promete mucho m\u00e1s que negocios: ser\u00e1 un espacio para descubrir c\u00f3mo la acuicultura puede transformar vidas, territorios y proyecciones de pa\u00eds. Organizada por la Gobernaci\u00f3n del Huila, COOPISHUILA [&hellip;]<\/p>\n","protected":false},"author":4,"featured_media":8403,"comment_status":"open","ping_status":"open","sticky":false,"template":"","format":"standard","meta":{"_acf_changed":false,"_joinchat":[],"footnotes":""},"categories":[23],"tags":[],"class_list":{"0":"post-8401","1":"post","2":"type-post","3":"status-publish","4":"format-standard","5":"has-post-thumbnail","7":"category-opinion"},"acf":[],"yoast_head":"<!-- This site is optimized with the Yoast SEO plugin v27.4 - https:\/\/yoast.com\/product\/yoast-seo-wordpress\/ -->\n<title>Huila Grande en la acuicultura que inspira futuro - AR Digital Noticias<\/title>\n<meta name=\"robots\" content=\"index, follow, max-snippet:-1, max-image-preview:large, max-video-preview:-1\" \/>\n<link rel=\"canonical\" href=\"https:\/\/ardigitalnoticias.com\/index.php\/2025\/08\/27\/huila-grande-en-la-acuicultura-que-inspira-futuro\/\" \/>\n<meta property=\"og:locale\" content=\"es_ES\" \/>\n<meta property=\"og:type\" content=\"article\" \/>\n<meta property=\"og:title\" content=\"Huila Grande en la acuicultura que inspira futuro - AR Digital Noticias\" \/>\n<meta property=\"og:description\" content=\"Del 28 al 30 de agosto, el Huila volver\u00e1 a ocupar un lugar privilegiado en la conversaci\u00f3n nacional con la Tercera Feria Internacional Acu\u00edcola, un evento que promete mucho m\u00e1s que negocios: ser\u00e1 un espacio para descubrir c\u00f3mo la acuicultura puede transformar vidas, territorios y proyecciones de pa\u00eds. Organizada por la Gobernaci\u00f3n del Huila, COOPISHUILA [&hellip;]\" \/>\n<meta property=\"og:url\" content=\"https:\/\/ardigitalnoticias.com\/index.php\/2025\/08\/27\/huila-grande-en-la-acuicultura-que-inspira-futuro\/\" \/>\n<meta property=\"og:site_name\" content=\"AR Digital Noticias\" \/>\n<meta property=\"article:published_time\" content=\"2025-08-28T02:25:01+00:00\" \/>\n<meta property=\"article:modified_time\" content=\"2025-08-28T02:38:58+00:00\" \/>\n<meta property=\"og:image\" content=\"https:\/\/ardigitalnoticias.com\/wp-content\/uploads\/2025\/08\/Imagen-columnas-AR-2025.png\" \/>\n\t<meta property=\"og:image:width\" content=\"1200\" \/>\n\t<meta property=\"og:image:height\" content=\"628\" \/>\n\t<meta property=\"og:image:type\" content=\"image\/png\" \/>\n<meta name=\"author\" content=\"Maria Fernanda Plazas\" \/>\n<meta name=\"twitter:card\" content=\"summary_large_image\" \/>\n<meta name=\"twitter:label1\" content=\"Escrito por\" \/>\n\t<meta name=\"twitter:data1\" content=\"Maria Fernanda Plazas\" \/>\n\t<meta name=\"twitter:label2\" content=\"Tiempo de lectura\" \/>\n\t<meta name=\"twitter:data2\" content=\"3 minutos\" \/>\n<script type=\"application\/ld+json\" class=\"yoast-schema-graph\">{\"@context\":\"https:\\\/\\\/schema.org\",\"@graph\":[{\"@type\":\"Article\",\"@id\":\"https:\\\/\\\/ardigitalnoticias.com\\\/index.php\\\/2025\\\/08\\\/27\\\/huila-grande-en-la-acuicultura-que-inspira-futuro\\\/#article\",\"isPartOf\":{\"@id\":\"https:\\\/\\\/ardigitalnoticias.com\\\/index.php\\\/2025\\\/08\\\/27\\\/huila-grande-en-la-acuicultura-que-inspira-futuro\\\/\"},\"author\":{\"name\":\"Maria Fernanda Plazas\",\"@id\":\"https:\\\/\\\/ardigitalnoticias.com\\\/#\\\/schema\\\/person\\\/bd9b5d500ae5be02629fed9405f36096\"},\"headline\":\"Huila Grande en la acuicultura que inspira futuro\",\"datePublished\":\"2025-08-28T02:25:01+00:00\",\"dateModified\":\"2025-08-28T02:38:58+00:00\",\"mainEntityOfPage\":{\"@id\":\"https:\\\/\\\/ardigitalnoticias.com\\\/index.php\\\/2025\\\/08\\\/27\\\/huila-grande-en-la-acuicultura-que-inspira-futuro\\\/\"},\"wordCount\":660,\"commentCount\":0,\"publisher\":{\"@id\":\"https:\\\/\\\/ardigitalnoticias.com\\\/#organization\"},\"image\":{\"@id\":\"https:\\\/\\\/ardigitalnoticias.com\\\/index.php\\\/2025\\\/08\\\/27\\\/huila-grande-en-la-acuicultura-que-inspira-futuro\\\/#primaryimage\"},\"thumbnailUrl\":\"https:\\\/\\\/ardigitalnoticias.com\\\/wp-content\\\/uploads\\\/2025\\\/08\\\/Imagen-columnas-AR-2025.png\",\"articleSection\":[\"Opini\u00f3n\"],\"inLanguage\":\"es\",\"potentialAction\":[{\"@type\":\"CommentAction\",\"name\":\"Comment\",\"target\":[\"https:\\\/\\\/ardigitalnoticias.com\\\/index.php\\\/2025\\\/08\\\/27\\\/huila-grande-en-la-acuicultura-que-inspira-futuro\\\/#respond\"]}]},{\"@type\":\"WebPage\",\"@id\":\"https:\\\/\\\/ardigitalnoticias.com\\\/index.php\\\/2025\\\/08\\\/27\\\/huila-grande-en-la-acuicultura-que-inspira-futuro\\\/\",\"url\":\"https:\\\/\\\/ardigitalnoticias.com\\\/index.php\\\/2025\\\/08\\\/27\\\/huila-grande-en-la-acuicultura-que-inspira-futuro\\\/\",\"name\":\"Huila Grande en la acuicultura que inspira futuro - AR Digital Noticias\",\"isPartOf\":{\"@id\":\"https:\\\/\\\/ardigitalnoticias.com\\\/#website\"},\"primaryImageOfPage\":{\"@id\":\"https:\\\/\\\/ardigitalnoticias.com\\\/index.php\\\/2025\\\/08\\\/27\\\/huila-grande-en-la-acuicultura-que-inspira-futuro\\\/#primaryimage\"},\"image\":{\"@id\":\"https:\\\/\\\/ardigitalnoticias.com\\\/index.php\\\/2025\\\/08\\\/27\\\/huila-grande-en-la-acuicultura-que-inspira-futuro\\\/#primaryimage\"},\"thumbnailUrl\":\"https:\\\/\\\/ardigitalnoticias.com\\\/wp-content\\\/uploads\\\/2025\\\/08\\\/Imagen-columnas-AR-2025.png\",\"datePublished\":\"2025-08-28T02:25:01+00:00\",\"dateModified\":\"2025-08-28T02:38:58+00:00\",\"breadcrumb\":{\"@id\":\"https:\\\/\\\/ardigitalnoticias.com\\\/index.php\\\/2025\\\/08\\\/27\\\/huila-grande-en-la-acuicultura-que-inspira-futuro\\\/#breadcrumb\"},\"inLanguage\":\"es\",\"potentialAction\":[{\"@type\":\"ReadAction\",\"target\":[\"https:\\\/\\\/ardigitalnoticias.com\\\/index.php\\\/2025\\\/08\\\/27\\\/huila-grande-en-la-acuicultura-que-inspira-futuro\\\/\"]}]},{\"@type\":\"ImageObject\",\"inLanguage\":\"es\",\"@id\":\"https:\\\/\\\/ardigitalnoticias.com\\\/index.php\\\/2025\\\/08\\\/27\\\/huila-grande-en-la-acuicultura-que-inspira-futuro\\\/#primaryimage\",\"url\":\"https:\\\/\\\/ardigitalnoticias.com\\\/wp-content\\\/uploads\\\/2025\\\/08\\\/Imagen-columnas-AR-2025.png\",\"contentUrl\":\"https:\\\/\\\/ardigitalnoticias.com\\\/wp-content\\\/uploads\\\/2025\\\/08\\\/Imagen-columnas-AR-2025.png\",\"width\":1200,\"height\":628},{\"@type\":\"BreadcrumbList\",\"@id\":\"https:\\\/\\\/ardigitalnoticias.com\\\/index.php\\\/2025\\\/08\\\/27\\\/huila-grande-en-la-acuicultura-que-inspira-futuro\\\/#breadcrumb\",\"itemListElement\":[{\"@type\":\"ListItem\",\"position\":1,\"name\":\"Portada\",\"item\":\"https:\\\/\\\/ardigitalnoticias.com\\\/\"},{\"@type\":\"ListItem\",\"position\":2,\"name\":\"Huila Grande en la acuicultura que inspira futuro\"}]},{\"@type\":\"WebSite\",\"@id\":\"https:\\\/\\\/ardigitalnoticias.com\\\/#website\",\"url\":\"https:\\\/\\\/ardigitalnoticias.com\\\/\",\"name\":\"AR Digital Noticias\",\"description\":\"\",\"publisher\":{\"@id\":\"https:\\\/\\\/ardigitalnoticias.com\\\/#organization\"},\"potentialAction\":[{\"@type\":\"SearchAction\",\"target\":{\"@type\":\"EntryPoint\",\"urlTemplate\":\"https:\\\/\\\/ardigitalnoticias.com\\\/?s={search_term_string}\"},\"query-input\":{\"@type\":\"PropertyValueSpecification\",\"valueRequired\":true,\"valueName\":\"search_term_string\"}}],\"inLanguage\":\"es\"},{\"@type\":\"Organization\",\"@id\":\"https:\\\/\\\/ardigitalnoticias.com\\\/#organization\",\"name\":\"AR Digital Noticias\",\"url\":\"https:\\\/\\\/ardigitalnoticias.com\\\/\",\"logo\":{\"@type\":\"ImageObject\",\"inLanguage\":\"es\",\"@id\":\"https:\\\/\\\/ardigitalnoticias.com\\\/#\\\/schema\\\/logo\\\/image\\\/\",\"url\":\"https:\\\/\\\/ardigitalnoticias.com\\\/wp-content\\\/uploads\\\/2023\\\/11\\\/cropped-cropped-cropped-cropped-AR-Digital-Noticias-1.png\",\"contentUrl\":\"https:\\\/\\\/ardigitalnoticias.com\\\/wp-content\\\/uploads\\\/2023\\\/11\\\/cropped-cropped-cropped-cropped-AR-Digital-Noticias-1.png\",\"width\":972,\"height\":306,\"caption\":\"AR Digital Noticias\"},\"image\":{\"@id\":\"https:\\\/\\\/ardigitalnoticias.com\\\/#\\\/schema\\\/logo\\\/image\\\/\"}},{\"@type\":\"Person\",\"@id\":\"https:\\\/\\\/ardigitalnoticias.com\\\/#\\\/schema\\\/person\\\/bd9b5d500ae5be02629fed9405f36096\",\"name\":\"Maria Fernanda Plazas\",\"image\":{\"@type\":\"ImageObject\",\"inLanguage\":\"es\",\"@id\":\"https:\\\/\\\/secure.gravatar.com\\\/avatar\\\/81c8593451217fdebec74457e5eb1f961f6a0a3aef1265cac852a8a78a05b5b9?s=96&d=mm&r=g\",\"url\":\"https:\\\/\\\/secure.gravatar.com\\\/avatar\\\/81c8593451217fdebec74457e5eb1f961f6a0a3aef1265cac852a8a78a05b5b9?s=96&d=mm&r=g\",\"contentUrl\":\"https:\\\/\\\/secure.gravatar.com\\\/avatar\\\/81c8593451217fdebec74457e5eb1f961f6a0a3aef1265cac852a8a78a05b5b9?s=96&d=mm&r=g\",\"caption\":\"Maria Fernanda Plazas\"},\"url\":\"https:\\\/\\\/ardigitalnoticias.com\\\/index.php\\\/author\\\/maria-fernanda-plazas\\\/\"}]}<\/script>\n<!-- \/ Yoast SEO plugin. -->","yoast_head_json":{"title":"Huila Grande en la acuicultura que inspira futuro - AR Digital Noticias","robots":{"index":"index","follow":"follow","max-snippet":"max-snippet:-1","max-image-preview":"max-image-preview:large","max-video-preview":"max-video-preview:-1"},"canonical":"https:\/\/ardigitalnoticias.com\/index.php\/2025\/08\/27\/huila-grande-en-la-acuicultura-que-inspira-futuro\/","og_locale":"es_ES","og_type":"article","og_title":"Huila Grande en la acuicultura que inspira futuro - AR Digital Noticias","og_description":"Del 28 al 30 de agosto, el Huila volver\u00e1 a ocupar un lugar privilegiado en la conversaci\u00f3n nacional con la Tercera Feria Internacional Acu\u00edcola, un evento que promete mucho m\u00e1s que negocios: ser\u00e1 un espacio para descubrir c\u00f3mo la acuicultura puede transformar vidas, territorios y proyecciones de pa\u00eds. Organizada por la Gobernaci\u00f3n del Huila, COOPISHUILA [&hellip;]","og_url":"https:\/\/ardigitalnoticias.com\/index.php\/2025\/08\/27\/huila-grande-en-la-acuicultura-que-inspira-futuro\/","og_site_name":"AR Digital Noticias","article_published_time":"2025-08-28T02:25:01+00:00","article_modified_time":"2025-08-28T02:38:58+00:00","og_image":[{"width":1200,"height":628,"url":"https:\/\/ardigitalnoticias.com\/wp-content\/uploads\/2025\/08\/Imagen-columnas-AR-2025.png","type":"image\/png"}],"author":"Maria Fernanda Plazas","twitter_card":"summary_large_image","twitter_misc":{"Escrito por":"Maria Fernanda Plazas","Tiempo de lectura":"3 minutos"},"schema":{"@context":"https:\/\/schema.org","@graph":[{"@type":"Article","@id":"https:\/\/ardigitalnoticias.com\/index.php\/2025\/08\/27\/huila-grande-en-la-acuicultura-que-inspira-futuro\/#article","isPartOf":{"@id":"https:\/\/ardigitalnoticias.com\/index.php\/2025\/08\/27\/huila-grande-en-la-acuicultura-que-inspira-futuro\/"},"author":{"name":"Maria Fernanda Plazas","@id":"https:\/\/ardigitalnoticias.com\/#\/schema\/person\/bd9b5d500ae5be02629fed9405f36096"},"headline":"Huila Grande en la acuicultura que inspira futuro","datePublished":"2025-08-28T02:25:01+00:00","dateModified":"2025-08-28T02:38:58+00:00","mainEntityOfPage":{"@id":"https:\/\/ardigitalnoticias.com\/index.php\/2025\/08\/27\/huila-grande-en-la-acuicultura-que-inspira-futuro\/"},"wordCount":660,"commentCount":0,"publisher":{"@id":"https:\/\/ardigitalnoticias.com\/#organization"},"image":{"@id":"https:\/\/ardigitalnoticias.com\/index.php\/2025\/08\/27\/huila-grande-en-la-acuicultura-que-inspira-futuro\/#primaryimage"},"thumbnailUrl":"https:\/\/ardigitalnoticias.com\/wp-content\/uploads\/2025\/08\/Imagen-columnas-AR-2025.png","articleSection":["Opini\u00f3n"],"inLanguage":"es","potentialAction":[{"@type":"CommentAction","name":"Comment","target":["https:\/\/ardigitalnoticias.com\/index.php\/2025\/08\/27\/huila-grande-en-la-acuicultura-que-inspira-futuro\/#respond"]}]},{"@type":"WebPage","@id":"https:\/\/ardigitalnoticias.com\/index.php\/2025\/08\/27\/huila-grande-en-la-acuicultura-que-inspira-futuro\/","url":"https:\/\/ardigitalnoticias.com\/index.php\/2025\/08\/27\/huila-grande-en-la-acuicultura-que-inspira-futuro\/","name":"Huila Grande en la acuicultura que inspira futuro - AR Digital Noticias","isPartOf":{"@id":"https:\/\/ardigitalnoticias.com\/#website"},"primaryImageOfPage":{"@id":"https:\/\/ardigitalnoticias.com\/index.php\/2025\/08\/27\/huila-grande-en-la-acuicultura-que-inspira-futuro\/#primaryimage"},"image":{"@id":"https:\/\/ardigitalnoticias.com\/index.php\/2025\/08\/27\/huila-grande-en-la-acuicultura-que-inspira-futuro\/#primaryimage"},"thumbnailUrl":"https:\/\/ardigitalnoticias.com\/wp-content\/uploads\/2025\/08\/Imagen-columnas-AR-2025.png","datePublished":"2025-08-28T02:25:01+00:00","dateModified":"2025-08-28T02:38:58+00:00","breadcrumb":{"@id":"https:\/\/ardigitalnoticias.com\/index.php\/2025\/08\/27\/huila-grande-en-la-acuicultura-que-inspira-futuro\/#breadcrumb"},"inLanguage":"es","potentialAction":[{"@type":"ReadAction","target":["https:\/\/ardigitalnoticias.com\/index.php\/2025\/08\/27\/huila-grande-en-la-acuicultura-que-inspira-futuro\/"]}]},{"@type":"ImageObject","inLanguage":"es","@id":"https:\/\/ardigitalnoticias.com\/index.php\/2025\/08\/27\/huila-grande-en-la-acuicultura-que-inspira-futuro\/#primaryimage","url":"https:\/\/ardigitalnoticias.com\/wp-content\/uploads\/2025\/08\/Imagen-columnas-AR-2025.png","contentUrl":"https:\/\/ardigitalnoticias.com\/wp-content\/uploads\/2025\/08\/Imagen-columnas-AR-2025.png","width":1200,"height":628},{"@type":"BreadcrumbList","@id":"https:\/\/ardigitalnoticias.com\/index.php\/2025\/08\/27\/huila-grande-en-la-acuicultura-que-inspira-futuro\/#breadcrumb","itemListElement":[{"@type":"ListItem","position":1,"name":"Portada","item":"https:\/\/ardigitalnoticias.com\/"},{"@type":"ListItem","position":2,"name":"Huila Grande en la acuicultura que inspira futuro"}]},{"@type":"WebSite","@id":"https:\/\/ardigitalnoticias.com\/#website","url":"https:\/\/ardigitalnoticias.com\/","name":"AR Digital Noticias","description":"","publisher":{"@id":"https:\/\/ardigitalnoticias.com\/#organization"},"potentialAction":[{"@type":"SearchAction","target":{"@type":"EntryPoint","urlTemplate":"https:\/\/ardigitalnoticias.com\/?s={search_term_string}"},"query-input":{"@type":"PropertyValueSpecification","valueRequired":true,"valueName":"search_term_string"}}],"inLanguage":"es"},{"@type":"Organization","@id":"https:\/\/ardigitalnoticias.com\/#organization","name":"AR Digital Noticias","url":"https:\/\/ardigitalnoticias.com\/","logo":{"@type":"ImageObject","inLanguage":"es","@id":"https:\/\/ardigitalnoticias.com\/#\/schema\/logo\/image\/","url":"https:\/\/ardigitalnoticias.com\/wp-content\/uploads\/2023\/11\/cropped-cropped-cropped-cropped-AR-Digital-Noticias-1.png","contentUrl":"https:\/\/ardigitalnoticias.com\/wp-content\/uploads\/2023\/11\/cropped-cropped-cropped-cropped-AR-Digital-Noticias-1.png","width":972,"height":306,"caption":"AR Digital Noticias"},"image":{"@id":"https:\/\/ardigitalnoticias.com\/#\/schema\/logo\/image\/"}},{"@type":"Person","@id":"https:\/\/ardigitalnoticias.com\/#\/schema\/person\/bd9b5d500ae5be02629fed9405f36096","name":"Maria Fernanda Plazas","image":{"@type":"ImageObject","inLanguage":"es","@id":"https:\/\/secure.gravatar.com\/avatar\/81c8593451217fdebec74457e5eb1f961f6a0a3aef1265cac852a8a78a05b5b9?s=96&d=mm&r=g","url":"https:\/\/secure.gravatar.com\/avatar\/81c8593451217fdebec74457e5eb1f961f6a0a3aef1265cac852a8a78a05b5b9?s=96&d=mm&r=g","contentUrl":"https:\/\/secure.gravatar.com\/avatar\/81c8593451217fdebec74457e5eb1f961f6a0a3aef1265cac852a8a78a05b5b9?s=96&d=mm&r=g","caption":"Maria Fernanda Plazas"},"url":"https:\/\/ardigitalnoticias.com\/index.php\/author\/maria-fernanda-plazas\/"}]}},"_links":{"self":[{"href":"https:\/\/ardigitalnoticias.com\/index.php\/wp-json\/wp\/v2\/posts\/8401","targetHints":{"allow":["GET"]}}],"collection":[{"href":"https:\/\/ardigitalnoticias.com\/index.php\/wp-json\/wp\/v2\/posts"}],"about":[{"href":"https:\/\/ardigitalnoticias.com\/index.php\/wp-json\/wp\/v2\/types\/post"}],"author":[{"embeddable":true,"href":"https:\/\/ardigitalnoticias.com\/index.php\/wp-json\/wp\/v2\/users\/4"}],"replies":[{"embeddable":true,"href":"https:\/\/ardigitalnoticias.com\/index.php\/wp-json\/wp\/v2\/comments?post=8401"}],"version-history":[{"count":1,"href":"https:\/\/ardigitalnoticias.com\/index.php\/wp-json\/wp\/v2\/posts\/8401\/revisions"}],"predecessor-version":[{"id":8402,"href":"https:\/\/ardigitalnoticias.com\/index.php\/wp-json\/wp\/v2\/posts\/8401\/revisions\/8402"}],"wp:featuredmedia":[{"embeddable":true,"href":"https:\/\/ardigitalnoticias.com\/index.php\/wp-json\/wp\/v2\/media\/8403"}],"wp:attachment":[{"href":"https:\/\/ardigitalnoticias.com\/index.php\/wp-json\/wp\/v2\/media?parent=8401"}],"wp:term":[{"taxonomy":"category","embeddable":true,"href":"https:\/\/ardigitalnoticias.com\/index.php\/wp-json\/wp\/v2\/categories?post=8401"},{"taxonomy":"post_tag","embeddable":true,"href":"https:\/\/ardigitalnoticias.com\/index.php\/wp-json\/wp\/v2\/tags?post=8401"}],"curies":[{"name":"wp","href":"https:\/\/api.w.org\/{rel}","templated":true}]}}