{"id":8393,"date":"2025-08-26T14:36:30","date_gmt":"2025-08-26T19:36:30","guid":{"rendered":"https:\/\/ardigitalnoticias.com\/?p=8393"},"modified":"2025-08-26T14:36:31","modified_gmt":"2025-08-26T19:36:31","slug":"joven-embarazada-denuncia-engano-y-agresion-en-neiva","status":"publish","type":"post","link":"https:\/\/ardigitalnoticias.com\/index.php\/2025\/08\/26\/joven-embarazada-denuncia-engano-y-agresion-en-neiva\/","title":{"rendered":"JOVEN EMBARAZADA DENUNCIA ENGA\u00d1O Y AGRESI\u00d3N EN NEIVA"},"content":{"rendered":"\n<p>Una situaci\u00f3n alarmante ha generado consternaci\u00f3n en Neiva tras conocerse la denuncia de Yesica Cruz Capera, una joven de 22 a\u00f1os con siete meses de embarazo, quien habr\u00eda sido v\u00edctima de un enga\u00f1o que puso en riesgo su vida y la de su beb\u00e9.<\/p>\n\n\n\n<p><strong>POR: ANDR\u00c9S RODR\u00cdGUEZ. <\/strong><\/p>\n\n\n\n<p>De acuerdo con versiones preliminares, la mujer fue contactada a trav\u00e9s de redes sociales por otra persona identificada como Sara Luc\u00eda V\u00e1squez Ortega, quien le habr\u00eda ofrecido apoyo y ayuda para madres gestantes. Con este pretexto la llev\u00f3 hasta un hotel en el norte de la ciudad, donde, seg\u00fan la denuncia, la joven fue inducida bajo los efectos de alguna sustancia y posteriormente atacada con fines de practicarle un procedimiento clandestino.<\/p>\n\n\n\n<p>El esposo de la v\u00edctima relat\u00f3 que Yesica perdi\u00f3 la conciencia y tuvo que ser trasladada de urgencia al Hospital Universitario de Neiva, donde permanece en la UCI bajo pron\u00f3stico reservado, mientras los m\u00e9dicos trabajan para estabilizarla y proteger la vida de su beb\u00e9.<\/p>\n\n\n\n<p>Las autoridades informaron que en poder de la se\u00f1alada fueron encontrados elementos quir\u00fargicos y otros objetos que la comprometer\u00edan en los hechos. La mujer fue capturada y puesta a disposici\u00f3n de la Fiscal\u00eda, que adelanta el proceso judicial correspondiente por tentativa de homicidio y otros delitos.<\/p>\n\n\n\n<p>El comandante de la Polic\u00eda Metropolitana de Neiva, coronel H\u00e9ctor Ruiz, confirm\u00f3 la detenci\u00f3n y se\u00f1al\u00f3 que se avanza en las investigaciones para esclarecer lo sucedido.<\/p>\n\n\n\n<p>La familia de Yesica pidi\u00f3 justicia y que este caso no quede en la impunidad.<\/p>\n","protected":false},"excerpt":{"rendered":"<p>Una situaci\u00f3n alarmante ha generado consternaci\u00f3n en Neiva tras conocerse la denuncia de Yesica Cruz Capera, una joven de 22 a\u00f1os con siete meses de embarazo, quien habr\u00eda sido v\u00edctima de un enga\u00f1o que puso en riesgo su vida y la de su beb\u00e9. POR: ANDR\u00c9S RODR\u00cdGUEZ. De acuerdo con versiones preliminares, la mujer fue [&hellip;]<\/p>\n","protected":false},"author":2,"featured_media":8395,"comment_status":"open","ping_status":"open","sticky":false,"template":"","format":"standard","meta":{"_acf_changed":false,"_joinchat":[],"footnotes":""},"categories":[20,26,19],"tags":[],"class_list":{"0":"post-8393","1":"post","2":"type-post","3":"status-publish","4":"format-standard","5":"has-post-thumbnail","7":"category-judicial","8":"category-norte","9":"category-regional"},"acf":[],"yoast_head":"<!-- This site is optimized with the Yoast SEO plugin v27.5 - https:\/\/yoast.com\/product\/yoast-seo-wordpress\/ -->\n<title>JOVEN EMBARAZADA DENUNCIA ENGA\u00d1O Y AGRESI\u00d3N EN NEIVA - AR Digital Noticias<\/title>\n<meta name=\"robots\" content=\"index, follow, max-snippet:-1, max-image-preview:large, max-video-preview:-1\" \/>\n<link rel=\"canonical\" href=\"https:\/\/ardigitalnoticias.com\/index.php\/2025\/08\/26\/joven-embarazada-denuncia-engano-y-agresion-en-neiva\/\" \/>\n<meta property=\"og:locale\" content=\"es_ES\" \/>\n<meta property=\"og:type\" content=\"article\" \/>\n<meta property=\"og:title\" content=\"JOVEN EMBARAZADA DENUNCIA ENGA\u00d1O Y AGRESI\u00d3N EN NEIVA - AR Digital Noticias\" \/>\n<meta property=\"og:description\" content=\"Una situaci\u00f3n alarmante ha generado consternaci\u00f3n en Neiva tras conocerse la denuncia de Yesica Cruz Capera, una joven de 22 a\u00f1os con siete meses de embarazo, quien habr\u00eda sido v\u00edctima de un enga\u00f1o que puso en riesgo su vida y la de su beb\u00e9. POR: ANDR\u00c9S RODR\u00cdGUEZ. De acuerdo con versiones preliminares, la mujer fue [&hellip;]\" \/>\n<meta property=\"og:url\" content=\"https:\/\/ardigitalnoticias.com\/index.php\/2025\/08\/26\/joven-embarazada-denuncia-engano-y-agresion-en-neiva\/\" \/>\n<meta property=\"og:site_name\" content=\"AR Digital Noticias\" \/>\n<meta property=\"article:published_time\" content=\"2025-08-26T19:36:30+00:00\" \/>\n<meta property=\"article:modified_time\" content=\"2025-08-26T19:36:31+00:00\" \/>\n<meta property=\"og:image\" content=\"https:\/\/ardigitalnoticias.com\/wp-content\/uploads\/2025\/08\/InShot_20250826_143318607.jpg\" \/>\n\t<meta property=\"og:image:width\" content=\"1920\" \/>\n\t<meta property=\"og:image:height\" content=\"1080\" \/>\n\t<meta property=\"og:image:type\" content=\"image\/jpeg\" \/>\n<meta name=\"author\" content=\"AR Digital Noticias\" \/>\n<meta name=\"twitter:card\" content=\"summary_large_image\" \/>\n<meta name=\"twitter:label1\" content=\"Escrito por\" \/>\n\t<meta name=\"twitter:data1\" content=\"AR Digital Noticias\" \/>\n\t<meta name=\"twitter:label2\" content=\"Tiempo de lectura\" \/>\n\t<meta name=\"twitter:data2\" content=\"2 minutos\" \/>\n<script type=\"application\/ld+json\" class=\"yoast-schema-graph\">{\"@context\":\"https:\\\/\\\/schema.org\",\"@graph\":[{\"@type\":\"Article\",\"@id\":\"https:\\\/\\\/ardigitalnoticias.com\\\/index.php\\\/2025\\\/08\\\/26\\\/joven-embarazada-denuncia-engano-y-agresion-en-neiva\\\/#article\",\"isPartOf\":{\"@id\":\"https:\\\/\\\/ardigitalnoticias.com\\\/index.php\\\/2025\\\/08\\\/26\\\/joven-embarazada-denuncia-engano-y-agresion-en-neiva\\\/\"},\"author\":{\"name\":\"AR Digital Noticias\",\"@id\":\"https:\\\/\\\/ardigitalnoticias.com\\\/#\\\/schema\\\/person\\\/3f1b0a96e890d8cba89a76c7558a147c\"},\"headline\":\"JOVEN EMBARAZADA DENUNCIA ENGA\u00d1O Y AGRESI\u00d3N EN NEIVA\",\"datePublished\":\"2025-08-26T19:36:30+00:00\",\"dateModified\":\"2025-08-26T19:36:31+00:00\",\"mainEntityOfPage\":{\"@id\":\"https:\\\/\\\/ardigitalnoticias.com\\\/index.php\\\/2025\\\/08\\\/26\\\/joven-embarazada-denuncia-engano-y-agresion-en-neiva\\\/\"},\"wordCount\":283,\"commentCount\":0,\"publisher\":{\"@id\":\"https:\\\/\\\/ardigitalnoticias.com\\\/#organization\"},\"image\":{\"@id\":\"https:\\\/\\\/ardigitalnoticias.com\\\/index.php\\\/2025\\\/08\\\/26\\\/joven-embarazada-denuncia-engano-y-agresion-en-neiva\\\/#primaryimage\"},\"thumbnailUrl\":\"https:\\\/\\\/ardigitalnoticias.com\\\/wp-content\\\/uploads\\\/2025\\\/08\\\/InShot_20250826_143318607.jpg\",\"articleSection\":[\"Judicial\",\"Norte\",\"Regional\"],\"inLanguage\":\"es\",\"potentialAction\":[{\"@type\":\"CommentAction\",\"name\":\"Comment\",\"target\":[\"https:\\\/\\\/ardigitalnoticias.com\\\/index.php\\\/2025\\\/08\\\/26\\\/joven-embarazada-denuncia-engano-y-agresion-en-neiva\\\/#respond\"]}]},{\"@type\":\"WebPage\",\"@id\":\"https:\\\/\\\/ardigitalnoticias.com\\\/index.php\\\/2025\\\/08\\\/26\\\/joven-embarazada-denuncia-engano-y-agresion-en-neiva\\\/\",\"url\":\"https:\\\/\\\/ardigitalnoticias.com\\\/index.php\\\/2025\\\/08\\\/26\\\/joven-embarazada-denuncia-engano-y-agresion-en-neiva\\\/\",\"name\":\"JOVEN EMBARAZADA DENUNCIA ENGA\u00d1O Y AGRESI\u00d3N EN NEIVA - AR Digital Noticias\",\"isPartOf\":{\"@id\":\"https:\\\/\\\/ardigitalnoticias.com\\\/#website\"},\"primaryImageOfPage\":{\"@id\":\"https:\\\/\\\/ardigitalnoticias.com\\\/index.php\\\/2025\\\/08\\\/26\\\/joven-embarazada-denuncia-engano-y-agresion-en-neiva\\\/#primaryimage\"},\"image\":{\"@id\":\"https:\\\/\\\/ardigitalnoticias.com\\\/index.php\\\/2025\\\/08\\\/26\\\/joven-embarazada-denuncia-engano-y-agresion-en-neiva\\\/#primaryimage\"},\"thumbnailUrl\":\"https:\\\/\\\/ardigitalnoticias.com\\\/wp-content\\\/uploads\\\/2025\\\/08\\\/InShot_20250826_143318607.jpg\",\"datePublished\":\"2025-08-26T19:36:30+00:00\",\"dateModified\":\"2025-08-26T19:36:31+00:00\",\"breadcrumb\":{\"@id\":\"https:\\\/\\\/ardigitalnoticias.com\\\/index.php\\\/2025\\\/08\\\/26\\\/joven-embarazada-denuncia-engano-y-agresion-en-neiva\\\/#breadcrumb\"},\"inLanguage\":\"es\",\"potentialAction\":[{\"@type\":\"ReadAction\",\"target\":[\"https:\\\/\\\/ardigitalnoticias.com\\\/index.php\\\/2025\\\/08\\\/26\\\/joven-embarazada-denuncia-engano-y-agresion-en-neiva\\\/\"]}]},{\"@type\":\"ImageObject\",\"inLanguage\":\"es\",\"@id\":\"https:\\\/\\\/ardigitalnoticias.com\\\/index.php\\\/2025\\\/08\\\/26\\\/joven-embarazada-denuncia-engano-y-agresion-en-neiva\\\/#primaryimage\",\"url\":\"https:\\\/\\\/ardigitalnoticias.com\\\/wp-content\\\/uploads\\\/2025\\\/08\\\/InShot_20250826_143318607.jpg\",\"contentUrl\":\"https:\\\/\\\/ardigitalnoticias.com\\\/wp-content\\\/uploads\\\/2025\\\/08\\\/InShot_20250826_143318607.jpg\",\"width\":1920,\"height\":1080},{\"@type\":\"BreadcrumbList\",\"@id\":\"https:\\\/\\\/ardigitalnoticias.com\\\/index.php\\\/2025\\\/08\\\/26\\\/joven-embarazada-denuncia-engano-y-agresion-en-neiva\\\/#breadcrumb\",\"itemListElement\":[{\"@type\":\"ListItem\",\"position\":1,\"name\":\"Portada\",\"item\":\"https:\\\/\\\/ardigitalnoticias.com\\\/\"},{\"@type\":\"ListItem\",\"position\":2,\"name\":\"JOVEN EMBARAZADA DENUNCIA ENGA\u00d1O Y AGRESI\u00d3N EN NEIVA\"}]},{\"@type\":\"WebSite\",\"@id\":\"https:\\\/\\\/ardigitalnoticias.com\\\/#website\",\"url\":\"https:\\\/\\\/ardigitalnoticias.com\\\/\",\"name\":\"AR Digital Noticias\",\"description\":\"\",\"publisher\":{\"@id\":\"https:\\\/\\\/ardigitalnoticias.com\\\/#organization\"},\"potentialAction\":[{\"@type\":\"SearchAction\",\"target\":{\"@type\":\"EntryPoint\",\"urlTemplate\":\"https:\\\/\\\/ardigitalnoticias.com\\\/?s={search_term_string}\"},\"query-input\":{\"@type\":\"PropertyValueSpecification\",\"valueRequired\":true,\"valueName\":\"search_term_string\"}}],\"inLanguage\":\"es\"},{\"@type\":\"Organization\",\"@id\":\"https:\\\/\\\/ardigitalnoticias.com\\\/#organization\",\"name\":\"AR Digital Noticias\",\"url\":\"https:\\\/\\\/ardigitalnoticias.com\\\/\",\"logo\":{\"@type\":\"ImageObject\",\"inLanguage\":\"es\",\"@id\":\"https:\\\/\\\/ardigitalnoticias.com\\\/#\\\/schema\\\/logo\\\/image\\\/\",\"url\":\"https:\\\/\\\/ardigitalnoticias.com\\\/wp-content\\\/uploads\\\/2023\\\/11\\\/cropped-cropped-cropped-cropped-AR-Digital-Noticias-1.png\",\"contentUrl\":\"https:\\\/\\\/ardigitalnoticias.com\\\/wp-content\\\/uploads\\\/2023\\\/11\\\/cropped-cropped-cropped-cropped-AR-Digital-Noticias-1.png\",\"width\":972,\"height\":306,\"caption\":\"AR Digital Noticias\"},\"image\":{\"@id\":\"https:\\\/\\\/ardigitalnoticias.com\\\/#\\\/schema\\\/logo\\\/image\\\/\"}},{\"@type\":\"Person\",\"@id\":\"https:\\\/\\\/ardigitalnoticias.com\\\/#\\\/schema\\\/person\\\/3f1b0a96e890d8cba89a76c7558a147c\",\"name\":\"AR Digital Noticias\",\"image\":{\"@type\":\"ImageObject\",\"inLanguage\":\"es\",\"@id\":\"https:\\\/\\\/secure.gravatar.com\\\/avatar\\\/55d1acd2f9cac74c99f42fcb5090c2f994204a6f6c571cf4c3001ae692cb9b34?s=96&d=mm&r=g\",\"url\":\"https:\\\/\\\/secure.gravatar.com\\\/avatar\\\/55d1acd2f9cac74c99f42fcb5090c2f994204a6f6c571cf4c3001ae692cb9b34?s=96&d=mm&r=g\",\"contentUrl\":\"https:\\\/\\\/secure.gravatar.com\\\/avatar\\\/55d1acd2f9cac74c99f42fcb5090c2f994204a6f6c571cf4c3001ae692cb9b34?s=96&d=mm&r=g\",\"caption\":\"AR Digital Noticias\"},\"sameAs\":[\"http:\\\/\\\/ardigitalnoticias.com\"],\"url\":\"https:\\\/\\\/ardigitalnoticias.com\\\/index.php\\\/author\\\/editorial\\\/\"}]}<\/script>\n<!-- \/ Yoast SEO plugin. -->","yoast_head_json":{"title":"JOVEN EMBARAZADA DENUNCIA ENGA\u00d1O Y AGRESI\u00d3N EN NEIVA - AR Digital Noticias","robots":{"index":"index","follow":"follow","max-snippet":"max-snippet:-1","max-image-preview":"max-image-preview:large","max-video-preview":"max-video-preview:-1"},"canonical":"https:\/\/ardigitalnoticias.com\/index.php\/2025\/08\/26\/joven-embarazada-denuncia-engano-y-agresion-en-neiva\/","og_locale":"es_ES","og_type":"article","og_title":"JOVEN EMBARAZADA DENUNCIA ENGA\u00d1O Y AGRESI\u00d3N EN NEIVA - AR Digital Noticias","og_description":"Una situaci\u00f3n alarmante ha generado consternaci\u00f3n en Neiva tras conocerse la denuncia de Yesica Cruz Capera, una joven de 22 a\u00f1os con siete meses de embarazo, quien habr\u00eda sido v\u00edctima de un enga\u00f1o que puso en riesgo su vida y la de su beb\u00e9. POR: ANDR\u00c9S RODR\u00cdGUEZ. De acuerdo con versiones preliminares, la mujer fue [&hellip;]","og_url":"https:\/\/ardigitalnoticias.com\/index.php\/2025\/08\/26\/joven-embarazada-denuncia-engano-y-agresion-en-neiva\/","og_site_name":"AR Digital Noticias","article_published_time":"2025-08-26T19:36:30+00:00","article_modified_time":"2025-08-26T19:36:31+00:00","og_image":[{"width":1920,"height":1080,"url":"https:\/\/ardigitalnoticias.com\/wp-content\/uploads\/2025\/08\/InShot_20250826_143318607.jpg","type":"image\/jpeg"}],"author":"AR Digital Noticias","twitter_card":"summary_large_image","twitter_misc":{"Escrito por":"AR Digital Noticias","Tiempo de lectura":"2 minutos"},"schema":{"@context":"https:\/\/schema.org","@graph":[{"@type":"Article","@id":"https:\/\/ardigitalnoticias.com\/index.php\/2025\/08\/26\/joven-embarazada-denuncia-engano-y-agresion-en-neiva\/#article","isPartOf":{"@id":"https:\/\/ardigitalnoticias.com\/index.php\/2025\/08\/26\/joven-embarazada-denuncia-engano-y-agresion-en-neiva\/"},"author":{"name":"AR Digital Noticias","@id":"https:\/\/ardigitalnoticias.com\/#\/schema\/person\/3f1b0a96e890d8cba89a76c7558a147c"},"headline":"JOVEN EMBARAZADA DENUNCIA ENGA\u00d1O Y AGRESI\u00d3N EN NEIVA","datePublished":"2025-08-26T19:36:30+00:00","dateModified":"2025-08-26T19:36:31+00:00","mainEntityOfPage":{"@id":"https:\/\/ardigitalnoticias.com\/index.php\/2025\/08\/26\/joven-embarazada-denuncia-engano-y-agresion-en-neiva\/"},"wordCount":283,"commentCount":0,"publisher":{"@id":"https:\/\/ardigitalnoticias.com\/#organization"},"image":{"@id":"https:\/\/ardigitalnoticias.com\/index.php\/2025\/08\/26\/joven-embarazada-denuncia-engano-y-agresion-en-neiva\/#primaryimage"},"thumbnailUrl":"https:\/\/ardigitalnoticias.com\/wp-content\/uploads\/2025\/08\/InShot_20250826_143318607.jpg","articleSection":["Judicial","Norte","Regional"],"inLanguage":"es","potentialAction":[{"@type":"CommentAction","name":"Comment","target":["https:\/\/ardigitalnoticias.com\/index.php\/2025\/08\/26\/joven-embarazada-denuncia-engano-y-agresion-en-neiva\/#respond"]}]},{"@type":"WebPage","@id":"https:\/\/ardigitalnoticias.com\/index.php\/2025\/08\/26\/joven-embarazada-denuncia-engano-y-agresion-en-neiva\/","url":"https:\/\/ardigitalnoticias.com\/index.php\/2025\/08\/26\/joven-embarazada-denuncia-engano-y-agresion-en-neiva\/","name":"JOVEN EMBARAZADA DENUNCIA ENGA\u00d1O Y AGRESI\u00d3N EN NEIVA - AR Digital Noticias","isPartOf":{"@id":"https:\/\/ardigitalnoticias.com\/#website"},"primaryImageOfPage":{"@id":"https:\/\/ardigitalnoticias.com\/index.php\/2025\/08\/26\/joven-embarazada-denuncia-engano-y-agresion-en-neiva\/#primaryimage"},"image":{"@id":"https:\/\/ardigitalnoticias.com\/index.php\/2025\/08\/26\/joven-embarazada-denuncia-engano-y-agresion-en-neiva\/#primaryimage"},"thumbnailUrl":"https:\/\/ardigitalnoticias.com\/wp-content\/uploads\/2025\/08\/InShot_20250826_143318607.jpg","datePublished":"2025-08-26T19:36:30+00:00","dateModified":"2025-08-26T19:36:31+00:00","breadcrumb":{"@id":"https:\/\/ardigitalnoticias.com\/index.php\/2025\/08\/26\/joven-embarazada-denuncia-engano-y-agresion-en-neiva\/#breadcrumb"},"inLanguage":"es","potentialAction":[{"@type":"ReadAction","target":["https:\/\/ardigitalnoticias.com\/index.php\/2025\/08\/26\/joven-embarazada-denuncia-engano-y-agresion-en-neiva\/"]}]},{"@type":"ImageObject","inLanguage":"es","@id":"https:\/\/ardigitalnoticias.com\/index.php\/2025\/08\/26\/joven-embarazada-denuncia-engano-y-agresion-en-neiva\/#primaryimage","url":"https:\/\/ardigitalnoticias.com\/wp-content\/uploads\/2025\/08\/InShot_20250826_143318607.jpg","contentUrl":"https:\/\/ardigitalnoticias.com\/wp-content\/uploads\/2025\/08\/InShot_20250826_143318607.jpg","width":1920,"height":1080},{"@type":"BreadcrumbList","@id":"https:\/\/ardigitalnoticias.com\/index.php\/2025\/08\/26\/joven-embarazada-denuncia-engano-y-agresion-en-neiva\/#breadcrumb","itemListElement":[{"@type":"ListItem","position":1,"name":"Portada","item":"https:\/\/ardigitalnoticias.com\/"},{"@type":"ListItem","position":2,"name":"JOVEN EMBARAZADA DENUNCIA ENGA\u00d1O Y AGRESI\u00d3N EN NEIVA"}]},{"@type":"WebSite","@id":"https:\/\/ardigitalnoticias.com\/#website","url":"https:\/\/ardigitalnoticias.com\/","name":"AR Digital Noticias","description":"","publisher":{"@id":"https:\/\/ardigitalnoticias.com\/#organization"},"potentialAction":[{"@type":"SearchAction","target":{"@type":"EntryPoint","urlTemplate":"https:\/\/ardigitalnoticias.com\/?s={search_term_string}"},"query-input":{"@type":"PropertyValueSpecification","valueRequired":true,"valueName":"search_term_string"}}],"inLanguage":"es"},{"@type":"Organization","@id":"https:\/\/ardigitalnoticias.com\/#organization","name":"AR Digital Noticias","url":"https:\/\/ardigitalnoticias.com\/","logo":{"@type":"ImageObject","inLanguage":"es","@id":"https:\/\/ardigitalnoticias.com\/#\/schema\/logo\/image\/","url":"https:\/\/ardigitalnoticias.com\/wp-content\/uploads\/2023\/11\/cropped-cropped-cropped-cropped-AR-Digital-Noticias-1.png","contentUrl":"https:\/\/ardigitalnoticias.com\/wp-content\/uploads\/2023\/11\/cropped-cropped-cropped-cropped-AR-Digital-Noticias-1.png","width":972,"height":306,"caption":"AR Digital Noticias"},"image":{"@id":"https:\/\/ardigitalnoticias.com\/#\/schema\/logo\/image\/"}},{"@type":"Person","@id":"https:\/\/ardigitalnoticias.com\/#\/schema\/person\/3f1b0a96e890d8cba89a76c7558a147c","name":"AR Digital Noticias","image":{"@type":"ImageObject","inLanguage":"es","@id":"https:\/\/secure.gravatar.com\/avatar\/55d1acd2f9cac74c99f42fcb5090c2f994204a6f6c571cf4c3001ae692cb9b34?s=96&d=mm&r=g","url":"https:\/\/secure.gravatar.com\/avatar\/55d1acd2f9cac74c99f42fcb5090c2f994204a6f6c571cf4c3001ae692cb9b34?s=96&d=mm&r=g","contentUrl":"https:\/\/secure.gravatar.com\/avatar\/55d1acd2f9cac74c99f42fcb5090c2f994204a6f6c571cf4c3001ae692cb9b34?s=96&d=mm&r=g","caption":"AR Digital Noticias"},"sameAs":["http:\/\/ardigitalnoticias.com"],"url":"https:\/\/ardigitalnoticias.com\/index.php\/author\/editorial\/"}]}},"_links":{"self":[{"href":"https:\/\/ardigitalnoticias.com\/index.php\/wp-json\/wp\/v2\/posts\/8393","targetHints":{"allow":["GET"]}}],"collection":[{"href":"https:\/\/ardigitalnoticias.com\/index.php\/wp-json\/wp\/v2\/posts"}],"about":[{"href":"https:\/\/ardigitalnoticias.com\/index.php\/wp-json\/wp\/v2\/types\/post"}],"author":[{"embeddable":true,"href":"https:\/\/ardigitalnoticias.com\/index.php\/wp-json\/wp\/v2\/users\/2"}],"replies":[{"embeddable":true,"href":"https:\/\/ardigitalnoticias.com\/index.php\/wp-json\/wp\/v2\/comments?post=8393"}],"version-history":[{"count":1,"href":"https:\/\/ardigitalnoticias.com\/index.php\/wp-json\/wp\/v2\/posts\/8393\/revisions"}],"predecessor-version":[{"id":8394,"href":"https:\/\/ardigitalnoticias.com\/index.php\/wp-json\/wp\/v2\/posts\/8393\/revisions\/8394"}],"wp:featuredmedia":[{"embeddable":true,"href":"https:\/\/ardigitalnoticias.com\/index.php\/wp-json\/wp\/v2\/media\/8395"}],"wp:attachment":[{"href":"https:\/\/ardigitalnoticias.com\/index.php\/wp-json\/wp\/v2\/media?parent=8393"}],"wp:term":[{"taxonomy":"category","embeddable":true,"href":"https:\/\/ardigitalnoticias.com\/index.php\/wp-json\/wp\/v2\/categories?post=8393"},{"taxonomy":"post_tag","embeddable":true,"href":"https:\/\/ardigitalnoticias.com\/index.php\/wp-json\/wp\/v2\/tags?post=8393"}],"curies":[{"name":"wp","href":"https:\/\/api.w.org\/{rel}","templated":true}]}}