{"id":8384,"date":"2025-08-22T16:52:52","date_gmt":"2025-08-22T21:52:52","guid":{"rendered":"https:\/\/ardigitalnoticias.com\/?p=8384"},"modified":"2025-08-22T16:52:53","modified_gmt":"2025-08-22T21:52:53","slug":"orgullo-garzoneno-yesica-tatiana-rios-ferla-convocada-a-la-seleccion-colombia-sub-15","status":"publish","type":"post","link":"https:\/\/ardigitalnoticias.com\/index.php\/2025\/08\/22\/orgullo-garzoneno-yesica-tatiana-rios-ferla-convocada-a-la-seleccion-colombia-sub-15\/","title":{"rendered":"ORGULLO GARZONE\u00d1O: YESICA TATIANA R\u00cdOS FERLA CONVOCADA A LA SELECCI\u00d3N COLOMBIA SUB-15."},"content":{"rendered":"\n<p>La joven futbolista Yesica Tatiana R\u00edos Ferla, oriunda de Garz\u00f3n, ha sido convocada oficialmente a la Selecci\u00f3n Colombia de F\u00fatbol Sub-15, cumpliendo as\u00ed uno de sus grandes sue\u00f1os gracias a su talento, esfuerzo y disciplina en las canchas.<\/p>\n\n\n\n<p><strong>POR: ANDR\u00c9S RODR\u00cdGUEZ. <\/strong><\/p>\n\n\n<div class=\"wp-block-image\">\n<figure class=\"aligncenter size-large\"><img loading=\"lazy\" decoding=\"async\" width=\"1024\" height=\"1024\" src=\"https:\/\/ardigitalnoticias.com\/wp-content\/uploads\/2025\/08\/Photo_1755899291000-1024x1024.jpg\" alt=\"\" class=\"wp-image-8385\" srcset=\"https:\/\/ardigitalnoticias.com\/wp-content\/uploads\/2025\/08\/Photo_1755899291000-1024x1024.jpg 1024w, https:\/\/ardigitalnoticias.com\/wp-content\/uploads\/2025\/08\/Photo_1755899291000-600x600.jpg 600w, https:\/\/ardigitalnoticias.com\/wp-content\/uploads\/2025\/08\/Photo_1755899291000-300x300.jpg 300w, https:\/\/ardigitalnoticias.com\/wp-content\/uploads\/2025\/08\/Photo_1755899291000-768x768.jpg 768w, https:\/\/ardigitalnoticias.com\/wp-content\/uploads\/2025\/08\/Photo_1755899291000-1536x1536.jpg 1536w, https:\/\/ardigitalnoticias.com\/wp-content\/uploads\/2025\/08\/Photo_1755899291000-420x420.jpg 420w, https:\/\/ardigitalnoticias.com\/wp-content\/uploads\/2025\/08\/Photo_1755899291000-150x150.jpg 150w, https:\/\/ardigitalnoticias.com\/wp-content\/uploads\/2025\/08\/Photo_1755899291000-696x696.jpg 696w, https:\/\/ardigitalnoticias.com\/wp-content\/uploads\/2025\/08\/Photo_1755899291000-1068x1068.jpg 1068w, https:\/\/ardigitalnoticias.com\/wp-content\/uploads\/2025\/08\/Photo_1755899291000.jpg 1920w\" sizes=\"auto, (max-width: 1024px) 100vw, 1024px\" \/><figcaption class=\"wp-element-caption\"><strong>Yesica Tatiana R\u00edos Ferla<\/strong><\/figcaption><\/figure>\n<\/div>\n\n\n<p>Este logro ha sido posible tambi\u00e9n gracias al trabajo articulado entre el Club Digar Garz\u00f3n y el Club Deportivo Luanis Garz\u00f3n, instituciones que han contribuido a su formaci\u00f3n deportiva y personal. La uni\u00f3n de ambos clubes demuestra que, cuando se trabaja en equipo, es posible abrir caminos de \u00e9xito para las nuevas generaciones. <\/p>\n\n\n<div class=\"wp-block-image\">\n<figure class=\"aligncenter size-large\"><img loading=\"lazy\" decoding=\"async\" width=\"668\" height=\"1024\" src=\"https:\/\/ardigitalnoticias.com\/wp-content\/uploads\/2025\/08\/FB_IMG_1755898961989-668x1024.jpg\" alt=\"\" class=\"wp-image-8388\" srcset=\"https:\/\/ardigitalnoticias.com\/wp-content\/uploads\/2025\/08\/FB_IMG_1755898961989-668x1024.jpg 668w, https:\/\/ardigitalnoticias.com\/wp-content\/uploads\/2025\/08\/FB_IMG_1755898961989-391x600.jpg 391w, https:\/\/ardigitalnoticias.com\/wp-content\/uploads\/2025\/08\/FB_IMG_1755898961989-196x300.jpg 196w, https:\/\/ardigitalnoticias.com\/wp-content\/uploads\/2025\/08\/FB_IMG_1755898961989-768x1178.jpg 768w, https:\/\/ardigitalnoticias.com\/wp-content\/uploads\/2025\/08\/FB_IMG_1755898961989-1001x1536.jpg 1001w, https:\/\/ardigitalnoticias.com\/wp-content\/uploads\/2025\/08\/FB_IMG_1755898961989-274x420.jpg 274w, https:\/\/ardigitalnoticias.com\/wp-content\/uploads\/2025\/08\/FB_IMG_1755898961989-150x230.jpg 150w, https:\/\/ardigitalnoticias.com\/wp-content\/uploads\/2025\/08\/FB_IMG_1755898961989-300x460.jpg 300w, https:\/\/ardigitalnoticias.com\/wp-content\/uploads\/2025\/08\/FB_IMG_1755898961989-696x1068.jpg 696w, https:\/\/ardigitalnoticias.com\/wp-content\/uploads\/2025\/08\/FB_IMG_1755898961989.jpg 1043w\" sizes=\"auto, (max-width: 668px) 100vw, 668px\" \/><\/figure>\n<\/div>\n\n\n<p>Desde su municipio natal, familiares, entrenadores y la comunidad en general le env\u00edan sus mejores deseos en esta nueva etapa, convencidos de que Yesica Tatiana seguir\u00e1 dejando en alto el nombre de Garz\u00f3n y del Huila en el f\u00fatbol nacional.<\/p>\n\n\n<div class=\"wp-block-image\">\n<figure class=\"aligncenter size-large\"><img loading=\"lazy\" decoding=\"async\" width=\"741\" height=\"1024\" src=\"https:\/\/ardigitalnoticias.com\/wp-content\/uploads\/2025\/08\/FB_IMG_1755898965623-741x1024.jpg\" alt=\"\" class=\"wp-image-8387\" srcset=\"https:\/\/ardigitalnoticias.com\/wp-content\/uploads\/2025\/08\/FB_IMG_1755898965623-741x1024.jpg 741w, https:\/\/ardigitalnoticias.com\/wp-content\/uploads\/2025\/08\/FB_IMG_1755898965623-434x600.jpg 434w, https:\/\/ardigitalnoticias.com\/wp-content\/uploads\/2025\/08\/FB_IMG_1755898965623-217x300.jpg 217w, https:\/\/ardigitalnoticias.com\/wp-content\/uploads\/2025\/08\/FB_IMG_1755898965623-768x1061.jpg 768w, https:\/\/ardigitalnoticias.com\/wp-content\/uploads\/2025\/08\/FB_IMG_1755898965623-304x420.jpg 304w, https:\/\/ardigitalnoticias.com\/wp-content\/uploads\/2025\/08\/FB_IMG_1755898965623-150x207.jpg 150w, https:\/\/ardigitalnoticias.com\/wp-content\/uploads\/2025\/08\/FB_IMG_1755898965623-300x414.jpg 300w, https:\/\/ardigitalnoticias.com\/wp-content\/uploads\/2025\/08\/FB_IMG_1755898965623-696x961.jpg 696w, https:\/\/ardigitalnoticias.com\/wp-content\/uploads\/2025\/08\/FB_IMG_1755898965623.jpg 1036w\" sizes=\"auto, (max-width: 741px) 100vw, 741px\" \/><\/figure>\n<\/div>","protected":false},"excerpt":{"rendered":"<p>La joven futbolista Yesica Tatiana R\u00edos Ferla, oriunda de Garz\u00f3n, ha sido convocada oficialmente a la Selecci\u00f3n Colombia de F\u00fatbol Sub-15, cumpliendo as\u00ed uno de sus grandes sue\u00f1os gracias a su talento, esfuerzo y disciplina en las canchas. POR: ANDR\u00c9S RODR\u00cdGUEZ. Este logro ha sido posible tambi\u00e9n gracias al trabajo articulado entre el Club Digar [&hellip;]<\/p>\n","protected":false},"author":2,"featured_media":8386,"comment_status":"open","ping_status":"open","sticky":false,"template":"","format":"standard","meta":{"_acf_changed":false,"_joinchat":[],"footnotes":""},"categories":[1,25,21,19],"tags":[],"class_list":{"0":"post-8384","1":"post","2":"type-post","3":"status-publish","4":"format-standard","5":"has-post-thumbnail","7":"category-actualidad","8":"category-centro","9":"category-locales","10":"category-regional"},"acf":[],"yoast_head":"<!-- This site is optimized with the Yoast SEO plugin v27.5 - https:\/\/yoast.com\/product\/yoast-seo-wordpress\/ -->\n<title>ORGULLO GARZONE\u00d1O: YESICA TATIANA R\u00cdOS FERLA CONVOCADA A LA SELECCI\u00d3N COLOMBIA SUB-15. - AR Digital Noticias<\/title>\n<meta name=\"robots\" content=\"index, follow, max-snippet:-1, max-image-preview:large, max-video-preview:-1\" \/>\n<link rel=\"canonical\" href=\"https:\/\/ardigitalnoticias.com\/index.php\/2025\/08\/22\/orgullo-garzoneno-yesica-tatiana-rios-ferla-convocada-a-la-seleccion-colombia-sub-15\/\" \/>\n<meta property=\"og:locale\" content=\"es_ES\" \/>\n<meta property=\"og:type\" content=\"article\" \/>\n<meta property=\"og:title\" content=\"ORGULLO GARZONE\u00d1O: YESICA TATIANA R\u00cdOS FERLA CONVOCADA A LA SELECCI\u00d3N COLOMBIA SUB-15. - AR Digital Noticias\" \/>\n<meta property=\"og:description\" content=\"La joven futbolista Yesica Tatiana R\u00edos Ferla, oriunda de Garz\u00f3n, ha sido convocada oficialmente a la Selecci\u00f3n Colombia de F\u00fatbol Sub-15, cumpliendo as\u00ed uno de sus grandes sue\u00f1os gracias a su talento, esfuerzo y disciplina en las canchas. POR: ANDR\u00c9S RODR\u00cdGUEZ. Este logro ha sido posible tambi\u00e9n gracias al trabajo articulado entre el Club Digar [&hellip;]\" \/>\n<meta property=\"og:url\" content=\"https:\/\/ardigitalnoticias.com\/index.php\/2025\/08\/22\/orgullo-garzoneno-yesica-tatiana-rios-ferla-convocada-a-la-seleccion-colombia-sub-15\/\" \/>\n<meta property=\"og:site_name\" content=\"AR Digital Noticias\" \/>\n<meta property=\"article:published_time\" content=\"2025-08-22T21:52:52+00:00\" \/>\n<meta property=\"article:modified_time\" content=\"2025-08-22T21:52:53+00:00\" \/>\n<meta property=\"og:image\" content=\"https:\/\/ardigitalnoticias.com\/wp-content\/uploads\/2025\/08\/Photo_1755899291348-scaled.jpg\" \/>\n\t<meta property=\"og:image:width\" content=\"2560\" \/>\n\t<meta property=\"og:image:height\" content=\"1440\" \/>\n\t<meta property=\"og:image:type\" content=\"image\/jpeg\" \/>\n<meta name=\"author\" content=\"AR Digital Noticias\" \/>\n<meta name=\"twitter:card\" content=\"summary_large_image\" \/>\n<meta name=\"twitter:label1\" content=\"Escrito por\" \/>\n\t<meta name=\"twitter:data1\" content=\"AR Digital Noticias\" \/>\n\t<meta name=\"twitter:label2\" content=\"Tiempo de lectura\" \/>\n\t<meta name=\"twitter:data2\" content=\"2 minutos\" \/>\n<script type=\"application\/ld+json\" class=\"yoast-schema-graph\">{\"@context\":\"https:\\\/\\\/schema.org\",\"@graph\":[{\"@type\":\"Article\",\"@id\":\"https:\\\/\\\/ardigitalnoticias.com\\\/index.php\\\/2025\\\/08\\\/22\\\/orgullo-garzoneno-yesica-tatiana-rios-ferla-convocada-a-la-seleccion-colombia-sub-15\\\/#article\",\"isPartOf\":{\"@id\":\"https:\\\/\\\/ardigitalnoticias.com\\\/index.php\\\/2025\\\/08\\\/22\\\/orgullo-garzoneno-yesica-tatiana-rios-ferla-convocada-a-la-seleccion-colombia-sub-15\\\/\"},\"author\":{\"name\":\"AR Digital Noticias\",\"@id\":\"https:\\\/\\\/ardigitalnoticias.com\\\/#\\\/schema\\\/person\\\/3f1b0a96e890d8cba89a76c7558a147c\"},\"headline\":\"ORGULLO GARZONE\u00d1O: YESICA TATIANA R\u00cdOS FERLA CONVOCADA A LA SELECCI\u00d3N COLOMBIA SUB-15.\",\"datePublished\":\"2025-08-22T21:52:52+00:00\",\"dateModified\":\"2025-08-22T21:52:53+00:00\",\"mainEntityOfPage\":{\"@id\":\"https:\\\/\\\/ardigitalnoticias.com\\\/index.php\\\/2025\\\/08\\\/22\\\/orgullo-garzoneno-yesica-tatiana-rios-ferla-convocada-a-la-seleccion-colombia-sub-15\\\/\"},\"wordCount\":169,\"commentCount\":0,\"publisher\":{\"@id\":\"https:\\\/\\\/ardigitalnoticias.com\\\/#organization\"},\"image\":{\"@id\":\"https:\\\/\\\/ardigitalnoticias.com\\\/index.php\\\/2025\\\/08\\\/22\\\/orgullo-garzoneno-yesica-tatiana-rios-ferla-convocada-a-la-seleccion-colombia-sub-15\\\/#primaryimage\"},\"thumbnailUrl\":\"https:\\\/\\\/ardigitalnoticias.com\\\/wp-content\\\/uploads\\\/2025\\\/08\\\/Photo_1755899291348-scaled.jpg\",\"articleSection\":[\"Actualidad\",\"Centro\",\"Garz\u00f3n\",\"Regional\"],\"inLanguage\":\"es\",\"potentialAction\":[{\"@type\":\"CommentAction\",\"name\":\"Comment\",\"target\":[\"https:\\\/\\\/ardigitalnoticias.com\\\/index.php\\\/2025\\\/08\\\/22\\\/orgullo-garzoneno-yesica-tatiana-rios-ferla-convocada-a-la-seleccion-colombia-sub-15\\\/#respond\"]}]},{\"@type\":\"WebPage\",\"@id\":\"https:\\\/\\\/ardigitalnoticias.com\\\/index.php\\\/2025\\\/08\\\/22\\\/orgullo-garzoneno-yesica-tatiana-rios-ferla-convocada-a-la-seleccion-colombia-sub-15\\\/\",\"url\":\"https:\\\/\\\/ardigitalnoticias.com\\\/index.php\\\/2025\\\/08\\\/22\\\/orgullo-garzoneno-yesica-tatiana-rios-ferla-convocada-a-la-seleccion-colombia-sub-15\\\/\",\"name\":\"ORGULLO GARZONE\u00d1O: YESICA TATIANA R\u00cdOS FERLA CONVOCADA A LA SELECCI\u00d3N COLOMBIA SUB-15. - AR Digital Noticias\",\"isPartOf\":{\"@id\":\"https:\\\/\\\/ardigitalnoticias.com\\\/#website\"},\"primaryImageOfPage\":{\"@id\":\"https:\\\/\\\/ardigitalnoticias.com\\\/index.php\\\/2025\\\/08\\\/22\\\/orgullo-garzoneno-yesica-tatiana-rios-ferla-convocada-a-la-seleccion-colombia-sub-15\\\/#primaryimage\"},\"image\":{\"@id\":\"https:\\\/\\\/ardigitalnoticias.com\\\/index.php\\\/2025\\\/08\\\/22\\\/orgullo-garzoneno-yesica-tatiana-rios-ferla-convocada-a-la-seleccion-colombia-sub-15\\\/#primaryimage\"},\"thumbnailUrl\":\"https:\\\/\\\/ardigitalnoticias.com\\\/wp-content\\\/uploads\\\/2025\\\/08\\\/Photo_1755899291348-scaled.jpg\",\"datePublished\":\"2025-08-22T21:52:52+00:00\",\"dateModified\":\"2025-08-22T21:52:53+00:00\",\"breadcrumb\":{\"@id\":\"https:\\\/\\\/ardigitalnoticias.com\\\/index.php\\\/2025\\\/08\\\/22\\\/orgullo-garzoneno-yesica-tatiana-rios-ferla-convocada-a-la-seleccion-colombia-sub-15\\\/#breadcrumb\"},\"inLanguage\":\"es\",\"potentialAction\":[{\"@type\":\"ReadAction\",\"target\":[\"https:\\\/\\\/ardigitalnoticias.com\\\/index.php\\\/2025\\\/08\\\/22\\\/orgullo-garzoneno-yesica-tatiana-rios-ferla-convocada-a-la-seleccion-colombia-sub-15\\\/\"]}]},{\"@type\":\"ImageObject\",\"inLanguage\":\"es\",\"@id\":\"https:\\\/\\\/ardigitalnoticias.com\\\/index.php\\\/2025\\\/08\\\/22\\\/orgullo-garzoneno-yesica-tatiana-rios-ferla-convocada-a-la-seleccion-colombia-sub-15\\\/#primaryimage\",\"url\":\"https:\\\/\\\/ardigitalnoticias.com\\\/wp-content\\\/uploads\\\/2025\\\/08\\\/Photo_1755899291348-scaled.jpg\",\"contentUrl\":\"https:\\\/\\\/ardigitalnoticias.com\\\/wp-content\\\/uploads\\\/2025\\\/08\\\/Photo_1755899291348-scaled.jpg\",\"width\":2560,\"height\":1440},{\"@type\":\"BreadcrumbList\",\"@id\":\"https:\\\/\\\/ardigitalnoticias.com\\\/index.php\\\/2025\\\/08\\\/22\\\/orgullo-garzoneno-yesica-tatiana-rios-ferla-convocada-a-la-seleccion-colombia-sub-15\\\/#breadcrumb\",\"itemListElement\":[{\"@type\":\"ListItem\",\"position\":1,\"name\":\"Portada\",\"item\":\"https:\\\/\\\/ardigitalnoticias.com\\\/\"},{\"@type\":\"ListItem\",\"position\":2,\"name\":\"ORGULLO GARZONE\u00d1O: YESICA TATIANA R\u00cdOS FERLA CONVOCADA A LA SELECCI\u00d3N COLOMBIA SUB-15.\"}]},{\"@type\":\"WebSite\",\"@id\":\"https:\\\/\\\/ardigitalnoticias.com\\\/#website\",\"url\":\"https:\\\/\\\/ardigitalnoticias.com\\\/\",\"name\":\"AR Digital Noticias\",\"description\":\"\",\"publisher\":{\"@id\":\"https:\\\/\\\/ardigitalnoticias.com\\\/#organization\"},\"potentialAction\":[{\"@type\":\"SearchAction\",\"target\":{\"@type\":\"EntryPoint\",\"urlTemplate\":\"https:\\\/\\\/ardigitalnoticias.com\\\/?s={search_term_string}\"},\"query-input\":{\"@type\":\"PropertyValueSpecification\",\"valueRequired\":true,\"valueName\":\"search_term_string\"}}],\"inLanguage\":\"es\"},{\"@type\":\"Organization\",\"@id\":\"https:\\\/\\\/ardigitalnoticias.com\\\/#organization\",\"name\":\"AR Digital Noticias\",\"url\":\"https:\\\/\\\/ardigitalnoticias.com\\\/\",\"logo\":{\"@type\":\"ImageObject\",\"inLanguage\":\"es\",\"@id\":\"https:\\\/\\\/ardigitalnoticias.com\\\/#\\\/schema\\\/logo\\\/image\\\/\",\"url\":\"https:\\\/\\\/ardigitalnoticias.com\\\/wp-content\\\/uploads\\\/2023\\\/11\\\/cropped-cropped-cropped-cropped-AR-Digital-Noticias-1.png\",\"contentUrl\":\"https:\\\/\\\/ardigitalnoticias.com\\\/wp-content\\\/uploads\\\/2023\\\/11\\\/cropped-cropped-cropped-cropped-AR-Digital-Noticias-1.png\",\"width\":972,\"height\":306,\"caption\":\"AR Digital Noticias\"},\"image\":{\"@id\":\"https:\\\/\\\/ardigitalnoticias.com\\\/#\\\/schema\\\/logo\\\/image\\\/\"}},{\"@type\":\"Person\",\"@id\":\"https:\\\/\\\/ardigitalnoticias.com\\\/#\\\/schema\\\/person\\\/3f1b0a96e890d8cba89a76c7558a147c\",\"name\":\"AR Digital Noticias\",\"image\":{\"@type\":\"ImageObject\",\"inLanguage\":\"es\",\"@id\":\"https:\\\/\\\/secure.gravatar.com\\\/avatar\\\/55d1acd2f9cac74c99f42fcb5090c2f994204a6f6c571cf4c3001ae692cb9b34?s=96&d=mm&r=g\",\"url\":\"https:\\\/\\\/secure.gravatar.com\\\/avatar\\\/55d1acd2f9cac74c99f42fcb5090c2f994204a6f6c571cf4c3001ae692cb9b34?s=96&d=mm&r=g\",\"contentUrl\":\"https:\\\/\\\/secure.gravatar.com\\\/avatar\\\/55d1acd2f9cac74c99f42fcb5090c2f994204a6f6c571cf4c3001ae692cb9b34?s=96&d=mm&r=g\",\"caption\":\"AR Digital Noticias\"},\"sameAs\":[\"http:\\\/\\\/ardigitalnoticias.com\"],\"url\":\"https:\\\/\\\/ardigitalnoticias.com\\\/index.php\\\/author\\\/editorial\\\/\"}]}<\/script>\n<!-- \/ Yoast SEO plugin. -->","yoast_head_json":{"title":"ORGULLO GARZONE\u00d1O: YESICA TATIANA R\u00cdOS FERLA CONVOCADA A LA SELECCI\u00d3N COLOMBIA SUB-15. - AR Digital Noticias","robots":{"index":"index","follow":"follow","max-snippet":"max-snippet:-1","max-image-preview":"max-image-preview:large","max-video-preview":"max-video-preview:-1"},"canonical":"https:\/\/ardigitalnoticias.com\/index.php\/2025\/08\/22\/orgullo-garzoneno-yesica-tatiana-rios-ferla-convocada-a-la-seleccion-colombia-sub-15\/","og_locale":"es_ES","og_type":"article","og_title":"ORGULLO GARZONE\u00d1O: YESICA TATIANA R\u00cdOS FERLA CONVOCADA A LA SELECCI\u00d3N COLOMBIA SUB-15. - AR Digital Noticias","og_description":"La joven futbolista Yesica Tatiana R\u00edos Ferla, oriunda de Garz\u00f3n, ha sido convocada oficialmente a la Selecci\u00f3n Colombia de F\u00fatbol Sub-15, cumpliendo as\u00ed uno de sus grandes sue\u00f1os gracias a su talento, esfuerzo y disciplina en las canchas. POR: ANDR\u00c9S RODR\u00cdGUEZ. Este logro ha sido posible tambi\u00e9n gracias al trabajo articulado entre el Club Digar [&hellip;]","og_url":"https:\/\/ardigitalnoticias.com\/index.php\/2025\/08\/22\/orgullo-garzoneno-yesica-tatiana-rios-ferla-convocada-a-la-seleccion-colombia-sub-15\/","og_site_name":"AR Digital Noticias","article_published_time":"2025-08-22T21:52:52+00:00","article_modified_time":"2025-08-22T21:52:53+00:00","og_image":[{"width":2560,"height":1440,"url":"https:\/\/ardigitalnoticias.com\/wp-content\/uploads\/2025\/08\/Photo_1755899291348-scaled.jpg","type":"image\/jpeg"}],"author":"AR Digital Noticias","twitter_card":"summary_large_image","twitter_misc":{"Escrito por":"AR Digital Noticias","Tiempo de lectura":"2 minutos"},"schema":{"@context":"https:\/\/schema.org","@graph":[{"@type":"Article","@id":"https:\/\/ardigitalnoticias.com\/index.php\/2025\/08\/22\/orgullo-garzoneno-yesica-tatiana-rios-ferla-convocada-a-la-seleccion-colombia-sub-15\/#article","isPartOf":{"@id":"https:\/\/ardigitalnoticias.com\/index.php\/2025\/08\/22\/orgullo-garzoneno-yesica-tatiana-rios-ferla-convocada-a-la-seleccion-colombia-sub-15\/"},"author":{"name":"AR Digital Noticias","@id":"https:\/\/ardigitalnoticias.com\/#\/schema\/person\/3f1b0a96e890d8cba89a76c7558a147c"},"headline":"ORGULLO GARZONE\u00d1O: YESICA TATIANA R\u00cdOS FERLA CONVOCADA A LA SELECCI\u00d3N COLOMBIA SUB-15.","datePublished":"2025-08-22T21:52:52+00:00","dateModified":"2025-08-22T21:52:53+00:00","mainEntityOfPage":{"@id":"https:\/\/ardigitalnoticias.com\/index.php\/2025\/08\/22\/orgullo-garzoneno-yesica-tatiana-rios-ferla-convocada-a-la-seleccion-colombia-sub-15\/"},"wordCount":169,"commentCount":0,"publisher":{"@id":"https:\/\/ardigitalnoticias.com\/#organization"},"image":{"@id":"https:\/\/ardigitalnoticias.com\/index.php\/2025\/08\/22\/orgullo-garzoneno-yesica-tatiana-rios-ferla-convocada-a-la-seleccion-colombia-sub-15\/#primaryimage"},"thumbnailUrl":"https:\/\/ardigitalnoticias.com\/wp-content\/uploads\/2025\/08\/Photo_1755899291348-scaled.jpg","articleSection":["Actualidad","Centro","Garz\u00f3n","Regional"],"inLanguage":"es","potentialAction":[{"@type":"CommentAction","name":"Comment","target":["https:\/\/ardigitalnoticias.com\/index.php\/2025\/08\/22\/orgullo-garzoneno-yesica-tatiana-rios-ferla-convocada-a-la-seleccion-colombia-sub-15\/#respond"]}]},{"@type":"WebPage","@id":"https:\/\/ardigitalnoticias.com\/index.php\/2025\/08\/22\/orgullo-garzoneno-yesica-tatiana-rios-ferla-convocada-a-la-seleccion-colombia-sub-15\/","url":"https:\/\/ardigitalnoticias.com\/index.php\/2025\/08\/22\/orgullo-garzoneno-yesica-tatiana-rios-ferla-convocada-a-la-seleccion-colombia-sub-15\/","name":"ORGULLO GARZONE\u00d1O: YESICA TATIANA R\u00cdOS FERLA CONVOCADA A LA SELECCI\u00d3N COLOMBIA SUB-15. - AR Digital Noticias","isPartOf":{"@id":"https:\/\/ardigitalnoticias.com\/#website"},"primaryImageOfPage":{"@id":"https:\/\/ardigitalnoticias.com\/index.php\/2025\/08\/22\/orgullo-garzoneno-yesica-tatiana-rios-ferla-convocada-a-la-seleccion-colombia-sub-15\/#primaryimage"},"image":{"@id":"https:\/\/ardigitalnoticias.com\/index.php\/2025\/08\/22\/orgullo-garzoneno-yesica-tatiana-rios-ferla-convocada-a-la-seleccion-colombia-sub-15\/#primaryimage"},"thumbnailUrl":"https:\/\/ardigitalnoticias.com\/wp-content\/uploads\/2025\/08\/Photo_1755899291348-scaled.jpg","datePublished":"2025-08-22T21:52:52+00:00","dateModified":"2025-08-22T21:52:53+00:00","breadcrumb":{"@id":"https:\/\/ardigitalnoticias.com\/index.php\/2025\/08\/22\/orgullo-garzoneno-yesica-tatiana-rios-ferla-convocada-a-la-seleccion-colombia-sub-15\/#breadcrumb"},"inLanguage":"es","potentialAction":[{"@type":"ReadAction","target":["https:\/\/ardigitalnoticias.com\/index.php\/2025\/08\/22\/orgullo-garzoneno-yesica-tatiana-rios-ferla-convocada-a-la-seleccion-colombia-sub-15\/"]}]},{"@type":"ImageObject","inLanguage":"es","@id":"https:\/\/ardigitalnoticias.com\/index.php\/2025\/08\/22\/orgullo-garzoneno-yesica-tatiana-rios-ferla-convocada-a-la-seleccion-colombia-sub-15\/#primaryimage","url":"https:\/\/ardigitalnoticias.com\/wp-content\/uploads\/2025\/08\/Photo_1755899291348-scaled.jpg","contentUrl":"https:\/\/ardigitalnoticias.com\/wp-content\/uploads\/2025\/08\/Photo_1755899291348-scaled.jpg","width":2560,"height":1440},{"@type":"BreadcrumbList","@id":"https:\/\/ardigitalnoticias.com\/index.php\/2025\/08\/22\/orgullo-garzoneno-yesica-tatiana-rios-ferla-convocada-a-la-seleccion-colombia-sub-15\/#breadcrumb","itemListElement":[{"@type":"ListItem","position":1,"name":"Portada","item":"https:\/\/ardigitalnoticias.com\/"},{"@type":"ListItem","position":2,"name":"ORGULLO GARZONE\u00d1O: YESICA TATIANA R\u00cdOS FERLA CONVOCADA A LA SELECCI\u00d3N COLOMBIA SUB-15."}]},{"@type":"WebSite","@id":"https:\/\/ardigitalnoticias.com\/#website","url":"https:\/\/ardigitalnoticias.com\/","name":"AR Digital Noticias","description":"","publisher":{"@id":"https:\/\/ardigitalnoticias.com\/#organization"},"potentialAction":[{"@type":"SearchAction","target":{"@type":"EntryPoint","urlTemplate":"https:\/\/ardigitalnoticias.com\/?s={search_term_string}"},"query-input":{"@type":"PropertyValueSpecification","valueRequired":true,"valueName":"search_term_string"}}],"inLanguage":"es"},{"@type":"Organization","@id":"https:\/\/ardigitalnoticias.com\/#organization","name":"AR Digital Noticias","url":"https:\/\/ardigitalnoticias.com\/","logo":{"@type":"ImageObject","inLanguage":"es","@id":"https:\/\/ardigitalnoticias.com\/#\/schema\/logo\/image\/","url":"https:\/\/ardigitalnoticias.com\/wp-content\/uploads\/2023\/11\/cropped-cropped-cropped-cropped-AR-Digital-Noticias-1.png","contentUrl":"https:\/\/ardigitalnoticias.com\/wp-content\/uploads\/2023\/11\/cropped-cropped-cropped-cropped-AR-Digital-Noticias-1.png","width":972,"height":306,"caption":"AR Digital Noticias"},"image":{"@id":"https:\/\/ardigitalnoticias.com\/#\/schema\/logo\/image\/"}},{"@type":"Person","@id":"https:\/\/ardigitalnoticias.com\/#\/schema\/person\/3f1b0a96e890d8cba89a76c7558a147c","name":"AR Digital Noticias","image":{"@type":"ImageObject","inLanguage":"es","@id":"https:\/\/secure.gravatar.com\/avatar\/55d1acd2f9cac74c99f42fcb5090c2f994204a6f6c571cf4c3001ae692cb9b34?s=96&d=mm&r=g","url":"https:\/\/secure.gravatar.com\/avatar\/55d1acd2f9cac74c99f42fcb5090c2f994204a6f6c571cf4c3001ae692cb9b34?s=96&d=mm&r=g","contentUrl":"https:\/\/secure.gravatar.com\/avatar\/55d1acd2f9cac74c99f42fcb5090c2f994204a6f6c571cf4c3001ae692cb9b34?s=96&d=mm&r=g","caption":"AR Digital Noticias"},"sameAs":["http:\/\/ardigitalnoticias.com"],"url":"https:\/\/ardigitalnoticias.com\/index.php\/author\/editorial\/"}]}},"_links":{"self":[{"href":"https:\/\/ardigitalnoticias.com\/index.php\/wp-json\/wp\/v2\/posts\/8384","targetHints":{"allow":["GET"]}}],"collection":[{"href":"https:\/\/ardigitalnoticias.com\/index.php\/wp-json\/wp\/v2\/posts"}],"about":[{"href":"https:\/\/ardigitalnoticias.com\/index.php\/wp-json\/wp\/v2\/types\/post"}],"author":[{"embeddable":true,"href":"https:\/\/ardigitalnoticias.com\/index.php\/wp-json\/wp\/v2\/users\/2"}],"replies":[{"embeddable":true,"href":"https:\/\/ardigitalnoticias.com\/index.php\/wp-json\/wp\/v2\/comments?post=8384"}],"version-history":[{"count":1,"href":"https:\/\/ardigitalnoticias.com\/index.php\/wp-json\/wp\/v2\/posts\/8384\/revisions"}],"predecessor-version":[{"id":8389,"href":"https:\/\/ardigitalnoticias.com\/index.php\/wp-json\/wp\/v2\/posts\/8384\/revisions\/8389"}],"wp:featuredmedia":[{"embeddable":true,"href":"https:\/\/ardigitalnoticias.com\/index.php\/wp-json\/wp\/v2\/media\/8386"}],"wp:attachment":[{"href":"https:\/\/ardigitalnoticias.com\/index.php\/wp-json\/wp\/v2\/media?parent=8384"}],"wp:term":[{"taxonomy":"category","embeddable":true,"href":"https:\/\/ardigitalnoticias.com\/index.php\/wp-json\/wp\/v2\/categories?post=8384"},{"taxonomy":"post_tag","embeddable":true,"href":"https:\/\/ardigitalnoticias.com\/index.php\/wp-json\/wp\/v2\/tags?post=8384"}],"curies":[{"name":"wp","href":"https:\/\/api.w.org\/{rel}","templated":true}]}}