{"id":8378,"date":"2025-08-21T13:23:23","date_gmt":"2025-08-21T18:23:23","guid":{"rendered":"https:\/\/ardigitalnoticias.com\/?p=8378"},"modified":"2025-08-21T13:23:24","modified_gmt":"2025-08-21T18:23:24","slug":"usco-sede-garzon-tendra-nuevos-programas-universitarios-derecho-e-ingenieria-de-software","status":"publish","type":"post","link":"https:\/\/ardigitalnoticias.com\/index.php\/2025\/08\/21\/usco-sede-garzon-tendra-nuevos-programas-universitarios-derecho-e-ingenieria-de-software\/","title":{"rendered":"USCO SEDE GARZ\u00d3N TENDR\u00c1 NUEVOS PROGRAMAS UNIVERSITARIOS, DERECHO E INGENIER\u00cdA DE SOFTWARE."},"content":{"rendered":"\n<p>La Universidad Surcolombiana (USCO) avanza en un proceso hist\u00f3rico de regionalizaci\u00f3n acad\u00e9mica, con la aprobaci\u00f3n del Plan Integral de Cobertura 2025-2 y 2026-1.<\/p>\n\n\n\n<p><strong>POR: ANDR\u00c9S RODR\u00cdGUEZ. <\/strong><\/p>\n\n\n<div class=\"wp-block-image\">\n<figure class=\"aligncenter size-full\"><img loading=\"lazy\" decoding=\"async\" width=\"768\" height=\"431\" src=\"https:\/\/ardigitalnoticias.com\/wp-content\/uploads\/2025\/08\/usco-garzon-768x431-1.jpg\" alt=\"\" class=\"wp-image-8380\" srcset=\"https:\/\/ardigitalnoticias.com\/wp-content\/uploads\/2025\/08\/usco-garzon-768x431-1.jpg 768w, https:\/\/ardigitalnoticias.com\/wp-content\/uploads\/2025\/08\/usco-garzon-768x431-1-600x337.jpg 600w, https:\/\/ardigitalnoticias.com\/wp-content\/uploads\/2025\/08\/usco-garzon-768x431-1-300x168.jpg 300w, https:\/\/ardigitalnoticias.com\/wp-content\/uploads\/2025\/08\/usco-garzon-768x431-1-748x420.jpg 748w, https:\/\/ardigitalnoticias.com\/wp-content\/uploads\/2025\/08\/usco-garzon-768x431-1-150x84.jpg 150w, https:\/\/ardigitalnoticias.com\/wp-content\/uploads\/2025\/08\/usco-garzon-768x431-1-696x391.jpg 696w\" sizes=\"auto, (max-width: 768px) 100vw, 768px\" \/><\/figure>\n<\/div>\n\n\n<p>La decisi\u00f3n fue adoptada por el Consejo Superior Universitario con siete votos a favor, y cuenta con el respaldo del Ministerio de Educaci\u00f3n Nacional.<\/p>\n\n\n\n<p>Este plan, liderado por el rector Rub\u00e9n Dar\u00edo Valbuena Villarreal, busca ampliar la oferta acad\u00e9mica y abrir nuevas oportunidades de formaci\u00f3n en Neiva, La Plata, Garz\u00f3n y Pitalito, fortaleciendo la presencia de la instituci\u00f3n en el territorio huilense.<\/p>\n\n\n\n<p>???? <span style=\"background-color:#ffbfb5\" class=\"td_text_highlight_marker\">Avances por sedes:<\/span><\/p>\n\n\n\n<p><strong>Garz\u00f3n<\/strong>: A partir de 2026-1 iniciar\u00e1n los programas de Derecho e Ingenier\u00eda de Software, consolidando a la capital diocesana como un polo acad\u00e9mico clave para el centro del Huila.<\/p>\n\n\n\n<p><strong>Neiva<\/strong>: Se implementar\u00e1n cohortes en Ingenier\u00eda Civil en 2025-2, adem\u00e1s de la apertura de Ingenier\u00eda de Software y Licenciatura en Lenguas Extranjeras \u2013 \u00c9nfasis en Ingl\u00e9s.<\/p>\n\n\n\n<p><strong>La Plata<\/strong>: Llegar\u00e1 Ingenier\u00eda de Software en 2025-2 con calendario especial, y el programa de Psicolog\u00eda iniciar\u00e1 en 2026-1.<\/p>\n\n\n\n<p><strong>Pitalito: <\/strong>Se ofertar\u00e1 Ingenier\u00eda de Software, con miras a incorporar Medicina Veterinaria y Zootecnia.<\/p>\n\n\n\n<p>Adem\u00e1s de los nuevos programas, la iniciativa contempla inversi\u00f3n en infraestructura, laboratorios, bienestar universitario y vinculaci\u00f3n docente, consolidando a la USCO como un actor clave en el desarrollo educativo y social del Huila.<\/p>\n\n\n\n<p>Con esta ampliaci\u00f3n, la cobertura en toda la universidad crecer\u00e1 en un 5%, mientras que la capacidad de ingreso a primer semestre podr\u00eda aumentar hasta en un 50% en periodos intersemestrales.<\/p>\n\n\n\n<p>El rector Valbuena Villarreal destac\u00f3 que este esfuerzo es una apuesta de largo plazo:<\/p>\n\n\n\n<p> \u201cCon estos nuevos programas y cupos, la USCO se consolida como motor de transformaci\u00f3n social, productiva y tecnol\u00f3gica para el Huila y la regi\u00f3n. As\u00ed construimos la USCO del Futuro\u201d.<\/p>\n\n\n<div class=\"wp-block-image\">\n<figure class=\"aligncenter size-large\"><img loading=\"lazy\" decoding=\"async\" width=\"683\" height=\"1024\" src=\"https:\/\/ardigitalnoticias.com\/wp-content\/uploads\/2025\/08\/FB_IMG_1755798695171-683x1024.jpg\" alt=\"\" class=\"wp-image-8382\" srcset=\"https:\/\/ardigitalnoticias.com\/wp-content\/uploads\/2025\/08\/FB_IMG_1755798695171-683x1024.jpg 683w, https:\/\/ardigitalnoticias.com\/wp-content\/uploads\/2025\/08\/FB_IMG_1755798695171-400x600.jpg 400w, https:\/\/ardigitalnoticias.com\/wp-content\/uploads\/2025\/08\/FB_IMG_1755798695171-200x300.jpg 200w, https:\/\/ardigitalnoticias.com\/wp-content\/uploads\/2025\/08\/FB_IMG_1755798695171-768x1151.jpg 768w, https:\/\/ardigitalnoticias.com\/wp-content\/uploads\/2025\/08\/FB_IMG_1755798695171-1025x1536.jpg 1025w, https:\/\/ardigitalnoticias.com\/wp-content\/uploads\/2025\/08\/FB_IMG_1755798695171-280x420.jpg 280w, https:\/\/ardigitalnoticias.com\/wp-content\/uploads\/2025\/08\/FB_IMG_1755798695171-150x225.jpg 150w, https:\/\/ardigitalnoticias.com\/wp-content\/uploads\/2025\/08\/FB_IMG_1755798695171-300x450.jpg 300w, https:\/\/ardigitalnoticias.com\/wp-content\/uploads\/2025\/08\/FB_IMG_1755798695171-696x1043.jpg 696w, https:\/\/ardigitalnoticias.com\/wp-content\/uploads\/2025\/08\/FB_IMG_1755798695171-1068x1601.jpg 1068w, https:\/\/ardigitalnoticias.com\/wp-content\/uploads\/2025\/08\/FB_IMG_1755798695171.jpg 1366w\" sizes=\"auto, (max-width: 683px) 100vw, 683px\" \/><figcaption class=\"wp-element-caption\"><strong> Dar\u00edo Valbuena Villarreal Rector Universidad Surcolombiana <\/strong><\/figcaption><\/figure>\n<\/div>","protected":false},"excerpt":{"rendered":"<p>La Universidad Surcolombiana (USCO) avanza en un proceso hist\u00f3rico de regionalizaci\u00f3n acad\u00e9mica, con la aprobaci\u00f3n del Plan Integral de Cobertura 2025-2 y 2026-1. POR: ANDR\u00c9S RODR\u00cdGUEZ. La decisi\u00f3n fue adoptada por el Consejo Superior Universitario con siete votos a favor, y cuenta con el respaldo del Ministerio de Educaci\u00f3n Nacional. Este plan, liderado por el [&hellip;]<\/p>\n","protected":false},"author":2,"featured_media":8381,"comment_status":"open","ping_status":"open","sticky":false,"template":"","format":"standard","meta":{"_acf_changed":false,"_joinchat":[],"footnotes":""},"categories":[1,21,19],"tags":[],"class_list":{"0":"post-8378","1":"post","2":"type-post","3":"status-publish","4":"format-standard","5":"has-post-thumbnail","7":"category-actualidad","8":"category-locales","9":"category-regional"},"acf":[],"yoast_head":"<!-- This site is optimized with the Yoast SEO plugin v27.5 - https:\/\/yoast.com\/product\/yoast-seo-wordpress\/ -->\n<title>USCO SEDE GARZ\u00d3N TENDR\u00c1 NUEVOS PROGRAMAS UNIVERSITARIOS, DERECHO E INGENIER\u00cdA DE SOFTWARE. - AR Digital Noticias<\/title>\n<meta name=\"robots\" content=\"index, follow, max-snippet:-1, max-image-preview:large, max-video-preview:-1\" \/>\n<link rel=\"canonical\" href=\"https:\/\/ardigitalnoticias.com\/index.php\/2025\/08\/21\/usco-sede-garzon-tendra-nuevos-programas-universitarios-derecho-e-ingenieria-de-software\/\" \/>\n<meta property=\"og:locale\" content=\"es_ES\" \/>\n<meta property=\"og:type\" content=\"article\" \/>\n<meta property=\"og:title\" content=\"USCO SEDE GARZ\u00d3N TENDR\u00c1 NUEVOS PROGRAMAS UNIVERSITARIOS, DERECHO E INGENIER\u00cdA DE SOFTWARE. - AR Digital Noticias\" \/>\n<meta property=\"og:description\" content=\"La Universidad Surcolombiana (USCO) avanza en un proceso hist\u00f3rico de regionalizaci\u00f3n acad\u00e9mica, con la aprobaci\u00f3n del Plan Integral de Cobertura 2025-2 y 2026-1. POR: ANDR\u00c9S RODR\u00cdGUEZ. La decisi\u00f3n fue adoptada por el Consejo Superior Universitario con siete votos a favor, y cuenta con el respaldo del Ministerio de Educaci\u00f3n Nacional. Este plan, liderado por el [&hellip;]\" \/>\n<meta property=\"og:url\" content=\"https:\/\/ardigitalnoticias.com\/index.php\/2025\/08\/21\/usco-sede-garzon-tendra-nuevos-programas-universitarios-derecho-e-ingenieria-de-software\/\" \/>\n<meta property=\"og:site_name\" content=\"AR Digital Noticias\" \/>\n<meta property=\"article:published_time\" content=\"2025-08-21T18:23:23+00:00\" \/>\n<meta property=\"article:modified_time\" content=\"2025-08-21T18:23:24+00:00\" \/>\n<meta property=\"og:image\" content=\"https:\/\/ardigitalnoticias.com\/wp-content\/uploads\/2025\/08\/InShot_20250821_131455867.jpg\" \/>\n\t<meta property=\"og:image:width\" content=\"1920\" \/>\n\t<meta property=\"og:image:height\" content=\"1080\" \/>\n\t<meta property=\"og:image:type\" content=\"image\/jpeg\" \/>\n<meta name=\"author\" content=\"AR Digital Noticias\" \/>\n<meta name=\"twitter:card\" content=\"summary_large_image\" \/>\n<meta name=\"twitter:label1\" content=\"Escrito por\" \/>\n\t<meta name=\"twitter:data1\" content=\"AR Digital Noticias\" \/>\n\t<meta name=\"twitter:label2\" content=\"Tiempo de lectura\" \/>\n\t<meta name=\"twitter:data2\" content=\"2 minutos\" \/>\n<script type=\"application\/ld+json\" class=\"yoast-schema-graph\">{\"@context\":\"https:\\\/\\\/schema.org\",\"@graph\":[{\"@type\":\"Article\",\"@id\":\"https:\\\/\\\/ardigitalnoticias.com\\\/index.php\\\/2025\\\/08\\\/21\\\/usco-sede-garzon-tendra-nuevos-programas-universitarios-derecho-e-ingenieria-de-software\\\/#article\",\"isPartOf\":{\"@id\":\"https:\\\/\\\/ardigitalnoticias.com\\\/index.php\\\/2025\\\/08\\\/21\\\/usco-sede-garzon-tendra-nuevos-programas-universitarios-derecho-e-ingenieria-de-software\\\/\"},\"author\":{\"name\":\"AR Digital Noticias\",\"@id\":\"https:\\\/\\\/ardigitalnoticias.com\\\/#\\\/schema\\\/person\\\/3f1b0a96e890d8cba89a76c7558a147c\"},\"headline\":\"USCO SEDE GARZ\u00d3N TENDR\u00c1 NUEVOS PROGRAMAS UNIVERSITARIOS, DERECHO E INGENIER\u00cdA DE SOFTWARE.\",\"datePublished\":\"2025-08-21T18:23:23+00:00\",\"dateModified\":\"2025-08-21T18:23:24+00:00\",\"mainEntityOfPage\":{\"@id\":\"https:\\\/\\\/ardigitalnoticias.com\\\/index.php\\\/2025\\\/08\\\/21\\\/usco-sede-garzon-tendra-nuevos-programas-universitarios-derecho-e-ingenieria-de-software\\\/\"},\"wordCount\":339,\"commentCount\":0,\"publisher\":{\"@id\":\"https:\\\/\\\/ardigitalnoticias.com\\\/#organization\"},\"image\":{\"@id\":\"https:\\\/\\\/ardigitalnoticias.com\\\/index.php\\\/2025\\\/08\\\/21\\\/usco-sede-garzon-tendra-nuevos-programas-universitarios-derecho-e-ingenieria-de-software\\\/#primaryimage\"},\"thumbnailUrl\":\"https:\\\/\\\/ardigitalnoticias.com\\\/wp-content\\\/uploads\\\/2025\\\/08\\\/InShot_20250821_131455867.jpg\",\"articleSection\":[\"Actualidad\",\"Garz\u00f3n\",\"Regional\"],\"inLanguage\":\"es\",\"potentialAction\":[{\"@type\":\"CommentAction\",\"name\":\"Comment\",\"target\":[\"https:\\\/\\\/ardigitalnoticias.com\\\/index.php\\\/2025\\\/08\\\/21\\\/usco-sede-garzon-tendra-nuevos-programas-universitarios-derecho-e-ingenieria-de-software\\\/#respond\"]}]},{\"@type\":\"WebPage\",\"@id\":\"https:\\\/\\\/ardigitalnoticias.com\\\/index.php\\\/2025\\\/08\\\/21\\\/usco-sede-garzon-tendra-nuevos-programas-universitarios-derecho-e-ingenieria-de-software\\\/\",\"url\":\"https:\\\/\\\/ardigitalnoticias.com\\\/index.php\\\/2025\\\/08\\\/21\\\/usco-sede-garzon-tendra-nuevos-programas-universitarios-derecho-e-ingenieria-de-software\\\/\",\"name\":\"USCO SEDE GARZ\u00d3N TENDR\u00c1 NUEVOS PROGRAMAS UNIVERSITARIOS, DERECHO E INGENIER\u00cdA DE SOFTWARE. - AR Digital Noticias\",\"isPartOf\":{\"@id\":\"https:\\\/\\\/ardigitalnoticias.com\\\/#website\"},\"primaryImageOfPage\":{\"@id\":\"https:\\\/\\\/ardigitalnoticias.com\\\/index.php\\\/2025\\\/08\\\/21\\\/usco-sede-garzon-tendra-nuevos-programas-universitarios-derecho-e-ingenieria-de-software\\\/#primaryimage\"},\"image\":{\"@id\":\"https:\\\/\\\/ardigitalnoticias.com\\\/index.php\\\/2025\\\/08\\\/21\\\/usco-sede-garzon-tendra-nuevos-programas-universitarios-derecho-e-ingenieria-de-software\\\/#primaryimage\"},\"thumbnailUrl\":\"https:\\\/\\\/ardigitalnoticias.com\\\/wp-content\\\/uploads\\\/2025\\\/08\\\/InShot_20250821_131455867.jpg\",\"datePublished\":\"2025-08-21T18:23:23+00:00\",\"dateModified\":\"2025-08-21T18:23:24+00:00\",\"breadcrumb\":{\"@id\":\"https:\\\/\\\/ardigitalnoticias.com\\\/index.php\\\/2025\\\/08\\\/21\\\/usco-sede-garzon-tendra-nuevos-programas-universitarios-derecho-e-ingenieria-de-software\\\/#breadcrumb\"},\"inLanguage\":\"es\",\"potentialAction\":[{\"@type\":\"ReadAction\",\"target\":[\"https:\\\/\\\/ardigitalnoticias.com\\\/index.php\\\/2025\\\/08\\\/21\\\/usco-sede-garzon-tendra-nuevos-programas-universitarios-derecho-e-ingenieria-de-software\\\/\"]}]},{\"@type\":\"ImageObject\",\"inLanguage\":\"es\",\"@id\":\"https:\\\/\\\/ardigitalnoticias.com\\\/index.php\\\/2025\\\/08\\\/21\\\/usco-sede-garzon-tendra-nuevos-programas-universitarios-derecho-e-ingenieria-de-software\\\/#primaryimage\",\"url\":\"https:\\\/\\\/ardigitalnoticias.com\\\/wp-content\\\/uploads\\\/2025\\\/08\\\/InShot_20250821_131455867.jpg\",\"contentUrl\":\"https:\\\/\\\/ardigitalnoticias.com\\\/wp-content\\\/uploads\\\/2025\\\/08\\\/InShot_20250821_131455867.jpg\",\"width\":1920,\"height\":1080},{\"@type\":\"BreadcrumbList\",\"@id\":\"https:\\\/\\\/ardigitalnoticias.com\\\/index.php\\\/2025\\\/08\\\/21\\\/usco-sede-garzon-tendra-nuevos-programas-universitarios-derecho-e-ingenieria-de-software\\\/#breadcrumb\",\"itemListElement\":[{\"@type\":\"ListItem\",\"position\":1,\"name\":\"Portada\",\"item\":\"https:\\\/\\\/ardigitalnoticias.com\\\/\"},{\"@type\":\"ListItem\",\"position\":2,\"name\":\"USCO SEDE GARZ\u00d3N TENDR\u00c1 NUEVOS PROGRAMAS UNIVERSITARIOS, DERECHO E INGENIER\u00cdA DE SOFTWARE.\"}]},{\"@type\":\"WebSite\",\"@id\":\"https:\\\/\\\/ardigitalnoticias.com\\\/#website\",\"url\":\"https:\\\/\\\/ardigitalnoticias.com\\\/\",\"name\":\"AR Digital Noticias\",\"description\":\"\",\"publisher\":{\"@id\":\"https:\\\/\\\/ardigitalnoticias.com\\\/#organization\"},\"potentialAction\":[{\"@type\":\"SearchAction\",\"target\":{\"@type\":\"EntryPoint\",\"urlTemplate\":\"https:\\\/\\\/ardigitalnoticias.com\\\/?s={search_term_string}\"},\"query-input\":{\"@type\":\"PropertyValueSpecification\",\"valueRequired\":true,\"valueName\":\"search_term_string\"}}],\"inLanguage\":\"es\"},{\"@type\":\"Organization\",\"@id\":\"https:\\\/\\\/ardigitalnoticias.com\\\/#organization\",\"name\":\"AR Digital Noticias\",\"url\":\"https:\\\/\\\/ardigitalnoticias.com\\\/\",\"logo\":{\"@type\":\"ImageObject\",\"inLanguage\":\"es\",\"@id\":\"https:\\\/\\\/ardigitalnoticias.com\\\/#\\\/schema\\\/logo\\\/image\\\/\",\"url\":\"https:\\\/\\\/ardigitalnoticias.com\\\/wp-content\\\/uploads\\\/2023\\\/11\\\/cropped-cropped-cropped-cropped-AR-Digital-Noticias-1.png\",\"contentUrl\":\"https:\\\/\\\/ardigitalnoticias.com\\\/wp-content\\\/uploads\\\/2023\\\/11\\\/cropped-cropped-cropped-cropped-AR-Digital-Noticias-1.png\",\"width\":972,\"height\":306,\"caption\":\"AR Digital Noticias\"},\"image\":{\"@id\":\"https:\\\/\\\/ardigitalnoticias.com\\\/#\\\/schema\\\/logo\\\/image\\\/\"}},{\"@type\":\"Person\",\"@id\":\"https:\\\/\\\/ardigitalnoticias.com\\\/#\\\/schema\\\/person\\\/3f1b0a96e890d8cba89a76c7558a147c\",\"name\":\"AR Digital Noticias\",\"image\":{\"@type\":\"ImageObject\",\"inLanguage\":\"es\",\"@id\":\"https:\\\/\\\/secure.gravatar.com\\\/avatar\\\/55d1acd2f9cac74c99f42fcb5090c2f994204a6f6c571cf4c3001ae692cb9b34?s=96&d=mm&r=g\",\"url\":\"https:\\\/\\\/secure.gravatar.com\\\/avatar\\\/55d1acd2f9cac74c99f42fcb5090c2f994204a6f6c571cf4c3001ae692cb9b34?s=96&d=mm&r=g\",\"contentUrl\":\"https:\\\/\\\/secure.gravatar.com\\\/avatar\\\/55d1acd2f9cac74c99f42fcb5090c2f994204a6f6c571cf4c3001ae692cb9b34?s=96&d=mm&r=g\",\"caption\":\"AR Digital Noticias\"},\"sameAs\":[\"http:\\\/\\\/ardigitalnoticias.com\"],\"url\":\"https:\\\/\\\/ardigitalnoticias.com\\\/index.php\\\/author\\\/editorial\\\/\"}]}<\/script>\n<!-- \/ Yoast SEO plugin. -->","yoast_head_json":{"title":"USCO SEDE GARZ\u00d3N TENDR\u00c1 NUEVOS PROGRAMAS UNIVERSITARIOS, DERECHO E INGENIER\u00cdA DE SOFTWARE. - AR Digital Noticias","robots":{"index":"index","follow":"follow","max-snippet":"max-snippet:-1","max-image-preview":"max-image-preview:large","max-video-preview":"max-video-preview:-1"},"canonical":"https:\/\/ardigitalnoticias.com\/index.php\/2025\/08\/21\/usco-sede-garzon-tendra-nuevos-programas-universitarios-derecho-e-ingenieria-de-software\/","og_locale":"es_ES","og_type":"article","og_title":"USCO SEDE GARZ\u00d3N TENDR\u00c1 NUEVOS PROGRAMAS UNIVERSITARIOS, DERECHO E INGENIER\u00cdA DE SOFTWARE. - AR Digital Noticias","og_description":"La Universidad Surcolombiana (USCO) avanza en un proceso hist\u00f3rico de regionalizaci\u00f3n acad\u00e9mica, con la aprobaci\u00f3n del Plan Integral de Cobertura 2025-2 y 2026-1. POR: ANDR\u00c9S RODR\u00cdGUEZ. La decisi\u00f3n fue adoptada por el Consejo Superior Universitario con siete votos a favor, y cuenta con el respaldo del Ministerio de Educaci\u00f3n Nacional. Este plan, liderado por el [&hellip;]","og_url":"https:\/\/ardigitalnoticias.com\/index.php\/2025\/08\/21\/usco-sede-garzon-tendra-nuevos-programas-universitarios-derecho-e-ingenieria-de-software\/","og_site_name":"AR Digital Noticias","article_published_time":"2025-08-21T18:23:23+00:00","article_modified_time":"2025-08-21T18:23:24+00:00","og_image":[{"width":1920,"height":1080,"url":"https:\/\/ardigitalnoticias.com\/wp-content\/uploads\/2025\/08\/InShot_20250821_131455867.jpg","type":"image\/jpeg"}],"author":"AR Digital Noticias","twitter_card":"summary_large_image","twitter_misc":{"Escrito por":"AR Digital Noticias","Tiempo de lectura":"2 minutos"},"schema":{"@context":"https:\/\/schema.org","@graph":[{"@type":"Article","@id":"https:\/\/ardigitalnoticias.com\/index.php\/2025\/08\/21\/usco-sede-garzon-tendra-nuevos-programas-universitarios-derecho-e-ingenieria-de-software\/#article","isPartOf":{"@id":"https:\/\/ardigitalnoticias.com\/index.php\/2025\/08\/21\/usco-sede-garzon-tendra-nuevos-programas-universitarios-derecho-e-ingenieria-de-software\/"},"author":{"name":"AR Digital Noticias","@id":"https:\/\/ardigitalnoticias.com\/#\/schema\/person\/3f1b0a96e890d8cba89a76c7558a147c"},"headline":"USCO SEDE GARZ\u00d3N TENDR\u00c1 NUEVOS PROGRAMAS UNIVERSITARIOS, DERECHO E INGENIER\u00cdA DE SOFTWARE.","datePublished":"2025-08-21T18:23:23+00:00","dateModified":"2025-08-21T18:23:24+00:00","mainEntityOfPage":{"@id":"https:\/\/ardigitalnoticias.com\/index.php\/2025\/08\/21\/usco-sede-garzon-tendra-nuevos-programas-universitarios-derecho-e-ingenieria-de-software\/"},"wordCount":339,"commentCount":0,"publisher":{"@id":"https:\/\/ardigitalnoticias.com\/#organization"},"image":{"@id":"https:\/\/ardigitalnoticias.com\/index.php\/2025\/08\/21\/usco-sede-garzon-tendra-nuevos-programas-universitarios-derecho-e-ingenieria-de-software\/#primaryimage"},"thumbnailUrl":"https:\/\/ardigitalnoticias.com\/wp-content\/uploads\/2025\/08\/InShot_20250821_131455867.jpg","articleSection":["Actualidad","Garz\u00f3n","Regional"],"inLanguage":"es","potentialAction":[{"@type":"CommentAction","name":"Comment","target":["https:\/\/ardigitalnoticias.com\/index.php\/2025\/08\/21\/usco-sede-garzon-tendra-nuevos-programas-universitarios-derecho-e-ingenieria-de-software\/#respond"]}]},{"@type":"WebPage","@id":"https:\/\/ardigitalnoticias.com\/index.php\/2025\/08\/21\/usco-sede-garzon-tendra-nuevos-programas-universitarios-derecho-e-ingenieria-de-software\/","url":"https:\/\/ardigitalnoticias.com\/index.php\/2025\/08\/21\/usco-sede-garzon-tendra-nuevos-programas-universitarios-derecho-e-ingenieria-de-software\/","name":"USCO SEDE GARZ\u00d3N TENDR\u00c1 NUEVOS PROGRAMAS UNIVERSITARIOS, DERECHO E INGENIER\u00cdA DE SOFTWARE. - AR Digital Noticias","isPartOf":{"@id":"https:\/\/ardigitalnoticias.com\/#website"},"primaryImageOfPage":{"@id":"https:\/\/ardigitalnoticias.com\/index.php\/2025\/08\/21\/usco-sede-garzon-tendra-nuevos-programas-universitarios-derecho-e-ingenieria-de-software\/#primaryimage"},"image":{"@id":"https:\/\/ardigitalnoticias.com\/index.php\/2025\/08\/21\/usco-sede-garzon-tendra-nuevos-programas-universitarios-derecho-e-ingenieria-de-software\/#primaryimage"},"thumbnailUrl":"https:\/\/ardigitalnoticias.com\/wp-content\/uploads\/2025\/08\/InShot_20250821_131455867.jpg","datePublished":"2025-08-21T18:23:23+00:00","dateModified":"2025-08-21T18:23:24+00:00","breadcrumb":{"@id":"https:\/\/ardigitalnoticias.com\/index.php\/2025\/08\/21\/usco-sede-garzon-tendra-nuevos-programas-universitarios-derecho-e-ingenieria-de-software\/#breadcrumb"},"inLanguage":"es","potentialAction":[{"@type":"ReadAction","target":["https:\/\/ardigitalnoticias.com\/index.php\/2025\/08\/21\/usco-sede-garzon-tendra-nuevos-programas-universitarios-derecho-e-ingenieria-de-software\/"]}]},{"@type":"ImageObject","inLanguage":"es","@id":"https:\/\/ardigitalnoticias.com\/index.php\/2025\/08\/21\/usco-sede-garzon-tendra-nuevos-programas-universitarios-derecho-e-ingenieria-de-software\/#primaryimage","url":"https:\/\/ardigitalnoticias.com\/wp-content\/uploads\/2025\/08\/InShot_20250821_131455867.jpg","contentUrl":"https:\/\/ardigitalnoticias.com\/wp-content\/uploads\/2025\/08\/InShot_20250821_131455867.jpg","width":1920,"height":1080},{"@type":"BreadcrumbList","@id":"https:\/\/ardigitalnoticias.com\/index.php\/2025\/08\/21\/usco-sede-garzon-tendra-nuevos-programas-universitarios-derecho-e-ingenieria-de-software\/#breadcrumb","itemListElement":[{"@type":"ListItem","position":1,"name":"Portada","item":"https:\/\/ardigitalnoticias.com\/"},{"@type":"ListItem","position":2,"name":"USCO SEDE GARZ\u00d3N TENDR\u00c1 NUEVOS PROGRAMAS UNIVERSITARIOS, DERECHO E INGENIER\u00cdA DE SOFTWARE."}]},{"@type":"WebSite","@id":"https:\/\/ardigitalnoticias.com\/#website","url":"https:\/\/ardigitalnoticias.com\/","name":"AR Digital Noticias","description":"","publisher":{"@id":"https:\/\/ardigitalnoticias.com\/#organization"},"potentialAction":[{"@type":"SearchAction","target":{"@type":"EntryPoint","urlTemplate":"https:\/\/ardigitalnoticias.com\/?s={search_term_string}"},"query-input":{"@type":"PropertyValueSpecification","valueRequired":true,"valueName":"search_term_string"}}],"inLanguage":"es"},{"@type":"Organization","@id":"https:\/\/ardigitalnoticias.com\/#organization","name":"AR Digital Noticias","url":"https:\/\/ardigitalnoticias.com\/","logo":{"@type":"ImageObject","inLanguage":"es","@id":"https:\/\/ardigitalnoticias.com\/#\/schema\/logo\/image\/","url":"https:\/\/ardigitalnoticias.com\/wp-content\/uploads\/2023\/11\/cropped-cropped-cropped-cropped-AR-Digital-Noticias-1.png","contentUrl":"https:\/\/ardigitalnoticias.com\/wp-content\/uploads\/2023\/11\/cropped-cropped-cropped-cropped-AR-Digital-Noticias-1.png","width":972,"height":306,"caption":"AR Digital Noticias"},"image":{"@id":"https:\/\/ardigitalnoticias.com\/#\/schema\/logo\/image\/"}},{"@type":"Person","@id":"https:\/\/ardigitalnoticias.com\/#\/schema\/person\/3f1b0a96e890d8cba89a76c7558a147c","name":"AR Digital Noticias","image":{"@type":"ImageObject","inLanguage":"es","@id":"https:\/\/secure.gravatar.com\/avatar\/55d1acd2f9cac74c99f42fcb5090c2f994204a6f6c571cf4c3001ae692cb9b34?s=96&d=mm&r=g","url":"https:\/\/secure.gravatar.com\/avatar\/55d1acd2f9cac74c99f42fcb5090c2f994204a6f6c571cf4c3001ae692cb9b34?s=96&d=mm&r=g","contentUrl":"https:\/\/secure.gravatar.com\/avatar\/55d1acd2f9cac74c99f42fcb5090c2f994204a6f6c571cf4c3001ae692cb9b34?s=96&d=mm&r=g","caption":"AR Digital Noticias"},"sameAs":["http:\/\/ardigitalnoticias.com"],"url":"https:\/\/ardigitalnoticias.com\/index.php\/author\/editorial\/"}]}},"_links":{"self":[{"href":"https:\/\/ardigitalnoticias.com\/index.php\/wp-json\/wp\/v2\/posts\/8378","targetHints":{"allow":["GET"]}}],"collection":[{"href":"https:\/\/ardigitalnoticias.com\/index.php\/wp-json\/wp\/v2\/posts"}],"about":[{"href":"https:\/\/ardigitalnoticias.com\/index.php\/wp-json\/wp\/v2\/types\/post"}],"author":[{"embeddable":true,"href":"https:\/\/ardigitalnoticias.com\/index.php\/wp-json\/wp\/v2\/users\/2"}],"replies":[{"embeddable":true,"href":"https:\/\/ardigitalnoticias.com\/index.php\/wp-json\/wp\/v2\/comments?post=8378"}],"version-history":[{"count":1,"href":"https:\/\/ardigitalnoticias.com\/index.php\/wp-json\/wp\/v2\/posts\/8378\/revisions"}],"predecessor-version":[{"id":8383,"href":"https:\/\/ardigitalnoticias.com\/index.php\/wp-json\/wp\/v2\/posts\/8378\/revisions\/8383"}],"wp:featuredmedia":[{"embeddable":true,"href":"https:\/\/ardigitalnoticias.com\/index.php\/wp-json\/wp\/v2\/media\/8381"}],"wp:attachment":[{"href":"https:\/\/ardigitalnoticias.com\/index.php\/wp-json\/wp\/v2\/media?parent=8378"}],"wp:term":[{"taxonomy":"category","embeddable":true,"href":"https:\/\/ardigitalnoticias.com\/index.php\/wp-json\/wp\/v2\/categories?post=8378"},{"taxonomy":"post_tag","embeddable":true,"href":"https:\/\/ardigitalnoticias.com\/index.php\/wp-json\/wp\/v2\/tags?post=8378"}],"curies":[{"name":"wp","href":"https:\/\/api.w.org\/{rel}","templated":true}]}}