{"id":8372,"date":"2025-08-20T17:42:13","date_gmt":"2025-08-20T22:42:13","guid":{"rendered":"https:\/\/ardigitalnoticias.com\/?p=8372"},"modified":"2025-08-20T17:42:14","modified_gmt":"2025-08-20T22:42:14","slug":"secretaria-de-salud-de-garzon-llevo-feria-de-servicios-a-la-vereda-fatima","status":"publish","type":"post","link":"https:\/\/ardigitalnoticias.com\/index.php\/2025\/08\/20\/secretaria-de-salud-de-garzon-llevo-feria-de-servicios-a-la-vereda-fatima\/","title":{"rendered":"SECRETAR\u00cdA DE SALUD DE GARZ\u00d3N LLEV\u00d3 FERIA DE SERVICIOS A LA VEREDA F\u00c1TIMA"},"content":{"rendered":"\n<p>Con el prop\u00f3sito de fortalecer la promoci\u00f3n de la salud y la prevenci\u00f3n de enfermedades en las zonas rurales, la Secretar\u00eda de Salud Municipal, en articulaci\u00f3n con el Plan de Intervenciones Colectivas (PIC), adelant\u00f3 una feria de servicios en la vereda F\u00e1tima.<\/p>\n\n\n\n<p><strong>POR: ANDR\u00c9S RODR\u00cdGUEZ. <\/strong><\/p>\n\n\n<div class=\"wp-block-image\">\n<figure class=\"aligncenter size-large\"><img loading=\"lazy\" decoding=\"async\" width=\"1024\" height=\"576\" src=\"https:\/\/ardigitalnoticias.com\/wp-content\/uploads\/2025\/08\/IMG-20250820-WA0496-1024x576.jpg\" alt=\"\" class=\"wp-image-8374\" srcset=\"https:\/\/ardigitalnoticias.com\/wp-content\/uploads\/2025\/08\/IMG-20250820-WA0496-1024x576.jpg 1024w, https:\/\/ardigitalnoticias.com\/wp-content\/uploads\/2025\/08\/IMG-20250820-WA0496-600x338.jpg 600w, https:\/\/ardigitalnoticias.com\/wp-content\/uploads\/2025\/08\/IMG-20250820-WA0496-300x169.jpg 300w, https:\/\/ardigitalnoticias.com\/wp-content\/uploads\/2025\/08\/IMG-20250820-WA0496-768x432.jpg 768w, https:\/\/ardigitalnoticias.com\/wp-content\/uploads\/2025\/08\/IMG-20250820-WA0496-1536x864.jpg 1536w, https:\/\/ardigitalnoticias.com\/wp-content\/uploads\/2025\/08\/IMG-20250820-WA0496-2048x1152.jpg 2048w, https:\/\/ardigitalnoticias.com\/wp-content\/uploads\/2025\/08\/IMG-20250820-WA0496-747x420.jpg 747w, https:\/\/ardigitalnoticias.com\/wp-content\/uploads\/2025\/08\/IMG-20250820-WA0496-150x84.jpg 150w, https:\/\/ardigitalnoticias.com\/wp-content\/uploads\/2025\/08\/IMG-20250820-WA0496-696x392.jpg 696w, https:\/\/ardigitalnoticias.com\/wp-content\/uploads\/2025\/08\/IMG-20250820-WA0496-1068x601.jpg 1068w, https:\/\/ardigitalnoticias.com\/wp-content\/uploads\/2025\/08\/IMG-20250820-WA0496-1920x1080.jpg 1920w\" sizes=\"auto, (max-width: 1024px) 100vw, 1024px\" \/><\/figure>\n<\/div>\n\n\n<p>Durante la jornada se desarrollaron actividades de sensibilizaci\u00f3n dirigidas a estudiantes, padres de familia y docentes, enfocadas en la importancia de la comunicaci\u00f3n asertiva, el fortalecimiento del v\u00ednculo afectivo y la promoci\u00f3n de la sana convivencia en los entornos familiar, educativo y comunitario.<\/p>\n\n\n\n<p>La comunidad tambi\u00e9n recibi\u00f3 orientaci\u00f3n en salud sexual y reproductiva, as\u00ed como charlas de prevenci\u00f3n de c\u00e1ncer. A su vez, se realizaron jornadas de vacunaci\u00f3n contra la fiebre amarilla, lideradas por Salud Vital, y de vacunaci\u00f3n antirr\u00e1bica para perros y gatos, en articulaci\u00f3n con la Secretar\u00eda de Salud Departamental.<\/p>\n\n\n\n<p>\u201cEstamos comprometidos en llegar a cada rinc\u00f3n del municipio, llevando mensajes y acciones que contribuyan a una mejor calidad de vida para nuestras comunidades. La articulaci\u00f3n entre las instituciones es clave para lograr una cobertura efectiva en todo Garz\u00f3n\u201d, expres\u00f3 la secretaria de Salud Municipal, Mayra Alejandra Motta.<\/p>\n\n\n\n<p>Con este tipo de actividades, la administraci\u00f3n municipal busca garantizar el acceso a servicios esenciales de salud y generar mayor conciencia sobre la prevenci\u00f3n de riesgos que afectan especialmente a ni\u00f1os, ni\u00f1as y adolescentes en las zonas rurales.<\/p>\n\n\n<div class=\"wp-block-image\">\n<figure class=\"aligncenter size-large\"><img loading=\"lazy\" decoding=\"async\" width=\"1024\" height=\"768\" src=\"https:\/\/ardigitalnoticias.com\/wp-content\/uploads\/2025\/08\/IMG-20250820-WA0494-1024x768.jpg\" alt=\"\" class=\"wp-image-8375\" srcset=\"https:\/\/ardigitalnoticias.com\/wp-content\/uploads\/2025\/08\/IMG-20250820-WA0494-1024x768.jpg 1024w, https:\/\/ardigitalnoticias.com\/wp-content\/uploads\/2025\/08\/IMG-20250820-WA0494-600x450.jpg 600w, https:\/\/ardigitalnoticias.com\/wp-content\/uploads\/2025\/08\/IMG-20250820-WA0494-300x225.jpg 300w, https:\/\/ardigitalnoticias.com\/wp-content\/uploads\/2025\/08\/IMG-20250820-WA0494-768x576.jpg 768w, https:\/\/ardigitalnoticias.com\/wp-content\/uploads\/2025\/08\/IMG-20250820-WA0494-1536x1152.jpg 1536w, https:\/\/ardigitalnoticias.com\/wp-content\/uploads\/2025\/08\/IMG-20250820-WA0494-2048x1536.jpg 2048w, https:\/\/ardigitalnoticias.com\/wp-content\/uploads\/2025\/08\/IMG-20250820-WA0494-560x420.jpg 560w, https:\/\/ardigitalnoticias.com\/wp-content\/uploads\/2025\/08\/IMG-20250820-WA0494-80x60.jpg 80w, https:\/\/ardigitalnoticias.com\/wp-content\/uploads\/2025\/08\/IMG-20250820-WA0494-150x113.jpg 150w, https:\/\/ardigitalnoticias.com\/wp-content\/uploads\/2025\/08\/IMG-20250820-WA0494-696x522.jpg 696w, https:\/\/ardigitalnoticias.com\/wp-content\/uploads\/2025\/08\/IMG-20250820-WA0494-1068x801.jpg 1068w, https:\/\/ardigitalnoticias.com\/wp-content\/uploads\/2025\/08\/IMG-20250820-WA0494-1920x1440.jpg 1920w\" sizes=\"auto, (max-width: 1024px) 100vw, 1024px\" \/><\/figure>\n<\/div>","protected":false},"excerpt":{"rendered":"<p>Con el prop\u00f3sito de fortalecer la promoci\u00f3n de la salud y la prevenci\u00f3n de enfermedades en las zonas rurales, la Secretar\u00eda de Salud Municipal, en articulaci\u00f3n con el Plan de Intervenciones Colectivas (PIC), adelant\u00f3 una feria de servicios en la vereda F\u00e1tima. POR: ANDR\u00c9S RODR\u00cdGUEZ. Durante la jornada se desarrollaron actividades de sensibilizaci\u00f3n dirigidas a [&hellip;]<\/p>\n","protected":false},"author":2,"featured_media":8373,"comment_status":"open","ping_status":"open","sticky":false,"template":"","format":"standard","meta":{"_acf_changed":false,"_joinchat":[],"footnotes":""},"categories":[1,25,21,19],"tags":[],"class_list":{"0":"post-8372","1":"post","2":"type-post","3":"status-publish","4":"format-standard","5":"has-post-thumbnail","7":"category-actualidad","8":"category-centro","9":"category-locales","10":"category-regional"},"acf":[],"yoast_head":"<!-- This site is optimized with the Yoast SEO plugin v27.5 - https:\/\/yoast.com\/product\/yoast-seo-wordpress\/ -->\n<title>SECRETAR\u00cdA DE SALUD DE GARZ\u00d3N LLEV\u00d3 FERIA DE SERVICIOS A LA VEREDA F\u00c1TIMA - AR Digital Noticias<\/title>\n<meta name=\"robots\" content=\"index, follow, max-snippet:-1, max-image-preview:large, max-video-preview:-1\" \/>\n<link rel=\"canonical\" href=\"https:\/\/ardigitalnoticias.com\/index.php\/2025\/08\/20\/secretaria-de-salud-de-garzon-llevo-feria-de-servicios-a-la-vereda-fatima\/\" \/>\n<meta property=\"og:locale\" content=\"es_ES\" \/>\n<meta property=\"og:type\" content=\"article\" \/>\n<meta property=\"og:title\" content=\"SECRETAR\u00cdA DE SALUD DE GARZ\u00d3N LLEV\u00d3 FERIA DE SERVICIOS A LA VEREDA F\u00c1TIMA - AR Digital Noticias\" \/>\n<meta property=\"og:description\" content=\"Con el prop\u00f3sito de fortalecer la promoci\u00f3n de la salud y la prevenci\u00f3n de enfermedades en las zonas rurales, la Secretar\u00eda de Salud Municipal, en articulaci\u00f3n con el Plan de Intervenciones Colectivas (PIC), adelant\u00f3 una feria de servicios en la vereda F\u00e1tima. POR: ANDR\u00c9S RODR\u00cdGUEZ. Durante la jornada se desarrollaron actividades de sensibilizaci\u00f3n dirigidas a [&hellip;]\" \/>\n<meta property=\"og:url\" content=\"https:\/\/ardigitalnoticias.com\/index.php\/2025\/08\/20\/secretaria-de-salud-de-garzon-llevo-feria-de-servicios-a-la-vereda-fatima\/\" \/>\n<meta property=\"og:site_name\" content=\"AR Digital Noticias\" \/>\n<meta property=\"article:published_time\" content=\"2025-08-20T22:42:13+00:00\" \/>\n<meta property=\"article:modified_time\" content=\"2025-08-20T22:42:14+00:00\" \/>\n<meta property=\"og:image\" content=\"https:\/\/ardigitalnoticias.com\/wp-content\/uploads\/2025\/08\/InShot_20250820_173654469-scaled.jpg\" \/>\n\t<meta property=\"og:image:width\" content=\"2560\" \/>\n\t<meta property=\"og:image:height\" content=\"1440\" \/>\n\t<meta property=\"og:image:type\" content=\"image\/jpeg\" \/>\n<meta name=\"author\" content=\"AR Digital Noticias\" \/>\n<meta name=\"twitter:card\" content=\"summary_large_image\" \/>\n<meta name=\"twitter:label1\" content=\"Escrito por\" \/>\n\t<meta name=\"twitter:data1\" content=\"AR Digital Noticias\" \/>\n\t<meta name=\"twitter:label2\" content=\"Tiempo de lectura\" \/>\n\t<meta name=\"twitter:data2\" content=\"2 minutos\" \/>\n<script type=\"application\/ld+json\" class=\"yoast-schema-graph\">{\"@context\":\"https:\\\/\\\/schema.org\",\"@graph\":[{\"@type\":\"Article\",\"@id\":\"https:\\\/\\\/ardigitalnoticias.com\\\/index.php\\\/2025\\\/08\\\/20\\\/secretaria-de-salud-de-garzon-llevo-feria-de-servicios-a-la-vereda-fatima\\\/#article\",\"isPartOf\":{\"@id\":\"https:\\\/\\\/ardigitalnoticias.com\\\/index.php\\\/2025\\\/08\\\/20\\\/secretaria-de-salud-de-garzon-llevo-feria-de-servicios-a-la-vereda-fatima\\\/\"},\"author\":{\"name\":\"AR Digital Noticias\",\"@id\":\"https:\\\/\\\/ardigitalnoticias.com\\\/#\\\/schema\\\/person\\\/3f1b0a96e890d8cba89a76c7558a147c\"},\"headline\":\"SECRETAR\u00cdA DE SALUD DE GARZ\u00d3N LLEV\u00d3 FERIA DE SERVICIOS A LA VEREDA F\u00c1TIMA\",\"datePublished\":\"2025-08-20T22:42:13+00:00\",\"dateModified\":\"2025-08-20T22:42:14+00:00\",\"mainEntityOfPage\":{\"@id\":\"https:\\\/\\\/ardigitalnoticias.com\\\/index.php\\\/2025\\\/08\\\/20\\\/secretaria-de-salud-de-garzon-llevo-feria-de-servicios-a-la-vereda-fatima\\\/\"},\"wordCount\":267,\"commentCount\":0,\"publisher\":{\"@id\":\"https:\\\/\\\/ardigitalnoticias.com\\\/#organization\"},\"image\":{\"@id\":\"https:\\\/\\\/ardigitalnoticias.com\\\/index.php\\\/2025\\\/08\\\/20\\\/secretaria-de-salud-de-garzon-llevo-feria-de-servicios-a-la-vereda-fatima\\\/#primaryimage\"},\"thumbnailUrl\":\"https:\\\/\\\/ardigitalnoticias.com\\\/wp-content\\\/uploads\\\/2025\\\/08\\\/InShot_20250820_173654469-scaled.jpg\",\"articleSection\":[\"Actualidad\",\"Centro\",\"Garz\u00f3n\",\"Regional\"],\"inLanguage\":\"es\",\"potentialAction\":[{\"@type\":\"CommentAction\",\"name\":\"Comment\",\"target\":[\"https:\\\/\\\/ardigitalnoticias.com\\\/index.php\\\/2025\\\/08\\\/20\\\/secretaria-de-salud-de-garzon-llevo-feria-de-servicios-a-la-vereda-fatima\\\/#respond\"]}]},{\"@type\":\"WebPage\",\"@id\":\"https:\\\/\\\/ardigitalnoticias.com\\\/index.php\\\/2025\\\/08\\\/20\\\/secretaria-de-salud-de-garzon-llevo-feria-de-servicios-a-la-vereda-fatima\\\/\",\"url\":\"https:\\\/\\\/ardigitalnoticias.com\\\/index.php\\\/2025\\\/08\\\/20\\\/secretaria-de-salud-de-garzon-llevo-feria-de-servicios-a-la-vereda-fatima\\\/\",\"name\":\"SECRETAR\u00cdA DE SALUD DE GARZ\u00d3N LLEV\u00d3 FERIA DE SERVICIOS A LA VEREDA F\u00c1TIMA - AR Digital Noticias\",\"isPartOf\":{\"@id\":\"https:\\\/\\\/ardigitalnoticias.com\\\/#website\"},\"primaryImageOfPage\":{\"@id\":\"https:\\\/\\\/ardigitalnoticias.com\\\/index.php\\\/2025\\\/08\\\/20\\\/secretaria-de-salud-de-garzon-llevo-feria-de-servicios-a-la-vereda-fatima\\\/#primaryimage\"},\"image\":{\"@id\":\"https:\\\/\\\/ardigitalnoticias.com\\\/index.php\\\/2025\\\/08\\\/20\\\/secretaria-de-salud-de-garzon-llevo-feria-de-servicios-a-la-vereda-fatima\\\/#primaryimage\"},\"thumbnailUrl\":\"https:\\\/\\\/ardigitalnoticias.com\\\/wp-content\\\/uploads\\\/2025\\\/08\\\/InShot_20250820_173654469-scaled.jpg\",\"datePublished\":\"2025-08-20T22:42:13+00:00\",\"dateModified\":\"2025-08-20T22:42:14+00:00\",\"breadcrumb\":{\"@id\":\"https:\\\/\\\/ardigitalnoticias.com\\\/index.php\\\/2025\\\/08\\\/20\\\/secretaria-de-salud-de-garzon-llevo-feria-de-servicios-a-la-vereda-fatima\\\/#breadcrumb\"},\"inLanguage\":\"es\",\"potentialAction\":[{\"@type\":\"ReadAction\",\"target\":[\"https:\\\/\\\/ardigitalnoticias.com\\\/index.php\\\/2025\\\/08\\\/20\\\/secretaria-de-salud-de-garzon-llevo-feria-de-servicios-a-la-vereda-fatima\\\/\"]}]},{\"@type\":\"ImageObject\",\"inLanguage\":\"es\",\"@id\":\"https:\\\/\\\/ardigitalnoticias.com\\\/index.php\\\/2025\\\/08\\\/20\\\/secretaria-de-salud-de-garzon-llevo-feria-de-servicios-a-la-vereda-fatima\\\/#primaryimage\",\"url\":\"https:\\\/\\\/ardigitalnoticias.com\\\/wp-content\\\/uploads\\\/2025\\\/08\\\/InShot_20250820_173654469-scaled.jpg\",\"contentUrl\":\"https:\\\/\\\/ardigitalnoticias.com\\\/wp-content\\\/uploads\\\/2025\\\/08\\\/InShot_20250820_173654469-scaled.jpg\",\"width\":2560,\"height\":1440},{\"@type\":\"BreadcrumbList\",\"@id\":\"https:\\\/\\\/ardigitalnoticias.com\\\/index.php\\\/2025\\\/08\\\/20\\\/secretaria-de-salud-de-garzon-llevo-feria-de-servicios-a-la-vereda-fatima\\\/#breadcrumb\",\"itemListElement\":[{\"@type\":\"ListItem\",\"position\":1,\"name\":\"Portada\",\"item\":\"https:\\\/\\\/ardigitalnoticias.com\\\/\"},{\"@type\":\"ListItem\",\"position\":2,\"name\":\"SECRETAR\u00cdA DE SALUD DE GARZ\u00d3N LLEV\u00d3 FERIA DE SERVICIOS A LA VEREDA F\u00c1TIMA\"}]},{\"@type\":\"WebSite\",\"@id\":\"https:\\\/\\\/ardigitalnoticias.com\\\/#website\",\"url\":\"https:\\\/\\\/ardigitalnoticias.com\\\/\",\"name\":\"AR Digital Noticias\",\"description\":\"\",\"publisher\":{\"@id\":\"https:\\\/\\\/ardigitalnoticias.com\\\/#organization\"},\"potentialAction\":[{\"@type\":\"SearchAction\",\"target\":{\"@type\":\"EntryPoint\",\"urlTemplate\":\"https:\\\/\\\/ardigitalnoticias.com\\\/?s={search_term_string}\"},\"query-input\":{\"@type\":\"PropertyValueSpecification\",\"valueRequired\":true,\"valueName\":\"search_term_string\"}}],\"inLanguage\":\"es\"},{\"@type\":\"Organization\",\"@id\":\"https:\\\/\\\/ardigitalnoticias.com\\\/#organization\",\"name\":\"AR Digital Noticias\",\"url\":\"https:\\\/\\\/ardigitalnoticias.com\\\/\",\"logo\":{\"@type\":\"ImageObject\",\"inLanguage\":\"es\",\"@id\":\"https:\\\/\\\/ardigitalnoticias.com\\\/#\\\/schema\\\/logo\\\/image\\\/\",\"url\":\"https:\\\/\\\/ardigitalnoticias.com\\\/wp-content\\\/uploads\\\/2023\\\/11\\\/cropped-cropped-cropped-cropped-AR-Digital-Noticias-1.png\",\"contentUrl\":\"https:\\\/\\\/ardigitalnoticias.com\\\/wp-content\\\/uploads\\\/2023\\\/11\\\/cropped-cropped-cropped-cropped-AR-Digital-Noticias-1.png\",\"width\":972,\"height\":306,\"caption\":\"AR Digital Noticias\"},\"image\":{\"@id\":\"https:\\\/\\\/ardigitalnoticias.com\\\/#\\\/schema\\\/logo\\\/image\\\/\"}},{\"@type\":\"Person\",\"@id\":\"https:\\\/\\\/ardigitalnoticias.com\\\/#\\\/schema\\\/person\\\/3f1b0a96e890d8cba89a76c7558a147c\",\"name\":\"AR Digital Noticias\",\"image\":{\"@type\":\"ImageObject\",\"inLanguage\":\"es\",\"@id\":\"https:\\\/\\\/secure.gravatar.com\\\/avatar\\\/55d1acd2f9cac74c99f42fcb5090c2f994204a6f6c571cf4c3001ae692cb9b34?s=96&d=mm&r=g\",\"url\":\"https:\\\/\\\/secure.gravatar.com\\\/avatar\\\/55d1acd2f9cac74c99f42fcb5090c2f994204a6f6c571cf4c3001ae692cb9b34?s=96&d=mm&r=g\",\"contentUrl\":\"https:\\\/\\\/secure.gravatar.com\\\/avatar\\\/55d1acd2f9cac74c99f42fcb5090c2f994204a6f6c571cf4c3001ae692cb9b34?s=96&d=mm&r=g\",\"caption\":\"AR Digital Noticias\"},\"sameAs\":[\"http:\\\/\\\/ardigitalnoticias.com\"],\"url\":\"https:\\\/\\\/ardigitalnoticias.com\\\/index.php\\\/author\\\/editorial\\\/\"}]}<\/script>\n<!-- \/ Yoast SEO plugin. -->","yoast_head_json":{"title":"SECRETAR\u00cdA DE SALUD DE GARZ\u00d3N LLEV\u00d3 FERIA DE SERVICIOS A LA VEREDA F\u00c1TIMA - AR Digital Noticias","robots":{"index":"index","follow":"follow","max-snippet":"max-snippet:-1","max-image-preview":"max-image-preview:large","max-video-preview":"max-video-preview:-1"},"canonical":"https:\/\/ardigitalnoticias.com\/index.php\/2025\/08\/20\/secretaria-de-salud-de-garzon-llevo-feria-de-servicios-a-la-vereda-fatima\/","og_locale":"es_ES","og_type":"article","og_title":"SECRETAR\u00cdA DE SALUD DE GARZ\u00d3N LLEV\u00d3 FERIA DE SERVICIOS A LA VEREDA F\u00c1TIMA - AR Digital Noticias","og_description":"Con el prop\u00f3sito de fortalecer la promoci\u00f3n de la salud y la prevenci\u00f3n de enfermedades en las zonas rurales, la Secretar\u00eda de Salud Municipal, en articulaci\u00f3n con el Plan de Intervenciones Colectivas (PIC), adelant\u00f3 una feria de servicios en la vereda F\u00e1tima. POR: ANDR\u00c9S RODR\u00cdGUEZ. Durante la jornada se desarrollaron actividades de sensibilizaci\u00f3n dirigidas a [&hellip;]","og_url":"https:\/\/ardigitalnoticias.com\/index.php\/2025\/08\/20\/secretaria-de-salud-de-garzon-llevo-feria-de-servicios-a-la-vereda-fatima\/","og_site_name":"AR Digital Noticias","article_published_time":"2025-08-20T22:42:13+00:00","article_modified_time":"2025-08-20T22:42:14+00:00","og_image":[{"width":2560,"height":1440,"url":"https:\/\/ardigitalnoticias.com\/wp-content\/uploads\/2025\/08\/InShot_20250820_173654469-scaled.jpg","type":"image\/jpeg"}],"author":"AR Digital Noticias","twitter_card":"summary_large_image","twitter_misc":{"Escrito por":"AR Digital Noticias","Tiempo de lectura":"2 minutos"},"schema":{"@context":"https:\/\/schema.org","@graph":[{"@type":"Article","@id":"https:\/\/ardigitalnoticias.com\/index.php\/2025\/08\/20\/secretaria-de-salud-de-garzon-llevo-feria-de-servicios-a-la-vereda-fatima\/#article","isPartOf":{"@id":"https:\/\/ardigitalnoticias.com\/index.php\/2025\/08\/20\/secretaria-de-salud-de-garzon-llevo-feria-de-servicios-a-la-vereda-fatima\/"},"author":{"name":"AR Digital Noticias","@id":"https:\/\/ardigitalnoticias.com\/#\/schema\/person\/3f1b0a96e890d8cba89a76c7558a147c"},"headline":"SECRETAR\u00cdA DE SALUD DE GARZ\u00d3N LLEV\u00d3 FERIA DE SERVICIOS A LA VEREDA F\u00c1TIMA","datePublished":"2025-08-20T22:42:13+00:00","dateModified":"2025-08-20T22:42:14+00:00","mainEntityOfPage":{"@id":"https:\/\/ardigitalnoticias.com\/index.php\/2025\/08\/20\/secretaria-de-salud-de-garzon-llevo-feria-de-servicios-a-la-vereda-fatima\/"},"wordCount":267,"commentCount":0,"publisher":{"@id":"https:\/\/ardigitalnoticias.com\/#organization"},"image":{"@id":"https:\/\/ardigitalnoticias.com\/index.php\/2025\/08\/20\/secretaria-de-salud-de-garzon-llevo-feria-de-servicios-a-la-vereda-fatima\/#primaryimage"},"thumbnailUrl":"https:\/\/ardigitalnoticias.com\/wp-content\/uploads\/2025\/08\/InShot_20250820_173654469-scaled.jpg","articleSection":["Actualidad","Centro","Garz\u00f3n","Regional"],"inLanguage":"es","potentialAction":[{"@type":"CommentAction","name":"Comment","target":["https:\/\/ardigitalnoticias.com\/index.php\/2025\/08\/20\/secretaria-de-salud-de-garzon-llevo-feria-de-servicios-a-la-vereda-fatima\/#respond"]}]},{"@type":"WebPage","@id":"https:\/\/ardigitalnoticias.com\/index.php\/2025\/08\/20\/secretaria-de-salud-de-garzon-llevo-feria-de-servicios-a-la-vereda-fatima\/","url":"https:\/\/ardigitalnoticias.com\/index.php\/2025\/08\/20\/secretaria-de-salud-de-garzon-llevo-feria-de-servicios-a-la-vereda-fatima\/","name":"SECRETAR\u00cdA DE SALUD DE GARZ\u00d3N LLEV\u00d3 FERIA DE SERVICIOS A LA VEREDA F\u00c1TIMA - AR Digital Noticias","isPartOf":{"@id":"https:\/\/ardigitalnoticias.com\/#website"},"primaryImageOfPage":{"@id":"https:\/\/ardigitalnoticias.com\/index.php\/2025\/08\/20\/secretaria-de-salud-de-garzon-llevo-feria-de-servicios-a-la-vereda-fatima\/#primaryimage"},"image":{"@id":"https:\/\/ardigitalnoticias.com\/index.php\/2025\/08\/20\/secretaria-de-salud-de-garzon-llevo-feria-de-servicios-a-la-vereda-fatima\/#primaryimage"},"thumbnailUrl":"https:\/\/ardigitalnoticias.com\/wp-content\/uploads\/2025\/08\/InShot_20250820_173654469-scaled.jpg","datePublished":"2025-08-20T22:42:13+00:00","dateModified":"2025-08-20T22:42:14+00:00","breadcrumb":{"@id":"https:\/\/ardigitalnoticias.com\/index.php\/2025\/08\/20\/secretaria-de-salud-de-garzon-llevo-feria-de-servicios-a-la-vereda-fatima\/#breadcrumb"},"inLanguage":"es","potentialAction":[{"@type":"ReadAction","target":["https:\/\/ardigitalnoticias.com\/index.php\/2025\/08\/20\/secretaria-de-salud-de-garzon-llevo-feria-de-servicios-a-la-vereda-fatima\/"]}]},{"@type":"ImageObject","inLanguage":"es","@id":"https:\/\/ardigitalnoticias.com\/index.php\/2025\/08\/20\/secretaria-de-salud-de-garzon-llevo-feria-de-servicios-a-la-vereda-fatima\/#primaryimage","url":"https:\/\/ardigitalnoticias.com\/wp-content\/uploads\/2025\/08\/InShot_20250820_173654469-scaled.jpg","contentUrl":"https:\/\/ardigitalnoticias.com\/wp-content\/uploads\/2025\/08\/InShot_20250820_173654469-scaled.jpg","width":2560,"height":1440},{"@type":"BreadcrumbList","@id":"https:\/\/ardigitalnoticias.com\/index.php\/2025\/08\/20\/secretaria-de-salud-de-garzon-llevo-feria-de-servicios-a-la-vereda-fatima\/#breadcrumb","itemListElement":[{"@type":"ListItem","position":1,"name":"Portada","item":"https:\/\/ardigitalnoticias.com\/"},{"@type":"ListItem","position":2,"name":"SECRETAR\u00cdA DE SALUD DE GARZ\u00d3N LLEV\u00d3 FERIA DE SERVICIOS A LA VEREDA F\u00c1TIMA"}]},{"@type":"WebSite","@id":"https:\/\/ardigitalnoticias.com\/#website","url":"https:\/\/ardigitalnoticias.com\/","name":"AR Digital Noticias","description":"","publisher":{"@id":"https:\/\/ardigitalnoticias.com\/#organization"},"potentialAction":[{"@type":"SearchAction","target":{"@type":"EntryPoint","urlTemplate":"https:\/\/ardigitalnoticias.com\/?s={search_term_string}"},"query-input":{"@type":"PropertyValueSpecification","valueRequired":true,"valueName":"search_term_string"}}],"inLanguage":"es"},{"@type":"Organization","@id":"https:\/\/ardigitalnoticias.com\/#organization","name":"AR Digital Noticias","url":"https:\/\/ardigitalnoticias.com\/","logo":{"@type":"ImageObject","inLanguage":"es","@id":"https:\/\/ardigitalnoticias.com\/#\/schema\/logo\/image\/","url":"https:\/\/ardigitalnoticias.com\/wp-content\/uploads\/2023\/11\/cropped-cropped-cropped-cropped-AR-Digital-Noticias-1.png","contentUrl":"https:\/\/ardigitalnoticias.com\/wp-content\/uploads\/2023\/11\/cropped-cropped-cropped-cropped-AR-Digital-Noticias-1.png","width":972,"height":306,"caption":"AR Digital Noticias"},"image":{"@id":"https:\/\/ardigitalnoticias.com\/#\/schema\/logo\/image\/"}},{"@type":"Person","@id":"https:\/\/ardigitalnoticias.com\/#\/schema\/person\/3f1b0a96e890d8cba89a76c7558a147c","name":"AR Digital Noticias","image":{"@type":"ImageObject","inLanguage":"es","@id":"https:\/\/secure.gravatar.com\/avatar\/55d1acd2f9cac74c99f42fcb5090c2f994204a6f6c571cf4c3001ae692cb9b34?s=96&d=mm&r=g","url":"https:\/\/secure.gravatar.com\/avatar\/55d1acd2f9cac74c99f42fcb5090c2f994204a6f6c571cf4c3001ae692cb9b34?s=96&d=mm&r=g","contentUrl":"https:\/\/secure.gravatar.com\/avatar\/55d1acd2f9cac74c99f42fcb5090c2f994204a6f6c571cf4c3001ae692cb9b34?s=96&d=mm&r=g","caption":"AR Digital Noticias"},"sameAs":["http:\/\/ardigitalnoticias.com"],"url":"https:\/\/ardigitalnoticias.com\/index.php\/author\/editorial\/"}]}},"_links":{"self":[{"href":"https:\/\/ardigitalnoticias.com\/index.php\/wp-json\/wp\/v2\/posts\/8372","targetHints":{"allow":["GET"]}}],"collection":[{"href":"https:\/\/ardigitalnoticias.com\/index.php\/wp-json\/wp\/v2\/posts"}],"about":[{"href":"https:\/\/ardigitalnoticias.com\/index.php\/wp-json\/wp\/v2\/types\/post"}],"author":[{"embeddable":true,"href":"https:\/\/ardigitalnoticias.com\/index.php\/wp-json\/wp\/v2\/users\/2"}],"replies":[{"embeddable":true,"href":"https:\/\/ardigitalnoticias.com\/index.php\/wp-json\/wp\/v2\/comments?post=8372"}],"version-history":[{"count":1,"href":"https:\/\/ardigitalnoticias.com\/index.php\/wp-json\/wp\/v2\/posts\/8372\/revisions"}],"predecessor-version":[{"id":8377,"href":"https:\/\/ardigitalnoticias.com\/index.php\/wp-json\/wp\/v2\/posts\/8372\/revisions\/8377"}],"wp:featuredmedia":[{"embeddable":true,"href":"https:\/\/ardigitalnoticias.com\/index.php\/wp-json\/wp\/v2\/media\/8373"}],"wp:attachment":[{"href":"https:\/\/ardigitalnoticias.com\/index.php\/wp-json\/wp\/v2\/media?parent=8372"}],"wp:term":[{"taxonomy":"category","embeddable":true,"href":"https:\/\/ardigitalnoticias.com\/index.php\/wp-json\/wp\/v2\/categories?post=8372"},{"taxonomy":"post_tag","embeddable":true,"href":"https:\/\/ardigitalnoticias.com\/index.php\/wp-json\/wp\/v2\/tags?post=8372"}],"curies":[{"name":"wp","href":"https:\/\/api.w.org\/{rel}","templated":true}]}}