{"id":8349,"date":"2025-08-19T21:57:02","date_gmt":"2025-08-20T02:57:02","guid":{"rendered":"https:\/\/ardigitalnoticias.com\/?p=8349"},"modified":"2025-08-19T22:11:34","modified_gmt":"2025-08-20T03:11:34","slug":"campanas-politicas-inteligentes","status":"publish","type":"post","link":"https:\/\/ardigitalnoticias.com\/index.php\/2025\/08\/19\/campanas-politicas-inteligentes\/","title":{"rendered":"Campa\u00f1as pol\u00edticas inteligentes"},"content":{"rendered":"\n<p class=\"justificado\">Las elecciones de 2026 en Colombia se acercan y representan una oportunidad clave para transformar el rumbo del pa\u00eds. Durante muchos a\u00f1os, la pol\u00edtica se ha centrado en agendas legislativas, administrar presupuestos, ejecutar planes y cumplir con los tiempos de un calendario electoral.<\/p>\n\n\n\n<p class=\"justificado\">Sin embargo, el liderazgo efectivo no se define por gestionar cifras o coordinar eventos, sino por la habilidad de inspirar, movilizar y transformar. El pa\u00eds necesita dirigentes que se atrevan a romper con la rutina administrativa para convertirse en l\u00edderes cercanos, aut\u00e9nticos, comprometidos con las realidades de su gente.<\/p>\n\n\n\n<p class=\"justificado\">Un verdadero l\u00edder pol\u00edtico no se limita a repartir tareas dentro de su equipo, construye un prop\u00f3sito com\u00fan que late en cada palabra y en cada acci\u00f3n, su fuerza no radica en un eslogan atractivo, sino en la capacidad de generar convicci\u00f3n. La diferencia entre un gestor y un l\u00edder inspirador es que el primero administra lo que tiene, mientras el segundo enciende voluntades que multiplican los resultados.<\/p>\n\n\n\n<p class=\"justificado\">En campa\u00f1a, muchos apuestan todo a las redes sociales como si la conexi\u00f3n con el votante se definiera en likes y comentarios, sin embargo, la experiencia demuestra que, en Colombia, la verdadera fuerza pol\u00edtica se forja en el territorio. All\u00ed donde las manos se estrechan, las miradas se encuentran y las palabras se intercambian con sinceridad, en una plaza de mercado, una vereda remota o un parque municipal, el mensaje adquiere calor humano, cercan\u00eda y credibilidad. Esa proximidad no se logra con transmisiones en vivo ni con videos editados; se construye caminando calles polvorientas, visitando fincas, escuchando historias bajo un \u00e1rbol o compartiendo una taza de caf\u00e9 con los vecinos.<\/p>\n\n\n\n<p class=\"justificado\">Inspirar desde el territorio significa comprender las realidades espec\u00edficas de cada lugar, no basta con presentar un programa legislativo o de gobierno gen\u00e9rico, un discurso que ignore las particularidades de una regi\u00f3n puede sonar bonito, pero dif\u00edcilmente enciende la confianza de quienes all\u00ed viven.<\/p>\n\n\n\n<p class=\"justificado\">En cambio, cuando un candidato llega a un corregimiento y habla con conocimiento de las dificultades para mantener un acueducto rural, de los retos de sacar la cosecha por v\u00edas deterioradas o de las oportunidades que brinda el turismo comunitario, la gente entiende que su palabra se nutre de compromiso real.<\/p>\n\n\n\n<p class=\"justificado\">La inspiraci\u00f3n nace de la coherencia, prometer transparencia implica manejar los recursos de la campa\u00f1a con rigor y abrir las cuentas a la revisi\u00f3n de quien lo solicite. Hablar de participaci\u00f3n ciudadana requiere habilitar espacios donde la gente proponga, debata y decida, no \u00fanicamente escuchar para cumplir un protocolo. Defender la integridad del proyecto obliga a rechazar alianzas que puedan desvirtuarlo, incluso si eso significa perder apoyos estrat\u00e9gicos, cada acto coherente fortalece la credibilidad y convierte las palabras en un motor de acci\u00f3n colectiva.<\/p>\n\n\n\n<p class=\"justificado\">Un equipo de campa\u00f1a verdaderamente transformador no se limita a hacer log\u00edstica o repartir publicidad, se compone de personas que han hecho suyo el proyecto, que conocen la propuesta, que la explican con seguridad en cada conversaci\u00f3n, que saben adaptarla a la realidad de cada barrio, vereda o comuna, para lograrlo, es fundamental identificar l\u00edderes locales con legitimidad en sus comunidades, capacitarlos para argumentar y darles herramientas que les permitan enfrentar rumores, ataques o desinformaci\u00f3n. As\u00ed se construye una red pol\u00edtica capaz de sostener el proyecto m\u00e1s all\u00e1 de la jornada electoral.<\/p>\n\n\n\n<p class=\"justificado\">El trabajo territorial requiere una habilidad esencial: saber escuchar de forma genuina, no se trata de asentir mientras el otro habla, sino de interpretar emociones, identificar preocupaciones y reconocer los logros de cada comunidad, un l\u00edder que escucha genera v\u00ednculos. El campesino que siente que su historia fue valorada se convierte en un defensor natural del proyecto, dispuesto a hablar de \u00e9l en la tienda, en la reuni\u00f3n familiar o en el transporte p\u00fablico, esa forma de respaldo no se compra con publicidad; se cultiva con respeto y cercan\u00eda.<\/p>\n\n\n\n<p class=\"justificado\">En una campa\u00f1a siempre habr\u00e1 imprevistos: cambios de alianzas, ataques medi\u00e1ticos, campa\u00f1as de desprestigio o presiones externas; frente a esas pruebas, un liderazgo inspirador fortalece la cohesi\u00f3n del equipo y evita que la moral se quiebre. Cuando las personas creen en el proyecto porque lo han visto actuar en su territorio, es m\u00e1s dif\u00edcil que las dudas o la manipulaci\u00f3n logren desmovilizarlas.<\/p>\n\n\n\n<p class=\"justificado\">La presencia en el territorio no debe ser un gesto temporal para conseguir votos, la pol\u00edtica aut\u00e9ntica implica permanecer, dar seguimiento a los compromisos y mantener canales de comunicaci\u00f3n permanentes con las comunidades, solo as\u00ed se construye un liderazgo colectivo, donde la ciudadan\u00eda deja de ser un p\u00fablico pasivo para convertirse en protagonista del cambio. Un proceso as\u00ed, adem\u00e1s de sostener un proyecto pol\u00edtico, fortalece el tejido social y aumenta la capacidad de las comunidades para defender sus intereses.<\/p>\n\n\n\n<p class=\"justificado\">Un recorrido por veredas y barrios ofrece oportunidades \u00fanicas para enriquecer un programa legislativo, all\u00ed surgen propuestas que jam\u00e1s aparecer\u00edan en un foro virtual. Las comunidades conocen soluciones pr\u00e1cticas para el manejo del agua, el transporte rural o la seguridad alimentaria que han creado con base en su experiencia. Integrar estas ideas no solo mejora la propuesta, sino que genera sentido de pertenencia, pues la agenda legislativa deja de ser \u201cdel candidato\u201d para convertirse en \u201cnuestra agenda\u201d.<\/p>\n\n\n\n<p class=\"justificado\">El \u00e9xito de una campa\u00f1a que se inspira y transforma desde el territorio no se mide \u00fanicamente en votos, su valor real est\u00e1 en las estructuras ciudadanas que deja organizadas, en los liderazgos que logra fortalecer, en la confianza que siembra para que la comunidad exija el cumplimiento de los compromisos adquiridos. No se trata de prometer que se resolver\u00e1n todos los problemas, sino de demostrar que existe voluntad y capacidad para trabajar de la mano con la gente en la b\u00fasqueda de soluciones reales.<\/p>\n\n\n\n<p class=\"justificado\">En este pa\u00eds, la pol\u00edtica necesita menos discursos desde un podio y m\u00e1s conversaciones en la calle, menos promesas gen\u00e9ricas y m\u00e1s compromisos hechos con la mano extendida, menos campa\u00f1as que desaparecen al d\u00eda siguiente de las elecciones y m\u00e1s presencia permanente en el territorio. El l\u00edder que combina estrategia pol\u00edtica con empat\u00eda, que escucha sin prejuicios, que act\u00faa con coherencia y que construye equipos listos para sostener el proyecto a largo plazo, no solo gana elecciones: gana legitimidad, respeto y un lugar en la historia de su comunidad.<\/p>\n\n\n\n<p class=\"justificado\">Las elecciones terminan, los cargos cambian, las cifras se olvidan, pero la huella de un liderazgo aut\u00e9ntico permanece en las personas y en sus comunidades. Esa huella, que nace de la inspiraci\u00f3n y la transformaci\u00f3n, es la que moldea la pol\u00edtica que vendr\u00e1, la que Colombia necesita para dejar atr\u00e1s la pol\u00edtica de ocasi\u00f3n y abrazar una pol\u00edtica con prop\u00f3sito.<\/p>\n\n\n\n<p>\u2014<\/p>\n\n\n\n<p class=\"justificado\"><strong><em>Por: Mar\u00eda Fernanda Plazas Bravo \u2013 X: @mafeplazasbravo<br><\/em><\/strong><strong><em>Ingeniera en Recursos H\u00eddricos y Gesti\u00f3n Ambiental<br><\/em><\/strong><strong><em>Especialista en Marketing Pol\u00edtico \u2013 Comunicaci\u00f3n de Gobierno<br><\/em><\/strong><strong><em>Universidad Externado de Colombia<\/em><\/strong><\/p>\n","protected":false},"excerpt":{"rendered":"<p>Las elecciones de 2026 en Colombia se acercan y representan una oportunidad clave para transformar el rumbo del pa\u00eds. Durante muchos a\u00f1os, la pol\u00edtica se ha centrado en agendas legislativas, administrar presupuestos, ejecutar planes y cumplir con los tiempos de un calendario electoral. Sin embargo, el liderazgo efectivo no se define por gestionar cifras o [&hellip;]<\/p>\n","protected":false},"author":4,"featured_media":0,"comment_status":"open","ping_status":"open","sticky":false,"template":"","format":"standard","meta":{"_acf_changed":false,"_joinchat":[],"footnotes":""},"categories":[23],"tags":[196,200,199,197,90,198,195],"class_list":{"0":"post-8349","1":"post","2":"type-post","3":"status-publish","4":"format-standard","6":"category-opinion","7":"tag-campanas","8":"tag-ciudadania","9":"tag-democracia","10":"tag-elecciones","11":"tag-innovacion","12":"tag-liderazgo","13":"tag-politica"},"acf":[],"yoast_head":"<!-- This site is optimized with the Yoast SEO plugin v27.4 - https:\/\/yoast.com\/product\/yoast-seo-wordpress\/ -->\n<title>Campa\u00f1as pol\u00edticas inteligentes - AR Digital Noticias<\/title>\n<meta name=\"robots\" content=\"index, follow, max-snippet:-1, max-image-preview:large, max-video-preview:-1\" \/>\n<link rel=\"canonical\" href=\"https:\/\/ardigitalnoticias.com\/index.php\/2025\/08\/19\/campanas-politicas-inteligentes\/\" \/>\n<meta property=\"og:locale\" content=\"es_ES\" \/>\n<meta property=\"og:type\" content=\"article\" \/>\n<meta property=\"og:title\" content=\"Campa\u00f1as pol\u00edticas inteligentes - AR Digital Noticias\" \/>\n<meta property=\"og:description\" content=\"Las elecciones de 2026 en Colombia se acercan y representan una oportunidad clave para transformar el rumbo del pa\u00eds. Durante muchos a\u00f1os, la pol\u00edtica se ha centrado en agendas legislativas, administrar presupuestos, ejecutar planes y cumplir con los tiempos de un calendario electoral. Sin embargo, el liderazgo efectivo no se define por gestionar cifras o [&hellip;]\" \/>\n<meta property=\"og:url\" content=\"https:\/\/ardigitalnoticias.com\/index.php\/2025\/08\/19\/campanas-politicas-inteligentes\/\" \/>\n<meta property=\"og:site_name\" content=\"AR Digital Noticias\" \/>\n<meta property=\"article:published_time\" content=\"2025-08-20T02:57:02+00:00\" \/>\n<meta property=\"article:modified_time\" content=\"2025-08-20T03:11:34+00:00\" \/>\n<meta property=\"og:image\" content=\"https:\/\/ardigitalnoticias.com\/wp-content\/uploads\/2025\/03\/Imagen-columnas-AR-2025.png\" \/>\n\t<meta property=\"og:image:width\" content=\"1200\" \/>\n\t<meta property=\"og:image:height\" content=\"628\" \/>\n\t<meta property=\"og:image:type\" content=\"image\/png\" \/>\n<meta name=\"author\" content=\"Maria Fernanda Plazas\" \/>\n<meta name=\"twitter:card\" content=\"summary_large_image\" \/>\n<meta name=\"twitter:label1\" content=\"Escrito por\" \/>\n\t<meta name=\"twitter:data1\" content=\"Maria Fernanda Plazas\" \/>\n\t<meta name=\"twitter:label2\" content=\"Tiempo de lectura\" \/>\n\t<meta name=\"twitter:data2\" content=\"6 minutos\" \/>\n<script type=\"application\/ld+json\" class=\"yoast-schema-graph\">{\"@context\":\"https:\\\/\\\/schema.org\",\"@graph\":[{\"@type\":\"Article\",\"@id\":\"https:\\\/\\\/ardigitalnoticias.com\\\/index.php\\\/2025\\\/08\\\/19\\\/campanas-politicas-inteligentes\\\/#article\",\"isPartOf\":{\"@id\":\"https:\\\/\\\/ardigitalnoticias.com\\\/index.php\\\/2025\\\/08\\\/19\\\/campanas-politicas-inteligentes\\\/\"},\"author\":{\"name\":\"Maria Fernanda Plazas\",\"@id\":\"https:\\\/\\\/ardigitalnoticias.com\\\/#\\\/schema\\\/person\\\/bd9b5d500ae5be02629fed9405f36096\"},\"headline\":\"Campa\u00f1as pol\u00edticas inteligentes\",\"datePublished\":\"2025-08-20T02:57:02+00:00\",\"dateModified\":\"2025-08-20T03:11:34+00:00\",\"mainEntityOfPage\":{\"@id\":\"https:\\\/\\\/ardigitalnoticias.com\\\/index.php\\\/2025\\\/08\\\/19\\\/campanas-politicas-inteligentes\\\/\"},\"wordCount\":1197,\"commentCount\":0,\"publisher\":{\"@id\":\"https:\\\/\\\/ardigitalnoticias.com\\\/#organization\"},\"keywords\":[\"campa\u00f1as\",\"ciudadan\u00eda\",\"democracia\",\"elecciones\",\"Innovaci\u00f3n\",\"liderazgo\",\"pol\u00edtica\"],\"articleSection\":[\"Opini\u00f3n\"],\"inLanguage\":\"es\",\"potentialAction\":[{\"@type\":\"CommentAction\",\"name\":\"Comment\",\"target\":[\"https:\\\/\\\/ardigitalnoticias.com\\\/index.php\\\/2025\\\/08\\\/19\\\/campanas-politicas-inteligentes\\\/#respond\"]}]},{\"@type\":\"WebPage\",\"@id\":\"https:\\\/\\\/ardigitalnoticias.com\\\/index.php\\\/2025\\\/08\\\/19\\\/campanas-politicas-inteligentes\\\/\",\"url\":\"https:\\\/\\\/ardigitalnoticias.com\\\/index.php\\\/2025\\\/08\\\/19\\\/campanas-politicas-inteligentes\\\/\",\"name\":\"Campa\u00f1as pol\u00edticas inteligentes - AR Digital Noticias\",\"isPartOf\":{\"@id\":\"https:\\\/\\\/ardigitalnoticias.com\\\/#website\"},\"datePublished\":\"2025-08-20T02:57:02+00:00\",\"dateModified\":\"2025-08-20T03:11:34+00:00\",\"breadcrumb\":{\"@id\":\"https:\\\/\\\/ardigitalnoticias.com\\\/index.php\\\/2025\\\/08\\\/19\\\/campanas-politicas-inteligentes\\\/#breadcrumb\"},\"inLanguage\":\"es\",\"potentialAction\":[{\"@type\":\"ReadAction\",\"target\":[\"https:\\\/\\\/ardigitalnoticias.com\\\/index.php\\\/2025\\\/08\\\/19\\\/campanas-politicas-inteligentes\\\/\"]}]},{\"@type\":\"BreadcrumbList\",\"@id\":\"https:\\\/\\\/ardigitalnoticias.com\\\/index.php\\\/2025\\\/08\\\/19\\\/campanas-politicas-inteligentes\\\/#breadcrumb\",\"itemListElement\":[{\"@type\":\"ListItem\",\"position\":1,\"name\":\"Portada\",\"item\":\"https:\\\/\\\/ardigitalnoticias.com\\\/\"},{\"@type\":\"ListItem\",\"position\":2,\"name\":\"Campa\u00f1as pol\u00edticas inteligentes\"}]},{\"@type\":\"WebSite\",\"@id\":\"https:\\\/\\\/ardigitalnoticias.com\\\/#website\",\"url\":\"https:\\\/\\\/ardigitalnoticias.com\\\/\",\"name\":\"AR Digital Noticias\",\"description\":\"\",\"publisher\":{\"@id\":\"https:\\\/\\\/ardigitalnoticias.com\\\/#organization\"},\"potentialAction\":[{\"@type\":\"SearchAction\",\"target\":{\"@type\":\"EntryPoint\",\"urlTemplate\":\"https:\\\/\\\/ardigitalnoticias.com\\\/?s={search_term_string}\"},\"query-input\":{\"@type\":\"PropertyValueSpecification\",\"valueRequired\":true,\"valueName\":\"search_term_string\"}}],\"inLanguage\":\"es\"},{\"@type\":\"Organization\",\"@id\":\"https:\\\/\\\/ardigitalnoticias.com\\\/#organization\",\"name\":\"AR Digital Noticias\",\"url\":\"https:\\\/\\\/ardigitalnoticias.com\\\/\",\"logo\":{\"@type\":\"ImageObject\",\"inLanguage\":\"es\",\"@id\":\"https:\\\/\\\/ardigitalnoticias.com\\\/#\\\/schema\\\/logo\\\/image\\\/\",\"url\":\"https:\\\/\\\/ardigitalnoticias.com\\\/wp-content\\\/uploads\\\/2023\\\/11\\\/cropped-cropped-cropped-cropped-AR-Digital-Noticias-1.png\",\"contentUrl\":\"https:\\\/\\\/ardigitalnoticias.com\\\/wp-content\\\/uploads\\\/2023\\\/11\\\/cropped-cropped-cropped-cropped-AR-Digital-Noticias-1.png\",\"width\":972,\"height\":306,\"caption\":\"AR Digital Noticias\"},\"image\":{\"@id\":\"https:\\\/\\\/ardigitalnoticias.com\\\/#\\\/schema\\\/logo\\\/image\\\/\"}},{\"@type\":\"Person\",\"@id\":\"https:\\\/\\\/ardigitalnoticias.com\\\/#\\\/schema\\\/person\\\/bd9b5d500ae5be02629fed9405f36096\",\"name\":\"Maria Fernanda Plazas\",\"image\":{\"@type\":\"ImageObject\",\"inLanguage\":\"es\",\"@id\":\"https:\\\/\\\/secure.gravatar.com\\\/avatar\\\/81c8593451217fdebec74457e5eb1f961f6a0a3aef1265cac852a8a78a05b5b9?s=96&d=mm&r=g\",\"url\":\"https:\\\/\\\/secure.gravatar.com\\\/avatar\\\/81c8593451217fdebec74457e5eb1f961f6a0a3aef1265cac852a8a78a05b5b9?s=96&d=mm&r=g\",\"contentUrl\":\"https:\\\/\\\/secure.gravatar.com\\\/avatar\\\/81c8593451217fdebec74457e5eb1f961f6a0a3aef1265cac852a8a78a05b5b9?s=96&d=mm&r=g\",\"caption\":\"Maria Fernanda Plazas\"},\"url\":\"https:\\\/\\\/ardigitalnoticias.com\\\/index.php\\\/author\\\/maria-fernanda-plazas\\\/\"}]}<\/script>\n<!-- \/ Yoast SEO plugin. -->","yoast_head_json":{"title":"Campa\u00f1as pol\u00edticas inteligentes - AR Digital Noticias","robots":{"index":"index","follow":"follow","max-snippet":"max-snippet:-1","max-image-preview":"max-image-preview:large","max-video-preview":"max-video-preview:-1"},"canonical":"https:\/\/ardigitalnoticias.com\/index.php\/2025\/08\/19\/campanas-politicas-inteligentes\/","og_locale":"es_ES","og_type":"article","og_title":"Campa\u00f1as pol\u00edticas inteligentes - AR Digital Noticias","og_description":"Las elecciones de 2026 en Colombia se acercan y representan una oportunidad clave para transformar el rumbo del pa\u00eds. Durante muchos a\u00f1os, la pol\u00edtica se ha centrado en agendas legislativas, administrar presupuestos, ejecutar planes y cumplir con los tiempos de un calendario electoral. Sin embargo, el liderazgo efectivo no se define por gestionar cifras o [&hellip;]","og_url":"https:\/\/ardigitalnoticias.com\/index.php\/2025\/08\/19\/campanas-politicas-inteligentes\/","og_site_name":"AR Digital Noticias","article_published_time":"2025-08-20T02:57:02+00:00","article_modified_time":"2025-08-20T03:11:34+00:00","og_image":[{"width":1200,"height":628,"url":"https:\/\/ardigitalnoticias.com\/wp-content\/uploads\/2025\/03\/Imagen-columnas-AR-2025.png","type":"image\/png"}],"author":"Maria Fernanda Plazas","twitter_card":"summary_large_image","twitter_misc":{"Escrito por":"Maria Fernanda Plazas","Tiempo de lectura":"6 minutos"},"schema":{"@context":"https:\/\/schema.org","@graph":[{"@type":"Article","@id":"https:\/\/ardigitalnoticias.com\/index.php\/2025\/08\/19\/campanas-politicas-inteligentes\/#article","isPartOf":{"@id":"https:\/\/ardigitalnoticias.com\/index.php\/2025\/08\/19\/campanas-politicas-inteligentes\/"},"author":{"name":"Maria Fernanda Plazas","@id":"https:\/\/ardigitalnoticias.com\/#\/schema\/person\/bd9b5d500ae5be02629fed9405f36096"},"headline":"Campa\u00f1as pol\u00edticas inteligentes","datePublished":"2025-08-20T02:57:02+00:00","dateModified":"2025-08-20T03:11:34+00:00","mainEntityOfPage":{"@id":"https:\/\/ardigitalnoticias.com\/index.php\/2025\/08\/19\/campanas-politicas-inteligentes\/"},"wordCount":1197,"commentCount":0,"publisher":{"@id":"https:\/\/ardigitalnoticias.com\/#organization"},"keywords":["campa\u00f1as","ciudadan\u00eda","democracia","elecciones","Innovaci\u00f3n","liderazgo","pol\u00edtica"],"articleSection":["Opini\u00f3n"],"inLanguage":"es","potentialAction":[{"@type":"CommentAction","name":"Comment","target":["https:\/\/ardigitalnoticias.com\/index.php\/2025\/08\/19\/campanas-politicas-inteligentes\/#respond"]}]},{"@type":"WebPage","@id":"https:\/\/ardigitalnoticias.com\/index.php\/2025\/08\/19\/campanas-politicas-inteligentes\/","url":"https:\/\/ardigitalnoticias.com\/index.php\/2025\/08\/19\/campanas-politicas-inteligentes\/","name":"Campa\u00f1as pol\u00edticas inteligentes - AR Digital Noticias","isPartOf":{"@id":"https:\/\/ardigitalnoticias.com\/#website"},"datePublished":"2025-08-20T02:57:02+00:00","dateModified":"2025-08-20T03:11:34+00:00","breadcrumb":{"@id":"https:\/\/ardigitalnoticias.com\/index.php\/2025\/08\/19\/campanas-politicas-inteligentes\/#breadcrumb"},"inLanguage":"es","potentialAction":[{"@type":"ReadAction","target":["https:\/\/ardigitalnoticias.com\/index.php\/2025\/08\/19\/campanas-politicas-inteligentes\/"]}]},{"@type":"BreadcrumbList","@id":"https:\/\/ardigitalnoticias.com\/index.php\/2025\/08\/19\/campanas-politicas-inteligentes\/#breadcrumb","itemListElement":[{"@type":"ListItem","position":1,"name":"Portada","item":"https:\/\/ardigitalnoticias.com\/"},{"@type":"ListItem","position":2,"name":"Campa\u00f1as pol\u00edticas inteligentes"}]},{"@type":"WebSite","@id":"https:\/\/ardigitalnoticias.com\/#website","url":"https:\/\/ardigitalnoticias.com\/","name":"AR Digital Noticias","description":"","publisher":{"@id":"https:\/\/ardigitalnoticias.com\/#organization"},"potentialAction":[{"@type":"SearchAction","target":{"@type":"EntryPoint","urlTemplate":"https:\/\/ardigitalnoticias.com\/?s={search_term_string}"},"query-input":{"@type":"PropertyValueSpecification","valueRequired":true,"valueName":"search_term_string"}}],"inLanguage":"es"},{"@type":"Organization","@id":"https:\/\/ardigitalnoticias.com\/#organization","name":"AR Digital Noticias","url":"https:\/\/ardigitalnoticias.com\/","logo":{"@type":"ImageObject","inLanguage":"es","@id":"https:\/\/ardigitalnoticias.com\/#\/schema\/logo\/image\/","url":"https:\/\/ardigitalnoticias.com\/wp-content\/uploads\/2023\/11\/cropped-cropped-cropped-cropped-AR-Digital-Noticias-1.png","contentUrl":"https:\/\/ardigitalnoticias.com\/wp-content\/uploads\/2023\/11\/cropped-cropped-cropped-cropped-AR-Digital-Noticias-1.png","width":972,"height":306,"caption":"AR Digital Noticias"},"image":{"@id":"https:\/\/ardigitalnoticias.com\/#\/schema\/logo\/image\/"}},{"@type":"Person","@id":"https:\/\/ardigitalnoticias.com\/#\/schema\/person\/bd9b5d500ae5be02629fed9405f36096","name":"Maria Fernanda Plazas","image":{"@type":"ImageObject","inLanguage":"es","@id":"https:\/\/secure.gravatar.com\/avatar\/81c8593451217fdebec74457e5eb1f961f6a0a3aef1265cac852a8a78a05b5b9?s=96&d=mm&r=g","url":"https:\/\/secure.gravatar.com\/avatar\/81c8593451217fdebec74457e5eb1f961f6a0a3aef1265cac852a8a78a05b5b9?s=96&d=mm&r=g","contentUrl":"https:\/\/secure.gravatar.com\/avatar\/81c8593451217fdebec74457e5eb1f961f6a0a3aef1265cac852a8a78a05b5b9?s=96&d=mm&r=g","caption":"Maria Fernanda Plazas"},"url":"https:\/\/ardigitalnoticias.com\/index.php\/author\/maria-fernanda-plazas\/"}]}},"_links":{"self":[{"href":"https:\/\/ardigitalnoticias.com\/index.php\/wp-json\/wp\/v2\/posts\/8349","targetHints":{"allow":["GET"]}}],"collection":[{"href":"https:\/\/ardigitalnoticias.com\/index.php\/wp-json\/wp\/v2\/posts"}],"about":[{"href":"https:\/\/ardigitalnoticias.com\/index.php\/wp-json\/wp\/v2\/types\/post"}],"author":[{"embeddable":true,"href":"https:\/\/ardigitalnoticias.com\/index.php\/wp-json\/wp\/v2\/users\/4"}],"replies":[{"embeddable":true,"href":"https:\/\/ardigitalnoticias.com\/index.php\/wp-json\/wp\/v2\/comments?post=8349"}],"version-history":[{"count":1,"href":"https:\/\/ardigitalnoticias.com\/index.php\/wp-json\/wp\/v2\/posts\/8349\/revisions"}],"predecessor-version":[{"id":8350,"href":"https:\/\/ardigitalnoticias.com\/index.php\/wp-json\/wp\/v2\/posts\/8349\/revisions\/8350"}],"wp:attachment":[{"href":"https:\/\/ardigitalnoticias.com\/index.php\/wp-json\/wp\/v2\/media?parent=8349"}],"wp:term":[{"taxonomy":"category","embeddable":true,"href":"https:\/\/ardigitalnoticias.com\/index.php\/wp-json\/wp\/v2\/categories?post=8349"},{"taxonomy":"post_tag","embeddable":true,"href":"https:\/\/ardigitalnoticias.com\/index.php\/wp-json\/wp\/v2\/tags?post=8349"}],"curies":[{"name":"wp","href":"https:\/\/api.w.org\/{rel}","templated":true}]}}