{"id":8334,"date":"2025-08-19T20:45:42","date_gmt":"2025-08-20T01:45:42","guid":{"rendered":"https:\/\/ardigitalnoticias.com\/?p=8334"},"modified":"2025-08-19T20:47:02","modified_gmt":"2025-08-20T01:47:02","slug":"bomberos-de-garzon-controlan-tres-incendios-de-cobertura-vegetal","status":"publish","type":"post","link":"https:\/\/ardigitalnoticias.com\/index.php\/2025\/08\/19\/bomberos-de-garzon-controlan-tres-incendios-de-cobertura-vegetal\/","title":{"rendered":"BOMBEROS DE GARZ\u00d3N CONTROLAN TRES INCENDIOS DE COBERTURA VEGETAL"},"content":{"rendered":"\n<p>El Cuerpo de Bomberos Voluntarios de Garz\u00f3n despleg\u00f3 en las \u00faltimas horas un intenso trabajo para controlar tres emergencias forestales registradas en diferentes puntos del municipio.<\/p>\n\n\n\n<p><strong>POR: ANDR\u00c9S RODR\u00cdGUEZ. <\/strong><\/p>\n\n\n\n<p>El primer llamado de atenci\u00f3n se present\u00f3 en el barrio Los Comuneros, parte alta, donde las llamas consumieron cerca de 300 metros cuadrados de pasto y rastrojo. La oportuna intervenci\u00f3n de las unidades evit\u00f3 que el fuego se expandiera hacia viviendas cercanas.<\/p>\n\n\n\n<figure class=\"wp-block-gallery has-nested-images columns-default is-cropped wp-block-gallery-1 is-layout-flex wp-block-gallery-is-layout-flex\">\n<figure class=\"wp-block-image size-large\"><img loading=\"lazy\" decoding=\"async\" width=\"771\" height=\"1024\" data-id=\"8336\" src=\"https:\/\/ardigitalnoticias.com\/wp-content\/uploads\/2025\/08\/FB_IMG_1755653828069-771x1024.jpg\" alt=\"\" class=\"wp-image-8336\" srcset=\"https:\/\/ardigitalnoticias.com\/wp-content\/uploads\/2025\/08\/FB_IMG_1755653828069-771x1024.jpg 771w, https:\/\/ardigitalnoticias.com\/wp-content\/uploads\/2025\/08\/FB_IMG_1755653828069-452x600.jpg 452w, https:\/\/ardigitalnoticias.com\/wp-content\/uploads\/2025\/08\/FB_IMG_1755653828069-226x300.jpg 226w, https:\/\/ardigitalnoticias.com\/wp-content\/uploads\/2025\/08\/FB_IMG_1755653828069-768x1021.jpg 768w, https:\/\/ardigitalnoticias.com\/wp-content\/uploads\/2025\/08\/FB_IMG_1755653828069-1156x1536.jpg 1156w, https:\/\/ardigitalnoticias.com\/wp-content\/uploads\/2025\/08\/FB_IMG_1755653828069-316x420.jpg 316w, https:\/\/ardigitalnoticias.com\/wp-content\/uploads\/2025\/08\/FB_IMG_1755653828069-150x199.jpg 150w, https:\/\/ardigitalnoticias.com\/wp-content\/uploads\/2025\/08\/FB_IMG_1755653828069-300x399.jpg 300w, https:\/\/ardigitalnoticias.com\/wp-content\/uploads\/2025\/08\/FB_IMG_1755653828069-696x925.jpg 696w, https:\/\/ardigitalnoticias.com\/wp-content\/uploads\/2025\/08\/FB_IMG_1755653828069-1068x1419.jpg 1068w, https:\/\/ardigitalnoticias.com\/wp-content\/uploads\/2025\/08\/FB_IMG_1755653828069.jpg 1204w\" sizes=\"auto, (max-width: 771px) 100vw, 771px\" \/><\/figure>\n\n\n\n<figure class=\"wp-block-image size-large\"><img loading=\"lazy\" decoding=\"async\" width=\"771\" height=\"1024\" data-id=\"8337\" src=\"https:\/\/ardigitalnoticias.com\/wp-content\/uploads\/2025\/08\/FB_IMG_1755653829967-771x1024.jpg\" alt=\"\" class=\"wp-image-8337\" srcset=\"https:\/\/ardigitalnoticias.com\/wp-content\/uploads\/2025\/08\/FB_IMG_1755653829967-771x1024.jpg 771w, https:\/\/ardigitalnoticias.com\/wp-content\/uploads\/2025\/08\/FB_IMG_1755653829967-452x600.jpg 452w, https:\/\/ardigitalnoticias.com\/wp-content\/uploads\/2025\/08\/FB_IMG_1755653829967-226x300.jpg 226w, https:\/\/ardigitalnoticias.com\/wp-content\/uploads\/2025\/08\/FB_IMG_1755653829967-768x1021.jpg 768w, https:\/\/ardigitalnoticias.com\/wp-content\/uploads\/2025\/08\/FB_IMG_1755653829967-1156x1536.jpg 1156w, https:\/\/ardigitalnoticias.com\/wp-content\/uploads\/2025\/08\/FB_IMG_1755653829967-316x420.jpg 316w, https:\/\/ardigitalnoticias.com\/wp-content\/uploads\/2025\/08\/FB_IMG_1755653829967-150x199.jpg 150w, https:\/\/ardigitalnoticias.com\/wp-content\/uploads\/2025\/08\/FB_IMG_1755653829967-300x399.jpg 300w, https:\/\/ardigitalnoticias.com\/wp-content\/uploads\/2025\/08\/FB_IMG_1755653829967-696x925.jpg 696w, https:\/\/ardigitalnoticias.com\/wp-content\/uploads\/2025\/08\/FB_IMG_1755653829967-1068x1419.jpg 1068w, https:\/\/ardigitalnoticias.com\/wp-content\/uploads\/2025\/08\/FB_IMG_1755653829967.jpg 1204w\" sizes=\"auto, (max-width: 771px) 100vw, 771px\" \/><\/figure>\n\n\n\n<figure class=\"wp-block-image size-large\"><img loading=\"lazy\" decoding=\"async\" width=\"768\" height=\"1024\" data-id=\"8338\" src=\"https:\/\/ardigitalnoticias.com\/wp-content\/uploads\/2025\/08\/FB_IMG_1755653831974-768x1024.jpg\" alt=\"\" class=\"wp-image-8338\" srcset=\"https:\/\/ardigitalnoticias.com\/wp-content\/uploads\/2025\/08\/FB_IMG_1755653831974-768x1024.jpg 768w, https:\/\/ardigitalnoticias.com\/wp-content\/uploads\/2025\/08\/FB_IMG_1755653831974-450x600.jpg 450w, https:\/\/ardigitalnoticias.com\/wp-content\/uploads\/2025\/08\/FB_IMG_1755653831974-225x300.jpg 225w, https:\/\/ardigitalnoticias.com\/wp-content\/uploads\/2025\/08\/FB_IMG_1755653831974-1152x1536.jpg 1152w, https:\/\/ardigitalnoticias.com\/wp-content\/uploads\/2025\/08\/FB_IMG_1755653831974-315x420.jpg 315w, https:\/\/ardigitalnoticias.com\/wp-content\/uploads\/2025\/08\/FB_IMG_1755653831974-150x200.jpg 150w, https:\/\/ardigitalnoticias.com\/wp-content\/uploads\/2025\/08\/FB_IMG_1755653831974-300x400.jpg 300w, https:\/\/ardigitalnoticias.com\/wp-content\/uploads\/2025\/08\/FB_IMG_1755653831974-696x928.jpg 696w, https:\/\/ardigitalnoticias.com\/wp-content\/uploads\/2025\/08\/FB_IMG_1755653831974-1068x1424.jpg 1068w, https:\/\/ardigitalnoticias.com\/wp-content\/uploads\/2025\/08\/FB_IMG_1755653831974.jpg 1200w\" sizes=\"auto, (max-width: 768px) 100vw, 768px\" \/><\/figure>\n<\/figure>\n\n\n\n<p>Posteriormente, los bomberos atendieron un incendio en el sector de Tochere, logrando sofocar el avance del fuego antes de que se extendiera a zonas de mayor riesgo.<\/p>\n\n\n\n<figure class=\"wp-block-gallery has-nested-images columns-default is-cropped wp-block-gallery-2 is-layout-flex wp-block-gallery-is-layout-flex\">\n<figure class=\"wp-block-image size-large\"><img loading=\"lazy\" decoding=\"async\" width=\"1024\" height=\"768\" data-id=\"8341\" src=\"https:\/\/ardigitalnoticias.com\/wp-content\/uploads\/2025\/08\/FB_IMG_1755653816583-1024x768.jpg\" alt=\"\" class=\"wp-image-8341\" srcset=\"https:\/\/ardigitalnoticias.com\/wp-content\/uploads\/2025\/08\/FB_IMG_1755653816583-1024x768.jpg 1024w, https:\/\/ardigitalnoticias.com\/wp-content\/uploads\/2025\/08\/FB_IMG_1755653816583-600x450.jpg 600w, https:\/\/ardigitalnoticias.com\/wp-content\/uploads\/2025\/08\/FB_IMG_1755653816583-300x225.jpg 300w, https:\/\/ardigitalnoticias.com\/wp-content\/uploads\/2025\/08\/FB_IMG_1755653816583-768x576.jpg 768w, https:\/\/ardigitalnoticias.com\/wp-content\/uploads\/2025\/08\/FB_IMG_1755653816583-1536x1152.jpg 1536w, https:\/\/ardigitalnoticias.com\/wp-content\/uploads\/2025\/08\/FB_IMG_1755653816583-560x420.jpg 560w, https:\/\/ardigitalnoticias.com\/wp-content\/uploads\/2025\/08\/FB_IMG_1755653816583-80x60.jpg 80w, https:\/\/ardigitalnoticias.com\/wp-content\/uploads\/2025\/08\/FB_IMG_1755653816583-150x113.jpg 150w, https:\/\/ardigitalnoticias.com\/wp-content\/uploads\/2025\/08\/FB_IMG_1755653816583-696x522.jpg 696w, https:\/\/ardigitalnoticias.com\/wp-content\/uploads\/2025\/08\/FB_IMG_1755653816583-1068x801.jpg 1068w, https:\/\/ardigitalnoticias.com\/wp-content\/uploads\/2025\/08\/FB_IMG_1755653816583.jpg 1600w\" sizes=\"auto, (max-width: 1024px) 100vw, 1024px\" \/><\/figure>\n\n\n\n<figure class=\"wp-block-image size-large\"><img loading=\"lazy\" decoding=\"async\" width=\"1024\" height=\"768\" data-id=\"8342\" src=\"https:\/\/ardigitalnoticias.com\/wp-content\/uploads\/2025\/08\/FB_IMG_1755653818742-1024x768.jpg\" alt=\"\" class=\"wp-image-8342\" srcset=\"https:\/\/ardigitalnoticias.com\/wp-content\/uploads\/2025\/08\/FB_IMG_1755653818742-1024x768.jpg 1024w, https:\/\/ardigitalnoticias.com\/wp-content\/uploads\/2025\/08\/FB_IMG_1755653818742-600x450.jpg 600w, https:\/\/ardigitalnoticias.com\/wp-content\/uploads\/2025\/08\/FB_IMG_1755653818742-300x225.jpg 300w, https:\/\/ardigitalnoticias.com\/wp-content\/uploads\/2025\/08\/FB_IMG_1755653818742-768x576.jpg 768w, https:\/\/ardigitalnoticias.com\/wp-content\/uploads\/2025\/08\/FB_IMG_1755653818742-1536x1152.jpg 1536w, https:\/\/ardigitalnoticias.com\/wp-content\/uploads\/2025\/08\/FB_IMG_1755653818742-560x420.jpg 560w, https:\/\/ardigitalnoticias.com\/wp-content\/uploads\/2025\/08\/FB_IMG_1755653818742-80x60.jpg 80w, https:\/\/ardigitalnoticias.com\/wp-content\/uploads\/2025\/08\/FB_IMG_1755653818742-150x113.jpg 150w, https:\/\/ardigitalnoticias.com\/wp-content\/uploads\/2025\/08\/FB_IMG_1755653818742-696x522.jpg 696w, https:\/\/ardigitalnoticias.com\/wp-content\/uploads\/2025\/08\/FB_IMG_1755653818742-1068x801.jpg 1068w, https:\/\/ardigitalnoticias.com\/wp-content\/uploads\/2025\/08\/FB_IMG_1755653818742.jpg 1600w\" sizes=\"auto, (max-width: 1024px) 100vw, 1024px\" \/><\/figure>\n<\/figure>\n\n\n\n<p>La situaci\u00f3n m\u00e1s compleja se report\u00f3 en el sector de Campo Amor, donde el incendio afect\u00f3 aproximadamente cinco hect\u00e1reas de vegetaci\u00f3n. Gracias a la coordinaci\u00f3n de las unidades bomberiles y el apoyo de la comunidad, las llamas fueron controladas tras varias horas de labores.<\/p>\n\n\n\n<figure class=\"wp-block-gallery has-nested-images columns-default is-cropped wp-block-gallery-3 is-layout-flex wp-block-gallery-is-layout-flex\">\n<figure class=\"wp-block-image size-large\"><img loading=\"lazy\" decoding=\"async\" width=\"1024\" height=\"771\" data-id=\"8345\" src=\"https:\/\/ardigitalnoticias.com\/wp-content\/uploads\/2025\/08\/FB_IMG_1755653847041-1024x771.jpg\" alt=\"\" class=\"wp-image-8345\" srcset=\"https:\/\/ardigitalnoticias.com\/wp-content\/uploads\/2025\/08\/FB_IMG_1755653847041-1024x771.jpg 1024w, https:\/\/ardigitalnoticias.com\/wp-content\/uploads\/2025\/08\/FB_IMG_1755653847041-600x452.jpg 600w, https:\/\/ardigitalnoticias.com\/wp-content\/uploads\/2025\/08\/FB_IMG_1755653847041-300x226.jpg 300w, https:\/\/ardigitalnoticias.com\/wp-content\/uploads\/2025\/08\/FB_IMG_1755653847041-768x578.jpg 768w, https:\/\/ardigitalnoticias.com\/wp-content\/uploads\/2025\/08\/FB_IMG_1755653847041-1536x1156.jpg 1536w, https:\/\/ardigitalnoticias.com\/wp-content\/uploads\/2025\/08\/FB_IMG_1755653847041-558x420.jpg 558w, https:\/\/ardigitalnoticias.com\/wp-content\/uploads\/2025\/08\/FB_IMG_1755653847041-80x60.jpg 80w, https:\/\/ardigitalnoticias.com\/wp-content\/uploads\/2025\/08\/FB_IMG_1755653847041-150x113.jpg 150w, https:\/\/ardigitalnoticias.com\/wp-content\/uploads\/2025\/08\/FB_IMG_1755653847041-696x524.jpg 696w, https:\/\/ardigitalnoticias.com\/wp-content\/uploads\/2025\/08\/FB_IMG_1755653847041-1068x804.jpg 1068w, https:\/\/ardigitalnoticias.com\/wp-content\/uploads\/2025\/08\/FB_IMG_1755653847041.jpg 1600w\" sizes=\"auto, (max-width: 1024px) 100vw, 1024px\" \/><\/figure>\n\n\n\n<figure class=\"wp-block-image size-large\"><img loading=\"lazy\" decoding=\"async\" width=\"1024\" height=\"768\" data-id=\"8344\" src=\"https:\/\/ardigitalnoticias.com\/wp-content\/uploads\/2025\/08\/FB_IMG_1755653845267-1024x768.jpg\" alt=\"\" class=\"wp-image-8344\" srcset=\"https:\/\/ardigitalnoticias.com\/wp-content\/uploads\/2025\/08\/FB_IMG_1755653845267-1024x768.jpg 1024w, https:\/\/ardigitalnoticias.com\/wp-content\/uploads\/2025\/08\/FB_IMG_1755653845267-600x450.jpg 600w, https:\/\/ardigitalnoticias.com\/wp-content\/uploads\/2025\/08\/FB_IMG_1755653845267-300x225.jpg 300w, https:\/\/ardigitalnoticias.com\/wp-content\/uploads\/2025\/08\/FB_IMG_1755653845267-768x576.jpg 768w, https:\/\/ardigitalnoticias.com\/wp-content\/uploads\/2025\/08\/FB_IMG_1755653845267-1536x1152.jpg 1536w, https:\/\/ardigitalnoticias.com\/wp-content\/uploads\/2025\/08\/FB_IMG_1755653845267-560x420.jpg 560w, https:\/\/ardigitalnoticias.com\/wp-content\/uploads\/2025\/08\/FB_IMG_1755653845267-80x60.jpg 80w, https:\/\/ardigitalnoticias.com\/wp-content\/uploads\/2025\/08\/FB_IMG_1755653845267-150x113.jpg 150w, https:\/\/ardigitalnoticias.com\/wp-content\/uploads\/2025\/08\/FB_IMG_1755653845267-696x522.jpg 696w, https:\/\/ardigitalnoticias.com\/wp-content\/uploads\/2025\/08\/FB_IMG_1755653845267-1068x801.jpg 1068w, https:\/\/ardigitalnoticias.com\/wp-content\/uploads\/2025\/08\/FB_IMG_1755653845267.jpg 1600w\" sizes=\"auto, (max-width: 1024px) 100vw, 1024px\" \/><\/figure>\n\n\n\n<figure class=\"wp-block-image size-large\"><img loading=\"lazy\" decoding=\"async\" width=\"768\" height=\"1024\" data-id=\"8343\" src=\"https:\/\/ardigitalnoticias.com\/wp-content\/uploads\/2025\/08\/FB_IMG_1755653842800-768x1024.jpg\" alt=\"\" class=\"wp-image-8343\" srcset=\"https:\/\/ardigitalnoticias.com\/wp-content\/uploads\/2025\/08\/FB_IMG_1755653842800-768x1024.jpg 768w, https:\/\/ardigitalnoticias.com\/wp-content\/uploads\/2025\/08\/FB_IMG_1755653842800-450x600.jpg 450w, https:\/\/ardigitalnoticias.com\/wp-content\/uploads\/2025\/08\/FB_IMG_1755653842800-225x300.jpg 225w, https:\/\/ardigitalnoticias.com\/wp-content\/uploads\/2025\/08\/FB_IMG_1755653842800-1152x1536.jpg 1152w, https:\/\/ardigitalnoticias.com\/wp-content\/uploads\/2025\/08\/FB_IMG_1755653842800-315x420.jpg 315w, https:\/\/ardigitalnoticias.com\/wp-content\/uploads\/2025\/08\/FB_IMG_1755653842800-150x200.jpg 150w, https:\/\/ardigitalnoticias.com\/wp-content\/uploads\/2025\/08\/FB_IMG_1755653842800-300x400.jpg 300w, https:\/\/ardigitalnoticias.com\/wp-content\/uploads\/2025\/08\/FB_IMG_1755653842800-696x928.jpg 696w, https:\/\/ardigitalnoticias.com\/wp-content\/uploads\/2025\/08\/FB_IMG_1755653842800-1068x1424.jpg 1068w, https:\/\/ardigitalnoticias.com\/wp-content\/uploads\/2025\/08\/FB_IMG_1755653842800.jpg 1200w\" sizes=\"auto, (max-width: 768px) 100vw, 768px\" \/><\/figure>\n<\/figure>\n\n\n\n<p>Las autoridades recuerdan a la ciudadan\u00eda la importancia de evitar pr\u00e1cticas que puedan generar conflagraciones, como quemas de residuos, fogatas o arrojar colillas encendidas, especialmente en esta temporada de altas temperaturas.<\/p>\n\n\n\n<p>El Cuerpo de Bomberos reitera su compromiso de salvaguardar la seguridad de los garzone\u00f1os y la protecci\u00f3n del medio ambiente, al tiempo que hace un llamado a la conciencia colectiva para prevenir este tipo de emergencias que ponen en riesgo la biodiversidad y la vida de las comunidades.<\/p>\n","protected":false},"excerpt":{"rendered":"<p>El Cuerpo de Bomberos Voluntarios de Garz\u00f3n despleg\u00f3 en las \u00faltimas horas un intenso trabajo para controlar tres emergencias forestales registradas en diferentes puntos del municipio. POR: ANDR\u00c9S RODR\u00cdGUEZ. El primer llamado de atenci\u00f3n se present\u00f3 en el barrio Los Comuneros, parte alta, donde las llamas consumieron cerca de 300 metros cuadrados de pasto y [&hellip;]<\/p>\n","protected":false},"author":2,"featured_media":8335,"comment_status":"open","ping_status":"open","sticky":false,"template":"","format":"standard","meta":{"_acf_changed":false,"_joinchat":[],"footnotes":""},"categories":[1,25,21,19],"tags":[],"class_list":{"0":"post-8334","1":"post","2":"type-post","3":"status-publish","4":"format-standard","5":"has-post-thumbnail","7":"category-actualidad","8":"category-centro","9":"category-locales","10":"category-regional"},"acf":[],"yoast_head":"<!-- This site is optimized with the Yoast SEO plugin v27.5 - https:\/\/yoast.com\/product\/yoast-seo-wordpress\/ -->\n<title>BOMBEROS DE GARZ\u00d3N CONTROLAN TRES INCENDIOS DE COBERTURA VEGETAL - AR Digital Noticias<\/title>\n<meta name=\"robots\" content=\"index, follow, max-snippet:-1, max-image-preview:large, max-video-preview:-1\" \/>\n<link rel=\"canonical\" href=\"https:\/\/ardigitalnoticias.com\/index.php\/2025\/08\/19\/bomberos-de-garzon-controlan-tres-incendios-de-cobertura-vegetal\/\" \/>\n<meta property=\"og:locale\" content=\"es_ES\" \/>\n<meta property=\"og:type\" content=\"article\" \/>\n<meta property=\"og:title\" content=\"BOMBEROS DE GARZ\u00d3N CONTROLAN TRES INCENDIOS DE COBERTURA VEGETAL - AR Digital Noticias\" \/>\n<meta property=\"og:description\" content=\"El Cuerpo de Bomberos Voluntarios de Garz\u00f3n despleg\u00f3 en las \u00faltimas horas un intenso trabajo para controlar tres emergencias forestales registradas en diferentes puntos del municipio. POR: ANDR\u00c9S RODR\u00cdGUEZ. El primer llamado de atenci\u00f3n se present\u00f3 en el barrio Los Comuneros, parte alta, donde las llamas consumieron cerca de 300 metros cuadrados de pasto y [&hellip;]\" \/>\n<meta property=\"og:url\" content=\"https:\/\/ardigitalnoticias.com\/index.php\/2025\/08\/19\/bomberos-de-garzon-controlan-tres-incendios-de-cobertura-vegetal\/\" \/>\n<meta property=\"og:site_name\" content=\"AR Digital Noticias\" \/>\n<meta property=\"article:published_time\" content=\"2025-08-20T01:45:42+00:00\" \/>\n<meta property=\"article:modified_time\" content=\"2025-08-20T01:47:02+00:00\" \/>\n<meta property=\"og:image\" content=\"https:\/\/ardigitalnoticias.com\/wp-content\/uploads\/2025\/08\/InShot_20250819_203853274-scaled.jpg\" \/>\n\t<meta property=\"og:image:width\" content=\"2560\" \/>\n\t<meta property=\"og:image:height\" content=\"1440\" \/>\n\t<meta property=\"og:image:type\" content=\"image\/jpeg\" \/>\n<meta name=\"author\" content=\"AR Digital Noticias\" \/>\n<meta name=\"twitter:card\" content=\"summary_large_image\" \/>\n<meta name=\"twitter:label1\" content=\"Escrito por\" \/>\n\t<meta name=\"twitter:data1\" content=\"AR Digital Noticias\" \/>\n\t<meta name=\"twitter:label2\" content=\"Tiempo de lectura\" \/>\n\t<meta name=\"twitter:data2\" content=\"3 minutos\" \/>\n<script type=\"application\/ld+json\" class=\"yoast-schema-graph\">{\"@context\":\"https:\\\/\\\/schema.org\",\"@graph\":[{\"@type\":\"Article\",\"@id\":\"https:\\\/\\\/ardigitalnoticias.com\\\/index.php\\\/2025\\\/08\\\/19\\\/bomberos-de-garzon-controlan-tres-incendios-de-cobertura-vegetal\\\/#article\",\"isPartOf\":{\"@id\":\"https:\\\/\\\/ardigitalnoticias.com\\\/index.php\\\/2025\\\/08\\\/19\\\/bomberos-de-garzon-controlan-tres-incendios-de-cobertura-vegetal\\\/\"},\"author\":{\"name\":\"AR Digital Noticias\",\"@id\":\"https:\\\/\\\/ardigitalnoticias.com\\\/#\\\/schema\\\/person\\\/3f1b0a96e890d8cba89a76c7558a147c\"},\"headline\":\"BOMBEROS DE GARZ\u00d3N CONTROLAN TRES INCENDIOS DE COBERTURA VEGETAL\",\"datePublished\":\"2025-08-20T01:45:42+00:00\",\"dateModified\":\"2025-08-20T01:47:02+00:00\",\"mainEntityOfPage\":{\"@id\":\"https:\\\/\\\/ardigitalnoticias.com\\\/index.php\\\/2025\\\/08\\\/19\\\/bomberos-de-garzon-controlan-tres-incendios-de-cobertura-vegetal\\\/\"},\"wordCount\":244,\"commentCount\":0,\"publisher\":{\"@id\":\"https:\\\/\\\/ardigitalnoticias.com\\\/#organization\"},\"image\":{\"@id\":\"https:\\\/\\\/ardigitalnoticias.com\\\/index.php\\\/2025\\\/08\\\/19\\\/bomberos-de-garzon-controlan-tres-incendios-de-cobertura-vegetal\\\/#primaryimage\"},\"thumbnailUrl\":\"https:\\\/\\\/ardigitalnoticias.com\\\/wp-content\\\/uploads\\\/2025\\\/08\\\/InShot_20250819_203853274-scaled.jpg\",\"articleSection\":[\"Actualidad\",\"Centro\",\"Garz\u00f3n\",\"Regional\"],\"inLanguage\":\"es\",\"potentialAction\":[{\"@type\":\"CommentAction\",\"name\":\"Comment\",\"target\":[\"https:\\\/\\\/ardigitalnoticias.com\\\/index.php\\\/2025\\\/08\\\/19\\\/bomberos-de-garzon-controlan-tres-incendios-de-cobertura-vegetal\\\/#respond\"]}]},{\"@type\":\"WebPage\",\"@id\":\"https:\\\/\\\/ardigitalnoticias.com\\\/index.php\\\/2025\\\/08\\\/19\\\/bomberos-de-garzon-controlan-tres-incendios-de-cobertura-vegetal\\\/\",\"url\":\"https:\\\/\\\/ardigitalnoticias.com\\\/index.php\\\/2025\\\/08\\\/19\\\/bomberos-de-garzon-controlan-tres-incendios-de-cobertura-vegetal\\\/\",\"name\":\"BOMBEROS DE GARZ\u00d3N CONTROLAN TRES INCENDIOS DE COBERTURA VEGETAL - AR Digital Noticias\",\"isPartOf\":{\"@id\":\"https:\\\/\\\/ardigitalnoticias.com\\\/#website\"},\"primaryImageOfPage\":{\"@id\":\"https:\\\/\\\/ardigitalnoticias.com\\\/index.php\\\/2025\\\/08\\\/19\\\/bomberos-de-garzon-controlan-tres-incendios-de-cobertura-vegetal\\\/#primaryimage\"},\"image\":{\"@id\":\"https:\\\/\\\/ardigitalnoticias.com\\\/index.php\\\/2025\\\/08\\\/19\\\/bomberos-de-garzon-controlan-tres-incendios-de-cobertura-vegetal\\\/#primaryimage\"},\"thumbnailUrl\":\"https:\\\/\\\/ardigitalnoticias.com\\\/wp-content\\\/uploads\\\/2025\\\/08\\\/InShot_20250819_203853274-scaled.jpg\",\"datePublished\":\"2025-08-20T01:45:42+00:00\",\"dateModified\":\"2025-08-20T01:47:02+00:00\",\"breadcrumb\":{\"@id\":\"https:\\\/\\\/ardigitalnoticias.com\\\/index.php\\\/2025\\\/08\\\/19\\\/bomberos-de-garzon-controlan-tres-incendios-de-cobertura-vegetal\\\/#breadcrumb\"},\"inLanguage\":\"es\",\"potentialAction\":[{\"@type\":\"ReadAction\",\"target\":[\"https:\\\/\\\/ardigitalnoticias.com\\\/index.php\\\/2025\\\/08\\\/19\\\/bomberos-de-garzon-controlan-tres-incendios-de-cobertura-vegetal\\\/\"]}]},{\"@type\":\"ImageObject\",\"inLanguage\":\"es\",\"@id\":\"https:\\\/\\\/ardigitalnoticias.com\\\/index.php\\\/2025\\\/08\\\/19\\\/bomberos-de-garzon-controlan-tres-incendios-de-cobertura-vegetal\\\/#primaryimage\",\"url\":\"https:\\\/\\\/ardigitalnoticias.com\\\/wp-content\\\/uploads\\\/2025\\\/08\\\/InShot_20250819_203853274-scaled.jpg\",\"contentUrl\":\"https:\\\/\\\/ardigitalnoticias.com\\\/wp-content\\\/uploads\\\/2025\\\/08\\\/InShot_20250819_203853274-scaled.jpg\",\"width\":2560,\"height\":1440},{\"@type\":\"BreadcrumbList\",\"@id\":\"https:\\\/\\\/ardigitalnoticias.com\\\/index.php\\\/2025\\\/08\\\/19\\\/bomberos-de-garzon-controlan-tres-incendios-de-cobertura-vegetal\\\/#breadcrumb\",\"itemListElement\":[{\"@type\":\"ListItem\",\"position\":1,\"name\":\"Portada\",\"item\":\"https:\\\/\\\/ardigitalnoticias.com\\\/\"},{\"@type\":\"ListItem\",\"position\":2,\"name\":\"BOMBEROS DE GARZ\u00d3N CONTROLAN TRES INCENDIOS DE COBERTURA VEGETAL\"}]},{\"@type\":\"WebSite\",\"@id\":\"https:\\\/\\\/ardigitalnoticias.com\\\/#website\",\"url\":\"https:\\\/\\\/ardigitalnoticias.com\\\/\",\"name\":\"AR Digital Noticias\",\"description\":\"\",\"publisher\":{\"@id\":\"https:\\\/\\\/ardigitalnoticias.com\\\/#organization\"},\"potentialAction\":[{\"@type\":\"SearchAction\",\"target\":{\"@type\":\"EntryPoint\",\"urlTemplate\":\"https:\\\/\\\/ardigitalnoticias.com\\\/?s={search_term_string}\"},\"query-input\":{\"@type\":\"PropertyValueSpecification\",\"valueRequired\":true,\"valueName\":\"search_term_string\"}}],\"inLanguage\":\"es\"},{\"@type\":\"Organization\",\"@id\":\"https:\\\/\\\/ardigitalnoticias.com\\\/#organization\",\"name\":\"AR Digital Noticias\",\"url\":\"https:\\\/\\\/ardigitalnoticias.com\\\/\",\"logo\":{\"@type\":\"ImageObject\",\"inLanguage\":\"es\",\"@id\":\"https:\\\/\\\/ardigitalnoticias.com\\\/#\\\/schema\\\/logo\\\/image\\\/\",\"url\":\"https:\\\/\\\/ardigitalnoticias.com\\\/wp-content\\\/uploads\\\/2023\\\/11\\\/cropped-cropped-cropped-cropped-AR-Digital-Noticias-1.png\",\"contentUrl\":\"https:\\\/\\\/ardigitalnoticias.com\\\/wp-content\\\/uploads\\\/2023\\\/11\\\/cropped-cropped-cropped-cropped-AR-Digital-Noticias-1.png\",\"width\":972,\"height\":306,\"caption\":\"AR Digital Noticias\"},\"image\":{\"@id\":\"https:\\\/\\\/ardigitalnoticias.com\\\/#\\\/schema\\\/logo\\\/image\\\/\"}},{\"@type\":\"Person\",\"@id\":\"https:\\\/\\\/ardigitalnoticias.com\\\/#\\\/schema\\\/person\\\/3f1b0a96e890d8cba89a76c7558a147c\",\"name\":\"AR Digital Noticias\",\"image\":{\"@type\":\"ImageObject\",\"inLanguage\":\"es\",\"@id\":\"https:\\\/\\\/secure.gravatar.com\\\/avatar\\\/55d1acd2f9cac74c99f42fcb5090c2f994204a6f6c571cf4c3001ae692cb9b34?s=96&d=mm&r=g\",\"url\":\"https:\\\/\\\/secure.gravatar.com\\\/avatar\\\/55d1acd2f9cac74c99f42fcb5090c2f994204a6f6c571cf4c3001ae692cb9b34?s=96&d=mm&r=g\",\"contentUrl\":\"https:\\\/\\\/secure.gravatar.com\\\/avatar\\\/55d1acd2f9cac74c99f42fcb5090c2f994204a6f6c571cf4c3001ae692cb9b34?s=96&d=mm&r=g\",\"caption\":\"AR Digital Noticias\"},\"sameAs\":[\"http:\\\/\\\/ardigitalnoticias.com\"],\"url\":\"https:\\\/\\\/ardigitalnoticias.com\\\/index.php\\\/author\\\/editorial\\\/\"}]}<\/script>\n<!-- \/ Yoast SEO plugin. -->","yoast_head_json":{"title":"BOMBEROS DE GARZ\u00d3N CONTROLAN TRES INCENDIOS DE COBERTURA VEGETAL - AR Digital Noticias","robots":{"index":"index","follow":"follow","max-snippet":"max-snippet:-1","max-image-preview":"max-image-preview:large","max-video-preview":"max-video-preview:-1"},"canonical":"https:\/\/ardigitalnoticias.com\/index.php\/2025\/08\/19\/bomberos-de-garzon-controlan-tres-incendios-de-cobertura-vegetal\/","og_locale":"es_ES","og_type":"article","og_title":"BOMBEROS DE GARZ\u00d3N CONTROLAN TRES INCENDIOS DE COBERTURA VEGETAL - AR Digital Noticias","og_description":"El Cuerpo de Bomberos Voluntarios de Garz\u00f3n despleg\u00f3 en las \u00faltimas horas un intenso trabajo para controlar tres emergencias forestales registradas en diferentes puntos del municipio. POR: ANDR\u00c9S RODR\u00cdGUEZ. El primer llamado de atenci\u00f3n se present\u00f3 en el barrio Los Comuneros, parte alta, donde las llamas consumieron cerca de 300 metros cuadrados de pasto y [&hellip;]","og_url":"https:\/\/ardigitalnoticias.com\/index.php\/2025\/08\/19\/bomberos-de-garzon-controlan-tres-incendios-de-cobertura-vegetal\/","og_site_name":"AR Digital Noticias","article_published_time":"2025-08-20T01:45:42+00:00","article_modified_time":"2025-08-20T01:47:02+00:00","og_image":[{"width":2560,"height":1440,"url":"https:\/\/ardigitalnoticias.com\/wp-content\/uploads\/2025\/08\/InShot_20250819_203853274-scaled.jpg","type":"image\/jpeg"}],"author":"AR Digital Noticias","twitter_card":"summary_large_image","twitter_misc":{"Escrito por":"AR Digital Noticias","Tiempo de lectura":"3 minutos"},"schema":{"@context":"https:\/\/schema.org","@graph":[{"@type":"Article","@id":"https:\/\/ardigitalnoticias.com\/index.php\/2025\/08\/19\/bomberos-de-garzon-controlan-tres-incendios-de-cobertura-vegetal\/#article","isPartOf":{"@id":"https:\/\/ardigitalnoticias.com\/index.php\/2025\/08\/19\/bomberos-de-garzon-controlan-tres-incendios-de-cobertura-vegetal\/"},"author":{"name":"AR Digital Noticias","@id":"https:\/\/ardigitalnoticias.com\/#\/schema\/person\/3f1b0a96e890d8cba89a76c7558a147c"},"headline":"BOMBEROS DE GARZ\u00d3N CONTROLAN TRES INCENDIOS DE COBERTURA VEGETAL","datePublished":"2025-08-20T01:45:42+00:00","dateModified":"2025-08-20T01:47:02+00:00","mainEntityOfPage":{"@id":"https:\/\/ardigitalnoticias.com\/index.php\/2025\/08\/19\/bomberos-de-garzon-controlan-tres-incendios-de-cobertura-vegetal\/"},"wordCount":244,"commentCount":0,"publisher":{"@id":"https:\/\/ardigitalnoticias.com\/#organization"},"image":{"@id":"https:\/\/ardigitalnoticias.com\/index.php\/2025\/08\/19\/bomberos-de-garzon-controlan-tres-incendios-de-cobertura-vegetal\/#primaryimage"},"thumbnailUrl":"https:\/\/ardigitalnoticias.com\/wp-content\/uploads\/2025\/08\/InShot_20250819_203853274-scaled.jpg","articleSection":["Actualidad","Centro","Garz\u00f3n","Regional"],"inLanguage":"es","potentialAction":[{"@type":"CommentAction","name":"Comment","target":["https:\/\/ardigitalnoticias.com\/index.php\/2025\/08\/19\/bomberos-de-garzon-controlan-tres-incendios-de-cobertura-vegetal\/#respond"]}]},{"@type":"WebPage","@id":"https:\/\/ardigitalnoticias.com\/index.php\/2025\/08\/19\/bomberos-de-garzon-controlan-tres-incendios-de-cobertura-vegetal\/","url":"https:\/\/ardigitalnoticias.com\/index.php\/2025\/08\/19\/bomberos-de-garzon-controlan-tres-incendios-de-cobertura-vegetal\/","name":"BOMBEROS DE GARZ\u00d3N CONTROLAN TRES INCENDIOS DE COBERTURA VEGETAL - AR Digital Noticias","isPartOf":{"@id":"https:\/\/ardigitalnoticias.com\/#website"},"primaryImageOfPage":{"@id":"https:\/\/ardigitalnoticias.com\/index.php\/2025\/08\/19\/bomberos-de-garzon-controlan-tres-incendios-de-cobertura-vegetal\/#primaryimage"},"image":{"@id":"https:\/\/ardigitalnoticias.com\/index.php\/2025\/08\/19\/bomberos-de-garzon-controlan-tres-incendios-de-cobertura-vegetal\/#primaryimage"},"thumbnailUrl":"https:\/\/ardigitalnoticias.com\/wp-content\/uploads\/2025\/08\/InShot_20250819_203853274-scaled.jpg","datePublished":"2025-08-20T01:45:42+00:00","dateModified":"2025-08-20T01:47:02+00:00","breadcrumb":{"@id":"https:\/\/ardigitalnoticias.com\/index.php\/2025\/08\/19\/bomberos-de-garzon-controlan-tres-incendios-de-cobertura-vegetal\/#breadcrumb"},"inLanguage":"es","potentialAction":[{"@type":"ReadAction","target":["https:\/\/ardigitalnoticias.com\/index.php\/2025\/08\/19\/bomberos-de-garzon-controlan-tres-incendios-de-cobertura-vegetal\/"]}]},{"@type":"ImageObject","inLanguage":"es","@id":"https:\/\/ardigitalnoticias.com\/index.php\/2025\/08\/19\/bomberos-de-garzon-controlan-tres-incendios-de-cobertura-vegetal\/#primaryimage","url":"https:\/\/ardigitalnoticias.com\/wp-content\/uploads\/2025\/08\/InShot_20250819_203853274-scaled.jpg","contentUrl":"https:\/\/ardigitalnoticias.com\/wp-content\/uploads\/2025\/08\/InShot_20250819_203853274-scaled.jpg","width":2560,"height":1440},{"@type":"BreadcrumbList","@id":"https:\/\/ardigitalnoticias.com\/index.php\/2025\/08\/19\/bomberos-de-garzon-controlan-tres-incendios-de-cobertura-vegetal\/#breadcrumb","itemListElement":[{"@type":"ListItem","position":1,"name":"Portada","item":"https:\/\/ardigitalnoticias.com\/"},{"@type":"ListItem","position":2,"name":"BOMBEROS DE GARZ\u00d3N CONTROLAN TRES INCENDIOS DE COBERTURA VEGETAL"}]},{"@type":"WebSite","@id":"https:\/\/ardigitalnoticias.com\/#website","url":"https:\/\/ardigitalnoticias.com\/","name":"AR Digital Noticias","description":"","publisher":{"@id":"https:\/\/ardigitalnoticias.com\/#organization"},"potentialAction":[{"@type":"SearchAction","target":{"@type":"EntryPoint","urlTemplate":"https:\/\/ardigitalnoticias.com\/?s={search_term_string}"},"query-input":{"@type":"PropertyValueSpecification","valueRequired":true,"valueName":"search_term_string"}}],"inLanguage":"es"},{"@type":"Organization","@id":"https:\/\/ardigitalnoticias.com\/#organization","name":"AR Digital Noticias","url":"https:\/\/ardigitalnoticias.com\/","logo":{"@type":"ImageObject","inLanguage":"es","@id":"https:\/\/ardigitalnoticias.com\/#\/schema\/logo\/image\/","url":"https:\/\/ardigitalnoticias.com\/wp-content\/uploads\/2023\/11\/cropped-cropped-cropped-cropped-AR-Digital-Noticias-1.png","contentUrl":"https:\/\/ardigitalnoticias.com\/wp-content\/uploads\/2023\/11\/cropped-cropped-cropped-cropped-AR-Digital-Noticias-1.png","width":972,"height":306,"caption":"AR Digital Noticias"},"image":{"@id":"https:\/\/ardigitalnoticias.com\/#\/schema\/logo\/image\/"}},{"@type":"Person","@id":"https:\/\/ardigitalnoticias.com\/#\/schema\/person\/3f1b0a96e890d8cba89a76c7558a147c","name":"AR Digital Noticias","image":{"@type":"ImageObject","inLanguage":"es","@id":"https:\/\/secure.gravatar.com\/avatar\/55d1acd2f9cac74c99f42fcb5090c2f994204a6f6c571cf4c3001ae692cb9b34?s=96&d=mm&r=g","url":"https:\/\/secure.gravatar.com\/avatar\/55d1acd2f9cac74c99f42fcb5090c2f994204a6f6c571cf4c3001ae692cb9b34?s=96&d=mm&r=g","contentUrl":"https:\/\/secure.gravatar.com\/avatar\/55d1acd2f9cac74c99f42fcb5090c2f994204a6f6c571cf4c3001ae692cb9b34?s=96&d=mm&r=g","caption":"AR Digital Noticias"},"sameAs":["http:\/\/ardigitalnoticias.com"],"url":"https:\/\/ardigitalnoticias.com\/index.php\/author\/editorial\/"}]}},"_links":{"self":[{"href":"https:\/\/ardigitalnoticias.com\/index.php\/wp-json\/wp\/v2\/posts\/8334","targetHints":{"allow":["GET"]}}],"collection":[{"href":"https:\/\/ardigitalnoticias.com\/index.php\/wp-json\/wp\/v2\/posts"}],"about":[{"href":"https:\/\/ardigitalnoticias.com\/index.php\/wp-json\/wp\/v2\/types\/post"}],"author":[{"embeddable":true,"href":"https:\/\/ardigitalnoticias.com\/index.php\/wp-json\/wp\/v2\/users\/2"}],"replies":[{"embeddable":true,"href":"https:\/\/ardigitalnoticias.com\/index.php\/wp-json\/wp\/v2\/comments?post=8334"}],"version-history":[{"count":2,"href":"https:\/\/ardigitalnoticias.com\/index.php\/wp-json\/wp\/v2\/posts\/8334\/revisions"}],"predecessor-version":[{"id":8347,"href":"https:\/\/ardigitalnoticias.com\/index.php\/wp-json\/wp\/v2\/posts\/8334\/revisions\/8347"}],"wp:featuredmedia":[{"embeddable":true,"href":"https:\/\/ardigitalnoticias.com\/index.php\/wp-json\/wp\/v2\/media\/8335"}],"wp:attachment":[{"href":"https:\/\/ardigitalnoticias.com\/index.php\/wp-json\/wp\/v2\/media?parent=8334"}],"wp:term":[{"taxonomy":"category","embeddable":true,"href":"https:\/\/ardigitalnoticias.com\/index.php\/wp-json\/wp\/v2\/categories?post=8334"},{"taxonomy":"post_tag","embeddable":true,"href":"https:\/\/ardigitalnoticias.com\/index.php\/wp-json\/wp\/v2\/tags?post=8334"}],"curies":[{"name":"wp","href":"https:\/\/api.w.org\/{rel}","templated":true}]}}