{"id":8289,"date":"2025-08-17T11:02:02","date_gmt":"2025-08-17T16:02:02","guid":{"rendered":"https:\/\/ardigitalnoticias.com\/?p=8289"},"modified":"2025-08-17T11:02:03","modified_gmt":"2025-08-17T16:02:03","slug":"concejo-municipal-de-garzon-rindio-homenaje-a-parejos-del-festival-de-la-alegria-y-el-folclor","status":"publish","type":"post","link":"https:\/\/ardigitalnoticias.com\/index.php\/2025\/08\/17\/concejo-municipal-de-garzon-rindio-homenaje-a-parejos-del-festival-de-la-alegria-y-el-folclor\/","title":{"rendered":"CONCEJO MUNICIPAL DE GARZ\u00d3N, RINDI\u00d3 HOMENAJE A PAREJOS DEL FESTIVAL DE LA ALEGR\u00cdA Y EL FOLCLOR."},"content":{"rendered":"\n<p>En una emotiva sesi\u00f3n, el Concejo Municipal, bajo la presidencia de Chirly Yohanna Lamilla, rindi\u00f3 un reconocimiento especial a quienes han sido protagonistas en la historia del Festival y Reinado Departamental y Popular de la Alegr\u00eda y el Folclor.<\/p>\n\n\n\n<p><strong>POR: ANDR\u00c9S RODR\u00cdGUEZ. <\/strong><\/p>\n\n\n<div class=\"wp-block-image\">\n<figure class=\"aligncenter size-large\"><img loading=\"lazy\" decoding=\"async\" width=\"1024\" height=\"768\" src=\"https:\/\/ardigitalnoticias.com\/wp-content\/uploads\/2025\/08\/FB_IMG_1755445943266-1024x768.jpg\" alt=\"\" class=\"wp-image-8293\" srcset=\"https:\/\/ardigitalnoticias.com\/wp-content\/uploads\/2025\/08\/FB_IMG_1755445943266-1024x768.jpg 1024w, https:\/\/ardigitalnoticias.com\/wp-content\/uploads\/2025\/08\/FB_IMG_1755445943266-600x450.jpg 600w, https:\/\/ardigitalnoticias.com\/wp-content\/uploads\/2025\/08\/FB_IMG_1755445943266-300x225.jpg 300w, https:\/\/ardigitalnoticias.com\/wp-content\/uploads\/2025\/08\/FB_IMG_1755445943266-768x576.jpg 768w, https:\/\/ardigitalnoticias.com\/wp-content\/uploads\/2025\/08\/FB_IMG_1755445943266-1536x1152.jpg 1536w, https:\/\/ardigitalnoticias.com\/wp-content\/uploads\/2025\/08\/FB_IMG_1755445943266-560x420.jpg 560w, https:\/\/ardigitalnoticias.com\/wp-content\/uploads\/2025\/08\/FB_IMG_1755445943266-80x60.jpg 80w, https:\/\/ardigitalnoticias.com\/wp-content\/uploads\/2025\/08\/FB_IMG_1755445943266-150x113.jpg 150w, https:\/\/ardigitalnoticias.com\/wp-content\/uploads\/2025\/08\/FB_IMG_1755445943266-696x522.jpg 696w, https:\/\/ardigitalnoticias.com\/wp-content\/uploads\/2025\/08\/FB_IMG_1755445943266-1068x801.jpg 1068w, https:\/\/ardigitalnoticias.com\/wp-content\/uploads\/2025\/08\/FB_IMG_1755445943266-1920x1440.jpg 1920w, https:\/\/ardigitalnoticias.com\/wp-content\/uploads\/2025\/08\/FB_IMG_1755445943266.jpg 2048w\" sizes=\"auto, (max-width: 1024px) 100vw, 1024px\" \/><\/figure>\n<\/div>\n\n\n<p>Mediante la Proposici\u00f3n 085 de 2025, los concejales exaltaron el papel fundamental de los parejos, quienes con su talento y compromiso dieron vida a cada edici\u00f3n de esta celebraci\u00f3n cultural, convirti\u00e9ndose en portadores de tradici\u00f3n y en s\u00edmbolo de identidad para el municipio.<\/p>\n\n\n\n<p>Durante el acto, se resalt\u00f3 que su participaci\u00f3n no solo enriqueci\u00f3 las presentaciones art\u00edsticas, sino que tambi\u00e9n fortaleci\u00f3 la transmisi\u00f3n de valores culturales a las nuevas generaciones, contribuyendo a la preservaci\u00f3n del folclor y la alegr\u00eda que caracteriza a la comunidad.<\/p>\n\n\n\n<figure class=\"wp-block-video aligncenter\"><video height=\"1280\" style=\"aspect-ratio: 720 \/ 1280;\" width=\"720\" controls src=\"https:\/\/ardigitalnoticias.com\/wp-content\/uploads\/2025\/08\/AQOeoi9Mfl94VhjW7i2Afiepbzs3IfTotX74Peiln0BVKTUi4ItFf8PAWp-ciYod4aqk2PSU3O-RKKCDuTsPJWzZRAeO_nCYHDS0f0Q2n8Fn3Q-1.mp4\"><\/video><\/figure>\n\n\n\n<p>La presidenta del Concejo, Chirly Yohanna Lamilla, destac\u00f3 la importancia de este homenaje, se\u00f1alando que reconocer el esfuerzo de quienes hicieron posible el festival fue tambi\u00e9n una manera de valorar el patrimonio inmaterial que engrandece al municipio.<\/p>\n\n\n\n<p>El Festival de la Alegr\u00eda y el Folclor, que con los a\u00f1os se consolid\u00f3 como un espacio de integraci\u00f3n y convivencia, se convirti\u00f3 en un escenario en el que se celebr\u00f3 la riqueza cultural, el talento local y la unidad de la comunidad.<\/p>\n\n\n\n<p>Con este gesto, el Concejo Municipal reafirm\u00f3 su compromiso de seguir respaldando las manifestaciones art\u00edsticas y culturales que han hecho de este evento una tradici\u00f3n esperada y respetada en toda la regi\u00f3n.<\/p>\n\n\n<div class=\"wp-block-image\">\n<figure class=\"aligncenter size-large\"><img loading=\"lazy\" decoding=\"async\" width=\"1024\" height=\"768\" src=\"https:\/\/ardigitalnoticias.com\/wp-content\/uploads\/2025\/08\/FB_IMG_1755445953501-1024x768.jpg\" alt=\"\" class=\"wp-image-8295\" srcset=\"https:\/\/ardigitalnoticias.com\/wp-content\/uploads\/2025\/08\/FB_IMG_1755445953501-1024x768.jpg 1024w, https:\/\/ardigitalnoticias.com\/wp-content\/uploads\/2025\/08\/FB_IMG_1755445953501-600x450.jpg 600w, https:\/\/ardigitalnoticias.com\/wp-content\/uploads\/2025\/08\/FB_IMG_1755445953501-300x225.jpg 300w, https:\/\/ardigitalnoticias.com\/wp-content\/uploads\/2025\/08\/FB_IMG_1755445953501-768x576.jpg 768w, https:\/\/ardigitalnoticias.com\/wp-content\/uploads\/2025\/08\/FB_IMG_1755445953501-1536x1152.jpg 1536w, https:\/\/ardigitalnoticias.com\/wp-content\/uploads\/2025\/08\/FB_IMG_1755445953501-560x420.jpg 560w, https:\/\/ardigitalnoticias.com\/wp-content\/uploads\/2025\/08\/FB_IMG_1755445953501-80x60.jpg 80w, https:\/\/ardigitalnoticias.com\/wp-content\/uploads\/2025\/08\/FB_IMG_1755445953501-150x113.jpg 150w, https:\/\/ardigitalnoticias.com\/wp-content\/uploads\/2025\/08\/FB_IMG_1755445953501-696x522.jpg 696w, https:\/\/ardigitalnoticias.com\/wp-content\/uploads\/2025\/08\/FB_IMG_1755445953501-1068x801.jpg 1068w, https:\/\/ardigitalnoticias.com\/wp-content\/uploads\/2025\/08\/FB_IMG_1755445953501-1920x1440.jpg 1920w, https:\/\/ardigitalnoticias.com\/wp-content\/uploads\/2025\/08\/FB_IMG_1755445953501.jpg 2048w\" sizes=\"auto, (max-width: 1024px) 100vw, 1024px\" \/><\/figure>\n<\/div>","protected":false},"excerpt":{"rendered":"<p>En una emotiva sesi\u00f3n, el Concejo Municipal, bajo la presidencia de Chirly Yohanna Lamilla, rindi\u00f3 un reconocimiento especial a quienes han sido protagonistas en la historia del Festival y Reinado Departamental y Popular de la Alegr\u00eda y el Folclor. POR: ANDR\u00c9S RODR\u00cdGUEZ. Mediante la Proposici\u00f3n 085 de 2025, los concejales exaltaron el papel fundamental de [&hellip;]<\/p>\n","protected":false},"author":2,"featured_media":8290,"comment_status":"open","ping_status":"open","sticky":false,"template":"","format":"standard","meta":{"_acf_changed":false,"_joinchat":[],"footnotes":""},"categories":[1,25,21,19],"tags":[],"class_list":{"0":"post-8289","1":"post","2":"type-post","3":"status-publish","4":"format-standard","5":"has-post-thumbnail","7":"category-actualidad","8":"category-centro","9":"category-locales","10":"category-regional"},"acf":[],"yoast_head":"<!-- This site is optimized with the Yoast SEO plugin v27.5 - https:\/\/yoast.com\/product\/yoast-seo-wordpress\/ -->\n<title>CONCEJO MUNICIPAL DE GARZ\u00d3N, RINDI\u00d3 HOMENAJE A PAREJOS DEL FESTIVAL DE LA ALEGR\u00cdA Y EL FOLCLOR. - AR Digital Noticias<\/title>\n<meta name=\"robots\" content=\"index, follow, max-snippet:-1, max-image-preview:large, max-video-preview:-1\" \/>\n<link rel=\"canonical\" href=\"https:\/\/ardigitalnoticias.com\/index.php\/2025\/08\/17\/concejo-municipal-de-garzon-rindio-homenaje-a-parejos-del-festival-de-la-alegria-y-el-folclor\/\" \/>\n<meta property=\"og:locale\" content=\"es_ES\" \/>\n<meta property=\"og:type\" content=\"article\" \/>\n<meta property=\"og:title\" content=\"CONCEJO MUNICIPAL DE GARZ\u00d3N, RINDI\u00d3 HOMENAJE A PAREJOS DEL FESTIVAL DE LA ALEGR\u00cdA Y EL FOLCLOR. - AR Digital Noticias\" \/>\n<meta property=\"og:description\" content=\"En una emotiva sesi\u00f3n, el Concejo Municipal, bajo la presidencia de Chirly Yohanna Lamilla, rindi\u00f3 un reconocimiento especial a quienes han sido protagonistas en la historia del Festival y Reinado Departamental y Popular de la Alegr\u00eda y el Folclor. POR: ANDR\u00c9S RODR\u00cdGUEZ. Mediante la Proposici\u00f3n 085 de 2025, los concejales exaltaron el papel fundamental de [&hellip;]\" \/>\n<meta property=\"og:url\" content=\"https:\/\/ardigitalnoticias.com\/index.php\/2025\/08\/17\/concejo-municipal-de-garzon-rindio-homenaje-a-parejos-del-festival-de-la-alegria-y-el-folclor\/\" \/>\n<meta property=\"og:site_name\" content=\"AR Digital Noticias\" \/>\n<meta property=\"article:published_time\" content=\"2025-08-17T16:02:02+00:00\" \/>\n<meta property=\"article:modified_time\" content=\"2025-08-17T16:02:03+00:00\" \/>\n<meta property=\"og:image\" content=\"https:\/\/ardigitalnoticias.com\/wp-content\/uploads\/2025\/08\/InShot_20250817_105332709-scaled.jpg\" \/>\n\t<meta property=\"og:image:width\" content=\"2560\" \/>\n\t<meta property=\"og:image:height\" content=\"1440\" \/>\n\t<meta property=\"og:image:type\" content=\"image\/jpeg\" \/>\n<meta name=\"author\" content=\"AR Digital Noticias\" \/>\n<meta name=\"twitter:card\" content=\"summary_large_image\" \/>\n<meta name=\"twitter:label1\" content=\"Escrito por\" \/>\n\t<meta name=\"twitter:data1\" content=\"AR Digital Noticias\" \/>\n\t<meta name=\"twitter:label2\" content=\"Tiempo de lectura\" \/>\n\t<meta name=\"twitter:data2\" content=\"2 minutos\" \/>\n<script type=\"application\/ld+json\" class=\"yoast-schema-graph\">{\"@context\":\"https:\\\/\\\/schema.org\",\"@graph\":[{\"@type\":\"Article\",\"@id\":\"https:\\\/\\\/ardigitalnoticias.com\\\/index.php\\\/2025\\\/08\\\/17\\\/concejo-municipal-de-garzon-rindio-homenaje-a-parejos-del-festival-de-la-alegria-y-el-folclor\\\/#article\",\"isPartOf\":{\"@id\":\"https:\\\/\\\/ardigitalnoticias.com\\\/index.php\\\/2025\\\/08\\\/17\\\/concejo-municipal-de-garzon-rindio-homenaje-a-parejos-del-festival-de-la-alegria-y-el-folclor\\\/\"},\"author\":{\"name\":\"AR Digital Noticias\",\"@id\":\"https:\\\/\\\/ardigitalnoticias.com\\\/#\\\/schema\\\/person\\\/3f1b0a96e890d8cba89a76c7558a147c\"},\"headline\":\"CONCEJO MUNICIPAL DE GARZ\u00d3N, RINDI\u00d3 HOMENAJE A PAREJOS DEL FESTIVAL DE LA ALEGR\u00cdA Y EL FOLCLOR.\",\"datePublished\":\"2025-08-17T16:02:02+00:00\",\"dateModified\":\"2025-08-17T16:02:03+00:00\",\"mainEntityOfPage\":{\"@id\":\"https:\\\/\\\/ardigitalnoticias.com\\\/index.php\\\/2025\\\/08\\\/17\\\/concejo-municipal-de-garzon-rindio-homenaje-a-parejos-del-festival-de-la-alegria-y-el-folclor\\\/\"},\"wordCount\":278,\"commentCount\":0,\"publisher\":{\"@id\":\"https:\\\/\\\/ardigitalnoticias.com\\\/#organization\"},\"image\":{\"@id\":\"https:\\\/\\\/ardigitalnoticias.com\\\/index.php\\\/2025\\\/08\\\/17\\\/concejo-municipal-de-garzon-rindio-homenaje-a-parejos-del-festival-de-la-alegria-y-el-folclor\\\/#primaryimage\"},\"thumbnailUrl\":\"https:\\\/\\\/ardigitalnoticias.com\\\/wp-content\\\/uploads\\\/2025\\\/08\\\/InShot_20250817_105332709-scaled.jpg\",\"articleSection\":[\"Actualidad\",\"Centro\",\"Garz\u00f3n\",\"Regional\"],\"inLanguage\":\"es\",\"potentialAction\":[{\"@type\":\"CommentAction\",\"name\":\"Comment\",\"target\":[\"https:\\\/\\\/ardigitalnoticias.com\\\/index.php\\\/2025\\\/08\\\/17\\\/concejo-municipal-de-garzon-rindio-homenaje-a-parejos-del-festival-de-la-alegria-y-el-folclor\\\/#respond\"]}]},{\"@type\":\"WebPage\",\"@id\":\"https:\\\/\\\/ardigitalnoticias.com\\\/index.php\\\/2025\\\/08\\\/17\\\/concejo-municipal-de-garzon-rindio-homenaje-a-parejos-del-festival-de-la-alegria-y-el-folclor\\\/\",\"url\":\"https:\\\/\\\/ardigitalnoticias.com\\\/index.php\\\/2025\\\/08\\\/17\\\/concejo-municipal-de-garzon-rindio-homenaje-a-parejos-del-festival-de-la-alegria-y-el-folclor\\\/\",\"name\":\"CONCEJO MUNICIPAL DE GARZ\u00d3N, RINDI\u00d3 HOMENAJE A PAREJOS DEL FESTIVAL DE LA ALEGR\u00cdA Y EL FOLCLOR. - AR Digital Noticias\",\"isPartOf\":{\"@id\":\"https:\\\/\\\/ardigitalnoticias.com\\\/#website\"},\"primaryImageOfPage\":{\"@id\":\"https:\\\/\\\/ardigitalnoticias.com\\\/index.php\\\/2025\\\/08\\\/17\\\/concejo-municipal-de-garzon-rindio-homenaje-a-parejos-del-festival-de-la-alegria-y-el-folclor\\\/#primaryimage\"},\"image\":{\"@id\":\"https:\\\/\\\/ardigitalnoticias.com\\\/index.php\\\/2025\\\/08\\\/17\\\/concejo-municipal-de-garzon-rindio-homenaje-a-parejos-del-festival-de-la-alegria-y-el-folclor\\\/#primaryimage\"},\"thumbnailUrl\":\"https:\\\/\\\/ardigitalnoticias.com\\\/wp-content\\\/uploads\\\/2025\\\/08\\\/InShot_20250817_105332709-scaled.jpg\",\"datePublished\":\"2025-08-17T16:02:02+00:00\",\"dateModified\":\"2025-08-17T16:02:03+00:00\",\"breadcrumb\":{\"@id\":\"https:\\\/\\\/ardigitalnoticias.com\\\/index.php\\\/2025\\\/08\\\/17\\\/concejo-municipal-de-garzon-rindio-homenaje-a-parejos-del-festival-de-la-alegria-y-el-folclor\\\/#breadcrumb\"},\"inLanguage\":\"es\",\"potentialAction\":[{\"@type\":\"ReadAction\",\"target\":[\"https:\\\/\\\/ardigitalnoticias.com\\\/index.php\\\/2025\\\/08\\\/17\\\/concejo-municipal-de-garzon-rindio-homenaje-a-parejos-del-festival-de-la-alegria-y-el-folclor\\\/\"]}]},{\"@type\":\"ImageObject\",\"inLanguage\":\"es\",\"@id\":\"https:\\\/\\\/ardigitalnoticias.com\\\/index.php\\\/2025\\\/08\\\/17\\\/concejo-municipal-de-garzon-rindio-homenaje-a-parejos-del-festival-de-la-alegria-y-el-folclor\\\/#primaryimage\",\"url\":\"https:\\\/\\\/ardigitalnoticias.com\\\/wp-content\\\/uploads\\\/2025\\\/08\\\/InShot_20250817_105332709-scaled.jpg\",\"contentUrl\":\"https:\\\/\\\/ardigitalnoticias.com\\\/wp-content\\\/uploads\\\/2025\\\/08\\\/InShot_20250817_105332709-scaled.jpg\",\"width\":2560,\"height\":1440},{\"@type\":\"BreadcrumbList\",\"@id\":\"https:\\\/\\\/ardigitalnoticias.com\\\/index.php\\\/2025\\\/08\\\/17\\\/concejo-municipal-de-garzon-rindio-homenaje-a-parejos-del-festival-de-la-alegria-y-el-folclor\\\/#breadcrumb\",\"itemListElement\":[{\"@type\":\"ListItem\",\"position\":1,\"name\":\"Portada\",\"item\":\"https:\\\/\\\/ardigitalnoticias.com\\\/\"},{\"@type\":\"ListItem\",\"position\":2,\"name\":\"CONCEJO MUNICIPAL DE GARZ\u00d3N, RINDI\u00d3 HOMENAJE A PAREJOS DEL FESTIVAL DE LA ALEGR\u00cdA Y EL FOLCLOR.\"}]},{\"@type\":\"WebSite\",\"@id\":\"https:\\\/\\\/ardigitalnoticias.com\\\/#website\",\"url\":\"https:\\\/\\\/ardigitalnoticias.com\\\/\",\"name\":\"AR Digital Noticias\",\"description\":\"\",\"publisher\":{\"@id\":\"https:\\\/\\\/ardigitalnoticias.com\\\/#organization\"},\"potentialAction\":[{\"@type\":\"SearchAction\",\"target\":{\"@type\":\"EntryPoint\",\"urlTemplate\":\"https:\\\/\\\/ardigitalnoticias.com\\\/?s={search_term_string}\"},\"query-input\":{\"@type\":\"PropertyValueSpecification\",\"valueRequired\":true,\"valueName\":\"search_term_string\"}}],\"inLanguage\":\"es\"},{\"@type\":\"Organization\",\"@id\":\"https:\\\/\\\/ardigitalnoticias.com\\\/#organization\",\"name\":\"AR Digital Noticias\",\"url\":\"https:\\\/\\\/ardigitalnoticias.com\\\/\",\"logo\":{\"@type\":\"ImageObject\",\"inLanguage\":\"es\",\"@id\":\"https:\\\/\\\/ardigitalnoticias.com\\\/#\\\/schema\\\/logo\\\/image\\\/\",\"url\":\"https:\\\/\\\/ardigitalnoticias.com\\\/wp-content\\\/uploads\\\/2023\\\/11\\\/cropped-cropped-cropped-cropped-AR-Digital-Noticias-1.png\",\"contentUrl\":\"https:\\\/\\\/ardigitalnoticias.com\\\/wp-content\\\/uploads\\\/2023\\\/11\\\/cropped-cropped-cropped-cropped-AR-Digital-Noticias-1.png\",\"width\":972,\"height\":306,\"caption\":\"AR Digital Noticias\"},\"image\":{\"@id\":\"https:\\\/\\\/ardigitalnoticias.com\\\/#\\\/schema\\\/logo\\\/image\\\/\"}},{\"@type\":\"Person\",\"@id\":\"https:\\\/\\\/ardigitalnoticias.com\\\/#\\\/schema\\\/person\\\/3f1b0a96e890d8cba89a76c7558a147c\",\"name\":\"AR Digital Noticias\",\"image\":{\"@type\":\"ImageObject\",\"inLanguage\":\"es\",\"@id\":\"https:\\\/\\\/secure.gravatar.com\\\/avatar\\\/55d1acd2f9cac74c99f42fcb5090c2f994204a6f6c571cf4c3001ae692cb9b34?s=96&d=mm&r=g\",\"url\":\"https:\\\/\\\/secure.gravatar.com\\\/avatar\\\/55d1acd2f9cac74c99f42fcb5090c2f994204a6f6c571cf4c3001ae692cb9b34?s=96&d=mm&r=g\",\"contentUrl\":\"https:\\\/\\\/secure.gravatar.com\\\/avatar\\\/55d1acd2f9cac74c99f42fcb5090c2f994204a6f6c571cf4c3001ae692cb9b34?s=96&d=mm&r=g\",\"caption\":\"AR Digital Noticias\"},\"sameAs\":[\"http:\\\/\\\/ardigitalnoticias.com\"],\"url\":\"https:\\\/\\\/ardigitalnoticias.com\\\/index.php\\\/author\\\/editorial\\\/\"}]}<\/script>\n<!-- \/ Yoast SEO plugin. -->","yoast_head_json":{"title":"CONCEJO MUNICIPAL DE GARZ\u00d3N, RINDI\u00d3 HOMENAJE A PAREJOS DEL FESTIVAL DE LA ALEGR\u00cdA Y EL FOLCLOR. - AR Digital Noticias","robots":{"index":"index","follow":"follow","max-snippet":"max-snippet:-1","max-image-preview":"max-image-preview:large","max-video-preview":"max-video-preview:-1"},"canonical":"https:\/\/ardigitalnoticias.com\/index.php\/2025\/08\/17\/concejo-municipal-de-garzon-rindio-homenaje-a-parejos-del-festival-de-la-alegria-y-el-folclor\/","og_locale":"es_ES","og_type":"article","og_title":"CONCEJO MUNICIPAL DE GARZ\u00d3N, RINDI\u00d3 HOMENAJE A PAREJOS DEL FESTIVAL DE LA ALEGR\u00cdA Y EL FOLCLOR. - AR Digital Noticias","og_description":"En una emotiva sesi\u00f3n, el Concejo Municipal, bajo la presidencia de Chirly Yohanna Lamilla, rindi\u00f3 un reconocimiento especial a quienes han sido protagonistas en la historia del Festival y Reinado Departamental y Popular de la Alegr\u00eda y el Folclor. POR: ANDR\u00c9S RODR\u00cdGUEZ. Mediante la Proposici\u00f3n 085 de 2025, los concejales exaltaron el papel fundamental de [&hellip;]","og_url":"https:\/\/ardigitalnoticias.com\/index.php\/2025\/08\/17\/concejo-municipal-de-garzon-rindio-homenaje-a-parejos-del-festival-de-la-alegria-y-el-folclor\/","og_site_name":"AR Digital Noticias","article_published_time":"2025-08-17T16:02:02+00:00","article_modified_time":"2025-08-17T16:02:03+00:00","og_image":[{"width":2560,"height":1440,"url":"https:\/\/ardigitalnoticias.com\/wp-content\/uploads\/2025\/08\/InShot_20250817_105332709-scaled.jpg","type":"image\/jpeg"}],"author":"AR Digital Noticias","twitter_card":"summary_large_image","twitter_misc":{"Escrito por":"AR Digital Noticias","Tiempo de lectura":"2 minutos"},"schema":{"@context":"https:\/\/schema.org","@graph":[{"@type":"Article","@id":"https:\/\/ardigitalnoticias.com\/index.php\/2025\/08\/17\/concejo-municipal-de-garzon-rindio-homenaje-a-parejos-del-festival-de-la-alegria-y-el-folclor\/#article","isPartOf":{"@id":"https:\/\/ardigitalnoticias.com\/index.php\/2025\/08\/17\/concejo-municipal-de-garzon-rindio-homenaje-a-parejos-del-festival-de-la-alegria-y-el-folclor\/"},"author":{"name":"AR Digital Noticias","@id":"https:\/\/ardigitalnoticias.com\/#\/schema\/person\/3f1b0a96e890d8cba89a76c7558a147c"},"headline":"CONCEJO MUNICIPAL DE GARZ\u00d3N, RINDI\u00d3 HOMENAJE A PAREJOS DEL FESTIVAL DE LA ALEGR\u00cdA Y EL FOLCLOR.","datePublished":"2025-08-17T16:02:02+00:00","dateModified":"2025-08-17T16:02:03+00:00","mainEntityOfPage":{"@id":"https:\/\/ardigitalnoticias.com\/index.php\/2025\/08\/17\/concejo-municipal-de-garzon-rindio-homenaje-a-parejos-del-festival-de-la-alegria-y-el-folclor\/"},"wordCount":278,"commentCount":0,"publisher":{"@id":"https:\/\/ardigitalnoticias.com\/#organization"},"image":{"@id":"https:\/\/ardigitalnoticias.com\/index.php\/2025\/08\/17\/concejo-municipal-de-garzon-rindio-homenaje-a-parejos-del-festival-de-la-alegria-y-el-folclor\/#primaryimage"},"thumbnailUrl":"https:\/\/ardigitalnoticias.com\/wp-content\/uploads\/2025\/08\/InShot_20250817_105332709-scaled.jpg","articleSection":["Actualidad","Centro","Garz\u00f3n","Regional"],"inLanguage":"es","potentialAction":[{"@type":"CommentAction","name":"Comment","target":["https:\/\/ardigitalnoticias.com\/index.php\/2025\/08\/17\/concejo-municipal-de-garzon-rindio-homenaje-a-parejos-del-festival-de-la-alegria-y-el-folclor\/#respond"]}]},{"@type":"WebPage","@id":"https:\/\/ardigitalnoticias.com\/index.php\/2025\/08\/17\/concejo-municipal-de-garzon-rindio-homenaje-a-parejos-del-festival-de-la-alegria-y-el-folclor\/","url":"https:\/\/ardigitalnoticias.com\/index.php\/2025\/08\/17\/concejo-municipal-de-garzon-rindio-homenaje-a-parejos-del-festival-de-la-alegria-y-el-folclor\/","name":"CONCEJO MUNICIPAL DE GARZ\u00d3N, RINDI\u00d3 HOMENAJE A PAREJOS DEL FESTIVAL DE LA ALEGR\u00cdA Y EL FOLCLOR. - AR Digital Noticias","isPartOf":{"@id":"https:\/\/ardigitalnoticias.com\/#website"},"primaryImageOfPage":{"@id":"https:\/\/ardigitalnoticias.com\/index.php\/2025\/08\/17\/concejo-municipal-de-garzon-rindio-homenaje-a-parejos-del-festival-de-la-alegria-y-el-folclor\/#primaryimage"},"image":{"@id":"https:\/\/ardigitalnoticias.com\/index.php\/2025\/08\/17\/concejo-municipal-de-garzon-rindio-homenaje-a-parejos-del-festival-de-la-alegria-y-el-folclor\/#primaryimage"},"thumbnailUrl":"https:\/\/ardigitalnoticias.com\/wp-content\/uploads\/2025\/08\/InShot_20250817_105332709-scaled.jpg","datePublished":"2025-08-17T16:02:02+00:00","dateModified":"2025-08-17T16:02:03+00:00","breadcrumb":{"@id":"https:\/\/ardigitalnoticias.com\/index.php\/2025\/08\/17\/concejo-municipal-de-garzon-rindio-homenaje-a-parejos-del-festival-de-la-alegria-y-el-folclor\/#breadcrumb"},"inLanguage":"es","potentialAction":[{"@type":"ReadAction","target":["https:\/\/ardigitalnoticias.com\/index.php\/2025\/08\/17\/concejo-municipal-de-garzon-rindio-homenaje-a-parejos-del-festival-de-la-alegria-y-el-folclor\/"]}]},{"@type":"ImageObject","inLanguage":"es","@id":"https:\/\/ardigitalnoticias.com\/index.php\/2025\/08\/17\/concejo-municipal-de-garzon-rindio-homenaje-a-parejos-del-festival-de-la-alegria-y-el-folclor\/#primaryimage","url":"https:\/\/ardigitalnoticias.com\/wp-content\/uploads\/2025\/08\/InShot_20250817_105332709-scaled.jpg","contentUrl":"https:\/\/ardigitalnoticias.com\/wp-content\/uploads\/2025\/08\/InShot_20250817_105332709-scaled.jpg","width":2560,"height":1440},{"@type":"BreadcrumbList","@id":"https:\/\/ardigitalnoticias.com\/index.php\/2025\/08\/17\/concejo-municipal-de-garzon-rindio-homenaje-a-parejos-del-festival-de-la-alegria-y-el-folclor\/#breadcrumb","itemListElement":[{"@type":"ListItem","position":1,"name":"Portada","item":"https:\/\/ardigitalnoticias.com\/"},{"@type":"ListItem","position":2,"name":"CONCEJO MUNICIPAL DE GARZ\u00d3N, RINDI\u00d3 HOMENAJE A PAREJOS DEL FESTIVAL DE LA ALEGR\u00cdA Y EL FOLCLOR."}]},{"@type":"WebSite","@id":"https:\/\/ardigitalnoticias.com\/#website","url":"https:\/\/ardigitalnoticias.com\/","name":"AR Digital Noticias","description":"","publisher":{"@id":"https:\/\/ardigitalnoticias.com\/#organization"},"potentialAction":[{"@type":"SearchAction","target":{"@type":"EntryPoint","urlTemplate":"https:\/\/ardigitalnoticias.com\/?s={search_term_string}"},"query-input":{"@type":"PropertyValueSpecification","valueRequired":true,"valueName":"search_term_string"}}],"inLanguage":"es"},{"@type":"Organization","@id":"https:\/\/ardigitalnoticias.com\/#organization","name":"AR Digital Noticias","url":"https:\/\/ardigitalnoticias.com\/","logo":{"@type":"ImageObject","inLanguage":"es","@id":"https:\/\/ardigitalnoticias.com\/#\/schema\/logo\/image\/","url":"https:\/\/ardigitalnoticias.com\/wp-content\/uploads\/2023\/11\/cropped-cropped-cropped-cropped-AR-Digital-Noticias-1.png","contentUrl":"https:\/\/ardigitalnoticias.com\/wp-content\/uploads\/2023\/11\/cropped-cropped-cropped-cropped-AR-Digital-Noticias-1.png","width":972,"height":306,"caption":"AR Digital Noticias"},"image":{"@id":"https:\/\/ardigitalnoticias.com\/#\/schema\/logo\/image\/"}},{"@type":"Person","@id":"https:\/\/ardigitalnoticias.com\/#\/schema\/person\/3f1b0a96e890d8cba89a76c7558a147c","name":"AR Digital Noticias","image":{"@type":"ImageObject","inLanguage":"es","@id":"https:\/\/secure.gravatar.com\/avatar\/55d1acd2f9cac74c99f42fcb5090c2f994204a6f6c571cf4c3001ae692cb9b34?s=96&d=mm&r=g","url":"https:\/\/secure.gravatar.com\/avatar\/55d1acd2f9cac74c99f42fcb5090c2f994204a6f6c571cf4c3001ae692cb9b34?s=96&d=mm&r=g","contentUrl":"https:\/\/secure.gravatar.com\/avatar\/55d1acd2f9cac74c99f42fcb5090c2f994204a6f6c571cf4c3001ae692cb9b34?s=96&d=mm&r=g","caption":"AR Digital Noticias"},"sameAs":["http:\/\/ardigitalnoticias.com"],"url":"https:\/\/ardigitalnoticias.com\/index.php\/author\/editorial\/"}]}},"_links":{"self":[{"href":"https:\/\/ardigitalnoticias.com\/index.php\/wp-json\/wp\/v2\/posts\/8289","targetHints":{"allow":["GET"]}}],"collection":[{"href":"https:\/\/ardigitalnoticias.com\/index.php\/wp-json\/wp\/v2\/posts"}],"about":[{"href":"https:\/\/ardigitalnoticias.com\/index.php\/wp-json\/wp\/v2\/types\/post"}],"author":[{"embeddable":true,"href":"https:\/\/ardigitalnoticias.com\/index.php\/wp-json\/wp\/v2\/users\/2"}],"replies":[{"embeddable":true,"href":"https:\/\/ardigitalnoticias.com\/index.php\/wp-json\/wp\/v2\/comments?post=8289"}],"version-history":[{"count":2,"href":"https:\/\/ardigitalnoticias.com\/index.php\/wp-json\/wp\/v2\/posts\/8289\/revisions"}],"predecessor-version":[{"id":8298,"href":"https:\/\/ardigitalnoticias.com\/index.php\/wp-json\/wp\/v2\/posts\/8289\/revisions\/8298"}],"wp:featuredmedia":[{"embeddable":true,"href":"https:\/\/ardigitalnoticias.com\/index.php\/wp-json\/wp\/v2\/media\/8290"}],"wp:attachment":[{"href":"https:\/\/ardigitalnoticias.com\/index.php\/wp-json\/wp\/v2\/media?parent=8289"}],"wp:term":[{"taxonomy":"category","embeddable":true,"href":"https:\/\/ardigitalnoticias.com\/index.php\/wp-json\/wp\/v2\/categories?post=8289"},{"taxonomy":"post_tag","embeddable":true,"href":"https:\/\/ardigitalnoticias.com\/index.php\/wp-json\/wp\/v2\/tags?post=8289"}],"curies":[{"name":"wp","href":"https:\/\/api.w.org\/{rel}","templated":true}]}}