{"id":8283,"date":"2025-08-13T17:09:27","date_gmt":"2025-08-13T22:09:27","guid":{"rendered":"https:\/\/ardigitalnoticias.com\/?p=8283"},"modified":"2025-08-13T17:09:31","modified_gmt":"2025-08-13T22:09:31","slug":"alejandro-poveda-conde-lleva-el-nombre-de-garzon-al-encuentro-binacional-de-investigadores-en-brasil","status":"publish","type":"post","link":"https:\/\/ardigitalnoticias.com\/index.php\/2025\/08\/13\/alejandro-poveda-conde-lleva-el-nombre-de-garzon-al-encuentro-binacional-de-investigadores-en-brasil\/","title":{"rendered":"ALEJANDRO POVEDA CONDE LLEVA EL NOMBRE DE GARZ\u00d3N AL ENCUENTRO BINACIONAL DE INVESTIGADORES EN BRASIL"},"content":{"rendered":"\n<p>La Universidad Surcolombiana (USCO) marca presencia internacional en el Encuentro Binacional de Investigadores de Postgrado, un evento acad\u00e9mico que se desarrolla desde hoy y hasta el 15 de agosto en la Universidad Federal del Estado de R\u00edo de Janeiro (UNIRIO), en Brasil.<\/p>\n\n\n\n<p><strong>POR: ANDR\u00c9S RODR\u00cdGUEZ. <\/strong><\/p>\n\n\n<div class=\"wp-block-image\">\n<figure class=\"aligncenter size-large\"><img loading=\"lazy\" decoding=\"async\" width=\"768\" height=\"1024\" src=\"https:\/\/ardigitalnoticias.com\/wp-content\/uploads\/2025\/08\/IMG-20250813-WA1088-768x1024.jpg\" alt=\"\" class=\"wp-image-8276\" srcset=\"https:\/\/ardigitalnoticias.com\/wp-content\/uploads\/2025\/08\/IMG-20250813-WA1088-768x1024.jpg 768w, https:\/\/ardigitalnoticias.com\/wp-content\/uploads\/2025\/08\/IMG-20250813-WA1088-450x600.jpg 450w, https:\/\/ardigitalnoticias.com\/wp-content\/uploads\/2025\/08\/IMG-20250813-WA1088-225x300.jpg 225w, https:\/\/ardigitalnoticias.com\/wp-content\/uploads\/2025\/08\/IMG-20250813-WA1088-1152x1536.jpg 1152w, https:\/\/ardigitalnoticias.com\/wp-content\/uploads\/2025\/08\/IMG-20250813-WA1088-315x420.jpg 315w, https:\/\/ardigitalnoticias.com\/wp-content\/uploads\/2025\/08\/IMG-20250813-WA1088-150x200.jpg 150w, https:\/\/ardigitalnoticias.com\/wp-content\/uploads\/2025\/08\/IMG-20250813-WA1088-300x400.jpg 300w, https:\/\/ardigitalnoticias.com\/wp-content\/uploads\/2025\/08\/IMG-20250813-WA1088-696x928.jpg 696w, https:\/\/ardigitalnoticias.com\/wp-content\/uploads\/2025\/08\/IMG-20250813-WA1088-1068x1424.jpg 1068w, https:\/\/ardigitalnoticias.com\/wp-content\/uploads\/2025\/08\/IMG-20250813-WA1088.jpg 1200w\" sizes=\"auto, (max-width: 768px) 100vw, 768px\" \/><\/figure>\n<\/div>\n\n\n<p>Entre los representantes de la instituci\u00f3n se encuentra el garzone\u00f1o Alejandro Poveda Conde, quien junto a otros investigadores y docentes fortalece el intercambio de saberes y la proyecci\u00f3n cient\u00edfica de la regi\u00f3n en el \u00e1mbito internacional.<\/p>\n\n\n<div class=\"wp-block-image\">\n<figure class=\"aligncenter size-large\"><img loading=\"lazy\" decoding=\"async\" width=\"1024\" height=\"1024\" src=\"https:\/\/ardigitalnoticias.com\/wp-content\/uploads\/2025\/08\/1755119630092-1024x1024.jpg\" alt=\"\" class=\"wp-image-8272\" srcset=\"https:\/\/ardigitalnoticias.com\/wp-content\/uploads\/2025\/08\/1755119630092-1024x1024.jpg 1024w, https:\/\/ardigitalnoticias.com\/wp-content\/uploads\/2025\/08\/1755119630092-600x600.jpg 600w, https:\/\/ardigitalnoticias.com\/wp-content\/uploads\/2025\/08\/1755119630092-300x300.jpg 300w, https:\/\/ardigitalnoticias.com\/wp-content\/uploads\/2025\/08\/1755119630092-768x768.jpg 768w, https:\/\/ardigitalnoticias.com\/wp-content\/uploads\/2025\/08\/1755119630092-420x420.jpg 420w, https:\/\/ardigitalnoticias.com\/wp-content\/uploads\/2025\/08\/1755119630092-150x150.jpg 150w, https:\/\/ardigitalnoticias.com\/wp-content\/uploads\/2025\/08\/1755119630092-696x696.jpg 696w, https:\/\/ardigitalnoticias.com\/wp-content\/uploads\/2025\/08\/1755119630092-1068x1068.jpg 1068w, https:\/\/ardigitalnoticias.com\/wp-content\/uploads\/2025\/08\/1755119630092.jpg 1280w\" sizes=\"auto, (max-width: 1024px) 100vw, 1024px\" \/><\/figure>\n<\/div>\n\n\n<p>La delegaci\u00f3n de la USCO est\u00e1 conformada por: Alejandro Pinz\u00f3n Tovar, Wilmer Botache Capera y Alejandro Poveda Conde \u2014todos doctorandos de la Universidad Surcolombiana\u2014; Nicol\u00e1s N\u00fa\u00f1ez G\u00f3mez, coordinador del Doctorado; Dolly Arias Torres, decana; Juan Camilo Calder\u00f3n Farf\u00e1n, docente del Doctorado; Yeimy Acevedo Ninco, doctoranda en el marco del convenio USCO \u2013 Universidad de Cear\u00e1; y Nohora Montero Garc\u00eda, docente del Departamento de Salud P\u00fablica.<\/p>\n\n\n<div class=\"wp-block-image\">\n<figure class=\"aligncenter size-large\"><img loading=\"lazy\" decoding=\"async\" width=\"1024\" height=\"768\" src=\"https:\/\/ardigitalnoticias.com\/wp-content\/uploads\/2025\/08\/IMG-20250813-WA1091-1024x768.jpg\" alt=\"\" class=\"wp-image-8273\" srcset=\"https:\/\/ardigitalnoticias.com\/wp-content\/uploads\/2025\/08\/IMG-20250813-WA1091-1024x768.jpg 1024w, https:\/\/ardigitalnoticias.com\/wp-content\/uploads\/2025\/08\/IMG-20250813-WA1091-600x450.jpg 600w, https:\/\/ardigitalnoticias.com\/wp-content\/uploads\/2025\/08\/IMG-20250813-WA1091-300x225.jpg 300w, https:\/\/ardigitalnoticias.com\/wp-content\/uploads\/2025\/08\/IMG-20250813-WA1091-768x576.jpg 768w, https:\/\/ardigitalnoticias.com\/wp-content\/uploads\/2025\/08\/IMG-20250813-WA1091-1536x1152.jpg 1536w, https:\/\/ardigitalnoticias.com\/wp-content\/uploads\/2025\/08\/IMG-20250813-WA1091-560x420.jpg 560w, https:\/\/ardigitalnoticias.com\/wp-content\/uploads\/2025\/08\/IMG-20250813-WA1091-80x60.jpg 80w, https:\/\/ardigitalnoticias.com\/wp-content\/uploads\/2025\/08\/IMG-20250813-WA1091-150x113.jpg 150w, https:\/\/ardigitalnoticias.com\/wp-content\/uploads\/2025\/08\/IMG-20250813-WA1091-696x522.jpg 696w, https:\/\/ardigitalnoticias.com\/wp-content\/uploads\/2025\/08\/IMG-20250813-WA1091-1068x801.jpg 1068w, https:\/\/ardigitalnoticias.com\/wp-content\/uploads\/2025\/08\/IMG-20250813-WA1091.jpg 1600w\" sizes=\"auto, (max-width: 1024px) 100vw, 1024px\" \/><\/figure>\n<\/div>\n\n\n<p>Este importante encuentro acad\u00e9mico re\u00fane a investigadores de diferentes pa\u00edses para compartir avances cient\u00edficos, metodolog\u00edas y resultados de proyectos de investigaci\u00f3n de alto impacto. Seg\u00fan la USCO, el objetivo principal es fortalecer la cooperaci\u00f3n internacional, crear redes de conocimiento y consolidar la investigaci\u00f3n de alto nivel como motor de desarrollo para las comunidades.<\/p>\n\n\n\n<p>La presencia de la Universidad Surcolombiana en este espacio no solo ratifica su compromiso con la formaci\u00f3n avanzada, sino que tambi\u00e9n impulsa la visibilidad de investigadores huilenses que contribuyen a la ciencia y la innovaci\u00f3n desde el sur del pa\u00eds.<\/p>\n\n\n<div class=\"wp-block-image\">\n<figure class=\"aligncenter size-large\"><img loading=\"lazy\" decoding=\"async\" width=\"826\" height=\"1024\" src=\"https:\/\/ardigitalnoticias.com\/wp-content\/uploads\/2025\/08\/IMG-20250813-WA1090-826x1024.jpg\" alt=\"\" class=\"wp-image-8274\" srcset=\"https:\/\/ardigitalnoticias.com\/wp-content\/uploads\/2025\/08\/IMG-20250813-WA1090-826x1024.jpg 826w, https:\/\/ardigitalnoticias.com\/wp-content\/uploads\/2025\/08\/IMG-20250813-WA1090-484x600.jpg 484w, https:\/\/ardigitalnoticias.com\/wp-content\/uploads\/2025\/08\/IMG-20250813-WA1090-242x300.jpg 242w, https:\/\/ardigitalnoticias.com\/wp-content\/uploads\/2025\/08\/IMG-20250813-WA1090-768x952.jpg 768w, https:\/\/ardigitalnoticias.com\/wp-content\/uploads\/2025\/08\/IMG-20250813-WA1090-1239x1536.jpg 1239w, https:\/\/ardigitalnoticias.com\/wp-content\/uploads\/2025\/08\/IMG-20250813-WA1090-339x420.jpg 339w, https:\/\/ardigitalnoticias.com\/wp-content\/uploads\/2025\/08\/IMG-20250813-WA1090-150x186.jpg 150w, https:\/\/ardigitalnoticias.com\/wp-content\/uploads\/2025\/08\/IMG-20250813-WA1090-300x372.jpg 300w, https:\/\/ardigitalnoticias.com\/wp-content\/uploads\/2025\/08\/IMG-20250813-WA1090-696x863.jpg 696w, https:\/\/ardigitalnoticias.com\/wp-content\/uploads\/2025\/08\/IMG-20250813-WA1090-1068x1324.jpg 1068w, https:\/\/ardigitalnoticias.com\/wp-content\/uploads\/2025\/08\/IMG-20250813-WA1090.jpg 1291w\" sizes=\"auto, (max-width: 826px) 100vw, 826px\" \/><\/figure>\n<\/div>","protected":false},"excerpt":{"rendered":"<p>La Universidad Surcolombiana (USCO) marca presencia internacional en el Encuentro Binacional de Investigadores de Postgrado, un evento acad\u00e9mico que se desarrolla desde hoy y hasta el 15 de agosto en la Universidad Federal del Estado de R\u00edo de Janeiro (UNIRIO), en Brasil. POR: ANDR\u00c9S RODR\u00cdGUEZ. Entre los representantes de la instituci\u00f3n se encuentra el garzone\u00f1o [&hellip;]<\/p>\n","protected":false},"author":2,"featured_media":8271,"comment_status":"open","ping_status":"open","sticky":false,"template":"","format":"standard","meta":{"_acf_changed":false,"_joinchat":[],"footnotes":""},"categories":[1,25,21,19],"tags":[],"class_list":{"0":"post-8283","1":"post","2":"type-post","3":"status-publish","4":"format-standard","5":"has-post-thumbnail","7":"category-actualidad","8":"category-centro","9":"category-locales","10":"category-regional"},"acf":[],"yoast_head":"<!-- This site is optimized with the Yoast SEO plugin v27.5 - https:\/\/yoast.com\/product\/yoast-seo-wordpress\/ -->\n<title>ALEJANDRO POVEDA CONDE LLEVA EL NOMBRE DE GARZ\u00d3N AL ENCUENTRO BINACIONAL DE INVESTIGADORES EN BRASIL - AR Digital Noticias<\/title>\n<meta name=\"robots\" content=\"index, follow, max-snippet:-1, max-image-preview:large, max-video-preview:-1\" \/>\n<link rel=\"canonical\" href=\"https:\/\/ardigitalnoticias.com\/index.php\/2025\/08\/13\/alejandro-poveda-conde-lleva-el-nombre-de-garzon-al-encuentro-binacional-de-investigadores-en-brasil\/\" \/>\n<meta property=\"og:locale\" content=\"es_ES\" \/>\n<meta property=\"og:type\" content=\"article\" \/>\n<meta property=\"og:title\" content=\"ALEJANDRO POVEDA CONDE LLEVA EL NOMBRE DE GARZ\u00d3N AL ENCUENTRO BINACIONAL DE INVESTIGADORES EN BRASIL - AR Digital Noticias\" \/>\n<meta property=\"og:description\" content=\"La Universidad Surcolombiana (USCO) marca presencia internacional en el Encuentro Binacional de Investigadores de Postgrado, un evento acad\u00e9mico que se desarrolla desde hoy y hasta el 15 de agosto en la Universidad Federal del Estado de R\u00edo de Janeiro (UNIRIO), en Brasil. POR: ANDR\u00c9S RODR\u00cdGUEZ. Entre los representantes de la instituci\u00f3n se encuentra el garzone\u00f1o [&hellip;]\" \/>\n<meta property=\"og:url\" content=\"https:\/\/ardigitalnoticias.com\/index.php\/2025\/08\/13\/alejandro-poveda-conde-lleva-el-nombre-de-garzon-al-encuentro-binacional-de-investigadores-en-brasil\/\" \/>\n<meta property=\"og:site_name\" content=\"AR Digital Noticias\" \/>\n<meta property=\"article:published_time\" content=\"2025-08-13T22:09:27+00:00\" \/>\n<meta property=\"article:modified_time\" content=\"2025-08-13T22:09:31+00:00\" \/>\n<meta property=\"og:image\" content=\"https:\/\/ardigitalnoticias.com\/wp-content\/uploads\/2025\/08\/InShot_20250813_161648724-scaled.jpg\" \/>\n\t<meta property=\"og:image:width\" content=\"2560\" \/>\n\t<meta property=\"og:image:height\" content=\"1440\" \/>\n\t<meta property=\"og:image:type\" content=\"image\/jpeg\" \/>\n<meta name=\"author\" content=\"AR Digital Noticias\" \/>\n<meta name=\"twitter:card\" content=\"summary_large_image\" \/>\n<meta name=\"twitter:label1\" content=\"Escrito por\" \/>\n\t<meta name=\"twitter:data1\" content=\"AR Digital Noticias\" \/>\n\t<meta name=\"twitter:label2\" content=\"Tiempo de lectura\" \/>\n\t<meta name=\"twitter:data2\" content=\"3 minutos\" \/>\n<script type=\"application\/ld+json\" class=\"yoast-schema-graph\">{\"@context\":\"https:\\\/\\\/schema.org\",\"@graph\":[{\"@type\":\"Article\",\"@id\":\"https:\\\/\\\/ardigitalnoticias.com\\\/index.php\\\/2025\\\/08\\\/13\\\/alejandro-poveda-conde-lleva-el-nombre-de-garzon-al-encuentro-binacional-de-investigadores-en-brasil\\\/#article\",\"isPartOf\":{\"@id\":\"https:\\\/\\\/ardigitalnoticias.com\\\/index.php\\\/2025\\\/08\\\/13\\\/alejandro-poveda-conde-lleva-el-nombre-de-garzon-al-encuentro-binacional-de-investigadores-en-brasil\\\/\"},\"author\":{\"name\":\"AR Digital Noticias\",\"@id\":\"https:\\\/\\\/ardigitalnoticias.com\\\/#\\\/schema\\\/person\\\/3f1b0a96e890d8cba89a76c7558a147c\"},\"headline\":\"ALEJANDRO POVEDA CONDE LLEVA EL NOMBRE DE GARZ\u00d3N AL ENCUENTRO BINACIONAL DE INVESTIGADORES EN BRASIL\",\"datePublished\":\"2025-08-13T22:09:27+00:00\",\"dateModified\":\"2025-08-13T22:09:31+00:00\",\"mainEntityOfPage\":{\"@id\":\"https:\\\/\\\/ardigitalnoticias.com\\\/index.php\\\/2025\\\/08\\\/13\\\/alejandro-poveda-conde-lleva-el-nombre-de-garzon-al-encuentro-binacional-de-investigadores-en-brasil\\\/\"},\"wordCount\":284,\"commentCount\":0,\"publisher\":{\"@id\":\"https:\\\/\\\/ardigitalnoticias.com\\\/#organization\"},\"image\":{\"@id\":\"https:\\\/\\\/ardigitalnoticias.com\\\/index.php\\\/2025\\\/08\\\/13\\\/alejandro-poveda-conde-lleva-el-nombre-de-garzon-al-encuentro-binacional-de-investigadores-en-brasil\\\/#primaryimage\"},\"thumbnailUrl\":\"https:\\\/\\\/ardigitalnoticias.com\\\/wp-content\\\/uploads\\\/2025\\\/08\\\/InShot_20250813_161648724-scaled.jpg\",\"articleSection\":[\"Actualidad\",\"Centro\",\"Garz\u00f3n\",\"Regional\"],\"inLanguage\":\"es\",\"potentialAction\":[{\"@type\":\"CommentAction\",\"name\":\"Comment\",\"target\":[\"https:\\\/\\\/ardigitalnoticias.com\\\/index.php\\\/2025\\\/08\\\/13\\\/alejandro-poveda-conde-lleva-el-nombre-de-garzon-al-encuentro-binacional-de-investigadores-en-brasil\\\/#respond\"]}]},{\"@type\":\"WebPage\",\"@id\":\"https:\\\/\\\/ardigitalnoticias.com\\\/index.php\\\/2025\\\/08\\\/13\\\/alejandro-poveda-conde-lleva-el-nombre-de-garzon-al-encuentro-binacional-de-investigadores-en-brasil\\\/\",\"url\":\"https:\\\/\\\/ardigitalnoticias.com\\\/index.php\\\/2025\\\/08\\\/13\\\/alejandro-poveda-conde-lleva-el-nombre-de-garzon-al-encuentro-binacional-de-investigadores-en-brasil\\\/\",\"name\":\"ALEJANDRO POVEDA CONDE LLEVA EL NOMBRE DE GARZ\u00d3N AL ENCUENTRO BINACIONAL DE INVESTIGADORES EN BRASIL - AR Digital Noticias\",\"isPartOf\":{\"@id\":\"https:\\\/\\\/ardigitalnoticias.com\\\/#website\"},\"primaryImageOfPage\":{\"@id\":\"https:\\\/\\\/ardigitalnoticias.com\\\/index.php\\\/2025\\\/08\\\/13\\\/alejandro-poveda-conde-lleva-el-nombre-de-garzon-al-encuentro-binacional-de-investigadores-en-brasil\\\/#primaryimage\"},\"image\":{\"@id\":\"https:\\\/\\\/ardigitalnoticias.com\\\/index.php\\\/2025\\\/08\\\/13\\\/alejandro-poveda-conde-lleva-el-nombre-de-garzon-al-encuentro-binacional-de-investigadores-en-brasil\\\/#primaryimage\"},\"thumbnailUrl\":\"https:\\\/\\\/ardigitalnoticias.com\\\/wp-content\\\/uploads\\\/2025\\\/08\\\/InShot_20250813_161648724-scaled.jpg\",\"datePublished\":\"2025-08-13T22:09:27+00:00\",\"dateModified\":\"2025-08-13T22:09:31+00:00\",\"breadcrumb\":{\"@id\":\"https:\\\/\\\/ardigitalnoticias.com\\\/index.php\\\/2025\\\/08\\\/13\\\/alejandro-poveda-conde-lleva-el-nombre-de-garzon-al-encuentro-binacional-de-investigadores-en-brasil\\\/#breadcrumb\"},\"inLanguage\":\"es\",\"potentialAction\":[{\"@type\":\"ReadAction\",\"target\":[\"https:\\\/\\\/ardigitalnoticias.com\\\/index.php\\\/2025\\\/08\\\/13\\\/alejandro-poveda-conde-lleva-el-nombre-de-garzon-al-encuentro-binacional-de-investigadores-en-brasil\\\/\"]}]},{\"@type\":\"ImageObject\",\"inLanguage\":\"es\",\"@id\":\"https:\\\/\\\/ardigitalnoticias.com\\\/index.php\\\/2025\\\/08\\\/13\\\/alejandro-poveda-conde-lleva-el-nombre-de-garzon-al-encuentro-binacional-de-investigadores-en-brasil\\\/#primaryimage\",\"url\":\"https:\\\/\\\/ardigitalnoticias.com\\\/wp-content\\\/uploads\\\/2025\\\/08\\\/InShot_20250813_161648724-scaled.jpg\",\"contentUrl\":\"https:\\\/\\\/ardigitalnoticias.com\\\/wp-content\\\/uploads\\\/2025\\\/08\\\/InShot_20250813_161648724-scaled.jpg\",\"width\":2560,\"height\":1440},{\"@type\":\"BreadcrumbList\",\"@id\":\"https:\\\/\\\/ardigitalnoticias.com\\\/index.php\\\/2025\\\/08\\\/13\\\/alejandro-poveda-conde-lleva-el-nombre-de-garzon-al-encuentro-binacional-de-investigadores-en-brasil\\\/#breadcrumb\",\"itemListElement\":[{\"@type\":\"ListItem\",\"position\":1,\"name\":\"Portada\",\"item\":\"https:\\\/\\\/ardigitalnoticias.com\\\/\"},{\"@type\":\"ListItem\",\"position\":2,\"name\":\"ALEJANDRO POVEDA CONDE LLEVA EL NOMBRE DE GARZ\u00d3N AL ENCUENTRO BINACIONAL DE INVESTIGADORES EN BRASIL\"}]},{\"@type\":\"WebSite\",\"@id\":\"https:\\\/\\\/ardigitalnoticias.com\\\/#website\",\"url\":\"https:\\\/\\\/ardigitalnoticias.com\\\/\",\"name\":\"AR Digital Noticias\",\"description\":\"\",\"publisher\":{\"@id\":\"https:\\\/\\\/ardigitalnoticias.com\\\/#organization\"},\"potentialAction\":[{\"@type\":\"SearchAction\",\"target\":{\"@type\":\"EntryPoint\",\"urlTemplate\":\"https:\\\/\\\/ardigitalnoticias.com\\\/?s={search_term_string}\"},\"query-input\":{\"@type\":\"PropertyValueSpecification\",\"valueRequired\":true,\"valueName\":\"search_term_string\"}}],\"inLanguage\":\"es\"},{\"@type\":\"Organization\",\"@id\":\"https:\\\/\\\/ardigitalnoticias.com\\\/#organization\",\"name\":\"AR Digital Noticias\",\"url\":\"https:\\\/\\\/ardigitalnoticias.com\\\/\",\"logo\":{\"@type\":\"ImageObject\",\"inLanguage\":\"es\",\"@id\":\"https:\\\/\\\/ardigitalnoticias.com\\\/#\\\/schema\\\/logo\\\/image\\\/\",\"url\":\"https:\\\/\\\/ardigitalnoticias.com\\\/wp-content\\\/uploads\\\/2023\\\/11\\\/cropped-cropped-cropped-cropped-AR-Digital-Noticias-1.png\",\"contentUrl\":\"https:\\\/\\\/ardigitalnoticias.com\\\/wp-content\\\/uploads\\\/2023\\\/11\\\/cropped-cropped-cropped-cropped-AR-Digital-Noticias-1.png\",\"width\":972,\"height\":306,\"caption\":\"AR Digital Noticias\"},\"image\":{\"@id\":\"https:\\\/\\\/ardigitalnoticias.com\\\/#\\\/schema\\\/logo\\\/image\\\/\"}},{\"@type\":\"Person\",\"@id\":\"https:\\\/\\\/ardigitalnoticias.com\\\/#\\\/schema\\\/person\\\/3f1b0a96e890d8cba89a76c7558a147c\",\"name\":\"AR Digital Noticias\",\"image\":{\"@type\":\"ImageObject\",\"inLanguage\":\"es\",\"@id\":\"https:\\\/\\\/secure.gravatar.com\\\/avatar\\\/55d1acd2f9cac74c99f42fcb5090c2f994204a6f6c571cf4c3001ae692cb9b34?s=96&d=mm&r=g\",\"url\":\"https:\\\/\\\/secure.gravatar.com\\\/avatar\\\/55d1acd2f9cac74c99f42fcb5090c2f994204a6f6c571cf4c3001ae692cb9b34?s=96&d=mm&r=g\",\"contentUrl\":\"https:\\\/\\\/secure.gravatar.com\\\/avatar\\\/55d1acd2f9cac74c99f42fcb5090c2f994204a6f6c571cf4c3001ae692cb9b34?s=96&d=mm&r=g\",\"caption\":\"AR Digital Noticias\"},\"sameAs\":[\"http:\\\/\\\/ardigitalnoticias.com\"],\"url\":\"https:\\\/\\\/ardigitalnoticias.com\\\/index.php\\\/author\\\/editorial\\\/\"}]}<\/script>\n<!-- \/ Yoast SEO plugin. -->","yoast_head_json":{"title":"ALEJANDRO POVEDA CONDE LLEVA EL NOMBRE DE GARZ\u00d3N AL ENCUENTRO BINACIONAL DE INVESTIGADORES EN BRASIL - AR Digital Noticias","robots":{"index":"index","follow":"follow","max-snippet":"max-snippet:-1","max-image-preview":"max-image-preview:large","max-video-preview":"max-video-preview:-1"},"canonical":"https:\/\/ardigitalnoticias.com\/index.php\/2025\/08\/13\/alejandro-poveda-conde-lleva-el-nombre-de-garzon-al-encuentro-binacional-de-investigadores-en-brasil\/","og_locale":"es_ES","og_type":"article","og_title":"ALEJANDRO POVEDA CONDE LLEVA EL NOMBRE DE GARZ\u00d3N AL ENCUENTRO BINACIONAL DE INVESTIGADORES EN BRASIL - AR Digital Noticias","og_description":"La Universidad Surcolombiana (USCO) marca presencia internacional en el Encuentro Binacional de Investigadores de Postgrado, un evento acad\u00e9mico que se desarrolla desde hoy y hasta el 15 de agosto en la Universidad Federal del Estado de R\u00edo de Janeiro (UNIRIO), en Brasil. POR: ANDR\u00c9S RODR\u00cdGUEZ. Entre los representantes de la instituci\u00f3n se encuentra el garzone\u00f1o [&hellip;]","og_url":"https:\/\/ardigitalnoticias.com\/index.php\/2025\/08\/13\/alejandro-poveda-conde-lleva-el-nombre-de-garzon-al-encuentro-binacional-de-investigadores-en-brasil\/","og_site_name":"AR Digital Noticias","article_published_time":"2025-08-13T22:09:27+00:00","article_modified_time":"2025-08-13T22:09:31+00:00","og_image":[{"width":2560,"height":1440,"url":"https:\/\/ardigitalnoticias.com\/wp-content\/uploads\/2025\/08\/InShot_20250813_161648724-scaled.jpg","type":"image\/jpeg"}],"author":"AR Digital Noticias","twitter_card":"summary_large_image","twitter_misc":{"Escrito por":"AR Digital Noticias","Tiempo de lectura":"3 minutos"},"schema":{"@context":"https:\/\/schema.org","@graph":[{"@type":"Article","@id":"https:\/\/ardigitalnoticias.com\/index.php\/2025\/08\/13\/alejandro-poveda-conde-lleva-el-nombre-de-garzon-al-encuentro-binacional-de-investigadores-en-brasil\/#article","isPartOf":{"@id":"https:\/\/ardigitalnoticias.com\/index.php\/2025\/08\/13\/alejandro-poveda-conde-lleva-el-nombre-de-garzon-al-encuentro-binacional-de-investigadores-en-brasil\/"},"author":{"name":"AR Digital Noticias","@id":"https:\/\/ardigitalnoticias.com\/#\/schema\/person\/3f1b0a96e890d8cba89a76c7558a147c"},"headline":"ALEJANDRO POVEDA CONDE LLEVA EL NOMBRE DE GARZ\u00d3N AL ENCUENTRO BINACIONAL DE INVESTIGADORES EN BRASIL","datePublished":"2025-08-13T22:09:27+00:00","dateModified":"2025-08-13T22:09:31+00:00","mainEntityOfPage":{"@id":"https:\/\/ardigitalnoticias.com\/index.php\/2025\/08\/13\/alejandro-poveda-conde-lleva-el-nombre-de-garzon-al-encuentro-binacional-de-investigadores-en-brasil\/"},"wordCount":284,"commentCount":0,"publisher":{"@id":"https:\/\/ardigitalnoticias.com\/#organization"},"image":{"@id":"https:\/\/ardigitalnoticias.com\/index.php\/2025\/08\/13\/alejandro-poveda-conde-lleva-el-nombre-de-garzon-al-encuentro-binacional-de-investigadores-en-brasil\/#primaryimage"},"thumbnailUrl":"https:\/\/ardigitalnoticias.com\/wp-content\/uploads\/2025\/08\/InShot_20250813_161648724-scaled.jpg","articleSection":["Actualidad","Centro","Garz\u00f3n","Regional"],"inLanguage":"es","potentialAction":[{"@type":"CommentAction","name":"Comment","target":["https:\/\/ardigitalnoticias.com\/index.php\/2025\/08\/13\/alejandro-poveda-conde-lleva-el-nombre-de-garzon-al-encuentro-binacional-de-investigadores-en-brasil\/#respond"]}]},{"@type":"WebPage","@id":"https:\/\/ardigitalnoticias.com\/index.php\/2025\/08\/13\/alejandro-poveda-conde-lleva-el-nombre-de-garzon-al-encuentro-binacional-de-investigadores-en-brasil\/","url":"https:\/\/ardigitalnoticias.com\/index.php\/2025\/08\/13\/alejandro-poveda-conde-lleva-el-nombre-de-garzon-al-encuentro-binacional-de-investigadores-en-brasil\/","name":"ALEJANDRO POVEDA CONDE LLEVA EL NOMBRE DE GARZ\u00d3N AL ENCUENTRO BINACIONAL DE INVESTIGADORES EN BRASIL - AR Digital Noticias","isPartOf":{"@id":"https:\/\/ardigitalnoticias.com\/#website"},"primaryImageOfPage":{"@id":"https:\/\/ardigitalnoticias.com\/index.php\/2025\/08\/13\/alejandro-poveda-conde-lleva-el-nombre-de-garzon-al-encuentro-binacional-de-investigadores-en-brasil\/#primaryimage"},"image":{"@id":"https:\/\/ardigitalnoticias.com\/index.php\/2025\/08\/13\/alejandro-poveda-conde-lleva-el-nombre-de-garzon-al-encuentro-binacional-de-investigadores-en-brasil\/#primaryimage"},"thumbnailUrl":"https:\/\/ardigitalnoticias.com\/wp-content\/uploads\/2025\/08\/InShot_20250813_161648724-scaled.jpg","datePublished":"2025-08-13T22:09:27+00:00","dateModified":"2025-08-13T22:09:31+00:00","breadcrumb":{"@id":"https:\/\/ardigitalnoticias.com\/index.php\/2025\/08\/13\/alejandro-poveda-conde-lleva-el-nombre-de-garzon-al-encuentro-binacional-de-investigadores-en-brasil\/#breadcrumb"},"inLanguage":"es","potentialAction":[{"@type":"ReadAction","target":["https:\/\/ardigitalnoticias.com\/index.php\/2025\/08\/13\/alejandro-poveda-conde-lleva-el-nombre-de-garzon-al-encuentro-binacional-de-investigadores-en-brasil\/"]}]},{"@type":"ImageObject","inLanguage":"es","@id":"https:\/\/ardigitalnoticias.com\/index.php\/2025\/08\/13\/alejandro-poveda-conde-lleva-el-nombre-de-garzon-al-encuentro-binacional-de-investigadores-en-brasil\/#primaryimage","url":"https:\/\/ardigitalnoticias.com\/wp-content\/uploads\/2025\/08\/InShot_20250813_161648724-scaled.jpg","contentUrl":"https:\/\/ardigitalnoticias.com\/wp-content\/uploads\/2025\/08\/InShot_20250813_161648724-scaled.jpg","width":2560,"height":1440},{"@type":"BreadcrumbList","@id":"https:\/\/ardigitalnoticias.com\/index.php\/2025\/08\/13\/alejandro-poveda-conde-lleva-el-nombre-de-garzon-al-encuentro-binacional-de-investigadores-en-brasil\/#breadcrumb","itemListElement":[{"@type":"ListItem","position":1,"name":"Portada","item":"https:\/\/ardigitalnoticias.com\/"},{"@type":"ListItem","position":2,"name":"ALEJANDRO POVEDA CONDE LLEVA EL NOMBRE DE GARZ\u00d3N AL ENCUENTRO BINACIONAL DE INVESTIGADORES EN BRASIL"}]},{"@type":"WebSite","@id":"https:\/\/ardigitalnoticias.com\/#website","url":"https:\/\/ardigitalnoticias.com\/","name":"AR Digital Noticias","description":"","publisher":{"@id":"https:\/\/ardigitalnoticias.com\/#organization"},"potentialAction":[{"@type":"SearchAction","target":{"@type":"EntryPoint","urlTemplate":"https:\/\/ardigitalnoticias.com\/?s={search_term_string}"},"query-input":{"@type":"PropertyValueSpecification","valueRequired":true,"valueName":"search_term_string"}}],"inLanguage":"es"},{"@type":"Organization","@id":"https:\/\/ardigitalnoticias.com\/#organization","name":"AR Digital Noticias","url":"https:\/\/ardigitalnoticias.com\/","logo":{"@type":"ImageObject","inLanguage":"es","@id":"https:\/\/ardigitalnoticias.com\/#\/schema\/logo\/image\/","url":"https:\/\/ardigitalnoticias.com\/wp-content\/uploads\/2023\/11\/cropped-cropped-cropped-cropped-AR-Digital-Noticias-1.png","contentUrl":"https:\/\/ardigitalnoticias.com\/wp-content\/uploads\/2023\/11\/cropped-cropped-cropped-cropped-AR-Digital-Noticias-1.png","width":972,"height":306,"caption":"AR Digital Noticias"},"image":{"@id":"https:\/\/ardigitalnoticias.com\/#\/schema\/logo\/image\/"}},{"@type":"Person","@id":"https:\/\/ardigitalnoticias.com\/#\/schema\/person\/3f1b0a96e890d8cba89a76c7558a147c","name":"AR Digital Noticias","image":{"@type":"ImageObject","inLanguage":"es","@id":"https:\/\/secure.gravatar.com\/avatar\/55d1acd2f9cac74c99f42fcb5090c2f994204a6f6c571cf4c3001ae692cb9b34?s=96&d=mm&r=g","url":"https:\/\/secure.gravatar.com\/avatar\/55d1acd2f9cac74c99f42fcb5090c2f994204a6f6c571cf4c3001ae692cb9b34?s=96&d=mm&r=g","contentUrl":"https:\/\/secure.gravatar.com\/avatar\/55d1acd2f9cac74c99f42fcb5090c2f994204a6f6c571cf4c3001ae692cb9b34?s=96&d=mm&r=g","caption":"AR Digital Noticias"},"sameAs":["http:\/\/ardigitalnoticias.com"],"url":"https:\/\/ardigitalnoticias.com\/index.php\/author\/editorial\/"}]}},"_links":{"self":[{"href":"https:\/\/ardigitalnoticias.com\/index.php\/wp-json\/wp\/v2\/posts\/8283","targetHints":{"allow":["GET"]}}],"collection":[{"href":"https:\/\/ardigitalnoticias.com\/index.php\/wp-json\/wp\/v2\/posts"}],"about":[{"href":"https:\/\/ardigitalnoticias.com\/index.php\/wp-json\/wp\/v2\/types\/post"}],"author":[{"embeddable":true,"href":"https:\/\/ardigitalnoticias.com\/index.php\/wp-json\/wp\/v2\/users\/2"}],"replies":[{"embeddable":true,"href":"https:\/\/ardigitalnoticias.com\/index.php\/wp-json\/wp\/v2\/comments?post=8283"}],"version-history":[{"count":1,"href":"https:\/\/ardigitalnoticias.com\/index.php\/wp-json\/wp\/v2\/posts\/8283\/revisions"}],"predecessor-version":[{"id":8284,"href":"https:\/\/ardigitalnoticias.com\/index.php\/wp-json\/wp\/v2\/posts\/8283\/revisions\/8284"}],"wp:featuredmedia":[{"embeddable":true,"href":"https:\/\/ardigitalnoticias.com\/index.php\/wp-json\/wp\/v2\/media\/8271"}],"wp:attachment":[{"href":"https:\/\/ardigitalnoticias.com\/index.php\/wp-json\/wp\/v2\/media?parent=8283"}],"wp:term":[{"taxonomy":"category","embeddable":true,"href":"https:\/\/ardigitalnoticias.com\/index.php\/wp-json\/wp\/v2\/categories?post=8283"},{"taxonomy":"post_tag","embeddable":true,"href":"https:\/\/ardigitalnoticias.com\/index.php\/wp-json\/wp\/v2\/tags?post=8283"}],"curies":[{"name":"wp","href":"https:\/\/api.w.org\/{rel}","templated":true}]}}