{"id":8266,"date":"2025-08-13T09:46:37","date_gmt":"2025-08-13T14:46:37","guid":{"rendered":"https:\/\/ardigitalnoticias.com\/?p=8266"},"modified":"2025-08-13T09:46:37","modified_gmt":"2025-08-13T14:46:37","slug":"garzon-presente-en-el-encuentro-nacional-de-alcaldes-y-concejales-2025","status":"publish","type":"post","link":"https:\/\/ardigitalnoticias.com\/index.php\/2025\/08\/13\/garzon-presente-en-el-encuentro-nacional-de-alcaldes-y-concejales-2025\/","title":{"rendered":"GARZ\u00d3N PRESENTE EN EL ENCUENTRO NACIONAL DE ALCALDES Y CONCEJALES 2025"},"content":{"rendered":"\n<p>El alcalde de Garz\u00f3n, Francisco Calder\u00f3n Feriz, junto a varios concejales del municipio, participa en el Encuentro Nacional de Alcaldes y Concejales 2025, que se desarrolla en el Sal\u00f3n Rojo del Hotel Tequendama, en Bogot\u00e1.<\/p>\n\n\n\n<p><strong>POR: ANDR\u00c9S RODR\u00cdGUEZ. <\/strong><\/p>\n\n\n\n<p>La delegaci\u00f3n garzone\u00f1a, integrada por el mandatario local y varios concejales, se une a este importante evento que congrega a l\u00edderes de todo el pa\u00eds con el objetivo de compartir experiencias, fortalecer capacidades y promover una gesti\u00f3n p\u00fablica m\u00e1s cercana a la ciudadan\u00eda.<\/p>\n\n\n\n<p>Este espacio, considerado uno de los m\u00e1s relevantes para el liderazgo, busca impulsar la construcci\u00f3n de territorios m\u00e1s s\u00f3lidos, participativos y con mejores herramientas para responder a las necesidades de sus comunidades.<\/p>\n\n\n<div class=\"wp-block-image\">\n<figure class=\"aligncenter size-large\"><img loading=\"lazy\" decoding=\"async\" width=\"1024\" height=\"768\" src=\"https:\/\/ardigitalnoticias.com\/wp-content\/uploads\/2025\/08\/FB_IMG_1755095629812-1024x768.jpg\" alt=\"\" class=\"wp-image-8268\" srcset=\"https:\/\/ardigitalnoticias.com\/wp-content\/uploads\/2025\/08\/FB_IMG_1755095629812-1024x768.jpg 1024w, https:\/\/ardigitalnoticias.com\/wp-content\/uploads\/2025\/08\/FB_IMG_1755095629812-600x450.jpg 600w, https:\/\/ardigitalnoticias.com\/wp-content\/uploads\/2025\/08\/FB_IMG_1755095629812-300x225.jpg 300w, https:\/\/ardigitalnoticias.com\/wp-content\/uploads\/2025\/08\/FB_IMG_1755095629812-768x576.jpg 768w, https:\/\/ardigitalnoticias.com\/wp-content\/uploads\/2025\/08\/FB_IMG_1755095629812-1536x1152.jpg 1536w, https:\/\/ardigitalnoticias.com\/wp-content\/uploads\/2025\/08\/FB_IMG_1755095629812-560x420.jpg 560w, https:\/\/ardigitalnoticias.com\/wp-content\/uploads\/2025\/08\/FB_IMG_1755095629812-80x60.jpg 80w, https:\/\/ardigitalnoticias.com\/wp-content\/uploads\/2025\/08\/FB_IMG_1755095629812-150x113.jpg 150w, https:\/\/ardigitalnoticias.com\/wp-content\/uploads\/2025\/08\/FB_IMG_1755095629812-696x522.jpg 696w, https:\/\/ardigitalnoticias.com\/wp-content\/uploads\/2025\/08\/FB_IMG_1755095629812-1068x801.jpg 1068w, https:\/\/ardigitalnoticias.com\/wp-content\/uploads\/2025\/08\/FB_IMG_1755095629812-1920x1440.jpg 1920w, https:\/\/ardigitalnoticias.com\/wp-content\/uploads\/2025\/08\/FB_IMG_1755095629812.jpg 2048w\" sizes=\"auto, (max-width: 1024px) 100vw, 1024px\" \/><\/figure>\n<\/div>","protected":false},"excerpt":{"rendered":"<p>El alcalde de Garz\u00f3n, Francisco Calder\u00f3n Feriz, junto a varios concejales del municipio, participa en el Encuentro Nacional de Alcaldes y Concejales 2025, que se desarrolla en el Sal\u00f3n Rojo del Hotel Tequendama, en Bogot\u00e1. POR: ANDR\u00c9S RODR\u00cdGUEZ. La delegaci\u00f3n garzone\u00f1a, integrada por el mandatario local y varios concejales, se une a este importante evento [&hellip;]<\/p>\n","protected":false},"author":2,"featured_media":8267,"comment_status":"open","ping_status":"open","sticky":false,"template":"","format":"standard","meta":{"_acf_changed":false,"_joinchat":[],"footnotes":""},"categories":[1,25,21,19],"tags":[],"class_list":{"0":"post-8266","1":"post","2":"type-post","3":"status-publish","4":"format-standard","5":"has-post-thumbnail","7":"category-actualidad","8":"category-centro","9":"category-locales","10":"category-regional"},"acf":[],"yoast_head":"<!-- This site is optimized with the Yoast SEO plugin v27.5 - https:\/\/yoast.com\/product\/yoast-seo-wordpress\/ -->\n<title>GARZ\u00d3N PRESENTE EN EL ENCUENTRO NACIONAL DE ALCALDES Y CONCEJALES 2025 - AR Digital Noticias<\/title>\n<meta name=\"robots\" content=\"index, follow, max-snippet:-1, max-image-preview:large, max-video-preview:-1\" \/>\n<link rel=\"canonical\" href=\"https:\/\/ardigitalnoticias.com\/index.php\/2025\/08\/13\/garzon-presente-en-el-encuentro-nacional-de-alcaldes-y-concejales-2025\/\" \/>\n<meta property=\"og:locale\" content=\"es_ES\" \/>\n<meta property=\"og:type\" content=\"article\" \/>\n<meta property=\"og:title\" content=\"GARZ\u00d3N PRESENTE EN EL ENCUENTRO NACIONAL DE ALCALDES Y CONCEJALES 2025 - AR Digital Noticias\" \/>\n<meta property=\"og:description\" content=\"El alcalde de Garz\u00f3n, Francisco Calder\u00f3n Feriz, junto a varios concejales del municipio, participa en el Encuentro Nacional de Alcaldes y Concejales 2025, que se desarrolla en el Sal\u00f3n Rojo del Hotel Tequendama, en Bogot\u00e1. POR: ANDR\u00c9S RODR\u00cdGUEZ. La delegaci\u00f3n garzone\u00f1a, integrada por el mandatario local y varios concejales, se une a este importante evento [&hellip;]\" \/>\n<meta property=\"og:url\" content=\"https:\/\/ardigitalnoticias.com\/index.php\/2025\/08\/13\/garzon-presente-en-el-encuentro-nacional-de-alcaldes-y-concejales-2025\/\" \/>\n<meta property=\"og:site_name\" content=\"AR Digital Noticias\" \/>\n<meta property=\"article:published_time\" content=\"2025-08-13T14:46:37+00:00\" \/>\n<meta property=\"og:image\" content=\"https:\/\/ardigitalnoticias.com\/wp-content\/uploads\/2025\/08\/InShot_20250813_094347670-scaled.jpg\" \/>\n\t<meta property=\"og:image:width\" content=\"2560\" \/>\n\t<meta property=\"og:image:height\" content=\"1440\" \/>\n\t<meta property=\"og:image:type\" content=\"image\/jpeg\" \/>\n<meta name=\"author\" content=\"AR Digital Noticias\" \/>\n<meta name=\"twitter:card\" content=\"summary_large_image\" \/>\n<meta name=\"twitter:label1\" content=\"Escrito por\" \/>\n\t<meta name=\"twitter:data1\" content=\"AR Digital Noticias\" \/>\n\t<meta name=\"twitter:label2\" content=\"Tiempo de lectura\" \/>\n\t<meta name=\"twitter:data2\" content=\"1 minuto\" \/>\n<script type=\"application\/ld+json\" class=\"yoast-schema-graph\">{\"@context\":\"https:\\\/\\\/schema.org\",\"@graph\":[{\"@type\":\"Article\",\"@id\":\"https:\\\/\\\/ardigitalnoticias.com\\\/index.php\\\/2025\\\/08\\\/13\\\/garzon-presente-en-el-encuentro-nacional-de-alcaldes-y-concejales-2025\\\/#article\",\"isPartOf\":{\"@id\":\"https:\\\/\\\/ardigitalnoticias.com\\\/index.php\\\/2025\\\/08\\\/13\\\/garzon-presente-en-el-encuentro-nacional-de-alcaldes-y-concejales-2025\\\/\"},\"author\":{\"name\":\"AR Digital Noticias\",\"@id\":\"https:\\\/\\\/ardigitalnoticias.com\\\/#\\\/schema\\\/person\\\/3f1b0a96e890d8cba89a76c7558a147c\"},\"headline\":\"GARZ\u00d3N PRESENTE EN EL ENCUENTRO NACIONAL DE ALCALDES Y CONCEJALES 2025\",\"datePublished\":\"2025-08-13T14:46:37+00:00\",\"mainEntityOfPage\":{\"@id\":\"https:\\\/\\\/ardigitalnoticias.com\\\/index.php\\\/2025\\\/08\\\/13\\\/garzon-presente-en-el-encuentro-nacional-de-alcaldes-y-concejales-2025\\\/\"},\"wordCount\":140,\"commentCount\":0,\"publisher\":{\"@id\":\"https:\\\/\\\/ardigitalnoticias.com\\\/#organization\"},\"image\":{\"@id\":\"https:\\\/\\\/ardigitalnoticias.com\\\/index.php\\\/2025\\\/08\\\/13\\\/garzon-presente-en-el-encuentro-nacional-de-alcaldes-y-concejales-2025\\\/#primaryimage\"},\"thumbnailUrl\":\"https:\\\/\\\/ardigitalnoticias.com\\\/wp-content\\\/uploads\\\/2025\\\/08\\\/InShot_20250813_094347670-scaled.jpg\",\"articleSection\":[\"Actualidad\",\"Centro\",\"Garz\u00f3n\",\"Regional\"],\"inLanguage\":\"es\",\"potentialAction\":[{\"@type\":\"CommentAction\",\"name\":\"Comment\",\"target\":[\"https:\\\/\\\/ardigitalnoticias.com\\\/index.php\\\/2025\\\/08\\\/13\\\/garzon-presente-en-el-encuentro-nacional-de-alcaldes-y-concejales-2025\\\/#respond\"]}]},{\"@type\":\"WebPage\",\"@id\":\"https:\\\/\\\/ardigitalnoticias.com\\\/index.php\\\/2025\\\/08\\\/13\\\/garzon-presente-en-el-encuentro-nacional-de-alcaldes-y-concejales-2025\\\/\",\"url\":\"https:\\\/\\\/ardigitalnoticias.com\\\/index.php\\\/2025\\\/08\\\/13\\\/garzon-presente-en-el-encuentro-nacional-de-alcaldes-y-concejales-2025\\\/\",\"name\":\"GARZ\u00d3N PRESENTE EN EL ENCUENTRO NACIONAL DE ALCALDES Y CONCEJALES 2025 - AR Digital Noticias\",\"isPartOf\":{\"@id\":\"https:\\\/\\\/ardigitalnoticias.com\\\/#website\"},\"primaryImageOfPage\":{\"@id\":\"https:\\\/\\\/ardigitalnoticias.com\\\/index.php\\\/2025\\\/08\\\/13\\\/garzon-presente-en-el-encuentro-nacional-de-alcaldes-y-concejales-2025\\\/#primaryimage\"},\"image\":{\"@id\":\"https:\\\/\\\/ardigitalnoticias.com\\\/index.php\\\/2025\\\/08\\\/13\\\/garzon-presente-en-el-encuentro-nacional-de-alcaldes-y-concejales-2025\\\/#primaryimage\"},\"thumbnailUrl\":\"https:\\\/\\\/ardigitalnoticias.com\\\/wp-content\\\/uploads\\\/2025\\\/08\\\/InShot_20250813_094347670-scaled.jpg\",\"datePublished\":\"2025-08-13T14:46:37+00:00\",\"breadcrumb\":{\"@id\":\"https:\\\/\\\/ardigitalnoticias.com\\\/index.php\\\/2025\\\/08\\\/13\\\/garzon-presente-en-el-encuentro-nacional-de-alcaldes-y-concejales-2025\\\/#breadcrumb\"},\"inLanguage\":\"es\",\"potentialAction\":[{\"@type\":\"ReadAction\",\"target\":[\"https:\\\/\\\/ardigitalnoticias.com\\\/index.php\\\/2025\\\/08\\\/13\\\/garzon-presente-en-el-encuentro-nacional-de-alcaldes-y-concejales-2025\\\/\"]}]},{\"@type\":\"ImageObject\",\"inLanguage\":\"es\",\"@id\":\"https:\\\/\\\/ardigitalnoticias.com\\\/index.php\\\/2025\\\/08\\\/13\\\/garzon-presente-en-el-encuentro-nacional-de-alcaldes-y-concejales-2025\\\/#primaryimage\",\"url\":\"https:\\\/\\\/ardigitalnoticias.com\\\/wp-content\\\/uploads\\\/2025\\\/08\\\/InShot_20250813_094347670-scaled.jpg\",\"contentUrl\":\"https:\\\/\\\/ardigitalnoticias.com\\\/wp-content\\\/uploads\\\/2025\\\/08\\\/InShot_20250813_094347670-scaled.jpg\",\"width\":2560,\"height\":1440},{\"@type\":\"BreadcrumbList\",\"@id\":\"https:\\\/\\\/ardigitalnoticias.com\\\/index.php\\\/2025\\\/08\\\/13\\\/garzon-presente-en-el-encuentro-nacional-de-alcaldes-y-concejales-2025\\\/#breadcrumb\",\"itemListElement\":[{\"@type\":\"ListItem\",\"position\":1,\"name\":\"Portada\",\"item\":\"https:\\\/\\\/ardigitalnoticias.com\\\/\"},{\"@type\":\"ListItem\",\"position\":2,\"name\":\"GARZ\u00d3N PRESENTE EN EL ENCUENTRO NACIONAL DE ALCALDES Y CONCEJALES 2025\"}]},{\"@type\":\"WebSite\",\"@id\":\"https:\\\/\\\/ardigitalnoticias.com\\\/#website\",\"url\":\"https:\\\/\\\/ardigitalnoticias.com\\\/\",\"name\":\"AR Digital Noticias\",\"description\":\"\",\"publisher\":{\"@id\":\"https:\\\/\\\/ardigitalnoticias.com\\\/#organization\"},\"potentialAction\":[{\"@type\":\"SearchAction\",\"target\":{\"@type\":\"EntryPoint\",\"urlTemplate\":\"https:\\\/\\\/ardigitalnoticias.com\\\/?s={search_term_string}\"},\"query-input\":{\"@type\":\"PropertyValueSpecification\",\"valueRequired\":true,\"valueName\":\"search_term_string\"}}],\"inLanguage\":\"es\"},{\"@type\":\"Organization\",\"@id\":\"https:\\\/\\\/ardigitalnoticias.com\\\/#organization\",\"name\":\"AR Digital Noticias\",\"url\":\"https:\\\/\\\/ardigitalnoticias.com\\\/\",\"logo\":{\"@type\":\"ImageObject\",\"inLanguage\":\"es\",\"@id\":\"https:\\\/\\\/ardigitalnoticias.com\\\/#\\\/schema\\\/logo\\\/image\\\/\",\"url\":\"https:\\\/\\\/ardigitalnoticias.com\\\/wp-content\\\/uploads\\\/2023\\\/11\\\/cropped-cropped-cropped-cropped-AR-Digital-Noticias-1.png\",\"contentUrl\":\"https:\\\/\\\/ardigitalnoticias.com\\\/wp-content\\\/uploads\\\/2023\\\/11\\\/cropped-cropped-cropped-cropped-AR-Digital-Noticias-1.png\",\"width\":972,\"height\":306,\"caption\":\"AR Digital Noticias\"},\"image\":{\"@id\":\"https:\\\/\\\/ardigitalnoticias.com\\\/#\\\/schema\\\/logo\\\/image\\\/\"}},{\"@type\":\"Person\",\"@id\":\"https:\\\/\\\/ardigitalnoticias.com\\\/#\\\/schema\\\/person\\\/3f1b0a96e890d8cba89a76c7558a147c\",\"name\":\"AR Digital Noticias\",\"image\":{\"@type\":\"ImageObject\",\"inLanguage\":\"es\",\"@id\":\"https:\\\/\\\/secure.gravatar.com\\\/avatar\\\/55d1acd2f9cac74c99f42fcb5090c2f994204a6f6c571cf4c3001ae692cb9b34?s=96&d=mm&r=g\",\"url\":\"https:\\\/\\\/secure.gravatar.com\\\/avatar\\\/55d1acd2f9cac74c99f42fcb5090c2f994204a6f6c571cf4c3001ae692cb9b34?s=96&d=mm&r=g\",\"contentUrl\":\"https:\\\/\\\/secure.gravatar.com\\\/avatar\\\/55d1acd2f9cac74c99f42fcb5090c2f994204a6f6c571cf4c3001ae692cb9b34?s=96&d=mm&r=g\",\"caption\":\"AR Digital Noticias\"},\"sameAs\":[\"http:\\\/\\\/ardigitalnoticias.com\"],\"url\":\"https:\\\/\\\/ardigitalnoticias.com\\\/index.php\\\/author\\\/editorial\\\/\"}]}<\/script>\n<!-- \/ Yoast SEO plugin. -->","yoast_head_json":{"title":"GARZ\u00d3N PRESENTE EN EL ENCUENTRO NACIONAL DE ALCALDES Y CONCEJALES 2025 - AR Digital Noticias","robots":{"index":"index","follow":"follow","max-snippet":"max-snippet:-1","max-image-preview":"max-image-preview:large","max-video-preview":"max-video-preview:-1"},"canonical":"https:\/\/ardigitalnoticias.com\/index.php\/2025\/08\/13\/garzon-presente-en-el-encuentro-nacional-de-alcaldes-y-concejales-2025\/","og_locale":"es_ES","og_type":"article","og_title":"GARZ\u00d3N PRESENTE EN EL ENCUENTRO NACIONAL DE ALCALDES Y CONCEJALES 2025 - AR Digital Noticias","og_description":"El alcalde de Garz\u00f3n, Francisco Calder\u00f3n Feriz, junto a varios concejales del municipio, participa en el Encuentro Nacional de Alcaldes y Concejales 2025, que se desarrolla en el Sal\u00f3n Rojo del Hotel Tequendama, en Bogot\u00e1. POR: ANDR\u00c9S RODR\u00cdGUEZ. La delegaci\u00f3n garzone\u00f1a, integrada por el mandatario local y varios concejales, se une a este importante evento [&hellip;]","og_url":"https:\/\/ardigitalnoticias.com\/index.php\/2025\/08\/13\/garzon-presente-en-el-encuentro-nacional-de-alcaldes-y-concejales-2025\/","og_site_name":"AR Digital Noticias","article_published_time":"2025-08-13T14:46:37+00:00","og_image":[{"width":2560,"height":1440,"url":"https:\/\/ardigitalnoticias.com\/wp-content\/uploads\/2025\/08\/InShot_20250813_094347670-scaled.jpg","type":"image\/jpeg"}],"author":"AR Digital Noticias","twitter_card":"summary_large_image","twitter_misc":{"Escrito por":"AR Digital Noticias","Tiempo de lectura":"1 minuto"},"schema":{"@context":"https:\/\/schema.org","@graph":[{"@type":"Article","@id":"https:\/\/ardigitalnoticias.com\/index.php\/2025\/08\/13\/garzon-presente-en-el-encuentro-nacional-de-alcaldes-y-concejales-2025\/#article","isPartOf":{"@id":"https:\/\/ardigitalnoticias.com\/index.php\/2025\/08\/13\/garzon-presente-en-el-encuentro-nacional-de-alcaldes-y-concejales-2025\/"},"author":{"name":"AR Digital Noticias","@id":"https:\/\/ardigitalnoticias.com\/#\/schema\/person\/3f1b0a96e890d8cba89a76c7558a147c"},"headline":"GARZ\u00d3N PRESENTE EN EL ENCUENTRO NACIONAL DE ALCALDES Y CONCEJALES 2025","datePublished":"2025-08-13T14:46:37+00:00","mainEntityOfPage":{"@id":"https:\/\/ardigitalnoticias.com\/index.php\/2025\/08\/13\/garzon-presente-en-el-encuentro-nacional-de-alcaldes-y-concejales-2025\/"},"wordCount":140,"commentCount":0,"publisher":{"@id":"https:\/\/ardigitalnoticias.com\/#organization"},"image":{"@id":"https:\/\/ardigitalnoticias.com\/index.php\/2025\/08\/13\/garzon-presente-en-el-encuentro-nacional-de-alcaldes-y-concejales-2025\/#primaryimage"},"thumbnailUrl":"https:\/\/ardigitalnoticias.com\/wp-content\/uploads\/2025\/08\/InShot_20250813_094347670-scaled.jpg","articleSection":["Actualidad","Centro","Garz\u00f3n","Regional"],"inLanguage":"es","potentialAction":[{"@type":"CommentAction","name":"Comment","target":["https:\/\/ardigitalnoticias.com\/index.php\/2025\/08\/13\/garzon-presente-en-el-encuentro-nacional-de-alcaldes-y-concejales-2025\/#respond"]}]},{"@type":"WebPage","@id":"https:\/\/ardigitalnoticias.com\/index.php\/2025\/08\/13\/garzon-presente-en-el-encuentro-nacional-de-alcaldes-y-concejales-2025\/","url":"https:\/\/ardigitalnoticias.com\/index.php\/2025\/08\/13\/garzon-presente-en-el-encuentro-nacional-de-alcaldes-y-concejales-2025\/","name":"GARZ\u00d3N PRESENTE EN EL ENCUENTRO NACIONAL DE ALCALDES Y CONCEJALES 2025 - AR Digital Noticias","isPartOf":{"@id":"https:\/\/ardigitalnoticias.com\/#website"},"primaryImageOfPage":{"@id":"https:\/\/ardigitalnoticias.com\/index.php\/2025\/08\/13\/garzon-presente-en-el-encuentro-nacional-de-alcaldes-y-concejales-2025\/#primaryimage"},"image":{"@id":"https:\/\/ardigitalnoticias.com\/index.php\/2025\/08\/13\/garzon-presente-en-el-encuentro-nacional-de-alcaldes-y-concejales-2025\/#primaryimage"},"thumbnailUrl":"https:\/\/ardigitalnoticias.com\/wp-content\/uploads\/2025\/08\/InShot_20250813_094347670-scaled.jpg","datePublished":"2025-08-13T14:46:37+00:00","breadcrumb":{"@id":"https:\/\/ardigitalnoticias.com\/index.php\/2025\/08\/13\/garzon-presente-en-el-encuentro-nacional-de-alcaldes-y-concejales-2025\/#breadcrumb"},"inLanguage":"es","potentialAction":[{"@type":"ReadAction","target":["https:\/\/ardigitalnoticias.com\/index.php\/2025\/08\/13\/garzon-presente-en-el-encuentro-nacional-de-alcaldes-y-concejales-2025\/"]}]},{"@type":"ImageObject","inLanguage":"es","@id":"https:\/\/ardigitalnoticias.com\/index.php\/2025\/08\/13\/garzon-presente-en-el-encuentro-nacional-de-alcaldes-y-concejales-2025\/#primaryimage","url":"https:\/\/ardigitalnoticias.com\/wp-content\/uploads\/2025\/08\/InShot_20250813_094347670-scaled.jpg","contentUrl":"https:\/\/ardigitalnoticias.com\/wp-content\/uploads\/2025\/08\/InShot_20250813_094347670-scaled.jpg","width":2560,"height":1440},{"@type":"BreadcrumbList","@id":"https:\/\/ardigitalnoticias.com\/index.php\/2025\/08\/13\/garzon-presente-en-el-encuentro-nacional-de-alcaldes-y-concejales-2025\/#breadcrumb","itemListElement":[{"@type":"ListItem","position":1,"name":"Portada","item":"https:\/\/ardigitalnoticias.com\/"},{"@type":"ListItem","position":2,"name":"GARZ\u00d3N PRESENTE EN EL ENCUENTRO NACIONAL DE ALCALDES Y CONCEJALES 2025"}]},{"@type":"WebSite","@id":"https:\/\/ardigitalnoticias.com\/#website","url":"https:\/\/ardigitalnoticias.com\/","name":"AR Digital Noticias","description":"","publisher":{"@id":"https:\/\/ardigitalnoticias.com\/#organization"},"potentialAction":[{"@type":"SearchAction","target":{"@type":"EntryPoint","urlTemplate":"https:\/\/ardigitalnoticias.com\/?s={search_term_string}"},"query-input":{"@type":"PropertyValueSpecification","valueRequired":true,"valueName":"search_term_string"}}],"inLanguage":"es"},{"@type":"Organization","@id":"https:\/\/ardigitalnoticias.com\/#organization","name":"AR Digital Noticias","url":"https:\/\/ardigitalnoticias.com\/","logo":{"@type":"ImageObject","inLanguage":"es","@id":"https:\/\/ardigitalnoticias.com\/#\/schema\/logo\/image\/","url":"https:\/\/ardigitalnoticias.com\/wp-content\/uploads\/2023\/11\/cropped-cropped-cropped-cropped-AR-Digital-Noticias-1.png","contentUrl":"https:\/\/ardigitalnoticias.com\/wp-content\/uploads\/2023\/11\/cropped-cropped-cropped-cropped-AR-Digital-Noticias-1.png","width":972,"height":306,"caption":"AR Digital Noticias"},"image":{"@id":"https:\/\/ardigitalnoticias.com\/#\/schema\/logo\/image\/"}},{"@type":"Person","@id":"https:\/\/ardigitalnoticias.com\/#\/schema\/person\/3f1b0a96e890d8cba89a76c7558a147c","name":"AR Digital Noticias","image":{"@type":"ImageObject","inLanguage":"es","@id":"https:\/\/secure.gravatar.com\/avatar\/55d1acd2f9cac74c99f42fcb5090c2f994204a6f6c571cf4c3001ae692cb9b34?s=96&d=mm&r=g","url":"https:\/\/secure.gravatar.com\/avatar\/55d1acd2f9cac74c99f42fcb5090c2f994204a6f6c571cf4c3001ae692cb9b34?s=96&d=mm&r=g","contentUrl":"https:\/\/secure.gravatar.com\/avatar\/55d1acd2f9cac74c99f42fcb5090c2f994204a6f6c571cf4c3001ae692cb9b34?s=96&d=mm&r=g","caption":"AR Digital Noticias"},"sameAs":["http:\/\/ardigitalnoticias.com"],"url":"https:\/\/ardigitalnoticias.com\/index.php\/author\/editorial\/"}]}},"_links":{"self":[{"href":"https:\/\/ardigitalnoticias.com\/index.php\/wp-json\/wp\/v2\/posts\/8266","targetHints":{"allow":["GET"]}}],"collection":[{"href":"https:\/\/ardigitalnoticias.com\/index.php\/wp-json\/wp\/v2\/posts"}],"about":[{"href":"https:\/\/ardigitalnoticias.com\/index.php\/wp-json\/wp\/v2\/types\/post"}],"author":[{"embeddable":true,"href":"https:\/\/ardigitalnoticias.com\/index.php\/wp-json\/wp\/v2\/users\/2"}],"replies":[{"embeddable":true,"href":"https:\/\/ardigitalnoticias.com\/index.php\/wp-json\/wp\/v2\/comments?post=8266"}],"version-history":[{"count":1,"href":"https:\/\/ardigitalnoticias.com\/index.php\/wp-json\/wp\/v2\/posts\/8266\/revisions"}],"predecessor-version":[{"id":8269,"href":"https:\/\/ardigitalnoticias.com\/index.php\/wp-json\/wp\/v2\/posts\/8266\/revisions\/8269"}],"wp:featuredmedia":[{"embeddable":true,"href":"https:\/\/ardigitalnoticias.com\/index.php\/wp-json\/wp\/v2\/media\/8267"}],"wp:attachment":[{"href":"https:\/\/ardigitalnoticias.com\/index.php\/wp-json\/wp\/v2\/media?parent=8266"}],"wp:term":[{"taxonomy":"category","embeddable":true,"href":"https:\/\/ardigitalnoticias.com\/index.php\/wp-json\/wp\/v2\/categories?post=8266"},{"taxonomy":"post_tag","embeddable":true,"href":"https:\/\/ardigitalnoticias.com\/index.php\/wp-json\/wp\/v2\/tags?post=8266"}],"curies":[{"name":"wp","href":"https:\/\/api.w.org\/{rel}","templated":true}]}}