{"id":8227,"date":"2025-08-12T05:42:10","date_gmt":"2025-08-12T10:42:10","guid":{"rendered":"https:\/\/ardigitalnoticias.com\/?p=8227"},"modified":"2025-08-12T05:42:11","modified_gmt":"2025-08-12T10:42:11","slug":"proyectos-para-fortalecer-la-infraestructura-educativa-en-garzon","status":"publish","type":"post","link":"https:\/\/ardigitalnoticias.com\/index.php\/2025\/08\/12\/proyectos-para-fortalecer-la-infraestructura-educativa-en-garzon\/","title":{"rendered":"PROYECTOS PARA FORTALECER LA INFRAESTRUCTURA EDUCATIVA EN GARZ\u00d3N"},"content":{"rendered":"\n<p>La Alcald\u00eda de Garz\u00f3n present\u00f3 ante la Agencia Nacional de Hidrocarburos (ANH) dos proyectos estrat\u00e9gicos orientados a mejorar las condiciones de las instituciones educativas rurales, buscando respaldo financiero en el marco de la responsabilidad social empresarial.<\/p>\n\n\n\n<p><strong>POR: ANDR\u00c9S RODR\u00cdGUEZ. <\/strong><\/p>\n\n\n\n<p>El primero contempla una inversi\u00f3n socioambiental aproximada de $1.337 millones, destinada al mantenimiento y mejoramiento de infraestructura escolar, priorizando sedes rurales. El segundo plantea la dotaci\u00f3n de mobiliario, con el fin de optimizar el entorno de ense\u00f1anza y aprendizaje.<\/p>\n\n\n\n<figure class=\"wp-block-video aligncenter\"><video height=\"720\" style=\"aspect-ratio: 1280 \/ 720;\" width=\"1280\" controls src=\"https:\/\/ardigitalnoticias.com\/wp-content\/uploads\/2025\/08\/VID-20250810-WA0823.mp4\"><\/video><\/figure>\n\n\n\n<p>Durante la visita t\u00e9cnica, Jos\u00e9 Leonardo Rojas D\u00edaz, gerente de Seguridad, Comunidades y Medio Ambiente de la ANH, expres\u00f3 que la entidad tiene la disposici\u00f3n de apoyar iniciativas que fortalezcan la educaci\u00f3n en territorios donde se desarrollan proyectos de la industria de hidrocarburos.<\/p>\n\n\n\n<p>El alcalde Francisco Calder\u00f3n Feriz resalt\u00f3 que esta articulaci\u00f3n interinstitucional es clave para ofrecer aulas seguras y confortables, as\u00ed como para dignificar la labor docente y la experiencia de los estudiantes.<\/p>\n\n\n\n<p>Ambas propuestas fueron presentadas al Comit\u00e9 de Aprobaci\u00f3n de la ANH, donde se evaluar\u00e1 la inversi\u00f3n requerida. La Administraci\u00f3n Municipal destac\u00f3 que estas gestiones reafirman su compromiso de garantizar una educaci\u00f3n de calidad y una infraestructura que responda a las necesidades reales de la comunidad educativa.<\/p>\n","protected":false},"excerpt":{"rendered":"<p>La Alcald\u00eda de Garz\u00f3n present\u00f3 ante la Agencia Nacional de Hidrocarburos (ANH) dos proyectos estrat\u00e9gicos orientados a mejorar las condiciones de las instituciones educativas rurales, buscando respaldo financiero en el marco de la responsabilidad social empresarial. POR: ANDR\u00c9S RODR\u00cdGUEZ. El primero contempla una inversi\u00f3n socioambiental aproximada de $1.337 millones, destinada al mantenimiento y mejoramiento de [&hellip;]<\/p>\n","protected":false},"author":2,"featured_media":8229,"comment_status":"open","ping_status":"open","sticky":false,"template":"","format":"standard","meta":{"_acf_changed":false,"_joinchat":[],"footnotes":""},"categories":[1,25,21,19],"tags":[],"class_list":{"0":"post-8227","1":"post","2":"type-post","3":"status-publish","4":"format-standard","5":"has-post-thumbnail","7":"category-actualidad","8":"category-centro","9":"category-locales","10":"category-regional"},"acf":[],"yoast_head":"<!-- This site is optimized with the Yoast SEO plugin v27.5 - https:\/\/yoast.com\/product\/yoast-seo-wordpress\/ -->\n<title>PROYECTOS PARA FORTALECER LA INFRAESTRUCTURA EDUCATIVA EN GARZ\u00d3N - AR Digital Noticias<\/title>\n<meta name=\"robots\" content=\"index, follow, max-snippet:-1, max-image-preview:large, max-video-preview:-1\" \/>\n<link rel=\"canonical\" href=\"https:\/\/ardigitalnoticias.com\/index.php\/2025\/08\/12\/proyectos-para-fortalecer-la-infraestructura-educativa-en-garzon\/\" \/>\n<meta property=\"og:locale\" content=\"es_ES\" \/>\n<meta property=\"og:type\" content=\"article\" \/>\n<meta property=\"og:title\" content=\"PROYECTOS PARA FORTALECER LA INFRAESTRUCTURA EDUCATIVA EN GARZ\u00d3N - AR Digital Noticias\" \/>\n<meta property=\"og:description\" content=\"La Alcald\u00eda de Garz\u00f3n present\u00f3 ante la Agencia Nacional de Hidrocarburos (ANH) dos proyectos estrat\u00e9gicos orientados a mejorar las condiciones de las instituciones educativas rurales, buscando respaldo financiero en el marco de la responsabilidad social empresarial. POR: ANDR\u00c9S RODR\u00cdGUEZ. El primero contempla una inversi\u00f3n socioambiental aproximada de $1.337 millones, destinada al mantenimiento y mejoramiento de [&hellip;]\" \/>\n<meta property=\"og:url\" content=\"https:\/\/ardigitalnoticias.com\/index.php\/2025\/08\/12\/proyectos-para-fortalecer-la-infraestructura-educativa-en-garzon\/\" \/>\n<meta property=\"og:site_name\" content=\"AR Digital Noticias\" \/>\n<meta property=\"article:published_time\" content=\"2025-08-12T10:42:10+00:00\" \/>\n<meta property=\"article:modified_time\" content=\"2025-08-12T10:42:11+00:00\" \/>\n<meta property=\"og:image\" content=\"https:\/\/ardigitalnoticias.com\/wp-content\/uploads\/2025\/08\/InShot_20250812_053702346-scaled.jpg\" \/>\n\t<meta property=\"og:image:width\" content=\"2560\" \/>\n\t<meta property=\"og:image:height\" content=\"1440\" \/>\n\t<meta property=\"og:image:type\" content=\"image\/jpeg\" \/>\n<meta name=\"author\" content=\"AR Digital Noticias\" \/>\n<meta name=\"twitter:card\" content=\"summary_large_image\" \/>\n<meta name=\"twitter:label1\" content=\"Escrito por\" \/>\n\t<meta name=\"twitter:data1\" content=\"AR Digital Noticias\" \/>\n\t<meta name=\"twitter:label2\" content=\"Tiempo de lectura\" \/>\n\t<meta name=\"twitter:data2\" content=\"2 minutos\" \/>\n<script type=\"application\/ld+json\" class=\"yoast-schema-graph\">{\"@context\":\"https:\\\/\\\/schema.org\",\"@graph\":[{\"@type\":\"Article\",\"@id\":\"https:\\\/\\\/ardigitalnoticias.com\\\/index.php\\\/2025\\\/08\\\/12\\\/proyectos-para-fortalecer-la-infraestructura-educativa-en-garzon\\\/#article\",\"isPartOf\":{\"@id\":\"https:\\\/\\\/ardigitalnoticias.com\\\/index.php\\\/2025\\\/08\\\/12\\\/proyectos-para-fortalecer-la-infraestructura-educativa-en-garzon\\\/\"},\"author\":{\"name\":\"AR Digital Noticias\",\"@id\":\"https:\\\/\\\/ardigitalnoticias.com\\\/#\\\/schema\\\/person\\\/3f1b0a96e890d8cba89a76c7558a147c\"},\"headline\":\"PROYECTOS PARA FORTALECER LA INFRAESTRUCTURA EDUCATIVA EN GARZ\u00d3N\",\"datePublished\":\"2025-08-12T10:42:10+00:00\",\"dateModified\":\"2025-08-12T10:42:11+00:00\",\"mainEntityOfPage\":{\"@id\":\"https:\\\/\\\/ardigitalnoticias.com\\\/index.php\\\/2025\\\/08\\\/12\\\/proyectos-para-fortalecer-la-infraestructura-educativa-en-garzon\\\/\"},\"wordCount\":224,\"commentCount\":0,\"publisher\":{\"@id\":\"https:\\\/\\\/ardigitalnoticias.com\\\/#organization\"},\"image\":{\"@id\":\"https:\\\/\\\/ardigitalnoticias.com\\\/index.php\\\/2025\\\/08\\\/12\\\/proyectos-para-fortalecer-la-infraestructura-educativa-en-garzon\\\/#primaryimage\"},\"thumbnailUrl\":\"https:\\\/\\\/ardigitalnoticias.com\\\/wp-content\\\/uploads\\\/2025\\\/08\\\/InShot_20250812_053702346-scaled.jpg\",\"articleSection\":[\"Actualidad\",\"Centro\",\"Garz\u00f3n\",\"Regional\"],\"inLanguage\":\"es\",\"potentialAction\":[{\"@type\":\"CommentAction\",\"name\":\"Comment\",\"target\":[\"https:\\\/\\\/ardigitalnoticias.com\\\/index.php\\\/2025\\\/08\\\/12\\\/proyectos-para-fortalecer-la-infraestructura-educativa-en-garzon\\\/#respond\"]}]},{\"@type\":\"WebPage\",\"@id\":\"https:\\\/\\\/ardigitalnoticias.com\\\/index.php\\\/2025\\\/08\\\/12\\\/proyectos-para-fortalecer-la-infraestructura-educativa-en-garzon\\\/\",\"url\":\"https:\\\/\\\/ardigitalnoticias.com\\\/index.php\\\/2025\\\/08\\\/12\\\/proyectos-para-fortalecer-la-infraestructura-educativa-en-garzon\\\/\",\"name\":\"PROYECTOS PARA FORTALECER LA INFRAESTRUCTURA EDUCATIVA EN GARZ\u00d3N - AR Digital Noticias\",\"isPartOf\":{\"@id\":\"https:\\\/\\\/ardigitalnoticias.com\\\/#website\"},\"primaryImageOfPage\":{\"@id\":\"https:\\\/\\\/ardigitalnoticias.com\\\/index.php\\\/2025\\\/08\\\/12\\\/proyectos-para-fortalecer-la-infraestructura-educativa-en-garzon\\\/#primaryimage\"},\"image\":{\"@id\":\"https:\\\/\\\/ardigitalnoticias.com\\\/index.php\\\/2025\\\/08\\\/12\\\/proyectos-para-fortalecer-la-infraestructura-educativa-en-garzon\\\/#primaryimage\"},\"thumbnailUrl\":\"https:\\\/\\\/ardigitalnoticias.com\\\/wp-content\\\/uploads\\\/2025\\\/08\\\/InShot_20250812_053702346-scaled.jpg\",\"datePublished\":\"2025-08-12T10:42:10+00:00\",\"dateModified\":\"2025-08-12T10:42:11+00:00\",\"breadcrumb\":{\"@id\":\"https:\\\/\\\/ardigitalnoticias.com\\\/index.php\\\/2025\\\/08\\\/12\\\/proyectos-para-fortalecer-la-infraestructura-educativa-en-garzon\\\/#breadcrumb\"},\"inLanguage\":\"es\",\"potentialAction\":[{\"@type\":\"ReadAction\",\"target\":[\"https:\\\/\\\/ardigitalnoticias.com\\\/index.php\\\/2025\\\/08\\\/12\\\/proyectos-para-fortalecer-la-infraestructura-educativa-en-garzon\\\/\"]}]},{\"@type\":\"ImageObject\",\"inLanguage\":\"es\",\"@id\":\"https:\\\/\\\/ardigitalnoticias.com\\\/index.php\\\/2025\\\/08\\\/12\\\/proyectos-para-fortalecer-la-infraestructura-educativa-en-garzon\\\/#primaryimage\",\"url\":\"https:\\\/\\\/ardigitalnoticias.com\\\/wp-content\\\/uploads\\\/2025\\\/08\\\/InShot_20250812_053702346-scaled.jpg\",\"contentUrl\":\"https:\\\/\\\/ardigitalnoticias.com\\\/wp-content\\\/uploads\\\/2025\\\/08\\\/InShot_20250812_053702346-scaled.jpg\",\"width\":2560,\"height\":1440},{\"@type\":\"BreadcrumbList\",\"@id\":\"https:\\\/\\\/ardigitalnoticias.com\\\/index.php\\\/2025\\\/08\\\/12\\\/proyectos-para-fortalecer-la-infraestructura-educativa-en-garzon\\\/#breadcrumb\",\"itemListElement\":[{\"@type\":\"ListItem\",\"position\":1,\"name\":\"Portada\",\"item\":\"https:\\\/\\\/ardigitalnoticias.com\\\/\"},{\"@type\":\"ListItem\",\"position\":2,\"name\":\"PROYECTOS PARA FORTALECER LA INFRAESTRUCTURA EDUCATIVA EN GARZ\u00d3N\"}]},{\"@type\":\"WebSite\",\"@id\":\"https:\\\/\\\/ardigitalnoticias.com\\\/#website\",\"url\":\"https:\\\/\\\/ardigitalnoticias.com\\\/\",\"name\":\"AR Digital Noticias\",\"description\":\"\",\"publisher\":{\"@id\":\"https:\\\/\\\/ardigitalnoticias.com\\\/#organization\"},\"potentialAction\":[{\"@type\":\"SearchAction\",\"target\":{\"@type\":\"EntryPoint\",\"urlTemplate\":\"https:\\\/\\\/ardigitalnoticias.com\\\/?s={search_term_string}\"},\"query-input\":{\"@type\":\"PropertyValueSpecification\",\"valueRequired\":true,\"valueName\":\"search_term_string\"}}],\"inLanguage\":\"es\"},{\"@type\":\"Organization\",\"@id\":\"https:\\\/\\\/ardigitalnoticias.com\\\/#organization\",\"name\":\"AR Digital Noticias\",\"url\":\"https:\\\/\\\/ardigitalnoticias.com\\\/\",\"logo\":{\"@type\":\"ImageObject\",\"inLanguage\":\"es\",\"@id\":\"https:\\\/\\\/ardigitalnoticias.com\\\/#\\\/schema\\\/logo\\\/image\\\/\",\"url\":\"https:\\\/\\\/ardigitalnoticias.com\\\/wp-content\\\/uploads\\\/2023\\\/11\\\/cropped-cropped-cropped-cropped-AR-Digital-Noticias-1.png\",\"contentUrl\":\"https:\\\/\\\/ardigitalnoticias.com\\\/wp-content\\\/uploads\\\/2023\\\/11\\\/cropped-cropped-cropped-cropped-AR-Digital-Noticias-1.png\",\"width\":972,\"height\":306,\"caption\":\"AR Digital Noticias\"},\"image\":{\"@id\":\"https:\\\/\\\/ardigitalnoticias.com\\\/#\\\/schema\\\/logo\\\/image\\\/\"}},{\"@type\":\"Person\",\"@id\":\"https:\\\/\\\/ardigitalnoticias.com\\\/#\\\/schema\\\/person\\\/3f1b0a96e890d8cba89a76c7558a147c\",\"name\":\"AR Digital Noticias\",\"image\":{\"@type\":\"ImageObject\",\"inLanguage\":\"es\",\"@id\":\"https:\\\/\\\/secure.gravatar.com\\\/avatar\\\/55d1acd2f9cac74c99f42fcb5090c2f994204a6f6c571cf4c3001ae692cb9b34?s=96&d=mm&r=g\",\"url\":\"https:\\\/\\\/secure.gravatar.com\\\/avatar\\\/55d1acd2f9cac74c99f42fcb5090c2f994204a6f6c571cf4c3001ae692cb9b34?s=96&d=mm&r=g\",\"contentUrl\":\"https:\\\/\\\/secure.gravatar.com\\\/avatar\\\/55d1acd2f9cac74c99f42fcb5090c2f994204a6f6c571cf4c3001ae692cb9b34?s=96&d=mm&r=g\",\"caption\":\"AR Digital Noticias\"},\"sameAs\":[\"http:\\\/\\\/ardigitalnoticias.com\"],\"url\":\"https:\\\/\\\/ardigitalnoticias.com\\\/index.php\\\/author\\\/editorial\\\/\"}]}<\/script>\n<!-- \/ Yoast SEO plugin. -->","yoast_head_json":{"title":"PROYECTOS PARA FORTALECER LA INFRAESTRUCTURA EDUCATIVA EN GARZ\u00d3N - AR Digital Noticias","robots":{"index":"index","follow":"follow","max-snippet":"max-snippet:-1","max-image-preview":"max-image-preview:large","max-video-preview":"max-video-preview:-1"},"canonical":"https:\/\/ardigitalnoticias.com\/index.php\/2025\/08\/12\/proyectos-para-fortalecer-la-infraestructura-educativa-en-garzon\/","og_locale":"es_ES","og_type":"article","og_title":"PROYECTOS PARA FORTALECER LA INFRAESTRUCTURA EDUCATIVA EN GARZ\u00d3N - AR Digital Noticias","og_description":"La Alcald\u00eda de Garz\u00f3n present\u00f3 ante la Agencia Nacional de Hidrocarburos (ANH) dos proyectos estrat\u00e9gicos orientados a mejorar las condiciones de las instituciones educativas rurales, buscando respaldo financiero en el marco de la responsabilidad social empresarial. POR: ANDR\u00c9S RODR\u00cdGUEZ. El primero contempla una inversi\u00f3n socioambiental aproximada de $1.337 millones, destinada al mantenimiento y mejoramiento de [&hellip;]","og_url":"https:\/\/ardigitalnoticias.com\/index.php\/2025\/08\/12\/proyectos-para-fortalecer-la-infraestructura-educativa-en-garzon\/","og_site_name":"AR Digital Noticias","article_published_time":"2025-08-12T10:42:10+00:00","article_modified_time":"2025-08-12T10:42:11+00:00","og_image":[{"width":2560,"height":1440,"url":"https:\/\/ardigitalnoticias.com\/wp-content\/uploads\/2025\/08\/InShot_20250812_053702346-scaled.jpg","type":"image\/jpeg"}],"author":"AR Digital Noticias","twitter_card":"summary_large_image","twitter_misc":{"Escrito por":"AR Digital Noticias","Tiempo de lectura":"2 minutos"},"schema":{"@context":"https:\/\/schema.org","@graph":[{"@type":"Article","@id":"https:\/\/ardigitalnoticias.com\/index.php\/2025\/08\/12\/proyectos-para-fortalecer-la-infraestructura-educativa-en-garzon\/#article","isPartOf":{"@id":"https:\/\/ardigitalnoticias.com\/index.php\/2025\/08\/12\/proyectos-para-fortalecer-la-infraestructura-educativa-en-garzon\/"},"author":{"name":"AR Digital Noticias","@id":"https:\/\/ardigitalnoticias.com\/#\/schema\/person\/3f1b0a96e890d8cba89a76c7558a147c"},"headline":"PROYECTOS PARA FORTALECER LA INFRAESTRUCTURA EDUCATIVA EN GARZ\u00d3N","datePublished":"2025-08-12T10:42:10+00:00","dateModified":"2025-08-12T10:42:11+00:00","mainEntityOfPage":{"@id":"https:\/\/ardigitalnoticias.com\/index.php\/2025\/08\/12\/proyectos-para-fortalecer-la-infraestructura-educativa-en-garzon\/"},"wordCount":224,"commentCount":0,"publisher":{"@id":"https:\/\/ardigitalnoticias.com\/#organization"},"image":{"@id":"https:\/\/ardigitalnoticias.com\/index.php\/2025\/08\/12\/proyectos-para-fortalecer-la-infraestructura-educativa-en-garzon\/#primaryimage"},"thumbnailUrl":"https:\/\/ardigitalnoticias.com\/wp-content\/uploads\/2025\/08\/InShot_20250812_053702346-scaled.jpg","articleSection":["Actualidad","Centro","Garz\u00f3n","Regional"],"inLanguage":"es","potentialAction":[{"@type":"CommentAction","name":"Comment","target":["https:\/\/ardigitalnoticias.com\/index.php\/2025\/08\/12\/proyectos-para-fortalecer-la-infraestructura-educativa-en-garzon\/#respond"]}]},{"@type":"WebPage","@id":"https:\/\/ardigitalnoticias.com\/index.php\/2025\/08\/12\/proyectos-para-fortalecer-la-infraestructura-educativa-en-garzon\/","url":"https:\/\/ardigitalnoticias.com\/index.php\/2025\/08\/12\/proyectos-para-fortalecer-la-infraestructura-educativa-en-garzon\/","name":"PROYECTOS PARA FORTALECER LA INFRAESTRUCTURA EDUCATIVA EN GARZ\u00d3N - AR Digital Noticias","isPartOf":{"@id":"https:\/\/ardigitalnoticias.com\/#website"},"primaryImageOfPage":{"@id":"https:\/\/ardigitalnoticias.com\/index.php\/2025\/08\/12\/proyectos-para-fortalecer-la-infraestructura-educativa-en-garzon\/#primaryimage"},"image":{"@id":"https:\/\/ardigitalnoticias.com\/index.php\/2025\/08\/12\/proyectos-para-fortalecer-la-infraestructura-educativa-en-garzon\/#primaryimage"},"thumbnailUrl":"https:\/\/ardigitalnoticias.com\/wp-content\/uploads\/2025\/08\/InShot_20250812_053702346-scaled.jpg","datePublished":"2025-08-12T10:42:10+00:00","dateModified":"2025-08-12T10:42:11+00:00","breadcrumb":{"@id":"https:\/\/ardigitalnoticias.com\/index.php\/2025\/08\/12\/proyectos-para-fortalecer-la-infraestructura-educativa-en-garzon\/#breadcrumb"},"inLanguage":"es","potentialAction":[{"@type":"ReadAction","target":["https:\/\/ardigitalnoticias.com\/index.php\/2025\/08\/12\/proyectos-para-fortalecer-la-infraestructura-educativa-en-garzon\/"]}]},{"@type":"ImageObject","inLanguage":"es","@id":"https:\/\/ardigitalnoticias.com\/index.php\/2025\/08\/12\/proyectos-para-fortalecer-la-infraestructura-educativa-en-garzon\/#primaryimage","url":"https:\/\/ardigitalnoticias.com\/wp-content\/uploads\/2025\/08\/InShot_20250812_053702346-scaled.jpg","contentUrl":"https:\/\/ardigitalnoticias.com\/wp-content\/uploads\/2025\/08\/InShot_20250812_053702346-scaled.jpg","width":2560,"height":1440},{"@type":"BreadcrumbList","@id":"https:\/\/ardigitalnoticias.com\/index.php\/2025\/08\/12\/proyectos-para-fortalecer-la-infraestructura-educativa-en-garzon\/#breadcrumb","itemListElement":[{"@type":"ListItem","position":1,"name":"Portada","item":"https:\/\/ardigitalnoticias.com\/"},{"@type":"ListItem","position":2,"name":"PROYECTOS PARA FORTALECER LA INFRAESTRUCTURA EDUCATIVA EN GARZ\u00d3N"}]},{"@type":"WebSite","@id":"https:\/\/ardigitalnoticias.com\/#website","url":"https:\/\/ardigitalnoticias.com\/","name":"AR Digital Noticias","description":"","publisher":{"@id":"https:\/\/ardigitalnoticias.com\/#organization"},"potentialAction":[{"@type":"SearchAction","target":{"@type":"EntryPoint","urlTemplate":"https:\/\/ardigitalnoticias.com\/?s={search_term_string}"},"query-input":{"@type":"PropertyValueSpecification","valueRequired":true,"valueName":"search_term_string"}}],"inLanguage":"es"},{"@type":"Organization","@id":"https:\/\/ardigitalnoticias.com\/#organization","name":"AR Digital Noticias","url":"https:\/\/ardigitalnoticias.com\/","logo":{"@type":"ImageObject","inLanguage":"es","@id":"https:\/\/ardigitalnoticias.com\/#\/schema\/logo\/image\/","url":"https:\/\/ardigitalnoticias.com\/wp-content\/uploads\/2023\/11\/cropped-cropped-cropped-cropped-AR-Digital-Noticias-1.png","contentUrl":"https:\/\/ardigitalnoticias.com\/wp-content\/uploads\/2023\/11\/cropped-cropped-cropped-cropped-AR-Digital-Noticias-1.png","width":972,"height":306,"caption":"AR Digital Noticias"},"image":{"@id":"https:\/\/ardigitalnoticias.com\/#\/schema\/logo\/image\/"}},{"@type":"Person","@id":"https:\/\/ardigitalnoticias.com\/#\/schema\/person\/3f1b0a96e890d8cba89a76c7558a147c","name":"AR Digital Noticias","image":{"@type":"ImageObject","inLanguage":"es","@id":"https:\/\/secure.gravatar.com\/avatar\/55d1acd2f9cac74c99f42fcb5090c2f994204a6f6c571cf4c3001ae692cb9b34?s=96&d=mm&r=g","url":"https:\/\/secure.gravatar.com\/avatar\/55d1acd2f9cac74c99f42fcb5090c2f994204a6f6c571cf4c3001ae692cb9b34?s=96&d=mm&r=g","contentUrl":"https:\/\/secure.gravatar.com\/avatar\/55d1acd2f9cac74c99f42fcb5090c2f994204a6f6c571cf4c3001ae692cb9b34?s=96&d=mm&r=g","caption":"AR Digital Noticias"},"sameAs":["http:\/\/ardigitalnoticias.com"],"url":"https:\/\/ardigitalnoticias.com\/index.php\/author\/editorial\/"}]}},"_links":{"self":[{"href":"https:\/\/ardigitalnoticias.com\/index.php\/wp-json\/wp\/v2\/posts\/8227","targetHints":{"allow":["GET"]}}],"collection":[{"href":"https:\/\/ardigitalnoticias.com\/index.php\/wp-json\/wp\/v2\/posts"}],"about":[{"href":"https:\/\/ardigitalnoticias.com\/index.php\/wp-json\/wp\/v2\/types\/post"}],"author":[{"embeddable":true,"href":"https:\/\/ardigitalnoticias.com\/index.php\/wp-json\/wp\/v2\/users\/2"}],"replies":[{"embeddable":true,"href":"https:\/\/ardigitalnoticias.com\/index.php\/wp-json\/wp\/v2\/comments?post=8227"}],"version-history":[{"count":1,"href":"https:\/\/ardigitalnoticias.com\/index.php\/wp-json\/wp\/v2\/posts\/8227\/revisions"}],"predecessor-version":[{"id":8230,"href":"https:\/\/ardigitalnoticias.com\/index.php\/wp-json\/wp\/v2\/posts\/8227\/revisions\/8230"}],"wp:featuredmedia":[{"embeddable":true,"href":"https:\/\/ardigitalnoticias.com\/index.php\/wp-json\/wp\/v2\/media\/8229"}],"wp:attachment":[{"href":"https:\/\/ardigitalnoticias.com\/index.php\/wp-json\/wp\/v2\/media?parent=8227"}],"wp:term":[{"taxonomy":"category","embeddable":true,"href":"https:\/\/ardigitalnoticias.com\/index.php\/wp-json\/wp\/v2\/categories?post=8227"},{"taxonomy":"post_tag","embeddable":true,"href":"https:\/\/ardigitalnoticias.com\/index.php\/wp-json\/wp\/v2\/tags?post=8227"}],"curies":[{"name":"wp","href":"https:\/\/api.w.org\/{rel}","templated":true}]}}