{"id":8217,"date":"2025-08-11T06:25:19","date_gmt":"2025-08-11T11:25:19","guid":{"rendered":"https:\/\/ardigitalnoticias.com\/?p=8217"},"modified":"2025-08-11T06:25:20","modified_gmt":"2025-08-11T11:25:20","slug":"garzon-primer-municipio-del-huila-donde-fenoge-socializa-energia-solar-para-economias-populares","status":"publish","type":"post","link":"https:\/\/ardigitalnoticias.com\/index.php\/2025\/08\/11\/garzon-primer-municipio-del-huila-donde-fenoge-socializa-energia-solar-para-economias-populares\/","title":{"rendered":"GARZ\u00d3N, PRIMER MUNICIPIO DEL HUILA DONDE FENOGE SOCIALIZA \u201cENERG\u00cdA SOLAR \u00a1PARA ECONOM\u00cdAS POPULARES!\u201d"},"content":{"rendered":"\n<p>Garz\u00f3n se convirti\u00f3 en el primer municipio del Huila en recibir la presentaci\u00f3n oficial del programa \u201cEnerg\u00eda Solar \u00a1Para Econom\u00edas Populares!\u201d, una iniciativa del Ministerio de Minas y Energ\u00eda, liderada por el Fondo de Energ\u00edas No Convencionales y Gesti\u00f3n Eficiente de la Energ\u00eda (FENOGE), que busca impulsar el uso de energ\u00edas limpias y reducir los costos de los peque\u00f1os negocios en el pa\u00eds.<\/p>\n\n\n\n<p><strong>POR: ANDR\u00c9S RODR\u00cdGUEZ. <\/strong><\/p>\n\n\n<div class=\"wp-block-image\">\n<figure class=\"aligncenter size-large\"><img loading=\"lazy\" decoding=\"async\" width=\"1024\" height=\"768\" src=\"https:\/\/ardigitalnoticias.com\/wp-content\/uploads\/2025\/08\/IMG-20250809-WA1419-1024x768.jpg\" alt=\"\" class=\"wp-image-8220\" srcset=\"https:\/\/ardigitalnoticias.com\/wp-content\/uploads\/2025\/08\/IMG-20250809-WA1419-1024x768.jpg 1024w, https:\/\/ardigitalnoticias.com\/wp-content\/uploads\/2025\/08\/IMG-20250809-WA1419-600x450.jpg 600w, https:\/\/ardigitalnoticias.com\/wp-content\/uploads\/2025\/08\/IMG-20250809-WA1419-300x225.jpg 300w, https:\/\/ardigitalnoticias.com\/wp-content\/uploads\/2025\/08\/IMG-20250809-WA1419-768x576.jpg 768w, https:\/\/ardigitalnoticias.com\/wp-content\/uploads\/2025\/08\/IMG-20250809-WA1419-1536x1152.jpg 1536w, https:\/\/ardigitalnoticias.com\/wp-content\/uploads\/2025\/08\/IMG-20250809-WA1419-2048x1536.jpg 2048w, https:\/\/ardigitalnoticias.com\/wp-content\/uploads\/2025\/08\/IMG-20250809-WA1419-560x420.jpg 560w, https:\/\/ardigitalnoticias.com\/wp-content\/uploads\/2025\/08\/IMG-20250809-WA1419-80x60.jpg 80w, https:\/\/ardigitalnoticias.com\/wp-content\/uploads\/2025\/08\/IMG-20250809-WA1419-150x113.jpg 150w, https:\/\/ardigitalnoticias.com\/wp-content\/uploads\/2025\/08\/IMG-20250809-WA1419-696x522.jpg 696w, https:\/\/ardigitalnoticias.com\/wp-content\/uploads\/2025\/08\/IMG-20250809-WA1419-1068x801.jpg 1068w, https:\/\/ardigitalnoticias.com\/wp-content\/uploads\/2025\/08\/IMG-20250809-WA1419-1920x1440.jpg 1920w\" sizes=\"auto, (max-width: 1024px) 100vw, 1024px\" \/><\/figure>\n<\/div>\n\n\n<p>La jornada cont\u00f3 con la participaci\u00f3n de tenderos, comerciantes y emprendedores de diversos sectores, quienes conocieron de primera mano las ventajas de incorporar sistemas solares a sus actividades productivas. El programa ofrece cofinanciaci\u00f3n de hasta el 60 % del valor de la instalaci\u00f3n \u2014con un tope de 20 millones de pesos por negocio\u2014 para establecimientos de estratos 1, 2 y 3, mientras que el 40 % restante puede ser cubierto con recursos propios o mediante financiaci\u00f3n.<\/p>\n\n\n\n<figure class=\"wp-block-video aligncenter\"><video height=\"720\" style=\"aspect-ratio: 1280 \/ 720;\" width=\"1280\" controls src=\"https:\/\/ardigitalnoticias.com\/wp-content\/uploads\/2025\/08\/VID-20250809-WA1424.mp4\"><\/video><\/figure>\n\n\n\n<p>Uno de los aspectos m\u00e1s destacados es que la implementaci\u00f3n de estos sistemas puede representar ahorros de hasta el 70 % en la factura de energ\u00eda, lo que se traduce en mayor rentabilidad y sostenibilidad para las econom\u00edas populares.<\/p>\n\n\n\n<figure class=\"wp-block-gallery has-nested-images columns-default is-cropped wp-block-gallery-1 is-layout-flex wp-block-gallery-is-layout-flex\">\n<figure class=\"wp-block-image size-large\"><img loading=\"lazy\" decoding=\"async\" width=\"1024\" height=\"768\" data-id=\"8219\" src=\"https:\/\/ardigitalnoticias.com\/wp-content\/uploads\/2025\/08\/IMG-20250809-WA1423-1024x768.jpg\" alt=\"\" class=\"wp-image-8219\" srcset=\"https:\/\/ardigitalnoticias.com\/wp-content\/uploads\/2025\/08\/IMG-20250809-WA1423-1024x768.jpg 1024w, https:\/\/ardigitalnoticias.com\/wp-content\/uploads\/2025\/08\/IMG-20250809-WA1423-600x450.jpg 600w, https:\/\/ardigitalnoticias.com\/wp-content\/uploads\/2025\/08\/IMG-20250809-WA1423-300x225.jpg 300w, https:\/\/ardigitalnoticias.com\/wp-content\/uploads\/2025\/08\/IMG-20250809-WA1423-768x576.jpg 768w, https:\/\/ardigitalnoticias.com\/wp-content\/uploads\/2025\/08\/IMG-20250809-WA1423-1536x1152.jpg 1536w, https:\/\/ardigitalnoticias.com\/wp-content\/uploads\/2025\/08\/IMG-20250809-WA1423-2048x1536.jpg 2048w, https:\/\/ardigitalnoticias.com\/wp-content\/uploads\/2025\/08\/IMG-20250809-WA1423-560x420.jpg 560w, https:\/\/ardigitalnoticias.com\/wp-content\/uploads\/2025\/08\/IMG-20250809-WA1423-80x60.jpg 80w, https:\/\/ardigitalnoticias.com\/wp-content\/uploads\/2025\/08\/IMG-20250809-WA1423-150x113.jpg 150w, https:\/\/ardigitalnoticias.com\/wp-content\/uploads\/2025\/08\/IMG-20250809-WA1423-696x522.jpg 696w, https:\/\/ardigitalnoticias.com\/wp-content\/uploads\/2025\/08\/IMG-20250809-WA1423-1068x801.jpg 1068w, https:\/\/ardigitalnoticias.com\/wp-content\/uploads\/2025\/08\/IMG-20250809-WA1423-1920x1440.jpg 1920w\" sizes=\"auto, (max-width: 1024px) 100vw, 1024px\" \/><\/figure>\n\n\n\n<figure class=\"wp-block-image size-large\"><img loading=\"lazy\" decoding=\"async\" width=\"1024\" height=\"768\" data-id=\"8221\" src=\"https:\/\/ardigitalnoticias.com\/wp-content\/uploads\/2025\/08\/IMG-20250809-WA1417-1024x768.jpg\" alt=\"\" class=\"wp-image-8221\" srcset=\"https:\/\/ardigitalnoticias.com\/wp-content\/uploads\/2025\/08\/IMG-20250809-WA1417-1024x768.jpg 1024w, https:\/\/ardigitalnoticias.com\/wp-content\/uploads\/2025\/08\/IMG-20250809-WA1417-600x450.jpg 600w, https:\/\/ardigitalnoticias.com\/wp-content\/uploads\/2025\/08\/IMG-20250809-WA1417-300x225.jpg 300w, https:\/\/ardigitalnoticias.com\/wp-content\/uploads\/2025\/08\/IMG-20250809-WA1417-768x576.jpg 768w, https:\/\/ardigitalnoticias.com\/wp-content\/uploads\/2025\/08\/IMG-20250809-WA1417-1536x1152.jpg 1536w, https:\/\/ardigitalnoticias.com\/wp-content\/uploads\/2025\/08\/IMG-20250809-WA1417-2048x1536.jpg 2048w, https:\/\/ardigitalnoticias.com\/wp-content\/uploads\/2025\/08\/IMG-20250809-WA1417-560x420.jpg 560w, https:\/\/ardigitalnoticias.com\/wp-content\/uploads\/2025\/08\/IMG-20250809-WA1417-80x60.jpg 80w, https:\/\/ardigitalnoticias.com\/wp-content\/uploads\/2025\/08\/IMG-20250809-WA1417-150x113.jpg 150w, https:\/\/ardigitalnoticias.com\/wp-content\/uploads\/2025\/08\/IMG-20250809-WA1417-696x522.jpg 696w, https:\/\/ardigitalnoticias.com\/wp-content\/uploads\/2025\/08\/IMG-20250809-WA1417-1068x801.jpg 1068w, https:\/\/ardigitalnoticias.com\/wp-content\/uploads\/2025\/08\/IMG-20250809-WA1417-1920x1440.jpg 1920w\" sizes=\"auto, (max-width: 1024px) 100vw, 1024px\" \/><\/figure>\n<\/figure>\n\n\n\n<p>El alcalde de Garz\u00f3n, Francisco Calder\u00f3n Feriz, resalt\u00f3 que esta gesti\u00f3n es un paso importante para fortalecer el comercio local y avanzar hacia un modelo de desarrollo m\u00e1s responsable con el medio ambiente. Durante el encuentro, se resolvieron inquietudes sobre los requisitos t\u00e9cnicos, beneficios econ\u00f3micos y el impacto positivo de la energ\u00eda solar, adem\u00e1s de compartir casos de \u00e9xito de otros municipios, donde helader\u00edas, cafeter\u00edas, florister\u00edas y tiendas de barrio ya funcionan con energ\u00eda limpia.<\/p>\n\n\n\n<p>Con esta socializaci\u00f3n, Garz\u00f3n reafirma su compromiso con la transici\u00f3n energ\u00e9tica y se posiciona como referente regional en el aprovechamiento de energ\u00edas renovables.<\/p>\n\n\n\n<p>Los interesados en acceder al programa pueden conocer los requisitos y postularse a trav\u00e9s de www.fenoge.gov.co o en las instalaciones de la Alcald\u00eda Municipal de Garz\u00f3n.<\/p>\n\n\n<div class=\"wp-block-image\">\n<figure class=\"aligncenter size-large\"><img loading=\"lazy\" decoding=\"async\" width=\"1024\" height=\"768\" src=\"https:\/\/ardigitalnoticias.com\/wp-content\/uploads\/2025\/08\/IMG-20250809-WA1417-1024x768.jpg\" alt=\"\" class=\"wp-image-8221\" srcset=\"https:\/\/ardigitalnoticias.com\/wp-content\/uploads\/2025\/08\/IMG-20250809-WA1417-1024x768.jpg 1024w, https:\/\/ardigitalnoticias.com\/wp-content\/uploads\/2025\/08\/IMG-20250809-WA1417-600x450.jpg 600w, https:\/\/ardigitalnoticias.com\/wp-content\/uploads\/2025\/08\/IMG-20250809-WA1417-300x225.jpg 300w, https:\/\/ardigitalnoticias.com\/wp-content\/uploads\/2025\/08\/IMG-20250809-WA1417-768x576.jpg 768w, https:\/\/ardigitalnoticias.com\/wp-content\/uploads\/2025\/08\/IMG-20250809-WA1417-1536x1152.jpg 1536w, https:\/\/ardigitalnoticias.com\/wp-content\/uploads\/2025\/08\/IMG-20250809-WA1417-2048x1536.jpg 2048w, https:\/\/ardigitalnoticias.com\/wp-content\/uploads\/2025\/08\/IMG-20250809-WA1417-560x420.jpg 560w, https:\/\/ardigitalnoticias.com\/wp-content\/uploads\/2025\/08\/IMG-20250809-WA1417-80x60.jpg 80w, https:\/\/ardigitalnoticias.com\/wp-content\/uploads\/2025\/08\/IMG-20250809-WA1417-150x113.jpg 150w, https:\/\/ardigitalnoticias.com\/wp-content\/uploads\/2025\/08\/IMG-20250809-WA1417-696x522.jpg 696w, https:\/\/ardigitalnoticias.com\/wp-content\/uploads\/2025\/08\/IMG-20250809-WA1417-1068x801.jpg 1068w, https:\/\/ardigitalnoticias.com\/wp-content\/uploads\/2025\/08\/IMG-20250809-WA1417-1920x1440.jpg 1920w\" sizes=\"auto, (max-width: 1024px) 100vw, 1024px\" \/><\/figure>\n<\/div>","protected":false},"excerpt":{"rendered":"<p>Garz\u00f3n se convirti\u00f3 en el primer municipio del Huila en recibir la presentaci\u00f3n oficial del programa \u201cEnerg\u00eda Solar \u00a1Para Econom\u00edas Populares!\u201d, una iniciativa del Ministerio de Minas y Energ\u00eda, liderada por el Fondo de Energ\u00edas No Convencionales y Gesti\u00f3n Eficiente de la Energ\u00eda (FENOGE), que busca impulsar el uso de energ\u00edas limpias y reducir los [&hellip;]<\/p>\n","protected":false},"author":2,"featured_media":8218,"comment_status":"open","ping_status":"open","sticky":false,"template":"","format":"standard","meta":{"_acf_changed":false,"_joinchat":[],"footnotes":""},"categories":[1,25,21,19],"tags":[],"class_list":{"0":"post-8217","1":"post","2":"type-post","3":"status-publish","4":"format-standard","5":"has-post-thumbnail","7":"category-actualidad","8":"category-centro","9":"category-locales","10":"category-regional"},"acf":[],"yoast_head":"<!-- This site is optimized with the Yoast SEO plugin v27.5 - https:\/\/yoast.com\/product\/yoast-seo-wordpress\/ -->\n<title>GARZ\u00d3N, PRIMER MUNICIPIO DEL HUILA DONDE FENOGE SOCIALIZA \u201cENERG\u00cdA SOLAR \u00a1PARA ECONOM\u00cdAS POPULARES!\u201d - AR Digital Noticias<\/title>\n<meta name=\"robots\" content=\"index, follow, max-snippet:-1, max-image-preview:large, max-video-preview:-1\" \/>\n<link rel=\"canonical\" href=\"https:\/\/ardigitalnoticias.com\/index.php\/2025\/08\/11\/garzon-primer-municipio-del-huila-donde-fenoge-socializa-energia-solar-para-economias-populares\/\" \/>\n<meta property=\"og:locale\" content=\"es_ES\" \/>\n<meta property=\"og:type\" content=\"article\" \/>\n<meta property=\"og:title\" content=\"GARZ\u00d3N, PRIMER MUNICIPIO DEL HUILA DONDE FENOGE SOCIALIZA \u201cENERG\u00cdA SOLAR \u00a1PARA ECONOM\u00cdAS POPULARES!\u201d - AR Digital Noticias\" \/>\n<meta property=\"og:description\" content=\"Garz\u00f3n se convirti\u00f3 en el primer municipio del Huila en recibir la presentaci\u00f3n oficial del programa \u201cEnerg\u00eda Solar \u00a1Para Econom\u00edas Populares!\u201d, una iniciativa del Ministerio de Minas y Energ\u00eda, liderada por el Fondo de Energ\u00edas No Convencionales y Gesti\u00f3n Eficiente de la Energ\u00eda (FENOGE), que busca impulsar el uso de energ\u00edas limpias y reducir los [&hellip;]\" \/>\n<meta property=\"og:url\" content=\"https:\/\/ardigitalnoticias.com\/index.php\/2025\/08\/11\/garzon-primer-municipio-del-huila-donde-fenoge-socializa-energia-solar-para-economias-populares\/\" \/>\n<meta property=\"og:site_name\" content=\"AR Digital Noticias\" \/>\n<meta property=\"article:published_time\" content=\"2025-08-11T11:25:19+00:00\" \/>\n<meta property=\"article:modified_time\" content=\"2025-08-11T11:25:20+00:00\" \/>\n<meta property=\"og:image\" content=\"https:\/\/ardigitalnoticias.com\/wp-content\/uploads\/2025\/08\/InShot_20250811_061711923-scaled.jpg\" \/>\n\t<meta property=\"og:image:width\" content=\"2560\" \/>\n\t<meta property=\"og:image:height\" content=\"1440\" \/>\n\t<meta property=\"og:image:type\" content=\"image\/jpeg\" \/>\n<meta name=\"author\" content=\"AR Digital Noticias\" \/>\n<meta name=\"twitter:card\" content=\"summary_large_image\" \/>\n<meta name=\"twitter:label1\" content=\"Escrito por\" \/>\n\t<meta name=\"twitter:data1\" content=\"AR Digital Noticias\" \/>\n\t<meta name=\"twitter:label2\" content=\"Tiempo de lectura\" \/>\n\t<meta name=\"twitter:data2\" content=\"3 minutos\" \/>\n<script type=\"application\/ld+json\" class=\"yoast-schema-graph\">{\"@context\":\"https:\\\/\\\/schema.org\",\"@graph\":[{\"@type\":\"Article\",\"@id\":\"https:\\\/\\\/ardigitalnoticias.com\\\/index.php\\\/2025\\\/08\\\/11\\\/garzon-primer-municipio-del-huila-donde-fenoge-socializa-energia-solar-para-economias-populares\\\/#article\",\"isPartOf\":{\"@id\":\"https:\\\/\\\/ardigitalnoticias.com\\\/index.php\\\/2025\\\/08\\\/11\\\/garzon-primer-municipio-del-huila-donde-fenoge-socializa-energia-solar-para-economias-populares\\\/\"},\"author\":{\"name\":\"AR Digital Noticias\",\"@id\":\"https:\\\/\\\/ardigitalnoticias.com\\\/#\\\/schema\\\/person\\\/3f1b0a96e890d8cba89a76c7558a147c\"},\"headline\":\"GARZ\u00d3N, PRIMER MUNICIPIO DEL HUILA DONDE FENOGE SOCIALIZA \u201cENERG\u00cdA SOLAR \u00a1PARA ECONOM\u00cdAS POPULARES!\u201d\",\"datePublished\":\"2025-08-11T11:25:19+00:00\",\"dateModified\":\"2025-08-11T11:25:20+00:00\",\"mainEntityOfPage\":{\"@id\":\"https:\\\/\\\/ardigitalnoticias.com\\\/index.php\\\/2025\\\/08\\\/11\\\/garzon-primer-municipio-del-huila-donde-fenoge-socializa-energia-solar-para-economias-populares\\\/\"},\"wordCount\":355,\"commentCount\":0,\"publisher\":{\"@id\":\"https:\\\/\\\/ardigitalnoticias.com\\\/#organization\"},\"image\":{\"@id\":\"https:\\\/\\\/ardigitalnoticias.com\\\/index.php\\\/2025\\\/08\\\/11\\\/garzon-primer-municipio-del-huila-donde-fenoge-socializa-energia-solar-para-economias-populares\\\/#primaryimage\"},\"thumbnailUrl\":\"https:\\\/\\\/ardigitalnoticias.com\\\/wp-content\\\/uploads\\\/2025\\\/08\\\/InShot_20250811_061711923-scaled.jpg\",\"articleSection\":[\"Actualidad\",\"Centro\",\"Garz\u00f3n\",\"Regional\"],\"inLanguage\":\"es\",\"potentialAction\":[{\"@type\":\"CommentAction\",\"name\":\"Comment\",\"target\":[\"https:\\\/\\\/ardigitalnoticias.com\\\/index.php\\\/2025\\\/08\\\/11\\\/garzon-primer-municipio-del-huila-donde-fenoge-socializa-energia-solar-para-economias-populares\\\/#respond\"]}]},{\"@type\":\"WebPage\",\"@id\":\"https:\\\/\\\/ardigitalnoticias.com\\\/index.php\\\/2025\\\/08\\\/11\\\/garzon-primer-municipio-del-huila-donde-fenoge-socializa-energia-solar-para-economias-populares\\\/\",\"url\":\"https:\\\/\\\/ardigitalnoticias.com\\\/index.php\\\/2025\\\/08\\\/11\\\/garzon-primer-municipio-del-huila-donde-fenoge-socializa-energia-solar-para-economias-populares\\\/\",\"name\":\"GARZ\u00d3N, PRIMER MUNICIPIO DEL HUILA DONDE FENOGE SOCIALIZA \u201cENERG\u00cdA SOLAR \u00a1PARA ECONOM\u00cdAS POPULARES!\u201d - AR Digital Noticias\",\"isPartOf\":{\"@id\":\"https:\\\/\\\/ardigitalnoticias.com\\\/#website\"},\"primaryImageOfPage\":{\"@id\":\"https:\\\/\\\/ardigitalnoticias.com\\\/index.php\\\/2025\\\/08\\\/11\\\/garzon-primer-municipio-del-huila-donde-fenoge-socializa-energia-solar-para-economias-populares\\\/#primaryimage\"},\"image\":{\"@id\":\"https:\\\/\\\/ardigitalnoticias.com\\\/index.php\\\/2025\\\/08\\\/11\\\/garzon-primer-municipio-del-huila-donde-fenoge-socializa-energia-solar-para-economias-populares\\\/#primaryimage\"},\"thumbnailUrl\":\"https:\\\/\\\/ardigitalnoticias.com\\\/wp-content\\\/uploads\\\/2025\\\/08\\\/InShot_20250811_061711923-scaled.jpg\",\"datePublished\":\"2025-08-11T11:25:19+00:00\",\"dateModified\":\"2025-08-11T11:25:20+00:00\",\"breadcrumb\":{\"@id\":\"https:\\\/\\\/ardigitalnoticias.com\\\/index.php\\\/2025\\\/08\\\/11\\\/garzon-primer-municipio-del-huila-donde-fenoge-socializa-energia-solar-para-economias-populares\\\/#breadcrumb\"},\"inLanguage\":\"es\",\"potentialAction\":[{\"@type\":\"ReadAction\",\"target\":[\"https:\\\/\\\/ardigitalnoticias.com\\\/index.php\\\/2025\\\/08\\\/11\\\/garzon-primer-municipio-del-huila-donde-fenoge-socializa-energia-solar-para-economias-populares\\\/\"]}]},{\"@type\":\"ImageObject\",\"inLanguage\":\"es\",\"@id\":\"https:\\\/\\\/ardigitalnoticias.com\\\/index.php\\\/2025\\\/08\\\/11\\\/garzon-primer-municipio-del-huila-donde-fenoge-socializa-energia-solar-para-economias-populares\\\/#primaryimage\",\"url\":\"https:\\\/\\\/ardigitalnoticias.com\\\/wp-content\\\/uploads\\\/2025\\\/08\\\/InShot_20250811_061711923-scaled.jpg\",\"contentUrl\":\"https:\\\/\\\/ardigitalnoticias.com\\\/wp-content\\\/uploads\\\/2025\\\/08\\\/InShot_20250811_061711923-scaled.jpg\",\"width\":2560,\"height\":1440},{\"@type\":\"BreadcrumbList\",\"@id\":\"https:\\\/\\\/ardigitalnoticias.com\\\/index.php\\\/2025\\\/08\\\/11\\\/garzon-primer-municipio-del-huila-donde-fenoge-socializa-energia-solar-para-economias-populares\\\/#breadcrumb\",\"itemListElement\":[{\"@type\":\"ListItem\",\"position\":1,\"name\":\"Portada\",\"item\":\"https:\\\/\\\/ardigitalnoticias.com\\\/\"},{\"@type\":\"ListItem\",\"position\":2,\"name\":\"GARZ\u00d3N, PRIMER MUNICIPIO DEL HUILA DONDE FENOGE SOCIALIZA \u201cENERG\u00cdA SOLAR \u00a1PARA ECONOM\u00cdAS POPULARES!\u201d\"}]},{\"@type\":\"WebSite\",\"@id\":\"https:\\\/\\\/ardigitalnoticias.com\\\/#website\",\"url\":\"https:\\\/\\\/ardigitalnoticias.com\\\/\",\"name\":\"AR Digital Noticias\",\"description\":\"\",\"publisher\":{\"@id\":\"https:\\\/\\\/ardigitalnoticias.com\\\/#organization\"},\"potentialAction\":[{\"@type\":\"SearchAction\",\"target\":{\"@type\":\"EntryPoint\",\"urlTemplate\":\"https:\\\/\\\/ardigitalnoticias.com\\\/?s={search_term_string}\"},\"query-input\":{\"@type\":\"PropertyValueSpecification\",\"valueRequired\":true,\"valueName\":\"search_term_string\"}}],\"inLanguage\":\"es\"},{\"@type\":\"Organization\",\"@id\":\"https:\\\/\\\/ardigitalnoticias.com\\\/#organization\",\"name\":\"AR Digital Noticias\",\"url\":\"https:\\\/\\\/ardigitalnoticias.com\\\/\",\"logo\":{\"@type\":\"ImageObject\",\"inLanguage\":\"es\",\"@id\":\"https:\\\/\\\/ardigitalnoticias.com\\\/#\\\/schema\\\/logo\\\/image\\\/\",\"url\":\"https:\\\/\\\/ardigitalnoticias.com\\\/wp-content\\\/uploads\\\/2023\\\/11\\\/cropped-cropped-cropped-cropped-AR-Digital-Noticias-1.png\",\"contentUrl\":\"https:\\\/\\\/ardigitalnoticias.com\\\/wp-content\\\/uploads\\\/2023\\\/11\\\/cropped-cropped-cropped-cropped-AR-Digital-Noticias-1.png\",\"width\":972,\"height\":306,\"caption\":\"AR Digital Noticias\"},\"image\":{\"@id\":\"https:\\\/\\\/ardigitalnoticias.com\\\/#\\\/schema\\\/logo\\\/image\\\/\"}},{\"@type\":\"Person\",\"@id\":\"https:\\\/\\\/ardigitalnoticias.com\\\/#\\\/schema\\\/person\\\/3f1b0a96e890d8cba89a76c7558a147c\",\"name\":\"AR Digital Noticias\",\"image\":{\"@type\":\"ImageObject\",\"inLanguage\":\"es\",\"@id\":\"https:\\\/\\\/secure.gravatar.com\\\/avatar\\\/55d1acd2f9cac74c99f42fcb5090c2f994204a6f6c571cf4c3001ae692cb9b34?s=96&d=mm&r=g\",\"url\":\"https:\\\/\\\/secure.gravatar.com\\\/avatar\\\/55d1acd2f9cac74c99f42fcb5090c2f994204a6f6c571cf4c3001ae692cb9b34?s=96&d=mm&r=g\",\"contentUrl\":\"https:\\\/\\\/secure.gravatar.com\\\/avatar\\\/55d1acd2f9cac74c99f42fcb5090c2f994204a6f6c571cf4c3001ae692cb9b34?s=96&d=mm&r=g\",\"caption\":\"AR Digital Noticias\"},\"sameAs\":[\"http:\\\/\\\/ardigitalnoticias.com\"],\"url\":\"https:\\\/\\\/ardigitalnoticias.com\\\/index.php\\\/author\\\/editorial\\\/\"}]}<\/script>\n<!-- \/ Yoast SEO plugin. -->","yoast_head_json":{"title":"GARZ\u00d3N, PRIMER MUNICIPIO DEL HUILA DONDE FENOGE SOCIALIZA \u201cENERG\u00cdA SOLAR \u00a1PARA ECONOM\u00cdAS POPULARES!\u201d - AR Digital Noticias","robots":{"index":"index","follow":"follow","max-snippet":"max-snippet:-1","max-image-preview":"max-image-preview:large","max-video-preview":"max-video-preview:-1"},"canonical":"https:\/\/ardigitalnoticias.com\/index.php\/2025\/08\/11\/garzon-primer-municipio-del-huila-donde-fenoge-socializa-energia-solar-para-economias-populares\/","og_locale":"es_ES","og_type":"article","og_title":"GARZ\u00d3N, PRIMER MUNICIPIO DEL HUILA DONDE FENOGE SOCIALIZA \u201cENERG\u00cdA SOLAR \u00a1PARA ECONOM\u00cdAS POPULARES!\u201d - AR Digital Noticias","og_description":"Garz\u00f3n se convirti\u00f3 en el primer municipio del Huila en recibir la presentaci\u00f3n oficial del programa \u201cEnerg\u00eda Solar \u00a1Para Econom\u00edas Populares!\u201d, una iniciativa del Ministerio de Minas y Energ\u00eda, liderada por el Fondo de Energ\u00edas No Convencionales y Gesti\u00f3n Eficiente de la Energ\u00eda (FENOGE), que busca impulsar el uso de energ\u00edas limpias y reducir los [&hellip;]","og_url":"https:\/\/ardigitalnoticias.com\/index.php\/2025\/08\/11\/garzon-primer-municipio-del-huila-donde-fenoge-socializa-energia-solar-para-economias-populares\/","og_site_name":"AR Digital Noticias","article_published_time":"2025-08-11T11:25:19+00:00","article_modified_time":"2025-08-11T11:25:20+00:00","og_image":[{"width":2560,"height":1440,"url":"https:\/\/ardigitalnoticias.com\/wp-content\/uploads\/2025\/08\/InShot_20250811_061711923-scaled.jpg","type":"image\/jpeg"}],"author":"AR Digital Noticias","twitter_card":"summary_large_image","twitter_misc":{"Escrito por":"AR Digital Noticias","Tiempo de lectura":"3 minutos"},"schema":{"@context":"https:\/\/schema.org","@graph":[{"@type":"Article","@id":"https:\/\/ardigitalnoticias.com\/index.php\/2025\/08\/11\/garzon-primer-municipio-del-huila-donde-fenoge-socializa-energia-solar-para-economias-populares\/#article","isPartOf":{"@id":"https:\/\/ardigitalnoticias.com\/index.php\/2025\/08\/11\/garzon-primer-municipio-del-huila-donde-fenoge-socializa-energia-solar-para-economias-populares\/"},"author":{"name":"AR Digital Noticias","@id":"https:\/\/ardigitalnoticias.com\/#\/schema\/person\/3f1b0a96e890d8cba89a76c7558a147c"},"headline":"GARZ\u00d3N, PRIMER MUNICIPIO DEL HUILA DONDE FENOGE SOCIALIZA \u201cENERG\u00cdA SOLAR \u00a1PARA ECONOM\u00cdAS POPULARES!\u201d","datePublished":"2025-08-11T11:25:19+00:00","dateModified":"2025-08-11T11:25:20+00:00","mainEntityOfPage":{"@id":"https:\/\/ardigitalnoticias.com\/index.php\/2025\/08\/11\/garzon-primer-municipio-del-huila-donde-fenoge-socializa-energia-solar-para-economias-populares\/"},"wordCount":355,"commentCount":0,"publisher":{"@id":"https:\/\/ardigitalnoticias.com\/#organization"},"image":{"@id":"https:\/\/ardigitalnoticias.com\/index.php\/2025\/08\/11\/garzon-primer-municipio-del-huila-donde-fenoge-socializa-energia-solar-para-economias-populares\/#primaryimage"},"thumbnailUrl":"https:\/\/ardigitalnoticias.com\/wp-content\/uploads\/2025\/08\/InShot_20250811_061711923-scaled.jpg","articleSection":["Actualidad","Centro","Garz\u00f3n","Regional"],"inLanguage":"es","potentialAction":[{"@type":"CommentAction","name":"Comment","target":["https:\/\/ardigitalnoticias.com\/index.php\/2025\/08\/11\/garzon-primer-municipio-del-huila-donde-fenoge-socializa-energia-solar-para-economias-populares\/#respond"]}]},{"@type":"WebPage","@id":"https:\/\/ardigitalnoticias.com\/index.php\/2025\/08\/11\/garzon-primer-municipio-del-huila-donde-fenoge-socializa-energia-solar-para-economias-populares\/","url":"https:\/\/ardigitalnoticias.com\/index.php\/2025\/08\/11\/garzon-primer-municipio-del-huila-donde-fenoge-socializa-energia-solar-para-economias-populares\/","name":"GARZ\u00d3N, PRIMER MUNICIPIO DEL HUILA DONDE FENOGE SOCIALIZA \u201cENERG\u00cdA SOLAR \u00a1PARA ECONOM\u00cdAS POPULARES!\u201d - AR Digital Noticias","isPartOf":{"@id":"https:\/\/ardigitalnoticias.com\/#website"},"primaryImageOfPage":{"@id":"https:\/\/ardigitalnoticias.com\/index.php\/2025\/08\/11\/garzon-primer-municipio-del-huila-donde-fenoge-socializa-energia-solar-para-economias-populares\/#primaryimage"},"image":{"@id":"https:\/\/ardigitalnoticias.com\/index.php\/2025\/08\/11\/garzon-primer-municipio-del-huila-donde-fenoge-socializa-energia-solar-para-economias-populares\/#primaryimage"},"thumbnailUrl":"https:\/\/ardigitalnoticias.com\/wp-content\/uploads\/2025\/08\/InShot_20250811_061711923-scaled.jpg","datePublished":"2025-08-11T11:25:19+00:00","dateModified":"2025-08-11T11:25:20+00:00","breadcrumb":{"@id":"https:\/\/ardigitalnoticias.com\/index.php\/2025\/08\/11\/garzon-primer-municipio-del-huila-donde-fenoge-socializa-energia-solar-para-economias-populares\/#breadcrumb"},"inLanguage":"es","potentialAction":[{"@type":"ReadAction","target":["https:\/\/ardigitalnoticias.com\/index.php\/2025\/08\/11\/garzon-primer-municipio-del-huila-donde-fenoge-socializa-energia-solar-para-economias-populares\/"]}]},{"@type":"ImageObject","inLanguage":"es","@id":"https:\/\/ardigitalnoticias.com\/index.php\/2025\/08\/11\/garzon-primer-municipio-del-huila-donde-fenoge-socializa-energia-solar-para-economias-populares\/#primaryimage","url":"https:\/\/ardigitalnoticias.com\/wp-content\/uploads\/2025\/08\/InShot_20250811_061711923-scaled.jpg","contentUrl":"https:\/\/ardigitalnoticias.com\/wp-content\/uploads\/2025\/08\/InShot_20250811_061711923-scaled.jpg","width":2560,"height":1440},{"@type":"BreadcrumbList","@id":"https:\/\/ardigitalnoticias.com\/index.php\/2025\/08\/11\/garzon-primer-municipio-del-huila-donde-fenoge-socializa-energia-solar-para-economias-populares\/#breadcrumb","itemListElement":[{"@type":"ListItem","position":1,"name":"Portada","item":"https:\/\/ardigitalnoticias.com\/"},{"@type":"ListItem","position":2,"name":"GARZ\u00d3N, PRIMER MUNICIPIO DEL HUILA DONDE FENOGE SOCIALIZA \u201cENERG\u00cdA SOLAR \u00a1PARA ECONOM\u00cdAS POPULARES!\u201d"}]},{"@type":"WebSite","@id":"https:\/\/ardigitalnoticias.com\/#website","url":"https:\/\/ardigitalnoticias.com\/","name":"AR Digital Noticias","description":"","publisher":{"@id":"https:\/\/ardigitalnoticias.com\/#organization"},"potentialAction":[{"@type":"SearchAction","target":{"@type":"EntryPoint","urlTemplate":"https:\/\/ardigitalnoticias.com\/?s={search_term_string}"},"query-input":{"@type":"PropertyValueSpecification","valueRequired":true,"valueName":"search_term_string"}}],"inLanguage":"es"},{"@type":"Organization","@id":"https:\/\/ardigitalnoticias.com\/#organization","name":"AR Digital Noticias","url":"https:\/\/ardigitalnoticias.com\/","logo":{"@type":"ImageObject","inLanguage":"es","@id":"https:\/\/ardigitalnoticias.com\/#\/schema\/logo\/image\/","url":"https:\/\/ardigitalnoticias.com\/wp-content\/uploads\/2023\/11\/cropped-cropped-cropped-cropped-AR-Digital-Noticias-1.png","contentUrl":"https:\/\/ardigitalnoticias.com\/wp-content\/uploads\/2023\/11\/cropped-cropped-cropped-cropped-AR-Digital-Noticias-1.png","width":972,"height":306,"caption":"AR Digital Noticias"},"image":{"@id":"https:\/\/ardigitalnoticias.com\/#\/schema\/logo\/image\/"}},{"@type":"Person","@id":"https:\/\/ardigitalnoticias.com\/#\/schema\/person\/3f1b0a96e890d8cba89a76c7558a147c","name":"AR Digital Noticias","image":{"@type":"ImageObject","inLanguage":"es","@id":"https:\/\/secure.gravatar.com\/avatar\/55d1acd2f9cac74c99f42fcb5090c2f994204a6f6c571cf4c3001ae692cb9b34?s=96&d=mm&r=g","url":"https:\/\/secure.gravatar.com\/avatar\/55d1acd2f9cac74c99f42fcb5090c2f994204a6f6c571cf4c3001ae692cb9b34?s=96&d=mm&r=g","contentUrl":"https:\/\/secure.gravatar.com\/avatar\/55d1acd2f9cac74c99f42fcb5090c2f994204a6f6c571cf4c3001ae692cb9b34?s=96&d=mm&r=g","caption":"AR Digital Noticias"},"sameAs":["http:\/\/ardigitalnoticias.com"],"url":"https:\/\/ardigitalnoticias.com\/index.php\/author\/editorial\/"}]}},"_links":{"self":[{"href":"https:\/\/ardigitalnoticias.com\/index.php\/wp-json\/wp\/v2\/posts\/8217","targetHints":{"allow":["GET"]}}],"collection":[{"href":"https:\/\/ardigitalnoticias.com\/index.php\/wp-json\/wp\/v2\/posts"}],"about":[{"href":"https:\/\/ardigitalnoticias.com\/index.php\/wp-json\/wp\/v2\/types\/post"}],"author":[{"embeddable":true,"href":"https:\/\/ardigitalnoticias.com\/index.php\/wp-json\/wp\/v2\/users\/2"}],"replies":[{"embeddable":true,"href":"https:\/\/ardigitalnoticias.com\/index.php\/wp-json\/wp\/v2\/comments?post=8217"}],"version-history":[{"count":2,"href":"https:\/\/ardigitalnoticias.com\/index.php\/wp-json\/wp\/v2\/posts\/8217\/revisions"}],"predecessor-version":[{"id":8226,"href":"https:\/\/ardigitalnoticias.com\/index.php\/wp-json\/wp\/v2\/posts\/8217\/revisions\/8226"}],"wp:featuredmedia":[{"embeddable":true,"href":"https:\/\/ardigitalnoticias.com\/index.php\/wp-json\/wp\/v2\/media\/8218"}],"wp:attachment":[{"href":"https:\/\/ardigitalnoticias.com\/index.php\/wp-json\/wp\/v2\/media?parent=8217"}],"wp:term":[{"taxonomy":"category","embeddable":true,"href":"https:\/\/ardigitalnoticias.com\/index.php\/wp-json\/wp\/v2\/categories?post=8217"},{"taxonomy":"post_tag","embeddable":true,"href":"https:\/\/ardigitalnoticias.com\/index.php\/wp-json\/wp\/v2\/tags?post=8217"}],"curies":[{"name":"wp","href":"https:\/\/api.w.org\/{rel}","templated":true}]}}