{"id":8183,"date":"2025-08-06T08:23:16","date_gmt":"2025-08-06T13:23:16","guid":{"rendered":"https:\/\/ardigitalnoticias.com\/?p=8183"},"modified":"2025-08-06T08:23:16","modified_gmt":"2025-08-06T13:23:16","slug":"mas-hogares-en-garzon-acceden-a-gas-domiciliario","status":"publish","type":"post","link":"https:\/\/ardigitalnoticias.com\/index.php\/2025\/08\/06\/mas-hogares-en-garzon-acceden-a-gas-domiciliario\/","title":{"rendered":"M\u00c1S HOGARES EN GARZ\u00d3N ACCEDEN A GAS DOMICILIARIO"},"content":{"rendered":"\n<p>La administraci\u00f3n municipal de Garz\u00f3n, liderada por el alcalde Francisco Calder\u00f3n Feriz, ha logrado un avance significativo en la cobertura de gas domiciliario, beneficiando a 900 familias en tan solo 18 meses de gobierno.<\/p>\n\n\n<div class=\"wp-block-image\">\n<figure class=\"aligncenter size-large\"><img loading=\"lazy\" decoding=\"async\" width=\"703\" height=\"1024\" src=\"https:\/\/ardigitalnoticias.com\/wp-content\/uploads\/2025\/08\/Screenshot_20250806_081521_Facebook-703x1024.png\" alt=\"\" class=\"wp-image-8185\" srcset=\"https:\/\/ardigitalnoticias.com\/wp-content\/uploads\/2025\/08\/Screenshot_20250806_081521_Facebook-703x1024.png 703w, https:\/\/ardigitalnoticias.com\/wp-content\/uploads\/2025\/08\/Screenshot_20250806_081521_Facebook-412x600.png 412w, https:\/\/ardigitalnoticias.com\/wp-content\/uploads\/2025\/08\/Screenshot_20250806_081521_Facebook-206x300.png 206w, https:\/\/ardigitalnoticias.com\/wp-content\/uploads\/2025\/08\/Screenshot_20250806_081521_Facebook-768x1119.png 768w, https:\/\/ardigitalnoticias.com\/wp-content\/uploads\/2025\/08\/Screenshot_20250806_081521_Facebook-1054x1536.png 1054w, https:\/\/ardigitalnoticias.com\/wp-content\/uploads\/2025\/08\/Screenshot_20250806_081521_Facebook-288x420.png 288w, https:\/\/ardigitalnoticias.com\/wp-content\/uploads\/2025\/08\/Screenshot_20250806_081521_Facebook-150x219.png 150w, https:\/\/ardigitalnoticias.com\/wp-content\/uploads\/2025\/08\/Screenshot_20250806_081521_Facebook-300x437.png 300w, https:\/\/ardigitalnoticias.com\/wp-content\/uploads\/2025\/08\/Screenshot_20250806_081521_Facebook-696x1014.png 696w, https:\/\/ardigitalnoticias.com\/wp-content\/uploads\/2025\/08\/Screenshot_20250806_081521_Facebook-1068x1556.png 1068w, https:\/\/ardigitalnoticias.com\/wp-content\/uploads\/2025\/08\/Screenshot_20250806_081521_Facebook.png 1142w\" sizes=\"auto, (max-width: 703px) 100vw, 703px\" \/><\/figure>\n<\/div>\n\n\n<p>Gracias a la alianza con la empresa Alcanos de Colombia, se han implementado m\u00faltiples proyectos que impulsan la transici\u00f3n hacia energ\u00edas m\u00e1s limpias, mejorando las condiciones de vida de los garzone\u00f1os. Esta colaboraci\u00f3n p\u00fablico-privada ha permitido una expansi\u00f3n progresiva de la red de gas en distintos sectores del municipio.<\/p>\n\n\n<div class=\"wp-block-image\">\n<figure class=\"aligncenter size-large\"><img loading=\"lazy\" decoding=\"async\" width=\"1024\" height=\"768\" src=\"https:\/\/ardigitalnoticias.com\/wp-content\/uploads\/2025\/08\/IMG-20250805-WA1141-1024x768.jpg\" alt=\"\" class=\"wp-image-8190\" srcset=\"https:\/\/ardigitalnoticias.com\/wp-content\/uploads\/2025\/08\/IMG-20250805-WA1141-1024x768.jpg 1024w, https:\/\/ardigitalnoticias.com\/wp-content\/uploads\/2025\/08\/IMG-20250805-WA1141-600x450.jpg 600w, https:\/\/ardigitalnoticias.com\/wp-content\/uploads\/2025\/08\/IMG-20250805-WA1141-300x225.jpg 300w, https:\/\/ardigitalnoticias.com\/wp-content\/uploads\/2025\/08\/IMG-20250805-WA1141-768x576.jpg 768w, https:\/\/ardigitalnoticias.com\/wp-content\/uploads\/2025\/08\/IMG-20250805-WA1141-560x420.jpg 560w, https:\/\/ardigitalnoticias.com\/wp-content\/uploads\/2025\/08\/IMG-20250805-WA1141-80x60.jpg 80w, https:\/\/ardigitalnoticias.com\/wp-content\/uploads\/2025\/08\/IMG-20250805-WA1141-150x113.jpg 150w, https:\/\/ardigitalnoticias.com\/wp-content\/uploads\/2025\/08\/IMG-20250805-WA1141-696x522.jpg 696w, https:\/\/ardigitalnoticias.com\/wp-content\/uploads\/2025\/08\/IMG-20250805-WA1141-1068x801.jpg 1068w, https:\/\/ardigitalnoticias.com\/wp-content\/uploads\/2025\/08\/IMG-20250805-WA1141.jpg 1280w\" sizes=\"auto, (max-width: 1024px) 100vw, 1024px\" \/><\/figure>\n<\/div>\n\n\n<p>Uno de los anuncios m\u00e1s recientes fue la conexi\u00f3n de nuevas viviendas en los barrios Los Israelitas y Villa Grace, donde se adelantan obras para beneficiar a 150 familias. Estos trabajos se suman a los ya ejecutados en el barrio Brisas del Oriente, con 550 hogares favorecidos, y en el asentamiento San Felipe, donde se logr\u00f3 llevar el servicio a 200 familias.<\/p>\n\n\n<div class=\"wp-block-image\">\n<figure class=\"aligncenter size-large\"><img loading=\"lazy\" decoding=\"async\" width=\"1024\" height=\"574\" src=\"https:\/\/ardigitalnoticias.com\/wp-content\/uploads\/2025\/08\/IMG-20250805-WA1146-1024x574.jpg\" alt=\"\" class=\"wp-image-8187\" srcset=\"https:\/\/ardigitalnoticias.com\/wp-content\/uploads\/2025\/08\/IMG-20250805-WA1146-1024x574.jpg 1024w, https:\/\/ardigitalnoticias.com\/wp-content\/uploads\/2025\/08\/IMG-20250805-WA1146-600x336.jpg 600w, https:\/\/ardigitalnoticias.com\/wp-content\/uploads\/2025\/08\/IMG-20250805-WA1146-300x168.jpg 300w, https:\/\/ardigitalnoticias.com\/wp-content\/uploads\/2025\/08\/IMG-20250805-WA1146-768x431.jpg 768w, https:\/\/ardigitalnoticias.com\/wp-content\/uploads\/2025\/08\/IMG-20250805-WA1146-749x420.jpg 749w, https:\/\/ardigitalnoticias.com\/wp-content\/uploads\/2025\/08\/IMG-20250805-WA1146-150x84.jpg 150w, https:\/\/ardigitalnoticias.com\/wp-content\/uploads\/2025\/08\/IMG-20250805-WA1146-696x390.jpg 696w, https:\/\/ardigitalnoticias.com\/wp-content\/uploads\/2025\/08\/IMG-20250805-WA1146-1068x599.jpg 1068w, https:\/\/ardigitalnoticias.com\/wp-content\/uploads\/2025\/08\/IMG-20250805-WA1146.jpg 1179w\" sizes=\"auto, (max-width: 1024px) 100vw, 1024px\" \/><\/figure>\n<\/div>\n\n\n<p>El alcalde Calder\u00f3n reafirm\u00f3 su compromiso de seguir ampliando la cobertura, con el objetivo de impactar positivamente en la salud, econom\u00eda y bienestar de m\u00e1s ciudadanos. \u201cSeguiremos trabajando para llevar este servicio esencial a quienes lo han esperado por a\u00f1os\u201d, afirm\u00f3.<\/p>\n\n\n<div class=\"wp-block-image\">\n<figure class=\"aligncenter size-large\"><img loading=\"lazy\" decoding=\"async\" width=\"1024\" height=\"768\" src=\"https:\/\/ardigitalnoticias.com\/wp-content\/uploads\/2025\/08\/IMG-20250805-WA1143-1024x768.jpg\" alt=\"\" class=\"wp-image-8189\" srcset=\"https:\/\/ardigitalnoticias.com\/wp-content\/uploads\/2025\/08\/IMG-20250805-WA1143-1024x768.jpg 1024w, https:\/\/ardigitalnoticias.com\/wp-content\/uploads\/2025\/08\/IMG-20250805-WA1143-600x450.jpg 600w, https:\/\/ardigitalnoticias.com\/wp-content\/uploads\/2025\/08\/IMG-20250805-WA1143-300x225.jpg 300w, https:\/\/ardigitalnoticias.com\/wp-content\/uploads\/2025\/08\/IMG-20250805-WA1143-768x576.jpg 768w, https:\/\/ardigitalnoticias.com\/wp-content\/uploads\/2025\/08\/IMG-20250805-WA1143-1536x1152.jpg 1536w, https:\/\/ardigitalnoticias.com\/wp-content\/uploads\/2025\/08\/IMG-20250805-WA1143-2048x1536.jpg 2048w, https:\/\/ardigitalnoticias.com\/wp-content\/uploads\/2025\/08\/IMG-20250805-WA1143-560x420.jpg 560w, https:\/\/ardigitalnoticias.com\/wp-content\/uploads\/2025\/08\/IMG-20250805-WA1143-80x60.jpg 80w, https:\/\/ardigitalnoticias.com\/wp-content\/uploads\/2025\/08\/IMG-20250805-WA1143-150x113.jpg 150w, https:\/\/ardigitalnoticias.com\/wp-content\/uploads\/2025\/08\/IMG-20250805-WA1143-696x522.jpg 696w, https:\/\/ardigitalnoticias.com\/wp-content\/uploads\/2025\/08\/IMG-20250805-WA1143-1068x801.jpg 1068w, https:\/\/ardigitalnoticias.com\/wp-content\/uploads\/2025\/08\/IMG-20250805-WA1143-1920x1440.jpg 1920w\" sizes=\"auto, (max-width: 1024px) 100vw, 1024px\" \/><\/figure>\n<\/div>\n\n\n<p>Este esfuerzo representa no solo una mejora en la calidad de vida de cientos de familias, sino tambi\u00e9n un paso firme hacia la sostenibilidad y la equidad social en el municipio.<\/p>\n\n\n<div class=\"wp-block-image\">\n<figure class=\"aligncenter size-large\"><img loading=\"lazy\" decoding=\"async\" width=\"1024\" height=\"570\" src=\"https:\/\/ardigitalnoticias.com\/wp-content\/uploads\/2025\/08\/IMG-20250805-WA1147-1024x570.jpg\" alt=\"\" class=\"wp-image-8186\" srcset=\"https:\/\/ardigitalnoticias.com\/wp-content\/uploads\/2025\/08\/IMG-20250805-WA1147-1024x570.jpg 1024w, https:\/\/ardigitalnoticias.com\/wp-content\/uploads\/2025\/08\/IMG-20250805-WA1147-600x334.jpg 600w, https:\/\/ardigitalnoticias.com\/wp-content\/uploads\/2025\/08\/IMG-20250805-WA1147-300x167.jpg 300w, https:\/\/ardigitalnoticias.com\/wp-content\/uploads\/2025\/08\/IMG-20250805-WA1147-768x427.jpg 768w, https:\/\/ardigitalnoticias.com\/wp-content\/uploads\/2025\/08\/IMG-20250805-WA1147-755x420.jpg 755w, https:\/\/ardigitalnoticias.com\/wp-content\/uploads\/2025\/08\/IMG-20250805-WA1147-150x83.jpg 150w, https:\/\/ardigitalnoticias.com\/wp-content\/uploads\/2025\/08\/IMG-20250805-WA1147-696x387.jpg 696w, https:\/\/ardigitalnoticias.com\/wp-content\/uploads\/2025\/08\/IMG-20250805-WA1147-1068x594.jpg 1068w, https:\/\/ardigitalnoticias.com\/wp-content\/uploads\/2025\/08\/IMG-20250805-WA1147.jpg 1179w\" sizes=\"auto, (max-width: 1024px) 100vw, 1024px\" \/><\/figure>\n<\/div>","protected":false},"excerpt":{"rendered":"<p>La administraci\u00f3n municipal de Garz\u00f3n, liderada por el alcalde Francisco Calder\u00f3n Feriz, ha logrado un avance significativo en la cobertura de gas domiciliario, beneficiando a 900 familias en tan solo 18 meses de gobierno. Gracias a la alianza con la empresa Alcanos de Colombia, se han implementado m\u00faltiples proyectos que impulsan la transici\u00f3n hacia energ\u00edas [&hellip;]<\/p>\n","protected":false},"author":2,"featured_media":8184,"comment_status":"open","ping_status":"open","sticky":false,"template":"","format":"standard","meta":{"_acf_changed":false,"_joinchat":[],"footnotes":""},"categories":[1,25,21,19],"tags":[],"class_list":{"0":"post-8183","1":"post","2":"type-post","3":"status-publish","4":"format-standard","5":"has-post-thumbnail","7":"category-actualidad","8":"category-centro","9":"category-locales","10":"category-regional"},"acf":[],"yoast_head":"<!-- This site is optimized with the Yoast SEO plugin v27.5 - https:\/\/yoast.com\/product\/yoast-seo-wordpress\/ -->\n<title>M\u00c1S HOGARES EN GARZ\u00d3N ACCEDEN A GAS DOMICILIARIO - AR Digital Noticias<\/title>\n<meta name=\"robots\" content=\"index, follow, max-snippet:-1, max-image-preview:large, max-video-preview:-1\" \/>\n<link rel=\"canonical\" href=\"https:\/\/ardigitalnoticias.com\/index.php\/2025\/08\/06\/mas-hogares-en-garzon-acceden-a-gas-domiciliario\/\" \/>\n<meta property=\"og:locale\" content=\"es_ES\" \/>\n<meta property=\"og:type\" content=\"article\" \/>\n<meta property=\"og:title\" content=\"M\u00c1S HOGARES EN GARZ\u00d3N ACCEDEN A GAS DOMICILIARIO - AR Digital Noticias\" \/>\n<meta property=\"og:description\" content=\"La administraci\u00f3n municipal de Garz\u00f3n, liderada por el alcalde Francisco Calder\u00f3n Feriz, ha logrado un avance significativo en la cobertura de gas domiciliario, beneficiando a 900 familias en tan solo 18 meses de gobierno. Gracias a la alianza con la empresa Alcanos de Colombia, se han implementado m\u00faltiples proyectos que impulsan la transici\u00f3n hacia energ\u00edas [&hellip;]\" \/>\n<meta property=\"og:url\" content=\"https:\/\/ardigitalnoticias.com\/index.php\/2025\/08\/06\/mas-hogares-en-garzon-acceden-a-gas-domiciliario\/\" \/>\n<meta property=\"og:site_name\" content=\"AR Digital Noticias\" \/>\n<meta property=\"article:published_time\" content=\"2025-08-06T13:23:16+00:00\" \/>\n<meta property=\"og:image\" content=\"https:\/\/ardigitalnoticias.com\/wp-content\/uploads\/2025\/08\/InShot_20250806_081751715-scaled.jpg\" \/>\n\t<meta property=\"og:image:width\" content=\"2560\" \/>\n\t<meta property=\"og:image:height\" content=\"1440\" \/>\n\t<meta property=\"og:image:type\" content=\"image\/jpeg\" \/>\n<meta name=\"author\" content=\"AR Digital Noticias\" \/>\n<meta name=\"twitter:card\" content=\"summary_large_image\" \/>\n<meta name=\"twitter:label1\" content=\"Escrito por\" \/>\n\t<meta name=\"twitter:data1\" content=\"AR Digital Noticias\" \/>\n\t<meta name=\"twitter:label2\" content=\"Tiempo de lectura\" \/>\n\t<meta name=\"twitter:data2\" content=\"3 minutos\" \/>\n<script type=\"application\/ld+json\" class=\"yoast-schema-graph\">{\"@context\":\"https:\\\/\\\/schema.org\",\"@graph\":[{\"@type\":\"Article\",\"@id\":\"https:\\\/\\\/ardigitalnoticias.com\\\/index.php\\\/2025\\\/08\\\/06\\\/mas-hogares-en-garzon-acceden-a-gas-domiciliario\\\/#article\",\"isPartOf\":{\"@id\":\"https:\\\/\\\/ardigitalnoticias.com\\\/index.php\\\/2025\\\/08\\\/06\\\/mas-hogares-en-garzon-acceden-a-gas-domiciliario\\\/\"},\"author\":{\"name\":\"AR Digital Noticias\",\"@id\":\"https:\\\/\\\/ardigitalnoticias.com\\\/#\\\/schema\\\/person\\\/3f1b0a96e890d8cba89a76c7558a147c\"},\"headline\":\"M\u00c1S HOGARES EN GARZ\u00d3N ACCEDEN A GAS DOMICILIARIO\",\"datePublished\":\"2025-08-06T13:23:16+00:00\",\"mainEntityOfPage\":{\"@id\":\"https:\\\/\\\/ardigitalnoticias.com\\\/index.php\\\/2025\\\/08\\\/06\\\/mas-hogares-en-garzon-acceden-a-gas-domiciliario\\\/\"},\"wordCount\":240,\"commentCount\":0,\"publisher\":{\"@id\":\"https:\\\/\\\/ardigitalnoticias.com\\\/#organization\"},\"image\":{\"@id\":\"https:\\\/\\\/ardigitalnoticias.com\\\/index.php\\\/2025\\\/08\\\/06\\\/mas-hogares-en-garzon-acceden-a-gas-domiciliario\\\/#primaryimage\"},\"thumbnailUrl\":\"https:\\\/\\\/ardigitalnoticias.com\\\/wp-content\\\/uploads\\\/2025\\\/08\\\/InShot_20250806_081751715-scaled.jpg\",\"articleSection\":[\"Actualidad\",\"Centro\",\"Garz\u00f3n\",\"Regional\"],\"inLanguage\":\"es\",\"potentialAction\":[{\"@type\":\"CommentAction\",\"name\":\"Comment\",\"target\":[\"https:\\\/\\\/ardigitalnoticias.com\\\/index.php\\\/2025\\\/08\\\/06\\\/mas-hogares-en-garzon-acceden-a-gas-domiciliario\\\/#respond\"]}]},{\"@type\":\"WebPage\",\"@id\":\"https:\\\/\\\/ardigitalnoticias.com\\\/index.php\\\/2025\\\/08\\\/06\\\/mas-hogares-en-garzon-acceden-a-gas-domiciliario\\\/\",\"url\":\"https:\\\/\\\/ardigitalnoticias.com\\\/index.php\\\/2025\\\/08\\\/06\\\/mas-hogares-en-garzon-acceden-a-gas-domiciliario\\\/\",\"name\":\"M\u00c1S HOGARES EN GARZ\u00d3N ACCEDEN A GAS DOMICILIARIO - AR Digital Noticias\",\"isPartOf\":{\"@id\":\"https:\\\/\\\/ardigitalnoticias.com\\\/#website\"},\"primaryImageOfPage\":{\"@id\":\"https:\\\/\\\/ardigitalnoticias.com\\\/index.php\\\/2025\\\/08\\\/06\\\/mas-hogares-en-garzon-acceden-a-gas-domiciliario\\\/#primaryimage\"},\"image\":{\"@id\":\"https:\\\/\\\/ardigitalnoticias.com\\\/index.php\\\/2025\\\/08\\\/06\\\/mas-hogares-en-garzon-acceden-a-gas-domiciliario\\\/#primaryimage\"},\"thumbnailUrl\":\"https:\\\/\\\/ardigitalnoticias.com\\\/wp-content\\\/uploads\\\/2025\\\/08\\\/InShot_20250806_081751715-scaled.jpg\",\"datePublished\":\"2025-08-06T13:23:16+00:00\",\"breadcrumb\":{\"@id\":\"https:\\\/\\\/ardigitalnoticias.com\\\/index.php\\\/2025\\\/08\\\/06\\\/mas-hogares-en-garzon-acceden-a-gas-domiciliario\\\/#breadcrumb\"},\"inLanguage\":\"es\",\"potentialAction\":[{\"@type\":\"ReadAction\",\"target\":[\"https:\\\/\\\/ardigitalnoticias.com\\\/index.php\\\/2025\\\/08\\\/06\\\/mas-hogares-en-garzon-acceden-a-gas-domiciliario\\\/\"]}]},{\"@type\":\"ImageObject\",\"inLanguage\":\"es\",\"@id\":\"https:\\\/\\\/ardigitalnoticias.com\\\/index.php\\\/2025\\\/08\\\/06\\\/mas-hogares-en-garzon-acceden-a-gas-domiciliario\\\/#primaryimage\",\"url\":\"https:\\\/\\\/ardigitalnoticias.com\\\/wp-content\\\/uploads\\\/2025\\\/08\\\/InShot_20250806_081751715-scaled.jpg\",\"contentUrl\":\"https:\\\/\\\/ardigitalnoticias.com\\\/wp-content\\\/uploads\\\/2025\\\/08\\\/InShot_20250806_081751715-scaled.jpg\",\"width\":2560,\"height\":1440},{\"@type\":\"BreadcrumbList\",\"@id\":\"https:\\\/\\\/ardigitalnoticias.com\\\/index.php\\\/2025\\\/08\\\/06\\\/mas-hogares-en-garzon-acceden-a-gas-domiciliario\\\/#breadcrumb\",\"itemListElement\":[{\"@type\":\"ListItem\",\"position\":1,\"name\":\"Portada\",\"item\":\"https:\\\/\\\/ardigitalnoticias.com\\\/\"},{\"@type\":\"ListItem\",\"position\":2,\"name\":\"M\u00c1S HOGARES EN GARZ\u00d3N ACCEDEN A GAS DOMICILIARIO\"}]},{\"@type\":\"WebSite\",\"@id\":\"https:\\\/\\\/ardigitalnoticias.com\\\/#website\",\"url\":\"https:\\\/\\\/ardigitalnoticias.com\\\/\",\"name\":\"AR Digital Noticias\",\"description\":\"\",\"publisher\":{\"@id\":\"https:\\\/\\\/ardigitalnoticias.com\\\/#organization\"},\"potentialAction\":[{\"@type\":\"SearchAction\",\"target\":{\"@type\":\"EntryPoint\",\"urlTemplate\":\"https:\\\/\\\/ardigitalnoticias.com\\\/?s={search_term_string}\"},\"query-input\":{\"@type\":\"PropertyValueSpecification\",\"valueRequired\":true,\"valueName\":\"search_term_string\"}}],\"inLanguage\":\"es\"},{\"@type\":\"Organization\",\"@id\":\"https:\\\/\\\/ardigitalnoticias.com\\\/#organization\",\"name\":\"AR Digital Noticias\",\"url\":\"https:\\\/\\\/ardigitalnoticias.com\\\/\",\"logo\":{\"@type\":\"ImageObject\",\"inLanguage\":\"es\",\"@id\":\"https:\\\/\\\/ardigitalnoticias.com\\\/#\\\/schema\\\/logo\\\/image\\\/\",\"url\":\"https:\\\/\\\/ardigitalnoticias.com\\\/wp-content\\\/uploads\\\/2023\\\/11\\\/cropped-cropped-cropped-cropped-AR-Digital-Noticias-1.png\",\"contentUrl\":\"https:\\\/\\\/ardigitalnoticias.com\\\/wp-content\\\/uploads\\\/2023\\\/11\\\/cropped-cropped-cropped-cropped-AR-Digital-Noticias-1.png\",\"width\":972,\"height\":306,\"caption\":\"AR Digital Noticias\"},\"image\":{\"@id\":\"https:\\\/\\\/ardigitalnoticias.com\\\/#\\\/schema\\\/logo\\\/image\\\/\"}},{\"@type\":\"Person\",\"@id\":\"https:\\\/\\\/ardigitalnoticias.com\\\/#\\\/schema\\\/person\\\/3f1b0a96e890d8cba89a76c7558a147c\",\"name\":\"AR Digital Noticias\",\"image\":{\"@type\":\"ImageObject\",\"inLanguage\":\"es\",\"@id\":\"https:\\\/\\\/secure.gravatar.com\\\/avatar\\\/55d1acd2f9cac74c99f42fcb5090c2f994204a6f6c571cf4c3001ae692cb9b34?s=96&d=mm&r=g\",\"url\":\"https:\\\/\\\/secure.gravatar.com\\\/avatar\\\/55d1acd2f9cac74c99f42fcb5090c2f994204a6f6c571cf4c3001ae692cb9b34?s=96&d=mm&r=g\",\"contentUrl\":\"https:\\\/\\\/secure.gravatar.com\\\/avatar\\\/55d1acd2f9cac74c99f42fcb5090c2f994204a6f6c571cf4c3001ae692cb9b34?s=96&d=mm&r=g\",\"caption\":\"AR Digital Noticias\"},\"sameAs\":[\"http:\\\/\\\/ardigitalnoticias.com\"],\"url\":\"https:\\\/\\\/ardigitalnoticias.com\\\/index.php\\\/author\\\/editorial\\\/\"}]}<\/script>\n<!-- \/ Yoast SEO plugin. -->","yoast_head_json":{"title":"M\u00c1S HOGARES EN GARZ\u00d3N ACCEDEN A GAS DOMICILIARIO - AR Digital Noticias","robots":{"index":"index","follow":"follow","max-snippet":"max-snippet:-1","max-image-preview":"max-image-preview:large","max-video-preview":"max-video-preview:-1"},"canonical":"https:\/\/ardigitalnoticias.com\/index.php\/2025\/08\/06\/mas-hogares-en-garzon-acceden-a-gas-domiciliario\/","og_locale":"es_ES","og_type":"article","og_title":"M\u00c1S HOGARES EN GARZ\u00d3N ACCEDEN A GAS DOMICILIARIO - AR Digital Noticias","og_description":"La administraci\u00f3n municipal de Garz\u00f3n, liderada por el alcalde Francisco Calder\u00f3n Feriz, ha logrado un avance significativo en la cobertura de gas domiciliario, beneficiando a 900 familias en tan solo 18 meses de gobierno. Gracias a la alianza con la empresa Alcanos de Colombia, se han implementado m\u00faltiples proyectos que impulsan la transici\u00f3n hacia energ\u00edas [&hellip;]","og_url":"https:\/\/ardigitalnoticias.com\/index.php\/2025\/08\/06\/mas-hogares-en-garzon-acceden-a-gas-domiciliario\/","og_site_name":"AR Digital Noticias","article_published_time":"2025-08-06T13:23:16+00:00","og_image":[{"width":2560,"height":1440,"url":"https:\/\/ardigitalnoticias.com\/wp-content\/uploads\/2025\/08\/InShot_20250806_081751715-scaled.jpg","type":"image\/jpeg"}],"author":"AR Digital Noticias","twitter_card":"summary_large_image","twitter_misc":{"Escrito por":"AR Digital Noticias","Tiempo de lectura":"3 minutos"},"schema":{"@context":"https:\/\/schema.org","@graph":[{"@type":"Article","@id":"https:\/\/ardigitalnoticias.com\/index.php\/2025\/08\/06\/mas-hogares-en-garzon-acceden-a-gas-domiciliario\/#article","isPartOf":{"@id":"https:\/\/ardigitalnoticias.com\/index.php\/2025\/08\/06\/mas-hogares-en-garzon-acceden-a-gas-domiciliario\/"},"author":{"name":"AR Digital Noticias","@id":"https:\/\/ardigitalnoticias.com\/#\/schema\/person\/3f1b0a96e890d8cba89a76c7558a147c"},"headline":"M\u00c1S HOGARES EN GARZ\u00d3N ACCEDEN A GAS DOMICILIARIO","datePublished":"2025-08-06T13:23:16+00:00","mainEntityOfPage":{"@id":"https:\/\/ardigitalnoticias.com\/index.php\/2025\/08\/06\/mas-hogares-en-garzon-acceden-a-gas-domiciliario\/"},"wordCount":240,"commentCount":0,"publisher":{"@id":"https:\/\/ardigitalnoticias.com\/#organization"},"image":{"@id":"https:\/\/ardigitalnoticias.com\/index.php\/2025\/08\/06\/mas-hogares-en-garzon-acceden-a-gas-domiciliario\/#primaryimage"},"thumbnailUrl":"https:\/\/ardigitalnoticias.com\/wp-content\/uploads\/2025\/08\/InShot_20250806_081751715-scaled.jpg","articleSection":["Actualidad","Centro","Garz\u00f3n","Regional"],"inLanguage":"es","potentialAction":[{"@type":"CommentAction","name":"Comment","target":["https:\/\/ardigitalnoticias.com\/index.php\/2025\/08\/06\/mas-hogares-en-garzon-acceden-a-gas-domiciliario\/#respond"]}]},{"@type":"WebPage","@id":"https:\/\/ardigitalnoticias.com\/index.php\/2025\/08\/06\/mas-hogares-en-garzon-acceden-a-gas-domiciliario\/","url":"https:\/\/ardigitalnoticias.com\/index.php\/2025\/08\/06\/mas-hogares-en-garzon-acceden-a-gas-domiciliario\/","name":"M\u00c1S HOGARES EN GARZ\u00d3N ACCEDEN A GAS DOMICILIARIO - AR Digital Noticias","isPartOf":{"@id":"https:\/\/ardigitalnoticias.com\/#website"},"primaryImageOfPage":{"@id":"https:\/\/ardigitalnoticias.com\/index.php\/2025\/08\/06\/mas-hogares-en-garzon-acceden-a-gas-domiciliario\/#primaryimage"},"image":{"@id":"https:\/\/ardigitalnoticias.com\/index.php\/2025\/08\/06\/mas-hogares-en-garzon-acceden-a-gas-domiciliario\/#primaryimage"},"thumbnailUrl":"https:\/\/ardigitalnoticias.com\/wp-content\/uploads\/2025\/08\/InShot_20250806_081751715-scaled.jpg","datePublished":"2025-08-06T13:23:16+00:00","breadcrumb":{"@id":"https:\/\/ardigitalnoticias.com\/index.php\/2025\/08\/06\/mas-hogares-en-garzon-acceden-a-gas-domiciliario\/#breadcrumb"},"inLanguage":"es","potentialAction":[{"@type":"ReadAction","target":["https:\/\/ardigitalnoticias.com\/index.php\/2025\/08\/06\/mas-hogares-en-garzon-acceden-a-gas-domiciliario\/"]}]},{"@type":"ImageObject","inLanguage":"es","@id":"https:\/\/ardigitalnoticias.com\/index.php\/2025\/08\/06\/mas-hogares-en-garzon-acceden-a-gas-domiciliario\/#primaryimage","url":"https:\/\/ardigitalnoticias.com\/wp-content\/uploads\/2025\/08\/InShot_20250806_081751715-scaled.jpg","contentUrl":"https:\/\/ardigitalnoticias.com\/wp-content\/uploads\/2025\/08\/InShot_20250806_081751715-scaled.jpg","width":2560,"height":1440},{"@type":"BreadcrumbList","@id":"https:\/\/ardigitalnoticias.com\/index.php\/2025\/08\/06\/mas-hogares-en-garzon-acceden-a-gas-domiciliario\/#breadcrumb","itemListElement":[{"@type":"ListItem","position":1,"name":"Portada","item":"https:\/\/ardigitalnoticias.com\/"},{"@type":"ListItem","position":2,"name":"M\u00c1S HOGARES EN GARZ\u00d3N ACCEDEN A GAS DOMICILIARIO"}]},{"@type":"WebSite","@id":"https:\/\/ardigitalnoticias.com\/#website","url":"https:\/\/ardigitalnoticias.com\/","name":"AR Digital Noticias","description":"","publisher":{"@id":"https:\/\/ardigitalnoticias.com\/#organization"},"potentialAction":[{"@type":"SearchAction","target":{"@type":"EntryPoint","urlTemplate":"https:\/\/ardigitalnoticias.com\/?s={search_term_string}"},"query-input":{"@type":"PropertyValueSpecification","valueRequired":true,"valueName":"search_term_string"}}],"inLanguage":"es"},{"@type":"Organization","@id":"https:\/\/ardigitalnoticias.com\/#organization","name":"AR Digital Noticias","url":"https:\/\/ardigitalnoticias.com\/","logo":{"@type":"ImageObject","inLanguage":"es","@id":"https:\/\/ardigitalnoticias.com\/#\/schema\/logo\/image\/","url":"https:\/\/ardigitalnoticias.com\/wp-content\/uploads\/2023\/11\/cropped-cropped-cropped-cropped-AR-Digital-Noticias-1.png","contentUrl":"https:\/\/ardigitalnoticias.com\/wp-content\/uploads\/2023\/11\/cropped-cropped-cropped-cropped-AR-Digital-Noticias-1.png","width":972,"height":306,"caption":"AR Digital Noticias"},"image":{"@id":"https:\/\/ardigitalnoticias.com\/#\/schema\/logo\/image\/"}},{"@type":"Person","@id":"https:\/\/ardigitalnoticias.com\/#\/schema\/person\/3f1b0a96e890d8cba89a76c7558a147c","name":"AR Digital Noticias","image":{"@type":"ImageObject","inLanguage":"es","@id":"https:\/\/secure.gravatar.com\/avatar\/55d1acd2f9cac74c99f42fcb5090c2f994204a6f6c571cf4c3001ae692cb9b34?s=96&d=mm&r=g","url":"https:\/\/secure.gravatar.com\/avatar\/55d1acd2f9cac74c99f42fcb5090c2f994204a6f6c571cf4c3001ae692cb9b34?s=96&d=mm&r=g","contentUrl":"https:\/\/secure.gravatar.com\/avatar\/55d1acd2f9cac74c99f42fcb5090c2f994204a6f6c571cf4c3001ae692cb9b34?s=96&d=mm&r=g","caption":"AR Digital Noticias"},"sameAs":["http:\/\/ardigitalnoticias.com"],"url":"https:\/\/ardigitalnoticias.com\/index.php\/author\/editorial\/"}]}},"_links":{"self":[{"href":"https:\/\/ardigitalnoticias.com\/index.php\/wp-json\/wp\/v2\/posts\/8183","targetHints":{"allow":["GET"]}}],"collection":[{"href":"https:\/\/ardigitalnoticias.com\/index.php\/wp-json\/wp\/v2\/posts"}],"about":[{"href":"https:\/\/ardigitalnoticias.com\/index.php\/wp-json\/wp\/v2\/types\/post"}],"author":[{"embeddable":true,"href":"https:\/\/ardigitalnoticias.com\/index.php\/wp-json\/wp\/v2\/users\/2"}],"replies":[{"embeddable":true,"href":"https:\/\/ardigitalnoticias.com\/index.php\/wp-json\/wp\/v2\/comments?post=8183"}],"version-history":[{"count":1,"href":"https:\/\/ardigitalnoticias.com\/index.php\/wp-json\/wp\/v2\/posts\/8183\/revisions"}],"predecessor-version":[{"id":8191,"href":"https:\/\/ardigitalnoticias.com\/index.php\/wp-json\/wp\/v2\/posts\/8183\/revisions\/8191"}],"wp:featuredmedia":[{"embeddable":true,"href":"https:\/\/ardigitalnoticias.com\/index.php\/wp-json\/wp\/v2\/media\/8184"}],"wp:attachment":[{"href":"https:\/\/ardigitalnoticias.com\/index.php\/wp-json\/wp\/v2\/media?parent=8183"}],"wp:term":[{"taxonomy":"category","embeddable":true,"href":"https:\/\/ardigitalnoticias.com\/index.php\/wp-json\/wp\/v2\/categories?post=8183"},{"taxonomy":"post_tag","embeddable":true,"href":"https:\/\/ardigitalnoticias.com\/index.php\/wp-json\/wp\/v2\/tags?post=8183"}],"curies":[{"name":"wp","href":"https:\/\/api.w.org\/{rel}","templated":true}]}}