{"id":8123,"date":"2025-07-25T06:05:06","date_gmt":"2025-07-25T11:05:06","guid":{"rendered":"https:\/\/ardigitalnoticias.com\/?p=8123"},"modified":"2025-07-25T06:05:07","modified_gmt":"2025-07-25T11:05:07","slug":"el-oro-verde-del-huila-la-danza-de-los-precios-del-cafe-en-2025","status":"publish","type":"post","link":"https:\/\/ardigitalnoticias.com\/index.php\/2025\/07\/25\/el-oro-verde-del-huila-la-danza-de-los-precios-del-cafe-en-2025\/","title":{"rendered":"EL ORO VERDE DEL HUILA, LA DANZA DE LOS PRECIOS DEL CAF\u00c9 EN 2025."},"content":{"rendered":"\n<p>En las tierras onduladas del Huila, donde el aroma del caf\u00e9 se mezcla con la brisa fresca de la cordillera andina, la vida de m\u00e1s de 84.000 familias cafeteras late al ritmo de un mercado tan impredecible como el clima que acaricia sus cultivos.<\/p>\n\n\n\n<p><strong>POR:ANDR\u00c9S RODR\u00cdGUEZ. <\/strong><\/p>\n\n\n\n<p>En este 2025, el caf\u00e9, ese \u201coro verde\u201d que ha definido la identidad de Colombia y, en particular, del Huila, vive un momento de esplendor, pero tambi\u00e9n de incertidumbre. El departamento, l\u00edder indiscutible en la producci\u00f3n cafetera del pa\u00eds con un 19% del total nacional, se encuentra en el ojo de una tormenta econ\u00f3mica global que ha llevado los precios a niveles hist\u00f3ricos, aunque no exentos de desaf\u00edos.<\/p>\n\n\n\n<p>\u2705\ufe0f Un precio que toca el cielo<\/p>\n\n\n\n<p>En la actualidad, el precio interno de referencia para una carga de caf\u00e9 pergamino seco de 125 kilogramos en Colombia se sit\u00faa en torno a los $2.478.000, seg\u00fan datos de la Federaci\u00f3n Nacional de Cafeteros (FNC). En algunos momentos del a\u00f1o, como lo destac\u00f3 el gerente de la FNC, Germ\u00e1n Baham\u00f3n, el valor de la libra de caf\u00e9 en la Bolsa de Nueva York super\u00f3 los 3.0 d\u00f3lares, un paso hist\u00f3rico que no se ve\u00eda desde abril de 2023. En el Huila, donde se cultivan 145.759 hect\u00e1reas de caf\u00e9 en 35 municipios, esta bonanza de precios ha tra\u00eddo un respiro para los caficultores, muchos de los cuales han enfrentado a\u00f1os de m\u00e1rgenes ajustados y crisis clim\u00e1ticas.<\/p>\n\n\n\n<p>El 2 de julio de 2025, por ejemplo, el precio interno de referencia alcanz\u00f3 los $2.300.000 por carga, con un valor de pasilla de finca (caf\u00e9 de menor calidad) en $37.500 por arroba, seg\u00fan la FNC. Este aumento, impulsado por una cotizaci\u00f3n en la Bolsa de Nueva York de 291,20 centavos de d\u00f3lar por libra y una tasa de cambio de $3.992,30, refleja un mercado internacional favorable. La escasez de oferta en pa\u00edses productores como Brasil, Vietnam e Indonesia, afectada por fen\u00f3menos clim\u00e1ticos como El Ni\u00f1o, ha disparado los precios, beneficiando a Colombia, el tercer productor mundial de caf\u00e9.<\/p>\n\n\n\n<p>\u2705\ufe0f El Huila: Coraz\u00f3n cafetero de Colombia<\/p>\n\n\n\n<p>En el Huila, la caficultura no es solo un medio de subsistencia, sino una forma de vida. Desde los municipios de Pitalito, Acevedo y Garz\u00f3n, que ostentan las mayores \u00e1reas sembradas de caf\u00e9 en el pa\u00eds, hasta las tierras ind\u00edgenas del oriente del departamento, el caf\u00e9 es el motor de la econom\u00eda local. En 2024, el Huila produjo 2,48 millones de sacos de 60 kilogramos, equivalente al 19,08% de la producci\u00f3n nacional, y para 2025 se proyecta alcanzar los 3 millones de sacos, consolidando su liderazgo. Este crecimiento se apoya en la calidad excepcional del caf\u00e9 huilense, reconocido con la Denominaci\u00f3n de Origen desde 2013 por su fragancia arom\u00e1tica, acidez media-alta y notas frutales y acarameladas.<\/p>\n\n\n\n<p>Sin embargo, no todo es celebraci\u00f3n. La bonanza de precios llega en un momento en que la cosecha principal del Huila, concentrada entre mayo y julio, ya ha pasado. Como se\u00f1ala una caficultora local, \u201cen enero y febrero se consiguen unas pepitas, pero es casi nada. O sea, que actualmente hay buenos precios, pero no hay caf\u00e9\u201d. Esta desconexi\u00f3n entre los picos de precio y la disponibilidad de caf\u00e9 plantea un desaf\u00edo para los productores, quienes a menudo no pueden capitalizar al m\u00e1ximo estas alzas debido a los ciclos de cosecha.<\/p>\n\n\n\n<p>\u2705\ufe0f Cooperativas: El sost\u00e9n del cafetero<\/p>\n\n\n\n<p>En el Huila, las cooperativas como Coocentral y Cadefihuila juegan un papel crucial. En 2024, Cadefihuila compr\u00f3 52 millones de kilogramos de caf\u00e9, mientras que Coocentral adquiri\u00f3 entre 18 y 19 millones, garantizando la compra a precios justos gracias al respaldo del Fondo Nacional del Caf\u00e9. Estas entidades no solo estabilizan los ingresos de los productores, sino que tambi\u00e9n invierten en tecnolog\u00eda y pr\u00e1cticas sostenibles para mejorar la calidad del grano. Luis Mauricio Rivera, gerente de Coocentral, destaca que mantener los costos de insumos y fertilizantes estables es clave para aprovechar los precios r\u00e9cord, que han alcanzado los $3.000.000 por carga en algunos momentos del a\u00f1o.<\/p>\n\n\n\n<p>Adem\u00e1s, programas como el de renovaci\u00f3n de cafetales, apoyado por el Gobierno Nacional con $35.000 millones y por la Gobernaci\u00f3n del Huila con $6.814 millones, est\u00e1n revitalizando los cultivos envejecidos, que representan 41.208 de las 145.741 hect\u00e1reas sembradas en el departamento. Estas iniciativas buscan no solo aumentar la productividad, sino tambi\u00e9n garantizar la sostenibilidad de una actividad que enfrenta retos clim\u00e1ticos y econ\u00f3micos.<\/p>\n\n\n\n<p>\u2705\ufe0f Sombras en el horizonte<\/p>\n\n\n\n<p>A pesar del optimismo, los caficultores del Huila miran con cautela el futuro. La imposici\u00f3n de un arancel del 10% por parte de Estados Unidos, principal destino del caf\u00e9 huilense (que representa el 40% de las exportaciones a Norteam\u00e9rica), amenaza con reducir las ganancias. Fernando Vargas, gerente de Cadefihuila, advierte que este gravamen podr\u00eda afectar el consumo y los ingresos de los productores, especialmente si los costos de producci\u00f3n siguen en aumento. Adem\u00e1s, la falta de relevo generacional y las dificultades clim\u00e1ticas, como las sequ\u00edas en Brasil que han impulsado los precios, recuerdan la vulnerabilidad de esta industria.<\/p>\n\n\n\n<p>\u2705\ufe0f Un caf\u00e9 que sabe a esperanza<\/p>\n\n\n\n<p>En las fincas de Gigante, donde Idelfonso \u00c1vila logr\u00f3 un puntaje de 98.73 sobre 100 en un concurso mundial, o en las calles de El Pital, donde el aroma del caf\u00e9 impregna el aire, el Huila sigue siendo un faro de calidad y resiliencia. Los caficultores, con sus manos curtidas y su fe puesta en cada grano, saben que el precio del caf\u00e9 es m\u00e1s que un n\u00famero: es el reflejo de su esfuerzo, de la tierra que los sostiene y de un legado que trasciende generaciones.<\/p>\n\n\n\n<p>En este 2025, el caf\u00e9 huilense brilla en los mercados internacionales, pero los productores saben que la danza de los precios es tan vol\u00e1til como las nubes que cubren sus monta\u00f1as. Mientras el mundo saborea su taza de caf\u00e9, en el Huila se sigue cultivando no solo un grano, sino una historia de lucha, orgullo y esperanza.<\/p>\n","protected":false},"excerpt":{"rendered":"<p>En las tierras onduladas del Huila, donde el aroma del caf\u00e9 se mezcla con la brisa fresca de la cordillera andina, la vida de m\u00e1s de 84.000 familias cafeteras late al ritmo de un mercado tan impredecible como el clima que acaricia sus cultivos. POR:ANDR\u00c9S RODR\u00cdGUEZ. En este 2025, el caf\u00e9, ese \u201coro verde\u201d que [&hellip;]<\/p>\n","protected":false},"author":2,"featured_media":6353,"comment_status":"open","ping_status":"open","sticky":false,"template":"","format":"standard","meta":{"_acf_changed":false,"_joinchat":[],"footnotes":""},"categories":[1,21,23,19],"tags":[],"class_list":{"0":"post-8123","1":"post","2":"type-post","3":"status-publish","4":"format-standard","5":"has-post-thumbnail","7":"category-actualidad","8":"category-locales","9":"category-opinion","10":"category-regional"},"acf":[],"yoast_head":"<!-- This site is optimized with the Yoast SEO plugin v27.5 - https:\/\/yoast.com\/product\/yoast-seo-wordpress\/ -->\n<title>EL ORO VERDE DEL HUILA, LA DANZA DE LOS PRECIOS DEL CAF\u00c9 EN 2025. - AR Digital Noticias<\/title>\n<meta name=\"robots\" content=\"index, follow, max-snippet:-1, max-image-preview:large, max-video-preview:-1\" \/>\n<link rel=\"canonical\" href=\"https:\/\/ardigitalnoticias.com\/index.php\/2025\/07\/25\/el-oro-verde-del-huila-la-danza-de-los-precios-del-cafe-en-2025\/\" \/>\n<meta property=\"og:locale\" content=\"es_ES\" \/>\n<meta property=\"og:type\" content=\"article\" \/>\n<meta property=\"og:title\" content=\"EL ORO VERDE DEL HUILA, LA DANZA DE LOS PRECIOS DEL CAF\u00c9 EN 2025. - AR Digital Noticias\" \/>\n<meta property=\"og:description\" content=\"En las tierras onduladas del Huila, donde el aroma del caf\u00e9 se mezcla con la brisa fresca de la cordillera andina, la vida de m\u00e1s de 84.000 familias cafeteras late al ritmo de un mercado tan impredecible como el clima que acaricia sus cultivos. POR:ANDR\u00c9S RODR\u00cdGUEZ. En este 2025, el caf\u00e9, ese \u201coro verde\u201d que [&hellip;]\" \/>\n<meta property=\"og:url\" content=\"https:\/\/ardigitalnoticias.com\/index.php\/2025\/07\/25\/el-oro-verde-del-huila-la-danza-de-los-precios-del-cafe-en-2025\/\" \/>\n<meta property=\"og:site_name\" content=\"AR Digital Noticias\" \/>\n<meta property=\"article:published_time\" content=\"2025-07-25T11:05:06+00:00\" \/>\n<meta property=\"article:modified_time\" content=\"2025-07-25T11:05:07+00:00\" \/>\n<meta property=\"og:image\" content=\"https:\/\/ardigitalnoticias.com\/wp-content\/uploads\/2025\/02\/InShot_20250209_094856573.jpg\" \/>\n\t<meta property=\"og:image:width\" content=\"1920\" \/>\n\t<meta property=\"og:image:height\" content=\"1004\" \/>\n\t<meta property=\"og:image:type\" content=\"image\/jpeg\" \/>\n<meta name=\"author\" content=\"AR Digital Noticias\" \/>\n<meta name=\"twitter:card\" content=\"summary_large_image\" \/>\n<meta name=\"twitter:label1\" content=\"Escrito por\" \/>\n\t<meta name=\"twitter:data1\" content=\"AR Digital Noticias\" \/>\n\t<meta name=\"twitter:label2\" content=\"Tiempo de lectura\" \/>\n\t<meta name=\"twitter:data2\" content=\"5 minutos\" \/>\n<script type=\"application\/ld+json\" class=\"yoast-schema-graph\">{\"@context\":\"https:\\\/\\\/schema.org\",\"@graph\":[{\"@type\":\"Article\",\"@id\":\"https:\\\/\\\/ardigitalnoticias.com\\\/index.php\\\/2025\\\/07\\\/25\\\/el-oro-verde-del-huila-la-danza-de-los-precios-del-cafe-en-2025\\\/#article\",\"isPartOf\":{\"@id\":\"https:\\\/\\\/ardigitalnoticias.com\\\/index.php\\\/2025\\\/07\\\/25\\\/el-oro-verde-del-huila-la-danza-de-los-precios-del-cafe-en-2025\\\/\"},\"author\":{\"name\":\"AR Digital Noticias\",\"@id\":\"https:\\\/\\\/ardigitalnoticias.com\\\/#\\\/schema\\\/person\\\/3f1b0a96e890d8cba89a76c7558a147c\"},\"headline\":\"EL ORO VERDE DEL HUILA, LA DANZA DE LOS PRECIOS DEL CAF\u00c9 EN 2025.\",\"datePublished\":\"2025-07-25T11:05:06+00:00\",\"dateModified\":\"2025-07-25T11:05:07+00:00\",\"mainEntityOfPage\":{\"@id\":\"https:\\\/\\\/ardigitalnoticias.com\\\/index.php\\\/2025\\\/07\\\/25\\\/el-oro-verde-del-huila-la-danza-de-los-precios-del-cafe-en-2025\\\/\"},\"wordCount\":1021,\"commentCount\":0,\"publisher\":{\"@id\":\"https:\\\/\\\/ardigitalnoticias.com\\\/#organization\"},\"image\":{\"@id\":\"https:\\\/\\\/ardigitalnoticias.com\\\/index.php\\\/2025\\\/07\\\/25\\\/el-oro-verde-del-huila-la-danza-de-los-precios-del-cafe-en-2025\\\/#primaryimage\"},\"thumbnailUrl\":\"https:\\\/\\\/ardigitalnoticias.com\\\/wp-content\\\/uploads\\\/2025\\\/02\\\/InShot_20250209_094856573.jpg\",\"articleSection\":[\"Actualidad\",\"Garz\u00f3n\",\"Opini\u00f3n\",\"Regional\"],\"inLanguage\":\"es\",\"potentialAction\":[{\"@type\":\"CommentAction\",\"name\":\"Comment\",\"target\":[\"https:\\\/\\\/ardigitalnoticias.com\\\/index.php\\\/2025\\\/07\\\/25\\\/el-oro-verde-del-huila-la-danza-de-los-precios-del-cafe-en-2025\\\/#respond\"]}]},{\"@type\":\"WebPage\",\"@id\":\"https:\\\/\\\/ardigitalnoticias.com\\\/index.php\\\/2025\\\/07\\\/25\\\/el-oro-verde-del-huila-la-danza-de-los-precios-del-cafe-en-2025\\\/\",\"url\":\"https:\\\/\\\/ardigitalnoticias.com\\\/index.php\\\/2025\\\/07\\\/25\\\/el-oro-verde-del-huila-la-danza-de-los-precios-del-cafe-en-2025\\\/\",\"name\":\"EL ORO VERDE DEL HUILA, LA DANZA DE LOS PRECIOS DEL CAF\u00c9 EN 2025. - AR Digital Noticias\",\"isPartOf\":{\"@id\":\"https:\\\/\\\/ardigitalnoticias.com\\\/#website\"},\"primaryImageOfPage\":{\"@id\":\"https:\\\/\\\/ardigitalnoticias.com\\\/index.php\\\/2025\\\/07\\\/25\\\/el-oro-verde-del-huila-la-danza-de-los-precios-del-cafe-en-2025\\\/#primaryimage\"},\"image\":{\"@id\":\"https:\\\/\\\/ardigitalnoticias.com\\\/index.php\\\/2025\\\/07\\\/25\\\/el-oro-verde-del-huila-la-danza-de-los-precios-del-cafe-en-2025\\\/#primaryimage\"},\"thumbnailUrl\":\"https:\\\/\\\/ardigitalnoticias.com\\\/wp-content\\\/uploads\\\/2025\\\/02\\\/InShot_20250209_094856573.jpg\",\"datePublished\":\"2025-07-25T11:05:06+00:00\",\"dateModified\":\"2025-07-25T11:05:07+00:00\",\"breadcrumb\":{\"@id\":\"https:\\\/\\\/ardigitalnoticias.com\\\/index.php\\\/2025\\\/07\\\/25\\\/el-oro-verde-del-huila-la-danza-de-los-precios-del-cafe-en-2025\\\/#breadcrumb\"},\"inLanguage\":\"es\",\"potentialAction\":[{\"@type\":\"ReadAction\",\"target\":[\"https:\\\/\\\/ardigitalnoticias.com\\\/index.php\\\/2025\\\/07\\\/25\\\/el-oro-verde-del-huila-la-danza-de-los-precios-del-cafe-en-2025\\\/\"]}]},{\"@type\":\"ImageObject\",\"inLanguage\":\"es\",\"@id\":\"https:\\\/\\\/ardigitalnoticias.com\\\/index.php\\\/2025\\\/07\\\/25\\\/el-oro-verde-del-huila-la-danza-de-los-precios-del-cafe-en-2025\\\/#primaryimage\",\"url\":\"https:\\\/\\\/ardigitalnoticias.com\\\/wp-content\\\/uploads\\\/2025\\\/02\\\/InShot_20250209_094856573.jpg\",\"contentUrl\":\"https:\\\/\\\/ardigitalnoticias.com\\\/wp-content\\\/uploads\\\/2025\\\/02\\\/InShot_20250209_094856573.jpg\",\"width\":1920,\"height\":1004},{\"@type\":\"BreadcrumbList\",\"@id\":\"https:\\\/\\\/ardigitalnoticias.com\\\/index.php\\\/2025\\\/07\\\/25\\\/el-oro-verde-del-huila-la-danza-de-los-precios-del-cafe-en-2025\\\/#breadcrumb\",\"itemListElement\":[{\"@type\":\"ListItem\",\"position\":1,\"name\":\"Portada\",\"item\":\"https:\\\/\\\/ardigitalnoticias.com\\\/\"},{\"@type\":\"ListItem\",\"position\":2,\"name\":\"EL ORO VERDE DEL HUILA, LA DANZA DE LOS PRECIOS DEL CAF\u00c9 EN 2025.\"}]},{\"@type\":\"WebSite\",\"@id\":\"https:\\\/\\\/ardigitalnoticias.com\\\/#website\",\"url\":\"https:\\\/\\\/ardigitalnoticias.com\\\/\",\"name\":\"AR Digital Noticias\",\"description\":\"\",\"publisher\":{\"@id\":\"https:\\\/\\\/ardigitalnoticias.com\\\/#organization\"},\"potentialAction\":[{\"@type\":\"SearchAction\",\"target\":{\"@type\":\"EntryPoint\",\"urlTemplate\":\"https:\\\/\\\/ardigitalnoticias.com\\\/?s={search_term_string}\"},\"query-input\":{\"@type\":\"PropertyValueSpecification\",\"valueRequired\":true,\"valueName\":\"search_term_string\"}}],\"inLanguage\":\"es\"},{\"@type\":\"Organization\",\"@id\":\"https:\\\/\\\/ardigitalnoticias.com\\\/#organization\",\"name\":\"AR Digital Noticias\",\"url\":\"https:\\\/\\\/ardigitalnoticias.com\\\/\",\"logo\":{\"@type\":\"ImageObject\",\"inLanguage\":\"es\",\"@id\":\"https:\\\/\\\/ardigitalnoticias.com\\\/#\\\/schema\\\/logo\\\/image\\\/\",\"url\":\"https:\\\/\\\/ardigitalnoticias.com\\\/wp-content\\\/uploads\\\/2023\\\/11\\\/cropped-cropped-cropped-cropped-AR-Digital-Noticias-1.png\",\"contentUrl\":\"https:\\\/\\\/ardigitalnoticias.com\\\/wp-content\\\/uploads\\\/2023\\\/11\\\/cropped-cropped-cropped-cropped-AR-Digital-Noticias-1.png\",\"width\":972,\"height\":306,\"caption\":\"AR Digital Noticias\"},\"image\":{\"@id\":\"https:\\\/\\\/ardigitalnoticias.com\\\/#\\\/schema\\\/logo\\\/image\\\/\"}},{\"@type\":\"Person\",\"@id\":\"https:\\\/\\\/ardigitalnoticias.com\\\/#\\\/schema\\\/person\\\/3f1b0a96e890d8cba89a76c7558a147c\",\"name\":\"AR Digital Noticias\",\"image\":{\"@type\":\"ImageObject\",\"inLanguage\":\"es\",\"@id\":\"https:\\\/\\\/secure.gravatar.com\\\/avatar\\\/55d1acd2f9cac74c99f42fcb5090c2f994204a6f6c571cf4c3001ae692cb9b34?s=96&d=mm&r=g\",\"url\":\"https:\\\/\\\/secure.gravatar.com\\\/avatar\\\/55d1acd2f9cac74c99f42fcb5090c2f994204a6f6c571cf4c3001ae692cb9b34?s=96&d=mm&r=g\",\"contentUrl\":\"https:\\\/\\\/secure.gravatar.com\\\/avatar\\\/55d1acd2f9cac74c99f42fcb5090c2f994204a6f6c571cf4c3001ae692cb9b34?s=96&d=mm&r=g\",\"caption\":\"AR Digital Noticias\"},\"sameAs\":[\"http:\\\/\\\/ardigitalnoticias.com\"],\"url\":\"https:\\\/\\\/ardigitalnoticias.com\\\/index.php\\\/author\\\/editorial\\\/\"}]}<\/script>\n<!-- \/ Yoast SEO plugin. -->","yoast_head_json":{"title":"EL ORO VERDE DEL HUILA, LA DANZA DE LOS PRECIOS DEL CAF\u00c9 EN 2025. - AR Digital Noticias","robots":{"index":"index","follow":"follow","max-snippet":"max-snippet:-1","max-image-preview":"max-image-preview:large","max-video-preview":"max-video-preview:-1"},"canonical":"https:\/\/ardigitalnoticias.com\/index.php\/2025\/07\/25\/el-oro-verde-del-huila-la-danza-de-los-precios-del-cafe-en-2025\/","og_locale":"es_ES","og_type":"article","og_title":"EL ORO VERDE DEL HUILA, LA DANZA DE LOS PRECIOS DEL CAF\u00c9 EN 2025. - AR Digital Noticias","og_description":"En las tierras onduladas del Huila, donde el aroma del caf\u00e9 se mezcla con la brisa fresca de la cordillera andina, la vida de m\u00e1s de 84.000 familias cafeteras late al ritmo de un mercado tan impredecible como el clima que acaricia sus cultivos. POR:ANDR\u00c9S RODR\u00cdGUEZ. En este 2025, el caf\u00e9, ese \u201coro verde\u201d que [&hellip;]","og_url":"https:\/\/ardigitalnoticias.com\/index.php\/2025\/07\/25\/el-oro-verde-del-huila-la-danza-de-los-precios-del-cafe-en-2025\/","og_site_name":"AR Digital Noticias","article_published_time":"2025-07-25T11:05:06+00:00","article_modified_time":"2025-07-25T11:05:07+00:00","og_image":[{"width":1920,"height":1004,"url":"https:\/\/ardigitalnoticias.com\/wp-content\/uploads\/2025\/02\/InShot_20250209_094856573.jpg","type":"image\/jpeg"}],"author":"AR Digital Noticias","twitter_card":"summary_large_image","twitter_misc":{"Escrito por":"AR Digital Noticias","Tiempo de lectura":"5 minutos"},"schema":{"@context":"https:\/\/schema.org","@graph":[{"@type":"Article","@id":"https:\/\/ardigitalnoticias.com\/index.php\/2025\/07\/25\/el-oro-verde-del-huila-la-danza-de-los-precios-del-cafe-en-2025\/#article","isPartOf":{"@id":"https:\/\/ardigitalnoticias.com\/index.php\/2025\/07\/25\/el-oro-verde-del-huila-la-danza-de-los-precios-del-cafe-en-2025\/"},"author":{"name":"AR Digital Noticias","@id":"https:\/\/ardigitalnoticias.com\/#\/schema\/person\/3f1b0a96e890d8cba89a76c7558a147c"},"headline":"EL ORO VERDE DEL HUILA, LA DANZA DE LOS PRECIOS DEL CAF\u00c9 EN 2025.","datePublished":"2025-07-25T11:05:06+00:00","dateModified":"2025-07-25T11:05:07+00:00","mainEntityOfPage":{"@id":"https:\/\/ardigitalnoticias.com\/index.php\/2025\/07\/25\/el-oro-verde-del-huila-la-danza-de-los-precios-del-cafe-en-2025\/"},"wordCount":1021,"commentCount":0,"publisher":{"@id":"https:\/\/ardigitalnoticias.com\/#organization"},"image":{"@id":"https:\/\/ardigitalnoticias.com\/index.php\/2025\/07\/25\/el-oro-verde-del-huila-la-danza-de-los-precios-del-cafe-en-2025\/#primaryimage"},"thumbnailUrl":"https:\/\/ardigitalnoticias.com\/wp-content\/uploads\/2025\/02\/InShot_20250209_094856573.jpg","articleSection":["Actualidad","Garz\u00f3n","Opini\u00f3n","Regional"],"inLanguage":"es","potentialAction":[{"@type":"CommentAction","name":"Comment","target":["https:\/\/ardigitalnoticias.com\/index.php\/2025\/07\/25\/el-oro-verde-del-huila-la-danza-de-los-precios-del-cafe-en-2025\/#respond"]}]},{"@type":"WebPage","@id":"https:\/\/ardigitalnoticias.com\/index.php\/2025\/07\/25\/el-oro-verde-del-huila-la-danza-de-los-precios-del-cafe-en-2025\/","url":"https:\/\/ardigitalnoticias.com\/index.php\/2025\/07\/25\/el-oro-verde-del-huila-la-danza-de-los-precios-del-cafe-en-2025\/","name":"EL ORO VERDE DEL HUILA, LA DANZA DE LOS PRECIOS DEL CAF\u00c9 EN 2025. - AR Digital Noticias","isPartOf":{"@id":"https:\/\/ardigitalnoticias.com\/#website"},"primaryImageOfPage":{"@id":"https:\/\/ardigitalnoticias.com\/index.php\/2025\/07\/25\/el-oro-verde-del-huila-la-danza-de-los-precios-del-cafe-en-2025\/#primaryimage"},"image":{"@id":"https:\/\/ardigitalnoticias.com\/index.php\/2025\/07\/25\/el-oro-verde-del-huila-la-danza-de-los-precios-del-cafe-en-2025\/#primaryimage"},"thumbnailUrl":"https:\/\/ardigitalnoticias.com\/wp-content\/uploads\/2025\/02\/InShot_20250209_094856573.jpg","datePublished":"2025-07-25T11:05:06+00:00","dateModified":"2025-07-25T11:05:07+00:00","breadcrumb":{"@id":"https:\/\/ardigitalnoticias.com\/index.php\/2025\/07\/25\/el-oro-verde-del-huila-la-danza-de-los-precios-del-cafe-en-2025\/#breadcrumb"},"inLanguage":"es","potentialAction":[{"@type":"ReadAction","target":["https:\/\/ardigitalnoticias.com\/index.php\/2025\/07\/25\/el-oro-verde-del-huila-la-danza-de-los-precios-del-cafe-en-2025\/"]}]},{"@type":"ImageObject","inLanguage":"es","@id":"https:\/\/ardigitalnoticias.com\/index.php\/2025\/07\/25\/el-oro-verde-del-huila-la-danza-de-los-precios-del-cafe-en-2025\/#primaryimage","url":"https:\/\/ardigitalnoticias.com\/wp-content\/uploads\/2025\/02\/InShot_20250209_094856573.jpg","contentUrl":"https:\/\/ardigitalnoticias.com\/wp-content\/uploads\/2025\/02\/InShot_20250209_094856573.jpg","width":1920,"height":1004},{"@type":"BreadcrumbList","@id":"https:\/\/ardigitalnoticias.com\/index.php\/2025\/07\/25\/el-oro-verde-del-huila-la-danza-de-los-precios-del-cafe-en-2025\/#breadcrumb","itemListElement":[{"@type":"ListItem","position":1,"name":"Portada","item":"https:\/\/ardigitalnoticias.com\/"},{"@type":"ListItem","position":2,"name":"EL ORO VERDE DEL HUILA, LA DANZA DE LOS PRECIOS DEL CAF\u00c9 EN 2025."}]},{"@type":"WebSite","@id":"https:\/\/ardigitalnoticias.com\/#website","url":"https:\/\/ardigitalnoticias.com\/","name":"AR Digital Noticias","description":"","publisher":{"@id":"https:\/\/ardigitalnoticias.com\/#organization"},"potentialAction":[{"@type":"SearchAction","target":{"@type":"EntryPoint","urlTemplate":"https:\/\/ardigitalnoticias.com\/?s={search_term_string}"},"query-input":{"@type":"PropertyValueSpecification","valueRequired":true,"valueName":"search_term_string"}}],"inLanguage":"es"},{"@type":"Organization","@id":"https:\/\/ardigitalnoticias.com\/#organization","name":"AR Digital Noticias","url":"https:\/\/ardigitalnoticias.com\/","logo":{"@type":"ImageObject","inLanguage":"es","@id":"https:\/\/ardigitalnoticias.com\/#\/schema\/logo\/image\/","url":"https:\/\/ardigitalnoticias.com\/wp-content\/uploads\/2023\/11\/cropped-cropped-cropped-cropped-AR-Digital-Noticias-1.png","contentUrl":"https:\/\/ardigitalnoticias.com\/wp-content\/uploads\/2023\/11\/cropped-cropped-cropped-cropped-AR-Digital-Noticias-1.png","width":972,"height":306,"caption":"AR Digital Noticias"},"image":{"@id":"https:\/\/ardigitalnoticias.com\/#\/schema\/logo\/image\/"}},{"@type":"Person","@id":"https:\/\/ardigitalnoticias.com\/#\/schema\/person\/3f1b0a96e890d8cba89a76c7558a147c","name":"AR Digital Noticias","image":{"@type":"ImageObject","inLanguage":"es","@id":"https:\/\/secure.gravatar.com\/avatar\/55d1acd2f9cac74c99f42fcb5090c2f994204a6f6c571cf4c3001ae692cb9b34?s=96&d=mm&r=g","url":"https:\/\/secure.gravatar.com\/avatar\/55d1acd2f9cac74c99f42fcb5090c2f994204a6f6c571cf4c3001ae692cb9b34?s=96&d=mm&r=g","contentUrl":"https:\/\/secure.gravatar.com\/avatar\/55d1acd2f9cac74c99f42fcb5090c2f994204a6f6c571cf4c3001ae692cb9b34?s=96&d=mm&r=g","caption":"AR Digital Noticias"},"sameAs":["http:\/\/ardigitalnoticias.com"],"url":"https:\/\/ardigitalnoticias.com\/index.php\/author\/editorial\/"}]}},"_links":{"self":[{"href":"https:\/\/ardigitalnoticias.com\/index.php\/wp-json\/wp\/v2\/posts\/8123","targetHints":{"allow":["GET"]}}],"collection":[{"href":"https:\/\/ardigitalnoticias.com\/index.php\/wp-json\/wp\/v2\/posts"}],"about":[{"href":"https:\/\/ardigitalnoticias.com\/index.php\/wp-json\/wp\/v2\/types\/post"}],"author":[{"embeddable":true,"href":"https:\/\/ardigitalnoticias.com\/index.php\/wp-json\/wp\/v2\/users\/2"}],"replies":[{"embeddable":true,"href":"https:\/\/ardigitalnoticias.com\/index.php\/wp-json\/wp\/v2\/comments?post=8123"}],"version-history":[{"count":1,"href":"https:\/\/ardigitalnoticias.com\/index.php\/wp-json\/wp\/v2\/posts\/8123\/revisions"}],"predecessor-version":[{"id":8124,"href":"https:\/\/ardigitalnoticias.com\/index.php\/wp-json\/wp\/v2\/posts\/8123\/revisions\/8124"}],"wp:featuredmedia":[{"embeddable":true,"href":"https:\/\/ardigitalnoticias.com\/index.php\/wp-json\/wp\/v2\/media\/6353"}],"wp:attachment":[{"href":"https:\/\/ardigitalnoticias.com\/index.php\/wp-json\/wp\/v2\/media?parent=8123"}],"wp:term":[{"taxonomy":"category","embeddable":true,"href":"https:\/\/ardigitalnoticias.com\/index.php\/wp-json\/wp\/v2\/categories?post=8123"},{"taxonomy":"post_tag","embeddable":true,"href":"https:\/\/ardigitalnoticias.com\/index.php\/wp-json\/wp\/v2\/tags?post=8123"}],"curies":[{"name":"wp","href":"https:\/\/api.w.org\/{rel}","templated":true}]}}