{"id":8103,"date":"2025-07-09T22:43:45","date_gmt":"2025-07-10T03:43:45","guid":{"rendered":"https:\/\/ardigitalnoticias.com\/?p=8103"},"modified":"2025-07-09T22:43:46","modified_gmt":"2025-07-10T03:43:46","slug":"avanza-la-construccion-del-nuevo-hospital-de-garzon-una-transformacion-historica-para-la-salud-del-centro-del-huila","status":"publish","type":"post","link":"https:\/\/ardigitalnoticias.com\/index.php\/2025\/07\/09\/avanza-la-construccion-del-nuevo-hospital-de-garzon-una-transformacion-historica-para-la-salud-del-centro-del-huila\/","title":{"rendered":"AVANZA LA CONSTRUCCI\u00d3N DEL NUEVO HOSPITAL DE GARZ\u00d3N, UNA TRANSFORMACI\u00d3N HIST\u00d3RICA PARA LA SALUD DEL CENTRO DEL HUILA."},"content":{"rendered":"\n<p>La salud p\u00fablica del centro y sur de Colombia vive una transformaci\u00f3n sin precedentes con la construcci\u00f3n del nuevo Hospital Departamental San Vicente de Pa\u00fal.<\/p>\n\n\n\n<p><strong>POR: ANDR\u00c9S RODR\u00cdGUEZ. <\/strong><\/p>\n\n\n<div class=\"wp-block-image\">\n<figure class=\"aligncenter size-large\"><img loading=\"lazy\" decoding=\"async\" width=\"1024\" height=\"684\" src=\"https:\/\/ardigitalnoticias.com\/wp-content\/uploads\/2025\/07\/FB_IMG_1752117800356-1024x684.jpg\" alt=\"\" class=\"wp-image-8110\" srcset=\"https:\/\/ardigitalnoticias.com\/wp-content\/uploads\/2025\/07\/FB_IMG_1752117800356-1024x684.jpg 1024w, https:\/\/ardigitalnoticias.com\/wp-content\/uploads\/2025\/07\/FB_IMG_1752117800356-600x401.jpg 600w, https:\/\/ardigitalnoticias.com\/wp-content\/uploads\/2025\/07\/FB_IMG_1752117800356-300x200.jpg 300w, https:\/\/ardigitalnoticias.com\/wp-content\/uploads\/2025\/07\/FB_IMG_1752117800356-768x513.jpg 768w, https:\/\/ardigitalnoticias.com\/wp-content\/uploads\/2025\/07\/FB_IMG_1752117800356-629x420.jpg 629w, https:\/\/ardigitalnoticias.com\/wp-content\/uploads\/2025\/07\/FB_IMG_1752117800356-150x100.jpg 150w, https:\/\/ardigitalnoticias.com\/wp-content\/uploads\/2025\/07\/FB_IMG_1752117800356-696x465.jpg 696w, https:\/\/ardigitalnoticias.com\/wp-content\/uploads\/2025\/07\/FB_IMG_1752117800356-1068x714.jpg 1068w, https:\/\/ardigitalnoticias.com\/wp-content\/uploads\/2025\/07\/FB_IMG_1752117800356.jpg 1392w\" sizes=\"auto, (max-width: 1024px) 100vw, 1024px\" \/><\/figure>\n<\/div>\n\n\n<p>M\u00e1s que una infraestructura, esta obra representa un cambio estructural en la forma en que se prestar\u00e1n los servicios m\u00e9dicos a miles de familias de la regi\u00f3n.<\/p>\n\n\n\n<p>Tras superar la fase del s\u00f3tano, el avance es cada vez m\u00e1s visible con la edificaci\u00f3n de placas a\u00e9reas que marcan el inicio de una etapa decisiva. Pronto comenzar\u00e1 la fase de mamposter\u00eda ????, mientras el proyecto avanza con firmeza, demostrando el compromiso con una atenci\u00f3n m\u00e1s humana, moderna y de mayor cobertura.<\/p>\n\n\n\n<figure class=\"wp-block-gallery has-nested-images columns-default is-cropped wp-block-gallery-1 is-layout-flex wp-block-gallery-is-layout-flex\">\n<figure class=\"wp-block-image size-large\"><img loading=\"lazy\" decoding=\"async\" width=\"1024\" height=\"576\" data-id=\"8105\" src=\"https:\/\/ardigitalnoticias.com\/wp-content\/uploads\/2025\/07\/FB_IMG_1752117811544-1024x576.jpg\" alt=\"\" class=\"wp-image-8105\" srcset=\"https:\/\/ardigitalnoticias.com\/wp-content\/uploads\/2025\/07\/FB_IMG_1752117811544-1024x576.jpg 1024w, https:\/\/ardigitalnoticias.com\/wp-content\/uploads\/2025\/07\/FB_IMG_1752117811544-600x338.jpg 600w, https:\/\/ardigitalnoticias.com\/wp-content\/uploads\/2025\/07\/FB_IMG_1752117811544-300x169.jpg 300w, https:\/\/ardigitalnoticias.com\/wp-content\/uploads\/2025\/07\/FB_IMG_1752117811544-768x432.jpg 768w, https:\/\/ardigitalnoticias.com\/wp-content\/uploads\/2025\/07\/FB_IMG_1752117811544-1536x864.jpg 1536w, https:\/\/ardigitalnoticias.com\/wp-content\/uploads\/2025\/07\/FB_IMG_1752117811544-747x420.jpg 747w, https:\/\/ardigitalnoticias.com\/wp-content\/uploads\/2025\/07\/FB_IMG_1752117811544-150x84.jpg 150w, https:\/\/ardigitalnoticias.com\/wp-content\/uploads\/2025\/07\/FB_IMG_1752117811544-696x392.jpg 696w, https:\/\/ardigitalnoticias.com\/wp-content\/uploads\/2025\/07\/FB_IMG_1752117811544-1068x601.jpg 1068w, https:\/\/ardigitalnoticias.com\/wp-content\/uploads\/2025\/07\/FB_IMG_1752117811544-1920x1080.jpg 1920w, https:\/\/ardigitalnoticias.com\/wp-content\/uploads\/2025\/07\/FB_IMG_1752117811544.jpg 2048w\" sizes=\"auto, (max-width: 1024px) 100vw, 1024px\" \/><figcaption class=\"wp-element-caption\">default<\/figcaption><\/figure>\n\n\n\n<figure class=\"wp-block-image size-large\"><img loading=\"lazy\" decoding=\"async\" width=\"1024\" height=\"576\" data-id=\"8106\" src=\"https:\/\/ardigitalnoticias.com\/wp-content\/uploads\/2025\/07\/FB_IMG_1752117809067-1024x576.jpg\" alt=\"\" class=\"wp-image-8106\" srcset=\"https:\/\/ardigitalnoticias.com\/wp-content\/uploads\/2025\/07\/FB_IMG_1752117809067-1024x576.jpg 1024w, https:\/\/ardigitalnoticias.com\/wp-content\/uploads\/2025\/07\/FB_IMG_1752117809067-600x338.jpg 600w, https:\/\/ardigitalnoticias.com\/wp-content\/uploads\/2025\/07\/FB_IMG_1752117809067-300x169.jpg 300w, https:\/\/ardigitalnoticias.com\/wp-content\/uploads\/2025\/07\/FB_IMG_1752117809067-768x432.jpg 768w, https:\/\/ardigitalnoticias.com\/wp-content\/uploads\/2025\/07\/FB_IMG_1752117809067-1536x864.jpg 1536w, https:\/\/ardigitalnoticias.com\/wp-content\/uploads\/2025\/07\/FB_IMG_1752117809067-747x420.jpg 747w, https:\/\/ardigitalnoticias.com\/wp-content\/uploads\/2025\/07\/FB_IMG_1752117809067-150x84.jpg 150w, https:\/\/ardigitalnoticias.com\/wp-content\/uploads\/2025\/07\/FB_IMG_1752117809067-696x392.jpg 696w, https:\/\/ardigitalnoticias.com\/wp-content\/uploads\/2025\/07\/FB_IMG_1752117809067-1068x601.jpg 1068w, https:\/\/ardigitalnoticias.com\/wp-content\/uploads\/2025\/07\/FB_IMG_1752117809067-1920x1080.jpg 1920w, https:\/\/ardigitalnoticias.com\/wp-content\/uploads\/2025\/07\/FB_IMG_1752117809067.jpg 2048w\" sizes=\"auto, (max-width: 1024px) 100vw, 1024px\" \/><figcaption class=\"wp-element-caption\">default<\/figcaption><\/figure>\n<\/figure>\n\n\n\n<p>Esta obra no solo fortalece el sistema de salud del Huila, sino que se convertir\u00e1 en un centro de referencia para el sur del pa\u00eds. El nuevo hospital ofrecer\u00e1 espacios dignos y equipamiento de \u00faltima tecnolog\u00eda para atender con calidad y oportunidad tanto a comunidades urbanas como rurales, hist\u00f3ricamente marginadas en el acceso a servicios especializados.<\/p>\n\n\n\n<figure class=\"wp-block-gallery has-nested-images columns-default is-cropped wp-block-gallery-2 is-layout-flex wp-block-gallery-is-layout-flex\">\n<figure class=\"wp-block-image size-large\"><img loading=\"lazy\" decoding=\"async\" width=\"1024\" height=\"576\" data-id=\"8108\" src=\"https:\/\/ardigitalnoticias.com\/wp-content\/uploads\/2025\/07\/FB_IMG_1752117804829-1024x576.jpg\" alt=\"\" class=\"wp-image-8108\" srcset=\"https:\/\/ardigitalnoticias.com\/wp-content\/uploads\/2025\/07\/FB_IMG_1752117804829-1024x576.jpg 1024w, https:\/\/ardigitalnoticias.com\/wp-content\/uploads\/2025\/07\/FB_IMG_1752117804829-600x338.jpg 600w, https:\/\/ardigitalnoticias.com\/wp-content\/uploads\/2025\/07\/FB_IMG_1752117804829-300x169.jpg 300w, https:\/\/ardigitalnoticias.com\/wp-content\/uploads\/2025\/07\/FB_IMG_1752117804829-768x432.jpg 768w, https:\/\/ardigitalnoticias.com\/wp-content\/uploads\/2025\/07\/FB_IMG_1752117804829-1536x864.jpg 1536w, https:\/\/ardigitalnoticias.com\/wp-content\/uploads\/2025\/07\/FB_IMG_1752117804829-747x420.jpg 747w, https:\/\/ardigitalnoticias.com\/wp-content\/uploads\/2025\/07\/FB_IMG_1752117804829-150x84.jpg 150w, https:\/\/ardigitalnoticias.com\/wp-content\/uploads\/2025\/07\/FB_IMG_1752117804829-696x392.jpg 696w, https:\/\/ardigitalnoticias.com\/wp-content\/uploads\/2025\/07\/FB_IMG_1752117804829-1068x601.jpg 1068w, https:\/\/ardigitalnoticias.com\/wp-content\/uploads\/2025\/07\/FB_IMG_1752117804829-1920x1080.jpg 1920w, https:\/\/ardigitalnoticias.com\/wp-content\/uploads\/2025\/07\/FB_IMG_1752117804829.jpg 2048w\" sizes=\"auto, (max-width: 1024px) 100vw, 1024px\" \/><figcaption class=\"wp-element-caption\">default<\/figcaption><\/figure>\n\n\n\n<figure class=\"wp-block-image size-large\"><img loading=\"lazy\" decoding=\"async\" width=\"1024\" height=\"573\" data-id=\"8109\" src=\"https:\/\/ardigitalnoticias.com\/wp-content\/uploads\/2025\/07\/FB_IMG_1752117802409-1024x573.jpg\" alt=\"\" class=\"wp-image-8109\" srcset=\"https:\/\/ardigitalnoticias.com\/wp-content\/uploads\/2025\/07\/FB_IMG_1752117802409-1024x573.jpg 1024w, https:\/\/ardigitalnoticias.com\/wp-content\/uploads\/2025\/07\/FB_IMG_1752117802409-600x336.jpg 600w, https:\/\/ardigitalnoticias.com\/wp-content\/uploads\/2025\/07\/FB_IMG_1752117802409-300x168.jpg 300w, https:\/\/ardigitalnoticias.com\/wp-content\/uploads\/2025\/07\/FB_IMG_1752117802409-768x430.jpg 768w, https:\/\/ardigitalnoticias.com\/wp-content\/uploads\/2025\/07\/FB_IMG_1752117802409-1536x860.jpg 1536w, https:\/\/ardigitalnoticias.com\/wp-content\/uploads\/2025\/07\/FB_IMG_1752117802409-750x420.jpg 750w, https:\/\/ardigitalnoticias.com\/wp-content\/uploads\/2025\/07\/FB_IMG_1752117802409-150x84.jpg 150w, https:\/\/ardigitalnoticias.com\/wp-content\/uploads\/2025\/07\/FB_IMG_1752117802409-696x390.jpg 696w, https:\/\/ardigitalnoticias.com\/wp-content\/uploads\/2025\/07\/FB_IMG_1752117802409-1068x598.jpg 1068w, https:\/\/ardigitalnoticias.com\/wp-content\/uploads\/2025\/07\/FB_IMG_1752117802409.jpg 1668w\" sizes=\"auto, (max-width: 1024px) 100vw, 1024px\" \/><\/figure>\n<\/figure>\n\n\n\n<p>El impacto de esta construcci\u00f3n va m\u00e1s all\u00e1 de lo f\u00edsico. Se trata de una transformaci\u00f3n real en la vida de quienes, durante a\u00f1os, han esperado una atenci\u00f3n m\u00e9dica m\u00e1s eficiente, cercana y respetuosa. Es la promesa de un futuro donde la salud no sea un privilegio, sino un derecho garantizado.<\/p>\n\n\n\n<p>????\u200d\u2640\ufe0f????\u200d\u2642\ufe0f Hospital San Vicente de Pa\u00fal de Garz\u00f3n: una obra que transforma, une y salva vidas.<\/p>\n\n\n<div class=\"wp-block-image\">\n<figure class=\"aligncenter size-large\"><img loading=\"lazy\" decoding=\"async\" width=\"1024\" height=\"577\" src=\"https:\/\/ardigitalnoticias.com\/wp-content\/uploads\/2025\/07\/FB_IMG_1752117806825-1024x577.jpg\" alt=\"\" class=\"wp-image-8107\" srcset=\"https:\/\/ardigitalnoticias.com\/wp-content\/uploads\/2025\/07\/FB_IMG_1752117806825-1024x577.jpg 1024w, https:\/\/ardigitalnoticias.com\/wp-content\/uploads\/2025\/07\/FB_IMG_1752117806825-600x338.jpg 600w, https:\/\/ardigitalnoticias.com\/wp-content\/uploads\/2025\/07\/FB_IMG_1752117806825-300x169.jpg 300w, https:\/\/ardigitalnoticias.com\/wp-content\/uploads\/2025\/07\/FB_IMG_1752117806825-768x433.jpg 768w, https:\/\/ardigitalnoticias.com\/wp-content\/uploads\/2025\/07\/FB_IMG_1752117806825-1536x865.jpg 1536w, https:\/\/ardigitalnoticias.com\/wp-content\/uploads\/2025\/07\/FB_IMG_1752117806825-746x420.jpg 746w, https:\/\/ardigitalnoticias.com\/wp-content\/uploads\/2025\/07\/FB_IMG_1752117806825-150x84.jpg 150w, https:\/\/ardigitalnoticias.com\/wp-content\/uploads\/2025\/07\/FB_IMG_1752117806825-696x392.jpg 696w, https:\/\/ardigitalnoticias.com\/wp-content\/uploads\/2025\/07\/FB_IMG_1752117806825-1068x602.jpg 1068w, https:\/\/ardigitalnoticias.com\/wp-content\/uploads\/2025\/07\/FB_IMG_1752117806825.jpg 1669w\" sizes=\"auto, (max-width: 1024px) 100vw, 1024px\" \/><\/figure>\n<\/div>","protected":false},"excerpt":{"rendered":"<p>La salud p\u00fablica del centro y sur de Colombia vive una transformaci\u00f3n sin precedentes con la construcci\u00f3n del nuevo Hospital Departamental San Vicente de Pa\u00fal. POR: ANDR\u00c9S RODR\u00cdGUEZ. M\u00e1s que una infraestructura, esta obra representa un cambio estructural en la forma en que se prestar\u00e1n los servicios m\u00e9dicos a miles de familias de la regi\u00f3n. [&hellip;]<\/p>\n","protected":false},"author":2,"featured_media":8104,"comment_status":"open","ping_status":"open","sticky":false,"template":"","format":"standard","meta":{"_acf_changed":false,"_joinchat":[],"footnotes":""},"categories":[1,25,21,19],"tags":[],"class_list":{"0":"post-8103","1":"post","2":"type-post","3":"status-publish","4":"format-standard","5":"has-post-thumbnail","7":"category-actualidad","8":"category-centro","9":"category-locales","10":"category-regional"},"acf":[],"yoast_head":"<!-- This site is optimized with the Yoast SEO plugin v27.5 - https:\/\/yoast.com\/product\/yoast-seo-wordpress\/ -->\n<title>AVANZA LA CONSTRUCCI\u00d3N DEL NUEVO HOSPITAL DE GARZ\u00d3N, UNA TRANSFORMACI\u00d3N HIST\u00d3RICA PARA LA SALUD DEL CENTRO DEL HUILA. - AR Digital Noticias<\/title>\n<meta name=\"robots\" content=\"index, follow, max-snippet:-1, max-image-preview:large, max-video-preview:-1\" \/>\n<link rel=\"canonical\" href=\"https:\/\/ardigitalnoticias.com\/index.php\/2025\/07\/09\/avanza-la-construccion-del-nuevo-hospital-de-garzon-una-transformacion-historica-para-la-salud-del-centro-del-huila\/\" \/>\n<meta property=\"og:locale\" content=\"es_ES\" \/>\n<meta property=\"og:type\" content=\"article\" \/>\n<meta property=\"og:title\" content=\"AVANZA LA CONSTRUCCI\u00d3N DEL NUEVO HOSPITAL DE GARZ\u00d3N, UNA TRANSFORMACI\u00d3N HIST\u00d3RICA PARA LA SALUD DEL CENTRO DEL HUILA. - AR Digital Noticias\" \/>\n<meta property=\"og:description\" content=\"La salud p\u00fablica del centro y sur de Colombia vive una transformaci\u00f3n sin precedentes con la construcci\u00f3n del nuevo Hospital Departamental San Vicente de Pa\u00fal. POR: ANDR\u00c9S RODR\u00cdGUEZ. M\u00e1s que una infraestructura, esta obra representa un cambio estructural en la forma en que se prestar\u00e1n los servicios m\u00e9dicos a miles de familias de la regi\u00f3n. [&hellip;]\" \/>\n<meta property=\"og:url\" content=\"https:\/\/ardigitalnoticias.com\/index.php\/2025\/07\/09\/avanza-la-construccion-del-nuevo-hospital-de-garzon-una-transformacion-historica-para-la-salud-del-centro-del-huila\/\" \/>\n<meta property=\"og:site_name\" content=\"AR Digital Noticias\" \/>\n<meta property=\"article:published_time\" content=\"2025-07-10T03:43:45+00:00\" \/>\n<meta property=\"article:modified_time\" content=\"2025-07-10T03:43:46+00:00\" \/>\n<meta property=\"og:image\" content=\"https:\/\/ardigitalnoticias.com\/wp-content\/uploads\/2025\/07\/InShot_20250709_222959339-scaled.jpg\" \/>\n\t<meta property=\"og:image:width\" content=\"2560\" \/>\n\t<meta property=\"og:image:height\" content=\"1440\" \/>\n\t<meta property=\"og:image:type\" content=\"image\/jpeg\" \/>\n<meta name=\"author\" content=\"AR Digital Noticias\" \/>\n<meta name=\"twitter:card\" content=\"summary_large_image\" \/>\n<meta name=\"twitter:label1\" content=\"Escrito por\" \/>\n\t<meta name=\"twitter:data1\" content=\"AR Digital Noticias\" \/>\n\t<meta name=\"twitter:label2\" content=\"Tiempo de lectura\" \/>\n\t<meta name=\"twitter:data2\" content=\"3 minutos\" \/>\n<script type=\"application\/ld+json\" class=\"yoast-schema-graph\">{\"@context\":\"https:\\\/\\\/schema.org\",\"@graph\":[{\"@type\":\"Article\",\"@id\":\"https:\\\/\\\/ardigitalnoticias.com\\\/index.php\\\/2025\\\/07\\\/09\\\/avanza-la-construccion-del-nuevo-hospital-de-garzon-una-transformacion-historica-para-la-salud-del-centro-del-huila\\\/#article\",\"isPartOf\":{\"@id\":\"https:\\\/\\\/ardigitalnoticias.com\\\/index.php\\\/2025\\\/07\\\/09\\\/avanza-la-construccion-del-nuevo-hospital-de-garzon-una-transformacion-historica-para-la-salud-del-centro-del-huila\\\/\"},\"author\":{\"name\":\"AR Digital Noticias\",\"@id\":\"https:\\\/\\\/ardigitalnoticias.com\\\/#\\\/schema\\\/person\\\/3f1b0a96e890d8cba89a76c7558a147c\"},\"headline\":\"AVANZA LA CONSTRUCCI\u00d3N DEL NUEVO HOSPITAL DE GARZ\u00d3N, UNA TRANSFORMACI\u00d3N HIST\u00d3RICA PARA LA SALUD DEL CENTRO DEL HUILA.\",\"datePublished\":\"2025-07-10T03:43:45+00:00\",\"dateModified\":\"2025-07-10T03:43:46+00:00\",\"mainEntityOfPage\":{\"@id\":\"https:\\\/\\\/ardigitalnoticias.com\\\/index.php\\\/2025\\\/07\\\/09\\\/avanza-la-construccion-del-nuevo-hospital-de-garzon-una-transformacion-historica-para-la-salud-del-centro-del-huila\\\/\"},\"wordCount\":284,\"commentCount\":0,\"publisher\":{\"@id\":\"https:\\\/\\\/ardigitalnoticias.com\\\/#organization\"},\"image\":{\"@id\":\"https:\\\/\\\/ardigitalnoticias.com\\\/index.php\\\/2025\\\/07\\\/09\\\/avanza-la-construccion-del-nuevo-hospital-de-garzon-una-transformacion-historica-para-la-salud-del-centro-del-huila\\\/#primaryimage\"},\"thumbnailUrl\":\"https:\\\/\\\/ardigitalnoticias.com\\\/wp-content\\\/uploads\\\/2025\\\/07\\\/InShot_20250709_222959339-scaled.jpg\",\"articleSection\":[\"Actualidad\",\"Centro\",\"Garz\u00f3n\",\"Regional\"],\"inLanguage\":\"es\",\"potentialAction\":[{\"@type\":\"CommentAction\",\"name\":\"Comment\",\"target\":[\"https:\\\/\\\/ardigitalnoticias.com\\\/index.php\\\/2025\\\/07\\\/09\\\/avanza-la-construccion-del-nuevo-hospital-de-garzon-una-transformacion-historica-para-la-salud-del-centro-del-huila\\\/#respond\"]}]},{\"@type\":\"WebPage\",\"@id\":\"https:\\\/\\\/ardigitalnoticias.com\\\/index.php\\\/2025\\\/07\\\/09\\\/avanza-la-construccion-del-nuevo-hospital-de-garzon-una-transformacion-historica-para-la-salud-del-centro-del-huila\\\/\",\"url\":\"https:\\\/\\\/ardigitalnoticias.com\\\/index.php\\\/2025\\\/07\\\/09\\\/avanza-la-construccion-del-nuevo-hospital-de-garzon-una-transformacion-historica-para-la-salud-del-centro-del-huila\\\/\",\"name\":\"AVANZA LA CONSTRUCCI\u00d3N DEL NUEVO HOSPITAL DE GARZ\u00d3N, UNA TRANSFORMACI\u00d3N HIST\u00d3RICA PARA LA SALUD DEL CENTRO DEL HUILA. - AR Digital Noticias\",\"isPartOf\":{\"@id\":\"https:\\\/\\\/ardigitalnoticias.com\\\/#website\"},\"primaryImageOfPage\":{\"@id\":\"https:\\\/\\\/ardigitalnoticias.com\\\/index.php\\\/2025\\\/07\\\/09\\\/avanza-la-construccion-del-nuevo-hospital-de-garzon-una-transformacion-historica-para-la-salud-del-centro-del-huila\\\/#primaryimage\"},\"image\":{\"@id\":\"https:\\\/\\\/ardigitalnoticias.com\\\/index.php\\\/2025\\\/07\\\/09\\\/avanza-la-construccion-del-nuevo-hospital-de-garzon-una-transformacion-historica-para-la-salud-del-centro-del-huila\\\/#primaryimage\"},\"thumbnailUrl\":\"https:\\\/\\\/ardigitalnoticias.com\\\/wp-content\\\/uploads\\\/2025\\\/07\\\/InShot_20250709_222959339-scaled.jpg\",\"datePublished\":\"2025-07-10T03:43:45+00:00\",\"dateModified\":\"2025-07-10T03:43:46+00:00\",\"breadcrumb\":{\"@id\":\"https:\\\/\\\/ardigitalnoticias.com\\\/index.php\\\/2025\\\/07\\\/09\\\/avanza-la-construccion-del-nuevo-hospital-de-garzon-una-transformacion-historica-para-la-salud-del-centro-del-huila\\\/#breadcrumb\"},\"inLanguage\":\"es\",\"potentialAction\":[{\"@type\":\"ReadAction\",\"target\":[\"https:\\\/\\\/ardigitalnoticias.com\\\/index.php\\\/2025\\\/07\\\/09\\\/avanza-la-construccion-del-nuevo-hospital-de-garzon-una-transformacion-historica-para-la-salud-del-centro-del-huila\\\/\"]}]},{\"@type\":\"ImageObject\",\"inLanguage\":\"es\",\"@id\":\"https:\\\/\\\/ardigitalnoticias.com\\\/index.php\\\/2025\\\/07\\\/09\\\/avanza-la-construccion-del-nuevo-hospital-de-garzon-una-transformacion-historica-para-la-salud-del-centro-del-huila\\\/#primaryimage\",\"url\":\"https:\\\/\\\/ardigitalnoticias.com\\\/wp-content\\\/uploads\\\/2025\\\/07\\\/InShot_20250709_222959339-scaled.jpg\",\"contentUrl\":\"https:\\\/\\\/ardigitalnoticias.com\\\/wp-content\\\/uploads\\\/2025\\\/07\\\/InShot_20250709_222959339-scaled.jpg\",\"width\":2560,\"height\":1440},{\"@type\":\"BreadcrumbList\",\"@id\":\"https:\\\/\\\/ardigitalnoticias.com\\\/index.php\\\/2025\\\/07\\\/09\\\/avanza-la-construccion-del-nuevo-hospital-de-garzon-una-transformacion-historica-para-la-salud-del-centro-del-huila\\\/#breadcrumb\",\"itemListElement\":[{\"@type\":\"ListItem\",\"position\":1,\"name\":\"Portada\",\"item\":\"https:\\\/\\\/ardigitalnoticias.com\\\/\"},{\"@type\":\"ListItem\",\"position\":2,\"name\":\"AVANZA LA CONSTRUCCI\u00d3N DEL NUEVO HOSPITAL DE GARZ\u00d3N, UNA TRANSFORMACI\u00d3N HIST\u00d3RICA PARA LA SALUD DEL CENTRO DEL HUILA.\"}]},{\"@type\":\"WebSite\",\"@id\":\"https:\\\/\\\/ardigitalnoticias.com\\\/#website\",\"url\":\"https:\\\/\\\/ardigitalnoticias.com\\\/\",\"name\":\"AR Digital Noticias\",\"description\":\"\",\"publisher\":{\"@id\":\"https:\\\/\\\/ardigitalnoticias.com\\\/#organization\"},\"potentialAction\":[{\"@type\":\"SearchAction\",\"target\":{\"@type\":\"EntryPoint\",\"urlTemplate\":\"https:\\\/\\\/ardigitalnoticias.com\\\/?s={search_term_string}\"},\"query-input\":{\"@type\":\"PropertyValueSpecification\",\"valueRequired\":true,\"valueName\":\"search_term_string\"}}],\"inLanguage\":\"es\"},{\"@type\":\"Organization\",\"@id\":\"https:\\\/\\\/ardigitalnoticias.com\\\/#organization\",\"name\":\"AR Digital Noticias\",\"url\":\"https:\\\/\\\/ardigitalnoticias.com\\\/\",\"logo\":{\"@type\":\"ImageObject\",\"inLanguage\":\"es\",\"@id\":\"https:\\\/\\\/ardigitalnoticias.com\\\/#\\\/schema\\\/logo\\\/image\\\/\",\"url\":\"https:\\\/\\\/ardigitalnoticias.com\\\/wp-content\\\/uploads\\\/2023\\\/11\\\/cropped-cropped-cropped-cropped-AR-Digital-Noticias-1.png\",\"contentUrl\":\"https:\\\/\\\/ardigitalnoticias.com\\\/wp-content\\\/uploads\\\/2023\\\/11\\\/cropped-cropped-cropped-cropped-AR-Digital-Noticias-1.png\",\"width\":972,\"height\":306,\"caption\":\"AR Digital Noticias\"},\"image\":{\"@id\":\"https:\\\/\\\/ardigitalnoticias.com\\\/#\\\/schema\\\/logo\\\/image\\\/\"}},{\"@type\":\"Person\",\"@id\":\"https:\\\/\\\/ardigitalnoticias.com\\\/#\\\/schema\\\/person\\\/3f1b0a96e890d8cba89a76c7558a147c\",\"name\":\"AR Digital Noticias\",\"image\":{\"@type\":\"ImageObject\",\"inLanguage\":\"es\",\"@id\":\"https:\\\/\\\/secure.gravatar.com\\\/avatar\\\/55d1acd2f9cac74c99f42fcb5090c2f994204a6f6c571cf4c3001ae692cb9b34?s=96&d=mm&r=g\",\"url\":\"https:\\\/\\\/secure.gravatar.com\\\/avatar\\\/55d1acd2f9cac74c99f42fcb5090c2f994204a6f6c571cf4c3001ae692cb9b34?s=96&d=mm&r=g\",\"contentUrl\":\"https:\\\/\\\/secure.gravatar.com\\\/avatar\\\/55d1acd2f9cac74c99f42fcb5090c2f994204a6f6c571cf4c3001ae692cb9b34?s=96&d=mm&r=g\",\"caption\":\"AR Digital Noticias\"},\"sameAs\":[\"http:\\\/\\\/ardigitalnoticias.com\"],\"url\":\"https:\\\/\\\/ardigitalnoticias.com\\\/index.php\\\/author\\\/editorial\\\/\"}]}<\/script>\n<!-- \/ Yoast SEO plugin. -->","yoast_head_json":{"title":"AVANZA LA CONSTRUCCI\u00d3N DEL NUEVO HOSPITAL DE GARZ\u00d3N, UNA TRANSFORMACI\u00d3N HIST\u00d3RICA PARA LA SALUD DEL CENTRO DEL HUILA. - AR Digital Noticias","robots":{"index":"index","follow":"follow","max-snippet":"max-snippet:-1","max-image-preview":"max-image-preview:large","max-video-preview":"max-video-preview:-1"},"canonical":"https:\/\/ardigitalnoticias.com\/index.php\/2025\/07\/09\/avanza-la-construccion-del-nuevo-hospital-de-garzon-una-transformacion-historica-para-la-salud-del-centro-del-huila\/","og_locale":"es_ES","og_type":"article","og_title":"AVANZA LA CONSTRUCCI\u00d3N DEL NUEVO HOSPITAL DE GARZ\u00d3N, UNA TRANSFORMACI\u00d3N HIST\u00d3RICA PARA LA SALUD DEL CENTRO DEL HUILA. - AR Digital Noticias","og_description":"La salud p\u00fablica del centro y sur de Colombia vive una transformaci\u00f3n sin precedentes con la construcci\u00f3n del nuevo Hospital Departamental San Vicente de Pa\u00fal. POR: ANDR\u00c9S RODR\u00cdGUEZ. M\u00e1s que una infraestructura, esta obra representa un cambio estructural en la forma en que se prestar\u00e1n los servicios m\u00e9dicos a miles de familias de la regi\u00f3n. [&hellip;]","og_url":"https:\/\/ardigitalnoticias.com\/index.php\/2025\/07\/09\/avanza-la-construccion-del-nuevo-hospital-de-garzon-una-transformacion-historica-para-la-salud-del-centro-del-huila\/","og_site_name":"AR Digital Noticias","article_published_time":"2025-07-10T03:43:45+00:00","article_modified_time":"2025-07-10T03:43:46+00:00","og_image":[{"width":2560,"height":1440,"url":"https:\/\/ardigitalnoticias.com\/wp-content\/uploads\/2025\/07\/InShot_20250709_222959339-scaled.jpg","type":"image\/jpeg"}],"author":"AR Digital Noticias","twitter_card":"summary_large_image","twitter_misc":{"Escrito por":"AR Digital Noticias","Tiempo de lectura":"3 minutos"},"schema":{"@context":"https:\/\/schema.org","@graph":[{"@type":"Article","@id":"https:\/\/ardigitalnoticias.com\/index.php\/2025\/07\/09\/avanza-la-construccion-del-nuevo-hospital-de-garzon-una-transformacion-historica-para-la-salud-del-centro-del-huila\/#article","isPartOf":{"@id":"https:\/\/ardigitalnoticias.com\/index.php\/2025\/07\/09\/avanza-la-construccion-del-nuevo-hospital-de-garzon-una-transformacion-historica-para-la-salud-del-centro-del-huila\/"},"author":{"name":"AR Digital Noticias","@id":"https:\/\/ardigitalnoticias.com\/#\/schema\/person\/3f1b0a96e890d8cba89a76c7558a147c"},"headline":"AVANZA LA CONSTRUCCI\u00d3N DEL NUEVO HOSPITAL DE GARZ\u00d3N, UNA TRANSFORMACI\u00d3N HIST\u00d3RICA PARA LA SALUD DEL CENTRO DEL HUILA.","datePublished":"2025-07-10T03:43:45+00:00","dateModified":"2025-07-10T03:43:46+00:00","mainEntityOfPage":{"@id":"https:\/\/ardigitalnoticias.com\/index.php\/2025\/07\/09\/avanza-la-construccion-del-nuevo-hospital-de-garzon-una-transformacion-historica-para-la-salud-del-centro-del-huila\/"},"wordCount":284,"commentCount":0,"publisher":{"@id":"https:\/\/ardigitalnoticias.com\/#organization"},"image":{"@id":"https:\/\/ardigitalnoticias.com\/index.php\/2025\/07\/09\/avanza-la-construccion-del-nuevo-hospital-de-garzon-una-transformacion-historica-para-la-salud-del-centro-del-huila\/#primaryimage"},"thumbnailUrl":"https:\/\/ardigitalnoticias.com\/wp-content\/uploads\/2025\/07\/InShot_20250709_222959339-scaled.jpg","articleSection":["Actualidad","Centro","Garz\u00f3n","Regional"],"inLanguage":"es","potentialAction":[{"@type":"CommentAction","name":"Comment","target":["https:\/\/ardigitalnoticias.com\/index.php\/2025\/07\/09\/avanza-la-construccion-del-nuevo-hospital-de-garzon-una-transformacion-historica-para-la-salud-del-centro-del-huila\/#respond"]}]},{"@type":"WebPage","@id":"https:\/\/ardigitalnoticias.com\/index.php\/2025\/07\/09\/avanza-la-construccion-del-nuevo-hospital-de-garzon-una-transformacion-historica-para-la-salud-del-centro-del-huila\/","url":"https:\/\/ardigitalnoticias.com\/index.php\/2025\/07\/09\/avanza-la-construccion-del-nuevo-hospital-de-garzon-una-transformacion-historica-para-la-salud-del-centro-del-huila\/","name":"AVANZA LA CONSTRUCCI\u00d3N DEL NUEVO HOSPITAL DE GARZ\u00d3N, UNA TRANSFORMACI\u00d3N HIST\u00d3RICA PARA LA SALUD DEL CENTRO DEL HUILA. - AR Digital Noticias","isPartOf":{"@id":"https:\/\/ardigitalnoticias.com\/#website"},"primaryImageOfPage":{"@id":"https:\/\/ardigitalnoticias.com\/index.php\/2025\/07\/09\/avanza-la-construccion-del-nuevo-hospital-de-garzon-una-transformacion-historica-para-la-salud-del-centro-del-huila\/#primaryimage"},"image":{"@id":"https:\/\/ardigitalnoticias.com\/index.php\/2025\/07\/09\/avanza-la-construccion-del-nuevo-hospital-de-garzon-una-transformacion-historica-para-la-salud-del-centro-del-huila\/#primaryimage"},"thumbnailUrl":"https:\/\/ardigitalnoticias.com\/wp-content\/uploads\/2025\/07\/InShot_20250709_222959339-scaled.jpg","datePublished":"2025-07-10T03:43:45+00:00","dateModified":"2025-07-10T03:43:46+00:00","breadcrumb":{"@id":"https:\/\/ardigitalnoticias.com\/index.php\/2025\/07\/09\/avanza-la-construccion-del-nuevo-hospital-de-garzon-una-transformacion-historica-para-la-salud-del-centro-del-huila\/#breadcrumb"},"inLanguage":"es","potentialAction":[{"@type":"ReadAction","target":["https:\/\/ardigitalnoticias.com\/index.php\/2025\/07\/09\/avanza-la-construccion-del-nuevo-hospital-de-garzon-una-transformacion-historica-para-la-salud-del-centro-del-huila\/"]}]},{"@type":"ImageObject","inLanguage":"es","@id":"https:\/\/ardigitalnoticias.com\/index.php\/2025\/07\/09\/avanza-la-construccion-del-nuevo-hospital-de-garzon-una-transformacion-historica-para-la-salud-del-centro-del-huila\/#primaryimage","url":"https:\/\/ardigitalnoticias.com\/wp-content\/uploads\/2025\/07\/InShot_20250709_222959339-scaled.jpg","contentUrl":"https:\/\/ardigitalnoticias.com\/wp-content\/uploads\/2025\/07\/InShot_20250709_222959339-scaled.jpg","width":2560,"height":1440},{"@type":"BreadcrumbList","@id":"https:\/\/ardigitalnoticias.com\/index.php\/2025\/07\/09\/avanza-la-construccion-del-nuevo-hospital-de-garzon-una-transformacion-historica-para-la-salud-del-centro-del-huila\/#breadcrumb","itemListElement":[{"@type":"ListItem","position":1,"name":"Portada","item":"https:\/\/ardigitalnoticias.com\/"},{"@type":"ListItem","position":2,"name":"AVANZA LA CONSTRUCCI\u00d3N DEL NUEVO HOSPITAL DE GARZ\u00d3N, UNA TRANSFORMACI\u00d3N HIST\u00d3RICA PARA LA SALUD DEL CENTRO DEL HUILA."}]},{"@type":"WebSite","@id":"https:\/\/ardigitalnoticias.com\/#website","url":"https:\/\/ardigitalnoticias.com\/","name":"AR Digital Noticias","description":"","publisher":{"@id":"https:\/\/ardigitalnoticias.com\/#organization"},"potentialAction":[{"@type":"SearchAction","target":{"@type":"EntryPoint","urlTemplate":"https:\/\/ardigitalnoticias.com\/?s={search_term_string}"},"query-input":{"@type":"PropertyValueSpecification","valueRequired":true,"valueName":"search_term_string"}}],"inLanguage":"es"},{"@type":"Organization","@id":"https:\/\/ardigitalnoticias.com\/#organization","name":"AR Digital Noticias","url":"https:\/\/ardigitalnoticias.com\/","logo":{"@type":"ImageObject","inLanguage":"es","@id":"https:\/\/ardigitalnoticias.com\/#\/schema\/logo\/image\/","url":"https:\/\/ardigitalnoticias.com\/wp-content\/uploads\/2023\/11\/cropped-cropped-cropped-cropped-AR-Digital-Noticias-1.png","contentUrl":"https:\/\/ardigitalnoticias.com\/wp-content\/uploads\/2023\/11\/cropped-cropped-cropped-cropped-AR-Digital-Noticias-1.png","width":972,"height":306,"caption":"AR Digital Noticias"},"image":{"@id":"https:\/\/ardigitalnoticias.com\/#\/schema\/logo\/image\/"}},{"@type":"Person","@id":"https:\/\/ardigitalnoticias.com\/#\/schema\/person\/3f1b0a96e890d8cba89a76c7558a147c","name":"AR Digital Noticias","image":{"@type":"ImageObject","inLanguage":"es","@id":"https:\/\/secure.gravatar.com\/avatar\/55d1acd2f9cac74c99f42fcb5090c2f994204a6f6c571cf4c3001ae692cb9b34?s=96&d=mm&r=g","url":"https:\/\/secure.gravatar.com\/avatar\/55d1acd2f9cac74c99f42fcb5090c2f994204a6f6c571cf4c3001ae692cb9b34?s=96&d=mm&r=g","contentUrl":"https:\/\/secure.gravatar.com\/avatar\/55d1acd2f9cac74c99f42fcb5090c2f994204a6f6c571cf4c3001ae692cb9b34?s=96&d=mm&r=g","caption":"AR Digital Noticias"},"sameAs":["http:\/\/ardigitalnoticias.com"],"url":"https:\/\/ardigitalnoticias.com\/index.php\/author\/editorial\/"}]}},"_links":{"self":[{"href":"https:\/\/ardigitalnoticias.com\/index.php\/wp-json\/wp\/v2\/posts\/8103","targetHints":{"allow":["GET"]}}],"collection":[{"href":"https:\/\/ardigitalnoticias.com\/index.php\/wp-json\/wp\/v2\/posts"}],"about":[{"href":"https:\/\/ardigitalnoticias.com\/index.php\/wp-json\/wp\/v2\/types\/post"}],"author":[{"embeddable":true,"href":"https:\/\/ardigitalnoticias.com\/index.php\/wp-json\/wp\/v2\/users\/2"}],"replies":[{"embeddable":true,"href":"https:\/\/ardigitalnoticias.com\/index.php\/wp-json\/wp\/v2\/comments?post=8103"}],"version-history":[{"count":1,"href":"https:\/\/ardigitalnoticias.com\/index.php\/wp-json\/wp\/v2\/posts\/8103\/revisions"}],"predecessor-version":[{"id":8111,"href":"https:\/\/ardigitalnoticias.com\/index.php\/wp-json\/wp\/v2\/posts\/8103\/revisions\/8111"}],"wp:featuredmedia":[{"embeddable":true,"href":"https:\/\/ardigitalnoticias.com\/index.php\/wp-json\/wp\/v2\/media\/8104"}],"wp:attachment":[{"href":"https:\/\/ardigitalnoticias.com\/index.php\/wp-json\/wp\/v2\/media?parent=8103"}],"wp:term":[{"taxonomy":"category","embeddable":true,"href":"https:\/\/ardigitalnoticias.com\/index.php\/wp-json\/wp\/v2\/categories?post=8103"},{"taxonomy":"post_tag","embeddable":true,"href":"https:\/\/ardigitalnoticias.com\/index.php\/wp-json\/wp\/v2\/tags?post=8103"}],"curies":[{"name":"wp","href":"https:\/\/api.w.org\/{rel}","templated":true}]}}