{"id":7894,"date":"2025-06-12T13:08:46","date_gmt":"2025-06-12T18:08:46","guid":{"rendered":"https:\/\/ardigitalnoticias.com\/?p=7894"},"modified":"2025-06-12T13:51:07","modified_gmt":"2025-06-12T18:51:07","slug":"garzon-instala-sesiones-extraordinarias-para-impulsar-el-bienestar-social","status":"publish","type":"post","link":"https:\/\/ardigitalnoticias.com\/index.php\/2025\/06\/12\/garzon-instala-sesiones-extraordinarias-para-impulsar-el-bienestar-social\/","title":{"rendered":"GARZ\u00d3N INSTALA SESIONES EXTRAORDINARIAS PARA IMPULSAR EL BIENESTAR SOCIAL"},"content":{"rendered":"\n<p>Con el firme prop\u00f3sito de avanzar en el desarrollo integral del municipio, el alcalde de Garz\u00f3n, Francisco Calder\u00f3n Feriz, instal\u00f3 el per\u00edodo de sesiones extraordinarias del Concejo Municipal.<\/p>\n\n\n\n<p><strong>POR: ANDR\u00c9S RODR\u00cdGUEZ. <\/strong><\/p>\n\n\n\n<p>Esta nueva etapa legislativa permitir\u00e1 el estudio, debate y posible aprobaci\u00f3n de proyectos de acuerdo claves para la transformaci\u00f3n social del territorio.<\/p>\n\n\n\n<p>Durante el acto de apertura, el mandatario local hizo un llamado a la unidad institucional y al trabajo articulado en favor de la comunidad. \u201cEstas sesiones son una oportunidad hist\u00f3rica para promover pol\u00edticas que mejoren la calidad de vida y generen justicia social para todos los habitantes de Garz\u00f3n\u201d, expres\u00f3 Calder\u00f3n Feriz.<\/p>\n\n\n\n<figure class=\"wp-block-gallery has-nested-images columns-default is-cropped wp-block-gallery-1 is-layout-flex wp-block-gallery-is-layout-flex\">\n<figure class=\"wp-block-image size-large\"><img loading=\"lazy\" decoding=\"async\" width=\"801\" height=\"1024\" data-id=\"7898\" src=\"https:\/\/ardigitalnoticias.com\/wp-content\/uploads\/2025\/06\/FB_IMG_1749754164057-801x1024.jpg\" alt=\"\" class=\"wp-image-7898\" srcset=\"https:\/\/ardigitalnoticias.com\/wp-content\/uploads\/2025\/06\/FB_IMG_1749754164057-801x1024.jpg 801w, https:\/\/ardigitalnoticias.com\/wp-content\/uploads\/2025\/06\/FB_IMG_1749754164057-469x600.jpg 469w, https:\/\/ardigitalnoticias.com\/wp-content\/uploads\/2025\/06\/FB_IMG_1749754164057-235x300.jpg 235w, https:\/\/ardigitalnoticias.com\/wp-content\/uploads\/2025\/06\/FB_IMG_1749754164057-768x982.jpg 768w, https:\/\/ardigitalnoticias.com\/wp-content\/uploads\/2025\/06\/FB_IMG_1749754164057-328x420.jpg 328w, https:\/\/ardigitalnoticias.com\/wp-content\/uploads\/2025\/06\/FB_IMG_1749754164057-150x192.jpg 150w, https:\/\/ardigitalnoticias.com\/wp-content\/uploads\/2025\/06\/FB_IMG_1749754164057-300x384.jpg 300w, https:\/\/ardigitalnoticias.com\/wp-content\/uploads\/2025\/06\/FB_IMG_1749754164057-696x890.jpg 696w, https:\/\/ardigitalnoticias.com\/wp-content\/uploads\/2025\/06\/FB_IMG_1749754164057-1068x1366.jpg 1068w, https:\/\/ardigitalnoticias.com\/wp-content\/uploads\/2025\/06\/FB_IMG_1749754164057.jpg 1080w\" sizes=\"auto, (max-width: 801px) 100vw, 801px\" \/><\/figure>\n\n\n\n<figure class=\"wp-block-image size-large\"><img loading=\"lazy\" decoding=\"async\" width=\"817\" height=\"1024\" data-id=\"7899\" src=\"https:\/\/ardigitalnoticias.com\/wp-content\/uploads\/2025\/06\/FB_IMG_1749754161597-817x1024.jpg\" alt=\"\" class=\"wp-image-7899\" srcset=\"https:\/\/ardigitalnoticias.com\/wp-content\/uploads\/2025\/06\/FB_IMG_1749754161597-817x1024.jpg 817w, https:\/\/ardigitalnoticias.com\/wp-content\/uploads\/2025\/06\/FB_IMG_1749754161597-479x600.jpg 479w, https:\/\/ardigitalnoticias.com\/wp-content\/uploads\/2025\/06\/FB_IMG_1749754161597-239x300.jpg 239w, https:\/\/ardigitalnoticias.com\/wp-content\/uploads\/2025\/06\/FB_IMG_1749754161597-768x962.jpg 768w, https:\/\/ardigitalnoticias.com\/wp-content\/uploads\/2025\/06\/FB_IMG_1749754161597-335x420.jpg 335w, https:\/\/ardigitalnoticias.com\/wp-content\/uploads\/2025\/06\/FB_IMG_1749754161597-150x188.jpg 150w, https:\/\/ardigitalnoticias.com\/wp-content\/uploads\/2025\/06\/FB_IMG_1749754161597-300x376.jpg 300w, https:\/\/ardigitalnoticias.com\/wp-content\/uploads\/2025\/06\/FB_IMG_1749754161597-696x872.jpg 696w, https:\/\/ardigitalnoticias.com\/wp-content\/uploads\/2025\/06\/FB_IMG_1749754161597-1068x1338.jpg 1068w, https:\/\/ardigitalnoticias.com\/wp-content\/uploads\/2025\/06\/FB_IMG_1749754161597.jpg 1079w\" sizes=\"auto, (max-width: 817px) 100vw, 817px\" \/><\/figure>\n\n\n\n<figure class=\"wp-block-image size-large\"><img loading=\"lazy\" decoding=\"async\" width=\"803\" height=\"1024\" data-id=\"7900\" src=\"https:\/\/ardigitalnoticias.com\/wp-content\/uploads\/2025\/06\/FB_IMG_1749754159432-803x1024.jpg\" alt=\"\" class=\"wp-image-7900\" srcset=\"https:\/\/ardigitalnoticias.com\/wp-content\/uploads\/2025\/06\/FB_IMG_1749754159432-803x1024.jpg 803w, https:\/\/ardigitalnoticias.com\/wp-content\/uploads\/2025\/06\/FB_IMG_1749754159432-470x600.jpg 470w, https:\/\/ardigitalnoticias.com\/wp-content\/uploads\/2025\/06\/FB_IMG_1749754159432-235x300.jpg 235w, https:\/\/ardigitalnoticias.com\/wp-content\/uploads\/2025\/06\/FB_IMG_1749754159432-768x980.jpg 768w, https:\/\/ardigitalnoticias.com\/wp-content\/uploads\/2025\/06\/FB_IMG_1749754159432-329x420.jpg 329w, https:\/\/ardigitalnoticias.com\/wp-content\/uploads\/2025\/06\/FB_IMG_1749754159432-150x191.jpg 150w, https:\/\/ardigitalnoticias.com\/wp-content\/uploads\/2025\/06\/FB_IMG_1749754159432-300x383.jpg 300w, https:\/\/ardigitalnoticias.com\/wp-content\/uploads\/2025\/06\/FB_IMG_1749754159432-696x888.jpg 696w, https:\/\/ardigitalnoticias.com\/wp-content\/uploads\/2025\/06\/FB_IMG_1749754159432-1068x1363.jpg 1068w, https:\/\/ardigitalnoticias.com\/wp-content\/uploads\/2025\/06\/FB_IMG_1749754159432.jpg 1080w\" sizes=\"auto, (max-width: 803px) 100vw, 803px\" \/><\/figure>\n\n\n\n<figure class=\"wp-block-image size-large\"><img loading=\"lazy\" decoding=\"async\" width=\"796\" height=\"1024\" data-id=\"7902\" src=\"https:\/\/ardigitalnoticias.com\/wp-content\/uploads\/2025\/06\/FB_IMG_1749754157234-796x1024.jpg\" alt=\"\" class=\"wp-image-7902\" srcset=\"https:\/\/ardigitalnoticias.com\/wp-content\/uploads\/2025\/06\/FB_IMG_1749754157234-796x1024.jpg 796w, https:\/\/ardigitalnoticias.com\/wp-content\/uploads\/2025\/06\/FB_IMG_1749754157234-466x600.jpg 466w, https:\/\/ardigitalnoticias.com\/wp-content\/uploads\/2025\/06\/FB_IMG_1749754157234-233x300.jpg 233w, https:\/\/ardigitalnoticias.com\/wp-content\/uploads\/2025\/06\/FB_IMG_1749754157234-768x988.jpg 768w, https:\/\/ardigitalnoticias.com\/wp-content\/uploads\/2025\/06\/FB_IMG_1749754157234-326x420.jpg 326w, https:\/\/ardigitalnoticias.com\/wp-content\/uploads\/2025\/06\/FB_IMG_1749754157234-150x193.jpg 150w, https:\/\/ardigitalnoticias.com\/wp-content\/uploads\/2025\/06\/FB_IMG_1749754157234-300x386.jpg 300w, https:\/\/ardigitalnoticias.com\/wp-content\/uploads\/2025\/06\/FB_IMG_1749754157234-696x895.jpg 696w, https:\/\/ardigitalnoticias.com\/wp-content\/uploads\/2025\/06\/FB_IMG_1749754157234-1068x1374.jpg 1068w, https:\/\/ardigitalnoticias.com\/wp-content\/uploads\/2025\/06\/FB_IMG_1749754157234.jpg 1079w\" sizes=\"auto, (max-width: 796px) 100vw, 796px\" \/><\/figure>\n\n\n\n<figure class=\"wp-block-image size-large\"><img loading=\"lazy\" decoding=\"async\" width=\"794\" height=\"1024\" data-id=\"7903\" src=\"https:\/\/ardigitalnoticias.com\/wp-content\/uploads\/2025\/06\/FB_IMG_1749754154889-794x1024.jpg\" alt=\"\" class=\"wp-image-7903\" srcset=\"https:\/\/ardigitalnoticias.com\/wp-content\/uploads\/2025\/06\/FB_IMG_1749754154889-794x1024.jpg 794w, https:\/\/ardigitalnoticias.com\/wp-content\/uploads\/2025\/06\/FB_IMG_1749754154889-465x600.jpg 465w, https:\/\/ardigitalnoticias.com\/wp-content\/uploads\/2025\/06\/FB_IMG_1749754154889-233x300.jpg 233w, https:\/\/ardigitalnoticias.com\/wp-content\/uploads\/2025\/06\/FB_IMG_1749754154889-768x991.jpg 768w, https:\/\/ardigitalnoticias.com\/wp-content\/uploads\/2025\/06\/FB_IMG_1749754154889-326x420.jpg 326w, https:\/\/ardigitalnoticias.com\/wp-content\/uploads\/2025\/06\/FB_IMG_1749754154889-150x194.jpg 150w, https:\/\/ardigitalnoticias.com\/wp-content\/uploads\/2025\/06\/FB_IMG_1749754154889-300x387.jpg 300w, https:\/\/ardigitalnoticias.com\/wp-content\/uploads\/2025\/06\/FB_IMG_1749754154889-696x898.jpg 696w, https:\/\/ardigitalnoticias.com\/wp-content\/uploads\/2025\/06\/FB_IMG_1749754154889-1068x1378.jpg 1068w, https:\/\/ardigitalnoticias.com\/wp-content\/uploads\/2025\/06\/FB_IMG_1749754154889.jpg 1079w\" sizes=\"auto, (max-width: 794px) 100vw, 794px\" \/><\/figure>\n<\/figure>\n\n\n\n<p>Los proyectos que se ponen sobre la mesa apuntan a crear oportunidades reales en sectores vulnerables, fortalecer el tejido social y dinamizar el desarrollo econ\u00f3mico local. La agenda contempla iniciativas que impactan directamente en infraestructura, servicios p\u00fablicos, programas comunitarios y fortalecimiento institucional.<\/p>\n\n\n\n<p>El inicio de estas sesiones representa un paso importante hacia una gesti\u00f3n p\u00fablica participativa y orientada a resultados concretos, con un enfoque centrado en las verdaderas necesidades de la poblaci\u00f3n.<\/p>\n\n\n\n<p>La ciudadan\u00eda espera que del di\u00e1logo entre el Ejecutivo municipal y el Concejo surjan decisiones firmes que impulsen un cambio positivo, contribuyendo a una Garz\u00f3n m\u00e1s justa, equitativa y con futuro.<\/p>\n\n\n<div class=\"wp-block-image\">\n<figure class=\"aligncenter size-large\"><img loading=\"lazy\" decoding=\"async\" width=\"1024\" height=\"768\" src=\"https:\/\/ardigitalnoticias.com\/wp-content\/uploads\/2025\/06\/FB_IMG_1749750841048-1024x768.jpg\" alt=\"\" class=\"wp-image-7896\" srcset=\"https:\/\/ardigitalnoticias.com\/wp-content\/uploads\/2025\/06\/FB_IMG_1749750841048-1024x768.jpg 1024w, https:\/\/ardigitalnoticias.com\/wp-content\/uploads\/2025\/06\/FB_IMG_1749750841048-600x450.jpg 600w, https:\/\/ardigitalnoticias.com\/wp-content\/uploads\/2025\/06\/FB_IMG_1749750841048-300x225.jpg 300w, https:\/\/ardigitalnoticias.com\/wp-content\/uploads\/2025\/06\/FB_IMG_1749750841048-768x576.jpg 768w, https:\/\/ardigitalnoticias.com\/wp-content\/uploads\/2025\/06\/FB_IMG_1749750841048-560x420.jpg 560w, https:\/\/ardigitalnoticias.com\/wp-content\/uploads\/2025\/06\/FB_IMG_1749750841048-80x60.jpg 80w, https:\/\/ardigitalnoticias.com\/wp-content\/uploads\/2025\/06\/FB_IMG_1749750841048-150x113.jpg 150w, https:\/\/ardigitalnoticias.com\/wp-content\/uploads\/2025\/06\/FB_IMG_1749750841048-696x522.jpg 696w, https:\/\/ardigitalnoticias.com\/wp-content\/uploads\/2025\/06\/FB_IMG_1749750841048-1068x801.jpg 1068w, https:\/\/ardigitalnoticias.com\/wp-content\/uploads\/2025\/06\/FB_IMG_1749750841048.jpg 1440w\" sizes=\"auto, (max-width: 1024px) 100vw, 1024px\" \/><\/figure>\n<\/div>","protected":false},"excerpt":{"rendered":"<p>Con el firme prop\u00f3sito de avanzar en el desarrollo integral del municipio, el alcalde de Garz\u00f3n, Francisco Calder\u00f3n Feriz, instal\u00f3 el per\u00edodo de sesiones extraordinarias del Concejo Municipal. POR: ANDR\u00c9S RODR\u00cdGUEZ. Esta nueva etapa legislativa permitir\u00e1 el estudio, debate y posible aprobaci\u00f3n de proyectos de acuerdo claves para la transformaci\u00f3n social del territorio. Durante el [&hellip;]<\/p>\n","protected":false},"author":2,"featured_media":7895,"comment_status":"open","ping_status":"open","sticky":false,"template":"","format":"standard","meta":{"_acf_changed":false,"_joinchat":[],"footnotes":""},"categories":[1,25,21,19],"tags":[],"class_list":{"0":"post-7894","1":"post","2":"type-post","3":"status-publish","4":"format-standard","5":"has-post-thumbnail","7":"category-actualidad","8":"category-centro","9":"category-locales","10":"category-regional"},"acf":[],"yoast_head":"<!-- This site is optimized with the Yoast SEO plugin v27.5 - https:\/\/yoast.com\/product\/yoast-seo-wordpress\/ -->\n<title>GARZ\u00d3N INSTALA SESIONES EXTRAORDINARIAS PARA IMPULSAR EL BIENESTAR SOCIAL - AR Digital Noticias<\/title>\n<meta name=\"robots\" content=\"index, follow, max-snippet:-1, max-image-preview:large, max-video-preview:-1\" \/>\n<link rel=\"canonical\" href=\"https:\/\/ardigitalnoticias.com\/index.php\/2025\/06\/12\/garzon-instala-sesiones-extraordinarias-para-impulsar-el-bienestar-social\/\" \/>\n<meta property=\"og:locale\" content=\"es_ES\" \/>\n<meta property=\"og:type\" content=\"article\" \/>\n<meta property=\"og:title\" content=\"GARZ\u00d3N INSTALA SESIONES EXTRAORDINARIAS PARA IMPULSAR EL BIENESTAR SOCIAL - AR Digital Noticias\" \/>\n<meta property=\"og:description\" content=\"Con el firme prop\u00f3sito de avanzar en el desarrollo integral del municipio, el alcalde de Garz\u00f3n, Francisco Calder\u00f3n Feriz, instal\u00f3 el per\u00edodo de sesiones extraordinarias del Concejo Municipal. POR: ANDR\u00c9S RODR\u00cdGUEZ. Esta nueva etapa legislativa permitir\u00e1 el estudio, debate y posible aprobaci\u00f3n de proyectos de acuerdo claves para la transformaci\u00f3n social del territorio. Durante el [&hellip;]\" \/>\n<meta property=\"og:url\" content=\"https:\/\/ardigitalnoticias.com\/index.php\/2025\/06\/12\/garzon-instala-sesiones-extraordinarias-para-impulsar-el-bienestar-social\/\" \/>\n<meta property=\"og:site_name\" content=\"AR Digital Noticias\" \/>\n<meta property=\"article:published_time\" content=\"2025-06-12T18:08:46+00:00\" \/>\n<meta property=\"article:modified_time\" content=\"2025-06-12T18:51:07+00:00\" \/>\n<meta property=\"og:image\" content=\"https:\/\/ardigitalnoticias.com\/wp-content\/uploads\/2025\/06\/InShot_20250612_125559952-scaled.jpg\" \/>\n\t<meta property=\"og:image:width\" content=\"2560\" \/>\n\t<meta property=\"og:image:height\" content=\"1440\" \/>\n\t<meta property=\"og:image:type\" content=\"image\/jpeg\" \/>\n<meta name=\"author\" content=\"AR Digital Noticias\" \/>\n<meta name=\"twitter:card\" content=\"summary_large_image\" \/>\n<meta name=\"twitter:label1\" content=\"Escrito por\" \/>\n\t<meta name=\"twitter:data1\" content=\"AR Digital Noticias\" \/>\n\t<meta name=\"twitter:label2\" content=\"Tiempo de lectura\" \/>\n\t<meta name=\"twitter:data2\" content=\"3 minutos\" \/>\n<script type=\"application\/ld+json\" class=\"yoast-schema-graph\">{\"@context\":\"https:\\\/\\\/schema.org\",\"@graph\":[{\"@type\":\"Article\",\"@id\":\"https:\\\/\\\/ardigitalnoticias.com\\\/index.php\\\/2025\\\/06\\\/12\\\/garzon-instala-sesiones-extraordinarias-para-impulsar-el-bienestar-social\\\/#article\",\"isPartOf\":{\"@id\":\"https:\\\/\\\/ardigitalnoticias.com\\\/index.php\\\/2025\\\/06\\\/12\\\/garzon-instala-sesiones-extraordinarias-para-impulsar-el-bienestar-social\\\/\"},\"author\":{\"name\":\"AR Digital Noticias\",\"@id\":\"https:\\\/\\\/ardigitalnoticias.com\\\/#\\\/schema\\\/person\\\/3f1b0a96e890d8cba89a76c7558a147c\"},\"headline\":\"GARZ\u00d3N INSTALA SESIONES EXTRAORDINARIAS PARA IMPULSAR EL BIENESTAR SOCIAL\",\"datePublished\":\"2025-06-12T18:08:46+00:00\",\"dateModified\":\"2025-06-12T18:51:07+00:00\",\"mainEntityOfPage\":{\"@id\":\"https:\\\/\\\/ardigitalnoticias.com\\\/index.php\\\/2025\\\/06\\\/12\\\/garzon-instala-sesiones-extraordinarias-para-impulsar-el-bienestar-social\\\/\"},\"wordCount\":239,\"commentCount\":0,\"publisher\":{\"@id\":\"https:\\\/\\\/ardigitalnoticias.com\\\/#organization\"},\"image\":{\"@id\":\"https:\\\/\\\/ardigitalnoticias.com\\\/index.php\\\/2025\\\/06\\\/12\\\/garzon-instala-sesiones-extraordinarias-para-impulsar-el-bienestar-social\\\/#primaryimage\"},\"thumbnailUrl\":\"https:\\\/\\\/ardigitalnoticias.com\\\/wp-content\\\/uploads\\\/2025\\\/06\\\/InShot_20250612_125559952-scaled.jpg\",\"articleSection\":[\"Actualidad\",\"Centro\",\"Garz\u00f3n\",\"Regional\"],\"inLanguage\":\"es\",\"potentialAction\":[{\"@type\":\"CommentAction\",\"name\":\"Comment\",\"target\":[\"https:\\\/\\\/ardigitalnoticias.com\\\/index.php\\\/2025\\\/06\\\/12\\\/garzon-instala-sesiones-extraordinarias-para-impulsar-el-bienestar-social\\\/#respond\"]}]},{\"@type\":\"WebPage\",\"@id\":\"https:\\\/\\\/ardigitalnoticias.com\\\/index.php\\\/2025\\\/06\\\/12\\\/garzon-instala-sesiones-extraordinarias-para-impulsar-el-bienestar-social\\\/\",\"url\":\"https:\\\/\\\/ardigitalnoticias.com\\\/index.php\\\/2025\\\/06\\\/12\\\/garzon-instala-sesiones-extraordinarias-para-impulsar-el-bienestar-social\\\/\",\"name\":\"GARZ\u00d3N INSTALA SESIONES EXTRAORDINARIAS PARA IMPULSAR EL BIENESTAR SOCIAL - AR Digital Noticias\",\"isPartOf\":{\"@id\":\"https:\\\/\\\/ardigitalnoticias.com\\\/#website\"},\"primaryImageOfPage\":{\"@id\":\"https:\\\/\\\/ardigitalnoticias.com\\\/index.php\\\/2025\\\/06\\\/12\\\/garzon-instala-sesiones-extraordinarias-para-impulsar-el-bienestar-social\\\/#primaryimage\"},\"image\":{\"@id\":\"https:\\\/\\\/ardigitalnoticias.com\\\/index.php\\\/2025\\\/06\\\/12\\\/garzon-instala-sesiones-extraordinarias-para-impulsar-el-bienestar-social\\\/#primaryimage\"},\"thumbnailUrl\":\"https:\\\/\\\/ardigitalnoticias.com\\\/wp-content\\\/uploads\\\/2025\\\/06\\\/InShot_20250612_125559952-scaled.jpg\",\"datePublished\":\"2025-06-12T18:08:46+00:00\",\"dateModified\":\"2025-06-12T18:51:07+00:00\",\"breadcrumb\":{\"@id\":\"https:\\\/\\\/ardigitalnoticias.com\\\/index.php\\\/2025\\\/06\\\/12\\\/garzon-instala-sesiones-extraordinarias-para-impulsar-el-bienestar-social\\\/#breadcrumb\"},\"inLanguage\":\"es\",\"potentialAction\":[{\"@type\":\"ReadAction\",\"target\":[\"https:\\\/\\\/ardigitalnoticias.com\\\/index.php\\\/2025\\\/06\\\/12\\\/garzon-instala-sesiones-extraordinarias-para-impulsar-el-bienestar-social\\\/\"]}]},{\"@type\":\"ImageObject\",\"inLanguage\":\"es\",\"@id\":\"https:\\\/\\\/ardigitalnoticias.com\\\/index.php\\\/2025\\\/06\\\/12\\\/garzon-instala-sesiones-extraordinarias-para-impulsar-el-bienestar-social\\\/#primaryimage\",\"url\":\"https:\\\/\\\/ardigitalnoticias.com\\\/wp-content\\\/uploads\\\/2025\\\/06\\\/InShot_20250612_125559952-scaled.jpg\",\"contentUrl\":\"https:\\\/\\\/ardigitalnoticias.com\\\/wp-content\\\/uploads\\\/2025\\\/06\\\/InShot_20250612_125559952-scaled.jpg\",\"width\":2560,\"height\":1440},{\"@type\":\"BreadcrumbList\",\"@id\":\"https:\\\/\\\/ardigitalnoticias.com\\\/index.php\\\/2025\\\/06\\\/12\\\/garzon-instala-sesiones-extraordinarias-para-impulsar-el-bienestar-social\\\/#breadcrumb\",\"itemListElement\":[{\"@type\":\"ListItem\",\"position\":1,\"name\":\"Portada\",\"item\":\"https:\\\/\\\/ardigitalnoticias.com\\\/\"},{\"@type\":\"ListItem\",\"position\":2,\"name\":\"GARZ\u00d3N INSTALA SESIONES EXTRAORDINARIAS PARA IMPULSAR EL BIENESTAR SOCIAL\"}]},{\"@type\":\"WebSite\",\"@id\":\"https:\\\/\\\/ardigitalnoticias.com\\\/#website\",\"url\":\"https:\\\/\\\/ardigitalnoticias.com\\\/\",\"name\":\"AR Digital Noticias\",\"description\":\"\",\"publisher\":{\"@id\":\"https:\\\/\\\/ardigitalnoticias.com\\\/#organization\"},\"potentialAction\":[{\"@type\":\"SearchAction\",\"target\":{\"@type\":\"EntryPoint\",\"urlTemplate\":\"https:\\\/\\\/ardigitalnoticias.com\\\/?s={search_term_string}\"},\"query-input\":{\"@type\":\"PropertyValueSpecification\",\"valueRequired\":true,\"valueName\":\"search_term_string\"}}],\"inLanguage\":\"es\"},{\"@type\":\"Organization\",\"@id\":\"https:\\\/\\\/ardigitalnoticias.com\\\/#organization\",\"name\":\"AR Digital Noticias\",\"url\":\"https:\\\/\\\/ardigitalnoticias.com\\\/\",\"logo\":{\"@type\":\"ImageObject\",\"inLanguage\":\"es\",\"@id\":\"https:\\\/\\\/ardigitalnoticias.com\\\/#\\\/schema\\\/logo\\\/image\\\/\",\"url\":\"https:\\\/\\\/ardigitalnoticias.com\\\/wp-content\\\/uploads\\\/2023\\\/11\\\/cropped-cropped-cropped-cropped-AR-Digital-Noticias-1.png\",\"contentUrl\":\"https:\\\/\\\/ardigitalnoticias.com\\\/wp-content\\\/uploads\\\/2023\\\/11\\\/cropped-cropped-cropped-cropped-AR-Digital-Noticias-1.png\",\"width\":972,\"height\":306,\"caption\":\"AR Digital Noticias\"},\"image\":{\"@id\":\"https:\\\/\\\/ardigitalnoticias.com\\\/#\\\/schema\\\/logo\\\/image\\\/\"}},{\"@type\":\"Person\",\"@id\":\"https:\\\/\\\/ardigitalnoticias.com\\\/#\\\/schema\\\/person\\\/3f1b0a96e890d8cba89a76c7558a147c\",\"name\":\"AR Digital Noticias\",\"image\":{\"@type\":\"ImageObject\",\"inLanguage\":\"es\",\"@id\":\"https:\\\/\\\/secure.gravatar.com\\\/avatar\\\/55d1acd2f9cac74c99f42fcb5090c2f994204a6f6c571cf4c3001ae692cb9b34?s=96&d=mm&r=g\",\"url\":\"https:\\\/\\\/secure.gravatar.com\\\/avatar\\\/55d1acd2f9cac74c99f42fcb5090c2f994204a6f6c571cf4c3001ae692cb9b34?s=96&d=mm&r=g\",\"contentUrl\":\"https:\\\/\\\/secure.gravatar.com\\\/avatar\\\/55d1acd2f9cac74c99f42fcb5090c2f994204a6f6c571cf4c3001ae692cb9b34?s=96&d=mm&r=g\",\"caption\":\"AR Digital Noticias\"},\"sameAs\":[\"http:\\\/\\\/ardigitalnoticias.com\"],\"url\":\"https:\\\/\\\/ardigitalnoticias.com\\\/index.php\\\/author\\\/editorial\\\/\"}]}<\/script>\n<!-- \/ Yoast SEO plugin. -->","yoast_head_json":{"title":"GARZ\u00d3N INSTALA SESIONES EXTRAORDINARIAS PARA IMPULSAR EL BIENESTAR SOCIAL - AR Digital Noticias","robots":{"index":"index","follow":"follow","max-snippet":"max-snippet:-1","max-image-preview":"max-image-preview:large","max-video-preview":"max-video-preview:-1"},"canonical":"https:\/\/ardigitalnoticias.com\/index.php\/2025\/06\/12\/garzon-instala-sesiones-extraordinarias-para-impulsar-el-bienestar-social\/","og_locale":"es_ES","og_type":"article","og_title":"GARZ\u00d3N INSTALA SESIONES EXTRAORDINARIAS PARA IMPULSAR EL BIENESTAR SOCIAL - AR Digital Noticias","og_description":"Con el firme prop\u00f3sito de avanzar en el desarrollo integral del municipio, el alcalde de Garz\u00f3n, Francisco Calder\u00f3n Feriz, instal\u00f3 el per\u00edodo de sesiones extraordinarias del Concejo Municipal. POR: ANDR\u00c9S RODR\u00cdGUEZ. Esta nueva etapa legislativa permitir\u00e1 el estudio, debate y posible aprobaci\u00f3n de proyectos de acuerdo claves para la transformaci\u00f3n social del territorio. Durante el [&hellip;]","og_url":"https:\/\/ardigitalnoticias.com\/index.php\/2025\/06\/12\/garzon-instala-sesiones-extraordinarias-para-impulsar-el-bienestar-social\/","og_site_name":"AR Digital Noticias","article_published_time":"2025-06-12T18:08:46+00:00","article_modified_time":"2025-06-12T18:51:07+00:00","og_image":[{"width":2560,"height":1440,"url":"https:\/\/ardigitalnoticias.com\/wp-content\/uploads\/2025\/06\/InShot_20250612_125559952-scaled.jpg","type":"image\/jpeg"}],"author":"AR Digital Noticias","twitter_card":"summary_large_image","twitter_misc":{"Escrito por":"AR Digital Noticias","Tiempo de lectura":"3 minutos"},"schema":{"@context":"https:\/\/schema.org","@graph":[{"@type":"Article","@id":"https:\/\/ardigitalnoticias.com\/index.php\/2025\/06\/12\/garzon-instala-sesiones-extraordinarias-para-impulsar-el-bienestar-social\/#article","isPartOf":{"@id":"https:\/\/ardigitalnoticias.com\/index.php\/2025\/06\/12\/garzon-instala-sesiones-extraordinarias-para-impulsar-el-bienestar-social\/"},"author":{"name":"AR Digital Noticias","@id":"https:\/\/ardigitalnoticias.com\/#\/schema\/person\/3f1b0a96e890d8cba89a76c7558a147c"},"headline":"GARZ\u00d3N INSTALA SESIONES EXTRAORDINARIAS PARA IMPULSAR EL BIENESTAR SOCIAL","datePublished":"2025-06-12T18:08:46+00:00","dateModified":"2025-06-12T18:51:07+00:00","mainEntityOfPage":{"@id":"https:\/\/ardigitalnoticias.com\/index.php\/2025\/06\/12\/garzon-instala-sesiones-extraordinarias-para-impulsar-el-bienestar-social\/"},"wordCount":239,"commentCount":0,"publisher":{"@id":"https:\/\/ardigitalnoticias.com\/#organization"},"image":{"@id":"https:\/\/ardigitalnoticias.com\/index.php\/2025\/06\/12\/garzon-instala-sesiones-extraordinarias-para-impulsar-el-bienestar-social\/#primaryimage"},"thumbnailUrl":"https:\/\/ardigitalnoticias.com\/wp-content\/uploads\/2025\/06\/InShot_20250612_125559952-scaled.jpg","articleSection":["Actualidad","Centro","Garz\u00f3n","Regional"],"inLanguage":"es","potentialAction":[{"@type":"CommentAction","name":"Comment","target":["https:\/\/ardigitalnoticias.com\/index.php\/2025\/06\/12\/garzon-instala-sesiones-extraordinarias-para-impulsar-el-bienestar-social\/#respond"]}]},{"@type":"WebPage","@id":"https:\/\/ardigitalnoticias.com\/index.php\/2025\/06\/12\/garzon-instala-sesiones-extraordinarias-para-impulsar-el-bienestar-social\/","url":"https:\/\/ardigitalnoticias.com\/index.php\/2025\/06\/12\/garzon-instala-sesiones-extraordinarias-para-impulsar-el-bienestar-social\/","name":"GARZ\u00d3N INSTALA SESIONES EXTRAORDINARIAS PARA IMPULSAR EL BIENESTAR SOCIAL - AR Digital Noticias","isPartOf":{"@id":"https:\/\/ardigitalnoticias.com\/#website"},"primaryImageOfPage":{"@id":"https:\/\/ardigitalnoticias.com\/index.php\/2025\/06\/12\/garzon-instala-sesiones-extraordinarias-para-impulsar-el-bienestar-social\/#primaryimage"},"image":{"@id":"https:\/\/ardigitalnoticias.com\/index.php\/2025\/06\/12\/garzon-instala-sesiones-extraordinarias-para-impulsar-el-bienestar-social\/#primaryimage"},"thumbnailUrl":"https:\/\/ardigitalnoticias.com\/wp-content\/uploads\/2025\/06\/InShot_20250612_125559952-scaled.jpg","datePublished":"2025-06-12T18:08:46+00:00","dateModified":"2025-06-12T18:51:07+00:00","breadcrumb":{"@id":"https:\/\/ardigitalnoticias.com\/index.php\/2025\/06\/12\/garzon-instala-sesiones-extraordinarias-para-impulsar-el-bienestar-social\/#breadcrumb"},"inLanguage":"es","potentialAction":[{"@type":"ReadAction","target":["https:\/\/ardigitalnoticias.com\/index.php\/2025\/06\/12\/garzon-instala-sesiones-extraordinarias-para-impulsar-el-bienestar-social\/"]}]},{"@type":"ImageObject","inLanguage":"es","@id":"https:\/\/ardigitalnoticias.com\/index.php\/2025\/06\/12\/garzon-instala-sesiones-extraordinarias-para-impulsar-el-bienestar-social\/#primaryimage","url":"https:\/\/ardigitalnoticias.com\/wp-content\/uploads\/2025\/06\/InShot_20250612_125559952-scaled.jpg","contentUrl":"https:\/\/ardigitalnoticias.com\/wp-content\/uploads\/2025\/06\/InShot_20250612_125559952-scaled.jpg","width":2560,"height":1440},{"@type":"BreadcrumbList","@id":"https:\/\/ardigitalnoticias.com\/index.php\/2025\/06\/12\/garzon-instala-sesiones-extraordinarias-para-impulsar-el-bienestar-social\/#breadcrumb","itemListElement":[{"@type":"ListItem","position":1,"name":"Portada","item":"https:\/\/ardigitalnoticias.com\/"},{"@type":"ListItem","position":2,"name":"GARZ\u00d3N INSTALA SESIONES EXTRAORDINARIAS PARA IMPULSAR EL BIENESTAR SOCIAL"}]},{"@type":"WebSite","@id":"https:\/\/ardigitalnoticias.com\/#website","url":"https:\/\/ardigitalnoticias.com\/","name":"AR Digital Noticias","description":"","publisher":{"@id":"https:\/\/ardigitalnoticias.com\/#organization"},"potentialAction":[{"@type":"SearchAction","target":{"@type":"EntryPoint","urlTemplate":"https:\/\/ardigitalnoticias.com\/?s={search_term_string}"},"query-input":{"@type":"PropertyValueSpecification","valueRequired":true,"valueName":"search_term_string"}}],"inLanguage":"es"},{"@type":"Organization","@id":"https:\/\/ardigitalnoticias.com\/#organization","name":"AR Digital Noticias","url":"https:\/\/ardigitalnoticias.com\/","logo":{"@type":"ImageObject","inLanguage":"es","@id":"https:\/\/ardigitalnoticias.com\/#\/schema\/logo\/image\/","url":"https:\/\/ardigitalnoticias.com\/wp-content\/uploads\/2023\/11\/cropped-cropped-cropped-cropped-AR-Digital-Noticias-1.png","contentUrl":"https:\/\/ardigitalnoticias.com\/wp-content\/uploads\/2023\/11\/cropped-cropped-cropped-cropped-AR-Digital-Noticias-1.png","width":972,"height":306,"caption":"AR Digital Noticias"},"image":{"@id":"https:\/\/ardigitalnoticias.com\/#\/schema\/logo\/image\/"}},{"@type":"Person","@id":"https:\/\/ardigitalnoticias.com\/#\/schema\/person\/3f1b0a96e890d8cba89a76c7558a147c","name":"AR Digital Noticias","image":{"@type":"ImageObject","inLanguage":"es","@id":"https:\/\/secure.gravatar.com\/avatar\/55d1acd2f9cac74c99f42fcb5090c2f994204a6f6c571cf4c3001ae692cb9b34?s=96&d=mm&r=g","url":"https:\/\/secure.gravatar.com\/avatar\/55d1acd2f9cac74c99f42fcb5090c2f994204a6f6c571cf4c3001ae692cb9b34?s=96&d=mm&r=g","contentUrl":"https:\/\/secure.gravatar.com\/avatar\/55d1acd2f9cac74c99f42fcb5090c2f994204a6f6c571cf4c3001ae692cb9b34?s=96&d=mm&r=g","caption":"AR Digital Noticias"},"sameAs":["http:\/\/ardigitalnoticias.com"],"url":"https:\/\/ardigitalnoticias.com\/index.php\/author\/editorial\/"}]}},"_links":{"self":[{"href":"https:\/\/ardigitalnoticias.com\/index.php\/wp-json\/wp\/v2\/posts\/7894","targetHints":{"allow":["GET"]}}],"collection":[{"href":"https:\/\/ardigitalnoticias.com\/index.php\/wp-json\/wp\/v2\/posts"}],"about":[{"href":"https:\/\/ardigitalnoticias.com\/index.php\/wp-json\/wp\/v2\/types\/post"}],"author":[{"embeddable":true,"href":"https:\/\/ardigitalnoticias.com\/index.php\/wp-json\/wp\/v2\/users\/2"}],"replies":[{"embeddable":true,"href":"https:\/\/ardigitalnoticias.com\/index.php\/wp-json\/wp\/v2\/comments?post=7894"}],"version-history":[{"count":2,"href":"https:\/\/ardigitalnoticias.com\/index.php\/wp-json\/wp\/v2\/posts\/7894\/revisions"}],"predecessor-version":[{"id":7904,"href":"https:\/\/ardigitalnoticias.com\/index.php\/wp-json\/wp\/v2\/posts\/7894\/revisions\/7904"}],"wp:featuredmedia":[{"embeddable":true,"href":"https:\/\/ardigitalnoticias.com\/index.php\/wp-json\/wp\/v2\/media\/7895"}],"wp:attachment":[{"href":"https:\/\/ardigitalnoticias.com\/index.php\/wp-json\/wp\/v2\/media?parent=7894"}],"wp:term":[{"taxonomy":"category","embeddable":true,"href":"https:\/\/ardigitalnoticias.com\/index.php\/wp-json\/wp\/v2\/categories?post=7894"},{"taxonomy":"post_tag","embeddable":true,"href":"https:\/\/ardigitalnoticias.com\/index.php\/wp-json\/wp\/v2\/tags?post=7894"}],"curies":[{"name":"wp","href":"https:\/\/api.w.org\/{rel}","templated":true}]}}