{"id":7514,"date":"2025-05-07T20:44:13","date_gmt":"2025-05-08T01:44:13","guid":{"rendered":"https:\/\/ardigitalnoticias.com\/?p=7514"},"modified":"2025-05-07T23:04:03","modified_gmt":"2025-05-08T04:04:03","slug":"disidencias-de-las-farc-exigen-carnetizacion-e-imponen-cobros-ilegales-en-veredas-de-campoalegre","status":"publish","type":"post","link":"https:\/\/ardigitalnoticias.com\/index.php\/2025\/05\/07\/disidencias-de-las-farc-exigen-carnetizacion-e-imponen-cobros-ilegales-en-veredas-de-campoalegre\/","title":{"rendered":"DISIDENCIAS EXIGEN CARNETIZACI\u00d3N EN ALGUNAS VEREDAS DE CAMPOALEGRE, HUILA."},"content":{"rendered":"\n<p><strong>POR: ANDR\u00c9S RODR\u00cdGUEZ. <\/strong><\/p>\n\n\n<div class=\"wp-block-image\">\n<figure class=\"aligncenter size-large\"><img loading=\"lazy\" decoding=\"async\" width=\"1024\" height=\"585\" src=\"https:\/\/ardigitalnoticias.com\/wp-content\/uploads\/2025\/05\/FB_IMG_1746667504313-1024x585.jpg\" alt=\"\" class=\"wp-image-7517\" srcset=\"https:\/\/ardigitalnoticias.com\/wp-content\/uploads\/2025\/05\/FB_IMG_1746667504313-1024x585.jpg 1024w, https:\/\/ardigitalnoticias.com\/wp-content\/uploads\/2025\/05\/FB_IMG_1746667504313-600x343.jpg 600w, https:\/\/ardigitalnoticias.com\/wp-content\/uploads\/2025\/05\/FB_IMG_1746667504313-300x171.jpg 300w, https:\/\/ardigitalnoticias.com\/wp-content\/uploads\/2025\/05\/FB_IMG_1746667504313-768x439.jpg 768w, https:\/\/ardigitalnoticias.com\/wp-content\/uploads\/2025\/05\/FB_IMG_1746667504313-735x420.jpg 735w, https:\/\/ardigitalnoticias.com\/wp-content\/uploads\/2025\/05\/FB_IMG_1746667504313-150x86.jpg 150w, https:\/\/ardigitalnoticias.com\/wp-content\/uploads\/2025\/05\/FB_IMG_1746667504313-696x398.jpg 696w, https:\/\/ardigitalnoticias.com\/wp-content\/uploads\/2025\/05\/FB_IMG_1746667504313-1068x610.jpg 1068w, https:\/\/ardigitalnoticias.com\/wp-content\/uploads\/2025\/05\/FB_IMG_1746667504313.jpg 1080w\" sizes=\"auto, (max-width: 1024px) 100vw, 1024px\" \/><\/figure>\n<\/div>\n\n\n<p>Una situaci\u00f3n de orden p\u00fablico se vive en el municipio de Campoalegre, Huila, donde las disidencias han comenzado a exigir la carnetizaci\u00f3n obligatoria de los habitantes en algunas veredas, tales como La Vega de Oriente, Ot\u00e1s y R\u00edo Neiva.<\/p>\n\n\n\n<p>Seg\u00fan se pudo establecer, hombres al parecer integrantes del grupo armado, ingresaron a varias zonas rurales durante la \u00faltima semana, informando que toda persona deber\u00e1 portar un carn\u00e9 emitido por ellos, como \u201cgarant\u00eda\u201d para movilizarse o realizar actividades cotidianas.<\/p>\n\n\n\n<p>Campoalegre se suma as\u00ed a la lista de municipios del Huila donde las disidencias pretenden imponer orden en las comunidades.<\/p>\n\n\n<div class=\"wp-block-image\">\n<figure class=\"aligncenter size-large\"><img loading=\"lazy\" decoding=\"async\" width=\"1024\" height=\"614\" src=\"https:\/\/ardigitalnoticias.com\/wp-content\/uploads\/2025\/05\/NVMTH2YRH5E2JK54Z3BEG4VBHE-1024x614.jpg\" alt=\"\" class=\"wp-image-7516\" srcset=\"https:\/\/ardigitalnoticias.com\/wp-content\/uploads\/2025\/05\/NVMTH2YRH5E2JK54Z3BEG4VBHE-1024x614.jpg 1024w, https:\/\/ardigitalnoticias.com\/wp-content\/uploads\/2025\/05\/NVMTH2YRH5E2JK54Z3BEG4VBHE-600x360.jpg 600w, https:\/\/ardigitalnoticias.com\/wp-content\/uploads\/2025\/05\/NVMTH2YRH5E2JK54Z3BEG4VBHE-300x180.jpg 300w, https:\/\/ardigitalnoticias.com\/wp-content\/uploads\/2025\/05\/NVMTH2YRH5E2JK54Z3BEG4VBHE-768x461.jpg 768w, https:\/\/ardigitalnoticias.com\/wp-content\/uploads\/2025\/05\/NVMTH2YRH5E2JK54Z3BEG4VBHE-700x420.jpg 700w, https:\/\/ardigitalnoticias.com\/wp-content\/uploads\/2025\/05\/NVMTH2YRH5E2JK54Z3BEG4VBHE-150x90.jpg 150w, https:\/\/ardigitalnoticias.com\/wp-content\/uploads\/2025\/05\/NVMTH2YRH5E2JK54Z3BEG4VBHE-696x418.jpg 696w, https:\/\/ardigitalnoticias.com\/wp-content\/uploads\/2025\/05\/NVMTH2YRH5E2JK54Z3BEG4VBHE-1068x641.jpg 1068w, https:\/\/ardigitalnoticias.com\/wp-content\/uploads\/2025\/05\/NVMTH2YRH5E2JK54Z3BEG4VBHE.jpg 1300w\" sizes=\"auto, (max-width: 1024px) 100vw, 1024px\" \/><\/figure>\n<\/div>","protected":false},"excerpt":{"rendered":"<p>POR: ANDR\u00c9S RODR\u00cdGUEZ. Una situaci\u00f3n de orden p\u00fablico se vive en el municipio de Campoalegre, Huila, donde las disidencias han comenzado a exigir la carnetizaci\u00f3n obligatoria de los habitantes en algunas veredas, tales como La Vega de Oriente, Ot\u00e1s y R\u00edo Neiva. Seg\u00fan se pudo establecer, hombres al parecer integrantes del grupo armado, ingresaron a [&hellip;]<\/p>\n","protected":false},"author":3,"featured_media":7515,"comment_status":"open","ping_status":"open","sticky":false,"template":"","format":"standard","meta":{"_acf_changed":false,"_joinchat":[],"footnotes":""},"categories":[20,26,19],"tags":[],"class_list":{"0":"post-7514","1":"post","2":"type-post","3":"status-publish","4":"format-standard","5":"has-post-thumbnail","7":"category-judicial","8":"category-norte","9":"category-regional"},"acf":[],"yoast_head":"<!-- This site is optimized with the Yoast SEO plugin v27.4 - https:\/\/yoast.com\/product\/yoast-seo-wordpress\/ -->\n<title>DISIDENCIAS EXIGEN CARNETIZACI\u00d3N EN ALGUNAS VEREDAS DE CAMPOALEGRE, HUILA. - AR Digital Noticias<\/title>\n<meta name=\"robots\" content=\"index, follow, max-snippet:-1, max-image-preview:large, max-video-preview:-1\" \/>\n<link rel=\"canonical\" href=\"https:\/\/ardigitalnoticias.com\/index.php\/2025\/05\/07\/disidencias-de-las-farc-exigen-carnetizacion-e-imponen-cobros-ilegales-en-veredas-de-campoalegre\/\" \/>\n<meta property=\"og:locale\" content=\"es_ES\" \/>\n<meta property=\"og:type\" content=\"article\" \/>\n<meta property=\"og:title\" content=\"DISIDENCIAS EXIGEN CARNETIZACI\u00d3N EN ALGUNAS VEREDAS DE CAMPOALEGRE, HUILA. - AR Digital Noticias\" \/>\n<meta property=\"og:description\" content=\"POR: ANDR\u00c9S RODR\u00cdGUEZ. Una situaci\u00f3n de orden p\u00fablico se vive en el municipio de Campoalegre, Huila, donde las disidencias han comenzado a exigir la carnetizaci\u00f3n obligatoria de los habitantes en algunas veredas, tales como La Vega de Oriente, Ot\u00e1s y R\u00edo Neiva. Seg\u00fan se pudo establecer, hombres al parecer integrantes del grupo armado, ingresaron a [&hellip;]\" \/>\n<meta property=\"og:url\" content=\"https:\/\/ardigitalnoticias.com\/index.php\/2025\/05\/07\/disidencias-de-las-farc-exigen-carnetizacion-e-imponen-cobros-ilegales-en-veredas-de-campoalegre\/\" \/>\n<meta property=\"og:site_name\" content=\"AR Digital Noticias\" \/>\n<meta property=\"article:published_time\" content=\"2025-05-08T01:44:13+00:00\" \/>\n<meta property=\"article:modified_time\" content=\"2025-05-08T04:04:03+00:00\" \/>\n<meta property=\"og:image\" content=\"https:\/\/ardigitalnoticias.com\/wp-content\/uploads\/2025\/05\/InShot_20250507_203806987.jpg\" \/>\n\t<meta property=\"og:image:width\" content=\"1920\" \/>\n\t<meta property=\"og:image:height\" content=\"1079\" \/>\n\t<meta property=\"og:image:type\" content=\"image\/jpeg\" \/>\n<meta name=\"author\" content=\"Editor ArDigitalNoticias\" \/>\n<meta name=\"twitter:card\" content=\"summary_large_image\" \/>\n<meta name=\"twitter:label1\" content=\"Escrito por\" \/>\n\t<meta name=\"twitter:data1\" content=\"Editor ArDigitalNoticias\" \/>\n\t<meta name=\"twitter:label2\" content=\"Tiempo de lectura\" \/>\n\t<meta name=\"twitter:data2\" content=\"2 minutos\" \/>\n<script type=\"application\/ld+json\" class=\"yoast-schema-graph\">{\"@context\":\"https:\\\/\\\/schema.org\",\"@graph\":[{\"@type\":\"Article\",\"@id\":\"https:\\\/\\\/ardigitalnoticias.com\\\/index.php\\\/2025\\\/05\\\/07\\\/disidencias-de-las-farc-exigen-carnetizacion-e-imponen-cobros-ilegales-en-veredas-de-campoalegre\\\/#article\",\"isPartOf\":{\"@id\":\"https:\\\/\\\/ardigitalnoticias.com\\\/index.php\\\/2025\\\/05\\\/07\\\/disidencias-de-las-farc-exigen-carnetizacion-e-imponen-cobros-ilegales-en-veredas-de-campoalegre\\\/\"},\"author\":{\"name\":\"Editor ArDigitalNoticias\",\"@id\":\"https:\\\/\\\/ardigitalnoticias.com\\\/#\\\/schema\\\/person\\\/759c8138ebc77e85adb1aa750003a751\"},\"headline\":\"DISIDENCIAS EXIGEN CARNETIZACI\u00d3N EN ALGUNAS VEREDAS DE CAMPOALEGRE, HUILA.\",\"datePublished\":\"2025-05-08T01:44:13+00:00\",\"dateModified\":\"2025-05-08T04:04:03+00:00\",\"mainEntityOfPage\":{\"@id\":\"https:\\\/\\\/ardigitalnoticias.com\\\/index.php\\\/2025\\\/05\\\/07\\\/disidencias-de-las-farc-exigen-carnetizacion-e-imponen-cobros-ilegales-en-veredas-de-campoalegre\\\/\"},\"wordCount\":120,\"commentCount\":0,\"publisher\":{\"@id\":\"https:\\\/\\\/ardigitalnoticias.com\\\/#organization\"},\"image\":{\"@id\":\"https:\\\/\\\/ardigitalnoticias.com\\\/index.php\\\/2025\\\/05\\\/07\\\/disidencias-de-las-farc-exigen-carnetizacion-e-imponen-cobros-ilegales-en-veredas-de-campoalegre\\\/#primaryimage\"},\"thumbnailUrl\":\"https:\\\/\\\/ardigitalnoticias.com\\\/wp-content\\\/uploads\\\/2025\\\/05\\\/InShot_20250507_203806987.jpg\",\"articleSection\":[\"Judicial\",\"Norte\",\"Regional\"],\"inLanguage\":\"es\",\"potentialAction\":[{\"@type\":\"CommentAction\",\"name\":\"Comment\",\"target\":[\"https:\\\/\\\/ardigitalnoticias.com\\\/index.php\\\/2025\\\/05\\\/07\\\/disidencias-de-las-farc-exigen-carnetizacion-e-imponen-cobros-ilegales-en-veredas-de-campoalegre\\\/#respond\"]}]},{\"@type\":\"WebPage\",\"@id\":\"https:\\\/\\\/ardigitalnoticias.com\\\/index.php\\\/2025\\\/05\\\/07\\\/disidencias-de-las-farc-exigen-carnetizacion-e-imponen-cobros-ilegales-en-veredas-de-campoalegre\\\/\",\"url\":\"https:\\\/\\\/ardigitalnoticias.com\\\/index.php\\\/2025\\\/05\\\/07\\\/disidencias-de-las-farc-exigen-carnetizacion-e-imponen-cobros-ilegales-en-veredas-de-campoalegre\\\/\",\"name\":\"DISIDENCIAS EXIGEN CARNETIZACI\u00d3N EN ALGUNAS VEREDAS DE CAMPOALEGRE, HUILA. - AR Digital Noticias\",\"isPartOf\":{\"@id\":\"https:\\\/\\\/ardigitalnoticias.com\\\/#website\"},\"primaryImageOfPage\":{\"@id\":\"https:\\\/\\\/ardigitalnoticias.com\\\/index.php\\\/2025\\\/05\\\/07\\\/disidencias-de-las-farc-exigen-carnetizacion-e-imponen-cobros-ilegales-en-veredas-de-campoalegre\\\/#primaryimage\"},\"image\":{\"@id\":\"https:\\\/\\\/ardigitalnoticias.com\\\/index.php\\\/2025\\\/05\\\/07\\\/disidencias-de-las-farc-exigen-carnetizacion-e-imponen-cobros-ilegales-en-veredas-de-campoalegre\\\/#primaryimage\"},\"thumbnailUrl\":\"https:\\\/\\\/ardigitalnoticias.com\\\/wp-content\\\/uploads\\\/2025\\\/05\\\/InShot_20250507_203806987.jpg\",\"datePublished\":\"2025-05-08T01:44:13+00:00\",\"dateModified\":\"2025-05-08T04:04:03+00:00\",\"breadcrumb\":{\"@id\":\"https:\\\/\\\/ardigitalnoticias.com\\\/index.php\\\/2025\\\/05\\\/07\\\/disidencias-de-las-farc-exigen-carnetizacion-e-imponen-cobros-ilegales-en-veredas-de-campoalegre\\\/#breadcrumb\"},\"inLanguage\":\"es\",\"potentialAction\":[{\"@type\":\"ReadAction\",\"target\":[\"https:\\\/\\\/ardigitalnoticias.com\\\/index.php\\\/2025\\\/05\\\/07\\\/disidencias-de-las-farc-exigen-carnetizacion-e-imponen-cobros-ilegales-en-veredas-de-campoalegre\\\/\"]}]},{\"@type\":\"ImageObject\",\"inLanguage\":\"es\",\"@id\":\"https:\\\/\\\/ardigitalnoticias.com\\\/index.php\\\/2025\\\/05\\\/07\\\/disidencias-de-las-farc-exigen-carnetizacion-e-imponen-cobros-ilegales-en-veredas-de-campoalegre\\\/#primaryimage\",\"url\":\"https:\\\/\\\/ardigitalnoticias.com\\\/wp-content\\\/uploads\\\/2025\\\/05\\\/InShot_20250507_203806987.jpg\",\"contentUrl\":\"https:\\\/\\\/ardigitalnoticias.com\\\/wp-content\\\/uploads\\\/2025\\\/05\\\/InShot_20250507_203806987.jpg\",\"width\":1920,\"height\":1079},{\"@type\":\"BreadcrumbList\",\"@id\":\"https:\\\/\\\/ardigitalnoticias.com\\\/index.php\\\/2025\\\/05\\\/07\\\/disidencias-de-las-farc-exigen-carnetizacion-e-imponen-cobros-ilegales-en-veredas-de-campoalegre\\\/#breadcrumb\",\"itemListElement\":[{\"@type\":\"ListItem\",\"position\":1,\"name\":\"Portada\",\"item\":\"https:\\\/\\\/ardigitalnoticias.com\\\/\"},{\"@type\":\"ListItem\",\"position\":2,\"name\":\"DISIDENCIAS EXIGEN CARNETIZACI\u00d3N EN ALGUNAS VEREDAS DE CAMPOALEGRE, HUILA.\"}]},{\"@type\":\"WebSite\",\"@id\":\"https:\\\/\\\/ardigitalnoticias.com\\\/#website\",\"url\":\"https:\\\/\\\/ardigitalnoticias.com\\\/\",\"name\":\"AR Digital Noticias\",\"description\":\"\",\"publisher\":{\"@id\":\"https:\\\/\\\/ardigitalnoticias.com\\\/#organization\"},\"potentialAction\":[{\"@type\":\"SearchAction\",\"target\":{\"@type\":\"EntryPoint\",\"urlTemplate\":\"https:\\\/\\\/ardigitalnoticias.com\\\/?s={search_term_string}\"},\"query-input\":{\"@type\":\"PropertyValueSpecification\",\"valueRequired\":true,\"valueName\":\"search_term_string\"}}],\"inLanguage\":\"es\"},{\"@type\":\"Organization\",\"@id\":\"https:\\\/\\\/ardigitalnoticias.com\\\/#organization\",\"name\":\"AR Digital Noticias\",\"url\":\"https:\\\/\\\/ardigitalnoticias.com\\\/\",\"logo\":{\"@type\":\"ImageObject\",\"inLanguage\":\"es\",\"@id\":\"https:\\\/\\\/ardigitalnoticias.com\\\/#\\\/schema\\\/logo\\\/image\\\/\",\"url\":\"https:\\\/\\\/ardigitalnoticias.com\\\/wp-content\\\/uploads\\\/2023\\\/11\\\/cropped-cropped-cropped-cropped-AR-Digital-Noticias-1.png\",\"contentUrl\":\"https:\\\/\\\/ardigitalnoticias.com\\\/wp-content\\\/uploads\\\/2023\\\/11\\\/cropped-cropped-cropped-cropped-AR-Digital-Noticias-1.png\",\"width\":972,\"height\":306,\"caption\":\"AR Digital Noticias\"},\"image\":{\"@id\":\"https:\\\/\\\/ardigitalnoticias.com\\\/#\\\/schema\\\/logo\\\/image\\\/\"}},{\"@type\":\"Person\",\"@id\":\"https:\\\/\\\/ardigitalnoticias.com\\\/#\\\/schema\\\/person\\\/759c8138ebc77e85adb1aa750003a751\",\"name\":\"Editor ArDigitalNoticias\",\"image\":{\"@type\":\"ImageObject\",\"inLanguage\":\"es\",\"@id\":\"https:\\\/\\\/secure.gravatar.com\\\/avatar\\\/2c7f3656ea34567ef10422f22f4395b6cc422854a0b986ba788597ac36902f93?s=96&d=mm&r=g\",\"url\":\"https:\\\/\\\/secure.gravatar.com\\\/avatar\\\/2c7f3656ea34567ef10422f22f4395b6cc422854a0b986ba788597ac36902f93?s=96&d=mm&r=g\",\"contentUrl\":\"https:\\\/\\\/secure.gravatar.com\\\/avatar\\\/2c7f3656ea34567ef10422f22f4395b6cc422854a0b986ba788597ac36902f93?s=96&d=mm&r=g\",\"caption\":\"Editor ArDigitalNoticias\"},\"sameAs\":[\"http:\\\/\\\/ardigitalnoticias.com\"],\"url\":\"https:\\\/\\\/ardigitalnoticias.com\\\/index.php\\\/author\\\/editor\\\/\"}]}<\/script>\n<!-- \/ Yoast SEO plugin. -->","yoast_head_json":{"title":"DISIDENCIAS EXIGEN CARNETIZACI\u00d3N EN ALGUNAS VEREDAS DE CAMPOALEGRE, HUILA. - AR Digital Noticias","robots":{"index":"index","follow":"follow","max-snippet":"max-snippet:-1","max-image-preview":"max-image-preview:large","max-video-preview":"max-video-preview:-1"},"canonical":"https:\/\/ardigitalnoticias.com\/index.php\/2025\/05\/07\/disidencias-de-las-farc-exigen-carnetizacion-e-imponen-cobros-ilegales-en-veredas-de-campoalegre\/","og_locale":"es_ES","og_type":"article","og_title":"DISIDENCIAS EXIGEN CARNETIZACI\u00d3N EN ALGUNAS VEREDAS DE CAMPOALEGRE, HUILA. - AR Digital Noticias","og_description":"POR: ANDR\u00c9S RODR\u00cdGUEZ. Una situaci\u00f3n de orden p\u00fablico se vive en el municipio de Campoalegre, Huila, donde las disidencias han comenzado a exigir la carnetizaci\u00f3n obligatoria de los habitantes en algunas veredas, tales como La Vega de Oriente, Ot\u00e1s y R\u00edo Neiva. Seg\u00fan se pudo establecer, hombres al parecer integrantes del grupo armado, ingresaron a [&hellip;]","og_url":"https:\/\/ardigitalnoticias.com\/index.php\/2025\/05\/07\/disidencias-de-las-farc-exigen-carnetizacion-e-imponen-cobros-ilegales-en-veredas-de-campoalegre\/","og_site_name":"AR Digital Noticias","article_published_time":"2025-05-08T01:44:13+00:00","article_modified_time":"2025-05-08T04:04:03+00:00","og_image":[{"width":1920,"height":1079,"url":"https:\/\/ardigitalnoticias.com\/wp-content\/uploads\/2025\/05\/InShot_20250507_203806987.jpg","type":"image\/jpeg"}],"author":"Editor ArDigitalNoticias","twitter_card":"summary_large_image","twitter_misc":{"Escrito por":"Editor ArDigitalNoticias","Tiempo de lectura":"2 minutos"},"schema":{"@context":"https:\/\/schema.org","@graph":[{"@type":"Article","@id":"https:\/\/ardigitalnoticias.com\/index.php\/2025\/05\/07\/disidencias-de-las-farc-exigen-carnetizacion-e-imponen-cobros-ilegales-en-veredas-de-campoalegre\/#article","isPartOf":{"@id":"https:\/\/ardigitalnoticias.com\/index.php\/2025\/05\/07\/disidencias-de-las-farc-exigen-carnetizacion-e-imponen-cobros-ilegales-en-veredas-de-campoalegre\/"},"author":{"name":"Editor ArDigitalNoticias","@id":"https:\/\/ardigitalnoticias.com\/#\/schema\/person\/759c8138ebc77e85adb1aa750003a751"},"headline":"DISIDENCIAS EXIGEN CARNETIZACI\u00d3N EN ALGUNAS VEREDAS DE CAMPOALEGRE, HUILA.","datePublished":"2025-05-08T01:44:13+00:00","dateModified":"2025-05-08T04:04:03+00:00","mainEntityOfPage":{"@id":"https:\/\/ardigitalnoticias.com\/index.php\/2025\/05\/07\/disidencias-de-las-farc-exigen-carnetizacion-e-imponen-cobros-ilegales-en-veredas-de-campoalegre\/"},"wordCount":120,"commentCount":0,"publisher":{"@id":"https:\/\/ardigitalnoticias.com\/#organization"},"image":{"@id":"https:\/\/ardigitalnoticias.com\/index.php\/2025\/05\/07\/disidencias-de-las-farc-exigen-carnetizacion-e-imponen-cobros-ilegales-en-veredas-de-campoalegre\/#primaryimage"},"thumbnailUrl":"https:\/\/ardigitalnoticias.com\/wp-content\/uploads\/2025\/05\/InShot_20250507_203806987.jpg","articleSection":["Judicial","Norte","Regional"],"inLanguage":"es","potentialAction":[{"@type":"CommentAction","name":"Comment","target":["https:\/\/ardigitalnoticias.com\/index.php\/2025\/05\/07\/disidencias-de-las-farc-exigen-carnetizacion-e-imponen-cobros-ilegales-en-veredas-de-campoalegre\/#respond"]}]},{"@type":"WebPage","@id":"https:\/\/ardigitalnoticias.com\/index.php\/2025\/05\/07\/disidencias-de-las-farc-exigen-carnetizacion-e-imponen-cobros-ilegales-en-veredas-de-campoalegre\/","url":"https:\/\/ardigitalnoticias.com\/index.php\/2025\/05\/07\/disidencias-de-las-farc-exigen-carnetizacion-e-imponen-cobros-ilegales-en-veredas-de-campoalegre\/","name":"DISIDENCIAS EXIGEN CARNETIZACI\u00d3N EN ALGUNAS VEREDAS DE CAMPOALEGRE, HUILA. - AR Digital Noticias","isPartOf":{"@id":"https:\/\/ardigitalnoticias.com\/#website"},"primaryImageOfPage":{"@id":"https:\/\/ardigitalnoticias.com\/index.php\/2025\/05\/07\/disidencias-de-las-farc-exigen-carnetizacion-e-imponen-cobros-ilegales-en-veredas-de-campoalegre\/#primaryimage"},"image":{"@id":"https:\/\/ardigitalnoticias.com\/index.php\/2025\/05\/07\/disidencias-de-las-farc-exigen-carnetizacion-e-imponen-cobros-ilegales-en-veredas-de-campoalegre\/#primaryimage"},"thumbnailUrl":"https:\/\/ardigitalnoticias.com\/wp-content\/uploads\/2025\/05\/InShot_20250507_203806987.jpg","datePublished":"2025-05-08T01:44:13+00:00","dateModified":"2025-05-08T04:04:03+00:00","breadcrumb":{"@id":"https:\/\/ardigitalnoticias.com\/index.php\/2025\/05\/07\/disidencias-de-las-farc-exigen-carnetizacion-e-imponen-cobros-ilegales-en-veredas-de-campoalegre\/#breadcrumb"},"inLanguage":"es","potentialAction":[{"@type":"ReadAction","target":["https:\/\/ardigitalnoticias.com\/index.php\/2025\/05\/07\/disidencias-de-las-farc-exigen-carnetizacion-e-imponen-cobros-ilegales-en-veredas-de-campoalegre\/"]}]},{"@type":"ImageObject","inLanguage":"es","@id":"https:\/\/ardigitalnoticias.com\/index.php\/2025\/05\/07\/disidencias-de-las-farc-exigen-carnetizacion-e-imponen-cobros-ilegales-en-veredas-de-campoalegre\/#primaryimage","url":"https:\/\/ardigitalnoticias.com\/wp-content\/uploads\/2025\/05\/InShot_20250507_203806987.jpg","contentUrl":"https:\/\/ardigitalnoticias.com\/wp-content\/uploads\/2025\/05\/InShot_20250507_203806987.jpg","width":1920,"height":1079},{"@type":"BreadcrumbList","@id":"https:\/\/ardigitalnoticias.com\/index.php\/2025\/05\/07\/disidencias-de-las-farc-exigen-carnetizacion-e-imponen-cobros-ilegales-en-veredas-de-campoalegre\/#breadcrumb","itemListElement":[{"@type":"ListItem","position":1,"name":"Portada","item":"https:\/\/ardigitalnoticias.com\/"},{"@type":"ListItem","position":2,"name":"DISIDENCIAS EXIGEN CARNETIZACI\u00d3N EN ALGUNAS VEREDAS DE CAMPOALEGRE, HUILA."}]},{"@type":"WebSite","@id":"https:\/\/ardigitalnoticias.com\/#website","url":"https:\/\/ardigitalnoticias.com\/","name":"AR Digital Noticias","description":"","publisher":{"@id":"https:\/\/ardigitalnoticias.com\/#organization"},"potentialAction":[{"@type":"SearchAction","target":{"@type":"EntryPoint","urlTemplate":"https:\/\/ardigitalnoticias.com\/?s={search_term_string}"},"query-input":{"@type":"PropertyValueSpecification","valueRequired":true,"valueName":"search_term_string"}}],"inLanguage":"es"},{"@type":"Organization","@id":"https:\/\/ardigitalnoticias.com\/#organization","name":"AR Digital Noticias","url":"https:\/\/ardigitalnoticias.com\/","logo":{"@type":"ImageObject","inLanguage":"es","@id":"https:\/\/ardigitalnoticias.com\/#\/schema\/logo\/image\/","url":"https:\/\/ardigitalnoticias.com\/wp-content\/uploads\/2023\/11\/cropped-cropped-cropped-cropped-AR-Digital-Noticias-1.png","contentUrl":"https:\/\/ardigitalnoticias.com\/wp-content\/uploads\/2023\/11\/cropped-cropped-cropped-cropped-AR-Digital-Noticias-1.png","width":972,"height":306,"caption":"AR Digital Noticias"},"image":{"@id":"https:\/\/ardigitalnoticias.com\/#\/schema\/logo\/image\/"}},{"@type":"Person","@id":"https:\/\/ardigitalnoticias.com\/#\/schema\/person\/759c8138ebc77e85adb1aa750003a751","name":"Editor ArDigitalNoticias","image":{"@type":"ImageObject","inLanguage":"es","@id":"https:\/\/secure.gravatar.com\/avatar\/2c7f3656ea34567ef10422f22f4395b6cc422854a0b986ba788597ac36902f93?s=96&d=mm&r=g","url":"https:\/\/secure.gravatar.com\/avatar\/2c7f3656ea34567ef10422f22f4395b6cc422854a0b986ba788597ac36902f93?s=96&d=mm&r=g","contentUrl":"https:\/\/secure.gravatar.com\/avatar\/2c7f3656ea34567ef10422f22f4395b6cc422854a0b986ba788597ac36902f93?s=96&d=mm&r=g","caption":"Editor ArDigitalNoticias"},"sameAs":["http:\/\/ardigitalnoticias.com"],"url":"https:\/\/ardigitalnoticias.com\/index.php\/author\/editor\/"}]}},"_links":{"self":[{"href":"https:\/\/ardigitalnoticias.com\/index.php\/wp-json\/wp\/v2\/posts\/7514","targetHints":{"allow":["GET"]}}],"collection":[{"href":"https:\/\/ardigitalnoticias.com\/index.php\/wp-json\/wp\/v2\/posts"}],"about":[{"href":"https:\/\/ardigitalnoticias.com\/index.php\/wp-json\/wp\/v2\/types\/post"}],"author":[{"embeddable":true,"href":"https:\/\/ardigitalnoticias.com\/index.php\/wp-json\/wp\/v2\/users\/3"}],"replies":[{"embeddable":true,"href":"https:\/\/ardigitalnoticias.com\/index.php\/wp-json\/wp\/v2\/comments?post=7514"}],"version-history":[{"count":2,"href":"https:\/\/ardigitalnoticias.com\/index.php\/wp-json\/wp\/v2\/posts\/7514\/revisions"}],"predecessor-version":[{"id":7519,"href":"https:\/\/ardigitalnoticias.com\/index.php\/wp-json\/wp\/v2\/posts\/7514\/revisions\/7519"}],"wp:featuredmedia":[{"embeddable":true,"href":"https:\/\/ardigitalnoticias.com\/index.php\/wp-json\/wp\/v2\/media\/7515"}],"wp:attachment":[{"href":"https:\/\/ardigitalnoticias.com\/index.php\/wp-json\/wp\/v2\/media?parent=7514"}],"wp:term":[{"taxonomy":"category","embeddable":true,"href":"https:\/\/ardigitalnoticias.com\/index.php\/wp-json\/wp\/v2\/categories?post=7514"},{"taxonomy":"post_tag","embeddable":true,"href":"https:\/\/ardigitalnoticias.com\/index.php\/wp-json\/wp\/v2\/tags?post=7514"}],"curies":[{"name":"wp","href":"https:\/\/api.w.org\/{rel}","templated":true}]}}