{"id":7501,"date":"2025-05-07T13:32:15","date_gmt":"2025-05-07T18:32:15","guid":{"rendered":"https:\/\/ardigitalnoticias.com\/?p=7501"},"modified":"2025-05-07T13:32:16","modified_gmt":"2025-05-07T18:32:16","slug":"cierre-total-en-el-peaje-los-cauchos","status":"publish","type":"post","link":"https:\/\/ardigitalnoticias.com\/index.php\/2025\/05\/07\/cierre-total-en-el-peaje-los-cauchos\/","title":{"rendered":"CIERRE TOTAL EN EL PEAJE LOS CAUCHOS"},"content":{"rendered":"\n<p>Lo que muchos ya anticipaban termin\u00f3 por confirmarse.<\/p>\n\n\n\n<p><strong>POR: ANDR\u00c9S RODR\u00cdGUEZ. <\/strong><\/p>\n\n\n\n<p>Las comunidades ind\u00edgenas del Huila, que desde hace varios d\u00edas se encontraban en el Peaje Los Cauchos permitiendo el paso gratuito de veh\u00edculos, decidieron este martes endurecer su protesta: bloqueo total de la v\u00eda para carros y motocicletas.<\/p>\n\n\n\n<p>La medida, liderada por el Consejo Regional Ind\u00edgena del Huila (CRIHI), ha generado congesti\u00f3n vehicular y preocupaci\u00f3n entre los viajeros que transitan por este importante corredor vial. Bernardino Menza, presidente del CRIHI, explic\u00f3 que el cierre no ser\u00e1 permanente, pero s\u00ed intermitente: \u00abCada hora se habilitar\u00e1 el paso durante un corto periodo de tiempo\u00bb, aclar\u00f3 el vocero ind\u00edgena.<\/p>\n\n\n\n<p>El motivo de la manifestaci\u00f3n est\u00e1 vinculado a exigencias hist\u00f3ricas por el cumplimiento de acuerdos entre el gobierno y las comunidades, que, seg\u00fan ellos, han sido ignorados sistem\u00e1ticamente. Esta nueva fase de la protesta es una estrategia de presi\u00f3n que podr\u00eda prolongarse si no se entablan di\u00e1logos efectivos.<\/p>\n\n\n\n<p>El ambiente en la zona es tenso, con presencia de autoridades y l\u00edderes comunitarios que intentan mediar para evitar confrontaciones. Mientras tanto, los conductores deben armarse de paciencia y prever retrasos en sus desplazamientos.<\/p>\n\n\n\n<p>Esta forma de protesta ha generado opiniones divididas.  Algunos apoyan la lucha por los derechos ind\u00edgenas, mientras que otros cuestionan los m\u00e9todos utilizados<\/p>\n\n\n\n<p>\u00bfCu\u00e1l es tu postura? \u00a1D\u00e9janos tu opini\u00f3n en los comentarios!<\/p>\n","protected":false},"excerpt":{"rendered":"<p>Lo que muchos ya anticipaban termin\u00f3 por confirmarse. POR: ANDR\u00c9S RODR\u00cdGUEZ. Las comunidades ind\u00edgenas del Huila, que desde hace varios d\u00edas se encontraban en el Peaje Los Cauchos permitiendo el paso gratuito de veh\u00edculos, decidieron este martes endurecer su protesta: bloqueo total de la v\u00eda para carros y motocicletas. La medida, liderada por el Consejo [&hellip;]<\/p>\n","protected":false},"author":3,"featured_media":7502,"comment_status":"open","ping_status":"open","sticky":false,"template":"","format":"standard","meta":{"_acf_changed":false,"_joinchat":[],"footnotes":""},"categories":[1,19],"tags":[],"class_list":{"0":"post-7501","1":"post","2":"type-post","3":"status-publish","4":"format-standard","5":"has-post-thumbnail","7":"category-actualidad","8":"category-regional"},"acf":[],"yoast_head":"<!-- This site is optimized with the Yoast SEO plugin v27.5 - https:\/\/yoast.com\/product\/yoast-seo-wordpress\/ -->\n<title>CIERRE TOTAL EN EL PEAJE LOS CAUCHOS - AR Digital Noticias<\/title>\n<meta name=\"robots\" content=\"index, follow, max-snippet:-1, max-image-preview:large, max-video-preview:-1\" \/>\n<link rel=\"canonical\" href=\"https:\/\/ardigitalnoticias.com\/index.php\/2025\/05\/07\/cierre-total-en-el-peaje-los-cauchos\/\" \/>\n<meta property=\"og:locale\" content=\"es_ES\" \/>\n<meta property=\"og:type\" content=\"article\" \/>\n<meta property=\"og:title\" content=\"CIERRE TOTAL EN EL PEAJE LOS CAUCHOS - AR Digital Noticias\" \/>\n<meta property=\"og:description\" content=\"Lo que muchos ya anticipaban termin\u00f3 por confirmarse. POR: ANDR\u00c9S RODR\u00cdGUEZ. Las comunidades ind\u00edgenas del Huila, que desde hace varios d\u00edas se encontraban en el Peaje Los Cauchos permitiendo el paso gratuito de veh\u00edculos, decidieron este martes endurecer su protesta: bloqueo total de la v\u00eda para carros y motocicletas. La medida, liderada por el Consejo [&hellip;]\" \/>\n<meta property=\"og:url\" content=\"https:\/\/ardigitalnoticias.com\/index.php\/2025\/05\/07\/cierre-total-en-el-peaje-los-cauchos\/\" \/>\n<meta property=\"og:site_name\" content=\"AR Digital Noticias\" \/>\n<meta property=\"article:published_time\" content=\"2025-05-07T18:32:15+00:00\" \/>\n<meta property=\"article:modified_time\" content=\"2025-05-07T18:32:16+00:00\" \/>\n<meta property=\"og:image\" content=\"https:\/\/ardigitalnoticias.com\/wp-content\/uploads\/2025\/05\/InShot_20250507_132653363.jpg\" \/>\n\t<meta property=\"og:image:width\" content=\"1920\" \/>\n\t<meta property=\"og:image:height\" content=\"1079\" \/>\n\t<meta property=\"og:image:type\" content=\"image\/jpeg\" \/>\n<meta name=\"author\" content=\"Editor ArDigitalNoticias\" \/>\n<meta name=\"twitter:card\" content=\"summary_large_image\" \/>\n<meta name=\"twitter:label1\" content=\"Escrito por\" \/>\n\t<meta name=\"twitter:data1\" content=\"Editor ArDigitalNoticias\" \/>\n\t<meta name=\"twitter:label2\" content=\"Tiempo de lectura\" \/>\n\t<meta name=\"twitter:data2\" content=\"2 minutos\" \/>\n<script type=\"application\/ld+json\" class=\"yoast-schema-graph\">{\"@context\":\"https:\\\/\\\/schema.org\",\"@graph\":[{\"@type\":\"Article\",\"@id\":\"https:\\\/\\\/ardigitalnoticias.com\\\/index.php\\\/2025\\\/05\\\/07\\\/cierre-total-en-el-peaje-los-cauchos\\\/#article\",\"isPartOf\":{\"@id\":\"https:\\\/\\\/ardigitalnoticias.com\\\/index.php\\\/2025\\\/05\\\/07\\\/cierre-total-en-el-peaje-los-cauchos\\\/\"},\"author\":{\"name\":\"Editor ArDigitalNoticias\",\"@id\":\"https:\\\/\\\/ardigitalnoticias.com\\\/#\\\/schema\\\/person\\\/759c8138ebc77e85adb1aa750003a751\"},\"headline\":\"CIERRE TOTAL EN EL PEAJE LOS CAUCHOS\",\"datePublished\":\"2025-05-07T18:32:15+00:00\",\"dateModified\":\"2025-05-07T18:32:16+00:00\",\"mainEntityOfPage\":{\"@id\":\"https:\\\/\\\/ardigitalnoticias.com\\\/index.php\\\/2025\\\/05\\\/07\\\/cierre-total-en-el-peaje-los-cauchos\\\/\"},\"wordCount\":252,\"commentCount\":0,\"publisher\":{\"@id\":\"https:\\\/\\\/ardigitalnoticias.com\\\/#organization\"},\"image\":{\"@id\":\"https:\\\/\\\/ardigitalnoticias.com\\\/index.php\\\/2025\\\/05\\\/07\\\/cierre-total-en-el-peaje-los-cauchos\\\/#primaryimage\"},\"thumbnailUrl\":\"https:\\\/\\\/ardigitalnoticias.com\\\/wp-content\\\/uploads\\\/2025\\\/05\\\/InShot_20250507_132653363.jpg\",\"articleSection\":[\"Actualidad\",\"Regional\"],\"inLanguage\":\"es\",\"potentialAction\":[{\"@type\":\"CommentAction\",\"name\":\"Comment\",\"target\":[\"https:\\\/\\\/ardigitalnoticias.com\\\/index.php\\\/2025\\\/05\\\/07\\\/cierre-total-en-el-peaje-los-cauchos\\\/#respond\"]}]},{\"@type\":\"WebPage\",\"@id\":\"https:\\\/\\\/ardigitalnoticias.com\\\/index.php\\\/2025\\\/05\\\/07\\\/cierre-total-en-el-peaje-los-cauchos\\\/\",\"url\":\"https:\\\/\\\/ardigitalnoticias.com\\\/index.php\\\/2025\\\/05\\\/07\\\/cierre-total-en-el-peaje-los-cauchos\\\/\",\"name\":\"CIERRE TOTAL EN EL PEAJE LOS CAUCHOS - AR Digital Noticias\",\"isPartOf\":{\"@id\":\"https:\\\/\\\/ardigitalnoticias.com\\\/#website\"},\"primaryImageOfPage\":{\"@id\":\"https:\\\/\\\/ardigitalnoticias.com\\\/index.php\\\/2025\\\/05\\\/07\\\/cierre-total-en-el-peaje-los-cauchos\\\/#primaryimage\"},\"image\":{\"@id\":\"https:\\\/\\\/ardigitalnoticias.com\\\/index.php\\\/2025\\\/05\\\/07\\\/cierre-total-en-el-peaje-los-cauchos\\\/#primaryimage\"},\"thumbnailUrl\":\"https:\\\/\\\/ardigitalnoticias.com\\\/wp-content\\\/uploads\\\/2025\\\/05\\\/InShot_20250507_132653363.jpg\",\"datePublished\":\"2025-05-07T18:32:15+00:00\",\"dateModified\":\"2025-05-07T18:32:16+00:00\",\"breadcrumb\":{\"@id\":\"https:\\\/\\\/ardigitalnoticias.com\\\/index.php\\\/2025\\\/05\\\/07\\\/cierre-total-en-el-peaje-los-cauchos\\\/#breadcrumb\"},\"inLanguage\":\"es\",\"potentialAction\":[{\"@type\":\"ReadAction\",\"target\":[\"https:\\\/\\\/ardigitalnoticias.com\\\/index.php\\\/2025\\\/05\\\/07\\\/cierre-total-en-el-peaje-los-cauchos\\\/\"]}]},{\"@type\":\"ImageObject\",\"inLanguage\":\"es\",\"@id\":\"https:\\\/\\\/ardigitalnoticias.com\\\/index.php\\\/2025\\\/05\\\/07\\\/cierre-total-en-el-peaje-los-cauchos\\\/#primaryimage\",\"url\":\"https:\\\/\\\/ardigitalnoticias.com\\\/wp-content\\\/uploads\\\/2025\\\/05\\\/InShot_20250507_132653363.jpg\",\"contentUrl\":\"https:\\\/\\\/ardigitalnoticias.com\\\/wp-content\\\/uploads\\\/2025\\\/05\\\/InShot_20250507_132653363.jpg\",\"width\":1920,\"height\":1079},{\"@type\":\"BreadcrumbList\",\"@id\":\"https:\\\/\\\/ardigitalnoticias.com\\\/index.php\\\/2025\\\/05\\\/07\\\/cierre-total-en-el-peaje-los-cauchos\\\/#breadcrumb\",\"itemListElement\":[{\"@type\":\"ListItem\",\"position\":1,\"name\":\"Portada\",\"item\":\"https:\\\/\\\/ardigitalnoticias.com\\\/\"},{\"@type\":\"ListItem\",\"position\":2,\"name\":\"CIERRE TOTAL EN EL PEAJE LOS CAUCHOS\"}]},{\"@type\":\"WebSite\",\"@id\":\"https:\\\/\\\/ardigitalnoticias.com\\\/#website\",\"url\":\"https:\\\/\\\/ardigitalnoticias.com\\\/\",\"name\":\"AR Digital Noticias\",\"description\":\"\",\"publisher\":{\"@id\":\"https:\\\/\\\/ardigitalnoticias.com\\\/#organization\"},\"potentialAction\":[{\"@type\":\"SearchAction\",\"target\":{\"@type\":\"EntryPoint\",\"urlTemplate\":\"https:\\\/\\\/ardigitalnoticias.com\\\/?s={search_term_string}\"},\"query-input\":{\"@type\":\"PropertyValueSpecification\",\"valueRequired\":true,\"valueName\":\"search_term_string\"}}],\"inLanguage\":\"es\"},{\"@type\":\"Organization\",\"@id\":\"https:\\\/\\\/ardigitalnoticias.com\\\/#organization\",\"name\":\"AR Digital Noticias\",\"url\":\"https:\\\/\\\/ardigitalnoticias.com\\\/\",\"logo\":{\"@type\":\"ImageObject\",\"inLanguage\":\"es\",\"@id\":\"https:\\\/\\\/ardigitalnoticias.com\\\/#\\\/schema\\\/logo\\\/image\\\/\",\"url\":\"https:\\\/\\\/ardigitalnoticias.com\\\/wp-content\\\/uploads\\\/2023\\\/11\\\/cropped-cropped-cropped-cropped-AR-Digital-Noticias-1.png\",\"contentUrl\":\"https:\\\/\\\/ardigitalnoticias.com\\\/wp-content\\\/uploads\\\/2023\\\/11\\\/cropped-cropped-cropped-cropped-AR-Digital-Noticias-1.png\",\"width\":972,\"height\":306,\"caption\":\"AR Digital Noticias\"},\"image\":{\"@id\":\"https:\\\/\\\/ardigitalnoticias.com\\\/#\\\/schema\\\/logo\\\/image\\\/\"}},{\"@type\":\"Person\",\"@id\":\"https:\\\/\\\/ardigitalnoticias.com\\\/#\\\/schema\\\/person\\\/759c8138ebc77e85adb1aa750003a751\",\"name\":\"Editor ArDigitalNoticias\",\"image\":{\"@type\":\"ImageObject\",\"inLanguage\":\"es\",\"@id\":\"https:\\\/\\\/secure.gravatar.com\\\/avatar\\\/2c7f3656ea34567ef10422f22f4395b6cc422854a0b986ba788597ac36902f93?s=96&d=mm&r=g\",\"url\":\"https:\\\/\\\/secure.gravatar.com\\\/avatar\\\/2c7f3656ea34567ef10422f22f4395b6cc422854a0b986ba788597ac36902f93?s=96&d=mm&r=g\",\"contentUrl\":\"https:\\\/\\\/secure.gravatar.com\\\/avatar\\\/2c7f3656ea34567ef10422f22f4395b6cc422854a0b986ba788597ac36902f93?s=96&d=mm&r=g\",\"caption\":\"Editor ArDigitalNoticias\"},\"sameAs\":[\"http:\\\/\\\/ardigitalnoticias.com\"],\"url\":\"https:\\\/\\\/ardigitalnoticias.com\\\/index.php\\\/author\\\/editor\\\/\"}]}<\/script>\n<!-- \/ Yoast SEO plugin. -->","yoast_head_json":{"title":"CIERRE TOTAL EN EL PEAJE LOS CAUCHOS - AR Digital Noticias","robots":{"index":"index","follow":"follow","max-snippet":"max-snippet:-1","max-image-preview":"max-image-preview:large","max-video-preview":"max-video-preview:-1"},"canonical":"https:\/\/ardigitalnoticias.com\/index.php\/2025\/05\/07\/cierre-total-en-el-peaje-los-cauchos\/","og_locale":"es_ES","og_type":"article","og_title":"CIERRE TOTAL EN EL PEAJE LOS CAUCHOS - AR Digital Noticias","og_description":"Lo que muchos ya anticipaban termin\u00f3 por confirmarse. POR: ANDR\u00c9S RODR\u00cdGUEZ. Las comunidades ind\u00edgenas del Huila, que desde hace varios d\u00edas se encontraban en el Peaje Los Cauchos permitiendo el paso gratuito de veh\u00edculos, decidieron este martes endurecer su protesta: bloqueo total de la v\u00eda para carros y motocicletas. La medida, liderada por el Consejo [&hellip;]","og_url":"https:\/\/ardigitalnoticias.com\/index.php\/2025\/05\/07\/cierre-total-en-el-peaje-los-cauchos\/","og_site_name":"AR Digital Noticias","article_published_time":"2025-05-07T18:32:15+00:00","article_modified_time":"2025-05-07T18:32:16+00:00","og_image":[{"width":1920,"height":1079,"url":"https:\/\/ardigitalnoticias.com\/wp-content\/uploads\/2025\/05\/InShot_20250507_132653363.jpg","type":"image\/jpeg"}],"author":"Editor ArDigitalNoticias","twitter_card":"summary_large_image","twitter_misc":{"Escrito por":"Editor ArDigitalNoticias","Tiempo de lectura":"2 minutos"},"schema":{"@context":"https:\/\/schema.org","@graph":[{"@type":"Article","@id":"https:\/\/ardigitalnoticias.com\/index.php\/2025\/05\/07\/cierre-total-en-el-peaje-los-cauchos\/#article","isPartOf":{"@id":"https:\/\/ardigitalnoticias.com\/index.php\/2025\/05\/07\/cierre-total-en-el-peaje-los-cauchos\/"},"author":{"name":"Editor ArDigitalNoticias","@id":"https:\/\/ardigitalnoticias.com\/#\/schema\/person\/759c8138ebc77e85adb1aa750003a751"},"headline":"CIERRE TOTAL EN EL PEAJE LOS CAUCHOS","datePublished":"2025-05-07T18:32:15+00:00","dateModified":"2025-05-07T18:32:16+00:00","mainEntityOfPage":{"@id":"https:\/\/ardigitalnoticias.com\/index.php\/2025\/05\/07\/cierre-total-en-el-peaje-los-cauchos\/"},"wordCount":252,"commentCount":0,"publisher":{"@id":"https:\/\/ardigitalnoticias.com\/#organization"},"image":{"@id":"https:\/\/ardigitalnoticias.com\/index.php\/2025\/05\/07\/cierre-total-en-el-peaje-los-cauchos\/#primaryimage"},"thumbnailUrl":"https:\/\/ardigitalnoticias.com\/wp-content\/uploads\/2025\/05\/InShot_20250507_132653363.jpg","articleSection":["Actualidad","Regional"],"inLanguage":"es","potentialAction":[{"@type":"CommentAction","name":"Comment","target":["https:\/\/ardigitalnoticias.com\/index.php\/2025\/05\/07\/cierre-total-en-el-peaje-los-cauchos\/#respond"]}]},{"@type":"WebPage","@id":"https:\/\/ardigitalnoticias.com\/index.php\/2025\/05\/07\/cierre-total-en-el-peaje-los-cauchos\/","url":"https:\/\/ardigitalnoticias.com\/index.php\/2025\/05\/07\/cierre-total-en-el-peaje-los-cauchos\/","name":"CIERRE TOTAL EN EL PEAJE LOS CAUCHOS - AR Digital Noticias","isPartOf":{"@id":"https:\/\/ardigitalnoticias.com\/#website"},"primaryImageOfPage":{"@id":"https:\/\/ardigitalnoticias.com\/index.php\/2025\/05\/07\/cierre-total-en-el-peaje-los-cauchos\/#primaryimage"},"image":{"@id":"https:\/\/ardigitalnoticias.com\/index.php\/2025\/05\/07\/cierre-total-en-el-peaje-los-cauchos\/#primaryimage"},"thumbnailUrl":"https:\/\/ardigitalnoticias.com\/wp-content\/uploads\/2025\/05\/InShot_20250507_132653363.jpg","datePublished":"2025-05-07T18:32:15+00:00","dateModified":"2025-05-07T18:32:16+00:00","breadcrumb":{"@id":"https:\/\/ardigitalnoticias.com\/index.php\/2025\/05\/07\/cierre-total-en-el-peaje-los-cauchos\/#breadcrumb"},"inLanguage":"es","potentialAction":[{"@type":"ReadAction","target":["https:\/\/ardigitalnoticias.com\/index.php\/2025\/05\/07\/cierre-total-en-el-peaje-los-cauchos\/"]}]},{"@type":"ImageObject","inLanguage":"es","@id":"https:\/\/ardigitalnoticias.com\/index.php\/2025\/05\/07\/cierre-total-en-el-peaje-los-cauchos\/#primaryimage","url":"https:\/\/ardigitalnoticias.com\/wp-content\/uploads\/2025\/05\/InShot_20250507_132653363.jpg","contentUrl":"https:\/\/ardigitalnoticias.com\/wp-content\/uploads\/2025\/05\/InShot_20250507_132653363.jpg","width":1920,"height":1079},{"@type":"BreadcrumbList","@id":"https:\/\/ardigitalnoticias.com\/index.php\/2025\/05\/07\/cierre-total-en-el-peaje-los-cauchos\/#breadcrumb","itemListElement":[{"@type":"ListItem","position":1,"name":"Portada","item":"https:\/\/ardigitalnoticias.com\/"},{"@type":"ListItem","position":2,"name":"CIERRE TOTAL EN EL PEAJE LOS CAUCHOS"}]},{"@type":"WebSite","@id":"https:\/\/ardigitalnoticias.com\/#website","url":"https:\/\/ardigitalnoticias.com\/","name":"AR Digital Noticias","description":"","publisher":{"@id":"https:\/\/ardigitalnoticias.com\/#organization"},"potentialAction":[{"@type":"SearchAction","target":{"@type":"EntryPoint","urlTemplate":"https:\/\/ardigitalnoticias.com\/?s={search_term_string}"},"query-input":{"@type":"PropertyValueSpecification","valueRequired":true,"valueName":"search_term_string"}}],"inLanguage":"es"},{"@type":"Organization","@id":"https:\/\/ardigitalnoticias.com\/#organization","name":"AR Digital Noticias","url":"https:\/\/ardigitalnoticias.com\/","logo":{"@type":"ImageObject","inLanguage":"es","@id":"https:\/\/ardigitalnoticias.com\/#\/schema\/logo\/image\/","url":"https:\/\/ardigitalnoticias.com\/wp-content\/uploads\/2023\/11\/cropped-cropped-cropped-cropped-AR-Digital-Noticias-1.png","contentUrl":"https:\/\/ardigitalnoticias.com\/wp-content\/uploads\/2023\/11\/cropped-cropped-cropped-cropped-AR-Digital-Noticias-1.png","width":972,"height":306,"caption":"AR Digital Noticias"},"image":{"@id":"https:\/\/ardigitalnoticias.com\/#\/schema\/logo\/image\/"}},{"@type":"Person","@id":"https:\/\/ardigitalnoticias.com\/#\/schema\/person\/759c8138ebc77e85adb1aa750003a751","name":"Editor ArDigitalNoticias","image":{"@type":"ImageObject","inLanguage":"es","@id":"https:\/\/secure.gravatar.com\/avatar\/2c7f3656ea34567ef10422f22f4395b6cc422854a0b986ba788597ac36902f93?s=96&d=mm&r=g","url":"https:\/\/secure.gravatar.com\/avatar\/2c7f3656ea34567ef10422f22f4395b6cc422854a0b986ba788597ac36902f93?s=96&d=mm&r=g","contentUrl":"https:\/\/secure.gravatar.com\/avatar\/2c7f3656ea34567ef10422f22f4395b6cc422854a0b986ba788597ac36902f93?s=96&d=mm&r=g","caption":"Editor ArDigitalNoticias"},"sameAs":["http:\/\/ardigitalnoticias.com"],"url":"https:\/\/ardigitalnoticias.com\/index.php\/author\/editor\/"}]}},"_links":{"self":[{"href":"https:\/\/ardigitalnoticias.com\/index.php\/wp-json\/wp\/v2\/posts\/7501","targetHints":{"allow":["GET"]}}],"collection":[{"href":"https:\/\/ardigitalnoticias.com\/index.php\/wp-json\/wp\/v2\/posts"}],"about":[{"href":"https:\/\/ardigitalnoticias.com\/index.php\/wp-json\/wp\/v2\/types\/post"}],"author":[{"embeddable":true,"href":"https:\/\/ardigitalnoticias.com\/index.php\/wp-json\/wp\/v2\/users\/3"}],"replies":[{"embeddable":true,"href":"https:\/\/ardigitalnoticias.com\/index.php\/wp-json\/wp\/v2\/comments?post=7501"}],"version-history":[{"count":1,"href":"https:\/\/ardigitalnoticias.com\/index.php\/wp-json\/wp\/v2\/posts\/7501\/revisions"}],"predecessor-version":[{"id":7503,"href":"https:\/\/ardigitalnoticias.com\/index.php\/wp-json\/wp\/v2\/posts\/7501\/revisions\/7503"}],"wp:featuredmedia":[{"embeddable":true,"href":"https:\/\/ardigitalnoticias.com\/index.php\/wp-json\/wp\/v2\/media\/7502"}],"wp:attachment":[{"href":"https:\/\/ardigitalnoticias.com\/index.php\/wp-json\/wp\/v2\/media?parent=7501"}],"wp:term":[{"taxonomy":"category","embeddable":true,"href":"https:\/\/ardigitalnoticias.com\/index.php\/wp-json\/wp\/v2\/categories?post=7501"},{"taxonomy":"post_tag","embeddable":true,"href":"https:\/\/ardigitalnoticias.com\/index.php\/wp-json\/wp\/v2\/tags?post=7501"}],"curies":[{"name":"wp","href":"https:\/\/api.w.org\/{rel}","templated":true}]}}