{"id":7485,"date":"2025-05-07T11:36:44","date_gmt":"2025-05-07T16:36:44","guid":{"rendered":"https:\/\/ardigitalnoticias.com\/?p=7485"},"modified":"2025-05-07T11:36:45","modified_gmt":"2025-05-07T16:36:45","slug":"deslizamiento-de-tierra-bloquea-via-entre-santa-maria-y-palermo","status":"publish","type":"post","link":"https:\/\/ardigitalnoticias.com\/index.php\/2025\/05\/07\/deslizamiento-de-tierra-bloquea-via-entre-santa-maria-y-palermo\/","title":{"rendered":"DESLIZAMIENTO DE TIERRA BLOQUEA V\u00cdA ENTRE SANTA MAR\u00cdA Y PALERMO"},"content":{"rendered":"\n<p>La ma\u00f1ana de este mi\u00e9rcoles se registr\u00f3 un deslizamiento de tierra en la v\u00eda que conecta los municipios de Santa Mar\u00eda y Palermo, generando una emergencia que interrumpi\u00f3 el tr\u00e1nsito vehicular y afect\u00f3 a dos veh\u00edculos que se encontraban en circulaci\u00f3n en el momento del accidente.<\/p>\n\n\n\n<p><strong>POR: ANDR\u00c9S RODR\u00cdGUEZ. <\/strong><\/p>\n\n\n<div class=\"wp-block-image\">\n<figure class=\"aligncenter size-large\"><img loading=\"lazy\" decoding=\"async\" width=\"1024\" height=\"576\" src=\"https:\/\/ardigitalnoticias.com\/wp-content\/uploads\/2025\/05\/FB_IMG_1746635086251-1024x576.jpg\" alt=\"\" class=\"wp-image-7487\" srcset=\"https:\/\/ardigitalnoticias.com\/wp-content\/uploads\/2025\/05\/FB_IMG_1746635086251-1024x576.jpg 1024w, https:\/\/ardigitalnoticias.com\/wp-content\/uploads\/2025\/05\/FB_IMG_1746635086251-600x338.jpg 600w, https:\/\/ardigitalnoticias.com\/wp-content\/uploads\/2025\/05\/FB_IMG_1746635086251-300x169.jpg 300w, https:\/\/ardigitalnoticias.com\/wp-content\/uploads\/2025\/05\/FB_IMG_1746635086251-768x432.jpg 768w, https:\/\/ardigitalnoticias.com\/wp-content\/uploads\/2025\/05\/FB_IMG_1746635086251-746x420.jpg 746w, https:\/\/ardigitalnoticias.com\/wp-content\/uploads\/2025\/05\/FB_IMG_1746635086251-150x84.jpg 150w, https:\/\/ardigitalnoticias.com\/wp-content\/uploads\/2025\/05\/FB_IMG_1746635086251-696x392.jpg 696w, https:\/\/ardigitalnoticias.com\/wp-content\/uploads\/2025\/05\/FB_IMG_1746635086251-1068x601.jpg 1068w, https:\/\/ardigitalnoticias.com\/wp-content\/uploads\/2025\/05\/FB_IMG_1746635086251.jpg 1080w\" sizes=\"auto, (max-width: 1024px) 100vw, 1024px\" \/><\/figure>\n<\/div>\n\n\n<p>Afortunadamente, no se reportaron personas heridas tras el evento.<\/p>\n\n\n\n<p>El deslizamiento ocurri\u00f3 en una zona de alta pendiente, lo que provoc\u00f3 que una gran masa de tierra y escombros se deslizara sobre la carretera, dejando atrapadas parcialmente las unidades afectadas. Los ocupantes lograron salir ilesos.<\/p>\n\n\n\n<p>Ante la situaci\u00f3n, unidades del Cuerpo de Bomberos y una ambulancia acudieron de inmediato al lugar, brindando asistencia a los ocupantes y asegurando el \u00e1rea para evitar riesgos mayores. Las autoridades municipales y equipos de gesti\u00f3n del riesgo se encuentran en el sitio evaluando la magnitud del deslizamiento y coordinando acciones para remover el material.<\/p>\n\n\n\n<p>El tr\u00e1nsito permanece restringido mientras avanzan las labores de limpieza y se monitorea el terreno para prevenir nuevos movimientos de tierra. Se recomienda a los conductores tomar rutas alternas y mantenerse informados a trav\u00e9s de los canales oficiales.<\/p>\n\n\n<div class=\"wp-block-image\">\n<figure class=\"aligncenter size-large\"><img loading=\"lazy\" decoding=\"async\" width=\"1024\" height=\"460\" src=\"https:\/\/ardigitalnoticias.com\/wp-content\/uploads\/2025\/05\/FB_IMG_1746635088881-1024x460.jpg\" alt=\"\" class=\"wp-image-7488\" srcset=\"https:\/\/ardigitalnoticias.com\/wp-content\/uploads\/2025\/05\/FB_IMG_1746635088881-1024x460.jpg 1024w, https:\/\/ardigitalnoticias.com\/wp-content\/uploads\/2025\/05\/FB_IMG_1746635088881-600x269.jpg 600w, https:\/\/ardigitalnoticias.com\/wp-content\/uploads\/2025\/05\/FB_IMG_1746635088881-300x135.jpg 300w, https:\/\/ardigitalnoticias.com\/wp-content\/uploads\/2025\/05\/FB_IMG_1746635088881-768x345.jpg 768w, https:\/\/ardigitalnoticias.com\/wp-content\/uploads\/2025\/05\/FB_IMG_1746635088881-935x420.jpg 935w, https:\/\/ardigitalnoticias.com\/wp-content\/uploads\/2025\/05\/FB_IMG_1746635088881-150x67.jpg 150w, https:\/\/ardigitalnoticias.com\/wp-content\/uploads\/2025\/05\/FB_IMG_1746635088881-696x313.jpg 696w, https:\/\/ardigitalnoticias.com\/wp-content\/uploads\/2025\/05\/FB_IMG_1746635088881-1068x480.jpg 1068w, https:\/\/ardigitalnoticias.com\/wp-content\/uploads\/2025\/05\/FB_IMG_1746635088881.jpg 1080w\" sizes=\"auto, (max-width: 1024px) 100vw, 1024px\" \/><\/figure>\n<\/div>","protected":false},"excerpt":{"rendered":"<p>La ma\u00f1ana de este mi\u00e9rcoles se registr\u00f3 un deslizamiento de tierra en la v\u00eda que conecta los municipios de Santa Mar\u00eda y Palermo, generando una emergencia que interrumpi\u00f3 el tr\u00e1nsito vehicular y afect\u00f3 a dos veh\u00edculos que se encontraban en circulaci\u00f3n en el momento del accidente. POR: ANDR\u00c9S RODR\u00cdGUEZ. Afortunadamente, no se reportaron personas heridas [&hellip;]<\/p>\n","protected":false},"author":3,"featured_media":7486,"comment_status":"open","ping_status":"open","sticky":false,"template":"","format":"standard","meta":{"_acf_changed":false,"_joinchat":[],"footnotes":""},"categories":[26,19],"tags":[],"class_list":{"0":"post-7485","1":"post","2":"type-post","3":"status-publish","4":"format-standard","5":"has-post-thumbnail","7":"category-norte","8":"category-regional"},"acf":[],"yoast_head":"<!-- This site is optimized with the Yoast SEO plugin v27.4 - https:\/\/yoast.com\/product\/yoast-seo-wordpress\/ -->\n<title>DESLIZAMIENTO DE TIERRA BLOQUEA V\u00cdA ENTRE SANTA MAR\u00cdA Y PALERMO - AR Digital Noticias<\/title>\n<meta name=\"robots\" content=\"index, follow, max-snippet:-1, max-image-preview:large, max-video-preview:-1\" \/>\n<link rel=\"canonical\" href=\"https:\/\/ardigitalnoticias.com\/index.php\/2025\/05\/07\/deslizamiento-de-tierra-bloquea-via-entre-santa-maria-y-palermo\/\" \/>\n<meta property=\"og:locale\" content=\"es_ES\" \/>\n<meta property=\"og:type\" content=\"article\" \/>\n<meta property=\"og:title\" content=\"DESLIZAMIENTO DE TIERRA BLOQUEA V\u00cdA ENTRE SANTA MAR\u00cdA Y PALERMO - AR Digital Noticias\" \/>\n<meta property=\"og:description\" content=\"La ma\u00f1ana de este mi\u00e9rcoles se registr\u00f3 un deslizamiento de tierra en la v\u00eda que conecta los municipios de Santa Mar\u00eda y Palermo, generando una emergencia que interrumpi\u00f3 el tr\u00e1nsito vehicular y afect\u00f3 a dos veh\u00edculos que se encontraban en circulaci\u00f3n en el momento del accidente. POR: ANDR\u00c9S RODR\u00cdGUEZ. Afortunadamente, no se reportaron personas heridas [&hellip;]\" \/>\n<meta property=\"og:url\" content=\"https:\/\/ardigitalnoticias.com\/index.php\/2025\/05\/07\/deslizamiento-de-tierra-bloquea-via-entre-santa-maria-y-palermo\/\" \/>\n<meta property=\"og:site_name\" content=\"AR Digital Noticias\" \/>\n<meta property=\"article:published_time\" content=\"2025-05-07T16:36:44+00:00\" \/>\n<meta property=\"article:modified_time\" content=\"2025-05-07T16:36:45+00:00\" \/>\n<meta property=\"og:image\" content=\"https:\/\/ardigitalnoticias.com\/wp-content\/uploads\/2025\/05\/InShot_20250507_112922239-scaled.jpg\" \/>\n\t<meta property=\"og:image:width\" content=\"2560\" \/>\n\t<meta property=\"og:image:height\" content=\"1439\" \/>\n\t<meta property=\"og:image:type\" content=\"image\/jpeg\" \/>\n<meta name=\"author\" content=\"Editor ArDigitalNoticias\" \/>\n<meta name=\"twitter:card\" content=\"summary_large_image\" \/>\n<meta name=\"twitter:label1\" content=\"Escrito por\" \/>\n\t<meta name=\"twitter:data1\" content=\"Editor ArDigitalNoticias\" \/>\n\t<meta name=\"twitter:label2\" content=\"Tiempo de lectura\" \/>\n\t<meta name=\"twitter:data2\" content=\"2 minutos\" \/>\n<script type=\"application\/ld+json\" class=\"yoast-schema-graph\">{\"@context\":\"https:\\\/\\\/schema.org\",\"@graph\":[{\"@type\":\"Article\",\"@id\":\"https:\\\/\\\/ardigitalnoticias.com\\\/index.php\\\/2025\\\/05\\\/07\\\/deslizamiento-de-tierra-bloquea-via-entre-santa-maria-y-palermo\\\/#article\",\"isPartOf\":{\"@id\":\"https:\\\/\\\/ardigitalnoticias.com\\\/index.php\\\/2025\\\/05\\\/07\\\/deslizamiento-de-tierra-bloquea-via-entre-santa-maria-y-palermo\\\/\"},\"author\":{\"name\":\"Editor ArDigitalNoticias\",\"@id\":\"https:\\\/\\\/ardigitalnoticias.com\\\/#\\\/schema\\\/person\\\/759c8138ebc77e85adb1aa750003a751\"},\"headline\":\"DESLIZAMIENTO DE TIERRA BLOQUEA V\u00cdA ENTRE SANTA MAR\u00cdA Y PALERMO\",\"datePublished\":\"2025-05-07T16:36:44+00:00\",\"dateModified\":\"2025-05-07T16:36:45+00:00\",\"mainEntityOfPage\":{\"@id\":\"https:\\\/\\\/ardigitalnoticias.com\\\/index.php\\\/2025\\\/05\\\/07\\\/deslizamiento-de-tierra-bloquea-via-entre-santa-maria-y-palermo\\\/\"},\"wordCount\":212,\"commentCount\":0,\"publisher\":{\"@id\":\"https:\\\/\\\/ardigitalnoticias.com\\\/#organization\"},\"image\":{\"@id\":\"https:\\\/\\\/ardigitalnoticias.com\\\/index.php\\\/2025\\\/05\\\/07\\\/deslizamiento-de-tierra-bloquea-via-entre-santa-maria-y-palermo\\\/#primaryimage\"},\"thumbnailUrl\":\"https:\\\/\\\/ardigitalnoticias.com\\\/wp-content\\\/uploads\\\/2025\\\/05\\\/InShot_20250507_112922239-scaled.jpg\",\"articleSection\":[\"Norte\",\"Regional\"],\"inLanguage\":\"es\",\"potentialAction\":[{\"@type\":\"CommentAction\",\"name\":\"Comment\",\"target\":[\"https:\\\/\\\/ardigitalnoticias.com\\\/index.php\\\/2025\\\/05\\\/07\\\/deslizamiento-de-tierra-bloquea-via-entre-santa-maria-y-palermo\\\/#respond\"]}]},{\"@type\":\"WebPage\",\"@id\":\"https:\\\/\\\/ardigitalnoticias.com\\\/index.php\\\/2025\\\/05\\\/07\\\/deslizamiento-de-tierra-bloquea-via-entre-santa-maria-y-palermo\\\/\",\"url\":\"https:\\\/\\\/ardigitalnoticias.com\\\/index.php\\\/2025\\\/05\\\/07\\\/deslizamiento-de-tierra-bloquea-via-entre-santa-maria-y-palermo\\\/\",\"name\":\"DESLIZAMIENTO DE TIERRA BLOQUEA V\u00cdA ENTRE SANTA MAR\u00cdA Y PALERMO - AR Digital Noticias\",\"isPartOf\":{\"@id\":\"https:\\\/\\\/ardigitalnoticias.com\\\/#website\"},\"primaryImageOfPage\":{\"@id\":\"https:\\\/\\\/ardigitalnoticias.com\\\/index.php\\\/2025\\\/05\\\/07\\\/deslizamiento-de-tierra-bloquea-via-entre-santa-maria-y-palermo\\\/#primaryimage\"},\"image\":{\"@id\":\"https:\\\/\\\/ardigitalnoticias.com\\\/index.php\\\/2025\\\/05\\\/07\\\/deslizamiento-de-tierra-bloquea-via-entre-santa-maria-y-palermo\\\/#primaryimage\"},\"thumbnailUrl\":\"https:\\\/\\\/ardigitalnoticias.com\\\/wp-content\\\/uploads\\\/2025\\\/05\\\/InShot_20250507_112922239-scaled.jpg\",\"datePublished\":\"2025-05-07T16:36:44+00:00\",\"dateModified\":\"2025-05-07T16:36:45+00:00\",\"breadcrumb\":{\"@id\":\"https:\\\/\\\/ardigitalnoticias.com\\\/index.php\\\/2025\\\/05\\\/07\\\/deslizamiento-de-tierra-bloquea-via-entre-santa-maria-y-palermo\\\/#breadcrumb\"},\"inLanguage\":\"es\",\"potentialAction\":[{\"@type\":\"ReadAction\",\"target\":[\"https:\\\/\\\/ardigitalnoticias.com\\\/index.php\\\/2025\\\/05\\\/07\\\/deslizamiento-de-tierra-bloquea-via-entre-santa-maria-y-palermo\\\/\"]}]},{\"@type\":\"ImageObject\",\"inLanguage\":\"es\",\"@id\":\"https:\\\/\\\/ardigitalnoticias.com\\\/index.php\\\/2025\\\/05\\\/07\\\/deslizamiento-de-tierra-bloquea-via-entre-santa-maria-y-palermo\\\/#primaryimage\",\"url\":\"https:\\\/\\\/ardigitalnoticias.com\\\/wp-content\\\/uploads\\\/2025\\\/05\\\/InShot_20250507_112922239-scaled.jpg\",\"contentUrl\":\"https:\\\/\\\/ardigitalnoticias.com\\\/wp-content\\\/uploads\\\/2025\\\/05\\\/InShot_20250507_112922239-scaled.jpg\",\"width\":2560,\"height\":1439},{\"@type\":\"BreadcrumbList\",\"@id\":\"https:\\\/\\\/ardigitalnoticias.com\\\/index.php\\\/2025\\\/05\\\/07\\\/deslizamiento-de-tierra-bloquea-via-entre-santa-maria-y-palermo\\\/#breadcrumb\",\"itemListElement\":[{\"@type\":\"ListItem\",\"position\":1,\"name\":\"Portada\",\"item\":\"https:\\\/\\\/ardigitalnoticias.com\\\/\"},{\"@type\":\"ListItem\",\"position\":2,\"name\":\"DESLIZAMIENTO DE TIERRA BLOQUEA V\u00cdA ENTRE SANTA MAR\u00cdA Y PALERMO\"}]},{\"@type\":\"WebSite\",\"@id\":\"https:\\\/\\\/ardigitalnoticias.com\\\/#website\",\"url\":\"https:\\\/\\\/ardigitalnoticias.com\\\/\",\"name\":\"AR Digital Noticias\",\"description\":\"\",\"publisher\":{\"@id\":\"https:\\\/\\\/ardigitalnoticias.com\\\/#organization\"},\"potentialAction\":[{\"@type\":\"SearchAction\",\"target\":{\"@type\":\"EntryPoint\",\"urlTemplate\":\"https:\\\/\\\/ardigitalnoticias.com\\\/?s={search_term_string}\"},\"query-input\":{\"@type\":\"PropertyValueSpecification\",\"valueRequired\":true,\"valueName\":\"search_term_string\"}}],\"inLanguage\":\"es\"},{\"@type\":\"Organization\",\"@id\":\"https:\\\/\\\/ardigitalnoticias.com\\\/#organization\",\"name\":\"AR Digital Noticias\",\"url\":\"https:\\\/\\\/ardigitalnoticias.com\\\/\",\"logo\":{\"@type\":\"ImageObject\",\"inLanguage\":\"es\",\"@id\":\"https:\\\/\\\/ardigitalnoticias.com\\\/#\\\/schema\\\/logo\\\/image\\\/\",\"url\":\"https:\\\/\\\/ardigitalnoticias.com\\\/wp-content\\\/uploads\\\/2023\\\/11\\\/cropped-cropped-cropped-cropped-AR-Digital-Noticias-1.png\",\"contentUrl\":\"https:\\\/\\\/ardigitalnoticias.com\\\/wp-content\\\/uploads\\\/2023\\\/11\\\/cropped-cropped-cropped-cropped-AR-Digital-Noticias-1.png\",\"width\":972,\"height\":306,\"caption\":\"AR Digital Noticias\"},\"image\":{\"@id\":\"https:\\\/\\\/ardigitalnoticias.com\\\/#\\\/schema\\\/logo\\\/image\\\/\"}},{\"@type\":\"Person\",\"@id\":\"https:\\\/\\\/ardigitalnoticias.com\\\/#\\\/schema\\\/person\\\/759c8138ebc77e85adb1aa750003a751\",\"name\":\"Editor ArDigitalNoticias\",\"image\":{\"@type\":\"ImageObject\",\"inLanguage\":\"es\",\"@id\":\"https:\\\/\\\/secure.gravatar.com\\\/avatar\\\/2c7f3656ea34567ef10422f22f4395b6cc422854a0b986ba788597ac36902f93?s=96&d=mm&r=g\",\"url\":\"https:\\\/\\\/secure.gravatar.com\\\/avatar\\\/2c7f3656ea34567ef10422f22f4395b6cc422854a0b986ba788597ac36902f93?s=96&d=mm&r=g\",\"contentUrl\":\"https:\\\/\\\/secure.gravatar.com\\\/avatar\\\/2c7f3656ea34567ef10422f22f4395b6cc422854a0b986ba788597ac36902f93?s=96&d=mm&r=g\",\"caption\":\"Editor ArDigitalNoticias\"},\"sameAs\":[\"http:\\\/\\\/ardigitalnoticias.com\"],\"url\":\"https:\\\/\\\/ardigitalnoticias.com\\\/index.php\\\/author\\\/editor\\\/\"}]}<\/script>\n<!-- \/ Yoast SEO plugin. -->","yoast_head_json":{"title":"DESLIZAMIENTO DE TIERRA BLOQUEA V\u00cdA ENTRE SANTA MAR\u00cdA Y PALERMO - AR Digital Noticias","robots":{"index":"index","follow":"follow","max-snippet":"max-snippet:-1","max-image-preview":"max-image-preview:large","max-video-preview":"max-video-preview:-1"},"canonical":"https:\/\/ardigitalnoticias.com\/index.php\/2025\/05\/07\/deslizamiento-de-tierra-bloquea-via-entre-santa-maria-y-palermo\/","og_locale":"es_ES","og_type":"article","og_title":"DESLIZAMIENTO DE TIERRA BLOQUEA V\u00cdA ENTRE SANTA MAR\u00cdA Y PALERMO - AR Digital Noticias","og_description":"La ma\u00f1ana de este mi\u00e9rcoles se registr\u00f3 un deslizamiento de tierra en la v\u00eda que conecta los municipios de Santa Mar\u00eda y Palermo, generando una emergencia que interrumpi\u00f3 el tr\u00e1nsito vehicular y afect\u00f3 a dos veh\u00edculos que se encontraban en circulaci\u00f3n en el momento del accidente. POR: ANDR\u00c9S RODR\u00cdGUEZ. Afortunadamente, no se reportaron personas heridas [&hellip;]","og_url":"https:\/\/ardigitalnoticias.com\/index.php\/2025\/05\/07\/deslizamiento-de-tierra-bloquea-via-entre-santa-maria-y-palermo\/","og_site_name":"AR Digital Noticias","article_published_time":"2025-05-07T16:36:44+00:00","article_modified_time":"2025-05-07T16:36:45+00:00","og_image":[{"width":2560,"height":1439,"url":"https:\/\/ardigitalnoticias.com\/wp-content\/uploads\/2025\/05\/InShot_20250507_112922239-scaled.jpg","type":"image\/jpeg"}],"author":"Editor ArDigitalNoticias","twitter_card":"summary_large_image","twitter_misc":{"Escrito por":"Editor ArDigitalNoticias","Tiempo de lectura":"2 minutos"},"schema":{"@context":"https:\/\/schema.org","@graph":[{"@type":"Article","@id":"https:\/\/ardigitalnoticias.com\/index.php\/2025\/05\/07\/deslizamiento-de-tierra-bloquea-via-entre-santa-maria-y-palermo\/#article","isPartOf":{"@id":"https:\/\/ardigitalnoticias.com\/index.php\/2025\/05\/07\/deslizamiento-de-tierra-bloquea-via-entre-santa-maria-y-palermo\/"},"author":{"name":"Editor ArDigitalNoticias","@id":"https:\/\/ardigitalnoticias.com\/#\/schema\/person\/759c8138ebc77e85adb1aa750003a751"},"headline":"DESLIZAMIENTO DE TIERRA BLOQUEA V\u00cdA ENTRE SANTA MAR\u00cdA Y PALERMO","datePublished":"2025-05-07T16:36:44+00:00","dateModified":"2025-05-07T16:36:45+00:00","mainEntityOfPage":{"@id":"https:\/\/ardigitalnoticias.com\/index.php\/2025\/05\/07\/deslizamiento-de-tierra-bloquea-via-entre-santa-maria-y-palermo\/"},"wordCount":212,"commentCount":0,"publisher":{"@id":"https:\/\/ardigitalnoticias.com\/#organization"},"image":{"@id":"https:\/\/ardigitalnoticias.com\/index.php\/2025\/05\/07\/deslizamiento-de-tierra-bloquea-via-entre-santa-maria-y-palermo\/#primaryimage"},"thumbnailUrl":"https:\/\/ardigitalnoticias.com\/wp-content\/uploads\/2025\/05\/InShot_20250507_112922239-scaled.jpg","articleSection":["Norte","Regional"],"inLanguage":"es","potentialAction":[{"@type":"CommentAction","name":"Comment","target":["https:\/\/ardigitalnoticias.com\/index.php\/2025\/05\/07\/deslizamiento-de-tierra-bloquea-via-entre-santa-maria-y-palermo\/#respond"]}]},{"@type":"WebPage","@id":"https:\/\/ardigitalnoticias.com\/index.php\/2025\/05\/07\/deslizamiento-de-tierra-bloquea-via-entre-santa-maria-y-palermo\/","url":"https:\/\/ardigitalnoticias.com\/index.php\/2025\/05\/07\/deslizamiento-de-tierra-bloquea-via-entre-santa-maria-y-palermo\/","name":"DESLIZAMIENTO DE TIERRA BLOQUEA V\u00cdA ENTRE SANTA MAR\u00cdA Y PALERMO - AR Digital Noticias","isPartOf":{"@id":"https:\/\/ardigitalnoticias.com\/#website"},"primaryImageOfPage":{"@id":"https:\/\/ardigitalnoticias.com\/index.php\/2025\/05\/07\/deslizamiento-de-tierra-bloquea-via-entre-santa-maria-y-palermo\/#primaryimage"},"image":{"@id":"https:\/\/ardigitalnoticias.com\/index.php\/2025\/05\/07\/deslizamiento-de-tierra-bloquea-via-entre-santa-maria-y-palermo\/#primaryimage"},"thumbnailUrl":"https:\/\/ardigitalnoticias.com\/wp-content\/uploads\/2025\/05\/InShot_20250507_112922239-scaled.jpg","datePublished":"2025-05-07T16:36:44+00:00","dateModified":"2025-05-07T16:36:45+00:00","breadcrumb":{"@id":"https:\/\/ardigitalnoticias.com\/index.php\/2025\/05\/07\/deslizamiento-de-tierra-bloquea-via-entre-santa-maria-y-palermo\/#breadcrumb"},"inLanguage":"es","potentialAction":[{"@type":"ReadAction","target":["https:\/\/ardigitalnoticias.com\/index.php\/2025\/05\/07\/deslizamiento-de-tierra-bloquea-via-entre-santa-maria-y-palermo\/"]}]},{"@type":"ImageObject","inLanguage":"es","@id":"https:\/\/ardigitalnoticias.com\/index.php\/2025\/05\/07\/deslizamiento-de-tierra-bloquea-via-entre-santa-maria-y-palermo\/#primaryimage","url":"https:\/\/ardigitalnoticias.com\/wp-content\/uploads\/2025\/05\/InShot_20250507_112922239-scaled.jpg","contentUrl":"https:\/\/ardigitalnoticias.com\/wp-content\/uploads\/2025\/05\/InShot_20250507_112922239-scaled.jpg","width":2560,"height":1439},{"@type":"BreadcrumbList","@id":"https:\/\/ardigitalnoticias.com\/index.php\/2025\/05\/07\/deslizamiento-de-tierra-bloquea-via-entre-santa-maria-y-palermo\/#breadcrumb","itemListElement":[{"@type":"ListItem","position":1,"name":"Portada","item":"https:\/\/ardigitalnoticias.com\/"},{"@type":"ListItem","position":2,"name":"DESLIZAMIENTO DE TIERRA BLOQUEA V\u00cdA ENTRE SANTA MAR\u00cdA Y PALERMO"}]},{"@type":"WebSite","@id":"https:\/\/ardigitalnoticias.com\/#website","url":"https:\/\/ardigitalnoticias.com\/","name":"AR Digital Noticias","description":"","publisher":{"@id":"https:\/\/ardigitalnoticias.com\/#organization"},"potentialAction":[{"@type":"SearchAction","target":{"@type":"EntryPoint","urlTemplate":"https:\/\/ardigitalnoticias.com\/?s={search_term_string}"},"query-input":{"@type":"PropertyValueSpecification","valueRequired":true,"valueName":"search_term_string"}}],"inLanguage":"es"},{"@type":"Organization","@id":"https:\/\/ardigitalnoticias.com\/#organization","name":"AR Digital Noticias","url":"https:\/\/ardigitalnoticias.com\/","logo":{"@type":"ImageObject","inLanguage":"es","@id":"https:\/\/ardigitalnoticias.com\/#\/schema\/logo\/image\/","url":"https:\/\/ardigitalnoticias.com\/wp-content\/uploads\/2023\/11\/cropped-cropped-cropped-cropped-AR-Digital-Noticias-1.png","contentUrl":"https:\/\/ardigitalnoticias.com\/wp-content\/uploads\/2023\/11\/cropped-cropped-cropped-cropped-AR-Digital-Noticias-1.png","width":972,"height":306,"caption":"AR Digital Noticias"},"image":{"@id":"https:\/\/ardigitalnoticias.com\/#\/schema\/logo\/image\/"}},{"@type":"Person","@id":"https:\/\/ardigitalnoticias.com\/#\/schema\/person\/759c8138ebc77e85adb1aa750003a751","name":"Editor ArDigitalNoticias","image":{"@type":"ImageObject","inLanguage":"es","@id":"https:\/\/secure.gravatar.com\/avatar\/2c7f3656ea34567ef10422f22f4395b6cc422854a0b986ba788597ac36902f93?s=96&d=mm&r=g","url":"https:\/\/secure.gravatar.com\/avatar\/2c7f3656ea34567ef10422f22f4395b6cc422854a0b986ba788597ac36902f93?s=96&d=mm&r=g","contentUrl":"https:\/\/secure.gravatar.com\/avatar\/2c7f3656ea34567ef10422f22f4395b6cc422854a0b986ba788597ac36902f93?s=96&d=mm&r=g","caption":"Editor ArDigitalNoticias"},"sameAs":["http:\/\/ardigitalnoticias.com"],"url":"https:\/\/ardigitalnoticias.com\/index.php\/author\/editor\/"}]}},"_links":{"self":[{"href":"https:\/\/ardigitalnoticias.com\/index.php\/wp-json\/wp\/v2\/posts\/7485","targetHints":{"allow":["GET"]}}],"collection":[{"href":"https:\/\/ardigitalnoticias.com\/index.php\/wp-json\/wp\/v2\/posts"}],"about":[{"href":"https:\/\/ardigitalnoticias.com\/index.php\/wp-json\/wp\/v2\/types\/post"}],"author":[{"embeddable":true,"href":"https:\/\/ardigitalnoticias.com\/index.php\/wp-json\/wp\/v2\/users\/3"}],"replies":[{"embeddable":true,"href":"https:\/\/ardigitalnoticias.com\/index.php\/wp-json\/wp\/v2\/comments?post=7485"}],"version-history":[{"count":1,"href":"https:\/\/ardigitalnoticias.com\/index.php\/wp-json\/wp\/v2\/posts\/7485\/revisions"}],"predecessor-version":[{"id":7489,"href":"https:\/\/ardigitalnoticias.com\/index.php\/wp-json\/wp\/v2\/posts\/7485\/revisions\/7489"}],"wp:featuredmedia":[{"embeddable":true,"href":"https:\/\/ardigitalnoticias.com\/index.php\/wp-json\/wp\/v2\/media\/7486"}],"wp:attachment":[{"href":"https:\/\/ardigitalnoticias.com\/index.php\/wp-json\/wp\/v2\/media?parent=7485"}],"wp:term":[{"taxonomy":"category","embeddable":true,"href":"https:\/\/ardigitalnoticias.com\/index.php\/wp-json\/wp\/v2\/categories?post=7485"},{"taxonomy":"post_tag","embeddable":true,"href":"https:\/\/ardigitalnoticias.com\/index.php\/wp-json\/wp\/v2\/tags?post=7485"}],"curies":[{"name":"wp","href":"https:\/\/api.w.org\/{rel}","templated":true}]}}