{"id":7302,"date":"2025-03-29T16:09:30","date_gmt":"2025-03-29T21:09:30","guid":{"rendered":"https:\/\/ardigitalnoticias.com\/?p=7302"},"modified":"2025-03-29T16:09:31","modified_gmt":"2025-03-29T21:09:31","slug":"publicar-en-redes-sociales-no-es-marketing","status":"publish","type":"post","link":"https:\/\/ardigitalnoticias.com\/index.php\/2025\/03\/29\/publicar-en-redes-sociales-no-es-marketing\/","title":{"rendered":"Publicar en redes sociales no es marketing"},"content":{"rendered":"\n<p class=\"justificado\">Las redes sociales se han convertido en el escenario predilecto de muchas marcas, emprendedores y empresas para darse a conocer, vender productos o generar comunidad. Sin embargo, en este af\u00e1n por estar presentes en el entorno digital, se ha extendido una idea equivocada: creer que publicar en redes sociales equivale a hacer marketing.<\/p>\n\n\n\n<p class=\"justificado\">Nada m\u00e1s lejos de la realidad. Subir contenido sin estrategia, publicar por inercia o medir el \u00e9xito \u00fanicamente en likes es como repartir volantes al azar en una calle concurrida esperando que alguien, por arte de magia, se convierta en cliente.<\/p>\n\n\n\n<p class=\"justificado \">El marketing es una disciplina con fundamentos, t\u00e9cnicas y objetivos claros. Implica comprender al p\u00fablico, desarrollar mensajes efectivos y dise\u00f1ar estrategias que generen impacto real en las decisiones de consumo.<\/p>\n\n\n\n<p class=\"justificado\">No se trata solo de estar en redes sociales, sino de construir una presencia digital con prop\u00f3sito. Una empresa puede tener miles de seguidores, pero si no logra convertir ese alcance en ventas, fidelizaci\u00f3n o posicionamiento, su esfuerzo es poco m\u00e1s que ruido en un oc\u00e9ano de informaci\u00f3n.<\/p>\n\n\n\n<p class=\"justificado\">Las redes sociales son herramientas valiosas, pero no son el marketing en s\u00ed mismo. Son canales dentro de una estrategia m\u00e1s amplia que debe incluir branding, segmentaci\u00f3n, an\u00e1lisis de datos y generaci\u00f3n de valor. Un restaurante puede subir fotos de sus platos todos los d\u00edas, pero si no entiende a su audiencia, no ajusta su propuesta a las necesidades del mercado ni mide los resultados, sus publicaciones ser\u00e1n irrelevantes. Lo mismo ocurre con cualquier negocio que confunde la actividad digital con una estrategia de mercadeo bien estructurada.<\/p>\n\n\n\n<p class=\"justificado\">Uno de los errores m\u00e1s comunes es creer que la frecuencia de publicaci\u00f3n es sin\u00f3nimo de \u00e9xito. Muchas empresas caen en la trampa de subir contenido sin planificaci\u00f3n, simplemente porque \u201chay que estar activos\u201d.<\/p>\n\n\n\n<p class=\"justificado\">Esto genera el efecto contrario al deseado: saturaci\u00f3n, desconexi\u00f3n con la audiencia y p\u00e9rdida de credibilidad. Un buen plan de marketing digital no solo define qu\u00e9 se publica, sino cu\u00e1ndo, c\u00f3mo y por qu\u00e9. Cada post, cada campa\u00f1a y cada interacci\u00f3n deben tener un prop\u00f3sito alineado con los objetivos del negocio.<\/p>\n\n\n\n<p class=\"justificado\">Otro problema es la obsesi\u00f3n con las m\u00e9tricas de vanidad. Conseguir miles de seguidores o recibir cientos de likes no significa que una marca est\u00e9 vendiendo m\u00e1s o fidelizando clientes. Medir el \u00e9xito en redes sociales requiere ir m\u00e1s all\u00e1 de los n\u00fameros superficiales y analizar indicadores como la tasa de conversi\u00f3n, el engagement real y el retorno de inversi\u00f3n. Una estrategia efectiva debe traducirse en resultados concretos, no solo en impresiones o interacciones vac\u00edas.<\/p>\n\n\n\n<p class=\"justificado\">El contenido es otro aspecto cr\u00edtico. No basta con subir im\u00e1genes atractivas o frases motivacionales. El marketing en redes sociales debe aportar valor, generar conversaci\u00f3n y conectar con las emociones del p\u00fablico. Las marcas que entienden esto, crean contenidos que educan, inspiran o resuelven problemas reales. No se trata solo de vender, sino de construir relaciones.<\/p>\n\n\n\n<p class=\"justificado\">Las tendencias tambi\u00e9n juegan un papel importante. Adaptarse a los cambios del algoritmo, entender el comportamiento de los usuarios y aprovechar formatos innovadores son elementos clave en una estrategia digital efectiva. No obstante, seguir tendencias sin un plan s\u00f3lido es como subirse a una ola sin saber nadar: puede que se gane visibilidad moment\u00e1nea, pero sin estrategia, el impacto ser\u00e1 ef\u00edmero.<\/p>\n\n\n\n<p class=\"justificado\">Las redes sociales son solo una pieza del rompecabezas. Un verdadero plan de marketing integra m\u00faltiples canales: email marketing, SEO, pauta digital, relaciones p\u00fablicas y estrategias offline. La clave est\u00e1 en la sinergia. Publicar en redes sin conectar estos esfuerzos con un ecosistema m\u00e1s amplio es limitar el potencial del negocio.<\/p>\n\n\n\n<p class=\"justificado \">El marketing efectivo es estrat\u00e9gico, medible y orientado a resultados. Publicar en redes sin una planificaci\u00f3n clara no es m\u00e1s que ruido digital. Las marcas que realmente quieren impactar deben ir m\u00e1s all\u00e1 del simple acto de postear y construir estrategias que generen valor, fortalezcan su identidad y logren objetivos reales. En un mundo saturado de informaci\u00f3n, la diferencia entre destacar y desaparecer radica en entender que las redes son un medio, no el fin.<\/p>\n\n\n\n<p>\u2014<\/p>\n\n\n\n<p><strong><em>Por: Mar\u00eda Fernanda Plazas Bravo \u2013 X: @mafeplazasbravo<br><\/em><\/strong><strong><em>Ingeniera en Recursos H\u00eddricos y Gesti\u00f3n Ambiental<br><\/em><\/strong><strong><em>Especialista en Marketing Pol\u00edtico \u2013 Comunicaci\u00f3n de Gobierno<br><\/em><\/strong><strong><em>Universidad Externado de Colombia<\/em><\/strong><\/p>\n","protected":false},"excerpt":{"rendered":"<p>Las redes sociales se han convertido en el escenario predilecto de muchas marcas, emprendedores y empresas para darse a conocer, vender productos o generar comunidad. Sin embargo, en este af\u00e1n por estar presentes en el entorno digital, se ha extendido una idea equivocada: creer que publicar en redes sociales equivale a hacer marketing. Nada m\u00e1s [&hellip;]<\/p>\n","protected":false},"author":4,"featured_media":0,"comment_status":"open","ping_status":"open","sticky":false,"template":"","format":"standard","meta":{"_acf_changed":false,"_joinchat":[],"footnotes":""},"categories":[23],"tags":[],"class_list":{"0":"post-7302","1":"post","2":"type-post","3":"status-publish","4":"format-standard","6":"category-opinion"},"acf":[],"yoast_head":"<!-- This site is optimized with the Yoast SEO plugin v27.5 - https:\/\/yoast.com\/product\/yoast-seo-wordpress\/ -->\n<title>Publicar en redes sociales no es marketing - AR Digital Noticias<\/title>\n<meta name=\"robots\" content=\"index, follow, max-snippet:-1, max-image-preview:large, max-video-preview:-1\" \/>\n<link rel=\"canonical\" href=\"https:\/\/ardigitalnoticias.com\/index.php\/2025\/03\/29\/publicar-en-redes-sociales-no-es-marketing\/\" \/>\n<meta property=\"og:locale\" content=\"es_ES\" \/>\n<meta property=\"og:type\" content=\"article\" \/>\n<meta property=\"og:title\" content=\"Publicar en redes sociales no es marketing - AR Digital Noticias\" \/>\n<meta property=\"og:description\" content=\"Las redes sociales se han convertido en el escenario predilecto de muchas marcas, emprendedores y empresas para darse a conocer, vender productos o generar comunidad. Sin embargo, en este af\u00e1n por estar presentes en el entorno digital, se ha extendido una idea equivocada: creer que publicar en redes sociales equivale a hacer marketing. Nada m\u00e1s [&hellip;]\" \/>\n<meta property=\"og:url\" content=\"https:\/\/ardigitalnoticias.com\/index.php\/2025\/03\/29\/publicar-en-redes-sociales-no-es-marketing\/\" \/>\n<meta property=\"og:site_name\" content=\"AR Digital Noticias\" \/>\n<meta property=\"article:published_time\" content=\"2025-03-29T21:09:30+00:00\" \/>\n<meta property=\"article:modified_time\" content=\"2025-03-29T21:09:31+00:00\" \/>\n<meta property=\"og:image\" content=\"https:\/\/ardigitalnoticias.com\/wp-content\/uploads\/2025\/03\/Imagen-columnas-AR-2025.png\" \/>\n\t<meta property=\"og:image:width\" content=\"1200\" \/>\n\t<meta property=\"og:image:height\" content=\"628\" \/>\n\t<meta property=\"og:image:type\" content=\"image\/png\" \/>\n<meta name=\"author\" content=\"Maria Fernanda Plazas\" \/>\n<meta name=\"twitter:card\" content=\"summary_large_image\" \/>\n<meta name=\"twitter:label1\" content=\"Escrito por\" \/>\n\t<meta name=\"twitter:data1\" content=\"Maria Fernanda Plazas\" \/>\n\t<meta name=\"twitter:label2\" content=\"Tiempo de lectura\" \/>\n\t<meta name=\"twitter:data2\" content=\"4 minutos\" \/>\n<script type=\"application\/ld+json\" class=\"yoast-schema-graph\">{\"@context\":\"https:\\\/\\\/schema.org\",\"@graph\":[{\"@type\":\"Article\",\"@id\":\"https:\\\/\\\/ardigitalnoticias.com\\\/index.php\\\/2025\\\/03\\\/29\\\/publicar-en-redes-sociales-no-es-marketing\\\/#article\",\"isPartOf\":{\"@id\":\"https:\\\/\\\/ardigitalnoticias.com\\\/index.php\\\/2025\\\/03\\\/29\\\/publicar-en-redes-sociales-no-es-marketing\\\/\"},\"author\":{\"name\":\"Maria Fernanda Plazas\",\"@id\":\"https:\\\/\\\/ardigitalnoticias.com\\\/#\\\/schema\\\/person\\\/bd9b5d500ae5be02629fed9405f36096\"},\"headline\":\"Publicar en redes sociales no es marketing\",\"datePublished\":\"2025-03-29T21:09:30+00:00\",\"dateModified\":\"2025-03-29T21:09:31+00:00\",\"mainEntityOfPage\":{\"@id\":\"https:\\\/\\\/ardigitalnoticias.com\\\/index.php\\\/2025\\\/03\\\/29\\\/publicar-en-redes-sociales-no-es-marketing\\\/\"},\"wordCount\":751,\"commentCount\":0,\"publisher\":{\"@id\":\"https:\\\/\\\/ardigitalnoticias.com\\\/#organization\"},\"articleSection\":[\"Opini\u00f3n\"],\"inLanguage\":\"es\",\"potentialAction\":[{\"@type\":\"CommentAction\",\"name\":\"Comment\",\"target\":[\"https:\\\/\\\/ardigitalnoticias.com\\\/index.php\\\/2025\\\/03\\\/29\\\/publicar-en-redes-sociales-no-es-marketing\\\/#respond\"]}]},{\"@type\":\"WebPage\",\"@id\":\"https:\\\/\\\/ardigitalnoticias.com\\\/index.php\\\/2025\\\/03\\\/29\\\/publicar-en-redes-sociales-no-es-marketing\\\/\",\"url\":\"https:\\\/\\\/ardigitalnoticias.com\\\/index.php\\\/2025\\\/03\\\/29\\\/publicar-en-redes-sociales-no-es-marketing\\\/\",\"name\":\"Publicar en redes sociales no es marketing - AR Digital Noticias\",\"isPartOf\":{\"@id\":\"https:\\\/\\\/ardigitalnoticias.com\\\/#website\"},\"datePublished\":\"2025-03-29T21:09:30+00:00\",\"dateModified\":\"2025-03-29T21:09:31+00:00\",\"breadcrumb\":{\"@id\":\"https:\\\/\\\/ardigitalnoticias.com\\\/index.php\\\/2025\\\/03\\\/29\\\/publicar-en-redes-sociales-no-es-marketing\\\/#breadcrumb\"},\"inLanguage\":\"es\",\"potentialAction\":[{\"@type\":\"ReadAction\",\"target\":[\"https:\\\/\\\/ardigitalnoticias.com\\\/index.php\\\/2025\\\/03\\\/29\\\/publicar-en-redes-sociales-no-es-marketing\\\/\"]}]},{\"@type\":\"BreadcrumbList\",\"@id\":\"https:\\\/\\\/ardigitalnoticias.com\\\/index.php\\\/2025\\\/03\\\/29\\\/publicar-en-redes-sociales-no-es-marketing\\\/#breadcrumb\",\"itemListElement\":[{\"@type\":\"ListItem\",\"position\":1,\"name\":\"Portada\",\"item\":\"https:\\\/\\\/ardigitalnoticias.com\\\/\"},{\"@type\":\"ListItem\",\"position\":2,\"name\":\"Publicar en redes sociales no es marketing\"}]},{\"@type\":\"WebSite\",\"@id\":\"https:\\\/\\\/ardigitalnoticias.com\\\/#website\",\"url\":\"https:\\\/\\\/ardigitalnoticias.com\\\/\",\"name\":\"AR Digital Noticias\",\"description\":\"\",\"publisher\":{\"@id\":\"https:\\\/\\\/ardigitalnoticias.com\\\/#organization\"},\"potentialAction\":[{\"@type\":\"SearchAction\",\"target\":{\"@type\":\"EntryPoint\",\"urlTemplate\":\"https:\\\/\\\/ardigitalnoticias.com\\\/?s={search_term_string}\"},\"query-input\":{\"@type\":\"PropertyValueSpecification\",\"valueRequired\":true,\"valueName\":\"search_term_string\"}}],\"inLanguage\":\"es\"},{\"@type\":\"Organization\",\"@id\":\"https:\\\/\\\/ardigitalnoticias.com\\\/#organization\",\"name\":\"AR Digital Noticias\",\"url\":\"https:\\\/\\\/ardigitalnoticias.com\\\/\",\"logo\":{\"@type\":\"ImageObject\",\"inLanguage\":\"es\",\"@id\":\"https:\\\/\\\/ardigitalnoticias.com\\\/#\\\/schema\\\/logo\\\/image\\\/\",\"url\":\"https:\\\/\\\/ardigitalnoticias.com\\\/wp-content\\\/uploads\\\/2023\\\/11\\\/cropped-cropped-cropped-cropped-AR-Digital-Noticias-1.png\",\"contentUrl\":\"https:\\\/\\\/ardigitalnoticias.com\\\/wp-content\\\/uploads\\\/2023\\\/11\\\/cropped-cropped-cropped-cropped-AR-Digital-Noticias-1.png\",\"width\":972,\"height\":306,\"caption\":\"AR Digital Noticias\"},\"image\":{\"@id\":\"https:\\\/\\\/ardigitalnoticias.com\\\/#\\\/schema\\\/logo\\\/image\\\/\"}},{\"@type\":\"Person\",\"@id\":\"https:\\\/\\\/ardigitalnoticias.com\\\/#\\\/schema\\\/person\\\/bd9b5d500ae5be02629fed9405f36096\",\"name\":\"Maria Fernanda Plazas\",\"image\":{\"@type\":\"ImageObject\",\"inLanguage\":\"es\",\"@id\":\"https:\\\/\\\/secure.gravatar.com\\\/avatar\\\/81c8593451217fdebec74457e5eb1f961f6a0a3aef1265cac852a8a78a05b5b9?s=96&d=mm&r=g\",\"url\":\"https:\\\/\\\/secure.gravatar.com\\\/avatar\\\/81c8593451217fdebec74457e5eb1f961f6a0a3aef1265cac852a8a78a05b5b9?s=96&d=mm&r=g\",\"contentUrl\":\"https:\\\/\\\/secure.gravatar.com\\\/avatar\\\/81c8593451217fdebec74457e5eb1f961f6a0a3aef1265cac852a8a78a05b5b9?s=96&d=mm&r=g\",\"caption\":\"Maria Fernanda Plazas\"},\"url\":\"https:\\\/\\\/ardigitalnoticias.com\\\/index.php\\\/author\\\/maria-fernanda-plazas\\\/\"}]}<\/script>\n<!-- \/ Yoast SEO plugin. -->","yoast_head_json":{"title":"Publicar en redes sociales no es marketing - AR Digital Noticias","robots":{"index":"index","follow":"follow","max-snippet":"max-snippet:-1","max-image-preview":"max-image-preview:large","max-video-preview":"max-video-preview:-1"},"canonical":"https:\/\/ardigitalnoticias.com\/index.php\/2025\/03\/29\/publicar-en-redes-sociales-no-es-marketing\/","og_locale":"es_ES","og_type":"article","og_title":"Publicar en redes sociales no es marketing - AR Digital Noticias","og_description":"Las redes sociales se han convertido en el escenario predilecto de muchas marcas, emprendedores y empresas para darse a conocer, vender productos o generar comunidad. Sin embargo, en este af\u00e1n por estar presentes en el entorno digital, se ha extendido una idea equivocada: creer que publicar en redes sociales equivale a hacer marketing. Nada m\u00e1s [&hellip;]","og_url":"https:\/\/ardigitalnoticias.com\/index.php\/2025\/03\/29\/publicar-en-redes-sociales-no-es-marketing\/","og_site_name":"AR Digital Noticias","article_published_time":"2025-03-29T21:09:30+00:00","article_modified_time":"2025-03-29T21:09:31+00:00","og_image":[{"width":1200,"height":628,"url":"https:\/\/ardigitalnoticias.com\/wp-content\/uploads\/2025\/03\/Imagen-columnas-AR-2025.png","type":"image\/png"}],"author":"Maria Fernanda Plazas","twitter_card":"summary_large_image","twitter_misc":{"Escrito por":"Maria Fernanda Plazas","Tiempo de lectura":"4 minutos"},"schema":{"@context":"https:\/\/schema.org","@graph":[{"@type":"Article","@id":"https:\/\/ardigitalnoticias.com\/index.php\/2025\/03\/29\/publicar-en-redes-sociales-no-es-marketing\/#article","isPartOf":{"@id":"https:\/\/ardigitalnoticias.com\/index.php\/2025\/03\/29\/publicar-en-redes-sociales-no-es-marketing\/"},"author":{"name":"Maria Fernanda Plazas","@id":"https:\/\/ardigitalnoticias.com\/#\/schema\/person\/bd9b5d500ae5be02629fed9405f36096"},"headline":"Publicar en redes sociales no es marketing","datePublished":"2025-03-29T21:09:30+00:00","dateModified":"2025-03-29T21:09:31+00:00","mainEntityOfPage":{"@id":"https:\/\/ardigitalnoticias.com\/index.php\/2025\/03\/29\/publicar-en-redes-sociales-no-es-marketing\/"},"wordCount":751,"commentCount":0,"publisher":{"@id":"https:\/\/ardigitalnoticias.com\/#organization"},"articleSection":["Opini\u00f3n"],"inLanguage":"es","potentialAction":[{"@type":"CommentAction","name":"Comment","target":["https:\/\/ardigitalnoticias.com\/index.php\/2025\/03\/29\/publicar-en-redes-sociales-no-es-marketing\/#respond"]}]},{"@type":"WebPage","@id":"https:\/\/ardigitalnoticias.com\/index.php\/2025\/03\/29\/publicar-en-redes-sociales-no-es-marketing\/","url":"https:\/\/ardigitalnoticias.com\/index.php\/2025\/03\/29\/publicar-en-redes-sociales-no-es-marketing\/","name":"Publicar en redes sociales no es marketing - AR Digital Noticias","isPartOf":{"@id":"https:\/\/ardigitalnoticias.com\/#website"},"datePublished":"2025-03-29T21:09:30+00:00","dateModified":"2025-03-29T21:09:31+00:00","breadcrumb":{"@id":"https:\/\/ardigitalnoticias.com\/index.php\/2025\/03\/29\/publicar-en-redes-sociales-no-es-marketing\/#breadcrumb"},"inLanguage":"es","potentialAction":[{"@type":"ReadAction","target":["https:\/\/ardigitalnoticias.com\/index.php\/2025\/03\/29\/publicar-en-redes-sociales-no-es-marketing\/"]}]},{"@type":"BreadcrumbList","@id":"https:\/\/ardigitalnoticias.com\/index.php\/2025\/03\/29\/publicar-en-redes-sociales-no-es-marketing\/#breadcrumb","itemListElement":[{"@type":"ListItem","position":1,"name":"Portada","item":"https:\/\/ardigitalnoticias.com\/"},{"@type":"ListItem","position":2,"name":"Publicar en redes sociales no es marketing"}]},{"@type":"WebSite","@id":"https:\/\/ardigitalnoticias.com\/#website","url":"https:\/\/ardigitalnoticias.com\/","name":"AR Digital Noticias","description":"","publisher":{"@id":"https:\/\/ardigitalnoticias.com\/#organization"},"potentialAction":[{"@type":"SearchAction","target":{"@type":"EntryPoint","urlTemplate":"https:\/\/ardigitalnoticias.com\/?s={search_term_string}"},"query-input":{"@type":"PropertyValueSpecification","valueRequired":true,"valueName":"search_term_string"}}],"inLanguage":"es"},{"@type":"Organization","@id":"https:\/\/ardigitalnoticias.com\/#organization","name":"AR Digital Noticias","url":"https:\/\/ardigitalnoticias.com\/","logo":{"@type":"ImageObject","inLanguage":"es","@id":"https:\/\/ardigitalnoticias.com\/#\/schema\/logo\/image\/","url":"https:\/\/ardigitalnoticias.com\/wp-content\/uploads\/2023\/11\/cropped-cropped-cropped-cropped-AR-Digital-Noticias-1.png","contentUrl":"https:\/\/ardigitalnoticias.com\/wp-content\/uploads\/2023\/11\/cropped-cropped-cropped-cropped-AR-Digital-Noticias-1.png","width":972,"height":306,"caption":"AR Digital Noticias"},"image":{"@id":"https:\/\/ardigitalnoticias.com\/#\/schema\/logo\/image\/"}},{"@type":"Person","@id":"https:\/\/ardigitalnoticias.com\/#\/schema\/person\/bd9b5d500ae5be02629fed9405f36096","name":"Maria Fernanda Plazas","image":{"@type":"ImageObject","inLanguage":"es","@id":"https:\/\/secure.gravatar.com\/avatar\/81c8593451217fdebec74457e5eb1f961f6a0a3aef1265cac852a8a78a05b5b9?s=96&d=mm&r=g","url":"https:\/\/secure.gravatar.com\/avatar\/81c8593451217fdebec74457e5eb1f961f6a0a3aef1265cac852a8a78a05b5b9?s=96&d=mm&r=g","contentUrl":"https:\/\/secure.gravatar.com\/avatar\/81c8593451217fdebec74457e5eb1f961f6a0a3aef1265cac852a8a78a05b5b9?s=96&d=mm&r=g","caption":"Maria Fernanda Plazas"},"url":"https:\/\/ardigitalnoticias.com\/index.php\/author\/maria-fernanda-plazas\/"}]}},"_links":{"self":[{"href":"https:\/\/ardigitalnoticias.com\/index.php\/wp-json\/wp\/v2\/posts\/7302","targetHints":{"allow":["GET"]}}],"collection":[{"href":"https:\/\/ardigitalnoticias.com\/index.php\/wp-json\/wp\/v2\/posts"}],"about":[{"href":"https:\/\/ardigitalnoticias.com\/index.php\/wp-json\/wp\/v2\/types\/post"}],"author":[{"embeddable":true,"href":"https:\/\/ardigitalnoticias.com\/index.php\/wp-json\/wp\/v2\/users\/4"}],"replies":[{"embeddable":true,"href":"https:\/\/ardigitalnoticias.com\/index.php\/wp-json\/wp\/v2\/comments?post=7302"}],"version-history":[{"count":1,"href":"https:\/\/ardigitalnoticias.com\/index.php\/wp-json\/wp\/v2\/posts\/7302\/revisions"}],"predecessor-version":[{"id":7304,"href":"https:\/\/ardigitalnoticias.com\/index.php\/wp-json\/wp\/v2\/posts\/7302\/revisions\/7304"}],"wp:attachment":[{"href":"https:\/\/ardigitalnoticias.com\/index.php\/wp-json\/wp\/v2\/media?parent=7302"}],"wp:term":[{"taxonomy":"category","embeddable":true,"href":"https:\/\/ardigitalnoticias.com\/index.php\/wp-json\/wp\/v2\/categories?post=7302"},{"taxonomy":"post_tag","embeddable":true,"href":"https:\/\/ardigitalnoticias.com\/index.php\/wp-json\/wp\/v2\/tags?post=7302"}],"curies":[{"name":"wp","href":"https:\/\/api.w.org\/{rel}","templated":true}]}}