{"id":7221,"date":"2025-03-24T12:21:29","date_gmt":"2025-03-24T17:21:29","guid":{"rendered":"https:\/\/ardigitalnoticias.com\/?p=7221"},"modified":"2025-03-24T12:21:30","modified_gmt":"2025-03-24T17:21:30","slug":"doble-crimen-en-algeciras-autoridades-refuerzan-operativos-para-dar-con-los-responsables","status":"publish","type":"post","link":"https:\/\/ardigitalnoticias.com\/index.php\/2025\/03\/24\/doble-crimen-en-algeciras-autoridades-refuerzan-operativos-para-dar-con-los-responsables\/","title":{"rendered":"DOBLE CRIMEN EN ALGECIRAS AUTORIDADES REFUERZAN OPERATIVOS PARA DAR CON LOS RESPONSABLES"},"content":{"rendered":"\n<p>El municipio de Algeciras, en el departamento del Huila, se encuentra en m\u00e1xima alerta tras el asesinato de dos personas en hechos violentos ocurridos en las \u00faltimas horas.<\/p>\n\n\n\n<p><strong>POR: ANDR\u00c9S RODR\u00cdGUEZ. <\/strong><\/p>\n\n\n\n<p>Las autoridades han intensificado las investigaciones y operativos para esclarecer estos homicidios, que han generado preocupaci\u00f3n en la comunidad y han elevado la sensaci\u00f3n de inseguridad en la regi\u00f3n.<\/p>\n\n\n\n<p>???? LOS HECHOS: DOS CR\u00cdMENES EN MENOS DE 24 HORAS<\/p>\n\n\n\n<p>De acuerdo con informaci\u00f3n preliminar, ambas v\u00edctimas murieron por heridas provocadas con arma de fuego en situaciones distintas pero con un patr\u00f3n similar.<\/p>\n\n\n\n<p>???? Primer caso: La primera v\u00edctima fue identificada como Yeison Sarmiento, residente en la vereda Quebrad\u00f3n Sur. Su asesinato ocurri\u00f3 en el barrio El Bosque, un sector que ha sido escenario de otros hechos violentos en el pasado.<\/p>\n\n\n\n<p>???? Segundo caso: Horas despu\u00e9s, un segundo homicidio se registr\u00f3 en la vereda Col\u00f3n, donde un hombre fue asesinado bajo circunstancias a\u00fan no esclarecidas. Hasta el momento, las autoridades no han revelado su identidad.<\/p>\n\n\n\n<p>Estos hechos han generado gran conmoci\u00f3n en Algeciras, un municipio que en los \u00faltimos a\u00f1os ha sido golpeado por la violencia y la presencia de grupos al margen de la ley.<\/p>\n\n\n\n<p>???? INVESTIGACI\u00d3N Y MEDIDAS DE SEGURIDAD<\/p>\n\n\n\n<p>Ante la gravedad de la situaci\u00f3n, las autoridades han reforzado la presencia policial y han implementado estrategias para capturar a los responsables.<\/p>\n\n\n\n<p>\u00abEstamos recopilando informaci\u00f3n y analizando las primeras pruebas para dar con los responsables de estos hechos. Hacemos un llamado a la comunidad para que colabore con cualquier dato que pueda ser relevante para la investigaci\u00f3n\u00bb, se\u00f1al\u00f3 un vocero de la Polic\u00eda Nacional.<\/p>\n\n\n\n<p>Se ha dispuesto un equipo especializado de la SIJIN y el CTI de la Fiscal\u00eda para adelantar las pesquisas y esclarecer si estos asesinatos est\u00e1n relacionados entre s\u00ed o si responden a disputas espec\u00edficas.Adem\u00e1s, las autoridades han habilitado l\u00edneas de denuncia an\u00f3nima para que la comunidad pueda aportar informaci\u00f3n clave sin temor a represalias.<\/p>\n\n\n\n<p>???? PREOCUPACI\u00d3N EN LA COMUNIDAD<\/p>\n\n\n\n<p>Los habitantes de Algeciras manifiestan su temor ante el aumento de la violencia en la zona. \u00abNo queremos que nuestro municipio vuelva a vivir \u00e9pocas de miedo. Pedimos m\u00e1s seguridad y presencia del Estado\u00bb, expres\u00f3 un l\u00edder comunitario.<\/p>\n\n\n\n<p>En los \u00faltimos meses, organizaciones defensoras de derechos humanos han advertido sobre el incremento de hechos violentos en la regi\u00f3n, lo que ha generado el desplazamiento de algunas familias.Ante esto, la Gobernaci\u00f3n del Huila y la Alcald\u00eda de Algeciras han solicitado el apoyo del Ej\u00e9rcito Nacional para fortalecer las acciones de seguridad y evitar que estos cr\u00edmenes queden en la impunidad.<\/p>\n\n\n\n<p>???? SE ESPERA PRONUNCIAMIENTO OFICIAL<\/p>\n\n\n\n<p>Las autoridades municipales y departamentales han anunciado una rueda de prensa en las pr\u00f3ximas horas para informar sobre los avances en la investigaci\u00f3n y las medidas que se implementar\u00e1n para garantizar la seguridad de la poblaci\u00f3n.<\/p>\n\n\n\n<p>Mientras tanto, la comunidad permanece a la expectativa y con la esperanza de que se tomen acciones contundentes para frenar la ola de violencia en Algeciras.<\/p>\n\n\n<div class=\"wp-block-image\">\n<figure class=\"aligncenter size-full\"><img loading=\"lazy\" decoding=\"async\" width=\"637\" height=\"607\" src=\"https:\/\/ardigitalnoticias.com\/wp-content\/uploads\/2025\/03\/Screenshot_20250324_112020_Facebook.png\" alt=\"\" class=\"wp-image-7223\" srcset=\"https:\/\/ardigitalnoticias.com\/wp-content\/uploads\/2025\/03\/Screenshot_20250324_112020_Facebook.png 637w, https:\/\/ardigitalnoticias.com\/wp-content\/uploads\/2025\/03\/Screenshot_20250324_112020_Facebook-600x572.png 600w, https:\/\/ardigitalnoticias.com\/wp-content\/uploads\/2025\/03\/Screenshot_20250324_112020_Facebook-300x286.png 300w, https:\/\/ardigitalnoticias.com\/wp-content\/uploads\/2025\/03\/Screenshot_20250324_112020_Facebook-441x420.png 441w, https:\/\/ardigitalnoticias.com\/wp-content\/uploads\/2025\/03\/Screenshot_20250324_112020_Facebook-150x143.png 150w\" sizes=\"auto, (max-width: 637px) 100vw, 637px\" \/><\/figure>\n<\/div>","protected":false},"excerpt":{"rendered":"<p>El municipio de Algeciras, en el departamento del Huila, se encuentra en m\u00e1xima alerta tras el asesinato de dos personas en hechos violentos ocurridos en las \u00faltimas horas. POR: ANDR\u00c9S RODR\u00cdGUEZ. Las autoridades han intensificado las investigaciones y operativos para esclarecer estos homicidios, que han generado preocupaci\u00f3n en la comunidad y han elevado la sensaci\u00f3n [&hellip;]<\/p>\n","protected":false},"author":2,"featured_media":7222,"comment_status":"open","ping_status":"open","sticky":false,"template":"","format":"standard","meta":{"_acf_changed":false,"_joinchat":[],"footnotes":""},"categories":[1,20,26,19],"tags":[],"class_list":{"0":"post-7221","1":"post","2":"type-post","3":"status-publish","4":"format-standard","5":"has-post-thumbnail","7":"category-actualidad","8":"category-judicial","9":"category-norte","10":"category-regional"},"acf":[],"yoast_head":"<!-- This site is optimized with the Yoast SEO plugin v27.4 - https:\/\/yoast.com\/product\/yoast-seo-wordpress\/ -->\n<title>DOBLE CRIMEN EN ALGECIRAS AUTORIDADES REFUERZAN OPERATIVOS PARA DAR CON LOS RESPONSABLES - AR Digital Noticias<\/title>\n<meta name=\"robots\" content=\"index, follow, max-snippet:-1, max-image-preview:large, max-video-preview:-1\" \/>\n<link rel=\"canonical\" href=\"https:\/\/ardigitalnoticias.com\/index.php\/2025\/03\/24\/doble-crimen-en-algeciras-autoridades-refuerzan-operativos-para-dar-con-los-responsables\/\" \/>\n<meta property=\"og:locale\" content=\"es_ES\" \/>\n<meta property=\"og:type\" content=\"article\" \/>\n<meta property=\"og:title\" content=\"DOBLE CRIMEN EN ALGECIRAS AUTORIDADES REFUERZAN OPERATIVOS PARA DAR CON LOS RESPONSABLES - AR Digital Noticias\" \/>\n<meta property=\"og:description\" content=\"El municipio de Algeciras, en el departamento del Huila, se encuentra en m\u00e1xima alerta tras el asesinato de dos personas en hechos violentos ocurridos en las \u00faltimas horas. POR: ANDR\u00c9S RODR\u00cdGUEZ. Las autoridades han intensificado las investigaciones y operativos para esclarecer estos homicidios, que han generado preocupaci\u00f3n en la comunidad y han elevado la sensaci\u00f3n [&hellip;]\" \/>\n<meta property=\"og:url\" content=\"https:\/\/ardigitalnoticias.com\/index.php\/2025\/03\/24\/doble-crimen-en-algeciras-autoridades-refuerzan-operativos-para-dar-con-los-responsables\/\" \/>\n<meta property=\"og:site_name\" content=\"AR Digital Noticias\" \/>\n<meta property=\"article:published_time\" content=\"2025-03-24T17:21:29+00:00\" \/>\n<meta property=\"article:modified_time\" content=\"2025-03-24T17:21:30+00:00\" \/>\n<meta property=\"og:image\" content=\"https:\/\/ardigitalnoticias.com\/wp-content\/uploads\/2025\/03\/InShot_20250324_113831203.jpg\" \/>\n\t<meta property=\"og:image:width\" content=\"1920\" \/>\n\t<meta property=\"og:image:height\" content=\"1079\" \/>\n\t<meta property=\"og:image:type\" content=\"image\/jpeg\" \/>\n<meta name=\"author\" content=\"AR Digital Noticias\" \/>\n<meta name=\"twitter:card\" content=\"summary_large_image\" \/>\n<meta name=\"twitter:label1\" content=\"Escrito por\" \/>\n\t<meta name=\"twitter:data1\" content=\"AR Digital Noticias\" \/>\n\t<meta name=\"twitter:label2\" content=\"Tiempo de lectura\" \/>\n\t<meta name=\"twitter:data2\" content=\"3 minutos\" \/>\n<script type=\"application\/ld+json\" class=\"yoast-schema-graph\">{\"@context\":\"https:\\\/\\\/schema.org\",\"@graph\":[{\"@type\":\"Article\",\"@id\":\"https:\\\/\\\/ardigitalnoticias.com\\\/index.php\\\/2025\\\/03\\\/24\\\/doble-crimen-en-algeciras-autoridades-refuerzan-operativos-para-dar-con-los-responsables\\\/#article\",\"isPartOf\":{\"@id\":\"https:\\\/\\\/ardigitalnoticias.com\\\/index.php\\\/2025\\\/03\\\/24\\\/doble-crimen-en-algeciras-autoridades-refuerzan-operativos-para-dar-con-los-responsables\\\/\"},\"author\":{\"name\":\"AR Digital Noticias\",\"@id\":\"https:\\\/\\\/ardigitalnoticias.com\\\/#\\\/schema\\\/person\\\/3f1b0a96e890d8cba89a76c7558a147c\"},\"headline\":\"DOBLE CRIMEN EN ALGECIRAS AUTORIDADES REFUERZAN OPERATIVOS PARA DAR CON LOS RESPONSABLES\",\"datePublished\":\"2025-03-24T17:21:29+00:00\",\"dateModified\":\"2025-03-24T17:21:30+00:00\",\"mainEntityOfPage\":{\"@id\":\"https:\\\/\\\/ardigitalnoticias.com\\\/index.php\\\/2025\\\/03\\\/24\\\/doble-crimen-en-algeciras-autoridades-refuerzan-operativos-para-dar-con-los-responsables\\\/\"},\"wordCount\":540,\"commentCount\":0,\"publisher\":{\"@id\":\"https:\\\/\\\/ardigitalnoticias.com\\\/#organization\"},\"image\":{\"@id\":\"https:\\\/\\\/ardigitalnoticias.com\\\/index.php\\\/2025\\\/03\\\/24\\\/doble-crimen-en-algeciras-autoridades-refuerzan-operativos-para-dar-con-los-responsables\\\/#primaryimage\"},\"thumbnailUrl\":\"https:\\\/\\\/ardigitalnoticias.com\\\/wp-content\\\/uploads\\\/2025\\\/03\\\/InShot_20250324_113831203.jpg\",\"articleSection\":[\"Actualidad\",\"Judicial\",\"Norte\",\"Regional\"],\"inLanguage\":\"es\",\"potentialAction\":[{\"@type\":\"CommentAction\",\"name\":\"Comment\",\"target\":[\"https:\\\/\\\/ardigitalnoticias.com\\\/index.php\\\/2025\\\/03\\\/24\\\/doble-crimen-en-algeciras-autoridades-refuerzan-operativos-para-dar-con-los-responsables\\\/#respond\"]}]},{\"@type\":\"WebPage\",\"@id\":\"https:\\\/\\\/ardigitalnoticias.com\\\/index.php\\\/2025\\\/03\\\/24\\\/doble-crimen-en-algeciras-autoridades-refuerzan-operativos-para-dar-con-los-responsables\\\/\",\"url\":\"https:\\\/\\\/ardigitalnoticias.com\\\/index.php\\\/2025\\\/03\\\/24\\\/doble-crimen-en-algeciras-autoridades-refuerzan-operativos-para-dar-con-los-responsables\\\/\",\"name\":\"DOBLE CRIMEN EN ALGECIRAS AUTORIDADES REFUERZAN OPERATIVOS PARA DAR CON LOS RESPONSABLES - AR Digital Noticias\",\"isPartOf\":{\"@id\":\"https:\\\/\\\/ardigitalnoticias.com\\\/#website\"},\"primaryImageOfPage\":{\"@id\":\"https:\\\/\\\/ardigitalnoticias.com\\\/index.php\\\/2025\\\/03\\\/24\\\/doble-crimen-en-algeciras-autoridades-refuerzan-operativos-para-dar-con-los-responsables\\\/#primaryimage\"},\"image\":{\"@id\":\"https:\\\/\\\/ardigitalnoticias.com\\\/index.php\\\/2025\\\/03\\\/24\\\/doble-crimen-en-algeciras-autoridades-refuerzan-operativos-para-dar-con-los-responsables\\\/#primaryimage\"},\"thumbnailUrl\":\"https:\\\/\\\/ardigitalnoticias.com\\\/wp-content\\\/uploads\\\/2025\\\/03\\\/InShot_20250324_113831203.jpg\",\"datePublished\":\"2025-03-24T17:21:29+00:00\",\"dateModified\":\"2025-03-24T17:21:30+00:00\",\"breadcrumb\":{\"@id\":\"https:\\\/\\\/ardigitalnoticias.com\\\/index.php\\\/2025\\\/03\\\/24\\\/doble-crimen-en-algeciras-autoridades-refuerzan-operativos-para-dar-con-los-responsables\\\/#breadcrumb\"},\"inLanguage\":\"es\",\"potentialAction\":[{\"@type\":\"ReadAction\",\"target\":[\"https:\\\/\\\/ardigitalnoticias.com\\\/index.php\\\/2025\\\/03\\\/24\\\/doble-crimen-en-algeciras-autoridades-refuerzan-operativos-para-dar-con-los-responsables\\\/\"]}]},{\"@type\":\"ImageObject\",\"inLanguage\":\"es\",\"@id\":\"https:\\\/\\\/ardigitalnoticias.com\\\/index.php\\\/2025\\\/03\\\/24\\\/doble-crimen-en-algeciras-autoridades-refuerzan-operativos-para-dar-con-los-responsables\\\/#primaryimage\",\"url\":\"https:\\\/\\\/ardigitalnoticias.com\\\/wp-content\\\/uploads\\\/2025\\\/03\\\/InShot_20250324_113831203.jpg\",\"contentUrl\":\"https:\\\/\\\/ardigitalnoticias.com\\\/wp-content\\\/uploads\\\/2025\\\/03\\\/InShot_20250324_113831203.jpg\",\"width\":1920,\"height\":1079},{\"@type\":\"BreadcrumbList\",\"@id\":\"https:\\\/\\\/ardigitalnoticias.com\\\/index.php\\\/2025\\\/03\\\/24\\\/doble-crimen-en-algeciras-autoridades-refuerzan-operativos-para-dar-con-los-responsables\\\/#breadcrumb\",\"itemListElement\":[{\"@type\":\"ListItem\",\"position\":1,\"name\":\"Portada\",\"item\":\"https:\\\/\\\/ardigitalnoticias.com\\\/\"},{\"@type\":\"ListItem\",\"position\":2,\"name\":\"DOBLE CRIMEN EN ALGECIRAS AUTORIDADES REFUERZAN OPERATIVOS PARA DAR CON LOS RESPONSABLES\"}]},{\"@type\":\"WebSite\",\"@id\":\"https:\\\/\\\/ardigitalnoticias.com\\\/#website\",\"url\":\"https:\\\/\\\/ardigitalnoticias.com\\\/\",\"name\":\"AR Digital Noticias\",\"description\":\"\",\"publisher\":{\"@id\":\"https:\\\/\\\/ardigitalnoticias.com\\\/#organization\"},\"potentialAction\":[{\"@type\":\"SearchAction\",\"target\":{\"@type\":\"EntryPoint\",\"urlTemplate\":\"https:\\\/\\\/ardigitalnoticias.com\\\/?s={search_term_string}\"},\"query-input\":{\"@type\":\"PropertyValueSpecification\",\"valueRequired\":true,\"valueName\":\"search_term_string\"}}],\"inLanguage\":\"es\"},{\"@type\":\"Organization\",\"@id\":\"https:\\\/\\\/ardigitalnoticias.com\\\/#organization\",\"name\":\"AR Digital Noticias\",\"url\":\"https:\\\/\\\/ardigitalnoticias.com\\\/\",\"logo\":{\"@type\":\"ImageObject\",\"inLanguage\":\"es\",\"@id\":\"https:\\\/\\\/ardigitalnoticias.com\\\/#\\\/schema\\\/logo\\\/image\\\/\",\"url\":\"https:\\\/\\\/ardigitalnoticias.com\\\/wp-content\\\/uploads\\\/2023\\\/11\\\/cropped-cropped-cropped-cropped-AR-Digital-Noticias-1.png\",\"contentUrl\":\"https:\\\/\\\/ardigitalnoticias.com\\\/wp-content\\\/uploads\\\/2023\\\/11\\\/cropped-cropped-cropped-cropped-AR-Digital-Noticias-1.png\",\"width\":972,\"height\":306,\"caption\":\"AR Digital Noticias\"},\"image\":{\"@id\":\"https:\\\/\\\/ardigitalnoticias.com\\\/#\\\/schema\\\/logo\\\/image\\\/\"}},{\"@type\":\"Person\",\"@id\":\"https:\\\/\\\/ardigitalnoticias.com\\\/#\\\/schema\\\/person\\\/3f1b0a96e890d8cba89a76c7558a147c\",\"name\":\"AR Digital Noticias\",\"image\":{\"@type\":\"ImageObject\",\"inLanguage\":\"es\",\"@id\":\"https:\\\/\\\/secure.gravatar.com\\\/avatar\\\/55d1acd2f9cac74c99f42fcb5090c2f994204a6f6c571cf4c3001ae692cb9b34?s=96&d=mm&r=g\",\"url\":\"https:\\\/\\\/secure.gravatar.com\\\/avatar\\\/55d1acd2f9cac74c99f42fcb5090c2f994204a6f6c571cf4c3001ae692cb9b34?s=96&d=mm&r=g\",\"contentUrl\":\"https:\\\/\\\/secure.gravatar.com\\\/avatar\\\/55d1acd2f9cac74c99f42fcb5090c2f994204a6f6c571cf4c3001ae692cb9b34?s=96&d=mm&r=g\",\"caption\":\"AR Digital Noticias\"},\"sameAs\":[\"http:\\\/\\\/ardigitalnoticias.com\"],\"url\":\"https:\\\/\\\/ardigitalnoticias.com\\\/index.php\\\/author\\\/editorial\\\/\"}]}<\/script>\n<!-- \/ Yoast SEO plugin. -->","yoast_head_json":{"title":"DOBLE CRIMEN EN ALGECIRAS AUTORIDADES REFUERZAN OPERATIVOS PARA DAR CON LOS RESPONSABLES - AR Digital Noticias","robots":{"index":"index","follow":"follow","max-snippet":"max-snippet:-1","max-image-preview":"max-image-preview:large","max-video-preview":"max-video-preview:-1"},"canonical":"https:\/\/ardigitalnoticias.com\/index.php\/2025\/03\/24\/doble-crimen-en-algeciras-autoridades-refuerzan-operativos-para-dar-con-los-responsables\/","og_locale":"es_ES","og_type":"article","og_title":"DOBLE CRIMEN EN ALGECIRAS AUTORIDADES REFUERZAN OPERATIVOS PARA DAR CON LOS RESPONSABLES - AR Digital Noticias","og_description":"El municipio de Algeciras, en el departamento del Huila, se encuentra en m\u00e1xima alerta tras el asesinato de dos personas en hechos violentos ocurridos en las \u00faltimas horas. POR: ANDR\u00c9S RODR\u00cdGUEZ. Las autoridades han intensificado las investigaciones y operativos para esclarecer estos homicidios, que han generado preocupaci\u00f3n en la comunidad y han elevado la sensaci\u00f3n [&hellip;]","og_url":"https:\/\/ardigitalnoticias.com\/index.php\/2025\/03\/24\/doble-crimen-en-algeciras-autoridades-refuerzan-operativos-para-dar-con-los-responsables\/","og_site_name":"AR Digital Noticias","article_published_time":"2025-03-24T17:21:29+00:00","article_modified_time":"2025-03-24T17:21:30+00:00","og_image":[{"width":1920,"height":1079,"url":"https:\/\/ardigitalnoticias.com\/wp-content\/uploads\/2025\/03\/InShot_20250324_113831203.jpg","type":"image\/jpeg"}],"author":"AR Digital Noticias","twitter_card":"summary_large_image","twitter_misc":{"Escrito por":"AR Digital Noticias","Tiempo de lectura":"3 minutos"},"schema":{"@context":"https:\/\/schema.org","@graph":[{"@type":"Article","@id":"https:\/\/ardigitalnoticias.com\/index.php\/2025\/03\/24\/doble-crimen-en-algeciras-autoridades-refuerzan-operativos-para-dar-con-los-responsables\/#article","isPartOf":{"@id":"https:\/\/ardigitalnoticias.com\/index.php\/2025\/03\/24\/doble-crimen-en-algeciras-autoridades-refuerzan-operativos-para-dar-con-los-responsables\/"},"author":{"name":"AR Digital Noticias","@id":"https:\/\/ardigitalnoticias.com\/#\/schema\/person\/3f1b0a96e890d8cba89a76c7558a147c"},"headline":"DOBLE CRIMEN EN ALGECIRAS AUTORIDADES REFUERZAN OPERATIVOS PARA DAR CON LOS RESPONSABLES","datePublished":"2025-03-24T17:21:29+00:00","dateModified":"2025-03-24T17:21:30+00:00","mainEntityOfPage":{"@id":"https:\/\/ardigitalnoticias.com\/index.php\/2025\/03\/24\/doble-crimen-en-algeciras-autoridades-refuerzan-operativos-para-dar-con-los-responsables\/"},"wordCount":540,"commentCount":0,"publisher":{"@id":"https:\/\/ardigitalnoticias.com\/#organization"},"image":{"@id":"https:\/\/ardigitalnoticias.com\/index.php\/2025\/03\/24\/doble-crimen-en-algeciras-autoridades-refuerzan-operativos-para-dar-con-los-responsables\/#primaryimage"},"thumbnailUrl":"https:\/\/ardigitalnoticias.com\/wp-content\/uploads\/2025\/03\/InShot_20250324_113831203.jpg","articleSection":["Actualidad","Judicial","Norte","Regional"],"inLanguage":"es","potentialAction":[{"@type":"CommentAction","name":"Comment","target":["https:\/\/ardigitalnoticias.com\/index.php\/2025\/03\/24\/doble-crimen-en-algeciras-autoridades-refuerzan-operativos-para-dar-con-los-responsables\/#respond"]}]},{"@type":"WebPage","@id":"https:\/\/ardigitalnoticias.com\/index.php\/2025\/03\/24\/doble-crimen-en-algeciras-autoridades-refuerzan-operativos-para-dar-con-los-responsables\/","url":"https:\/\/ardigitalnoticias.com\/index.php\/2025\/03\/24\/doble-crimen-en-algeciras-autoridades-refuerzan-operativos-para-dar-con-los-responsables\/","name":"DOBLE CRIMEN EN ALGECIRAS AUTORIDADES REFUERZAN OPERATIVOS PARA DAR CON LOS RESPONSABLES - AR Digital Noticias","isPartOf":{"@id":"https:\/\/ardigitalnoticias.com\/#website"},"primaryImageOfPage":{"@id":"https:\/\/ardigitalnoticias.com\/index.php\/2025\/03\/24\/doble-crimen-en-algeciras-autoridades-refuerzan-operativos-para-dar-con-los-responsables\/#primaryimage"},"image":{"@id":"https:\/\/ardigitalnoticias.com\/index.php\/2025\/03\/24\/doble-crimen-en-algeciras-autoridades-refuerzan-operativos-para-dar-con-los-responsables\/#primaryimage"},"thumbnailUrl":"https:\/\/ardigitalnoticias.com\/wp-content\/uploads\/2025\/03\/InShot_20250324_113831203.jpg","datePublished":"2025-03-24T17:21:29+00:00","dateModified":"2025-03-24T17:21:30+00:00","breadcrumb":{"@id":"https:\/\/ardigitalnoticias.com\/index.php\/2025\/03\/24\/doble-crimen-en-algeciras-autoridades-refuerzan-operativos-para-dar-con-los-responsables\/#breadcrumb"},"inLanguage":"es","potentialAction":[{"@type":"ReadAction","target":["https:\/\/ardigitalnoticias.com\/index.php\/2025\/03\/24\/doble-crimen-en-algeciras-autoridades-refuerzan-operativos-para-dar-con-los-responsables\/"]}]},{"@type":"ImageObject","inLanguage":"es","@id":"https:\/\/ardigitalnoticias.com\/index.php\/2025\/03\/24\/doble-crimen-en-algeciras-autoridades-refuerzan-operativos-para-dar-con-los-responsables\/#primaryimage","url":"https:\/\/ardigitalnoticias.com\/wp-content\/uploads\/2025\/03\/InShot_20250324_113831203.jpg","contentUrl":"https:\/\/ardigitalnoticias.com\/wp-content\/uploads\/2025\/03\/InShot_20250324_113831203.jpg","width":1920,"height":1079},{"@type":"BreadcrumbList","@id":"https:\/\/ardigitalnoticias.com\/index.php\/2025\/03\/24\/doble-crimen-en-algeciras-autoridades-refuerzan-operativos-para-dar-con-los-responsables\/#breadcrumb","itemListElement":[{"@type":"ListItem","position":1,"name":"Portada","item":"https:\/\/ardigitalnoticias.com\/"},{"@type":"ListItem","position":2,"name":"DOBLE CRIMEN EN ALGECIRAS AUTORIDADES REFUERZAN OPERATIVOS PARA DAR CON LOS RESPONSABLES"}]},{"@type":"WebSite","@id":"https:\/\/ardigitalnoticias.com\/#website","url":"https:\/\/ardigitalnoticias.com\/","name":"AR Digital Noticias","description":"","publisher":{"@id":"https:\/\/ardigitalnoticias.com\/#organization"},"potentialAction":[{"@type":"SearchAction","target":{"@type":"EntryPoint","urlTemplate":"https:\/\/ardigitalnoticias.com\/?s={search_term_string}"},"query-input":{"@type":"PropertyValueSpecification","valueRequired":true,"valueName":"search_term_string"}}],"inLanguage":"es"},{"@type":"Organization","@id":"https:\/\/ardigitalnoticias.com\/#organization","name":"AR Digital Noticias","url":"https:\/\/ardigitalnoticias.com\/","logo":{"@type":"ImageObject","inLanguage":"es","@id":"https:\/\/ardigitalnoticias.com\/#\/schema\/logo\/image\/","url":"https:\/\/ardigitalnoticias.com\/wp-content\/uploads\/2023\/11\/cropped-cropped-cropped-cropped-AR-Digital-Noticias-1.png","contentUrl":"https:\/\/ardigitalnoticias.com\/wp-content\/uploads\/2023\/11\/cropped-cropped-cropped-cropped-AR-Digital-Noticias-1.png","width":972,"height":306,"caption":"AR Digital Noticias"},"image":{"@id":"https:\/\/ardigitalnoticias.com\/#\/schema\/logo\/image\/"}},{"@type":"Person","@id":"https:\/\/ardigitalnoticias.com\/#\/schema\/person\/3f1b0a96e890d8cba89a76c7558a147c","name":"AR Digital Noticias","image":{"@type":"ImageObject","inLanguage":"es","@id":"https:\/\/secure.gravatar.com\/avatar\/55d1acd2f9cac74c99f42fcb5090c2f994204a6f6c571cf4c3001ae692cb9b34?s=96&d=mm&r=g","url":"https:\/\/secure.gravatar.com\/avatar\/55d1acd2f9cac74c99f42fcb5090c2f994204a6f6c571cf4c3001ae692cb9b34?s=96&d=mm&r=g","contentUrl":"https:\/\/secure.gravatar.com\/avatar\/55d1acd2f9cac74c99f42fcb5090c2f994204a6f6c571cf4c3001ae692cb9b34?s=96&d=mm&r=g","caption":"AR Digital Noticias"},"sameAs":["http:\/\/ardigitalnoticias.com"],"url":"https:\/\/ardigitalnoticias.com\/index.php\/author\/editorial\/"}]}},"_links":{"self":[{"href":"https:\/\/ardigitalnoticias.com\/index.php\/wp-json\/wp\/v2\/posts\/7221","targetHints":{"allow":["GET"]}}],"collection":[{"href":"https:\/\/ardigitalnoticias.com\/index.php\/wp-json\/wp\/v2\/posts"}],"about":[{"href":"https:\/\/ardigitalnoticias.com\/index.php\/wp-json\/wp\/v2\/types\/post"}],"author":[{"embeddable":true,"href":"https:\/\/ardigitalnoticias.com\/index.php\/wp-json\/wp\/v2\/users\/2"}],"replies":[{"embeddable":true,"href":"https:\/\/ardigitalnoticias.com\/index.php\/wp-json\/wp\/v2\/comments?post=7221"}],"version-history":[{"count":1,"href":"https:\/\/ardigitalnoticias.com\/index.php\/wp-json\/wp\/v2\/posts\/7221\/revisions"}],"predecessor-version":[{"id":7224,"href":"https:\/\/ardigitalnoticias.com\/index.php\/wp-json\/wp\/v2\/posts\/7221\/revisions\/7224"}],"wp:featuredmedia":[{"embeddable":true,"href":"https:\/\/ardigitalnoticias.com\/index.php\/wp-json\/wp\/v2\/media\/7222"}],"wp:attachment":[{"href":"https:\/\/ardigitalnoticias.com\/index.php\/wp-json\/wp\/v2\/media?parent=7221"}],"wp:term":[{"taxonomy":"category","embeddable":true,"href":"https:\/\/ardigitalnoticias.com\/index.php\/wp-json\/wp\/v2\/categories?post=7221"},{"taxonomy":"post_tag","embeddable":true,"href":"https:\/\/ardigitalnoticias.com\/index.php\/wp-json\/wp\/v2\/tags?post=7221"}],"curies":[{"name":"wp","href":"https:\/\/api.w.org\/{rel}","templated":true}]}}