{"id":7165,"date":"2025-03-18T20:08:32","date_gmt":"2025-03-19T01:08:32","guid":{"rendered":"https:\/\/ardigitalnoticias.com\/?p=7165"},"modified":"2025-03-18T20:08:32","modified_gmt":"2025-03-19T01:08:32","slug":"liderazgo-empresarial-el-poder-de-la-innovacion","status":"publish","type":"post","link":"https:\/\/ardigitalnoticias.com\/index.php\/2025\/03\/18\/liderazgo-empresarial-el-poder-de-la-innovacion\/","title":{"rendered":"LIDERAZGO EMPRESARIAL: EL PODER DE LA INNOVACI\u00d3N"},"content":{"rendered":"\n<p class=\"justificado\">En un mundo empresarial marcado por la volatilidad y la transformaci\u00f3n constante, las compa\u00f1\u00edas que lideran sus sectores tienen un rasgo en com\u00fan: la apuesta decidida por la innovaci\u00f3n continua. No se conforman con modelos exitosos del pasado, sino que anticipan las necesidades del futuro y se adaptan con rapidez a un entorno cambiante. Este enfoque no solo les permite mantener su liderazgo, sino que tambi\u00e9n las convierte en referentes de crecimiento, competitividad y sostenibilidad.<\/p>\n\n\n\n<p class=\"justificado\">La innovaci\u00f3n no es un acto aislado ni un proyecto temporal; es una cultura organizacional que permea cada decisi\u00f3n, proceso y estrategia. Empresas como Amazon o Google no han alcanzado la cima por casualidad, sino por su capacidad para reinventarse, explorar nuevas oportunidades y desafiar los l\u00edmites de lo posible. \u00bfCu\u00e1l es la clave de su \u00e9xito? Una visi\u00f3n a largo plazo, inversiones sostenidas en investigaci\u00f3n y desarrollo (I+D) y una mentalidad abierta al cambio.<\/p>\n\n\n\n<p class=\"justificado\">Tomemos el caso de Amazon. Lo que comenz\u00f3 como una librer\u00eda en l\u00ednea en 1994 se ha transformado en un ecosistema global de servicios que abarca desde el comercio electr\u00f3nico hasta la computaci\u00f3n en la nube con Amazon Web Services (AWS). Su estrategia se basa en una obsesi\u00f3n por el cliente y una voluntad inquebrantable de experimentar. Amazon ha revolucionado industrias enteras gracias a innovaciones como el sistema de entrega Prime, los almacenes automatizados y el uso avanzado de inteligencia artificial para optimizar la experiencia del usuario.<\/p>\n\n\n\n<p class=\"justificado\">Google, por su parte, ha construido un imperio digital basado en la innovaci\u00f3n continua. Desde su motor de b\u00fasqueda hasta desarrollos como Android, Google Maps o la inteligencia artificial de Google DeepMind, la empresa ha demostrado una capacidad extraordinaria para transformar ideas disruptivas en productos que impactan la vida diaria de millones de personas. La cultura de innovaci\u00f3n de Google se sustenta en su famoso \u00ab20% de tiempo libre\u00bb, donde los empleados tienen la libertad de explorar proyectos personales que, en muchos casos, se convierten en productos exitosos.<\/p>\n\n\n\n<p class=\"justificado\">En Colombia, tambi\u00e9n existen casos destacados de innovaci\u00f3n continua. Empresas como Ecopetrol han apostado por la transformaci\u00f3n digital, incorporando tecnolog\u00edas avanzadas como el an\u00e1lisis de datos y la inteligencia artificial para optimizar sus procesos de exploraci\u00f3n y producci\u00f3n. Esta estrategia no solo mejora su eficiencia operativa, sino que tambi\u00e9n le permite avanzar en su compromiso con la transici\u00f3n energ\u00e9tica.<\/p>\n\n\n\n<p class=\"justificado\">Otra referencia importante es Rappi, la plataforma de entregas a domicilio nacida en Colombia que ha revolucionado el sector de la log\u00edstica y los servicios financieros. Su capacidad para identificar oportunidades, lanzar nuevos productos como RappiPay y adaptarse r\u00e1pidamente a las demandas del mercado la ha convertido en un modelo de innovaci\u00f3n en Am\u00e9rica Latina. Rappi demuestra que, con una mentalidad \u00e1gil y una visi\u00f3n audaz, es posible competir con gigantes internacionales.<\/p>\n\n\n\n<p class=\"justificado\">En el sector agroindustrial, empresas como Manuelita han integrado soluciones tecnol\u00f3gicas para optimizar sus cultivos, mejorar la trazabilidad y promover pr\u00e1cticas sostenibles. Su enfoque en la innovaci\u00f3n no solo fortalece su competitividad, sino que tambi\u00e9n responde a las crecientes exigencias de los mercados internacionales.<\/p>\n\n\n\n<p class=\"justificado\">\u00bfQu\u00e9 pueden aprender las empresas colombianas que aspiran a liderar sus sectores? En primer lugar, que la innovaci\u00f3n debe ser una prioridad estrat\u00e9gica, no un departamento aislado. Las organizaciones m\u00e1s exitosas entienden que cada \u00e1rea, desde la log\u00edstica hasta la atenci\u00f3n al cliente, es un espacio potencial para la mejora continua. Adem\u00e1s, fomentar una cultura de experimentaci\u00f3n, donde el error se vea como una oportunidad de aprendizaje, es fundamental para impulsar la creatividad y el desarrollo de nuevas ideas.<\/p>\n\n\n\n<p class=\"justificado\">En segundo lugar, es vital invertir en talento y tecnolog\u00eda. Las empresas que lideran su industria no solo atraen a los mejores profesionales, sino que tambi\u00e9n los capacitan constantemente y les brindan herramientas para innovar. En Colombia, programas como los Centros de Innovaci\u00f3n y Productividad (CIP) ofrecen acompa\u00f1amiento especializado para fortalecer las capacidades de las empresas y promover el desarrollo de soluciones innovadoras.<\/p>\n\n\n\n<p class=\"justificado\">Por \u00faltimo, la innovaci\u00f3n no debe quedarse en el \u00e1mbito interno. Las compa\u00f1\u00edas m\u00e1s visionarias establecen alianzas estrat\u00e9gicas con startups, universidades y centros de investigaci\u00f3n. En Colombia, iniciativas como \u00abColombia Productiva\u00bb facilitan estas colaboraciones, permitiendo que las empresas accedan a conocimiento especializado y aceleren la implementaci\u00f3n de nuevas tecnolog\u00edas.<\/p>\n\n\n\n<p class=\"justificado\">En un mundo donde el cambio es la \u00fanica constante, la innovaci\u00f3n continua no es una opci\u00f3n, es una necesidad. Las empresas colombianas que apuestan por desafiar el statu quo, invertir en el futuro y mantenerse abiertas a nuevas ideas no solo aseguran su supervivencia, sino que tambi\u00e9n definen el rumbo de sus industrias. El liderazgo empresarial ya no se mide solo por los resultados financieros, sino por la capacidad de anticipar y moldear el ma\u00f1ana. Aquellas compa\u00f1\u00edas que entiendan esta realidad no solo liderar\u00e1n sus sectores, sino que tambi\u00e9n marcar\u00e1n la diferencia en la sociedad global.<\/p>\n\n\n\n<p><\/p>\n\n\n\n<p><strong><em>Por.<\/em><\/strong> Mar\u00eda Fernanda Plazas Bravo &#8211; X: @mafeplazasbravo<br>Ingeniera en Recursos H\u00eddricos y Gesti\u00f3n Ambiental<br>Especialista en Marketing Pol\u00edtico &#8211; Comunicaci\u00f3n de Gobierno Universidad Externado de Colombia<\/p>\n\n\n\n<p><\/p>\n\n\n\n<p><\/p>\n","protected":false},"excerpt":{"rendered":"<p>En un mundo empresarial marcado por la volatilidad y la transformaci\u00f3n constante, las compa\u00f1\u00edas que lideran sus sectores tienen un rasgo en com\u00fan: la apuesta decidida por la innovaci\u00f3n continua. No se conforman con modelos exitosos del pasado, sino que anticipan las necesidades del futuro y se adaptan con rapidez a un entorno cambiante. Este [&hellip;]<\/p>\n","protected":false},"author":4,"featured_media":6295,"comment_status":"open","ping_status":"open","sticky":false,"template":"","format":"standard","meta":{"_acf_changed":false,"_joinchat":[],"footnotes":""},"categories":[23],"tags":[],"class_list":{"0":"post-7165","1":"post","2":"type-post","3":"status-publish","4":"format-standard","5":"has-post-thumbnail","7":"category-opinion"},"acf":[],"yoast_head":"<!-- This site is optimized with the Yoast SEO plugin v27.5 - https:\/\/yoast.com\/product\/yoast-seo-wordpress\/ -->\n<title>LIDERAZGO EMPRESARIAL: EL PODER DE LA INNOVACI\u00d3N - AR Digital Noticias<\/title>\n<meta name=\"robots\" content=\"index, follow, max-snippet:-1, max-image-preview:large, max-video-preview:-1\" \/>\n<link rel=\"canonical\" href=\"https:\/\/ardigitalnoticias.com\/index.php\/2025\/03\/18\/liderazgo-empresarial-el-poder-de-la-innovacion\/\" \/>\n<meta property=\"og:locale\" content=\"es_ES\" \/>\n<meta property=\"og:type\" content=\"article\" \/>\n<meta property=\"og:title\" content=\"LIDERAZGO EMPRESARIAL: EL PODER DE LA INNOVACI\u00d3N - AR Digital Noticias\" \/>\n<meta property=\"og:description\" content=\"En un mundo empresarial marcado por la volatilidad y la transformaci\u00f3n constante, las compa\u00f1\u00edas que lideran sus sectores tienen un rasgo en com\u00fan: la apuesta decidida por la innovaci\u00f3n continua. No se conforman con modelos exitosos del pasado, sino que anticipan las necesidades del futuro y se adaptan con rapidez a un entorno cambiante. Este [&hellip;]\" \/>\n<meta property=\"og:url\" content=\"https:\/\/ardigitalnoticias.com\/index.php\/2025\/03\/18\/liderazgo-empresarial-el-poder-de-la-innovacion\/\" \/>\n<meta property=\"og:site_name\" content=\"AR Digital Noticias\" \/>\n<meta property=\"article:published_time\" content=\"2025-03-19T01:08:32+00:00\" \/>\n<meta property=\"og:image\" content=\"https:\/\/ardigitalnoticias.com\/wp-content\/uploads\/2025\/01\/Imagen-columnas-AR-2025.png\" \/>\n\t<meta property=\"og:image:width\" content=\"1200\" \/>\n\t<meta property=\"og:image:height\" content=\"628\" \/>\n\t<meta property=\"og:image:type\" content=\"image\/png\" \/>\n<meta name=\"author\" content=\"Maria Fernanda Plazas\" \/>\n<meta name=\"twitter:card\" content=\"summary_large_image\" \/>\n<meta name=\"twitter:label1\" content=\"Escrito por\" \/>\n\t<meta name=\"twitter:data1\" content=\"Maria Fernanda Plazas\" \/>\n\t<meta name=\"twitter:label2\" content=\"Tiempo de lectura\" \/>\n\t<meta name=\"twitter:data2\" content=\"4 minutos\" \/>\n<script type=\"application\/ld+json\" class=\"yoast-schema-graph\">{\"@context\":\"https:\\\/\\\/schema.org\",\"@graph\":[{\"@type\":\"Article\",\"@id\":\"https:\\\/\\\/ardigitalnoticias.com\\\/index.php\\\/2025\\\/03\\\/18\\\/liderazgo-empresarial-el-poder-de-la-innovacion\\\/#article\",\"isPartOf\":{\"@id\":\"https:\\\/\\\/ardigitalnoticias.com\\\/index.php\\\/2025\\\/03\\\/18\\\/liderazgo-empresarial-el-poder-de-la-innovacion\\\/\"},\"author\":{\"name\":\"Maria Fernanda Plazas\",\"@id\":\"https:\\\/\\\/ardigitalnoticias.com\\\/#\\\/schema\\\/person\\\/bd9b5d500ae5be02629fed9405f36096\"},\"headline\":\"LIDERAZGO EMPRESARIAL: EL PODER DE LA INNOVACI\u00d3N\",\"datePublished\":\"2025-03-19T01:08:32+00:00\",\"mainEntityOfPage\":{\"@id\":\"https:\\\/\\\/ardigitalnoticias.com\\\/index.php\\\/2025\\\/03\\\/18\\\/liderazgo-empresarial-el-poder-de-la-innovacion\\\/\"},\"wordCount\":889,\"commentCount\":0,\"publisher\":{\"@id\":\"https:\\\/\\\/ardigitalnoticias.com\\\/#organization\"},\"image\":{\"@id\":\"https:\\\/\\\/ardigitalnoticias.com\\\/index.php\\\/2025\\\/03\\\/18\\\/liderazgo-empresarial-el-poder-de-la-innovacion\\\/#primaryimage\"},\"thumbnailUrl\":\"https:\\\/\\\/ardigitalnoticias.com\\\/wp-content\\\/uploads\\\/2025\\\/01\\\/Imagen-columnas-AR-2025.png\",\"articleSection\":[\"Opini\u00f3n\"],\"inLanguage\":\"es\",\"potentialAction\":[{\"@type\":\"CommentAction\",\"name\":\"Comment\",\"target\":[\"https:\\\/\\\/ardigitalnoticias.com\\\/index.php\\\/2025\\\/03\\\/18\\\/liderazgo-empresarial-el-poder-de-la-innovacion\\\/#respond\"]}]},{\"@type\":\"WebPage\",\"@id\":\"https:\\\/\\\/ardigitalnoticias.com\\\/index.php\\\/2025\\\/03\\\/18\\\/liderazgo-empresarial-el-poder-de-la-innovacion\\\/\",\"url\":\"https:\\\/\\\/ardigitalnoticias.com\\\/index.php\\\/2025\\\/03\\\/18\\\/liderazgo-empresarial-el-poder-de-la-innovacion\\\/\",\"name\":\"LIDERAZGO EMPRESARIAL: EL PODER DE LA INNOVACI\u00d3N - AR Digital Noticias\",\"isPartOf\":{\"@id\":\"https:\\\/\\\/ardigitalnoticias.com\\\/#website\"},\"primaryImageOfPage\":{\"@id\":\"https:\\\/\\\/ardigitalnoticias.com\\\/index.php\\\/2025\\\/03\\\/18\\\/liderazgo-empresarial-el-poder-de-la-innovacion\\\/#primaryimage\"},\"image\":{\"@id\":\"https:\\\/\\\/ardigitalnoticias.com\\\/index.php\\\/2025\\\/03\\\/18\\\/liderazgo-empresarial-el-poder-de-la-innovacion\\\/#primaryimage\"},\"thumbnailUrl\":\"https:\\\/\\\/ardigitalnoticias.com\\\/wp-content\\\/uploads\\\/2025\\\/01\\\/Imagen-columnas-AR-2025.png\",\"datePublished\":\"2025-03-19T01:08:32+00:00\",\"breadcrumb\":{\"@id\":\"https:\\\/\\\/ardigitalnoticias.com\\\/index.php\\\/2025\\\/03\\\/18\\\/liderazgo-empresarial-el-poder-de-la-innovacion\\\/#breadcrumb\"},\"inLanguage\":\"es\",\"potentialAction\":[{\"@type\":\"ReadAction\",\"target\":[\"https:\\\/\\\/ardigitalnoticias.com\\\/index.php\\\/2025\\\/03\\\/18\\\/liderazgo-empresarial-el-poder-de-la-innovacion\\\/\"]}]},{\"@type\":\"ImageObject\",\"inLanguage\":\"es\",\"@id\":\"https:\\\/\\\/ardigitalnoticias.com\\\/index.php\\\/2025\\\/03\\\/18\\\/liderazgo-empresarial-el-poder-de-la-innovacion\\\/#primaryimage\",\"url\":\"https:\\\/\\\/ardigitalnoticias.com\\\/wp-content\\\/uploads\\\/2025\\\/01\\\/Imagen-columnas-AR-2025.png\",\"contentUrl\":\"https:\\\/\\\/ardigitalnoticias.com\\\/wp-content\\\/uploads\\\/2025\\\/01\\\/Imagen-columnas-AR-2025.png\",\"width\":1200,\"height\":628},{\"@type\":\"BreadcrumbList\",\"@id\":\"https:\\\/\\\/ardigitalnoticias.com\\\/index.php\\\/2025\\\/03\\\/18\\\/liderazgo-empresarial-el-poder-de-la-innovacion\\\/#breadcrumb\",\"itemListElement\":[{\"@type\":\"ListItem\",\"position\":1,\"name\":\"Portada\",\"item\":\"https:\\\/\\\/ardigitalnoticias.com\\\/\"},{\"@type\":\"ListItem\",\"position\":2,\"name\":\"LIDERAZGO EMPRESARIAL: EL PODER DE LA INNOVACI\u00d3N\"}]},{\"@type\":\"WebSite\",\"@id\":\"https:\\\/\\\/ardigitalnoticias.com\\\/#website\",\"url\":\"https:\\\/\\\/ardigitalnoticias.com\\\/\",\"name\":\"AR Digital Noticias\",\"description\":\"\",\"publisher\":{\"@id\":\"https:\\\/\\\/ardigitalnoticias.com\\\/#organization\"},\"potentialAction\":[{\"@type\":\"SearchAction\",\"target\":{\"@type\":\"EntryPoint\",\"urlTemplate\":\"https:\\\/\\\/ardigitalnoticias.com\\\/?s={search_term_string}\"},\"query-input\":{\"@type\":\"PropertyValueSpecification\",\"valueRequired\":true,\"valueName\":\"search_term_string\"}}],\"inLanguage\":\"es\"},{\"@type\":\"Organization\",\"@id\":\"https:\\\/\\\/ardigitalnoticias.com\\\/#organization\",\"name\":\"AR Digital Noticias\",\"url\":\"https:\\\/\\\/ardigitalnoticias.com\\\/\",\"logo\":{\"@type\":\"ImageObject\",\"inLanguage\":\"es\",\"@id\":\"https:\\\/\\\/ardigitalnoticias.com\\\/#\\\/schema\\\/logo\\\/image\\\/\",\"url\":\"https:\\\/\\\/ardigitalnoticias.com\\\/wp-content\\\/uploads\\\/2023\\\/11\\\/cropped-cropped-cropped-cropped-AR-Digital-Noticias-1.png\",\"contentUrl\":\"https:\\\/\\\/ardigitalnoticias.com\\\/wp-content\\\/uploads\\\/2023\\\/11\\\/cropped-cropped-cropped-cropped-AR-Digital-Noticias-1.png\",\"width\":972,\"height\":306,\"caption\":\"AR Digital Noticias\"},\"image\":{\"@id\":\"https:\\\/\\\/ardigitalnoticias.com\\\/#\\\/schema\\\/logo\\\/image\\\/\"}},{\"@type\":\"Person\",\"@id\":\"https:\\\/\\\/ardigitalnoticias.com\\\/#\\\/schema\\\/person\\\/bd9b5d500ae5be02629fed9405f36096\",\"name\":\"Maria Fernanda Plazas\",\"image\":{\"@type\":\"ImageObject\",\"inLanguage\":\"es\",\"@id\":\"https:\\\/\\\/secure.gravatar.com\\\/avatar\\\/81c8593451217fdebec74457e5eb1f961f6a0a3aef1265cac852a8a78a05b5b9?s=96&d=mm&r=g\",\"url\":\"https:\\\/\\\/secure.gravatar.com\\\/avatar\\\/81c8593451217fdebec74457e5eb1f961f6a0a3aef1265cac852a8a78a05b5b9?s=96&d=mm&r=g\",\"contentUrl\":\"https:\\\/\\\/secure.gravatar.com\\\/avatar\\\/81c8593451217fdebec74457e5eb1f961f6a0a3aef1265cac852a8a78a05b5b9?s=96&d=mm&r=g\",\"caption\":\"Maria Fernanda Plazas\"},\"url\":\"https:\\\/\\\/ardigitalnoticias.com\\\/index.php\\\/author\\\/maria-fernanda-plazas\\\/\"}]}<\/script>\n<!-- \/ Yoast SEO plugin. -->","yoast_head_json":{"title":"LIDERAZGO EMPRESARIAL: EL PODER DE LA INNOVACI\u00d3N - AR Digital Noticias","robots":{"index":"index","follow":"follow","max-snippet":"max-snippet:-1","max-image-preview":"max-image-preview:large","max-video-preview":"max-video-preview:-1"},"canonical":"https:\/\/ardigitalnoticias.com\/index.php\/2025\/03\/18\/liderazgo-empresarial-el-poder-de-la-innovacion\/","og_locale":"es_ES","og_type":"article","og_title":"LIDERAZGO EMPRESARIAL: EL PODER DE LA INNOVACI\u00d3N - AR Digital Noticias","og_description":"En un mundo empresarial marcado por la volatilidad y la transformaci\u00f3n constante, las compa\u00f1\u00edas que lideran sus sectores tienen un rasgo en com\u00fan: la apuesta decidida por la innovaci\u00f3n continua. No se conforman con modelos exitosos del pasado, sino que anticipan las necesidades del futuro y se adaptan con rapidez a un entorno cambiante. Este [&hellip;]","og_url":"https:\/\/ardigitalnoticias.com\/index.php\/2025\/03\/18\/liderazgo-empresarial-el-poder-de-la-innovacion\/","og_site_name":"AR Digital Noticias","article_published_time":"2025-03-19T01:08:32+00:00","og_image":[{"width":1200,"height":628,"url":"https:\/\/ardigitalnoticias.com\/wp-content\/uploads\/2025\/01\/Imagen-columnas-AR-2025.png","type":"image\/png"}],"author":"Maria Fernanda Plazas","twitter_card":"summary_large_image","twitter_misc":{"Escrito por":"Maria Fernanda Plazas","Tiempo de lectura":"4 minutos"},"schema":{"@context":"https:\/\/schema.org","@graph":[{"@type":"Article","@id":"https:\/\/ardigitalnoticias.com\/index.php\/2025\/03\/18\/liderazgo-empresarial-el-poder-de-la-innovacion\/#article","isPartOf":{"@id":"https:\/\/ardigitalnoticias.com\/index.php\/2025\/03\/18\/liderazgo-empresarial-el-poder-de-la-innovacion\/"},"author":{"name":"Maria Fernanda Plazas","@id":"https:\/\/ardigitalnoticias.com\/#\/schema\/person\/bd9b5d500ae5be02629fed9405f36096"},"headline":"LIDERAZGO EMPRESARIAL: EL PODER DE LA INNOVACI\u00d3N","datePublished":"2025-03-19T01:08:32+00:00","mainEntityOfPage":{"@id":"https:\/\/ardigitalnoticias.com\/index.php\/2025\/03\/18\/liderazgo-empresarial-el-poder-de-la-innovacion\/"},"wordCount":889,"commentCount":0,"publisher":{"@id":"https:\/\/ardigitalnoticias.com\/#organization"},"image":{"@id":"https:\/\/ardigitalnoticias.com\/index.php\/2025\/03\/18\/liderazgo-empresarial-el-poder-de-la-innovacion\/#primaryimage"},"thumbnailUrl":"https:\/\/ardigitalnoticias.com\/wp-content\/uploads\/2025\/01\/Imagen-columnas-AR-2025.png","articleSection":["Opini\u00f3n"],"inLanguage":"es","potentialAction":[{"@type":"CommentAction","name":"Comment","target":["https:\/\/ardigitalnoticias.com\/index.php\/2025\/03\/18\/liderazgo-empresarial-el-poder-de-la-innovacion\/#respond"]}]},{"@type":"WebPage","@id":"https:\/\/ardigitalnoticias.com\/index.php\/2025\/03\/18\/liderazgo-empresarial-el-poder-de-la-innovacion\/","url":"https:\/\/ardigitalnoticias.com\/index.php\/2025\/03\/18\/liderazgo-empresarial-el-poder-de-la-innovacion\/","name":"LIDERAZGO EMPRESARIAL: EL PODER DE LA INNOVACI\u00d3N - AR Digital Noticias","isPartOf":{"@id":"https:\/\/ardigitalnoticias.com\/#website"},"primaryImageOfPage":{"@id":"https:\/\/ardigitalnoticias.com\/index.php\/2025\/03\/18\/liderazgo-empresarial-el-poder-de-la-innovacion\/#primaryimage"},"image":{"@id":"https:\/\/ardigitalnoticias.com\/index.php\/2025\/03\/18\/liderazgo-empresarial-el-poder-de-la-innovacion\/#primaryimage"},"thumbnailUrl":"https:\/\/ardigitalnoticias.com\/wp-content\/uploads\/2025\/01\/Imagen-columnas-AR-2025.png","datePublished":"2025-03-19T01:08:32+00:00","breadcrumb":{"@id":"https:\/\/ardigitalnoticias.com\/index.php\/2025\/03\/18\/liderazgo-empresarial-el-poder-de-la-innovacion\/#breadcrumb"},"inLanguage":"es","potentialAction":[{"@type":"ReadAction","target":["https:\/\/ardigitalnoticias.com\/index.php\/2025\/03\/18\/liderazgo-empresarial-el-poder-de-la-innovacion\/"]}]},{"@type":"ImageObject","inLanguage":"es","@id":"https:\/\/ardigitalnoticias.com\/index.php\/2025\/03\/18\/liderazgo-empresarial-el-poder-de-la-innovacion\/#primaryimage","url":"https:\/\/ardigitalnoticias.com\/wp-content\/uploads\/2025\/01\/Imagen-columnas-AR-2025.png","contentUrl":"https:\/\/ardigitalnoticias.com\/wp-content\/uploads\/2025\/01\/Imagen-columnas-AR-2025.png","width":1200,"height":628},{"@type":"BreadcrumbList","@id":"https:\/\/ardigitalnoticias.com\/index.php\/2025\/03\/18\/liderazgo-empresarial-el-poder-de-la-innovacion\/#breadcrumb","itemListElement":[{"@type":"ListItem","position":1,"name":"Portada","item":"https:\/\/ardigitalnoticias.com\/"},{"@type":"ListItem","position":2,"name":"LIDERAZGO EMPRESARIAL: EL PODER DE LA INNOVACI\u00d3N"}]},{"@type":"WebSite","@id":"https:\/\/ardigitalnoticias.com\/#website","url":"https:\/\/ardigitalnoticias.com\/","name":"AR Digital Noticias","description":"","publisher":{"@id":"https:\/\/ardigitalnoticias.com\/#organization"},"potentialAction":[{"@type":"SearchAction","target":{"@type":"EntryPoint","urlTemplate":"https:\/\/ardigitalnoticias.com\/?s={search_term_string}"},"query-input":{"@type":"PropertyValueSpecification","valueRequired":true,"valueName":"search_term_string"}}],"inLanguage":"es"},{"@type":"Organization","@id":"https:\/\/ardigitalnoticias.com\/#organization","name":"AR Digital Noticias","url":"https:\/\/ardigitalnoticias.com\/","logo":{"@type":"ImageObject","inLanguage":"es","@id":"https:\/\/ardigitalnoticias.com\/#\/schema\/logo\/image\/","url":"https:\/\/ardigitalnoticias.com\/wp-content\/uploads\/2023\/11\/cropped-cropped-cropped-cropped-AR-Digital-Noticias-1.png","contentUrl":"https:\/\/ardigitalnoticias.com\/wp-content\/uploads\/2023\/11\/cropped-cropped-cropped-cropped-AR-Digital-Noticias-1.png","width":972,"height":306,"caption":"AR Digital Noticias"},"image":{"@id":"https:\/\/ardigitalnoticias.com\/#\/schema\/logo\/image\/"}},{"@type":"Person","@id":"https:\/\/ardigitalnoticias.com\/#\/schema\/person\/bd9b5d500ae5be02629fed9405f36096","name":"Maria Fernanda Plazas","image":{"@type":"ImageObject","inLanguage":"es","@id":"https:\/\/secure.gravatar.com\/avatar\/81c8593451217fdebec74457e5eb1f961f6a0a3aef1265cac852a8a78a05b5b9?s=96&d=mm&r=g","url":"https:\/\/secure.gravatar.com\/avatar\/81c8593451217fdebec74457e5eb1f961f6a0a3aef1265cac852a8a78a05b5b9?s=96&d=mm&r=g","contentUrl":"https:\/\/secure.gravatar.com\/avatar\/81c8593451217fdebec74457e5eb1f961f6a0a3aef1265cac852a8a78a05b5b9?s=96&d=mm&r=g","caption":"Maria Fernanda Plazas"},"url":"https:\/\/ardigitalnoticias.com\/index.php\/author\/maria-fernanda-plazas\/"}]}},"_links":{"self":[{"href":"https:\/\/ardigitalnoticias.com\/index.php\/wp-json\/wp\/v2\/posts\/7165","targetHints":{"allow":["GET"]}}],"collection":[{"href":"https:\/\/ardigitalnoticias.com\/index.php\/wp-json\/wp\/v2\/posts"}],"about":[{"href":"https:\/\/ardigitalnoticias.com\/index.php\/wp-json\/wp\/v2\/types\/post"}],"author":[{"embeddable":true,"href":"https:\/\/ardigitalnoticias.com\/index.php\/wp-json\/wp\/v2\/users\/4"}],"replies":[{"embeddable":true,"href":"https:\/\/ardigitalnoticias.com\/index.php\/wp-json\/wp\/v2\/comments?post=7165"}],"version-history":[{"count":1,"href":"https:\/\/ardigitalnoticias.com\/index.php\/wp-json\/wp\/v2\/posts\/7165\/revisions"}],"predecessor-version":[{"id":7166,"href":"https:\/\/ardigitalnoticias.com\/index.php\/wp-json\/wp\/v2\/posts\/7165\/revisions\/7166"}],"wp:featuredmedia":[{"embeddable":true,"href":"https:\/\/ardigitalnoticias.com\/index.php\/wp-json\/wp\/v2\/media\/6295"}],"wp:attachment":[{"href":"https:\/\/ardigitalnoticias.com\/index.php\/wp-json\/wp\/v2\/media?parent=7165"}],"wp:term":[{"taxonomy":"category","embeddable":true,"href":"https:\/\/ardigitalnoticias.com\/index.php\/wp-json\/wp\/v2\/categories?post=7165"},{"taxonomy":"post_tag","embeddable":true,"href":"https:\/\/ardigitalnoticias.com\/index.php\/wp-json\/wp\/v2\/tags?post=7165"}],"curies":[{"name":"wp","href":"https:\/\/api.w.org\/{rel}","templated":true}]}}