{"id":7063,"date":"2025-03-15T10:41:58","date_gmt":"2025-03-15T15:41:58","guid":{"rendered":"https:\/\/ardigitalnoticias.com\/?p=7063"},"modified":"2025-03-15T10:41:59","modified_gmt":"2025-03-15T15:41:59","slug":"lista-la-terna-para-la-rectoria-de-la-usco","status":"publish","type":"post","link":"https:\/\/ardigitalnoticias.com\/index.php\/2025\/03\/15\/lista-la-terna-para-la-rectoria-de-la-usco\/","title":{"rendered":"LISTA LA TERNA PARA LA RECTOR\u00cdA DE LA USCO"},"content":{"rendered":"\n<p>Luego de una extensa jornada de deliberaci\u00f3n que se prolong\u00f3 por cerca de 12 horas, el Consejo Superior Universitario (CSU) de la Universidad Surcolombiana (USCO) defini\u00f3 la terna de candidatos que aspiran a ocupar el cargo de rector de la instituci\u00f3n en el pr\u00f3ximo per\u00edodo.<\/p>\n\n\n\n<p><strong>POR: ANDR\u00c9S RODR\u00cdGUEZ. <\/strong><\/p>\n\n\n<div class=\"wp-block-image\">\n<figure class=\"alignright size-full\"><img loading=\"lazy\" decoding=\"async\" width=\"970\" height=\"535\" src=\"https:\/\/ardigitalnoticias.com\/wp-content\/uploads\/2025\/03\/Screenshot_20250315_093446_Facebook.png\" alt=\"\" class=\"wp-image-7068\" srcset=\"https:\/\/ardigitalnoticias.com\/wp-content\/uploads\/2025\/03\/Screenshot_20250315_093446_Facebook.png 970w, https:\/\/ardigitalnoticias.com\/wp-content\/uploads\/2025\/03\/Screenshot_20250315_093446_Facebook-600x331.png 600w, https:\/\/ardigitalnoticias.com\/wp-content\/uploads\/2025\/03\/Screenshot_20250315_093446_Facebook-300x165.png 300w, https:\/\/ardigitalnoticias.com\/wp-content\/uploads\/2025\/03\/Screenshot_20250315_093446_Facebook-768x424.png 768w, https:\/\/ardigitalnoticias.com\/wp-content\/uploads\/2025\/03\/Screenshot_20250315_093446_Facebook-761x420.png 761w, https:\/\/ardigitalnoticias.com\/wp-content\/uploads\/2025\/03\/Screenshot_20250315_093446_Facebook-150x83.png 150w, https:\/\/ardigitalnoticias.com\/wp-content\/uploads\/2025\/03\/Screenshot_20250315_093446_Facebook-696x384.png 696w\" sizes=\"auto, (max-width: 970px) 100vw, 970px\" \/><\/figure>\n<\/div>\n\n\n<p>Los tres aspirantes seleccionados competir\u00e1n en la consulta estamentaria del 24 de abril, en la que la comunidad universitaria expresar\u00e1 su preferencia antes de la designaci\u00f3n oficial.<\/p>\n\n\n\n<p>???? <span style=\"background-color:#ffbfb5\" class=\"td_text_highlight_marker\">Los tres candidatos finalistas son<\/span><\/p>\n\n\n\n<p>\u2705 Pedro Reyes Gaspar \u2013 Ex rector y m\u00e9dico salubrista.<\/p>\n\n\n\n<p>\u2705 Rub\u00e9n Dar\u00edo Valbuena Villarreal \u2013 Ex decano de la Facultad de Ciencias Exactas y Naturales, y bi\u00f3logo.<\/p>\n\n\n\n<p>\u2705 Abelardo Poveda Perdomo \u2013 Jurista y doctor en Derecho.<\/p>\n\n\n\n<p>La selecci\u00f3n fue oficializada mediante la Resoluci\u00f3n 006 emitida por el CSU, m\u00e1xima instancia de administraci\u00f3n de la USCO, que llev\u00f3 a cabo la evaluaci\u00f3n de los candidatos en una sesi\u00f3n extensa, en la que se escucharon las propuestas program\u00e1ticas de los aspirantes que llegaron a esta etapa final.<\/p>\n\n\n\n<p>Los ternados fueron escogidos entre los siguientes postulados iniciales: Alfredo Vargas Ortiz, Alfonso Manrique Medina, Alexander Quintero Bonilla, Pedro Le\u00f3n Reyes Gaspar, Luis Alfonso Albarrac\u00edn Palomino, Rub\u00e9n Dar\u00edo Valbuena Villarreal, Abelardo Poveda Perdomo y Zully Cu\u00e9llar L\u00f3pez.<\/p>\n\n\n\n<p>Con esta definici\u00f3n, la contienda entra en una fase decisiva, donde los aspirantes presentar\u00e1n sus planes de gobierno con el objetivo de convencer a los diferentes sectores de la comunidad universitaria de que son la mejor opci\u00f3n para liderar la instituci\u00f3n en los pr\u00f3ximos a\u00f1os.<\/p>\n\n\n\n<p>???? PERFIL DE LOS CANDIDATOS Y SUS PROPUESTAS<\/p>\n\n\n\n<p>\u2696\ufe0f <span style=\"background-color:#ffbfb5\" class=\"td_text_highlight_marker\">Abelardo Poveda Perdomo<\/span>: Educaci\u00f3n para la vida y compromiso social  Abogado con especializaci\u00f3n en Derecho Procesal y Doctor en Derecho por la Universidad de Salamanca, Abelardo Poveda Perdomo cuenta con 35 a\u00f1os de experiencia en el \u00e1mbito acad\u00e9mico y administrativo.<\/p>\n\n\n<div class=\"wp-block-image\">\n<figure class=\"aligncenter size-large\"><img loading=\"lazy\" decoding=\"async\" width=\"651\" height=\"1024\" src=\"https:\/\/ardigitalnoticias.com\/wp-content\/uploads\/2025\/03\/Screenshot_20250315_093621_Facebook-651x1024.png\" alt=\"\" class=\"wp-image-7065\" srcset=\"https:\/\/ardigitalnoticias.com\/wp-content\/uploads\/2025\/03\/Screenshot_20250315_093621_Facebook-651x1024.png 651w, https:\/\/ardigitalnoticias.com\/wp-content\/uploads\/2025\/03\/Screenshot_20250315_093621_Facebook-381x600.png 381w, https:\/\/ardigitalnoticias.com\/wp-content\/uploads\/2025\/03\/Screenshot_20250315_093621_Facebook-191x300.png 191w, https:\/\/ardigitalnoticias.com\/wp-content\/uploads\/2025\/03\/Screenshot_20250315_093621_Facebook-768x1209.png 768w, https:\/\/ardigitalnoticias.com\/wp-content\/uploads\/2025\/03\/Screenshot_20250315_093621_Facebook-976x1536.png 976w, https:\/\/ardigitalnoticias.com\/wp-content\/uploads\/2025\/03\/Screenshot_20250315_093621_Facebook-267x420.png 267w, https:\/\/ardigitalnoticias.com\/wp-content\/uploads\/2025\/03\/Screenshot_20250315_093621_Facebook-150x236.png 150w, https:\/\/ardigitalnoticias.com\/wp-content\/uploads\/2025\/03\/Screenshot_20250315_093621_Facebook-300x472.png 300w, https:\/\/ardigitalnoticias.com\/wp-content\/uploads\/2025\/03\/Screenshot_20250315_093621_Facebook-696x1096.png 696w, https:\/\/ardigitalnoticias.com\/wp-content\/uploads\/2025\/03\/Screenshot_20250315_093621_Facebook-1068x1681.png 1068w, https:\/\/ardigitalnoticias.com\/wp-content\/uploads\/2025\/03\/Screenshot_20250315_093621_Facebook.png 1080w\" sizes=\"auto, (max-width: 651px) 100vw, 651px\" \/><\/figure>\n<\/div>\n\n\n<p>Su propuesta de gobierno universitario se titula \u201cEducaci\u00f3n para la vida, compromiso social\u201d y se basa en cuatro pilares fundamentales:<\/p>\n\n\n\n<p>???? Transparencia financiera: Asegurar un manejo responsable y eficiente de los recursos de la USCO.<\/p>\n\n\n\n<p>???? Alianzas estrat\u00e9gicas: Fortalecer la vinculaci\u00f3n con gremios, el sector agroindustrial y diversas organizaciones para potenciar la proyecci\u00f3n social de la universidad.<\/p>\n\n\n\n<p>???? Transformaci\u00f3n digital: Implementar herramientas tecnol\u00f3gicas para mejorar los procesos de ense\u00f1anza y gesti\u00f3n acad\u00e9mica.<\/p>\n\n\n\n<p>???? Regionalizaci\u00f3n: Adaptar los programas acad\u00e9micos a las necesidades espec\u00edficas de cada territorio.  Otros puntos clave de su propuesta:<\/p>\n\n\n\n<p>???? Promover el desarrollo de proyectos de investigaci\u00f3n a partir de preguntas generadas en el aula.<\/p>\n\n\n\n<p>???? Fortalecer la capacitaci\u00f3n de la comunidad acad\u00e9mica en el uso de nuevas tecnolog\u00edas.<\/p>\n\n\n\n<p>???? Garantizar una gobernabilidad participativa y efectiva.  Seg\u00fan Poveda, su objetivo es consolidar una universidad con una administraci\u00f3n eficiente y un enfoque acad\u00e9mico alineado con las necesidades del entorno social y productivo.<\/p>\n\n\n\n<p>???? <span style=\"background-color:#ffbfb5\" class=\"td_text_highlight_marker\">Rub\u00e9n Dar\u00edo Valbuena Villarreal<\/span>: Gobernabilidad y excelencia acad\u00e9mica  Bi\u00f3logo de la Universidad Nacional con m\u00e1s de 38 a\u00f1os de experiencia en la USCO. Ha sido decano en cuatro periodos, vicerrector y creador de tres programas acad\u00e9micos en la instituci\u00f3n.<\/p>\n\n\n<div class=\"wp-block-image\">\n<figure class=\"aligncenter size-large\"><img loading=\"lazy\" decoding=\"async\" width=\"650\" height=\"1024\" src=\"https:\/\/ardigitalnoticias.com\/wp-content\/uploads\/2025\/03\/Screenshot_20250315_093539_Facebook-650x1024.png\" alt=\"\" class=\"wp-image-7067\" srcset=\"https:\/\/ardigitalnoticias.com\/wp-content\/uploads\/2025\/03\/Screenshot_20250315_093539_Facebook-650x1024.png 650w, https:\/\/ardigitalnoticias.com\/wp-content\/uploads\/2025\/03\/Screenshot_20250315_093539_Facebook-381x600.png 381w, https:\/\/ardigitalnoticias.com\/wp-content\/uploads\/2025\/03\/Screenshot_20250315_093539_Facebook-190x300.png 190w, https:\/\/ardigitalnoticias.com\/wp-content\/uploads\/2025\/03\/Screenshot_20250315_093539_Facebook-768x1210.png 768w, https:\/\/ardigitalnoticias.com\/wp-content\/uploads\/2025\/03\/Screenshot_20250315_093539_Facebook-975x1536.png 975w, https:\/\/ardigitalnoticias.com\/wp-content\/uploads\/2025\/03\/Screenshot_20250315_093539_Facebook-267x420.png 267w, https:\/\/ardigitalnoticias.com\/wp-content\/uploads\/2025\/03\/Screenshot_20250315_093539_Facebook-150x236.png 150w, https:\/\/ardigitalnoticias.com\/wp-content\/uploads\/2025\/03\/Screenshot_20250315_093539_Facebook-300x473.png 300w, https:\/\/ardigitalnoticias.com\/wp-content\/uploads\/2025\/03\/Screenshot_20250315_093539_Facebook-696x1097.png 696w, https:\/\/ardigitalnoticias.com\/wp-content\/uploads\/2025\/03\/Screenshot_20250315_093539_Facebook-1068x1683.png 1068w, https:\/\/ardigitalnoticias.com\/wp-content\/uploads\/2025\/03\/Screenshot_20250315_093539_Facebook.png 1079w\" sizes=\"auto, (max-width: 650px) 100vw, 650px\" \/><\/figure>\n<\/div>\n\n\n<p>Su formaci\u00f3n incluye dos especializaciones, una maestr\u00eda y un doctorado, con \u00e9nfasis en el sector agropecuario.<\/p>\n\n\n\n<p>Su propuesta se enmarca dentro del Plan de Desarrollo Institucional 2025-2034, y se estructura sobre siete ejes fundamentales:<\/p>\n\n\n\n<p>???? Gobernabilidad \u2013 Consolidar una administraci\u00f3n efectiva y participativa.<\/p>\n\n\n\n<p>???? Sostenibilidad financiera \u2013 Garantizar la estabilidad econ\u00f3mica de la universidad. <\/p>\n\n\n\n<p>???? Excelencia acad\u00e9mica \u2013 Elevar los est\u00e1ndares de formaci\u00f3n e investigaci\u00f3n.<\/p>\n\n\n\n<p>???? Regionalizaci\u00f3n \u2013 Extender la presencia de la USCO a m\u00e1s municipios del Huila.<\/p>\n\n\n\n<p>???? Investigaci\u00f3n \u2013 Fortalecer los procesos investigativos con mayor acceso a recursos.<\/p>\n\n\n\n<p>???? Infraestructura \u2013 Modernizar las instalaciones y laboratorios de la instituci\u00f3n.<\/p>\n\n\n\n<p>???? Bienestar universitario \u2013 Mejorar las condiciones de docentes, estudiantes y administrativos.<\/p>\n\n\n\n<p>Valbuena enfatiza en la necesidad de dar continuidad a los proyectos estrat\u00e9gicos de la universidad y mantener una gesti\u00f3n basada en criterios de calidad y sostenibilidad. <\/p>\n\n\n\n<p>???? <span style=\"background-color:#ffbfb5\" class=\"td_text_highlight_marker\">Pedro Reyes Gaspar<\/span>: Innovaci\u00f3n y transformaci\u00f3n universitaria  M\u00e9dico salubrista con especializaciones en epidemiolog\u00eda, gerencia de servicios de salud y auditor\u00eda en el sector de la salud. Ha sido decano de la Facultad de Salud en tres periodos y rector de la USCO entre 2014 y 2018.<\/p>\n\n\n<div class=\"wp-block-image\">\n<figure class=\"aligncenter size-large\"><img loading=\"lazy\" decoding=\"async\" width=\"664\" height=\"1024\" src=\"https:\/\/ardigitalnoticias.com\/wp-content\/uploads\/2025\/03\/Screenshot_20250315_093600_Facebook-664x1024.png\" alt=\"\" class=\"wp-image-7066\" srcset=\"https:\/\/ardigitalnoticias.com\/wp-content\/uploads\/2025\/03\/Screenshot_20250315_093600_Facebook-664x1024.png 664w, https:\/\/ardigitalnoticias.com\/wp-content\/uploads\/2025\/03\/Screenshot_20250315_093600_Facebook-389x600.png 389w, https:\/\/ardigitalnoticias.com\/wp-content\/uploads\/2025\/03\/Screenshot_20250315_093600_Facebook-195x300.png 195w, https:\/\/ardigitalnoticias.com\/wp-content\/uploads\/2025\/03\/Screenshot_20250315_093600_Facebook-768x1184.png 768w, https:\/\/ardigitalnoticias.com\/wp-content\/uploads\/2025\/03\/Screenshot_20250315_093600_Facebook-996x1536.png 996w, https:\/\/ardigitalnoticias.com\/wp-content\/uploads\/2025\/03\/Screenshot_20250315_093600_Facebook-272x420.png 272w, https:\/\/ardigitalnoticias.com\/wp-content\/uploads\/2025\/03\/Screenshot_20250315_093600_Facebook-150x231.png 150w, https:\/\/ardigitalnoticias.com\/wp-content\/uploads\/2025\/03\/Screenshot_20250315_093600_Facebook-300x463.png 300w, https:\/\/ardigitalnoticias.com\/wp-content\/uploads\/2025\/03\/Screenshot_20250315_093600_Facebook-696x1073.png 696w, https:\/\/ardigitalnoticias.com\/wp-content\/uploads\/2025\/03\/Screenshot_20250315_093600_Facebook-1068x1647.png 1068w, https:\/\/ardigitalnoticias.com\/wp-content\/uploads\/2025\/03\/Screenshot_20250315_093600_Facebook.png 1079w\" sizes=\"auto, (max-width: 664px) 100vw, 664px\" \/><\/figure>\n<\/div>\n\n\n<p>Su propuesta se basa en el concepto de una universidad sostenible, innovadora y transformadora, con los siguientes objetivos principales:<\/p>\n\n\n\n<p>???? Innovaci\u00f3n acad\u00e9mica: Actualizar los programas de formaci\u00f3n para responder a los desaf\u00edos del siglo XXI.<\/p>\n\n\n\n<p>???? Modernizaci\u00f3n institucional: Adaptar la gesti\u00f3n acad\u00e9mica y administrativa a los avances tecnol\u00f3gicos.<\/p>\n\n\n\n<p>???? Expansi\u00f3n educativa: Implementar programas h\u00edbridos y virtuales para alcanzar m\u00e1s regiones del pa\u00eds.<\/p>\n\n\n\n<p>???? Fortalecimiento de la infraestructura: Invertir en laboratorios y mejorar los espacios de pr\u00e1ctica profesional.<\/p>\n\n\n\n<p>Reyes Gaspar considera que la universidad debe internacionalizarse a trav\u00e9s de convenios de doble titulaci\u00f3n y la oferta de programas en modalidad virtual, con el fin de proyectar la USCO a nivel nacional e internacional.<\/p>\n\n\n\n<p>Seg\u00fan el candidato, la educaci\u00f3n superior debe avanzar con el tiempo, pues \u201choy estamos formando profesionales como si estuvi\u00e9ramos en el siglo XX, cuando ya estamos en el 2025\u201d. <\/p>\n\n\n\n<p>???? \u00bfQU\u00c9 SIGUE EN EL PROCESO?  ???? 24 de abril: Se llevar\u00e1 a cabo la consulta estamentaria, donde la comunidad universitaria podr\u00e1 expresar su preferencia.<\/p>\n\n\n\n<p>???? Posteriormente, el Consejo Superior Universitario tomar\u00e1 la decisi\u00f3n final sobre qui\u00e9n ser\u00e1 el nuevo rector de la USCO para los pr\u00f3ximos a\u00f1os.   <\/p>\n\n\n\n<p>???? \u00bfQUI\u00c9N CREES QUE DEBER\u00cdA SER EL PR\u00d3XIMO RECTOR DE LA UNIVERSIDAD SURCOLOMBIANA? COMENTA TU OPINI\u00d3N.<\/p>\n","protected":false},"excerpt":{"rendered":"<p>Luego de una extensa jornada de deliberaci\u00f3n que se prolong\u00f3 por cerca de 12 horas, el Consejo Superior Universitario (CSU) de la Universidad Surcolombiana (USCO) defini\u00f3 la terna de candidatos que aspiran a ocupar el cargo de rector de la instituci\u00f3n en el pr\u00f3ximo per\u00edodo. POR: ANDR\u00c9S RODR\u00cdGUEZ. Los tres aspirantes seleccionados competir\u00e1n en la [&hellip;]<\/p>\n","protected":false},"author":2,"featured_media":7064,"comment_status":"open","ping_status":"open","sticky":false,"template":"","format":"standard","meta":{"_acf_changed":false,"_joinchat":[],"footnotes":""},"categories":[1,19],"tags":[],"class_list":{"0":"post-7063","1":"post","2":"type-post","3":"status-publish","4":"format-standard","5":"has-post-thumbnail","7":"category-actualidad","8":"category-regional"},"acf":[],"yoast_head":"<!-- This site is optimized with the Yoast SEO plugin v27.5 - https:\/\/yoast.com\/product\/yoast-seo-wordpress\/ -->\n<title>LISTA LA TERNA PARA LA RECTOR\u00cdA DE LA USCO - AR Digital Noticias<\/title>\n<meta name=\"robots\" content=\"index, follow, max-snippet:-1, max-image-preview:large, max-video-preview:-1\" \/>\n<link rel=\"canonical\" href=\"https:\/\/www.ardigitalnoticias.com\/index.php\/2025\/03\/15\/lista-la-terna-para-la-rectoria-de-la-usco\/\" \/>\n<meta property=\"og:locale\" content=\"es_ES\" \/>\n<meta property=\"og:type\" content=\"article\" \/>\n<meta property=\"og:title\" content=\"LISTA LA TERNA PARA LA RECTOR\u00cdA DE LA USCO - AR Digital Noticias\" \/>\n<meta property=\"og:description\" content=\"Luego de una extensa jornada de deliberaci\u00f3n que se prolong\u00f3 por cerca de 12 horas, el Consejo Superior Universitario (CSU) de la Universidad Surcolombiana (USCO) defini\u00f3 la terna de candidatos que aspiran a ocupar el cargo de rector de la instituci\u00f3n en el pr\u00f3ximo per\u00edodo. POR: ANDR\u00c9S RODR\u00cdGUEZ. Los tres aspirantes seleccionados competir\u00e1n en la [&hellip;]\" \/>\n<meta property=\"og:url\" content=\"https:\/\/www.ardigitalnoticias.com\/index.php\/2025\/03\/15\/lista-la-terna-para-la-rectoria-de-la-usco\/\" \/>\n<meta property=\"og:site_name\" content=\"AR Digital Noticias\" \/>\n<meta property=\"article:published_time\" content=\"2025-03-15T15:41:58+00:00\" \/>\n<meta property=\"article:modified_time\" content=\"2025-03-15T15:41:59+00:00\" \/>\n<meta property=\"og:image\" content=\"https:\/\/www.ardigitalnoticias.com\/wp-content\/uploads\/2025\/03\/InShot_20250315_095314179-scaled.jpg\" \/>\n\t<meta property=\"og:image:width\" content=\"2560\" \/>\n\t<meta property=\"og:image:height\" content=\"1439\" \/>\n\t<meta property=\"og:image:type\" content=\"image\/jpeg\" \/>\n<meta name=\"author\" content=\"AR Digital Noticias\" \/>\n<meta name=\"twitter:card\" content=\"summary_large_image\" \/>\n<meta name=\"twitter:label1\" content=\"Escrito por\" \/>\n\t<meta name=\"twitter:data1\" content=\"AR Digital Noticias\" \/>\n\t<meta name=\"twitter:label2\" content=\"Tiempo de lectura\" \/>\n\t<meta name=\"twitter:data2\" content=\"6 minutos\" \/>\n<script type=\"application\/ld+json\" class=\"yoast-schema-graph\">{\"@context\":\"https:\\\/\\\/schema.org\",\"@graph\":[{\"@type\":\"Article\",\"@id\":\"https:\\\/\\\/www.ardigitalnoticias.com\\\/index.php\\\/2025\\\/03\\\/15\\\/lista-la-terna-para-la-rectoria-de-la-usco\\\/#article\",\"isPartOf\":{\"@id\":\"https:\\\/\\\/www.ardigitalnoticias.com\\\/index.php\\\/2025\\\/03\\\/15\\\/lista-la-terna-para-la-rectoria-de-la-usco\\\/\"},\"author\":{\"name\":\"AR Digital Noticias\",\"@id\":\"https:\\\/\\\/ardigitalnoticias.com\\\/#\\\/schema\\\/person\\\/3f1b0a96e890d8cba89a76c7558a147c\"},\"headline\":\"LISTA LA TERNA PARA LA RECTOR\u00cdA DE LA USCO\",\"datePublished\":\"2025-03-15T15:41:58+00:00\",\"dateModified\":\"2025-03-15T15:41:59+00:00\",\"mainEntityOfPage\":{\"@id\":\"https:\\\/\\\/www.ardigitalnoticias.com\\\/index.php\\\/2025\\\/03\\\/15\\\/lista-la-terna-para-la-rectoria-de-la-usco\\\/\"},\"wordCount\":952,\"commentCount\":0,\"publisher\":{\"@id\":\"https:\\\/\\\/ardigitalnoticias.com\\\/#organization\"},\"image\":{\"@id\":\"https:\\\/\\\/www.ardigitalnoticias.com\\\/index.php\\\/2025\\\/03\\\/15\\\/lista-la-terna-para-la-rectoria-de-la-usco\\\/#primaryimage\"},\"thumbnailUrl\":\"https:\\\/\\\/ardigitalnoticias.com\\\/wp-content\\\/uploads\\\/2025\\\/03\\\/InShot_20250315_095314179-scaled.jpg\",\"articleSection\":[\"Actualidad\",\"Regional\"],\"inLanguage\":\"es\",\"potentialAction\":[{\"@type\":\"CommentAction\",\"name\":\"Comment\",\"target\":[\"https:\\\/\\\/www.ardigitalnoticias.com\\\/index.php\\\/2025\\\/03\\\/15\\\/lista-la-terna-para-la-rectoria-de-la-usco\\\/#respond\"]}]},{\"@type\":\"WebPage\",\"@id\":\"https:\\\/\\\/www.ardigitalnoticias.com\\\/index.php\\\/2025\\\/03\\\/15\\\/lista-la-terna-para-la-rectoria-de-la-usco\\\/\",\"url\":\"https:\\\/\\\/www.ardigitalnoticias.com\\\/index.php\\\/2025\\\/03\\\/15\\\/lista-la-terna-para-la-rectoria-de-la-usco\\\/\",\"name\":\"LISTA LA TERNA PARA LA RECTOR\u00cdA DE LA USCO - AR Digital Noticias\",\"isPartOf\":{\"@id\":\"https:\\\/\\\/ardigitalnoticias.com\\\/#website\"},\"primaryImageOfPage\":{\"@id\":\"https:\\\/\\\/www.ardigitalnoticias.com\\\/index.php\\\/2025\\\/03\\\/15\\\/lista-la-terna-para-la-rectoria-de-la-usco\\\/#primaryimage\"},\"image\":{\"@id\":\"https:\\\/\\\/www.ardigitalnoticias.com\\\/index.php\\\/2025\\\/03\\\/15\\\/lista-la-terna-para-la-rectoria-de-la-usco\\\/#primaryimage\"},\"thumbnailUrl\":\"https:\\\/\\\/ardigitalnoticias.com\\\/wp-content\\\/uploads\\\/2025\\\/03\\\/InShot_20250315_095314179-scaled.jpg\",\"datePublished\":\"2025-03-15T15:41:58+00:00\",\"dateModified\":\"2025-03-15T15:41:59+00:00\",\"breadcrumb\":{\"@id\":\"https:\\\/\\\/www.ardigitalnoticias.com\\\/index.php\\\/2025\\\/03\\\/15\\\/lista-la-terna-para-la-rectoria-de-la-usco\\\/#breadcrumb\"},\"inLanguage\":\"es\",\"potentialAction\":[{\"@type\":\"ReadAction\",\"target\":[\"https:\\\/\\\/www.ardigitalnoticias.com\\\/index.php\\\/2025\\\/03\\\/15\\\/lista-la-terna-para-la-rectoria-de-la-usco\\\/\"]}]},{\"@type\":\"ImageObject\",\"inLanguage\":\"es\",\"@id\":\"https:\\\/\\\/www.ardigitalnoticias.com\\\/index.php\\\/2025\\\/03\\\/15\\\/lista-la-terna-para-la-rectoria-de-la-usco\\\/#primaryimage\",\"url\":\"https:\\\/\\\/ardigitalnoticias.com\\\/wp-content\\\/uploads\\\/2025\\\/03\\\/InShot_20250315_095314179-scaled.jpg\",\"contentUrl\":\"https:\\\/\\\/ardigitalnoticias.com\\\/wp-content\\\/uploads\\\/2025\\\/03\\\/InShot_20250315_095314179-scaled.jpg\",\"width\":2560,\"height\":1439},{\"@type\":\"BreadcrumbList\",\"@id\":\"https:\\\/\\\/www.ardigitalnoticias.com\\\/index.php\\\/2025\\\/03\\\/15\\\/lista-la-terna-para-la-rectoria-de-la-usco\\\/#breadcrumb\",\"itemListElement\":[{\"@type\":\"ListItem\",\"position\":1,\"name\":\"Portada\",\"item\":\"https:\\\/\\\/ardigitalnoticias.com\\\/\"},{\"@type\":\"ListItem\",\"position\":2,\"name\":\"LISTA LA TERNA PARA LA RECTOR\u00cdA DE LA USCO\"}]},{\"@type\":\"WebSite\",\"@id\":\"https:\\\/\\\/ardigitalnoticias.com\\\/#website\",\"url\":\"https:\\\/\\\/ardigitalnoticias.com\\\/\",\"name\":\"AR Digital Noticias\",\"description\":\"\",\"publisher\":{\"@id\":\"https:\\\/\\\/ardigitalnoticias.com\\\/#organization\"},\"potentialAction\":[{\"@type\":\"SearchAction\",\"target\":{\"@type\":\"EntryPoint\",\"urlTemplate\":\"https:\\\/\\\/ardigitalnoticias.com\\\/?s={search_term_string}\"},\"query-input\":{\"@type\":\"PropertyValueSpecification\",\"valueRequired\":true,\"valueName\":\"search_term_string\"}}],\"inLanguage\":\"es\"},{\"@type\":\"Organization\",\"@id\":\"https:\\\/\\\/ardigitalnoticias.com\\\/#organization\",\"name\":\"AR Digital Noticias\",\"url\":\"https:\\\/\\\/ardigitalnoticias.com\\\/\",\"logo\":{\"@type\":\"ImageObject\",\"inLanguage\":\"es\",\"@id\":\"https:\\\/\\\/ardigitalnoticias.com\\\/#\\\/schema\\\/logo\\\/image\\\/\",\"url\":\"https:\\\/\\\/ardigitalnoticias.com\\\/wp-content\\\/uploads\\\/2023\\\/11\\\/cropped-cropped-cropped-cropped-AR-Digital-Noticias-1.png\",\"contentUrl\":\"https:\\\/\\\/ardigitalnoticias.com\\\/wp-content\\\/uploads\\\/2023\\\/11\\\/cropped-cropped-cropped-cropped-AR-Digital-Noticias-1.png\",\"width\":972,\"height\":306,\"caption\":\"AR Digital Noticias\"},\"image\":{\"@id\":\"https:\\\/\\\/ardigitalnoticias.com\\\/#\\\/schema\\\/logo\\\/image\\\/\"}},{\"@type\":\"Person\",\"@id\":\"https:\\\/\\\/ardigitalnoticias.com\\\/#\\\/schema\\\/person\\\/3f1b0a96e890d8cba89a76c7558a147c\",\"name\":\"AR Digital Noticias\",\"image\":{\"@type\":\"ImageObject\",\"inLanguage\":\"es\",\"@id\":\"https:\\\/\\\/secure.gravatar.com\\\/avatar\\\/55d1acd2f9cac74c99f42fcb5090c2f994204a6f6c571cf4c3001ae692cb9b34?s=96&d=mm&r=g\",\"url\":\"https:\\\/\\\/secure.gravatar.com\\\/avatar\\\/55d1acd2f9cac74c99f42fcb5090c2f994204a6f6c571cf4c3001ae692cb9b34?s=96&d=mm&r=g\",\"contentUrl\":\"https:\\\/\\\/secure.gravatar.com\\\/avatar\\\/55d1acd2f9cac74c99f42fcb5090c2f994204a6f6c571cf4c3001ae692cb9b34?s=96&d=mm&r=g\",\"caption\":\"AR Digital Noticias\"},\"sameAs\":[\"http:\\\/\\\/ardigitalnoticias.com\"],\"url\":\"https:\\\/\\\/ardigitalnoticias.com\\\/index.php\\\/author\\\/editorial\\\/\"}]}<\/script>\n<!-- \/ Yoast SEO plugin. -->","yoast_head_json":{"title":"LISTA LA TERNA PARA LA RECTOR\u00cdA DE LA USCO - AR Digital Noticias","robots":{"index":"index","follow":"follow","max-snippet":"max-snippet:-1","max-image-preview":"max-image-preview:large","max-video-preview":"max-video-preview:-1"},"canonical":"https:\/\/www.ardigitalnoticias.com\/index.php\/2025\/03\/15\/lista-la-terna-para-la-rectoria-de-la-usco\/","og_locale":"es_ES","og_type":"article","og_title":"LISTA LA TERNA PARA LA RECTOR\u00cdA DE LA USCO - AR Digital Noticias","og_description":"Luego de una extensa jornada de deliberaci\u00f3n que se prolong\u00f3 por cerca de 12 horas, el Consejo Superior Universitario (CSU) de la Universidad Surcolombiana (USCO) defini\u00f3 la terna de candidatos que aspiran a ocupar el cargo de rector de la instituci\u00f3n en el pr\u00f3ximo per\u00edodo. POR: ANDR\u00c9S RODR\u00cdGUEZ. Los tres aspirantes seleccionados competir\u00e1n en la [&hellip;]","og_url":"https:\/\/www.ardigitalnoticias.com\/index.php\/2025\/03\/15\/lista-la-terna-para-la-rectoria-de-la-usco\/","og_site_name":"AR Digital Noticias","article_published_time":"2025-03-15T15:41:58+00:00","article_modified_time":"2025-03-15T15:41:59+00:00","og_image":[{"width":2560,"height":1439,"url":"https:\/\/www.ardigitalnoticias.com\/wp-content\/uploads\/2025\/03\/InShot_20250315_095314179-scaled.jpg","type":"image\/jpeg"}],"author":"AR Digital Noticias","twitter_card":"summary_large_image","twitter_misc":{"Escrito por":"AR Digital Noticias","Tiempo de lectura":"6 minutos"},"schema":{"@context":"https:\/\/schema.org","@graph":[{"@type":"Article","@id":"https:\/\/www.ardigitalnoticias.com\/index.php\/2025\/03\/15\/lista-la-terna-para-la-rectoria-de-la-usco\/#article","isPartOf":{"@id":"https:\/\/www.ardigitalnoticias.com\/index.php\/2025\/03\/15\/lista-la-terna-para-la-rectoria-de-la-usco\/"},"author":{"name":"AR Digital Noticias","@id":"https:\/\/ardigitalnoticias.com\/#\/schema\/person\/3f1b0a96e890d8cba89a76c7558a147c"},"headline":"LISTA LA TERNA PARA LA RECTOR\u00cdA DE LA USCO","datePublished":"2025-03-15T15:41:58+00:00","dateModified":"2025-03-15T15:41:59+00:00","mainEntityOfPage":{"@id":"https:\/\/www.ardigitalnoticias.com\/index.php\/2025\/03\/15\/lista-la-terna-para-la-rectoria-de-la-usco\/"},"wordCount":952,"commentCount":0,"publisher":{"@id":"https:\/\/ardigitalnoticias.com\/#organization"},"image":{"@id":"https:\/\/www.ardigitalnoticias.com\/index.php\/2025\/03\/15\/lista-la-terna-para-la-rectoria-de-la-usco\/#primaryimage"},"thumbnailUrl":"https:\/\/ardigitalnoticias.com\/wp-content\/uploads\/2025\/03\/InShot_20250315_095314179-scaled.jpg","articleSection":["Actualidad","Regional"],"inLanguage":"es","potentialAction":[{"@type":"CommentAction","name":"Comment","target":["https:\/\/www.ardigitalnoticias.com\/index.php\/2025\/03\/15\/lista-la-terna-para-la-rectoria-de-la-usco\/#respond"]}]},{"@type":"WebPage","@id":"https:\/\/www.ardigitalnoticias.com\/index.php\/2025\/03\/15\/lista-la-terna-para-la-rectoria-de-la-usco\/","url":"https:\/\/www.ardigitalnoticias.com\/index.php\/2025\/03\/15\/lista-la-terna-para-la-rectoria-de-la-usco\/","name":"LISTA LA TERNA PARA LA RECTOR\u00cdA DE LA USCO - AR Digital Noticias","isPartOf":{"@id":"https:\/\/ardigitalnoticias.com\/#website"},"primaryImageOfPage":{"@id":"https:\/\/www.ardigitalnoticias.com\/index.php\/2025\/03\/15\/lista-la-terna-para-la-rectoria-de-la-usco\/#primaryimage"},"image":{"@id":"https:\/\/www.ardigitalnoticias.com\/index.php\/2025\/03\/15\/lista-la-terna-para-la-rectoria-de-la-usco\/#primaryimage"},"thumbnailUrl":"https:\/\/ardigitalnoticias.com\/wp-content\/uploads\/2025\/03\/InShot_20250315_095314179-scaled.jpg","datePublished":"2025-03-15T15:41:58+00:00","dateModified":"2025-03-15T15:41:59+00:00","breadcrumb":{"@id":"https:\/\/www.ardigitalnoticias.com\/index.php\/2025\/03\/15\/lista-la-terna-para-la-rectoria-de-la-usco\/#breadcrumb"},"inLanguage":"es","potentialAction":[{"@type":"ReadAction","target":["https:\/\/www.ardigitalnoticias.com\/index.php\/2025\/03\/15\/lista-la-terna-para-la-rectoria-de-la-usco\/"]}]},{"@type":"ImageObject","inLanguage":"es","@id":"https:\/\/www.ardigitalnoticias.com\/index.php\/2025\/03\/15\/lista-la-terna-para-la-rectoria-de-la-usco\/#primaryimage","url":"https:\/\/ardigitalnoticias.com\/wp-content\/uploads\/2025\/03\/InShot_20250315_095314179-scaled.jpg","contentUrl":"https:\/\/ardigitalnoticias.com\/wp-content\/uploads\/2025\/03\/InShot_20250315_095314179-scaled.jpg","width":2560,"height":1439},{"@type":"BreadcrumbList","@id":"https:\/\/www.ardigitalnoticias.com\/index.php\/2025\/03\/15\/lista-la-terna-para-la-rectoria-de-la-usco\/#breadcrumb","itemListElement":[{"@type":"ListItem","position":1,"name":"Portada","item":"https:\/\/ardigitalnoticias.com\/"},{"@type":"ListItem","position":2,"name":"LISTA LA TERNA PARA LA RECTOR\u00cdA DE LA USCO"}]},{"@type":"WebSite","@id":"https:\/\/ardigitalnoticias.com\/#website","url":"https:\/\/ardigitalnoticias.com\/","name":"AR Digital Noticias","description":"","publisher":{"@id":"https:\/\/ardigitalnoticias.com\/#organization"},"potentialAction":[{"@type":"SearchAction","target":{"@type":"EntryPoint","urlTemplate":"https:\/\/ardigitalnoticias.com\/?s={search_term_string}"},"query-input":{"@type":"PropertyValueSpecification","valueRequired":true,"valueName":"search_term_string"}}],"inLanguage":"es"},{"@type":"Organization","@id":"https:\/\/ardigitalnoticias.com\/#organization","name":"AR Digital Noticias","url":"https:\/\/ardigitalnoticias.com\/","logo":{"@type":"ImageObject","inLanguage":"es","@id":"https:\/\/ardigitalnoticias.com\/#\/schema\/logo\/image\/","url":"https:\/\/ardigitalnoticias.com\/wp-content\/uploads\/2023\/11\/cropped-cropped-cropped-cropped-AR-Digital-Noticias-1.png","contentUrl":"https:\/\/ardigitalnoticias.com\/wp-content\/uploads\/2023\/11\/cropped-cropped-cropped-cropped-AR-Digital-Noticias-1.png","width":972,"height":306,"caption":"AR Digital Noticias"},"image":{"@id":"https:\/\/ardigitalnoticias.com\/#\/schema\/logo\/image\/"}},{"@type":"Person","@id":"https:\/\/ardigitalnoticias.com\/#\/schema\/person\/3f1b0a96e890d8cba89a76c7558a147c","name":"AR Digital Noticias","image":{"@type":"ImageObject","inLanguage":"es","@id":"https:\/\/secure.gravatar.com\/avatar\/55d1acd2f9cac74c99f42fcb5090c2f994204a6f6c571cf4c3001ae692cb9b34?s=96&d=mm&r=g","url":"https:\/\/secure.gravatar.com\/avatar\/55d1acd2f9cac74c99f42fcb5090c2f994204a6f6c571cf4c3001ae692cb9b34?s=96&d=mm&r=g","contentUrl":"https:\/\/secure.gravatar.com\/avatar\/55d1acd2f9cac74c99f42fcb5090c2f994204a6f6c571cf4c3001ae692cb9b34?s=96&d=mm&r=g","caption":"AR Digital Noticias"},"sameAs":["http:\/\/ardigitalnoticias.com"],"url":"https:\/\/ardigitalnoticias.com\/index.php\/author\/editorial\/"}]}},"_links":{"self":[{"href":"https:\/\/ardigitalnoticias.com\/index.php\/wp-json\/wp\/v2\/posts\/7063","targetHints":{"allow":["GET"]}}],"collection":[{"href":"https:\/\/ardigitalnoticias.com\/index.php\/wp-json\/wp\/v2\/posts"}],"about":[{"href":"https:\/\/ardigitalnoticias.com\/index.php\/wp-json\/wp\/v2\/types\/post"}],"author":[{"embeddable":true,"href":"https:\/\/ardigitalnoticias.com\/index.php\/wp-json\/wp\/v2\/users\/2"}],"replies":[{"embeddable":true,"href":"https:\/\/ardigitalnoticias.com\/index.php\/wp-json\/wp\/v2\/comments?post=7063"}],"version-history":[{"count":3,"href":"https:\/\/ardigitalnoticias.com\/index.php\/wp-json\/wp\/v2\/posts\/7063\/revisions"}],"predecessor-version":[{"id":7071,"href":"https:\/\/ardigitalnoticias.com\/index.php\/wp-json\/wp\/v2\/posts\/7063\/revisions\/7071"}],"wp:featuredmedia":[{"embeddable":true,"href":"https:\/\/ardigitalnoticias.com\/index.php\/wp-json\/wp\/v2\/media\/7064"}],"wp:attachment":[{"href":"https:\/\/ardigitalnoticias.com\/index.php\/wp-json\/wp\/v2\/media?parent=7063"}],"wp:term":[{"taxonomy":"category","embeddable":true,"href":"https:\/\/ardigitalnoticias.com\/index.php\/wp-json\/wp\/v2\/categories?post=7063"},{"taxonomy":"post_tag","embeddable":true,"href":"https:\/\/ardigitalnoticias.com\/index.php\/wp-json\/wp\/v2\/tags?post=7063"}],"curies":[{"name":"wp","href":"https:\/\/api.w.org\/{rel}","templated":true}]}}