{"id":6959,"date":"2025-03-13T07:43:27","date_gmt":"2025-03-13T12:43:27","guid":{"rendered":"https:\/\/ardigitalnoticias.com\/?p=6959"},"modified":"2025-03-13T07:43:28","modified_gmt":"2025-03-13T12:43:28","slug":"policia-fue-asesinado-al-frustrar-atraco","status":"publish","type":"post","link":"https:\/\/ardigitalnoticias.com\/index.php\/2025\/03\/13\/policia-fue-asesinado-al-frustrar-atraco\/","title":{"rendered":"POLIC\u00cdA FUE ASESINADO AL FRUSTRAR ATRACO"},"content":{"rendered":"\n<p>Una noche de violencia y hero\u00edsmo se vivi\u00f3 en Jamund\u00ed, Valle, donde un patrullero de la Polic\u00eda perdi\u00f3 la vida tras intentar frustrar un atraco.<\/p>\n\n\n\n<p><strong>POR: ANDR\u00c9S RODR\u00cdGUEZ. <\/strong><\/p>\n\n\n<div class=\"wp-block-image\">\n<figure class=\"aligncenter size-large\"><img loading=\"lazy\" decoding=\"async\" width=\"1024\" height=\"1024\" src=\"https:\/\/ardigitalnoticias.com\/wp-content\/uploads\/2025\/03\/FB_IMG_1741866757794-1024x1024.jpg\" alt=\"\" class=\"wp-image-6960\" srcset=\"https:\/\/ardigitalnoticias.com\/wp-content\/uploads\/2025\/03\/FB_IMG_1741866757794-1024x1024.jpg 1024w, https:\/\/ardigitalnoticias.com\/wp-content\/uploads\/2025\/03\/FB_IMG_1741866757794-600x600.jpg 600w, https:\/\/ardigitalnoticias.com\/wp-content\/uploads\/2025\/03\/FB_IMG_1741866757794-300x300.jpg 300w, https:\/\/ardigitalnoticias.com\/wp-content\/uploads\/2025\/03\/FB_IMG_1741866757794-768x768.jpg 768w, https:\/\/ardigitalnoticias.com\/wp-content\/uploads\/2025\/03\/FB_IMG_1741866757794-420x420.jpg 420w, https:\/\/ardigitalnoticias.com\/wp-content\/uploads\/2025\/03\/FB_IMG_1741866757794-150x150.jpg 150w, https:\/\/ardigitalnoticias.com\/wp-content\/uploads\/2025\/03\/FB_IMG_1741866757794-696x696.jpg 696w, https:\/\/ardigitalnoticias.com\/wp-content\/uploads\/2025\/03\/FB_IMG_1741866757794-1068x1068.jpg 1068w, https:\/\/ardigitalnoticias.com\/wp-content\/uploads\/2025\/03\/FB_IMG_1741866757794.jpg 1080w\" sizes=\"auto, (max-width: 1024px) 100vw, 1024px\" \/><\/figure>\n<\/div>\n\n\n<p>Su compa\u00f1ero reaccion\u00f3 de inmediato y logr\u00f3 abatir al delincuente.El subintendente de la Polic\u00eda Orlando Ram\u00edrez fue asesinado la noche de este mi\u00e9rcoles luego de capturar a un sujeto que hab\u00eda cometido un hurto. Seg\u00fan las primeras versiones, en medio del procedimiento, el delincuente logr\u00f3 arrebatarle su arma de dotaci\u00f3n y le dispar\u00f3 a quemarropa.<\/p>\n\n\n\n<p>En cuesti\u00f3n de segundos, su compa\u00f1ero reaccion\u00f3 y neutraliz\u00f3 al agresor, quien falleci\u00f3 en el lugar.<\/p>\n\n\n\n<p>La muerte del subintendente Ram\u00edrez ha generado una profunda tristeza entre sus colegas y la comunidad. Los ciudadanos han expresado su indignaci\u00f3n ante el nivel de violencia que enfrentan los uniformados en el cumplimiento de su deber.<\/p>\n\n\n\n<p>Las autoridades han manifestado su solidaridad con la familia del patrullero y han reiterado su compromiso con la seguridad de la regi\u00f3n.<\/p>\n\n\n\n<p>Este hecho vuelve a poner sobre la mesa el debate sobre la seguridad de los miembros de la fuerza p\u00fablica en el ejercicio de sus funciones. Cada d\u00eda, los polic\u00edas se exponen a situaciones de alto riesgo mientras protegen a la ciudadan\u00eda, y casos como este dejan en evidencia la necesidad de fortalecer las estrategias de protecci\u00f3n para los uniformados.<\/p>\n\n\n\n<p>La Polic\u00eda Nacional y la Fiscal\u00eda ya adelantan las investigaciones correspondientes para esclarecer todos los detalles de lo sucedido. <\/p>\n\n\n\n<p>???? \u00a1Honor y gloria al subintendente Orlando Ram\u00edrez! Su valent\u00eda y compromiso con la seguridad no ser\u00e1n olvidados.<\/p>\n\n\n<div class=\"wp-block-image\">\n<figure class=\"aligncenter size-large\"><img loading=\"lazy\" decoding=\"async\" width=\"576\" height=\"1024\" src=\"https:\/\/ardigitalnoticias.com\/wp-content\/uploads\/2025\/03\/FB_IMG_1741866748841-576x1024.jpg\" alt=\"\" class=\"wp-image-6961\" srcset=\"https:\/\/ardigitalnoticias.com\/wp-content\/uploads\/2025\/03\/FB_IMG_1741866748841-576x1024.jpg 576w, https:\/\/ardigitalnoticias.com\/wp-content\/uploads\/2025\/03\/FB_IMG_1741866748841-338x600.jpg 338w, https:\/\/ardigitalnoticias.com\/wp-content\/uploads\/2025\/03\/FB_IMG_1741866748841-169x300.jpg 169w, https:\/\/ardigitalnoticias.com\/wp-content\/uploads\/2025\/03\/FB_IMG_1741866748841-236x420.jpg 236w, https:\/\/ardigitalnoticias.com\/wp-content\/uploads\/2025\/03\/FB_IMG_1741866748841-150x267.jpg 150w, https:\/\/ardigitalnoticias.com\/wp-content\/uploads\/2025\/03\/FB_IMG_1741866748841-300x533.jpg 300w, https:\/\/ardigitalnoticias.com\/wp-content\/uploads\/2025\/03\/FB_IMG_1741866748841-696x1237.jpg 696w, https:\/\/ardigitalnoticias.com\/wp-content\/uploads\/2025\/03\/FB_IMG_1741866748841.jpg 720w\" sizes=\"auto, (max-width: 576px) 100vw, 576px\" \/><\/figure>\n<\/div>","protected":false},"excerpt":{"rendered":"<p>Una noche de violencia y hero\u00edsmo se vivi\u00f3 en Jamund\u00ed, Valle, donde un patrullero de la Polic\u00eda perdi\u00f3 la vida tras intentar frustrar un atraco. POR: ANDR\u00c9S RODR\u00cdGUEZ. Su compa\u00f1ero reaccion\u00f3 de inmediato y logr\u00f3 abatir al delincuente.El subintendente de la Polic\u00eda Orlando Ram\u00edrez fue asesinado la noche de este mi\u00e9rcoles luego de capturar a [&hellip;]<\/p>\n","protected":false},"author":2,"featured_media":6963,"comment_status":"open","ping_status":"open","sticky":false,"template":"","format":"standard","meta":{"_acf_changed":false,"_joinchat":[],"footnotes":""},"categories":[1,20,19],"tags":[],"class_list":{"0":"post-6959","1":"post","2":"type-post","3":"status-publish","4":"format-standard","5":"has-post-thumbnail","7":"category-actualidad","8":"category-judicial","9":"category-regional"},"acf":[],"yoast_head":"<!-- This site is optimized with the Yoast SEO plugin v27.5 - https:\/\/yoast.com\/product\/yoast-seo-wordpress\/ -->\n<title>POLIC\u00cdA FUE ASESINADO AL FRUSTRAR ATRACO - AR Digital Noticias<\/title>\n<meta name=\"robots\" content=\"index, follow, max-snippet:-1, max-image-preview:large, max-video-preview:-1\" \/>\n<link rel=\"canonical\" href=\"https:\/\/ardigitalnoticias.com\/index.php\/2025\/03\/13\/policia-fue-asesinado-al-frustrar-atraco\/\" \/>\n<meta property=\"og:locale\" content=\"es_ES\" \/>\n<meta property=\"og:type\" content=\"article\" \/>\n<meta property=\"og:title\" content=\"POLIC\u00cdA FUE ASESINADO AL FRUSTRAR ATRACO - AR Digital Noticias\" \/>\n<meta property=\"og:description\" content=\"Una noche de violencia y hero\u00edsmo se vivi\u00f3 en Jamund\u00ed, Valle, donde un patrullero de la Polic\u00eda perdi\u00f3 la vida tras intentar frustrar un atraco. POR: ANDR\u00c9S RODR\u00cdGUEZ. Su compa\u00f1ero reaccion\u00f3 de inmediato y logr\u00f3 abatir al delincuente.El subintendente de la Polic\u00eda Orlando Ram\u00edrez fue asesinado la noche de este mi\u00e9rcoles luego de capturar a [&hellip;]\" \/>\n<meta property=\"og:url\" content=\"https:\/\/ardigitalnoticias.com\/index.php\/2025\/03\/13\/policia-fue-asesinado-al-frustrar-atraco\/\" \/>\n<meta property=\"og:site_name\" content=\"AR Digital Noticias\" \/>\n<meta property=\"article:published_time\" content=\"2025-03-13T12:43:27+00:00\" \/>\n<meta property=\"article:modified_time\" content=\"2025-03-13T12:43:28+00:00\" \/>\n<meta property=\"og:image\" content=\"https:\/\/ardigitalnoticias.com\/wp-content\/uploads\/2025\/03\/InShot_20250313_074158492.jpg\" \/>\n\t<meta property=\"og:image:width\" content=\"1920\" \/>\n\t<meta property=\"og:image:height\" content=\"1079\" \/>\n\t<meta property=\"og:image:type\" content=\"image\/jpeg\" \/>\n<meta name=\"author\" content=\"AR Digital Noticias\" \/>\n<meta name=\"twitter:card\" content=\"summary_large_image\" \/>\n<meta name=\"twitter:label1\" content=\"Escrito por\" \/>\n\t<meta name=\"twitter:data1\" content=\"AR Digital Noticias\" \/>\n\t<meta name=\"twitter:label2\" content=\"Tiempo de lectura\" \/>\n\t<meta name=\"twitter:data2\" content=\"2 minutos\" \/>\n<script type=\"application\/ld+json\" class=\"yoast-schema-graph\">{\"@context\":\"https:\\\/\\\/schema.org\",\"@graph\":[{\"@type\":\"Article\",\"@id\":\"https:\\\/\\\/ardigitalnoticias.com\\\/index.php\\\/2025\\\/03\\\/13\\\/policia-fue-asesinado-al-frustrar-atraco\\\/#article\",\"isPartOf\":{\"@id\":\"https:\\\/\\\/ardigitalnoticias.com\\\/index.php\\\/2025\\\/03\\\/13\\\/policia-fue-asesinado-al-frustrar-atraco\\\/\"},\"author\":{\"name\":\"AR Digital Noticias\",\"@id\":\"https:\\\/\\\/ardigitalnoticias.com\\\/#\\\/schema\\\/person\\\/3f1b0a96e890d8cba89a76c7558a147c\"},\"headline\":\"POLIC\u00cdA FUE ASESINADO AL FRUSTRAR ATRACO\",\"datePublished\":\"2025-03-13T12:43:27+00:00\",\"dateModified\":\"2025-03-13T12:43:28+00:00\",\"mainEntityOfPage\":{\"@id\":\"https:\\\/\\\/ardigitalnoticias.com\\\/index.php\\\/2025\\\/03\\\/13\\\/policia-fue-asesinado-al-frustrar-atraco\\\/\"},\"wordCount\":288,\"commentCount\":0,\"publisher\":{\"@id\":\"https:\\\/\\\/ardigitalnoticias.com\\\/#organization\"},\"image\":{\"@id\":\"https:\\\/\\\/ardigitalnoticias.com\\\/index.php\\\/2025\\\/03\\\/13\\\/policia-fue-asesinado-al-frustrar-atraco\\\/#primaryimage\"},\"thumbnailUrl\":\"https:\\\/\\\/ardigitalnoticias.com\\\/wp-content\\\/uploads\\\/2025\\\/03\\\/InShot_20250313_074158492.jpg\",\"articleSection\":[\"Actualidad\",\"Judicial\",\"Regional\"],\"inLanguage\":\"es\",\"potentialAction\":[{\"@type\":\"CommentAction\",\"name\":\"Comment\",\"target\":[\"https:\\\/\\\/ardigitalnoticias.com\\\/index.php\\\/2025\\\/03\\\/13\\\/policia-fue-asesinado-al-frustrar-atraco\\\/#respond\"]}]},{\"@type\":\"WebPage\",\"@id\":\"https:\\\/\\\/ardigitalnoticias.com\\\/index.php\\\/2025\\\/03\\\/13\\\/policia-fue-asesinado-al-frustrar-atraco\\\/\",\"url\":\"https:\\\/\\\/ardigitalnoticias.com\\\/index.php\\\/2025\\\/03\\\/13\\\/policia-fue-asesinado-al-frustrar-atraco\\\/\",\"name\":\"POLIC\u00cdA FUE ASESINADO AL FRUSTRAR ATRACO - AR Digital Noticias\",\"isPartOf\":{\"@id\":\"https:\\\/\\\/ardigitalnoticias.com\\\/#website\"},\"primaryImageOfPage\":{\"@id\":\"https:\\\/\\\/ardigitalnoticias.com\\\/index.php\\\/2025\\\/03\\\/13\\\/policia-fue-asesinado-al-frustrar-atraco\\\/#primaryimage\"},\"image\":{\"@id\":\"https:\\\/\\\/ardigitalnoticias.com\\\/index.php\\\/2025\\\/03\\\/13\\\/policia-fue-asesinado-al-frustrar-atraco\\\/#primaryimage\"},\"thumbnailUrl\":\"https:\\\/\\\/ardigitalnoticias.com\\\/wp-content\\\/uploads\\\/2025\\\/03\\\/InShot_20250313_074158492.jpg\",\"datePublished\":\"2025-03-13T12:43:27+00:00\",\"dateModified\":\"2025-03-13T12:43:28+00:00\",\"breadcrumb\":{\"@id\":\"https:\\\/\\\/ardigitalnoticias.com\\\/index.php\\\/2025\\\/03\\\/13\\\/policia-fue-asesinado-al-frustrar-atraco\\\/#breadcrumb\"},\"inLanguage\":\"es\",\"potentialAction\":[{\"@type\":\"ReadAction\",\"target\":[\"https:\\\/\\\/ardigitalnoticias.com\\\/index.php\\\/2025\\\/03\\\/13\\\/policia-fue-asesinado-al-frustrar-atraco\\\/\"]}]},{\"@type\":\"ImageObject\",\"inLanguage\":\"es\",\"@id\":\"https:\\\/\\\/ardigitalnoticias.com\\\/index.php\\\/2025\\\/03\\\/13\\\/policia-fue-asesinado-al-frustrar-atraco\\\/#primaryimage\",\"url\":\"https:\\\/\\\/ardigitalnoticias.com\\\/wp-content\\\/uploads\\\/2025\\\/03\\\/InShot_20250313_074158492.jpg\",\"contentUrl\":\"https:\\\/\\\/ardigitalnoticias.com\\\/wp-content\\\/uploads\\\/2025\\\/03\\\/InShot_20250313_074158492.jpg\",\"width\":1920,\"height\":1079},{\"@type\":\"BreadcrumbList\",\"@id\":\"https:\\\/\\\/ardigitalnoticias.com\\\/index.php\\\/2025\\\/03\\\/13\\\/policia-fue-asesinado-al-frustrar-atraco\\\/#breadcrumb\",\"itemListElement\":[{\"@type\":\"ListItem\",\"position\":1,\"name\":\"Portada\",\"item\":\"https:\\\/\\\/ardigitalnoticias.com\\\/\"},{\"@type\":\"ListItem\",\"position\":2,\"name\":\"POLIC\u00cdA FUE ASESINADO AL FRUSTRAR ATRACO\"}]},{\"@type\":\"WebSite\",\"@id\":\"https:\\\/\\\/ardigitalnoticias.com\\\/#website\",\"url\":\"https:\\\/\\\/ardigitalnoticias.com\\\/\",\"name\":\"AR Digital Noticias\",\"description\":\"\",\"publisher\":{\"@id\":\"https:\\\/\\\/ardigitalnoticias.com\\\/#organization\"},\"potentialAction\":[{\"@type\":\"SearchAction\",\"target\":{\"@type\":\"EntryPoint\",\"urlTemplate\":\"https:\\\/\\\/ardigitalnoticias.com\\\/?s={search_term_string}\"},\"query-input\":{\"@type\":\"PropertyValueSpecification\",\"valueRequired\":true,\"valueName\":\"search_term_string\"}}],\"inLanguage\":\"es\"},{\"@type\":\"Organization\",\"@id\":\"https:\\\/\\\/ardigitalnoticias.com\\\/#organization\",\"name\":\"AR Digital Noticias\",\"url\":\"https:\\\/\\\/ardigitalnoticias.com\\\/\",\"logo\":{\"@type\":\"ImageObject\",\"inLanguage\":\"es\",\"@id\":\"https:\\\/\\\/ardigitalnoticias.com\\\/#\\\/schema\\\/logo\\\/image\\\/\",\"url\":\"https:\\\/\\\/ardigitalnoticias.com\\\/wp-content\\\/uploads\\\/2023\\\/11\\\/cropped-cropped-cropped-cropped-AR-Digital-Noticias-1.png\",\"contentUrl\":\"https:\\\/\\\/ardigitalnoticias.com\\\/wp-content\\\/uploads\\\/2023\\\/11\\\/cropped-cropped-cropped-cropped-AR-Digital-Noticias-1.png\",\"width\":972,\"height\":306,\"caption\":\"AR Digital Noticias\"},\"image\":{\"@id\":\"https:\\\/\\\/ardigitalnoticias.com\\\/#\\\/schema\\\/logo\\\/image\\\/\"}},{\"@type\":\"Person\",\"@id\":\"https:\\\/\\\/ardigitalnoticias.com\\\/#\\\/schema\\\/person\\\/3f1b0a96e890d8cba89a76c7558a147c\",\"name\":\"AR Digital Noticias\",\"image\":{\"@type\":\"ImageObject\",\"inLanguage\":\"es\",\"@id\":\"https:\\\/\\\/secure.gravatar.com\\\/avatar\\\/55d1acd2f9cac74c99f42fcb5090c2f994204a6f6c571cf4c3001ae692cb9b34?s=96&d=mm&r=g\",\"url\":\"https:\\\/\\\/secure.gravatar.com\\\/avatar\\\/55d1acd2f9cac74c99f42fcb5090c2f994204a6f6c571cf4c3001ae692cb9b34?s=96&d=mm&r=g\",\"contentUrl\":\"https:\\\/\\\/secure.gravatar.com\\\/avatar\\\/55d1acd2f9cac74c99f42fcb5090c2f994204a6f6c571cf4c3001ae692cb9b34?s=96&d=mm&r=g\",\"caption\":\"AR Digital Noticias\"},\"sameAs\":[\"http:\\\/\\\/ardigitalnoticias.com\"],\"url\":\"https:\\\/\\\/ardigitalnoticias.com\\\/index.php\\\/author\\\/editorial\\\/\"}]}<\/script>\n<!-- \/ Yoast SEO plugin. -->","yoast_head_json":{"title":"POLIC\u00cdA FUE ASESINADO AL FRUSTRAR ATRACO - AR Digital Noticias","robots":{"index":"index","follow":"follow","max-snippet":"max-snippet:-1","max-image-preview":"max-image-preview:large","max-video-preview":"max-video-preview:-1"},"canonical":"https:\/\/ardigitalnoticias.com\/index.php\/2025\/03\/13\/policia-fue-asesinado-al-frustrar-atraco\/","og_locale":"es_ES","og_type":"article","og_title":"POLIC\u00cdA FUE ASESINADO AL FRUSTRAR ATRACO - AR Digital Noticias","og_description":"Una noche de violencia y hero\u00edsmo se vivi\u00f3 en Jamund\u00ed, Valle, donde un patrullero de la Polic\u00eda perdi\u00f3 la vida tras intentar frustrar un atraco. POR: ANDR\u00c9S RODR\u00cdGUEZ. Su compa\u00f1ero reaccion\u00f3 de inmediato y logr\u00f3 abatir al delincuente.El subintendente de la Polic\u00eda Orlando Ram\u00edrez fue asesinado la noche de este mi\u00e9rcoles luego de capturar a [&hellip;]","og_url":"https:\/\/ardigitalnoticias.com\/index.php\/2025\/03\/13\/policia-fue-asesinado-al-frustrar-atraco\/","og_site_name":"AR Digital Noticias","article_published_time":"2025-03-13T12:43:27+00:00","article_modified_time":"2025-03-13T12:43:28+00:00","og_image":[{"width":1920,"height":1079,"url":"https:\/\/ardigitalnoticias.com\/wp-content\/uploads\/2025\/03\/InShot_20250313_074158492.jpg","type":"image\/jpeg"}],"author":"AR Digital Noticias","twitter_card":"summary_large_image","twitter_misc":{"Escrito por":"AR Digital Noticias","Tiempo de lectura":"2 minutos"},"schema":{"@context":"https:\/\/schema.org","@graph":[{"@type":"Article","@id":"https:\/\/ardigitalnoticias.com\/index.php\/2025\/03\/13\/policia-fue-asesinado-al-frustrar-atraco\/#article","isPartOf":{"@id":"https:\/\/ardigitalnoticias.com\/index.php\/2025\/03\/13\/policia-fue-asesinado-al-frustrar-atraco\/"},"author":{"name":"AR Digital Noticias","@id":"https:\/\/ardigitalnoticias.com\/#\/schema\/person\/3f1b0a96e890d8cba89a76c7558a147c"},"headline":"POLIC\u00cdA FUE ASESINADO AL FRUSTRAR ATRACO","datePublished":"2025-03-13T12:43:27+00:00","dateModified":"2025-03-13T12:43:28+00:00","mainEntityOfPage":{"@id":"https:\/\/ardigitalnoticias.com\/index.php\/2025\/03\/13\/policia-fue-asesinado-al-frustrar-atraco\/"},"wordCount":288,"commentCount":0,"publisher":{"@id":"https:\/\/ardigitalnoticias.com\/#organization"},"image":{"@id":"https:\/\/ardigitalnoticias.com\/index.php\/2025\/03\/13\/policia-fue-asesinado-al-frustrar-atraco\/#primaryimage"},"thumbnailUrl":"https:\/\/ardigitalnoticias.com\/wp-content\/uploads\/2025\/03\/InShot_20250313_074158492.jpg","articleSection":["Actualidad","Judicial","Regional"],"inLanguage":"es","potentialAction":[{"@type":"CommentAction","name":"Comment","target":["https:\/\/ardigitalnoticias.com\/index.php\/2025\/03\/13\/policia-fue-asesinado-al-frustrar-atraco\/#respond"]}]},{"@type":"WebPage","@id":"https:\/\/ardigitalnoticias.com\/index.php\/2025\/03\/13\/policia-fue-asesinado-al-frustrar-atraco\/","url":"https:\/\/ardigitalnoticias.com\/index.php\/2025\/03\/13\/policia-fue-asesinado-al-frustrar-atraco\/","name":"POLIC\u00cdA FUE ASESINADO AL FRUSTRAR ATRACO - AR Digital Noticias","isPartOf":{"@id":"https:\/\/ardigitalnoticias.com\/#website"},"primaryImageOfPage":{"@id":"https:\/\/ardigitalnoticias.com\/index.php\/2025\/03\/13\/policia-fue-asesinado-al-frustrar-atraco\/#primaryimage"},"image":{"@id":"https:\/\/ardigitalnoticias.com\/index.php\/2025\/03\/13\/policia-fue-asesinado-al-frustrar-atraco\/#primaryimage"},"thumbnailUrl":"https:\/\/ardigitalnoticias.com\/wp-content\/uploads\/2025\/03\/InShot_20250313_074158492.jpg","datePublished":"2025-03-13T12:43:27+00:00","dateModified":"2025-03-13T12:43:28+00:00","breadcrumb":{"@id":"https:\/\/ardigitalnoticias.com\/index.php\/2025\/03\/13\/policia-fue-asesinado-al-frustrar-atraco\/#breadcrumb"},"inLanguage":"es","potentialAction":[{"@type":"ReadAction","target":["https:\/\/ardigitalnoticias.com\/index.php\/2025\/03\/13\/policia-fue-asesinado-al-frustrar-atraco\/"]}]},{"@type":"ImageObject","inLanguage":"es","@id":"https:\/\/ardigitalnoticias.com\/index.php\/2025\/03\/13\/policia-fue-asesinado-al-frustrar-atraco\/#primaryimage","url":"https:\/\/ardigitalnoticias.com\/wp-content\/uploads\/2025\/03\/InShot_20250313_074158492.jpg","contentUrl":"https:\/\/ardigitalnoticias.com\/wp-content\/uploads\/2025\/03\/InShot_20250313_074158492.jpg","width":1920,"height":1079},{"@type":"BreadcrumbList","@id":"https:\/\/ardigitalnoticias.com\/index.php\/2025\/03\/13\/policia-fue-asesinado-al-frustrar-atraco\/#breadcrumb","itemListElement":[{"@type":"ListItem","position":1,"name":"Portada","item":"https:\/\/ardigitalnoticias.com\/"},{"@type":"ListItem","position":2,"name":"POLIC\u00cdA FUE ASESINADO AL FRUSTRAR ATRACO"}]},{"@type":"WebSite","@id":"https:\/\/ardigitalnoticias.com\/#website","url":"https:\/\/ardigitalnoticias.com\/","name":"AR Digital Noticias","description":"","publisher":{"@id":"https:\/\/ardigitalnoticias.com\/#organization"},"potentialAction":[{"@type":"SearchAction","target":{"@type":"EntryPoint","urlTemplate":"https:\/\/ardigitalnoticias.com\/?s={search_term_string}"},"query-input":{"@type":"PropertyValueSpecification","valueRequired":true,"valueName":"search_term_string"}}],"inLanguage":"es"},{"@type":"Organization","@id":"https:\/\/ardigitalnoticias.com\/#organization","name":"AR Digital Noticias","url":"https:\/\/ardigitalnoticias.com\/","logo":{"@type":"ImageObject","inLanguage":"es","@id":"https:\/\/ardigitalnoticias.com\/#\/schema\/logo\/image\/","url":"https:\/\/ardigitalnoticias.com\/wp-content\/uploads\/2023\/11\/cropped-cropped-cropped-cropped-AR-Digital-Noticias-1.png","contentUrl":"https:\/\/ardigitalnoticias.com\/wp-content\/uploads\/2023\/11\/cropped-cropped-cropped-cropped-AR-Digital-Noticias-1.png","width":972,"height":306,"caption":"AR Digital Noticias"},"image":{"@id":"https:\/\/ardigitalnoticias.com\/#\/schema\/logo\/image\/"}},{"@type":"Person","@id":"https:\/\/ardigitalnoticias.com\/#\/schema\/person\/3f1b0a96e890d8cba89a76c7558a147c","name":"AR Digital Noticias","image":{"@type":"ImageObject","inLanguage":"es","@id":"https:\/\/secure.gravatar.com\/avatar\/55d1acd2f9cac74c99f42fcb5090c2f994204a6f6c571cf4c3001ae692cb9b34?s=96&d=mm&r=g","url":"https:\/\/secure.gravatar.com\/avatar\/55d1acd2f9cac74c99f42fcb5090c2f994204a6f6c571cf4c3001ae692cb9b34?s=96&d=mm&r=g","contentUrl":"https:\/\/secure.gravatar.com\/avatar\/55d1acd2f9cac74c99f42fcb5090c2f994204a6f6c571cf4c3001ae692cb9b34?s=96&d=mm&r=g","caption":"AR Digital Noticias"},"sameAs":["http:\/\/ardigitalnoticias.com"],"url":"https:\/\/ardigitalnoticias.com\/index.php\/author\/editorial\/"}]}},"_links":{"self":[{"href":"https:\/\/ardigitalnoticias.com\/index.php\/wp-json\/wp\/v2\/posts\/6959","targetHints":{"allow":["GET"]}}],"collection":[{"href":"https:\/\/ardigitalnoticias.com\/index.php\/wp-json\/wp\/v2\/posts"}],"about":[{"href":"https:\/\/ardigitalnoticias.com\/index.php\/wp-json\/wp\/v2\/types\/post"}],"author":[{"embeddable":true,"href":"https:\/\/ardigitalnoticias.com\/index.php\/wp-json\/wp\/v2\/users\/2"}],"replies":[{"embeddable":true,"href":"https:\/\/ardigitalnoticias.com\/index.php\/wp-json\/wp\/v2\/comments?post=6959"}],"version-history":[{"count":1,"href":"https:\/\/ardigitalnoticias.com\/index.php\/wp-json\/wp\/v2\/posts\/6959\/revisions"}],"predecessor-version":[{"id":6964,"href":"https:\/\/ardigitalnoticias.com\/index.php\/wp-json\/wp\/v2\/posts\/6959\/revisions\/6964"}],"wp:featuredmedia":[{"embeddable":true,"href":"https:\/\/ardigitalnoticias.com\/index.php\/wp-json\/wp\/v2\/media\/6963"}],"wp:attachment":[{"href":"https:\/\/ardigitalnoticias.com\/index.php\/wp-json\/wp\/v2\/media?parent=6959"}],"wp:term":[{"taxonomy":"category","embeddable":true,"href":"https:\/\/ardigitalnoticias.com\/index.php\/wp-json\/wp\/v2\/categories?post=6959"},{"taxonomy":"post_tag","embeddable":true,"href":"https:\/\/ardigitalnoticias.com\/index.php\/wp-json\/wp\/v2\/tags?post=6959"}],"curies":[{"name":"wp","href":"https:\/\/api.w.org\/{rel}","templated":true}]}}