{"id":6788,"date":"2025-03-08T09:55:52","date_gmt":"2025-03-08T14:55:52","guid":{"rendered":"https:\/\/ardigitalnoticias.com\/?p=6788"},"modified":"2025-03-08T09:55:52","modified_gmt":"2025-03-08T14:55:52","slug":"garzon-se-prepara-para-la-gran-expoferia-2025","status":"publish","type":"post","link":"https:\/\/ardigitalnoticias.com\/index.php\/2025\/03\/08\/garzon-se-prepara-para-la-gran-expoferia-2025\/","title":{"rendered":"GARZ\u00d3N SE PREPARA PARA LA GRAN EXPOFERIA 2025"},"content":{"rendered":"\n<p>En un evento realizado en el Parque Sim\u00f3n Bol\u00edvar de Garz\u00f3n, el alcalde Francisco Calder\u00f3n y el director ejecutivo de la feria, Ramiro Cuenca, anunciaron oficialmente la edici\u00f3n n\u00famero 37 de la Expoferia, que se llevar\u00e1 a cabo del 1 al 4 de mayo de 2025.<\/p>\n\n\n\n<p><strong>POR: ANDR\u00c9S RODR\u00cdGUEZ. <\/strong><\/p>\n\n\n<div class=\"wp-block-image\">\n<figure class=\"aligncenter size-large\"><img loading=\"lazy\" decoding=\"async\" width=\"1024\" height=\"577\" src=\"https:\/\/ardigitalnoticias.com\/wp-content\/uploads\/2025\/03\/20250307_193402-1024x577.jpg\" alt=\"\" class=\"wp-image-6797\" srcset=\"https:\/\/ardigitalnoticias.com\/wp-content\/uploads\/2025\/03\/20250307_193402-1024x577.jpg 1024w, https:\/\/ardigitalnoticias.com\/wp-content\/uploads\/2025\/03\/20250307_193402-600x338.jpg 600w, https:\/\/ardigitalnoticias.com\/wp-content\/uploads\/2025\/03\/20250307_193402-300x169.jpg 300w, https:\/\/ardigitalnoticias.com\/wp-content\/uploads\/2025\/03\/20250307_193402-768x432.jpg 768w, https:\/\/ardigitalnoticias.com\/wp-content\/uploads\/2025\/03\/20250307_193402-1536x865.jpg 1536w, https:\/\/ardigitalnoticias.com\/wp-content\/uploads\/2025\/03\/20250307_193402-2048x1153.jpg 2048w, https:\/\/ardigitalnoticias.com\/wp-content\/uploads\/2025\/03\/20250307_193402-746x420.jpg 746w, https:\/\/ardigitalnoticias.com\/wp-content\/uploads\/2025\/03\/20250307_193402-150x84.jpg 150w, https:\/\/ardigitalnoticias.com\/wp-content\/uploads\/2025\/03\/20250307_193402-696x392.jpg 696w, https:\/\/ardigitalnoticias.com\/wp-content\/uploads\/2025\/03\/20250307_193402-1068x601.jpg 1068w, https:\/\/ardigitalnoticias.com\/wp-content\/uploads\/2025\/03\/20250307_193402-1920x1081.jpg 1920w\" sizes=\"auto, (max-width: 1024px) 100vw, 1024px\" \/><\/figure>\n<\/div>\n\n\n<p>La Expoferia de Garz\u00f3n es uno de los eventos m\u00e1s importantes del sector agropecuario en el Huila, reuniendo a ganaderos, agricultores y comerciantes en un espacio de exhibici\u00f3n y negocios.<\/p>\n\n\n<div class=\"wp-block-image\">\n<figure class=\"aligncenter size-large\"><img loading=\"lazy\" decoding=\"async\" width=\"577\" height=\"1024\" src=\"https:\/\/ardigitalnoticias.com\/wp-content\/uploads\/2025\/03\/20250307_194109-577x1024.jpg\" alt=\"\" class=\"wp-image-6794\" srcset=\"https:\/\/ardigitalnoticias.com\/wp-content\/uploads\/2025\/03\/20250307_194109-577x1024.jpg 577w, https:\/\/ardigitalnoticias.com\/wp-content\/uploads\/2025\/03\/20250307_194109-338x600.jpg 338w, https:\/\/ardigitalnoticias.com\/wp-content\/uploads\/2025\/03\/20250307_194109-169x300.jpg 169w, https:\/\/ardigitalnoticias.com\/wp-content\/uploads\/2025\/03\/20250307_194109-768x1364.jpg 768w, https:\/\/ardigitalnoticias.com\/wp-content\/uploads\/2025\/03\/20250307_194109-865x1536.jpg 865w, https:\/\/ardigitalnoticias.com\/wp-content\/uploads\/2025\/03\/20250307_194109-1153x2048.jpg 1153w, https:\/\/ardigitalnoticias.com\/wp-content\/uploads\/2025\/03\/20250307_194109-236x420.jpg 236w, https:\/\/ardigitalnoticias.com\/wp-content\/uploads\/2025\/03\/20250307_194109-150x266.jpg 150w, https:\/\/ardigitalnoticias.com\/wp-content\/uploads\/2025\/03\/20250307_194109-300x533.jpg 300w, https:\/\/ardigitalnoticias.com\/wp-content\/uploads\/2025\/03\/20250307_194109-696x1236.jpg 696w, https:\/\/ardigitalnoticias.com\/wp-content\/uploads\/2025\/03\/20250307_194109-1068x1897.jpg 1068w, https:\/\/ardigitalnoticias.com\/wp-content\/uploads\/2025\/03\/20250307_194109-1920x3410.jpg 1920w, https:\/\/ardigitalnoticias.com\/wp-content\/uploads\/2025\/03\/20250307_194109-scaled.jpg 1441w\" sizes=\"auto, (max-width: 577px) 100vw, 577px\" \/><\/figure>\n<\/div>\n\n\n<p>Este a\u00f1o, contar\u00e1 con una organizaci\u00f3n destacada, con coordinadores especializados en cada \u00e1rea del evento.   <\/p>\n\n\n<div class=\"wp-block-image\">\n<figure class=\"aligncenter size-large\"><img loading=\"lazy\" decoding=\"async\" width=\"819\" height=\"1024\" src=\"https:\/\/ardigitalnoticias.com\/wp-content\/uploads\/2025\/03\/FB_IMG_1741444373763-819x1024.jpg\" alt=\"\" class=\"wp-image-6800\" srcset=\"https:\/\/ardigitalnoticias.com\/wp-content\/uploads\/2025\/03\/FB_IMG_1741444373763-819x1024.jpg 819w, https:\/\/ardigitalnoticias.com\/wp-content\/uploads\/2025\/03\/FB_IMG_1741444373763-480x600.jpg 480w, https:\/\/ardigitalnoticias.com\/wp-content\/uploads\/2025\/03\/FB_IMG_1741444373763-240x300.jpg 240w, https:\/\/ardigitalnoticias.com\/wp-content\/uploads\/2025\/03\/FB_IMG_1741444373763-768x960.jpg 768w, https:\/\/ardigitalnoticias.com\/wp-content\/uploads\/2025\/03\/FB_IMG_1741444373763-1229x1536.jpg 1229w, https:\/\/ardigitalnoticias.com\/wp-content\/uploads\/2025\/03\/FB_IMG_1741444373763-1638x2048.jpg 1638w, https:\/\/ardigitalnoticias.com\/wp-content\/uploads\/2025\/03\/FB_IMG_1741444373763-336x420.jpg 336w, https:\/\/ardigitalnoticias.com\/wp-content\/uploads\/2025\/03\/FB_IMG_1741444373763-150x188.jpg 150w, https:\/\/ardigitalnoticias.com\/wp-content\/uploads\/2025\/03\/FB_IMG_1741444373763-300x375.jpg 300w, https:\/\/ardigitalnoticias.com\/wp-content\/uploads\/2025\/03\/FB_IMG_1741444373763-696x870.jpg 696w, https:\/\/ardigitalnoticias.com\/wp-content\/uploads\/2025\/03\/FB_IMG_1741444373763-1068x1335.jpg 1068w, https:\/\/ardigitalnoticias.com\/wp-content\/uploads\/2025\/03\/FB_IMG_1741444373763.jpg 1776w\" sizes=\"auto, (max-width: 819px) 100vw, 819px\" \/><\/figure>\n<\/div>\n\n\n<p>????\u200d???? <strong>L\u00edderes de la Expoferia 2025 <\/strong><\/p>\n\n\n\n<p>????Ramiro Cuenca Cabrera<\/p>\n\n\n\n<p>\u2013 Director Ejecutivo: Ganadero, propietario del criadero Villa Alejandra y Mis Tres Reinas de Garz\u00f3n, con amplia experiencia en ferias y exposiciones equinas. <\/p>\n\n\n\n<p>???? Marl\u00e9n Socorro Cu\u00e9llar Triana<\/p>\n\n\n\n<p>\u2013 Coordinadora Comercial: Especialista en gerencia de proyectos y experta en finanzas agropecuarias.<\/p>\n\n\n\n<p>????Jos\u00e9 Carlos Escobar Casta\u00f1o<\/p>\n\n\n\n<p>\u2013 Coordinador Equino: Con experiencia en el sector equino como montador y expositor en diversas ferias del pa\u00eds.<\/p>\n\n\n<div class=\"wp-block-image\">\n<figure class=\"aligncenter size-large\"><img loading=\"lazy\" decoding=\"async\" width=\"577\" height=\"1024\" src=\"https:\/\/ardigitalnoticias.com\/wp-content\/uploads\/2025\/03\/20250307_201903-577x1024.jpg\" alt=\"\" class=\"wp-image-6798\" srcset=\"https:\/\/ardigitalnoticias.com\/wp-content\/uploads\/2025\/03\/20250307_201903-577x1024.jpg 577w, https:\/\/ardigitalnoticias.com\/wp-content\/uploads\/2025\/03\/20250307_201903-338x600.jpg 338w, https:\/\/ardigitalnoticias.com\/wp-content\/uploads\/2025\/03\/20250307_201903-169x300.jpg 169w, https:\/\/ardigitalnoticias.com\/wp-content\/uploads\/2025\/03\/20250307_201903-768x1364.jpg 768w, https:\/\/ardigitalnoticias.com\/wp-content\/uploads\/2025\/03\/20250307_201903-865x1536.jpg 865w, https:\/\/ardigitalnoticias.com\/wp-content\/uploads\/2025\/03\/20250307_201903-1153x2048.jpg 1153w, https:\/\/ardigitalnoticias.com\/wp-content\/uploads\/2025\/03\/20250307_201903-236x420.jpg 236w, https:\/\/ardigitalnoticias.com\/wp-content\/uploads\/2025\/03\/20250307_201903-150x266.jpg 150w, https:\/\/ardigitalnoticias.com\/wp-content\/uploads\/2025\/03\/20250307_201903-300x533.jpg 300w, https:\/\/ardigitalnoticias.com\/wp-content\/uploads\/2025\/03\/20250307_201903-696x1236.jpg 696w, https:\/\/ardigitalnoticias.com\/wp-content\/uploads\/2025\/03\/20250307_201903-1068x1897.jpg 1068w, https:\/\/ardigitalnoticias.com\/wp-content\/uploads\/2025\/03\/20250307_201903-1920x3410.jpg 1920w, https:\/\/ardigitalnoticias.com\/wp-content\/uploads\/2025\/03\/20250307_201903-scaled.jpg 1441w\" sizes=\"auto, (max-width: 577px) 100vw, 577px\" \/><\/figure>\n<\/div>\n\n\n<p>????Augusto C\u00e9sar Rojas Rodr\u00edguez<\/p>\n\n\n\n<p>\u2013 Coordinador Bovino: Empresario y ganadero con amplia trayectoria en gen\u00e9tica bovina.<\/p>\n\n\n\n<p>????Mauricio Ortiz Cediel<\/p>\n\n\n\n<p>\u2013 Coordinador Bovino: T\u00e9cnico en producci\u00f3n pecuaria y experto en reproducci\u00f3n bovina.<\/p>\n\n\n\n<p>????Fernedy Hern\u00e1ndez Figueroa<\/p>\n\n\n\n<p>\u2013 Coordinador Agroindustrial: Representante de Codic, con m\u00e1s de 10 a\u00f1os de experiencia en el sector agropecuario.<\/p>\n\n\n\n<p>????Lina Mar\u00eda Rumi\u00e9 Sapuy <\/p>\n\n\n\n<p>\u2013 Coordinadora Festival Canino: Propietaria de la Cl\u00ednica Veterinaria Zoovet, comprometida con la salud de las mascotas.<\/p>\n\n\n\n<p>???? H\u00e9ctor Augusto Penagos Calder\u00f3n<\/p>\n\n\n\n<p>\u2013 M\u00e9dico Veterinario y Zootecnista: Especialista en biotecnolog\u00eda reproductiva bovina y equina, con experiencia en asistencia t\u00e9cnica agropecuaria. <\/p>\n\n\n\n<p><strong> \u201cVamos a hacer la mejor feria\u201d <\/strong><\/p>\n\n\n\n<p>Durante la presentaci\u00f3n, Ramiro Cuenca asegur\u00f3 que esta edici\u00f3n ser\u00e1 inolvidable. Adem\u00e1s, se inform\u00f3 que los vendedores informales deber\u00e1n ubicarse en la parte exterior del recinto ferial para garantizar el orden y la seguridad del evento.<\/p>\n\n\n\n<figure class=\"wp-block-image size-full\"><img loading=\"lazy\" decoding=\"async\" width=\"768\" height=\"960\" src=\"https:\/\/ardigitalnoticias.com\/wp-content\/uploads\/2025\/03\/FB_IMG_1741443031658.jpg\" alt=\"\" class=\"wp-image-6799\" srcset=\"https:\/\/ardigitalnoticias.com\/wp-content\/uploads\/2025\/03\/FB_IMG_1741443031658.jpg 768w, https:\/\/ardigitalnoticias.com\/wp-content\/uploads\/2025\/03\/FB_IMG_1741443031658-480x600.jpg 480w, https:\/\/ardigitalnoticias.com\/wp-content\/uploads\/2025\/03\/FB_IMG_1741443031658-240x300.jpg 240w, https:\/\/ardigitalnoticias.com\/wp-content\/uploads\/2025\/03\/FB_IMG_1741443031658-336x420.jpg 336w, https:\/\/ardigitalnoticias.com\/wp-content\/uploads\/2025\/03\/FB_IMG_1741443031658-150x188.jpg 150w, https:\/\/ardigitalnoticias.com\/wp-content\/uploads\/2025\/03\/FB_IMG_1741443031658-300x375.jpg 300w, https:\/\/ardigitalnoticias.com\/wp-content\/uploads\/2025\/03\/FB_IMG_1741443031658-696x870.jpg 696w\" sizes=\"auto, (max-width: 768px) 100vw, 768px\" \/><\/figure>\n\n\n\n<p>Con una programaci\u00f3n variada y la participaci\u00f3n de expertos en el sector, la Expoferia de Garz\u00f3n 2025 promete ser un evento de gran impacto para la regi\u00f3n.<\/p>\n\n\n\n<p>\u00a1Nos vemos en mayo! <\/p>\n\n\n\n<figure class=\"wp-block-gallery has-nested-images columns-default is-cropped wp-block-gallery-1 is-layout-flex wp-block-gallery-is-layout-flex\">\n<figure class=\"wp-block-image size-large\"><img loading=\"lazy\" decoding=\"async\" width=\"1024\" height=\"768\" data-id=\"6791\" src=\"https:\/\/ardigitalnoticias.com\/wp-content\/uploads\/2025\/03\/IMG-20250308-WA0336-1024x768.jpg\" alt=\"\" class=\"wp-image-6791\" srcset=\"https:\/\/ardigitalnoticias.com\/wp-content\/uploads\/2025\/03\/IMG-20250308-WA0336-1024x768.jpg 1024w, https:\/\/ardigitalnoticias.com\/wp-content\/uploads\/2025\/03\/IMG-20250308-WA0336-600x450.jpg 600w, https:\/\/ardigitalnoticias.com\/wp-content\/uploads\/2025\/03\/IMG-20250308-WA0336-300x225.jpg 300w, https:\/\/ardigitalnoticias.com\/wp-content\/uploads\/2025\/03\/IMG-20250308-WA0336-768x576.jpg 768w, https:\/\/ardigitalnoticias.com\/wp-content\/uploads\/2025\/03\/IMG-20250308-WA0336-1536x1152.jpg 1536w, https:\/\/ardigitalnoticias.com\/wp-content\/uploads\/2025\/03\/IMG-20250308-WA0336-560x420.jpg 560w, https:\/\/ardigitalnoticias.com\/wp-content\/uploads\/2025\/03\/IMG-20250308-WA0336-80x60.jpg 80w, https:\/\/ardigitalnoticias.com\/wp-content\/uploads\/2025\/03\/IMG-20250308-WA0336-150x113.jpg 150w, https:\/\/ardigitalnoticias.com\/wp-content\/uploads\/2025\/03\/IMG-20250308-WA0336-696x522.jpg 696w, https:\/\/ardigitalnoticias.com\/wp-content\/uploads\/2025\/03\/IMG-20250308-WA0336-1068x801.jpg 1068w, https:\/\/ardigitalnoticias.com\/wp-content\/uploads\/2025\/03\/IMG-20250308-WA0336.jpg 1600w\" sizes=\"auto, (max-width: 1024px) 100vw, 1024px\" \/><\/figure>\n\n\n\n<figure class=\"wp-block-image size-large\"><img loading=\"lazy\" decoding=\"async\" width=\"1024\" height=\"768\" data-id=\"6792\" src=\"https:\/\/ardigitalnoticias.com\/wp-content\/uploads\/2025\/03\/IMG-20250308-WA0337-1024x768.jpg\" alt=\"\" class=\"wp-image-6792\" srcset=\"https:\/\/ardigitalnoticias.com\/wp-content\/uploads\/2025\/03\/IMG-20250308-WA0337-1024x768.jpg 1024w, https:\/\/ardigitalnoticias.com\/wp-content\/uploads\/2025\/03\/IMG-20250308-WA0337-600x450.jpg 600w, https:\/\/ardigitalnoticias.com\/wp-content\/uploads\/2025\/03\/IMG-20250308-WA0337-300x225.jpg 300w, https:\/\/ardigitalnoticias.com\/wp-content\/uploads\/2025\/03\/IMG-20250308-WA0337-768x576.jpg 768w, https:\/\/ardigitalnoticias.com\/wp-content\/uploads\/2025\/03\/IMG-20250308-WA0337-1536x1152.jpg 1536w, https:\/\/ardigitalnoticias.com\/wp-content\/uploads\/2025\/03\/IMG-20250308-WA0337-560x420.jpg 560w, https:\/\/ardigitalnoticias.com\/wp-content\/uploads\/2025\/03\/IMG-20250308-WA0337-80x60.jpg 80w, https:\/\/ardigitalnoticias.com\/wp-content\/uploads\/2025\/03\/IMG-20250308-WA0337-150x113.jpg 150w, https:\/\/ardigitalnoticias.com\/wp-content\/uploads\/2025\/03\/IMG-20250308-WA0337-696x522.jpg 696w, https:\/\/ardigitalnoticias.com\/wp-content\/uploads\/2025\/03\/IMG-20250308-WA0337-1068x801.jpg 1068w, https:\/\/ardigitalnoticias.com\/wp-content\/uploads\/2025\/03\/IMG-20250308-WA0337.jpg 1600w\" sizes=\"auto, (max-width: 1024px) 100vw, 1024px\" \/><\/figure>\n\n\n\n<figure class=\"wp-block-image size-large\"><img loading=\"lazy\" decoding=\"async\" width=\"1024\" height=\"577\" data-id=\"6795\" src=\"https:\/\/ardigitalnoticias.com\/wp-content\/uploads\/2025\/03\/20250307_193444-1024x577.jpg\" alt=\"\" class=\"wp-image-6795\" srcset=\"https:\/\/ardigitalnoticias.com\/wp-content\/uploads\/2025\/03\/20250307_193444-1024x577.jpg 1024w, https:\/\/ardigitalnoticias.com\/wp-content\/uploads\/2025\/03\/20250307_193444-600x338.jpg 600w, https:\/\/ardigitalnoticias.com\/wp-content\/uploads\/2025\/03\/20250307_193444-300x169.jpg 300w, https:\/\/ardigitalnoticias.com\/wp-content\/uploads\/2025\/03\/20250307_193444-768x432.jpg 768w, https:\/\/ardigitalnoticias.com\/wp-content\/uploads\/2025\/03\/20250307_193444-1536x865.jpg 1536w, https:\/\/ardigitalnoticias.com\/wp-content\/uploads\/2025\/03\/20250307_193444-2048x1153.jpg 2048w, https:\/\/ardigitalnoticias.com\/wp-content\/uploads\/2025\/03\/20250307_193444-746x420.jpg 746w, https:\/\/ardigitalnoticias.com\/wp-content\/uploads\/2025\/03\/20250307_193444-150x84.jpg 150w, https:\/\/ardigitalnoticias.com\/wp-content\/uploads\/2025\/03\/20250307_193444-696x392.jpg 696w, https:\/\/ardigitalnoticias.com\/wp-content\/uploads\/2025\/03\/20250307_193444-1068x601.jpg 1068w, https:\/\/ardigitalnoticias.com\/wp-content\/uploads\/2025\/03\/20250307_193444-1920x1081.jpg 1920w\" sizes=\"auto, (max-width: 1024px) 100vw, 1024px\" \/><\/figure>\n<\/figure>\n","protected":false},"excerpt":{"rendered":"<p>En un evento realizado en el Parque Sim\u00f3n Bol\u00edvar de Garz\u00f3n, el alcalde Francisco Calder\u00f3n y el director ejecutivo de la feria, Ramiro Cuenca, anunciaron oficialmente la edici\u00f3n n\u00famero 37 de la Expoferia, que se llevar\u00e1 a cabo del 1 al 4 de mayo de 2025. POR: ANDR\u00c9S RODR\u00cdGUEZ. La Expoferia de Garz\u00f3n es uno [&hellip;]<\/p>\n","protected":false},"author":2,"featured_media":6789,"comment_status":"open","ping_status":"open","sticky":false,"template":"","format":"standard","meta":{"_acf_changed":false,"_joinchat":[],"footnotes":""},"categories":[1,25,21,19],"tags":[],"class_list":{"0":"post-6788","1":"post","2":"type-post","3":"status-publish","4":"format-standard","5":"has-post-thumbnail","7":"category-actualidad","8":"category-centro","9":"category-locales","10":"category-regional"},"acf":[],"yoast_head":"<!-- This site is optimized with the Yoast SEO plugin v27.5 - https:\/\/yoast.com\/product\/yoast-seo-wordpress\/ -->\n<title>GARZ\u00d3N SE PREPARA PARA LA GRAN EXPOFERIA 2025 - AR Digital Noticias<\/title>\n<meta name=\"robots\" content=\"index, follow, max-snippet:-1, max-image-preview:large, max-video-preview:-1\" \/>\n<link rel=\"canonical\" href=\"https:\/\/www.ardigitalnoticias.com\/index.php\/2025\/03\/08\/garzon-se-prepara-para-la-gran-expoferia-2025\/\" \/>\n<meta property=\"og:locale\" content=\"es_ES\" \/>\n<meta property=\"og:type\" content=\"article\" \/>\n<meta property=\"og:title\" content=\"GARZ\u00d3N SE PREPARA PARA LA GRAN EXPOFERIA 2025 - AR Digital Noticias\" \/>\n<meta property=\"og:description\" content=\"En un evento realizado en el Parque Sim\u00f3n Bol\u00edvar de Garz\u00f3n, el alcalde Francisco Calder\u00f3n y el director ejecutivo de la feria, Ramiro Cuenca, anunciaron oficialmente la edici\u00f3n n\u00famero 37 de la Expoferia, que se llevar\u00e1 a cabo del 1 al 4 de mayo de 2025. POR: ANDR\u00c9S RODR\u00cdGUEZ. La Expoferia de Garz\u00f3n es uno [&hellip;]\" \/>\n<meta property=\"og:url\" content=\"https:\/\/www.ardigitalnoticias.com\/index.php\/2025\/03\/08\/garzon-se-prepara-para-la-gran-expoferia-2025\/\" \/>\n<meta property=\"og:site_name\" content=\"AR Digital Noticias\" \/>\n<meta property=\"article:published_time\" content=\"2025-03-08T14:55:52+00:00\" \/>\n<meta property=\"og:image\" content=\"https:\/\/www.ardigitalnoticias.com\/wp-content\/uploads\/2025\/03\/InShot_20250308_091902133-scaled.jpg\" \/>\n\t<meta property=\"og:image:width\" content=\"2560\" \/>\n\t<meta property=\"og:image:height\" content=\"1439\" \/>\n\t<meta property=\"og:image:type\" content=\"image\/jpeg\" \/>\n<meta name=\"author\" content=\"AR Digital Noticias\" \/>\n<meta name=\"twitter:card\" content=\"summary_large_image\" \/>\n<meta name=\"twitter:label1\" content=\"Escrito por\" \/>\n\t<meta name=\"twitter:data1\" content=\"AR Digital Noticias\" \/>\n\t<meta name=\"twitter:label2\" content=\"Tiempo de lectura\" \/>\n\t<meta name=\"twitter:data2\" content=\"4 minutos\" \/>\n<script type=\"application\/ld+json\" class=\"yoast-schema-graph\">{\"@context\":\"https:\\\/\\\/schema.org\",\"@graph\":[{\"@type\":\"Article\",\"@id\":\"https:\\\/\\\/www.ardigitalnoticias.com\\\/index.php\\\/2025\\\/03\\\/08\\\/garzon-se-prepara-para-la-gran-expoferia-2025\\\/#article\",\"isPartOf\":{\"@id\":\"https:\\\/\\\/www.ardigitalnoticias.com\\\/index.php\\\/2025\\\/03\\\/08\\\/garzon-se-prepara-para-la-gran-expoferia-2025\\\/\"},\"author\":{\"name\":\"AR Digital Noticias\",\"@id\":\"https:\\\/\\\/ardigitalnoticias.com\\\/#\\\/schema\\\/person\\\/3f1b0a96e890d8cba89a76c7558a147c\"},\"headline\":\"GARZ\u00d3N SE PREPARA PARA LA GRAN EXPOFERIA 2025\",\"datePublished\":\"2025-03-08T14:55:52+00:00\",\"mainEntityOfPage\":{\"@id\":\"https:\\\/\\\/www.ardigitalnoticias.com\\\/index.php\\\/2025\\\/03\\\/08\\\/garzon-se-prepara-para-la-gran-expoferia-2025\\\/\"},\"wordCount\":367,\"commentCount\":0,\"publisher\":{\"@id\":\"https:\\\/\\\/ardigitalnoticias.com\\\/#organization\"},\"image\":{\"@id\":\"https:\\\/\\\/www.ardigitalnoticias.com\\\/index.php\\\/2025\\\/03\\\/08\\\/garzon-se-prepara-para-la-gran-expoferia-2025\\\/#primaryimage\"},\"thumbnailUrl\":\"https:\\\/\\\/ardigitalnoticias.com\\\/wp-content\\\/uploads\\\/2025\\\/03\\\/InShot_20250308_091902133-scaled.jpg\",\"articleSection\":[\"Actualidad\",\"Centro\",\"Garz\u00f3n\",\"Regional\"],\"inLanguage\":\"es\",\"potentialAction\":[{\"@type\":\"CommentAction\",\"name\":\"Comment\",\"target\":[\"https:\\\/\\\/www.ardigitalnoticias.com\\\/index.php\\\/2025\\\/03\\\/08\\\/garzon-se-prepara-para-la-gran-expoferia-2025\\\/#respond\"]}]},{\"@type\":\"WebPage\",\"@id\":\"https:\\\/\\\/www.ardigitalnoticias.com\\\/index.php\\\/2025\\\/03\\\/08\\\/garzon-se-prepara-para-la-gran-expoferia-2025\\\/\",\"url\":\"https:\\\/\\\/www.ardigitalnoticias.com\\\/index.php\\\/2025\\\/03\\\/08\\\/garzon-se-prepara-para-la-gran-expoferia-2025\\\/\",\"name\":\"GARZ\u00d3N SE PREPARA PARA LA GRAN EXPOFERIA 2025 - AR Digital Noticias\",\"isPartOf\":{\"@id\":\"https:\\\/\\\/ardigitalnoticias.com\\\/#website\"},\"primaryImageOfPage\":{\"@id\":\"https:\\\/\\\/www.ardigitalnoticias.com\\\/index.php\\\/2025\\\/03\\\/08\\\/garzon-se-prepara-para-la-gran-expoferia-2025\\\/#primaryimage\"},\"image\":{\"@id\":\"https:\\\/\\\/www.ardigitalnoticias.com\\\/index.php\\\/2025\\\/03\\\/08\\\/garzon-se-prepara-para-la-gran-expoferia-2025\\\/#primaryimage\"},\"thumbnailUrl\":\"https:\\\/\\\/ardigitalnoticias.com\\\/wp-content\\\/uploads\\\/2025\\\/03\\\/InShot_20250308_091902133-scaled.jpg\",\"datePublished\":\"2025-03-08T14:55:52+00:00\",\"breadcrumb\":{\"@id\":\"https:\\\/\\\/www.ardigitalnoticias.com\\\/index.php\\\/2025\\\/03\\\/08\\\/garzon-se-prepara-para-la-gran-expoferia-2025\\\/#breadcrumb\"},\"inLanguage\":\"es\",\"potentialAction\":[{\"@type\":\"ReadAction\",\"target\":[\"https:\\\/\\\/www.ardigitalnoticias.com\\\/index.php\\\/2025\\\/03\\\/08\\\/garzon-se-prepara-para-la-gran-expoferia-2025\\\/\"]}]},{\"@type\":\"ImageObject\",\"inLanguage\":\"es\",\"@id\":\"https:\\\/\\\/www.ardigitalnoticias.com\\\/index.php\\\/2025\\\/03\\\/08\\\/garzon-se-prepara-para-la-gran-expoferia-2025\\\/#primaryimage\",\"url\":\"https:\\\/\\\/ardigitalnoticias.com\\\/wp-content\\\/uploads\\\/2025\\\/03\\\/InShot_20250308_091902133-scaled.jpg\",\"contentUrl\":\"https:\\\/\\\/ardigitalnoticias.com\\\/wp-content\\\/uploads\\\/2025\\\/03\\\/InShot_20250308_091902133-scaled.jpg\",\"width\":2560,\"height\":1439},{\"@type\":\"BreadcrumbList\",\"@id\":\"https:\\\/\\\/www.ardigitalnoticias.com\\\/index.php\\\/2025\\\/03\\\/08\\\/garzon-se-prepara-para-la-gran-expoferia-2025\\\/#breadcrumb\",\"itemListElement\":[{\"@type\":\"ListItem\",\"position\":1,\"name\":\"Portada\",\"item\":\"https:\\\/\\\/ardigitalnoticias.com\\\/\"},{\"@type\":\"ListItem\",\"position\":2,\"name\":\"GARZ\u00d3N SE PREPARA PARA LA GRAN EXPOFERIA 2025\"}]},{\"@type\":\"WebSite\",\"@id\":\"https:\\\/\\\/ardigitalnoticias.com\\\/#website\",\"url\":\"https:\\\/\\\/ardigitalnoticias.com\\\/\",\"name\":\"AR Digital Noticias\",\"description\":\"\",\"publisher\":{\"@id\":\"https:\\\/\\\/ardigitalnoticias.com\\\/#organization\"},\"potentialAction\":[{\"@type\":\"SearchAction\",\"target\":{\"@type\":\"EntryPoint\",\"urlTemplate\":\"https:\\\/\\\/ardigitalnoticias.com\\\/?s={search_term_string}\"},\"query-input\":{\"@type\":\"PropertyValueSpecification\",\"valueRequired\":true,\"valueName\":\"search_term_string\"}}],\"inLanguage\":\"es\"},{\"@type\":\"Organization\",\"@id\":\"https:\\\/\\\/ardigitalnoticias.com\\\/#organization\",\"name\":\"AR Digital Noticias\",\"url\":\"https:\\\/\\\/ardigitalnoticias.com\\\/\",\"logo\":{\"@type\":\"ImageObject\",\"inLanguage\":\"es\",\"@id\":\"https:\\\/\\\/ardigitalnoticias.com\\\/#\\\/schema\\\/logo\\\/image\\\/\",\"url\":\"https:\\\/\\\/ardigitalnoticias.com\\\/wp-content\\\/uploads\\\/2023\\\/11\\\/cropped-cropped-cropped-cropped-AR-Digital-Noticias-1.png\",\"contentUrl\":\"https:\\\/\\\/ardigitalnoticias.com\\\/wp-content\\\/uploads\\\/2023\\\/11\\\/cropped-cropped-cropped-cropped-AR-Digital-Noticias-1.png\",\"width\":972,\"height\":306,\"caption\":\"AR Digital Noticias\"},\"image\":{\"@id\":\"https:\\\/\\\/ardigitalnoticias.com\\\/#\\\/schema\\\/logo\\\/image\\\/\"}},{\"@type\":\"Person\",\"@id\":\"https:\\\/\\\/ardigitalnoticias.com\\\/#\\\/schema\\\/person\\\/3f1b0a96e890d8cba89a76c7558a147c\",\"name\":\"AR Digital Noticias\",\"image\":{\"@type\":\"ImageObject\",\"inLanguage\":\"es\",\"@id\":\"https:\\\/\\\/secure.gravatar.com\\\/avatar\\\/55d1acd2f9cac74c99f42fcb5090c2f994204a6f6c571cf4c3001ae692cb9b34?s=96&d=mm&r=g\",\"url\":\"https:\\\/\\\/secure.gravatar.com\\\/avatar\\\/55d1acd2f9cac74c99f42fcb5090c2f994204a6f6c571cf4c3001ae692cb9b34?s=96&d=mm&r=g\",\"contentUrl\":\"https:\\\/\\\/secure.gravatar.com\\\/avatar\\\/55d1acd2f9cac74c99f42fcb5090c2f994204a6f6c571cf4c3001ae692cb9b34?s=96&d=mm&r=g\",\"caption\":\"AR Digital Noticias\"},\"sameAs\":[\"http:\\\/\\\/ardigitalnoticias.com\"],\"url\":\"https:\\\/\\\/ardigitalnoticias.com\\\/index.php\\\/author\\\/editorial\\\/\"}]}<\/script>\n<!-- \/ Yoast SEO plugin. -->","yoast_head_json":{"title":"GARZ\u00d3N SE PREPARA PARA LA GRAN EXPOFERIA 2025 - AR Digital Noticias","robots":{"index":"index","follow":"follow","max-snippet":"max-snippet:-1","max-image-preview":"max-image-preview:large","max-video-preview":"max-video-preview:-1"},"canonical":"https:\/\/www.ardigitalnoticias.com\/index.php\/2025\/03\/08\/garzon-se-prepara-para-la-gran-expoferia-2025\/","og_locale":"es_ES","og_type":"article","og_title":"GARZ\u00d3N SE PREPARA PARA LA GRAN EXPOFERIA 2025 - AR Digital Noticias","og_description":"En un evento realizado en el Parque Sim\u00f3n Bol\u00edvar de Garz\u00f3n, el alcalde Francisco Calder\u00f3n y el director ejecutivo de la feria, Ramiro Cuenca, anunciaron oficialmente la edici\u00f3n n\u00famero 37 de la Expoferia, que se llevar\u00e1 a cabo del 1 al 4 de mayo de 2025. POR: ANDR\u00c9S RODR\u00cdGUEZ. La Expoferia de Garz\u00f3n es uno [&hellip;]","og_url":"https:\/\/www.ardigitalnoticias.com\/index.php\/2025\/03\/08\/garzon-se-prepara-para-la-gran-expoferia-2025\/","og_site_name":"AR Digital Noticias","article_published_time":"2025-03-08T14:55:52+00:00","og_image":[{"width":2560,"height":1439,"url":"https:\/\/www.ardigitalnoticias.com\/wp-content\/uploads\/2025\/03\/InShot_20250308_091902133-scaled.jpg","type":"image\/jpeg"}],"author":"AR Digital Noticias","twitter_card":"summary_large_image","twitter_misc":{"Escrito por":"AR Digital Noticias","Tiempo de lectura":"4 minutos"},"schema":{"@context":"https:\/\/schema.org","@graph":[{"@type":"Article","@id":"https:\/\/www.ardigitalnoticias.com\/index.php\/2025\/03\/08\/garzon-se-prepara-para-la-gran-expoferia-2025\/#article","isPartOf":{"@id":"https:\/\/www.ardigitalnoticias.com\/index.php\/2025\/03\/08\/garzon-se-prepara-para-la-gran-expoferia-2025\/"},"author":{"name":"AR Digital Noticias","@id":"https:\/\/ardigitalnoticias.com\/#\/schema\/person\/3f1b0a96e890d8cba89a76c7558a147c"},"headline":"GARZ\u00d3N SE PREPARA PARA LA GRAN EXPOFERIA 2025","datePublished":"2025-03-08T14:55:52+00:00","mainEntityOfPage":{"@id":"https:\/\/www.ardigitalnoticias.com\/index.php\/2025\/03\/08\/garzon-se-prepara-para-la-gran-expoferia-2025\/"},"wordCount":367,"commentCount":0,"publisher":{"@id":"https:\/\/ardigitalnoticias.com\/#organization"},"image":{"@id":"https:\/\/www.ardigitalnoticias.com\/index.php\/2025\/03\/08\/garzon-se-prepara-para-la-gran-expoferia-2025\/#primaryimage"},"thumbnailUrl":"https:\/\/ardigitalnoticias.com\/wp-content\/uploads\/2025\/03\/InShot_20250308_091902133-scaled.jpg","articleSection":["Actualidad","Centro","Garz\u00f3n","Regional"],"inLanguage":"es","potentialAction":[{"@type":"CommentAction","name":"Comment","target":["https:\/\/www.ardigitalnoticias.com\/index.php\/2025\/03\/08\/garzon-se-prepara-para-la-gran-expoferia-2025\/#respond"]}]},{"@type":"WebPage","@id":"https:\/\/www.ardigitalnoticias.com\/index.php\/2025\/03\/08\/garzon-se-prepara-para-la-gran-expoferia-2025\/","url":"https:\/\/www.ardigitalnoticias.com\/index.php\/2025\/03\/08\/garzon-se-prepara-para-la-gran-expoferia-2025\/","name":"GARZ\u00d3N SE PREPARA PARA LA GRAN EXPOFERIA 2025 - AR Digital Noticias","isPartOf":{"@id":"https:\/\/ardigitalnoticias.com\/#website"},"primaryImageOfPage":{"@id":"https:\/\/www.ardigitalnoticias.com\/index.php\/2025\/03\/08\/garzon-se-prepara-para-la-gran-expoferia-2025\/#primaryimage"},"image":{"@id":"https:\/\/www.ardigitalnoticias.com\/index.php\/2025\/03\/08\/garzon-se-prepara-para-la-gran-expoferia-2025\/#primaryimage"},"thumbnailUrl":"https:\/\/ardigitalnoticias.com\/wp-content\/uploads\/2025\/03\/InShot_20250308_091902133-scaled.jpg","datePublished":"2025-03-08T14:55:52+00:00","breadcrumb":{"@id":"https:\/\/www.ardigitalnoticias.com\/index.php\/2025\/03\/08\/garzon-se-prepara-para-la-gran-expoferia-2025\/#breadcrumb"},"inLanguage":"es","potentialAction":[{"@type":"ReadAction","target":["https:\/\/www.ardigitalnoticias.com\/index.php\/2025\/03\/08\/garzon-se-prepara-para-la-gran-expoferia-2025\/"]}]},{"@type":"ImageObject","inLanguage":"es","@id":"https:\/\/www.ardigitalnoticias.com\/index.php\/2025\/03\/08\/garzon-se-prepara-para-la-gran-expoferia-2025\/#primaryimage","url":"https:\/\/ardigitalnoticias.com\/wp-content\/uploads\/2025\/03\/InShot_20250308_091902133-scaled.jpg","contentUrl":"https:\/\/ardigitalnoticias.com\/wp-content\/uploads\/2025\/03\/InShot_20250308_091902133-scaled.jpg","width":2560,"height":1439},{"@type":"BreadcrumbList","@id":"https:\/\/www.ardigitalnoticias.com\/index.php\/2025\/03\/08\/garzon-se-prepara-para-la-gran-expoferia-2025\/#breadcrumb","itemListElement":[{"@type":"ListItem","position":1,"name":"Portada","item":"https:\/\/ardigitalnoticias.com\/"},{"@type":"ListItem","position":2,"name":"GARZ\u00d3N SE PREPARA PARA LA GRAN EXPOFERIA 2025"}]},{"@type":"WebSite","@id":"https:\/\/ardigitalnoticias.com\/#website","url":"https:\/\/ardigitalnoticias.com\/","name":"AR Digital Noticias","description":"","publisher":{"@id":"https:\/\/ardigitalnoticias.com\/#organization"},"potentialAction":[{"@type":"SearchAction","target":{"@type":"EntryPoint","urlTemplate":"https:\/\/ardigitalnoticias.com\/?s={search_term_string}"},"query-input":{"@type":"PropertyValueSpecification","valueRequired":true,"valueName":"search_term_string"}}],"inLanguage":"es"},{"@type":"Organization","@id":"https:\/\/ardigitalnoticias.com\/#organization","name":"AR Digital Noticias","url":"https:\/\/ardigitalnoticias.com\/","logo":{"@type":"ImageObject","inLanguage":"es","@id":"https:\/\/ardigitalnoticias.com\/#\/schema\/logo\/image\/","url":"https:\/\/ardigitalnoticias.com\/wp-content\/uploads\/2023\/11\/cropped-cropped-cropped-cropped-AR-Digital-Noticias-1.png","contentUrl":"https:\/\/ardigitalnoticias.com\/wp-content\/uploads\/2023\/11\/cropped-cropped-cropped-cropped-AR-Digital-Noticias-1.png","width":972,"height":306,"caption":"AR Digital Noticias"},"image":{"@id":"https:\/\/ardigitalnoticias.com\/#\/schema\/logo\/image\/"}},{"@type":"Person","@id":"https:\/\/ardigitalnoticias.com\/#\/schema\/person\/3f1b0a96e890d8cba89a76c7558a147c","name":"AR Digital Noticias","image":{"@type":"ImageObject","inLanguage":"es","@id":"https:\/\/secure.gravatar.com\/avatar\/55d1acd2f9cac74c99f42fcb5090c2f994204a6f6c571cf4c3001ae692cb9b34?s=96&d=mm&r=g","url":"https:\/\/secure.gravatar.com\/avatar\/55d1acd2f9cac74c99f42fcb5090c2f994204a6f6c571cf4c3001ae692cb9b34?s=96&d=mm&r=g","contentUrl":"https:\/\/secure.gravatar.com\/avatar\/55d1acd2f9cac74c99f42fcb5090c2f994204a6f6c571cf4c3001ae692cb9b34?s=96&d=mm&r=g","caption":"AR Digital Noticias"},"sameAs":["http:\/\/ardigitalnoticias.com"],"url":"https:\/\/ardigitalnoticias.com\/index.php\/author\/editorial\/"}]}},"_links":{"self":[{"href":"https:\/\/ardigitalnoticias.com\/index.php\/wp-json\/wp\/v2\/posts\/6788","targetHints":{"allow":["GET"]}}],"collection":[{"href":"https:\/\/ardigitalnoticias.com\/index.php\/wp-json\/wp\/v2\/posts"}],"about":[{"href":"https:\/\/ardigitalnoticias.com\/index.php\/wp-json\/wp\/v2\/types\/post"}],"author":[{"embeddable":true,"href":"https:\/\/ardigitalnoticias.com\/index.php\/wp-json\/wp\/v2\/users\/2"}],"replies":[{"embeddable":true,"href":"https:\/\/ardigitalnoticias.com\/index.php\/wp-json\/wp\/v2\/comments?post=6788"}],"version-history":[{"count":1,"href":"https:\/\/ardigitalnoticias.com\/index.php\/wp-json\/wp\/v2\/posts\/6788\/revisions"}],"predecessor-version":[{"id":6801,"href":"https:\/\/ardigitalnoticias.com\/index.php\/wp-json\/wp\/v2\/posts\/6788\/revisions\/6801"}],"wp:featuredmedia":[{"embeddable":true,"href":"https:\/\/ardigitalnoticias.com\/index.php\/wp-json\/wp\/v2\/media\/6789"}],"wp:attachment":[{"href":"https:\/\/ardigitalnoticias.com\/index.php\/wp-json\/wp\/v2\/media?parent=6788"}],"wp:term":[{"taxonomy":"category","embeddable":true,"href":"https:\/\/ardigitalnoticias.com\/index.php\/wp-json\/wp\/v2\/categories?post=6788"},{"taxonomy":"post_tag","embeddable":true,"href":"https:\/\/ardigitalnoticias.com\/index.php\/wp-json\/wp\/v2\/tags?post=6788"}],"curies":[{"name":"wp","href":"https:\/\/api.w.org\/{rel}","templated":true}]}}