{"id":6609,"date":"2025-03-03T10:55:40","date_gmt":"2025-03-03T15:55:40","guid":{"rendered":"https:\/\/ardigitalnoticias.com\/?p=6609"},"modified":"2025-03-03T10:55:40","modified_gmt":"2025-03-03T15:55:40","slug":"resultados-semanales-en-seguridad-en-garzon","status":"publish","type":"post","link":"https:\/\/ardigitalnoticias.com\/index.php\/2025\/03\/03\/resultados-semanales-en-seguridad-en-garzon\/","title":{"rendered":"RESULTADOS SEMANALES EN SEGURIDAD EN GARZ\u00d3N"},"content":{"rendered":"\n<p>Durante la \u00faltima semana, Garz\u00f3n logr\u00f3 importantes avances en seguridad.<\/p>\n\n\n\n<p><strong>POR: ANDR\u00c9S RODR\u00cdGUEZ. <\/strong><\/p>\n\n\n<div class=\"wp-block-image\">\n<figure class=\"aligncenter size-large\"><img loading=\"lazy\" decoding=\"async\" width=\"1024\" height=\"768\" src=\"https:\/\/ardigitalnoticias.com\/wp-content\/uploads\/2025\/03\/IMG-20250303-WA0473-1024x768.jpg\" alt=\"\" class=\"wp-image-6616\" srcset=\"https:\/\/ardigitalnoticias.com\/wp-content\/uploads\/2025\/03\/IMG-20250303-WA0473-1024x768.jpg 1024w, https:\/\/ardigitalnoticias.com\/wp-content\/uploads\/2025\/03\/IMG-20250303-WA0473-600x450.jpg 600w, https:\/\/ardigitalnoticias.com\/wp-content\/uploads\/2025\/03\/IMG-20250303-WA0473-300x225.jpg 300w, https:\/\/ardigitalnoticias.com\/wp-content\/uploads\/2025\/03\/IMG-20250303-WA0473-768x576.jpg 768w, https:\/\/ardigitalnoticias.com\/wp-content\/uploads\/2025\/03\/IMG-20250303-WA0473-1536x1152.jpg 1536w, https:\/\/ardigitalnoticias.com\/wp-content\/uploads\/2025\/03\/IMG-20250303-WA0473-560x420.jpg 560w, https:\/\/ardigitalnoticias.com\/wp-content\/uploads\/2025\/03\/IMG-20250303-WA0473-80x60.jpg 80w, https:\/\/ardigitalnoticias.com\/wp-content\/uploads\/2025\/03\/IMG-20250303-WA0473-150x113.jpg 150w, https:\/\/ardigitalnoticias.com\/wp-content\/uploads\/2025\/03\/IMG-20250303-WA0473-696x522.jpg 696w, https:\/\/ardigitalnoticias.com\/wp-content\/uploads\/2025\/03\/IMG-20250303-WA0473-1068x801.jpg 1068w, https:\/\/ardigitalnoticias.com\/wp-content\/uploads\/2025\/03\/IMG-20250303-WA0473.jpg 1600w\" sizes=\"auto, (max-width: 1024px) 100vw, 1024px\" \/><\/figure>\n<\/div>\n\n\n<p>Se llevaron a cabo seis capturas por delitos como estupefacientes y hurto agravado, adem\u00e1s de la aprehensi\u00f3n de un menor con 30 boletas citatorias del grupo (GAOR) bloque Jorge Su\u00e1rez Brice\u00f1o &#8211; frente Rodrigo Cadete.<\/p>\n\n\n\n<figure class=\"wp-block-gallery has-nested-images columns-default is-cropped wp-block-gallery-1 is-layout-flex wp-block-gallery-is-layout-flex\">\n<figure class=\"wp-block-image size-large\"><img loading=\"lazy\" decoding=\"async\" width=\"1024\" height=\"576\" data-id=\"6612\" src=\"https:\/\/ardigitalnoticias.com\/wp-content\/uploads\/2025\/03\/IMG-20250303-WA0466-1024x576.jpg\" alt=\"\" class=\"wp-image-6612\" srcset=\"https:\/\/ardigitalnoticias.com\/wp-content\/uploads\/2025\/03\/IMG-20250303-WA0466-1024x576.jpg 1024w, https:\/\/ardigitalnoticias.com\/wp-content\/uploads\/2025\/03\/IMG-20250303-WA0466-600x338.jpg 600w, https:\/\/ardigitalnoticias.com\/wp-content\/uploads\/2025\/03\/IMG-20250303-WA0466-300x169.jpg 300w, https:\/\/ardigitalnoticias.com\/wp-content\/uploads\/2025\/03\/IMG-20250303-WA0466-768x432.jpg 768w, https:\/\/ardigitalnoticias.com\/wp-content\/uploads\/2025\/03\/IMG-20250303-WA0466-1536x864.jpg 1536w, https:\/\/ardigitalnoticias.com\/wp-content\/uploads\/2025\/03\/IMG-20250303-WA0466-747x420.jpg 747w, https:\/\/ardigitalnoticias.com\/wp-content\/uploads\/2025\/03\/IMG-20250303-WA0466-150x84.jpg 150w, https:\/\/ardigitalnoticias.com\/wp-content\/uploads\/2025\/03\/IMG-20250303-WA0466-696x392.jpg 696w, https:\/\/ardigitalnoticias.com\/wp-content\/uploads\/2025\/03\/IMG-20250303-WA0466-1068x601.jpg 1068w, https:\/\/ardigitalnoticias.com\/wp-content\/uploads\/2025\/03\/IMG-20250303-WA0466.jpg 1600w\" sizes=\"auto, (max-width: 1024px) 100vw, 1024px\" \/><\/figure>\n\n\n\n<figure class=\"wp-block-image size-large\"><img loading=\"lazy\" decoding=\"async\" width=\"1024\" height=\"934\" data-id=\"6610\" src=\"https:\/\/ardigitalnoticias.com\/wp-content\/uploads\/2025\/03\/IMG-20250303-WA0465-1024x934.jpg\" alt=\"\" class=\"wp-image-6610\" srcset=\"https:\/\/ardigitalnoticias.com\/wp-content\/uploads\/2025\/03\/IMG-20250303-WA0465-1024x934.jpg 1024w, https:\/\/ardigitalnoticias.com\/wp-content\/uploads\/2025\/03\/IMG-20250303-WA0465-600x547.jpg 600w, https:\/\/ardigitalnoticias.com\/wp-content\/uploads\/2025\/03\/IMG-20250303-WA0465-300x274.jpg 300w, https:\/\/ardigitalnoticias.com\/wp-content\/uploads\/2025\/03\/IMG-20250303-WA0465-768x700.jpg 768w, https:\/\/ardigitalnoticias.com\/wp-content\/uploads\/2025\/03\/IMG-20250303-WA0465-1536x1401.jpg 1536w, https:\/\/ardigitalnoticias.com\/wp-content\/uploads\/2025\/03\/IMG-20250303-WA0465-461x420.jpg 461w, https:\/\/ardigitalnoticias.com\/wp-content\/uploads\/2025\/03\/IMG-20250303-WA0465-150x137.jpg 150w, https:\/\/ardigitalnoticias.com\/wp-content\/uploads\/2025\/03\/IMG-20250303-WA0465-696x635.jpg 696w, https:\/\/ardigitalnoticias.com\/wp-content\/uploads\/2025\/03\/IMG-20250303-WA0465-1068x974.jpg 1068w, https:\/\/ardigitalnoticias.com\/wp-content\/uploads\/2025\/03\/IMG-20250303-WA0465.jpg 1599w\" sizes=\"auto, (max-width: 1024px) 100vw, 1024px\" \/><\/figure>\n<\/figure>\n\n\n\n<p>Tambi\u00e9n se recuper\u00f3 una motocicleta, se incautaron mercanc\u00edas y armas blancas, y se aplicaron 22 comparendos al C\u00f3digo de Polic\u00eda. <\/p>\n\n\n\n<p>Uno de los operativos m\u00e1s destacados ocurri\u00f3 en el Alto de Garz\u00f3n, donde, gracias al plan candado y la r\u00e1pida acci\u00f3n policial, se captur\u00f3 a tres sujetos en flagrancia. Estos individuos hab\u00edan robado una camioneta valuada en 160 millones de pesos y otras pertenencias de una familia en la vereda Palmito de Timan\u00e1. <\/p>\n\n\n\n<figure class=\"wp-block-image size-large\"><img loading=\"lazy\" decoding=\"async\" width=\"1024\" height=\"768\" src=\"https:\/\/ardigitalnoticias.com\/wp-content\/uploads\/2025\/03\/IMG-20250303-WA0470-1024x768.jpg\" alt=\"\" class=\"wp-image-6613\" srcset=\"https:\/\/ardigitalnoticias.com\/wp-content\/uploads\/2025\/03\/IMG-20250303-WA0470-1024x768.jpg 1024w, https:\/\/ardigitalnoticias.com\/wp-content\/uploads\/2025\/03\/IMG-20250303-WA0470-600x450.jpg 600w, https:\/\/ardigitalnoticias.com\/wp-content\/uploads\/2025\/03\/IMG-20250303-WA0470-300x225.jpg 300w, https:\/\/ardigitalnoticias.com\/wp-content\/uploads\/2025\/03\/IMG-20250303-WA0470-768x576.jpg 768w, https:\/\/ardigitalnoticias.com\/wp-content\/uploads\/2025\/03\/IMG-20250303-WA0470-1536x1152.jpg 1536w, https:\/\/ardigitalnoticias.com\/wp-content\/uploads\/2025\/03\/IMG-20250303-WA0470-2048x1536.jpg 2048w, https:\/\/ardigitalnoticias.com\/wp-content\/uploads\/2025\/03\/IMG-20250303-WA0470-560x420.jpg 560w, https:\/\/ardigitalnoticias.com\/wp-content\/uploads\/2025\/03\/IMG-20250303-WA0470-80x60.jpg 80w, https:\/\/ardigitalnoticias.com\/wp-content\/uploads\/2025\/03\/IMG-20250303-WA0470-150x113.jpg 150w, https:\/\/ardigitalnoticias.com\/wp-content\/uploads\/2025\/03\/IMG-20250303-WA0470-696x522.jpg 696w, https:\/\/ardigitalnoticias.com\/wp-content\/uploads\/2025\/03\/IMG-20250303-WA0470-1068x801.jpg 1068w, https:\/\/ardigitalnoticias.com\/wp-content\/uploads\/2025\/03\/IMG-20250303-WA0470-1920x1440.jpg 1920w\" sizes=\"auto, (max-width: 1024px) 100vw, 1024px\" \/><\/figure>\n\n\n\n<p>En el marco del Plan Fortaleza, la Polic\u00eda Nacional, en conjunto con la Fiscal\u00eda, desarticul\u00f3 el Grupo Delincuencial Com\u00fan Organizado \u2018LOS LISOS\u2019, dedicado al hurto calificado y agravado en diferentes barrios de Garz\u00f3n y la Ruta 45. <\/p>\n\n\n<div class=\"wp-block-image\">\n<figure class=\"aligncenter size-large\"><img loading=\"lazy\" decoding=\"async\" width=\"1024\" height=\"575\" src=\"https:\/\/ardigitalnoticias.com\/wp-content\/uploads\/2025\/02\/InShot_20250227_111251410-1024x575.jpg\" alt=\"\" class=\"wp-image-6466\" srcset=\"https:\/\/ardigitalnoticias.com\/wp-content\/uploads\/2025\/02\/InShot_20250227_111251410-1024x575.jpg 1024w, https:\/\/ardigitalnoticias.com\/wp-content\/uploads\/2025\/02\/InShot_20250227_111251410-600x337.jpg 600w, https:\/\/ardigitalnoticias.com\/wp-content\/uploads\/2025\/02\/InShot_20250227_111251410-300x169.jpg 300w, https:\/\/ardigitalnoticias.com\/wp-content\/uploads\/2025\/02\/InShot_20250227_111251410-768x432.jpg 768w, https:\/\/ardigitalnoticias.com\/wp-content\/uploads\/2025\/02\/InShot_20250227_111251410-1536x863.jpg 1536w, https:\/\/ardigitalnoticias.com\/wp-content\/uploads\/2025\/02\/InShot_20250227_111251410-747x420.jpg 747w, https:\/\/ardigitalnoticias.com\/wp-content\/uploads\/2025\/02\/InShot_20250227_111251410-150x84.jpg 150w, https:\/\/ardigitalnoticias.com\/wp-content\/uploads\/2025\/02\/InShot_20250227_111251410-696x391.jpg 696w, https:\/\/ardigitalnoticias.com\/wp-content\/uploads\/2025\/02\/InShot_20250227_111251410-1068x600.jpg 1068w, https:\/\/ardigitalnoticias.com\/wp-content\/uploads\/2025\/02\/InShot_20250227_111251410.jpg 1920w\" sizes=\"auto, (max-width: 1024px) 100vw, 1024px\" \/><\/figure>\n<\/div>\n\n\n<p>????\u200d\u2642\ufe0f Acciones preventivas y acercamiento comunitario <\/p>\n\n\n\n<p>Se llevaron a cabo operativos de requisas, verificaciones de antecedentes, controles en establecimientos p\u00fablicos y patrullajes estrat\u00e9gicos. <\/p>\n\n\n\n<p>Adem\u00e1s, se realiz\u00f3 una capacitaci\u00f3n con administradores de chatarrer\u00edas y recicladoras, enfocada en la legalidad del funcionamiento y las implicaciones judiciales por la compra de elementos robados, como cable hurtado y tapas de alcantarilla. <\/p>\n\n\n\n<figure class=\"wp-block-gallery has-nested-images columns-default is-cropped wp-block-gallery-2 is-layout-flex wp-block-gallery-is-layout-flex\">\n<figure class=\"wp-block-image size-large\"><img loading=\"lazy\" decoding=\"async\" width=\"1024\" height=\"768\" data-id=\"6617\" src=\"https:\/\/ardigitalnoticias.com\/wp-content\/uploads\/2025\/03\/IMG-20250303-WA0476-1024x768.jpg\" alt=\"\" class=\"wp-image-6617\" srcset=\"https:\/\/ardigitalnoticias.com\/wp-content\/uploads\/2025\/03\/IMG-20250303-WA0476-1024x768.jpg 1024w, https:\/\/ardigitalnoticias.com\/wp-content\/uploads\/2025\/03\/IMG-20250303-WA0476-600x450.jpg 600w, https:\/\/ardigitalnoticias.com\/wp-content\/uploads\/2025\/03\/IMG-20250303-WA0476-300x225.jpg 300w, https:\/\/ardigitalnoticias.com\/wp-content\/uploads\/2025\/03\/IMG-20250303-WA0476-768x576.jpg 768w, https:\/\/ardigitalnoticias.com\/wp-content\/uploads\/2025\/03\/IMG-20250303-WA0476-1536x1152.jpg 1536w, https:\/\/ardigitalnoticias.com\/wp-content\/uploads\/2025\/03\/IMG-20250303-WA0476-2048x1536.jpg 2048w, https:\/\/ardigitalnoticias.com\/wp-content\/uploads\/2025\/03\/IMG-20250303-WA0476-560x420.jpg 560w, https:\/\/ardigitalnoticias.com\/wp-content\/uploads\/2025\/03\/IMG-20250303-WA0476-80x60.jpg 80w, https:\/\/ardigitalnoticias.com\/wp-content\/uploads\/2025\/03\/IMG-20250303-WA0476-150x113.jpg 150w, https:\/\/ardigitalnoticias.com\/wp-content\/uploads\/2025\/03\/IMG-20250303-WA0476-696x522.jpg 696w, https:\/\/ardigitalnoticias.com\/wp-content\/uploads\/2025\/03\/IMG-20250303-WA0476-1068x801.jpg 1068w, https:\/\/ardigitalnoticias.com\/wp-content\/uploads\/2025\/03\/IMG-20250303-WA0476-1920x1440.jpg 1920w\" sizes=\"auto, (max-width: 1024px) 100vw, 1024px\" \/><\/figure>\n\n\n\n<figure class=\"wp-block-image size-large\"><img loading=\"lazy\" decoding=\"async\" width=\"1024\" height=\"576\" data-id=\"6615\" src=\"https:\/\/ardigitalnoticias.com\/wp-content\/uploads\/2025\/03\/IMG-20250303-WA0472-1024x576.jpg\" alt=\"\" class=\"wp-image-6615\" srcset=\"https:\/\/ardigitalnoticias.com\/wp-content\/uploads\/2025\/03\/IMG-20250303-WA0472-1024x576.jpg 1024w, https:\/\/ardigitalnoticias.com\/wp-content\/uploads\/2025\/03\/IMG-20250303-WA0472-600x338.jpg 600w, https:\/\/ardigitalnoticias.com\/wp-content\/uploads\/2025\/03\/IMG-20250303-WA0472-300x169.jpg 300w, https:\/\/ardigitalnoticias.com\/wp-content\/uploads\/2025\/03\/IMG-20250303-WA0472-768x432.jpg 768w, https:\/\/ardigitalnoticias.com\/wp-content\/uploads\/2025\/03\/IMG-20250303-WA0472-1536x864.jpg 1536w, https:\/\/ardigitalnoticias.com\/wp-content\/uploads\/2025\/03\/IMG-20250303-WA0472-747x420.jpg 747w, https:\/\/ardigitalnoticias.com\/wp-content\/uploads\/2025\/03\/IMG-20250303-WA0472-150x84.jpg 150w, https:\/\/ardigitalnoticias.com\/wp-content\/uploads\/2025\/03\/IMG-20250303-WA0472-696x392.jpg 696w, https:\/\/ardigitalnoticias.com\/wp-content\/uploads\/2025\/03\/IMG-20250303-WA0472-1068x601.jpg 1068w, https:\/\/ardigitalnoticias.com\/wp-content\/uploads\/2025\/03\/IMG-20250303-WA0472.jpg 1600w\" sizes=\"auto, (max-width: 1024px) 100vw, 1024px\" \/><\/figure>\n<\/figure>\n\n\n\n<p>Tambi\u00e9n se sostuvo un encuentro con la comunidad de Majo, donde se establecieron compromisos para mejorar el alumbrado p\u00fablico, aumentar la presencia policial y reducir focos de inseguridad. <\/p>\n\n\n<div class=\"wp-block-image\">\n<figure class=\"aligncenter size-large\"><img loading=\"lazy\" decoding=\"async\" width=\"1024\" height=\"768\" src=\"https:\/\/ardigitalnoticias.com\/wp-content\/uploads\/2025\/03\/IMG-20250303-WA0483-1024x768.jpg\" alt=\"\" class=\"wp-image-6622\" srcset=\"https:\/\/ardigitalnoticias.com\/wp-content\/uploads\/2025\/03\/IMG-20250303-WA0483-1024x768.jpg 1024w, https:\/\/ardigitalnoticias.com\/wp-content\/uploads\/2025\/03\/IMG-20250303-WA0483-600x450.jpg 600w, https:\/\/ardigitalnoticias.com\/wp-content\/uploads\/2025\/03\/IMG-20250303-WA0483-300x225.jpg 300w, https:\/\/ardigitalnoticias.com\/wp-content\/uploads\/2025\/03\/IMG-20250303-WA0483-768x576.jpg 768w, https:\/\/ardigitalnoticias.com\/wp-content\/uploads\/2025\/03\/IMG-20250303-WA0483-1536x1152.jpg 1536w, https:\/\/ardigitalnoticias.com\/wp-content\/uploads\/2025\/03\/IMG-20250303-WA0483-2048x1536.jpg 2048w, https:\/\/ardigitalnoticias.com\/wp-content\/uploads\/2025\/03\/IMG-20250303-WA0483-560x420.jpg 560w, https:\/\/ardigitalnoticias.com\/wp-content\/uploads\/2025\/03\/IMG-20250303-WA0483-80x60.jpg 80w, https:\/\/ardigitalnoticias.com\/wp-content\/uploads\/2025\/03\/IMG-20250303-WA0483-150x113.jpg 150w, https:\/\/ardigitalnoticias.com\/wp-content\/uploads\/2025\/03\/IMG-20250303-WA0483-696x522.jpg 696w, https:\/\/ardigitalnoticias.com\/wp-content\/uploads\/2025\/03\/IMG-20250303-WA0483-1068x801.jpg 1068w, https:\/\/ardigitalnoticias.com\/wp-content\/uploads\/2025\/03\/IMG-20250303-WA0483-1920x1440.jpg 1920w\" sizes=\"auto, (max-width: 1024px) 100vw, 1024px\" \/><\/figure>\n<\/div>\n\n\n<p>Finalmente, en una mesa de trabajo con directivos del centro carcelario, se dise\u00f1aron estrategias para mejorar los controles de quienes tienen el beneficio de casa por c\u00e1rcel, en articulaci\u00f3n con la Polic\u00eda Nacional. <\/p>\n\n\n<div class=\"wp-block-image\">\n<figure class=\"aligncenter size-large\"><img loading=\"lazy\" decoding=\"async\" width=\"1024\" height=\"768\" src=\"https:\/\/ardigitalnoticias.com\/wp-content\/uploads\/2025\/03\/IMG-20250303-WA0488-1024x768.jpg\" alt=\"\" class=\"wp-image-6623\" srcset=\"https:\/\/ardigitalnoticias.com\/wp-content\/uploads\/2025\/03\/IMG-20250303-WA0488-1024x768.jpg 1024w, https:\/\/ardigitalnoticias.com\/wp-content\/uploads\/2025\/03\/IMG-20250303-WA0488-600x450.jpg 600w, https:\/\/ardigitalnoticias.com\/wp-content\/uploads\/2025\/03\/IMG-20250303-WA0488-300x225.jpg 300w, https:\/\/ardigitalnoticias.com\/wp-content\/uploads\/2025\/03\/IMG-20250303-WA0488-768x576.jpg 768w, https:\/\/ardigitalnoticias.com\/wp-content\/uploads\/2025\/03\/IMG-20250303-WA0488-560x420.jpg 560w, https:\/\/ardigitalnoticias.com\/wp-content\/uploads\/2025\/03\/IMG-20250303-WA0488-80x60.jpg 80w, https:\/\/ardigitalnoticias.com\/wp-content\/uploads\/2025\/03\/IMG-20250303-WA0488-150x113.jpg 150w, https:\/\/ardigitalnoticias.com\/wp-content\/uploads\/2025\/03\/IMG-20250303-WA0488-696x522.jpg 696w, https:\/\/ardigitalnoticias.com\/wp-content\/uploads\/2025\/03\/IMG-20250303-WA0488-1068x801.jpg 1068w, https:\/\/ardigitalnoticias.com\/wp-content\/uploads\/2025\/03\/IMG-20250303-WA0488.jpg 1280w\" sizes=\"auto, (max-width: 1024px) 100vw, 1024px\" \/><\/figure>\n<\/div>\n\n\n<p>\u00abSeguimos trabajando con las autoridades y la comunidad para fortalecer la convivencia y seguridad en Garz\u00f3n\u00bb, afirm\u00f3 Elkin Lloreda G\u00f3mez.  <\/p>\n\n\n<div class=\"wp-block-image\">\n<figure class=\"aligncenter size-large\"><img loading=\"lazy\" decoding=\"async\" width=\"1024\" height=\"768\" src=\"https:\/\/ardigitalnoticias.com\/wp-content\/uploads\/2025\/03\/IMG-20250303-WA0480-1024x768.jpg\" alt=\"\" class=\"wp-image-6621\" srcset=\"https:\/\/ardigitalnoticias.com\/wp-content\/uploads\/2025\/03\/IMG-20250303-WA0480-1024x768.jpg 1024w, https:\/\/ardigitalnoticias.com\/wp-content\/uploads\/2025\/03\/IMG-20250303-WA0480-600x450.jpg 600w, https:\/\/ardigitalnoticias.com\/wp-content\/uploads\/2025\/03\/IMG-20250303-WA0480-300x225.jpg 300w, https:\/\/ardigitalnoticias.com\/wp-content\/uploads\/2025\/03\/IMG-20250303-WA0480-768x576.jpg 768w, https:\/\/ardigitalnoticias.com\/wp-content\/uploads\/2025\/03\/IMG-20250303-WA0480-560x420.jpg 560w, https:\/\/ardigitalnoticias.com\/wp-content\/uploads\/2025\/03\/IMG-20250303-WA0480-80x60.jpg 80w, https:\/\/ardigitalnoticias.com\/wp-content\/uploads\/2025\/03\/IMG-20250303-WA0480-150x113.jpg 150w, https:\/\/ardigitalnoticias.com\/wp-content\/uploads\/2025\/03\/IMG-20250303-WA0480-696x522.jpg 696w, https:\/\/ardigitalnoticias.com\/wp-content\/uploads\/2025\/03\/IMG-20250303-WA0480-1068x801.jpg 1068w, https:\/\/ardigitalnoticias.com\/wp-content\/uploads\/2025\/03\/IMG-20250303-WA0480.jpg 1280w\" sizes=\"auto, (max-width: 1024px) 100vw, 1024px\" \/><\/figure>\n<\/div>","protected":false},"excerpt":{"rendered":"<p>Durante la \u00faltima semana, Garz\u00f3n logr\u00f3 importantes avances en seguridad. POR: ANDR\u00c9S RODR\u00cdGUEZ. Se llevaron a cabo seis capturas por delitos como estupefacientes y hurto agravado, adem\u00e1s de la aprehensi\u00f3n de un menor con 30 boletas citatorias del grupo (GAOR) bloque Jorge Su\u00e1rez Brice\u00f1o &#8211; frente Rodrigo Cadete. Tambi\u00e9n se recuper\u00f3 una motocicleta, se incautaron [&hellip;]<\/p>\n","protected":false},"author":2,"featured_media":6624,"comment_status":"open","ping_status":"open","sticky":false,"template":"","format":"standard","meta":{"_acf_changed":false,"_joinchat":[],"footnotes":""},"categories":[1,25,21,20,19],"tags":[],"class_list":{"0":"post-6609","1":"post","2":"type-post","3":"status-publish","4":"format-standard","5":"has-post-thumbnail","7":"category-actualidad","8":"category-centro","9":"category-locales","10":"category-judicial","11":"category-regional"},"acf":[],"yoast_head":"<!-- This site is optimized with the Yoast SEO plugin v27.5 - https:\/\/yoast.com\/product\/yoast-seo-wordpress\/ -->\n<title>RESULTADOS SEMANALES EN SEGURIDAD EN GARZ\u00d3N - AR Digital Noticias<\/title>\n<meta name=\"robots\" content=\"index, follow, max-snippet:-1, max-image-preview:large, max-video-preview:-1\" \/>\n<link rel=\"canonical\" href=\"https:\/\/ardigitalnoticias.com\/index.php\/2025\/03\/03\/resultados-semanales-en-seguridad-en-garzon\/\" \/>\n<meta property=\"og:locale\" content=\"es_ES\" \/>\n<meta property=\"og:type\" content=\"article\" \/>\n<meta property=\"og:title\" content=\"RESULTADOS SEMANALES EN SEGURIDAD EN GARZ\u00d3N - AR Digital Noticias\" \/>\n<meta property=\"og:description\" content=\"Durante la \u00faltima semana, Garz\u00f3n logr\u00f3 importantes avances en seguridad. POR: ANDR\u00c9S RODR\u00cdGUEZ. Se llevaron a cabo seis capturas por delitos como estupefacientes y hurto agravado, adem\u00e1s de la aprehensi\u00f3n de un menor con 30 boletas citatorias del grupo (GAOR) bloque Jorge Su\u00e1rez Brice\u00f1o &#8211; frente Rodrigo Cadete. Tambi\u00e9n se recuper\u00f3 una motocicleta, se incautaron [&hellip;]\" \/>\n<meta property=\"og:url\" content=\"https:\/\/ardigitalnoticias.com\/index.php\/2025\/03\/03\/resultados-semanales-en-seguridad-en-garzon\/\" \/>\n<meta property=\"og:site_name\" content=\"AR Digital Noticias\" \/>\n<meta property=\"article:published_time\" content=\"2025-03-03T15:55:40+00:00\" \/>\n<meta property=\"og:image\" content=\"https:\/\/ardigitalnoticias.com\/wp-content\/uploads\/2025\/03\/InShot_20250303_104217904-scaled.jpg\" \/>\n\t<meta property=\"og:image:width\" content=\"2560\" \/>\n\t<meta property=\"og:image:height\" content=\"1439\" \/>\n\t<meta property=\"og:image:type\" content=\"image\/jpeg\" \/>\n<meta name=\"author\" content=\"AR Digital Noticias\" \/>\n<meta name=\"twitter:card\" content=\"summary_large_image\" \/>\n<meta name=\"twitter:label1\" content=\"Escrito por\" \/>\n\t<meta name=\"twitter:data1\" content=\"AR Digital Noticias\" \/>\n\t<meta name=\"twitter:label2\" content=\"Tiempo de lectura\" \/>\n\t<meta name=\"twitter:data2\" content=\"4 minutos\" \/>\n<script type=\"application\/ld+json\" class=\"yoast-schema-graph\">{\"@context\":\"https:\\\/\\\/schema.org\",\"@graph\":[{\"@type\":\"Article\",\"@id\":\"https:\\\/\\\/ardigitalnoticias.com\\\/index.php\\\/2025\\\/03\\\/03\\\/resultados-semanales-en-seguridad-en-garzon\\\/#article\",\"isPartOf\":{\"@id\":\"https:\\\/\\\/ardigitalnoticias.com\\\/index.php\\\/2025\\\/03\\\/03\\\/resultados-semanales-en-seguridad-en-garzon\\\/\"},\"author\":{\"name\":\"AR Digital Noticias\",\"@id\":\"https:\\\/\\\/ardigitalnoticias.com\\\/#\\\/schema\\\/person\\\/3f1b0a96e890d8cba89a76c7558a147c\"},\"headline\":\"RESULTADOS SEMANALES EN SEGURIDAD EN GARZ\u00d3N\",\"datePublished\":\"2025-03-03T15:55:40+00:00\",\"mainEntityOfPage\":{\"@id\":\"https:\\\/\\\/ardigitalnoticias.com\\\/index.php\\\/2025\\\/03\\\/03\\\/resultados-semanales-en-seguridad-en-garzon\\\/\"},\"wordCount\":331,\"commentCount\":0,\"publisher\":{\"@id\":\"https:\\\/\\\/ardigitalnoticias.com\\\/#organization\"},\"image\":{\"@id\":\"https:\\\/\\\/ardigitalnoticias.com\\\/index.php\\\/2025\\\/03\\\/03\\\/resultados-semanales-en-seguridad-en-garzon\\\/#primaryimage\"},\"thumbnailUrl\":\"https:\\\/\\\/ardigitalnoticias.com\\\/wp-content\\\/uploads\\\/2025\\\/03\\\/InShot_20250303_104217904-scaled.jpg\",\"articleSection\":[\"Actualidad\",\"Centro\",\"Garz\u00f3n\",\"Judicial\",\"Regional\"],\"inLanguage\":\"es\",\"potentialAction\":[{\"@type\":\"CommentAction\",\"name\":\"Comment\",\"target\":[\"https:\\\/\\\/ardigitalnoticias.com\\\/index.php\\\/2025\\\/03\\\/03\\\/resultados-semanales-en-seguridad-en-garzon\\\/#respond\"]}]},{\"@type\":\"WebPage\",\"@id\":\"https:\\\/\\\/ardigitalnoticias.com\\\/index.php\\\/2025\\\/03\\\/03\\\/resultados-semanales-en-seguridad-en-garzon\\\/\",\"url\":\"https:\\\/\\\/ardigitalnoticias.com\\\/index.php\\\/2025\\\/03\\\/03\\\/resultados-semanales-en-seguridad-en-garzon\\\/\",\"name\":\"RESULTADOS SEMANALES EN SEGURIDAD EN GARZ\u00d3N - AR Digital Noticias\",\"isPartOf\":{\"@id\":\"https:\\\/\\\/ardigitalnoticias.com\\\/#website\"},\"primaryImageOfPage\":{\"@id\":\"https:\\\/\\\/ardigitalnoticias.com\\\/index.php\\\/2025\\\/03\\\/03\\\/resultados-semanales-en-seguridad-en-garzon\\\/#primaryimage\"},\"image\":{\"@id\":\"https:\\\/\\\/ardigitalnoticias.com\\\/index.php\\\/2025\\\/03\\\/03\\\/resultados-semanales-en-seguridad-en-garzon\\\/#primaryimage\"},\"thumbnailUrl\":\"https:\\\/\\\/ardigitalnoticias.com\\\/wp-content\\\/uploads\\\/2025\\\/03\\\/InShot_20250303_104217904-scaled.jpg\",\"datePublished\":\"2025-03-03T15:55:40+00:00\",\"breadcrumb\":{\"@id\":\"https:\\\/\\\/ardigitalnoticias.com\\\/index.php\\\/2025\\\/03\\\/03\\\/resultados-semanales-en-seguridad-en-garzon\\\/#breadcrumb\"},\"inLanguage\":\"es\",\"potentialAction\":[{\"@type\":\"ReadAction\",\"target\":[\"https:\\\/\\\/ardigitalnoticias.com\\\/index.php\\\/2025\\\/03\\\/03\\\/resultados-semanales-en-seguridad-en-garzon\\\/\"]}]},{\"@type\":\"ImageObject\",\"inLanguage\":\"es\",\"@id\":\"https:\\\/\\\/ardigitalnoticias.com\\\/index.php\\\/2025\\\/03\\\/03\\\/resultados-semanales-en-seguridad-en-garzon\\\/#primaryimage\",\"url\":\"https:\\\/\\\/ardigitalnoticias.com\\\/wp-content\\\/uploads\\\/2025\\\/03\\\/InShot_20250303_104217904-scaled.jpg\",\"contentUrl\":\"https:\\\/\\\/ardigitalnoticias.com\\\/wp-content\\\/uploads\\\/2025\\\/03\\\/InShot_20250303_104217904-scaled.jpg\",\"width\":2560,\"height\":1439},{\"@type\":\"BreadcrumbList\",\"@id\":\"https:\\\/\\\/ardigitalnoticias.com\\\/index.php\\\/2025\\\/03\\\/03\\\/resultados-semanales-en-seguridad-en-garzon\\\/#breadcrumb\",\"itemListElement\":[{\"@type\":\"ListItem\",\"position\":1,\"name\":\"Portada\",\"item\":\"https:\\\/\\\/ardigitalnoticias.com\\\/\"},{\"@type\":\"ListItem\",\"position\":2,\"name\":\"RESULTADOS SEMANALES EN SEGURIDAD EN GARZ\u00d3N\"}]},{\"@type\":\"WebSite\",\"@id\":\"https:\\\/\\\/ardigitalnoticias.com\\\/#website\",\"url\":\"https:\\\/\\\/ardigitalnoticias.com\\\/\",\"name\":\"AR Digital Noticias\",\"description\":\"\",\"publisher\":{\"@id\":\"https:\\\/\\\/ardigitalnoticias.com\\\/#organization\"},\"potentialAction\":[{\"@type\":\"SearchAction\",\"target\":{\"@type\":\"EntryPoint\",\"urlTemplate\":\"https:\\\/\\\/ardigitalnoticias.com\\\/?s={search_term_string}\"},\"query-input\":{\"@type\":\"PropertyValueSpecification\",\"valueRequired\":true,\"valueName\":\"search_term_string\"}}],\"inLanguage\":\"es\"},{\"@type\":\"Organization\",\"@id\":\"https:\\\/\\\/ardigitalnoticias.com\\\/#organization\",\"name\":\"AR Digital Noticias\",\"url\":\"https:\\\/\\\/ardigitalnoticias.com\\\/\",\"logo\":{\"@type\":\"ImageObject\",\"inLanguage\":\"es\",\"@id\":\"https:\\\/\\\/ardigitalnoticias.com\\\/#\\\/schema\\\/logo\\\/image\\\/\",\"url\":\"https:\\\/\\\/ardigitalnoticias.com\\\/wp-content\\\/uploads\\\/2023\\\/11\\\/cropped-cropped-cropped-cropped-AR-Digital-Noticias-1.png\",\"contentUrl\":\"https:\\\/\\\/ardigitalnoticias.com\\\/wp-content\\\/uploads\\\/2023\\\/11\\\/cropped-cropped-cropped-cropped-AR-Digital-Noticias-1.png\",\"width\":972,\"height\":306,\"caption\":\"AR Digital Noticias\"},\"image\":{\"@id\":\"https:\\\/\\\/ardigitalnoticias.com\\\/#\\\/schema\\\/logo\\\/image\\\/\"}},{\"@type\":\"Person\",\"@id\":\"https:\\\/\\\/ardigitalnoticias.com\\\/#\\\/schema\\\/person\\\/3f1b0a96e890d8cba89a76c7558a147c\",\"name\":\"AR Digital Noticias\",\"image\":{\"@type\":\"ImageObject\",\"inLanguage\":\"es\",\"@id\":\"https:\\\/\\\/secure.gravatar.com\\\/avatar\\\/55d1acd2f9cac74c99f42fcb5090c2f994204a6f6c571cf4c3001ae692cb9b34?s=96&d=mm&r=g\",\"url\":\"https:\\\/\\\/secure.gravatar.com\\\/avatar\\\/55d1acd2f9cac74c99f42fcb5090c2f994204a6f6c571cf4c3001ae692cb9b34?s=96&d=mm&r=g\",\"contentUrl\":\"https:\\\/\\\/secure.gravatar.com\\\/avatar\\\/55d1acd2f9cac74c99f42fcb5090c2f994204a6f6c571cf4c3001ae692cb9b34?s=96&d=mm&r=g\",\"caption\":\"AR Digital Noticias\"},\"sameAs\":[\"http:\\\/\\\/ardigitalnoticias.com\"],\"url\":\"https:\\\/\\\/ardigitalnoticias.com\\\/index.php\\\/author\\\/editorial\\\/\"}]}<\/script>\n<!-- \/ Yoast SEO plugin. -->","yoast_head_json":{"title":"RESULTADOS SEMANALES EN SEGURIDAD EN GARZ\u00d3N - AR Digital Noticias","robots":{"index":"index","follow":"follow","max-snippet":"max-snippet:-1","max-image-preview":"max-image-preview:large","max-video-preview":"max-video-preview:-1"},"canonical":"https:\/\/ardigitalnoticias.com\/index.php\/2025\/03\/03\/resultados-semanales-en-seguridad-en-garzon\/","og_locale":"es_ES","og_type":"article","og_title":"RESULTADOS SEMANALES EN SEGURIDAD EN GARZ\u00d3N - AR Digital Noticias","og_description":"Durante la \u00faltima semana, Garz\u00f3n logr\u00f3 importantes avances en seguridad. POR: ANDR\u00c9S RODR\u00cdGUEZ. Se llevaron a cabo seis capturas por delitos como estupefacientes y hurto agravado, adem\u00e1s de la aprehensi\u00f3n de un menor con 30 boletas citatorias del grupo (GAOR) bloque Jorge Su\u00e1rez Brice\u00f1o &#8211; frente Rodrigo Cadete. Tambi\u00e9n se recuper\u00f3 una motocicleta, se incautaron [&hellip;]","og_url":"https:\/\/ardigitalnoticias.com\/index.php\/2025\/03\/03\/resultados-semanales-en-seguridad-en-garzon\/","og_site_name":"AR Digital Noticias","article_published_time":"2025-03-03T15:55:40+00:00","og_image":[{"width":2560,"height":1439,"url":"https:\/\/ardigitalnoticias.com\/wp-content\/uploads\/2025\/03\/InShot_20250303_104217904-scaled.jpg","type":"image\/jpeg"}],"author":"AR Digital Noticias","twitter_card":"summary_large_image","twitter_misc":{"Escrito por":"AR Digital Noticias","Tiempo de lectura":"4 minutos"},"schema":{"@context":"https:\/\/schema.org","@graph":[{"@type":"Article","@id":"https:\/\/ardigitalnoticias.com\/index.php\/2025\/03\/03\/resultados-semanales-en-seguridad-en-garzon\/#article","isPartOf":{"@id":"https:\/\/ardigitalnoticias.com\/index.php\/2025\/03\/03\/resultados-semanales-en-seguridad-en-garzon\/"},"author":{"name":"AR Digital Noticias","@id":"https:\/\/ardigitalnoticias.com\/#\/schema\/person\/3f1b0a96e890d8cba89a76c7558a147c"},"headline":"RESULTADOS SEMANALES EN SEGURIDAD EN GARZ\u00d3N","datePublished":"2025-03-03T15:55:40+00:00","mainEntityOfPage":{"@id":"https:\/\/ardigitalnoticias.com\/index.php\/2025\/03\/03\/resultados-semanales-en-seguridad-en-garzon\/"},"wordCount":331,"commentCount":0,"publisher":{"@id":"https:\/\/ardigitalnoticias.com\/#organization"},"image":{"@id":"https:\/\/ardigitalnoticias.com\/index.php\/2025\/03\/03\/resultados-semanales-en-seguridad-en-garzon\/#primaryimage"},"thumbnailUrl":"https:\/\/ardigitalnoticias.com\/wp-content\/uploads\/2025\/03\/InShot_20250303_104217904-scaled.jpg","articleSection":["Actualidad","Centro","Garz\u00f3n","Judicial","Regional"],"inLanguage":"es","potentialAction":[{"@type":"CommentAction","name":"Comment","target":["https:\/\/ardigitalnoticias.com\/index.php\/2025\/03\/03\/resultados-semanales-en-seguridad-en-garzon\/#respond"]}]},{"@type":"WebPage","@id":"https:\/\/ardigitalnoticias.com\/index.php\/2025\/03\/03\/resultados-semanales-en-seguridad-en-garzon\/","url":"https:\/\/ardigitalnoticias.com\/index.php\/2025\/03\/03\/resultados-semanales-en-seguridad-en-garzon\/","name":"RESULTADOS SEMANALES EN SEGURIDAD EN GARZ\u00d3N - AR Digital Noticias","isPartOf":{"@id":"https:\/\/ardigitalnoticias.com\/#website"},"primaryImageOfPage":{"@id":"https:\/\/ardigitalnoticias.com\/index.php\/2025\/03\/03\/resultados-semanales-en-seguridad-en-garzon\/#primaryimage"},"image":{"@id":"https:\/\/ardigitalnoticias.com\/index.php\/2025\/03\/03\/resultados-semanales-en-seguridad-en-garzon\/#primaryimage"},"thumbnailUrl":"https:\/\/ardigitalnoticias.com\/wp-content\/uploads\/2025\/03\/InShot_20250303_104217904-scaled.jpg","datePublished":"2025-03-03T15:55:40+00:00","breadcrumb":{"@id":"https:\/\/ardigitalnoticias.com\/index.php\/2025\/03\/03\/resultados-semanales-en-seguridad-en-garzon\/#breadcrumb"},"inLanguage":"es","potentialAction":[{"@type":"ReadAction","target":["https:\/\/ardigitalnoticias.com\/index.php\/2025\/03\/03\/resultados-semanales-en-seguridad-en-garzon\/"]}]},{"@type":"ImageObject","inLanguage":"es","@id":"https:\/\/ardigitalnoticias.com\/index.php\/2025\/03\/03\/resultados-semanales-en-seguridad-en-garzon\/#primaryimage","url":"https:\/\/ardigitalnoticias.com\/wp-content\/uploads\/2025\/03\/InShot_20250303_104217904-scaled.jpg","contentUrl":"https:\/\/ardigitalnoticias.com\/wp-content\/uploads\/2025\/03\/InShot_20250303_104217904-scaled.jpg","width":2560,"height":1439},{"@type":"BreadcrumbList","@id":"https:\/\/ardigitalnoticias.com\/index.php\/2025\/03\/03\/resultados-semanales-en-seguridad-en-garzon\/#breadcrumb","itemListElement":[{"@type":"ListItem","position":1,"name":"Portada","item":"https:\/\/ardigitalnoticias.com\/"},{"@type":"ListItem","position":2,"name":"RESULTADOS SEMANALES EN SEGURIDAD EN GARZ\u00d3N"}]},{"@type":"WebSite","@id":"https:\/\/ardigitalnoticias.com\/#website","url":"https:\/\/ardigitalnoticias.com\/","name":"AR Digital Noticias","description":"","publisher":{"@id":"https:\/\/ardigitalnoticias.com\/#organization"},"potentialAction":[{"@type":"SearchAction","target":{"@type":"EntryPoint","urlTemplate":"https:\/\/ardigitalnoticias.com\/?s={search_term_string}"},"query-input":{"@type":"PropertyValueSpecification","valueRequired":true,"valueName":"search_term_string"}}],"inLanguage":"es"},{"@type":"Organization","@id":"https:\/\/ardigitalnoticias.com\/#organization","name":"AR Digital Noticias","url":"https:\/\/ardigitalnoticias.com\/","logo":{"@type":"ImageObject","inLanguage":"es","@id":"https:\/\/ardigitalnoticias.com\/#\/schema\/logo\/image\/","url":"https:\/\/ardigitalnoticias.com\/wp-content\/uploads\/2023\/11\/cropped-cropped-cropped-cropped-AR-Digital-Noticias-1.png","contentUrl":"https:\/\/ardigitalnoticias.com\/wp-content\/uploads\/2023\/11\/cropped-cropped-cropped-cropped-AR-Digital-Noticias-1.png","width":972,"height":306,"caption":"AR Digital Noticias"},"image":{"@id":"https:\/\/ardigitalnoticias.com\/#\/schema\/logo\/image\/"}},{"@type":"Person","@id":"https:\/\/ardigitalnoticias.com\/#\/schema\/person\/3f1b0a96e890d8cba89a76c7558a147c","name":"AR Digital Noticias","image":{"@type":"ImageObject","inLanguage":"es","@id":"https:\/\/secure.gravatar.com\/avatar\/55d1acd2f9cac74c99f42fcb5090c2f994204a6f6c571cf4c3001ae692cb9b34?s=96&d=mm&r=g","url":"https:\/\/secure.gravatar.com\/avatar\/55d1acd2f9cac74c99f42fcb5090c2f994204a6f6c571cf4c3001ae692cb9b34?s=96&d=mm&r=g","contentUrl":"https:\/\/secure.gravatar.com\/avatar\/55d1acd2f9cac74c99f42fcb5090c2f994204a6f6c571cf4c3001ae692cb9b34?s=96&d=mm&r=g","caption":"AR Digital Noticias"},"sameAs":["http:\/\/ardigitalnoticias.com"],"url":"https:\/\/ardigitalnoticias.com\/index.php\/author\/editorial\/"}]}},"_links":{"self":[{"href":"https:\/\/ardigitalnoticias.com\/index.php\/wp-json\/wp\/v2\/posts\/6609","targetHints":{"allow":["GET"]}}],"collection":[{"href":"https:\/\/ardigitalnoticias.com\/index.php\/wp-json\/wp\/v2\/posts"}],"about":[{"href":"https:\/\/ardigitalnoticias.com\/index.php\/wp-json\/wp\/v2\/types\/post"}],"author":[{"embeddable":true,"href":"https:\/\/ardigitalnoticias.com\/index.php\/wp-json\/wp\/v2\/users\/2"}],"replies":[{"embeddable":true,"href":"https:\/\/ardigitalnoticias.com\/index.php\/wp-json\/wp\/v2\/comments?post=6609"}],"version-history":[{"count":1,"href":"https:\/\/ardigitalnoticias.com\/index.php\/wp-json\/wp\/v2\/posts\/6609\/revisions"}],"predecessor-version":[{"id":6625,"href":"https:\/\/ardigitalnoticias.com\/index.php\/wp-json\/wp\/v2\/posts\/6609\/revisions\/6625"}],"wp:featuredmedia":[{"embeddable":true,"href":"https:\/\/ardigitalnoticias.com\/index.php\/wp-json\/wp\/v2\/media\/6624"}],"wp:attachment":[{"href":"https:\/\/ardigitalnoticias.com\/index.php\/wp-json\/wp\/v2\/media?parent=6609"}],"wp:term":[{"taxonomy":"category","embeddable":true,"href":"https:\/\/ardigitalnoticias.com\/index.php\/wp-json\/wp\/v2\/categories?post=6609"},{"taxonomy":"post_tag","embeddable":true,"href":"https:\/\/ardigitalnoticias.com\/index.php\/wp-json\/wp\/v2\/tags?post=6609"}],"curies":[{"name":"wp","href":"https:\/\/api.w.org\/{rel}","templated":true}]}}