{"id":6600,"date":"2025-03-03T09:52:16","date_gmt":"2025-03-03T14:52:16","guid":{"rendered":"https:\/\/ardigitalnoticias.com\/?p=6600"},"modified":"2025-03-03T09:52:17","modified_gmt":"2025-03-03T14:52:17","slug":"protesta-por-falta-de-docente-de-ingles-en-la-arcadia-algeciras","status":"publish","type":"post","link":"https:\/\/ardigitalnoticias.com\/index.php\/2025\/03\/03\/protesta-por-falta-de-docente-de-ingles-en-la-arcadia-algeciras\/","title":{"rendered":"PROTESTA POR FALTA DE DOCENTE DE INGL\u00c9S EN LA ARCADIA, ALGECIRAS."},"content":{"rendered":"\n<p>Padres y estudiantes de La Arcadia exigen soluciones <\/p>\n\n\n\n<p><strong>POR: ANDR\u00c9S RODR\u00cdGUEZ. <\/strong><\/p>\n\n\n<div class=\"wp-block-image\">\n<figure class=\"aligncenter size-large\"><img loading=\"lazy\" decoding=\"async\" width=\"1024\" height=\"572\" src=\"https:\/\/ardigitalnoticias.com\/wp-content\/uploads\/2025\/03\/Screenshot_20250303_094308_Facebook-1024x572.png\" alt=\"\" class=\"wp-image-6605\" srcset=\"https:\/\/ardigitalnoticias.com\/wp-content\/uploads\/2025\/03\/Screenshot_20250303_094308_Facebook-1024x572.png 1024w, https:\/\/ardigitalnoticias.com\/wp-content\/uploads\/2025\/03\/Screenshot_20250303_094308_Facebook-600x335.png 600w, https:\/\/ardigitalnoticias.com\/wp-content\/uploads\/2025\/03\/Screenshot_20250303_094308_Facebook-300x168.png 300w, https:\/\/ardigitalnoticias.com\/wp-content\/uploads\/2025\/03\/Screenshot_20250303_094308_Facebook-768x429.png 768w, https:\/\/ardigitalnoticias.com\/wp-content\/uploads\/2025\/03\/Screenshot_20250303_094308_Facebook-752x420.png 752w, https:\/\/ardigitalnoticias.com\/wp-content\/uploads\/2025\/03\/Screenshot_20250303_094308_Facebook-150x84.png 150w, https:\/\/ardigitalnoticias.com\/wp-content\/uploads\/2025\/03\/Screenshot_20250303_094308_Facebook-696x389.png 696w, https:\/\/ardigitalnoticias.com\/wp-content\/uploads\/2025\/03\/Screenshot_20250303_094308_Facebook-1068x597.png 1068w, https:\/\/ardigitalnoticias.com\/wp-content\/uploads\/2025\/03\/Screenshot_20250303_094308_Facebook.png 1079w\" sizes=\"auto, (max-width: 1024px) 100vw, 1024px\" \/><\/figure>\n<\/div>\n\n\n<p>Este lunes 3 de marzo, padres de familia y estudiantes de la Instituci\u00f3n Educativa La Arcadia, en la zona rural de Algeciras, llevaron a cabo un plant\u00f3n para exigir la asignaci\u00f3n de un docente de ingl\u00e9s.<\/p>\n\n\n\n<figure class=\"wp-block-video aligncenter\"><video height=\"480\" style=\"aspect-ratio: 848 \/ 480;\" width=\"848\" controls src=\"https:\/\/ardigitalnoticias.com\/wp-content\/uploads\/2025\/03\/AQPy0HmJOnPvE8Ft0rY3YYJ-811ZenpHY6Q1MSqkinMwqo4QfR7iRescDLUsSl8I5KZWG9KAosatv0Fxzm8K3P42.mp4\"><\/video><\/figure>\n\n\n\n<p>Seg\u00fan la comunidad educativa, la instituci\u00f3n lleva m\u00e1s de un a\u00f1o y medio sin profesor de ingl\u00e9s, lo que afecta gravemente el aprendizaje de los estudiantes. Ante la falta de respuesta de las autoridades, los manifestantes decidieron paralizar las clases y bloquear el ingreso de los docentes, exigiendo una soluci\u00f3n inmediata. <\/p>\n\n\n\n<p>???? \u00abNuestros hijos est\u00e1n en desventaja acad\u00e9mica\u00bb <\/p>\n\n\n\n<p>Los padres de familia manifestaron su preocupaci\u00f3n por el impacto que esta situaci\u00f3n tiene en la formaci\u00f3n de sus hijos y solicitaron a la Secretar\u00eda de Educaci\u00f3n una respuesta urgente.<\/p>\n\n\n\n<figure class=\"wp-block-video aligncenter\"><video height=\"850\" style=\"aspect-ratio: 474 \/ 850;\" width=\"474\" controls src=\"https:\/\/ardigitalnoticias.com\/wp-content\/uploads\/2025\/03\/AQOSRuD2qnySOGvHUEOSieznBvLA12bOrRqdNlMHKzwlZjz3MtU5e4d5pmzF-tJyP1Jun-ppgEqe_oE7SifnN9SM.mp4\"><\/video><\/figure>\n\n\n\n<p>Hasta el momento, las autoridades no han emitido un pronunciamiento oficial, lo que aumenta la incertidumbre entre la comunidad. <\/p>\n\n\n\n<p>???? \u00bfHabr\u00e1 una pronta soluci\u00f3n o seguir\u00e1 la protesta?  <\/p>\n\n\n<div class=\"wp-block-image\">\n<figure class=\"aligncenter size-large\"><img loading=\"lazy\" decoding=\"async\" width=\"769\" height=\"1024\" src=\"https:\/\/ardigitalnoticias.com\/wp-content\/uploads\/2025\/03\/FB_IMG_1741012906095-769x1024.jpg\" alt=\"\" class=\"wp-image-6602\" srcset=\"https:\/\/ardigitalnoticias.com\/wp-content\/uploads\/2025\/03\/FB_IMG_1741012906095-769x1024.jpg 769w, https:\/\/ardigitalnoticias.com\/wp-content\/uploads\/2025\/03\/FB_IMG_1741012906095-450x600.jpg 450w, https:\/\/ardigitalnoticias.com\/wp-content\/uploads\/2025\/03\/FB_IMG_1741012906095-225x300.jpg 225w, https:\/\/ardigitalnoticias.com\/wp-content\/uploads\/2025\/03\/FB_IMG_1741012906095-768x1023.jpg 768w, https:\/\/ardigitalnoticias.com\/wp-content\/uploads\/2025\/03\/FB_IMG_1741012906095-315x420.jpg 315w, https:\/\/ardigitalnoticias.com\/wp-content\/uploads\/2025\/03\/FB_IMG_1741012906095-150x200.jpg 150w, https:\/\/ardigitalnoticias.com\/wp-content\/uploads\/2025\/03\/FB_IMG_1741012906095-300x400.jpg 300w, https:\/\/ardigitalnoticias.com\/wp-content\/uploads\/2025\/03\/FB_IMG_1741012906095-696x927.jpg 696w, https:\/\/ardigitalnoticias.com\/wp-content\/uploads\/2025\/03\/FB_IMG_1741012906095-1068x1423.jpg 1068w, https:\/\/ardigitalnoticias.com\/wp-content\/uploads\/2025\/03\/FB_IMG_1741012906095.jpg 1080w\" sizes=\"auto, (max-width: 769px) 100vw, 769px\" \/><\/figure>\n<\/div>","protected":false},"excerpt":{"rendered":"<p>Padres y estudiantes de La Arcadia exigen soluciones POR: ANDR\u00c9S RODR\u00cdGUEZ. Este lunes 3 de marzo, padres de familia y estudiantes de la Instituci\u00f3n Educativa La Arcadia, en la zona rural de Algeciras, llevaron a cabo un plant\u00f3n para exigir la asignaci\u00f3n de un docente de ingl\u00e9s. Seg\u00fan la comunidad educativa, la instituci\u00f3n lleva m\u00e1s [&hellip;]<\/p>\n","protected":false},"author":2,"featured_media":6604,"comment_status":"open","ping_status":"open","sticky":false,"template":"","format":"standard","meta":{"_acf_changed":false,"_joinchat":[],"footnotes":""},"categories":[1,19],"tags":[],"class_list":{"0":"post-6600","1":"post","2":"type-post","3":"status-publish","4":"format-standard","5":"has-post-thumbnail","7":"category-actualidad","8":"category-regional"},"acf":[],"yoast_head":"<!-- This site is optimized with the Yoast SEO plugin v27.5 - https:\/\/yoast.com\/product\/yoast-seo-wordpress\/ -->\n<title>PROTESTA POR FALTA DE DOCENTE DE INGL\u00c9S EN LA ARCADIA, ALGECIRAS. - AR Digital Noticias<\/title>\n<meta name=\"robots\" content=\"index, follow, max-snippet:-1, max-image-preview:large, max-video-preview:-1\" \/>\n<link rel=\"canonical\" href=\"https:\/\/ardigitalnoticias.com\/index.php\/2025\/03\/03\/protesta-por-falta-de-docente-de-ingles-en-la-arcadia-algeciras\/\" \/>\n<meta property=\"og:locale\" content=\"es_ES\" \/>\n<meta property=\"og:type\" content=\"article\" \/>\n<meta property=\"og:title\" content=\"PROTESTA POR FALTA DE DOCENTE DE INGL\u00c9S EN LA ARCADIA, ALGECIRAS. - AR Digital Noticias\" \/>\n<meta property=\"og:description\" content=\"Padres y estudiantes de La Arcadia exigen soluciones POR: ANDR\u00c9S RODR\u00cdGUEZ. Este lunes 3 de marzo, padres de familia y estudiantes de la Instituci\u00f3n Educativa La Arcadia, en la zona rural de Algeciras, llevaron a cabo un plant\u00f3n para exigir la asignaci\u00f3n de un docente de ingl\u00e9s. Seg\u00fan la comunidad educativa, la instituci\u00f3n lleva m\u00e1s [&hellip;]\" \/>\n<meta property=\"og:url\" content=\"https:\/\/ardigitalnoticias.com\/index.php\/2025\/03\/03\/protesta-por-falta-de-docente-de-ingles-en-la-arcadia-algeciras\/\" \/>\n<meta property=\"og:site_name\" content=\"AR Digital Noticias\" \/>\n<meta property=\"article:published_time\" content=\"2025-03-03T14:52:16+00:00\" \/>\n<meta property=\"article:modified_time\" content=\"2025-03-03T14:52:17+00:00\" \/>\n<meta property=\"og:image\" content=\"https:\/\/ardigitalnoticias.com\/wp-content\/uploads\/2025\/03\/InShot_20250303_094558362-scaled.jpg\" \/>\n\t<meta property=\"og:image:width\" content=\"2560\" \/>\n\t<meta property=\"og:image:height\" content=\"1439\" \/>\n\t<meta property=\"og:image:type\" content=\"image\/jpeg\" \/>\n<meta name=\"author\" content=\"AR Digital Noticias\" \/>\n<meta name=\"twitter:card\" content=\"summary_large_image\" \/>\n<meta name=\"twitter:label1\" content=\"Escrito por\" \/>\n\t<meta name=\"twitter:data1\" content=\"AR Digital Noticias\" \/>\n\t<meta name=\"twitter:label2\" content=\"Tiempo de lectura\" \/>\n\t<meta name=\"twitter:data2\" content=\"2 minutos\" \/>\n<script type=\"application\/ld+json\" class=\"yoast-schema-graph\">{\"@context\":\"https:\\\/\\\/schema.org\",\"@graph\":[{\"@type\":\"Article\",\"@id\":\"https:\\\/\\\/ardigitalnoticias.com\\\/index.php\\\/2025\\\/03\\\/03\\\/protesta-por-falta-de-docente-de-ingles-en-la-arcadia-algeciras\\\/#article\",\"isPartOf\":{\"@id\":\"https:\\\/\\\/ardigitalnoticias.com\\\/index.php\\\/2025\\\/03\\\/03\\\/protesta-por-falta-de-docente-de-ingles-en-la-arcadia-algeciras\\\/\"},\"author\":{\"name\":\"AR Digital Noticias\",\"@id\":\"https:\\\/\\\/ardigitalnoticias.com\\\/#\\\/schema\\\/person\\\/3f1b0a96e890d8cba89a76c7558a147c\"},\"headline\":\"PROTESTA POR FALTA DE DOCENTE DE INGL\u00c9S EN LA ARCADIA, ALGECIRAS.\",\"datePublished\":\"2025-03-03T14:52:16+00:00\",\"dateModified\":\"2025-03-03T14:52:17+00:00\",\"mainEntityOfPage\":{\"@id\":\"https:\\\/\\\/ardigitalnoticias.com\\\/index.php\\\/2025\\\/03\\\/03\\\/protesta-por-falta-de-docente-de-ingles-en-la-arcadia-algeciras\\\/\"},\"wordCount\":192,\"commentCount\":0,\"publisher\":{\"@id\":\"https:\\\/\\\/ardigitalnoticias.com\\\/#organization\"},\"image\":{\"@id\":\"https:\\\/\\\/ardigitalnoticias.com\\\/index.php\\\/2025\\\/03\\\/03\\\/protesta-por-falta-de-docente-de-ingles-en-la-arcadia-algeciras\\\/#primaryimage\"},\"thumbnailUrl\":\"https:\\\/\\\/ardigitalnoticias.com\\\/wp-content\\\/uploads\\\/2025\\\/03\\\/InShot_20250303_094558362-scaled.jpg\",\"articleSection\":[\"Actualidad\",\"Regional\"],\"inLanguage\":\"es\",\"potentialAction\":[{\"@type\":\"CommentAction\",\"name\":\"Comment\",\"target\":[\"https:\\\/\\\/ardigitalnoticias.com\\\/index.php\\\/2025\\\/03\\\/03\\\/protesta-por-falta-de-docente-de-ingles-en-la-arcadia-algeciras\\\/#respond\"]}]},{\"@type\":\"WebPage\",\"@id\":\"https:\\\/\\\/ardigitalnoticias.com\\\/index.php\\\/2025\\\/03\\\/03\\\/protesta-por-falta-de-docente-de-ingles-en-la-arcadia-algeciras\\\/\",\"url\":\"https:\\\/\\\/ardigitalnoticias.com\\\/index.php\\\/2025\\\/03\\\/03\\\/protesta-por-falta-de-docente-de-ingles-en-la-arcadia-algeciras\\\/\",\"name\":\"PROTESTA POR FALTA DE DOCENTE DE INGL\u00c9S EN LA ARCADIA, ALGECIRAS. - AR Digital Noticias\",\"isPartOf\":{\"@id\":\"https:\\\/\\\/ardigitalnoticias.com\\\/#website\"},\"primaryImageOfPage\":{\"@id\":\"https:\\\/\\\/ardigitalnoticias.com\\\/index.php\\\/2025\\\/03\\\/03\\\/protesta-por-falta-de-docente-de-ingles-en-la-arcadia-algeciras\\\/#primaryimage\"},\"image\":{\"@id\":\"https:\\\/\\\/ardigitalnoticias.com\\\/index.php\\\/2025\\\/03\\\/03\\\/protesta-por-falta-de-docente-de-ingles-en-la-arcadia-algeciras\\\/#primaryimage\"},\"thumbnailUrl\":\"https:\\\/\\\/ardigitalnoticias.com\\\/wp-content\\\/uploads\\\/2025\\\/03\\\/InShot_20250303_094558362-scaled.jpg\",\"datePublished\":\"2025-03-03T14:52:16+00:00\",\"dateModified\":\"2025-03-03T14:52:17+00:00\",\"breadcrumb\":{\"@id\":\"https:\\\/\\\/ardigitalnoticias.com\\\/index.php\\\/2025\\\/03\\\/03\\\/protesta-por-falta-de-docente-de-ingles-en-la-arcadia-algeciras\\\/#breadcrumb\"},\"inLanguage\":\"es\",\"potentialAction\":[{\"@type\":\"ReadAction\",\"target\":[\"https:\\\/\\\/ardigitalnoticias.com\\\/index.php\\\/2025\\\/03\\\/03\\\/protesta-por-falta-de-docente-de-ingles-en-la-arcadia-algeciras\\\/\"]}]},{\"@type\":\"ImageObject\",\"inLanguage\":\"es\",\"@id\":\"https:\\\/\\\/ardigitalnoticias.com\\\/index.php\\\/2025\\\/03\\\/03\\\/protesta-por-falta-de-docente-de-ingles-en-la-arcadia-algeciras\\\/#primaryimage\",\"url\":\"https:\\\/\\\/ardigitalnoticias.com\\\/wp-content\\\/uploads\\\/2025\\\/03\\\/InShot_20250303_094558362-scaled.jpg\",\"contentUrl\":\"https:\\\/\\\/ardigitalnoticias.com\\\/wp-content\\\/uploads\\\/2025\\\/03\\\/InShot_20250303_094558362-scaled.jpg\",\"width\":2560,\"height\":1439},{\"@type\":\"BreadcrumbList\",\"@id\":\"https:\\\/\\\/ardigitalnoticias.com\\\/index.php\\\/2025\\\/03\\\/03\\\/protesta-por-falta-de-docente-de-ingles-en-la-arcadia-algeciras\\\/#breadcrumb\",\"itemListElement\":[{\"@type\":\"ListItem\",\"position\":1,\"name\":\"Portada\",\"item\":\"https:\\\/\\\/ardigitalnoticias.com\\\/\"},{\"@type\":\"ListItem\",\"position\":2,\"name\":\"PROTESTA POR FALTA DE DOCENTE DE INGL\u00c9S EN LA ARCADIA, ALGECIRAS.\"}]},{\"@type\":\"WebSite\",\"@id\":\"https:\\\/\\\/ardigitalnoticias.com\\\/#website\",\"url\":\"https:\\\/\\\/ardigitalnoticias.com\\\/\",\"name\":\"AR Digital Noticias\",\"description\":\"\",\"publisher\":{\"@id\":\"https:\\\/\\\/ardigitalnoticias.com\\\/#organization\"},\"potentialAction\":[{\"@type\":\"SearchAction\",\"target\":{\"@type\":\"EntryPoint\",\"urlTemplate\":\"https:\\\/\\\/ardigitalnoticias.com\\\/?s={search_term_string}\"},\"query-input\":{\"@type\":\"PropertyValueSpecification\",\"valueRequired\":true,\"valueName\":\"search_term_string\"}}],\"inLanguage\":\"es\"},{\"@type\":\"Organization\",\"@id\":\"https:\\\/\\\/ardigitalnoticias.com\\\/#organization\",\"name\":\"AR Digital Noticias\",\"url\":\"https:\\\/\\\/ardigitalnoticias.com\\\/\",\"logo\":{\"@type\":\"ImageObject\",\"inLanguage\":\"es\",\"@id\":\"https:\\\/\\\/ardigitalnoticias.com\\\/#\\\/schema\\\/logo\\\/image\\\/\",\"url\":\"https:\\\/\\\/ardigitalnoticias.com\\\/wp-content\\\/uploads\\\/2023\\\/11\\\/cropped-cropped-cropped-cropped-AR-Digital-Noticias-1.png\",\"contentUrl\":\"https:\\\/\\\/ardigitalnoticias.com\\\/wp-content\\\/uploads\\\/2023\\\/11\\\/cropped-cropped-cropped-cropped-AR-Digital-Noticias-1.png\",\"width\":972,\"height\":306,\"caption\":\"AR Digital Noticias\"},\"image\":{\"@id\":\"https:\\\/\\\/ardigitalnoticias.com\\\/#\\\/schema\\\/logo\\\/image\\\/\"}},{\"@type\":\"Person\",\"@id\":\"https:\\\/\\\/ardigitalnoticias.com\\\/#\\\/schema\\\/person\\\/3f1b0a96e890d8cba89a76c7558a147c\",\"name\":\"AR Digital Noticias\",\"image\":{\"@type\":\"ImageObject\",\"inLanguage\":\"es\",\"@id\":\"https:\\\/\\\/secure.gravatar.com\\\/avatar\\\/55d1acd2f9cac74c99f42fcb5090c2f994204a6f6c571cf4c3001ae692cb9b34?s=96&d=mm&r=g\",\"url\":\"https:\\\/\\\/secure.gravatar.com\\\/avatar\\\/55d1acd2f9cac74c99f42fcb5090c2f994204a6f6c571cf4c3001ae692cb9b34?s=96&d=mm&r=g\",\"contentUrl\":\"https:\\\/\\\/secure.gravatar.com\\\/avatar\\\/55d1acd2f9cac74c99f42fcb5090c2f994204a6f6c571cf4c3001ae692cb9b34?s=96&d=mm&r=g\",\"caption\":\"AR Digital Noticias\"},\"sameAs\":[\"http:\\\/\\\/ardigitalnoticias.com\"],\"url\":\"https:\\\/\\\/ardigitalnoticias.com\\\/index.php\\\/author\\\/editorial\\\/\"}]}<\/script>\n<!-- \/ Yoast SEO plugin. -->","yoast_head_json":{"title":"PROTESTA POR FALTA DE DOCENTE DE INGL\u00c9S EN LA ARCADIA, ALGECIRAS. - AR Digital Noticias","robots":{"index":"index","follow":"follow","max-snippet":"max-snippet:-1","max-image-preview":"max-image-preview:large","max-video-preview":"max-video-preview:-1"},"canonical":"https:\/\/ardigitalnoticias.com\/index.php\/2025\/03\/03\/protesta-por-falta-de-docente-de-ingles-en-la-arcadia-algeciras\/","og_locale":"es_ES","og_type":"article","og_title":"PROTESTA POR FALTA DE DOCENTE DE INGL\u00c9S EN LA ARCADIA, ALGECIRAS. - AR Digital Noticias","og_description":"Padres y estudiantes de La Arcadia exigen soluciones POR: ANDR\u00c9S RODR\u00cdGUEZ. Este lunes 3 de marzo, padres de familia y estudiantes de la Instituci\u00f3n Educativa La Arcadia, en la zona rural de Algeciras, llevaron a cabo un plant\u00f3n para exigir la asignaci\u00f3n de un docente de ingl\u00e9s. Seg\u00fan la comunidad educativa, la instituci\u00f3n lleva m\u00e1s [&hellip;]","og_url":"https:\/\/ardigitalnoticias.com\/index.php\/2025\/03\/03\/protesta-por-falta-de-docente-de-ingles-en-la-arcadia-algeciras\/","og_site_name":"AR Digital Noticias","article_published_time":"2025-03-03T14:52:16+00:00","article_modified_time":"2025-03-03T14:52:17+00:00","og_image":[{"width":2560,"height":1439,"url":"https:\/\/ardigitalnoticias.com\/wp-content\/uploads\/2025\/03\/InShot_20250303_094558362-scaled.jpg","type":"image\/jpeg"}],"author":"AR Digital Noticias","twitter_card":"summary_large_image","twitter_misc":{"Escrito por":"AR Digital Noticias","Tiempo de lectura":"2 minutos"},"schema":{"@context":"https:\/\/schema.org","@graph":[{"@type":"Article","@id":"https:\/\/ardigitalnoticias.com\/index.php\/2025\/03\/03\/protesta-por-falta-de-docente-de-ingles-en-la-arcadia-algeciras\/#article","isPartOf":{"@id":"https:\/\/ardigitalnoticias.com\/index.php\/2025\/03\/03\/protesta-por-falta-de-docente-de-ingles-en-la-arcadia-algeciras\/"},"author":{"name":"AR Digital Noticias","@id":"https:\/\/ardigitalnoticias.com\/#\/schema\/person\/3f1b0a96e890d8cba89a76c7558a147c"},"headline":"PROTESTA POR FALTA DE DOCENTE DE INGL\u00c9S EN LA ARCADIA, ALGECIRAS.","datePublished":"2025-03-03T14:52:16+00:00","dateModified":"2025-03-03T14:52:17+00:00","mainEntityOfPage":{"@id":"https:\/\/ardigitalnoticias.com\/index.php\/2025\/03\/03\/protesta-por-falta-de-docente-de-ingles-en-la-arcadia-algeciras\/"},"wordCount":192,"commentCount":0,"publisher":{"@id":"https:\/\/ardigitalnoticias.com\/#organization"},"image":{"@id":"https:\/\/ardigitalnoticias.com\/index.php\/2025\/03\/03\/protesta-por-falta-de-docente-de-ingles-en-la-arcadia-algeciras\/#primaryimage"},"thumbnailUrl":"https:\/\/ardigitalnoticias.com\/wp-content\/uploads\/2025\/03\/InShot_20250303_094558362-scaled.jpg","articleSection":["Actualidad","Regional"],"inLanguage":"es","potentialAction":[{"@type":"CommentAction","name":"Comment","target":["https:\/\/ardigitalnoticias.com\/index.php\/2025\/03\/03\/protesta-por-falta-de-docente-de-ingles-en-la-arcadia-algeciras\/#respond"]}]},{"@type":"WebPage","@id":"https:\/\/ardigitalnoticias.com\/index.php\/2025\/03\/03\/protesta-por-falta-de-docente-de-ingles-en-la-arcadia-algeciras\/","url":"https:\/\/ardigitalnoticias.com\/index.php\/2025\/03\/03\/protesta-por-falta-de-docente-de-ingles-en-la-arcadia-algeciras\/","name":"PROTESTA POR FALTA DE DOCENTE DE INGL\u00c9S EN LA ARCADIA, ALGECIRAS. - AR Digital Noticias","isPartOf":{"@id":"https:\/\/ardigitalnoticias.com\/#website"},"primaryImageOfPage":{"@id":"https:\/\/ardigitalnoticias.com\/index.php\/2025\/03\/03\/protesta-por-falta-de-docente-de-ingles-en-la-arcadia-algeciras\/#primaryimage"},"image":{"@id":"https:\/\/ardigitalnoticias.com\/index.php\/2025\/03\/03\/protesta-por-falta-de-docente-de-ingles-en-la-arcadia-algeciras\/#primaryimage"},"thumbnailUrl":"https:\/\/ardigitalnoticias.com\/wp-content\/uploads\/2025\/03\/InShot_20250303_094558362-scaled.jpg","datePublished":"2025-03-03T14:52:16+00:00","dateModified":"2025-03-03T14:52:17+00:00","breadcrumb":{"@id":"https:\/\/ardigitalnoticias.com\/index.php\/2025\/03\/03\/protesta-por-falta-de-docente-de-ingles-en-la-arcadia-algeciras\/#breadcrumb"},"inLanguage":"es","potentialAction":[{"@type":"ReadAction","target":["https:\/\/ardigitalnoticias.com\/index.php\/2025\/03\/03\/protesta-por-falta-de-docente-de-ingles-en-la-arcadia-algeciras\/"]}]},{"@type":"ImageObject","inLanguage":"es","@id":"https:\/\/ardigitalnoticias.com\/index.php\/2025\/03\/03\/protesta-por-falta-de-docente-de-ingles-en-la-arcadia-algeciras\/#primaryimage","url":"https:\/\/ardigitalnoticias.com\/wp-content\/uploads\/2025\/03\/InShot_20250303_094558362-scaled.jpg","contentUrl":"https:\/\/ardigitalnoticias.com\/wp-content\/uploads\/2025\/03\/InShot_20250303_094558362-scaled.jpg","width":2560,"height":1439},{"@type":"BreadcrumbList","@id":"https:\/\/ardigitalnoticias.com\/index.php\/2025\/03\/03\/protesta-por-falta-de-docente-de-ingles-en-la-arcadia-algeciras\/#breadcrumb","itemListElement":[{"@type":"ListItem","position":1,"name":"Portada","item":"https:\/\/ardigitalnoticias.com\/"},{"@type":"ListItem","position":2,"name":"PROTESTA POR FALTA DE DOCENTE DE INGL\u00c9S EN LA ARCADIA, ALGECIRAS."}]},{"@type":"WebSite","@id":"https:\/\/ardigitalnoticias.com\/#website","url":"https:\/\/ardigitalnoticias.com\/","name":"AR Digital Noticias","description":"","publisher":{"@id":"https:\/\/ardigitalnoticias.com\/#organization"},"potentialAction":[{"@type":"SearchAction","target":{"@type":"EntryPoint","urlTemplate":"https:\/\/ardigitalnoticias.com\/?s={search_term_string}"},"query-input":{"@type":"PropertyValueSpecification","valueRequired":true,"valueName":"search_term_string"}}],"inLanguage":"es"},{"@type":"Organization","@id":"https:\/\/ardigitalnoticias.com\/#organization","name":"AR Digital Noticias","url":"https:\/\/ardigitalnoticias.com\/","logo":{"@type":"ImageObject","inLanguage":"es","@id":"https:\/\/ardigitalnoticias.com\/#\/schema\/logo\/image\/","url":"https:\/\/ardigitalnoticias.com\/wp-content\/uploads\/2023\/11\/cropped-cropped-cropped-cropped-AR-Digital-Noticias-1.png","contentUrl":"https:\/\/ardigitalnoticias.com\/wp-content\/uploads\/2023\/11\/cropped-cropped-cropped-cropped-AR-Digital-Noticias-1.png","width":972,"height":306,"caption":"AR Digital Noticias"},"image":{"@id":"https:\/\/ardigitalnoticias.com\/#\/schema\/logo\/image\/"}},{"@type":"Person","@id":"https:\/\/ardigitalnoticias.com\/#\/schema\/person\/3f1b0a96e890d8cba89a76c7558a147c","name":"AR Digital Noticias","image":{"@type":"ImageObject","inLanguage":"es","@id":"https:\/\/secure.gravatar.com\/avatar\/55d1acd2f9cac74c99f42fcb5090c2f994204a6f6c571cf4c3001ae692cb9b34?s=96&d=mm&r=g","url":"https:\/\/secure.gravatar.com\/avatar\/55d1acd2f9cac74c99f42fcb5090c2f994204a6f6c571cf4c3001ae692cb9b34?s=96&d=mm&r=g","contentUrl":"https:\/\/secure.gravatar.com\/avatar\/55d1acd2f9cac74c99f42fcb5090c2f994204a6f6c571cf4c3001ae692cb9b34?s=96&d=mm&r=g","caption":"AR Digital Noticias"},"sameAs":["http:\/\/ardigitalnoticias.com"],"url":"https:\/\/ardigitalnoticias.com\/index.php\/author\/editorial\/"}]}},"_links":{"self":[{"href":"https:\/\/ardigitalnoticias.com\/index.php\/wp-json\/wp\/v2\/posts\/6600","targetHints":{"allow":["GET"]}}],"collection":[{"href":"https:\/\/ardigitalnoticias.com\/index.php\/wp-json\/wp\/v2\/posts"}],"about":[{"href":"https:\/\/ardigitalnoticias.com\/index.php\/wp-json\/wp\/v2\/types\/post"}],"author":[{"embeddable":true,"href":"https:\/\/ardigitalnoticias.com\/index.php\/wp-json\/wp\/v2\/users\/2"}],"replies":[{"embeddable":true,"href":"https:\/\/ardigitalnoticias.com\/index.php\/wp-json\/wp\/v2\/comments?post=6600"}],"version-history":[{"count":1,"href":"https:\/\/ardigitalnoticias.com\/index.php\/wp-json\/wp\/v2\/posts\/6600\/revisions"}],"predecessor-version":[{"id":6608,"href":"https:\/\/ardigitalnoticias.com\/index.php\/wp-json\/wp\/v2\/posts\/6600\/revisions\/6608"}],"wp:featuredmedia":[{"embeddable":true,"href":"https:\/\/ardigitalnoticias.com\/index.php\/wp-json\/wp\/v2\/media\/6604"}],"wp:attachment":[{"href":"https:\/\/ardigitalnoticias.com\/index.php\/wp-json\/wp\/v2\/media?parent=6600"}],"wp:term":[{"taxonomy":"category","embeddable":true,"href":"https:\/\/ardigitalnoticias.com\/index.php\/wp-json\/wp\/v2\/categories?post=6600"},{"taxonomy":"post_tag","embeddable":true,"href":"https:\/\/ardigitalnoticias.com\/index.php\/wp-json\/wp\/v2\/tags?post=6600"}],"curies":[{"name":"wp","href":"https:\/\/api.w.org\/{rel}","templated":true}]}}