{"id":6529,"date":"2025-03-02T12:06:44","date_gmt":"2025-03-02T17:06:44","guid":{"rendered":"https:\/\/ardigitalnoticias.com\/?p=6529"},"modified":"2025-03-02T12:56:11","modified_gmt":"2025-03-02T17:56:11","slug":"justicia-ciudadana-en-accion","status":"publish","type":"post","link":"https:\/\/ardigitalnoticias.com\/index.php\/2025\/03\/02\/justicia-ciudadana-en-accion\/","title":{"rendered":"\u00a1JUSTICIA CIUDADANA EN ACCI\u00d3N!"},"content":{"rendered":"\n<p>Comunidad del barrio La Rioja atrap\u00f3 a presunto ladr\u00f3n. <\/p>\n\n\n\n<p><strong>POR: ANDR\u00c9S RODR\u00cdGUEZ. <\/strong><\/p>\n\n\n\n<p>Cansados de la inseguridad, los habitantes del barrio La Rioja en Neiva decidieron tomar cartas en el asunto.<\/p>\n\n\n\n<p>En un hecho que ha generado gran revuelo, la comunidad atrap\u00f3 a un presunto ladr\u00f3n que, seg\u00fan denuncias, ven\u00eda azotando la zona con constantes robos.  Los vecinos, hartos de la delincuencia, lo desnudaron, lo amarraron y posteriormente lo entregaron a la Polic\u00eda.<\/p>\n\n\n\n<figure class=\"wp-block-video aligncenter\"><video height=\"2160\" style=\"aspect-ratio: 2160 \/ 2160;\" width=\"2160\" controls src=\"https:\/\/ardigitalnoticias.com\/wp-content\/uploads\/2025\/03\/lv_0_20250302125321.mp4\"><\/video><\/figure>\n\n\n\n<p>Este suceso ha desatado un intenso debate en la ciudad sobre la justicia por mano propia, con opiniones divididas entre quienes apoyan la reacci\u00f3n de la comunidad y quienes consideran que este tipo de acciones pueden derivar en situaciones peligrosas.  <\/p>\n\n\n\n<p>Las autoridades han reiterado el llamado a la ciudadan\u00eda para que denuncie estos hechos a trav\u00e9s de los canales oficiales y evite exponerse a riesgos innecesarios. <\/p>\n\n\n\n<p>\u00bfQu\u00e9 opinas de esta situaci\u00f3n?<\/p>\n\n\n<div class=\"wp-block-image\">\n<figure class=\"aligncenter size-large\"><img loading=\"lazy\" decoding=\"async\" width=\"768\" height=\"1024\" src=\"https:\/\/ardigitalnoticias.com\/wp-content\/uploads\/2025\/03\/FB_IMG_1740934031766-768x1024.jpg\" alt=\"\" class=\"wp-image-6531\" srcset=\"https:\/\/ardigitalnoticias.com\/wp-content\/uploads\/2025\/03\/FB_IMG_1740934031766-768x1024.jpg 768w, https:\/\/ardigitalnoticias.com\/wp-content\/uploads\/2025\/03\/FB_IMG_1740934031766-450x600.jpg 450w, https:\/\/ardigitalnoticias.com\/wp-content\/uploads\/2025\/03\/FB_IMG_1740934031766-225x300.jpg 225w, https:\/\/ardigitalnoticias.com\/wp-content\/uploads\/2025\/03\/FB_IMG_1740934031766-315x420.jpg 315w, https:\/\/ardigitalnoticias.com\/wp-content\/uploads\/2025\/03\/FB_IMG_1740934031766-150x200.jpg 150w, https:\/\/ardigitalnoticias.com\/wp-content\/uploads\/2025\/03\/FB_IMG_1740934031766-300x400.jpg 300w, https:\/\/ardigitalnoticias.com\/wp-content\/uploads\/2025\/03\/FB_IMG_1740934031766-696x928.jpg 696w, https:\/\/ardigitalnoticias.com\/wp-content\/uploads\/2025\/03\/FB_IMG_1740934031766-1068x1424.jpg 1068w, https:\/\/ardigitalnoticias.com\/wp-content\/uploads\/2025\/03\/FB_IMG_1740934031766.jpg 1080w\" sizes=\"auto, (max-width: 768px) 100vw, 768px\" \/><\/figure>\n<\/div>","protected":false},"excerpt":{"rendered":"<p>Comunidad del barrio La Rioja atrap\u00f3 a presunto ladr\u00f3n. POR: ANDR\u00c9S RODR\u00cdGUEZ. Cansados de la inseguridad, los habitantes del barrio La Rioja en Neiva decidieron tomar cartas en el asunto. En un hecho que ha generado gran revuelo, la comunidad atrap\u00f3 a un presunto ladr\u00f3n que, seg\u00fan denuncias, ven\u00eda azotando la zona con constantes robos. [&hellip;]<\/p>\n","protected":false},"author":2,"featured_media":6530,"comment_status":"open","ping_status":"open","sticky":false,"template":"","format":"standard","meta":{"_acf_changed":false,"_joinchat":[],"footnotes":""},"categories":[20,26,19],"tags":[],"class_list":{"0":"post-6529","1":"post","2":"type-post","3":"status-publish","4":"format-standard","5":"has-post-thumbnail","7":"category-judicial","8":"category-norte","9":"category-regional"},"acf":[],"yoast_head":"<!-- This site is optimized with the Yoast SEO plugin v27.5 - https:\/\/yoast.com\/product\/yoast-seo-wordpress\/ -->\n<title>\u00a1JUSTICIA CIUDADANA EN ACCI\u00d3N! - AR Digital Noticias<\/title>\n<meta name=\"robots\" content=\"index, follow, max-snippet:-1, max-image-preview:large, max-video-preview:-1\" \/>\n<link rel=\"canonical\" href=\"https:\/\/ardigitalnoticias.com\/index.php\/2025\/03\/02\/justicia-ciudadana-en-accion\/\" \/>\n<meta property=\"og:locale\" content=\"es_ES\" \/>\n<meta property=\"og:type\" content=\"article\" \/>\n<meta property=\"og:title\" content=\"\u00a1JUSTICIA CIUDADANA EN ACCI\u00d3N! - AR Digital Noticias\" \/>\n<meta property=\"og:description\" content=\"Comunidad del barrio La Rioja atrap\u00f3 a presunto ladr\u00f3n. POR: ANDR\u00c9S RODR\u00cdGUEZ. Cansados de la inseguridad, los habitantes del barrio La Rioja en Neiva decidieron tomar cartas en el asunto. En un hecho que ha generado gran revuelo, la comunidad atrap\u00f3 a un presunto ladr\u00f3n que, seg\u00fan denuncias, ven\u00eda azotando la zona con constantes robos. [&hellip;]\" \/>\n<meta property=\"og:url\" content=\"https:\/\/ardigitalnoticias.com\/index.php\/2025\/03\/02\/justicia-ciudadana-en-accion\/\" \/>\n<meta property=\"og:site_name\" content=\"AR Digital Noticias\" \/>\n<meta property=\"article:published_time\" content=\"2025-03-02T17:06:44+00:00\" \/>\n<meta property=\"article:modified_time\" content=\"2025-03-02T17:56:11+00:00\" \/>\n<meta property=\"og:image\" content=\"https:\/\/ardigitalnoticias.com\/wp-content\/uploads\/2025\/03\/InShot_20250302_120150857.jpg\" \/>\n\t<meta property=\"og:image:width\" content=\"1920\" \/>\n\t<meta property=\"og:image:height\" content=\"1079\" \/>\n\t<meta property=\"og:image:type\" content=\"image\/jpeg\" \/>\n<meta name=\"author\" content=\"AR Digital Noticias\" \/>\n<meta name=\"twitter:card\" content=\"summary_large_image\" \/>\n<meta name=\"twitter:label1\" content=\"Escrito por\" \/>\n\t<meta name=\"twitter:data1\" content=\"AR Digital Noticias\" \/>\n\t<meta name=\"twitter:label2\" content=\"Tiempo de lectura\" \/>\n\t<meta name=\"twitter:data2\" content=\"2 minutos\" \/>\n<script type=\"application\/ld+json\" class=\"yoast-schema-graph\">{\"@context\":\"https:\\\/\\\/schema.org\",\"@graph\":[{\"@type\":\"Article\",\"@id\":\"https:\\\/\\\/ardigitalnoticias.com\\\/index.php\\\/2025\\\/03\\\/02\\\/justicia-ciudadana-en-accion\\\/#article\",\"isPartOf\":{\"@id\":\"https:\\\/\\\/ardigitalnoticias.com\\\/index.php\\\/2025\\\/03\\\/02\\\/justicia-ciudadana-en-accion\\\/\"},\"author\":{\"name\":\"AR Digital Noticias\",\"@id\":\"https:\\\/\\\/ardigitalnoticias.com\\\/#\\\/schema\\\/person\\\/3f1b0a96e890d8cba89a76c7558a147c\"},\"headline\":\"\u00a1JUSTICIA CIUDADANA EN ACCI\u00d3N!\",\"datePublished\":\"2025-03-02T17:06:44+00:00\",\"dateModified\":\"2025-03-02T17:56:11+00:00\",\"mainEntityOfPage\":{\"@id\":\"https:\\\/\\\/ardigitalnoticias.com\\\/index.php\\\/2025\\\/03\\\/02\\\/justicia-ciudadana-en-accion\\\/\"},\"wordCount\":159,\"commentCount\":0,\"publisher\":{\"@id\":\"https:\\\/\\\/ardigitalnoticias.com\\\/#organization\"},\"image\":{\"@id\":\"https:\\\/\\\/ardigitalnoticias.com\\\/index.php\\\/2025\\\/03\\\/02\\\/justicia-ciudadana-en-accion\\\/#primaryimage\"},\"thumbnailUrl\":\"https:\\\/\\\/ardigitalnoticias.com\\\/wp-content\\\/uploads\\\/2025\\\/03\\\/InShot_20250302_120150857.jpg\",\"articleSection\":[\"Judicial\",\"Norte\",\"Regional\"],\"inLanguage\":\"es\",\"potentialAction\":[{\"@type\":\"CommentAction\",\"name\":\"Comment\",\"target\":[\"https:\\\/\\\/ardigitalnoticias.com\\\/index.php\\\/2025\\\/03\\\/02\\\/justicia-ciudadana-en-accion\\\/#respond\"]}]},{\"@type\":\"WebPage\",\"@id\":\"https:\\\/\\\/ardigitalnoticias.com\\\/index.php\\\/2025\\\/03\\\/02\\\/justicia-ciudadana-en-accion\\\/\",\"url\":\"https:\\\/\\\/ardigitalnoticias.com\\\/index.php\\\/2025\\\/03\\\/02\\\/justicia-ciudadana-en-accion\\\/\",\"name\":\"\u00a1JUSTICIA CIUDADANA EN ACCI\u00d3N! - AR Digital Noticias\",\"isPartOf\":{\"@id\":\"https:\\\/\\\/ardigitalnoticias.com\\\/#website\"},\"primaryImageOfPage\":{\"@id\":\"https:\\\/\\\/ardigitalnoticias.com\\\/index.php\\\/2025\\\/03\\\/02\\\/justicia-ciudadana-en-accion\\\/#primaryimage\"},\"image\":{\"@id\":\"https:\\\/\\\/ardigitalnoticias.com\\\/index.php\\\/2025\\\/03\\\/02\\\/justicia-ciudadana-en-accion\\\/#primaryimage\"},\"thumbnailUrl\":\"https:\\\/\\\/ardigitalnoticias.com\\\/wp-content\\\/uploads\\\/2025\\\/03\\\/InShot_20250302_120150857.jpg\",\"datePublished\":\"2025-03-02T17:06:44+00:00\",\"dateModified\":\"2025-03-02T17:56:11+00:00\",\"breadcrumb\":{\"@id\":\"https:\\\/\\\/ardigitalnoticias.com\\\/index.php\\\/2025\\\/03\\\/02\\\/justicia-ciudadana-en-accion\\\/#breadcrumb\"},\"inLanguage\":\"es\",\"potentialAction\":[{\"@type\":\"ReadAction\",\"target\":[\"https:\\\/\\\/ardigitalnoticias.com\\\/index.php\\\/2025\\\/03\\\/02\\\/justicia-ciudadana-en-accion\\\/\"]}]},{\"@type\":\"ImageObject\",\"inLanguage\":\"es\",\"@id\":\"https:\\\/\\\/ardigitalnoticias.com\\\/index.php\\\/2025\\\/03\\\/02\\\/justicia-ciudadana-en-accion\\\/#primaryimage\",\"url\":\"https:\\\/\\\/ardigitalnoticias.com\\\/wp-content\\\/uploads\\\/2025\\\/03\\\/InShot_20250302_120150857.jpg\",\"contentUrl\":\"https:\\\/\\\/ardigitalnoticias.com\\\/wp-content\\\/uploads\\\/2025\\\/03\\\/InShot_20250302_120150857.jpg\",\"width\":1920,\"height\":1079},{\"@type\":\"BreadcrumbList\",\"@id\":\"https:\\\/\\\/ardigitalnoticias.com\\\/index.php\\\/2025\\\/03\\\/02\\\/justicia-ciudadana-en-accion\\\/#breadcrumb\",\"itemListElement\":[{\"@type\":\"ListItem\",\"position\":1,\"name\":\"Portada\",\"item\":\"https:\\\/\\\/ardigitalnoticias.com\\\/\"},{\"@type\":\"ListItem\",\"position\":2,\"name\":\"\u00a1JUSTICIA CIUDADANA EN ACCI\u00d3N!\"}]},{\"@type\":\"WebSite\",\"@id\":\"https:\\\/\\\/ardigitalnoticias.com\\\/#website\",\"url\":\"https:\\\/\\\/ardigitalnoticias.com\\\/\",\"name\":\"AR Digital Noticias\",\"description\":\"\",\"publisher\":{\"@id\":\"https:\\\/\\\/ardigitalnoticias.com\\\/#organization\"},\"potentialAction\":[{\"@type\":\"SearchAction\",\"target\":{\"@type\":\"EntryPoint\",\"urlTemplate\":\"https:\\\/\\\/ardigitalnoticias.com\\\/?s={search_term_string}\"},\"query-input\":{\"@type\":\"PropertyValueSpecification\",\"valueRequired\":true,\"valueName\":\"search_term_string\"}}],\"inLanguage\":\"es\"},{\"@type\":\"Organization\",\"@id\":\"https:\\\/\\\/ardigitalnoticias.com\\\/#organization\",\"name\":\"AR Digital Noticias\",\"url\":\"https:\\\/\\\/ardigitalnoticias.com\\\/\",\"logo\":{\"@type\":\"ImageObject\",\"inLanguage\":\"es\",\"@id\":\"https:\\\/\\\/ardigitalnoticias.com\\\/#\\\/schema\\\/logo\\\/image\\\/\",\"url\":\"https:\\\/\\\/ardigitalnoticias.com\\\/wp-content\\\/uploads\\\/2023\\\/11\\\/cropped-cropped-cropped-cropped-AR-Digital-Noticias-1.png\",\"contentUrl\":\"https:\\\/\\\/ardigitalnoticias.com\\\/wp-content\\\/uploads\\\/2023\\\/11\\\/cropped-cropped-cropped-cropped-AR-Digital-Noticias-1.png\",\"width\":972,\"height\":306,\"caption\":\"AR Digital Noticias\"},\"image\":{\"@id\":\"https:\\\/\\\/ardigitalnoticias.com\\\/#\\\/schema\\\/logo\\\/image\\\/\"}},{\"@type\":\"Person\",\"@id\":\"https:\\\/\\\/ardigitalnoticias.com\\\/#\\\/schema\\\/person\\\/3f1b0a96e890d8cba89a76c7558a147c\",\"name\":\"AR Digital Noticias\",\"image\":{\"@type\":\"ImageObject\",\"inLanguage\":\"es\",\"@id\":\"https:\\\/\\\/secure.gravatar.com\\\/avatar\\\/55d1acd2f9cac74c99f42fcb5090c2f994204a6f6c571cf4c3001ae692cb9b34?s=96&d=mm&r=g\",\"url\":\"https:\\\/\\\/secure.gravatar.com\\\/avatar\\\/55d1acd2f9cac74c99f42fcb5090c2f994204a6f6c571cf4c3001ae692cb9b34?s=96&d=mm&r=g\",\"contentUrl\":\"https:\\\/\\\/secure.gravatar.com\\\/avatar\\\/55d1acd2f9cac74c99f42fcb5090c2f994204a6f6c571cf4c3001ae692cb9b34?s=96&d=mm&r=g\",\"caption\":\"AR Digital Noticias\"},\"sameAs\":[\"http:\\\/\\\/ardigitalnoticias.com\"],\"url\":\"https:\\\/\\\/ardigitalnoticias.com\\\/index.php\\\/author\\\/editorial\\\/\"}]}<\/script>\n<!-- \/ Yoast SEO plugin. -->","yoast_head_json":{"title":"\u00a1JUSTICIA CIUDADANA EN ACCI\u00d3N! - AR Digital Noticias","robots":{"index":"index","follow":"follow","max-snippet":"max-snippet:-1","max-image-preview":"max-image-preview:large","max-video-preview":"max-video-preview:-1"},"canonical":"https:\/\/ardigitalnoticias.com\/index.php\/2025\/03\/02\/justicia-ciudadana-en-accion\/","og_locale":"es_ES","og_type":"article","og_title":"\u00a1JUSTICIA CIUDADANA EN ACCI\u00d3N! - AR Digital Noticias","og_description":"Comunidad del barrio La Rioja atrap\u00f3 a presunto ladr\u00f3n. POR: ANDR\u00c9S RODR\u00cdGUEZ. Cansados de la inseguridad, los habitantes del barrio La Rioja en Neiva decidieron tomar cartas en el asunto. En un hecho que ha generado gran revuelo, la comunidad atrap\u00f3 a un presunto ladr\u00f3n que, seg\u00fan denuncias, ven\u00eda azotando la zona con constantes robos. [&hellip;]","og_url":"https:\/\/ardigitalnoticias.com\/index.php\/2025\/03\/02\/justicia-ciudadana-en-accion\/","og_site_name":"AR Digital Noticias","article_published_time":"2025-03-02T17:06:44+00:00","article_modified_time":"2025-03-02T17:56:11+00:00","og_image":[{"width":1920,"height":1079,"url":"https:\/\/ardigitalnoticias.com\/wp-content\/uploads\/2025\/03\/InShot_20250302_120150857.jpg","type":"image\/jpeg"}],"author":"AR Digital Noticias","twitter_card":"summary_large_image","twitter_misc":{"Escrito por":"AR Digital Noticias","Tiempo de lectura":"2 minutos"},"schema":{"@context":"https:\/\/schema.org","@graph":[{"@type":"Article","@id":"https:\/\/ardigitalnoticias.com\/index.php\/2025\/03\/02\/justicia-ciudadana-en-accion\/#article","isPartOf":{"@id":"https:\/\/ardigitalnoticias.com\/index.php\/2025\/03\/02\/justicia-ciudadana-en-accion\/"},"author":{"name":"AR Digital Noticias","@id":"https:\/\/ardigitalnoticias.com\/#\/schema\/person\/3f1b0a96e890d8cba89a76c7558a147c"},"headline":"\u00a1JUSTICIA CIUDADANA EN ACCI\u00d3N!","datePublished":"2025-03-02T17:06:44+00:00","dateModified":"2025-03-02T17:56:11+00:00","mainEntityOfPage":{"@id":"https:\/\/ardigitalnoticias.com\/index.php\/2025\/03\/02\/justicia-ciudadana-en-accion\/"},"wordCount":159,"commentCount":0,"publisher":{"@id":"https:\/\/ardigitalnoticias.com\/#organization"},"image":{"@id":"https:\/\/ardigitalnoticias.com\/index.php\/2025\/03\/02\/justicia-ciudadana-en-accion\/#primaryimage"},"thumbnailUrl":"https:\/\/ardigitalnoticias.com\/wp-content\/uploads\/2025\/03\/InShot_20250302_120150857.jpg","articleSection":["Judicial","Norte","Regional"],"inLanguage":"es","potentialAction":[{"@type":"CommentAction","name":"Comment","target":["https:\/\/ardigitalnoticias.com\/index.php\/2025\/03\/02\/justicia-ciudadana-en-accion\/#respond"]}]},{"@type":"WebPage","@id":"https:\/\/ardigitalnoticias.com\/index.php\/2025\/03\/02\/justicia-ciudadana-en-accion\/","url":"https:\/\/ardigitalnoticias.com\/index.php\/2025\/03\/02\/justicia-ciudadana-en-accion\/","name":"\u00a1JUSTICIA CIUDADANA EN ACCI\u00d3N! - AR Digital Noticias","isPartOf":{"@id":"https:\/\/ardigitalnoticias.com\/#website"},"primaryImageOfPage":{"@id":"https:\/\/ardigitalnoticias.com\/index.php\/2025\/03\/02\/justicia-ciudadana-en-accion\/#primaryimage"},"image":{"@id":"https:\/\/ardigitalnoticias.com\/index.php\/2025\/03\/02\/justicia-ciudadana-en-accion\/#primaryimage"},"thumbnailUrl":"https:\/\/ardigitalnoticias.com\/wp-content\/uploads\/2025\/03\/InShot_20250302_120150857.jpg","datePublished":"2025-03-02T17:06:44+00:00","dateModified":"2025-03-02T17:56:11+00:00","breadcrumb":{"@id":"https:\/\/ardigitalnoticias.com\/index.php\/2025\/03\/02\/justicia-ciudadana-en-accion\/#breadcrumb"},"inLanguage":"es","potentialAction":[{"@type":"ReadAction","target":["https:\/\/ardigitalnoticias.com\/index.php\/2025\/03\/02\/justicia-ciudadana-en-accion\/"]}]},{"@type":"ImageObject","inLanguage":"es","@id":"https:\/\/ardigitalnoticias.com\/index.php\/2025\/03\/02\/justicia-ciudadana-en-accion\/#primaryimage","url":"https:\/\/ardigitalnoticias.com\/wp-content\/uploads\/2025\/03\/InShot_20250302_120150857.jpg","contentUrl":"https:\/\/ardigitalnoticias.com\/wp-content\/uploads\/2025\/03\/InShot_20250302_120150857.jpg","width":1920,"height":1079},{"@type":"BreadcrumbList","@id":"https:\/\/ardigitalnoticias.com\/index.php\/2025\/03\/02\/justicia-ciudadana-en-accion\/#breadcrumb","itemListElement":[{"@type":"ListItem","position":1,"name":"Portada","item":"https:\/\/ardigitalnoticias.com\/"},{"@type":"ListItem","position":2,"name":"\u00a1JUSTICIA CIUDADANA EN ACCI\u00d3N!"}]},{"@type":"WebSite","@id":"https:\/\/ardigitalnoticias.com\/#website","url":"https:\/\/ardigitalnoticias.com\/","name":"AR Digital Noticias","description":"","publisher":{"@id":"https:\/\/ardigitalnoticias.com\/#organization"},"potentialAction":[{"@type":"SearchAction","target":{"@type":"EntryPoint","urlTemplate":"https:\/\/ardigitalnoticias.com\/?s={search_term_string}"},"query-input":{"@type":"PropertyValueSpecification","valueRequired":true,"valueName":"search_term_string"}}],"inLanguage":"es"},{"@type":"Organization","@id":"https:\/\/ardigitalnoticias.com\/#organization","name":"AR Digital Noticias","url":"https:\/\/ardigitalnoticias.com\/","logo":{"@type":"ImageObject","inLanguage":"es","@id":"https:\/\/ardigitalnoticias.com\/#\/schema\/logo\/image\/","url":"https:\/\/ardigitalnoticias.com\/wp-content\/uploads\/2023\/11\/cropped-cropped-cropped-cropped-AR-Digital-Noticias-1.png","contentUrl":"https:\/\/ardigitalnoticias.com\/wp-content\/uploads\/2023\/11\/cropped-cropped-cropped-cropped-AR-Digital-Noticias-1.png","width":972,"height":306,"caption":"AR Digital Noticias"},"image":{"@id":"https:\/\/ardigitalnoticias.com\/#\/schema\/logo\/image\/"}},{"@type":"Person","@id":"https:\/\/ardigitalnoticias.com\/#\/schema\/person\/3f1b0a96e890d8cba89a76c7558a147c","name":"AR Digital Noticias","image":{"@type":"ImageObject","inLanguage":"es","@id":"https:\/\/secure.gravatar.com\/avatar\/55d1acd2f9cac74c99f42fcb5090c2f994204a6f6c571cf4c3001ae692cb9b34?s=96&d=mm&r=g","url":"https:\/\/secure.gravatar.com\/avatar\/55d1acd2f9cac74c99f42fcb5090c2f994204a6f6c571cf4c3001ae692cb9b34?s=96&d=mm&r=g","contentUrl":"https:\/\/secure.gravatar.com\/avatar\/55d1acd2f9cac74c99f42fcb5090c2f994204a6f6c571cf4c3001ae692cb9b34?s=96&d=mm&r=g","caption":"AR Digital Noticias"},"sameAs":["http:\/\/ardigitalnoticias.com"],"url":"https:\/\/ardigitalnoticias.com\/index.php\/author\/editorial\/"}]}},"_links":{"self":[{"href":"https:\/\/ardigitalnoticias.com\/index.php\/wp-json\/wp\/v2\/posts\/6529","targetHints":{"allow":["GET"]}}],"collection":[{"href":"https:\/\/ardigitalnoticias.com\/index.php\/wp-json\/wp\/v2\/posts"}],"about":[{"href":"https:\/\/ardigitalnoticias.com\/index.php\/wp-json\/wp\/v2\/types\/post"}],"author":[{"embeddable":true,"href":"https:\/\/ardigitalnoticias.com\/index.php\/wp-json\/wp\/v2\/users\/2"}],"replies":[{"embeddable":true,"href":"https:\/\/ardigitalnoticias.com\/index.php\/wp-json\/wp\/v2\/comments?post=6529"}],"version-history":[{"count":2,"href":"https:\/\/ardigitalnoticias.com\/index.php\/wp-json\/wp\/v2\/posts\/6529\/revisions"}],"predecessor-version":[{"id":6535,"href":"https:\/\/ardigitalnoticias.com\/index.php\/wp-json\/wp\/v2\/posts\/6529\/revisions\/6535"}],"wp:featuredmedia":[{"embeddable":true,"href":"https:\/\/ardigitalnoticias.com\/index.php\/wp-json\/wp\/v2\/media\/6530"}],"wp:attachment":[{"href":"https:\/\/ardigitalnoticias.com\/index.php\/wp-json\/wp\/v2\/media?parent=6529"}],"wp:term":[{"taxonomy":"category","embeddable":true,"href":"https:\/\/ardigitalnoticias.com\/index.php\/wp-json\/wp\/v2\/categories?post=6529"},{"taxonomy":"post_tag","embeddable":true,"href":"https:\/\/ardigitalnoticias.com\/index.php\/wp-json\/wp\/v2\/tags?post=6529"}],"curies":[{"name":"wp","href":"https:\/\/api.w.org\/{rel}","templated":true}]}}