{"id":6512,"date":"2025-03-01T18:46:34","date_gmt":"2025-03-01T23:46:34","guid":{"rendered":"https:\/\/ardigitalnoticias.com\/?p=6512"},"modified":"2025-03-01T18:46:35","modified_gmt":"2025-03-01T23:46:35","slug":"cambios-en-el-gabinete-del-huila-nuevas-designaciones","status":"publish","type":"post","link":"https:\/\/ardigitalnoticias.com\/index.php\/2025\/03\/01\/cambios-en-el-gabinete-del-huila-nuevas-designaciones\/","title":{"rendered":"CAMBIOS EN EL GABINETE DEL HUILA: NUEVAS DESIGNACIONES"},"content":{"rendered":"\n<p>Reorganizaci\u00f3n en la Gobernaci\u00f3n del Huila <\/p>\n\n\n\n<p><strong>POR: ANDR\u00c9S RODR\u00cdGUEZ. <\/strong><\/p>\n\n\n\n<p>El gobernador Rodrigo Villalba Mosquera anunci\u00f3 importantes cambios en su equipo de trabajo mediante el Decreto 054, con el objetivo de fortalecer la administraci\u00f3n departamental.<\/p>\n\n\n<div class=\"wp-block-image\">\n<figure class=\"aligncenter size-full\"><img loading=\"lazy\" decoding=\"async\" width=\"960\" height=\"960\" src=\"https:\/\/ardigitalnoticias.com\/wp-content\/uploads\/2025\/03\/FB_IMG_1740870385497.jpg\" alt=\"\" class=\"wp-image-6520\" srcset=\"https:\/\/ardigitalnoticias.com\/wp-content\/uploads\/2025\/03\/FB_IMG_1740870385497.jpg 960w, https:\/\/ardigitalnoticias.com\/wp-content\/uploads\/2025\/03\/FB_IMG_1740870385497-600x600.jpg 600w, https:\/\/ardigitalnoticias.com\/wp-content\/uploads\/2025\/03\/FB_IMG_1740870385497-300x300.jpg 300w, https:\/\/ardigitalnoticias.com\/wp-content\/uploads\/2025\/03\/FB_IMG_1740870385497-768x768.jpg 768w, https:\/\/ardigitalnoticias.com\/wp-content\/uploads\/2025\/03\/FB_IMG_1740870385497-420x420.jpg 420w, https:\/\/ardigitalnoticias.com\/wp-content\/uploads\/2025\/03\/FB_IMG_1740870385497-150x150.jpg 150w, https:\/\/ardigitalnoticias.com\/wp-content\/uploads\/2025\/03\/FB_IMG_1740870385497-696x696.jpg 696w\" sizes=\"auto, (max-width: 960px) 100vw, 960px\" \/><\/figure>\n<\/div>\n\n\n<p>???? Nuevos nombramientos:<\/p>\n\n\n\n<p>\u2705 Secretario de Salud: C\u00e9sar Germ\u00e1n Roa Trujillo, m\u00e9dico con amplia trayectoria en el sector salud, asume el reto de mejorar la Red Hospitalaria y los servicios de epidemiolog\u00eda.<\/p>\n\n\n<div class=\"wp-block-image\">\n<figure class=\"aligncenter size-full\"><img loading=\"lazy\" decoding=\"async\" width=\"768\" height=\"1024\" src=\"https:\/\/ardigitalnoticias.com\/wp-content\/uploads\/2025\/03\/IMG-20250301-WA1071.jpg\" alt=\"\" class=\"wp-image-6513\" srcset=\"https:\/\/ardigitalnoticias.com\/wp-content\/uploads\/2025\/03\/IMG-20250301-WA1071.jpg 768w, https:\/\/ardigitalnoticias.com\/wp-content\/uploads\/2025\/03\/IMG-20250301-WA1071-450x600.jpg 450w, https:\/\/ardigitalnoticias.com\/wp-content\/uploads\/2025\/03\/IMG-20250301-WA1071-225x300.jpg 225w, https:\/\/ardigitalnoticias.com\/wp-content\/uploads\/2025\/03\/IMG-20250301-WA1071-315x420.jpg 315w, https:\/\/ardigitalnoticias.com\/wp-content\/uploads\/2025\/03\/IMG-20250301-WA1071-150x200.jpg 150w, https:\/\/ardigitalnoticias.com\/wp-content\/uploads\/2025\/03\/IMG-20250301-WA1071-300x400.jpg 300w, https:\/\/ardigitalnoticias.com\/wp-content\/uploads\/2025\/03\/IMG-20250301-WA1071-696x928.jpg 696w\" sizes=\"auto, (max-width: 768px) 100vw, 768px\" \/><\/figure>\n<\/div>\n\n\n<p>\u2705 Secretaria General: Ormalia Vargas Montero, ingeniera de sistemas con experiencia en gesti\u00f3n p\u00fablica y regal\u00edas, enfocar\u00e1 su labor en la eficiencia administrativa y el fortalecimiento institucional.<\/p>\n\n\n<div class=\"wp-block-image\">\n<figure class=\"aligncenter size-full\"><img loading=\"lazy\" decoding=\"async\" width=\"577\" height=\"498\" src=\"https:\/\/ardigitalnoticias.com\/wp-content\/uploads\/2025\/03\/IMG-20250301-WA1073.jpg\" alt=\"\" class=\"wp-image-6514\" srcset=\"https:\/\/ardigitalnoticias.com\/wp-content\/uploads\/2025\/03\/IMG-20250301-WA1073.jpg 577w, https:\/\/ardigitalnoticias.com\/wp-content\/uploads\/2025\/03\/IMG-20250301-WA1073-300x259.jpg 300w, https:\/\/ardigitalnoticias.com\/wp-content\/uploads\/2025\/03\/IMG-20250301-WA1073-487x420.jpg 487w, https:\/\/ardigitalnoticias.com\/wp-content\/uploads\/2025\/03\/IMG-20250301-WA1073-150x129.jpg 150w\" sizes=\"auto, (max-width: 577px) 100vw, 577px\" \/><\/figure>\n<\/div>\n\n\n<p>\u2705 Secretaria de Cultura: Liliana Quimbaya Baham\u00f3n, con m\u00e1s de 15 a\u00f1os en planeaci\u00f3n financiera y pol\u00edticas p\u00fablicas, trabajar\u00e1 en la promoci\u00f3n de la identidad cultural del Huila.<\/p>\n\n\n<div class=\"wp-block-image\">\n<figure class=\"aligncenter size-large\"><img loading=\"lazy\" decoding=\"async\" width=\"682\" height=\"1024\" src=\"https:\/\/ardigitalnoticias.com\/wp-content\/uploads\/2025\/03\/IMG-20250301-WA1074-682x1024.jpg\" alt=\"\" class=\"wp-image-6515\" srcset=\"https:\/\/ardigitalnoticias.com\/wp-content\/uploads\/2025\/03\/IMG-20250301-WA1074-682x1024.jpg 682w, https:\/\/ardigitalnoticias.com\/wp-content\/uploads\/2025\/03\/IMG-20250301-WA1074-400x600.jpg 400w, https:\/\/ardigitalnoticias.com\/wp-content\/uploads\/2025\/03\/IMG-20250301-WA1074-200x300.jpg 200w, https:\/\/ardigitalnoticias.com\/wp-content\/uploads\/2025\/03\/IMG-20250301-WA1074-768x1153.jpg 768w, https:\/\/ardigitalnoticias.com\/wp-content\/uploads\/2025\/03\/IMG-20250301-WA1074-1023x1536.jpg 1023w, https:\/\/ardigitalnoticias.com\/wp-content\/uploads\/2025\/03\/IMG-20250301-WA1074-280x420.jpg 280w, https:\/\/ardigitalnoticias.com\/wp-content\/uploads\/2025\/03\/IMG-20250301-WA1074-150x225.jpg 150w, https:\/\/ardigitalnoticias.com\/wp-content\/uploads\/2025\/03\/IMG-20250301-WA1074-300x450.jpg 300w, https:\/\/ardigitalnoticias.com\/wp-content\/uploads\/2025\/03\/IMG-20250301-WA1074-696x1045.jpg 696w, https:\/\/ardigitalnoticias.com\/wp-content\/uploads\/2025\/03\/IMG-20250301-WA1074.jpg 1066w\" sizes=\"auto, (max-width: 682px) 100vw, 682px\" \/><\/figure>\n<\/div>\n\n\n<p>\u2705 Directora de Gesti\u00f3n de V\u00edas e Infraestructura: Migdonia Pati\u00f1o Arias, arquitecta con experiencia en proyectos de infraestructura y vivienda rural, impulsar\u00e1 el desarrollo vial del departamento.<\/p>\n\n\n<div class=\"wp-block-image\">\n<figure class=\"aligncenter size-full\"><img loading=\"lazy\" decoding=\"async\" width=\"600\" height=\"419\" src=\"https:\/\/ardigitalnoticias.com\/wp-content\/uploads\/2025\/03\/IMG-20250301-WA1078.jpg\" alt=\"\" class=\"wp-image-6516\" srcset=\"https:\/\/ardigitalnoticias.com\/wp-content\/uploads\/2025\/03\/IMG-20250301-WA1078.jpg 600w, https:\/\/ardigitalnoticias.com\/wp-content\/uploads\/2025\/03\/IMG-20250301-WA1078-300x210.jpg 300w, https:\/\/ardigitalnoticias.com\/wp-content\/uploads\/2025\/03\/IMG-20250301-WA1078-150x105.jpg 150w\" sizes=\"auto, (max-width: 600px) 100vw, 600px\" \/><\/figure>\n<\/div>\n\n\n<p>\u2705 Directora T\u00e9cnica de Infraestructura: Gina Andrea Quintero Garz\u00f3n, ingeniera civil con 19 a\u00f1os de experiencia en obras p\u00fablicas y privadas, acelerar\u00e1 proyectos viales clave.<\/p>\n\n\n<div class=\"wp-block-image\">\n<figure class=\"aligncenter size-large\"><img loading=\"lazy\" decoding=\"async\" width=\"972\" height=\"1024\" src=\"https:\/\/ardigitalnoticias.com\/wp-content\/uploads\/2025\/03\/IMG-20250301-WA1083-972x1024.jpg\" alt=\"\" class=\"wp-image-6518\" srcset=\"https:\/\/ardigitalnoticias.com\/wp-content\/uploads\/2025\/03\/IMG-20250301-WA1083-972x1024.jpg 972w, https:\/\/ardigitalnoticias.com\/wp-content\/uploads\/2025\/03\/IMG-20250301-WA1083-569x600.jpg 569w, https:\/\/ardigitalnoticias.com\/wp-content\/uploads\/2025\/03\/IMG-20250301-WA1083-285x300.jpg 285w, https:\/\/ardigitalnoticias.com\/wp-content\/uploads\/2025\/03\/IMG-20250301-WA1083-768x809.jpg 768w, https:\/\/ardigitalnoticias.com\/wp-content\/uploads\/2025\/03\/IMG-20250301-WA1083-1457x1536.jpg 1457w, https:\/\/ardigitalnoticias.com\/wp-content\/uploads\/2025\/03\/IMG-20250301-WA1083-398x420.jpg 398w, https:\/\/ardigitalnoticias.com\/wp-content\/uploads\/2025\/03\/IMG-20250301-WA1083-150x158.jpg 150w, https:\/\/ardigitalnoticias.com\/wp-content\/uploads\/2025\/03\/IMG-20250301-WA1083-300x316.jpg 300w, https:\/\/ardigitalnoticias.com\/wp-content\/uploads\/2025\/03\/IMG-20250301-WA1083-696x734.jpg 696w, https:\/\/ardigitalnoticias.com\/wp-content\/uploads\/2025\/03\/IMG-20250301-WA1083-1068x1126.jpg 1068w, https:\/\/ardigitalnoticias.com\/wp-content\/uploads\/2025\/03\/IMG-20250301-WA1083.jpg 1518w\" sizes=\"auto, (max-width: 972px) 100vw, 972px\" \/><\/figure>\n<\/div>\n\n\n<p>\u2705 Directora de la Casa del Huila: Maira Losada, psic\u00f3loga con trayectoria en desarrollo regional, fortalecer\u00e1 la gesti\u00f3n del Huila en Bogot\u00e1 y su relaci\u00f3n con el gobierno nacional.<\/p>\n\n\n<div class=\"wp-block-image\">\n<figure class=\"aligncenter size-large\"><img loading=\"lazy\" decoding=\"async\" width=\"1022\" height=\"1024\" src=\"https:\/\/ardigitalnoticias.com\/wp-content\/uploads\/2025\/03\/IMG-20250301-WA1080-1022x1024.jpg\" alt=\"\" class=\"wp-image-6517\" srcset=\"https:\/\/ardigitalnoticias.com\/wp-content\/uploads\/2025\/03\/IMG-20250301-WA1080-1022x1024.jpg 1022w, https:\/\/ardigitalnoticias.com\/wp-content\/uploads\/2025\/03\/IMG-20250301-WA1080-600x600.jpg 600w, https:\/\/ardigitalnoticias.com\/wp-content\/uploads\/2025\/03\/IMG-20250301-WA1080-300x301.jpg 300w, https:\/\/ardigitalnoticias.com\/wp-content\/uploads\/2025\/03\/IMG-20250301-WA1080-768x769.jpg 768w, https:\/\/ardigitalnoticias.com\/wp-content\/uploads\/2025\/03\/IMG-20250301-WA1080-1533x1536.jpg 1533w, https:\/\/ardigitalnoticias.com\/wp-content\/uploads\/2025\/03\/IMG-20250301-WA1080-419x420.jpg 419w, https:\/\/ardigitalnoticias.com\/wp-content\/uploads\/2025\/03\/IMG-20250301-WA1080-150x150.jpg 150w, https:\/\/ardigitalnoticias.com\/wp-content\/uploads\/2025\/03\/IMG-20250301-WA1080-696x697.jpg 696w, https:\/\/ardigitalnoticias.com\/wp-content\/uploads\/2025\/03\/IMG-20250301-WA1080-1068x1070.jpg 1068w, https:\/\/ardigitalnoticias.com\/wp-content\/uploads\/2025\/03\/IMG-20250301-WA1080.jpg 1597w\" sizes=\"auto, (max-width: 1022px) 100vw, 1022px\" \/><\/figure>\n<\/div>\n\n\n<p>\u2705 Coordinador de Regal\u00edas: Luis Alfonso S\u00e1nchez Lozano, comunicador social y experto en planeaci\u00f3n territorial, optimizar\u00e1 el uso de los recursos de regal\u00edas para el desarrollo del departamento.Estos cambios buscan dinamizar la administraci\u00f3n y garantizar avances en salud, infraestructura, cultura y gesti\u00f3n p\u00fablica.<\/p>\n\n\n<div class=\"wp-block-image\">\n<figure class=\"aligncenter size-large\"><img loading=\"lazy\" decoding=\"async\" width=\"1024\" height=\"1024\" src=\"https:\/\/ardigitalnoticias.com\/wp-content\/uploads\/2025\/03\/IMG-20250301-WA1089-1024x1024.jpg\" alt=\"\" class=\"wp-image-6519\" srcset=\"https:\/\/ardigitalnoticias.com\/wp-content\/uploads\/2025\/03\/IMG-20250301-WA1089-1024x1024.jpg 1024w, https:\/\/ardigitalnoticias.com\/wp-content\/uploads\/2025\/03\/IMG-20250301-WA1089-600x600.jpg 600w, https:\/\/ardigitalnoticias.com\/wp-content\/uploads\/2025\/03\/IMG-20250301-WA1089-300x300.jpg 300w, https:\/\/ardigitalnoticias.com\/wp-content\/uploads\/2025\/03\/IMG-20250301-WA1089-768x768.jpg 768w, https:\/\/ardigitalnoticias.com\/wp-content\/uploads\/2025\/03\/IMG-20250301-WA1089-420x420.jpg 420w, https:\/\/ardigitalnoticias.com\/wp-content\/uploads\/2025\/03\/IMG-20250301-WA1089-150x150.jpg 150w, https:\/\/ardigitalnoticias.com\/wp-content\/uploads\/2025\/03\/IMG-20250301-WA1089-696x696.jpg 696w, https:\/\/ardigitalnoticias.com\/wp-content\/uploads\/2025\/03\/IMG-20250301-WA1089-1068x1068.jpg 1068w, https:\/\/ardigitalnoticias.com\/wp-content\/uploads\/2025\/03\/IMG-20250301-WA1089.jpg 1080w\" sizes=\"auto, (max-width: 1024px) 100vw, 1024px\" \/><\/figure>\n<\/div>","protected":false},"excerpt":{"rendered":"<p>Reorganizaci\u00f3n en la Gobernaci\u00f3n del Huila POR: ANDR\u00c9S RODR\u00cdGUEZ. El gobernador Rodrigo Villalba Mosquera anunci\u00f3 importantes cambios en su equipo de trabajo mediante el Decreto 054, con el objetivo de fortalecer la administraci\u00f3n departamental. ???? Nuevos nombramientos: \u2705 Secretario de Salud: C\u00e9sar Germ\u00e1n Roa Trujillo, m\u00e9dico con amplia trayectoria en el sector salud, asume el [&hellip;]<\/p>\n","protected":false},"author":2,"featured_media":6521,"comment_status":"open","ping_status":"open","sticky":false,"template":"","format":"standard","meta":{"_acf_changed":false,"_joinchat":[],"footnotes":""},"categories":[1,24,19],"tags":[],"class_list":{"0":"post-6512","1":"post","2":"type-post","3":"status-publish","4":"format-standard","5":"has-post-thumbnail","7":"category-actualidad","8":"category-politica","9":"category-regional"},"acf":[],"yoast_head":"<!-- This site is optimized with the Yoast SEO plugin v27.5 - https:\/\/yoast.com\/product\/yoast-seo-wordpress\/ -->\n<title>CAMBIOS EN EL GABINETE DEL HUILA: NUEVAS DESIGNACIONES - AR Digital Noticias<\/title>\n<meta name=\"robots\" content=\"index, follow, max-snippet:-1, max-image-preview:large, max-video-preview:-1\" \/>\n<link rel=\"canonical\" href=\"https:\/\/ardigitalnoticias.com\/index.php\/2025\/03\/01\/cambios-en-el-gabinete-del-huila-nuevas-designaciones\/\" \/>\n<meta property=\"og:locale\" content=\"es_ES\" \/>\n<meta property=\"og:type\" content=\"article\" \/>\n<meta property=\"og:title\" content=\"CAMBIOS EN EL GABINETE DEL HUILA: NUEVAS DESIGNACIONES - AR Digital Noticias\" \/>\n<meta property=\"og:description\" content=\"Reorganizaci\u00f3n en la Gobernaci\u00f3n del Huila POR: ANDR\u00c9S RODR\u00cdGUEZ. El gobernador Rodrigo Villalba Mosquera anunci\u00f3 importantes cambios en su equipo de trabajo mediante el Decreto 054, con el objetivo de fortalecer la administraci\u00f3n departamental. ???? Nuevos nombramientos: \u2705 Secretario de Salud: C\u00e9sar Germ\u00e1n Roa Trujillo, m\u00e9dico con amplia trayectoria en el sector salud, asume el [&hellip;]\" \/>\n<meta property=\"og:url\" content=\"https:\/\/ardigitalnoticias.com\/index.php\/2025\/03\/01\/cambios-en-el-gabinete-del-huila-nuevas-designaciones\/\" \/>\n<meta property=\"og:site_name\" content=\"AR Digital Noticias\" \/>\n<meta property=\"article:published_time\" content=\"2025-03-01T23:46:34+00:00\" \/>\n<meta property=\"article:modified_time\" content=\"2025-03-01T23:46:35+00:00\" \/>\n<meta property=\"og:image\" content=\"https:\/\/ardigitalnoticias.com\/wp-content\/uploads\/2025\/03\/InShot_20250301_181404787-scaled.jpg\" \/>\n\t<meta property=\"og:image:width\" content=\"2560\" \/>\n\t<meta property=\"og:image:height\" content=\"1439\" \/>\n\t<meta property=\"og:image:type\" content=\"image\/jpeg\" \/>\n<meta name=\"author\" content=\"AR Digital Noticias\" \/>\n<meta name=\"twitter:card\" content=\"summary_large_image\" \/>\n<meta name=\"twitter:label1\" content=\"Escrito por\" \/>\n\t<meta name=\"twitter:data1\" content=\"AR Digital Noticias\" \/>\n\t<meta name=\"twitter:label2\" content=\"Tiempo de lectura\" \/>\n\t<meta name=\"twitter:data2\" content=\"3 minutos\" \/>\n<script type=\"application\/ld+json\" class=\"yoast-schema-graph\">{\"@context\":\"https:\\\/\\\/schema.org\",\"@graph\":[{\"@type\":\"Article\",\"@id\":\"https:\\\/\\\/ardigitalnoticias.com\\\/index.php\\\/2025\\\/03\\\/01\\\/cambios-en-el-gabinete-del-huila-nuevas-designaciones\\\/#article\",\"isPartOf\":{\"@id\":\"https:\\\/\\\/ardigitalnoticias.com\\\/index.php\\\/2025\\\/03\\\/01\\\/cambios-en-el-gabinete-del-huila-nuevas-designaciones\\\/\"},\"author\":{\"name\":\"AR Digital Noticias\",\"@id\":\"https:\\\/\\\/ardigitalnoticias.com\\\/#\\\/schema\\\/person\\\/3f1b0a96e890d8cba89a76c7558a147c\"},\"headline\":\"CAMBIOS EN EL GABINETE DEL HUILA: NUEVAS DESIGNACIONES\",\"datePublished\":\"2025-03-01T23:46:34+00:00\",\"dateModified\":\"2025-03-01T23:46:35+00:00\",\"mainEntityOfPage\":{\"@id\":\"https:\\\/\\\/ardigitalnoticias.com\\\/index.php\\\/2025\\\/03\\\/01\\\/cambios-en-el-gabinete-del-huila-nuevas-designaciones\\\/\"},\"wordCount\":279,\"commentCount\":0,\"publisher\":{\"@id\":\"https:\\\/\\\/ardigitalnoticias.com\\\/#organization\"},\"image\":{\"@id\":\"https:\\\/\\\/ardigitalnoticias.com\\\/index.php\\\/2025\\\/03\\\/01\\\/cambios-en-el-gabinete-del-huila-nuevas-designaciones\\\/#primaryimage\"},\"thumbnailUrl\":\"https:\\\/\\\/ardigitalnoticias.com\\\/wp-content\\\/uploads\\\/2025\\\/03\\\/InShot_20250301_181404787-scaled.jpg\",\"articleSection\":[\"Actualidad\",\"Pol\u00edtica\",\"Regional\"],\"inLanguage\":\"es\",\"potentialAction\":[{\"@type\":\"CommentAction\",\"name\":\"Comment\",\"target\":[\"https:\\\/\\\/ardigitalnoticias.com\\\/index.php\\\/2025\\\/03\\\/01\\\/cambios-en-el-gabinete-del-huila-nuevas-designaciones\\\/#respond\"]}]},{\"@type\":\"WebPage\",\"@id\":\"https:\\\/\\\/ardigitalnoticias.com\\\/index.php\\\/2025\\\/03\\\/01\\\/cambios-en-el-gabinete-del-huila-nuevas-designaciones\\\/\",\"url\":\"https:\\\/\\\/ardigitalnoticias.com\\\/index.php\\\/2025\\\/03\\\/01\\\/cambios-en-el-gabinete-del-huila-nuevas-designaciones\\\/\",\"name\":\"CAMBIOS EN EL GABINETE DEL HUILA: NUEVAS DESIGNACIONES - AR Digital Noticias\",\"isPartOf\":{\"@id\":\"https:\\\/\\\/ardigitalnoticias.com\\\/#website\"},\"primaryImageOfPage\":{\"@id\":\"https:\\\/\\\/ardigitalnoticias.com\\\/index.php\\\/2025\\\/03\\\/01\\\/cambios-en-el-gabinete-del-huila-nuevas-designaciones\\\/#primaryimage\"},\"image\":{\"@id\":\"https:\\\/\\\/ardigitalnoticias.com\\\/index.php\\\/2025\\\/03\\\/01\\\/cambios-en-el-gabinete-del-huila-nuevas-designaciones\\\/#primaryimage\"},\"thumbnailUrl\":\"https:\\\/\\\/ardigitalnoticias.com\\\/wp-content\\\/uploads\\\/2025\\\/03\\\/InShot_20250301_181404787-scaled.jpg\",\"datePublished\":\"2025-03-01T23:46:34+00:00\",\"dateModified\":\"2025-03-01T23:46:35+00:00\",\"breadcrumb\":{\"@id\":\"https:\\\/\\\/ardigitalnoticias.com\\\/index.php\\\/2025\\\/03\\\/01\\\/cambios-en-el-gabinete-del-huila-nuevas-designaciones\\\/#breadcrumb\"},\"inLanguage\":\"es\",\"potentialAction\":[{\"@type\":\"ReadAction\",\"target\":[\"https:\\\/\\\/ardigitalnoticias.com\\\/index.php\\\/2025\\\/03\\\/01\\\/cambios-en-el-gabinete-del-huila-nuevas-designaciones\\\/\"]}]},{\"@type\":\"ImageObject\",\"inLanguage\":\"es\",\"@id\":\"https:\\\/\\\/ardigitalnoticias.com\\\/index.php\\\/2025\\\/03\\\/01\\\/cambios-en-el-gabinete-del-huila-nuevas-designaciones\\\/#primaryimage\",\"url\":\"https:\\\/\\\/ardigitalnoticias.com\\\/wp-content\\\/uploads\\\/2025\\\/03\\\/InShot_20250301_181404787-scaled.jpg\",\"contentUrl\":\"https:\\\/\\\/ardigitalnoticias.com\\\/wp-content\\\/uploads\\\/2025\\\/03\\\/InShot_20250301_181404787-scaled.jpg\",\"width\":2560,\"height\":1439},{\"@type\":\"BreadcrumbList\",\"@id\":\"https:\\\/\\\/ardigitalnoticias.com\\\/index.php\\\/2025\\\/03\\\/01\\\/cambios-en-el-gabinete-del-huila-nuevas-designaciones\\\/#breadcrumb\",\"itemListElement\":[{\"@type\":\"ListItem\",\"position\":1,\"name\":\"Portada\",\"item\":\"https:\\\/\\\/ardigitalnoticias.com\\\/\"},{\"@type\":\"ListItem\",\"position\":2,\"name\":\"CAMBIOS EN EL GABINETE DEL HUILA: NUEVAS DESIGNACIONES\"}]},{\"@type\":\"WebSite\",\"@id\":\"https:\\\/\\\/ardigitalnoticias.com\\\/#website\",\"url\":\"https:\\\/\\\/ardigitalnoticias.com\\\/\",\"name\":\"AR Digital Noticias\",\"description\":\"\",\"publisher\":{\"@id\":\"https:\\\/\\\/ardigitalnoticias.com\\\/#organization\"},\"potentialAction\":[{\"@type\":\"SearchAction\",\"target\":{\"@type\":\"EntryPoint\",\"urlTemplate\":\"https:\\\/\\\/ardigitalnoticias.com\\\/?s={search_term_string}\"},\"query-input\":{\"@type\":\"PropertyValueSpecification\",\"valueRequired\":true,\"valueName\":\"search_term_string\"}}],\"inLanguage\":\"es\"},{\"@type\":\"Organization\",\"@id\":\"https:\\\/\\\/ardigitalnoticias.com\\\/#organization\",\"name\":\"AR Digital Noticias\",\"url\":\"https:\\\/\\\/ardigitalnoticias.com\\\/\",\"logo\":{\"@type\":\"ImageObject\",\"inLanguage\":\"es\",\"@id\":\"https:\\\/\\\/ardigitalnoticias.com\\\/#\\\/schema\\\/logo\\\/image\\\/\",\"url\":\"https:\\\/\\\/ardigitalnoticias.com\\\/wp-content\\\/uploads\\\/2023\\\/11\\\/cropped-cropped-cropped-cropped-AR-Digital-Noticias-1.png\",\"contentUrl\":\"https:\\\/\\\/ardigitalnoticias.com\\\/wp-content\\\/uploads\\\/2023\\\/11\\\/cropped-cropped-cropped-cropped-AR-Digital-Noticias-1.png\",\"width\":972,\"height\":306,\"caption\":\"AR Digital Noticias\"},\"image\":{\"@id\":\"https:\\\/\\\/ardigitalnoticias.com\\\/#\\\/schema\\\/logo\\\/image\\\/\"}},{\"@type\":\"Person\",\"@id\":\"https:\\\/\\\/ardigitalnoticias.com\\\/#\\\/schema\\\/person\\\/3f1b0a96e890d8cba89a76c7558a147c\",\"name\":\"AR Digital Noticias\",\"image\":{\"@type\":\"ImageObject\",\"inLanguage\":\"es\",\"@id\":\"https:\\\/\\\/secure.gravatar.com\\\/avatar\\\/55d1acd2f9cac74c99f42fcb5090c2f994204a6f6c571cf4c3001ae692cb9b34?s=96&d=mm&r=g\",\"url\":\"https:\\\/\\\/secure.gravatar.com\\\/avatar\\\/55d1acd2f9cac74c99f42fcb5090c2f994204a6f6c571cf4c3001ae692cb9b34?s=96&d=mm&r=g\",\"contentUrl\":\"https:\\\/\\\/secure.gravatar.com\\\/avatar\\\/55d1acd2f9cac74c99f42fcb5090c2f994204a6f6c571cf4c3001ae692cb9b34?s=96&d=mm&r=g\",\"caption\":\"AR Digital Noticias\"},\"sameAs\":[\"http:\\\/\\\/ardigitalnoticias.com\"],\"url\":\"https:\\\/\\\/ardigitalnoticias.com\\\/index.php\\\/author\\\/editorial\\\/\"}]}<\/script>\n<!-- \/ Yoast SEO plugin. -->","yoast_head_json":{"title":"CAMBIOS EN EL GABINETE DEL HUILA: NUEVAS DESIGNACIONES - AR Digital Noticias","robots":{"index":"index","follow":"follow","max-snippet":"max-snippet:-1","max-image-preview":"max-image-preview:large","max-video-preview":"max-video-preview:-1"},"canonical":"https:\/\/ardigitalnoticias.com\/index.php\/2025\/03\/01\/cambios-en-el-gabinete-del-huila-nuevas-designaciones\/","og_locale":"es_ES","og_type":"article","og_title":"CAMBIOS EN EL GABINETE DEL HUILA: NUEVAS DESIGNACIONES - AR Digital Noticias","og_description":"Reorganizaci\u00f3n en la Gobernaci\u00f3n del Huila POR: ANDR\u00c9S RODR\u00cdGUEZ. El gobernador Rodrigo Villalba Mosquera anunci\u00f3 importantes cambios en su equipo de trabajo mediante el Decreto 054, con el objetivo de fortalecer la administraci\u00f3n departamental. ???? Nuevos nombramientos: \u2705 Secretario de Salud: C\u00e9sar Germ\u00e1n Roa Trujillo, m\u00e9dico con amplia trayectoria en el sector salud, asume el [&hellip;]","og_url":"https:\/\/ardigitalnoticias.com\/index.php\/2025\/03\/01\/cambios-en-el-gabinete-del-huila-nuevas-designaciones\/","og_site_name":"AR Digital Noticias","article_published_time":"2025-03-01T23:46:34+00:00","article_modified_time":"2025-03-01T23:46:35+00:00","og_image":[{"width":2560,"height":1439,"url":"https:\/\/ardigitalnoticias.com\/wp-content\/uploads\/2025\/03\/InShot_20250301_181404787-scaled.jpg","type":"image\/jpeg"}],"author":"AR Digital Noticias","twitter_card":"summary_large_image","twitter_misc":{"Escrito por":"AR Digital Noticias","Tiempo de lectura":"3 minutos"},"schema":{"@context":"https:\/\/schema.org","@graph":[{"@type":"Article","@id":"https:\/\/ardigitalnoticias.com\/index.php\/2025\/03\/01\/cambios-en-el-gabinete-del-huila-nuevas-designaciones\/#article","isPartOf":{"@id":"https:\/\/ardigitalnoticias.com\/index.php\/2025\/03\/01\/cambios-en-el-gabinete-del-huila-nuevas-designaciones\/"},"author":{"name":"AR Digital Noticias","@id":"https:\/\/ardigitalnoticias.com\/#\/schema\/person\/3f1b0a96e890d8cba89a76c7558a147c"},"headline":"CAMBIOS EN EL GABINETE DEL HUILA: NUEVAS DESIGNACIONES","datePublished":"2025-03-01T23:46:34+00:00","dateModified":"2025-03-01T23:46:35+00:00","mainEntityOfPage":{"@id":"https:\/\/ardigitalnoticias.com\/index.php\/2025\/03\/01\/cambios-en-el-gabinete-del-huila-nuevas-designaciones\/"},"wordCount":279,"commentCount":0,"publisher":{"@id":"https:\/\/ardigitalnoticias.com\/#organization"},"image":{"@id":"https:\/\/ardigitalnoticias.com\/index.php\/2025\/03\/01\/cambios-en-el-gabinete-del-huila-nuevas-designaciones\/#primaryimage"},"thumbnailUrl":"https:\/\/ardigitalnoticias.com\/wp-content\/uploads\/2025\/03\/InShot_20250301_181404787-scaled.jpg","articleSection":["Actualidad","Pol\u00edtica","Regional"],"inLanguage":"es","potentialAction":[{"@type":"CommentAction","name":"Comment","target":["https:\/\/ardigitalnoticias.com\/index.php\/2025\/03\/01\/cambios-en-el-gabinete-del-huila-nuevas-designaciones\/#respond"]}]},{"@type":"WebPage","@id":"https:\/\/ardigitalnoticias.com\/index.php\/2025\/03\/01\/cambios-en-el-gabinete-del-huila-nuevas-designaciones\/","url":"https:\/\/ardigitalnoticias.com\/index.php\/2025\/03\/01\/cambios-en-el-gabinete-del-huila-nuevas-designaciones\/","name":"CAMBIOS EN EL GABINETE DEL HUILA: NUEVAS DESIGNACIONES - AR Digital Noticias","isPartOf":{"@id":"https:\/\/ardigitalnoticias.com\/#website"},"primaryImageOfPage":{"@id":"https:\/\/ardigitalnoticias.com\/index.php\/2025\/03\/01\/cambios-en-el-gabinete-del-huila-nuevas-designaciones\/#primaryimage"},"image":{"@id":"https:\/\/ardigitalnoticias.com\/index.php\/2025\/03\/01\/cambios-en-el-gabinete-del-huila-nuevas-designaciones\/#primaryimage"},"thumbnailUrl":"https:\/\/ardigitalnoticias.com\/wp-content\/uploads\/2025\/03\/InShot_20250301_181404787-scaled.jpg","datePublished":"2025-03-01T23:46:34+00:00","dateModified":"2025-03-01T23:46:35+00:00","breadcrumb":{"@id":"https:\/\/ardigitalnoticias.com\/index.php\/2025\/03\/01\/cambios-en-el-gabinete-del-huila-nuevas-designaciones\/#breadcrumb"},"inLanguage":"es","potentialAction":[{"@type":"ReadAction","target":["https:\/\/ardigitalnoticias.com\/index.php\/2025\/03\/01\/cambios-en-el-gabinete-del-huila-nuevas-designaciones\/"]}]},{"@type":"ImageObject","inLanguage":"es","@id":"https:\/\/ardigitalnoticias.com\/index.php\/2025\/03\/01\/cambios-en-el-gabinete-del-huila-nuevas-designaciones\/#primaryimage","url":"https:\/\/ardigitalnoticias.com\/wp-content\/uploads\/2025\/03\/InShot_20250301_181404787-scaled.jpg","contentUrl":"https:\/\/ardigitalnoticias.com\/wp-content\/uploads\/2025\/03\/InShot_20250301_181404787-scaled.jpg","width":2560,"height":1439},{"@type":"BreadcrumbList","@id":"https:\/\/ardigitalnoticias.com\/index.php\/2025\/03\/01\/cambios-en-el-gabinete-del-huila-nuevas-designaciones\/#breadcrumb","itemListElement":[{"@type":"ListItem","position":1,"name":"Portada","item":"https:\/\/ardigitalnoticias.com\/"},{"@type":"ListItem","position":2,"name":"CAMBIOS EN EL GABINETE DEL HUILA: NUEVAS DESIGNACIONES"}]},{"@type":"WebSite","@id":"https:\/\/ardigitalnoticias.com\/#website","url":"https:\/\/ardigitalnoticias.com\/","name":"AR Digital Noticias","description":"","publisher":{"@id":"https:\/\/ardigitalnoticias.com\/#organization"},"potentialAction":[{"@type":"SearchAction","target":{"@type":"EntryPoint","urlTemplate":"https:\/\/ardigitalnoticias.com\/?s={search_term_string}"},"query-input":{"@type":"PropertyValueSpecification","valueRequired":true,"valueName":"search_term_string"}}],"inLanguage":"es"},{"@type":"Organization","@id":"https:\/\/ardigitalnoticias.com\/#organization","name":"AR Digital Noticias","url":"https:\/\/ardigitalnoticias.com\/","logo":{"@type":"ImageObject","inLanguage":"es","@id":"https:\/\/ardigitalnoticias.com\/#\/schema\/logo\/image\/","url":"https:\/\/ardigitalnoticias.com\/wp-content\/uploads\/2023\/11\/cropped-cropped-cropped-cropped-AR-Digital-Noticias-1.png","contentUrl":"https:\/\/ardigitalnoticias.com\/wp-content\/uploads\/2023\/11\/cropped-cropped-cropped-cropped-AR-Digital-Noticias-1.png","width":972,"height":306,"caption":"AR Digital Noticias"},"image":{"@id":"https:\/\/ardigitalnoticias.com\/#\/schema\/logo\/image\/"}},{"@type":"Person","@id":"https:\/\/ardigitalnoticias.com\/#\/schema\/person\/3f1b0a96e890d8cba89a76c7558a147c","name":"AR Digital Noticias","image":{"@type":"ImageObject","inLanguage":"es","@id":"https:\/\/secure.gravatar.com\/avatar\/55d1acd2f9cac74c99f42fcb5090c2f994204a6f6c571cf4c3001ae692cb9b34?s=96&d=mm&r=g","url":"https:\/\/secure.gravatar.com\/avatar\/55d1acd2f9cac74c99f42fcb5090c2f994204a6f6c571cf4c3001ae692cb9b34?s=96&d=mm&r=g","contentUrl":"https:\/\/secure.gravatar.com\/avatar\/55d1acd2f9cac74c99f42fcb5090c2f994204a6f6c571cf4c3001ae692cb9b34?s=96&d=mm&r=g","caption":"AR Digital Noticias"},"sameAs":["http:\/\/ardigitalnoticias.com"],"url":"https:\/\/ardigitalnoticias.com\/index.php\/author\/editorial\/"}]}},"_links":{"self":[{"href":"https:\/\/ardigitalnoticias.com\/index.php\/wp-json\/wp\/v2\/posts\/6512","targetHints":{"allow":["GET"]}}],"collection":[{"href":"https:\/\/ardigitalnoticias.com\/index.php\/wp-json\/wp\/v2\/posts"}],"about":[{"href":"https:\/\/ardigitalnoticias.com\/index.php\/wp-json\/wp\/v2\/types\/post"}],"author":[{"embeddable":true,"href":"https:\/\/ardigitalnoticias.com\/index.php\/wp-json\/wp\/v2\/users\/2"}],"replies":[{"embeddable":true,"href":"https:\/\/ardigitalnoticias.com\/index.php\/wp-json\/wp\/v2\/comments?post=6512"}],"version-history":[{"count":1,"href":"https:\/\/ardigitalnoticias.com\/index.php\/wp-json\/wp\/v2\/posts\/6512\/revisions"}],"predecessor-version":[{"id":6522,"href":"https:\/\/ardigitalnoticias.com\/index.php\/wp-json\/wp\/v2\/posts\/6512\/revisions\/6522"}],"wp:featuredmedia":[{"embeddable":true,"href":"https:\/\/ardigitalnoticias.com\/index.php\/wp-json\/wp\/v2\/media\/6521"}],"wp:attachment":[{"href":"https:\/\/ardigitalnoticias.com\/index.php\/wp-json\/wp\/v2\/media?parent=6512"}],"wp:term":[{"taxonomy":"category","embeddable":true,"href":"https:\/\/ardigitalnoticias.com\/index.php\/wp-json\/wp\/v2\/categories?post=6512"},{"taxonomy":"post_tag","embeddable":true,"href":"https:\/\/ardigitalnoticias.com\/index.php\/wp-json\/wp\/v2\/tags?post=6512"}],"curies":[{"name":"wp","href":"https:\/\/api.w.org\/{rel}","templated":true}]}}