{"id":6505,"date":"2025-03-01T13:08:32","date_gmt":"2025-03-01T18:08:32","guid":{"rendered":"https:\/\/ardigitalnoticias.com\/?p=6505"},"modified":"2025-03-01T13:08:33","modified_gmt":"2025-03-01T18:08:33","slug":"kelly-johana-plazas-mana-un-ano-desaparecida-sin-rastro-ni-respuestas","status":"publish","type":"post","link":"https:\/\/ardigitalnoticias.com\/index.php\/2025\/03\/01\/kelly-johana-plazas-mana-un-ano-desaparecida-sin-rastro-ni-respuestas\/","title":{"rendered":"KELLY JOHANA PLAZAS MANA UN A\u00d1O DESAPARECIDA, SIN RASTRO NI RESPUESTAS"},"content":{"rendered":"\n<p>Hoy, 1 de marzo de 2025, se cumple un a\u00f1o de la desaparici\u00f3n de la agente inmobiliaria Kelly Johana Plazas Mana, quien fue vista por \u00faltima vez en Rivera, Huila, tras acudir a una supuesta negociaci\u00f3n de un lote, que result\u00f3 ser una trampa.<\/p>\n\n\n\n<p><strong>POR: ANDR\u00c9S RODR\u00cdGUEZ. <\/strong><\/p>\n\n\n<div class=\"wp-block-image\">\n<figure class=\"aligncenter size-large\"><img loading=\"lazy\" decoding=\"async\" width=\"930\" height=\"1024\" src=\"https:\/\/ardigitalnoticias.com\/wp-content\/uploads\/2025\/03\/FB_IMG_1740850153415-930x1024.jpg\" alt=\"\" class=\"wp-image-6507\" srcset=\"https:\/\/ardigitalnoticias.com\/wp-content\/uploads\/2025\/03\/FB_IMG_1740850153415-930x1024.jpg 930w, https:\/\/ardigitalnoticias.com\/wp-content\/uploads\/2025\/03\/FB_IMG_1740850153415-545x600.jpg 545w, https:\/\/ardigitalnoticias.com\/wp-content\/uploads\/2025\/03\/FB_IMG_1740850153415-272x300.jpg 272w, https:\/\/ardigitalnoticias.com\/wp-content\/uploads\/2025\/03\/FB_IMG_1740850153415-768x846.jpg 768w, https:\/\/ardigitalnoticias.com\/wp-content\/uploads\/2025\/03\/FB_IMG_1740850153415-381x420.jpg 381w, https:\/\/ardigitalnoticias.com\/wp-content\/uploads\/2025\/03\/FB_IMG_1740850153415-150x165.jpg 150w, https:\/\/ardigitalnoticias.com\/wp-content\/uploads\/2025\/03\/FB_IMG_1740850153415-300x330.jpg 300w, https:\/\/ardigitalnoticias.com\/wp-content\/uploads\/2025\/03\/FB_IMG_1740850153415-696x766.jpg 696w, https:\/\/ardigitalnoticias.com\/wp-content\/uploads\/2025\/03\/FB_IMG_1740850153415-1068x1176.jpg 1068w, https:\/\/ardigitalnoticias.com\/wp-content\/uploads\/2025\/03\/FB_IMG_1740850153415.jpg 1080w\" sizes=\"auto, (max-width: 930px) 100vw, 930px\" \/><\/figure>\n<\/div>\n\n\n<p>Al principio, su familia manten\u00eda la esperanza de su regreso, pero con el paso de los d\u00edas, la incertidumbre y la angustia se apoderaron de todos. Ante la falta de respuestas, se ofreci\u00f3 una recompensa millonaria y surgieron diversas hip\u00f3tesis, incluido un posible secuestro, teor\u00eda que luego fue descartada. <\/p>\n\n\n\n<p>???? \u00bfQUI\u00c9NES SON LOS PRESUNTOS RESPONSABLES?  <\/p>\n\n\n\n<p>Tras meses de investigaci\u00f3n, las autoridades capturaron a Fidel Borrero Solano, expareja de Kelly Johana, junto con Rafael Antonio Puentes Ortega y Alexis Sotelo Salas, acusados de planear y ejecutar su desaparici\u00f3n. En una audiencia, la Fiscal\u00eda revel\u00f3 que Borrero Solano habr\u00eda contactado a alias \u00abSancocho\u00bb para que, a trav\u00e9s de alias \u00abMachete\u00bb, se llevara a cabo el crimen.  Los tres acusados permanecen en prisi\u00f3n mientras avanza el proceso judicial, pero el mayor misterio sigue sin resolverse: \u00bfd\u00f3nde est\u00e1 Kelly Johana? <\/p>\n\n\n\n<figure class=\"wp-block-gallery has-nested-images columns-default is-cropped wp-block-gallery-1 is-layout-flex wp-block-gallery-is-layout-flex\">\n<figure class=\"wp-block-image size-large is-style-default\"><img loading=\"lazy\" decoding=\"async\" width=\"1024\" height=\"704\" data-id=\"6509\" src=\"https:\/\/ardigitalnoticias.com\/wp-content\/uploads\/2025\/03\/FB_IMG_1740852189956-1024x704.jpg\" alt=\"\" class=\"wp-image-6509\" srcset=\"https:\/\/ardigitalnoticias.com\/wp-content\/uploads\/2025\/03\/FB_IMG_1740852189956-1024x704.jpg 1024w, https:\/\/ardigitalnoticias.com\/wp-content\/uploads\/2025\/03\/FB_IMG_1740852189956-600x412.jpg 600w, https:\/\/ardigitalnoticias.com\/wp-content\/uploads\/2025\/03\/FB_IMG_1740852189956-300x206.jpg 300w, https:\/\/ardigitalnoticias.com\/wp-content\/uploads\/2025\/03\/FB_IMG_1740852189956-768x528.jpg 768w, https:\/\/ardigitalnoticias.com\/wp-content\/uploads\/2025\/03\/FB_IMG_1740852189956-611x420.jpg 611w, https:\/\/ardigitalnoticias.com\/wp-content\/uploads\/2025\/03\/FB_IMG_1740852189956-150x103.jpg 150w, https:\/\/ardigitalnoticias.com\/wp-content\/uploads\/2025\/03\/FB_IMG_1740852189956-218x150.jpg 218w, https:\/\/ardigitalnoticias.com\/wp-content\/uploads\/2025\/03\/FB_IMG_1740852189956-696x478.jpg 696w, https:\/\/ardigitalnoticias.com\/wp-content\/uploads\/2025\/03\/FB_IMG_1740852189956-1068x734.jpg 1068w, https:\/\/ardigitalnoticias.com\/wp-content\/uploads\/2025\/03\/FB_IMG_1740852189956.jpg 1080w\" sizes=\"auto, (max-width: 1024px) 100vw, 1024px\" \/><\/figure>\n\n\n\n<figure class=\"wp-block-image size-large\"><img loading=\"lazy\" decoding=\"async\" width=\"1024\" height=\"852\" data-id=\"6510\" src=\"https:\/\/ardigitalnoticias.com\/wp-content\/uploads\/2025\/03\/FB_IMG_1740852187494-1024x852.jpg\" alt=\"\" class=\"wp-image-6510\" srcset=\"https:\/\/ardigitalnoticias.com\/wp-content\/uploads\/2025\/03\/FB_IMG_1740852187494-1024x852.jpg 1024w, https:\/\/ardigitalnoticias.com\/wp-content\/uploads\/2025\/03\/FB_IMG_1740852187494-600x499.jpg 600w, https:\/\/ardigitalnoticias.com\/wp-content\/uploads\/2025\/03\/FB_IMG_1740852187494-300x250.jpg 300w, https:\/\/ardigitalnoticias.com\/wp-content\/uploads\/2025\/03\/FB_IMG_1740852187494-768x639.jpg 768w, https:\/\/ardigitalnoticias.com\/wp-content\/uploads\/2025\/03\/FB_IMG_1740852187494-505x420.jpg 505w, https:\/\/ardigitalnoticias.com\/wp-content\/uploads\/2025\/03\/FB_IMG_1740852187494-150x125.jpg 150w, https:\/\/ardigitalnoticias.com\/wp-content\/uploads\/2025\/03\/FB_IMG_1740852187494-696x579.jpg 696w, https:\/\/ardigitalnoticias.com\/wp-content\/uploads\/2025\/03\/FB_IMG_1740852187494-1068x889.jpg 1068w, https:\/\/ardigitalnoticias.com\/wp-content\/uploads\/2025\/03\/FB_IMG_1740852187494.jpg 1080w\" sizes=\"auto, (max-width: 1024px) 100vw, 1024px\" \/><\/figure>\n<\/figure>\n\n\n\n<p>???? UNA FAMILIA QUE NO PIERDE LA ESPERANZA <\/p>\n\n\n\n<p>Los seres queridos de Kelly Johana contin\u00faan exigiendo justicia y, sobre todo, claman por conocer su paradero. Su desaparici\u00f3n sigue siendo una herida abierta, un enigma que, un a\u00f1o despu\u00e9s, a\u00fan no tiene respuesta.<\/p>\n\n\n<div class=\"wp-block-image\">\n<figure class=\"aligncenter size-full\"><img loading=\"lazy\" decoding=\"async\" width=\"958\" height=\"960\" src=\"https:\/\/ardigitalnoticias.com\/wp-content\/uploads\/2025\/03\/FB_IMG_1740850180171.jpg\" alt=\"\" class=\"wp-image-6508\" srcset=\"https:\/\/ardigitalnoticias.com\/wp-content\/uploads\/2025\/03\/FB_IMG_1740850180171.jpg 958w, https:\/\/ardigitalnoticias.com\/wp-content\/uploads\/2025\/03\/FB_IMG_1740850180171-600x600.jpg 600w, https:\/\/ardigitalnoticias.com\/wp-content\/uploads\/2025\/03\/FB_IMG_1740850180171-300x301.jpg 300w, https:\/\/ardigitalnoticias.com\/wp-content\/uploads\/2025\/03\/FB_IMG_1740850180171-768x770.jpg 768w, https:\/\/ardigitalnoticias.com\/wp-content\/uploads\/2025\/03\/FB_IMG_1740850180171-419x420.jpg 419w, https:\/\/ardigitalnoticias.com\/wp-content\/uploads\/2025\/03\/FB_IMG_1740850180171-150x150.jpg 150w, https:\/\/ardigitalnoticias.com\/wp-content\/uploads\/2025\/03\/FB_IMG_1740850180171-696x697.jpg 696w\" sizes=\"auto, (max-width: 958px) 100vw, 958px\" \/><\/figure>\n<\/div>","protected":false},"excerpt":{"rendered":"<p>Hoy, 1 de marzo de 2025, se cumple un a\u00f1o de la desaparici\u00f3n de la agente inmobiliaria Kelly Johana Plazas Mana, quien fue vista por \u00faltima vez en Rivera, Huila, tras acudir a una supuesta negociaci\u00f3n de un lote, que result\u00f3 ser una trampa. POR: ANDR\u00c9S RODR\u00cdGUEZ. Al principio, su familia manten\u00eda la esperanza de [&hellip;]<\/p>\n","protected":false},"author":2,"featured_media":6506,"comment_status":"open","ping_status":"open","sticky":false,"template":"","format":"standard","meta":{"_acf_changed":false,"_joinchat":[],"footnotes":""},"categories":[1,20,19],"tags":[],"class_list":{"0":"post-6505","1":"post","2":"type-post","3":"status-publish","4":"format-standard","5":"has-post-thumbnail","7":"category-actualidad","8":"category-judicial","9":"category-regional"},"acf":[],"yoast_head":"<!-- This site is optimized with the Yoast SEO plugin v27.5 - https:\/\/yoast.com\/product\/yoast-seo-wordpress\/ -->\n<title>KELLY JOHANA PLAZAS MANA UN A\u00d1O DESAPARECIDA, SIN RASTRO NI RESPUESTAS - AR Digital Noticias<\/title>\n<meta name=\"robots\" content=\"index, follow, max-snippet:-1, max-image-preview:large, max-video-preview:-1\" \/>\n<link rel=\"canonical\" href=\"https:\/\/ardigitalnoticias.com\/index.php\/2025\/03\/01\/kelly-johana-plazas-mana-un-ano-desaparecida-sin-rastro-ni-respuestas\/\" \/>\n<meta property=\"og:locale\" content=\"es_ES\" \/>\n<meta property=\"og:type\" content=\"article\" \/>\n<meta property=\"og:title\" content=\"KELLY JOHANA PLAZAS MANA UN A\u00d1O DESAPARECIDA, SIN RASTRO NI RESPUESTAS - AR Digital Noticias\" \/>\n<meta property=\"og:description\" content=\"Hoy, 1 de marzo de 2025, se cumple un a\u00f1o de la desaparici\u00f3n de la agente inmobiliaria Kelly Johana Plazas Mana, quien fue vista por \u00faltima vez en Rivera, Huila, tras acudir a una supuesta negociaci\u00f3n de un lote, que result\u00f3 ser una trampa. POR: ANDR\u00c9S RODR\u00cdGUEZ. Al principio, su familia manten\u00eda la esperanza de [&hellip;]\" \/>\n<meta property=\"og:url\" content=\"https:\/\/ardigitalnoticias.com\/index.php\/2025\/03\/01\/kelly-johana-plazas-mana-un-ano-desaparecida-sin-rastro-ni-respuestas\/\" \/>\n<meta property=\"og:site_name\" content=\"AR Digital Noticias\" \/>\n<meta property=\"article:published_time\" content=\"2025-03-01T18:08:32+00:00\" \/>\n<meta property=\"article:modified_time\" content=\"2025-03-01T18:08:33+00:00\" \/>\n<meta property=\"og:image\" content=\"https:\/\/ardigitalnoticias.com\/wp-content\/uploads\/2025\/03\/InShot_20250301_122641564.jpg\" \/>\n\t<meta property=\"og:image:width\" content=\"1920\" \/>\n\t<meta property=\"og:image:height\" content=\"1079\" \/>\n\t<meta property=\"og:image:type\" content=\"image\/jpeg\" \/>\n<meta name=\"author\" content=\"AR Digital Noticias\" \/>\n<meta name=\"twitter:card\" content=\"summary_large_image\" \/>\n<meta name=\"twitter:label1\" content=\"Escrito por\" \/>\n\t<meta name=\"twitter:data1\" content=\"AR Digital Noticias\" \/>\n\t<meta name=\"twitter:label2\" content=\"Tiempo de lectura\" \/>\n\t<meta name=\"twitter:data2\" content=\"3 minutos\" \/>\n<script type=\"application\/ld+json\" class=\"yoast-schema-graph\">{\"@context\":\"https:\\\/\\\/schema.org\",\"@graph\":[{\"@type\":\"Article\",\"@id\":\"https:\\\/\\\/ardigitalnoticias.com\\\/index.php\\\/2025\\\/03\\\/01\\\/kelly-johana-plazas-mana-un-ano-desaparecida-sin-rastro-ni-respuestas\\\/#article\",\"isPartOf\":{\"@id\":\"https:\\\/\\\/ardigitalnoticias.com\\\/index.php\\\/2025\\\/03\\\/01\\\/kelly-johana-plazas-mana-un-ano-desaparecida-sin-rastro-ni-respuestas\\\/\"},\"author\":{\"name\":\"AR Digital Noticias\",\"@id\":\"https:\\\/\\\/ardigitalnoticias.com\\\/#\\\/schema\\\/person\\\/3f1b0a96e890d8cba89a76c7558a147c\"},\"headline\":\"KELLY JOHANA PLAZAS MANA UN A\u00d1O DESAPARECIDA, SIN RASTRO NI RESPUESTAS\",\"datePublished\":\"2025-03-01T18:08:32+00:00\",\"dateModified\":\"2025-03-01T18:08:33+00:00\",\"mainEntityOfPage\":{\"@id\":\"https:\\\/\\\/ardigitalnoticias.com\\\/index.php\\\/2025\\\/03\\\/01\\\/kelly-johana-plazas-mana-un-ano-desaparecida-sin-rastro-ni-respuestas\\\/\"},\"wordCount\":255,\"commentCount\":0,\"publisher\":{\"@id\":\"https:\\\/\\\/ardigitalnoticias.com\\\/#organization\"},\"image\":{\"@id\":\"https:\\\/\\\/ardigitalnoticias.com\\\/index.php\\\/2025\\\/03\\\/01\\\/kelly-johana-plazas-mana-un-ano-desaparecida-sin-rastro-ni-respuestas\\\/#primaryimage\"},\"thumbnailUrl\":\"https:\\\/\\\/ardigitalnoticias.com\\\/wp-content\\\/uploads\\\/2025\\\/03\\\/InShot_20250301_122641564.jpg\",\"articleSection\":[\"Actualidad\",\"Judicial\",\"Regional\"],\"inLanguage\":\"es\",\"potentialAction\":[{\"@type\":\"CommentAction\",\"name\":\"Comment\",\"target\":[\"https:\\\/\\\/ardigitalnoticias.com\\\/index.php\\\/2025\\\/03\\\/01\\\/kelly-johana-plazas-mana-un-ano-desaparecida-sin-rastro-ni-respuestas\\\/#respond\"]}]},{\"@type\":\"WebPage\",\"@id\":\"https:\\\/\\\/ardigitalnoticias.com\\\/index.php\\\/2025\\\/03\\\/01\\\/kelly-johana-plazas-mana-un-ano-desaparecida-sin-rastro-ni-respuestas\\\/\",\"url\":\"https:\\\/\\\/ardigitalnoticias.com\\\/index.php\\\/2025\\\/03\\\/01\\\/kelly-johana-plazas-mana-un-ano-desaparecida-sin-rastro-ni-respuestas\\\/\",\"name\":\"KELLY JOHANA PLAZAS MANA UN A\u00d1O DESAPARECIDA, SIN RASTRO NI RESPUESTAS - AR Digital Noticias\",\"isPartOf\":{\"@id\":\"https:\\\/\\\/ardigitalnoticias.com\\\/#website\"},\"primaryImageOfPage\":{\"@id\":\"https:\\\/\\\/ardigitalnoticias.com\\\/index.php\\\/2025\\\/03\\\/01\\\/kelly-johana-plazas-mana-un-ano-desaparecida-sin-rastro-ni-respuestas\\\/#primaryimage\"},\"image\":{\"@id\":\"https:\\\/\\\/ardigitalnoticias.com\\\/index.php\\\/2025\\\/03\\\/01\\\/kelly-johana-plazas-mana-un-ano-desaparecida-sin-rastro-ni-respuestas\\\/#primaryimage\"},\"thumbnailUrl\":\"https:\\\/\\\/ardigitalnoticias.com\\\/wp-content\\\/uploads\\\/2025\\\/03\\\/InShot_20250301_122641564.jpg\",\"datePublished\":\"2025-03-01T18:08:32+00:00\",\"dateModified\":\"2025-03-01T18:08:33+00:00\",\"breadcrumb\":{\"@id\":\"https:\\\/\\\/ardigitalnoticias.com\\\/index.php\\\/2025\\\/03\\\/01\\\/kelly-johana-plazas-mana-un-ano-desaparecida-sin-rastro-ni-respuestas\\\/#breadcrumb\"},\"inLanguage\":\"es\",\"potentialAction\":[{\"@type\":\"ReadAction\",\"target\":[\"https:\\\/\\\/ardigitalnoticias.com\\\/index.php\\\/2025\\\/03\\\/01\\\/kelly-johana-plazas-mana-un-ano-desaparecida-sin-rastro-ni-respuestas\\\/\"]}]},{\"@type\":\"ImageObject\",\"inLanguage\":\"es\",\"@id\":\"https:\\\/\\\/ardigitalnoticias.com\\\/index.php\\\/2025\\\/03\\\/01\\\/kelly-johana-plazas-mana-un-ano-desaparecida-sin-rastro-ni-respuestas\\\/#primaryimage\",\"url\":\"https:\\\/\\\/ardigitalnoticias.com\\\/wp-content\\\/uploads\\\/2025\\\/03\\\/InShot_20250301_122641564.jpg\",\"contentUrl\":\"https:\\\/\\\/ardigitalnoticias.com\\\/wp-content\\\/uploads\\\/2025\\\/03\\\/InShot_20250301_122641564.jpg\",\"width\":1920,\"height\":1079},{\"@type\":\"BreadcrumbList\",\"@id\":\"https:\\\/\\\/ardigitalnoticias.com\\\/index.php\\\/2025\\\/03\\\/01\\\/kelly-johana-plazas-mana-un-ano-desaparecida-sin-rastro-ni-respuestas\\\/#breadcrumb\",\"itemListElement\":[{\"@type\":\"ListItem\",\"position\":1,\"name\":\"Portada\",\"item\":\"https:\\\/\\\/ardigitalnoticias.com\\\/\"},{\"@type\":\"ListItem\",\"position\":2,\"name\":\"KELLY JOHANA PLAZAS MANA UN A\u00d1O DESAPARECIDA, SIN RASTRO NI RESPUESTAS\"}]},{\"@type\":\"WebSite\",\"@id\":\"https:\\\/\\\/ardigitalnoticias.com\\\/#website\",\"url\":\"https:\\\/\\\/ardigitalnoticias.com\\\/\",\"name\":\"AR Digital Noticias\",\"description\":\"\",\"publisher\":{\"@id\":\"https:\\\/\\\/ardigitalnoticias.com\\\/#organization\"},\"potentialAction\":[{\"@type\":\"SearchAction\",\"target\":{\"@type\":\"EntryPoint\",\"urlTemplate\":\"https:\\\/\\\/ardigitalnoticias.com\\\/?s={search_term_string}\"},\"query-input\":{\"@type\":\"PropertyValueSpecification\",\"valueRequired\":true,\"valueName\":\"search_term_string\"}}],\"inLanguage\":\"es\"},{\"@type\":\"Organization\",\"@id\":\"https:\\\/\\\/ardigitalnoticias.com\\\/#organization\",\"name\":\"AR Digital Noticias\",\"url\":\"https:\\\/\\\/ardigitalnoticias.com\\\/\",\"logo\":{\"@type\":\"ImageObject\",\"inLanguage\":\"es\",\"@id\":\"https:\\\/\\\/ardigitalnoticias.com\\\/#\\\/schema\\\/logo\\\/image\\\/\",\"url\":\"https:\\\/\\\/ardigitalnoticias.com\\\/wp-content\\\/uploads\\\/2023\\\/11\\\/cropped-cropped-cropped-cropped-AR-Digital-Noticias-1.png\",\"contentUrl\":\"https:\\\/\\\/ardigitalnoticias.com\\\/wp-content\\\/uploads\\\/2023\\\/11\\\/cropped-cropped-cropped-cropped-AR-Digital-Noticias-1.png\",\"width\":972,\"height\":306,\"caption\":\"AR Digital Noticias\"},\"image\":{\"@id\":\"https:\\\/\\\/ardigitalnoticias.com\\\/#\\\/schema\\\/logo\\\/image\\\/\"}},{\"@type\":\"Person\",\"@id\":\"https:\\\/\\\/ardigitalnoticias.com\\\/#\\\/schema\\\/person\\\/3f1b0a96e890d8cba89a76c7558a147c\",\"name\":\"AR Digital Noticias\",\"image\":{\"@type\":\"ImageObject\",\"inLanguage\":\"es\",\"@id\":\"https:\\\/\\\/secure.gravatar.com\\\/avatar\\\/55d1acd2f9cac74c99f42fcb5090c2f994204a6f6c571cf4c3001ae692cb9b34?s=96&d=mm&r=g\",\"url\":\"https:\\\/\\\/secure.gravatar.com\\\/avatar\\\/55d1acd2f9cac74c99f42fcb5090c2f994204a6f6c571cf4c3001ae692cb9b34?s=96&d=mm&r=g\",\"contentUrl\":\"https:\\\/\\\/secure.gravatar.com\\\/avatar\\\/55d1acd2f9cac74c99f42fcb5090c2f994204a6f6c571cf4c3001ae692cb9b34?s=96&d=mm&r=g\",\"caption\":\"AR Digital Noticias\"},\"sameAs\":[\"http:\\\/\\\/ardigitalnoticias.com\"],\"url\":\"https:\\\/\\\/ardigitalnoticias.com\\\/index.php\\\/author\\\/editorial\\\/\"}]}<\/script>\n<!-- \/ Yoast SEO plugin. -->","yoast_head_json":{"title":"KELLY JOHANA PLAZAS MANA UN A\u00d1O DESAPARECIDA, SIN RASTRO NI RESPUESTAS - AR Digital Noticias","robots":{"index":"index","follow":"follow","max-snippet":"max-snippet:-1","max-image-preview":"max-image-preview:large","max-video-preview":"max-video-preview:-1"},"canonical":"https:\/\/ardigitalnoticias.com\/index.php\/2025\/03\/01\/kelly-johana-plazas-mana-un-ano-desaparecida-sin-rastro-ni-respuestas\/","og_locale":"es_ES","og_type":"article","og_title":"KELLY JOHANA PLAZAS MANA UN A\u00d1O DESAPARECIDA, SIN RASTRO NI RESPUESTAS - AR Digital Noticias","og_description":"Hoy, 1 de marzo de 2025, se cumple un a\u00f1o de la desaparici\u00f3n de la agente inmobiliaria Kelly Johana Plazas Mana, quien fue vista por \u00faltima vez en Rivera, Huila, tras acudir a una supuesta negociaci\u00f3n de un lote, que result\u00f3 ser una trampa. POR: ANDR\u00c9S RODR\u00cdGUEZ. Al principio, su familia manten\u00eda la esperanza de [&hellip;]","og_url":"https:\/\/ardigitalnoticias.com\/index.php\/2025\/03\/01\/kelly-johana-plazas-mana-un-ano-desaparecida-sin-rastro-ni-respuestas\/","og_site_name":"AR Digital Noticias","article_published_time":"2025-03-01T18:08:32+00:00","article_modified_time":"2025-03-01T18:08:33+00:00","og_image":[{"width":1920,"height":1079,"url":"https:\/\/ardigitalnoticias.com\/wp-content\/uploads\/2025\/03\/InShot_20250301_122641564.jpg","type":"image\/jpeg"}],"author":"AR Digital Noticias","twitter_card":"summary_large_image","twitter_misc":{"Escrito por":"AR Digital Noticias","Tiempo de lectura":"3 minutos"},"schema":{"@context":"https:\/\/schema.org","@graph":[{"@type":"Article","@id":"https:\/\/ardigitalnoticias.com\/index.php\/2025\/03\/01\/kelly-johana-plazas-mana-un-ano-desaparecida-sin-rastro-ni-respuestas\/#article","isPartOf":{"@id":"https:\/\/ardigitalnoticias.com\/index.php\/2025\/03\/01\/kelly-johana-plazas-mana-un-ano-desaparecida-sin-rastro-ni-respuestas\/"},"author":{"name":"AR Digital Noticias","@id":"https:\/\/ardigitalnoticias.com\/#\/schema\/person\/3f1b0a96e890d8cba89a76c7558a147c"},"headline":"KELLY JOHANA PLAZAS MANA UN A\u00d1O DESAPARECIDA, SIN RASTRO NI RESPUESTAS","datePublished":"2025-03-01T18:08:32+00:00","dateModified":"2025-03-01T18:08:33+00:00","mainEntityOfPage":{"@id":"https:\/\/ardigitalnoticias.com\/index.php\/2025\/03\/01\/kelly-johana-plazas-mana-un-ano-desaparecida-sin-rastro-ni-respuestas\/"},"wordCount":255,"commentCount":0,"publisher":{"@id":"https:\/\/ardigitalnoticias.com\/#organization"},"image":{"@id":"https:\/\/ardigitalnoticias.com\/index.php\/2025\/03\/01\/kelly-johana-plazas-mana-un-ano-desaparecida-sin-rastro-ni-respuestas\/#primaryimage"},"thumbnailUrl":"https:\/\/ardigitalnoticias.com\/wp-content\/uploads\/2025\/03\/InShot_20250301_122641564.jpg","articleSection":["Actualidad","Judicial","Regional"],"inLanguage":"es","potentialAction":[{"@type":"CommentAction","name":"Comment","target":["https:\/\/ardigitalnoticias.com\/index.php\/2025\/03\/01\/kelly-johana-plazas-mana-un-ano-desaparecida-sin-rastro-ni-respuestas\/#respond"]}]},{"@type":"WebPage","@id":"https:\/\/ardigitalnoticias.com\/index.php\/2025\/03\/01\/kelly-johana-plazas-mana-un-ano-desaparecida-sin-rastro-ni-respuestas\/","url":"https:\/\/ardigitalnoticias.com\/index.php\/2025\/03\/01\/kelly-johana-plazas-mana-un-ano-desaparecida-sin-rastro-ni-respuestas\/","name":"KELLY JOHANA PLAZAS MANA UN A\u00d1O DESAPARECIDA, SIN RASTRO NI RESPUESTAS - AR Digital Noticias","isPartOf":{"@id":"https:\/\/ardigitalnoticias.com\/#website"},"primaryImageOfPage":{"@id":"https:\/\/ardigitalnoticias.com\/index.php\/2025\/03\/01\/kelly-johana-plazas-mana-un-ano-desaparecida-sin-rastro-ni-respuestas\/#primaryimage"},"image":{"@id":"https:\/\/ardigitalnoticias.com\/index.php\/2025\/03\/01\/kelly-johana-plazas-mana-un-ano-desaparecida-sin-rastro-ni-respuestas\/#primaryimage"},"thumbnailUrl":"https:\/\/ardigitalnoticias.com\/wp-content\/uploads\/2025\/03\/InShot_20250301_122641564.jpg","datePublished":"2025-03-01T18:08:32+00:00","dateModified":"2025-03-01T18:08:33+00:00","breadcrumb":{"@id":"https:\/\/ardigitalnoticias.com\/index.php\/2025\/03\/01\/kelly-johana-plazas-mana-un-ano-desaparecida-sin-rastro-ni-respuestas\/#breadcrumb"},"inLanguage":"es","potentialAction":[{"@type":"ReadAction","target":["https:\/\/ardigitalnoticias.com\/index.php\/2025\/03\/01\/kelly-johana-plazas-mana-un-ano-desaparecida-sin-rastro-ni-respuestas\/"]}]},{"@type":"ImageObject","inLanguage":"es","@id":"https:\/\/ardigitalnoticias.com\/index.php\/2025\/03\/01\/kelly-johana-plazas-mana-un-ano-desaparecida-sin-rastro-ni-respuestas\/#primaryimage","url":"https:\/\/ardigitalnoticias.com\/wp-content\/uploads\/2025\/03\/InShot_20250301_122641564.jpg","contentUrl":"https:\/\/ardigitalnoticias.com\/wp-content\/uploads\/2025\/03\/InShot_20250301_122641564.jpg","width":1920,"height":1079},{"@type":"BreadcrumbList","@id":"https:\/\/ardigitalnoticias.com\/index.php\/2025\/03\/01\/kelly-johana-plazas-mana-un-ano-desaparecida-sin-rastro-ni-respuestas\/#breadcrumb","itemListElement":[{"@type":"ListItem","position":1,"name":"Portada","item":"https:\/\/ardigitalnoticias.com\/"},{"@type":"ListItem","position":2,"name":"KELLY JOHANA PLAZAS MANA UN A\u00d1O DESAPARECIDA, SIN RASTRO NI RESPUESTAS"}]},{"@type":"WebSite","@id":"https:\/\/ardigitalnoticias.com\/#website","url":"https:\/\/ardigitalnoticias.com\/","name":"AR Digital Noticias","description":"","publisher":{"@id":"https:\/\/ardigitalnoticias.com\/#organization"},"potentialAction":[{"@type":"SearchAction","target":{"@type":"EntryPoint","urlTemplate":"https:\/\/ardigitalnoticias.com\/?s={search_term_string}"},"query-input":{"@type":"PropertyValueSpecification","valueRequired":true,"valueName":"search_term_string"}}],"inLanguage":"es"},{"@type":"Organization","@id":"https:\/\/ardigitalnoticias.com\/#organization","name":"AR Digital Noticias","url":"https:\/\/ardigitalnoticias.com\/","logo":{"@type":"ImageObject","inLanguage":"es","@id":"https:\/\/ardigitalnoticias.com\/#\/schema\/logo\/image\/","url":"https:\/\/ardigitalnoticias.com\/wp-content\/uploads\/2023\/11\/cropped-cropped-cropped-cropped-AR-Digital-Noticias-1.png","contentUrl":"https:\/\/ardigitalnoticias.com\/wp-content\/uploads\/2023\/11\/cropped-cropped-cropped-cropped-AR-Digital-Noticias-1.png","width":972,"height":306,"caption":"AR Digital Noticias"},"image":{"@id":"https:\/\/ardigitalnoticias.com\/#\/schema\/logo\/image\/"}},{"@type":"Person","@id":"https:\/\/ardigitalnoticias.com\/#\/schema\/person\/3f1b0a96e890d8cba89a76c7558a147c","name":"AR Digital Noticias","image":{"@type":"ImageObject","inLanguage":"es","@id":"https:\/\/secure.gravatar.com\/avatar\/55d1acd2f9cac74c99f42fcb5090c2f994204a6f6c571cf4c3001ae692cb9b34?s=96&d=mm&r=g","url":"https:\/\/secure.gravatar.com\/avatar\/55d1acd2f9cac74c99f42fcb5090c2f994204a6f6c571cf4c3001ae692cb9b34?s=96&d=mm&r=g","contentUrl":"https:\/\/secure.gravatar.com\/avatar\/55d1acd2f9cac74c99f42fcb5090c2f994204a6f6c571cf4c3001ae692cb9b34?s=96&d=mm&r=g","caption":"AR Digital Noticias"},"sameAs":["http:\/\/ardigitalnoticias.com"],"url":"https:\/\/ardigitalnoticias.com\/index.php\/author\/editorial\/"}]}},"_links":{"self":[{"href":"https:\/\/ardigitalnoticias.com\/index.php\/wp-json\/wp\/v2\/posts\/6505","targetHints":{"allow":["GET"]}}],"collection":[{"href":"https:\/\/ardigitalnoticias.com\/index.php\/wp-json\/wp\/v2\/posts"}],"about":[{"href":"https:\/\/ardigitalnoticias.com\/index.php\/wp-json\/wp\/v2\/types\/post"}],"author":[{"embeddable":true,"href":"https:\/\/ardigitalnoticias.com\/index.php\/wp-json\/wp\/v2\/users\/2"}],"replies":[{"embeddable":true,"href":"https:\/\/ardigitalnoticias.com\/index.php\/wp-json\/wp\/v2\/comments?post=6505"}],"version-history":[{"count":1,"href":"https:\/\/ardigitalnoticias.com\/index.php\/wp-json\/wp\/v2\/posts\/6505\/revisions"}],"predecessor-version":[{"id":6511,"href":"https:\/\/ardigitalnoticias.com\/index.php\/wp-json\/wp\/v2\/posts\/6505\/revisions\/6511"}],"wp:featuredmedia":[{"embeddable":true,"href":"https:\/\/ardigitalnoticias.com\/index.php\/wp-json\/wp\/v2\/media\/6506"}],"wp:attachment":[{"href":"https:\/\/ardigitalnoticias.com\/index.php\/wp-json\/wp\/v2\/media?parent=6505"}],"wp:term":[{"taxonomy":"category","embeddable":true,"href":"https:\/\/ardigitalnoticias.com\/index.php\/wp-json\/wp\/v2\/categories?post=6505"},{"taxonomy":"post_tag","embeddable":true,"href":"https:\/\/ardigitalnoticias.com\/index.php\/wp-json\/wp\/v2\/tags?post=6505"}],"curies":[{"name":"wp","href":"https:\/\/api.w.org\/{rel}","templated":true}]}}