{"id":6483,"date":"2025-02-28T08:44:46","date_gmt":"2025-02-28T13:44:46","guid":{"rendered":"https:\/\/ardigitalnoticias.com\/?p=6483"},"modified":"2025-02-28T08:44:46","modified_gmt":"2025-02-28T13:44:46","slug":"nueva-secretaria-de-salud-en-garzon-compromiso-por-el-bienestar-de-la-comunidad","status":"publish","type":"post","link":"https:\/\/ardigitalnoticias.com\/index.php\/2025\/02\/28\/nueva-secretaria-de-salud-en-garzon-compromiso-por-el-bienestar-de-la-comunidad\/","title":{"rendered":"NUEVA SECRETARIA DE SALUD EN GARZ\u00d3N COMPROMISO POR EL BIENESTAR DE LA COMUNIDAD"},"content":{"rendered":"\n<p>El alcalde de Garz\u00f3n, Francisco Calder\u00f3n Feriz, sigue fortaleciendo su equipo de gobierno con la designaci\u00f3n de Mayra Alejandra Motta Escalante como nueva Secretaria de Salud Municipal.<\/p>\n\n\n\n<p><strong>POR: ANDR\u00c9S RODR\u00cdGUEZ. <\/strong><\/p>\n\n\n<div class=\"wp-block-image\">\n<figure class=\"aligncenter size-large\"><img loading=\"lazy\" decoding=\"async\" width=\"768\" height=\"1024\" src=\"https:\/\/ardigitalnoticias.com\/wp-content\/uploads\/2025\/02\/Photo_1740749781498-768x1024.jpg\" alt=\"\" class=\"wp-image-6487\" srcset=\"https:\/\/ardigitalnoticias.com\/wp-content\/uploads\/2025\/02\/Photo_1740749781498-768x1024.jpg 768w, https:\/\/ardigitalnoticias.com\/wp-content\/uploads\/2025\/02\/Photo_1740749781498-450x600.jpg 450w, https:\/\/ardigitalnoticias.com\/wp-content\/uploads\/2025\/02\/Photo_1740749781498-225x300.jpg 225w, https:\/\/ardigitalnoticias.com\/wp-content\/uploads\/2025\/02\/Photo_1740749781498-1152x1536.jpg 1152w, https:\/\/ardigitalnoticias.com\/wp-content\/uploads\/2025\/02\/Photo_1740749781498-1536x2048.jpg 1536w, https:\/\/ardigitalnoticias.com\/wp-content\/uploads\/2025\/02\/Photo_1740749781498-315x420.jpg 315w, https:\/\/ardigitalnoticias.com\/wp-content\/uploads\/2025\/02\/Photo_1740749781498-150x200.jpg 150w, https:\/\/ardigitalnoticias.com\/wp-content\/uploads\/2025\/02\/Photo_1740749781498-300x400.jpg 300w, https:\/\/ardigitalnoticias.com\/wp-content\/uploads\/2025\/02\/Photo_1740749781498-696x928.jpg 696w, https:\/\/ardigitalnoticias.com\/wp-content\/uploads\/2025\/02\/Photo_1740749781498-1068x1424.jpg 1068w, https:\/\/ardigitalnoticias.com\/wp-content\/uploads\/2025\/02\/Photo_1740749781498-scaled.jpg 1920w\" sizes=\"auto, (max-width: 768px) 100vw, 768px\" \/><\/figure>\n<\/div>\n\n\n<p>La posesi\u00f3n oficial de la funcionaria se llev\u00f3 a cabo en un acto protocolario en la Alcald\u00eda, donde reafirm\u00f3 su compromiso con el mejoramiento del sistema de salud del municipio. <\/p>\n\n\n\n<p>???? UNA PROFESIONAL CON EXPERIENCIA Y VISI\u00d3N INTEGRAL <\/p>\n\n\n\n<p>Motta Escalante es una garzone\u00f1a con una destacada trayectoria en el sector salud. Es fisioterapeuta y especialista en Gerencia de la Calidad en Salud y Cuidado Cr\u00edtico, lo que le permite comprender y gestionar con una visi\u00f3n integral la prestaci\u00f3n de los distintos servicios de salud en la capital diocesana del departamento.<\/p>\n\n\n\n<p> Su experiencia abarca tanto el sector p\u00fablico como el privado, desempe\u00f1\u00e1ndose en diferentes instituciones del Huila. Gracias a esto, conoce de cerca las problem\u00e1ticas y desaf\u00edos que enfrenta la salud en el municipio, lo que le permitir\u00e1 tomar decisiones estrat\u00e9gicas para mejorar la atenci\u00f3n m\u00e9dica y optimizar los recursos disponibles. <\/p>\n\n\n<div class=\"wp-block-image\">\n<figure class=\"aligncenter size-full\"><img loading=\"lazy\" decoding=\"async\" width=\"480\" height=\"848\" src=\"https:\/\/ardigitalnoticias.com\/wp-content\/uploads\/2025\/02\/Photo_1740749781075.jpg\" alt=\"\" class=\"wp-image-6485\" srcset=\"https:\/\/ardigitalnoticias.com\/wp-content\/uploads\/2025\/02\/Photo_1740749781075.jpg 480w, https:\/\/ardigitalnoticias.com\/wp-content\/uploads\/2025\/02\/Photo_1740749781075-340x600.jpg 340w, https:\/\/ardigitalnoticias.com\/wp-content\/uploads\/2025\/02\/Photo_1740749781075-170x300.jpg 170w, https:\/\/ardigitalnoticias.com\/wp-content\/uploads\/2025\/02\/Photo_1740749781075-238x420.jpg 238w, https:\/\/ardigitalnoticias.com\/wp-content\/uploads\/2025\/02\/Photo_1740749781075-150x265.jpg 150w, https:\/\/ardigitalnoticias.com\/wp-content\/uploads\/2025\/02\/Photo_1740749781075-300x530.jpg 300w\" sizes=\"auto, (max-width: 480px) 100vw, 480px\" \/><\/figure>\n<\/div>\n\n\n<p>???? \u00bfQU\u00c9 SE ESPERA DE SU GESTI\u00d3N? <\/p>\n\n\n\n<p>La llegada de Motta Escalante a la Secretar\u00eda de Salud Municipal representa un nuevo impulso para el sector, con el objetivo de mejorar la calidad en los diferentes servicio y garantizar un acceso oportuno y equitativo para toda la comunidad garzone\u00f1a. <\/p>\n\n\n\n<p>Entre sus principales retos estar\u00e1n: <\/p>\n\n\n\n<p>\u2705 Fortalecer la salud mental, promoviendo estrategias que brinden apoyo psicosocial y emocional a la comunidad. <\/p>\n\n\n\n<p>\u2705 Impulsar h\u00e1bitos de vida saludables, con campa\u00f1as de prevenci\u00f3n y educaci\u00f3n en salud. <\/p>\n\n\n\n<p>\u2705 Gestionar recursos para mejorar la infraestructura sanitaria, garantizando centros de salud bien equipados. <\/p>\n\n\n\n<p>\u2705 Optimizar los procesos administrativos y asistenciales, implementando estrategias para que los servicios m\u00e9dicos sean m\u00e1s eficientes y humanizados. <\/p>\n\n\n\n<p>\u2705 Garantizar el acceso a la atenci\u00f3n primaria en salud, promoviendo brigadas m\u00e9dicas en las zonas rurales y urbanas del municipio.<\/p>\n\n\n<div class=\"wp-block-image\">\n<figure class=\"aligncenter size-large\"><img loading=\"lazy\" decoding=\"async\" width=\"576\" height=\"1024\" src=\"https:\/\/ardigitalnoticias.com\/wp-content\/uploads\/2025\/02\/Photo_1740749781179-576x1024.jpg\" alt=\"\" class=\"wp-image-6486\" srcset=\"https:\/\/ardigitalnoticias.com\/wp-content\/uploads\/2025\/02\/Photo_1740749781179-576x1024.jpg 576w, https:\/\/ardigitalnoticias.com\/wp-content\/uploads\/2025\/02\/Photo_1740749781179-338x600.jpg 338w, https:\/\/ardigitalnoticias.com\/wp-content\/uploads\/2025\/02\/Photo_1740749781179-169x300.jpg 169w, https:\/\/ardigitalnoticias.com\/wp-content\/uploads\/2025\/02\/Photo_1740749781179-768x1365.jpg 768w, https:\/\/ardigitalnoticias.com\/wp-content\/uploads\/2025\/02\/Photo_1740749781179-864x1536.jpg 864w, https:\/\/ardigitalnoticias.com\/wp-content\/uploads\/2025\/02\/Photo_1740749781179-236x420.jpg 236w, https:\/\/ardigitalnoticias.com\/wp-content\/uploads\/2025\/02\/Photo_1740749781179-150x267.jpg 150w, https:\/\/ardigitalnoticias.com\/wp-content\/uploads\/2025\/02\/Photo_1740749781179-300x533.jpg 300w, https:\/\/ardigitalnoticias.com\/wp-content\/uploads\/2025\/02\/Photo_1740749781179-696x1237.jpg 696w, https:\/\/ardigitalnoticias.com\/wp-content\/uploads\/2025\/02\/Photo_1740749781179.jpg 900w\" sizes=\"auto, (max-width: 576px) 100vw, 576px\" \/><\/figure>\n<\/div>\n\n\n<p>???? UNA GESTI\u00d3N QUE APUESTA POR LA CALIDAD Y LA HUMANIZACI\u00d3N <\/p>\n\n\n\n<p>Uno de los grandes desaf\u00edos de la nueva secretaria ser\u00e1 elevar los est\u00e1ndares de calidad en la atenci\u00f3n en salud, asegurando que cada ciudadano reciba un servicio oportuno, digno y eficiente. Su especializaci\u00f3n en Gerencia de la Calidad en Salud ser\u00e1 clave para establecer mecanismos de control y mejora continua en la prestaci\u00f3n de los servicios m\u00e9dicos.  <\/p>\n\n\n\n<p>Desde ArDigitalNoticias.com, le deseamos muchos \u00e9xitos en este nuevo reto. Su liderazgo, conocimiento y compromiso ser\u00e1n fundamentales para seguir avanzando en la construcci\u00f3n de un sistema de salud m\u00e1s s\u00f3lido, eficiente y accesible para todos los garzone\u00f1os.<\/p>\n\n\n<div class=\"wp-block-image\">\n<figure class=\"aligncenter size-large\"><img loading=\"lazy\" decoding=\"async\" width=\"768\" height=\"1024\" src=\"https:\/\/ardigitalnoticias.com\/wp-content\/uploads\/2025\/02\/Photo_1740749781951-768x1024.jpg\" alt=\"\" class=\"wp-image-6488\" srcset=\"https:\/\/ardigitalnoticias.com\/wp-content\/uploads\/2025\/02\/Photo_1740749781951-768x1024.jpg 768w, https:\/\/ardigitalnoticias.com\/wp-content\/uploads\/2025\/02\/Photo_1740749781951-450x600.jpg 450w, https:\/\/ardigitalnoticias.com\/wp-content\/uploads\/2025\/02\/Photo_1740749781951-225x300.jpg 225w, https:\/\/ardigitalnoticias.com\/wp-content\/uploads\/2025\/02\/Photo_1740749781951-1152x1536.jpg 1152w, https:\/\/ardigitalnoticias.com\/wp-content\/uploads\/2025\/02\/Photo_1740749781951-1536x2048.jpg 1536w, https:\/\/ardigitalnoticias.com\/wp-content\/uploads\/2025\/02\/Photo_1740749781951-315x420.jpg 315w, https:\/\/ardigitalnoticias.com\/wp-content\/uploads\/2025\/02\/Photo_1740749781951-150x200.jpg 150w, https:\/\/ardigitalnoticias.com\/wp-content\/uploads\/2025\/02\/Photo_1740749781951-300x400.jpg 300w, https:\/\/ardigitalnoticias.com\/wp-content\/uploads\/2025\/02\/Photo_1740749781951-696x928.jpg 696w, https:\/\/ardigitalnoticias.com\/wp-content\/uploads\/2025\/02\/Photo_1740749781951-1068x1424.jpg 1068w, https:\/\/ardigitalnoticias.com\/wp-content\/uploads\/2025\/02\/Photo_1740749781951-scaled.jpg 1920w\" sizes=\"auto, (max-width: 768px) 100vw, 768px\" \/><\/figure>\n<\/div>","protected":false},"excerpt":{"rendered":"<p>El alcalde de Garz\u00f3n, Francisco Calder\u00f3n Feriz, sigue fortaleciendo su equipo de gobierno con la designaci\u00f3n de Mayra Alejandra Motta Escalante como nueva Secretaria de Salud Municipal. POR: ANDR\u00c9S RODR\u00cdGUEZ. La posesi\u00f3n oficial de la funcionaria se llev\u00f3 a cabo en un acto protocolario en la Alcald\u00eda, donde reafirm\u00f3 su compromiso con el mejoramiento del [&hellip;]<\/p>\n","protected":false},"author":2,"featured_media":6484,"comment_status":"open","ping_status":"open","sticky":false,"template":"","format":"standard","meta":{"_acf_changed":false,"_joinchat":[],"footnotes":""},"categories":[1,25,21,19],"tags":[],"class_list":{"0":"post-6483","1":"post","2":"type-post","3":"status-publish","4":"format-standard","5":"has-post-thumbnail","7":"category-actualidad","8":"category-centro","9":"category-locales","10":"category-regional"},"acf":[],"yoast_head":"<!-- This site is optimized with the Yoast SEO plugin v27.5 - https:\/\/yoast.com\/product\/yoast-seo-wordpress\/ -->\n<title>NUEVA SECRETARIA DE SALUD EN GARZ\u00d3N COMPROMISO POR EL BIENESTAR DE LA COMUNIDAD - AR Digital Noticias<\/title>\n<meta name=\"robots\" content=\"index, follow, max-snippet:-1, max-image-preview:large, max-video-preview:-1\" \/>\n<link rel=\"canonical\" href=\"https:\/\/ardigitalnoticias.com\/index.php\/2025\/02\/28\/nueva-secretaria-de-salud-en-garzon-compromiso-por-el-bienestar-de-la-comunidad\/\" \/>\n<meta property=\"og:locale\" content=\"es_ES\" \/>\n<meta property=\"og:type\" content=\"article\" \/>\n<meta property=\"og:title\" content=\"NUEVA SECRETARIA DE SALUD EN GARZ\u00d3N COMPROMISO POR EL BIENESTAR DE LA COMUNIDAD - AR Digital Noticias\" \/>\n<meta property=\"og:description\" content=\"El alcalde de Garz\u00f3n, Francisco Calder\u00f3n Feriz, sigue fortaleciendo su equipo de gobierno con la designaci\u00f3n de Mayra Alejandra Motta Escalante como nueva Secretaria de Salud Municipal. POR: ANDR\u00c9S RODR\u00cdGUEZ. La posesi\u00f3n oficial de la funcionaria se llev\u00f3 a cabo en un acto protocolario en la Alcald\u00eda, donde reafirm\u00f3 su compromiso con el mejoramiento del [&hellip;]\" \/>\n<meta property=\"og:url\" content=\"https:\/\/ardigitalnoticias.com\/index.php\/2025\/02\/28\/nueva-secretaria-de-salud-en-garzon-compromiso-por-el-bienestar-de-la-comunidad\/\" \/>\n<meta property=\"og:site_name\" content=\"AR Digital Noticias\" \/>\n<meta property=\"article:published_time\" content=\"2025-02-28T13:44:46+00:00\" \/>\n<meta property=\"og:image\" content=\"https:\/\/ardigitalnoticias.com\/wp-content\/uploads\/2025\/02\/Photo_1740749780860-scaled.jpg\" \/>\n\t<meta property=\"og:image:width\" content=\"2560\" \/>\n\t<meta property=\"og:image:height\" content=\"1439\" \/>\n\t<meta property=\"og:image:type\" content=\"image\/jpeg\" \/>\n<meta name=\"author\" content=\"AR Digital Noticias\" \/>\n<meta name=\"twitter:card\" content=\"summary_large_image\" \/>\n<meta name=\"twitter:label1\" content=\"Escrito por\" \/>\n\t<meta name=\"twitter:data1\" content=\"AR Digital Noticias\" \/>\n\t<meta name=\"twitter:label2\" content=\"Tiempo de lectura\" \/>\n\t<meta name=\"twitter:data2\" content=\"3 minutos\" \/>\n<script type=\"application\/ld+json\" class=\"yoast-schema-graph\">{\"@context\":\"https:\\\/\\\/schema.org\",\"@graph\":[{\"@type\":\"Article\",\"@id\":\"https:\\\/\\\/ardigitalnoticias.com\\\/index.php\\\/2025\\\/02\\\/28\\\/nueva-secretaria-de-salud-en-garzon-compromiso-por-el-bienestar-de-la-comunidad\\\/#article\",\"isPartOf\":{\"@id\":\"https:\\\/\\\/ardigitalnoticias.com\\\/index.php\\\/2025\\\/02\\\/28\\\/nueva-secretaria-de-salud-en-garzon-compromiso-por-el-bienestar-de-la-comunidad\\\/\"},\"author\":{\"name\":\"AR Digital Noticias\",\"@id\":\"https:\\\/\\\/ardigitalnoticias.com\\\/#\\\/schema\\\/person\\\/3f1b0a96e890d8cba89a76c7558a147c\"},\"headline\":\"NUEVA SECRETARIA DE SALUD EN GARZ\u00d3N COMPROMISO POR EL BIENESTAR DE LA COMUNIDAD\",\"datePublished\":\"2025-02-28T13:44:46+00:00\",\"mainEntityOfPage\":{\"@id\":\"https:\\\/\\\/ardigitalnoticias.com\\\/index.php\\\/2025\\\/02\\\/28\\\/nueva-secretaria-de-salud-en-garzon-compromiso-por-el-bienestar-de-la-comunidad\\\/\"},\"wordCount\":463,\"commentCount\":0,\"publisher\":{\"@id\":\"https:\\\/\\\/ardigitalnoticias.com\\\/#organization\"},\"image\":{\"@id\":\"https:\\\/\\\/ardigitalnoticias.com\\\/index.php\\\/2025\\\/02\\\/28\\\/nueva-secretaria-de-salud-en-garzon-compromiso-por-el-bienestar-de-la-comunidad\\\/#primaryimage\"},\"thumbnailUrl\":\"https:\\\/\\\/ardigitalnoticias.com\\\/wp-content\\\/uploads\\\/2025\\\/02\\\/Photo_1740749780860-scaled.jpg\",\"articleSection\":[\"Actualidad\",\"Centro\",\"Garz\u00f3n\",\"Regional\"],\"inLanguage\":\"es\",\"potentialAction\":[{\"@type\":\"CommentAction\",\"name\":\"Comment\",\"target\":[\"https:\\\/\\\/ardigitalnoticias.com\\\/index.php\\\/2025\\\/02\\\/28\\\/nueva-secretaria-de-salud-en-garzon-compromiso-por-el-bienestar-de-la-comunidad\\\/#respond\"]}]},{\"@type\":\"WebPage\",\"@id\":\"https:\\\/\\\/ardigitalnoticias.com\\\/index.php\\\/2025\\\/02\\\/28\\\/nueva-secretaria-de-salud-en-garzon-compromiso-por-el-bienestar-de-la-comunidad\\\/\",\"url\":\"https:\\\/\\\/ardigitalnoticias.com\\\/index.php\\\/2025\\\/02\\\/28\\\/nueva-secretaria-de-salud-en-garzon-compromiso-por-el-bienestar-de-la-comunidad\\\/\",\"name\":\"NUEVA SECRETARIA DE SALUD EN GARZ\u00d3N COMPROMISO POR EL BIENESTAR DE LA COMUNIDAD - AR Digital Noticias\",\"isPartOf\":{\"@id\":\"https:\\\/\\\/ardigitalnoticias.com\\\/#website\"},\"primaryImageOfPage\":{\"@id\":\"https:\\\/\\\/ardigitalnoticias.com\\\/index.php\\\/2025\\\/02\\\/28\\\/nueva-secretaria-de-salud-en-garzon-compromiso-por-el-bienestar-de-la-comunidad\\\/#primaryimage\"},\"image\":{\"@id\":\"https:\\\/\\\/ardigitalnoticias.com\\\/index.php\\\/2025\\\/02\\\/28\\\/nueva-secretaria-de-salud-en-garzon-compromiso-por-el-bienestar-de-la-comunidad\\\/#primaryimage\"},\"thumbnailUrl\":\"https:\\\/\\\/ardigitalnoticias.com\\\/wp-content\\\/uploads\\\/2025\\\/02\\\/Photo_1740749780860-scaled.jpg\",\"datePublished\":\"2025-02-28T13:44:46+00:00\",\"breadcrumb\":{\"@id\":\"https:\\\/\\\/ardigitalnoticias.com\\\/index.php\\\/2025\\\/02\\\/28\\\/nueva-secretaria-de-salud-en-garzon-compromiso-por-el-bienestar-de-la-comunidad\\\/#breadcrumb\"},\"inLanguage\":\"es\",\"potentialAction\":[{\"@type\":\"ReadAction\",\"target\":[\"https:\\\/\\\/ardigitalnoticias.com\\\/index.php\\\/2025\\\/02\\\/28\\\/nueva-secretaria-de-salud-en-garzon-compromiso-por-el-bienestar-de-la-comunidad\\\/\"]}]},{\"@type\":\"ImageObject\",\"inLanguage\":\"es\",\"@id\":\"https:\\\/\\\/ardigitalnoticias.com\\\/index.php\\\/2025\\\/02\\\/28\\\/nueva-secretaria-de-salud-en-garzon-compromiso-por-el-bienestar-de-la-comunidad\\\/#primaryimage\",\"url\":\"https:\\\/\\\/ardigitalnoticias.com\\\/wp-content\\\/uploads\\\/2025\\\/02\\\/Photo_1740749780860-scaled.jpg\",\"contentUrl\":\"https:\\\/\\\/ardigitalnoticias.com\\\/wp-content\\\/uploads\\\/2025\\\/02\\\/Photo_1740749780860-scaled.jpg\",\"width\":2560,\"height\":1439},{\"@type\":\"BreadcrumbList\",\"@id\":\"https:\\\/\\\/ardigitalnoticias.com\\\/index.php\\\/2025\\\/02\\\/28\\\/nueva-secretaria-de-salud-en-garzon-compromiso-por-el-bienestar-de-la-comunidad\\\/#breadcrumb\",\"itemListElement\":[{\"@type\":\"ListItem\",\"position\":1,\"name\":\"Portada\",\"item\":\"https:\\\/\\\/ardigitalnoticias.com\\\/\"},{\"@type\":\"ListItem\",\"position\":2,\"name\":\"NUEVA SECRETARIA DE SALUD EN GARZ\u00d3N COMPROMISO POR EL BIENESTAR DE LA COMUNIDAD\"}]},{\"@type\":\"WebSite\",\"@id\":\"https:\\\/\\\/ardigitalnoticias.com\\\/#website\",\"url\":\"https:\\\/\\\/ardigitalnoticias.com\\\/\",\"name\":\"AR Digital Noticias\",\"description\":\"\",\"publisher\":{\"@id\":\"https:\\\/\\\/ardigitalnoticias.com\\\/#organization\"},\"potentialAction\":[{\"@type\":\"SearchAction\",\"target\":{\"@type\":\"EntryPoint\",\"urlTemplate\":\"https:\\\/\\\/ardigitalnoticias.com\\\/?s={search_term_string}\"},\"query-input\":{\"@type\":\"PropertyValueSpecification\",\"valueRequired\":true,\"valueName\":\"search_term_string\"}}],\"inLanguage\":\"es\"},{\"@type\":\"Organization\",\"@id\":\"https:\\\/\\\/ardigitalnoticias.com\\\/#organization\",\"name\":\"AR Digital Noticias\",\"url\":\"https:\\\/\\\/ardigitalnoticias.com\\\/\",\"logo\":{\"@type\":\"ImageObject\",\"inLanguage\":\"es\",\"@id\":\"https:\\\/\\\/ardigitalnoticias.com\\\/#\\\/schema\\\/logo\\\/image\\\/\",\"url\":\"https:\\\/\\\/ardigitalnoticias.com\\\/wp-content\\\/uploads\\\/2023\\\/11\\\/cropped-cropped-cropped-cropped-AR-Digital-Noticias-1.png\",\"contentUrl\":\"https:\\\/\\\/ardigitalnoticias.com\\\/wp-content\\\/uploads\\\/2023\\\/11\\\/cropped-cropped-cropped-cropped-AR-Digital-Noticias-1.png\",\"width\":972,\"height\":306,\"caption\":\"AR Digital Noticias\"},\"image\":{\"@id\":\"https:\\\/\\\/ardigitalnoticias.com\\\/#\\\/schema\\\/logo\\\/image\\\/\"}},{\"@type\":\"Person\",\"@id\":\"https:\\\/\\\/ardigitalnoticias.com\\\/#\\\/schema\\\/person\\\/3f1b0a96e890d8cba89a76c7558a147c\",\"name\":\"AR Digital Noticias\",\"image\":{\"@type\":\"ImageObject\",\"inLanguage\":\"es\",\"@id\":\"https:\\\/\\\/secure.gravatar.com\\\/avatar\\\/55d1acd2f9cac74c99f42fcb5090c2f994204a6f6c571cf4c3001ae692cb9b34?s=96&d=mm&r=g\",\"url\":\"https:\\\/\\\/secure.gravatar.com\\\/avatar\\\/55d1acd2f9cac74c99f42fcb5090c2f994204a6f6c571cf4c3001ae692cb9b34?s=96&d=mm&r=g\",\"contentUrl\":\"https:\\\/\\\/secure.gravatar.com\\\/avatar\\\/55d1acd2f9cac74c99f42fcb5090c2f994204a6f6c571cf4c3001ae692cb9b34?s=96&d=mm&r=g\",\"caption\":\"AR Digital Noticias\"},\"sameAs\":[\"http:\\\/\\\/ardigitalnoticias.com\"],\"url\":\"https:\\\/\\\/ardigitalnoticias.com\\\/index.php\\\/author\\\/editorial\\\/\"}]}<\/script>\n<!-- \/ Yoast SEO plugin. -->","yoast_head_json":{"title":"NUEVA SECRETARIA DE SALUD EN GARZ\u00d3N COMPROMISO POR EL BIENESTAR DE LA COMUNIDAD - AR Digital Noticias","robots":{"index":"index","follow":"follow","max-snippet":"max-snippet:-1","max-image-preview":"max-image-preview:large","max-video-preview":"max-video-preview:-1"},"canonical":"https:\/\/ardigitalnoticias.com\/index.php\/2025\/02\/28\/nueva-secretaria-de-salud-en-garzon-compromiso-por-el-bienestar-de-la-comunidad\/","og_locale":"es_ES","og_type":"article","og_title":"NUEVA SECRETARIA DE SALUD EN GARZ\u00d3N COMPROMISO POR EL BIENESTAR DE LA COMUNIDAD - AR Digital Noticias","og_description":"El alcalde de Garz\u00f3n, Francisco Calder\u00f3n Feriz, sigue fortaleciendo su equipo de gobierno con la designaci\u00f3n de Mayra Alejandra Motta Escalante como nueva Secretaria de Salud Municipal. POR: ANDR\u00c9S RODR\u00cdGUEZ. La posesi\u00f3n oficial de la funcionaria se llev\u00f3 a cabo en un acto protocolario en la Alcald\u00eda, donde reafirm\u00f3 su compromiso con el mejoramiento del [&hellip;]","og_url":"https:\/\/ardigitalnoticias.com\/index.php\/2025\/02\/28\/nueva-secretaria-de-salud-en-garzon-compromiso-por-el-bienestar-de-la-comunidad\/","og_site_name":"AR Digital Noticias","article_published_time":"2025-02-28T13:44:46+00:00","og_image":[{"width":2560,"height":1439,"url":"https:\/\/ardigitalnoticias.com\/wp-content\/uploads\/2025\/02\/Photo_1740749780860-scaled.jpg","type":"image\/jpeg"}],"author":"AR Digital Noticias","twitter_card":"summary_large_image","twitter_misc":{"Escrito por":"AR Digital Noticias","Tiempo de lectura":"3 minutos"},"schema":{"@context":"https:\/\/schema.org","@graph":[{"@type":"Article","@id":"https:\/\/ardigitalnoticias.com\/index.php\/2025\/02\/28\/nueva-secretaria-de-salud-en-garzon-compromiso-por-el-bienestar-de-la-comunidad\/#article","isPartOf":{"@id":"https:\/\/ardigitalnoticias.com\/index.php\/2025\/02\/28\/nueva-secretaria-de-salud-en-garzon-compromiso-por-el-bienestar-de-la-comunidad\/"},"author":{"name":"AR Digital Noticias","@id":"https:\/\/ardigitalnoticias.com\/#\/schema\/person\/3f1b0a96e890d8cba89a76c7558a147c"},"headline":"NUEVA SECRETARIA DE SALUD EN GARZ\u00d3N COMPROMISO POR EL BIENESTAR DE LA COMUNIDAD","datePublished":"2025-02-28T13:44:46+00:00","mainEntityOfPage":{"@id":"https:\/\/ardigitalnoticias.com\/index.php\/2025\/02\/28\/nueva-secretaria-de-salud-en-garzon-compromiso-por-el-bienestar-de-la-comunidad\/"},"wordCount":463,"commentCount":0,"publisher":{"@id":"https:\/\/ardigitalnoticias.com\/#organization"},"image":{"@id":"https:\/\/ardigitalnoticias.com\/index.php\/2025\/02\/28\/nueva-secretaria-de-salud-en-garzon-compromiso-por-el-bienestar-de-la-comunidad\/#primaryimage"},"thumbnailUrl":"https:\/\/ardigitalnoticias.com\/wp-content\/uploads\/2025\/02\/Photo_1740749780860-scaled.jpg","articleSection":["Actualidad","Centro","Garz\u00f3n","Regional"],"inLanguage":"es","potentialAction":[{"@type":"CommentAction","name":"Comment","target":["https:\/\/ardigitalnoticias.com\/index.php\/2025\/02\/28\/nueva-secretaria-de-salud-en-garzon-compromiso-por-el-bienestar-de-la-comunidad\/#respond"]}]},{"@type":"WebPage","@id":"https:\/\/ardigitalnoticias.com\/index.php\/2025\/02\/28\/nueva-secretaria-de-salud-en-garzon-compromiso-por-el-bienestar-de-la-comunidad\/","url":"https:\/\/ardigitalnoticias.com\/index.php\/2025\/02\/28\/nueva-secretaria-de-salud-en-garzon-compromiso-por-el-bienestar-de-la-comunidad\/","name":"NUEVA SECRETARIA DE SALUD EN GARZ\u00d3N COMPROMISO POR EL BIENESTAR DE LA COMUNIDAD - AR Digital Noticias","isPartOf":{"@id":"https:\/\/ardigitalnoticias.com\/#website"},"primaryImageOfPage":{"@id":"https:\/\/ardigitalnoticias.com\/index.php\/2025\/02\/28\/nueva-secretaria-de-salud-en-garzon-compromiso-por-el-bienestar-de-la-comunidad\/#primaryimage"},"image":{"@id":"https:\/\/ardigitalnoticias.com\/index.php\/2025\/02\/28\/nueva-secretaria-de-salud-en-garzon-compromiso-por-el-bienestar-de-la-comunidad\/#primaryimage"},"thumbnailUrl":"https:\/\/ardigitalnoticias.com\/wp-content\/uploads\/2025\/02\/Photo_1740749780860-scaled.jpg","datePublished":"2025-02-28T13:44:46+00:00","breadcrumb":{"@id":"https:\/\/ardigitalnoticias.com\/index.php\/2025\/02\/28\/nueva-secretaria-de-salud-en-garzon-compromiso-por-el-bienestar-de-la-comunidad\/#breadcrumb"},"inLanguage":"es","potentialAction":[{"@type":"ReadAction","target":["https:\/\/ardigitalnoticias.com\/index.php\/2025\/02\/28\/nueva-secretaria-de-salud-en-garzon-compromiso-por-el-bienestar-de-la-comunidad\/"]}]},{"@type":"ImageObject","inLanguage":"es","@id":"https:\/\/ardigitalnoticias.com\/index.php\/2025\/02\/28\/nueva-secretaria-de-salud-en-garzon-compromiso-por-el-bienestar-de-la-comunidad\/#primaryimage","url":"https:\/\/ardigitalnoticias.com\/wp-content\/uploads\/2025\/02\/Photo_1740749780860-scaled.jpg","contentUrl":"https:\/\/ardigitalnoticias.com\/wp-content\/uploads\/2025\/02\/Photo_1740749780860-scaled.jpg","width":2560,"height":1439},{"@type":"BreadcrumbList","@id":"https:\/\/ardigitalnoticias.com\/index.php\/2025\/02\/28\/nueva-secretaria-de-salud-en-garzon-compromiso-por-el-bienestar-de-la-comunidad\/#breadcrumb","itemListElement":[{"@type":"ListItem","position":1,"name":"Portada","item":"https:\/\/ardigitalnoticias.com\/"},{"@type":"ListItem","position":2,"name":"NUEVA SECRETARIA DE SALUD EN GARZ\u00d3N COMPROMISO POR EL BIENESTAR DE LA COMUNIDAD"}]},{"@type":"WebSite","@id":"https:\/\/ardigitalnoticias.com\/#website","url":"https:\/\/ardigitalnoticias.com\/","name":"AR Digital Noticias","description":"","publisher":{"@id":"https:\/\/ardigitalnoticias.com\/#organization"},"potentialAction":[{"@type":"SearchAction","target":{"@type":"EntryPoint","urlTemplate":"https:\/\/ardigitalnoticias.com\/?s={search_term_string}"},"query-input":{"@type":"PropertyValueSpecification","valueRequired":true,"valueName":"search_term_string"}}],"inLanguage":"es"},{"@type":"Organization","@id":"https:\/\/ardigitalnoticias.com\/#organization","name":"AR Digital Noticias","url":"https:\/\/ardigitalnoticias.com\/","logo":{"@type":"ImageObject","inLanguage":"es","@id":"https:\/\/ardigitalnoticias.com\/#\/schema\/logo\/image\/","url":"https:\/\/ardigitalnoticias.com\/wp-content\/uploads\/2023\/11\/cropped-cropped-cropped-cropped-AR-Digital-Noticias-1.png","contentUrl":"https:\/\/ardigitalnoticias.com\/wp-content\/uploads\/2023\/11\/cropped-cropped-cropped-cropped-AR-Digital-Noticias-1.png","width":972,"height":306,"caption":"AR Digital Noticias"},"image":{"@id":"https:\/\/ardigitalnoticias.com\/#\/schema\/logo\/image\/"}},{"@type":"Person","@id":"https:\/\/ardigitalnoticias.com\/#\/schema\/person\/3f1b0a96e890d8cba89a76c7558a147c","name":"AR Digital Noticias","image":{"@type":"ImageObject","inLanguage":"es","@id":"https:\/\/secure.gravatar.com\/avatar\/55d1acd2f9cac74c99f42fcb5090c2f994204a6f6c571cf4c3001ae692cb9b34?s=96&d=mm&r=g","url":"https:\/\/secure.gravatar.com\/avatar\/55d1acd2f9cac74c99f42fcb5090c2f994204a6f6c571cf4c3001ae692cb9b34?s=96&d=mm&r=g","contentUrl":"https:\/\/secure.gravatar.com\/avatar\/55d1acd2f9cac74c99f42fcb5090c2f994204a6f6c571cf4c3001ae692cb9b34?s=96&d=mm&r=g","caption":"AR Digital Noticias"},"sameAs":["http:\/\/ardigitalnoticias.com"],"url":"https:\/\/ardigitalnoticias.com\/index.php\/author\/editorial\/"}]}},"_links":{"self":[{"href":"https:\/\/ardigitalnoticias.com\/index.php\/wp-json\/wp\/v2\/posts\/6483","targetHints":{"allow":["GET"]}}],"collection":[{"href":"https:\/\/ardigitalnoticias.com\/index.php\/wp-json\/wp\/v2\/posts"}],"about":[{"href":"https:\/\/ardigitalnoticias.com\/index.php\/wp-json\/wp\/v2\/types\/post"}],"author":[{"embeddable":true,"href":"https:\/\/ardigitalnoticias.com\/index.php\/wp-json\/wp\/v2\/users\/2"}],"replies":[{"embeddable":true,"href":"https:\/\/ardigitalnoticias.com\/index.php\/wp-json\/wp\/v2\/comments?post=6483"}],"version-history":[{"count":1,"href":"https:\/\/ardigitalnoticias.com\/index.php\/wp-json\/wp\/v2\/posts\/6483\/revisions"}],"predecessor-version":[{"id":6489,"href":"https:\/\/ardigitalnoticias.com\/index.php\/wp-json\/wp\/v2\/posts\/6483\/revisions\/6489"}],"wp:featuredmedia":[{"embeddable":true,"href":"https:\/\/ardigitalnoticias.com\/index.php\/wp-json\/wp\/v2\/media\/6484"}],"wp:attachment":[{"href":"https:\/\/ardigitalnoticias.com\/index.php\/wp-json\/wp\/v2\/media?parent=6483"}],"wp:term":[{"taxonomy":"category","embeddable":true,"href":"https:\/\/ardigitalnoticias.com\/index.php\/wp-json\/wp\/v2\/categories?post=6483"},{"taxonomy":"post_tag","embeddable":true,"href":"https:\/\/ardigitalnoticias.com\/index.php\/wp-json\/wp\/v2\/tags?post=6483"}],"curies":[{"name":"wp","href":"https:\/\/api.w.org\/{rel}","templated":true}]}}