{"id":6325,"date":"2025-01-24T11:16:57","date_gmt":"2025-01-24T16:16:57","guid":{"rendered":"https:\/\/ardigitalnoticias.com\/?p=6325"},"modified":"2025-01-24T11:16:58","modified_gmt":"2025-01-24T16:16:58","slug":"francisco-calderon-alcalde-de-garzon-participa-en-consejo-de-seguridad-con-el-ministro-del-interior","status":"publish","type":"post","link":"https:\/\/ardigitalnoticias.com\/index.php\/2025\/01\/24\/francisco-calderon-alcalde-de-garzon-participa-en-consejo-de-seguridad-con-el-ministro-del-interior\/","title":{"rendered":"FRANCISCO CALDER\u00d3N ALCALDE DE GARZ\u00d3N PARTICIPA EN CONSEJO DE SEGURIDAD CON EL MINISTRO DEL INTERIOR."},"content":{"rendered":"\n<p>A esta hora, el alcalde del municipio de Garz\u00f3n, Francisco Calder\u00f3n Feriz, participa en el Consejo de Seguridad desarrollado en el Sal\u00f3n de Gobernadores.<\/p>\n\n\n\n<p><strong>POR: ANDR\u00c9S RODR\u00cdGUEZ. <\/strong><\/p>\n\n\n<div class=\"wp-block-image\">\n<figure class=\"aligncenter size-large\"><img loading=\"lazy\" decoding=\"async\" width=\"1024\" height=\"768\" src=\"https:\/\/ardigitalnoticias.com\/wp-content\/uploads\/2025\/01\/Photo_1737735010394-1024x768.jpg\" alt=\"\" class=\"wp-image-6327\" srcset=\"https:\/\/ardigitalnoticias.com\/wp-content\/uploads\/2025\/01\/Photo_1737735010394-1024x768.jpg 1024w, https:\/\/ardigitalnoticias.com\/wp-content\/uploads\/2025\/01\/Photo_1737735010394-600x450.jpg 600w, https:\/\/ardigitalnoticias.com\/wp-content\/uploads\/2025\/01\/Photo_1737735010394-300x225.jpg 300w, https:\/\/ardigitalnoticias.com\/wp-content\/uploads\/2025\/01\/Photo_1737735010394-768x576.jpg 768w, https:\/\/ardigitalnoticias.com\/wp-content\/uploads\/2025\/01\/Photo_1737735010394-1536x1152.jpg 1536w, https:\/\/ardigitalnoticias.com\/wp-content\/uploads\/2025\/01\/Photo_1737735010394-2048x1536.jpg 2048w, https:\/\/ardigitalnoticias.com\/wp-content\/uploads\/2025\/01\/Photo_1737735010394-150x113.jpg 150w, https:\/\/ardigitalnoticias.com\/wp-content\/uploads\/2025\/01\/Photo_1737735010394-696x522.jpg 696w, https:\/\/ardigitalnoticias.com\/wp-content\/uploads\/2025\/01\/Photo_1737735010394-1068x801.jpg 1068w, https:\/\/ardigitalnoticias.com\/wp-content\/uploads\/2025\/01\/Photo_1737735010394-1920x1440.jpg 1920w\" sizes=\"auto, (max-width: 1024px) 100vw, 1024px\" \/><\/figure>\n<\/div>\n\n\n<p>En la reuni\u00f3n est\u00e1n presentes el ministro del Interior, Juan Fernando Cristo; el gobernador del Huila, Rodrigo Villalba Mosquera; y las c\u00fapulas Militar y de Polic\u00eda.<\/p>\n\n\n<div class=\"wp-block-image\">\n<figure class=\"aligncenter size-full\"><img loading=\"lazy\" decoding=\"async\" width=\"960\" height=\"640\" src=\"https:\/\/ardigitalnoticias.com\/wp-content\/uploads\/2025\/01\/Photo_1737735010758.jpg\" alt=\"\" class=\"wp-image-6329\" srcset=\"https:\/\/ardigitalnoticias.com\/wp-content\/uploads\/2025\/01\/Photo_1737735010758.jpg 960w, https:\/\/ardigitalnoticias.com\/wp-content\/uploads\/2025\/01\/Photo_1737735010758-600x400.jpg 600w, https:\/\/ardigitalnoticias.com\/wp-content\/uploads\/2025\/01\/Photo_1737735010758-300x200.jpg 300w, https:\/\/ardigitalnoticias.com\/wp-content\/uploads\/2025\/01\/Photo_1737735010758-768x512.jpg 768w, https:\/\/ardigitalnoticias.com\/wp-content\/uploads\/2025\/01\/Photo_1737735010758-150x100.jpg 150w, https:\/\/ardigitalnoticias.com\/wp-content\/uploads\/2025\/01\/Photo_1737735010758-696x464.jpg 696w\" sizes=\"auto, (max-width: 960px) 100vw, 960px\" \/><\/figure>\n<\/div>\n\n\n<p>El encuentro tiene como objetivo fortalecer la seguridad en la regi\u00f3n. Entre los temas destacados se encuentran el aumento del pie de fuerza, la priorizaci\u00f3n de m\u00e1s municipios en el Programa de Desarrollo con Enfoque Territorial (PDET) y el reforzamiento de medidas de protecci\u00f3n para los alcaldes que han recibido amenazas.<\/p>\n\n\n\n<p>Este tipo de reuniones buscan garantizar la tranquilidad de los ciudadanos y fortalecer la gobernabilidad en las zonas m\u00e1s afectadas por la inseguridad. <\/p>\n\n\n<div class=\"wp-block-image\">\n<figure class=\"aligncenter size-large\"><img loading=\"lazy\" decoding=\"async\" width=\"1024\" height=\"731\" src=\"https:\/\/ardigitalnoticias.com\/wp-content\/uploads\/2025\/01\/Photo_1737735010660-1024x731.jpg\" alt=\"\" class=\"wp-image-6328\" srcset=\"https:\/\/ardigitalnoticias.com\/wp-content\/uploads\/2025\/01\/Photo_1737735010660-1024x731.jpg 1024w, https:\/\/ardigitalnoticias.com\/wp-content\/uploads\/2025\/01\/Photo_1737735010660-600x428.jpg 600w, https:\/\/ardigitalnoticias.com\/wp-content\/uploads\/2025\/01\/Photo_1737735010660-300x214.jpg 300w, https:\/\/ardigitalnoticias.com\/wp-content\/uploads\/2025\/01\/Photo_1737735010660-768x548.jpg 768w, https:\/\/ardigitalnoticias.com\/wp-content\/uploads\/2025\/01\/Photo_1737735010660-1536x1096.jpg 1536w, https:\/\/ardigitalnoticias.com\/wp-content\/uploads\/2025\/01\/Photo_1737735010660-150x107.jpg 150w, https:\/\/ardigitalnoticias.com\/wp-content\/uploads\/2025\/01\/Photo_1737735010660-696x497.jpg 696w, https:\/\/ardigitalnoticias.com\/wp-content\/uploads\/2025\/01\/Photo_1737735010660-1068x762.jpg 1068w, https:\/\/ardigitalnoticias.com\/wp-content\/uploads\/2025\/01\/Photo_1737735010660.jpg 1600w\" sizes=\"auto, (max-width: 1024px) 100vw, 1024px\" \/><\/figure>\n<\/div>","protected":false},"excerpt":{"rendered":"<p>A esta hora, el alcalde del municipio de Garz\u00f3n, Francisco Calder\u00f3n Feriz, participa en el Consejo de Seguridad desarrollado en el Sal\u00f3n de Gobernadores. POR: ANDR\u00c9S RODR\u00cdGUEZ. En la reuni\u00f3n est\u00e1n presentes el ministro del Interior, Juan Fernando Cristo; el gobernador del Huila, Rodrigo Villalba Mosquera; y las c\u00fapulas Militar y de Polic\u00eda. El encuentro [&hellip;]<\/p>\n","protected":false},"author":2,"featured_media":6331,"comment_status":"open","ping_status":"open","sticky":false,"template":"","format":"standard","meta":{"_acf_changed":false,"_joinchat":[],"footnotes":""},"categories":[1,25,21,19],"tags":[],"class_list":{"0":"post-6325","1":"post","2":"type-post","3":"status-publish","4":"format-standard","5":"has-post-thumbnail","7":"category-actualidad","8":"category-centro","9":"category-locales","10":"category-regional"},"acf":[],"yoast_head":"<!-- This site is optimized with the Yoast SEO plugin v27.5 - https:\/\/yoast.com\/product\/yoast-seo-wordpress\/ -->\n<title>FRANCISCO CALDER\u00d3N ALCALDE DE GARZ\u00d3N PARTICIPA EN CONSEJO DE SEGURIDAD CON EL MINISTRO DEL INTERIOR. - AR Digital Noticias<\/title>\n<meta name=\"robots\" content=\"index, follow, max-snippet:-1, max-image-preview:large, max-video-preview:-1\" \/>\n<link rel=\"canonical\" href=\"https:\/\/ardigitalnoticias.com\/index.php\/2025\/01\/24\/francisco-calderon-alcalde-de-garzon-participa-en-consejo-de-seguridad-con-el-ministro-del-interior\/\" \/>\n<meta property=\"og:locale\" content=\"es_ES\" \/>\n<meta property=\"og:type\" content=\"article\" \/>\n<meta property=\"og:title\" content=\"FRANCISCO CALDER\u00d3N ALCALDE DE GARZ\u00d3N PARTICIPA EN CONSEJO DE SEGURIDAD CON EL MINISTRO DEL INTERIOR. - AR Digital Noticias\" \/>\n<meta property=\"og:description\" content=\"A esta hora, el alcalde del municipio de Garz\u00f3n, Francisco Calder\u00f3n Feriz, participa en el Consejo de Seguridad desarrollado en el Sal\u00f3n de Gobernadores. POR: ANDR\u00c9S RODR\u00cdGUEZ. En la reuni\u00f3n est\u00e1n presentes el ministro del Interior, Juan Fernando Cristo; el gobernador del Huila, Rodrigo Villalba Mosquera; y las c\u00fapulas Militar y de Polic\u00eda. El encuentro [&hellip;]\" \/>\n<meta property=\"og:url\" content=\"https:\/\/ardigitalnoticias.com\/index.php\/2025\/01\/24\/francisco-calderon-alcalde-de-garzon-participa-en-consejo-de-seguridad-con-el-ministro-del-interior\/\" \/>\n<meta property=\"og:site_name\" content=\"AR Digital Noticias\" \/>\n<meta property=\"article:published_time\" content=\"2025-01-24T16:16:57+00:00\" \/>\n<meta property=\"article:modified_time\" content=\"2025-01-24T16:16:58+00:00\" \/>\n<meta property=\"og:image\" content=\"https:\/\/ardigitalnoticias.com\/wp-content\/uploads\/2025\/01\/InShot_20250124_110811764-scaled.jpg\" \/>\n\t<meta property=\"og:image:width\" content=\"2560\" \/>\n\t<meta property=\"og:image:height\" content=\"1439\" \/>\n\t<meta property=\"og:image:type\" content=\"image\/jpeg\" \/>\n<meta name=\"author\" content=\"AR Digital Noticias\" \/>\n<meta name=\"twitter:card\" content=\"summary_large_image\" \/>\n<meta name=\"twitter:label1\" content=\"Escrito por\" \/>\n\t<meta name=\"twitter:data1\" content=\"AR Digital Noticias\" \/>\n\t<meta name=\"twitter:label2\" content=\"Tiempo de lectura\" \/>\n\t<meta name=\"twitter:data2\" content=\"2 minutos\" \/>\n<script type=\"application\/ld+json\" class=\"yoast-schema-graph\">{\"@context\":\"https:\\\/\\\/schema.org\",\"@graph\":[{\"@type\":\"Article\",\"@id\":\"https:\\\/\\\/ardigitalnoticias.com\\\/index.php\\\/2025\\\/01\\\/24\\\/francisco-calderon-alcalde-de-garzon-participa-en-consejo-de-seguridad-con-el-ministro-del-interior\\\/#article\",\"isPartOf\":{\"@id\":\"https:\\\/\\\/ardigitalnoticias.com\\\/index.php\\\/2025\\\/01\\\/24\\\/francisco-calderon-alcalde-de-garzon-participa-en-consejo-de-seguridad-con-el-ministro-del-interior\\\/\"},\"author\":{\"name\":\"AR Digital Noticias\",\"@id\":\"https:\\\/\\\/ardigitalnoticias.com\\\/#\\\/schema\\\/person\\\/3f1b0a96e890d8cba89a76c7558a147c\"},\"headline\":\"FRANCISCO CALDER\u00d3N ALCALDE DE GARZ\u00d3N PARTICIPA EN CONSEJO DE SEGURIDAD CON EL MINISTRO DEL INTERIOR.\",\"datePublished\":\"2025-01-24T16:16:57+00:00\",\"dateModified\":\"2025-01-24T16:16:58+00:00\",\"mainEntityOfPage\":{\"@id\":\"https:\\\/\\\/ardigitalnoticias.com\\\/index.php\\\/2025\\\/01\\\/24\\\/francisco-calderon-alcalde-de-garzon-participa-en-consejo-de-seguridad-con-el-ministro-del-interior\\\/\"},\"wordCount\":158,\"commentCount\":0,\"publisher\":{\"@id\":\"https:\\\/\\\/ardigitalnoticias.com\\\/#organization\"},\"image\":{\"@id\":\"https:\\\/\\\/ardigitalnoticias.com\\\/index.php\\\/2025\\\/01\\\/24\\\/francisco-calderon-alcalde-de-garzon-participa-en-consejo-de-seguridad-con-el-ministro-del-interior\\\/#primaryimage\"},\"thumbnailUrl\":\"https:\\\/\\\/ardigitalnoticias.com\\\/wp-content\\\/uploads\\\/2025\\\/01\\\/InShot_20250124_110811764-scaled.jpg\",\"articleSection\":[\"Actualidad\",\"Centro\",\"Garz\u00f3n\",\"Regional\"],\"inLanguage\":\"es\",\"potentialAction\":[{\"@type\":\"CommentAction\",\"name\":\"Comment\",\"target\":[\"https:\\\/\\\/ardigitalnoticias.com\\\/index.php\\\/2025\\\/01\\\/24\\\/francisco-calderon-alcalde-de-garzon-participa-en-consejo-de-seguridad-con-el-ministro-del-interior\\\/#respond\"]}]},{\"@type\":\"WebPage\",\"@id\":\"https:\\\/\\\/ardigitalnoticias.com\\\/index.php\\\/2025\\\/01\\\/24\\\/francisco-calderon-alcalde-de-garzon-participa-en-consejo-de-seguridad-con-el-ministro-del-interior\\\/\",\"url\":\"https:\\\/\\\/ardigitalnoticias.com\\\/index.php\\\/2025\\\/01\\\/24\\\/francisco-calderon-alcalde-de-garzon-participa-en-consejo-de-seguridad-con-el-ministro-del-interior\\\/\",\"name\":\"FRANCISCO CALDER\u00d3N ALCALDE DE GARZ\u00d3N PARTICIPA EN CONSEJO DE SEGURIDAD CON EL MINISTRO DEL INTERIOR. - AR Digital Noticias\",\"isPartOf\":{\"@id\":\"https:\\\/\\\/ardigitalnoticias.com\\\/#website\"},\"primaryImageOfPage\":{\"@id\":\"https:\\\/\\\/ardigitalnoticias.com\\\/index.php\\\/2025\\\/01\\\/24\\\/francisco-calderon-alcalde-de-garzon-participa-en-consejo-de-seguridad-con-el-ministro-del-interior\\\/#primaryimage\"},\"image\":{\"@id\":\"https:\\\/\\\/ardigitalnoticias.com\\\/index.php\\\/2025\\\/01\\\/24\\\/francisco-calderon-alcalde-de-garzon-participa-en-consejo-de-seguridad-con-el-ministro-del-interior\\\/#primaryimage\"},\"thumbnailUrl\":\"https:\\\/\\\/ardigitalnoticias.com\\\/wp-content\\\/uploads\\\/2025\\\/01\\\/InShot_20250124_110811764-scaled.jpg\",\"datePublished\":\"2025-01-24T16:16:57+00:00\",\"dateModified\":\"2025-01-24T16:16:58+00:00\",\"breadcrumb\":{\"@id\":\"https:\\\/\\\/ardigitalnoticias.com\\\/index.php\\\/2025\\\/01\\\/24\\\/francisco-calderon-alcalde-de-garzon-participa-en-consejo-de-seguridad-con-el-ministro-del-interior\\\/#breadcrumb\"},\"inLanguage\":\"es\",\"potentialAction\":[{\"@type\":\"ReadAction\",\"target\":[\"https:\\\/\\\/ardigitalnoticias.com\\\/index.php\\\/2025\\\/01\\\/24\\\/francisco-calderon-alcalde-de-garzon-participa-en-consejo-de-seguridad-con-el-ministro-del-interior\\\/\"]}]},{\"@type\":\"ImageObject\",\"inLanguage\":\"es\",\"@id\":\"https:\\\/\\\/ardigitalnoticias.com\\\/index.php\\\/2025\\\/01\\\/24\\\/francisco-calderon-alcalde-de-garzon-participa-en-consejo-de-seguridad-con-el-ministro-del-interior\\\/#primaryimage\",\"url\":\"https:\\\/\\\/ardigitalnoticias.com\\\/wp-content\\\/uploads\\\/2025\\\/01\\\/InShot_20250124_110811764-scaled.jpg\",\"contentUrl\":\"https:\\\/\\\/ardigitalnoticias.com\\\/wp-content\\\/uploads\\\/2025\\\/01\\\/InShot_20250124_110811764-scaled.jpg\",\"width\":2560,\"height\":1439},{\"@type\":\"BreadcrumbList\",\"@id\":\"https:\\\/\\\/ardigitalnoticias.com\\\/index.php\\\/2025\\\/01\\\/24\\\/francisco-calderon-alcalde-de-garzon-participa-en-consejo-de-seguridad-con-el-ministro-del-interior\\\/#breadcrumb\",\"itemListElement\":[{\"@type\":\"ListItem\",\"position\":1,\"name\":\"Portada\",\"item\":\"https:\\\/\\\/ardigitalnoticias.com\\\/\"},{\"@type\":\"ListItem\",\"position\":2,\"name\":\"FRANCISCO CALDER\u00d3N ALCALDE DE GARZ\u00d3N PARTICIPA EN CONSEJO DE SEGURIDAD CON EL MINISTRO DEL INTERIOR.\"}]},{\"@type\":\"WebSite\",\"@id\":\"https:\\\/\\\/ardigitalnoticias.com\\\/#website\",\"url\":\"https:\\\/\\\/ardigitalnoticias.com\\\/\",\"name\":\"AR Digital Noticias\",\"description\":\"\",\"publisher\":{\"@id\":\"https:\\\/\\\/ardigitalnoticias.com\\\/#organization\"},\"potentialAction\":[{\"@type\":\"SearchAction\",\"target\":{\"@type\":\"EntryPoint\",\"urlTemplate\":\"https:\\\/\\\/ardigitalnoticias.com\\\/?s={search_term_string}\"},\"query-input\":{\"@type\":\"PropertyValueSpecification\",\"valueRequired\":true,\"valueName\":\"search_term_string\"}}],\"inLanguage\":\"es\"},{\"@type\":\"Organization\",\"@id\":\"https:\\\/\\\/ardigitalnoticias.com\\\/#organization\",\"name\":\"AR Digital Noticias\",\"url\":\"https:\\\/\\\/ardigitalnoticias.com\\\/\",\"logo\":{\"@type\":\"ImageObject\",\"inLanguage\":\"es\",\"@id\":\"https:\\\/\\\/ardigitalnoticias.com\\\/#\\\/schema\\\/logo\\\/image\\\/\",\"url\":\"https:\\\/\\\/ardigitalnoticias.com\\\/wp-content\\\/uploads\\\/2023\\\/11\\\/cropped-cropped-cropped-cropped-AR-Digital-Noticias-1.png\",\"contentUrl\":\"https:\\\/\\\/ardigitalnoticias.com\\\/wp-content\\\/uploads\\\/2023\\\/11\\\/cropped-cropped-cropped-cropped-AR-Digital-Noticias-1.png\",\"width\":972,\"height\":306,\"caption\":\"AR Digital Noticias\"},\"image\":{\"@id\":\"https:\\\/\\\/ardigitalnoticias.com\\\/#\\\/schema\\\/logo\\\/image\\\/\"}},{\"@type\":\"Person\",\"@id\":\"https:\\\/\\\/ardigitalnoticias.com\\\/#\\\/schema\\\/person\\\/3f1b0a96e890d8cba89a76c7558a147c\",\"name\":\"AR Digital Noticias\",\"image\":{\"@type\":\"ImageObject\",\"inLanguage\":\"es\",\"@id\":\"https:\\\/\\\/secure.gravatar.com\\\/avatar\\\/55d1acd2f9cac74c99f42fcb5090c2f994204a6f6c571cf4c3001ae692cb9b34?s=96&d=mm&r=g\",\"url\":\"https:\\\/\\\/secure.gravatar.com\\\/avatar\\\/55d1acd2f9cac74c99f42fcb5090c2f994204a6f6c571cf4c3001ae692cb9b34?s=96&d=mm&r=g\",\"contentUrl\":\"https:\\\/\\\/secure.gravatar.com\\\/avatar\\\/55d1acd2f9cac74c99f42fcb5090c2f994204a6f6c571cf4c3001ae692cb9b34?s=96&d=mm&r=g\",\"caption\":\"AR Digital Noticias\"},\"sameAs\":[\"http:\\\/\\\/ardigitalnoticias.com\"],\"url\":\"https:\\\/\\\/ardigitalnoticias.com\\\/index.php\\\/author\\\/editorial\\\/\"}]}<\/script>\n<!-- \/ Yoast SEO plugin. -->","yoast_head_json":{"title":"FRANCISCO CALDER\u00d3N ALCALDE DE GARZ\u00d3N PARTICIPA EN CONSEJO DE SEGURIDAD CON EL MINISTRO DEL INTERIOR. - AR Digital Noticias","robots":{"index":"index","follow":"follow","max-snippet":"max-snippet:-1","max-image-preview":"max-image-preview:large","max-video-preview":"max-video-preview:-1"},"canonical":"https:\/\/ardigitalnoticias.com\/index.php\/2025\/01\/24\/francisco-calderon-alcalde-de-garzon-participa-en-consejo-de-seguridad-con-el-ministro-del-interior\/","og_locale":"es_ES","og_type":"article","og_title":"FRANCISCO CALDER\u00d3N ALCALDE DE GARZ\u00d3N PARTICIPA EN CONSEJO DE SEGURIDAD CON EL MINISTRO DEL INTERIOR. - AR Digital Noticias","og_description":"A esta hora, el alcalde del municipio de Garz\u00f3n, Francisco Calder\u00f3n Feriz, participa en el Consejo de Seguridad desarrollado en el Sal\u00f3n de Gobernadores. POR: ANDR\u00c9S RODR\u00cdGUEZ. En la reuni\u00f3n est\u00e1n presentes el ministro del Interior, Juan Fernando Cristo; el gobernador del Huila, Rodrigo Villalba Mosquera; y las c\u00fapulas Militar y de Polic\u00eda. El encuentro [&hellip;]","og_url":"https:\/\/ardigitalnoticias.com\/index.php\/2025\/01\/24\/francisco-calderon-alcalde-de-garzon-participa-en-consejo-de-seguridad-con-el-ministro-del-interior\/","og_site_name":"AR Digital Noticias","article_published_time":"2025-01-24T16:16:57+00:00","article_modified_time":"2025-01-24T16:16:58+00:00","og_image":[{"width":2560,"height":1439,"url":"https:\/\/ardigitalnoticias.com\/wp-content\/uploads\/2025\/01\/InShot_20250124_110811764-scaled.jpg","type":"image\/jpeg"}],"author":"AR Digital Noticias","twitter_card":"summary_large_image","twitter_misc":{"Escrito por":"AR Digital Noticias","Tiempo de lectura":"2 minutos"},"schema":{"@context":"https:\/\/schema.org","@graph":[{"@type":"Article","@id":"https:\/\/ardigitalnoticias.com\/index.php\/2025\/01\/24\/francisco-calderon-alcalde-de-garzon-participa-en-consejo-de-seguridad-con-el-ministro-del-interior\/#article","isPartOf":{"@id":"https:\/\/ardigitalnoticias.com\/index.php\/2025\/01\/24\/francisco-calderon-alcalde-de-garzon-participa-en-consejo-de-seguridad-con-el-ministro-del-interior\/"},"author":{"name":"AR Digital Noticias","@id":"https:\/\/ardigitalnoticias.com\/#\/schema\/person\/3f1b0a96e890d8cba89a76c7558a147c"},"headline":"FRANCISCO CALDER\u00d3N ALCALDE DE GARZ\u00d3N PARTICIPA EN CONSEJO DE SEGURIDAD CON EL MINISTRO DEL INTERIOR.","datePublished":"2025-01-24T16:16:57+00:00","dateModified":"2025-01-24T16:16:58+00:00","mainEntityOfPage":{"@id":"https:\/\/ardigitalnoticias.com\/index.php\/2025\/01\/24\/francisco-calderon-alcalde-de-garzon-participa-en-consejo-de-seguridad-con-el-ministro-del-interior\/"},"wordCount":158,"commentCount":0,"publisher":{"@id":"https:\/\/ardigitalnoticias.com\/#organization"},"image":{"@id":"https:\/\/ardigitalnoticias.com\/index.php\/2025\/01\/24\/francisco-calderon-alcalde-de-garzon-participa-en-consejo-de-seguridad-con-el-ministro-del-interior\/#primaryimage"},"thumbnailUrl":"https:\/\/ardigitalnoticias.com\/wp-content\/uploads\/2025\/01\/InShot_20250124_110811764-scaled.jpg","articleSection":["Actualidad","Centro","Garz\u00f3n","Regional"],"inLanguage":"es","potentialAction":[{"@type":"CommentAction","name":"Comment","target":["https:\/\/ardigitalnoticias.com\/index.php\/2025\/01\/24\/francisco-calderon-alcalde-de-garzon-participa-en-consejo-de-seguridad-con-el-ministro-del-interior\/#respond"]}]},{"@type":"WebPage","@id":"https:\/\/ardigitalnoticias.com\/index.php\/2025\/01\/24\/francisco-calderon-alcalde-de-garzon-participa-en-consejo-de-seguridad-con-el-ministro-del-interior\/","url":"https:\/\/ardigitalnoticias.com\/index.php\/2025\/01\/24\/francisco-calderon-alcalde-de-garzon-participa-en-consejo-de-seguridad-con-el-ministro-del-interior\/","name":"FRANCISCO CALDER\u00d3N ALCALDE DE GARZ\u00d3N PARTICIPA EN CONSEJO DE SEGURIDAD CON EL MINISTRO DEL INTERIOR. - AR Digital Noticias","isPartOf":{"@id":"https:\/\/ardigitalnoticias.com\/#website"},"primaryImageOfPage":{"@id":"https:\/\/ardigitalnoticias.com\/index.php\/2025\/01\/24\/francisco-calderon-alcalde-de-garzon-participa-en-consejo-de-seguridad-con-el-ministro-del-interior\/#primaryimage"},"image":{"@id":"https:\/\/ardigitalnoticias.com\/index.php\/2025\/01\/24\/francisco-calderon-alcalde-de-garzon-participa-en-consejo-de-seguridad-con-el-ministro-del-interior\/#primaryimage"},"thumbnailUrl":"https:\/\/ardigitalnoticias.com\/wp-content\/uploads\/2025\/01\/InShot_20250124_110811764-scaled.jpg","datePublished":"2025-01-24T16:16:57+00:00","dateModified":"2025-01-24T16:16:58+00:00","breadcrumb":{"@id":"https:\/\/ardigitalnoticias.com\/index.php\/2025\/01\/24\/francisco-calderon-alcalde-de-garzon-participa-en-consejo-de-seguridad-con-el-ministro-del-interior\/#breadcrumb"},"inLanguage":"es","potentialAction":[{"@type":"ReadAction","target":["https:\/\/ardigitalnoticias.com\/index.php\/2025\/01\/24\/francisco-calderon-alcalde-de-garzon-participa-en-consejo-de-seguridad-con-el-ministro-del-interior\/"]}]},{"@type":"ImageObject","inLanguage":"es","@id":"https:\/\/ardigitalnoticias.com\/index.php\/2025\/01\/24\/francisco-calderon-alcalde-de-garzon-participa-en-consejo-de-seguridad-con-el-ministro-del-interior\/#primaryimage","url":"https:\/\/ardigitalnoticias.com\/wp-content\/uploads\/2025\/01\/InShot_20250124_110811764-scaled.jpg","contentUrl":"https:\/\/ardigitalnoticias.com\/wp-content\/uploads\/2025\/01\/InShot_20250124_110811764-scaled.jpg","width":2560,"height":1439},{"@type":"BreadcrumbList","@id":"https:\/\/ardigitalnoticias.com\/index.php\/2025\/01\/24\/francisco-calderon-alcalde-de-garzon-participa-en-consejo-de-seguridad-con-el-ministro-del-interior\/#breadcrumb","itemListElement":[{"@type":"ListItem","position":1,"name":"Portada","item":"https:\/\/ardigitalnoticias.com\/"},{"@type":"ListItem","position":2,"name":"FRANCISCO CALDER\u00d3N ALCALDE DE GARZ\u00d3N PARTICIPA EN CONSEJO DE SEGURIDAD CON EL MINISTRO DEL INTERIOR."}]},{"@type":"WebSite","@id":"https:\/\/ardigitalnoticias.com\/#website","url":"https:\/\/ardigitalnoticias.com\/","name":"AR Digital Noticias","description":"","publisher":{"@id":"https:\/\/ardigitalnoticias.com\/#organization"},"potentialAction":[{"@type":"SearchAction","target":{"@type":"EntryPoint","urlTemplate":"https:\/\/ardigitalnoticias.com\/?s={search_term_string}"},"query-input":{"@type":"PropertyValueSpecification","valueRequired":true,"valueName":"search_term_string"}}],"inLanguage":"es"},{"@type":"Organization","@id":"https:\/\/ardigitalnoticias.com\/#organization","name":"AR Digital Noticias","url":"https:\/\/ardigitalnoticias.com\/","logo":{"@type":"ImageObject","inLanguage":"es","@id":"https:\/\/ardigitalnoticias.com\/#\/schema\/logo\/image\/","url":"https:\/\/ardigitalnoticias.com\/wp-content\/uploads\/2023\/11\/cropped-cropped-cropped-cropped-AR-Digital-Noticias-1.png","contentUrl":"https:\/\/ardigitalnoticias.com\/wp-content\/uploads\/2023\/11\/cropped-cropped-cropped-cropped-AR-Digital-Noticias-1.png","width":972,"height":306,"caption":"AR Digital Noticias"},"image":{"@id":"https:\/\/ardigitalnoticias.com\/#\/schema\/logo\/image\/"}},{"@type":"Person","@id":"https:\/\/ardigitalnoticias.com\/#\/schema\/person\/3f1b0a96e890d8cba89a76c7558a147c","name":"AR Digital Noticias","image":{"@type":"ImageObject","inLanguage":"es","@id":"https:\/\/secure.gravatar.com\/avatar\/55d1acd2f9cac74c99f42fcb5090c2f994204a6f6c571cf4c3001ae692cb9b34?s=96&d=mm&r=g","url":"https:\/\/secure.gravatar.com\/avatar\/55d1acd2f9cac74c99f42fcb5090c2f994204a6f6c571cf4c3001ae692cb9b34?s=96&d=mm&r=g","contentUrl":"https:\/\/secure.gravatar.com\/avatar\/55d1acd2f9cac74c99f42fcb5090c2f994204a6f6c571cf4c3001ae692cb9b34?s=96&d=mm&r=g","caption":"AR Digital Noticias"},"sameAs":["http:\/\/ardigitalnoticias.com"],"url":"https:\/\/ardigitalnoticias.com\/index.php\/author\/editorial\/"}]}},"_links":{"self":[{"href":"https:\/\/ardigitalnoticias.com\/index.php\/wp-json\/wp\/v2\/posts\/6325","targetHints":{"allow":["GET"]}}],"collection":[{"href":"https:\/\/ardigitalnoticias.com\/index.php\/wp-json\/wp\/v2\/posts"}],"about":[{"href":"https:\/\/ardigitalnoticias.com\/index.php\/wp-json\/wp\/v2\/types\/post"}],"author":[{"embeddable":true,"href":"https:\/\/ardigitalnoticias.com\/index.php\/wp-json\/wp\/v2\/users\/2"}],"replies":[{"embeddable":true,"href":"https:\/\/ardigitalnoticias.com\/index.php\/wp-json\/wp\/v2\/comments?post=6325"}],"version-history":[{"count":1,"href":"https:\/\/ardigitalnoticias.com\/index.php\/wp-json\/wp\/v2\/posts\/6325\/revisions"}],"predecessor-version":[{"id":6332,"href":"https:\/\/ardigitalnoticias.com\/index.php\/wp-json\/wp\/v2\/posts\/6325\/revisions\/6332"}],"wp:featuredmedia":[{"embeddable":true,"href":"https:\/\/ardigitalnoticias.com\/index.php\/wp-json\/wp\/v2\/media\/6331"}],"wp:attachment":[{"href":"https:\/\/ardigitalnoticias.com\/index.php\/wp-json\/wp\/v2\/media?parent=6325"}],"wp:term":[{"taxonomy":"category","embeddable":true,"href":"https:\/\/ardigitalnoticias.com\/index.php\/wp-json\/wp\/v2\/categories?post=6325"},{"taxonomy":"post_tag","embeddable":true,"href":"https:\/\/ardigitalnoticias.com\/index.php\/wp-json\/wp\/v2\/tags?post=6325"}],"curies":[{"name":"wp","href":"https:\/\/api.w.org\/{rel}","templated":true}]}}