{"id":5605,"date":"2024-09-15T18:01:42","date_gmt":"2024-09-15T23:01:42","guid":{"rendered":"https:\/\/ardigitalnoticias.com\/?p=5605"},"modified":"2024-09-15T18:01:43","modified_gmt":"2024-09-15T23:01:43","slug":"el-gobernador-rodrigo-villalba-declaro-calamidad-publica-en-el-huila-por-incendios-forestales","status":"publish","type":"post","link":"https:\/\/ardigitalnoticias.com\/index.php\/2024\/09\/15\/el-gobernador-rodrigo-villalba-declaro-calamidad-publica-en-el-huila-por-incendios-forestales\/","title":{"rendered":"EL GOBERNADOR RODRIGO VILLALBA DECLAR\u00d3 CALAMIDAD P\u00daBLICA EN EL HUILA POR INCENDIOS FORESTALES"},"content":{"rendered":"\n<p>La creciente devastaci\u00f3n provocada por incendios forestales en varias regiones del departamento del Huila ha llevado al gobernador Rodrigo Villalba Mosquera a declarar el estado de calamidad p\u00fablica.<\/p>\n\n\n\n<p><strong>POR: ANDR\u00c9S RODR\u00cdGUEZ. <\/strong><\/p>\n\n\n<div class=\"wp-block-image\">\n<figure class=\"aligncenter size-large\"><img loading=\"lazy\" decoding=\"async\" width=\"1024\" height=\"704\" src=\"https:\/\/ardigitalnoticias.com\/wp-content\/uploads\/2024\/09\/IMG-20240915-WA0694-1024x704.jpg\" alt=\"\" class=\"wp-image-5606\" srcset=\"https:\/\/ardigitalnoticias.com\/wp-content\/uploads\/2024\/09\/IMG-20240915-WA0694-1024x704.jpg 1024w, https:\/\/ardigitalnoticias.com\/wp-content\/uploads\/2024\/09\/IMG-20240915-WA0694-300x206.jpg 300w, https:\/\/ardigitalnoticias.com\/wp-content\/uploads\/2024\/09\/IMG-20240915-WA0694-768x528.jpg 768w, https:\/\/ardigitalnoticias.com\/wp-content\/uploads\/2024\/09\/IMG-20240915-WA0694-1536x1057.jpg 1536w, https:\/\/ardigitalnoticias.com\/wp-content\/uploads\/2024\/09\/IMG-20240915-WA0694-2048x1409.jpg 2048w, https:\/\/ardigitalnoticias.com\/wp-content\/uploads\/2024\/09\/IMG-20240915-WA0694-150x103.jpg 150w, https:\/\/ardigitalnoticias.com\/wp-content\/uploads\/2024\/09\/IMG-20240915-WA0694-218x150.jpg 218w, https:\/\/ardigitalnoticias.com\/wp-content\/uploads\/2024\/09\/IMG-20240915-WA0694-696x479.jpg 696w, https:\/\/ardigitalnoticias.com\/wp-content\/uploads\/2024\/09\/IMG-20240915-WA0694-1068x735.jpg 1068w, https:\/\/ardigitalnoticias.com\/wp-content\/uploads\/2024\/09\/IMG-20240915-WA0694-1920x1321.jpg 1920w\" sizes=\"auto, (max-width: 1024px) 100vw, 1024px\" \/><\/figure>\n<\/div>\n\n\n<p>Esta medida, que tendr\u00e1 una vigencia inicial de seis meses, tiene como objetivo centralizar los esfuerzos para contener la emergencia y mitigar sus efectos negativos sobre el territorio y la poblaci\u00f3n.<\/p>\n\n\n\n<p>El anuncio se produjo tras una sesi\u00f3n extraordinaria del Consejo Departamental de Gesti\u00f3n del Riesgo de Desastres, donde se evalu\u00f3 la magnitud de los incendios que han afectado al Huila durante la segunda temporada de sequ\u00eda. Los expertos y autoridades presentes en dicha reuni\u00f3n coincidieron en la urgencia de implementar medidas de emergencia a nivel departamental, recomendando la declaratoria de calamidad p\u00fablica.<\/p>\n\n\n\n<p>????\ufe0fINCENDIOS DESCONTROLADOS: UN BALANCE CR\u00cdTICO<\/p>\n\n\n\n<p>Hasta la fecha, el panorama es alarmante. Diez incendios forestales contin\u00faan activos en seis municipios del Huila, afectando aproximadamente 12,569 hect\u00e1reas de pastizales, rastrojos y arbustos. El municipio de Palermo, con tres incendios en desarrollo, ha sido una de las zonas m\u00e1s perjudicadas. Neiva, la capital del departamento, registra dos incendios, mientras que los municipios de Aipe, El Agrado, Campoalegre y Villavieja tambi\u00e9n han sufrido serios da\u00f1os.- Palermo: 3 incendios- Neiva: 2 incendios- Aipe: 1 incendio- El Agrado: 1 incendio- Campoalegre: 2 incendios- Villavieja: 1 incendio<\/p>\n\n\n\n<p>????\ufe0f UNA SITUACI\u00d3N AGRAVIADA POR EL CAMBIO CLIM\u00c1TICO<\/p>\n\n\n\n<p>Adem\u00e1s de la sequ\u00eda estacional, el pron\u00f3stico del Instituto de Hidrolog\u00eda, Meteorolog\u00eda y Estudios Ambientales (IDEAM) se\u00f1ala un incremento en las temperaturas promedio para los pr\u00f3ximos meses. Seg\u00fan los reportes, se espera que entre septiembre y octubre las temperaturas aumenten entre 0.5 \u00b0C y 2.0 \u00b0C en diversas regiones del pa\u00eds. Este fen\u00f3meno ya es evidente en el Huila, donde las temperaturas han alcanzado m\u00e1ximos hist\u00f3ricos. Villavieja ha registrado picos de 42 \u00b0C, mientras que en Neiva las temperaturas han llegado hasta los 40 \u00b0C.El IDEAM advirti\u00f3 que las altas temperaturas continuar\u00e1n hasta mediados de octubre, cuando se espera el inicio de la temporada de lluvias. Sin embargo, debido a la variabilidad clim\u00e1tica global, no se descartan cambios repentinos que puedan modificar las previsiones actuales, lo que mantiene a las autoridades en constante alerta.<\/p>\n\n\n\n<p>????\ufe0f ACCIONES INMEDIATAS PARA ENFRENTAR LA CRISIS<\/p>\n\n\n\n<p>La declaratoria de calamidad p\u00fablica habilita al gobierno departamental a implementar una serie de acciones con el fin de hacer frente a la emergencia de manera r\u00e1pida y coordinada. Entre estas medidas se incluyen:<\/p>\n\n\n\n<p>&#8211; Coordinaci\u00f3n interinstitucional: Las entidades que integran el Sistema Nacional de Gesti\u00f3n del Riesgo de Desastres (SNGRD) incrementar\u00e1n su colaboraci\u00f3n para la movilizaci\u00f3n de equipos de trabajo, recursos materiales y toda la infraestructura necesaria para la atenci\u00f3n del desastre.<\/p>\n\n\n\n<p>&#8211; Redistribuci\u00f3n presupuestal: Esta medida permitir\u00e1 la ejecuci\u00f3n de traslados presupuestales necesarios para financiar las acciones inmediatas que requiere la crisis, priorizando recursos para la extinci\u00f3n de incendios y la rehabilitaci\u00f3n de las zonas afectadas.<\/p>\n\n\n\n<p>&#8211; Plan de Acci\u00f3n Espec\u00edfico: Se desarrollar\u00e1 un plan detallado para asistir a las comunidades afectadas por los incendios, con un enfoque en la rehabilitaci\u00f3n ecol\u00f3gica y la recuperaci\u00f3n de los medios de vida de los pobladores.<\/p>\n\n\n\n<p>&#8211; Monitoreo constante: Se reforzar\u00e1 la vigilancia sobre el comportamiento del clima, as\u00ed como la implementaci\u00f3n de medidas de control para evitar que los incendios se sigan propagando.<\/p>\n\n\n\n<p>????\ufe0f IMPACTO EN EL DEPARTAMENTO Y PLANES A FUTURO<\/p>\n\n\n\n<p>El Consejo Departamental de Gesti\u00f3n del Riesgo de Desastres ha se\u00f1alado que la actual temporada de sequ\u00eda ha colocado a varios municipios del Huila en situaci\u00f3n de alerta roja. La susceptibilidad a los incendios forestales ha aumentado considerablemente, generando un escenario de alta vulnerabilidad para la poblaci\u00f3n y los ecosistemas locales.<\/p>\n\n\n\n<p>El Plan de Acci\u00f3n Espec\u00edfico, que entrar\u00e1 en vigor tras la declaratoria de calamidad p\u00fablica, pretende mejorar las labores de extinci\u00f3n de incendios y garantizar la recuperaci\u00f3n efectiva de las \u00e1reas afectadas. Este plan contar\u00e1 con el apoyo de las autoridades nacionales, entidades locales y las comunidades, quienes deber\u00e1n trabajar en conjunto para mitigar los da\u00f1os y evitar futuros desastres.<\/p>\n\n\n\n<figure class=\"wp-block-video aligncenter\"><video height=\"832\" style=\"aspect-ratio: 1520 \/ 832;\" width=\"1520\" controls src=\"https:\/\/ardigitalnoticias.com\/wp-content\/uploads\/2024\/09\/DECLARATORIA-EMERGENCIA-GOBERNADOR-sm.mp4\"><\/video><\/figure>\n\n\n\n<p>El gobierno del Huila, por su parte, se ha comprometido a mantener un monitoreo constante sobre el avance de la emergencia y a proporcionar actualizaciones peri\u00f3dicas sobre las acciones emprendidas para superar la crisis. La colaboraci\u00f3n interinstitucional y la participaci\u00f3n activa de las comunidades afectadas ser\u00e1n clave para la superaci\u00f3n de este desaf\u00edo ambiental que afecta a todo el departamento.<\/p>\n\n\n\n<p>Mientras tanto, se exhorta a la ciudadan\u00eda a seguir las recomendaciones de las autoridades locales y nacionales, as\u00ed como a reportar cualquier foco de incendio para evitar que la emergencia contin\u00fae escalando.<\/p>\n\n\n<div class=\"wp-block-image\">\n<figure class=\"aligncenter size-large\"><img loading=\"lazy\" decoding=\"async\" width=\"1024\" height=\"683\" src=\"https:\/\/ardigitalnoticias.com\/wp-content\/uploads\/2024\/09\/IMG-20240915-WA0692-1024x683.jpg\" alt=\"\" class=\"wp-image-5609\" srcset=\"https:\/\/ardigitalnoticias.com\/wp-content\/uploads\/2024\/09\/IMG-20240915-WA0692-1024x683.jpg 1024w, https:\/\/ardigitalnoticias.com\/wp-content\/uploads\/2024\/09\/IMG-20240915-WA0692-300x200.jpg 300w, https:\/\/ardigitalnoticias.com\/wp-content\/uploads\/2024\/09\/IMG-20240915-WA0692-768x512.jpg 768w, https:\/\/ardigitalnoticias.com\/wp-content\/uploads\/2024\/09\/IMG-20240915-WA0692-1536x1024.jpg 1536w, https:\/\/ardigitalnoticias.com\/wp-content\/uploads\/2024\/09\/IMG-20240915-WA0692-2048x1366.jpg 2048w, https:\/\/ardigitalnoticias.com\/wp-content\/uploads\/2024\/09\/IMG-20240915-WA0692-150x100.jpg 150w, https:\/\/ardigitalnoticias.com\/wp-content\/uploads\/2024\/09\/IMG-20240915-WA0692-696x464.jpg 696w, https:\/\/ardigitalnoticias.com\/wp-content\/uploads\/2024\/09\/IMG-20240915-WA0692-1068x712.jpg 1068w, https:\/\/ardigitalnoticias.com\/wp-content\/uploads\/2024\/09\/IMG-20240915-WA0692-1920x1280.jpg 1920w\" sizes=\"auto, (max-width: 1024px) 100vw, 1024px\" \/><\/figure>\n<\/div>","protected":false},"excerpt":{"rendered":"<p>La creciente devastaci\u00f3n provocada por incendios forestales en varias regiones del departamento del Huila ha llevado al gobernador Rodrigo Villalba Mosquera a declarar el estado de calamidad p\u00fablica. POR: ANDR\u00c9S RODR\u00cdGUEZ. Esta medida, que tendr\u00e1 una vigencia inicial de seis meses, tiene como objetivo centralizar los esfuerzos para contener la emergencia y mitigar sus efectos [&hellip;]<\/p>\n","protected":false},"author":3,"featured_media":5608,"comment_status":"open","ping_status":"open","sticky":false,"template":"","format":"standard","meta":{"_acf_changed":false,"_joinchat":[],"footnotes":""},"categories":[1,19],"tags":[],"class_list":{"0":"post-5605","1":"post","2":"type-post","3":"status-publish","4":"format-standard","5":"has-post-thumbnail","7":"category-actualidad","8":"category-regional"},"acf":[],"yoast_head":"<!-- This site is optimized with the Yoast SEO plugin v27.5 - https:\/\/yoast.com\/product\/yoast-seo-wordpress\/ -->\n<title>EL GOBERNADOR RODRIGO VILLALBA DECLAR\u00d3 CALAMIDAD P\u00daBLICA EN EL HUILA POR INCENDIOS FORESTALES - AR Digital Noticias<\/title>\n<meta name=\"robots\" content=\"index, follow, max-snippet:-1, max-image-preview:large, max-video-preview:-1\" \/>\n<link rel=\"canonical\" href=\"https:\/\/ardigitalnoticias.com\/index.php\/2024\/09\/15\/el-gobernador-rodrigo-villalba-declaro-calamidad-publica-en-el-huila-por-incendios-forestales\/\" \/>\n<meta property=\"og:locale\" content=\"es_ES\" \/>\n<meta property=\"og:type\" content=\"article\" \/>\n<meta property=\"og:title\" content=\"EL GOBERNADOR RODRIGO VILLALBA DECLAR\u00d3 CALAMIDAD P\u00daBLICA EN EL HUILA POR INCENDIOS FORESTALES - AR Digital Noticias\" \/>\n<meta property=\"og:description\" content=\"La creciente devastaci\u00f3n provocada por incendios forestales en varias regiones del departamento del Huila ha llevado al gobernador Rodrigo Villalba Mosquera a declarar el estado de calamidad p\u00fablica. POR: ANDR\u00c9S RODR\u00cdGUEZ. Esta medida, que tendr\u00e1 una vigencia inicial de seis meses, tiene como objetivo centralizar los esfuerzos para contener la emergencia y mitigar sus efectos [&hellip;]\" \/>\n<meta property=\"og:url\" content=\"https:\/\/ardigitalnoticias.com\/index.php\/2024\/09\/15\/el-gobernador-rodrigo-villalba-declaro-calamidad-publica-en-el-huila-por-incendios-forestales\/\" \/>\n<meta property=\"og:site_name\" content=\"AR Digital Noticias\" \/>\n<meta property=\"article:published_time\" content=\"2024-09-15T23:01:42+00:00\" \/>\n<meta property=\"article:modified_time\" content=\"2024-09-15T23:01:43+00:00\" \/>\n<meta property=\"og:image\" content=\"https:\/\/ardigitalnoticias.com\/wp-content\/uploads\/2024\/09\/InShot_20240915_174511743-scaled.jpg\" \/>\n\t<meta property=\"og:image:width\" content=\"2560\" \/>\n\t<meta property=\"og:image:height\" content=\"1439\" \/>\n\t<meta property=\"og:image:type\" content=\"image\/jpeg\" \/>\n<meta name=\"author\" content=\"Editor ArDigitalNoticias\" \/>\n<meta name=\"twitter:card\" content=\"summary_large_image\" \/>\n<meta name=\"twitter:label1\" content=\"Escrito por\" \/>\n\t<meta name=\"twitter:data1\" content=\"Editor ArDigitalNoticias\" \/>\n\t<meta name=\"twitter:label2\" content=\"Tiempo de lectura\" \/>\n\t<meta name=\"twitter:data2\" content=\"5 minutos\" \/>\n<script type=\"application\/ld+json\" class=\"yoast-schema-graph\">{\"@context\":\"https:\\\/\\\/schema.org\",\"@graph\":[{\"@type\":\"Article\",\"@id\":\"https:\\\/\\\/ardigitalnoticias.com\\\/index.php\\\/2024\\\/09\\\/15\\\/el-gobernador-rodrigo-villalba-declaro-calamidad-publica-en-el-huila-por-incendios-forestales\\\/#article\",\"isPartOf\":{\"@id\":\"https:\\\/\\\/ardigitalnoticias.com\\\/index.php\\\/2024\\\/09\\\/15\\\/el-gobernador-rodrigo-villalba-declaro-calamidad-publica-en-el-huila-por-incendios-forestales\\\/\"},\"author\":{\"name\":\"Editor ArDigitalNoticias\",\"@id\":\"https:\\\/\\\/ardigitalnoticias.com\\\/#\\\/schema\\\/person\\\/759c8138ebc77e85adb1aa750003a751\"},\"headline\":\"EL GOBERNADOR RODRIGO VILLALBA DECLAR\u00d3 CALAMIDAD P\u00daBLICA EN EL HUILA POR INCENDIOS FORESTALES\",\"datePublished\":\"2024-09-15T23:01:42+00:00\",\"dateModified\":\"2024-09-15T23:01:43+00:00\",\"mainEntityOfPage\":{\"@id\":\"https:\\\/\\\/ardigitalnoticias.com\\\/index.php\\\/2024\\\/09\\\/15\\\/el-gobernador-rodrigo-villalba-declaro-calamidad-publica-en-el-huila-por-incendios-forestales\\\/\"},\"wordCount\":821,\"commentCount\":0,\"publisher\":{\"@id\":\"https:\\\/\\\/ardigitalnoticias.com\\\/#organization\"},\"image\":{\"@id\":\"https:\\\/\\\/ardigitalnoticias.com\\\/index.php\\\/2024\\\/09\\\/15\\\/el-gobernador-rodrigo-villalba-declaro-calamidad-publica-en-el-huila-por-incendios-forestales\\\/#primaryimage\"},\"thumbnailUrl\":\"https:\\\/\\\/ardigitalnoticias.com\\\/wp-content\\\/uploads\\\/2024\\\/09\\\/InShot_20240915_174511743-scaled.jpg\",\"articleSection\":[\"Actualidad\",\"Regional\"],\"inLanguage\":\"es\",\"potentialAction\":[{\"@type\":\"CommentAction\",\"name\":\"Comment\",\"target\":[\"https:\\\/\\\/ardigitalnoticias.com\\\/index.php\\\/2024\\\/09\\\/15\\\/el-gobernador-rodrigo-villalba-declaro-calamidad-publica-en-el-huila-por-incendios-forestales\\\/#respond\"]}]},{\"@type\":\"WebPage\",\"@id\":\"https:\\\/\\\/ardigitalnoticias.com\\\/index.php\\\/2024\\\/09\\\/15\\\/el-gobernador-rodrigo-villalba-declaro-calamidad-publica-en-el-huila-por-incendios-forestales\\\/\",\"url\":\"https:\\\/\\\/ardigitalnoticias.com\\\/index.php\\\/2024\\\/09\\\/15\\\/el-gobernador-rodrigo-villalba-declaro-calamidad-publica-en-el-huila-por-incendios-forestales\\\/\",\"name\":\"EL GOBERNADOR RODRIGO VILLALBA DECLAR\u00d3 CALAMIDAD P\u00daBLICA EN EL HUILA POR INCENDIOS FORESTALES - AR Digital Noticias\",\"isPartOf\":{\"@id\":\"https:\\\/\\\/ardigitalnoticias.com\\\/#website\"},\"primaryImageOfPage\":{\"@id\":\"https:\\\/\\\/ardigitalnoticias.com\\\/index.php\\\/2024\\\/09\\\/15\\\/el-gobernador-rodrigo-villalba-declaro-calamidad-publica-en-el-huila-por-incendios-forestales\\\/#primaryimage\"},\"image\":{\"@id\":\"https:\\\/\\\/ardigitalnoticias.com\\\/index.php\\\/2024\\\/09\\\/15\\\/el-gobernador-rodrigo-villalba-declaro-calamidad-publica-en-el-huila-por-incendios-forestales\\\/#primaryimage\"},\"thumbnailUrl\":\"https:\\\/\\\/ardigitalnoticias.com\\\/wp-content\\\/uploads\\\/2024\\\/09\\\/InShot_20240915_174511743-scaled.jpg\",\"datePublished\":\"2024-09-15T23:01:42+00:00\",\"dateModified\":\"2024-09-15T23:01:43+00:00\",\"breadcrumb\":{\"@id\":\"https:\\\/\\\/ardigitalnoticias.com\\\/index.php\\\/2024\\\/09\\\/15\\\/el-gobernador-rodrigo-villalba-declaro-calamidad-publica-en-el-huila-por-incendios-forestales\\\/#breadcrumb\"},\"inLanguage\":\"es\",\"potentialAction\":[{\"@type\":\"ReadAction\",\"target\":[\"https:\\\/\\\/ardigitalnoticias.com\\\/index.php\\\/2024\\\/09\\\/15\\\/el-gobernador-rodrigo-villalba-declaro-calamidad-publica-en-el-huila-por-incendios-forestales\\\/\"]}]},{\"@type\":\"ImageObject\",\"inLanguage\":\"es\",\"@id\":\"https:\\\/\\\/ardigitalnoticias.com\\\/index.php\\\/2024\\\/09\\\/15\\\/el-gobernador-rodrigo-villalba-declaro-calamidad-publica-en-el-huila-por-incendios-forestales\\\/#primaryimage\",\"url\":\"https:\\\/\\\/ardigitalnoticias.com\\\/wp-content\\\/uploads\\\/2024\\\/09\\\/InShot_20240915_174511743-scaled.jpg\",\"contentUrl\":\"https:\\\/\\\/ardigitalnoticias.com\\\/wp-content\\\/uploads\\\/2024\\\/09\\\/InShot_20240915_174511743-scaled.jpg\",\"width\":2560,\"height\":1439},{\"@type\":\"BreadcrumbList\",\"@id\":\"https:\\\/\\\/ardigitalnoticias.com\\\/index.php\\\/2024\\\/09\\\/15\\\/el-gobernador-rodrigo-villalba-declaro-calamidad-publica-en-el-huila-por-incendios-forestales\\\/#breadcrumb\",\"itemListElement\":[{\"@type\":\"ListItem\",\"position\":1,\"name\":\"Portada\",\"item\":\"https:\\\/\\\/ardigitalnoticias.com\\\/\"},{\"@type\":\"ListItem\",\"position\":2,\"name\":\"EL GOBERNADOR RODRIGO VILLALBA DECLAR\u00d3 CALAMIDAD P\u00daBLICA EN EL HUILA POR INCENDIOS FORESTALES\"}]},{\"@type\":\"WebSite\",\"@id\":\"https:\\\/\\\/ardigitalnoticias.com\\\/#website\",\"url\":\"https:\\\/\\\/ardigitalnoticias.com\\\/\",\"name\":\"AR Digital Noticias\",\"description\":\"\",\"publisher\":{\"@id\":\"https:\\\/\\\/ardigitalnoticias.com\\\/#organization\"},\"potentialAction\":[{\"@type\":\"SearchAction\",\"target\":{\"@type\":\"EntryPoint\",\"urlTemplate\":\"https:\\\/\\\/ardigitalnoticias.com\\\/?s={search_term_string}\"},\"query-input\":{\"@type\":\"PropertyValueSpecification\",\"valueRequired\":true,\"valueName\":\"search_term_string\"}}],\"inLanguage\":\"es\"},{\"@type\":\"Organization\",\"@id\":\"https:\\\/\\\/ardigitalnoticias.com\\\/#organization\",\"name\":\"AR Digital Noticias\",\"url\":\"https:\\\/\\\/ardigitalnoticias.com\\\/\",\"logo\":{\"@type\":\"ImageObject\",\"inLanguage\":\"es\",\"@id\":\"https:\\\/\\\/ardigitalnoticias.com\\\/#\\\/schema\\\/logo\\\/image\\\/\",\"url\":\"https:\\\/\\\/ardigitalnoticias.com\\\/wp-content\\\/uploads\\\/2023\\\/11\\\/cropped-cropped-cropped-cropped-AR-Digital-Noticias-1.png\",\"contentUrl\":\"https:\\\/\\\/ardigitalnoticias.com\\\/wp-content\\\/uploads\\\/2023\\\/11\\\/cropped-cropped-cropped-cropped-AR-Digital-Noticias-1.png\",\"width\":972,\"height\":306,\"caption\":\"AR Digital Noticias\"},\"image\":{\"@id\":\"https:\\\/\\\/ardigitalnoticias.com\\\/#\\\/schema\\\/logo\\\/image\\\/\"}},{\"@type\":\"Person\",\"@id\":\"https:\\\/\\\/ardigitalnoticias.com\\\/#\\\/schema\\\/person\\\/759c8138ebc77e85adb1aa750003a751\",\"name\":\"Editor ArDigitalNoticias\",\"image\":{\"@type\":\"ImageObject\",\"inLanguage\":\"es\",\"@id\":\"https:\\\/\\\/secure.gravatar.com\\\/avatar\\\/2c7f3656ea34567ef10422f22f4395b6cc422854a0b986ba788597ac36902f93?s=96&d=mm&r=g\",\"url\":\"https:\\\/\\\/secure.gravatar.com\\\/avatar\\\/2c7f3656ea34567ef10422f22f4395b6cc422854a0b986ba788597ac36902f93?s=96&d=mm&r=g\",\"contentUrl\":\"https:\\\/\\\/secure.gravatar.com\\\/avatar\\\/2c7f3656ea34567ef10422f22f4395b6cc422854a0b986ba788597ac36902f93?s=96&d=mm&r=g\",\"caption\":\"Editor ArDigitalNoticias\"},\"sameAs\":[\"http:\\\/\\\/ardigitalnoticias.com\"],\"url\":\"https:\\\/\\\/ardigitalnoticias.com\\\/index.php\\\/author\\\/editor\\\/\"}]}<\/script>\n<!-- \/ Yoast SEO plugin. -->","yoast_head_json":{"title":"EL GOBERNADOR RODRIGO VILLALBA DECLAR\u00d3 CALAMIDAD P\u00daBLICA EN EL HUILA POR INCENDIOS FORESTALES - AR Digital Noticias","robots":{"index":"index","follow":"follow","max-snippet":"max-snippet:-1","max-image-preview":"max-image-preview:large","max-video-preview":"max-video-preview:-1"},"canonical":"https:\/\/ardigitalnoticias.com\/index.php\/2024\/09\/15\/el-gobernador-rodrigo-villalba-declaro-calamidad-publica-en-el-huila-por-incendios-forestales\/","og_locale":"es_ES","og_type":"article","og_title":"EL GOBERNADOR RODRIGO VILLALBA DECLAR\u00d3 CALAMIDAD P\u00daBLICA EN EL HUILA POR INCENDIOS FORESTALES - AR Digital Noticias","og_description":"La creciente devastaci\u00f3n provocada por incendios forestales en varias regiones del departamento del Huila ha llevado al gobernador Rodrigo Villalba Mosquera a declarar el estado de calamidad p\u00fablica. POR: ANDR\u00c9S RODR\u00cdGUEZ. Esta medida, que tendr\u00e1 una vigencia inicial de seis meses, tiene como objetivo centralizar los esfuerzos para contener la emergencia y mitigar sus efectos [&hellip;]","og_url":"https:\/\/ardigitalnoticias.com\/index.php\/2024\/09\/15\/el-gobernador-rodrigo-villalba-declaro-calamidad-publica-en-el-huila-por-incendios-forestales\/","og_site_name":"AR Digital Noticias","article_published_time":"2024-09-15T23:01:42+00:00","article_modified_time":"2024-09-15T23:01:43+00:00","og_image":[{"width":2560,"height":1439,"url":"https:\/\/ardigitalnoticias.com\/wp-content\/uploads\/2024\/09\/InShot_20240915_174511743-scaled.jpg","type":"image\/jpeg"}],"author":"Editor ArDigitalNoticias","twitter_card":"summary_large_image","twitter_misc":{"Escrito por":"Editor ArDigitalNoticias","Tiempo de lectura":"5 minutos"},"schema":{"@context":"https:\/\/schema.org","@graph":[{"@type":"Article","@id":"https:\/\/ardigitalnoticias.com\/index.php\/2024\/09\/15\/el-gobernador-rodrigo-villalba-declaro-calamidad-publica-en-el-huila-por-incendios-forestales\/#article","isPartOf":{"@id":"https:\/\/ardigitalnoticias.com\/index.php\/2024\/09\/15\/el-gobernador-rodrigo-villalba-declaro-calamidad-publica-en-el-huila-por-incendios-forestales\/"},"author":{"name":"Editor ArDigitalNoticias","@id":"https:\/\/ardigitalnoticias.com\/#\/schema\/person\/759c8138ebc77e85adb1aa750003a751"},"headline":"EL GOBERNADOR RODRIGO VILLALBA DECLAR\u00d3 CALAMIDAD P\u00daBLICA EN EL HUILA POR INCENDIOS FORESTALES","datePublished":"2024-09-15T23:01:42+00:00","dateModified":"2024-09-15T23:01:43+00:00","mainEntityOfPage":{"@id":"https:\/\/ardigitalnoticias.com\/index.php\/2024\/09\/15\/el-gobernador-rodrigo-villalba-declaro-calamidad-publica-en-el-huila-por-incendios-forestales\/"},"wordCount":821,"commentCount":0,"publisher":{"@id":"https:\/\/ardigitalnoticias.com\/#organization"},"image":{"@id":"https:\/\/ardigitalnoticias.com\/index.php\/2024\/09\/15\/el-gobernador-rodrigo-villalba-declaro-calamidad-publica-en-el-huila-por-incendios-forestales\/#primaryimage"},"thumbnailUrl":"https:\/\/ardigitalnoticias.com\/wp-content\/uploads\/2024\/09\/InShot_20240915_174511743-scaled.jpg","articleSection":["Actualidad","Regional"],"inLanguage":"es","potentialAction":[{"@type":"CommentAction","name":"Comment","target":["https:\/\/ardigitalnoticias.com\/index.php\/2024\/09\/15\/el-gobernador-rodrigo-villalba-declaro-calamidad-publica-en-el-huila-por-incendios-forestales\/#respond"]}]},{"@type":"WebPage","@id":"https:\/\/ardigitalnoticias.com\/index.php\/2024\/09\/15\/el-gobernador-rodrigo-villalba-declaro-calamidad-publica-en-el-huila-por-incendios-forestales\/","url":"https:\/\/ardigitalnoticias.com\/index.php\/2024\/09\/15\/el-gobernador-rodrigo-villalba-declaro-calamidad-publica-en-el-huila-por-incendios-forestales\/","name":"EL GOBERNADOR RODRIGO VILLALBA DECLAR\u00d3 CALAMIDAD P\u00daBLICA EN EL HUILA POR INCENDIOS FORESTALES - AR Digital Noticias","isPartOf":{"@id":"https:\/\/ardigitalnoticias.com\/#website"},"primaryImageOfPage":{"@id":"https:\/\/ardigitalnoticias.com\/index.php\/2024\/09\/15\/el-gobernador-rodrigo-villalba-declaro-calamidad-publica-en-el-huila-por-incendios-forestales\/#primaryimage"},"image":{"@id":"https:\/\/ardigitalnoticias.com\/index.php\/2024\/09\/15\/el-gobernador-rodrigo-villalba-declaro-calamidad-publica-en-el-huila-por-incendios-forestales\/#primaryimage"},"thumbnailUrl":"https:\/\/ardigitalnoticias.com\/wp-content\/uploads\/2024\/09\/InShot_20240915_174511743-scaled.jpg","datePublished":"2024-09-15T23:01:42+00:00","dateModified":"2024-09-15T23:01:43+00:00","breadcrumb":{"@id":"https:\/\/ardigitalnoticias.com\/index.php\/2024\/09\/15\/el-gobernador-rodrigo-villalba-declaro-calamidad-publica-en-el-huila-por-incendios-forestales\/#breadcrumb"},"inLanguage":"es","potentialAction":[{"@type":"ReadAction","target":["https:\/\/ardigitalnoticias.com\/index.php\/2024\/09\/15\/el-gobernador-rodrigo-villalba-declaro-calamidad-publica-en-el-huila-por-incendios-forestales\/"]}]},{"@type":"ImageObject","inLanguage":"es","@id":"https:\/\/ardigitalnoticias.com\/index.php\/2024\/09\/15\/el-gobernador-rodrigo-villalba-declaro-calamidad-publica-en-el-huila-por-incendios-forestales\/#primaryimage","url":"https:\/\/ardigitalnoticias.com\/wp-content\/uploads\/2024\/09\/InShot_20240915_174511743-scaled.jpg","contentUrl":"https:\/\/ardigitalnoticias.com\/wp-content\/uploads\/2024\/09\/InShot_20240915_174511743-scaled.jpg","width":2560,"height":1439},{"@type":"BreadcrumbList","@id":"https:\/\/ardigitalnoticias.com\/index.php\/2024\/09\/15\/el-gobernador-rodrigo-villalba-declaro-calamidad-publica-en-el-huila-por-incendios-forestales\/#breadcrumb","itemListElement":[{"@type":"ListItem","position":1,"name":"Portada","item":"https:\/\/ardigitalnoticias.com\/"},{"@type":"ListItem","position":2,"name":"EL GOBERNADOR RODRIGO VILLALBA DECLAR\u00d3 CALAMIDAD P\u00daBLICA EN EL HUILA POR INCENDIOS FORESTALES"}]},{"@type":"WebSite","@id":"https:\/\/ardigitalnoticias.com\/#website","url":"https:\/\/ardigitalnoticias.com\/","name":"AR Digital Noticias","description":"","publisher":{"@id":"https:\/\/ardigitalnoticias.com\/#organization"},"potentialAction":[{"@type":"SearchAction","target":{"@type":"EntryPoint","urlTemplate":"https:\/\/ardigitalnoticias.com\/?s={search_term_string}"},"query-input":{"@type":"PropertyValueSpecification","valueRequired":true,"valueName":"search_term_string"}}],"inLanguage":"es"},{"@type":"Organization","@id":"https:\/\/ardigitalnoticias.com\/#organization","name":"AR Digital Noticias","url":"https:\/\/ardigitalnoticias.com\/","logo":{"@type":"ImageObject","inLanguage":"es","@id":"https:\/\/ardigitalnoticias.com\/#\/schema\/logo\/image\/","url":"https:\/\/ardigitalnoticias.com\/wp-content\/uploads\/2023\/11\/cropped-cropped-cropped-cropped-AR-Digital-Noticias-1.png","contentUrl":"https:\/\/ardigitalnoticias.com\/wp-content\/uploads\/2023\/11\/cropped-cropped-cropped-cropped-AR-Digital-Noticias-1.png","width":972,"height":306,"caption":"AR Digital Noticias"},"image":{"@id":"https:\/\/ardigitalnoticias.com\/#\/schema\/logo\/image\/"}},{"@type":"Person","@id":"https:\/\/ardigitalnoticias.com\/#\/schema\/person\/759c8138ebc77e85adb1aa750003a751","name":"Editor ArDigitalNoticias","image":{"@type":"ImageObject","inLanguage":"es","@id":"https:\/\/secure.gravatar.com\/avatar\/2c7f3656ea34567ef10422f22f4395b6cc422854a0b986ba788597ac36902f93?s=96&d=mm&r=g","url":"https:\/\/secure.gravatar.com\/avatar\/2c7f3656ea34567ef10422f22f4395b6cc422854a0b986ba788597ac36902f93?s=96&d=mm&r=g","contentUrl":"https:\/\/secure.gravatar.com\/avatar\/2c7f3656ea34567ef10422f22f4395b6cc422854a0b986ba788597ac36902f93?s=96&d=mm&r=g","caption":"Editor ArDigitalNoticias"},"sameAs":["http:\/\/ardigitalnoticias.com"],"url":"https:\/\/ardigitalnoticias.com\/index.php\/author\/editor\/"}]}},"_links":{"self":[{"href":"https:\/\/ardigitalnoticias.com\/index.php\/wp-json\/wp\/v2\/posts\/5605","targetHints":{"allow":["GET"]}}],"collection":[{"href":"https:\/\/ardigitalnoticias.com\/index.php\/wp-json\/wp\/v2\/posts"}],"about":[{"href":"https:\/\/ardigitalnoticias.com\/index.php\/wp-json\/wp\/v2\/types\/post"}],"author":[{"embeddable":true,"href":"https:\/\/ardigitalnoticias.com\/index.php\/wp-json\/wp\/v2\/users\/3"}],"replies":[{"embeddable":true,"href":"https:\/\/ardigitalnoticias.com\/index.php\/wp-json\/wp\/v2\/comments?post=5605"}],"version-history":[{"count":1,"href":"https:\/\/ardigitalnoticias.com\/index.php\/wp-json\/wp\/v2\/posts\/5605\/revisions"}],"predecessor-version":[{"id":5611,"href":"https:\/\/ardigitalnoticias.com\/index.php\/wp-json\/wp\/v2\/posts\/5605\/revisions\/5611"}],"wp:featuredmedia":[{"embeddable":true,"href":"https:\/\/ardigitalnoticias.com\/index.php\/wp-json\/wp\/v2\/media\/5608"}],"wp:attachment":[{"href":"https:\/\/ardigitalnoticias.com\/index.php\/wp-json\/wp\/v2\/media?parent=5605"}],"wp:term":[{"taxonomy":"category","embeddable":true,"href":"https:\/\/ardigitalnoticias.com\/index.php\/wp-json\/wp\/v2\/categories?post=5605"},{"taxonomy":"post_tag","embeddable":true,"href":"https:\/\/ardigitalnoticias.com\/index.php\/wp-json\/wp\/v2\/tags?post=5605"}],"curies":[{"name":"wp","href":"https:\/\/api.w.org\/{rel}","templated":true}]}}