{"id":5583,"date":"2024-09-15T12:21:37","date_gmt":"2024-09-15T17:21:37","guid":{"rendered":"https:\/\/ardigitalnoticias.com\/?p=5583"},"modified":"2024-09-15T12:21:37","modified_gmt":"2024-09-15T17:21:37","slug":"neiva-se-blinda-con-patrullajes-intensivos-una-respuesta-contundente-a-la-inseguridad","status":"publish","type":"post","link":"https:\/\/ardigitalnoticias.com\/index.php\/2024\/09\/15\/neiva-se-blinda-con-patrullajes-intensivos-una-respuesta-contundente-a-la-inseguridad\/","title":{"rendered":"NEIVA SE BLINDA CON PATRULLAJES INTENSIVOS, UNA RESPUESTA CONTUNDENTE A LA INSEGURIDAD"},"content":{"rendered":"\n<p>La seguridad en Neiva ha sido objeto de atenci\u00f3n prioritaria en las \u00faltimas semanas, y las autoridades locales y departamentales han decidido actuar con firmeza ante las crecientes demandas de la ciudadan\u00eda.<\/p>\n\n\n\n<p><strong>POR: ANDR\u00c9S RODR\u00cdGUEZ. <\/strong><\/p>\n\n\n<div class=\"wp-block-image\">\n<figure class=\"aligncenter size-large\"><img loading=\"lazy\" decoding=\"async\" width=\"1024\" height=\"682\" src=\"https:\/\/ardigitalnoticias.com\/wp-content\/uploads\/2024\/09\/IMG-20240915-WA0232-1024x682.jpg\" alt=\"\" class=\"wp-image-5598\" srcset=\"https:\/\/ardigitalnoticias.com\/wp-content\/uploads\/2024\/09\/IMG-20240915-WA0232-1024x682.jpg 1024w, https:\/\/ardigitalnoticias.com\/wp-content\/uploads\/2024\/09\/IMG-20240915-WA0232-300x200.jpg 300w, https:\/\/ardigitalnoticias.com\/wp-content\/uploads\/2024\/09\/IMG-20240915-WA0232-768x512.jpg 768w, https:\/\/ardigitalnoticias.com\/wp-content\/uploads\/2024\/09\/IMG-20240915-WA0232-1536x1023.jpg 1536w, https:\/\/ardigitalnoticias.com\/wp-content\/uploads\/2024\/09\/IMG-20240915-WA0232-150x100.jpg 150w, https:\/\/ardigitalnoticias.com\/wp-content\/uploads\/2024\/09\/IMG-20240915-WA0232-696x464.jpg 696w, https:\/\/ardigitalnoticias.com\/wp-content\/uploads\/2024\/09\/IMG-20240915-WA0232-1068x712.jpg 1068w, https:\/\/ardigitalnoticias.com\/wp-content\/uploads\/2024\/09\/IMG-20240915-WA0232.jpg 1600w\" sizes=\"auto, (max-width: 1024px) 100vw, 1024px\" \/><\/figure>\n<\/div>\n\n\n<p>En un esfuerzo conjunto, la Gobernaci\u00f3n del Huila y la Alcald\u00eda de Neiva lanzaron el \u201cPlan Fortaleza\u201d, un ambicioso proyecto que busca reforzar la presencia militar y policial en las calles, con el fin de garantizar la tranquilidad de los neivanos.<\/p>\n\n\n\n<p>En una presentaci\u00f3n p\u00fablica realizada en el polideportivo del barrio Santa Rosa, ubicado en la Comuna 9 de Neiva, el gobernador del Huila, Rodrigo Villalba Mosquera, acompa\u00f1ado por el alcalde de Neiva, Germ\u00e1n Casagua, y otros funcionarios locales y departamentales, oficializ\u00f3 el lanzamiento del plan. Esta iniciativa, parte del programa \u00abUnidos M\u00e1s Seguros\u00bb, representa un esfuerzo significativo por parte de las autoridades para combatir la delincuencia y mejorar la seguridad en las comunas m\u00e1s afectadas de la ciudad.<\/p>\n\n\n\n<figure class=\"wp-block-gallery aligncenter has-nested-images columns-default is-cropped wp-block-gallery-1 is-layout-flex wp-block-gallery-is-layout-flex\">\n<figure class=\"wp-block-image size-large\"><img loading=\"lazy\" decoding=\"async\" width=\"1024\" height=\"576\" data-id=\"5589\" src=\"https:\/\/ardigitalnoticias.com\/wp-content\/uploads\/2024\/09\/IMG-20240915-WA0264-1024x576.jpg\" alt=\"\" class=\"wp-image-5589\" srcset=\"https:\/\/ardigitalnoticias.com\/wp-content\/uploads\/2024\/09\/IMG-20240915-WA0264-1024x576.jpg 1024w, https:\/\/ardigitalnoticias.com\/wp-content\/uploads\/2024\/09\/IMG-20240915-WA0264-300x169.jpg 300w, https:\/\/ardigitalnoticias.com\/wp-content\/uploads\/2024\/09\/IMG-20240915-WA0264-768x432.jpg 768w, https:\/\/ardigitalnoticias.com\/wp-content\/uploads\/2024\/09\/IMG-20240915-WA0264-150x84.jpg 150w, https:\/\/ardigitalnoticias.com\/wp-content\/uploads\/2024\/09\/IMG-20240915-WA0264-696x392.jpg 696w, https:\/\/ardigitalnoticias.com\/wp-content\/uploads\/2024\/09\/IMG-20240915-WA0264-1068x601.jpg 1068w, https:\/\/ardigitalnoticias.com\/wp-content\/uploads\/2024\/09\/IMG-20240915-WA0264.jpg 1280w\" sizes=\"auto, (max-width: 1024px) 100vw, 1024px\" \/><\/figure>\n\n\n\n<figure class=\"wp-block-image size-large\"><img loading=\"lazy\" decoding=\"async\" width=\"1024\" height=\"610\" data-id=\"5585\" src=\"https:\/\/ardigitalnoticias.com\/wp-content\/uploads\/2024\/09\/IMG-20240915-WA0267-1024x610.jpg\" alt=\"\" class=\"wp-image-5585\" srcset=\"https:\/\/ardigitalnoticias.com\/wp-content\/uploads\/2024\/09\/IMG-20240915-WA0267-1024x610.jpg 1024w, https:\/\/ardigitalnoticias.com\/wp-content\/uploads\/2024\/09\/IMG-20240915-WA0267-300x179.jpg 300w, https:\/\/ardigitalnoticias.com\/wp-content\/uploads\/2024\/09\/IMG-20240915-WA0267-768x458.jpg 768w, https:\/\/ardigitalnoticias.com\/wp-content\/uploads\/2024\/09\/IMG-20240915-WA0267-150x89.jpg 150w, https:\/\/ardigitalnoticias.com\/wp-content\/uploads\/2024\/09\/IMG-20240915-WA0267-696x415.jpg 696w, https:\/\/ardigitalnoticias.com\/wp-content\/uploads\/2024\/09\/IMG-20240915-WA0267-1068x637.jpg 1068w, https:\/\/ardigitalnoticias.com\/wp-content\/uploads\/2024\/09\/IMG-20240915-WA0267.jpg 1280w\" sizes=\"auto, (max-width: 1024px) 100vw, 1024px\" \/><\/figure>\n\n\n\n<figure class=\"wp-block-image size-large\"><img loading=\"lazy\" decoding=\"async\" width=\"1024\" height=\"584\" data-id=\"5586\" src=\"https:\/\/ardigitalnoticias.com\/wp-content\/uploads\/2024\/09\/IMG-20240915-WA0268-1024x584.jpg\" alt=\"\" class=\"wp-image-5586\" srcset=\"https:\/\/ardigitalnoticias.com\/wp-content\/uploads\/2024\/09\/IMG-20240915-WA0268-1024x584.jpg 1024w, https:\/\/ardigitalnoticias.com\/wp-content\/uploads\/2024\/09\/IMG-20240915-WA0268-300x171.jpg 300w, https:\/\/ardigitalnoticias.com\/wp-content\/uploads\/2024\/09\/IMG-20240915-WA0268-768x438.jpg 768w, https:\/\/ardigitalnoticias.com\/wp-content\/uploads\/2024\/09\/IMG-20240915-WA0268-150x86.jpg 150w, https:\/\/ardigitalnoticias.com\/wp-content\/uploads\/2024\/09\/IMG-20240915-WA0268-696x397.jpg 696w, https:\/\/ardigitalnoticias.com\/wp-content\/uploads\/2024\/09\/IMG-20240915-WA0268-1068x609.jpg 1068w, https:\/\/ardigitalnoticias.com\/wp-content\/uploads\/2024\/09\/IMG-20240915-WA0268.jpg 1228w\" sizes=\"auto, (max-width: 1024px) 100vw, 1024px\" \/><\/figure>\n<\/figure>\n\n\n\n<p class=\"has-text-align-left\">COMPROMISO FIRME DE LAS AUTORIDADES<\/p>\n\n\n\n<p class=\"has-text-align-left\">Durante su intervenci\u00f3n, el gobernador Villalba dej\u00f3 en claro el compromiso de su administraci\u00f3n con la seguridad de Neiva. \u00abNo escatimaremos en esfuerzos para garantizar la paz en las calles. Estamos cumpliendo con la ciudad de acuerdo a lo discutido en el \u00faltimo Consejo de Seguridad\u00bb, afirm\u00f3 con contundencia. Adem\u00e1s, hizo hincapi\u00e9 en la importancia de la articulaci\u00f3n entre las autoridades locales, la fuerza p\u00fablica y la ciudadan\u00eda para consolidar una estrategia efectiva. Seg\u00fan Villalba, el objetivo principal es devolver la confianza y tranquilidad a los ciudadanos que han sido afectados por la creciente inseguridad en ciertas zonas de la capital huilense.<\/p>\n\n\n\n<figure class=\"wp-block-video aligncenter\"><video height=\"832\" style=\"aspect-ratio: 1520 \/ 832;\" width=\"1520\" controls src=\"https:\/\/ardigitalnoticias.com\/wp-content\/uploads\/2024\/09\/SEGURIDAD-NEIVA-sm.mp4\"><\/video><\/figure>\n\n\n\n<p>Por su parte, el alcalde Casagua reafirm\u00f3 la importancia de mantener una presencia constante de las fuerzas de seguridad en las calles. \u00abA la fecha, hemos capturado a m\u00e1s de 1.000 delincuentes. Este es solo el comienzo. No nos detendremos frente a la delincuencia\u00bb, enfatiz\u00f3, destacando los avances en materia de seguridad que su administraci\u00f3n ha logrado hasta el momento.<\/p>\n\n\n<div class=\"wp-block-image\">\n<figure class=\"aligncenter size-large\"><img loading=\"lazy\" decoding=\"async\" width=\"1024\" height=\"576\" src=\"https:\/\/ardigitalnoticias.com\/wp-content\/uploads\/2024\/09\/IMG-20240915-WA0263-1024x576.jpg\" alt=\"\" class=\"wp-image-5596\" srcset=\"https:\/\/ardigitalnoticias.com\/wp-content\/uploads\/2024\/09\/IMG-20240915-WA0263-1024x576.jpg 1024w, https:\/\/ardigitalnoticias.com\/wp-content\/uploads\/2024\/09\/IMG-20240915-WA0263-300x169.jpg 300w, https:\/\/ardigitalnoticias.com\/wp-content\/uploads\/2024\/09\/IMG-20240915-WA0263-768x432.jpg 768w, https:\/\/ardigitalnoticias.com\/wp-content\/uploads\/2024\/09\/IMG-20240915-WA0263-150x84.jpg 150w, https:\/\/ardigitalnoticias.com\/wp-content\/uploads\/2024\/09\/IMG-20240915-WA0263-696x392.jpg 696w, https:\/\/ardigitalnoticias.com\/wp-content\/uploads\/2024\/09\/IMG-20240915-WA0263-1068x601.jpg 1068w, https:\/\/ardigitalnoticias.com\/wp-content\/uploads\/2024\/09\/IMG-20240915-WA0263.jpg 1280w\" sizes=\"auto, (max-width: 1024px) 100vw, 1024px\" \/><\/figure>\n<\/div>\n\n\n<p>PRESENCIA ACTIVA EN LAS COMUNAS<\/p>\n\n\n\n<p>El \u201cPlan Fortaleza\u201d ya est\u00e1 en marcha, con una fuerte presencia de Polic\u00eda y Ej\u00e9rcito en las comunas m\u00e1s vulnerables de Neiva, en particular la Comuna 1, que ha sido escenario de los primeros operativos conjuntos. La estrategia contempla el despliegue de 20 cuadrantes de Polic\u00eda, 5 CAI m\u00f3viles y 87 unidades especializadas, apoyadas por 14 motocicletas, para garantizar una mayor capacidad de respuesta ante situaciones de riesgo. A esto se suman 4 pelotones del Ej\u00e9rcito Nacional, compuestos por 160 soldados que patrullar\u00e1n las calles de la ciudad.<\/p>\n\n\n\n<p>El gobernador Villalba tambi\u00e9n anunci\u00f3 la integraci\u00f3n de un sistema de c\u00e1maras de vigilancia comunitaria, el cual est\u00e1 dise\u00f1ado para mejorar la capacidad de reacci\u00f3n de las autoridades frente a incidentes delictivos. Este sistema se convertir\u00e1 en un aliado clave para la seguridad, permitiendo monitorear en tiempo real las zonas m\u00e1s cr\u00edticas y coordinando la intervenci\u00f3n inmediata de las fuerzas de seguridad.<\/p>\n\n\n<div class=\"wp-block-image\">\n<figure class=\"aligncenter size-large\"><img loading=\"lazy\" decoding=\"async\" width=\"1024\" height=\"576\" src=\"https:\/\/ardigitalnoticias.com\/wp-content\/uploads\/2024\/09\/IMG-20240915-WA0261-1024x576.jpg\" alt=\"\" class=\"wp-image-5593\" srcset=\"https:\/\/ardigitalnoticias.com\/wp-content\/uploads\/2024\/09\/IMG-20240915-WA0261-1024x576.jpg 1024w, https:\/\/ardigitalnoticias.com\/wp-content\/uploads\/2024\/09\/IMG-20240915-WA0261-300x169.jpg 300w, https:\/\/ardigitalnoticias.com\/wp-content\/uploads\/2024\/09\/IMG-20240915-WA0261-768x432.jpg 768w, https:\/\/ardigitalnoticias.com\/wp-content\/uploads\/2024\/09\/IMG-20240915-WA0261-150x84.jpg 150w, https:\/\/ardigitalnoticias.com\/wp-content\/uploads\/2024\/09\/IMG-20240915-WA0261-696x392.jpg 696w, https:\/\/ardigitalnoticias.com\/wp-content\/uploads\/2024\/09\/IMG-20240915-WA0261-1068x601.jpg 1068w, https:\/\/ardigitalnoticias.com\/wp-content\/uploads\/2024\/09\/IMG-20240915-WA0261.jpg 1280w\" sizes=\"auto, (max-width: 1024px) 100vw, 1024px\" \/><\/figure>\n<\/div>\n\n\n<p>LA PARTICIPACI\u00d3N CIUDADANA COMO PILAR DEL PLAN<\/p>\n\n\n\n<p>Uno de los elementos fundamentales del \u00e9xito del \u201cPlan Fortaleza\u201d radica en la participaci\u00f3n activa de los ciudadanos. As\u00ed lo indic\u00f3 el secretario de Gobierno del Huila, Juan Carlos Casallas, quien subray\u00f3 la necesidad de establecer una relaci\u00f3n de confianza entre las autoridades y la comunidad. Los habitantes de Neiva tendr\u00e1n la posibilidad de reportar cualquier actividad sospechosa o delictiva a trav\u00e9s de la l\u00ednea 123, lo que permitir\u00e1 una respuesta m\u00e1s r\u00e1pida y efectiva.<\/p>\n\n\n\n<p>Casallas destac\u00f3 que este tipo de colaboraci\u00f3n ciudadana ser\u00e1 vital para el \u00e9xito de la estrategia de seguridad, ya que permitir\u00e1 a las autoridades actuar con mayor precisi\u00f3n y rapidez, bas\u00e1ndose en la informaci\u00f3n proporcionada por los propios residentes. \u201cNo podemos combatir la delincuencia solos, necesitamos del apoyo de la gente para que esto funcione\u201d, concluy\u00f3 el funcionario.<\/p>\n\n\n\n<figure class=\"wp-block-gallery aligncenter has-nested-images columns-default is-cropped wp-block-gallery-2 is-layout-flex wp-block-gallery-is-layout-flex\">\n<figure class=\"wp-block-image size-large\"><img loading=\"lazy\" decoding=\"async\" width=\"1024\" height=\"576\" data-id=\"5595\" src=\"https:\/\/ardigitalnoticias.com\/wp-content\/uploads\/2024\/09\/IMG-20240915-WA0257-1024x576.jpg\" alt=\"\" class=\"wp-image-5595\" srcset=\"https:\/\/ardigitalnoticias.com\/wp-content\/uploads\/2024\/09\/IMG-20240915-WA0257-1024x576.jpg 1024w, https:\/\/ardigitalnoticias.com\/wp-content\/uploads\/2024\/09\/IMG-20240915-WA0257-300x169.jpg 300w, https:\/\/ardigitalnoticias.com\/wp-content\/uploads\/2024\/09\/IMG-20240915-WA0257-768x432.jpg 768w, https:\/\/ardigitalnoticias.com\/wp-content\/uploads\/2024\/09\/IMG-20240915-WA0257-150x84.jpg 150w, https:\/\/ardigitalnoticias.com\/wp-content\/uploads\/2024\/09\/IMG-20240915-WA0257-696x392.jpg 696w, https:\/\/ardigitalnoticias.com\/wp-content\/uploads\/2024\/09\/IMG-20240915-WA0257-1068x601.jpg 1068w, https:\/\/ardigitalnoticias.com\/wp-content\/uploads\/2024\/09\/IMG-20240915-WA0257.jpg 1280w\" sizes=\"auto, (max-width: 1024px) 100vw, 1024px\" \/><\/figure>\n\n\n\n<figure class=\"wp-block-image size-large\"><img loading=\"lazy\" decoding=\"async\" width=\"800\" height=\"662\" data-id=\"5587\" src=\"https:\/\/ardigitalnoticias.com\/wp-content\/uploads\/2024\/09\/IMG-20240915-WA0265.jpg\" alt=\"\" class=\"wp-image-5587\" srcset=\"https:\/\/ardigitalnoticias.com\/wp-content\/uploads\/2024\/09\/IMG-20240915-WA0265.jpg 800w, https:\/\/ardigitalnoticias.com\/wp-content\/uploads\/2024\/09\/IMG-20240915-WA0265-300x248.jpg 300w, https:\/\/ardigitalnoticias.com\/wp-content\/uploads\/2024\/09\/IMG-20240915-WA0265-768x636.jpg 768w, https:\/\/ardigitalnoticias.com\/wp-content\/uploads\/2024\/09\/IMG-20240915-WA0265-150x124.jpg 150w, https:\/\/ardigitalnoticias.com\/wp-content\/uploads\/2024\/09\/IMG-20240915-WA0265-696x576.jpg 696w\" sizes=\"auto, (max-width: 800px) 100vw, 800px\" \/><\/figure>\n\n\n\n<figure class=\"wp-block-image size-large\"><img loading=\"lazy\" decoding=\"async\" width=\"1024\" height=\"576\" data-id=\"5592\" src=\"https:\/\/ardigitalnoticias.com\/wp-content\/uploads\/2024\/09\/IMG-20240915-WA0258-1024x576.jpg\" alt=\"\" class=\"wp-image-5592\" srcset=\"https:\/\/ardigitalnoticias.com\/wp-content\/uploads\/2024\/09\/IMG-20240915-WA0258-1024x576.jpg 1024w, https:\/\/ardigitalnoticias.com\/wp-content\/uploads\/2024\/09\/IMG-20240915-WA0258-300x169.jpg 300w, https:\/\/ardigitalnoticias.com\/wp-content\/uploads\/2024\/09\/IMG-20240915-WA0258-768x432.jpg 768w, https:\/\/ardigitalnoticias.com\/wp-content\/uploads\/2024\/09\/IMG-20240915-WA0258-150x84.jpg 150w, https:\/\/ardigitalnoticias.com\/wp-content\/uploads\/2024\/09\/IMG-20240915-WA0258-696x392.jpg 696w, https:\/\/ardigitalnoticias.com\/wp-content\/uploads\/2024\/09\/IMG-20240915-WA0258-1068x601.jpg 1068w, https:\/\/ardigitalnoticias.com\/wp-content\/uploads\/2024\/09\/IMG-20240915-WA0258.jpg 1280w\" sizes=\"auto, (max-width: 1024px) 100vw, 1024px\" \/><\/figure>\n<\/figure>\n\n\n\n<p>UNA RESPUESTA INMEDIATA Y SOSTENIDA<\/p>\n\n\n\n<p>Con el \u00abPlan Fortaleza\u00bb, las autoridades buscan no solo una respuesta inmediata a los problemas de seguridad que aquejan a la ciudad, sino tambi\u00e9n una estrategia sostenible a largo plazo que permita mantener el control sobre los puntos m\u00e1s conflictivos. La implementaci\u00f3n de este plan, que cuenta con recursos humanos y tecnol\u00f3gicos de alto nivel, busca reducir significativamente los \u00edndices de criminalidad en Neiva y mejorar la calidad de vida de sus habitantes.<\/p>\n\n\n\n<figure class=\"wp-block-video aligncenter\"><video height=\"1296\" style=\"aspect-ratio: 720 \/ 1296;\" width=\"720\" controls src=\"https:\/\/ardigitalnoticias.com\/wp-content\/uploads\/2024\/09\/VID-20240915-WA0271.mp4\"><\/video><\/figure>\n\n\n\n<p>El despliegue de personal militar y policial, junto con la colaboraci\u00f3n de la comunidad, representa un paso firme hacia la recuperaci\u00f3n de la seguridad en Neiva. Las expectativas son altas, y tanto el gobierno departamental como el municipal han reafirmado su compromiso de no descansar hasta lograr que Neiva sea una ciudad m\u00e1s segura para todos.<\/p>\n\n\n\n<p>El \u00abPlan Fortaleza\u00bb es una muestra clara de la voluntad de las autoridades locales y departamentales de enfrentar la inseguridad de manera decidida y coordinada. Con la implementaci\u00f3n de patrullajes intensivos y una mayor presencia de las fuerzas de seguridad, sumado al apoyo de la comunidad, se espera que Neiva recupere la tranquilidad que sus habitantes merecen. El \u00e9xito de esta iniciativa depender\u00e1 en gran medida de la capacidad de mantener un esfuerzo constante y de la cooperaci\u00f3n entre las instituciones y los ciudadanos, quienes juegan un papel clave en esta lucha contra la delincuencia.<\/p>\n\n\n<div class=\"wp-block-image\">\n<figure class=\"aligncenter size-large\"><img loading=\"lazy\" decoding=\"async\" width=\"1024\" height=\"576\" src=\"https:\/\/ardigitalnoticias.com\/wp-content\/uploads\/2024\/09\/IMG-20240915-WA0266-1024x576.jpg\" alt=\"\" class=\"wp-image-5588\" srcset=\"https:\/\/ardigitalnoticias.com\/wp-content\/uploads\/2024\/09\/IMG-20240915-WA0266-1024x576.jpg 1024w, https:\/\/ardigitalnoticias.com\/wp-content\/uploads\/2024\/09\/IMG-20240915-WA0266-300x169.jpg 300w, https:\/\/ardigitalnoticias.com\/wp-content\/uploads\/2024\/09\/IMG-20240915-WA0266-768x432.jpg 768w, https:\/\/ardigitalnoticias.com\/wp-content\/uploads\/2024\/09\/IMG-20240915-WA0266-150x84.jpg 150w, https:\/\/ardigitalnoticias.com\/wp-content\/uploads\/2024\/09\/IMG-20240915-WA0266-696x392.jpg 696w, https:\/\/ardigitalnoticias.com\/wp-content\/uploads\/2024\/09\/IMG-20240915-WA0266-1068x601.jpg 1068w, https:\/\/ardigitalnoticias.com\/wp-content\/uploads\/2024\/09\/IMG-20240915-WA0266.jpg 1280w\" sizes=\"auto, (max-width: 1024px) 100vw, 1024px\" \/><\/figure>\n<\/div>","protected":false},"excerpt":{"rendered":"<p>La seguridad en Neiva ha sido objeto de atenci\u00f3n prioritaria en las \u00faltimas semanas, y las autoridades locales y departamentales han decidido actuar con firmeza ante las crecientes demandas de la ciudadan\u00eda. POR: ANDR\u00c9S RODR\u00cdGUEZ. En un esfuerzo conjunto, la Gobernaci\u00f3n del Huila y la Alcald\u00eda de Neiva lanzaron el \u201cPlan Fortaleza\u201d, un ambicioso proyecto [&hellip;]<\/p>\n","protected":false},"author":3,"featured_media":5584,"comment_status":"open","ping_status":"open","sticky":false,"template":"","format":"standard","meta":{"_acf_changed":false,"_joinchat":[],"footnotes":""},"categories":[1,20,26,19],"tags":[],"class_list":{"0":"post-5583","1":"post","2":"type-post","3":"status-publish","4":"format-standard","5":"has-post-thumbnail","7":"category-actualidad","8":"category-judicial","9":"category-norte","10":"category-regional"},"acf":[],"yoast_head":"<!-- This site is optimized with the Yoast SEO plugin v27.4 - https:\/\/yoast.com\/product\/yoast-seo-wordpress\/ -->\n<title>NEIVA SE BLINDA CON PATRULLAJES INTENSIVOS, UNA RESPUESTA CONTUNDENTE A LA INSEGURIDAD - AR Digital Noticias<\/title>\n<meta name=\"robots\" content=\"index, follow, max-snippet:-1, max-image-preview:large, max-video-preview:-1\" \/>\n<link rel=\"canonical\" href=\"https:\/\/ardigitalnoticias.com\/index.php\/2024\/09\/15\/neiva-se-blinda-con-patrullajes-intensivos-una-respuesta-contundente-a-la-inseguridad\/\" \/>\n<meta property=\"og:locale\" content=\"es_ES\" \/>\n<meta property=\"og:type\" content=\"article\" \/>\n<meta property=\"og:title\" content=\"NEIVA SE BLINDA CON PATRULLAJES INTENSIVOS, UNA RESPUESTA CONTUNDENTE A LA INSEGURIDAD - AR Digital Noticias\" \/>\n<meta property=\"og:description\" content=\"La seguridad en Neiva ha sido objeto de atenci\u00f3n prioritaria en las \u00faltimas semanas, y las autoridades locales y departamentales han decidido actuar con firmeza ante las crecientes demandas de la ciudadan\u00eda. POR: ANDR\u00c9S RODR\u00cdGUEZ. En un esfuerzo conjunto, la Gobernaci\u00f3n del Huila y la Alcald\u00eda de Neiva lanzaron el \u201cPlan Fortaleza\u201d, un ambicioso proyecto [&hellip;]\" \/>\n<meta property=\"og:url\" content=\"https:\/\/ardigitalnoticias.com\/index.php\/2024\/09\/15\/neiva-se-blinda-con-patrullajes-intensivos-una-respuesta-contundente-a-la-inseguridad\/\" \/>\n<meta property=\"og:site_name\" content=\"AR Digital Noticias\" \/>\n<meta property=\"article:published_time\" content=\"2024-09-15T17:21:37+00:00\" \/>\n<meta property=\"og:image\" content=\"https:\/\/ardigitalnoticias.com\/wp-content\/uploads\/2024\/09\/InShot_20240915_114814777-scaled.jpg\" \/>\n\t<meta property=\"og:image:width\" content=\"2560\" \/>\n\t<meta property=\"og:image:height\" content=\"1439\" \/>\n\t<meta property=\"og:image:type\" content=\"image\/jpeg\" \/>\n<meta name=\"author\" content=\"Editor ArDigitalNoticias\" \/>\n<meta name=\"twitter:card\" content=\"summary_large_image\" \/>\n<meta name=\"twitter:label1\" content=\"Escrito por\" \/>\n\t<meta name=\"twitter:data1\" content=\"Editor ArDigitalNoticias\" \/>\n\t<meta name=\"twitter:label2\" content=\"Tiempo de lectura\" \/>\n\t<meta name=\"twitter:data2\" content=\"7 minutos\" \/>\n<script type=\"application\/ld+json\" class=\"yoast-schema-graph\">{\"@context\":\"https:\\\/\\\/schema.org\",\"@graph\":[{\"@type\":\"Article\",\"@id\":\"https:\\\/\\\/ardigitalnoticias.com\\\/index.php\\\/2024\\\/09\\\/15\\\/neiva-se-blinda-con-patrullajes-intensivos-una-respuesta-contundente-a-la-inseguridad\\\/#article\",\"isPartOf\":{\"@id\":\"https:\\\/\\\/ardigitalnoticias.com\\\/index.php\\\/2024\\\/09\\\/15\\\/neiva-se-blinda-con-patrullajes-intensivos-una-respuesta-contundente-a-la-inseguridad\\\/\"},\"author\":{\"name\":\"Editor ArDigitalNoticias\",\"@id\":\"https:\\\/\\\/ardigitalnoticias.com\\\/#\\\/schema\\\/person\\\/759c8138ebc77e85adb1aa750003a751\"},\"headline\":\"NEIVA SE BLINDA CON PATRULLAJES INTENSIVOS, UNA RESPUESTA CONTUNDENTE A LA INSEGURIDAD\",\"datePublished\":\"2024-09-15T17:21:37+00:00\",\"mainEntityOfPage\":{\"@id\":\"https:\\\/\\\/ardigitalnoticias.com\\\/index.php\\\/2024\\\/09\\\/15\\\/neiva-se-blinda-con-patrullajes-intensivos-una-respuesta-contundente-a-la-inseguridad\\\/\"},\"wordCount\":904,\"commentCount\":0,\"publisher\":{\"@id\":\"https:\\\/\\\/ardigitalnoticias.com\\\/#organization\"},\"image\":{\"@id\":\"https:\\\/\\\/ardigitalnoticias.com\\\/index.php\\\/2024\\\/09\\\/15\\\/neiva-se-blinda-con-patrullajes-intensivos-una-respuesta-contundente-a-la-inseguridad\\\/#primaryimage\"},\"thumbnailUrl\":\"https:\\\/\\\/ardigitalnoticias.com\\\/wp-content\\\/uploads\\\/2024\\\/09\\\/InShot_20240915_114814777-scaled.jpg\",\"articleSection\":[\"Actualidad\",\"Judicial\",\"Norte\",\"Regional\"],\"inLanguage\":\"es\",\"potentialAction\":[{\"@type\":\"CommentAction\",\"name\":\"Comment\",\"target\":[\"https:\\\/\\\/ardigitalnoticias.com\\\/index.php\\\/2024\\\/09\\\/15\\\/neiva-se-blinda-con-patrullajes-intensivos-una-respuesta-contundente-a-la-inseguridad\\\/#respond\"]}]},{\"@type\":\"WebPage\",\"@id\":\"https:\\\/\\\/ardigitalnoticias.com\\\/index.php\\\/2024\\\/09\\\/15\\\/neiva-se-blinda-con-patrullajes-intensivos-una-respuesta-contundente-a-la-inseguridad\\\/\",\"url\":\"https:\\\/\\\/ardigitalnoticias.com\\\/index.php\\\/2024\\\/09\\\/15\\\/neiva-se-blinda-con-patrullajes-intensivos-una-respuesta-contundente-a-la-inseguridad\\\/\",\"name\":\"NEIVA SE BLINDA CON PATRULLAJES INTENSIVOS, UNA RESPUESTA CONTUNDENTE A LA INSEGURIDAD - AR Digital Noticias\",\"isPartOf\":{\"@id\":\"https:\\\/\\\/ardigitalnoticias.com\\\/#website\"},\"primaryImageOfPage\":{\"@id\":\"https:\\\/\\\/ardigitalnoticias.com\\\/index.php\\\/2024\\\/09\\\/15\\\/neiva-se-blinda-con-patrullajes-intensivos-una-respuesta-contundente-a-la-inseguridad\\\/#primaryimage\"},\"image\":{\"@id\":\"https:\\\/\\\/ardigitalnoticias.com\\\/index.php\\\/2024\\\/09\\\/15\\\/neiva-se-blinda-con-patrullajes-intensivos-una-respuesta-contundente-a-la-inseguridad\\\/#primaryimage\"},\"thumbnailUrl\":\"https:\\\/\\\/ardigitalnoticias.com\\\/wp-content\\\/uploads\\\/2024\\\/09\\\/InShot_20240915_114814777-scaled.jpg\",\"datePublished\":\"2024-09-15T17:21:37+00:00\",\"breadcrumb\":{\"@id\":\"https:\\\/\\\/ardigitalnoticias.com\\\/index.php\\\/2024\\\/09\\\/15\\\/neiva-se-blinda-con-patrullajes-intensivos-una-respuesta-contundente-a-la-inseguridad\\\/#breadcrumb\"},\"inLanguage\":\"es\",\"potentialAction\":[{\"@type\":\"ReadAction\",\"target\":[\"https:\\\/\\\/ardigitalnoticias.com\\\/index.php\\\/2024\\\/09\\\/15\\\/neiva-se-blinda-con-patrullajes-intensivos-una-respuesta-contundente-a-la-inseguridad\\\/\"]}]},{\"@type\":\"ImageObject\",\"inLanguage\":\"es\",\"@id\":\"https:\\\/\\\/ardigitalnoticias.com\\\/index.php\\\/2024\\\/09\\\/15\\\/neiva-se-blinda-con-patrullajes-intensivos-una-respuesta-contundente-a-la-inseguridad\\\/#primaryimage\",\"url\":\"https:\\\/\\\/ardigitalnoticias.com\\\/wp-content\\\/uploads\\\/2024\\\/09\\\/InShot_20240915_114814777-scaled.jpg\",\"contentUrl\":\"https:\\\/\\\/ardigitalnoticias.com\\\/wp-content\\\/uploads\\\/2024\\\/09\\\/InShot_20240915_114814777-scaled.jpg\",\"width\":2560,\"height\":1439},{\"@type\":\"BreadcrumbList\",\"@id\":\"https:\\\/\\\/ardigitalnoticias.com\\\/index.php\\\/2024\\\/09\\\/15\\\/neiva-se-blinda-con-patrullajes-intensivos-una-respuesta-contundente-a-la-inseguridad\\\/#breadcrumb\",\"itemListElement\":[{\"@type\":\"ListItem\",\"position\":1,\"name\":\"Portada\",\"item\":\"https:\\\/\\\/ardigitalnoticias.com\\\/\"},{\"@type\":\"ListItem\",\"position\":2,\"name\":\"NEIVA SE BLINDA CON PATRULLAJES INTENSIVOS, UNA RESPUESTA CONTUNDENTE A LA INSEGURIDAD\"}]},{\"@type\":\"WebSite\",\"@id\":\"https:\\\/\\\/ardigitalnoticias.com\\\/#website\",\"url\":\"https:\\\/\\\/ardigitalnoticias.com\\\/\",\"name\":\"AR Digital Noticias\",\"description\":\"\",\"publisher\":{\"@id\":\"https:\\\/\\\/ardigitalnoticias.com\\\/#organization\"},\"potentialAction\":[{\"@type\":\"SearchAction\",\"target\":{\"@type\":\"EntryPoint\",\"urlTemplate\":\"https:\\\/\\\/ardigitalnoticias.com\\\/?s={search_term_string}\"},\"query-input\":{\"@type\":\"PropertyValueSpecification\",\"valueRequired\":true,\"valueName\":\"search_term_string\"}}],\"inLanguage\":\"es\"},{\"@type\":\"Organization\",\"@id\":\"https:\\\/\\\/ardigitalnoticias.com\\\/#organization\",\"name\":\"AR Digital Noticias\",\"url\":\"https:\\\/\\\/ardigitalnoticias.com\\\/\",\"logo\":{\"@type\":\"ImageObject\",\"inLanguage\":\"es\",\"@id\":\"https:\\\/\\\/ardigitalnoticias.com\\\/#\\\/schema\\\/logo\\\/image\\\/\",\"url\":\"https:\\\/\\\/ardigitalnoticias.com\\\/wp-content\\\/uploads\\\/2023\\\/11\\\/cropped-cropped-cropped-cropped-AR-Digital-Noticias-1.png\",\"contentUrl\":\"https:\\\/\\\/ardigitalnoticias.com\\\/wp-content\\\/uploads\\\/2023\\\/11\\\/cropped-cropped-cropped-cropped-AR-Digital-Noticias-1.png\",\"width\":972,\"height\":306,\"caption\":\"AR Digital Noticias\"},\"image\":{\"@id\":\"https:\\\/\\\/ardigitalnoticias.com\\\/#\\\/schema\\\/logo\\\/image\\\/\"}},{\"@type\":\"Person\",\"@id\":\"https:\\\/\\\/ardigitalnoticias.com\\\/#\\\/schema\\\/person\\\/759c8138ebc77e85adb1aa750003a751\",\"name\":\"Editor ArDigitalNoticias\",\"image\":{\"@type\":\"ImageObject\",\"inLanguage\":\"es\",\"@id\":\"https:\\\/\\\/secure.gravatar.com\\\/avatar\\\/2c7f3656ea34567ef10422f22f4395b6cc422854a0b986ba788597ac36902f93?s=96&d=mm&r=g\",\"url\":\"https:\\\/\\\/secure.gravatar.com\\\/avatar\\\/2c7f3656ea34567ef10422f22f4395b6cc422854a0b986ba788597ac36902f93?s=96&d=mm&r=g\",\"contentUrl\":\"https:\\\/\\\/secure.gravatar.com\\\/avatar\\\/2c7f3656ea34567ef10422f22f4395b6cc422854a0b986ba788597ac36902f93?s=96&d=mm&r=g\",\"caption\":\"Editor ArDigitalNoticias\"},\"sameAs\":[\"http:\\\/\\\/ardigitalnoticias.com\"],\"url\":\"https:\\\/\\\/ardigitalnoticias.com\\\/index.php\\\/author\\\/editor\\\/\"}]}<\/script>\n<!-- \/ Yoast SEO plugin. -->","yoast_head_json":{"title":"NEIVA SE BLINDA CON PATRULLAJES INTENSIVOS, UNA RESPUESTA CONTUNDENTE A LA INSEGURIDAD - AR Digital Noticias","robots":{"index":"index","follow":"follow","max-snippet":"max-snippet:-1","max-image-preview":"max-image-preview:large","max-video-preview":"max-video-preview:-1"},"canonical":"https:\/\/ardigitalnoticias.com\/index.php\/2024\/09\/15\/neiva-se-blinda-con-patrullajes-intensivos-una-respuesta-contundente-a-la-inseguridad\/","og_locale":"es_ES","og_type":"article","og_title":"NEIVA SE BLINDA CON PATRULLAJES INTENSIVOS, UNA RESPUESTA CONTUNDENTE A LA INSEGURIDAD - AR Digital Noticias","og_description":"La seguridad en Neiva ha sido objeto de atenci\u00f3n prioritaria en las \u00faltimas semanas, y las autoridades locales y departamentales han decidido actuar con firmeza ante las crecientes demandas de la ciudadan\u00eda. POR: ANDR\u00c9S RODR\u00cdGUEZ. En un esfuerzo conjunto, la Gobernaci\u00f3n del Huila y la Alcald\u00eda de Neiva lanzaron el \u201cPlan Fortaleza\u201d, un ambicioso proyecto [&hellip;]","og_url":"https:\/\/ardigitalnoticias.com\/index.php\/2024\/09\/15\/neiva-se-blinda-con-patrullajes-intensivos-una-respuesta-contundente-a-la-inseguridad\/","og_site_name":"AR Digital Noticias","article_published_time":"2024-09-15T17:21:37+00:00","og_image":[{"width":2560,"height":1439,"url":"https:\/\/ardigitalnoticias.com\/wp-content\/uploads\/2024\/09\/InShot_20240915_114814777-scaled.jpg","type":"image\/jpeg"}],"author":"Editor ArDigitalNoticias","twitter_card":"summary_large_image","twitter_misc":{"Escrito por":"Editor ArDigitalNoticias","Tiempo de lectura":"7 minutos"},"schema":{"@context":"https:\/\/schema.org","@graph":[{"@type":"Article","@id":"https:\/\/ardigitalnoticias.com\/index.php\/2024\/09\/15\/neiva-se-blinda-con-patrullajes-intensivos-una-respuesta-contundente-a-la-inseguridad\/#article","isPartOf":{"@id":"https:\/\/ardigitalnoticias.com\/index.php\/2024\/09\/15\/neiva-se-blinda-con-patrullajes-intensivos-una-respuesta-contundente-a-la-inseguridad\/"},"author":{"name":"Editor ArDigitalNoticias","@id":"https:\/\/ardigitalnoticias.com\/#\/schema\/person\/759c8138ebc77e85adb1aa750003a751"},"headline":"NEIVA SE BLINDA CON PATRULLAJES INTENSIVOS, UNA RESPUESTA CONTUNDENTE A LA INSEGURIDAD","datePublished":"2024-09-15T17:21:37+00:00","mainEntityOfPage":{"@id":"https:\/\/ardigitalnoticias.com\/index.php\/2024\/09\/15\/neiva-se-blinda-con-patrullajes-intensivos-una-respuesta-contundente-a-la-inseguridad\/"},"wordCount":904,"commentCount":0,"publisher":{"@id":"https:\/\/ardigitalnoticias.com\/#organization"},"image":{"@id":"https:\/\/ardigitalnoticias.com\/index.php\/2024\/09\/15\/neiva-se-blinda-con-patrullajes-intensivos-una-respuesta-contundente-a-la-inseguridad\/#primaryimage"},"thumbnailUrl":"https:\/\/ardigitalnoticias.com\/wp-content\/uploads\/2024\/09\/InShot_20240915_114814777-scaled.jpg","articleSection":["Actualidad","Judicial","Norte","Regional"],"inLanguage":"es","potentialAction":[{"@type":"CommentAction","name":"Comment","target":["https:\/\/ardigitalnoticias.com\/index.php\/2024\/09\/15\/neiva-se-blinda-con-patrullajes-intensivos-una-respuesta-contundente-a-la-inseguridad\/#respond"]}]},{"@type":"WebPage","@id":"https:\/\/ardigitalnoticias.com\/index.php\/2024\/09\/15\/neiva-se-blinda-con-patrullajes-intensivos-una-respuesta-contundente-a-la-inseguridad\/","url":"https:\/\/ardigitalnoticias.com\/index.php\/2024\/09\/15\/neiva-se-blinda-con-patrullajes-intensivos-una-respuesta-contundente-a-la-inseguridad\/","name":"NEIVA SE BLINDA CON PATRULLAJES INTENSIVOS, UNA RESPUESTA CONTUNDENTE A LA INSEGURIDAD - AR Digital Noticias","isPartOf":{"@id":"https:\/\/ardigitalnoticias.com\/#website"},"primaryImageOfPage":{"@id":"https:\/\/ardigitalnoticias.com\/index.php\/2024\/09\/15\/neiva-se-blinda-con-patrullajes-intensivos-una-respuesta-contundente-a-la-inseguridad\/#primaryimage"},"image":{"@id":"https:\/\/ardigitalnoticias.com\/index.php\/2024\/09\/15\/neiva-se-blinda-con-patrullajes-intensivos-una-respuesta-contundente-a-la-inseguridad\/#primaryimage"},"thumbnailUrl":"https:\/\/ardigitalnoticias.com\/wp-content\/uploads\/2024\/09\/InShot_20240915_114814777-scaled.jpg","datePublished":"2024-09-15T17:21:37+00:00","breadcrumb":{"@id":"https:\/\/ardigitalnoticias.com\/index.php\/2024\/09\/15\/neiva-se-blinda-con-patrullajes-intensivos-una-respuesta-contundente-a-la-inseguridad\/#breadcrumb"},"inLanguage":"es","potentialAction":[{"@type":"ReadAction","target":["https:\/\/ardigitalnoticias.com\/index.php\/2024\/09\/15\/neiva-se-blinda-con-patrullajes-intensivos-una-respuesta-contundente-a-la-inseguridad\/"]}]},{"@type":"ImageObject","inLanguage":"es","@id":"https:\/\/ardigitalnoticias.com\/index.php\/2024\/09\/15\/neiva-se-blinda-con-patrullajes-intensivos-una-respuesta-contundente-a-la-inseguridad\/#primaryimage","url":"https:\/\/ardigitalnoticias.com\/wp-content\/uploads\/2024\/09\/InShot_20240915_114814777-scaled.jpg","contentUrl":"https:\/\/ardigitalnoticias.com\/wp-content\/uploads\/2024\/09\/InShot_20240915_114814777-scaled.jpg","width":2560,"height":1439},{"@type":"BreadcrumbList","@id":"https:\/\/ardigitalnoticias.com\/index.php\/2024\/09\/15\/neiva-se-blinda-con-patrullajes-intensivos-una-respuesta-contundente-a-la-inseguridad\/#breadcrumb","itemListElement":[{"@type":"ListItem","position":1,"name":"Portada","item":"https:\/\/ardigitalnoticias.com\/"},{"@type":"ListItem","position":2,"name":"NEIVA SE BLINDA CON PATRULLAJES INTENSIVOS, UNA RESPUESTA CONTUNDENTE A LA INSEGURIDAD"}]},{"@type":"WebSite","@id":"https:\/\/ardigitalnoticias.com\/#website","url":"https:\/\/ardigitalnoticias.com\/","name":"AR Digital Noticias","description":"","publisher":{"@id":"https:\/\/ardigitalnoticias.com\/#organization"},"potentialAction":[{"@type":"SearchAction","target":{"@type":"EntryPoint","urlTemplate":"https:\/\/ardigitalnoticias.com\/?s={search_term_string}"},"query-input":{"@type":"PropertyValueSpecification","valueRequired":true,"valueName":"search_term_string"}}],"inLanguage":"es"},{"@type":"Organization","@id":"https:\/\/ardigitalnoticias.com\/#organization","name":"AR Digital Noticias","url":"https:\/\/ardigitalnoticias.com\/","logo":{"@type":"ImageObject","inLanguage":"es","@id":"https:\/\/ardigitalnoticias.com\/#\/schema\/logo\/image\/","url":"https:\/\/ardigitalnoticias.com\/wp-content\/uploads\/2023\/11\/cropped-cropped-cropped-cropped-AR-Digital-Noticias-1.png","contentUrl":"https:\/\/ardigitalnoticias.com\/wp-content\/uploads\/2023\/11\/cropped-cropped-cropped-cropped-AR-Digital-Noticias-1.png","width":972,"height":306,"caption":"AR Digital Noticias"},"image":{"@id":"https:\/\/ardigitalnoticias.com\/#\/schema\/logo\/image\/"}},{"@type":"Person","@id":"https:\/\/ardigitalnoticias.com\/#\/schema\/person\/759c8138ebc77e85adb1aa750003a751","name":"Editor ArDigitalNoticias","image":{"@type":"ImageObject","inLanguage":"es","@id":"https:\/\/secure.gravatar.com\/avatar\/2c7f3656ea34567ef10422f22f4395b6cc422854a0b986ba788597ac36902f93?s=96&d=mm&r=g","url":"https:\/\/secure.gravatar.com\/avatar\/2c7f3656ea34567ef10422f22f4395b6cc422854a0b986ba788597ac36902f93?s=96&d=mm&r=g","contentUrl":"https:\/\/secure.gravatar.com\/avatar\/2c7f3656ea34567ef10422f22f4395b6cc422854a0b986ba788597ac36902f93?s=96&d=mm&r=g","caption":"Editor ArDigitalNoticias"},"sameAs":["http:\/\/ardigitalnoticias.com"],"url":"https:\/\/ardigitalnoticias.com\/index.php\/author\/editor\/"}]}},"_links":{"self":[{"href":"https:\/\/ardigitalnoticias.com\/index.php\/wp-json\/wp\/v2\/posts\/5583","targetHints":{"allow":["GET"]}}],"collection":[{"href":"https:\/\/ardigitalnoticias.com\/index.php\/wp-json\/wp\/v2\/posts"}],"about":[{"href":"https:\/\/ardigitalnoticias.com\/index.php\/wp-json\/wp\/v2\/types\/post"}],"author":[{"embeddable":true,"href":"https:\/\/ardigitalnoticias.com\/index.php\/wp-json\/wp\/v2\/users\/3"}],"replies":[{"embeddable":true,"href":"https:\/\/ardigitalnoticias.com\/index.php\/wp-json\/wp\/v2\/comments?post=5583"}],"version-history":[{"count":4,"href":"https:\/\/ardigitalnoticias.com\/index.php\/wp-json\/wp\/v2\/posts\/5583\/revisions"}],"predecessor-version":[{"id":5604,"href":"https:\/\/ardigitalnoticias.com\/index.php\/wp-json\/wp\/v2\/posts\/5583\/revisions\/5604"}],"wp:featuredmedia":[{"embeddable":true,"href":"https:\/\/ardigitalnoticias.com\/index.php\/wp-json\/wp\/v2\/media\/5584"}],"wp:attachment":[{"href":"https:\/\/ardigitalnoticias.com\/index.php\/wp-json\/wp\/v2\/media?parent=5583"}],"wp:term":[{"taxonomy":"category","embeddable":true,"href":"https:\/\/ardigitalnoticias.com\/index.php\/wp-json\/wp\/v2\/categories?post=5583"},{"taxonomy":"post_tag","embeddable":true,"href":"https:\/\/ardigitalnoticias.com\/index.php\/wp-json\/wp\/v2\/tags?post=5583"}],"curies":[{"name":"wp","href":"https:\/\/api.w.org\/{rel}","templated":true}]}}