{"id":5540,"date":"2024-09-10T17:43:46","date_gmt":"2024-09-10T22:43:46","guid":{"rendered":"https:\/\/ardigitalnoticias.com\/?p=5540"},"modified":"2024-09-18T21:04:39","modified_gmt":"2024-09-19T02:04:39","slug":"gobernador-del-huila-anuncia-medidas-clave-para-fortalecer-la-seguridad-en-neiva","status":"publish","type":"post","link":"https:\/\/ardigitalnoticias.com\/index.php\/2024\/09\/10\/gobernador-del-huila-anuncia-medidas-clave-para-fortalecer-la-seguridad-en-neiva\/","title":{"rendered":"GOBERNADOR DEL HUILA ANUNCIA MEDIDAS CLAVE PARA FORTALECER LA SEGURIDAD EN NEIVA"},"content":{"rendered":"\n<p>Durante el Consejo Extraordinario de Seguridad, el Gobernador del Huila, Rodrigo Villalba Mosquera, present\u00f3 un conjunto de medidas decisivas para reforzar la seguridad en la capital del departamento.<\/p>\n\n\n\n<p><strong>POR: ANDR\u00c9S RODR\u00cdGUEZ. <\/strong><\/p>\n\n\n<div class=\"wp-block-image\">\n<figure class=\"aligncenter size-large\"><img loading=\"lazy\" decoding=\"async\" width=\"1024\" height=\"682\" src=\"https:\/\/ardigitalnoticias.com\/wp-content\/uploads\/2024\/09\/IMG-20240910-WA1010-1024x682.jpg\" alt=\"\" class=\"wp-image-5545\" srcset=\"https:\/\/ardigitalnoticias.com\/wp-content\/uploads\/2024\/09\/IMG-20240910-WA1010-1024x682.jpg 1024w, https:\/\/ardigitalnoticias.com\/wp-content\/uploads\/2024\/09\/IMG-20240910-WA1010-300x200.jpg 300w, https:\/\/ardigitalnoticias.com\/wp-content\/uploads\/2024\/09\/IMG-20240910-WA1010-768x512.jpg 768w, https:\/\/ardigitalnoticias.com\/wp-content\/uploads\/2024\/09\/IMG-20240910-WA1010-150x100.jpg 150w, https:\/\/ardigitalnoticias.com\/wp-content\/uploads\/2024\/09\/IMG-20240910-WA1010-696x464.jpg 696w, https:\/\/ardigitalnoticias.com\/wp-content\/uploads\/2024\/09\/IMG-20240910-WA1010-1068x712.jpg 1068w, https:\/\/ardigitalnoticias.com\/wp-content\/uploads\/2024\/09\/IMG-20240910-WA1010.jpg 1280w\" sizes=\"auto, (max-width: 1024px) 100vw, 1024px\" \/><\/figure>\n<\/div>\n\n\n<p>La creciente preocupaci\u00f3n por los altos \u00edndices de criminalidad ha llevado al mandatario a coordinar acciones en conjunto con las fuerzas armadas y policiales para proteger a la ciudadan\u00eda.<\/p>\n\n\n\n<p>Entre las principales estrategias destaca el fortalecimiento de la Polic\u00eda Metropolitana, que incluye un incremento significativo del pie de fuerza, la incorporaci\u00f3n de nuevas patrullas motorizadas y el uso de tecnolog\u00eda de vanguardia como un dron de vigilancia. Asimismo, se a\u00f1adir\u00e1n ocho nuevos cuadrantes de vigilancia comunitaria para una cobertura m\u00e1s eficaz de los sectores m\u00e1s vulnerables.<\/p>\n\n\n\n<figure class=\"wp-block-video aligncenter\"><video height=\"832\" style=\"aspect-ratio: 1520 \/ 832;\" width=\"1520\" controls src=\"https:\/\/ardigitalnoticias.com\/wp-content\/uploads\/2024\/09\/CONSEJO-DE-SEGURIDAD-NEIVA-sm.mp4\"><\/video><\/figure>\n\n\n\n<p>Las zonas de mayor incidencia delictiva ser\u00e1n atendidas mediante patrullajes estrat\u00e9gicos, con el respaldo del Ej\u00e9rcito. Adem\u00e1s, se ha priorizado la emisi\u00f3n de \u00f3rdenes de captura dirigidas a l\u00edderes y grupos criminales, como parte de la ofensiva contra la delincuencia organizada.<\/p>\n\n\n\n<p>El componente tecnol\u00f3gico ser\u00e1 clave, con la puesta en marcha de 300 c\u00e1maras de vigilancia comunitaria ya instaladas, que estar\u00e1n en pleno funcionamiento para monitorear el comportamiento en las calles. A esto se sumar\u00e1 la entrada en operaci\u00f3n de cinco CAI M\u00f3viles, destinados a proporcionar una respuesta r\u00e1pida ante cualquier eventualidad.<\/p>\n\n\n\n<figure class=\"wp-block-gallery aligncenter has-nested-images columns-default is-cropped wp-block-gallery-1 is-layout-flex wp-block-gallery-is-layout-flex\">\n<figure class=\"wp-block-image size-large\"><img loading=\"lazy\" decoding=\"async\" width=\"1024\" height=\"682\" data-id=\"5544\" src=\"https:\/\/ardigitalnoticias.com\/wp-content\/uploads\/2024\/09\/IMG-20240910-WA1013-1024x682.jpg\" alt=\"\" class=\"wp-image-5544\" srcset=\"https:\/\/ardigitalnoticias.com\/wp-content\/uploads\/2024\/09\/IMG-20240910-WA1013-1024x682.jpg 1024w, https:\/\/ardigitalnoticias.com\/wp-content\/uploads\/2024\/09\/IMG-20240910-WA1013-300x200.jpg 300w, https:\/\/ardigitalnoticias.com\/wp-content\/uploads\/2024\/09\/IMG-20240910-WA1013-768x512.jpg 768w, https:\/\/ardigitalnoticias.com\/wp-content\/uploads\/2024\/09\/IMG-20240910-WA1013-150x100.jpg 150w, https:\/\/ardigitalnoticias.com\/wp-content\/uploads\/2024\/09\/IMG-20240910-WA1013-696x464.jpg 696w, https:\/\/ardigitalnoticias.com\/wp-content\/uploads\/2024\/09\/IMG-20240910-WA1013-1068x712.jpg 1068w, https:\/\/ardigitalnoticias.com\/wp-content\/uploads\/2024\/09\/IMG-20240910-WA1013.jpg 1280w\" sizes=\"auto, (max-width: 1024px) 100vw, 1024px\" \/><\/figure>\n\n\n\n<figure class=\"wp-block-image size-large\"><img loading=\"lazy\" decoding=\"async\" width=\"1024\" height=\"682\" data-id=\"5542\" src=\"https:\/\/ardigitalnoticias.com\/wp-content\/uploads\/2024\/09\/IMG-20240910-WA1006-1024x682.jpg\" alt=\"\" class=\"wp-image-5542\" srcset=\"https:\/\/ardigitalnoticias.com\/wp-content\/uploads\/2024\/09\/IMG-20240910-WA1006-1024x682.jpg 1024w, https:\/\/ardigitalnoticias.com\/wp-content\/uploads\/2024\/09\/IMG-20240910-WA1006-300x200.jpg 300w, https:\/\/ardigitalnoticias.com\/wp-content\/uploads\/2024\/09\/IMG-20240910-WA1006-768x512.jpg 768w, https:\/\/ardigitalnoticias.com\/wp-content\/uploads\/2024\/09\/IMG-20240910-WA1006-150x100.jpg 150w, https:\/\/ardigitalnoticias.com\/wp-content\/uploads\/2024\/09\/IMG-20240910-WA1006-696x464.jpg 696w, https:\/\/ardigitalnoticias.com\/wp-content\/uploads\/2024\/09\/IMG-20240910-WA1006-1068x712.jpg 1068w, https:\/\/ardigitalnoticias.com\/wp-content\/uploads\/2024\/09\/IMG-20240910-WA1006.jpg 1280w\" sizes=\"auto, (max-width: 1024px) 100vw, 1024px\" \/><\/figure>\n<\/figure>\n\n\n\n<p>Una medida preventiva de impacto ser\u00e1 la marcaci\u00f3n de motocicletas como parte de una estrategia antirrobo, que busca reducir los niveles de hurto y facilitar la recuperaci\u00f3n de veh\u00edculos sustra\u00eddos. Por otro lado, las fuerzas de seguridad llevar\u00e1n a cabo una toma de comunas en puntos estrat\u00e9gicos de la ciudad, con la colaboraci\u00f3n de la Polic\u00eda y el Ej\u00e9rcito, para disuadir la actividad criminal.<\/p>\n\n\n\n<p>\u201cEl compromiso por la seguridad es prioritario\u201d, enfatiz\u00f3 el gobernador Villalba, subrayando que la seguridad es un bien p\u00fablico esencial que el Estado debe garantizar a todos los ciudadanos.Con estas medidas, la Gobernaci\u00f3n del Huila reafirma su compromiso con la protecci\u00f3n de los neivanos, en una clara apuesta por restaurar la tranquilidad en los barrios y comunas afectadas por la delincuencia.<\/p>\n\n\n<div class=\"wp-block-image\">\n<figure class=\"aligncenter size-large\"><img loading=\"lazy\" decoding=\"async\" width=\"1024\" height=\"682\" src=\"https:\/\/ardigitalnoticias.com\/wp-content\/uploads\/2024\/09\/IMG-20240910-WA1007-1024x682.jpg\" alt=\"\" class=\"wp-image-5546\" srcset=\"https:\/\/ardigitalnoticias.com\/wp-content\/uploads\/2024\/09\/IMG-20240910-WA1007-1024x682.jpg 1024w, https:\/\/ardigitalnoticias.com\/wp-content\/uploads\/2024\/09\/IMG-20240910-WA1007-300x200.jpg 300w, https:\/\/ardigitalnoticias.com\/wp-content\/uploads\/2024\/09\/IMG-20240910-WA1007-768x512.jpg 768w, https:\/\/ardigitalnoticias.com\/wp-content\/uploads\/2024\/09\/IMG-20240910-WA1007-150x100.jpg 150w, https:\/\/ardigitalnoticias.com\/wp-content\/uploads\/2024\/09\/IMG-20240910-WA1007-696x464.jpg 696w, https:\/\/ardigitalnoticias.com\/wp-content\/uploads\/2024\/09\/IMG-20240910-WA1007-1068x712.jpg 1068w, https:\/\/ardigitalnoticias.com\/wp-content\/uploads\/2024\/09\/IMG-20240910-WA1007.jpg 1280w\" sizes=\"auto, (max-width: 1024px) 100vw, 1024px\" \/><\/figure>\n<\/div>","protected":false},"excerpt":{"rendered":"<p>Durante el Consejo Extraordinario de Seguridad, el Gobernador del Huila, Rodrigo Villalba Mosquera, present\u00f3 un conjunto de medidas decisivas para reforzar la seguridad en la capital del departamento. POR: ANDR\u00c9S RODR\u00cdGUEZ. La creciente preocupaci\u00f3n por los altos \u00edndices de criminalidad ha llevado al mandatario a coordinar acciones en conjunto con las fuerzas armadas y policiales [&hellip;]<\/p>\n","protected":false},"author":3,"featured_media":5543,"comment_status":"open","ping_status":"open","sticky":false,"template":"","format":"standard","meta":{"_acf_changed":false,"_joinchat":[],"footnotes":""},"categories":[1,20,19],"tags":[],"class_list":{"0":"post-5540","1":"post","2":"type-post","3":"status-publish","4":"format-standard","5":"has-post-thumbnail","7":"category-actualidad","8":"category-judicial","9":"category-regional"},"acf":[],"yoast_head":"<!-- This site is optimized with the Yoast SEO plugin v27.5 - https:\/\/yoast.com\/product\/yoast-seo-wordpress\/ -->\n<title>GOBERNADOR DEL HUILA ANUNCIA MEDIDAS CLAVE PARA FORTALECER LA SEGURIDAD EN NEIVA - AR Digital Noticias<\/title>\n<meta name=\"robots\" content=\"index, follow, max-snippet:-1, max-image-preview:large, max-video-preview:-1\" \/>\n<link rel=\"canonical\" href=\"https:\/\/ardigitalnoticias.com\/index.php\/2024\/09\/10\/gobernador-del-huila-anuncia-medidas-clave-para-fortalecer-la-seguridad-en-neiva\/\" \/>\n<meta property=\"og:locale\" content=\"es_ES\" \/>\n<meta property=\"og:type\" content=\"article\" \/>\n<meta property=\"og:title\" content=\"GOBERNADOR DEL HUILA ANUNCIA MEDIDAS CLAVE PARA FORTALECER LA SEGURIDAD EN NEIVA - AR Digital Noticias\" \/>\n<meta property=\"og:description\" content=\"Durante el Consejo Extraordinario de Seguridad, el Gobernador del Huila, Rodrigo Villalba Mosquera, present\u00f3 un conjunto de medidas decisivas para reforzar la seguridad en la capital del departamento. POR: ANDR\u00c9S RODR\u00cdGUEZ. La creciente preocupaci\u00f3n por los altos \u00edndices de criminalidad ha llevado al mandatario a coordinar acciones en conjunto con las fuerzas armadas y policiales [&hellip;]\" \/>\n<meta property=\"og:url\" content=\"https:\/\/ardigitalnoticias.com\/index.php\/2024\/09\/10\/gobernador-del-huila-anuncia-medidas-clave-para-fortalecer-la-seguridad-en-neiva\/\" \/>\n<meta property=\"og:site_name\" content=\"AR Digital Noticias\" \/>\n<meta property=\"article:published_time\" content=\"2024-09-10T22:43:46+00:00\" \/>\n<meta property=\"article:modified_time\" content=\"2024-09-19T02:04:39+00:00\" \/>\n<meta property=\"og:image\" content=\"https:\/\/ardigitalnoticias.com\/wp-content\/uploads\/2024\/09\/InShot_20240910_173449041-1-scaled.jpg\" \/>\n\t<meta property=\"og:image:width\" content=\"2560\" \/>\n\t<meta property=\"og:image:height\" content=\"1439\" \/>\n\t<meta property=\"og:image:type\" content=\"image\/jpeg\" \/>\n<meta name=\"author\" content=\"Editor ArDigitalNoticias\" \/>\n<meta name=\"twitter:card\" content=\"summary_large_image\" \/>\n<meta name=\"twitter:label1\" content=\"Escrito por\" \/>\n\t<meta name=\"twitter:data1\" content=\"Editor ArDigitalNoticias\" \/>\n\t<meta name=\"twitter:label2\" content=\"Tiempo de lectura\" \/>\n\t<meta name=\"twitter:data2\" content=\"3 minutos\" \/>\n<script type=\"application\/ld+json\" class=\"yoast-schema-graph\">{\"@context\":\"https:\\\/\\\/schema.org\",\"@graph\":[{\"@type\":\"Article\",\"@id\":\"https:\\\/\\\/ardigitalnoticias.com\\\/index.php\\\/2024\\\/09\\\/10\\\/gobernador-del-huila-anuncia-medidas-clave-para-fortalecer-la-seguridad-en-neiva\\\/#article\",\"isPartOf\":{\"@id\":\"https:\\\/\\\/ardigitalnoticias.com\\\/index.php\\\/2024\\\/09\\\/10\\\/gobernador-del-huila-anuncia-medidas-clave-para-fortalecer-la-seguridad-en-neiva\\\/\"},\"author\":{\"name\":\"Editor ArDigitalNoticias\",\"@id\":\"https:\\\/\\\/ardigitalnoticias.com\\\/#\\\/schema\\\/person\\\/759c8138ebc77e85adb1aa750003a751\"},\"headline\":\"GOBERNADOR DEL HUILA ANUNCIA MEDIDAS CLAVE PARA FORTALECER LA SEGURIDAD EN NEIVA\",\"datePublished\":\"2024-09-10T22:43:46+00:00\",\"dateModified\":\"2024-09-19T02:04:39+00:00\",\"mainEntityOfPage\":{\"@id\":\"https:\\\/\\\/ardigitalnoticias.com\\\/index.php\\\/2024\\\/09\\\/10\\\/gobernador-del-huila-anuncia-medidas-clave-para-fortalecer-la-seguridad-en-neiva\\\/\"},\"wordCount\":381,\"commentCount\":0,\"publisher\":{\"@id\":\"https:\\\/\\\/ardigitalnoticias.com\\\/#organization\"},\"image\":{\"@id\":\"https:\\\/\\\/ardigitalnoticias.com\\\/index.php\\\/2024\\\/09\\\/10\\\/gobernador-del-huila-anuncia-medidas-clave-para-fortalecer-la-seguridad-en-neiva\\\/#primaryimage\"},\"thumbnailUrl\":\"https:\\\/\\\/ardigitalnoticias.com\\\/wp-content\\\/uploads\\\/2024\\\/09\\\/InShot_20240910_173449041-1-scaled.jpg\",\"articleSection\":[\"Actualidad\",\"Judicial\",\"Regional\"],\"inLanguage\":\"es\",\"potentialAction\":[{\"@type\":\"CommentAction\",\"name\":\"Comment\",\"target\":[\"https:\\\/\\\/ardigitalnoticias.com\\\/index.php\\\/2024\\\/09\\\/10\\\/gobernador-del-huila-anuncia-medidas-clave-para-fortalecer-la-seguridad-en-neiva\\\/#respond\"]}]},{\"@type\":\"WebPage\",\"@id\":\"https:\\\/\\\/ardigitalnoticias.com\\\/index.php\\\/2024\\\/09\\\/10\\\/gobernador-del-huila-anuncia-medidas-clave-para-fortalecer-la-seguridad-en-neiva\\\/\",\"url\":\"https:\\\/\\\/ardigitalnoticias.com\\\/index.php\\\/2024\\\/09\\\/10\\\/gobernador-del-huila-anuncia-medidas-clave-para-fortalecer-la-seguridad-en-neiva\\\/\",\"name\":\"GOBERNADOR DEL HUILA ANUNCIA MEDIDAS CLAVE PARA FORTALECER LA SEGURIDAD EN NEIVA - AR Digital Noticias\",\"isPartOf\":{\"@id\":\"https:\\\/\\\/ardigitalnoticias.com\\\/#website\"},\"primaryImageOfPage\":{\"@id\":\"https:\\\/\\\/ardigitalnoticias.com\\\/index.php\\\/2024\\\/09\\\/10\\\/gobernador-del-huila-anuncia-medidas-clave-para-fortalecer-la-seguridad-en-neiva\\\/#primaryimage\"},\"image\":{\"@id\":\"https:\\\/\\\/ardigitalnoticias.com\\\/index.php\\\/2024\\\/09\\\/10\\\/gobernador-del-huila-anuncia-medidas-clave-para-fortalecer-la-seguridad-en-neiva\\\/#primaryimage\"},\"thumbnailUrl\":\"https:\\\/\\\/ardigitalnoticias.com\\\/wp-content\\\/uploads\\\/2024\\\/09\\\/InShot_20240910_173449041-1-scaled.jpg\",\"datePublished\":\"2024-09-10T22:43:46+00:00\",\"dateModified\":\"2024-09-19T02:04:39+00:00\",\"breadcrumb\":{\"@id\":\"https:\\\/\\\/ardigitalnoticias.com\\\/index.php\\\/2024\\\/09\\\/10\\\/gobernador-del-huila-anuncia-medidas-clave-para-fortalecer-la-seguridad-en-neiva\\\/#breadcrumb\"},\"inLanguage\":\"es\",\"potentialAction\":[{\"@type\":\"ReadAction\",\"target\":[\"https:\\\/\\\/ardigitalnoticias.com\\\/index.php\\\/2024\\\/09\\\/10\\\/gobernador-del-huila-anuncia-medidas-clave-para-fortalecer-la-seguridad-en-neiva\\\/\"]}]},{\"@type\":\"ImageObject\",\"inLanguage\":\"es\",\"@id\":\"https:\\\/\\\/ardigitalnoticias.com\\\/index.php\\\/2024\\\/09\\\/10\\\/gobernador-del-huila-anuncia-medidas-clave-para-fortalecer-la-seguridad-en-neiva\\\/#primaryimage\",\"url\":\"https:\\\/\\\/ardigitalnoticias.com\\\/wp-content\\\/uploads\\\/2024\\\/09\\\/InShot_20240910_173449041-1-scaled.jpg\",\"contentUrl\":\"https:\\\/\\\/ardigitalnoticias.com\\\/wp-content\\\/uploads\\\/2024\\\/09\\\/InShot_20240910_173449041-1-scaled.jpg\",\"width\":2560,\"height\":1439},{\"@type\":\"BreadcrumbList\",\"@id\":\"https:\\\/\\\/ardigitalnoticias.com\\\/index.php\\\/2024\\\/09\\\/10\\\/gobernador-del-huila-anuncia-medidas-clave-para-fortalecer-la-seguridad-en-neiva\\\/#breadcrumb\",\"itemListElement\":[{\"@type\":\"ListItem\",\"position\":1,\"name\":\"Portada\",\"item\":\"https:\\\/\\\/ardigitalnoticias.com\\\/\"},{\"@type\":\"ListItem\",\"position\":2,\"name\":\"GOBERNADOR DEL HUILA ANUNCIA MEDIDAS CLAVE PARA FORTALECER LA SEGURIDAD EN NEIVA\"}]},{\"@type\":\"WebSite\",\"@id\":\"https:\\\/\\\/ardigitalnoticias.com\\\/#website\",\"url\":\"https:\\\/\\\/ardigitalnoticias.com\\\/\",\"name\":\"AR Digital Noticias\",\"description\":\"\",\"publisher\":{\"@id\":\"https:\\\/\\\/ardigitalnoticias.com\\\/#organization\"},\"potentialAction\":[{\"@type\":\"SearchAction\",\"target\":{\"@type\":\"EntryPoint\",\"urlTemplate\":\"https:\\\/\\\/ardigitalnoticias.com\\\/?s={search_term_string}\"},\"query-input\":{\"@type\":\"PropertyValueSpecification\",\"valueRequired\":true,\"valueName\":\"search_term_string\"}}],\"inLanguage\":\"es\"},{\"@type\":\"Organization\",\"@id\":\"https:\\\/\\\/ardigitalnoticias.com\\\/#organization\",\"name\":\"AR Digital Noticias\",\"url\":\"https:\\\/\\\/ardigitalnoticias.com\\\/\",\"logo\":{\"@type\":\"ImageObject\",\"inLanguage\":\"es\",\"@id\":\"https:\\\/\\\/ardigitalnoticias.com\\\/#\\\/schema\\\/logo\\\/image\\\/\",\"url\":\"https:\\\/\\\/ardigitalnoticias.com\\\/wp-content\\\/uploads\\\/2023\\\/11\\\/cropped-cropped-cropped-cropped-AR-Digital-Noticias-1.png\",\"contentUrl\":\"https:\\\/\\\/ardigitalnoticias.com\\\/wp-content\\\/uploads\\\/2023\\\/11\\\/cropped-cropped-cropped-cropped-AR-Digital-Noticias-1.png\",\"width\":972,\"height\":306,\"caption\":\"AR Digital Noticias\"},\"image\":{\"@id\":\"https:\\\/\\\/ardigitalnoticias.com\\\/#\\\/schema\\\/logo\\\/image\\\/\"}},{\"@type\":\"Person\",\"@id\":\"https:\\\/\\\/ardigitalnoticias.com\\\/#\\\/schema\\\/person\\\/759c8138ebc77e85adb1aa750003a751\",\"name\":\"Editor ArDigitalNoticias\",\"image\":{\"@type\":\"ImageObject\",\"inLanguage\":\"es\",\"@id\":\"https:\\\/\\\/secure.gravatar.com\\\/avatar\\\/2c7f3656ea34567ef10422f22f4395b6cc422854a0b986ba788597ac36902f93?s=96&d=mm&r=g\",\"url\":\"https:\\\/\\\/secure.gravatar.com\\\/avatar\\\/2c7f3656ea34567ef10422f22f4395b6cc422854a0b986ba788597ac36902f93?s=96&d=mm&r=g\",\"contentUrl\":\"https:\\\/\\\/secure.gravatar.com\\\/avatar\\\/2c7f3656ea34567ef10422f22f4395b6cc422854a0b986ba788597ac36902f93?s=96&d=mm&r=g\",\"caption\":\"Editor ArDigitalNoticias\"},\"sameAs\":[\"http:\\\/\\\/ardigitalnoticias.com\"],\"url\":\"https:\\\/\\\/ardigitalnoticias.com\\\/index.php\\\/author\\\/editor\\\/\"}]}<\/script>\n<!-- \/ Yoast SEO plugin. -->","yoast_head_json":{"title":"GOBERNADOR DEL HUILA ANUNCIA MEDIDAS CLAVE PARA FORTALECER LA SEGURIDAD EN NEIVA - AR Digital Noticias","robots":{"index":"index","follow":"follow","max-snippet":"max-snippet:-1","max-image-preview":"max-image-preview:large","max-video-preview":"max-video-preview:-1"},"canonical":"https:\/\/ardigitalnoticias.com\/index.php\/2024\/09\/10\/gobernador-del-huila-anuncia-medidas-clave-para-fortalecer-la-seguridad-en-neiva\/","og_locale":"es_ES","og_type":"article","og_title":"GOBERNADOR DEL HUILA ANUNCIA MEDIDAS CLAVE PARA FORTALECER LA SEGURIDAD EN NEIVA - AR Digital Noticias","og_description":"Durante el Consejo Extraordinario de Seguridad, el Gobernador del Huila, Rodrigo Villalba Mosquera, present\u00f3 un conjunto de medidas decisivas para reforzar la seguridad en la capital del departamento. POR: ANDR\u00c9S RODR\u00cdGUEZ. La creciente preocupaci\u00f3n por los altos \u00edndices de criminalidad ha llevado al mandatario a coordinar acciones en conjunto con las fuerzas armadas y policiales [&hellip;]","og_url":"https:\/\/ardigitalnoticias.com\/index.php\/2024\/09\/10\/gobernador-del-huila-anuncia-medidas-clave-para-fortalecer-la-seguridad-en-neiva\/","og_site_name":"AR Digital Noticias","article_published_time":"2024-09-10T22:43:46+00:00","article_modified_time":"2024-09-19T02:04:39+00:00","og_image":[{"width":2560,"height":1439,"url":"https:\/\/ardigitalnoticias.com\/wp-content\/uploads\/2024\/09\/InShot_20240910_173449041-1-scaled.jpg","type":"image\/jpeg"}],"author":"Editor ArDigitalNoticias","twitter_card":"summary_large_image","twitter_misc":{"Escrito por":"Editor ArDigitalNoticias","Tiempo de lectura":"3 minutos"},"schema":{"@context":"https:\/\/schema.org","@graph":[{"@type":"Article","@id":"https:\/\/ardigitalnoticias.com\/index.php\/2024\/09\/10\/gobernador-del-huila-anuncia-medidas-clave-para-fortalecer-la-seguridad-en-neiva\/#article","isPartOf":{"@id":"https:\/\/ardigitalnoticias.com\/index.php\/2024\/09\/10\/gobernador-del-huila-anuncia-medidas-clave-para-fortalecer-la-seguridad-en-neiva\/"},"author":{"name":"Editor ArDigitalNoticias","@id":"https:\/\/ardigitalnoticias.com\/#\/schema\/person\/759c8138ebc77e85adb1aa750003a751"},"headline":"GOBERNADOR DEL HUILA ANUNCIA MEDIDAS CLAVE PARA FORTALECER LA SEGURIDAD EN NEIVA","datePublished":"2024-09-10T22:43:46+00:00","dateModified":"2024-09-19T02:04:39+00:00","mainEntityOfPage":{"@id":"https:\/\/ardigitalnoticias.com\/index.php\/2024\/09\/10\/gobernador-del-huila-anuncia-medidas-clave-para-fortalecer-la-seguridad-en-neiva\/"},"wordCount":381,"commentCount":0,"publisher":{"@id":"https:\/\/ardigitalnoticias.com\/#organization"},"image":{"@id":"https:\/\/ardigitalnoticias.com\/index.php\/2024\/09\/10\/gobernador-del-huila-anuncia-medidas-clave-para-fortalecer-la-seguridad-en-neiva\/#primaryimage"},"thumbnailUrl":"https:\/\/ardigitalnoticias.com\/wp-content\/uploads\/2024\/09\/InShot_20240910_173449041-1-scaled.jpg","articleSection":["Actualidad","Judicial","Regional"],"inLanguage":"es","potentialAction":[{"@type":"CommentAction","name":"Comment","target":["https:\/\/ardigitalnoticias.com\/index.php\/2024\/09\/10\/gobernador-del-huila-anuncia-medidas-clave-para-fortalecer-la-seguridad-en-neiva\/#respond"]}]},{"@type":"WebPage","@id":"https:\/\/ardigitalnoticias.com\/index.php\/2024\/09\/10\/gobernador-del-huila-anuncia-medidas-clave-para-fortalecer-la-seguridad-en-neiva\/","url":"https:\/\/ardigitalnoticias.com\/index.php\/2024\/09\/10\/gobernador-del-huila-anuncia-medidas-clave-para-fortalecer-la-seguridad-en-neiva\/","name":"GOBERNADOR DEL HUILA ANUNCIA MEDIDAS CLAVE PARA FORTALECER LA SEGURIDAD EN NEIVA - AR Digital Noticias","isPartOf":{"@id":"https:\/\/ardigitalnoticias.com\/#website"},"primaryImageOfPage":{"@id":"https:\/\/ardigitalnoticias.com\/index.php\/2024\/09\/10\/gobernador-del-huila-anuncia-medidas-clave-para-fortalecer-la-seguridad-en-neiva\/#primaryimage"},"image":{"@id":"https:\/\/ardigitalnoticias.com\/index.php\/2024\/09\/10\/gobernador-del-huila-anuncia-medidas-clave-para-fortalecer-la-seguridad-en-neiva\/#primaryimage"},"thumbnailUrl":"https:\/\/ardigitalnoticias.com\/wp-content\/uploads\/2024\/09\/InShot_20240910_173449041-1-scaled.jpg","datePublished":"2024-09-10T22:43:46+00:00","dateModified":"2024-09-19T02:04:39+00:00","breadcrumb":{"@id":"https:\/\/ardigitalnoticias.com\/index.php\/2024\/09\/10\/gobernador-del-huila-anuncia-medidas-clave-para-fortalecer-la-seguridad-en-neiva\/#breadcrumb"},"inLanguage":"es","potentialAction":[{"@type":"ReadAction","target":["https:\/\/ardigitalnoticias.com\/index.php\/2024\/09\/10\/gobernador-del-huila-anuncia-medidas-clave-para-fortalecer-la-seguridad-en-neiva\/"]}]},{"@type":"ImageObject","inLanguage":"es","@id":"https:\/\/ardigitalnoticias.com\/index.php\/2024\/09\/10\/gobernador-del-huila-anuncia-medidas-clave-para-fortalecer-la-seguridad-en-neiva\/#primaryimage","url":"https:\/\/ardigitalnoticias.com\/wp-content\/uploads\/2024\/09\/InShot_20240910_173449041-1-scaled.jpg","contentUrl":"https:\/\/ardigitalnoticias.com\/wp-content\/uploads\/2024\/09\/InShot_20240910_173449041-1-scaled.jpg","width":2560,"height":1439},{"@type":"BreadcrumbList","@id":"https:\/\/ardigitalnoticias.com\/index.php\/2024\/09\/10\/gobernador-del-huila-anuncia-medidas-clave-para-fortalecer-la-seguridad-en-neiva\/#breadcrumb","itemListElement":[{"@type":"ListItem","position":1,"name":"Portada","item":"https:\/\/ardigitalnoticias.com\/"},{"@type":"ListItem","position":2,"name":"GOBERNADOR DEL HUILA ANUNCIA MEDIDAS CLAVE PARA FORTALECER LA SEGURIDAD EN NEIVA"}]},{"@type":"WebSite","@id":"https:\/\/ardigitalnoticias.com\/#website","url":"https:\/\/ardigitalnoticias.com\/","name":"AR Digital Noticias","description":"","publisher":{"@id":"https:\/\/ardigitalnoticias.com\/#organization"},"potentialAction":[{"@type":"SearchAction","target":{"@type":"EntryPoint","urlTemplate":"https:\/\/ardigitalnoticias.com\/?s={search_term_string}"},"query-input":{"@type":"PropertyValueSpecification","valueRequired":true,"valueName":"search_term_string"}}],"inLanguage":"es"},{"@type":"Organization","@id":"https:\/\/ardigitalnoticias.com\/#organization","name":"AR Digital Noticias","url":"https:\/\/ardigitalnoticias.com\/","logo":{"@type":"ImageObject","inLanguage":"es","@id":"https:\/\/ardigitalnoticias.com\/#\/schema\/logo\/image\/","url":"https:\/\/ardigitalnoticias.com\/wp-content\/uploads\/2023\/11\/cropped-cropped-cropped-cropped-AR-Digital-Noticias-1.png","contentUrl":"https:\/\/ardigitalnoticias.com\/wp-content\/uploads\/2023\/11\/cropped-cropped-cropped-cropped-AR-Digital-Noticias-1.png","width":972,"height":306,"caption":"AR Digital Noticias"},"image":{"@id":"https:\/\/ardigitalnoticias.com\/#\/schema\/logo\/image\/"}},{"@type":"Person","@id":"https:\/\/ardigitalnoticias.com\/#\/schema\/person\/759c8138ebc77e85adb1aa750003a751","name":"Editor ArDigitalNoticias","image":{"@type":"ImageObject","inLanguage":"es","@id":"https:\/\/secure.gravatar.com\/avatar\/2c7f3656ea34567ef10422f22f4395b6cc422854a0b986ba788597ac36902f93?s=96&d=mm&r=g","url":"https:\/\/secure.gravatar.com\/avatar\/2c7f3656ea34567ef10422f22f4395b6cc422854a0b986ba788597ac36902f93?s=96&d=mm&r=g","contentUrl":"https:\/\/secure.gravatar.com\/avatar\/2c7f3656ea34567ef10422f22f4395b6cc422854a0b986ba788597ac36902f93?s=96&d=mm&r=g","caption":"Editor ArDigitalNoticias"},"sameAs":["http:\/\/ardigitalnoticias.com"],"url":"https:\/\/ardigitalnoticias.com\/index.php\/author\/editor\/"}]}},"_links":{"self":[{"href":"https:\/\/ardigitalnoticias.com\/index.php\/wp-json\/wp\/v2\/posts\/5540","targetHints":{"allow":["GET"]}}],"collection":[{"href":"https:\/\/ardigitalnoticias.com\/index.php\/wp-json\/wp\/v2\/posts"}],"about":[{"href":"https:\/\/ardigitalnoticias.com\/index.php\/wp-json\/wp\/v2\/types\/post"}],"author":[{"embeddable":true,"href":"https:\/\/ardigitalnoticias.com\/index.php\/wp-json\/wp\/v2\/users\/3"}],"replies":[{"embeddable":true,"href":"https:\/\/ardigitalnoticias.com\/index.php\/wp-json\/wp\/v2\/comments?post=5540"}],"version-history":[{"count":1,"href":"https:\/\/ardigitalnoticias.com\/index.php\/wp-json\/wp\/v2\/posts\/5540\/revisions"}],"predecessor-version":[{"id":5548,"href":"https:\/\/ardigitalnoticias.com\/index.php\/wp-json\/wp\/v2\/posts\/5540\/revisions\/5548"}],"wp:featuredmedia":[{"embeddable":true,"href":"https:\/\/ardigitalnoticias.com\/index.php\/wp-json\/wp\/v2\/media\/5543"}],"wp:attachment":[{"href":"https:\/\/ardigitalnoticias.com\/index.php\/wp-json\/wp\/v2\/media?parent=5540"}],"wp:term":[{"taxonomy":"category","embeddable":true,"href":"https:\/\/ardigitalnoticias.com\/index.php\/wp-json\/wp\/v2\/categories?post=5540"},{"taxonomy":"post_tag","embeddable":true,"href":"https:\/\/ardigitalnoticias.com\/index.php\/wp-json\/wp\/v2\/tags?post=5540"}],"curies":[{"name":"wp","href":"https:\/\/api.w.org\/{rel}","templated":true}]}}