{"id":5473,"date":"2024-09-06T14:01:15","date_gmt":"2024-09-06T19:01:15","guid":{"rendered":"https:\/\/ardigitalnoticias.com\/?p=5473"},"modified":"2024-09-06T14:01:15","modified_gmt":"2024-09-06T19:01:15","slug":"capturados-dos-delincuentes-gracias-a-dron-de-la-policia-en-pitalito","status":"publish","type":"post","link":"https:\/\/ardigitalnoticias.com\/index.php\/2024\/09\/06\/capturados-dos-delincuentes-gracias-a-dron-de-la-policia-en-pitalito\/","title":{"rendered":"CAPTURADOS DOS DELINCUENTES GRACIAS A DRON DE LA POLIC\u00cdA EN PITALITO"},"content":{"rendered":"\n<p>La Polic\u00eda del municipio de Pitalito, Huila, ha logrado otro importante golpe contra la delincuencia gracias al uso de drones en sus operaciones.<\/p>\n\n\n\n<p><strong>POR: ANDR\u00c9S RODR\u00cdGUEZ. <\/strong><\/p>\n\n\n<div class=\"wp-block-image\">\n<figure class=\"aligncenter size-large\"><img loading=\"lazy\" decoding=\"async\" width=\"1024\" height=\"819\" src=\"https:\/\/ardigitalnoticias.com\/wp-content\/uploads\/2024\/09\/IMG-20240906-WA0456-1024x819.jpg\" alt=\"\" class=\"wp-image-5477\" srcset=\"https:\/\/ardigitalnoticias.com\/wp-content\/uploads\/2024\/09\/IMG-20240906-WA0456-1024x819.jpg 1024w, https:\/\/ardigitalnoticias.com\/wp-content\/uploads\/2024\/09\/IMG-20240906-WA0456-300x240.jpg 300w, https:\/\/ardigitalnoticias.com\/wp-content\/uploads\/2024\/09\/IMG-20240906-WA0456-768x614.jpg 768w, https:\/\/ardigitalnoticias.com\/wp-content\/uploads\/2024\/09\/IMG-20240906-WA0456-150x120.jpg 150w, https:\/\/ardigitalnoticias.com\/wp-content\/uploads\/2024\/09\/IMG-20240906-WA0456-696x557.jpg 696w, https:\/\/ardigitalnoticias.com\/wp-content\/uploads\/2024\/09\/IMG-20240906-WA0456-1068x854.jpg 1068w, https:\/\/ardigitalnoticias.com\/wp-content\/uploads\/2024\/09\/IMG-20240906-WA0456.jpg 1280w\" sizes=\"auto, (max-width: 1024px) 100vw, 1024px\" \/><\/figure>\n<\/div>\n\n\n<p>Recientemente, dos personas conocidas como &#8216;Pete&#8217; y &#8216;Alex&#8217; fueron capturados y cobijados con medida de aseguramiento en centro carcelario, tras ser sorprendidos en flagrancia cometiendo un robo. Este hecho subraya el valor de las herramientas tecnol\u00f3gicas en la lucha contra el crimen en el Valle de Laboyos, un sector que ha visto una significativa reducci\u00f3n en los delitos gracias a la acci\u00f3n coordinada de la Polic\u00eda, las autoridades locales y la comunidad.<\/p>\n\n\n<div class=\"wp-block-image\">\n<figure class=\"aligncenter size-large\"><img loading=\"lazy\" decoding=\"async\" width=\"1024\" height=\"576\" src=\"https:\/\/ardigitalnoticias.com\/wp-content\/uploads\/2024\/09\/VideoCapture_20240906-134252-1024x576.jpg\" alt=\"\" class=\"wp-image-5478\" srcset=\"https:\/\/ardigitalnoticias.com\/wp-content\/uploads\/2024\/09\/VideoCapture_20240906-134252-1024x576.jpg 1024w, https:\/\/ardigitalnoticias.com\/wp-content\/uploads\/2024\/09\/VideoCapture_20240906-134252-300x169.jpg 300w, https:\/\/ardigitalnoticias.com\/wp-content\/uploads\/2024\/09\/VideoCapture_20240906-134252-768x432.jpg 768w, https:\/\/ardigitalnoticias.com\/wp-content\/uploads\/2024\/09\/VideoCapture_20240906-134252-150x84.jpg 150w, https:\/\/ardigitalnoticias.com\/wp-content\/uploads\/2024\/09\/VideoCapture_20240906-134252-696x392.jpg 696w, https:\/\/ardigitalnoticias.com\/wp-content\/uploads\/2024\/09\/VideoCapture_20240906-134252-1068x601.jpg 1068w, https:\/\/ardigitalnoticias.com\/wp-content\/uploads\/2024\/09\/VideoCapture_20240906-134252.jpg 1280w\" sizes=\"auto, (max-width: 1024px) 100vw, 1024px\" \/><\/figure>\n<\/div>\n\n\n<p>El hecho ocurri\u00f3 cuando, tras recibir una denuncia de hurto, la patrulla SIART despleg\u00f3 su dron para seguir a los delincuentes desde el aire. Esta tecnolog\u00eda permiti\u00f3 una vigilancia constante que gui\u00f3 a las unidades policiales en tierra, facilitando la captura inmediata de uno de los implicados. Mientras tanto, el segundo sospechoso intent\u00f3 escapar, ingresando de manera ilegal a una vivienda y subiendo al techo de una casa abandonada contigua.<\/p>\n\n\n\n<figure class=\"wp-block-video aligncenter\"><video height=\"720\" style=\"aspect-ratio: 1280 \/ 720;\" width=\"1280\" controls src=\"https:\/\/ardigitalnoticias.com\/wp-content\/uploads\/2024\/09\/VID-20240906-WA0795-1.mp4\"><\/video><\/figure>\n\n\n\n<p>Gracias al monitoreo del dron y a la r\u00e1pida respuesta de las patrullas adicionales que llegaron al lugar, el segundo delincuente fue finalmente capturado.<\/p>\n\n\n\n<figure class=\"wp-block-image size-large\"><img loading=\"lazy\" decoding=\"async\" width=\"1024\" height=\"576\" src=\"https:\/\/ardigitalnoticias.com\/wp-content\/uploads\/2024\/09\/VideoCapture_20240906-134104-1024x576.jpg\" alt=\"\" class=\"wp-image-5476\" srcset=\"https:\/\/ardigitalnoticias.com\/wp-content\/uploads\/2024\/09\/VideoCapture_20240906-134104-1024x576.jpg 1024w, https:\/\/ardigitalnoticias.com\/wp-content\/uploads\/2024\/09\/VideoCapture_20240906-134104-300x169.jpg 300w, https:\/\/ardigitalnoticias.com\/wp-content\/uploads\/2024\/09\/VideoCapture_20240906-134104-768x432.jpg 768w, https:\/\/ardigitalnoticias.com\/wp-content\/uploads\/2024\/09\/VideoCapture_20240906-134104-150x84.jpg 150w, https:\/\/ardigitalnoticias.com\/wp-content\/uploads\/2024\/09\/VideoCapture_20240906-134104-696x392.jpg 696w, https:\/\/ardigitalnoticias.com\/wp-content\/uploads\/2024\/09\/VideoCapture_20240906-134104-1068x601.jpg 1068w, https:\/\/ardigitalnoticias.com\/wp-content\/uploads\/2024\/09\/VideoCapture_20240906-134104.jpg 1280w\" sizes=\"auto, (max-width: 1024px) 100vw, 1024px\" \/><\/figure>\n\n\n\n<p>Durante la operaci\u00f3n, se recuperaron los objetos robados y se incaut\u00f3 un arma blanca, utilizada para intimidar a la v\u00edctima durante el hurto.<\/p>\n\n\n\n<p>Posteriormente, los dos sujetos fueron presentados ante la Fiscal\u00eda General de la Naci\u00f3n. Las pruebas, entre ellas los videos capturados por el dron, fueron fundamentales para demostrar el delito y el seguimiento de los delincuentes. Esto llev\u00f3 a que el ente acusador determinara la imposici\u00f3n de una medida de aseguramiento en centro carcelario para ambos implicados.<\/p>\n\n\n\n<figure class=\"wp-block-video aligncenter\"><video height=\"478\" style=\"aspect-ratio: 848 \/ 478;\" width=\"848\" controls src=\"https:\/\/ardigitalnoticias.com\/wp-content\/uploads\/2024\/09\/VID-20240906-WA0794.mp4\"><\/video><\/figure>\n\n\n\n<p>El teniente coronel Carlos Sierra, comandante del Departamento de Polic\u00eda Huila, destac\u00f3 el \u00e9xito de estas operaciones tecnol\u00f3gicas en Pitalito. Seg\u00fan Sierra, la implementaci\u00f3n de drones ha permitido recolectar evidencias cruciales para la captura y judicializaci\u00f3n de actores criminales y bandas delincuenciales en la regi\u00f3n. Esta estrategia ha resultado en una significativa disminuci\u00f3n del hurto a personas, con una reducci\u00f3n del 21% en los \u00faltimos meses.<\/p>\n\n\n\n<figure class=\"wp-block-video aligncenter\"><video height=\"720\" style=\"aspect-ratio: 1280 \/ 720;\" width=\"1280\" controls src=\"https:\/\/ardigitalnoticias.com\/wp-content\/uploads\/2024\/09\/VID-20240906-WA0621.mp4\"><\/video><\/figure>\n\n\n\n<p>Este caso evidencia la eficacia de la tecnolog\u00eda en la vigilancia policial y la importancia de la colaboraci\u00f3n entre la comunidad y las autoridades en la lucha contra el crimen en Pitalito.<\/p>\n\n\n\n<figure class=\"wp-block-image size-large\"><img loading=\"lazy\" decoding=\"async\" width=\"1024\" height=\"576\" src=\"https:\/\/ardigitalnoticias.com\/wp-content\/uploads\/2024\/09\/VideoCapture_20240906-134104-1024x576.jpg\" alt=\"\" class=\"wp-image-5476\" srcset=\"https:\/\/ardigitalnoticias.com\/wp-content\/uploads\/2024\/09\/VideoCapture_20240906-134104-1024x576.jpg 1024w, https:\/\/ardigitalnoticias.com\/wp-content\/uploads\/2024\/09\/VideoCapture_20240906-134104-300x169.jpg 300w, https:\/\/ardigitalnoticias.com\/wp-content\/uploads\/2024\/09\/VideoCapture_20240906-134104-768x432.jpg 768w, https:\/\/ardigitalnoticias.com\/wp-content\/uploads\/2024\/09\/VideoCapture_20240906-134104-150x84.jpg 150w, https:\/\/ardigitalnoticias.com\/wp-content\/uploads\/2024\/09\/VideoCapture_20240906-134104-696x392.jpg 696w, https:\/\/ardigitalnoticias.com\/wp-content\/uploads\/2024\/09\/VideoCapture_20240906-134104-1068x601.jpg 1068w, https:\/\/ardigitalnoticias.com\/wp-content\/uploads\/2024\/09\/VideoCapture_20240906-134104.jpg 1280w\" sizes=\"auto, (max-width: 1024px) 100vw, 1024px\" \/><\/figure>\n","protected":false},"excerpt":{"rendered":"<p>La Polic\u00eda del municipio de Pitalito, Huila, ha logrado otro importante golpe contra la delincuencia gracias al uso de drones en sus operaciones. POR: ANDR\u00c9S RODR\u00cdGUEZ. Recientemente, dos personas conocidas como &#8216;Pete&#8217; y &#8216;Alex&#8217; fueron capturados y cobijados con medida de aseguramiento en centro carcelario, tras ser sorprendidos en flagrancia cometiendo un robo. Este hecho [&hellip;]<\/p>\n","protected":false},"author":3,"featured_media":5474,"comment_status":"open","ping_status":"open","sticky":false,"template":"","format":"standard","meta":{"_acf_changed":false,"_joinchat":[],"footnotes":""},"categories":[20,19,28],"tags":[],"class_list":{"0":"post-5473","1":"post","2":"type-post","3":"status-publish","4":"format-standard","5":"has-post-thumbnail","7":"category-judicial","8":"category-regional","9":"category-sur"},"acf":[],"yoast_head":"<!-- This site is optimized with the Yoast SEO plugin v27.5 - https:\/\/yoast.com\/product\/yoast-seo-wordpress\/ -->\n<title>CAPTURADOS DOS DELINCUENTES GRACIAS A DRON DE LA POLIC\u00cdA EN PITALITO - AR Digital Noticias<\/title>\n<meta name=\"robots\" content=\"index, follow, max-snippet:-1, max-image-preview:large, max-video-preview:-1\" \/>\n<link rel=\"canonical\" href=\"https:\/\/ardigitalnoticias.com\/index.php\/2024\/09\/06\/capturados-dos-delincuentes-gracias-a-dron-de-la-policia-en-pitalito\/\" \/>\n<meta property=\"og:locale\" content=\"es_ES\" \/>\n<meta property=\"og:type\" content=\"article\" \/>\n<meta property=\"og:title\" content=\"CAPTURADOS DOS DELINCUENTES GRACIAS A DRON DE LA POLIC\u00cdA EN PITALITO - AR Digital Noticias\" \/>\n<meta property=\"og:description\" content=\"La Polic\u00eda del municipio de Pitalito, Huila, ha logrado otro importante golpe contra la delincuencia gracias al uso de drones en sus operaciones. POR: ANDR\u00c9S RODR\u00cdGUEZ. Recientemente, dos personas conocidas como &#8216;Pete&#8217; y &#8216;Alex&#8217; fueron capturados y cobijados con medida de aseguramiento en centro carcelario, tras ser sorprendidos en flagrancia cometiendo un robo. Este hecho [&hellip;]\" \/>\n<meta property=\"og:url\" content=\"https:\/\/ardigitalnoticias.com\/index.php\/2024\/09\/06\/capturados-dos-delincuentes-gracias-a-dron-de-la-policia-en-pitalito\/\" \/>\n<meta property=\"og:site_name\" content=\"AR Digital Noticias\" \/>\n<meta property=\"article:published_time\" content=\"2024-09-06T19:01:15+00:00\" \/>\n<meta property=\"og:image\" content=\"https:\/\/ardigitalnoticias.com\/wp-content\/uploads\/2024\/09\/InShot_20240906_134416533-scaled.jpg\" \/>\n\t<meta property=\"og:image:width\" content=\"2560\" \/>\n\t<meta property=\"og:image:height\" content=\"1439\" \/>\n\t<meta property=\"og:image:type\" content=\"image\/jpeg\" \/>\n<meta name=\"author\" content=\"Editor ArDigitalNoticias\" \/>\n<meta name=\"twitter:card\" content=\"summary_large_image\" \/>\n<meta name=\"twitter:label1\" content=\"Escrito por\" \/>\n\t<meta name=\"twitter:data1\" content=\"Editor ArDigitalNoticias\" \/>\n\t<meta name=\"twitter:label2\" content=\"Tiempo de lectura\" \/>\n\t<meta name=\"twitter:data2\" content=\"3 minutos\" \/>\n<script type=\"application\/ld+json\" class=\"yoast-schema-graph\">{\"@context\":\"https:\\\/\\\/schema.org\",\"@graph\":[{\"@type\":\"Article\",\"@id\":\"https:\\\/\\\/ardigitalnoticias.com\\\/index.php\\\/2024\\\/09\\\/06\\\/capturados-dos-delincuentes-gracias-a-dron-de-la-policia-en-pitalito\\\/#article\",\"isPartOf\":{\"@id\":\"https:\\\/\\\/ardigitalnoticias.com\\\/index.php\\\/2024\\\/09\\\/06\\\/capturados-dos-delincuentes-gracias-a-dron-de-la-policia-en-pitalito\\\/\"},\"author\":{\"name\":\"Editor ArDigitalNoticias\",\"@id\":\"https:\\\/\\\/ardigitalnoticias.com\\\/#\\\/schema\\\/person\\\/759c8138ebc77e85adb1aa750003a751\"},\"headline\":\"CAPTURADOS DOS DELINCUENTES GRACIAS A DRON DE LA POLIC\u00cdA EN PITALITO\",\"datePublished\":\"2024-09-06T19:01:15+00:00\",\"mainEntityOfPage\":{\"@id\":\"https:\\\/\\\/ardigitalnoticias.com\\\/index.php\\\/2024\\\/09\\\/06\\\/capturados-dos-delincuentes-gracias-a-dron-de-la-policia-en-pitalito\\\/\"},\"wordCount\":404,\"commentCount\":0,\"publisher\":{\"@id\":\"https:\\\/\\\/ardigitalnoticias.com\\\/#organization\"},\"image\":{\"@id\":\"https:\\\/\\\/ardigitalnoticias.com\\\/index.php\\\/2024\\\/09\\\/06\\\/capturados-dos-delincuentes-gracias-a-dron-de-la-policia-en-pitalito\\\/#primaryimage\"},\"thumbnailUrl\":\"https:\\\/\\\/ardigitalnoticias.com\\\/wp-content\\\/uploads\\\/2024\\\/09\\\/InShot_20240906_134416533-scaled.jpg\",\"articleSection\":[\"Judicial\",\"Regional\",\"Sur\"],\"inLanguage\":\"es\",\"potentialAction\":[{\"@type\":\"CommentAction\",\"name\":\"Comment\",\"target\":[\"https:\\\/\\\/ardigitalnoticias.com\\\/index.php\\\/2024\\\/09\\\/06\\\/capturados-dos-delincuentes-gracias-a-dron-de-la-policia-en-pitalito\\\/#respond\"]}]},{\"@type\":\"WebPage\",\"@id\":\"https:\\\/\\\/ardigitalnoticias.com\\\/index.php\\\/2024\\\/09\\\/06\\\/capturados-dos-delincuentes-gracias-a-dron-de-la-policia-en-pitalito\\\/\",\"url\":\"https:\\\/\\\/ardigitalnoticias.com\\\/index.php\\\/2024\\\/09\\\/06\\\/capturados-dos-delincuentes-gracias-a-dron-de-la-policia-en-pitalito\\\/\",\"name\":\"CAPTURADOS DOS DELINCUENTES GRACIAS A DRON DE LA POLIC\u00cdA EN PITALITO - AR Digital Noticias\",\"isPartOf\":{\"@id\":\"https:\\\/\\\/ardigitalnoticias.com\\\/#website\"},\"primaryImageOfPage\":{\"@id\":\"https:\\\/\\\/ardigitalnoticias.com\\\/index.php\\\/2024\\\/09\\\/06\\\/capturados-dos-delincuentes-gracias-a-dron-de-la-policia-en-pitalito\\\/#primaryimage\"},\"image\":{\"@id\":\"https:\\\/\\\/ardigitalnoticias.com\\\/index.php\\\/2024\\\/09\\\/06\\\/capturados-dos-delincuentes-gracias-a-dron-de-la-policia-en-pitalito\\\/#primaryimage\"},\"thumbnailUrl\":\"https:\\\/\\\/ardigitalnoticias.com\\\/wp-content\\\/uploads\\\/2024\\\/09\\\/InShot_20240906_134416533-scaled.jpg\",\"datePublished\":\"2024-09-06T19:01:15+00:00\",\"breadcrumb\":{\"@id\":\"https:\\\/\\\/ardigitalnoticias.com\\\/index.php\\\/2024\\\/09\\\/06\\\/capturados-dos-delincuentes-gracias-a-dron-de-la-policia-en-pitalito\\\/#breadcrumb\"},\"inLanguage\":\"es\",\"potentialAction\":[{\"@type\":\"ReadAction\",\"target\":[\"https:\\\/\\\/ardigitalnoticias.com\\\/index.php\\\/2024\\\/09\\\/06\\\/capturados-dos-delincuentes-gracias-a-dron-de-la-policia-en-pitalito\\\/\"]}]},{\"@type\":\"ImageObject\",\"inLanguage\":\"es\",\"@id\":\"https:\\\/\\\/ardigitalnoticias.com\\\/index.php\\\/2024\\\/09\\\/06\\\/capturados-dos-delincuentes-gracias-a-dron-de-la-policia-en-pitalito\\\/#primaryimage\",\"url\":\"https:\\\/\\\/ardigitalnoticias.com\\\/wp-content\\\/uploads\\\/2024\\\/09\\\/InShot_20240906_134416533-scaled.jpg\",\"contentUrl\":\"https:\\\/\\\/ardigitalnoticias.com\\\/wp-content\\\/uploads\\\/2024\\\/09\\\/InShot_20240906_134416533-scaled.jpg\",\"width\":2560,\"height\":1439},{\"@type\":\"BreadcrumbList\",\"@id\":\"https:\\\/\\\/ardigitalnoticias.com\\\/index.php\\\/2024\\\/09\\\/06\\\/capturados-dos-delincuentes-gracias-a-dron-de-la-policia-en-pitalito\\\/#breadcrumb\",\"itemListElement\":[{\"@type\":\"ListItem\",\"position\":1,\"name\":\"Portada\",\"item\":\"https:\\\/\\\/ardigitalnoticias.com\\\/\"},{\"@type\":\"ListItem\",\"position\":2,\"name\":\"CAPTURADOS DOS DELINCUENTES GRACIAS A DRON DE LA POLIC\u00cdA EN PITALITO\"}]},{\"@type\":\"WebSite\",\"@id\":\"https:\\\/\\\/ardigitalnoticias.com\\\/#website\",\"url\":\"https:\\\/\\\/ardigitalnoticias.com\\\/\",\"name\":\"AR Digital Noticias\",\"description\":\"\",\"publisher\":{\"@id\":\"https:\\\/\\\/ardigitalnoticias.com\\\/#organization\"},\"potentialAction\":[{\"@type\":\"SearchAction\",\"target\":{\"@type\":\"EntryPoint\",\"urlTemplate\":\"https:\\\/\\\/ardigitalnoticias.com\\\/?s={search_term_string}\"},\"query-input\":{\"@type\":\"PropertyValueSpecification\",\"valueRequired\":true,\"valueName\":\"search_term_string\"}}],\"inLanguage\":\"es\"},{\"@type\":\"Organization\",\"@id\":\"https:\\\/\\\/ardigitalnoticias.com\\\/#organization\",\"name\":\"AR Digital Noticias\",\"url\":\"https:\\\/\\\/ardigitalnoticias.com\\\/\",\"logo\":{\"@type\":\"ImageObject\",\"inLanguage\":\"es\",\"@id\":\"https:\\\/\\\/ardigitalnoticias.com\\\/#\\\/schema\\\/logo\\\/image\\\/\",\"url\":\"https:\\\/\\\/ardigitalnoticias.com\\\/wp-content\\\/uploads\\\/2023\\\/11\\\/cropped-cropped-cropped-cropped-AR-Digital-Noticias-1.png\",\"contentUrl\":\"https:\\\/\\\/ardigitalnoticias.com\\\/wp-content\\\/uploads\\\/2023\\\/11\\\/cropped-cropped-cropped-cropped-AR-Digital-Noticias-1.png\",\"width\":972,\"height\":306,\"caption\":\"AR Digital Noticias\"},\"image\":{\"@id\":\"https:\\\/\\\/ardigitalnoticias.com\\\/#\\\/schema\\\/logo\\\/image\\\/\"}},{\"@type\":\"Person\",\"@id\":\"https:\\\/\\\/ardigitalnoticias.com\\\/#\\\/schema\\\/person\\\/759c8138ebc77e85adb1aa750003a751\",\"name\":\"Editor ArDigitalNoticias\",\"image\":{\"@type\":\"ImageObject\",\"inLanguage\":\"es\",\"@id\":\"https:\\\/\\\/secure.gravatar.com\\\/avatar\\\/2c7f3656ea34567ef10422f22f4395b6cc422854a0b986ba788597ac36902f93?s=96&d=mm&r=g\",\"url\":\"https:\\\/\\\/secure.gravatar.com\\\/avatar\\\/2c7f3656ea34567ef10422f22f4395b6cc422854a0b986ba788597ac36902f93?s=96&d=mm&r=g\",\"contentUrl\":\"https:\\\/\\\/secure.gravatar.com\\\/avatar\\\/2c7f3656ea34567ef10422f22f4395b6cc422854a0b986ba788597ac36902f93?s=96&d=mm&r=g\",\"caption\":\"Editor ArDigitalNoticias\"},\"sameAs\":[\"http:\\\/\\\/ardigitalnoticias.com\"],\"url\":\"https:\\\/\\\/ardigitalnoticias.com\\\/index.php\\\/author\\\/editor\\\/\"}]}<\/script>\n<!-- \/ Yoast SEO plugin. -->","yoast_head_json":{"title":"CAPTURADOS DOS DELINCUENTES GRACIAS A DRON DE LA POLIC\u00cdA EN PITALITO - AR Digital Noticias","robots":{"index":"index","follow":"follow","max-snippet":"max-snippet:-1","max-image-preview":"max-image-preview:large","max-video-preview":"max-video-preview:-1"},"canonical":"https:\/\/ardigitalnoticias.com\/index.php\/2024\/09\/06\/capturados-dos-delincuentes-gracias-a-dron-de-la-policia-en-pitalito\/","og_locale":"es_ES","og_type":"article","og_title":"CAPTURADOS DOS DELINCUENTES GRACIAS A DRON DE LA POLIC\u00cdA EN PITALITO - AR Digital Noticias","og_description":"La Polic\u00eda del municipio de Pitalito, Huila, ha logrado otro importante golpe contra la delincuencia gracias al uso de drones en sus operaciones. POR: ANDR\u00c9S RODR\u00cdGUEZ. Recientemente, dos personas conocidas como &#8216;Pete&#8217; y &#8216;Alex&#8217; fueron capturados y cobijados con medida de aseguramiento en centro carcelario, tras ser sorprendidos en flagrancia cometiendo un robo. Este hecho [&hellip;]","og_url":"https:\/\/ardigitalnoticias.com\/index.php\/2024\/09\/06\/capturados-dos-delincuentes-gracias-a-dron-de-la-policia-en-pitalito\/","og_site_name":"AR Digital Noticias","article_published_time":"2024-09-06T19:01:15+00:00","og_image":[{"width":2560,"height":1439,"url":"https:\/\/ardigitalnoticias.com\/wp-content\/uploads\/2024\/09\/InShot_20240906_134416533-scaled.jpg","type":"image\/jpeg"}],"author":"Editor ArDigitalNoticias","twitter_card":"summary_large_image","twitter_misc":{"Escrito por":"Editor ArDigitalNoticias","Tiempo de lectura":"3 minutos"},"schema":{"@context":"https:\/\/schema.org","@graph":[{"@type":"Article","@id":"https:\/\/ardigitalnoticias.com\/index.php\/2024\/09\/06\/capturados-dos-delincuentes-gracias-a-dron-de-la-policia-en-pitalito\/#article","isPartOf":{"@id":"https:\/\/ardigitalnoticias.com\/index.php\/2024\/09\/06\/capturados-dos-delincuentes-gracias-a-dron-de-la-policia-en-pitalito\/"},"author":{"name":"Editor ArDigitalNoticias","@id":"https:\/\/ardigitalnoticias.com\/#\/schema\/person\/759c8138ebc77e85adb1aa750003a751"},"headline":"CAPTURADOS DOS DELINCUENTES GRACIAS A DRON DE LA POLIC\u00cdA EN PITALITO","datePublished":"2024-09-06T19:01:15+00:00","mainEntityOfPage":{"@id":"https:\/\/ardigitalnoticias.com\/index.php\/2024\/09\/06\/capturados-dos-delincuentes-gracias-a-dron-de-la-policia-en-pitalito\/"},"wordCount":404,"commentCount":0,"publisher":{"@id":"https:\/\/ardigitalnoticias.com\/#organization"},"image":{"@id":"https:\/\/ardigitalnoticias.com\/index.php\/2024\/09\/06\/capturados-dos-delincuentes-gracias-a-dron-de-la-policia-en-pitalito\/#primaryimage"},"thumbnailUrl":"https:\/\/ardigitalnoticias.com\/wp-content\/uploads\/2024\/09\/InShot_20240906_134416533-scaled.jpg","articleSection":["Judicial","Regional","Sur"],"inLanguage":"es","potentialAction":[{"@type":"CommentAction","name":"Comment","target":["https:\/\/ardigitalnoticias.com\/index.php\/2024\/09\/06\/capturados-dos-delincuentes-gracias-a-dron-de-la-policia-en-pitalito\/#respond"]}]},{"@type":"WebPage","@id":"https:\/\/ardigitalnoticias.com\/index.php\/2024\/09\/06\/capturados-dos-delincuentes-gracias-a-dron-de-la-policia-en-pitalito\/","url":"https:\/\/ardigitalnoticias.com\/index.php\/2024\/09\/06\/capturados-dos-delincuentes-gracias-a-dron-de-la-policia-en-pitalito\/","name":"CAPTURADOS DOS DELINCUENTES GRACIAS A DRON DE LA POLIC\u00cdA EN PITALITO - AR Digital Noticias","isPartOf":{"@id":"https:\/\/ardigitalnoticias.com\/#website"},"primaryImageOfPage":{"@id":"https:\/\/ardigitalnoticias.com\/index.php\/2024\/09\/06\/capturados-dos-delincuentes-gracias-a-dron-de-la-policia-en-pitalito\/#primaryimage"},"image":{"@id":"https:\/\/ardigitalnoticias.com\/index.php\/2024\/09\/06\/capturados-dos-delincuentes-gracias-a-dron-de-la-policia-en-pitalito\/#primaryimage"},"thumbnailUrl":"https:\/\/ardigitalnoticias.com\/wp-content\/uploads\/2024\/09\/InShot_20240906_134416533-scaled.jpg","datePublished":"2024-09-06T19:01:15+00:00","breadcrumb":{"@id":"https:\/\/ardigitalnoticias.com\/index.php\/2024\/09\/06\/capturados-dos-delincuentes-gracias-a-dron-de-la-policia-en-pitalito\/#breadcrumb"},"inLanguage":"es","potentialAction":[{"@type":"ReadAction","target":["https:\/\/ardigitalnoticias.com\/index.php\/2024\/09\/06\/capturados-dos-delincuentes-gracias-a-dron-de-la-policia-en-pitalito\/"]}]},{"@type":"ImageObject","inLanguage":"es","@id":"https:\/\/ardigitalnoticias.com\/index.php\/2024\/09\/06\/capturados-dos-delincuentes-gracias-a-dron-de-la-policia-en-pitalito\/#primaryimage","url":"https:\/\/ardigitalnoticias.com\/wp-content\/uploads\/2024\/09\/InShot_20240906_134416533-scaled.jpg","contentUrl":"https:\/\/ardigitalnoticias.com\/wp-content\/uploads\/2024\/09\/InShot_20240906_134416533-scaled.jpg","width":2560,"height":1439},{"@type":"BreadcrumbList","@id":"https:\/\/ardigitalnoticias.com\/index.php\/2024\/09\/06\/capturados-dos-delincuentes-gracias-a-dron-de-la-policia-en-pitalito\/#breadcrumb","itemListElement":[{"@type":"ListItem","position":1,"name":"Portada","item":"https:\/\/ardigitalnoticias.com\/"},{"@type":"ListItem","position":2,"name":"CAPTURADOS DOS DELINCUENTES GRACIAS A DRON DE LA POLIC\u00cdA EN PITALITO"}]},{"@type":"WebSite","@id":"https:\/\/ardigitalnoticias.com\/#website","url":"https:\/\/ardigitalnoticias.com\/","name":"AR Digital Noticias","description":"","publisher":{"@id":"https:\/\/ardigitalnoticias.com\/#organization"},"potentialAction":[{"@type":"SearchAction","target":{"@type":"EntryPoint","urlTemplate":"https:\/\/ardigitalnoticias.com\/?s={search_term_string}"},"query-input":{"@type":"PropertyValueSpecification","valueRequired":true,"valueName":"search_term_string"}}],"inLanguage":"es"},{"@type":"Organization","@id":"https:\/\/ardigitalnoticias.com\/#organization","name":"AR Digital Noticias","url":"https:\/\/ardigitalnoticias.com\/","logo":{"@type":"ImageObject","inLanguage":"es","@id":"https:\/\/ardigitalnoticias.com\/#\/schema\/logo\/image\/","url":"https:\/\/ardigitalnoticias.com\/wp-content\/uploads\/2023\/11\/cropped-cropped-cropped-cropped-AR-Digital-Noticias-1.png","contentUrl":"https:\/\/ardigitalnoticias.com\/wp-content\/uploads\/2023\/11\/cropped-cropped-cropped-cropped-AR-Digital-Noticias-1.png","width":972,"height":306,"caption":"AR Digital Noticias"},"image":{"@id":"https:\/\/ardigitalnoticias.com\/#\/schema\/logo\/image\/"}},{"@type":"Person","@id":"https:\/\/ardigitalnoticias.com\/#\/schema\/person\/759c8138ebc77e85adb1aa750003a751","name":"Editor ArDigitalNoticias","image":{"@type":"ImageObject","inLanguage":"es","@id":"https:\/\/secure.gravatar.com\/avatar\/2c7f3656ea34567ef10422f22f4395b6cc422854a0b986ba788597ac36902f93?s=96&d=mm&r=g","url":"https:\/\/secure.gravatar.com\/avatar\/2c7f3656ea34567ef10422f22f4395b6cc422854a0b986ba788597ac36902f93?s=96&d=mm&r=g","contentUrl":"https:\/\/secure.gravatar.com\/avatar\/2c7f3656ea34567ef10422f22f4395b6cc422854a0b986ba788597ac36902f93?s=96&d=mm&r=g","caption":"Editor ArDigitalNoticias"},"sameAs":["http:\/\/ardigitalnoticias.com"],"url":"https:\/\/ardigitalnoticias.com\/index.php\/author\/editor\/"}]}},"_links":{"self":[{"href":"https:\/\/ardigitalnoticias.com\/index.php\/wp-json\/wp\/v2\/posts\/5473","targetHints":{"allow":["GET"]}}],"collection":[{"href":"https:\/\/ardigitalnoticias.com\/index.php\/wp-json\/wp\/v2\/posts"}],"about":[{"href":"https:\/\/ardigitalnoticias.com\/index.php\/wp-json\/wp\/v2\/types\/post"}],"author":[{"embeddable":true,"href":"https:\/\/ardigitalnoticias.com\/index.php\/wp-json\/wp\/v2\/users\/3"}],"replies":[{"embeddable":true,"href":"https:\/\/ardigitalnoticias.com\/index.php\/wp-json\/wp\/v2\/comments?post=5473"}],"version-history":[{"count":2,"href":"https:\/\/ardigitalnoticias.com\/index.php\/wp-json\/wp\/v2\/posts\/5473\/revisions"}],"predecessor-version":[{"id":5483,"href":"https:\/\/ardigitalnoticias.com\/index.php\/wp-json\/wp\/v2\/posts\/5473\/revisions\/5483"}],"wp:featuredmedia":[{"embeddable":true,"href":"https:\/\/ardigitalnoticias.com\/index.php\/wp-json\/wp\/v2\/media\/5474"}],"wp:attachment":[{"href":"https:\/\/ardigitalnoticias.com\/index.php\/wp-json\/wp\/v2\/media?parent=5473"}],"wp:term":[{"taxonomy":"category","embeddable":true,"href":"https:\/\/ardigitalnoticias.com\/index.php\/wp-json\/wp\/v2\/categories?post=5473"},{"taxonomy":"post_tag","embeddable":true,"href":"https:\/\/ardigitalnoticias.com\/index.php\/wp-json\/wp\/v2\/tags?post=5473"}],"curies":[{"name":"wp","href":"https:\/\/api.w.org\/{rel}","templated":true}]}}