{"id":5334,"date":"2024-09-02T07:36:52","date_gmt":"2024-09-02T12:36:52","guid":{"rendered":"https:\/\/ardigitalnoticias.com\/?p=5334"},"modified":"2024-09-02T07:36:53","modified_gmt":"2024-09-02T12:36:53","slug":"grave-accidente-en-la-via-pitalito-san-agustin-deja-varios-heridos","status":"publish","type":"post","link":"https:\/\/ardigitalnoticias.com\/index.php\/2024\/09\/02\/grave-accidente-en-la-via-pitalito-san-agustin-deja-varios-heridos\/","title":{"rendered":"GRAVE ACCIDENTE EN LA V\u00cdA PITALITO-SAN AGUST\u00cdN DEJA VARIOS HERIDOS"},"content":{"rendered":"\n<p>En la madrugada de hoy, un tr\u00e1gico accidente de tr\u00e1nsito sacudi\u00f3 la v\u00eda Pitalito-San Agust\u00edn, espec\u00edficamente en el sector conocido como \u00abEl Caj\u00f3n\u00bb, cerca del cruce hacia el municipio de Isnos.<\/p>\n\n\n\n<p><strong>POR: ANDR\u00c9S RODR\u00cdGUEZ. <\/strong><\/p>\n\n\n<div class=\"wp-block-image\">\n<figure class=\"aligncenter size-large\"><img loading=\"lazy\" decoding=\"async\" width=\"1024\" height=\"715\" src=\"https:\/\/ardigitalnoticias.com\/wp-content\/uploads\/2024\/09\/Screenshot_20240902_071857_Facebook-1024x715.png\" alt=\"\" class=\"wp-image-5336\" srcset=\"https:\/\/ardigitalnoticias.com\/wp-content\/uploads\/2024\/09\/Screenshot_20240902_071857_Facebook-1024x715.png 1024w, https:\/\/ardigitalnoticias.com\/wp-content\/uploads\/2024\/09\/Screenshot_20240902_071857_Facebook-300x210.png 300w, https:\/\/ardigitalnoticias.com\/wp-content\/uploads\/2024\/09\/Screenshot_20240902_071857_Facebook-768x536.png 768w, https:\/\/ardigitalnoticias.com\/wp-content\/uploads\/2024\/09\/Screenshot_20240902_071857_Facebook-150x105.png 150w, https:\/\/ardigitalnoticias.com\/wp-content\/uploads\/2024\/09\/Screenshot_20240902_071857_Facebook-696x486.png 696w, https:\/\/ardigitalnoticias.com\/wp-content\/uploads\/2024\/09\/Screenshot_20240902_071857_Facebook.png 1028w\" sizes=\"auto, (max-width: 1024px) 100vw, 1024px\" \/><\/figure>\n<\/div>\n\n\n<p>El accidente, que ocurri\u00f3 alrededor de las 5:30 de la ma\u00f1ana, involucr\u00f3 a un bus tipo escalera, com\u00fanmente utilizado para el transporte de pasajeros en zonas rurales.<\/p>\n\n\n\n<p>Seg\u00fan los primeros reportes, el veh\u00edculo, que hab\u00eda partido desde San Agust\u00edn con destino a Mocoa, sufri\u00f3 una aparente falla mec\u00e1nica que result\u00f3 en la p\u00e9rdida de los frenos. Como consecuencia, el conductor perdi\u00f3 el control del bus, lo que provoc\u00f3 su volcamiento en la mencionada v\u00eda.<\/p>\n\n\n\n<p>Las autoridades locales, junto con equipos de emergencia, se movilizaron r\u00e1pidamente al lugar del siniestro. Los heridos fueron trasladados de inmediato al Hospital Departamental San Antonio de Pitalito, donde est\u00e1n recibiendo atenci\u00f3n m\u00e9dica.Aunque a\u00fan no se ha confirmado el n\u00famero exacto de personas afectadas, se sabe que el accidente dej\u00f3 varias personas lesionadas. Las investigaciones para determinar las causas exactas del incidente est\u00e1n en curso, mientras que la comunidad local expresa su preocupaci\u00f3n por la seguridad en esta transitada v\u00eda.<\/p>\n\n\n\n<figure class=\"wp-block-gallery aligncenter has-nested-images columns-default is-cropped wp-block-gallery-1 is-layout-flex wp-block-gallery-is-layout-flex\">\n<figure class=\"wp-block-image size-large\"><img loading=\"lazy\" decoding=\"async\" width=\"828\" height=\"992\" data-id=\"5337\" src=\"https:\/\/ardigitalnoticias.com\/wp-content\/uploads\/2024\/09\/FB_IMG_1725279860261.jpg\" alt=\"\" class=\"wp-image-5337\" srcset=\"https:\/\/ardigitalnoticias.com\/wp-content\/uploads\/2024\/09\/FB_IMG_1725279860261.jpg 828w, https:\/\/ardigitalnoticias.com\/wp-content\/uploads\/2024\/09\/FB_IMG_1725279860261-250x300.jpg 250w, https:\/\/ardigitalnoticias.com\/wp-content\/uploads\/2024\/09\/FB_IMG_1725279860261-768x920.jpg 768w, https:\/\/ardigitalnoticias.com\/wp-content\/uploads\/2024\/09\/FB_IMG_1725279860261-150x180.jpg 150w, https:\/\/ardigitalnoticias.com\/wp-content\/uploads\/2024\/09\/FB_IMG_1725279860261-300x359.jpg 300w, https:\/\/ardigitalnoticias.com\/wp-content\/uploads\/2024\/09\/FB_IMG_1725279860261-696x834.jpg 696w\" sizes=\"auto, (max-width: 828px) 100vw, 828px\" \/><\/figure>\n\n\n\n<figure class=\"wp-block-image size-large\"><img loading=\"lazy\" decoding=\"async\" width=\"1024\" height=\"768\" data-id=\"5338\" src=\"https:\/\/ardigitalnoticias.com\/wp-content\/uploads\/2024\/09\/FB_IMG_1725279857661-1024x768.jpg\" alt=\"\" class=\"wp-image-5338\" srcset=\"https:\/\/ardigitalnoticias.com\/wp-content\/uploads\/2024\/09\/FB_IMG_1725279857661-1024x768.jpg 1024w, https:\/\/ardigitalnoticias.com\/wp-content\/uploads\/2024\/09\/FB_IMG_1725279857661-300x225.jpg 300w, https:\/\/ardigitalnoticias.com\/wp-content\/uploads\/2024\/09\/FB_IMG_1725279857661-768x576.jpg 768w, https:\/\/ardigitalnoticias.com\/wp-content\/uploads\/2024\/09\/FB_IMG_1725279857661-150x113.jpg 150w, https:\/\/ardigitalnoticias.com\/wp-content\/uploads\/2024\/09\/FB_IMG_1725279857661-696x522.jpg 696w, https:\/\/ardigitalnoticias.com\/wp-content\/uploads\/2024\/09\/FB_IMG_1725279857661-1068x801.jpg 1068w, https:\/\/ardigitalnoticias.com\/wp-content\/uploads\/2024\/09\/FB_IMG_1725279857661.jpg 1080w\" sizes=\"auto, (max-width: 1024px) 100vw, 1024px\" \/><\/figure>\n<\/figure>\n\n\n\n<p>Este lamentable siniestro resalta nuevamente la importancia de mantener los veh\u00edculos en condiciones \u00f3ptimas y de tomar medidas preventivas en las carreteras, especialmente en aquellas que presentan un alto flujo de tr\u00e1fico y condiciones geogr\u00e1ficas complicadas. Las autoridades han instado a los conductores a extremar las precauciones y a realizar chequeos t\u00e9cnicos frecuentes para evitar tragedias como esta.Se espera que en las pr\u00f3ximas horas se ofrezcan m\u00e1s detalles sobre el estado de los heridos y las acciones que tomar\u00e1n las autoridades para garantizar la seguridad en la v\u00eda Pitalito-San Agust\u00edn.<\/p>\n\n\n<div class=\"wp-block-image\">\n<figure class=\"aligncenter size-large\"><img loading=\"lazy\" decoding=\"async\" width=\"768\" height=\"1024\" src=\"https:\/\/ardigitalnoticias.com\/wp-content\/uploads\/2024\/09\/FB_IMG_1725279865992-768x1024.jpg\" alt=\"\" class=\"wp-image-5335\" srcset=\"https:\/\/ardigitalnoticias.com\/wp-content\/uploads\/2024\/09\/FB_IMG_1725279865992-768x1024.jpg 768w, https:\/\/ardigitalnoticias.com\/wp-content\/uploads\/2024\/09\/FB_IMG_1725279865992-225x300.jpg 225w, https:\/\/ardigitalnoticias.com\/wp-content\/uploads\/2024\/09\/FB_IMG_1725279865992-150x200.jpg 150w, https:\/\/ardigitalnoticias.com\/wp-content\/uploads\/2024\/09\/FB_IMG_1725279865992-300x400.jpg 300w, https:\/\/ardigitalnoticias.com\/wp-content\/uploads\/2024\/09\/FB_IMG_1725279865992-696x928.jpg 696w, https:\/\/ardigitalnoticias.com\/wp-content\/uploads\/2024\/09\/FB_IMG_1725279865992.jpg 960w\" sizes=\"auto, (max-width: 768px) 100vw, 768px\" \/><\/figure>\n<\/div>","protected":false},"excerpt":{"rendered":"<p>En la madrugada de hoy, un tr\u00e1gico accidente de tr\u00e1nsito sacudi\u00f3 la v\u00eda Pitalito-San Agust\u00edn, espec\u00edficamente en el sector conocido como \u00abEl Caj\u00f3n\u00bb, cerca del cruce hacia el municipio de Isnos. POR: ANDR\u00c9S RODR\u00cdGUEZ. El accidente, que ocurri\u00f3 alrededor de las 5:30 de la ma\u00f1ana, involucr\u00f3 a un bus tipo escalera, com\u00fanmente utilizado para el [&hellip;]<\/p>\n","protected":false},"author":3,"featured_media":5339,"comment_status":"open","ping_status":"open","sticky":false,"template":"","format":"standard","meta":{"_acf_changed":false,"_joinchat":[],"footnotes":""},"categories":[1,20,19],"tags":[],"class_list":{"0":"post-5334","1":"post","2":"type-post","3":"status-publish","4":"format-standard","5":"has-post-thumbnail","7":"category-actualidad","8":"category-judicial","9":"category-regional"},"acf":[],"yoast_head":"<!-- This site is optimized with the Yoast SEO plugin v27.5 - https:\/\/yoast.com\/product\/yoast-seo-wordpress\/ -->\n<title>GRAVE ACCIDENTE EN LA V\u00cdA PITALITO-SAN AGUST\u00cdN DEJA VARIOS HERIDOS - AR Digital Noticias<\/title>\n<meta name=\"robots\" content=\"index, follow, max-snippet:-1, max-image-preview:large, max-video-preview:-1\" \/>\n<link rel=\"canonical\" href=\"https:\/\/ardigitalnoticias.com\/index.php\/2024\/09\/02\/grave-accidente-en-la-via-pitalito-san-agustin-deja-varios-heridos\/\" \/>\n<meta property=\"og:locale\" content=\"es_ES\" \/>\n<meta property=\"og:type\" content=\"article\" \/>\n<meta property=\"og:title\" content=\"GRAVE ACCIDENTE EN LA V\u00cdA PITALITO-SAN AGUST\u00cdN DEJA VARIOS HERIDOS - AR Digital Noticias\" \/>\n<meta property=\"og:description\" content=\"En la madrugada de hoy, un tr\u00e1gico accidente de tr\u00e1nsito sacudi\u00f3 la v\u00eda Pitalito-San Agust\u00edn, espec\u00edficamente en el sector conocido como \u00abEl Caj\u00f3n\u00bb, cerca del cruce hacia el municipio de Isnos. POR: ANDR\u00c9S RODR\u00cdGUEZ. El accidente, que ocurri\u00f3 alrededor de las 5:30 de la ma\u00f1ana, involucr\u00f3 a un bus tipo escalera, com\u00fanmente utilizado para el [&hellip;]\" \/>\n<meta property=\"og:url\" content=\"https:\/\/ardigitalnoticias.com\/index.php\/2024\/09\/02\/grave-accidente-en-la-via-pitalito-san-agustin-deja-varios-heridos\/\" \/>\n<meta property=\"og:site_name\" content=\"AR Digital Noticias\" \/>\n<meta property=\"article:published_time\" content=\"2024-09-02T12:36:52+00:00\" \/>\n<meta property=\"article:modified_time\" content=\"2024-09-02T12:36:53+00:00\" \/>\n<meta property=\"og:image\" content=\"https:\/\/ardigitalnoticias.com\/wp-content\/uploads\/2024\/09\/InShot_20240902_073111439.jpg\" \/>\n\t<meta property=\"og:image:width\" content=\"1920\" \/>\n\t<meta property=\"og:image:height\" content=\"1079\" \/>\n\t<meta property=\"og:image:type\" content=\"image\/jpeg\" \/>\n<meta name=\"author\" content=\"Editor ArDigitalNoticias\" \/>\n<meta name=\"twitter:card\" content=\"summary_large_image\" \/>\n<meta name=\"twitter:label1\" content=\"Escrito por\" \/>\n\t<meta name=\"twitter:data1\" content=\"Editor ArDigitalNoticias\" \/>\n\t<meta name=\"twitter:label2\" content=\"Tiempo de lectura\" \/>\n\t<meta name=\"twitter:data2\" content=\"3 minutos\" \/>\n<script type=\"application\/ld+json\" class=\"yoast-schema-graph\">{\"@context\":\"https:\\\/\\\/schema.org\",\"@graph\":[{\"@type\":\"Article\",\"@id\":\"https:\\\/\\\/ardigitalnoticias.com\\\/index.php\\\/2024\\\/09\\\/02\\\/grave-accidente-en-la-via-pitalito-san-agustin-deja-varios-heridos\\\/#article\",\"isPartOf\":{\"@id\":\"https:\\\/\\\/ardigitalnoticias.com\\\/index.php\\\/2024\\\/09\\\/02\\\/grave-accidente-en-la-via-pitalito-san-agustin-deja-varios-heridos\\\/\"},\"author\":{\"name\":\"Editor ArDigitalNoticias\",\"@id\":\"https:\\\/\\\/ardigitalnoticias.com\\\/#\\\/schema\\\/person\\\/759c8138ebc77e85adb1aa750003a751\"},\"headline\":\"GRAVE ACCIDENTE EN LA V\u00cdA PITALITO-SAN AGUST\u00cdN DEJA VARIOS HERIDOS\",\"datePublished\":\"2024-09-02T12:36:52+00:00\",\"dateModified\":\"2024-09-02T12:36:53+00:00\",\"mainEntityOfPage\":{\"@id\":\"https:\\\/\\\/ardigitalnoticias.com\\\/index.php\\\/2024\\\/09\\\/02\\\/grave-accidente-en-la-via-pitalito-san-agustin-deja-varios-heridos\\\/\"},\"wordCount\":326,\"commentCount\":0,\"publisher\":{\"@id\":\"https:\\\/\\\/ardigitalnoticias.com\\\/#organization\"},\"image\":{\"@id\":\"https:\\\/\\\/ardigitalnoticias.com\\\/index.php\\\/2024\\\/09\\\/02\\\/grave-accidente-en-la-via-pitalito-san-agustin-deja-varios-heridos\\\/#primaryimage\"},\"thumbnailUrl\":\"https:\\\/\\\/ardigitalnoticias.com\\\/wp-content\\\/uploads\\\/2024\\\/09\\\/InShot_20240902_073111439.jpg\",\"articleSection\":[\"Actualidad\",\"Judicial\",\"Regional\"],\"inLanguage\":\"es\",\"potentialAction\":[{\"@type\":\"CommentAction\",\"name\":\"Comment\",\"target\":[\"https:\\\/\\\/ardigitalnoticias.com\\\/index.php\\\/2024\\\/09\\\/02\\\/grave-accidente-en-la-via-pitalito-san-agustin-deja-varios-heridos\\\/#respond\"]}]},{\"@type\":\"WebPage\",\"@id\":\"https:\\\/\\\/ardigitalnoticias.com\\\/index.php\\\/2024\\\/09\\\/02\\\/grave-accidente-en-la-via-pitalito-san-agustin-deja-varios-heridos\\\/\",\"url\":\"https:\\\/\\\/ardigitalnoticias.com\\\/index.php\\\/2024\\\/09\\\/02\\\/grave-accidente-en-la-via-pitalito-san-agustin-deja-varios-heridos\\\/\",\"name\":\"GRAVE ACCIDENTE EN LA V\u00cdA PITALITO-SAN AGUST\u00cdN DEJA VARIOS HERIDOS - AR Digital Noticias\",\"isPartOf\":{\"@id\":\"https:\\\/\\\/ardigitalnoticias.com\\\/#website\"},\"primaryImageOfPage\":{\"@id\":\"https:\\\/\\\/ardigitalnoticias.com\\\/index.php\\\/2024\\\/09\\\/02\\\/grave-accidente-en-la-via-pitalito-san-agustin-deja-varios-heridos\\\/#primaryimage\"},\"image\":{\"@id\":\"https:\\\/\\\/ardigitalnoticias.com\\\/index.php\\\/2024\\\/09\\\/02\\\/grave-accidente-en-la-via-pitalito-san-agustin-deja-varios-heridos\\\/#primaryimage\"},\"thumbnailUrl\":\"https:\\\/\\\/ardigitalnoticias.com\\\/wp-content\\\/uploads\\\/2024\\\/09\\\/InShot_20240902_073111439.jpg\",\"datePublished\":\"2024-09-02T12:36:52+00:00\",\"dateModified\":\"2024-09-02T12:36:53+00:00\",\"breadcrumb\":{\"@id\":\"https:\\\/\\\/ardigitalnoticias.com\\\/index.php\\\/2024\\\/09\\\/02\\\/grave-accidente-en-la-via-pitalito-san-agustin-deja-varios-heridos\\\/#breadcrumb\"},\"inLanguage\":\"es\",\"potentialAction\":[{\"@type\":\"ReadAction\",\"target\":[\"https:\\\/\\\/ardigitalnoticias.com\\\/index.php\\\/2024\\\/09\\\/02\\\/grave-accidente-en-la-via-pitalito-san-agustin-deja-varios-heridos\\\/\"]}]},{\"@type\":\"ImageObject\",\"inLanguage\":\"es\",\"@id\":\"https:\\\/\\\/ardigitalnoticias.com\\\/index.php\\\/2024\\\/09\\\/02\\\/grave-accidente-en-la-via-pitalito-san-agustin-deja-varios-heridos\\\/#primaryimage\",\"url\":\"https:\\\/\\\/ardigitalnoticias.com\\\/wp-content\\\/uploads\\\/2024\\\/09\\\/InShot_20240902_073111439.jpg\",\"contentUrl\":\"https:\\\/\\\/ardigitalnoticias.com\\\/wp-content\\\/uploads\\\/2024\\\/09\\\/InShot_20240902_073111439.jpg\",\"width\":1920,\"height\":1079},{\"@type\":\"BreadcrumbList\",\"@id\":\"https:\\\/\\\/ardigitalnoticias.com\\\/index.php\\\/2024\\\/09\\\/02\\\/grave-accidente-en-la-via-pitalito-san-agustin-deja-varios-heridos\\\/#breadcrumb\",\"itemListElement\":[{\"@type\":\"ListItem\",\"position\":1,\"name\":\"Portada\",\"item\":\"https:\\\/\\\/ardigitalnoticias.com\\\/\"},{\"@type\":\"ListItem\",\"position\":2,\"name\":\"GRAVE ACCIDENTE EN LA V\u00cdA PITALITO-SAN AGUST\u00cdN DEJA VARIOS HERIDOS\"}]},{\"@type\":\"WebSite\",\"@id\":\"https:\\\/\\\/ardigitalnoticias.com\\\/#website\",\"url\":\"https:\\\/\\\/ardigitalnoticias.com\\\/\",\"name\":\"AR Digital Noticias\",\"description\":\"\",\"publisher\":{\"@id\":\"https:\\\/\\\/ardigitalnoticias.com\\\/#organization\"},\"potentialAction\":[{\"@type\":\"SearchAction\",\"target\":{\"@type\":\"EntryPoint\",\"urlTemplate\":\"https:\\\/\\\/ardigitalnoticias.com\\\/?s={search_term_string}\"},\"query-input\":{\"@type\":\"PropertyValueSpecification\",\"valueRequired\":true,\"valueName\":\"search_term_string\"}}],\"inLanguage\":\"es\"},{\"@type\":\"Organization\",\"@id\":\"https:\\\/\\\/ardigitalnoticias.com\\\/#organization\",\"name\":\"AR Digital Noticias\",\"url\":\"https:\\\/\\\/ardigitalnoticias.com\\\/\",\"logo\":{\"@type\":\"ImageObject\",\"inLanguage\":\"es\",\"@id\":\"https:\\\/\\\/ardigitalnoticias.com\\\/#\\\/schema\\\/logo\\\/image\\\/\",\"url\":\"https:\\\/\\\/ardigitalnoticias.com\\\/wp-content\\\/uploads\\\/2023\\\/11\\\/cropped-cropped-cropped-cropped-AR-Digital-Noticias-1.png\",\"contentUrl\":\"https:\\\/\\\/ardigitalnoticias.com\\\/wp-content\\\/uploads\\\/2023\\\/11\\\/cropped-cropped-cropped-cropped-AR-Digital-Noticias-1.png\",\"width\":972,\"height\":306,\"caption\":\"AR Digital Noticias\"},\"image\":{\"@id\":\"https:\\\/\\\/ardigitalnoticias.com\\\/#\\\/schema\\\/logo\\\/image\\\/\"}},{\"@type\":\"Person\",\"@id\":\"https:\\\/\\\/ardigitalnoticias.com\\\/#\\\/schema\\\/person\\\/759c8138ebc77e85adb1aa750003a751\",\"name\":\"Editor ArDigitalNoticias\",\"image\":{\"@type\":\"ImageObject\",\"inLanguage\":\"es\",\"@id\":\"https:\\\/\\\/secure.gravatar.com\\\/avatar\\\/2c7f3656ea34567ef10422f22f4395b6cc422854a0b986ba788597ac36902f93?s=96&d=mm&r=g\",\"url\":\"https:\\\/\\\/secure.gravatar.com\\\/avatar\\\/2c7f3656ea34567ef10422f22f4395b6cc422854a0b986ba788597ac36902f93?s=96&d=mm&r=g\",\"contentUrl\":\"https:\\\/\\\/secure.gravatar.com\\\/avatar\\\/2c7f3656ea34567ef10422f22f4395b6cc422854a0b986ba788597ac36902f93?s=96&d=mm&r=g\",\"caption\":\"Editor ArDigitalNoticias\"},\"sameAs\":[\"http:\\\/\\\/ardigitalnoticias.com\"],\"url\":\"https:\\\/\\\/ardigitalnoticias.com\\\/index.php\\\/author\\\/editor\\\/\"}]}<\/script>\n<!-- \/ Yoast SEO plugin. -->","yoast_head_json":{"title":"GRAVE ACCIDENTE EN LA V\u00cdA PITALITO-SAN AGUST\u00cdN DEJA VARIOS HERIDOS - AR Digital Noticias","robots":{"index":"index","follow":"follow","max-snippet":"max-snippet:-1","max-image-preview":"max-image-preview:large","max-video-preview":"max-video-preview:-1"},"canonical":"https:\/\/ardigitalnoticias.com\/index.php\/2024\/09\/02\/grave-accidente-en-la-via-pitalito-san-agustin-deja-varios-heridos\/","og_locale":"es_ES","og_type":"article","og_title":"GRAVE ACCIDENTE EN LA V\u00cdA PITALITO-SAN AGUST\u00cdN DEJA VARIOS HERIDOS - AR Digital Noticias","og_description":"En la madrugada de hoy, un tr\u00e1gico accidente de tr\u00e1nsito sacudi\u00f3 la v\u00eda Pitalito-San Agust\u00edn, espec\u00edficamente en el sector conocido como \u00abEl Caj\u00f3n\u00bb, cerca del cruce hacia el municipio de Isnos. POR: ANDR\u00c9S RODR\u00cdGUEZ. El accidente, que ocurri\u00f3 alrededor de las 5:30 de la ma\u00f1ana, involucr\u00f3 a un bus tipo escalera, com\u00fanmente utilizado para el [&hellip;]","og_url":"https:\/\/ardigitalnoticias.com\/index.php\/2024\/09\/02\/grave-accidente-en-la-via-pitalito-san-agustin-deja-varios-heridos\/","og_site_name":"AR Digital Noticias","article_published_time":"2024-09-02T12:36:52+00:00","article_modified_time":"2024-09-02T12:36:53+00:00","og_image":[{"width":1920,"height":1079,"url":"https:\/\/ardigitalnoticias.com\/wp-content\/uploads\/2024\/09\/InShot_20240902_073111439.jpg","type":"image\/jpeg"}],"author":"Editor ArDigitalNoticias","twitter_card":"summary_large_image","twitter_misc":{"Escrito por":"Editor ArDigitalNoticias","Tiempo de lectura":"3 minutos"},"schema":{"@context":"https:\/\/schema.org","@graph":[{"@type":"Article","@id":"https:\/\/ardigitalnoticias.com\/index.php\/2024\/09\/02\/grave-accidente-en-la-via-pitalito-san-agustin-deja-varios-heridos\/#article","isPartOf":{"@id":"https:\/\/ardigitalnoticias.com\/index.php\/2024\/09\/02\/grave-accidente-en-la-via-pitalito-san-agustin-deja-varios-heridos\/"},"author":{"name":"Editor ArDigitalNoticias","@id":"https:\/\/ardigitalnoticias.com\/#\/schema\/person\/759c8138ebc77e85adb1aa750003a751"},"headline":"GRAVE ACCIDENTE EN LA V\u00cdA PITALITO-SAN AGUST\u00cdN DEJA VARIOS HERIDOS","datePublished":"2024-09-02T12:36:52+00:00","dateModified":"2024-09-02T12:36:53+00:00","mainEntityOfPage":{"@id":"https:\/\/ardigitalnoticias.com\/index.php\/2024\/09\/02\/grave-accidente-en-la-via-pitalito-san-agustin-deja-varios-heridos\/"},"wordCount":326,"commentCount":0,"publisher":{"@id":"https:\/\/ardigitalnoticias.com\/#organization"},"image":{"@id":"https:\/\/ardigitalnoticias.com\/index.php\/2024\/09\/02\/grave-accidente-en-la-via-pitalito-san-agustin-deja-varios-heridos\/#primaryimage"},"thumbnailUrl":"https:\/\/ardigitalnoticias.com\/wp-content\/uploads\/2024\/09\/InShot_20240902_073111439.jpg","articleSection":["Actualidad","Judicial","Regional"],"inLanguage":"es","potentialAction":[{"@type":"CommentAction","name":"Comment","target":["https:\/\/ardigitalnoticias.com\/index.php\/2024\/09\/02\/grave-accidente-en-la-via-pitalito-san-agustin-deja-varios-heridos\/#respond"]}]},{"@type":"WebPage","@id":"https:\/\/ardigitalnoticias.com\/index.php\/2024\/09\/02\/grave-accidente-en-la-via-pitalito-san-agustin-deja-varios-heridos\/","url":"https:\/\/ardigitalnoticias.com\/index.php\/2024\/09\/02\/grave-accidente-en-la-via-pitalito-san-agustin-deja-varios-heridos\/","name":"GRAVE ACCIDENTE EN LA V\u00cdA PITALITO-SAN AGUST\u00cdN DEJA VARIOS HERIDOS - AR Digital Noticias","isPartOf":{"@id":"https:\/\/ardigitalnoticias.com\/#website"},"primaryImageOfPage":{"@id":"https:\/\/ardigitalnoticias.com\/index.php\/2024\/09\/02\/grave-accidente-en-la-via-pitalito-san-agustin-deja-varios-heridos\/#primaryimage"},"image":{"@id":"https:\/\/ardigitalnoticias.com\/index.php\/2024\/09\/02\/grave-accidente-en-la-via-pitalito-san-agustin-deja-varios-heridos\/#primaryimage"},"thumbnailUrl":"https:\/\/ardigitalnoticias.com\/wp-content\/uploads\/2024\/09\/InShot_20240902_073111439.jpg","datePublished":"2024-09-02T12:36:52+00:00","dateModified":"2024-09-02T12:36:53+00:00","breadcrumb":{"@id":"https:\/\/ardigitalnoticias.com\/index.php\/2024\/09\/02\/grave-accidente-en-la-via-pitalito-san-agustin-deja-varios-heridos\/#breadcrumb"},"inLanguage":"es","potentialAction":[{"@type":"ReadAction","target":["https:\/\/ardigitalnoticias.com\/index.php\/2024\/09\/02\/grave-accidente-en-la-via-pitalito-san-agustin-deja-varios-heridos\/"]}]},{"@type":"ImageObject","inLanguage":"es","@id":"https:\/\/ardigitalnoticias.com\/index.php\/2024\/09\/02\/grave-accidente-en-la-via-pitalito-san-agustin-deja-varios-heridos\/#primaryimage","url":"https:\/\/ardigitalnoticias.com\/wp-content\/uploads\/2024\/09\/InShot_20240902_073111439.jpg","contentUrl":"https:\/\/ardigitalnoticias.com\/wp-content\/uploads\/2024\/09\/InShot_20240902_073111439.jpg","width":1920,"height":1079},{"@type":"BreadcrumbList","@id":"https:\/\/ardigitalnoticias.com\/index.php\/2024\/09\/02\/grave-accidente-en-la-via-pitalito-san-agustin-deja-varios-heridos\/#breadcrumb","itemListElement":[{"@type":"ListItem","position":1,"name":"Portada","item":"https:\/\/ardigitalnoticias.com\/"},{"@type":"ListItem","position":2,"name":"GRAVE ACCIDENTE EN LA V\u00cdA PITALITO-SAN AGUST\u00cdN DEJA VARIOS HERIDOS"}]},{"@type":"WebSite","@id":"https:\/\/ardigitalnoticias.com\/#website","url":"https:\/\/ardigitalnoticias.com\/","name":"AR Digital Noticias","description":"","publisher":{"@id":"https:\/\/ardigitalnoticias.com\/#organization"},"potentialAction":[{"@type":"SearchAction","target":{"@type":"EntryPoint","urlTemplate":"https:\/\/ardigitalnoticias.com\/?s={search_term_string}"},"query-input":{"@type":"PropertyValueSpecification","valueRequired":true,"valueName":"search_term_string"}}],"inLanguage":"es"},{"@type":"Organization","@id":"https:\/\/ardigitalnoticias.com\/#organization","name":"AR Digital Noticias","url":"https:\/\/ardigitalnoticias.com\/","logo":{"@type":"ImageObject","inLanguage":"es","@id":"https:\/\/ardigitalnoticias.com\/#\/schema\/logo\/image\/","url":"https:\/\/ardigitalnoticias.com\/wp-content\/uploads\/2023\/11\/cropped-cropped-cropped-cropped-AR-Digital-Noticias-1.png","contentUrl":"https:\/\/ardigitalnoticias.com\/wp-content\/uploads\/2023\/11\/cropped-cropped-cropped-cropped-AR-Digital-Noticias-1.png","width":972,"height":306,"caption":"AR Digital Noticias"},"image":{"@id":"https:\/\/ardigitalnoticias.com\/#\/schema\/logo\/image\/"}},{"@type":"Person","@id":"https:\/\/ardigitalnoticias.com\/#\/schema\/person\/759c8138ebc77e85adb1aa750003a751","name":"Editor ArDigitalNoticias","image":{"@type":"ImageObject","inLanguage":"es","@id":"https:\/\/secure.gravatar.com\/avatar\/2c7f3656ea34567ef10422f22f4395b6cc422854a0b986ba788597ac36902f93?s=96&d=mm&r=g","url":"https:\/\/secure.gravatar.com\/avatar\/2c7f3656ea34567ef10422f22f4395b6cc422854a0b986ba788597ac36902f93?s=96&d=mm&r=g","contentUrl":"https:\/\/secure.gravatar.com\/avatar\/2c7f3656ea34567ef10422f22f4395b6cc422854a0b986ba788597ac36902f93?s=96&d=mm&r=g","caption":"Editor ArDigitalNoticias"},"sameAs":["http:\/\/ardigitalnoticias.com"],"url":"https:\/\/ardigitalnoticias.com\/index.php\/author\/editor\/"}]}},"_links":{"self":[{"href":"https:\/\/ardigitalnoticias.com\/index.php\/wp-json\/wp\/v2\/posts\/5334","targetHints":{"allow":["GET"]}}],"collection":[{"href":"https:\/\/ardigitalnoticias.com\/index.php\/wp-json\/wp\/v2\/posts"}],"about":[{"href":"https:\/\/ardigitalnoticias.com\/index.php\/wp-json\/wp\/v2\/types\/post"}],"author":[{"embeddable":true,"href":"https:\/\/ardigitalnoticias.com\/index.php\/wp-json\/wp\/v2\/users\/3"}],"replies":[{"embeddable":true,"href":"https:\/\/ardigitalnoticias.com\/index.php\/wp-json\/wp\/v2\/comments?post=5334"}],"version-history":[{"count":1,"href":"https:\/\/ardigitalnoticias.com\/index.php\/wp-json\/wp\/v2\/posts\/5334\/revisions"}],"predecessor-version":[{"id":5340,"href":"https:\/\/ardigitalnoticias.com\/index.php\/wp-json\/wp\/v2\/posts\/5334\/revisions\/5340"}],"wp:featuredmedia":[{"embeddable":true,"href":"https:\/\/ardigitalnoticias.com\/index.php\/wp-json\/wp\/v2\/media\/5339"}],"wp:attachment":[{"href":"https:\/\/ardigitalnoticias.com\/index.php\/wp-json\/wp\/v2\/media?parent=5334"}],"wp:term":[{"taxonomy":"category","embeddable":true,"href":"https:\/\/ardigitalnoticias.com\/index.php\/wp-json\/wp\/v2\/categories?post=5334"},{"taxonomy":"post_tag","embeddable":true,"href":"https:\/\/ardigitalnoticias.com\/index.php\/wp-json\/wp\/v2\/tags?post=5334"}],"curies":[{"name":"wp","href":"https:\/\/api.w.org\/{rel}","templated":true}]}}