{"id":5322,"date":"2024-09-01T21:03:15","date_gmt":"2024-09-02T02:03:15","guid":{"rendered":"https:\/\/ardigitalnoticias.com\/?p=5322"},"modified":"2024-09-01T21:03:16","modified_gmt":"2024-09-02T02:03:16","slug":"hombre-asesinado-en-ataque-armado-en-zona-rural-de-pitalito","status":"publish","type":"post","link":"https:\/\/ardigitalnoticias.com\/index.php\/2024\/09\/01\/hombre-asesinado-en-ataque-armado-en-zona-rural-de-pitalito\/","title":{"rendered":"HOMBRE ASESINADO EN ATAQUE ARMADO EN ZONA RURAL DE PITALITO"},"content":{"rendered":"\n<p>Un hombre fue asesinado mientras se desplazaba en su veh\u00edculo por la v\u00eda que conecta a Pitalito con La Laguna.<\/p>\n\n\n\n<p><strong>POR: ANDR\u00c9S RODR\u00cdGUEZ. <\/strong><\/p>\n\n\n<div class=\"wp-block-image\">\n<figure class=\"aligncenter size-full\"><img loading=\"lazy\" decoding=\"async\" width=\"720\" height=\"901\" src=\"https:\/\/ardigitalnoticias.com\/wp-content\/uploads\/2024\/09\/FB_IMG_1725236402200.jpg\" alt=\"\" class=\"wp-image-5324\" srcset=\"https:\/\/ardigitalnoticias.com\/wp-content\/uploads\/2024\/09\/FB_IMG_1725236402200.jpg 720w, https:\/\/ardigitalnoticias.com\/wp-content\/uploads\/2024\/09\/FB_IMG_1725236402200-240x300.jpg 240w, https:\/\/ardigitalnoticias.com\/wp-content\/uploads\/2024\/09\/FB_IMG_1725236402200-150x188.jpg 150w, https:\/\/ardigitalnoticias.com\/wp-content\/uploads\/2024\/09\/FB_IMG_1725236402200-300x375.jpg 300w, https:\/\/ardigitalnoticias.com\/wp-content\/uploads\/2024\/09\/FB_IMG_1725236402200-696x871.jpg 696w\" sizes=\"auto, (max-width: 720px) 100vw, 720px\" \/><\/figure>\n<\/div>\n\n\n<p>El crimen tuvo lugar la tarde de este domingo, generando conmoci\u00f3n entre los habitantes de la zona.<\/p>\n\n\n\n<p>La v\u00edctima, cuya identidad no ha sido revelada, se movilizaba en un autom\u00f3vil con placas CSH-049 cuando fue atacada de manera violenta. Seg\u00fan informaciones preliminares, el hombre fue alcanzado por disparos mientras conduc\u00eda, lo que le caus\u00f3 heridas fatales.<\/p>\n\n\n\n<p>Tras el ataque, los familiares que lo acompa\u00f1aban en el veh\u00edculo intentaron desesperadamente salvar su vida, traslad\u00e1ndolo de inmediato al Hospital Departamental San Antonio. Sin embargo, a pesar de los esfuerzos, la v\u00edctima lleg\u00f3 al centro de salud sin signos vitales.<\/p>\n\n\n\n<p>Las autoridades locales se encuentran investigando el m\u00f3vil del homicidio y han desplegado operativos en la regi\u00f3n para dar con los responsables de este acto violento que enluta a una familia y genera incertidumbre en la comunidad. Este tr\u00e1gico suceso se suma a la preocupante ola de inseguridad que afecta a varias regiones del departamento de Huila.<\/p>\n\n\n\n<p>Los residentes de Pitalito y sus alrededores exigen respuestas r\u00e1pidas por parte de las autoridades, as\u00ed como mayor presencia policial en las v\u00edas para prevenir nuevos hechos de violencia.<\/p>\n\n\n<div class=\"wp-block-image\">\n<figure class=\"aligncenter size-full\"><img loading=\"lazy\" decoding=\"async\" width=\"720\" height=\"901\" src=\"https:\/\/ardigitalnoticias.com\/wp-content\/uploads\/2024\/09\/FB_IMG_1725236406107.jpg\" alt=\"\" class=\"wp-image-5323\" srcset=\"https:\/\/ardigitalnoticias.com\/wp-content\/uploads\/2024\/09\/FB_IMG_1725236406107.jpg 720w, https:\/\/ardigitalnoticias.com\/wp-content\/uploads\/2024\/09\/FB_IMG_1725236406107-240x300.jpg 240w, https:\/\/ardigitalnoticias.com\/wp-content\/uploads\/2024\/09\/FB_IMG_1725236406107-150x188.jpg 150w, https:\/\/ardigitalnoticias.com\/wp-content\/uploads\/2024\/09\/FB_IMG_1725236406107-300x375.jpg 300w, https:\/\/ardigitalnoticias.com\/wp-content\/uploads\/2024\/09\/FB_IMG_1725236406107-696x871.jpg 696w\" sizes=\"auto, (max-width: 720px) 100vw, 720px\" \/><\/figure>\n<\/div>","protected":false},"excerpt":{"rendered":"<p>Un hombre fue asesinado mientras se desplazaba en su veh\u00edculo por la v\u00eda que conecta a Pitalito con La Laguna. POR: ANDR\u00c9S RODR\u00cdGUEZ. El crimen tuvo lugar la tarde de este domingo, generando conmoci\u00f3n entre los habitantes de la zona. La v\u00edctima, cuya identidad no ha sido revelada, se movilizaba en un autom\u00f3vil con placas [&hellip;]<\/p>\n","protected":false},"author":3,"featured_media":5325,"comment_status":"open","ping_status":"open","sticky":false,"template":"","format":"standard","meta":{"_acf_changed":false,"_joinchat":[],"footnotes":""},"categories":[1,20,19,28],"tags":[],"class_list":{"0":"post-5322","1":"post","2":"type-post","3":"status-publish","4":"format-standard","5":"has-post-thumbnail","7":"category-actualidad","8":"category-judicial","9":"category-regional","10":"category-sur"},"acf":[],"yoast_head":"<!-- This site is optimized with the Yoast SEO plugin v27.4 - https:\/\/yoast.com\/product\/yoast-seo-wordpress\/ -->\n<title>HOMBRE ASESINADO EN ATAQUE ARMADO EN ZONA RURAL DE PITALITO - AR Digital Noticias<\/title>\n<meta name=\"robots\" content=\"index, follow, max-snippet:-1, max-image-preview:large, max-video-preview:-1\" \/>\n<link rel=\"canonical\" href=\"https:\/\/ardigitalnoticias.com\/index.php\/2024\/09\/01\/hombre-asesinado-en-ataque-armado-en-zona-rural-de-pitalito\/\" \/>\n<meta property=\"og:locale\" content=\"es_ES\" \/>\n<meta property=\"og:type\" content=\"article\" \/>\n<meta property=\"og:title\" content=\"HOMBRE ASESINADO EN ATAQUE ARMADO EN ZONA RURAL DE PITALITO - AR Digital Noticias\" \/>\n<meta property=\"og:description\" content=\"Un hombre fue asesinado mientras se desplazaba en su veh\u00edculo por la v\u00eda que conecta a Pitalito con La Laguna. POR: ANDR\u00c9S RODR\u00cdGUEZ. El crimen tuvo lugar la tarde de este domingo, generando conmoci\u00f3n entre los habitantes de la zona. La v\u00edctima, cuya identidad no ha sido revelada, se movilizaba en un autom\u00f3vil con placas [&hellip;]\" \/>\n<meta property=\"og:url\" content=\"https:\/\/ardigitalnoticias.com\/index.php\/2024\/09\/01\/hombre-asesinado-en-ataque-armado-en-zona-rural-de-pitalito\/\" \/>\n<meta property=\"og:site_name\" content=\"AR Digital Noticias\" \/>\n<meta property=\"article:published_time\" content=\"2024-09-02T02:03:15+00:00\" \/>\n<meta property=\"article:modified_time\" content=\"2024-09-02T02:03:16+00:00\" \/>\n<meta property=\"og:image\" content=\"https:\/\/ardigitalnoticias.com\/wp-content\/uploads\/2024\/09\/InShot_20240901_205618431.jpg\" \/>\n\t<meta property=\"og:image:width\" content=\"1920\" \/>\n\t<meta property=\"og:image:height\" content=\"1079\" \/>\n\t<meta property=\"og:image:type\" content=\"image\/jpeg\" \/>\n<meta name=\"author\" content=\"Editor ArDigitalNoticias\" \/>\n<meta name=\"twitter:card\" content=\"summary_large_image\" \/>\n<meta name=\"twitter:label1\" content=\"Escrito por\" \/>\n\t<meta name=\"twitter:data1\" content=\"Editor ArDigitalNoticias\" \/>\n\t<meta name=\"twitter:label2\" content=\"Tiempo de lectura\" \/>\n\t<meta name=\"twitter:data2\" content=\"2 minutos\" \/>\n<script type=\"application\/ld+json\" class=\"yoast-schema-graph\">{\"@context\":\"https:\\\/\\\/schema.org\",\"@graph\":[{\"@type\":\"Article\",\"@id\":\"https:\\\/\\\/ardigitalnoticias.com\\\/index.php\\\/2024\\\/09\\\/01\\\/hombre-asesinado-en-ataque-armado-en-zona-rural-de-pitalito\\\/#article\",\"isPartOf\":{\"@id\":\"https:\\\/\\\/ardigitalnoticias.com\\\/index.php\\\/2024\\\/09\\\/01\\\/hombre-asesinado-en-ataque-armado-en-zona-rural-de-pitalito\\\/\"},\"author\":{\"name\":\"Editor ArDigitalNoticias\",\"@id\":\"https:\\\/\\\/ardigitalnoticias.com\\\/#\\\/schema\\\/person\\\/759c8138ebc77e85adb1aa750003a751\"},\"headline\":\"HOMBRE ASESINADO EN ATAQUE ARMADO EN ZONA RURAL DE PITALITO\",\"datePublished\":\"2024-09-02T02:03:15+00:00\",\"dateModified\":\"2024-09-02T02:03:16+00:00\",\"mainEntityOfPage\":{\"@id\":\"https:\\\/\\\/ardigitalnoticias.com\\\/index.php\\\/2024\\\/09\\\/01\\\/hombre-asesinado-en-ataque-armado-en-zona-rural-de-pitalito\\\/\"},\"wordCount\":234,\"commentCount\":0,\"publisher\":{\"@id\":\"https:\\\/\\\/ardigitalnoticias.com\\\/#organization\"},\"image\":{\"@id\":\"https:\\\/\\\/ardigitalnoticias.com\\\/index.php\\\/2024\\\/09\\\/01\\\/hombre-asesinado-en-ataque-armado-en-zona-rural-de-pitalito\\\/#primaryimage\"},\"thumbnailUrl\":\"https:\\\/\\\/ardigitalnoticias.com\\\/wp-content\\\/uploads\\\/2024\\\/09\\\/InShot_20240901_205618431.jpg\",\"articleSection\":[\"Actualidad\",\"Judicial\",\"Regional\",\"Sur\"],\"inLanguage\":\"es\",\"potentialAction\":[{\"@type\":\"CommentAction\",\"name\":\"Comment\",\"target\":[\"https:\\\/\\\/ardigitalnoticias.com\\\/index.php\\\/2024\\\/09\\\/01\\\/hombre-asesinado-en-ataque-armado-en-zona-rural-de-pitalito\\\/#respond\"]}]},{\"@type\":\"WebPage\",\"@id\":\"https:\\\/\\\/ardigitalnoticias.com\\\/index.php\\\/2024\\\/09\\\/01\\\/hombre-asesinado-en-ataque-armado-en-zona-rural-de-pitalito\\\/\",\"url\":\"https:\\\/\\\/ardigitalnoticias.com\\\/index.php\\\/2024\\\/09\\\/01\\\/hombre-asesinado-en-ataque-armado-en-zona-rural-de-pitalito\\\/\",\"name\":\"HOMBRE ASESINADO EN ATAQUE ARMADO EN ZONA RURAL DE PITALITO - AR Digital Noticias\",\"isPartOf\":{\"@id\":\"https:\\\/\\\/ardigitalnoticias.com\\\/#website\"},\"primaryImageOfPage\":{\"@id\":\"https:\\\/\\\/ardigitalnoticias.com\\\/index.php\\\/2024\\\/09\\\/01\\\/hombre-asesinado-en-ataque-armado-en-zona-rural-de-pitalito\\\/#primaryimage\"},\"image\":{\"@id\":\"https:\\\/\\\/ardigitalnoticias.com\\\/index.php\\\/2024\\\/09\\\/01\\\/hombre-asesinado-en-ataque-armado-en-zona-rural-de-pitalito\\\/#primaryimage\"},\"thumbnailUrl\":\"https:\\\/\\\/ardigitalnoticias.com\\\/wp-content\\\/uploads\\\/2024\\\/09\\\/InShot_20240901_205618431.jpg\",\"datePublished\":\"2024-09-02T02:03:15+00:00\",\"dateModified\":\"2024-09-02T02:03:16+00:00\",\"breadcrumb\":{\"@id\":\"https:\\\/\\\/ardigitalnoticias.com\\\/index.php\\\/2024\\\/09\\\/01\\\/hombre-asesinado-en-ataque-armado-en-zona-rural-de-pitalito\\\/#breadcrumb\"},\"inLanguage\":\"es\",\"potentialAction\":[{\"@type\":\"ReadAction\",\"target\":[\"https:\\\/\\\/ardigitalnoticias.com\\\/index.php\\\/2024\\\/09\\\/01\\\/hombre-asesinado-en-ataque-armado-en-zona-rural-de-pitalito\\\/\"]}]},{\"@type\":\"ImageObject\",\"inLanguage\":\"es\",\"@id\":\"https:\\\/\\\/ardigitalnoticias.com\\\/index.php\\\/2024\\\/09\\\/01\\\/hombre-asesinado-en-ataque-armado-en-zona-rural-de-pitalito\\\/#primaryimage\",\"url\":\"https:\\\/\\\/ardigitalnoticias.com\\\/wp-content\\\/uploads\\\/2024\\\/09\\\/InShot_20240901_205618431.jpg\",\"contentUrl\":\"https:\\\/\\\/ardigitalnoticias.com\\\/wp-content\\\/uploads\\\/2024\\\/09\\\/InShot_20240901_205618431.jpg\",\"width\":1920,\"height\":1079},{\"@type\":\"BreadcrumbList\",\"@id\":\"https:\\\/\\\/ardigitalnoticias.com\\\/index.php\\\/2024\\\/09\\\/01\\\/hombre-asesinado-en-ataque-armado-en-zona-rural-de-pitalito\\\/#breadcrumb\",\"itemListElement\":[{\"@type\":\"ListItem\",\"position\":1,\"name\":\"Portada\",\"item\":\"https:\\\/\\\/ardigitalnoticias.com\\\/\"},{\"@type\":\"ListItem\",\"position\":2,\"name\":\"HOMBRE ASESINADO EN ATAQUE ARMADO EN ZONA RURAL DE PITALITO\"}]},{\"@type\":\"WebSite\",\"@id\":\"https:\\\/\\\/ardigitalnoticias.com\\\/#website\",\"url\":\"https:\\\/\\\/ardigitalnoticias.com\\\/\",\"name\":\"AR Digital Noticias\",\"description\":\"\",\"publisher\":{\"@id\":\"https:\\\/\\\/ardigitalnoticias.com\\\/#organization\"},\"potentialAction\":[{\"@type\":\"SearchAction\",\"target\":{\"@type\":\"EntryPoint\",\"urlTemplate\":\"https:\\\/\\\/ardigitalnoticias.com\\\/?s={search_term_string}\"},\"query-input\":{\"@type\":\"PropertyValueSpecification\",\"valueRequired\":true,\"valueName\":\"search_term_string\"}}],\"inLanguage\":\"es\"},{\"@type\":\"Organization\",\"@id\":\"https:\\\/\\\/ardigitalnoticias.com\\\/#organization\",\"name\":\"AR Digital Noticias\",\"url\":\"https:\\\/\\\/ardigitalnoticias.com\\\/\",\"logo\":{\"@type\":\"ImageObject\",\"inLanguage\":\"es\",\"@id\":\"https:\\\/\\\/ardigitalnoticias.com\\\/#\\\/schema\\\/logo\\\/image\\\/\",\"url\":\"https:\\\/\\\/ardigitalnoticias.com\\\/wp-content\\\/uploads\\\/2023\\\/11\\\/cropped-cropped-cropped-cropped-AR-Digital-Noticias-1.png\",\"contentUrl\":\"https:\\\/\\\/ardigitalnoticias.com\\\/wp-content\\\/uploads\\\/2023\\\/11\\\/cropped-cropped-cropped-cropped-AR-Digital-Noticias-1.png\",\"width\":972,\"height\":306,\"caption\":\"AR Digital Noticias\"},\"image\":{\"@id\":\"https:\\\/\\\/ardigitalnoticias.com\\\/#\\\/schema\\\/logo\\\/image\\\/\"}},{\"@type\":\"Person\",\"@id\":\"https:\\\/\\\/ardigitalnoticias.com\\\/#\\\/schema\\\/person\\\/759c8138ebc77e85adb1aa750003a751\",\"name\":\"Editor ArDigitalNoticias\",\"image\":{\"@type\":\"ImageObject\",\"inLanguage\":\"es\",\"@id\":\"https:\\\/\\\/secure.gravatar.com\\\/avatar\\\/2c7f3656ea34567ef10422f22f4395b6cc422854a0b986ba788597ac36902f93?s=96&d=mm&r=g\",\"url\":\"https:\\\/\\\/secure.gravatar.com\\\/avatar\\\/2c7f3656ea34567ef10422f22f4395b6cc422854a0b986ba788597ac36902f93?s=96&d=mm&r=g\",\"contentUrl\":\"https:\\\/\\\/secure.gravatar.com\\\/avatar\\\/2c7f3656ea34567ef10422f22f4395b6cc422854a0b986ba788597ac36902f93?s=96&d=mm&r=g\",\"caption\":\"Editor ArDigitalNoticias\"},\"sameAs\":[\"http:\\\/\\\/ardigitalnoticias.com\"],\"url\":\"https:\\\/\\\/ardigitalnoticias.com\\\/index.php\\\/author\\\/editor\\\/\"}]}<\/script>\n<!-- \/ Yoast SEO plugin. -->","yoast_head_json":{"title":"HOMBRE ASESINADO EN ATAQUE ARMADO EN ZONA RURAL DE PITALITO - AR Digital Noticias","robots":{"index":"index","follow":"follow","max-snippet":"max-snippet:-1","max-image-preview":"max-image-preview:large","max-video-preview":"max-video-preview:-1"},"canonical":"https:\/\/ardigitalnoticias.com\/index.php\/2024\/09\/01\/hombre-asesinado-en-ataque-armado-en-zona-rural-de-pitalito\/","og_locale":"es_ES","og_type":"article","og_title":"HOMBRE ASESINADO EN ATAQUE ARMADO EN ZONA RURAL DE PITALITO - AR Digital Noticias","og_description":"Un hombre fue asesinado mientras se desplazaba en su veh\u00edculo por la v\u00eda que conecta a Pitalito con La Laguna. POR: ANDR\u00c9S RODR\u00cdGUEZ. El crimen tuvo lugar la tarde de este domingo, generando conmoci\u00f3n entre los habitantes de la zona. La v\u00edctima, cuya identidad no ha sido revelada, se movilizaba en un autom\u00f3vil con placas [&hellip;]","og_url":"https:\/\/ardigitalnoticias.com\/index.php\/2024\/09\/01\/hombre-asesinado-en-ataque-armado-en-zona-rural-de-pitalito\/","og_site_name":"AR Digital Noticias","article_published_time":"2024-09-02T02:03:15+00:00","article_modified_time":"2024-09-02T02:03:16+00:00","og_image":[{"width":1920,"height":1079,"url":"https:\/\/ardigitalnoticias.com\/wp-content\/uploads\/2024\/09\/InShot_20240901_205618431.jpg","type":"image\/jpeg"}],"author":"Editor ArDigitalNoticias","twitter_card":"summary_large_image","twitter_misc":{"Escrito por":"Editor ArDigitalNoticias","Tiempo de lectura":"2 minutos"},"schema":{"@context":"https:\/\/schema.org","@graph":[{"@type":"Article","@id":"https:\/\/ardigitalnoticias.com\/index.php\/2024\/09\/01\/hombre-asesinado-en-ataque-armado-en-zona-rural-de-pitalito\/#article","isPartOf":{"@id":"https:\/\/ardigitalnoticias.com\/index.php\/2024\/09\/01\/hombre-asesinado-en-ataque-armado-en-zona-rural-de-pitalito\/"},"author":{"name":"Editor ArDigitalNoticias","@id":"https:\/\/ardigitalnoticias.com\/#\/schema\/person\/759c8138ebc77e85adb1aa750003a751"},"headline":"HOMBRE ASESINADO EN ATAQUE ARMADO EN ZONA RURAL DE PITALITO","datePublished":"2024-09-02T02:03:15+00:00","dateModified":"2024-09-02T02:03:16+00:00","mainEntityOfPage":{"@id":"https:\/\/ardigitalnoticias.com\/index.php\/2024\/09\/01\/hombre-asesinado-en-ataque-armado-en-zona-rural-de-pitalito\/"},"wordCount":234,"commentCount":0,"publisher":{"@id":"https:\/\/ardigitalnoticias.com\/#organization"},"image":{"@id":"https:\/\/ardigitalnoticias.com\/index.php\/2024\/09\/01\/hombre-asesinado-en-ataque-armado-en-zona-rural-de-pitalito\/#primaryimage"},"thumbnailUrl":"https:\/\/ardigitalnoticias.com\/wp-content\/uploads\/2024\/09\/InShot_20240901_205618431.jpg","articleSection":["Actualidad","Judicial","Regional","Sur"],"inLanguage":"es","potentialAction":[{"@type":"CommentAction","name":"Comment","target":["https:\/\/ardigitalnoticias.com\/index.php\/2024\/09\/01\/hombre-asesinado-en-ataque-armado-en-zona-rural-de-pitalito\/#respond"]}]},{"@type":"WebPage","@id":"https:\/\/ardigitalnoticias.com\/index.php\/2024\/09\/01\/hombre-asesinado-en-ataque-armado-en-zona-rural-de-pitalito\/","url":"https:\/\/ardigitalnoticias.com\/index.php\/2024\/09\/01\/hombre-asesinado-en-ataque-armado-en-zona-rural-de-pitalito\/","name":"HOMBRE ASESINADO EN ATAQUE ARMADO EN ZONA RURAL DE PITALITO - AR Digital Noticias","isPartOf":{"@id":"https:\/\/ardigitalnoticias.com\/#website"},"primaryImageOfPage":{"@id":"https:\/\/ardigitalnoticias.com\/index.php\/2024\/09\/01\/hombre-asesinado-en-ataque-armado-en-zona-rural-de-pitalito\/#primaryimage"},"image":{"@id":"https:\/\/ardigitalnoticias.com\/index.php\/2024\/09\/01\/hombre-asesinado-en-ataque-armado-en-zona-rural-de-pitalito\/#primaryimage"},"thumbnailUrl":"https:\/\/ardigitalnoticias.com\/wp-content\/uploads\/2024\/09\/InShot_20240901_205618431.jpg","datePublished":"2024-09-02T02:03:15+00:00","dateModified":"2024-09-02T02:03:16+00:00","breadcrumb":{"@id":"https:\/\/ardigitalnoticias.com\/index.php\/2024\/09\/01\/hombre-asesinado-en-ataque-armado-en-zona-rural-de-pitalito\/#breadcrumb"},"inLanguage":"es","potentialAction":[{"@type":"ReadAction","target":["https:\/\/ardigitalnoticias.com\/index.php\/2024\/09\/01\/hombre-asesinado-en-ataque-armado-en-zona-rural-de-pitalito\/"]}]},{"@type":"ImageObject","inLanguage":"es","@id":"https:\/\/ardigitalnoticias.com\/index.php\/2024\/09\/01\/hombre-asesinado-en-ataque-armado-en-zona-rural-de-pitalito\/#primaryimage","url":"https:\/\/ardigitalnoticias.com\/wp-content\/uploads\/2024\/09\/InShot_20240901_205618431.jpg","contentUrl":"https:\/\/ardigitalnoticias.com\/wp-content\/uploads\/2024\/09\/InShot_20240901_205618431.jpg","width":1920,"height":1079},{"@type":"BreadcrumbList","@id":"https:\/\/ardigitalnoticias.com\/index.php\/2024\/09\/01\/hombre-asesinado-en-ataque-armado-en-zona-rural-de-pitalito\/#breadcrumb","itemListElement":[{"@type":"ListItem","position":1,"name":"Portada","item":"https:\/\/ardigitalnoticias.com\/"},{"@type":"ListItem","position":2,"name":"HOMBRE ASESINADO EN ATAQUE ARMADO EN ZONA RURAL DE PITALITO"}]},{"@type":"WebSite","@id":"https:\/\/ardigitalnoticias.com\/#website","url":"https:\/\/ardigitalnoticias.com\/","name":"AR Digital Noticias","description":"","publisher":{"@id":"https:\/\/ardigitalnoticias.com\/#organization"},"potentialAction":[{"@type":"SearchAction","target":{"@type":"EntryPoint","urlTemplate":"https:\/\/ardigitalnoticias.com\/?s={search_term_string}"},"query-input":{"@type":"PropertyValueSpecification","valueRequired":true,"valueName":"search_term_string"}}],"inLanguage":"es"},{"@type":"Organization","@id":"https:\/\/ardigitalnoticias.com\/#organization","name":"AR Digital Noticias","url":"https:\/\/ardigitalnoticias.com\/","logo":{"@type":"ImageObject","inLanguage":"es","@id":"https:\/\/ardigitalnoticias.com\/#\/schema\/logo\/image\/","url":"https:\/\/ardigitalnoticias.com\/wp-content\/uploads\/2023\/11\/cropped-cropped-cropped-cropped-AR-Digital-Noticias-1.png","contentUrl":"https:\/\/ardigitalnoticias.com\/wp-content\/uploads\/2023\/11\/cropped-cropped-cropped-cropped-AR-Digital-Noticias-1.png","width":972,"height":306,"caption":"AR Digital Noticias"},"image":{"@id":"https:\/\/ardigitalnoticias.com\/#\/schema\/logo\/image\/"}},{"@type":"Person","@id":"https:\/\/ardigitalnoticias.com\/#\/schema\/person\/759c8138ebc77e85adb1aa750003a751","name":"Editor ArDigitalNoticias","image":{"@type":"ImageObject","inLanguage":"es","@id":"https:\/\/secure.gravatar.com\/avatar\/2c7f3656ea34567ef10422f22f4395b6cc422854a0b986ba788597ac36902f93?s=96&d=mm&r=g","url":"https:\/\/secure.gravatar.com\/avatar\/2c7f3656ea34567ef10422f22f4395b6cc422854a0b986ba788597ac36902f93?s=96&d=mm&r=g","contentUrl":"https:\/\/secure.gravatar.com\/avatar\/2c7f3656ea34567ef10422f22f4395b6cc422854a0b986ba788597ac36902f93?s=96&d=mm&r=g","caption":"Editor ArDigitalNoticias"},"sameAs":["http:\/\/ardigitalnoticias.com"],"url":"https:\/\/ardigitalnoticias.com\/index.php\/author\/editor\/"}]}},"_links":{"self":[{"href":"https:\/\/ardigitalnoticias.com\/index.php\/wp-json\/wp\/v2\/posts\/5322","targetHints":{"allow":["GET"]}}],"collection":[{"href":"https:\/\/ardigitalnoticias.com\/index.php\/wp-json\/wp\/v2\/posts"}],"about":[{"href":"https:\/\/ardigitalnoticias.com\/index.php\/wp-json\/wp\/v2\/types\/post"}],"author":[{"embeddable":true,"href":"https:\/\/ardigitalnoticias.com\/index.php\/wp-json\/wp\/v2\/users\/3"}],"replies":[{"embeddable":true,"href":"https:\/\/ardigitalnoticias.com\/index.php\/wp-json\/wp\/v2\/comments?post=5322"}],"version-history":[{"count":2,"href":"https:\/\/ardigitalnoticias.com\/index.php\/wp-json\/wp\/v2\/posts\/5322\/revisions"}],"predecessor-version":[{"id":5327,"href":"https:\/\/ardigitalnoticias.com\/index.php\/wp-json\/wp\/v2\/posts\/5322\/revisions\/5327"}],"wp:featuredmedia":[{"embeddable":true,"href":"https:\/\/ardigitalnoticias.com\/index.php\/wp-json\/wp\/v2\/media\/5325"}],"wp:attachment":[{"href":"https:\/\/ardigitalnoticias.com\/index.php\/wp-json\/wp\/v2\/media?parent=5322"}],"wp:term":[{"taxonomy":"category","embeddable":true,"href":"https:\/\/ardigitalnoticias.com\/index.php\/wp-json\/wp\/v2\/categories?post=5322"},{"taxonomy":"post_tag","embeddable":true,"href":"https:\/\/ardigitalnoticias.com\/index.php\/wp-json\/wp\/v2\/tags?post=5322"}],"curies":[{"name":"wp","href":"https:\/\/api.w.org\/{rel}","templated":true}]}}