{"id":5285,"date":"2024-09-01T10:01:29","date_gmt":"2024-09-01T15:01:29","guid":{"rendered":"https:\/\/ardigitalnoticias.com\/?p=5285"},"modified":"2024-09-01T10:01:30","modified_gmt":"2024-09-01T15:01:30","slug":"tragico-accidente-de-transito-motociclista-pierde-la-vida-en-colision","status":"publish","type":"post","link":"https:\/\/ardigitalnoticias.com\/index.php\/2024\/09\/01\/tragico-accidente-de-transito-motociclista-pierde-la-vida-en-colision\/","title":{"rendered":"TR\u00c1GICO ACCIDENTE DE TR\u00c1NSITO, MOTOCICLISTA PIERDE LA VIDA EN COLISI\u00d3N"},"content":{"rendered":"\n<p>Un lamentable accidente de tr\u00e1nsito cobr\u00f3 la vida de Andr\u00e9s Barrios, un hombre que se desplazaba en motocicleta en la noche del s\u00e1bado.<\/p>\n\n\n\n<p><strong>POR: ANDR\u00c9S RODR\u00cdGUEZ. <\/strong><\/p>\n\n\n<div class=\"wp-block-image\">\n<figure class=\"aligncenter size-large\"><img loading=\"lazy\" decoding=\"async\" width=\"1024\" height=\"1024\" src=\"https:\/\/ardigitalnoticias.com\/wp-content\/uploads\/2024\/09\/InShot_20240901_095351908-1024x1024.jpg\" alt=\"\" class=\"wp-image-5289\" srcset=\"https:\/\/ardigitalnoticias.com\/wp-content\/uploads\/2024\/09\/InShot_20240901_095351908-1024x1024.jpg 1024w, https:\/\/ardigitalnoticias.com\/wp-content\/uploads\/2024\/09\/InShot_20240901_095351908-300x300.jpg 300w, https:\/\/ardigitalnoticias.com\/wp-content\/uploads\/2024\/09\/InShot_20240901_095351908-150x150.jpg 150w, https:\/\/ardigitalnoticias.com\/wp-content\/uploads\/2024\/09\/InShot_20240901_095351908-768x768.jpg 768w, https:\/\/ardigitalnoticias.com\/wp-content\/uploads\/2024\/09\/InShot_20240901_095351908-1536x1536.jpg 1536w, https:\/\/ardigitalnoticias.com\/wp-content\/uploads\/2024\/09\/InShot_20240901_095351908-696x696.jpg 696w, https:\/\/ardigitalnoticias.com\/wp-content\/uploads\/2024\/09\/InShot_20240901_095351908-1068x1068.jpg 1068w, https:\/\/ardigitalnoticias.com\/wp-content\/uploads\/2024\/09\/InShot_20240901_095351908.jpg 1920w\" sizes=\"auto, (max-width: 1024px) 100vw, 1024px\" \/><figcaption class=\"wp-element-caption\"><strong>Andr\u00e9s Barrios, Q.E.P.D.<\/strong><\/figcaption><\/figure>\n<\/div>\n\n\n<p>El accidente tuvo lugar en el barrio Villa Constanza, ubicado en la salida de Neiva hacia Bogot\u00e1, una zona conocida por su alto flujo vehicular.<\/p>\n\n\n\n<p>Seg\u00fan informes preliminares, Barrios, quien conduc\u00eda una motocicleta por una de las v\u00edas principales del sector, colision\u00f3 violentamente contra un veh\u00edculo. Las circunstancias exactas que llevaron a la colisi\u00f3n a\u00fan est\u00e1n bajo investigaci\u00f3n, y las autoridades se encuentran trabajando para determinar la responsabilidad en este tr\u00e1gico suceso.<\/p>\n\n\n\n<p>El impacto fue tan fuerte que Barrios perdi\u00f3 la vida en el lugar de los hechos. La noticia ha causado conmoci\u00f3n entre los residentes del barrio Villa Constanza, quienes describen la zona como peligrosa debido a la velocidad con la que algunos veh\u00edculos transitan.<\/p>\n\n\n\n<p>Las autoridades de tr\u00e1nsito han iniciado una investigaci\u00f3n exhaustiva para esclarecer los detalles del accidente. Por el momento, no se ha determinado si hubo alg\u00fan factor adicional, como el exceso de velocidad o la imprudencia de alguno de los conductores, que pudiera haber contribuido a este desenlace fatal.<\/p>\n\n\n\n<figure class=\"wp-block-image size-large\"><img loading=\"lazy\" decoding=\"async\" width=\"1024\" height=\"771\" src=\"https:\/\/ardigitalnoticias.com\/wp-content\/uploads\/2024\/09\/FB_IMG_1725201346376-1024x771.jpg\" alt=\"\" class=\"wp-image-5290\" srcset=\"https:\/\/ardigitalnoticias.com\/wp-content\/uploads\/2024\/09\/FB_IMG_1725201346376-1024x771.jpg 1024w, https:\/\/ardigitalnoticias.com\/wp-content\/uploads\/2024\/09\/FB_IMG_1725201346376-300x226.jpg 300w, https:\/\/ardigitalnoticias.com\/wp-content\/uploads\/2024\/09\/FB_IMG_1725201346376-768x578.jpg 768w, https:\/\/ardigitalnoticias.com\/wp-content\/uploads\/2024\/09\/FB_IMG_1725201346376-150x113.jpg 150w, https:\/\/ardigitalnoticias.com\/wp-content\/uploads\/2024\/09\/FB_IMG_1725201346376-696x524.jpg 696w, https:\/\/ardigitalnoticias.com\/wp-content\/uploads\/2024\/09\/FB_IMG_1725201346376-1068x804.jpg 1068w, https:\/\/ardigitalnoticias.com\/wp-content\/uploads\/2024\/09\/FB_IMG_1725201346376.jpg 1080w\" sizes=\"auto, (max-width: 1024px) 100vw, 1024px\" \/><\/figure>\n","protected":false},"excerpt":{"rendered":"<p>Un lamentable accidente de tr\u00e1nsito cobr\u00f3 la vida de Andr\u00e9s Barrios, un hombre que se desplazaba en motocicleta en la noche del s\u00e1bado. POR: ANDR\u00c9S RODR\u00cdGUEZ. El accidente tuvo lugar en el barrio Villa Constanza, ubicado en la salida de Neiva hacia Bogot\u00e1, una zona conocida por su alto flujo vehicular. Seg\u00fan informes preliminares, Barrios, [&hellip;]<\/p>\n","protected":false},"author":3,"featured_media":5291,"comment_status":"open","ping_status":"open","sticky":false,"template":"","format":"standard","meta":{"_acf_changed":false,"_joinchat":[],"footnotes":""},"categories":[1,20,26,19],"tags":[],"class_list":{"0":"post-5285","1":"post","2":"type-post","3":"status-publish","4":"format-standard","5":"has-post-thumbnail","7":"category-actualidad","8":"category-judicial","9":"category-norte","10":"category-regional"},"acf":[],"yoast_head":"<!-- This site is optimized with the Yoast SEO plugin v27.4 - https:\/\/yoast.com\/product\/yoast-seo-wordpress\/ -->\n<title>TR\u00c1GICO ACCIDENTE DE TR\u00c1NSITO, MOTOCICLISTA PIERDE LA VIDA EN COLISI\u00d3N - AR Digital Noticias<\/title>\n<meta name=\"robots\" content=\"index, follow, max-snippet:-1, max-image-preview:large, max-video-preview:-1\" \/>\n<link rel=\"canonical\" href=\"https:\/\/ardigitalnoticias.com\/index.php\/2024\/09\/01\/tragico-accidente-de-transito-motociclista-pierde-la-vida-en-colision\/\" \/>\n<meta property=\"og:locale\" content=\"es_ES\" \/>\n<meta property=\"og:type\" content=\"article\" \/>\n<meta property=\"og:title\" content=\"TR\u00c1GICO ACCIDENTE DE TR\u00c1NSITO, MOTOCICLISTA PIERDE LA VIDA EN COLISI\u00d3N - AR Digital Noticias\" \/>\n<meta property=\"og:description\" content=\"Un lamentable accidente de tr\u00e1nsito cobr\u00f3 la vida de Andr\u00e9s Barrios, un hombre que se desplazaba en motocicleta en la noche del s\u00e1bado. POR: ANDR\u00c9S RODR\u00cdGUEZ. El accidente tuvo lugar en el barrio Villa Constanza, ubicado en la salida de Neiva hacia Bogot\u00e1, una zona conocida por su alto flujo vehicular. Seg\u00fan informes preliminares, Barrios, [&hellip;]\" \/>\n<meta property=\"og:url\" content=\"https:\/\/ardigitalnoticias.com\/index.php\/2024\/09\/01\/tragico-accidente-de-transito-motociclista-pierde-la-vida-en-colision\/\" \/>\n<meta property=\"og:site_name\" content=\"AR Digital Noticias\" \/>\n<meta property=\"article:published_time\" content=\"2024-09-01T15:01:29+00:00\" \/>\n<meta property=\"article:modified_time\" content=\"2024-09-01T15:01:30+00:00\" \/>\n<meta property=\"og:image\" content=\"https:\/\/ardigitalnoticias.com\/wp-content\/uploads\/2024\/09\/Photo_1725201933575.jpg\" \/>\n\t<meta property=\"og:image:width\" content=\"1599\" \/>\n\t<meta property=\"og:image:height\" content=\"899\" \/>\n\t<meta property=\"og:image:type\" content=\"image\/jpeg\" \/>\n<meta name=\"author\" content=\"Editor ArDigitalNoticias\" \/>\n<meta name=\"twitter:card\" content=\"summary_large_image\" \/>\n<meta name=\"twitter:label1\" content=\"Escrito por\" \/>\n\t<meta name=\"twitter:data1\" content=\"Editor ArDigitalNoticias\" \/>\n\t<meta name=\"twitter:label2\" content=\"Tiempo de lectura\" \/>\n\t<meta name=\"twitter:data2\" content=\"2 minutos\" \/>\n<script type=\"application\/ld+json\" class=\"yoast-schema-graph\">{\"@context\":\"https:\\\/\\\/schema.org\",\"@graph\":[{\"@type\":\"Article\",\"@id\":\"https:\\\/\\\/ardigitalnoticias.com\\\/index.php\\\/2024\\\/09\\\/01\\\/tragico-accidente-de-transito-motociclista-pierde-la-vida-en-colision\\\/#article\",\"isPartOf\":{\"@id\":\"https:\\\/\\\/ardigitalnoticias.com\\\/index.php\\\/2024\\\/09\\\/01\\\/tragico-accidente-de-transito-motociclista-pierde-la-vida-en-colision\\\/\"},\"author\":{\"name\":\"Editor ArDigitalNoticias\",\"@id\":\"https:\\\/\\\/ardigitalnoticias.com\\\/#\\\/schema\\\/person\\\/759c8138ebc77e85adb1aa750003a751\"},\"headline\":\"TR\u00c1GICO ACCIDENTE DE TR\u00c1NSITO, MOTOCICLISTA PIERDE LA VIDA EN COLISI\u00d3N\",\"datePublished\":\"2024-09-01T15:01:29+00:00\",\"dateModified\":\"2024-09-01T15:01:30+00:00\",\"mainEntityOfPage\":{\"@id\":\"https:\\\/\\\/ardigitalnoticias.com\\\/index.php\\\/2024\\\/09\\\/01\\\/tragico-accidente-de-transito-motociclista-pierde-la-vida-en-colision\\\/\"},\"wordCount\":229,\"commentCount\":0,\"publisher\":{\"@id\":\"https:\\\/\\\/ardigitalnoticias.com\\\/#organization\"},\"image\":{\"@id\":\"https:\\\/\\\/ardigitalnoticias.com\\\/index.php\\\/2024\\\/09\\\/01\\\/tragico-accidente-de-transito-motociclista-pierde-la-vida-en-colision\\\/#primaryimage\"},\"thumbnailUrl\":\"https:\\\/\\\/ardigitalnoticias.com\\\/wp-content\\\/uploads\\\/2024\\\/09\\\/Photo_1725201933575.jpg\",\"articleSection\":[\"Actualidad\",\"Judicial\",\"Norte\",\"Regional\"],\"inLanguage\":\"es\",\"potentialAction\":[{\"@type\":\"CommentAction\",\"name\":\"Comment\",\"target\":[\"https:\\\/\\\/ardigitalnoticias.com\\\/index.php\\\/2024\\\/09\\\/01\\\/tragico-accidente-de-transito-motociclista-pierde-la-vida-en-colision\\\/#respond\"]}]},{\"@type\":\"WebPage\",\"@id\":\"https:\\\/\\\/ardigitalnoticias.com\\\/index.php\\\/2024\\\/09\\\/01\\\/tragico-accidente-de-transito-motociclista-pierde-la-vida-en-colision\\\/\",\"url\":\"https:\\\/\\\/ardigitalnoticias.com\\\/index.php\\\/2024\\\/09\\\/01\\\/tragico-accidente-de-transito-motociclista-pierde-la-vida-en-colision\\\/\",\"name\":\"TR\u00c1GICO ACCIDENTE DE TR\u00c1NSITO, MOTOCICLISTA PIERDE LA VIDA EN COLISI\u00d3N - AR Digital Noticias\",\"isPartOf\":{\"@id\":\"https:\\\/\\\/ardigitalnoticias.com\\\/#website\"},\"primaryImageOfPage\":{\"@id\":\"https:\\\/\\\/ardigitalnoticias.com\\\/index.php\\\/2024\\\/09\\\/01\\\/tragico-accidente-de-transito-motociclista-pierde-la-vida-en-colision\\\/#primaryimage\"},\"image\":{\"@id\":\"https:\\\/\\\/ardigitalnoticias.com\\\/index.php\\\/2024\\\/09\\\/01\\\/tragico-accidente-de-transito-motociclista-pierde-la-vida-en-colision\\\/#primaryimage\"},\"thumbnailUrl\":\"https:\\\/\\\/ardigitalnoticias.com\\\/wp-content\\\/uploads\\\/2024\\\/09\\\/Photo_1725201933575.jpg\",\"datePublished\":\"2024-09-01T15:01:29+00:00\",\"dateModified\":\"2024-09-01T15:01:30+00:00\",\"breadcrumb\":{\"@id\":\"https:\\\/\\\/ardigitalnoticias.com\\\/index.php\\\/2024\\\/09\\\/01\\\/tragico-accidente-de-transito-motociclista-pierde-la-vida-en-colision\\\/#breadcrumb\"},\"inLanguage\":\"es\",\"potentialAction\":[{\"@type\":\"ReadAction\",\"target\":[\"https:\\\/\\\/ardigitalnoticias.com\\\/index.php\\\/2024\\\/09\\\/01\\\/tragico-accidente-de-transito-motociclista-pierde-la-vida-en-colision\\\/\"]}]},{\"@type\":\"ImageObject\",\"inLanguage\":\"es\",\"@id\":\"https:\\\/\\\/ardigitalnoticias.com\\\/index.php\\\/2024\\\/09\\\/01\\\/tragico-accidente-de-transito-motociclista-pierde-la-vida-en-colision\\\/#primaryimage\",\"url\":\"https:\\\/\\\/ardigitalnoticias.com\\\/wp-content\\\/uploads\\\/2024\\\/09\\\/Photo_1725201933575.jpg\",\"contentUrl\":\"https:\\\/\\\/ardigitalnoticias.com\\\/wp-content\\\/uploads\\\/2024\\\/09\\\/Photo_1725201933575.jpg\",\"width\":1599,\"height\":899},{\"@type\":\"BreadcrumbList\",\"@id\":\"https:\\\/\\\/ardigitalnoticias.com\\\/index.php\\\/2024\\\/09\\\/01\\\/tragico-accidente-de-transito-motociclista-pierde-la-vida-en-colision\\\/#breadcrumb\",\"itemListElement\":[{\"@type\":\"ListItem\",\"position\":1,\"name\":\"Portada\",\"item\":\"https:\\\/\\\/ardigitalnoticias.com\\\/\"},{\"@type\":\"ListItem\",\"position\":2,\"name\":\"TR\u00c1GICO ACCIDENTE DE TR\u00c1NSITO, MOTOCICLISTA PIERDE LA VIDA EN COLISI\u00d3N\"}]},{\"@type\":\"WebSite\",\"@id\":\"https:\\\/\\\/ardigitalnoticias.com\\\/#website\",\"url\":\"https:\\\/\\\/ardigitalnoticias.com\\\/\",\"name\":\"AR Digital Noticias\",\"description\":\"\",\"publisher\":{\"@id\":\"https:\\\/\\\/ardigitalnoticias.com\\\/#organization\"},\"potentialAction\":[{\"@type\":\"SearchAction\",\"target\":{\"@type\":\"EntryPoint\",\"urlTemplate\":\"https:\\\/\\\/ardigitalnoticias.com\\\/?s={search_term_string}\"},\"query-input\":{\"@type\":\"PropertyValueSpecification\",\"valueRequired\":true,\"valueName\":\"search_term_string\"}}],\"inLanguage\":\"es\"},{\"@type\":\"Organization\",\"@id\":\"https:\\\/\\\/ardigitalnoticias.com\\\/#organization\",\"name\":\"AR Digital Noticias\",\"url\":\"https:\\\/\\\/ardigitalnoticias.com\\\/\",\"logo\":{\"@type\":\"ImageObject\",\"inLanguage\":\"es\",\"@id\":\"https:\\\/\\\/ardigitalnoticias.com\\\/#\\\/schema\\\/logo\\\/image\\\/\",\"url\":\"https:\\\/\\\/ardigitalnoticias.com\\\/wp-content\\\/uploads\\\/2023\\\/11\\\/cropped-cropped-cropped-cropped-AR-Digital-Noticias-1.png\",\"contentUrl\":\"https:\\\/\\\/ardigitalnoticias.com\\\/wp-content\\\/uploads\\\/2023\\\/11\\\/cropped-cropped-cropped-cropped-AR-Digital-Noticias-1.png\",\"width\":972,\"height\":306,\"caption\":\"AR Digital Noticias\"},\"image\":{\"@id\":\"https:\\\/\\\/ardigitalnoticias.com\\\/#\\\/schema\\\/logo\\\/image\\\/\"}},{\"@type\":\"Person\",\"@id\":\"https:\\\/\\\/ardigitalnoticias.com\\\/#\\\/schema\\\/person\\\/759c8138ebc77e85adb1aa750003a751\",\"name\":\"Editor ArDigitalNoticias\",\"image\":{\"@type\":\"ImageObject\",\"inLanguage\":\"es\",\"@id\":\"https:\\\/\\\/secure.gravatar.com\\\/avatar\\\/2c7f3656ea34567ef10422f22f4395b6cc422854a0b986ba788597ac36902f93?s=96&d=mm&r=g\",\"url\":\"https:\\\/\\\/secure.gravatar.com\\\/avatar\\\/2c7f3656ea34567ef10422f22f4395b6cc422854a0b986ba788597ac36902f93?s=96&d=mm&r=g\",\"contentUrl\":\"https:\\\/\\\/secure.gravatar.com\\\/avatar\\\/2c7f3656ea34567ef10422f22f4395b6cc422854a0b986ba788597ac36902f93?s=96&d=mm&r=g\",\"caption\":\"Editor ArDigitalNoticias\"},\"sameAs\":[\"http:\\\/\\\/ardigitalnoticias.com\"],\"url\":\"https:\\\/\\\/ardigitalnoticias.com\\\/index.php\\\/author\\\/editor\\\/\"}]}<\/script>\n<!-- \/ Yoast SEO plugin. -->","yoast_head_json":{"title":"TR\u00c1GICO ACCIDENTE DE TR\u00c1NSITO, MOTOCICLISTA PIERDE LA VIDA EN COLISI\u00d3N - AR Digital Noticias","robots":{"index":"index","follow":"follow","max-snippet":"max-snippet:-1","max-image-preview":"max-image-preview:large","max-video-preview":"max-video-preview:-1"},"canonical":"https:\/\/ardigitalnoticias.com\/index.php\/2024\/09\/01\/tragico-accidente-de-transito-motociclista-pierde-la-vida-en-colision\/","og_locale":"es_ES","og_type":"article","og_title":"TR\u00c1GICO ACCIDENTE DE TR\u00c1NSITO, MOTOCICLISTA PIERDE LA VIDA EN COLISI\u00d3N - AR Digital Noticias","og_description":"Un lamentable accidente de tr\u00e1nsito cobr\u00f3 la vida de Andr\u00e9s Barrios, un hombre que se desplazaba en motocicleta en la noche del s\u00e1bado. POR: ANDR\u00c9S RODR\u00cdGUEZ. El accidente tuvo lugar en el barrio Villa Constanza, ubicado en la salida de Neiva hacia Bogot\u00e1, una zona conocida por su alto flujo vehicular. Seg\u00fan informes preliminares, Barrios, [&hellip;]","og_url":"https:\/\/ardigitalnoticias.com\/index.php\/2024\/09\/01\/tragico-accidente-de-transito-motociclista-pierde-la-vida-en-colision\/","og_site_name":"AR Digital Noticias","article_published_time":"2024-09-01T15:01:29+00:00","article_modified_time":"2024-09-01T15:01:30+00:00","og_image":[{"width":1599,"height":899,"url":"https:\/\/ardigitalnoticias.com\/wp-content\/uploads\/2024\/09\/Photo_1725201933575.jpg","type":"image\/jpeg"}],"author":"Editor ArDigitalNoticias","twitter_card":"summary_large_image","twitter_misc":{"Escrito por":"Editor ArDigitalNoticias","Tiempo de lectura":"2 minutos"},"schema":{"@context":"https:\/\/schema.org","@graph":[{"@type":"Article","@id":"https:\/\/ardigitalnoticias.com\/index.php\/2024\/09\/01\/tragico-accidente-de-transito-motociclista-pierde-la-vida-en-colision\/#article","isPartOf":{"@id":"https:\/\/ardigitalnoticias.com\/index.php\/2024\/09\/01\/tragico-accidente-de-transito-motociclista-pierde-la-vida-en-colision\/"},"author":{"name":"Editor ArDigitalNoticias","@id":"https:\/\/ardigitalnoticias.com\/#\/schema\/person\/759c8138ebc77e85adb1aa750003a751"},"headline":"TR\u00c1GICO ACCIDENTE DE TR\u00c1NSITO, MOTOCICLISTA PIERDE LA VIDA EN COLISI\u00d3N","datePublished":"2024-09-01T15:01:29+00:00","dateModified":"2024-09-01T15:01:30+00:00","mainEntityOfPage":{"@id":"https:\/\/ardigitalnoticias.com\/index.php\/2024\/09\/01\/tragico-accidente-de-transito-motociclista-pierde-la-vida-en-colision\/"},"wordCount":229,"commentCount":0,"publisher":{"@id":"https:\/\/ardigitalnoticias.com\/#organization"},"image":{"@id":"https:\/\/ardigitalnoticias.com\/index.php\/2024\/09\/01\/tragico-accidente-de-transito-motociclista-pierde-la-vida-en-colision\/#primaryimage"},"thumbnailUrl":"https:\/\/ardigitalnoticias.com\/wp-content\/uploads\/2024\/09\/Photo_1725201933575.jpg","articleSection":["Actualidad","Judicial","Norte","Regional"],"inLanguage":"es","potentialAction":[{"@type":"CommentAction","name":"Comment","target":["https:\/\/ardigitalnoticias.com\/index.php\/2024\/09\/01\/tragico-accidente-de-transito-motociclista-pierde-la-vida-en-colision\/#respond"]}]},{"@type":"WebPage","@id":"https:\/\/ardigitalnoticias.com\/index.php\/2024\/09\/01\/tragico-accidente-de-transito-motociclista-pierde-la-vida-en-colision\/","url":"https:\/\/ardigitalnoticias.com\/index.php\/2024\/09\/01\/tragico-accidente-de-transito-motociclista-pierde-la-vida-en-colision\/","name":"TR\u00c1GICO ACCIDENTE DE TR\u00c1NSITO, MOTOCICLISTA PIERDE LA VIDA EN COLISI\u00d3N - AR Digital Noticias","isPartOf":{"@id":"https:\/\/ardigitalnoticias.com\/#website"},"primaryImageOfPage":{"@id":"https:\/\/ardigitalnoticias.com\/index.php\/2024\/09\/01\/tragico-accidente-de-transito-motociclista-pierde-la-vida-en-colision\/#primaryimage"},"image":{"@id":"https:\/\/ardigitalnoticias.com\/index.php\/2024\/09\/01\/tragico-accidente-de-transito-motociclista-pierde-la-vida-en-colision\/#primaryimage"},"thumbnailUrl":"https:\/\/ardigitalnoticias.com\/wp-content\/uploads\/2024\/09\/Photo_1725201933575.jpg","datePublished":"2024-09-01T15:01:29+00:00","dateModified":"2024-09-01T15:01:30+00:00","breadcrumb":{"@id":"https:\/\/ardigitalnoticias.com\/index.php\/2024\/09\/01\/tragico-accidente-de-transito-motociclista-pierde-la-vida-en-colision\/#breadcrumb"},"inLanguage":"es","potentialAction":[{"@type":"ReadAction","target":["https:\/\/ardigitalnoticias.com\/index.php\/2024\/09\/01\/tragico-accidente-de-transito-motociclista-pierde-la-vida-en-colision\/"]}]},{"@type":"ImageObject","inLanguage":"es","@id":"https:\/\/ardigitalnoticias.com\/index.php\/2024\/09\/01\/tragico-accidente-de-transito-motociclista-pierde-la-vida-en-colision\/#primaryimage","url":"https:\/\/ardigitalnoticias.com\/wp-content\/uploads\/2024\/09\/Photo_1725201933575.jpg","contentUrl":"https:\/\/ardigitalnoticias.com\/wp-content\/uploads\/2024\/09\/Photo_1725201933575.jpg","width":1599,"height":899},{"@type":"BreadcrumbList","@id":"https:\/\/ardigitalnoticias.com\/index.php\/2024\/09\/01\/tragico-accidente-de-transito-motociclista-pierde-la-vida-en-colision\/#breadcrumb","itemListElement":[{"@type":"ListItem","position":1,"name":"Portada","item":"https:\/\/ardigitalnoticias.com\/"},{"@type":"ListItem","position":2,"name":"TR\u00c1GICO ACCIDENTE DE TR\u00c1NSITO, MOTOCICLISTA PIERDE LA VIDA EN COLISI\u00d3N"}]},{"@type":"WebSite","@id":"https:\/\/ardigitalnoticias.com\/#website","url":"https:\/\/ardigitalnoticias.com\/","name":"AR Digital Noticias","description":"","publisher":{"@id":"https:\/\/ardigitalnoticias.com\/#organization"},"potentialAction":[{"@type":"SearchAction","target":{"@type":"EntryPoint","urlTemplate":"https:\/\/ardigitalnoticias.com\/?s={search_term_string}"},"query-input":{"@type":"PropertyValueSpecification","valueRequired":true,"valueName":"search_term_string"}}],"inLanguage":"es"},{"@type":"Organization","@id":"https:\/\/ardigitalnoticias.com\/#organization","name":"AR Digital Noticias","url":"https:\/\/ardigitalnoticias.com\/","logo":{"@type":"ImageObject","inLanguage":"es","@id":"https:\/\/ardigitalnoticias.com\/#\/schema\/logo\/image\/","url":"https:\/\/ardigitalnoticias.com\/wp-content\/uploads\/2023\/11\/cropped-cropped-cropped-cropped-AR-Digital-Noticias-1.png","contentUrl":"https:\/\/ardigitalnoticias.com\/wp-content\/uploads\/2023\/11\/cropped-cropped-cropped-cropped-AR-Digital-Noticias-1.png","width":972,"height":306,"caption":"AR Digital Noticias"},"image":{"@id":"https:\/\/ardigitalnoticias.com\/#\/schema\/logo\/image\/"}},{"@type":"Person","@id":"https:\/\/ardigitalnoticias.com\/#\/schema\/person\/759c8138ebc77e85adb1aa750003a751","name":"Editor ArDigitalNoticias","image":{"@type":"ImageObject","inLanguage":"es","@id":"https:\/\/secure.gravatar.com\/avatar\/2c7f3656ea34567ef10422f22f4395b6cc422854a0b986ba788597ac36902f93?s=96&d=mm&r=g","url":"https:\/\/secure.gravatar.com\/avatar\/2c7f3656ea34567ef10422f22f4395b6cc422854a0b986ba788597ac36902f93?s=96&d=mm&r=g","contentUrl":"https:\/\/secure.gravatar.com\/avatar\/2c7f3656ea34567ef10422f22f4395b6cc422854a0b986ba788597ac36902f93?s=96&d=mm&r=g","caption":"Editor ArDigitalNoticias"},"sameAs":["http:\/\/ardigitalnoticias.com"],"url":"https:\/\/ardigitalnoticias.com\/index.php\/author\/editor\/"}]}},"_links":{"self":[{"href":"https:\/\/ardigitalnoticias.com\/index.php\/wp-json\/wp\/v2\/posts\/5285","targetHints":{"allow":["GET"]}}],"collection":[{"href":"https:\/\/ardigitalnoticias.com\/index.php\/wp-json\/wp\/v2\/posts"}],"about":[{"href":"https:\/\/ardigitalnoticias.com\/index.php\/wp-json\/wp\/v2\/types\/post"}],"author":[{"embeddable":true,"href":"https:\/\/ardigitalnoticias.com\/index.php\/wp-json\/wp\/v2\/users\/3"}],"replies":[{"embeddable":true,"href":"https:\/\/ardigitalnoticias.com\/index.php\/wp-json\/wp\/v2\/comments?post=5285"}],"version-history":[{"count":1,"href":"https:\/\/ardigitalnoticias.com\/index.php\/wp-json\/wp\/v2\/posts\/5285\/revisions"}],"predecessor-version":[{"id":5292,"href":"https:\/\/ardigitalnoticias.com\/index.php\/wp-json\/wp\/v2\/posts\/5285\/revisions\/5292"}],"wp:featuredmedia":[{"embeddable":true,"href":"https:\/\/ardigitalnoticias.com\/index.php\/wp-json\/wp\/v2\/media\/5291"}],"wp:attachment":[{"href":"https:\/\/ardigitalnoticias.com\/index.php\/wp-json\/wp\/v2\/media?parent=5285"}],"wp:term":[{"taxonomy":"category","embeddable":true,"href":"https:\/\/ardigitalnoticias.com\/index.php\/wp-json\/wp\/v2\/categories?post=5285"},{"taxonomy":"post_tag","embeddable":true,"href":"https:\/\/ardigitalnoticias.com\/index.php\/wp-json\/wp\/v2\/tags?post=5285"}],"curies":[{"name":"wp","href":"https:\/\/api.w.org\/{rel}","templated":true}]}}