{"id":5268,"date":"2024-08-31T14:42:56","date_gmt":"2024-08-31T19:42:56","guid":{"rendered":"https:\/\/ardigitalnoticias.com\/?p=5268"},"modified":"2024-08-31T14:42:57","modified_gmt":"2024-08-31T19:42:57","slug":"nuevas-designaciones-fortalecen-el-gabinete-departamental-del-huila","status":"publish","type":"post","link":"https:\/\/ardigitalnoticias.com\/index.php\/2024\/08\/31\/nuevas-designaciones-fortalecen-el-gabinete-departamental-del-huila\/","title":{"rendered":"NUEVAS DESIGNACIONES FORTALECEN EL GABINETE DEPARTAMENTAL DEL HUILA"},"content":{"rendered":"\n<p>El gobernador del Huila, Rodrigo Villalba Mosquera, oficializ\u00f3 una serie de ajustes significativos en su equipo de gobierno con el prop\u00f3sito de reforzar la gesti\u00f3n del departamento bajo la visi\u00f3n de \u00abHuila Grande\u00bb.<\/p>\n\n\n\n<p><strong>POR: ANDR\u00c9S RODR\u00cdGUEZ. <\/strong><\/p>\n\n\n<div class=\"wp-block-image\">\n<figure class=\"aligncenter size-large\"><img loading=\"lazy\" decoding=\"async\" width=\"1024\" height=\"292\" src=\"https:\/\/ardigitalnoticias.com\/wp-content\/uploads\/2024\/08\/InShot_20240831_144027761-1024x292.jpg\" alt=\"\" class=\"wp-image-5276\" srcset=\"https:\/\/ardigitalnoticias.com\/wp-content\/uploads\/2024\/08\/InShot_20240831_144027761-1024x292.jpg 1024w, https:\/\/ardigitalnoticias.com\/wp-content\/uploads\/2024\/08\/InShot_20240831_144027761-300x86.jpg 300w, https:\/\/ardigitalnoticias.com\/wp-content\/uploads\/2024\/08\/InShot_20240831_144027761-768x219.jpg 768w, https:\/\/ardigitalnoticias.com\/wp-content\/uploads\/2024\/08\/InShot_20240831_144027761-1536x438.jpg 1536w, https:\/\/ardigitalnoticias.com\/wp-content\/uploads\/2024\/08\/InShot_20240831_144027761-2048x584.jpg 2048w, https:\/\/ardigitalnoticias.com\/wp-content\/uploads\/2024\/08\/InShot_20240831_144027761-150x43.jpg 150w, https:\/\/ardigitalnoticias.com\/wp-content\/uploads\/2024\/08\/InShot_20240831_144027761-696x198.jpg 696w, https:\/\/ardigitalnoticias.com\/wp-content\/uploads\/2024\/08\/InShot_20240831_144027761-1068x305.jpg 1068w, https:\/\/ardigitalnoticias.com\/wp-content\/uploads\/2024\/08\/InShot_20240831_144027761-1920x548.jpg 1920w\" sizes=\"auto, (max-width: 1024px) 100vw, 1024px\" \/><\/figure>\n<\/div>\n\n\n<p>Estos cambios, que afectaron a cuatro Secretar\u00edas y una Direcci\u00f3n, se hicieron efectivos mediante el Decreto 336 de 2024 y buscaron integrar a profesionales huilenses con destacadas trayectorias en el sector p\u00fablico.<\/p>\n\n\n\n<p>El Secretariado de Gobierno, Asuntos Comunitarios y Seguridad, fue asumido por Juan Carlos Casallas Rivas, natural de Yaguar\u00e1.<\/p>\n\n\n<div class=\"wp-block-image\">\n<figure class=\"aligncenter size-large is-resized\"><img loading=\"lazy\" decoding=\"async\" width=\"682\" height=\"1024\" src=\"https:\/\/ardigitalnoticias.com\/wp-content\/uploads\/2024\/08\/IMG-20240831-WA0548-682x1024.jpg\" alt=\"\" class=\"wp-image-5273\" style=\"width:396px;height:auto\" srcset=\"https:\/\/ardigitalnoticias.com\/wp-content\/uploads\/2024\/08\/IMG-20240831-WA0548-682x1024.jpg 682w, https:\/\/ardigitalnoticias.com\/wp-content\/uploads\/2024\/08\/IMG-20240831-WA0548-200x300.jpg 200w, https:\/\/ardigitalnoticias.com\/wp-content\/uploads\/2024\/08\/IMG-20240831-WA0548-768x1153.jpg 768w, https:\/\/ardigitalnoticias.com\/wp-content\/uploads\/2024\/08\/IMG-20240831-WA0548-1023x1536.jpg 1023w, https:\/\/ardigitalnoticias.com\/wp-content\/uploads\/2024\/08\/IMG-20240831-WA0548-150x225.jpg 150w, https:\/\/ardigitalnoticias.com\/wp-content\/uploads\/2024\/08\/IMG-20240831-WA0548-300x450.jpg 300w, https:\/\/ardigitalnoticias.com\/wp-content\/uploads\/2024\/08\/IMG-20240831-WA0548-696x1045.jpg 696w, https:\/\/ardigitalnoticias.com\/wp-content\/uploads\/2024\/08\/IMG-20240831-WA0548.jpg 1066w\" sizes=\"auto, (max-width: 682px) 100vw, 682px\" \/><figcaption class=\"wp-element-caption\"><strong>Secretario de Gobierno, Asuntos Comunitarios y Seguridad, Juan Carlos Casallas Rivas<\/strong><\/figcaption><\/figure>\n<\/div>\n\n\n<p>Casallas, abogado con especializaci\u00f3n en Derecho Administrativo y Contrataci\u00f3n Estatal, adem\u00e1s de contar con una maestr\u00eda en Derecho P\u00fablico, posee una amplia experiencia en el sector estatal. Se ha desempe\u00f1ado como Director del Departamento Administrativo de Contrataci\u00f3n de la Gobernaci\u00f3n del Huila, ha sido funcionario del Tribunal Superior del Distrito Judicial de Neiva y tambi\u00e9n ha ocupado la Alcald\u00eda de Yaguar\u00e1.<\/p>\n\n\n\n<p>En la Secretar\u00eda de Hacienda, el nombramiento recay\u00f3 en Diana Patricia Sierra S\u00e1nchez, oriunda de Garz\u00f3n y Contadora P\u00fablica de profesi\u00f3n.<\/p>\n\n\n<div class=\"wp-block-image\">\n<figure class=\"aligncenter size-large\"><img loading=\"lazy\" decoding=\"async\" width=\"711\" height=\"1024\" src=\"https:\/\/ardigitalnoticias.com\/wp-content\/uploads\/2024\/08\/IMG-20240831-WA0551-1-711x1024.jpg\" alt=\"\" class=\"wp-image-5274\" srcset=\"https:\/\/ardigitalnoticias.com\/wp-content\/uploads\/2024\/08\/IMG-20240831-WA0551-1-711x1024.jpg 711w, https:\/\/ardigitalnoticias.com\/wp-content\/uploads\/2024\/08\/IMG-20240831-WA0551-1-208x300.jpg 208w, https:\/\/ardigitalnoticias.com\/wp-content\/uploads\/2024\/08\/IMG-20240831-WA0551-1-768x1105.jpg 768w, https:\/\/ardigitalnoticias.com\/wp-content\/uploads\/2024\/08\/IMG-20240831-WA0551-1-150x216.jpg 150w, https:\/\/ardigitalnoticias.com\/wp-content\/uploads\/2024\/08\/IMG-20240831-WA0551-1-300x432.jpg 300w, https:\/\/ardigitalnoticias.com\/wp-content\/uploads\/2024\/08\/IMG-20240831-WA0551-1-696x1002.jpg 696w, https:\/\/ardigitalnoticias.com\/wp-content\/uploads\/2024\/08\/IMG-20240831-WA0551-1.jpg 792w\" sizes=\"auto, (max-width: 711px) 100vw, 711px\" \/><figcaption class=\"wp-element-caption\"><strong>Secretar\u00eda de Hacienda, Diana Patricia Sierra S\u00e1nchez<\/strong><\/figcaption><\/figure>\n<\/div>\n\n\n<p>Sierra ha ejercido en dos ocasiones como Secretaria de Hacienda del municipio de Garz\u00f3n y ha sido asesora contable y de presupuesto en varios municipios del Huila. Su trayectoria en la Gobernaci\u00f3n del Huila incluye roles en la parte financiera del Inderhuila, la Secretar\u00eda de Educaci\u00f3n y la Direcci\u00f3n del Departamento Administrativo de Contrataci\u00f3n.<\/p>\n\n\n\n<p>El Secretariado de Educaci\u00f3n qued\u00f3 bajo la direcci\u00f3n de Edgar Mart\u00edn Lara, ingeniero civil nacido en San Agust\u00edn.<\/p>\n\n\n<div class=\"wp-block-image\">\n<figure class=\"aligncenter size-large\"><img loading=\"lazy\" decoding=\"async\" width=\"682\" height=\"1024\" src=\"https:\/\/ardigitalnoticias.com\/wp-content\/uploads\/2024\/08\/IMG-20240831-WA0552-682x1024.jpg\" alt=\"\" class=\"wp-image-5272\" srcset=\"https:\/\/ardigitalnoticias.com\/wp-content\/uploads\/2024\/08\/IMG-20240831-WA0552-682x1024.jpg 682w, https:\/\/ardigitalnoticias.com\/wp-content\/uploads\/2024\/08\/IMG-20240831-WA0552-200x300.jpg 200w, https:\/\/ardigitalnoticias.com\/wp-content\/uploads\/2024\/08\/IMG-20240831-WA0552-768x1153.jpg 768w, https:\/\/ardigitalnoticias.com\/wp-content\/uploads\/2024\/08\/IMG-20240831-WA0552-1023x1536.jpg 1023w, https:\/\/ardigitalnoticias.com\/wp-content\/uploads\/2024\/08\/IMG-20240831-WA0552-150x225.jpg 150w, https:\/\/ardigitalnoticias.com\/wp-content\/uploads\/2024\/08\/IMG-20240831-WA0552-300x450.jpg 300w, https:\/\/ardigitalnoticias.com\/wp-content\/uploads\/2024\/08\/IMG-20240831-WA0552-696x1045.jpg 696w, https:\/\/ardigitalnoticias.com\/wp-content\/uploads\/2024\/08\/IMG-20240831-WA0552.jpg 1066w\" sizes=\"auto, (max-width: 682px) 100vw, 682px\" \/><figcaption class=\"wp-element-caption\"><strong>Secretario de Educaci\u00f3n, Edgar Mart\u00edn Lara<\/strong><\/figcaption><\/figure>\n<\/div>\n\n\n<p>Lara, quien tiene una especializaci\u00f3n en Administraci\u00f3n Financiera y Derecho Ambiental, as\u00ed como una maestr\u00eda en Administraci\u00f3n de Empresas, cuenta con una vasta experiencia en la gesti\u00f3n p\u00fablica. Ha sido Secretario de Gobierno del Huila, Alcalde de San Agust\u00edn, Jefe de Planeaci\u00f3n y Subgerente Administrativo y Financiero de la Electrificadora del Huila. Adem\u00e1s, ha sido instructor del SENA y docente en pol\u00edticas p\u00fablicas de la ESAP.<\/p>\n\n\n\n<p>Por su parte, Jorge Andr\u00e9s G\u00e9chem Artunduaga, fue designado como el nuevo Secretario de Desarrollo Econ\u00f3mico y Turismo.<\/p>\n\n\n<div class=\"wp-block-image\">\n<figure class=\"aligncenter size-full\"><img loading=\"lazy\" decoding=\"async\" width=\"591\" height=\"827\" src=\"https:\/\/ardigitalnoticias.com\/wp-content\/uploads\/2024\/08\/IMG-20240831-WA0554.jpg\" alt=\"\" class=\"wp-image-5269\" srcset=\"https:\/\/ardigitalnoticias.com\/wp-content\/uploads\/2024\/08\/IMG-20240831-WA0554.jpg 591w, https:\/\/ardigitalnoticias.com\/wp-content\/uploads\/2024\/08\/IMG-20240831-WA0554-214x300.jpg 214w, https:\/\/ardigitalnoticias.com\/wp-content\/uploads\/2024\/08\/IMG-20240831-WA0554-150x210.jpg 150w, https:\/\/ardigitalnoticias.com\/wp-content\/uploads\/2024\/08\/IMG-20240831-WA0554-300x420.jpg 300w\" sizes=\"auto, (max-width: 591px) 100vw, 591px\" \/><figcaption class=\"wp-element-caption\"><strong>Secretario de Desarrollo Econ\u00f3mico y Turismo, Jorge Andr\u00e9s G\u00e9chem Artunduaga<\/strong><\/figcaption><\/figure>\n<\/div>\n\n\n<p>G\u00e9chem, polit\u00f3logo y abogado con maestr\u00eda en Derecho P\u00fablico, ha ocupado cargos como asesor jur\u00eddico en la Electrificadora del Huila y en Coomotor, adem\u00e1s de haber sido Diputado del Huila y Jefe de la Oficina de Paz y Derechos Humanos. Ha sido un actor clave en la creaci\u00f3n de pol\u00edticas p\u00fablicas, incluyendo la ordenanza que dio origen al festival gastron\u00f3mico Gastrofest-Opita.<\/p>\n\n\n\n<p>Finalmente, la Oficina para la Gesti\u00f3n del Riesgo de Desastres ser\u00e1 dirigida por Isabel Hern\u00e1ndez \u00c1vila, una enfermera originaria de El Hobo con m\u00e1s de dos d\u00e9cadas de experiencia en el sector.<\/p>\n\n\n<div class=\"wp-block-image\">\n<figure class=\"aligncenter size-full is-resized\"><img loading=\"lazy\" decoding=\"async\" width=\"564\" height=\"844\" src=\"https:\/\/ardigitalnoticias.com\/wp-content\/uploads\/2024\/08\/IMG-20240831-WA0557.jpg\" alt=\"\" class=\"wp-image-5270\" style=\"width:396px;height:auto\" srcset=\"https:\/\/ardigitalnoticias.com\/wp-content\/uploads\/2024\/08\/IMG-20240831-WA0557.jpg 564w, https:\/\/ardigitalnoticias.com\/wp-content\/uploads\/2024\/08\/IMG-20240831-WA0557-200x300.jpg 200w, https:\/\/ardigitalnoticias.com\/wp-content\/uploads\/2024\/08\/IMG-20240831-WA0557-150x224.jpg 150w, https:\/\/ardigitalnoticias.com\/wp-content\/uploads\/2024\/08\/IMG-20240831-WA0557-300x449.jpg 300w\" sizes=\"auto, (max-width: 564px) 100vw, 564px\" \/><figcaption class=\"wp-element-caption\"><strong>Directora Oficina para la Gesti\u00f3n del Riesgo de Desastres, Isabel Hern\u00e1ndez \u00c1vila<\/strong><\/figcaption><\/figure>\n<\/div>\n\n\n<p>Hern\u00e1ndez ha sido reconocida por sus contribuciones al Sistema de Gesti\u00f3n del Riesgo y a los Organismos de Socorro en el Huila, y cuenta con el respaldo de entidades como la Unidad Nacional de Gesti\u00f3n del Riesgo y la Universidad Surcolombiana.<\/p>\n\n\n\n<p>Estos nuevos nombramientos evidenciaron el firme compromiso del Gobierno Departamental por fomentar un desarrollo integral y sostenible en la regi\u00f3n, al integrar a l\u00edderes de diversas localidades del Huila, en sinton\u00eda con la visi\u00f3n de un \u00abHuila Grande\u00bb.<\/p>\n","protected":false},"excerpt":{"rendered":"<p>El gobernador del Huila, Rodrigo Villalba Mosquera, oficializ\u00f3 una serie de ajustes significativos en su equipo de gobierno con el prop\u00f3sito de reforzar la gesti\u00f3n del departamento bajo la visi\u00f3n de \u00abHuila Grande\u00bb. POR: ANDR\u00c9S RODR\u00cdGUEZ. Estos cambios, que afectaron a cuatro Secretar\u00edas y una Direcci\u00f3n, se hicieron efectivos mediante el Decreto 336 de 2024 [&hellip;]<\/p>\n","protected":false},"author":3,"featured_media":5277,"comment_status":"open","ping_status":"open","sticky":false,"template":"","format":"standard","meta":{"_acf_changed":false,"_joinchat":[],"footnotes":""},"categories":[1,24,19],"tags":[],"class_list":{"0":"post-5268","1":"post","2":"type-post","3":"status-publish","4":"format-standard","5":"has-post-thumbnail","7":"category-actualidad","8":"category-politica","9":"category-regional"},"acf":[],"yoast_head":"<!-- This site is optimized with the Yoast SEO plugin v27.5 - https:\/\/yoast.com\/product\/yoast-seo-wordpress\/ -->\n<title>NUEVAS DESIGNACIONES FORTALECEN EL GABINETE DEPARTAMENTAL DEL HUILA - AR Digital Noticias<\/title>\n<meta name=\"robots\" content=\"index, follow, max-snippet:-1, max-image-preview:large, max-video-preview:-1\" \/>\n<link rel=\"canonical\" href=\"https:\/\/ardigitalnoticias.com\/index.php\/2024\/08\/31\/nuevas-designaciones-fortalecen-el-gabinete-departamental-del-huila\/\" \/>\n<meta property=\"og:locale\" content=\"es_ES\" \/>\n<meta property=\"og:type\" content=\"article\" \/>\n<meta property=\"og:title\" content=\"NUEVAS DESIGNACIONES FORTALECEN EL GABINETE DEPARTAMENTAL DEL HUILA - AR Digital Noticias\" \/>\n<meta property=\"og:description\" content=\"El gobernador del Huila, Rodrigo Villalba Mosquera, oficializ\u00f3 una serie de ajustes significativos en su equipo de gobierno con el prop\u00f3sito de reforzar la gesti\u00f3n del departamento bajo la visi\u00f3n de \u00abHuila Grande\u00bb. POR: ANDR\u00c9S RODR\u00cdGUEZ. Estos cambios, que afectaron a cuatro Secretar\u00edas y una Direcci\u00f3n, se hicieron efectivos mediante el Decreto 336 de 2024 [&hellip;]\" \/>\n<meta property=\"og:url\" content=\"https:\/\/ardigitalnoticias.com\/index.php\/2024\/08\/31\/nuevas-designaciones-fortalecen-el-gabinete-departamental-del-huila\/\" \/>\n<meta property=\"og:site_name\" content=\"AR Digital Noticias\" \/>\n<meta property=\"article:published_time\" content=\"2024-08-31T19:42:56+00:00\" \/>\n<meta property=\"article:modified_time\" content=\"2024-08-31T19:42:57+00:00\" \/>\n<meta property=\"og:image\" content=\"https:\/\/ardigitalnoticias.com\/wp-content\/uploads\/2024\/08\/InShot_20240831_142738337-scaled.jpg\" \/>\n\t<meta property=\"og:image:width\" content=\"2560\" \/>\n\t<meta property=\"og:image:height\" content=\"1439\" \/>\n\t<meta property=\"og:image:type\" content=\"image\/jpeg\" \/>\n<meta name=\"author\" content=\"Editor ArDigitalNoticias\" \/>\n<meta name=\"twitter:card\" content=\"summary_large_image\" \/>\n<meta name=\"twitter:label1\" content=\"Escrito por\" \/>\n\t<meta name=\"twitter:data1\" content=\"Editor ArDigitalNoticias\" \/>\n\t<meta name=\"twitter:label2\" content=\"Tiempo de lectura\" \/>\n\t<meta name=\"twitter:data2\" content=\"4 minutos\" \/>\n<script type=\"application\/ld+json\" class=\"yoast-schema-graph\">{\"@context\":\"https:\\\/\\\/schema.org\",\"@graph\":[{\"@type\":\"Article\",\"@id\":\"https:\\\/\\\/ardigitalnoticias.com\\\/index.php\\\/2024\\\/08\\\/31\\\/nuevas-designaciones-fortalecen-el-gabinete-departamental-del-huila\\\/#article\",\"isPartOf\":{\"@id\":\"https:\\\/\\\/ardigitalnoticias.com\\\/index.php\\\/2024\\\/08\\\/31\\\/nuevas-designaciones-fortalecen-el-gabinete-departamental-del-huila\\\/\"},\"author\":{\"name\":\"Editor ArDigitalNoticias\",\"@id\":\"https:\\\/\\\/ardigitalnoticias.com\\\/#\\\/schema\\\/person\\\/759c8138ebc77e85adb1aa750003a751\"},\"headline\":\"NUEVAS DESIGNACIONES FORTALECEN EL GABINETE DEPARTAMENTAL DEL HUILA\",\"datePublished\":\"2024-08-31T19:42:56+00:00\",\"dateModified\":\"2024-08-31T19:42:57+00:00\",\"mainEntityOfPage\":{\"@id\":\"https:\\\/\\\/ardigitalnoticias.com\\\/index.php\\\/2024\\\/08\\\/31\\\/nuevas-designaciones-fortalecen-el-gabinete-departamental-del-huila\\\/\"},\"wordCount\":625,\"commentCount\":0,\"publisher\":{\"@id\":\"https:\\\/\\\/ardigitalnoticias.com\\\/#organization\"},\"image\":{\"@id\":\"https:\\\/\\\/ardigitalnoticias.com\\\/index.php\\\/2024\\\/08\\\/31\\\/nuevas-designaciones-fortalecen-el-gabinete-departamental-del-huila\\\/#primaryimage\"},\"thumbnailUrl\":\"https:\\\/\\\/ardigitalnoticias.com\\\/wp-content\\\/uploads\\\/2024\\\/08\\\/InShot_20240831_142738337-scaled.jpg\",\"articleSection\":[\"Actualidad\",\"Pol\u00edtica\",\"Regional\"],\"inLanguage\":\"es\",\"potentialAction\":[{\"@type\":\"CommentAction\",\"name\":\"Comment\",\"target\":[\"https:\\\/\\\/ardigitalnoticias.com\\\/index.php\\\/2024\\\/08\\\/31\\\/nuevas-designaciones-fortalecen-el-gabinete-departamental-del-huila\\\/#respond\"]}]},{\"@type\":\"WebPage\",\"@id\":\"https:\\\/\\\/ardigitalnoticias.com\\\/index.php\\\/2024\\\/08\\\/31\\\/nuevas-designaciones-fortalecen-el-gabinete-departamental-del-huila\\\/\",\"url\":\"https:\\\/\\\/ardigitalnoticias.com\\\/index.php\\\/2024\\\/08\\\/31\\\/nuevas-designaciones-fortalecen-el-gabinete-departamental-del-huila\\\/\",\"name\":\"NUEVAS DESIGNACIONES FORTALECEN EL GABINETE DEPARTAMENTAL DEL HUILA - AR Digital Noticias\",\"isPartOf\":{\"@id\":\"https:\\\/\\\/ardigitalnoticias.com\\\/#website\"},\"primaryImageOfPage\":{\"@id\":\"https:\\\/\\\/ardigitalnoticias.com\\\/index.php\\\/2024\\\/08\\\/31\\\/nuevas-designaciones-fortalecen-el-gabinete-departamental-del-huila\\\/#primaryimage\"},\"image\":{\"@id\":\"https:\\\/\\\/ardigitalnoticias.com\\\/index.php\\\/2024\\\/08\\\/31\\\/nuevas-designaciones-fortalecen-el-gabinete-departamental-del-huila\\\/#primaryimage\"},\"thumbnailUrl\":\"https:\\\/\\\/ardigitalnoticias.com\\\/wp-content\\\/uploads\\\/2024\\\/08\\\/InShot_20240831_142738337-scaled.jpg\",\"datePublished\":\"2024-08-31T19:42:56+00:00\",\"dateModified\":\"2024-08-31T19:42:57+00:00\",\"breadcrumb\":{\"@id\":\"https:\\\/\\\/ardigitalnoticias.com\\\/index.php\\\/2024\\\/08\\\/31\\\/nuevas-designaciones-fortalecen-el-gabinete-departamental-del-huila\\\/#breadcrumb\"},\"inLanguage\":\"es\",\"potentialAction\":[{\"@type\":\"ReadAction\",\"target\":[\"https:\\\/\\\/ardigitalnoticias.com\\\/index.php\\\/2024\\\/08\\\/31\\\/nuevas-designaciones-fortalecen-el-gabinete-departamental-del-huila\\\/\"]}]},{\"@type\":\"ImageObject\",\"inLanguage\":\"es\",\"@id\":\"https:\\\/\\\/ardigitalnoticias.com\\\/index.php\\\/2024\\\/08\\\/31\\\/nuevas-designaciones-fortalecen-el-gabinete-departamental-del-huila\\\/#primaryimage\",\"url\":\"https:\\\/\\\/ardigitalnoticias.com\\\/wp-content\\\/uploads\\\/2024\\\/08\\\/InShot_20240831_142738337-scaled.jpg\",\"contentUrl\":\"https:\\\/\\\/ardigitalnoticias.com\\\/wp-content\\\/uploads\\\/2024\\\/08\\\/InShot_20240831_142738337-scaled.jpg\",\"width\":2560,\"height\":1439},{\"@type\":\"BreadcrumbList\",\"@id\":\"https:\\\/\\\/ardigitalnoticias.com\\\/index.php\\\/2024\\\/08\\\/31\\\/nuevas-designaciones-fortalecen-el-gabinete-departamental-del-huila\\\/#breadcrumb\",\"itemListElement\":[{\"@type\":\"ListItem\",\"position\":1,\"name\":\"Portada\",\"item\":\"https:\\\/\\\/ardigitalnoticias.com\\\/\"},{\"@type\":\"ListItem\",\"position\":2,\"name\":\"NUEVAS DESIGNACIONES FORTALECEN EL GABINETE DEPARTAMENTAL DEL HUILA\"}]},{\"@type\":\"WebSite\",\"@id\":\"https:\\\/\\\/ardigitalnoticias.com\\\/#website\",\"url\":\"https:\\\/\\\/ardigitalnoticias.com\\\/\",\"name\":\"AR Digital Noticias\",\"description\":\"\",\"publisher\":{\"@id\":\"https:\\\/\\\/ardigitalnoticias.com\\\/#organization\"},\"potentialAction\":[{\"@type\":\"SearchAction\",\"target\":{\"@type\":\"EntryPoint\",\"urlTemplate\":\"https:\\\/\\\/ardigitalnoticias.com\\\/?s={search_term_string}\"},\"query-input\":{\"@type\":\"PropertyValueSpecification\",\"valueRequired\":true,\"valueName\":\"search_term_string\"}}],\"inLanguage\":\"es\"},{\"@type\":\"Organization\",\"@id\":\"https:\\\/\\\/ardigitalnoticias.com\\\/#organization\",\"name\":\"AR Digital Noticias\",\"url\":\"https:\\\/\\\/ardigitalnoticias.com\\\/\",\"logo\":{\"@type\":\"ImageObject\",\"inLanguage\":\"es\",\"@id\":\"https:\\\/\\\/ardigitalnoticias.com\\\/#\\\/schema\\\/logo\\\/image\\\/\",\"url\":\"https:\\\/\\\/ardigitalnoticias.com\\\/wp-content\\\/uploads\\\/2023\\\/11\\\/cropped-cropped-cropped-cropped-AR-Digital-Noticias-1.png\",\"contentUrl\":\"https:\\\/\\\/ardigitalnoticias.com\\\/wp-content\\\/uploads\\\/2023\\\/11\\\/cropped-cropped-cropped-cropped-AR-Digital-Noticias-1.png\",\"width\":972,\"height\":306,\"caption\":\"AR Digital Noticias\"},\"image\":{\"@id\":\"https:\\\/\\\/ardigitalnoticias.com\\\/#\\\/schema\\\/logo\\\/image\\\/\"}},{\"@type\":\"Person\",\"@id\":\"https:\\\/\\\/ardigitalnoticias.com\\\/#\\\/schema\\\/person\\\/759c8138ebc77e85adb1aa750003a751\",\"name\":\"Editor ArDigitalNoticias\",\"image\":{\"@type\":\"ImageObject\",\"inLanguage\":\"es\",\"@id\":\"https:\\\/\\\/secure.gravatar.com\\\/avatar\\\/2c7f3656ea34567ef10422f22f4395b6cc422854a0b986ba788597ac36902f93?s=96&d=mm&r=g\",\"url\":\"https:\\\/\\\/secure.gravatar.com\\\/avatar\\\/2c7f3656ea34567ef10422f22f4395b6cc422854a0b986ba788597ac36902f93?s=96&d=mm&r=g\",\"contentUrl\":\"https:\\\/\\\/secure.gravatar.com\\\/avatar\\\/2c7f3656ea34567ef10422f22f4395b6cc422854a0b986ba788597ac36902f93?s=96&d=mm&r=g\",\"caption\":\"Editor ArDigitalNoticias\"},\"sameAs\":[\"http:\\\/\\\/ardigitalnoticias.com\"],\"url\":\"https:\\\/\\\/ardigitalnoticias.com\\\/index.php\\\/author\\\/editor\\\/\"}]}<\/script>\n<!-- \/ Yoast SEO plugin. -->","yoast_head_json":{"title":"NUEVAS DESIGNACIONES FORTALECEN EL GABINETE DEPARTAMENTAL DEL HUILA - AR Digital Noticias","robots":{"index":"index","follow":"follow","max-snippet":"max-snippet:-1","max-image-preview":"max-image-preview:large","max-video-preview":"max-video-preview:-1"},"canonical":"https:\/\/ardigitalnoticias.com\/index.php\/2024\/08\/31\/nuevas-designaciones-fortalecen-el-gabinete-departamental-del-huila\/","og_locale":"es_ES","og_type":"article","og_title":"NUEVAS DESIGNACIONES FORTALECEN EL GABINETE DEPARTAMENTAL DEL HUILA - AR Digital Noticias","og_description":"El gobernador del Huila, Rodrigo Villalba Mosquera, oficializ\u00f3 una serie de ajustes significativos en su equipo de gobierno con el prop\u00f3sito de reforzar la gesti\u00f3n del departamento bajo la visi\u00f3n de \u00abHuila Grande\u00bb. POR: ANDR\u00c9S RODR\u00cdGUEZ. Estos cambios, que afectaron a cuatro Secretar\u00edas y una Direcci\u00f3n, se hicieron efectivos mediante el Decreto 336 de 2024 [&hellip;]","og_url":"https:\/\/ardigitalnoticias.com\/index.php\/2024\/08\/31\/nuevas-designaciones-fortalecen-el-gabinete-departamental-del-huila\/","og_site_name":"AR Digital Noticias","article_published_time":"2024-08-31T19:42:56+00:00","article_modified_time":"2024-08-31T19:42:57+00:00","og_image":[{"width":2560,"height":1439,"url":"https:\/\/ardigitalnoticias.com\/wp-content\/uploads\/2024\/08\/InShot_20240831_142738337-scaled.jpg","type":"image\/jpeg"}],"author":"Editor ArDigitalNoticias","twitter_card":"summary_large_image","twitter_misc":{"Escrito por":"Editor ArDigitalNoticias","Tiempo de lectura":"4 minutos"},"schema":{"@context":"https:\/\/schema.org","@graph":[{"@type":"Article","@id":"https:\/\/ardigitalnoticias.com\/index.php\/2024\/08\/31\/nuevas-designaciones-fortalecen-el-gabinete-departamental-del-huila\/#article","isPartOf":{"@id":"https:\/\/ardigitalnoticias.com\/index.php\/2024\/08\/31\/nuevas-designaciones-fortalecen-el-gabinete-departamental-del-huila\/"},"author":{"name":"Editor ArDigitalNoticias","@id":"https:\/\/ardigitalnoticias.com\/#\/schema\/person\/759c8138ebc77e85adb1aa750003a751"},"headline":"NUEVAS DESIGNACIONES FORTALECEN EL GABINETE DEPARTAMENTAL DEL HUILA","datePublished":"2024-08-31T19:42:56+00:00","dateModified":"2024-08-31T19:42:57+00:00","mainEntityOfPage":{"@id":"https:\/\/ardigitalnoticias.com\/index.php\/2024\/08\/31\/nuevas-designaciones-fortalecen-el-gabinete-departamental-del-huila\/"},"wordCount":625,"commentCount":0,"publisher":{"@id":"https:\/\/ardigitalnoticias.com\/#organization"},"image":{"@id":"https:\/\/ardigitalnoticias.com\/index.php\/2024\/08\/31\/nuevas-designaciones-fortalecen-el-gabinete-departamental-del-huila\/#primaryimage"},"thumbnailUrl":"https:\/\/ardigitalnoticias.com\/wp-content\/uploads\/2024\/08\/InShot_20240831_142738337-scaled.jpg","articleSection":["Actualidad","Pol\u00edtica","Regional"],"inLanguage":"es","potentialAction":[{"@type":"CommentAction","name":"Comment","target":["https:\/\/ardigitalnoticias.com\/index.php\/2024\/08\/31\/nuevas-designaciones-fortalecen-el-gabinete-departamental-del-huila\/#respond"]}]},{"@type":"WebPage","@id":"https:\/\/ardigitalnoticias.com\/index.php\/2024\/08\/31\/nuevas-designaciones-fortalecen-el-gabinete-departamental-del-huila\/","url":"https:\/\/ardigitalnoticias.com\/index.php\/2024\/08\/31\/nuevas-designaciones-fortalecen-el-gabinete-departamental-del-huila\/","name":"NUEVAS DESIGNACIONES FORTALECEN EL GABINETE DEPARTAMENTAL DEL HUILA - AR Digital Noticias","isPartOf":{"@id":"https:\/\/ardigitalnoticias.com\/#website"},"primaryImageOfPage":{"@id":"https:\/\/ardigitalnoticias.com\/index.php\/2024\/08\/31\/nuevas-designaciones-fortalecen-el-gabinete-departamental-del-huila\/#primaryimage"},"image":{"@id":"https:\/\/ardigitalnoticias.com\/index.php\/2024\/08\/31\/nuevas-designaciones-fortalecen-el-gabinete-departamental-del-huila\/#primaryimage"},"thumbnailUrl":"https:\/\/ardigitalnoticias.com\/wp-content\/uploads\/2024\/08\/InShot_20240831_142738337-scaled.jpg","datePublished":"2024-08-31T19:42:56+00:00","dateModified":"2024-08-31T19:42:57+00:00","breadcrumb":{"@id":"https:\/\/ardigitalnoticias.com\/index.php\/2024\/08\/31\/nuevas-designaciones-fortalecen-el-gabinete-departamental-del-huila\/#breadcrumb"},"inLanguage":"es","potentialAction":[{"@type":"ReadAction","target":["https:\/\/ardigitalnoticias.com\/index.php\/2024\/08\/31\/nuevas-designaciones-fortalecen-el-gabinete-departamental-del-huila\/"]}]},{"@type":"ImageObject","inLanguage":"es","@id":"https:\/\/ardigitalnoticias.com\/index.php\/2024\/08\/31\/nuevas-designaciones-fortalecen-el-gabinete-departamental-del-huila\/#primaryimage","url":"https:\/\/ardigitalnoticias.com\/wp-content\/uploads\/2024\/08\/InShot_20240831_142738337-scaled.jpg","contentUrl":"https:\/\/ardigitalnoticias.com\/wp-content\/uploads\/2024\/08\/InShot_20240831_142738337-scaled.jpg","width":2560,"height":1439},{"@type":"BreadcrumbList","@id":"https:\/\/ardigitalnoticias.com\/index.php\/2024\/08\/31\/nuevas-designaciones-fortalecen-el-gabinete-departamental-del-huila\/#breadcrumb","itemListElement":[{"@type":"ListItem","position":1,"name":"Portada","item":"https:\/\/ardigitalnoticias.com\/"},{"@type":"ListItem","position":2,"name":"NUEVAS DESIGNACIONES FORTALECEN EL GABINETE DEPARTAMENTAL DEL HUILA"}]},{"@type":"WebSite","@id":"https:\/\/ardigitalnoticias.com\/#website","url":"https:\/\/ardigitalnoticias.com\/","name":"AR Digital Noticias","description":"","publisher":{"@id":"https:\/\/ardigitalnoticias.com\/#organization"},"potentialAction":[{"@type":"SearchAction","target":{"@type":"EntryPoint","urlTemplate":"https:\/\/ardigitalnoticias.com\/?s={search_term_string}"},"query-input":{"@type":"PropertyValueSpecification","valueRequired":true,"valueName":"search_term_string"}}],"inLanguage":"es"},{"@type":"Organization","@id":"https:\/\/ardigitalnoticias.com\/#organization","name":"AR Digital Noticias","url":"https:\/\/ardigitalnoticias.com\/","logo":{"@type":"ImageObject","inLanguage":"es","@id":"https:\/\/ardigitalnoticias.com\/#\/schema\/logo\/image\/","url":"https:\/\/ardigitalnoticias.com\/wp-content\/uploads\/2023\/11\/cropped-cropped-cropped-cropped-AR-Digital-Noticias-1.png","contentUrl":"https:\/\/ardigitalnoticias.com\/wp-content\/uploads\/2023\/11\/cropped-cropped-cropped-cropped-AR-Digital-Noticias-1.png","width":972,"height":306,"caption":"AR Digital Noticias"},"image":{"@id":"https:\/\/ardigitalnoticias.com\/#\/schema\/logo\/image\/"}},{"@type":"Person","@id":"https:\/\/ardigitalnoticias.com\/#\/schema\/person\/759c8138ebc77e85adb1aa750003a751","name":"Editor ArDigitalNoticias","image":{"@type":"ImageObject","inLanguage":"es","@id":"https:\/\/secure.gravatar.com\/avatar\/2c7f3656ea34567ef10422f22f4395b6cc422854a0b986ba788597ac36902f93?s=96&d=mm&r=g","url":"https:\/\/secure.gravatar.com\/avatar\/2c7f3656ea34567ef10422f22f4395b6cc422854a0b986ba788597ac36902f93?s=96&d=mm&r=g","contentUrl":"https:\/\/secure.gravatar.com\/avatar\/2c7f3656ea34567ef10422f22f4395b6cc422854a0b986ba788597ac36902f93?s=96&d=mm&r=g","caption":"Editor ArDigitalNoticias"},"sameAs":["http:\/\/ardigitalnoticias.com"],"url":"https:\/\/ardigitalnoticias.com\/index.php\/author\/editor\/"}]}},"_links":{"self":[{"href":"https:\/\/ardigitalnoticias.com\/index.php\/wp-json\/wp\/v2\/posts\/5268","targetHints":{"allow":["GET"]}}],"collection":[{"href":"https:\/\/ardigitalnoticias.com\/index.php\/wp-json\/wp\/v2\/posts"}],"about":[{"href":"https:\/\/ardigitalnoticias.com\/index.php\/wp-json\/wp\/v2\/types\/post"}],"author":[{"embeddable":true,"href":"https:\/\/ardigitalnoticias.com\/index.php\/wp-json\/wp\/v2\/users\/3"}],"replies":[{"embeddable":true,"href":"https:\/\/ardigitalnoticias.com\/index.php\/wp-json\/wp\/v2\/comments?post=5268"}],"version-history":[{"count":1,"href":"https:\/\/ardigitalnoticias.com\/index.php\/wp-json\/wp\/v2\/posts\/5268\/revisions"}],"predecessor-version":[{"id":5278,"href":"https:\/\/ardigitalnoticias.com\/index.php\/wp-json\/wp\/v2\/posts\/5268\/revisions\/5278"}],"wp:featuredmedia":[{"embeddable":true,"href":"https:\/\/ardigitalnoticias.com\/index.php\/wp-json\/wp\/v2\/media\/5277"}],"wp:attachment":[{"href":"https:\/\/ardigitalnoticias.com\/index.php\/wp-json\/wp\/v2\/media?parent=5268"}],"wp:term":[{"taxonomy":"category","embeddable":true,"href":"https:\/\/ardigitalnoticias.com\/index.php\/wp-json\/wp\/v2\/categories?post=5268"},{"taxonomy":"post_tag","embeddable":true,"href":"https:\/\/ardigitalnoticias.com\/index.php\/wp-json\/wp\/v2\/tags?post=5268"}],"curies":[{"name":"wp","href":"https:\/\/api.w.org\/{rel}","templated":true}]}}