{"id":5248,"date":"2024-08-30T07:26:58","date_gmt":"2024-08-30T12:26:58","guid":{"rendered":"https:\/\/ardigitalnoticias.com\/?p=5248"},"modified":"2024-08-30T07:26:59","modified_gmt":"2024-08-30T12:26:59","slug":"exgobernador-del-huila-condenado-a-seis-anos-de-prision-domiciliaria","status":"publish","type":"post","link":"https:\/\/ardigitalnoticias.com\/index.php\/2024\/08\/30\/exgobernador-del-huila-condenado-a-seis-anos-de-prision-domiciliaria\/","title":{"rendered":"EXGOBERNADOR DEL HUILA CONDENADO A SEIS A\u00d1OS DE PRISI\u00d3N DOMICILIARIA"},"content":{"rendered":"\n<p>Corte Suprema revoca absoluci\u00f3n de Juan C\u00e1rdenas Ch\u00e1vezLa Sala de Casaci\u00f3n Penal de la Corte Suprema de Justicia revoc\u00f3 la absoluci\u00f3n que en 2022 hab\u00eda otorgado la Sala Especial de Primera Instancia al exgobernador del Huila, Juan C\u00e1rdenas Ch\u00e1vez.<\/p>\n\n\n\n<p><strong>POR: ANDR\u00c9S RODR\u00cdGUEZ. <\/strong><\/p>\n\n\n<div class=\"wp-block-image\">\n<figure class=\"aligncenter size-full\"><img loading=\"lazy\" decoding=\"async\" width=\"683\" height=\"684\" src=\"https:\/\/ardigitalnoticias.com\/wp-content\/uploads\/2024\/08\/FB_IMG_1725019822203.jpg\" alt=\"\" class=\"wp-image-5249\" srcset=\"https:\/\/ardigitalnoticias.com\/wp-content\/uploads\/2024\/08\/FB_IMG_1725019822203.jpg 683w, https:\/\/ardigitalnoticias.com\/wp-content\/uploads\/2024\/08\/FB_IMG_1725019822203-300x300.jpg 300w, https:\/\/ardigitalnoticias.com\/wp-content\/uploads\/2024\/08\/FB_IMG_1725019822203-150x150.jpg 150w\" sizes=\"auto, (max-width: 683px) 100vw, 683px\" \/><figcaption class=\"wp-element-caption\"><strong>Exgobernador del Huila, Juan C\u00e1rdenas Ch\u00e1vez.<\/strong><\/figcaption><\/figure>\n<\/div>\n\n\n<p>El exmandatario hab\u00eda sido absuelto tras ser acusado del delito de contrato sin cumplimiento de requisitos legales. <\/p>\n\n\n\n<p>Sin embargo, la reciente decisi\u00f3n judicial le impuso una condena de seis a\u00f1os y un d\u00eda de prisi\u00f3n domiciliaria, adem\u00e1s de una multa equivalente a 87 salarios m\u00ednimos legales mensuales vigentes y una inhabilitaci\u00f3n para ocupar cargos p\u00fablicos por el mismo per\u00edodo.<\/p>\n\n\n\n<p>\u2705\ufe0f Antecedentes del caso<\/p>\n\n\n\n<p>Los hechos se remontan a 2003, cuando C\u00e1rdenas Ch\u00e1vez, en su calidad de gobernador, suscribi\u00f3 un convenio interinstitucional con una entidad privada sin \u00e1nimo de lucro. El acuerdo ten\u00eda como objetivo adquirir material educativo y equipos did\u00e1cticos para la poblaci\u00f3n escolar del departamento. No obstante, la Fiscal\u00eda argument\u00f3 que el convenio fue tramitado incorrectamente como un contrato interadministrativo, cuando en realidad correspond\u00eda a una compraventa de bienes, lo que habr\u00eda requerido una licitaci\u00f3n p\u00fablica debido al monto involucrado.<\/p>\n\n\n\n<p>En un principio, la Sala de Primera Instancia consider\u00f3 que, aunque el contrato no cumpli\u00f3 con los requisitos legales, no se pudo probar que C\u00e1rdenas Ch\u00e1vez actuara con dolo. Adem\u00e1s, el exgobernador se hab\u00eda apoyado en la recomendaci\u00f3n del Departamento Administrativo Jur\u00eddico del Huila, lo que para los jueces, en aquel momento, justificaba su proceder.<\/p>\n\n\n\n<figure class=\"wp-block-image size-large\"><img loading=\"lazy\" decoding=\"async\" width=\"604\" height=\"1024\" src=\"https:\/\/ardigitalnoticias.com\/wp-content\/uploads\/2024\/08\/Screenshot_20240830_070009_Chrome-604x1024.png\" alt=\"\" class=\"wp-image-5250\" srcset=\"https:\/\/ardigitalnoticias.com\/wp-content\/uploads\/2024\/08\/Screenshot_20240830_070009_Chrome-604x1024.png 604w, https:\/\/ardigitalnoticias.com\/wp-content\/uploads\/2024\/08\/Screenshot_20240830_070009_Chrome-177x300.png 177w, https:\/\/ardigitalnoticias.com\/wp-content\/uploads\/2024\/08\/Screenshot_20240830_070009_Chrome-768x1302.png 768w, https:\/\/ardigitalnoticias.com\/wp-content\/uploads\/2024\/08\/Screenshot_20240830_070009_Chrome-150x254.png 150w, https:\/\/ardigitalnoticias.com\/wp-content\/uploads\/2024\/08\/Screenshot_20240830_070009_Chrome-300x509.png 300w, https:\/\/ardigitalnoticias.com\/wp-content\/uploads\/2024\/08\/Screenshot_20240830_070009_Chrome-696x1180.png 696w, https:\/\/ardigitalnoticias.com\/wp-content\/uploads\/2024\/08\/Screenshot_20240830_070009_Chrome.png 791w\" sizes=\"auto, (max-width: 604px) 100vw, 604px\" \/><\/figure>\n\n\n\n<p>\u2705\ufe0f Nueva sentencia<\/p>\n\n\n\n<p>Pese a la anterior absoluci\u00f3n, la Fiscal\u00eda apel\u00f3 la decisi\u00f3n, lo que condujo a la reciente condena. La Sala de Casaci\u00f3n Penal concluy\u00f3 que, aunque C\u00e1rdenas Ch\u00e1vez hab\u00eda seguido las recomendaciones del Departamento Jur\u00eddico, esto no lo exoneraba de la responsabilidad de asegurar el cumplimiento de la ley en la contrataci\u00f3n, especialmente al comprometer recursos p\u00fablicos. El fallo determin\u00f3 que el exgobernador ten\u00eda conocimiento directo de todas las implicaciones del convenio y que, por tanto, deb\u00eda haber tomado las medidas necesarias para garantizar la legalidad del proceso.<\/p>\n\n\n\n<figure class=\"wp-block-gallery has-nested-images columns-default is-cropped wp-block-gallery-1 is-layout-flex wp-block-gallery-is-layout-flex\">\n<figure class=\"wp-block-image size-large\"><img loading=\"lazy\" decoding=\"async\" width=\"759\" height=\"1024\" data-id=\"5251\" src=\"https:\/\/ardigitalnoticias.com\/wp-content\/uploads\/2024\/08\/Screenshot_20240829_213144_com.google.android.apps_.docs_-759x1024.jpg\" alt=\"\" class=\"wp-image-5251\" srcset=\"https:\/\/ardigitalnoticias.com\/wp-content\/uploads\/2024\/08\/Screenshot_20240829_213144_com.google.android.apps_.docs_-759x1024.jpg 759w, https:\/\/ardigitalnoticias.com\/wp-content\/uploads\/2024\/08\/Screenshot_20240829_213144_com.google.android.apps_.docs_-222x300.jpg 222w, https:\/\/ardigitalnoticias.com\/wp-content\/uploads\/2024\/08\/Screenshot_20240829_213144_com.google.android.apps_.docs_-768x1036.jpg 768w, https:\/\/ardigitalnoticias.com\/wp-content\/uploads\/2024\/08\/Screenshot_20240829_213144_com.google.android.apps_.docs_-150x202.jpg 150w, https:\/\/ardigitalnoticias.com\/wp-content\/uploads\/2024\/08\/Screenshot_20240829_213144_com.google.android.apps_.docs_-300x405.jpg 300w, https:\/\/ardigitalnoticias.com\/wp-content\/uploads\/2024\/08\/Screenshot_20240829_213144_com.google.android.apps_.docs_-696x939.jpg 696w, https:\/\/ardigitalnoticias.com\/wp-content\/uploads\/2024\/08\/Screenshot_20240829_213144_com.google.android.apps_.docs_-1068x1441.jpg 1068w, https:\/\/ardigitalnoticias.com\/wp-content\/uploads\/2024\/08\/Screenshot_20240829_213144_com.google.android.apps_.docs_.jpg 1080w\" sizes=\"auto, (max-width: 759px) 100vw, 759px\" \/><\/figure>\n\n\n\n<figure class=\"wp-block-image size-large\"><img loading=\"lazy\" decoding=\"async\" width=\"746\" height=\"1024\" data-id=\"5252\" src=\"https:\/\/ardigitalnoticias.com\/wp-content\/uploads\/2024\/08\/Screenshot_20240829_213147_com.google.android.apps_.docs_-746x1024.jpg\" alt=\"\" class=\"wp-image-5252\" srcset=\"https:\/\/ardigitalnoticias.com\/wp-content\/uploads\/2024\/08\/Screenshot_20240829_213147_com.google.android.apps_.docs_-746x1024.jpg 746w, https:\/\/ardigitalnoticias.com\/wp-content\/uploads\/2024\/08\/Screenshot_20240829_213147_com.google.android.apps_.docs_-219x300.jpg 219w, https:\/\/ardigitalnoticias.com\/wp-content\/uploads\/2024\/08\/Screenshot_20240829_213147_com.google.android.apps_.docs_-768x1054.jpg 768w, https:\/\/ardigitalnoticias.com\/wp-content\/uploads\/2024\/08\/Screenshot_20240829_213147_com.google.android.apps_.docs_-150x206.jpg 150w, https:\/\/ardigitalnoticias.com\/wp-content\/uploads\/2024\/08\/Screenshot_20240829_213147_com.google.android.apps_.docs_-300x412.jpg 300w, https:\/\/ardigitalnoticias.com\/wp-content\/uploads\/2024\/08\/Screenshot_20240829_213147_com.google.android.apps_.docs_-696x955.jpg 696w, https:\/\/ardigitalnoticias.com\/wp-content\/uploads\/2024\/08\/Screenshot_20240829_213147_com.google.android.apps_.docs_-1068x1466.jpg 1068w, https:\/\/ardigitalnoticias.com\/wp-content\/uploads\/2024\/08\/Screenshot_20240829_213147_com.google.android.apps_.docs_.jpg 1080w\" sizes=\"auto, (max-width: 746px) 100vw, 746px\" \/><\/figure>\n<\/figure>\n\n\n\n<p>La defensa a\u00fan puede apelar esta decisi\u00f3n, aunque por ahora C\u00e1rdenas Ch\u00e1vez deber\u00e1 cumplir su condena bajo prisi\u00f3n domiciliaria y enfrentar\u00e1 la inhabilidad para ejercer funciones p\u00fablicas durante seis a\u00f1os.<\/p>\n","protected":false},"excerpt":{"rendered":"<p>Corte Suprema revoca absoluci\u00f3n de Juan C\u00e1rdenas Ch\u00e1vezLa Sala de Casaci\u00f3n Penal de la Corte Suprema de Justicia revoc\u00f3 la absoluci\u00f3n que en 2022 hab\u00eda otorgado la Sala Especial de Primera Instancia al exgobernador del Huila, Juan C\u00e1rdenas Ch\u00e1vez. POR: ANDR\u00c9S RODR\u00cdGUEZ. El exmandatario hab\u00eda sido absuelto tras ser acusado del delito de contrato sin [&hellip;]<\/p>\n","protected":false},"author":3,"featured_media":5253,"comment_status":"open","ping_status":"open","sticky":false,"template":"","format":"standard","meta":{"_acf_changed":false,"_joinchat":[],"footnotes":""},"categories":[1,20,24,19],"tags":[],"class_list":{"0":"post-5248","1":"post","2":"type-post","3":"status-publish","4":"format-standard","5":"has-post-thumbnail","7":"category-actualidad","8":"category-judicial","9":"category-politica","10":"category-regional"},"acf":[],"yoast_head":"<!-- This site is optimized with the Yoast SEO plugin v27.5 - https:\/\/yoast.com\/product\/yoast-seo-wordpress\/ -->\n<title>EXGOBERNADOR DEL HUILA CONDENADO A SEIS A\u00d1OS DE PRISI\u00d3N DOMICILIARIA - AR Digital Noticias<\/title>\n<meta name=\"robots\" content=\"index, follow, max-snippet:-1, max-image-preview:large, max-video-preview:-1\" \/>\n<link rel=\"canonical\" href=\"https:\/\/ardigitalnoticias.com\/index.php\/2024\/08\/30\/exgobernador-del-huila-condenado-a-seis-anos-de-prision-domiciliaria\/\" \/>\n<meta property=\"og:locale\" content=\"es_ES\" \/>\n<meta property=\"og:type\" content=\"article\" \/>\n<meta property=\"og:title\" content=\"EXGOBERNADOR DEL HUILA CONDENADO A SEIS A\u00d1OS DE PRISI\u00d3N DOMICILIARIA - AR Digital Noticias\" \/>\n<meta property=\"og:description\" content=\"Corte Suprema revoca absoluci\u00f3n de Juan C\u00e1rdenas Ch\u00e1vezLa Sala de Casaci\u00f3n Penal de la Corte Suprema de Justicia revoc\u00f3 la absoluci\u00f3n que en 2022 hab\u00eda otorgado la Sala Especial de Primera Instancia al exgobernador del Huila, Juan C\u00e1rdenas Ch\u00e1vez. POR: ANDR\u00c9S RODR\u00cdGUEZ. El exmandatario hab\u00eda sido absuelto tras ser acusado del delito de contrato sin [&hellip;]\" \/>\n<meta property=\"og:url\" content=\"https:\/\/ardigitalnoticias.com\/index.php\/2024\/08\/30\/exgobernador-del-huila-condenado-a-seis-anos-de-prision-domiciliaria\/\" \/>\n<meta property=\"og:site_name\" content=\"AR Digital Noticias\" \/>\n<meta property=\"article:published_time\" content=\"2024-08-30T12:26:58+00:00\" \/>\n<meta property=\"article:modified_time\" content=\"2024-08-30T12:26:59+00:00\" \/>\n<meta property=\"og:image\" content=\"https:\/\/ardigitalnoticias.com\/wp-content\/uploads\/2024\/08\/InShot_20240830_071415524-scaled.jpg\" \/>\n\t<meta property=\"og:image:width\" content=\"2560\" \/>\n\t<meta property=\"og:image:height\" content=\"1439\" \/>\n\t<meta property=\"og:image:type\" content=\"image\/jpeg\" \/>\n<meta name=\"author\" content=\"Editor ArDigitalNoticias\" \/>\n<meta name=\"twitter:card\" content=\"summary_large_image\" \/>\n<meta name=\"twitter:label1\" content=\"Escrito por\" \/>\n\t<meta name=\"twitter:data1\" content=\"Editor ArDigitalNoticias\" \/>\n\t<meta name=\"twitter:label2\" content=\"Tiempo de lectura\" \/>\n\t<meta name=\"twitter:data2\" content=\"3 minutos\" \/>\n<script type=\"application\/ld+json\" class=\"yoast-schema-graph\">{\"@context\":\"https:\\\/\\\/schema.org\",\"@graph\":[{\"@type\":\"Article\",\"@id\":\"https:\\\/\\\/ardigitalnoticias.com\\\/index.php\\\/2024\\\/08\\\/30\\\/exgobernador-del-huila-condenado-a-seis-anos-de-prision-domiciliaria\\\/#article\",\"isPartOf\":{\"@id\":\"https:\\\/\\\/ardigitalnoticias.com\\\/index.php\\\/2024\\\/08\\\/30\\\/exgobernador-del-huila-condenado-a-seis-anos-de-prision-domiciliaria\\\/\"},\"author\":{\"name\":\"Editor ArDigitalNoticias\",\"@id\":\"https:\\\/\\\/ardigitalnoticias.com\\\/#\\\/schema\\\/person\\\/759c8138ebc77e85adb1aa750003a751\"},\"headline\":\"EXGOBERNADOR DEL HUILA CONDENADO A SEIS A\u00d1OS DE PRISI\u00d3N DOMICILIARIA\",\"datePublished\":\"2024-08-30T12:26:58+00:00\",\"dateModified\":\"2024-08-30T12:26:59+00:00\",\"mainEntityOfPage\":{\"@id\":\"https:\\\/\\\/ardigitalnoticias.com\\\/index.php\\\/2024\\\/08\\\/30\\\/exgobernador-del-huila-condenado-a-seis-anos-de-prision-domiciliaria\\\/\"},\"wordCount\":428,\"commentCount\":0,\"publisher\":{\"@id\":\"https:\\\/\\\/ardigitalnoticias.com\\\/#organization\"},\"image\":{\"@id\":\"https:\\\/\\\/ardigitalnoticias.com\\\/index.php\\\/2024\\\/08\\\/30\\\/exgobernador-del-huila-condenado-a-seis-anos-de-prision-domiciliaria\\\/#primaryimage\"},\"thumbnailUrl\":\"https:\\\/\\\/ardigitalnoticias.com\\\/wp-content\\\/uploads\\\/2024\\\/08\\\/InShot_20240830_071415524-scaled.jpg\",\"articleSection\":[\"Actualidad\",\"Judicial\",\"Pol\u00edtica\",\"Regional\"],\"inLanguage\":\"es\",\"potentialAction\":[{\"@type\":\"CommentAction\",\"name\":\"Comment\",\"target\":[\"https:\\\/\\\/ardigitalnoticias.com\\\/index.php\\\/2024\\\/08\\\/30\\\/exgobernador-del-huila-condenado-a-seis-anos-de-prision-domiciliaria\\\/#respond\"]}]},{\"@type\":\"WebPage\",\"@id\":\"https:\\\/\\\/ardigitalnoticias.com\\\/index.php\\\/2024\\\/08\\\/30\\\/exgobernador-del-huila-condenado-a-seis-anos-de-prision-domiciliaria\\\/\",\"url\":\"https:\\\/\\\/ardigitalnoticias.com\\\/index.php\\\/2024\\\/08\\\/30\\\/exgobernador-del-huila-condenado-a-seis-anos-de-prision-domiciliaria\\\/\",\"name\":\"EXGOBERNADOR DEL HUILA CONDENADO A SEIS A\u00d1OS DE PRISI\u00d3N DOMICILIARIA - AR Digital Noticias\",\"isPartOf\":{\"@id\":\"https:\\\/\\\/ardigitalnoticias.com\\\/#website\"},\"primaryImageOfPage\":{\"@id\":\"https:\\\/\\\/ardigitalnoticias.com\\\/index.php\\\/2024\\\/08\\\/30\\\/exgobernador-del-huila-condenado-a-seis-anos-de-prision-domiciliaria\\\/#primaryimage\"},\"image\":{\"@id\":\"https:\\\/\\\/ardigitalnoticias.com\\\/index.php\\\/2024\\\/08\\\/30\\\/exgobernador-del-huila-condenado-a-seis-anos-de-prision-domiciliaria\\\/#primaryimage\"},\"thumbnailUrl\":\"https:\\\/\\\/ardigitalnoticias.com\\\/wp-content\\\/uploads\\\/2024\\\/08\\\/InShot_20240830_071415524-scaled.jpg\",\"datePublished\":\"2024-08-30T12:26:58+00:00\",\"dateModified\":\"2024-08-30T12:26:59+00:00\",\"breadcrumb\":{\"@id\":\"https:\\\/\\\/ardigitalnoticias.com\\\/index.php\\\/2024\\\/08\\\/30\\\/exgobernador-del-huila-condenado-a-seis-anos-de-prision-domiciliaria\\\/#breadcrumb\"},\"inLanguage\":\"es\",\"potentialAction\":[{\"@type\":\"ReadAction\",\"target\":[\"https:\\\/\\\/ardigitalnoticias.com\\\/index.php\\\/2024\\\/08\\\/30\\\/exgobernador-del-huila-condenado-a-seis-anos-de-prision-domiciliaria\\\/\"]}]},{\"@type\":\"ImageObject\",\"inLanguage\":\"es\",\"@id\":\"https:\\\/\\\/ardigitalnoticias.com\\\/index.php\\\/2024\\\/08\\\/30\\\/exgobernador-del-huila-condenado-a-seis-anos-de-prision-domiciliaria\\\/#primaryimage\",\"url\":\"https:\\\/\\\/ardigitalnoticias.com\\\/wp-content\\\/uploads\\\/2024\\\/08\\\/InShot_20240830_071415524-scaled.jpg\",\"contentUrl\":\"https:\\\/\\\/ardigitalnoticias.com\\\/wp-content\\\/uploads\\\/2024\\\/08\\\/InShot_20240830_071415524-scaled.jpg\",\"width\":2560,\"height\":1439},{\"@type\":\"BreadcrumbList\",\"@id\":\"https:\\\/\\\/ardigitalnoticias.com\\\/index.php\\\/2024\\\/08\\\/30\\\/exgobernador-del-huila-condenado-a-seis-anos-de-prision-domiciliaria\\\/#breadcrumb\",\"itemListElement\":[{\"@type\":\"ListItem\",\"position\":1,\"name\":\"Portada\",\"item\":\"https:\\\/\\\/ardigitalnoticias.com\\\/\"},{\"@type\":\"ListItem\",\"position\":2,\"name\":\"EXGOBERNADOR DEL HUILA CONDENADO A SEIS A\u00d1OS DE PRISI\u00d3N DOMICILIARIA\"}]},{\"@type\":\"WebSite\",\"@id\":\"https:\\\/\\\/ardigitalnoticias.com\\\/#website\",\"url\":\"https:\\\/\\\/ardigitalnoticias.com\\\/\",\"name\":\"AR Digital Noticias\",\"description\":\"\",\"publisher\":{\"@id\":\"https:\\\/\\\/ardigitalnoticias.com\\\/#organization\"},\"potentialAction\":[{\"@type\":\"SearchAction\",\"target\":{\"@type\":\"EntryPoint\",\"urlTemplate\":\"https:\\\/\\\/ardigitalnoticias.com\\\/?s={search_term_string}\"},\"query-input\":{\"@type\":\"PropertyValueSpecification\",\"valueRequired\":true,\"valueName\":\"search_term_string\"}}],\"inLanguage\":\"es\"},{\"@type\":\"Organization\",\"@id\":\"https:\\\/\\\/ardigitalnoticias.com\\\/#organization\",\"name\":\"AR Digital Noticias\",\"url\":\"https:\\\/\\\/ardigitalnoticias.com\\\/\",\"logo\":{\"@type\":\"ImageObject\",\"inLanguage\":\"es\",\"@id\":\"https:\\\/\\\/ardigitalnoticias.com\\\/#\\\/schema\\\/logo\\\/image\\\/\",\"url\":\"https:\\\/\\\/ardigitalnoticias.com\\\/wp-content\\\/uploads\\\/2023\\\/11\\\/cropped-cropped-cropped-cropped-AR-Digital-Noticias-1.png\",\"contentUrl\":\"https:\\\/\\\/ardigitalnoticias.com\\\/wp-content\\\/uploads\\\/2023\\\/11\\\/cropped-cropped-cropped-cropped-AR-Digital-Noticias-1.png\",\"width\":972,\"height\":306,\"caption\":\"AR Digital Noticias\"},\"image\":{\"@id\":\"https:\\\/\\\/ardigitalnoticias.com\\\/#\\\/schema\\\/logo\\\/image\\\/\"}},{\"@type\":\"Person\",\"@id\":\"https:\\\/\\\/ardigitalnoticias.com\\\/#\\\/schema\\\/person\\\/759c8138ebc77e85adb1aa750003a751\",\"name\":\"Editor ArDigitalNoticias\",\"image\":{\"@type\":\"ImageObject\",\"inLanguage\":\"es\",\"@id\":\"https:\\\/\\\/secure.gravatar.com\\\/avatar\\\/2c7f3656ea34567ef10422f22f4395b6cc422854a0b986ba788597ac36902f93?s=96&d=mm&r=g\",\"url\":\"https:\\\/\\\/secure.gravatar.com\\\/avatar\\\/2c7f3656ea34567ef10422f22f4395b6cc422854a0b986ba788597ac36902f93?s=96&d=mm&r=g\",\"contentUrl\":\"https:\\\/\\\/secure.gravatar.com\\\/avatar\\\/2c7f3656ea34567ef10422f22f4395b6cc422854a0b986ba788597ac36902f93?s=96&d=mm&r=g\",\"caption\":\"Editor ArDigitalNoticias\"},\"sameAs\":[\"http:\\\/\\\/ardigitalnoticias.com\"],\"url\":\"https:\\\/\\\/ardigitalnoticias.com\\\/index.php\\\/author\\\/editor\\\/\"}]}<\/script>\n<!-- \/ Yoast SEO plugin. -->","yoast_head_json":{"title":"EXGOBERNADOR DEL HUILA CONDENADO A SEIS A\u00d1OS DE PRISI\u00d3N DOMICILIARIA - AR Digital Noticias","robots":{"index":"index","follow":"follow","max-snippet":"max-snippet:-1","max-image-preview":"max-image-preview:large","max-video-preview":"max-video-preview:-1"},"canonical":"https:\/\/ardigitalnoticias.com\/index.php\/2024\/08\/30\/exgobernador-del-huila-condenado-a-seis-anos-de-prision-domiciliaria\/","og_locale":"es_ES","og_type":"article","og_title":"EXGOBERNADOR DEL HUILA CONDENADO A SEIS A\u00d1OS DE PRISI\u00d3N DOMICILIARIA - AR Digital Noticias","og_description":"Corte Suprema revoca absoluci\u00f3n de Juan C\u00e1rdenas Ch\u00e1vezLa Sala de Casaci\u00f3n Penal de la Corte Suprema de Justicia revoc\u00f3 la absoluci\u00f3n que en 2022 hab\u00eda otorgado la Sala Especial de Primera Instancia al exgobernador del Huila, Juan C\u00e1rdenas Ch\u00e1vez. POR: ANDR\u00c9S RODR\u00cdGUEZ. El exmandatario hab\u00eda sido absuelto tras ser acusado del delito de contrato sin [&hellip;]","og_url":"https:\/\/ardigitalnoticias.com\/index.php\/2024\/08\/30\/exgobernador-del-huila-condenado-a-seis-anos-de-prision-domiciliaria\/","og_site_name":"AR Digital Noticias","article_published_time":"2024-08-30T12:26:58+00:00","article_modified_time":"2024-08-30T12:26:59+00:00","og_image":[{"width":2560,"height":1439,"url":"https:\/\/ardigitalnoticias.com\/wp-content\/uploads\/2024\/08\/InShot_20240830_071415524-scaled.jpg","type":"image\/jpeg"}],"author":"Editor ArDigitalNoticias","twitter_card":"summary_large_image","twitter_misc":{"Escrito por":"Editor ArDigitalNoticias","Tiempo de lectura":"3 minutos"},"schema":{"@context":"https:\/\/schema.org","@graph":[{"@type":"Article","@id":"https:\/\/ardigitalnoticias.com\/index.php\/2024\/08\/30\/exgobernador-del-huila-condenado-a-seis-anos-de-prision-domiciliaria\/#article","isPartOf":{"@id":"https:\/\/ardigitalnoticias.com\/index.php\/2024\/08\/30\/exgobernador-del-huila-condenado-a-seis-anos-de-prision-domiciliaria\/"},"author":{"name":"Editor ArDigitalNoticias","@id":"https:\/\/ardigitalnoticias.com\/#\/schema\/person\/759c8138ebc77e85adb1aa750003a751"},"headline":"EXGOBERNADOR DEL HUILA CONDENADO A SEIS A\u00d1OS DE PRISI\u00d3N DOMICILIARIA","datePublished":"2024-08-30T12:26:58+00:00","dateModified":"2024-08-30T12:26:59+00:00","mainEntityOfPage":{"@id":"https:\/\/ardigitalnoticias.com\/index.php\/2024\/08\/30\/exgobernador-del-huila-condenado-a-seis-anos-de-prision-domiciliaria\/"},"wordCount":428,"commentCount":0,"publisher":{"@id":"https:\/\/ardigitalnoticias.com\/#organization"},"image":{"@id":"https:\/\/ardigitalnoticias.com\/index.php\/2024\/08\/30\/exgobernador-del-huila-condenado-a-seis-anos-de-prision-domiciliaria\/#primaryimage"},"thumbnailUrl":"https:\/\/ardigitalnoticias.com\/wp-content\/uploads\/2024\/08\/InShot_20240830_071415524-scaled.jpg","articleSection":["Actualidad","Judicial","Pol\u00edtica","Regional"],"inLanguage":"es","potentialAction":[{"@type":"CommentAction","name":"Comment","target":["https:\/\/ardigitalnoticias.com\/index.php\/2024\/08\/30\/exgobernador-del-huila-condenado-a-seis-anos-de-prision-domiciliaria\/#respond"]}]},{"@type":"WebPage","@id":"https:\/\/ardigitalnoticias.com\/index.php\/2024\/08\/30\/exgobernador-del-huila-condenado-a-seis-anos-de-prision-domiciliaria\/","url":"https:\/\/ardigitalnoticias.com\/index.php\/2024\/08\/30\/exgobernador-del-huila-condenado-a-seis-anos-de-prision-domiciliaria\/","name":"EXGOBERNADOR DEL HUILA CONDENADO A SEIS A\u00d1OS DE PRISI\u00d3N DOMICILIARIA - AR Digital Noticias","isPartOf":{"@id":"https:\/\/ardigitalnoticias.com\/#website"},"primaryImageOfPage":{"@id":"https:\/\/ardigitalnoticias.com\/index.php\/2024\/08\/30\/exgobernador-del-huila-condenado-a-seis-anos-de-prision-domiciliaria\/#primaryimage"},"image":{"@id":"https:\/\/ardigitalnoticias.com\/index.php\/2024\/08\/30\/exgobernador-del-huila-condenado-a-seis-anos-de-prision-domiciliaria\/#primaryimage"},"thumbnailUrl":"https:\/\/ardigitalnoticias.com\/wp-content\/uploads\/2024\/08\/InShot_20240830_071415524-scaled.jpg","datePublished":"2024-08-30T12:26:58+00:00","dateModified":"2024-08-30T12:26:59+00:00","breadcrumb":{"@id":"https:\/\/ardigitalnoticias.com\/index.php\/2024\/08\/30\/exgobernador-del-huila-condenado-a-seis-anos-de-prision-domiciliaria\/#breadcrumb"},"inLanguage":"es","potentialAction":[{"@type":"ReadAction","target":["https:\/\/ardigitalnoticias.com\/index.php\/2024\/08\/30\/exgobernador-del-huila-condenado-a-seis-anos-de-prision-domiciliaria\/"]}]},{"@type":"ImageObject","inLanguage":"es","@id":"https:\/\/ardigitalnoticias.com\/index.php\/2024\/08\/30\/exgobernador-del-huila-condenado-a-seis-anos-de-prision-domiciliaria\/#primaryimage","url":"https:\/\/ardigitalnoticias.com\/wp-content\/uploads\/2024\/08\/InShot_20240830_071415524-scaled.jpg","contentUrl":"https:\/\/ardigitalnoticias.com\/wp-content\/uploads\/2024\/08\/InShot_20240830_071415524-scaled.jpg","width":2560,"height":1439},{"@type":"BreadcrumbList","@id":"https:\/\/ardigitalnoticias.com\/index.php\/2024\/08\/30\/exgobernador-del-huila-condenado-a-seis-anos-de-prision-domiciliaria\/#breadcrumb","itemListElement":[{"@type":"ListItem","position":1,"name":"Portada","item":"https:\/\/ardigitalnoticias.com\/"},{"@type":"ListItem","position":2,"name":"EXGOBERNADOR DEL HUILA CONDENADO A SEIS A\u00d1OS DE PRISI\u00d3N DOMICILIARIA"}]},{"@type":"WebSite","@id":"https:\/\/ardigitalnoticias.com\/#website","url":"https:\/\/ardigitalnoticias.com\/","name":"AR Digital Noticias","description":"","publisher":{"@id":"https:\/\/ardigitalnoticias.com\/#organization"},"potentialAction":[{"@type":"SearchAction","target":{"@type":"EntryPoint","urlTemplate":"https:\/\/ardigitalnoticias.com\/?s={search_term_string}"},"query-input":{"@type":"PropertyValueSpecification","valueRequired":true,"valueName":"search_term_string"}}],"inLanguage":"es"},{"@type":"Organization","@id":"https:\/\/ardigitalnoticias.com\/#organization","name":"AR Digital Noticias","url":"https:\/\/ardigitalnoticias.com\/","logo":{"@type":"ImageObject","inLanguage":"es","@id":"https:\/\/ardigitalnoticias.com\/#\/schema\/logo\/image\/","url":"https:\/\/ardigitalnoticias.com\/wp-content\/uploads\/2023\/11\/cropped-cropped-cropped-cropped-AR-Digital-Noticias-1.png","contentUrl":"https:\/\/ardigitalnoticias.com\/wp-content\/uploads\/2023\/11\/cropped-cropped-cropped-cropped-AR-Digital-Noticias-1.png","width":972,"height":306,"caption":"AR Digital Noticias"},"image":{"@id":"https:\/\/ardigitalnoticias.com\/#\/schema\/logo\/image\/"}},{"@type":"Person","@id":"https:\/\/ardigitalnoticias.com\/#\/schema\/person\/759c8138ebc77e85adb1aa750003a751","name":"Editor ArDigitalNoticias","image":{"@type":"ImageObject","inLanguage":"es","@id":"https:\/\/secure.gravatar.com\/avatar\/2c7f3656ea34567ef10422f22f4395b6cc422854a0b986ba788597ac36902f93?s=96&d=mm&r=g","url":"https:\/\/secure.gravatar.com\/avatar\/2c7f3656ea34567ef10422f22f4395b6cc422854a0b986ba788597ac36902f93?s=96&d=mm&r=g","contentUrl":"https:\/\/secure.gravatar.com\/avatar\/2c7f3656ea34567ef10422f22f4395b6cc422854a0b986ba788597ac36902f93?s=96&d=mm&r=g","caption":"Editor ArDigitalNoticias"},"sameAs":["http:\/\/ardigitalnoticias.com"],"url":"https:\/\/ardigitalnoticias.com\/index.php\/author\/editor\/"}]}},"_links":{"self":[{"href":"https:\/\/ardigitalnoticias.com\/index.php\/wp-json\/wp\/v2\/posts\/5248","targetHints":{"allow":["GET"]}}],"collection":[{"href":"https:\/\/ardigitalnoticias.com\/index.php\/wp-json\/wp\/v2\/posts"}],"about":[{"href":"https:\/\/ardigitalnoticias.com\/index.php\/wp-json\/wp\/v2\/types\/post"}],"author":[{"embeddable":true,"href":"https:\/\/ardigitalnoticias.com\/index.php\/wp-json\/wp\/v2\/users\/3"}],"replies":[{"embeddable":true,"href":"https:\/\/ardigitalnoticias.com\/index.php\/wp-json\/wp\/v2\/comments?post=5248"}],"version-history":[{"count":1,"href":"https:\/\/ardigitalnoticias.com\/index.php\/wp-json\/wp\/v2\/posts\/5248\/revisions"}],"predecessor-version":[{"id":5254,"href":"https:\/\/ardigitalnoticias.com\/index.php\/wp-json\/wp\/v2\/posts\/5248\/revisions\/5254"}],"wp:featuredmedia":[{"embeddable":true,"href":"https:\/\/ardigitalnoticias.com\/index.php\/wp-json\/wp\/v2\/media\/5253"}],"wp:attachment":[{"href":"https:\/\/ardigitalnoticias.com\/index.php\/wp-json\/wp\/v2\/media?parent=5248"}],"wp:term":[{"taxonomy":"category","embeddable":true,"href":"https:\/\/ardigitalnoticias.com\/index.php\/wp-json\/wp\/v2\/categories?post=5248"},{"taxonomy":"post_tag","embeddable":true,"href":"https:\/\/ardigitalnoticias.com\/index.php\/wp-json\/wp\/v2\/tags?post=5248"}],"curies":[{"name":"wp","href":"https:\/\/api.w.org\/{rel}","templated":true}]}}