{"id":5237,"date":"2024-08-29T06:07:39","date_gmt":"2024-08-29T11:07:39","guid":{"rendered":"https:\/\/ardigitalnoticias.com\/?p=5237"},"modified":"2024-08-29T06:07:40","modified_gmt":"2024-08-29T11:07:40","slug":"capturado-sospechoso-vinculado-con-la-desaparicion-de-kelly-plazas","status":"publish","type":"post","link":"https:\/\/ardigitalnoticias.com\/index.php\/2024\/08\/29\/capturado-sospechoso-vinculado-con-la-desaparicion-de-kelly-plazas\/","title":{"rendered":"CAPTURADO SOSPECHOSO VINCULADO CON LA DESAPARICI\u00d3N DE KELLY PLAZAS"},"content":{"rendered":"\n<p>Alexis Sotelo, presuntamente relacionado con la desaparici\u00f3n de la agente inmobiliaria Kelly Plazas, fue capturado en una finca ubicada en la zona rural del municipio de Yaguar\u00e1.<\/p>\n\n\n\n<p><strong>POR: ANDR\u00c9S RODR\u00cdGUEZ. <\/strong><\/p>\n\n\n<div class=\"wp-block-image\">\n<figure class=\"aligncenter size-large\"><img loading=\"lazy\" decoding=\"async\" width=\"819\" height=\"1024\" src=\"https:\/\/ardigitalnoticias.com\/wp-content\/uploads\/2024\/08\/InShot_20240829_055820505-819x1024.jpg\" alt=\"\" class=\"wp-image-5238\" srcset=\"https:\/\/ardigitalnoticias.com\/wp-content\/uploads\/2024\/08\/InShot_20240829_055820505-819x1024.jpg 819w, https:\/\/ardigitalnoticias.com\/wp-content\/uploads\/2024\/08\/InShot_20240829_055820505-240x300.jpg 240w, https:\/\/ardigitalnoticias.com\/wp-content\/uploads\/2024\/08\/InShot_20240829_055820505-768x961.jpg 768w, https:\/\/ardigitalnoticias.com\/wp-content\/uploads\/2024\/08\/InShot_20240829_055820505-1228x1536.jpg 1228w, https:\/\/ardigitalnoticias.com\/wp-content\/uploads\/2024\/08\/InShot_20240829_055820505-150x188.jpg 150w, https:\/\/ardigitalnoticias.com\/wp-content\/uploads\/2024\/08\/InShot_20240829_055820505-300x375.jpg 300w, https:\/\/ardigitalnoticias.com\/wp-content\/uploads\/2024\/08\/InShot_20240829_055820505-696x871.jpg 696w, https:\/\/ardigitalnoticias.com\/wp-content\/uploads\/2024\/08\/InShot_20240829_055820505-1068x1336.jpg 1068w, https:\/\/ardigitalnoticias.com\/wp-content\/uploads\/2024\/08\/InShot_20240829_055820505.jpg 1535w\" sizes=\"auto, (max-width: 819px) 100vw, 819px\" \/><\/figure>\n<\/div>\n\n\n<p>Sotelo era buscado intensamente por las autoridades, quienes ofrecieron una recompensa de hasta 50 millones de pesos por informaci\u00f3n que condujera a su captura.<\/p>\n\n\n\n<p>La desaparici\u00f3n de Kelly Plazas ocurri\u00f3 en abril en la zona rural de Rivera, Huila. Desde entonces, las investigaciones se centraron en Alexis Sotelo, se\u00f1alado de tener v\u00ednculos directos con el veh\u00edculo Twingo que al parecer se utiliz\u00f3 el d\u00eda del secuestro. Seg\u00fan las autoridades, este autom\u00f3vil jug\u00f3 un papel crucial en el traslado de Kelly el d\u00eda de su desaparici\u00f3n.<\/p>\n\n\n<div class=\"wp-block-image\">\n<figure class=\"aligncenter size-full\"><img loading=\"lazy\" decoding=\"async\" width=\"720\" height=\"900\" src=\"https:\/\/ardigitalnoticias.com\/wp-content\/uploads\/2024\/08\/FB_IMG_1724927142402.jpg\" alt=\"\" class=\"wp-image-5239\" srcset=\"https:\/\/ardigitalnoticias.com\/wp-content\/uploads\/2024\/08\/FB_IMG_1724927142402.jpg 720w, https:\/\/ardigitalnoticias.com\/wp-content\/uploads\/2024\/08\/FB_IMG_1724927142402-240x300.jpg 240w, https:\/\/ardigitalnoticias.com\/wp-content\/uploads\/2024\/08\/FB_IMG_1724927142402-150x188.jpg 150w, https:\/\/ardigitalnoticias.com\/wp-content\/uploads\/2024\/08\/FB_IMG_1724927142402-300x375.jpg 300w, https:\/\/ardigitalnoticias.com\/wp-content\/uploads\/2024\/08\/FB_IMG_1724927142402-696x870.jpg 696w\" sizes=\"auto, (max-width: 720px) 100vw, 720px\" \/><figcaption class=\"wp-element-caption\"><strong>Kelly Plazas<\/strong><\/figcaption><\/figure>\n<\/div>\n\n\n<p>Adem\u00e1s, se presume que el veh\u00edculo podr\u00eda estar enterrado junto al cuerpo de Kelly Plazas, lo que ha intensificado la b\u00fasqueda en las \u00e1reas cercanas a donde se realiz\u00f3 la captura de Sotelo. La captura de este hombre representa un avance significativo en la investigaci\u00f3n del caso, que ha generado gran conmoci\u00f3n en la comunidad.<\/p>\n\n\n\n<p>Las autoridades contin\u00faan trabajando para esclarecer todos los detalles relacionados con este crimen, mientras la familia de Kelly Plazas y la sociedad en general esperan justicia por este lamentable suceso.<\/p>\n","protected":false},"excerpt":{"rendered":"<p>Alexis Sotelo, presuntamente relacionado con la desaparici\u00f3n de la agente inmobiliaria Kelly Plazas, fue capturado en una finca ubicada en la zona rural del municipio de Yaguar\u00e1. POR: ANDR\u00c9S RODR\u00cdGUEZ. Sotelo era buscado intensamente por las autoridades, quienes ofrecieron una recompensa de hasta 50 millones de pesos por informaci\u00f3n que condujera a su captura. La [&hellip;]<\/p>\n","protected":false},"author":3,"featured_media":5240,"comment_status":"open","ping_status":"open","sticky":false,"template":"","format":"standard","meta":{"_acf_changed":false,"_joinchat":[],"footnotes":""},"categories":[1,20,26,19],"tags":[],"class_list":{"0":"post-5237","1":"post","2":"type-post","3":"status-publish","4":"format-standard","5":"has-post-thumbnail","7":"category-actualidad","8":"category-judicial","9":"category-norte","10":"category-regional"},"acf":[],"yoast_head":"<!-- This site is optimized with the Yoast SEO plugin v27.4 - https:\/\/yoast.com\/product\/yoast-seo-wordpress\/ -->\n<title>CAPTURADO SOSPECHOSO VINCULADO CON LA DESAPARICI\u00d3N DE KELLY PLAZAS - AR Digital Noticias<\/title>\n<meta name=\"robots\" content=\"index, follow, max-snippet:-1, max-image-preview:large, max-video-preview:-1\" \/>\n<link rel=\"canonical\" href=\"https:\/\/ardigitalnoticias.com\/index.php\/2024\/08\/29\/capturado-sospechoso-vinculado-con-la-desaparicion-de-kelly-plazas\/\" \/>\n<meta property=\"og:locale\" content=\"es_ES\" \/>\n<meta property=\"og:type\" content=\"article\" \/>\n<meta property=\"og:title\" content=\"CAPTURADO SOSPECHOSO VINCULADO CON LA DESAPARICI\u00d3N DE KELLY PLAZAS - AR Digital Noticias\" \/>\n<meta property=\"og:description\" content=\"Alexis Sotelo, presuntamente relacionado con la desaparici\u00f3n de la agente inmobiliaria Kelly Plazas, fue capturado en una finca ubicada en la zona rural del municipio de Yaguar\u00e1. POR: ANDR\u00c9S RODR\u00cdGUEZ. Sotelo era buscado intensamente por las autoridades, quienes ofrecieron una recompensa de hasta 50 millones de pesos por informaci\u00f3n que condujera a su captura. La [&hellip;]\" \/>\n<meta property=\"og:url\" content=\"https:\/\/ardigitalnoticias.com\/index.php\/2024\/08\/29\/capturado-sospechoso-vinculado-con-la-desaparicion-de-kelly-plazas\/\" \/>\n<meta property=\"og:site_name\" content=\"AR Digital Noticias\" \/>\n<meta property=\"article:published_time\" content=\"2024-08-29T11:07:39+00:00\" \/>\n<meta property=\"article:modified_time\" content=\"2024-08-29T11:07:40+00:00\" \/>\n<meta property=\"og:image\" content=\"https:\/\/ardigitalnoticias.com\/wp-content\/uploads\/2024\/08\/InShot_20240829_060103275-scaled.jpg\" \/>\n\t<meta property=\"og:image:width\" content=\"2560\" \/>\n\t<meta property=\"og:image:height\" content=\"1439\" \/>\n\t<meta property=\"og:image:type\" content=\"image\/jpeg\" \/>\n<meta name=\"author\" content=\"Editor ArDigitalNoticias\" \/>\n<meta name=\"twitter:card\" content=\"summary_large_image\" \/>\n<meta name=\"twitter:label1\" content=\"Escrito por\" \/>\n\t<meta name=\"twitter:data1\" content=\"Editor ArDigitalNoticias\" \/>\n\t<meta name=\"twitter:label2\" content=\"Tiempo de lectura\" \/>\n\t<meta name=\"twitter:data2\" content=\"2 minutos\" \/>\n<script type=\"application\/ld+json\" class=\"yoast-schema-graph\">{\"@context\":\"https:\\\/\\\/schema.org\",\"@graph\":[{\"@type\":\"Article\",\"@id\":\"https:\\\/\\\/ardigitalnoticias.com\\\/index.php\\\/2024\\\/08\\\/29\\\/capturado-sospechoso-vinculado-con-la-desaparicion-de-kelly-plazas\\\/#article\",\"isPartOf\":{\"@id\":\"https:\\\/\\\/ardigitalnoticias.com\\\/index.php\\\/2024\\\/08\\\/29\\\/capturado-sospechoso-vinculado-con-la-desaparicion-de-kelly-plazas\\\/\"},\"author\":{\"name\":\"Editor ArDigitalNoticias\",\"@id\":\"https:\\\/\\\/ardigitalnoticias.com\\\/#\\\/schema\\\/person\\\/759c8138ebc77e85adb1aa750003a751\"},\"headline\":\"CAPTURADO SOSPECHOSO VINCULADO CON LA DESAPARICI\u00d3N DE KELLY PLAZAS\",\"datePublished\":\"2024-08-29T11:07:39+00:00\",\"dateModified\":\"2024-08-29T11:07:40+00:00\",\"mainEntityOfPage\":{\"@id\":\"https:\\\/\\\/ardigitalnoticias.com\\\/index.php\\\/2024\\\/08\\\/29\\\/capturado-sospechoso-vinculado-con-la-desaparicion-de-kelly-plazas\\\/\"},\"wordCount\":231,\"commentCount\":0,\"publisher\":{\"@id\":\"https:\\\/\\\/ardigitalnoticias.com\\\/#organization\"},\"image\":{\"@id\":\"https:\\\/\\\/ardigitalnoticias.com\\\/index.php\\\/2024\\\/08\\\/29\\\/capturado-sospechoso-vinculado-con-la-desaparicion-de-kelly-plazas\\\/#primaryimage\"},\"thumbnailUrl\":\"https:\\\/\\\/ardigitalnoticias.com\\\/wp-content\\\/uploads\\\/2024\\\/08\\\/InShot_20240829_060103275-scaled.jpg\",\"articleSection\":[\"Actualidad\",\"Judicial\",\"Norte\",\"Regional\"],\"inLanguage\":\"es\",\"potentialAction\":[{\"@type\":\"CommentAction\",\"name\":\"Comment\",\"target\":[\"https:\\\/\\\/ardigitalnoticias.com\\\/index.php\\\/2024\\\/08\\\/29\\\/capturado-sospechoso-vinculado-con-la-desaparicion-de-kelly-plazas\\\/#respond\"]}]},{\"@type\":\"WebPage\",\"@id\":\"https:\\\/\\\/ardigitalnoticias.com\\\/index.php\\\/2024\\\/08\\\/29\\\/capturado-sospechoso-vinculado-con-la-desaparicion-de-kelly-plazas\\\/\",\"url\":\"https:\\\/\\\/ardigitalnoticias.com\\\/index.php\\\/2024\\\/08\\\/29\\\/capturado-sospechoso-vinculado-con-la-desaparicion-de-kelly-plazas\\\/\",\"name\":\"CAPTURADO SOSPECHOSO VINCULADO CON LA DESAPARICI\u00d3N DE KELLY PLAZAS - AR Digital Noticias\",\"isPartOf\":{\"@id\":\"https:\\\/\\\/ardigitalnoticias.com\\\/#website\"},\"primaryImageOfPage\":{\"@id\":\"https:\\\/\\\/ardigitalnoticias.com\\\/index.php\\\/2024\\\/08\\\/29\\\/capturado-sospechoso-vinculado-con-la-desaparicion-de-kelly-plazas\\\/#primaryimage\"},\"image\":{\"@id\":\"https:\\\/\\\/ardigitalnoticias.com\\\/index.php\\\/2024\\\/08\\\/29\\\/capturado-sospechoso-vinculado-con-la-desaparicion-de-kelly-plazas\\\/#primaryimage\"},\"thumbnailUrl\":\"https:\\\/\\\/ardigitalnoticias.com\\\/wp-content\\\/uploads\\\/2024\\\/08\\\/InShot_20240829_060103275-scaled.jpg\",\"datePublished\":\"2024-08-29T11:07:39+00:00\",\"dateModified\":\"2024-08-29T11:07:40+00:00\",\"breadcrumb\":{\"@id\":\"https:\\\/\\\/ardigitalnoticias.com\\\/index.php\\\/2024\\\/08\\\/29\\\/capturado-sospechoso-vinculado-con-la-desaparicion-de-kelly-plazas\\\/#breadcrumb\"},\"inLanguage\":\"es\",\"potentialAction\":[{\"@type\":\"ReadAction\",\"target\":[\"https:\\\/\\\/ardigitalnoticias.com\\\/index.php\\\/2024\\\/08\\\/29\\\/capturado-sospechoso-vinculado-con-la-desaparicion-de-kelly-plazas\\\/\"]}]},{\"@type\":\"ImageObject\",\"inLanguage\":\"es\",\"@id\":\"https:\\\/\\\/ardigitalnoticias.com\\\/index.php\\\/2024\\\/08\\\/29\\\/capturado-sospechoso-vinculado-con-la-desaparicion-de-kelly-plazas\\\/#primaryimage\",\"url\":\"https:\\\/\\\/ardigitalnoticias.com\\\/wp-content\\\/uploads\\\/2024\\\/08\\\/InShot_20240829_060103275-scaled.jpg\",\"contentUrl\":\"https:\\\/\\\/ardigitalnoticias.com\\\/wp-content\\\/uploads\\\/2024\\\/08\\\/InShot_20240829_060103275-scaled.jpg\",\"width\":2560,\"height\":1439},{\"@type\":\"BreadcrumbList\",\"@id\":\"https:\\\/\\\/ardigitalnoticias.com\\\/index.php\\\/2024\\\/08\\\/29\\\/capturado-sospechoso-vinculado-con-la-desaparicion-de-kelly-plazas\\\/#breadcrumb\",\"itemListElement\":[{\"@type\":\"ListItem\",\"position\":1,\"name\":\"Portada\",\"item\":\"https:\\\/\\\/ardigitalnoticias.com\\\/\"},{\"@type\":\"ListItem\",\"position\":2,\"name\":\"CAPTURADO SOSPECHOSO VINCULADO CON LA DESAPARICI\u00d3N DE KELLY PLAZAS\"}]},{\"@type\":\"WebSite\",\"@id\":\"https:\\\/\\\/ardigitalnoticias.com\\\/#website\",\"url\":\"https:\\\/\\\/ardigitalnoticias.com\\\/\",\"name\":\"AR Digital Noticias\",\"description\":\"\",\"publisher\":{\"@id\":\"https:\\\/\\\/ardigitalnoticias.com\\\/#organization\"},\"potentialAction\":[{\"@type\":\"SearchAction\",\"target\":{\"@type\":\"EntryPoint\",\"urlTemplate\":\"https:\\\/\\\/ardigitalnoticias.com\\\/?s={search_term_string}\"},\"query-input\":{\"@type\":\"PropertyValueSpecification\",\"valueRequired\":true,\"valueName\":\"search_term_string\"}}],\"inLanguage\":\"es\"},{\"@type\":\"Organization\",\"@id\":\"https:\\\/\\\/ardigitalnoticias.com\\\/#organization\",\"name\":\"AR Digital Noticias\",\"url\":\"https:\\\/\\\/ardigitalnoticias.com\\\/\",\"logo\":{\"@type\":\"ImageObject\",\"inLanguage\":\"es\",\"@id\":\"https:\\\/\\\/ardigitalnoticias.com\\\/#\\\/schema\\\/logo\\\/image\\\/\",\"url\":\"https:\\\/\\\/ardigitalnoticias.com\\\/wp-content\\\/uploads\\\/2023\\\/11\\\/cropped-cropped-cropped-cropped-AR-Digital-Noticias-1.png\",\"contentUrl\":\"https:\\\/\\\/ardigitalnoticias.com\\\/wp-content\\\/uploads\\\/2023\\\/11\\\/cropped-cropped-cropped-cropped-AR-Digital-Noticias-1.png\",\"width\":972,\"height\":306,\"caption\":\"AR Digital Noticias\"},\"image\":{\"@id\":\"https:\\\/\\\/ardigitalnoticias.com\\\/#\\\/schema\\\/logo\\\/image\\\/\"}},{\"@type\":\"Person\",\"@id\":\"https:\\\/\\\/ardigitalnoticias.com\\\/#\\\/schema\\\/person\\\/759c8138ebc77e85adb1aa750003a751\",\"name\":\"Editor ArDigitalNoticias\",\"image\":{\"@type\":\"ImageObject\",\"inLanguage\":\"es\",\"@id\":\"https:\\\/\\\/secure.gravatar.com\\\/avatar\\\/2c7f3656ea34567ef10422f22f4395b6cc422854a0b986ba788597ac36902f93?s=96&d=mm&r=g\",\"url\":\"https:\\\/\\\/secure.gravatar.com\\\/avatar\\\/2c7f3656ea34567ef10422f22f4395b6cc422854a0b986ba788597ac36902f93?s=96&d=mm&r=g\",\"contentUrl\":\"https:\\\/\\\/secure.gravatar.com\\\/avatar\\\/2c7f3656ea34567ef10422f22f4395b6cc422854a0b986ba788597ac36902f93?s=96&d=mm&r=g\",\"caption\":\"Editor ArDigitalNoticias\"},\"sameAs\":[\"http:\\\/\\\/ardigitalnoticias.com\"],\"url\":\"https:\\\/\\\/ardigitalnoticias.com\\\/index.php\\\/author\\\/editor\\\/\"}]}<\/script>\n<!-- \/ Yoast SEO plugin. -->","yoast_head_json":{"title":"CAPTURADO SOSPECHOSO VINCULADO CON LA DESAPARICI\u00d3N DE KELLY PLAZAS - AR Digital Noticias","robots":{"index":"index","follow":"follow","max-snippet":"max-snippet:-1","max-image-preview":"max-image-preview:large","max-video-preview":"max-video-preview:-1"},"canonical":"https:\/\/ardigitalnoticias.com\/index.php\/2024\/08\/29\/capturado-sospechoso-vinculado-con-la-desaparicion-de-kelly-plazas\/","og_locale":"es_ES","og_type":"article","og_title":"CAPTURADO SOSPECHOSO VINCULADO CON LA DESAPARICI\u00d3N DE KELLY PLAZAS - AR Digital Noticias","og_description":"Alexis Sotelo, presuntamente relacionado con la desaparici\u00f3n de la agente inmobiliaria Kelly Plazas, fue capturado en una finca ubicada en la zona rural del municipio de Yaguar\u00e1. POR: ANDR\u00c9S RODR\u00cdGUEZ. Sotelo era buscado intensamente por las autoridades, quienes ofrecieron una recompensa de hasta 50 millones de pesos por informaci\u00f3n que condujera a su captura. La [&hellip;]","og_url":"https:\/\/ardigitalnoticias.com\/index.php\/2024\/08\/29\/capturado-sospechoso-vinculado-con-la-desaparicion-de-kelly-plazas\/","og_site_name":"AR Digital Noticias","article_published_time":"2024-08-29T11:07:39+00:00","article_modified_time":"2024-08-29T11:07:40+00:00","og_image":[{"width":2560,"height":1439,"url":"https:\/\/ardigitalnoticias.com\/wp-content\/uploads\/2024\/08\/InShot_20240829_060103275-scaled.jpg","type":"image\/jpeg"}],"author":"Editor ArDigitalNoticias","twitter_card":"summary_large_image","twitter_misc":{"Escrito por":"Editor ArDigitalNoticias","Tiempo de lectura":"2 minutos"},"schema":{"@context":"https:\/\/schema.org","@graph":[{"@type":"Article","@id":"https:\/\/ardigitalnoticias.com\/index.php\/2024\/08\/29\/capturado-sospechoso-vinculado-con-la-desaparicion-de-kelly-plazas\/#article","isPartOf":{"@id":"https:\/\/ardigitalnoticias.com\/index.php\/2024\/08\/29\/capturado-sospechoso-vinculado-con-la-desaparicion-de-kelly-plazas\/"},"author":{"name":"Editor ArDigitalNoticias","@id":"https:\/\/ardigitalnoticias.com\/#\/schema\/person\/759c8138ebc77e85adb1aa750003a751"},"headline":"CAPTURADO SOSPECHOSO VINCULADO CON LA DESAPARICI\u00d3N DE KELLY PLAZAS","datePublished":"2024-08-29T11:07:39+00:00","dateModified":"2024-08-29T11:07:40+00:00","mainEntityOfPage":{"@id":"https:\/\/ardigitalnoticias.com\/index.php\/2024\/08\/29\/capturado-sospechoso-vinculado-con-la-desaparicion-de-kelly-plazas\/"},"wordCount":231,"commentCount":0,"publisher":{"@id":"https:\/\/ardigitalnoticias.com\/#organization"},"image":{"@id":"https:\/\/ardigitalnoticias.com\/index.php\/2024\/08\/29\/capturado-sospechoso-vinculado-con-la-desaparicion-de-kelly-plazas\/#primaryimage"},"thumbnailUrl":"https:\/\/ardigitalnoticias.com\/wp-content\/uploads\/2024\/08\/InShot_20240829_060103275-scaled.jpg","articleSection":["Actualidad","Judicial","Norte","Regional"],"inLanguage":"es","potentialAction":[{"@type":"CommentAction","name":"Comment","target":["https:\/\/ardigitalnoticias.com\/index.php\/2024\/08\/29\/capturado-sospechoso-vinculado-con-la-desaparicion-de-kelly-plazas\/#respond"]}]},{"@type":"WebPage","@id":"https:\/\/ardigitalnoticias.com\/index.php\/2024\/08\/29\/capturado-sospechoso-vinculado-con-la-desaparicion-de-kelly-plazas\/","url":"https:\/\/ardigitalnoticias.com\/index.php\/2024\/08\/29\/capturado-sospechoso-vinculado-con-la-desaparicion-de-kelly-plazas\/","name":"CAPTURADO SOSPECHOSO VINCULADO CON LA DESAPARICI\u00d3N DE KELLY PLAZAS - AR Digital Noticias","isPartOf":{"@id":"https:\/\/ardigitalnoticias.com\/#website"},"primaryImageOfPage":{"@id":"https:\/\/ardigitalnoticias.com\/index.php\/2024\/08\/29\/capturado-sospechoso-vinculado-con-la-desaparicion-de-kelly-plazas\/#primaryimage"},"image":{"@id":"https:\/\/ardigitalnoticias.com\/index.php\/2024\/08\/29\/capturado-sospechoso-vinculado-con-la-desaparicion-de-kelly-plazas\/#primaryimage"},"thumbnailUrl":"https:\/\/ardigitalnoticias.com\/wp-content\/uploads\/2024\/08\/InShot_20240829_060103275-scaled.jpg","datePublished":"2024-08-29T11:07:39+00:00","dateModified":"2024-08-29T11:07:40+00:00","breadcrumb":{"@id":"https:\/\/ardigitalnoticias.com\/index.php\/2024\/08\/29\/capturado-sospechoso-vinculado-con-la-desaparicion-de-kelly-plazas\/#breadcrumb"},"inLanguage":"es","potentialAction":[{"@type":"ReadAction","target":["https:\/\/ardigitalnoticias.com\/index.php\/2024\/08\/29\/capturado-sospechoso-vinculado-con-la-desaparicion-de-kelly-plazas\/"]}]},{"@type":"ImageObject","inLanguage":"es","@id":"https:\/\/ardigitalnoticias.com\/index.php\/2024\/08\/29\/capturado-sospechoso-vinculado-con-la-desaparicion-de-kelly-plazas\/#primaryimage","url":"https:\/\/ardigitalnoticias.com\/wp-content\/uploads\/2024\/08\/InShot_20240829_060103275-scaled.jpg","contentUrl":"https:\/\/ardigitalnoticias.com\/wp-content\/uploads\/2024\/08\/InShot_20240829_060103275-scaled.jpg","width":2560,"height":1439},{"@type":"BreadcrumbList","@id":"https:\/\/ardigitalnoticias.com\/index.php\/2024\/08\/29\/capturado-sospechoso-vinculado-con-la-desaparicion-de-kelly-plazas\/#breadcrumb","itemListElement":[{"@type":"ListItem","position":1,"name":"Portada","item":"https:\/\/ardigitalnoticias.com\/"},{"@type":"ListItem","position":2,"name":"CAPTURADO SOSPECHOSO VINCULADO CON LA DESAPARICI\u00d3N DE KELLY PLAZAS"}]},{"@type":"WebSite","@id":"https:\/\/ardigitalnoticias.com\/#website","url":"https:\/\/ardigitalnoticias.com\/","name":"AR Digital Noticias","description":"","publisher":{"@id":"https:\/\/ardigitalnoticias.com\/#organization"},"potentialAction":[{"@type":"SearchAction","target":{"@type":"EntryPoint","urlTemplate":"https:\/\/ardigitalnoticias.com\/?s={search_term_string}"},"query-input":{"@type":"PropertyValueSpecification","valueRequired":true,"valueName":"search_term_string"}}],"inLanguage":"es"},{"@type":"Organization","@id":"https:\/\/ardigitalnoticias.com\/#organization","name":"AR Digital Noticias","url":"https:\/\/ardigitalnoticias.com\/","logo":{"@type":"ImageObject","inLanguage":"es","@id":"https:\/\/ardigitalnoticias.com\/#\/schema\/logo\/image\/","url":"https:\/\/ardigitalnoticias.com\/wp-content\/uploads\/2023\/11\/cropped-cropped-cropped-cropped-AR-Digital-Noticias-1.png","contentUrl":"https:\/\/ardigitalnoticias.com\/wp-content\/uploads\/2023\/11\/cropped-cropped-cropped-cropped-AR-Digital-Noticias-1.png","width":972,"height":306,"caption":"AR Digital Noticias"},"image":{"@id":"https:\/\/ardigitalnoticias.com\/#\/schema\/logo\/image\/"}},{"@type":"Person","@id":"https:\/\/ardigitalnoticias.com\/#\/schema\/person\/759c8138ebc77e85adb1aa750003a751","name":"Editor ArDigitalNoticias","image":{"@type":"ImageObject","inLanguage":"es","@id":"https:\/\/secure.gravatar.com\/avatar\/2c7f3656ea34567ef10422f22f4395b6cc422854a0b986ba788597ac36902f93?s=96&d=mm&r=g","url":"https:\/\/secure.gravatar.com\/avatar\/2c7f3656ea34567ef10422f22f4395b6cc422854a0b986ba788597ac36902f93?s=96&d=mm&r=g","contentUrl":"https:\/\/secure.gravatar.com\/avatar\/2c7f3656ea34567ef10422f22f4395b6cc422854a0b986ba788597ac36902f93?s=96&d=mm&r=g","caption":"Editor ArDigitalNoticias"},"sameAs":["http:\/\/ardigitalnoticias.com"],"url":"https:\/\/ardigitalnoticias.com\/index.php\/author\/editor\/"}]}},"_links":{"self":[{"href":"https:\/\/ardigitalnoticias.com\/index.php\/wp-json\/wp\/v2\/posts\/5237","targetHints":{"allow":["GET"]}}],"collection":[{"href":"https:\/\/ardigitalnoticias.com\/index.php\/wp-json\/wp\/v2\/posts"}],"about":[{"href":"https:\/\/ardigitalnoticias.com\/index.php\/wp-json\/wp\/v2\/types\/post"}],"author":[{"embeddable":true,"href":"https:\/\/ardigitalnoticias.com\/index.php\/wp-json\/wp\/v2\/users\/3"}],"replies":[{"embeddable":true,"href":"https:\/\/ardigitalnoticias.com\/index.php\/wp-json\/wp\/v2\/comments?post=5237"}],"version-history":[{"count":1,"href":"https:\/\/ardigitalnoticias.com\/index.php\/wp-json\/wp\/v2\/posts\/5237\/revisions"}],"predecessor-version":[{"id":5241,"href":"https:\/\/ardigitalnoticias.com\/index.php\/wp-json\/wp\/v2\/posts\/5237\/revisions\/5241"}],"wp:featuredmedia":[{"embeddable":true,"href":"https:\/\/ardigitalnoticias.com\/index.php\/wp-json\/wp\/v2\/media\/5240"}],"wp:attachment":[{"href":"https:\/\/ardigitalnoticias.com\/index.php\/wp-json\/wp\/v2\/media?parent=5237"}],"wp:term":[{"taxonomy":"category","embeddable":true,"href":"https:\/\/ardigitalnoticias.com\/index.php\/wp-json\/wp\/v2\/categories?post=5237"},{"taxonomy":"post_tag","embeddable":true,"href":"https:\/\/ardigitalnoticias.com\/index.php\/wp-json\/wp\/v2\/tags?post=5237"}],"curies":[{"name":"wp","href":"https:\/\/api.w.org\/{rel}","templated":true}]}}